{"id":20988,"date":"2025-09-04T07:15:17","date_gmt":"2025-09-04T05:15:17","guid":{"rendered":"https:\/\/www.enzo-und-ferdinand.de\/?p=20988"},"modified":"2025-09-04T07:15:18","modified_gmt":"2025-09-04T05:15:18","slug":"audi-concept-c-zukunft-in-form","status":"publish","type":"post","link":"https:\/\/www.enzo-und-ferdinand.de\/index.php\/2025\/09\/04\/audi-concept-c-zukunft-in-form\/","title":{"rendered":"Audi Concept C: Zukunft in Form"},"content":{"rendered":"\n<figure class=\"wp-block-image size-large\"><img loading=\"lazy\" decoding=\"async\" width=\"810\" height=\"540\" src=\"https:\/\/www.enzo-und-ferdinand.de\/wp-content\/uploads\/2025\/09\/Audi-Concept-C-10-810x540.jpg\" alt=\"Audi Concept C\" class=\"wp-image-20987\" srcset=\"https:\/\/www.enzo-und-ferdinand.de\/wp-content\/uploads\/2025\/09\/Audi-Concept-C-10-810x540.jpg 810w, https:\/\/www.enzo-und-ferdinand.de\/wp-content\/uploads\/2025\/09\/Audi-Concept-C-10-300x200.jpg 300w, https:\/\/www.enzo-und-ferdinand.de\/wp-content\/uploads\/2025\/09\/Audi-Concept-C-10-768x512.jpg 768w, https:\/\/www.enzo-und-ferdinand.de\/wp-content\/uploads\/2025\/09\/Audi-Concept-C-10-120x80.jpg 120w, https:\/\/www.enzo-und-ferdinand.de\/wp-content\/uploads\/2025\/09\/Audi-Concept-C-10.jpg 1500w\" sizes=\"auto, (max-width: 810px) 100vw, 810px\" \/><\/figure>\n\n\n\n<p class=\"wp-block-paragraph\">Mit der Studie gibt Audi einen Ausblick auf die kommende Designsprache der Marke und verbindet sportliche Proportionen mit technischer Pr\u00e4zision. Der vollelektrische Zweisitzer greift die Idee eines minimalistischen, klaren Sportwagens auf, der Form und Funktion konsequent vereint. Zentraler Bestandteil der Architektur ist das Batterielayout, das tief im Fahrzeugboden integriert ist. Diese Positionierung senkt die Gesamth\u00f6he, verbessert die Stra\u00dfenlage und verschiebt die Kabine nach hinten \u2013 ein klassisches Sportwagenmerkmal, das Dynamik bereits im Stand vermittelt. Markant ist das elektrisch versenkbare Hardtop, das Cabrio-Gef\u00fchl mit der optischen Geschlossenheit eines Coup\u00e9s verbindet.&nbsp;<\/p>\n\n\n\n<figure class=\"wp-block-image size-large\"><img loading=\"lazy\" decoding=\"async\" width=\"810\" height=\"540\" src=\"https:\/\/www.enzo-und-ferdinand.de\/wp-content\/uploads\/2025\/09\/Audi-Concept-C-8-810x540.jpg\" alt=\"Audi Concept C\" class=\"wp-image-20986\" srcset=\"https:\/\/www.enzo-und-ferdinand.de\/wp-content\/uploads\/2025\/09\/Audi-Concept-C-8-810x540.jpg 810w, https:\/\/www.enzo-und-ferdinand.de\/wp-content\/uploads\/2025\/09\/Audi-Concept-C-8-300x200.jpg 300w, https:\/\/www.enzo-und-ferdinand.de\/wp-content\/uploads\/2025\/09\/Audi-Concept-C-8-768x512.jpg 768w, https:\/\/www.enzo-und-ferdinand.de\/wp-content\/uploads\/2025\/09\/Audi-Concept-C-8-120x80.jpg 120w, https:\/\/www.enzo-und-ferdinand.de\/wp-content\/uploads\/2025\/09\/Audi-Concept-C-8.jpg 1500w\" sizes=\"auto, (max-width: 810px) 100vw, 810px\" \/><\/figure>\n\n\n\n<p class=\"wp-block-paragraph\">Zwei bewegliche Elemente f\u00fcgen sich nahtlos in die Karosserie ein und schaffen so ein stimmiges Gesamtbild. Der aufrechte, vertikale Frontrahmen bildet das neue Gesicht des Fahrzeugs. Inspiriert von historischen Modellen wie dem Auto Union Typ C und dem Audi A6 der dritten Generation, \u00fcbersetzt er Tradition in eine moderne, technische Formsprache. Unterst\u00fctzt wird dieser Auftritt von einer durchgehenden Schulterlinie, die Stabilit\u00e4t und Pr\u00e4senz betont. Im Heck sorgen horizontale Lamellen und klare Kanten f\u00fcr eine technische, reduzierte Anmutung. Ein zentrales Gestaltungselement ist die neue Lichtsignatur: vier horizontale Lichtleisten, sowohl vorn als auch hinten integriert, sollen k\u00fcnftig als wiedererkennbares Markenzeichen aller Audi-Modelle dienen.&nbsp;<\/p>\n\n\n\n<figure class=\"wp-block-image size-large\"><img loading=\"lazy\" decoding=\"async\" width=\"810\" height=\"540\" src=\"https:\/\/www.enzo-und-ferdinand.de\/wp-content\/uploads\/2025\/09\/Audi-Concept-C-7-810x540.jpg\" alt=\"Audi Concept C\" class=\"wp-image-20985\" srcset=\"https:\/\/www.enzo-und-ferdinand.de\/wp-content\/uploads\/2025\/09\/Audi-Concept-C-7-810x540.jpg 810w, https:\/\/www.enzo-und-ferdinand.de\/wp-content\/uploads\/2025\/09\/Audi-Concept-C-7-300x200.jpg 300w, https:\/\/www.enzo-und-ferdinand.de\/wp-content\/uploads\/2025\/09\/Audi-Concept-C-7-768x512.jpg 768w, https:\/\/www.enzo-und-ferdinand.de\/wp-content\/uploads\/2025\/09\/Audi-Concept-C-7-120x80.jpg 120w, https:\/\/www.enzo-und-ferdinand.de\/wp-content\/uploads\/2025\/09\/Audi-Concept-C-7.jpg 1500w\" sizes=\"auto, (max-width: 810px) 100vw, 810px\" \/><\/figure>\n\n\n\n<p class=\"wp-block-paragraph\">Im Innenraum setzt sich die Philosophie der Einfachheit fort. Breite Fl\u00e4chen, wenige, aber hochwertige Materialien und pr\u00e4zise Bedienelemente aus eloxiertem Aluminium schaffen eine Atmosph\u00e4re, die von Ruhe und technischer Genauigkeit gepr\u00e4gt ist. Das Lenkrad bleibt traditionell rund, erg\u00e4nzt durch feine Metalldetails. Farblich orientiert sich das Interieur am Titan-Finish der Au\u00dfenhaut, wodurch eine klare Ton-in-Ton-Harmonie entsteht. Technologie tritt bewusst in den Hintergrund: Ein 10,4-Zoll-Display f\u00e4hrt nur bei Bedarf aus und bleibt ansonsten verborgen. Haptische Schalter am Lenkrad und in der Mittelkonsole runden das Bedienkonzept ab. Der Audi Concept C ist damit mehr als eine Designstudie \u2013 er ist eine Blaupause f\u00fcr die n\u00e4chste Generation elektrischer Sportwagen der Marke, die Einfachheit, Funktionalit\u00e4t und Pr\u00e4zision in den Mittelpunkt stellt.<\/p>\n\n\n\n<figure class=\"wp-block-gallery has-nested-images columns-2 is-cropped wp-block-gallery-1 is-layout-flex wp-block-gallery-is-layout-flex\">\n<figure class=\"wp-block-image size-large\"><img loading=\"lazy\" decoding=\"async\" width=\"810\" height=\"540\" data-id=\"20983\" src=\"https:\/\/www.enzo-und-ferdinand.de\/wp-content\/uploads\/2025\/09\/Audi-Concept-C-5-810x540.jpg\" alt=\"Audi Concept C\" class=\"wp-image-20983\" srcset=\"https:\/\/www.enzo-und-ferdinand.de\/wp-content\/uploads\/2025\/09\/Audi-Concept-C-5-810x540.jpg 810w, https:\/\/www.enzo-und-ferdinand.de\/wp-content\/uploads\/2025\/09\/Audi-Concept-C-5-300x200.jpg 300w, https:\/\/www.enzo-und-ferdinand.de\/wp-content\/uploads\/2025\/09\/Audi-Concept-C-5-768x512.jpg 768w, https:\/\/www.enzo-und-ferdinand.de\/wp-content\/uploads\/2025\/09\/Audi-Concept-C-5-120x80.jpg 120w, https:\/\/www.enzo-und-ferdinand.de\/wp-content\/uploads\/2025\/09\/Audi-Concept-C-5.jpg 1500w\" sizes=\"auto, (max-width: 810px) 100vw, 810px\" \/><\/figure>\n\n\n\n<figure class=\"wp-block-image size-large\"><img loading=\"lazy\" decoding=\"async\" width=\"810\" height=\"540\" data-id=\"20982\" src=\"https:\/\/www.enzo-und-ferdinand.de\/wp-content\/uploads\/2025\/09\/Audi-Concept-C-4-810x540.jpg\" alt=\"Audi Concept C\" class=\"wp-image-20982\" srcset=\"https:\/\/www.enzo-und-ferdinand.de\/wp-content\/uploads\/2025\/09\/Audi-Concept-C-4-810x540.jpg 810w, https:\/\/www.enzo-und-ferdinand.de\/wp-content\/uploads\/2025\/09\/Audi-Concept-C-4-300x200.jpg 300w, https:\/\/www.enzo-und-ferdinand.de\/wp-content\/uploads\/2025\/09\/Audi-Concept-C-4-768x512.jpg 768w, https:\/\/www.enzo-und-ferdinand.de\/wp-content\/uploads\/2025\/09\/Audi-Concept-C-4-120x80.jpg 120w, https:\/\/www.enzo-und-ferdinand.de\/wp-content\/uploads\/2025\/09\/Audi-Concept-C-4.jpg 1500w\" sizes=\"auto, (max-width: 810px) 100vw, 810px\" \/><\/figure>\n\n\n\n<figure class=\"wp-block-image size-large\"><img loading=\"lazy\" decoding=\"async\" width=\"810\" height=\"447\" data-id=\"20981\" src=\"https:\/\/www.enzo-und-ferdinand.de\/wp-content\/uploads\/2025\/09\/Audi-Concept-C-3-810x447.jpg\" alt=\"Audi Concept C\" class=\"wp-image-20981\" srcset=\"https:\/\/www.enzo-und-ferdinand.de\/wp-content\/uploads\/2025\/09\/Audi-Concept-C-3-810x447.jpg 810w, https:\/\/www.enzo-und-ferdinand.de\/wp-content\/uploads\/2025\/09\/Audi-Concept-C-3-300x166.jpg 300w, https:\/\/www.enzo-und-ferdinand.de\/wp-content\/uploads\/2025\/09\/Audi-Concept-C-3-768x424.jpg 768w, https:\/\/www.enzo-und-ferdinand.de\/wp-content\/uploads\/2025\/09\/Audi-Concept-C-3.jpg 1500w\" sizes=\"auto, (max-width: 810px) 100vw, 810px\" \/><\/figure>\n<\/figure>\n\n\n\n<p class=\"has-text-align-right has-small-font-size wp-block-paragraph\">Fotos: Audi\/Text: Rainer Ro\u00dfbach<\/p>\n","protected":false},"excerpt":{"rendered":"<p>Mit der Studie gibt Audi einen Ausblick auf die kommende Designsprache der Marke und verbindet sportliche Proportionen mit technischer Pr\u00e4zision. Der vollelektrische Zweisitzer greift die Idee eines minimalistischen, klaren Sportwagens auf, der Form und Funktion konsequent vereint. Zentraler Bestandteil der Architektur ist das Batterielayout, das tief im Fahrzeugboden integriert ist. Diese Positionierung senkt die Gesamth\u00f6he, verbessert die Stra\u00dfenlage und verschiebt die Kabine nach hinten \u2013 ein klassisches Sportwagenmerkmal, das Dynamik bereits im Stand vermittelt. Markant ist das elektrisch versenkbare Hardtop, das Cabrio-Gef\u00fchl mit der optischen Geschlossenheit eines Coup\u00e9s verbindet.\u00a0<\/p>\n","protected":false},"author":1,"featured_media":20984,"comment_status":"closed","ping_status":"open","sticky":false,"template":"","format":"standard","meta":{"_crdt_document":"","ngg_post_thumbnail":0,"footnotes":""},"categories":[681,4,586],"tags":[255],"class_list":["post-20988","post","type-post","status-publish","format-standard","has-post-thumbnail","hentry","category-elektro","category-studien","category-technologie","tag-audi"],"yoast_head":"<!-- This site is optimized with the Yoast SEO plugin v27.5 - https:\/\/yoast.com\/product\/yoast-seo-wordpress\/ -->\n<title>Audi Concept C: Zukunft in Form<\/title>\n<meta name=\"description\" content=\"Rainer Ro\u00dfbach Rainer Rossbach enzo-und-ferdinand enzo&amp;ferdinand Enzo Audi Concept C Audi Elektro-Sportwagen Audi Roadster Studie Audi Design Zukunft Audi Lichtsignatur Audi Hardtop Cabrio Audi Concept Car Audi Minimalismus Interieur Auto Union Typ C Inspiration Audi Elektromobilit\u00e4t\" \/>\n<meta name=\"robots\" content=\"index, follow, max-snippet:-1, max-image-preview:large, max-video-preview:-1\" \/>\n<link rel=\"canonical\" href=\"https:\/\/www.enzo-und-ferdinand.de\/index.php\/2025\/09\/04\/audi-concept-c-zukunft-in-form\/\" \/>\n<meta property=\"og:locale\" content=\"de_DE\" \/>\n<meta property=\"og:type\" content=\"article\" \/>\n<meta property=\"og:title\" content=\"Audi Concept C: Zukunft in Form\" \/>\n<meta property=\"og:description\" content=\"Rainer Ro\u00dfbach Rainer Rossbach enzo-und-ferdinand enzo&amp;ferdinand Enzo Audi Concept C Audi Elektro-Sportwagen Audi Roadster Studie Audi Design Zukunft Audi Lichtsignatur Audi Hardtop Cabrio Audi Concept Car Audi Minimalismus Interieur Auto Union Typ C Inspiration Audi Elektromobilit\u00e4t\" \/>\n<meta property=\"og:url\" content=\"https:\/\/www.enzo-und-ferdinand.de\/index.php\/2025\/09\/04\/audi-concept-c-zukunft-in-form\/\" \/>\n<meta property=\"og:site_name\" content=\"enzo &amp; Ferdinand\" \/>\n<meta property=\"article:published_time\" content=\"2025-09-04T05:15:17+00:00\" \/>\n<meta property=\"article:modified_time\" content=\"2025-09-04T05:15:18+00:00\" \/>\n<meta property=\"og:image\" content=\"https:\/\/www.enzo-und-ferdinand.de\/wp-content\/uploads\/2025\/09\/Audi-Concept-C-6.jpg\" \/>\n\t<meta property=\"og:image:width\" content=\"1500\" \/>\n\t<meta property=\"og:image:height\" content=\"1000\" \/>\n\t<meta property=\"og:image:type\" content=\"image\/jpeg\" \/>\n<meta name=\"author\" content=\"Rainer Ro\u00dfbach\" \/>\n<meta name=\"twitter:card\" content=\"summary_large_image\" \/>\n<meta name=\"twitter:label1\" content=\"Verfasst von\" \/>\n\t<meta name=\"twitter:data1\" content=\"Rainer Ro\u00dfbach\" \/>\n\t<meta name=\"twitter:label2\" content=\"Gesch\u00e4tzte Lesezeit\" \/>\n\t<meta name=\"twitter:data2\" content=\"2\u00a0Minuten\" \/>\n<script type=\"application\/ld+json\" class=\"yoast-schema-graph\">{\"@context\":\"https:\\\/\\\/schema.org\",\"@graph\":[{\"@type\":\"Article\",\"@id\":\"https:\\\/\\\/www.enzo-und-ferdinand.de\\\/index.php\\\/2025\\\/09\\\/04\\\/audi-concept-c-zukunft-in-form\\\/#article\",\"isPartOf\":{\"@id\":\"https:\\\/\\\/www.enzo-und-ferdinand.de\\\/index.php\\\/2025\\\/09\\\/04\\\/audi-concept-c-zukunft-in-form\\\/\"},\"author\":{\"name\":\"Rainer Ro\u00dfbach\",\"@id\":\"https:\\\/\\\/www.enzo-und-ferdinand.de\\\/#\\\/schema\\\/person\\\/aff2eb9ff87705987c1b9d21fe10b095\"},\"headline\":\"Audi Concept C: Zukunft in Form\",\"datePublished\":\"2025-09-04T05:15:17+00:00\",\"dateModified\":\"2025-09-04T05:15:18+00:00\",\"mainEntityOfPage\":{\"@id\":\"https:\\\/\\\/www.enzo-und-ferdinand.de\\\/index.php\\\/2025\\\/09\\\/04\\\/audi-concept-c-zukunft-in-form\\\/\"},\"wordCount\":340,\"publisher\":{\"@id\":\"https:\\\/\\\/www.enzo-und-ferdinand.de\\\/#organization\"},\"image\":{\"@id\":\"https:\\\/\\\/www.enzo-und-ferdinand.de\\\/index.php\\\/2025\\\/09\\\/04\\\/audi-concept-c-zukunft-in-form\\\/#primaryimage\"},\"thumbnailUrl\":\"https:\\\/\\\/www.enzo-und-ferdinand.de\\\/wp-content\\\/uploads\\\/2025\\\/09\\\/Audi-Concept-C-6.jpg\",\"keywords\":[\"Audi\"],\"articleSection\":[\"Elektro\",\"Studien\",\"Technologie\"],\"inLanguage\":\"de\"},{\"@type\":\"WebPage\",\"@id\":\"https:\\\/\\\/www.enzo-und-ferdinand.de\\\/index.php\\\/2025\\\/09\\\/04\\\/audi-concept-c-zukunft-in-form\\\/\",\"url\":\"https:\\\/\\\/www.enzo-und-ferdinand.de\\\/index.php\\\/2025\\\/09\\\/04\\\/audi-concept-c-zukunft-in-form\\\/\",\"name\":\"Audi Concept C: Zukunft in Form\",\"isPartOf\":{\"@id\":\"https:\\\/\\\/www.enzo-und-ferdinand.de\\\/#website\"},\"primaryImageOfPage\":{\"@id\":\"https:\\\/\\\/www.enzo-und-ferdinand.de\\\/index.php\\\/2025\\\/09\\\/04\\\/audi-concept-c-zukunft-in-form\\\/#primaryimage\"},\"image\":{\"@id\":\"https:\\\/\\\/www.enzo-und-ferdinand.de\\\/index.php\\\/2025\\\/09\\\/04\\\/audi-concept-c-zukunft-in-form\\\/#primaryimage\"},\"thumbnailUrl\":\"https:\\\/\\\/www.enzo-und-ferdinand.de\\\/wp-content\\\/uploads\\\/2025\\\/09\\\/Audi-Concept-C-6.jpg\",\"datePublished\":\"2025-09-04T05:15:17+00:00\",\"dateModified\":\"2025-09-04T05:15:18+00:00\",\"description\":\"Rainer Ro\u00dfbach Rainer Rossbach enzo-und-ferdinand enzo&ferdinand Enzo Audi Concept C Audi Elektro-Sportwagen Audi Roadster Studie Audi Design Zukunft Audi Lichtsignatur Audi Hardtop Cabrio Audi Concept Car Audi Minimalismus Interieur Auto Union Typ C Inspiration Audi Elektromobilit\u00e4t\",\"breadcrumb\":{\"@id\":\"https:\\\/\\\/www.enzo-und-ferdinand.de\\\/index.php\\\/2025\\\/09\\\/04\\\/audi-concept-c-zukunft-in-form\\\/#breadcrumb\"},\"inLanguage\":\"de\",\"potentialAction\":[{\"@type\":\"ReadAction\",\"target\":[\"https:\\\/\\\/www.enzo-und-ferdinand.de\\\/index.php\\\/2025\\\/09\\\/04\\\/audi-concept-c-zukunft-in-form\\\/\"]}]},{\"@type\":\"ImageObject\",\"inLanguage\":\"de\",\"@id\":\"https:\\\/\\\/www.enzo-und-ferdinand.de\\\/index.php\\\/2025\\\/09\\\/04\\\/audi-concept-c-zukunft-in-form\\\/#primaryimage\",\"url\":\"https:\\\/\\\/www.enzo-und-ferdinand.de\\\/wp-content\\\/uploads\\\/2025\\\/09\\\/Audi-Concept-C-6.jpg\",\"contentUrl\":\"https:\\\/\\\/www.enzo-und-ferdinand.de\\\/wp-content\\\/uploads\\\/2025\\\/09\\\/Audi-Concept-C-6.jpg\",\"width\":1500,\"height\":1000,\"caption\":\"Audi Concept C\"},{\"@type\":\"BreadcrumbList\",\"@id\":\"https:\\\/\\\/www.enzo-und-ferdinand.de\\\/index.php\\\/2025\\\/09\\\/04\\\/audi-concept-c-zukunft-in-form\\\/#breadcrumb\",\"itemListElement\":[{\"@type\":\"ListItem\",\"position\":1,\"name\":\"Startseite\",\"item\":\"https:\\\/\\\/www.enzo-und-ferdinand.de\\\/\"},{\"@type\":\"ListItem\",\"position\":2,\"name\":\"Audi Concept C: Zukunft in Form\"}]},{\"@type\":\"WebSite\",\"@id\":\"https:\\\/\\\/www.enzo-und-ferdinand.de\\\/#website\",\"url\":\"https:\\\/\\\/www.enzo-und-ferdinand.de\\\/\",\"name\":\"enzo & Ferdinand\",\"description\":\"\",\"publisher\":{\"@id\":\"https:\\\/\\\/www.enzo-und-ferdinand.de\\\/#organization\"},\"potentialAction\":[{\"@type\":\"SearchAction\",\"target\":{\"@type\":\"EntryPoint\",\"urlTemplate\":\"https:\\\/\\\/www.enzo-und-ferdinand.de\\\/?s={search_term_string}\"},\"query-input\":{\"@type\":\"PropertyValueSpecification\",\"valueRequired\":true,\"valueName\":\"search_term_string\"}}],\"inLanguage\":\"de\"},{\"@type\":\"Organization\",\"@id\":\"https:\\\/\\\/www.enzo-und-ferdinand.de\\\/#organization\",\"name\":\"enzo & Ferdinand\",\"url\":\"https:\\\/\\\/www.enzo-und-ferdinand.de\\\/\",\"logo\":{\"@type\":\"ImageObject\",\"inLanguage\":\"de\",\"@id\":\"https:\\\/\\\/www.enzo-und-ferdinand.de\\\/#\\\/schema\\\/logo\\\/image\\\/\",\"url\":\"https:\\\/\\\/www.enzo-und-ferdinand.de\\\/wp-content\\\/uploads\\\/2018\\\/12\\\/revvvs-icon.png\",\"contentUrl\":\"https:\\\/\\\/www.enzo-und-ferdinand.de\\\/wp-content\\\/uploads\\\/2018\\\/12\\\/revvvs-icon.png\",\"width\":512,\"height\":512,\"caption\":\"enzo & Ferdinand\"},\"image\":{\"@id\":\"https:\\\/\\\/www.enzo-und-ferdinand.de\\\/#\\\/schema\\\/logo\\\/image\\\/\"}},{\"@type\":\"Person\",\"@id\":\"https:\\\/\\\/www.enzo-und-ferdinand.de\\\/#\\\/schema\\\/person\\\/aff2eb9ff87705987c1b9d21fe10b095\",\"name\":\"Rainer Ro\u00dfbach\",\"image\":{\"@type\":\"ImageObject\",\"inLanguage\":\"de\",\"@id\":\"https:\\\/\\\/www.enzo-und-ferdinand.de\\\/wp-content\\\/uploads\\\/2026\\\/01\\\/Rainer-Rossbach-150x150.jpg\",\"url\":\"https:\\\/\\\/www.enzo-und-ferdinand.de\\\/wp-content\\\/uploads\\\/2026\\\/01\\\/Rainer-Rossbach-150x150.jpg\",\"contentUrl\":\"https:\\\/\\\/www.enzo-und-ferdinand.de\\\/wp-content\\\/uploads\\\/2026\\\/01\\\/Rainer-Rossbach-150x150.jpg\",\"caption\":\"Rainer Ro\u00dfbach\"},\"url\":\"https:\\\/\\\/www.enzo-und-ferdinand.de\\\/index.php\\\/author\\\/redaktion\\\/\"}]}<\/script>\n<!-- \/ Yoast SEO plugin. -->","yoast_head_json":{"title":"Audi Concept C: Zukunft in Form","description":"Rainer Ro\u00dfbach Rainer Rossbach enzo-und-ferdinand enzo&ferdinand Enzo Audi Concept C Audi Elektro-Sportwagen Audi Roadster Studie Audi Design Zukunft Audi Lichtsignatur Audi Hardtop Cabrio Audi Concept Car Audi Minimalismus Interieur Auto Union Typ C Inspiration Audi Elektromobilit\u00e4t","robots":{"index":"index","follow":"follow","max-snippet":"max-snippet:-1","max-image-preview":"max-image-preview:large","max-video-preview":"max-video-preview:-1"},"canonical":"https:\/\/www.enzo-und-ferdinand.de\/index.php\/2025\/09\/04\/audi-concept-c-zukunft-in-form\/","og_locale":"de_DE","og_type":"article","og_title":"Audi Concept C: Zukunft in Form","og_description":"Rainer Ro\u00dfbach Rainer Rossbach enzo-und-ferdinand enzo&ferdinand Enzo Audi Concept C Audi Elektro-Sportwagen Audi Roadster Studie Audi Design Zukunft Audi Lichtsignatur Audi Hardtop Cabrio Audi Concept Car Audi Minimalismus Interieur Auto Union Typ C Inspiration Audi Elektromobilit\u00e4t","og_url":"https:\/\/www.enzo-und-ferdinand.de\/index.php\/2025\/09\/04\/audi-concept-c-zukunft-in-form\/","og_site_name":"enzo &amp; Ferdinand","article_published_time":"2025-09-04T05:15:17+00:00","article_modified_time":"2025-09-04T05:15:18+00:00","og_image":[{"width":1500,"height":1000,"url":"https:\/\/www.enzo-und-ferdinand.de\/wp-content\/uploads\/2025\/09\/Audi-Concept-C-6.jpg","type":"image\/jpeg"}],"author":"Rainer Ro\u00dfbach","twitter_card":"summary_large_image","twitter_misc":{"Verfasst von":"Rainer Ro\u00dfbach","Gesch\u00e4tzte Lesezeit":"2\u00a0Minuten"},"schema":{"@context":"https:\/\/schema.org","@graph":[{"@type":"Article","@id":"https:\/\/www.enzo-und-ferdinand.de\/index.php\/2025\/09\/04\/audi-concept-c-zukunft-in-form\/#article","isPartOf":{"@id":"https:\/\/www.enzo-und-ferdinand.de\/index.php\/2025\/09\/04\/audi-concept-c-zukunft-in-form\/"},"author":{"name":"Rainer Ro\u00dfbach","@id":"https:\/\/www.enzo-und-ferdinand.de\/#\/schema\/person\/aff2eb9ff87705987c1b9d21fe10b095"},"headline":"Audi Concept C: Zukunft in Form","datePublished":"2025-09-04T05:15:17+00:00","dateModified":"2025-09-04T05:15:18+00:00","mainEntityOfPage":{"@id":"https:\/\/www.enzo-und-ferdinand.de\/index.php\/2025\/09\/04\/audi-concept-c-zukunft-in-form\/"},"wordCount":340,"publisher":{"@id":"https:\/\/www.enzo-und-ferdinand.de\/#organization"},"image":{"@id":"https:\/\/www.enzo-und-ferdinand.de\/index.php\/2025\/09\/04\/audi-concept-c-zukunft-in-form\/#primaryimage"},"thumbnailUrl":"https:\/\/www.enzo-und-ferdinand.de\/wp-content\/uploads\/2025\/09\/Audi-Concept-C-6.jpg","keywords":["Audi"],"articleSection":["Elektro","Studien","Technologie"],"inLanguage":"de"},{"@type":"WebPage","@id":"https:\/\/www.enzo-und-ferdinand.de\/index.php\/2025\/09\/04\/audi-concept-c-zukunft-in-form\/","url":"https:\/\/www.enzo-und-ferdinand.de\/index.php\/2025\/09\/04\/audi-concept-c-zukunft-in-form\/","name":"Audi Concept C: Zukunft in Form","isPartOf":{"@id":"https:\/\/www.enzo-und-ferdinand.de\/#website"},"primaryImageOfPage":{"@id":"https:\/\/www.enzo-und-ferdinand.de\/index.php\/2025\/09\/04\/audi-concept-c-zukunft-in-form\/#primaryimage"},"image":{"@id":"https:\/\/www.enzo-und-ferdinand.de\/index.php\/2025\/09\/04\/audi-concept-c-zukunft-in-form\/#primaryimage"},"thumbnailUrl":"https:\/\/www.enzo-und-ferdinand.de\/wp-content\/uploads\/2025\/09\/Audi-Concept-C-6.jpg","datePublished":"2025-09-04T05:15:17+00:00","dateModified":"2025-09-04T05:15:18+00:00","description":"Rainer Ro\u00dfbach Rainer Rossbach enzo-und-ferdinand enzo&ferdinand Enzo Audi Concept C Audi Elektro-Sportwagen Audi Roadster Studie Audi Design Zukunft Audi Lichtsignatur Audi Hardtop Cabrio Audi Concept Car Audi Minimalismus Interieur Auto Union Typ C Inspiration Audi Elektromobilit\u00e4t","breadcrumb":{"@id":"https:\/\/www.enzo-und-ferdinand.de\/index.php\/2025\/09\/04\/audi-concept-c-zukunft-in-form\/#breadcrumb"},"inLanguage":"de","potentialAction":[{"@type":"ReadAction","target":["https:\/\/www.enzo-und-ferdinand.de\/index.php\/2025\/09\/04\/audi-concept-c-zukunft-in-form\/"]}]},{"@type":"ImageObject","inLanguage":"de","@id":"https:\/\/www.enzo-und-ferdinand.de\/index.php\/2025\/09\/04\/audi-concept-c-zukunft-in-form\/#primaryimage","url":"https:\/\/www.enzo-und-ferdinand.de\/wp-content\/uploads\/2025\/09\/Audi-Concept-C-6.jpg","contentUrl":"https:\/\/www.enzo-und-ferdinand.de\/wp-content\/uploads\/2025\/09\/Audi-Concept-C-6.jpg","width":1500,"height":1000,"caption":"Audi Concept C"},{"@type":"BreadcrumbList","@id":"https:\/\/www.enzo-und-ferdinand.de\/index.php\/2025\/09\/04\/audi-concept-c-zukunft-in-form\/#breadcrumb","itemListElement":[{"@type":"ListItem","position":1,"name":"Startseite","item":"https:\/\/www.enzo-und-ferdinand.de\/"},{"@type":"ListItem","position":2,"name":"Audi Concept C: Zukunft in Form"}]},{"@type":"WebSite","@id":"https:\/\/www.enzo-und-ferdinand.de\/#website","url":"https:\/\/www.enzo-und-ferdinand.de\/","name":"enzo & Ferdinand","description":"","publisher":{"@id":"https:\/\/www.enzo-und-ferdinand.de\/#organization"},"potentialAction":[{"@type":"SearchAction","target":{"@type":"EntryPoint","urlTemplate":"https:\/\/www.enzo-und-ferdinand.de\/?s={search_term_string}"},"query-input":{"@type":"PropertyValueSpecification","valueRequired":true,"valueName":"search_term_string"}}],"inLanguage":"de"},{"@type":"Organization","@id":"https:\/\/www.enzo-und-ferdinand.de\/#organization","name":"enzo & Ferdinand","url":"https:\/\/www.enzo-und-ferdinand.de\/","logo":{"@type":"ImageObject","inLanguage":"de","@id":"https:\/\/www.enzo-und-ferdinand.de\/#\/schema\/logo\/image\/","url":"https:\/\/www.enzo-und-ferdinand.de\/wp-content\/uploads\/2018\/12\/revvvs-icon.png","contentUrl":"https:\/\/www.enzo-und-ferdinand.de\/wp-content\/uploads\/2018\/12\/revvvs-icon.png","width":512,"height":512,"caption":"enzo & Ferdinand"},"image":{"@id":"https:\/\/www.enzo-und-ferdinand.de\/#\/schema\/logo\/image\/"}},{"@type":"Person","@id":"https:\/\/www.enzo-und-ferdinand.de\/#\/schema\/person\/aff2eb9ff87705987c1b9d21fe10b095","name":"Rainer Ro\u00dfbach","image":{"@type":"ImageObject","inLanguage":"de","@id":"https:\/\/www.enzo-und-ferdinand.de\/wp-content\/uploads\/2026\/01\/Rainer-Rossbach-150x150.jpg","url":"https:\/\/www.enzo-und-ferdinand.de\/wp-content\/uploads\/2026\/01\/Rainer-Rossbach-150x150.jpg","contentUrl":"https:\/\/www.enzo-und-ferdinand.de\/wp-content\/uploads\/2026\/01\/Rainer-Rossbach-150x150.jpg","caption":"Rainer Ro\u00dfbach"},"url":"https:\/\/www.enzo-und-ferdinand.de\/index.php\/author\/redaktion\/"}]}},"_links":{"self":[{"href":"https:\/\/www.enzo-und-ferdinand.de\/index.php\/wp-json\/wp\/v2\/posts\/20988","targetHints":{"allow":["GET"]}}],"collection":[{"href":"https:\/\/www.enzo-und-ferdinand.de\/index.php\/wp-json\/wp\/v2\/posts"}],"about":[{"href":"https:\/\/www.enzo-und-ferdinand.de\/index.php\/wp-json\/wp\/v2\/types\/post"}],"author":[{"embeddable":true,"href":"https:\/\/www.enzo-und-ferdinand.de\/index.php\/wp-json\/wp\/v2\/users\/1"}],"replies":[{"embeddable":true,"href":"https:\/\/www.enzo-und-ferdinand.de\/index.php\/wp-json\/wp\/v2\/comments?post=20988"}],"version-history":[{"count":1,"href":"https:\/\/www.enzo-und-ferdinand.de\/index.php\/wp-json\/wp\/v2\/posts\/20988\/revisions"}],"predecessor-version":[{"id":20989,"href":"https:\/\/www.enzo-und-ferdinand.de\/index.php\/wp-json\/wp\/v2\/posts\/20988\/revisions\/20989"}],"wp:featuredmedia":[{"embeddable":true,"href":"https:\/\/www.enzo-und-ferdinand.de\/index.php\/wp-json\/wp\/v2\/media\/20984"}],"wp:attachment":[{"href":"https:\/\/www.enzo-und-ferdinand.de\/index.php\/wp-json\/wp\/v2\/media?parent=20988"}],"wp:term":[{"taxonomy":"category","embeddable":true,"href":"https:\/\/www.enzo-und-ferdinand.de\/index.php\/wp-json\/wp\/v2\/categories?post=20988"},{"taxonomy":"post_tag","embeddable":true,"href":"https:\/\/www.enzo-und-ferdinand.de\/index.php\/wp-json\/wp\/v2\/tags?post=20988"}],"curies":[{"name":"wp","href":"https:\/\/api.w.org\/{rel}","templated":true}]}}