{"id":20999,"date":"2025-09-08T10:37:39","date_gmt":"2025-09-08T08:37:39","guid":{"rendered":"https:\/\/www.enzo-und-ferdinand.de\/?p=20999"},"modified":"2025-09-08T10:37:41","modified_gmt":"2025-09-08T08:37:41","slug":"porsche-911-turbo-s-t-hybrid","status":"publish","type":"post","link":"https:\/\/www.enzo-und-ferdinand.de\/index.php\/2025\/09\/08\/porsche-911-turbo-s-t-hybrid\/","title":{"rendered":"Porsche 911 Turbo S T-Hybrid"},"content":{"rendered":"\n<figure class=\"wp-block-image size-large\"><img loading=\"lazy\" decoding=\"async\" width=\"810\" height=\"540\" src=\"https:\/\/www.enzo-und-ferdinand.de\/wp-content\/uploads\/2025\/09\/Porsche-911-Turbo-S-T-Hybrid-3-810x540.jpg\" alt=\"Porsche 911 Turbo S T-Hybrid\" class=\"wp-image-21004\" srcset=\"https:\/\/www.enzo-und-ferdinand.de\/wp-content\/uploads\/2025\/09\/Porsche-911-Turbo-S-T-Hybrid-3-810x540.jpg 810w, https:\/\/www.enzo-und-ferdinand.de\/wp-content\/uploads\/2025\/09\/Porsche-911-Turbo-S-T-Hybrid-3-300x200.jpg 300w, https:\/\/www.enzo-und-ferdinand.de\/wp-content\/uploads\/2025\/09\/Porsche-911-Turbo-S-T-Hybrid-3-768x512.jpg 768w, https:\/\/www.enzo-und-ferdinand.de\/wp-content\/uploads\/2025\/09\/Porsche-911-Turbo-S-T-Hybrid-3-120x80.jpg 120w, https:\/\/www.enzo-und-ferdinand.de\/wp-content\/uploads\/2025\/09\/Porsche-911-Turbo-S-T-Hybrid-3.jpg 1500w\" sizes=\"auto, (max-width: 810px) 100vw, 810px\" \/><\/figure>\n\n\n\n<p class=\"wp-block-paragraph\">Porsche setzt beim neuen 911 Turbo S ein deutliches Ausrufezeichen. Mit 523 kW (711 PS) Systemleistung, einem innovativen T-Hybrid-Antrieb und einer Beschleunigung von 0 auf 100 km\/h in nur 2,5 Sekunden wird er zum st\u00e4rksten Serien-Elfer aller Zeiten. Der Sportwagen kombiniert Rennstreckenperformance mit Langstreckenkomfort und Alltagstauglichkeit \u2013 eine Kombination, die Porsche seit jeher im Turbo-Topmodell perfektioniert. Nun legt die Marke mit Sitz in Stuttgart die Messlatte noch einmal sp\u00fcrbar h\u00f6her.<\/p>\n\n\n\n<p class=\"wp-block-paragraph\">Der neue Porsche 911 Turbo S, wahlweise als Coup\u00e9 oder Cabriolet erh\u00e4ltlich, basiert auf einem neu entwickelten 3,6-Liter-Sechszylinder-Boxermotor, der in Verbindung mit der leichten T-Hybrid-Technologie arbeitet. Der Antriebsstrang erreicht eine Systemleistung von 523 kW (711 PS) und ein maximales Drehmoment von 800 Newtonmetern, das zwischen 2.300 und 6.000 U\/min konstant zur Verf\u00fcgung steht. Die Leistungskurve verl\u00e4uft ungew\u00f6hnlich flach, sodass zwischen 6.500 und 7.000 Kurbelwellenumdrehungen die volle Leistung anliegt. Herzst\u00fcck des Systems ist die Kombination aus zwei elektrischen Abgasturboladern (eTurbos) und einer kompakten 400-Volt-Hochvoltbatterie mit 1,9 kWh Kapazit\u00e4t. Diese Technik sorgt nicht nur f\u00fcr ein Leistungsplus von 61 PS gegen\u00fcber dem Vorg\u00e4nger, sondern auch f\u00fcr deutlich besseres Ansprechverhalten und Spontanit\u00e4t.<\/p>\n\n\n\n<figure class=\"wp-block-image size-large\"><img loading=\"lazy\" decoding=\"async\" width=\"810\" height=\"456\" src=\"https:\/\/www.enzo-und-ferdinand.de\/wp-content\/uploads\/2025\/09\/Porsche-911-Turbo-S-T-Hybrid-8-810x456.jpg\" alt=\"Porsche 911 Turbo S T-Hybrid\" class=\"wp-image-21009\" srcset=\"https:\/\/www.enzo-und-ferdinand.de\/wp-content\/uploads\/2025\/09\/Porsche-911-Turbo-S-T-Hybrid-8-810x456.jpg 810w, https:\/\/www.enzo-und-ferdinand.de\/wp-content\/uploads\/2025\/09\/Porsche-911-Turbo-S-T-Hybrid-8-300x169.jpg 300w, https:\/\/www.enzo-und-ferdinand.de\/wp-content\/uploads\/2025\/09\/Porsche-911-Turbo-S-T-Hybrid-8-768x432.jpg 768w, https:\/\/www.enzo-und-ferdinand.de\/wp-content\/uploads\/2025\/09\/Porsche-911-Turbo-S-T-Hybrid-8.jpg 1500w\" sizes=\"auto, (max-width: 810px) 100vw, 810px\" \/><figcaption class=\"wp-element-caption\"><br><\/figcaption><\/figure>\n\n\n\n<p class=\"wp-block-paragraph\">Die Kraft\u00fcbertragung erfolgt \u00fcber ein Achtgang-PDK mit integrierter E-Maschine, das die Leistung an das Allradsystem Porsche Traction Management (PTM) weitergibt. In Zahlen bedeutet das: 2,5 Sekunden von 0 auf 100 km\/h, 8,4 Sekunden bis 200 km\/h und eine H\u00f6chstgeschwindigkeit von 322 km\/h. Trotz des Hybrid-Systems betr\u00e4gt das Mehrgewicht gegen\u00fcber dem Vorg\u00e4nger lediglich 85 Kilogramm \u2013 ein Wert, der fahrdynamisch \u00fcberkompensiert wird. Belegt wird dies durch die offizielle Rundenzeit auf der N\u00fcrburgring Nordschleife: 7:03,92 Minuten, erzielt unter notarieller Aufsicht. Damit ist der neue Turbo S rund 14 Sekunden schneller als sein direkter Vorg\u00e4nger.<\/p>\n\n\n\n<figure class=\"wp-block-image size-large\"><img loading=\"lazy\" decoding=\"async\" width=\"810\" height=\"427\" src=\"https:\/\/www.enzo-und-ferdinand.de\/wp-content\/uploads\/2025\/09\/Porsche-911-Turbo-S-T-Hybrid-9-810x427.jpg\" alt=\"Porsche 911 Turbo S T-Hybrid\" class=\"wp-image-21010\" srcset=\"https:\/\/www.enzo-und-ferdinand.de\/wp-content\/uploads\/2025\/09\/Porsche-911-Turbo-S-T-Hybrid-9-810x427.jpg 810w, https:\/\/www.enzo-und-ferdinand.de\/wp-content\/uploads\/2025\/09\/Porsche-911-Turbo-S-T-Hybrid-9-300x158.jpg 300w, https:\/\/www.enzo-und-ferdinand.de\/wp-content\/uploads\/2025\/09\/Porsche-911-Turbo-S-T-Hybrid-9-768x405.jpg 768w, https:\/\/www.enzo-und-ferdinand.de\/wp-content\/uploads\/2025\/09\/Porsche-911-Turbo-S-T-Hybrid-9.jpg 1500w\" sizes=\"auto, (max-width: 810px) 100vw, 810px\" \/><figcaption class=\"wp-element-caption\"><br><\/figcaption><\/figure>\n\n\n\n<p class=\"wp-block-paragraph\">Um diese Leistungsdaten sicher und effizient umzusetzen, wurde die gesamte Peripherie \u00fcberarbeitet. Die serienm\u00e4\u00dfige Keramik-Verbundbremsanlage PCCB erhielt neue Bremsbel\u00e4ge und gr\u00f6\u00dfere Bremsscheiben: 420 mm vorne, 410 mm hinten \u2013 die gr\u00f6\u00dfte PCCB-Anlage, die Porsche je in einem Zweit\u00fcrer verbaut hat. Dazu kommen neue Reifenformate mit 255\/35 ZR 20 an der Vorderachse und 325\/30 ZR 21 an der Hinterachse, die f\u00fcr verbessertes Trockenhandling sorgen, ohne die N\u00e4sseeigenschaften zu verschlechtern.<\/p>\n\n\n\n<p class=\"wp-block-paragraph\">Auch die Aerodynamik wurde optimiert. Ein aktiver Frontdiffusor, vertikale K\u00fchlluftklappen und der bekannte variabel ausfahrbare Heckfl\u00fcgel bilden ein adaptives Gesamtsystem. Es sorgt je nach Fahrsituation f\u00fcr reduzierte Auftriebswerte oder geringeren Luftwiderstand. Der cw-Wert sinkt dadurch im effizientesten Setting um zehn Prozent. Im Wet-Mode schlie\u00dfen die Frontdiffusoren, um die Bremsscheiben vor Spritzwasser zu sch\u00fctzen \u2013 ein Detail, das die Alltagstauglichkeit unterstreicht.<\/p>\n\n\n\n<figure class=\"wp-block-image size-large is-resized\"><img loading=\"lazy\" decoding=\"async\" width=\"810\" height=\"456\" src=\"https:\/\/www.enzo-und-ferdinand.de\/wp-content\/uploads\/2025\/09\/Porsche-911-Turbo-S-T-Hybrid-1-810x456.jpg\" alt=\"Porsche 911 Turbo S T-Hybrid\" class=\"wp-image-21002\" style=\"width:810px;height:auto\" srcset=\"https:\/\/www.enzo-und-ferdinand.de\/wp-content\/uploads\/2025\/09\/Porsche-911-Turbo-S-T-Hybrid-1-810x456.jpg 810w, https:\/\/www.enzo-und-ferdinand.de\/wp-content\/uploads\/2025\/09\/Porsche-911-Turbo-S-T-Hybrid-1-300x169.jpg 300w, https:\/\/www.enzo-und-ferdinand.de\/wp-content\/uploads\/2025\/09\/Porsche-911-Turbo-S-T-Hybrid-1-768x432.jpg 768w, https:\/\/www.enzo-und-ferdinand.de\/wp-content\/uploads\/2025\/09\/Porsche-911-Turbo-S-T-Hybrid-1.jpg 1500w\" sizes=\"auto, (max-width: 810px) 100vw, 810px\" \/><figcaption class=\"wp-element-caption\"><br><\/figcaption><\/figure>\n\n\n\n<p class=\"wp-block-paragraph\">Das Fahrwerk profitiert von der Integration der elektrohydraulisch gesteuerten Porsche Dynamic Chassis Control (ehPDCC). Mit aktiven Koppelstangen reduziert es die Wankneigung und verbessert sowohl die Agilit\u00e4t als auch die Fahrstabilit\u00e4t. Erg\u00e4nzt wird dies durch ein optionales Lift-System an der Vorderachse, das durch die 400-Volt-Einbindung schneller agiert als beim Vorg\u00e4nger. Damit gelingt Porsche die Balance zwischen Alltagstauglichkeit und Fahrdynamik.<\/p>\n\n\n\n<p class=\"wp-block-paragraph\">Auch akustisch grenzt sich der neue Turbo S klar ab. Eine neue Titan-Sportabgasanlage reduziert das Gewicht um 6,8 Kilogramm und liefert zusammen mit asymmetrischen Steuerzeiten des Boxermotors ein markanteres Klangbild. Optisch hebt sich das Spitzenmodell durch exklusive Details im Farbton Turbonit ab, darunter Schriftz\u00fcge, Wappen und Designakzente am Exterieur und Interieur. Optional lassen sich weitere Individualisierungen \u00fcber die Porsche Exclusive Manufaktur realisieren, etwa Carbon-Komponenten, spezielle Leichtbau-Optionen oder ein Farbwunschprogramm mit \u00fcber 100 T\u00f6nen.<\/p>\n\n\n\n<figure class=\"wp-block-image size-large\"><img loading=\"lazy\" decoding=\"async\" width=\"810\" height=\"540\" src=\"https:\/\/www.enzo-und-ferdinand.de\/wp-content\/uploads\/2025\/09\/Porsche-911-Turbo-S-T-Hybrid-5-810x540.jpg\" alt=\"Porsche 911 Turbo S T-Hybrid\" class=\"wp-image-21006\" srcset=\"https:\/\/www.enzo-und-ferdinand.de\/wp-content\/uploads\/2025\/09\/Porsche-911-Turbo-S-T-Hybrid-5-810x540.jpg 810w, https:\/\/www.enzo-und-ferdinand.de\/wp-content\/uploads\/2025\/09\/Porsche-911-Turbo-S-T-Hybrid-5-300x200.jpg 300w, https:\/\/www.enzo-und-ferdinand.de\/wp-content\/uploads\/2025\/09\/Porsche-911-Turbo-S-T-Hybrid-5-768x512.jpg 768w, https:\/\/www.enzo-und-ferdinand.de\/wp-content\/uploads\/2025\/09\/Porsche-911-Turbo-S-T-Hybrid-5-120x80.jpg 120w, https:\/\/www.enzo-und-ferdinand.de\/wp-content\/uploads\/2025\/09\/Porsche-911-Turbo-S-T-Hybrid-5.jpg 1500w\" sizes=\"auto, (max-width: 810px) 100vw, 810px\" \/><\/figure>\n\n\n\n<p class=\"wp-block-paragraph\">Der Innenraum wird serienm\u00e4\u00dfig mit adaptiven 18-Wege-Sportsitzen Plus ausgestattet, die \u201eturbo S\u201c-Schriftz\u00fcge tragen. Neue Materialien wie Carbon-Zierleisten mit Faden in Neodyme oder ein perforierter Mikrofaserhimmel stehen zur Wahl. Technisch geh\u00f6rt eine umfassende Serienausstattung zum Paket: HD-Matrix-LED-Hauptscheinwerfer, PASM-Sportfahrwerk, PDCC, Sport Chrono Paket und Titan-Abgasanlage.<\/p>\n\n\n\n<p class=\"wp-block-paragraph\">Eine Besonderheit f\u00fcr Enthusiasten ist der \u201e911 Turbo S Chronograph\u201c von Porsche Design. Der personalisierbare Zeitmesser \u00fcbernimmt Designelemente des Fahrzeugs, darunter Farbakzente in Turbonit und Rotor-Designs analog zu den R\u00e4dern. Angetrieben wird die Uhr vom hauseigenen Kaliber WERK 01.200 mit COSC-Zertifizierung und Flyback-Funktion.<\/p>\n\n\n\n<p class=\"wp-block-paragraph\">Der neue Porsche 911 Turbo S ist ab sofort bestellbar. Das Coup\u00e9 startet bei 271.000 Euro, das Cabriolet bei 285.200 Euro. Die ersten Auslieferungen sind zum Jahreswechsel 2025\/2026 in Europa geplant. Mit seiner Kombination aus Hybrid-Technologie, Performance und Exklusivit\u00e4t setzt er neue Ma\u00dfst\u00e4be \u2013 sowohl auf der Stra\u00dfe als auch auf der Rennstrecke.<\/p>\n\n\n\n<figure class=\"wp-block-gallery has-nested-images columns-2 is-cropped wp-block-gallery-1 is-layout-flex wp-block-gallery-is-layout-flex\">\n<figure class=\"wp-block-image size-large\"><img loading=\"lazy\" decoding=\"async\" width=\"810\" height=\"456\" data-id=\"21005\" src=\"https:\/\/www.enzo-und-ferdinand.de\/wp-content\/uploads\/2025\/09\/Porsche-911-Turbo-S-T-Hybrid-4-810x456.jpg\" alt=\"Porsche 911 Turbo S T-Hybrid\" class=\"wp-image-21005\" srcset=\"https:\/\/www.enzo-und-ferdinand.de\/wp-content\/uploads\/2025\/09\/Porsche-911-Turbo-S-T-Hybrid-4-810x456.jpg 810w, https:\/\/www.enzo-und-ferdinand.de\/wp-content\/uploads\/2025\/09\/Porsche-911-Turbo-S-T-Hybrid-4-300x169.jpg 300w, https:\/\/www.enzo-und-ferdinand.de\/wp-content\/uploads\/2025\/09\/Porsche-911-Turbo-S-T-Hybrid-4-768x432.jpg 768w, https:\/\/www.enzo-und-ferdinand.de\/wp-content\/uploads\/2025\/09\/Porsche-911-Turbo-S-T-Hybrid-4.jpg 1500w\" sizes=\"auto, (max-width: 810px) 100vw, 810px\" \/><\/figure>\n\n\n\n<figure class=\"wp-block-image size-large\"><img loading=\"lazy\" decoding=\"async\" width=\"810\" height=\"456\" data-id=\"21003\" src=\"https:\/\/www.enzo-und-ferdinand.de\/wp-content\/uploads\/2025\/09\/Porsche-911-Turbo-S-T-Hybrid-2-810x456.jpg\" alt=\"Porsche 911 Turbo S T-Hybrid\" class=\"wp-image-21003\" srcset=\"https:\/\/www.enzo-und-ferdinand.de\/wp-content\/uploads\/2025\/09\/Porsche-911-Turbo-S-T-Hybrid-2-810x456.jpg 810w, https:\/\/www.enzo-und-ferdinand.de\/wp-content\/uploads\/2025\/09\/Porsche-911-Turbo-S-T-Hybrid-2-300x169.jpg 300w, https:\/\/www.enzo-und-ferdinand.de\/wp-content\/uploads\/2025\/09\/Porsche-911-Turbo-S-T-Hybrid-2-768x432.jpg 768w, https:\/\/www.enzo-und-ferdinand.de\/wp-content\/uploads\/2025\/09\/Porsche-911-Turbo-S-T-Hybrid-2.jpg 1500w\" sizes=\"auto, (max-width: 810px) 100vw, 810px\" \/><\/figure>\n\n\n\n<figure class=\"wp-block-image size-large\"><img loading=\"lazy\" decoding=\"async\" width=\"810\" height=\"456\" data-id=\"21008\" src=\"https:\/\/www.enzo-und-ferdinand.de\/wp-content\/uploads\/2025\/09\/Porsche-911-Turbo-S-T-Hybrid-7-810x456.jpg\" alt=\"Porsche 911 Turbo S T-Hybrid\" class=\"wp-image-21008\" srcset=\"https:\/\/www.enzo-und-ferdinand.de\/wp-content\/uploads\/2025\/09\/Porsche-911-Turbo-S-T-Hybrid-7-810x456.jpg 810w, https:\/\/www.enzo-und-ferdinand.de\/wp-content\/uploads\/2025\/09\/Porsche-911-Turbo-S-T-Hybrid-7-300x169.jpg 300w, https:\/\/www.enzo-und-ferdinand.de\/wp-content\/uploads\/2025\/09\/Porsche-911-Turbo-S-T-Hybrid-7-768x432.jpg 768w, https:\/\/www.enzo-und-ferdinand.de\/wp-content\/uploads\/2025\/09\/Porsche-911-Turbo-S-T-Hybrid-7.jpg 1500w\" sizes=\"auto, (max-width: 810px) 100vw, 810px\" \/><\/figure>\n<\/figure>\n\n\n\n<p class=\"has-text-align-right has-small-font-size wp-block-paragraph\">Fotos: Porsche\/Text: Rainer Ro\u00dfbach<\/p>\n","protected":false},"excerpt":{"rendered":"<p>Porsche setzt beim neuen 911 Turbo S ein deutliches Ausrufezeichen. Mit 523 kW (711 PS) Systemleistung, einem innovativen T-Hybrid-Antrieb und einer Beschleunigung von 0 auf 100 km\/h in nur 2,5 Sekunden wird er zum st\u00e4rksten Serien-Elfer aller Zeiten. Der Sportwagen kombiniert Rennstreckenperformance mit Langstreckenkomfort und Alltagstauglichkeit \u2013 eine Kombination, die Porsche seit jeher im Turbo-Topmodell perfektioniert. Nun legt die Marke mit Sitz in Stuttgart die Messlatte noch einmal sp\u00fcrbar h\u00f6her.<\/p>\n","protected":false},"author":1,"featured_media":21007,"comment_status":"closed","ping_status":"open","sticky":false,"template":"","format":"standard","meta":{"_crdt_document":"","ngg_post_thumbnail":0,"footnotes":""},"categories":[13,23,586],"tags":[201],"class_list":["post-20999","post","type-post","status-publish","format-standard","has-post-thumbnail","hentry","category-ikonen","category-performance","category-technologie","tag-porsche"],"yoast_head":"<!-- This site is optimized with the Yoast SEO plugin v27.5 - https:\/\/yoast.com\/product\/yoast-seo-wordpress\/ -->\n<title>Porsche 911 Turbo S T-Hybrid<\/title>\n<meta name=\"description\" content=\"Rainer Ro\u00dfbach Rainer Rossbach enzo-und-ferdinand enzo&amp;ferdinand Enzo Porsche 911 Turbo S Porsche 911 Turbo S Hybrid Porsche 911 Turbo S Leistung Porsche 911 Turbo S 711 PS Porsche 911 Turbo S N\u00fcrburgring Porsche T-Hybrid Porsche eTurbo Porsche Turbo S Preis Porsche 911 Turbo S 2025 Porsche Turbo S H\u00f6chstgeschwindigkeit Porsche 911 Turbo S Beschleunigung Porsche Turbo S Cabriolet Porsche Turbo S Coup\u00e9 Porsche 911 Turbo S Technik Porsche Turbo S Fahrwerk Porsche Turbo S Bremsanlage Porsche Turbo S Aerodynamik Porsche Turbo S Ausstattung Porsche Turbo S Chronograph\" \/>\n<meta name=\"robots\" content=\"index, follow, max-snippet:-1, max-image-preview:large, max-video-preview:-1\" \/>\n<link rel=\"canonical\" href=\"https:\/\/www.enzo-und-ferdinand.de\/index.php\/2025\/09\/08\/porsche-911-turbo-s-t-hybrid\/\" \/>\n<meta property=\"og:locale\" content=\"de_DE\" \/>\n<meta property=\"og:type\" content=\"article\" \/>\n<meta property=\"og:title\" content=\"Porsche 911 Turbo S T-Hybrid\" \/>\n<meta property=\"og:description\" content=\"Rainer Ro\u00dfbach Rainer Rossbach enzo-und-ferdinand enzo&amp;ferdinand Enzo Porsche 911 Turbo S Porsche 911 Turbo S Hybrid Porsche 911 Turbo S Leistung Porsche 911 Turbo S 711 PS Porsche 911 Turbo S N\u00fcrburgring Porsche T-Hybrid Porsche eTurbo Porsche Turbo S Preis Porsche 911 Turbo S 2025 Porsche Turbo S H\u00f6chstgeschwindigkeit Porsche 911 Turbo S Beschleunigung Porsche Turbo S Cabriolet Porsche Turbo S Coup\u00e9 Porsche 911 Turbo S Technik Porsche Turbo S Fahrwerk Porsche Turbo S Bremsanlage Porsche Turbo S Aerodynamik Porsche Turbo S Ausstattung Porsche Turbo S Chronograph\" \/>\n<meta property=\"og:url\" content=\"https:\/\/www.enzo-und-ferdinand.de\/index.php\/2025\/09\/08\/porsche-911-turbo-s-t-hybrid\/\" \/>\n<meta property=\"og:site_name\" content=\"enzo &amp; Ferdinand\" \/>\n<meta property=\"article:published_time\" content=\"2025-09-08T08:37:39+00:00\" \/>\n<meta property=\"article:modified_time\" content=\"2025-09-08T08:37:41+00:00\" \/>\n<meta property=\"og:image\" content=\"https:\/\/www.enzo-und-ferdinand.de\/wp-content\/uploads\/2025\/09\/Porsche-911-Turbo-S-T-Hybrid-6.jpg\" \/>\n\t<meta property=\"og:image:width\" content=\"1500\" \/>\n\t<meta property=\"og:image:height\" content=\"1000\" \/>\n\t<meta property=\"og:image:type\" content=\"image\/jpeg\" \/>\n<meta name=\"author\" content=\"Rainer Ro\u00dfbach\" \/>\n<meta name=\"twitter:card\" content=\"summary_large_image\" \/>\n<meta name=\"twitter:label1\" content=\"Verfasst von\" \/>\n\t<meta name=\"twitter:data1\" content=\"Rainer Ro\u00dfbach\" \/>\n\t<meta name=\"twitter:label2\" content=\"Gesch\u00e4tzte Lesezeit\" \/>\n\t<meta name=\"twitter:data2\" content=\"6\u00a0Minuten\" \/>\n<script type=\"application\/ld+json\" class=\"yoast-schema-graph\">{\"@context\":\"https:\\\/\\\/schema.org\",\"@graph\":[{\"@type\":\"Article\",\"@id\":\"https:\\\/\\\/www.enzo-und-ferdinand.de\\\/index.php\\\/2025\\\/09\\\/08\\\/porsche-911-turbo-s-t-hybrid\\\/#article\",\"isPartOf\":{\"@id\":\"https:\\\/\\\/www.enzo-und-ferdinand.de\\\/index.php\\\/2025\\\/09\\\/08\\\/porsche-911-turbo-s-t-hybrid\\\/\"},\"author\":{\"name\":\"Rainer Ro\u00dfbach\",\"@id\":\"https:\\\/\\\/www.enzo-und-ferdinand.de\\\/#\\\/schema\\\/person\\\/aff2eb9ff87705987c1b9d21fe10b095\"},\"headline\":\"Porsche 911 Turbo S T-Hybrid\",\"datePublished\":\"2025-09-08T08:37:39+00:00\",\"dateModified\":\"2025-09-08T08:37:41+00:00\",\"mainEntityOfPage\":{\"@id\":\"https:\\\/\\\/www.enzo-und-ferdinand.de\\\/index.php\\\/2025\\\/09\\\/08\\\/porsche-911-turbo-s-t-hybrid\\\/\"},\"wordCount\":689,\"publisher\":{\"@id\":\"https:\\\/\\\/www.enzo-und-ferdinand.de\\\/#organization\"},\"image\":{\"@id\":\"https:\\\/\\\/www.enzo-und-ferdinand.de\\\/index.php\\\/2025\\\/09\\\/08\\\/porsche-911-turbo-s-t-hybrid\\\/#primaryimage\"},\"thumbnailUrl\":\"https:\\\/\\\/www.enzo-und-ferdinand.de\\\/wp-content\\\/uploads\\\/2025\\\/09\\\/Porsche-911-Turbo-S-T-Hybrid-6.jpg\",\"keywords\":[\"Porsche\"],\"articleSection\":[\"Ikonen\",\"Performance\",\"Technologie\"],\"inLanguage\":\"de\"},{\"@type\":\"WebPage\",\"@id\":\"https:\\\/\\\/www.enzo-und-ferdinand.de\\\/index.php\\\/2025\\\/09\\\/08\\\/porsche-911-turbo-s-t-hybrid\\\/\",\"url\":\"https:\\\/\\\/www.enzo-und-ferdinand.de\\\/index.php\\\/2025\\\/09\\\/08\\\/porsche-911-turbo-s-t-hybrid\\\/\",\"name\":\"Porsche 911 Turbo S T-Hybrid\",\"isPartOf\":{\"@id\":\"https:\\\/\\\/www.enzo-und-ferdinand.de\\\/#website\"},\"primaryImageOfPage\":{\"@id\":\"https:\\\/\\\/www.enzo-und-ferdinand.de\\\/index.php\\\/2025\\\/09\\\/08\\\/porsche-911-turbo-s-t-hybrid\\\/#primaryimage\"},\"image\":{\"@id\":\"https:\\\/\\\/www.enzo-und-ferdinand.de\\\/index.php\\\/2025\\\/09\\\/08\\\/porsche-911-turbo-s-t-hybrid\\\/#primaryimage\"},\"thumbnailUrl\":\"https:\\\/\\\/www.enzo-und-ferdinand.de\\\/wp-content\\\/uploads\\\/2025\\\/09\\\/Porsche-911-Turbo-S-T-Hybrid-6.jpg\",\"datePublished\":\"2025-09-08T08:37:39+00:00\",\"dateModified\":\"2025-09-08T08:37:41+00:00\",\"description\":\"Rainer Ro\u00dfbach Rainer Rossbach enzo-und-ferdinand enzo&ferdinand Enzo Porsche 911 Turbo S Porsche 911 Turbo S Hybrid Porsche 911 Turbo S Leistung Porsche 911 Turbo S 711 PS Porsche 911 Turbo S N\u00fcrburgring Porsche T-Hybrid Porsche eTurbo Porsche Turbo S Preis Porsche 911 Turbo S 2025 Porsche Turbo S H\u00f6chstgeschwindigkeit Porsche 911 Turbo S Beschleunigung Porsche Turbo S Cabriolet Porsche Turbo S Coup\u00e9 Porsche 911 Turbo S Technik Porsche Turbo S Fahrwerk Porsche Turbo S Bremsanlage Porsche Turbo S Aerodynamik Porsche Turbo S Ausstattung Porsche Turbo S Chronograph\",\"breadcrumb\":{\"@id\":\"https:\\\/\\\/www.enzo-und-ferdinand.de\\\/index.php\\\/2025\\\/09\\\/08\\\/porsche-911-turbo-s-t-hybrid\\\/#breadcrumb\"},\"inLanguage\":\"de\",\"potentialAction\":[{\"@type\":\"ReadAction\",\"target\":[\"https:\\\/\\\/www.enzo-und-ferdinand.de\\\/index.php\\\/2025\\\/09\\\/08\\\/porsche-911-turbo-s-t-hybrid\\\/\"]}]},{\"@type\":\"ImageObject\",\"inLanguage\":\"de\",\"@id\":\"https:\\\/\\\/www.enzo-und-ferdinand.de\\\/index.php\\\/2025\\\/09\\\/08\\\/porsche-911-turbo-s-t-hybrid\\\/#primaryimage\",\"url\":\"https:\\\/\\\/www.enzo-und-ferdinand.de\\\/wp-content\\\/uploads\\\/2025\\\/09\\\/Porsche-911-Turbo-S-T-Hybrid-6.jpg\",\"contentUrl\":\"https:\\\/\\\/www.enzo-und-ferdinand.de\\\/wp-content\\\/uploads\\\/2025\\\/09\\\/Porsche-911-Turbo-S-T-Hybrid-6.jpg\",\"width\":1500,\"height\":1000,\"caption\":\"Porsche 911 Turbo S T-Hybrid\"},{\"@type\":\"BreadcrumbList\",\"@id\":\"https:\\\/\\\/www.enzo-und-ferdinand.de\\\/index.php\\\/2025\\\/09\\\/08\\\/porsche-911-turbo-s-t-hybrid\\\/#breadcrumb\",\"itemListElement\":[{\"@type\":\"ListItem\",\"position\":1,\"name\":\"Startseite\",\"item\":\"https:\\\/\\\/www.enzo-und-ferdinand.de\\\/\"},{\"@type\":\"ListItem\",\"position\":2,\"name\":\"Porsche 911 Turbo S T-Hybrid\"}]},{\"@type\":\"WebSite\",\"@id\":\"https:\\\/\\\/www.enzo-und-ferdinand.de\\\/#website\",\"url\":\"https:\\\/\\\/www.enzo-und-ferdinand.de\\\/\",\"name\":\"enzo & Ferdinand\",\"description\":\"\",\"publisher\":{\"@id\":\"https:\\\/\\\/www.enzo-und-ferdinand.de\\\/#organization\"},\"potentialAction\":[{\"@type\":\"SearchAction\",\"target\":{\"@type\":\"EntryPoint\",\"urlTemplate\":\"https:\\\/\\\/www.enzo-und-ferdinand.de\\\/?s={search_term_string}\"},\"query-input\":{\"@type\":\"PropertyValueSpecification\",\"valueRequired\":true,\"valueName\":\"search_term_string\"}}],\"inLanguage\":\"de\"},{\"@type\":\"Organization\",\"@id\":\"https:\\\/\\\/www.enzo-und-ferdinand.de\\\/#organization\",\"name\":\"enzo & Ferdinand\",\"url\":\"https:\\\/\\\/www.enzo-und-ferdinand.de\\\/\",\"logo\":{\"@type\":\"ImageObject\",\"inLanguage\":\"de\",\"@id\":\"https:\\\/\\\/www.enzo-und-ferdinand.de\\\/#\\\/schema\\\/logo\\\/image\\\/\",\"url\":\"https:\\\/\\\/www.enzo-und-ferdinand.de\\\/wp-content\\\/uploads\\\/2018\\\/12\\\/revvvs-icon.png\",\"contentUrl\":\"https:\\\/\\\/www.enzo-und-ferdinand.de\\\/wp-content\\\/uploads\\\/2018\\\/12\\\/revvvs-icon.png\",\"width\":512,\"height\":512,\"caption\":\"enzo & Ferdinand\"},\"image\":{\"@id\":\"https:\\\/\\\/www.enzo-und-ferdinand.de\\\/#\\\/schema\\\/logo\\\/image\\\/\"}},{\"@type\":\"Person\",\"@id\":\"https:\\\/\\\/www.enzo-und-ferdinand.de\\\/#\\\/schema\\\/person\\\/aff2eb9ff87705987c1b9d21fe10b095\",\"name\":\"Rainer Ro\u00dfbach\",\"image\":{\"@type\":\"ImageObject\",\"inLanguage\":\"de\",\"@id\":\"https:\\\/\\\/www.enzo-und-ferdinand.de\\\/wp-content\\\/uploads\\\/2026\\\/01\\\/Rainer-Rossbach-150x150.jpg\",\"url\":\"https:\\\/\\\/www.enzo-und-ferdinand.de\\\/wp-content\\\/uploads\\\/2026\\\/01\\\/Rainer-Rossbach-150x150.jpg\",\"contentUrl\":\"https:\\\/\\\/www.enzo-und-ferdinand.de\\\/wp-content\\\/uploads\\\/2026\\\/01\\\/Rainer-Rossbach-150x150.jpg\",\"caption\":\"Rainer Ro\u00dfbach\"},\"url\":\"https:\\\/\\\/www.enzo-und-ferdinand.de\\\/index.php\\\/author\\\/redaktion\\\/\"}]}<\/script>\n<!-- \/ Yoast SEO plugin. -->","yoast_head_json":{"title":"Porsche 911 Turbo S T-Hybrid","description":"Rainer Ro\u00dfbach Rainer Rossbach enzo-und-ferdinand enzo&ferdinand Enzo Porsche 911 Turbo S Porsche 911 Turbo S Hybrid Porsche 911 Turbo S Leistung Porsche 911 Turbo S 711 PS Porsche 911 Turbo S N\u00fcrburgring Porsche T-Hybrid Porsche eTurbo Porsche Turbo S Preis Porsche 911 Turbo S 2025 Porsche Turbo S H\u00f6chstgeschwindigkeit Porsche 911 Turbo S Beschleunigung Porsche Turbo S Cabriolet Porsche Turbo S Coup\u00e9 Porsche 911 Turbo S Technik Porsche Turbo S Fahrwerk Porsche Turbo S Bremsanlage Porsche Turbo S Aerodynamik Porsche Turbo S Ausstattung Porsche Turbo S Chronograph","robots":{"index":"index","follow":"follow","max-snippet":"max-snippet:-1","max-image-preview":"max-image-preview:large","max-video-preview":"max-video-preview:-1"},"canonical":"https:\/\/www.enzo-und-ferdinand.de\/index.php\/2025\/09\/08\/porsche-911-turbo-s-t-hybrid\/","og_locale":"de_DE","og_type":"article","og_title":"Porsche 911 Turbo S T-Hybrid","og_description":"Rainer Ro\u00dfbach Rainer Rossbach enzo-und-ferdinand enzo&ferdinand Enzo Porsche 911 Turbo S Porsche 911 Turbo S Hybrid Porsche 911 Turbo S Leistung Porsche 911 Turbo S 711 PS Porsche 911 Turbo S N\u00fcrburgring Porsche T-Hybrid Porsche eTurbo Porsche Turbo S Preis Porsche 911 Turbo S 2025 Porsche Turbo S H\u00f6chstgeschwindigkeit Porsche 911 Turbo S Beschleunigung Porsche Turbo S Cabriolet Porsche Turbo S Coup\u00e9 Porsche 911 Turbo S Technik Porsche Turbo S Fahrwerk Porsche Turbo S Bremsanlage Porsche Turbo S Aerodynamik Porsche Turbo S Ausstattung Porsche Turbo S Chronograph","og_url":"https:\/\/www.enzo-und-ferdinand.de\/index.php\/2025\/09\/08\/porsche-911-turbo-s-t-hybrid\/","og_site_name":"enzo &amp; Ferdinand","article_published_time":"2025-09-08T08:37:39+00:00","article_modified_time":"2025-09-08T08:37:41+00:00","og_image":[{"width":1500,"height":1000,"url":"https:\/\/www.enzo-und-ferdinand.de\/wp-content\/uploads\/2025\/09\/Porsche-911-Turbo-S-T-Hybrid-6.jpg","type":"image\/jpeg"}],"author":"Rainer Ro\u00dfbach","twitter_card":"summary_large_image","twitter_misc":{"Verfasst von":"Rainer Ro\u00dfbach","Gesch\u00e4tzte Lesezeit":"6\u00a0Minuten"},"schema":{"@context":"https:\/\/schema.org","@graph":[{"@type":"Article","@id":"https:\/\/www.enzo-und-ferdinand.de\/index.php\/2025\/09\/08\/porsche-911-turbo-s-t-hybrid\/#article","isPartOf":{"@id":"https:\/\/www.enzo-und-ferdinand.de\/index.php\/2025\/09\/08\/porsche-911-turbo-s-t-hybrid\/"},"author":{"name":"Rainer Ro\u00dfbach","@id":"https:\/\/www.enzo-und-ferdinand.de\/#\/schema\/person\/aff2eb9ff87705987c1b9d21fe10b095"},"headline":"Porsche 911 Turbo S T-Hybrid","datePublished":"2025-09-08T08:37:39+00:00","dateModified":"2025-09-08T08:37:41+00:00","mainEntityOfPage":{"@id":"https:\/\/www.enzo-und-ferdinand.de\/index.php\/2025\/09\/08\/porsche-911-turbo-s-t-hybrid\/"},"wordCount":689,"publisher":{"@id":"https:\/\/www.enzo-und-ferdinand.de\/#organization"},"image":{"@id":"https:\/\/www.enzo-und-ferdinand.de\/index.php\/2025\/09\/08\/porsche-911-turbo-s-t-hybrid\/#primaryimage"},"thumbnailUrl":"https:\/\/www.enzo-und-ferdinand.de\/wp-content\/uploads\/2025\/09\/Porsche-911-Turbo-S-T-Hybrid-6.jpg","keywords":["Porsche"],"articleSection":["Ikonen","Performance","Technologie"],"inLanguage":"de"},{"@type":"WebPage","@id":"https:\/\/www.enzo-und-ferdinand.de\/index.php\/2025\/09\/08\/porsche-911-turbo-s-t-hybrid\/","url":"https:\/\/www.enzo-und-ferdinand.de\/index.php\/2025\/09\/08\/porsche-911-turbo-s-t-hybrid\/","name":"Porsche 911 Turbo S T-Hybrid","isPartOf":{"@id":"https:\/\/www.enzo-und-ferdinand.de\/#website"},"primaryImageOfPage":{"@id":"https:\/\/www.enzo-und-ferdinand.de\/index.php\/2025\/09\/08\/porsche-911-turbo-s-t-hybrid\/#primaryimage"},"image":{"@id":"https:\/\/www.enzo-und-ferdinand.de\/index.php\/2025\/09\/08\/porsche-911-turbo-s-t-hybrid\/#primaryimage"},"thumbnailUrl":"https:\/\/www.enzo-und-ferdinand.de\/wp-content\/uploads\/2025\/09\/Porsche-911-Turbo-S-T-Hybrid-6.jpg","datePublished":"2025-09-08T08:37:39+00:00","dateModified":"2025-09-08T08:37:41+00:00","description":"Rainer Ro\u00dfbach Rainer Rossbach enzo-und-ferdinand enzo&ferdinand Enzo Porsche 911 Turbo S Porsche 911 Turbo S Hybrid Porsche 911 Turbo S Leistung Porsche 911 Turbo S 711 PS Porsche 911 Turbo S N\u00fcrburgring Porsche T-Hybrid Porsche eTurbo Porsche Turbo S Preis Porsche 911 Turbo S 2025 Porsche Turbo S H\u00f6chstgeschwindigkeit Porsche 911 Turbo S Beschleunigung Porsche Turbo S Cabriolet Porsche Turbo S Coup\u00e9 Porsche 911 Turbo S Technik Porsche Turbo S Fahrwerk Porsche Turbo S Bremsanlage Porsche Turbo S Aerodynamik Porsche Turbo S Ausstattung Porsche Turbo S Chronograph","breadcrumb":{"@id":"https:\/\/www.enzo-und-ferdinand.de\/index.php\/2025\/09\/08\/porsche-911-turbo-s-t-hybrid\/#breadcrumb"},"inLanguage":"de","potentialAction":[{"@type":"ReadAction","target":["https:\/\/www.enzo-und-ferdinand.de\/index.php\/2025\/09\/08\/porsche-911-turbo-s-t-hybrid\/"]}]},{"@type":"ImageObject","inLanguage":"de","@id":"https:\/\/www.enzo-und-ferdinand.de\/index.php\/2025\/09\/08\/porsche-911-turbo-s-t-hybrid\/#primaryimage","url":"https:\/\/www.enzo-und-ferdinand.de\/wp-content\/uploads\/2025\/09\/Porsche-911-Turbo-S-T-Hybrid-6.jpg","contentUrl":"https:\/\/www.enzo-und-ferdinand.de\/wp-content\/uploads\/2025\/09\/Porsche-911-Turbo-S-T-Hybrid-6.jpg","width":1500,"height":1000,"caption":"Porsche 911 Turbo S T-Hybrid"},{"@type":"BreadcrumbList","@id":"https:\/\/www.enzo-und-ferdinand.de\/index.php\/2025\/09\/08\/porsche-911-turbo-s-t-hybrid\/#breadcrumb","itemListElement":[{"@type":"ListItem","position":1,"name":"Startseite","item":"https:\/\/www.enzo-und-ferdinand.de\/"},{"@type":"ListItem","position":2,"name":"Porsche 911 Turbo S T-Hybrid"}]},{"@type":"WebSite","@id":"https:\/\/www.enzo-und-ferdinand.de\/#website","url":"https:\/\/www.enzo-und-ferdinand.de\/","name":"enzo & Ferdinand","description":"","publisher":{"@id":"https:\/\/www.enzo-und-ferdinand.de\/#organization"},"potentialAction":[{"@type":"SearchAction","target":{"@type":"EntryPoint","urlTemplate":"https:\/\/www.enzo-und-ferdinand.de\/?s={search_term_string}"},"query-input":{"@type":"PropertyValueSpecification","valueRequired":true,"valueName":"search_term_string"}}],"inLanguage":"de"},{"@type":"Organization","@id":"https:\/\/www.enzo-und-ferdinand.de\/#organization","name":"enzo & Ferdinand","url":"https:\/\/www.enzo-und-ferdinand.de\/","logo":{"@type":"ImageObject","inLanguage":"de","@id":"https:\/\/www.enzo-und-ferdinand.de\/#\/schema\/logo\/image\/","url":"https:\/\/www.enzo-und-ferdinand.de\/wp-content\/uploads\/2018\/12\/revvvs-icon.png","contentUrl":"https:\/\/www.enzo-und-ferdinand.de\/wp-content\/uploads\/2018\/12\/revvvs-icon.png","width":512,"height":512,"caption":"enzo & Ferdinand"},"image":{"@id":"https:\/\/www.enzo-und-ferdinand.de\/#\/schema\/logo\/image\/"}},{"@type":"Person","@id":"https:\/\/www.enzo-und-ferdinand.de\/#\/schema\/person\/aff2eb9ff87705987c1b9d21fe10b095","name":"Rainer Ro\u00dfbach","image":{"@type":"ImageObject","inLanguage":"de","@id":"https:\/\/www.enzo-und-ferdinand.de\/wp-content\/uploads\/2026\/01\/Rainer-Rossbach-150x150.jpg","url":"https:\/\/www.enzo-und-ferdinand.de\/wp-content\/uploads\/2026\/01\/Rainer-Rossbach-150x150.jpg","contentUrl":"https:\/\/www.enzo-und-ferdinand.de\/wp-content\/uploads\/2026\/01\/Rainer-Rossbach-150x150.jpg","caption":"Rainer Ro\u00dfbach"},"url":"https:\/\/www.enzo-und-ferdinand.de\/index.php\/author\/redaktion\/"}]}},"_links":{"self":[{"href":"https:\/\/www.enzo-und-ferdinand.de\/index.php\/wp-json\/wp\/v2\/posts\/20999","targetHints":{"allow":["GET"]}}],"collection":[{"href":"https:\/\/www.enzo-und-ferdinand.de\/index.php\/wp-json\/wp\/v2\/posts"}],"about":[{"href":"https:\/\/www.enzo-und-ferdinand.de\/index.php\/wp-json\/wp\/v2\/types\/post"}],"author":[{"embeddable":true,"href":"https:\/\/www.enzo-und-ferdinand.de\/index.php\/wp-json\/wp\/v2\/users\/1"}],"replies":[{"embeddable":true,"href":"https:\/\/www.enzo-und-ferdinand.de\/index.php\/wp-json\/wp\/v2\/comments?post=20999"}],"version-history":[{"count":3,"href":"https:\/\/www.enzo-und-ferdinand.de\/index.php\/wp-json\/wp\/v2\/posts\/20999\/revisions"}],"predecessor-version":[{"id":21011,"href":"https:\/\/www.enzo-und-ferdinand.de\/index.php\/wp-json\/wp\/v2\/posts\/20999\/revisions\/21011"}],"wp:featuredmedia":[{"embeddable":true,"href":"https:\/\/www.enzo-und-ferdinand.de\/index.php\/wp-json\/wp\/v2\/media\/21007"}],"wp:attachment":[{"href":"https:\/\/www.enzo-und-ferdinand.de\/index.php\/wp-json\/wp\/v2\/media?parent=20999"}],"wp:term":[{"taxonomy":"category","embeddable":true,"href":"https:\/\/www.enzo-und-ferdinand.de\/index.php\/wp-json\/wp\/v2\/categories?post=20999"},{"taxonomy":"post_tag","embeddable":true,"href":"https:\/\/www.enzo-und-ferdinand.de\/index.php\/wp-json\/wp\/v2\/tags?post=20999"}],"curies":[{"name":"wp","href":"https:\/\/api.w.org\/{rel}","templated":true}]}}