{"id":21036,"date":"2025-10-02T09:48:11","date_gmt":"2025-10-02T07:48:11","guid":{"rendered":"https:\/\/www.enzo-und-ferdinand.de\/?p=21036"},"modified":"2025-10-02T09:59:57","modified_gmt":"2025-10-02T07:59:57","slug":"zeitenwende-ferrari-246sp-1961","status":"publish","type":"post","link":"https:\/\/www.enzo-und-ferdinand.de\/index.php\/2025\/10\/02\/zeitenwende-ferrari-246sp-1961\/","title":{"rendered":"Zeitenwende: Ferrari 246SP (1961)"},"content":{"rendered":"\n<figure class=\"wp-block-image size-large is-resized\"><img loading=\"lazy\" decoding=\"async\" width=\"810\" height=\"644\" src=\"https:\/\/www.enzo-und-ferdinand.de\/wp-content\/uploads\/2025\/09\/246-targa-61-387-Stiftung-810x644.jpg\" alt=\"\" class=\"wp-image-21158\" style=\"width:810px;height:auto\" srcset=\"https:\/\/www.enzo-und-ferdinand.de\/wp-content\/uploads\/2025\/09\/246-targa-61-387-Stiftung-810x644.jpg 810w, https:\/\/www.enzo-und-ferdinand.de\/wp-content\/uploads\/2025\/09\/246-targa-61-387-Stiftung-300x239.jpg 300w, https:\/\/www.enzo-und-ferdinand.de\/wp-content\/uploads\/2025\/09\/246-targa-61-387-Stiftung-768x611.jpg 768w, https:\/\/www.enzo-und-ferdinand.de\/wp-content\/uploads\/2025\/09\/246-targa-61-387-Stiftung.jpg 1500w\" sizes=\"auto, (max-width: 810px) 100vw, 810px\" \/><figcaption class=\"wp-element-caption\">Ferrari 246SP, Targa Florio 1961 (<strong>\u00a9<\/strong> Bernard Cahier)<\/figcaption><\/figure>\n\n\n\n<p class=\"wp-block-paragraph\">Wolfgang Graf Berghe von Trips und Olivier Gendebien triumphierten 1961 bei der Targa Florio auf dem neuen Ferrari 246SP und setzten damit ein erstes Ausrufezeichen f\u00fcr die Mittelmotor-\u00c4ra der Scuderia. Ihr Sieg auf den kurvenreichen Stra\u00dfen Siziliens bewies nicht nur die Leistungsf\u00e4higkeit des innovativen V6-Motors, sondern auch die pr\u00e4zise Abstimmung von Fahrwerk, Gewicht und Aerodynamik, die den 246SP zu einem Wendepunkt in Ferraris Motorsportgeschichte machte.<\/p>\n\n\n\n<p class=\"wp-block-paragraph\">Als Ferrari im Februar 1961 den neuen 246SP vorstellte, war die \u00dcberraschung perfekt. Enzo Ferrari hatte sein Credo, ausschlie\u00dflich Frontmotor-Sportwagen einzusetzen, aufgegeben und auf eine Mittelmotor-Konstruktion gesetzt. Mit diesem Schritt begann f\u00fcr die Scuderia eine neue \u00c4ra, die ma\u00dfgeblich durch technische Innovationen gepr\u00e4gt war und die Entwicklung k\u00fcnftiger Ferrari-Prototypen entscheidend beeinflusste.<\/p>\n\n\n\n<figure class=\"wp-block-image size-large\"><img loading=\"lazy\" decoding=\"async\" width=\"810\" height=\"540\" src=\"https:\/\/www.enzo-und-ferdinand.de\/wp-content\/uploads\/2025\/09\/61-VonTrips_61_Targa_cahier-810x540.jpg\" alt=\"\" class=\"wp-image-21152\" srcset=\"https:\/\/www.enzo-und-ferdinand.de\/wp-content\/uploads\/2025\/09\/61-VonTrips_61_Targa_cahier-810x540.jpg 810w, https:\/\/www.enzo-und-ferdinand.de\/wp-content\/uploads\/2025\/09\/61-VonTrips_61_Targa_cahier-300x200.jpg 300w, https:\/\/www.enzo-und-ferdinand.de\/wp-content\/uploads\/2025\/09\/61-VonTrips_61_Targa_cahier-768x512.jpg 768w, https:\/\/www.enzo-und-ferdinand.de\/wp-content\/uploads\/2025\/09\/61-VonTrips_61_Targa_cahier-120x80.jpg 120w, https:\/\/www.enzo-und-ferdinand.de\/wp-content\/uploads\/2025\/09\/61-VonTrips_61_Targa_cahier.jpg 1500w\" sizes=\"auto, (max-width: 810px) 100vw, 810px\" \/><figcaption class=\"wp-element-caption\">Graf Trips auf Ferrari 246SP, Targa Florion 1961 (<strong>\u00a9<\/strong> Bernard Cahier)<\/figcaption><\/figure>\n\n\n\n<p class=\"wp-block-paragraph\">Der 246SP war von Beginn an als Prototyp f\u00fcr die FIA World Sportscar Championship konzipiert, die 1961 \u00fcber f\u00fcnf Rennen in den USA, Italien, Frankreich und Deutschland ausgetragen wurde. Ferrari stellte neben dem 1,5-Liter-Formel-Renner auch dieses neue Sportger\u00e4t vor, das sich durch eine besonders flache Bauweise und aerodynamische Finessen auszeichnete. Die Front wies zwei markante Lufteinl\u00e4sse im \u201eSqualo\u201c-Stil des Formel-1-Boliden auf, w\u00e4hrend das Heck durch eine ausgepr\u00e4gte Abrisskante f\u00fcr zus\u00e4tzlichen Abtrieb sorgte. M\u00f6glich wurde diese niedrige Silhouette durch den quer eingebauten V6-Mittelmotor mit 65 Grad Zylinderwinkel. Dieser Motor hatte bereits im Dino 156 Monoposto von 1957 deb\u00fctiert und war ab 1959 auch in den Frontmotor-Sportwagen Dino 196S und 246S im Einsatz. Im 246SP entschied sich Ferrari f\u00fcr die gro\u00dfvolumige Variante mit 2.417 Kubikzentimetern, die 245 PS leistete. Damit war eine H\u00f6chstgeschwindigkeit von 270 km\/h erreichbar \u2013 beachtlich f\u00fcr ein Fahrzeug, das lediglich 590 Kilogramm wog.<\/p>\n\n\n\n<p class=\"wp-block-paragraph\">Chefingenieur Carlo Chiti, ausgebildeter Luftfahrttechniker und \u00fcberzeugter Bef\u00fcrworter des Mittelmotorkonzepts, war der Kopf hinter diesem Schritt. Er hatte Commendatore Enzo Ferrari von den Vorteilen dieser Bauweise \u00fcberzeugt. Der V6 mit vier obenliegenden Nockenwellen wurde direkt hinter dem Fahrer platziert, wodurch die Balance und das Fahrverhalten deutlich verbessert wurden. Der Wagen basierte auf einem flachen Gitterrohrrahmen, \u00fcber den Karosseriebauer Medardo Fantuzzi eine leichte Aluminiumhaut spannte. Die Formgebung folgte aerodynamischen Prinzipien, die zu dieser Zeit vor allem im Flugzeugbau Anwendung fanden.<\/p>\n\n\n\n<figure class=\"wp-block-image size-large\"><img loading=\"lazy\" decoding=\"async\" width=\"810\" height=\"557\" src=\"https:\/\/www.enzo-und-ferdinand.de\/wp-content\/uploads\/2025\/09\/246-nbgr-61-390-voelker-810x557.jpg\" alt=\"\" class=\"wp-image-21155\" srcset=\"https:\/\/www.enzo-und-ferdinand.de\/wp-content\/uploads\/2025\/09\/246-nbgr-61-390-voelker-810x557.jpg 810w, https:\/\/www.enzo-und-ferdinand.de\/wp-content\/uploads\/2025\/09\/246-nbgr-61-390-voelker-300x206.jpg 300w, https:\/\/www.enzo-und-ferdinand.de\/wp-content\/uploads\/2025\/09\/246-nbgr-61-390-voelker-768x528.jpg 768w, https:\/\/www.enzo-und-ferdinand.de\/wp-content\/uploads\/2025\/09\/246-nbgr-61-390-voelker.jpg 1500w\" sizes=\"auto, (max-width: 810px) 100vw, 810px\" \/><figcaption class=\"wp-element-caption\">Graf Trips auf Ferrari 246SP, N\u00fcrburgring 1961 (<strong>\u00a9<\/strong> Bernhard V\u00f6lker)<\/figcaption><\/figure>\n\n\n\n<p class=\"wp-block-paragraph\">Optische und funktionale Details unterstrichen den technischen Anspruch. In die Kotfl\u00fcgel \u00fcber dem Haifischmaul waren Scheinwerfer unter Plexiglashauben eingelassen, der umlaufende Windabweiser des offenen Cockpits ging b\u00fcndig in das leicht erh\u00f6hte Heck \u00fcber. Die Abrisskante am Heck leitete den Luftstrom gezielt nach oben, was den Abtrieb erh\u00f6hte und damit die Fahrstabilit\u00e4t bei hohen Geschwindigkeiten verbesserte. F\u00fcr die Verz\u00f6gerung sorgten Scheibenbremsen an allen vier R\u00e4dern \u2013 eine technische Besonderheit Anfang der 1960er-Jahre. Die Einzelradaufh\u00e4ngung rundum unterst\u00fctzte das agile Fahrverhalten, das durch den kurzen Radstand von nur 2.320 Millimetern zus\u00e4tzlich gesch\u00e4rft wurde.<\/p>\n\n\n\n<p class=\"wp-block-paragraph\">Die Zahlen verdeutlichen den Fortschritt: W\u00e4hrend der Dino 196S mit 1.984 Kubikzentimetern Hubraum 195 PS leistete, bot der 246SP mit seinen 2.417 Kubik satte 245 PS. In Kombination mit dem geringen Gewicht ergab sich ein hervorragendes Leistungsgewicht. Damit war Ferrari in der Lage, in der Sportwagen-Weltmeisterschaft konkurrenzf\u00e4hig aufzutreten und gleichzeitig technologische Ma\u00dfst\u00e4be zu setzen.<\/p>\n\n\n\n<figure class=\"wp-block-image size-large\"><img loading=\"lazy\" decoding=\"async\" width=\"810\" height=\"540\" src=\"https:\/\/www.enzo-und-ferdinand.de\/wp-content\/uploads\/2025\/09\/62-Ferrari-246SP_62_Targa_cahier-810x540.jpg\" alt=\"\" class=\"wp-image-21149\" srcset=\"https:\/\/www.enzo-und-ferdinand.de\/wp-content\/uploads\/2025\/09\/62-Ferrari-246SP_62_Targa_cahier-810x540.jpg 810w, https:\/\/www.enzo-und-ferdinand.de\/wp-content\/uploads\/2025\/09\/62-Ferrari-246SP_62_Targa_cahier-300x200.jpg 300w, https:\/\/www.enzo-und-ferdinand.de\/wp-content\/uploads\/2025\/09\/62-Ferrari-246SP_62_Targa_cahier-768x512.jpg 768w, https:\/\/www.enzo-und-ferdinand.de\/wp-content\/uploads\/2025\/09\/62-Ferrari-246SP_62_Targa_cahier-120x80.jpg 120w, https:\/\/www.enzo-und-ferdinand.de\/wp-content\/uploads\/2025\/09\/62-Ferrari-246SP_62_Targa_cahier.jpg 1500w\" sizes=\"auto, (max-width: 810px) 100vw, 810px\" \/><figcaption class=\"wp-element-caption\">Ferrari 246SP, Targa Florio 1962 (<strong>\u00a9<\/strong> Bernard Cahier)<\/figcaption><\/figure>\n\n\n\n<p class=\"wp-block-paragraph\">Die Pr\u00e4sentation am 13. Februar 1961 in Maranello steht f\u00fcr eine neue Epoche\u201a in der Geschichte der Scuderia. Erstmals stellte sich Ferrari mit einem Mittelmotor-Sportwagen dem Wettbewerb. F\u00fcr Enzo Ferrari, der bislang am Frontmotor festgehalten hatte, war dies ein Paradigmenwechsel. Der Schritt erwies sich als richtungsweisend: K\u00fcnftige Ferrari-Prototypen folgten dem Konzept, das langfristig Standard im internationalen Motorsport werden sollte.<\/p>\n\n\n\n<p class=\"has-text-align-left wp-block-paragraph\">Der 246SP verband Leichtbau, Aerodynamik und Motorentechnik in einer bis dahin bei Ferrari nicht gesehenen Konsequenz. Er war das Resultat technischer \u00dcberzeugungsarbeit und vision\u00e4rer Ingenieurskunst. Die Rennsaison 1961 mit Stationen in Sebring, Targa Florio, \u2248 Le Mans, am N\u00fcrburgring und Pescara wurde so zum Schauplatz f\u00fcr ein Fahrzeug, das nicht nur in Zahlen, sondern auch in seiner Wirkung Geschichte schrieb.<\/p>\n\n\n\n<figure class=\"wp-block-gallery has-nested-images columns-default is-cropped wp-block-gallery-1 is-layout-flex wp-block-gallery-is-layout-flex\">\n<figure class=\"wp-block-image size-large\"><img loading=\"lazy\" decoding=\"async\" width=\"810\" height=\"540\" data-id=\"21150\" src=\"https:\/\/www.enzo-und-ferdinand.de\/wp-content\/uploads\/2025\/09\/Ferrari-Dino-246SP-810x540.jpg\" alt=\"\" class=\"wp-image-21150\" srcset=\"https:\/\/www.enzo-und-ferdinand.de\/wp-content\/uploads\/2025\/09\/Ferrari-Dino-246SP-810x540.jpg 810w, https:\/\/www.enzo-und-ferdinand.de\/wp-content\/uploads\/2025\/09\/Ferrari-Dino-246SP-300x200.jpg 300w, https:\/\/www.enzo-und-ferdinand.de\/wp-content\/uploads\/2025\/09\/Ferrari-Dino-246SP-768x512.jpg 768w, https:\/\/www.enzo-und-ferdinand.de\/wp-content\/uploads\/2025\/09\/Ferrari-Dino-246SP-120x80.jpg 120w, https:\/\/www.enzo-und-ferdinand.de\/wp-content\/uploads\/2025\/09\/Ferrari-Dino-246SP.jpg 1500w\" sizes=\"auto, (max-width: 810px) 100vw, 810px\" \/><figcaption class=\"wp-element-caption\">Jason Stuart Wrights Ferrari Dino 246SP Recreation in der 1961er Spezifikation<\/figcaption><\/figure>\n\n\n\n<figure class=\"wp-block-image size-large\"><img loading=\"lazy\" decoding=\"async\" width=\"810\" height=\"540\" data-id=\"21146\" src=\"https:\/\/www.enzo-und-ferdinand.de\/wp-content\/uploads\/2025\/09\/03_0790-Loh-810x540.jpg\" alt=\"\" class=\"wp-image-21146\" srcset=\"https:\/\/www.enzo-und-ferdinand.de\/wp-content\/uploads\/2025\/09\/03_0790-Loh-810x540.jpg 810w, https:\/\/www.enzo-und-ferdinand.de\/wp-content\/uploads\/2025\/09\/03_0790-Loh-300x200.jpg 300w, https:\/\/www.enzo-und-ferdinand.de\/wp-content\/uploads\/2025\/09\/03_0790-Loh-768x512.jpg 768w, https:\/\/www.enzo-und-ferdinand.de\/wp-content\/uploads\/2025\/09\/03_0790-Loh-120x80.jpg 120w, https:\/\/www.enzo-und-ferdinand.de\/wp-content\/uploads\/2025\/09\/03_0790-Loh.jpg 1500w\" sizes=\"auto, (max-width: 810px) 100vw, 810px\" \/><figcaption class=\"wp-element-caption\">Ferrari Dino 246SP aus der Loh Collection, Version 1962<\/figcaption><\/figure>\n<\/figure>\n\n\n\n<p class=\"has-text-align-right has-small-font-size wp-block-paragraph\">Fotos: Bernard Cahier (3), Bernhard V\u00f6lker (2), Rainer Ro\u00dfbach (2)\/Text: Rainer Ro\u00dfbach<\/p>\n\n\n\n<p class=\"wp-block-paragraph\"><\/p>\n","protected":false},"excerpt":{"rendered":"<p>Wolfgang Graf Berghe von Trips und Olivier Gendebien triumphierten 1961 bei der Targa Florio auf dem neuen Ferrari 246SP und setzten damit ein erstes Ausrufezeichen f\u00fcr die Mittelmotor-\u00c4ra der Scuderia. Ihr Sieg auf den kurvenreichen Stra\u00dfen Siziliens bewies nicht nur die Leistungsf\u00e4higkeit des innovativen V6-Motors, sondern auch die pr\u00e4zise Abstimmung von Fahrwerk, Gewicht und Aerodynamik, die den 246SP zu einem Wendepunkt in Ferraris Motorsportgeschichte machte.<\/p>\n","protected":false},"author":1,"featured_media":21154,"comment_status":"open","ping_status":"open","sticky":false,"template":"","format":"standard","meta":{"_crdt_document":"","ngg_post_thumbnail":0,"footnotes":""},"categories":[13,5,586],"tags":[184],"class_list":["post-21036","post","type-post","status-publish","format-standard","has-post-thumbnail","hentry","category-ikonen","category-rennsport","category-technologie","tag-ferrari"],"yoast_head":"<!-- This site is optimized with the Yoast SEO plugin v27.5 - https:\/\/yoast.com\/product\/yoast-seo-wordpress\/ -->\n<title>Zeitenwende: Ferrari 246SP (1961)<\/title>\n<meta name=\"description\" content=\"Entdecke Artikel im Bereich bei Enzo &amp; Ferdinand. Aktuelle News, Hintergr\u00fcnde und Technik aus der Welt exklusiver Automobile.\" \/>\n<meta name=\"robots\" content=\"index, follow, max-snippet:-1, max-image-preview:large, max-video-preview:-1\" \/>\n<link rel=\"canonical\" href=\"https:\/\/www.enzo-und-ferdinand.de\/index.php\/2025\/10\/02\/zeitenwende-ferrari-246sp-1961\/\" \/>\n<meta property=\"og:locale\" content=\"de_DE\" \/>\n<meta property=\"og:type\" content=\"article\" \/>\n<meta property=\"og:title\" content=\"Zeitenwende: Ferrari 246SP (1961)\" \/>\n<meta property=\"og:description\" content=\"Entdecke Artikel im Bereich bei Enzo &amp; Ferdinand. Aktuelle News, Hintergr\u00fcnde und Technik aus der Welt exklusiver Automobile.\" \/>\n<meta property=\"og:url\" content=\"https:\/\/www.enzo-und-ferdinand.de\/index.php\/2025\/10\/02\/zeitenwende-ferrari-246sp-1961\/\" \/>\n<meta property=\"og:site_name\" content=\"enzo &amp; Ferdinand\" \/>\n<meta property=\"article:published_time\" content=\"2025-10-02T07:48:11+00:00\" \/>\n<meta property=\"article:modified_time\" content=\"2025-10-02T07:59:57+00:00\" \/>\n<meta property=\"og:image\" content=\"https:\/\/www.enzo-und-ferdinand.de\/wp-content\/uploads\/2025\/09\/246-306-voelker.jpg\" \/>\n\t<meta property=\"og:image:width\" content=\"1500\" \/>\n\t<meta property=\"og:image:height\" content=\"1115\" \/>\n\t<meta property=\"og:image:type\" content=\"image\/jpeg\" \/>\n<meta name=\"author\" content=\"Rainer Ro\u00dfbach\" \/>\n<meta name=\"twitter:card\" content=\"summary_large_image\" \/>\n<meta name=\"twitter:label1\" content=\"Verfasst von\" \/>\n\t<meta name=\"twitter:data1\" content=\"Rainer Ro\u00dfbach\" \/>\n\t<meta name=\"twitter:label2\" content=\"Gesch\u00e4tzte Lesezeit\" \/>\n\t<meta name=\"twitter:data2\" content=\"6\u00a0Minuten\" \/>\n<script type=\"application\/ld+json\" class=\"yoast-schema-graph\">{\"@context\":\"https:\\\/\\\/schema.org\",\"@graph\":[{\"@type\":\"Article\",\"@id\":\"https:\\\/\\\/www.enzo-und-ferdinand.de\\\/index.php\\\/2025\\\/10\\\/02\\\/zeitenwende-ferrari-246sp-1961\\\/#article\",\"isPartOf\":{\"@id\":\"https:\\\/\\\/www.enzo-und-ferdinand.de\\\/index.php\\\/2025\\\/10\\\/02\\\/zeitenwende-ferrari-246sp-1961\\\/\"},\"author\":{\"name\":\"Rainer Ro\u00dfbach\",\"@id\":\"https:\\\/\\\/www.enzo-und-ferdinand.de\\\/#\\\/schema\\\/person\\\/aff2eb9ff87705987c1b9d21fe10b095\"},\"headline\":\"Zeitenwende: Ferrari 246SP (1961)\",\"datePublished\":\"2025-10-02T07:48:11+00:00\",\"dateModified\":\"2025-10-02T07:59:57+00:00\",\"mainEntityOfPage\":{\"@id\":\"https:\\\/\\\/www.enzo-und-ferdinand.de\\\/index.php\\\/2025\\\/10\\\/02\\\/zeitenwende-ferrari-246sp-1961\\\/\"},\"wordCount\":700,\"commentCount\":0,\"publisher\":{\"@id\":\"https:\\\/\\\/www.enzo-und-ferdinand.de\\\/#organization\"},\"image\":{\"@id\":\"https:\\\/\\\/www.enzo-und-ferdinand.de\\\/index.php\\\/2025\\\/10\\\/02\\\/zeitenwende-ferrari-246sp-1961\\\/#primaryimage\"},\"thumbnailUrl\":\"https:\\\/\\\/www.enzo-und-ferdinand.de\\\/wp-content\\\/uploads\\\/2025\\\/09\\\/246-306-voelker.jpg\",\"keywords\":[\"Ferrari\"],\"articleSection\":[\"Ikonen\",\"Rennsport\",\"Technologie\"],\"inLanguage\":\"de\",\"potentialAction\":[{\"@type\":\"CommentAction\",\"name\":\"Comment\",\"target\":[\"https:\\\/\\\/www.enzo-und-ferdinand.de\\\/index.php\\\/2025\\\/10\\\/02\\\/zeitenwende-ferrari-246sp-1961\\\/#respond\"]}]},{\"@type\":\"WebPage\",\"@id\":\"https:\\\/\\\/www.enzo-und-ferdinand.de\\\/index.php\\\/2025\\\/10\\\/02\\\/zeitenwende-ferrari-246sp-1961\\\/\",\"url\":\"https:\\\/\\\/www.enzo-und-ferdinand.de\\\/index.php\\\/2025\\\/10\\\/02\\\/zeitenwende-ferrari-246sp-1961\\\/\",\"name\":\"Zeitenwende: Ferrari 246SP (1961)\",\"isPartOf\":{\"@id\":\"https:\\\/\\\/www.enzo-und-ferdinand.de\\\/#website\"},\"primaryImageOfPage\":{\"@id\":\"https:\\\/\\\/www.enzo-und-ferdinand.de\\\/index.php\\\/2025\\\/10\\\/02\\\/zeitenwende-ferrari-246sp-1961\\\/#primaryimage\"},\"image\":{\"@id\":\"https:\\\/\\\/www.enzo-und-ferdinand.de\\\/index.php\\\/2025\\\/10\\\/02\\\/zeitenwende-ferrari-246sp-1961\\\/#primaryimage\"},\"thumbnailUrl\":\"https:\\\/\\\/www.enzo-und-ferdinand.de\\\/wp-content\\\/uploads\\\/2025\\\/09\\\/246-306-voelker.jpg\",\"datePublished\":\"2025-10-02T07:48:11+00:00\",\"dateModified\":\"2025-10-02T07:59:57+00:00\",\"description\":\"Entdecke Artikel im Bereich bei Enzo & Ferdinand. Aktuelle News, Hintergr\u00fcnde und Technik aus der Welt exklusiver Automobile.\",\"breadcrumb\":{\"@id\":\"https:\\\/\\\/www.enzo-und-ferdinand.de\\\/index.php\\\/2025\\\/10\\\/02\\\/zeitenwende-ferrari-246sp-1961\\\/#breadcrumb\"},\"inLanguage\":\"de\",\"potentialAction\":[{\"@type\":\"ReadAction\",\"target\":[\"https:\\\/\\\/www.enzo-und-ferdinand.de\\\/index.php\\\/2025\\\/10\\\/02\\\/zeitenwende-ferrari-246sp-1961\\\/\"]}]},{\"@type\":\"ImageObject\",\"inLanguage\":\"de\",\"@id\":\"https:\\\/\\\/www.enzo-und-ferdinand.de\\\/index.php\\\/2025\\\/10\\\/02\\\/zeitenwende-ferrari-246sp-1961\\\/#primaryimage\",\"url\":\"https:\\\/\\\/www.enzo-und-ferdinand.de\\\/wp-content\\\/uploads\\\/2025\\\/09\\\/246-306-voelker.jpg\",\"contentUrl\":\"https:\\\/\\\/www.enzo-und-ferdinand.de\\\/wp-content\\\/uploads\\\/2025\\\/09\\\/246-306-voelker.jpg\",\"width\":1500,\"height\":1115},{\"@type\":\"BreadcrumbList\",\"@id\":\"https:\\\/\\\/www.enzo-und-ferdinand.de\\\/index.php\\\/2025\\\/10\\\/02\\\/zeitenwende-ferrari-246sp-1961\\\/#breadcrumb\",\"itemListElement\":[{\"@type\":\"ListItem\",\"position\":1,\"name\":\"Startseite\",\"item\":\"https:\\\/\\\/www.enzo-und-ferdinand.de\\\/\"},{\"@type\":\"ListItem\",\"position\":2,\"name\":\"Zeitenwende: Ferrari 246SP (1961)\"}]},{\"@type\":\"WebSite\",\"@id\":\"https:\\\/\\\/www.enzo-und-ferdinand.de\\\/#website\",\"url\":\"https:\\\/\\\/www.enzo-und-ferdinand.de\\\/\",\"name\":\"enzo & Ferdinand\",\"description\":\"\",\"publisher\":{\"@id\":\"https:\\\/\\\/www.enzo-und-ferdinand.de\\\/#organization\"},\"potentialAction\":[{\"@type\":\"SearchAction\",\"target\":{\"@type\":\"EntryPoint\",\"urlTemplate\":\"https:\\\/\\\/www.enzo-und-ferdinand.de\\\/?s={search_term_string}\"},\"query-input\":{\"@type\":\"PropertyValueSpecification\",\"valueRequired\":true,\"valueName\":\"search_term_string\"}}],\"inLanguage\":\"de\"},{\"@type\":\"Organization\",\"@id\":\"https:\\\/\\\/www.enzo-und-ferdinand.de\\\/#organization\",\"name\":\"enzo & Ferdinand\",\"url\":\"https:\\\/\\\/www.enzo-und-ferdinand.de\\\/\",\"logo\":{\"@type\":\"ImageObject\",\"inLanguage\":\"de\",\"@id\":\"https:\\\/\\\/www.enzo-und-ferdinand.de\\\/#\\\/schema\\\/logo\\\/image\\\/\",\"url\":\"https:\\\/\\\/www.enzo-und-ferdinand.de\\\/wp-content\\\/uploads\\\/2018\\\/12\\\/revvvs-icon.png\",\"contentUrl\":\"https:\\\/\\\/www.enzo-und-ferdinand.de\\\/wp-content\\\/uploads\\\/2018\\\/12\\\/revvvs-icon.png\",\"width\":512,\"height\":512,\"caption\":\"enzo & Ferdinand\"},\"image\":{\"@id\":\"https:\\\/\\\/www.enzo-und-ferdinand.de\\\/#\\\/schema\\\/logo\\\/image\\\/\"}},{\"@type\":\"Person\",\"@id\":\"https:\\\/\\\/www.enzo-und-ferdinand.de\\\/#\\\/schema\\\/person\\\/aff2eb9ff87705987c1b9d21fe10b095\",\"name\":\"Rainer Ro\u00dfbach\",\"image\":{\"@type\":\"ImageObject\",\"inLanguage\":\"de\",\"@id\":\"https:\\\/\\\/www.enzo-und-ferdinand.de\\\/wp-content\\\/uploads\\\/2026\\\/01\\\/Rainer-Rossbach-150x150.jpg\",\"url\":\"https:\\\/\\\/www.enzo-und-ferdinand.de\\\/wp-content\\\/uploads\\\/2026\\\/01\\\/Rainer-Rossbach-150x150.jpg\",\"contentUrl\":\"https:\\\/\\\/www.enzo-und-ferdinand.de\\\/wp-content\\\/uploads\\\/2026\\\/01\\\/Rainer-Rossbach-150x150.jpg\",\"caption\":\"Rainer Ro\u00dfbach\"},\"url\":\"https:\\\/\\\/www.enzo-und-ferdinand.de\\\/index.php\\\/author\\\/redaktion\\\/\"}]}<\/script>\n<!-- \/ Yoast SEO plugin. -->","yoast_head_json":{"title":"Zeitenwende: Ferrari 246SP (1961)","description":"Entdecke Artikel im Bereich bei Enzo & Ferdinand. Aktuelle News, Hintergr\u00fcnde und Technik aus der Welt exklusiver Automobile.","robots":{"index":"index","follow":"follow","max-snippet":"max-snippet:-1","max-image-preview":"max-image-preview:large","max-video-preview":"max-video-preview:-1"},"canonical":"https:\/\/www.enzo-und-ferdinand.de\/index.php\/2025\/10\/02\/zeitenwende-ferrari-246sp-1961\/","og_locale":"de_DE","og_type":"article","og_title":"Zeitenwende: Ferrari 246SP (1961)","og_description":"Entdecke Artikel im Bereich bei Enzo & Ferdinand. Aktuelle News, Hintergr\u00fcnde und Technik aus der Welt exklusiver Automobile.","og_url":"https:\/\/www.enzo-und-ferdinand.de\/index.php\/2025\/10\/02\/zeitenwende-ferrari-246sp-1961\/","og_site_name":"enzo &amp; Ferdinand","article_published_time":"2025-10-02T07:48:11+00:00","article_modified_time":"2025-10-02T07:59:57+00:00","og_image":[{"width":1500,"height":1115,"url":"https:\/\/www.enzo-und-ferdinand.de\/wp-content\/uploads\/2025\/09\/246-306-voelker.jpg","type":"image\/jpeg"}],"author":"Rainer Ro\u00dfbach","twitter_card":"summary_large_image","twitter_misc":{"Verfasst von":"Rainer Ro\u00dfbach","Gesch\u00e4tzte Lesezeit":"6\u00a0Minuten"},"schema":{"@context":"https:\/\/schema.org","@graph":[{"@type":"Article","@id":"https:\/\/www.enzo-und-ferdinand.de\/index.php\/2025\/10\/02\/zeitenwende-ferrari-246sp-1961\/#article","isPartOf":{"@id":"https:\/\/www.enzo-und-ferdinand.de\/index.php\/2025\/10\/02\/zeitenwende-ferrari-246sp-1961\/"},"author":{"name":"Rainer Ro\u00dfbach","@id":"https:\/\/www.enzo-und-ferdinand.de\/#\/schema\/person\/aff2eb9ff87705987c1b9d21fe10b095"},"headline":"Zeitenwende: Ferrari 246SP (1961)","datePublished":"2025-10-02T07:48:11+00:00","dateModified":"2025-10-02T07:59:57+00:00","mainEntityOfPage":{"@id":"https:\/\/www.enzo-und-ferdinand.de\/index.php\/2025\/10\/02\/zeitenwende-ferrari-246sp-1961\/"},"wordCount":700,"commentCount":0,"publisher":{"@id":"https:\/\/www.enzo-und-ferdinand.de\/#organization"},"image":{"@id":"https:\/\/www.enzo-und-ferdinand.de\/index.php\/2025\/10\/02\/zeitenwende-ferrari-246sp-1961\/#primaryimage"},"thumbnailUrl":"https:\/\/www.enzo-und-ferdinand.de\/wp-content\/uploads\/2025\/09\/246-306-voelker.jpg","keywords":["Ferrari"],"articleSection":["Ikonen","Rennsport","Technologie"],"inLanguage":"de","potentialAction":[{"@type":"CommentAction","name":"Comment","target":["https:\/\/www.enzo-und-ferdinand.de\/index.php\/2025\/10\/02\/zeitenwende-ferrari-246sp-1961\/#respond"]}]},{"@type":"WebPage","@id":"https:\/\/www.enzo-und-ferdinand.de\/index.php\/2025\/10\/02\/zeitenwende-ferrari-246sp-1961\/","url":"https:\/\/www.enzo-und-ferdinand.de\/index.php\/2025\/10\/02\/zeitenwende-ferrari-246sp-1961\/","name":"Zeitenwende: Ferrari 246SP (1961)","isPartOf":{"@id":"https:\/\/www.enzo-und-ferdinand.de\/#website"},"primaryImageOfPage":{"@id":"https:\/\/www.enzo-und-ferdinand.de\/index.php\/2025\/10\/02\/zeitenwende-ferrari-246sp-1961\/#primaryimage"},"image":{"@id":"https:\/\/www.enzo-und-ferdinand.de\/index.php\/2025\/10\/02\/zeitenwende-ferrari-246sp-1961\/#primaryimage"},"thumbnailUrl":"https:\/\/www.enzo-und-ferdinand.de\/wp-content\/uploads\/2025\/09\/246-306-voelker.jpg","datePublished":"2025-10-02T07:48:11+00:00","dateModified":"2025-10-02T07:59:57+00:00","description":"Entdecke Artikel im Bereich bei Enzo & Ferdinand. Aktuelle News, Hintergr\u00fcnde und Technik aus der Welt exklusiver Automobile.","breadcrumb":{"@id":"https:\/\/www.enzo-und-ferdinand.de\/index.php\/2025\/10\/02\/zeitenwende-ferrari-246sp-1961\/#breadcrumb"},"inLanguage":"de","potentialAction":[{"@type":"ReadAction","target":["https:\/\/www.enzo-und-ferdinand.de\/index.php\/2025\/10\/02\/zeitenwende-ferrari-246sp-1961\/"]}]},{"@type":"ImageObject","inLanguage":"de","@id":"https:\/\/www.enzo-und-ferdinand.de\/index.php\/2025\/10\/02\/zeitenwende-ferrari-246sp-1961\/#primaryimage","url":"https:\/\/www.enzo-und-ferdinand.de\/wp-content\/uploads\/2025\/09\/246-306-voelker.jpg","contentUrl":"https:\/\/www.enzo-und-ferdinand.de\/wp-content\/uploads\/2025\/09\/246-306-voelker.jpg","width":1500,"height":1115},{"@type":"BreadcrumbList","@id":"https:\/\/www.enzo-und-ferdinand.de\/index.php\/2025\/10\/02\/zeitenwende-ferrari-246sp-1961\/#breadcrumb","itemListElement":[{"@type":"ListItem","position":1,"name":"Startseite","item":"https:\/\/www.enzo-und-ferdinand.de\/"},{"@type":"ListItem","position":2,"name":"Zeitenwende: Ferrari 246SP (1961)"}]},{"@type":"WebSite","@id":"https:\/\/www.enzo-und-ferdinand.de\/#website","url":"https:\/\/www.enzo-und-ferdinand.de\/","name":"enzo & Ferdinand","description":"","publisher":{"@id":"https:\/\/www.enzo-und-ferdinand.de\/#organization"},"potentialAction":[{"@type":"SearchAction","target":{"@type":"EntryPoint","urlTemplate":"https:\/\/www.enzo-und-ferdinand.de\/?s={search_term_string}"},"query-input":{"@type":"PropertyValueSpecification","valueRequired":true,"valueName":"search_term_string"}}],"inLanguage":"de"},{"@type":"Organization","@id":"https:\/\/www.enzo-und-ferdinand.de\/#organization","name":"enzo & Ferdinand","url":"https:\/\/www.enzo-und-ferdinand.de\/","logo":{"@type":"ImageObject","inLanguage":"de","@id":"https:\/\/www.enzo-und-ferdinand.de\/#\/schema\/logo\/image\/","url":"https:\/\/www.enzo-und-ferdinand.de\/wp-content\/uploads\/2018\/12\/revvvs-icon.png","contentUrl":"https:\/\/www.enzo-und-ferdinand.de\/wp-content\/uploads\/2018\/12\/revvvs-icon.png","width":512,"height":512,"caption":"enzo & Ferdinand"},"image":{"@id":"https:\/\/www.enzo-und-ferdinand.de\/#\/schema\/logo\/image\/"}},{"@type":"Person","@id":"https:\/\/www.enzo-und-ferdinand.de\/#\/schema\/person\/aff2eb9ff87705987c1b9d21fe10b095","name":"Rainer Ro\u00dfbach","image":{"@type":"ImageObject","inLanguage":"de","@id":"https:\/\/www.enzo-und-ferdinand.de\/wp-content\/uploads\/2026\/01\/Rainer-Rossbach-150x150.jpg","url":"https:\/\/www.enzo-und-ferdinand.de\/wp-content\/uploads\/2026\/01\/Rainer-Rossbach-150x150.jpg","contentUrl":"https:\/\/www.enzo-und-ferdinand.de\/wp-content\/uploads\/2026\/01\/Rainer-Rossbach-150x150.jpg","caption":"Rainer Ro\u00dfbach"},"url":"https:\/\/www.enzo-und-ferdinand.de\/index.php\/author\/redaktion\/"}]}},"_links":{"self":[{"href":"https:\/\/www.enzo-und-ferdinand.de\/index.php\/wp-json\/wp\/v2\/posts\/21036","targetHints":{"allow":["GET"]}}],"collection":[{"href":"https:\/\/www.enzo-und-ferdinand.de\/index.php\/wp-json\/wp\/v2\/posts"}],"about":[{"href":"https:\/\/www.enzo-und-ferdinand.de\/index.php\/wp-json\/wp\/v2\/types\/post"}],"author":[{"embeddable":true,"href":"https:\/\/www.enzo-und-ferdinand.de\/index.php\/wp-json\/wp\/v2\/users\/1"}],"replies":[{"embeddable":true,"href":"https:\/\/www.enzo-und-ferdinand.de\/index.php\/wp-json\/wp\/v2\/comments?post=21036"}],"version-history":[{"count":10,"href":"https:\/\/www.enzo-und-ferdinand.de\/index.php\/wp-json\/wp\/v2\/posts\/21036\/revisions"}],"predecessor-version":[{"id":21175,"href":"https:\/\/www.enzo-und-ferdinand.de\/index.php\/wp-json\/wp\/v2\/posts\/21036\/revisions\/21175"}],"wp:featuredmedia":[{"embeddable":true,"href":"https:\/\/www.enzo-und-ferdinand.de\/index.php\/wp-json\/wp\/v2\/media\/21154"}],"wp:attachment":[{"href":"https:\/\/www.enzo-und-ferdinand.de\/index.php\/wp-json\/wp\/v2\/media?parent=21036"}],"wp:term":[{"taxonomy":"category","embeddable":true,"href":"https:\/\/www.enzo-und-ferdinand.de\/index.php\/wp-json\/wp\/v2\/categories?post=21036"},{"taxonomy":"post_tag","embeddable":true,"href":"https:\/\/www.enzo-und-ferdinand.de\/index.php\/wp-json\/wp\/v2\/tags?post=21036"}],"curies":[{"name":"wp","href":"https:\/\/api.w.org\/{rel}","templated":true}]}}