{"id":21039,"date":"2025-09-11T08:08:07","date_gmt":"2025-09-11T06:08:07","guid":{"rendered":"https:\/\/www.enzo-und-ferdinand.de\/?p=21039"},"modified":"2025-09-11T08:08:08","modified_gmt":"2025-09-11T06:08:08","slug":"polestar-5-elektro-gt-mit-650-kw","status":"publish","type":"post","link":"https:\/\/www.enzo-und-ferdinand.de\/index.php\/2025\/09\/11\/polestar-5-elektro-gt-mit-650-kw\/","title":{"rendered":"Polestar 5: Elektro-GT mit 650 kW"},"content":{"rendered":"\n<figure class=\"wp-block-image size-large\"><img loading=\"lazy\" decoding=\"async\" width=\"810\" height=\"540\" src=\"https:\/\/www.enzo-und-ferdinand.de\/wp-content\/uploads\/2025\/09\/Polestar5-4-810x540.jpg\" alt=\"Polestar 5\" class=\"wp-image-21067\" srcset=\"https:\/\/www.enzo-und-ferdinand.de\/wp-content\/uploads\/2025\/09\/Polestar5-4-810x540.jpg 810w, https:\/\/www.enzo-und-ferdinand.de\/wp-content\/uploads\/2025\/09\/Polestar5-4-300x200.jpg 300w, https:\/\/www.enzo-und-ferdinand.de\/wp-content\/uploads\/2025\/09\/Polestar5-4-768x512.jpg 768w, https:\/\/www.enzo-und-ferdinand.de\/wp-content\/uploads\/2025\/09\/Polestar5-4-120x80.jpg 120w, https:\/\/www.enzo-und-ferdinand.de\/wp-content\/uploads\/2025\/09\/Polestar5-4.jpg 1500w\" sizes=\"auto, (max-width: 810px) 100vw, 810px\" \/><\/figure>\n\n\n\n<p class=\"wp-block-paragraph\">Der viert\u00fcrige Performance-Grand-Tourer ist das neue Flaggschiff der Marke und basiert auf dem 2020 pr\u00e4sentierten Konzeptfahrzeug Precept und ist ab sofort in zwei Varianten erh\u00e4ltlich: als Polestar 5 Dual Motor ab 119.900 Euro und als Polestar 5 Performance ab 142.900 Euro. Herzst\u00fcck ist eine neue Plattform aus hei\u00dfverklebtem Aluminium. Sie kombiniert geringes Gewicht mit hoher Steifigkeit und integriert die Traktionsbatterie strukturell. Polestar gibt an, dass die Torsionssteifigkeit selbst die Werte klassischer Supersportwagen \u00fcbertrifft. Zum Einsatz kommt eine 112-kWh-Lithium-Ionen-Batterie (106 kWh nutzbar), die \u00fcber eine 800-Volt-Architektur mit bis zu 350 kW geladen werden kann. Der Ladevorgang von 10 auf 80 Prozent dauert nur 22 Minuten. Die Reichweite betr\u00e4gt bis zu 670 Kilometer (WLTP) im Dual Motor, 565 Kilometer in der Performance-Version.<\/p>\n\n\n\n<p class=\"wp-block-paragraph\">Die Antriebe wurden intern entwickelt. Der Polestar 5 Dual Motor leistet 550 kW und 812 Nm, die Performance-Version 650 kW und 1.015 Nm. Damit beschleunigt der GT je nach Variante in 3,9 beziehungsweise 3,2 Sekunden von null auf 100 km\/h, die H\u00f6chstgeschwindigkeit liegt bei 250 km\/h. F\u00fcr Effizienz kann der hintere Motor im Dual Motor entkoppelt werden.<\/p>\n\n\n\n<p class=\"wp-block-paragraph\">Das Fahrwerk des Dual Motor nutzt passive BWI-D\u00e4mpfer, w\u00e4hrend der Polestar 5 Performance ein adaptives MagneRide-System mit extrem schneller Reaktionszeit einsetzt. F\u00fcr Verz\u00f6gerung sorgen zweiteilige 400-mm-Aluminiumscheiben in Verbindung mit Brembo-Vierkolbens\u00e4tteln, die zw\u00f6lf Kilogramm Gewicht gegen\u00fcber den SUV-Bremsen der Marke einsparen. Michelin-Reifen zwischen 20 und 22 Zoll wurden eigens entwickelt.<\/p>\n\n\n\n<figure class=\"wp-block-image size-large\"><img loading=\"lazy\" decoding=\"async\" width=\"810\" height=\"540\" src=\"https:\/\/www.enzo-und-ferdinand.de\/wp-content\/uploads\/2025\/09\/Polestar5-2-810x540.jpg\" alt=\"Polestar 5\" class=\"wp-image-21065\" srcset=\"https:\/\/www.enzo-und-ferdinand.de\/wp-content\/uploads\/2025\/09\/Polestar5-2-810x540.jpg 810w, https:\/\/www.enzo-und-ferdinand.de\/wp-content\/uploads\/2025\/09\/Polestar5-2-300x200.jpg 300w, https:\/\/www.enzo-und-ferdinand.de\/wp-content\/uploads\/2025\/09\/Polestar5-2-768x512.jpg 768w, https:\/\/www.enzo-und-ferdinand.de\/wp-content\/uploads\/2025\/09\/Polestar5-2-120x80.jpg 120w, https:\/\/www.enzo-und-ferdinand.de\/wp-content\/uploads\/2025\/09\/Polestar5-2.jpg 1500w\" sizes=\"auto, (max-width: 810px) 100vw, 810px\" \/><\/figure>\n\n\n\n<p class=\"wp-block-paragraph\">Auch die Aerodynamik setzt Ma\u00dfst\u00e4be. Der cw-Wert betr\u00e4gt 0,24, erreicht durch b\u00fcndige Verglasung, versenkbare T\u00fcrgriffe, eine optimierte Front mit SmartZone und ein Kamm-Heck mit integriertem Diffusor. Besonders markant ist das \u00fcber zwei Meter lange Panoramadach, w\u00e4hrend auf eine Heckscheibe zugunsten eines digitalen R\u00fcckspiegels verzichtet wird.<\/p>\n\n\n\n<p class=\"wp-block-paragraph\">Der Innenraum kombiniert Performance mit Nachhaltigkeit. In Kooperation mit Recaro entwickelte Sitze bieten niedrigen H\u00fcftpunkt, Seitenhalt und Komfortfunktionen. Biobasierte Materialien wie Flachsfasern, NFPP-Verkleidungen und Econyl-Teppiche reduzieren den CO\u2082-Fu\u00dfabdruck. Ein 14,5-Zoll-Display mit Android Automotive OS und Google-Integration bildet die technologische Basis, erg\u00e4nzt durch ein Head-up-Display und ein 9-Zoll-Fahrerdisplay. Optional sorgt ein Bowers &amp; Wilkins-System mit 21 Lautsprechern f\u00fcr Klangqualit\u00e4t.<\/p>\n\n\n\n<p class=\"wp-block-paragraph\">Zur Sicherheitsausstattung geh\u00f6ren elf Kameras, zw\u00f6lf Ultraschallsensoren, Radar sowie acht Airbags. Pilot Assist unterst\u00fctzt teilautonomes Fahren bis 150 km\/h. Der Polestar 5 vereint damit Leistungsst\u00e4rke, fortschrittliche Technik und Nachhaltigkeit zu einem Grand Tourer, der die Marke technologisch an die Spitze ihrer Klasse setzt.<\/p>\n\n\n\n<figure class=\"wp-block-image size-large\"><img loading=\"lazy\" decoding=\"async\" width=\"810\" height=\"608\" src=\"https:\/\/www.enzo-und-ferdinand.de\/wp-content\/uploads\/2025\/09\/Polestar5-3-810x608.jpg\" alt=\"Polestar 5\" class=\"wp-image-21066\" srcset=\"https:\/\/www.enzo-und-ferdinand.de\/wp-content\/uploads\/2025\/09\/Polestar5-3-810x608.jpg 810w, https:\/\/www.enzo-und-ferdinand.de\/wp-content\/uploads\/2025\/09\/Polestar5-3-300x225.jpg 300w, https:\/\/www.enzo-und-ferdinand.de\/wp-content\/uploads\/2025\/09\/Polestar5-3-768x576.jpg 768w, https:\/\/www.enzo-und-ferdinand.de\/wp-content\/uploads\/2025\/09\/Polestar5-3.jpg 1500w\" sizes=\"auto, (max-width: 810px) 100vw, 810px\" \/><\/figure>\n\n\n\n<p class=\"has-text-align-right wp-block-paragraph\">Fotos: Polestar\/Text: Rainer Ro\u00dfbach<\/p>\n\n\n\n<p class=\"wp-block-paragraph\"><\/p>\n","protected":false},"excerpt":{"rendered":"<p>Der viert\u00fcrige Performance-Grand-Tourer ist das neue Flaggschiff der Marke und basiert auf dem 2020 pr\u00e4sentierten Konzeptfahrzeug Precept und ist ab sofort in zwei Varianten erh\u00e4ltlich: als Polestar 5 Dual Motor ab 119.900 Euro und als Polestar 5 Performance ab 142.900 Euro. Herzst\u00fcck ist eine neue Plattform aus hei\u00dfverklebtem Aluminium. Sie kombiniert geringes Gewicht mit hoher Steifigkeit und integriert die Traktionsbatterie strukturell. Polestar gibt an, dass die Torsionssteifigkeit selbst die Werte klassischer Supersportwagen \u00fcbertrifft. Zum Einsatz kommt eine 112-kWh-Lithium-Ionen-Batterie (106 kWh nutzbar), die \u00fcber eine 800-Volt-Architektur mit bis zu 350 kW geladen werden kann. <\/p>\n","protected":false},"author":1,"featured_media":21064,"comment_status":"closed","ping_status":"open","sticky":false,"template":"","format":"standard","meta":{"_crdt_document":"","ngg_post_thumbnail":0,"footnotes":""},"categories":[681,23],"tags":[245],"class_list":["post-21039","post","type-post","status-publish","format-standard","has-post-thumbnail","hentry","category-elektro","category-performance","tag-polestar"],"yoast_head":"<!-- This site is optimized with the Yoast SEO plugin v27.5 - https:\/\/yoast.com\/product\/yoast-seo-wordpress\/ -->\n<title>Polestar 5: Elektro-GT mit 650 kW<\/title>\n<meta name=\"description\" content=\"Rainer Ro\u00dfbach Rainer Rossbach enzo-und-ferdinand enzo&amp;ferdinand Enzo Polestar 5 Polestar 5 Performance Polestar 5 Dual Motor Polestar 5 Reichweite Polestar 5 Batterie Polestar 5 Laden 350 kW Polestar 5 cw-Wert Polestar 5 Innenraum Polestar 5 Recaro Sitze Polestar 5 Materialien Polestar 5 Nachhaltigkeit Polestar 5 MagneRide Polestar 5 Brembo Bremsen Polestar 5 Michelin Reifen Polestar 5 Panoramadach Polestar 5 Leistung Polestar 5 800-Volt-Architektur Polestar 5: Elektro-GT mit 650 kW\" \/>\n<meta name=\"robots\" content=\"index, follow, max-snippet:-1, max-image-preview:large, max-video-preview:-1\" \/>\n<link rel=\"canonical\" href=\"https:\/\/www.enzo-und-ferdinand.de\/index.php\/2025\/09\/11\/polestar-5-elektro-gt-mit-650-kw\/\" \/>\n<meta property=\"og:locale\" content=\"de_DE\" \/>\n<meta property=\"og:type\" content=\"article\" \/>\n<meta property=\"og:title\" content=\"Polestar 5: Elektro-GT mit 650 kW\" \/>\n<meta property=\"og:description\" content=\"Rainer Ro\u00dfbach Rainer Rossbach enzo-und-ferdinand enzo&amp;ferdinand Enzo Polestar 5 Polestar 5 Performance Polestar 5 Dual Motor Polestar 5 Reichweite Polestar 5 Batterie Polestar 5 Laden 350 kW Polestar 5 cw-Wert Polestar 5 Innenraum Polestar 5 Recaro Sitze Polestar 5 Materialien Polestar 5 Nachhaltigkeit Polestar 5 MagneRide Polestar 5 Brembo Bremsen Polestar 5 Michelin Reifen Polestar 5 Panoramadach Polestar 5 Leistung Polestar 5 800-Volt-Architektur Polestar 5: Elektro-GT mit 650 kW\" \/>\n<meta property=\"og:url\" content=\"https:\/\/www.enzo-und-ferdinand.de\/index.php\/2025\/09\/11\/polestar-5-elektro-gt-mit-650-kw\/\" \/>\n<meta property=\"og:site_name\" content=\"enzo &amp; Ferdinand\" \/>\n<meta property=\"article:published_time\" content=\"2025-09-11T06:08:07+00:00\" \/>\n<meta property=\"article:modified_time\" content=\"2025-09-11T06:08:08+00:00\" \/>\n<meta property=\"og:image\" content=\"https:\/\/www.enzo-und-ferdinand.de\/wp-content\/uploads\/2025\/09\/Polestar5-1.jpg\" \/>\n\t<meta property=\"og:image:width\" content=\"1500\" \/>\n\t<meta property=\"og:image:height\" content=\"1000\" \/>\n\t<meta property=\"og:image:type\" content=\"image\/jpeg\" \/>\n<meta name=\"author\" content=\"Rainer Ro\u00dfbach\" \/>\n<meta name=\"twitter:card\" content=\"summary_large_image\" \/>\n<meta name=\"twitter:label1\" content=\"Verfasst von\" \/>\n\t<meta name=\"twitter:data1\" content=\"Rainer Ro\u00dfbach\" \/>\n\t<meta name=\"twitter:label2\" content=\"Gesch\u00e4tzte Lesezeit\" \/>\n\t<meta name=\"twitter:data2\" content=\"3\u00a0Minuten\" \/>\n<script type=\"application\/ld+json\" class=\"yoast-schema-graph\">{\"@context\":\"https:\\\/\\\/schema.org\",\"@graph\":[{\"@type\":\"Article\",\"@id\":\"https:\\\/\\\/www.enzo-und-ferdinand.de\\\/index.php\\\/2025\\\/09\\\/11\\\/polestar-5-elektro-gt-mit-650-kw\\\/#article\",\"isPartOf\":{\"@id\":\"https:\\\/\\\/www.enzo-und-ferdinand.de\\\/index.php\\\/2025\\\/09\\\/11\\\/polestar-5-elektro-gt-mit-650-kw\\\/\"},\"author\":{\"name\":\"Rainer Ro\u00dfbach\",\"@id\":\"https:\\\/\\\/www.enzo-und-ferdinand.de\\\/#\\\/schema\\\/person\\\/aff2eb9ff87705987c1b9d21fe10b095\"},\"headline\":\"Polestar 5: Elektro-GT mit 650 kW\",\"datePublished\":\"2025-09-11T06:08:07+00:00\",\"dateModified\":\"2025-09-11T06:08:08+00:00\",\"mainEntityOfPage\":{\"@id\":\"https:\\\/\\\/www.enzo-und-ferdinand.de\\\/index.php\\\/2025\\\/09\\\/11\\\/polestar-5-elektro-gt-mit-650-kw\\\/\"},\"wordCount\":389,\"publisher\":{\"@id\":\"https:\\\/\\\/www.enzo-und-ferdinand.de\\\/#organization\"},\"image\":{\"@id\":\"https:\\\/\\\/www.enzo-und-ferdinand.de\\\/index.php\\\/2025\\\/09\\\/11\\\/polestar-5-elektro-gt-mit-650-kw\\\/#primaryimage\"},\"thumbnailUrl\":\"https:\\\/\\\/www.enzo-und-ferdinand.de\\\/wp-content\\\/uploads\\\/2025\\\/09\\\/Polestar5-1.jpg\",\"keywords\":[\"Polestar\"],\"articleSection\":[\"Elektro\",\"Performance\"],\"inLanguage\":\"de\"},{\"@type\":\"WebPage\",\"@id\":\"https:\\\/\\\/www.enzo-und-ferdinand.de\\\/index.php\\\/2025\\\/09\\\/11\\\/polestar-5-elektro-gt-mit-650-kw\\\/\",\"url\":\"https:\\\/\\\/www.enzo-und-ferdinand.de\\\/index.php\\\/2025\\\/09\\\/11\\\/polestar-5-elektro-gt-mit-650-kw\\\/\",\"name\":\"Polestar 5: Elektro-GT mit 650 kW\",\"isPartOf\":{\"@id\":\"https:\\\/\\\/www.enzo-und-ferdinand.de\\\/#website\"},\"primaryImageOfPage\":{\"@id\":\"https:\\\/\\\/www.enzo-und-ferdinand.de\\\/index.php\\\/2025\\\/09\\\/11\\\/polestar-5-elektro-gt-mit-650-kw\\\/#primaryimage\"},\"image\":{\"@id\":\"https:\\\/\\\/www.enzo-und-ferdinand.de\\\/index.php\\\/2025\\\/09\\\/11\\\/polestar-5-elektro-gt-mit-650-kw\\\/#primaryimage\"},\"thumbnailUrl\":\"https:\\\/\\\/www.enzo-und-ferdinand.de\\\/wp-content\\\/uploads\\\/2025\\\/09\\\/Polestar5-1.jpg\",\"datePublished\":\"2025-09-11T06:08:07+00:00\",\"dateModified\":\"2025-09-11T06:08:08+00:00\",\"description\":\"Rainer Ro\u00dfbach Rainer Rossbach enzo-und-ferdinand enzo&ferdinand Enzo Polestar 5 Polestar 5 Performance Polestar 5 Dual Motor Polestar 5 Reichweite Polestar 5 Batterie Polestar 5 Laden 350 kW Polestar 5 cw-Wert Polestar 5 Innenraum Polestar 5 Recaro Sitze Polestar 5 Materialien Polestar 5 Nachhaltigkeit Polestar 5 MagneRide Polestar 5 Brembo Bremsen Polestar 5 Michelin Reifen Polestar 5 Panoramadach Polestar 5 Leistung Polestar 5 800-Volt-Architektur Polestar 5: Elektro-GT mit 650 kW\",\"breadcrumb\":{\"@id\":\"https:\\\/\\\/www.enzo-und-ferdinand.de\\\/index.php\\\/2025\\\/09\\\/11\\\/polestar-5-elektro-gt-mit-650-kw\\\/#breadcrumb\"},\"inLanguage\":\"de\",\"potentialAction\":[{\"@type\":\"ReadAction\",\"target\":[\"https:\\\/\\\/www.enzo-und-ferdinand.de\\\/index.php\\\/2025\\\/09\\\/11\\\/polestar-5-elektro-gt-mit-650-kw\\\/\"]}]},{\"@type\":\"ImageObject\",\"inLanguage\":\"de\",\"@id\":\"https:\\\/\\\/www.enzo-und-ferdinand.de\\\/index.php\\\/2025\\\/09\\\/11\\\/polestar-5-elektro-gt-mit-650-kw\\\/#primaryimage\",\"url\":\"https:\\\/\\\/www.enzo-und-ferdinand.de\\\/wp-content\\\/uploads\\\/2025\\\/09\\\/Polestar5-1.jpg\",\"contentUrl\":\"https:\\\/\\\/www.enzo-und-ferdinand.de\\\/wp-content\\\/uploads\\\/2025\\\/09\\\/Polestar5-1.jpg\",\"width\":1500,\"height\":1000,\"caption\":\"Polestar 5\"},{\"@type\":\"BreadcrumbList\",\"@id\":\"https:\\\/\\\/www.enzo-und-ferdinand.de\\\/index.php\\\/2025\\\/09\\\/11\\\/polestar-5-elektro-gt-mit-650-kw\\\/#breadcrumb\",\"itemListElement\":[{\"@type\":\"ListItem\",\"position\":1,\"name\":\"Startseite\",\"item\":\"https:\\\/\\\/www.enzo-und-ferdinand.de\\\/\"},{\"@type\":\"ListItem\",\"position\":2,\"name\":\"Polestar 5: Elektro-GT mit 650 kW\"}]},{\"@type\":\"WebSite\",\"@id\":\"https:\\\/\\\/www.enzo-und-ferdinand.de\\\/#website\",\"url\":\"https:\\\/\\\/www.enzo-und-ferdinand.de\\\/\",\"name\":\"enzo & Ferdinand\",\"description\":\"\",\"publisher\":{\"@id\":\"https:\\\/\\\/www.enzo-und-ferdinand.de\\\/#organization\"},\"potentialAction\":[{\"@type\":\"SearchAction\",\"target\":{\"@type\":\"EntryPoint\",\"urlTemplate\":\"https:\\\/\\\/www.enzo-und-ferdinand.de\\\/?s={search_term_string}\"},\"query-input\":{\"@type\":\"PropertyValueSpecification\",\"valueRequired\":true,\"valueName\":\"search_term_string\"}}],\"inLanguage\":\"de\"},{\"@type\":\"Organization\",\"@id\":\"https:\\\/\\\/www.enzo-und-ferdinand.de\\\/#organization\",\"name\":\"enzo & Ferdinand\",\"url\":\"https:\\\/\\\/www.enzo-und-ferdinand.de\\\/\",\"logo\":{\"@type\":\"ImageObject\",\"inLanguage\":\"de\",\"@id\":\"https:\\\/\\\/www.enzo-und-ferdinand.de\\\/#\\\/schema\\\/logo\\\/image\\\/\",\"url\":\"https:\\\/\\\/www.enzo-und-ferdinand.de\\\/wp-content\\\/uploads\\\/2018\\\/12\\\/revvvs-icon.png\",\"contentUrl\":\"https:\\\/\\\/www.enzo-und-ferdinand.de\\\/wp-content\\\/uploads\\\/2018\\\/12\\\/revvvs-icon.png\",\"width\":512,\"height\":512,\"caption\":\"enzo & Ferdinand\"},\"image\":{\"@id\":\"https:\\\/\\\/www.enzo-und-ferdinand.de\\\/#\\\/schema\\\/logo\\\/image\\\/\"}},{\"@type\":\"Person\",\"@id\":\"https:\\\/\\\/www.enzo-und-ferdinand.de\\\/#\\\/schema\\\/person\\\/aff2eb9ff87705987c1b9d21fe10b095\",\"name\":\"Rainer Ro\u00dfbach\",\"image\":{\"@type\":\"ImageObject\",\"inLanguage\":\"de\",\"@id\":\"https:\\\/\\\/www.enzo-und-ferdinand.de\\\/wp-content\\\/uploads\\\/2026\\\/01\\\/Rainer-Rossbach-150x150.jpg\",\"url\":\"https:\\\/\\\/www.enzo-und-ferdinand.de\\\/wp-content\\\/uploads\\\/2026\\\/01\\\/Rainer-Rossbach-150x150.jpg\",\"contentUrl\":\"https:\\\/\\\/www.enzo-und-ferdinand.de\\\/wp-content\\\/uploads\\\/2026\\\/01\\\/Rainer-Rossbach-150x150.jpg\",\"caption\":\"Rainer Ro\u00dfbach\"},\"url\":\"https:\\\/\\\/www.enzo-und-ferdinand.de\\\/index.php\\\/author\\\/redaktion\\\/\"}]}<\/script>\n<!-- \/ Yoast SEO plugin. -->","yoast_head_json":{"title":"Polestar 5: Elektro-GT mit 650 kW","description":"Rainer Ro\u00dfbach Rainer Rossbach enzo-und-ferdinand enzo&ferdinand Enzo Polestar 5 Polestar 5 Performance Polestar 5 Dual Motor Polestar 5 Reichweite Polestar 5 Batterie Polestar 5 Laden 350 kW Polestar 5 cw-Wert Polestar 5 Innenraum Polestar 5 Recaro Sitze Polestar 5 Materialien Polestar 5 Nachhaltigkeit Polestar 5 MagneRide Polestar 5 Brembo Bremsen Polestar 5 Michelin Reifen Polestar 5 Panoramadach Polestar 5 Leistung Polestar 5 800-Volt-Architektur Polestar 5: Elektro-GT mit 650 kW","robots":{"index":"index","follow":"follow","max-snippet":"max-snippet:-1","max-image-preview":"max-image-preview:large","max-video-preview":"max-video-preview:-1"},"canonical":"https:\/\/www.enzo-und-ferdinand.de\/index.php\/2025\/09\/11\/polestar-5-elektro-gt-mit-650-kw\/","og_locale":"de_DE","og_type":"article","og_title":"Polestar 5: Elektro-GT mit 650 kW","og_description":"Rainer Ro\u00dfbach Rainer Rossbach enzo-und-ferdinand enzo&ferdinand Enzo Polestar 5 Polestar 5 Performance Polestar 5 Dual Motor Polestar 5 Reichweite Polestar 5 Batterie Polestar 5 Laden 350 kW Polestar 5 cw-Wert Polestar 5 Innenraum Polestar 5 Recaro Sitze Polestar 5 Materialien Polestar 5 Nachhaltigkeit Polestar 5 MagneRide Polestar 5 Brembo Bremsen Polestar 5 Michelin Reifen Polestar 5 Panoramadach Polestar 5 Leistung Polestar 5 800-Volt-Architektur Polestar 5: Elektro-GT mit 650 kW","og_url":"https:\/\/www.enzo-und-ferdinand.de\/index.php\/2025\/09\/11\/polestar-5-elektro-gt-mit-650-kw\/","og_site_name":"enzo &amp; Ferdinand","article_published_time":"2025-09-11T06:08:07+00:00","article_modified_time":"2025-09-11T06:08:08+00:00","og_image":[{"width":1500,"height":1000,"url":"https:\/\/www.enzo-und-ferdinand.de\/wp-content\/uploads\/2025\/09\/Polestar5-1.jpg","type":"image\/jpeg"}],"author":"Rainer Ro\u00dfbach","twitter_card":"summary_large_image","twitter_misc":{"Verfasst von":"Rainer Ro\u00dfbach","Gesch\u00e4tzte Lesezeit":"3\u00a0Minuten"},"schema":{"@context":"https:\/\/schema.org","@graph":[{"@type":"Article","@id":"https:\/\/www.enzo-und-ferdinand.de\/index.php\/2025\/09\/11\/polestar-5-elektro-gt-mit-650-kw\/#article","isPartOf":{"@id":"https:\/\/www.enzo-und-ferdinand.de\/index.php\/2025\/09\/11\/polestar-5-elektro-gt-mit-650-kw\/"},"author":{"name":"Rainer Ro\u00dfbach","@id":"https:\/\/www.enzo-und-ferdinand.de\/#\/schema\/person\/aff2eb9ff87705987c1b9d21fe10b095"},"headline":"Polestar 5: Elektro-GT mit 650 kW","datePublished":"2025-09-11T06:08:07+00:00","dateModified":"2025-09-11T06:08:08+00:00","mainEntityOfPage":{"@id":"https:\/\/www.enzo-und-ferdinand.de\/index.php\/2025\/09\/11\/polestar-5-elektro-gt-mit-650-kw\/"},"wordCount":389,"publisher":{"@id":"https:\/\/www.enzo-und-ferdinand.de\/#organization"},"image":{"@id":"https:\/\/www.enzo-und-ferdinand.de\/index.php\/2025\/09\/11\/polestar-5-elektro-gt-mit-650-kw\/#primaryimage"},"thumbnailUrl":"https:\/\/www.enzo-und-ferdinand.de\/wp-content\/uploads\/2025\/09\/Polestar5-1.jpg","keywords":["Polestar"],"articleSection":["Elektro","Performance"],"inLanguage":"de"},{"@type":"WebPage","@id":"https:\/\/www.enzo-und-ferdinand.de\/index.php\/2025\/09\/11\/polestar-5-elektro-gt-mit-650-kw\/","url":"https:\/\/www.enzo-und-ferdinand.de\/index.php\/2025\/09\/11\/polestar-5-elektro-gt-mit-650-kw\/","name":"Polestar 5: Elektro-GT mit 650 kW","isPartOf":{"@id":"https:\/\/www.enzo-und-ferdinand.de\/#website"},"primaryImageOfPage":{"@id":"https:\/\/www.enzo-und-ferdinand.de\/index.php\/2025\/09\/11\/polestar-5-elektro-gt-mit-650-kw\/#primaryimage"},"image":{"@id":"https:\/\/www.enzo-und-ferdinand.de\/index.php\/2025\/09\/11\/polestar-5-elektro-gt-mit-650-kw\/#primaryimage"},"thumbnailUrl":"https:\/\/www.enzo-und-ferdinand.de\/wp-content\/uploads\/2025\/09\/Polestar5-1.jpg","datePublished":"2025-09-11T06:08:07+00:00","dateModified":"2025-09-11T06:08:08+00:00","description":"Rainer Ro\u00dfbach Rainer Rossbach enzo-und-ferdinand enzo&ferdinand Enzo Polestar 5 Polestar 5 Performance Polestar 5 Dual Motor Polestar 5 Reichweite Polestar 5 Batterie Polestar 5 Laden 350 kW Polestar 5 cw-Wert Polestar 5 Innenraum Polestar 5 Recaro Sitze Polestar 5 Materialien Polestar 5 Nachhaltigkeit Polestar 5 MagneRide Polestar 5 Brembo Bremsen Polestar 5 Michelin Reifen Polestar 5 Panoramadach Polestar 5 Leistung Polestar 5 800-Volt-Architektur Polestar 5: Elektro-GT mit 650 kW","breadcrumb":{"@id":"https:\/\/www.enzo-und-ferdinand.de\/index.php\/2025\/09\/11\/polestar-5-elektro-gt-mit-650-kw\/#breadcrumb"},"inLanguage":"de","potentialAction":[{"@type":"ReadAction","target":["https:\/\/www.enzo-und-ferdinand.de\/index.php\/2025\/09\/11\/polestar-5-elektro-gt-mit-650-kw\/"]}]},{"@type":"ImageObject","inLanguage":"de","@id":"https:\/\/www.enzo-und-ferdinand.de\/index.php\/2025\/09\/11\/polestar-5-elektro-gt-mit-650-kw\/#primaryimage","url":"https:\/\/www.enzo-und-ferdinand.de\/wp-content\/uploads\/2025\/09\/Polestar5-1.jpg","contentUrl":"https:\/\/www.enzo-und-ferdinand.de\/wp-content\/uploads\/2025\/09\/Polestar5-1.jpg","width":1500,"height":1000,"caption":"Polestar 5"},{"@type":"BreadcrumbList","@id":"https:\/\/www.enzo-und-ferdinand.de\/index.php\/2025\/09\/11\/polestar-5-elektro-gt-mit-650-kw\/#breadcrumb","itemListElement":[{"@type":"ListItem","position":1,"name":"Startseite","item":"https:\/\/www.enzo-und-ferdinand.de\/"},{"@type":"ListItem","position":2,"name":"Polestar 5: Elektro-GT mit 650 kW"}]},{"@type":"WebSite","@id":"https:\/\/www.enzo-und-ferdinand.de\/#website","url":"https:\/\/www.enzo-und-ferdinand.de\/","name":"enzo & Ferdinand","description":"","publisher":{"@id":"https:\/\/www.enzo-und-ferdinand.de\/#organization"},"potentialAction":[{"@type":"SearchAction","target":{"@type":"EntryPoint","urlTemplate":"https:\/\/www.enzo-und-ferdinand.de\/?s={search_term_string}"},"query-input":{"@type":"PropertyValueSpecification","valueRequired":true,"valueName":"search_term_string"}}],"inLanguage":"de"},{"@type":"Organization","@id":"https:\/\/www.enzo-und-ferdinand.de\/#organization","name":"enzo & Ferdinand","url":"https:\/\/www.enzo-und-ferdinand.de\/","logo":{"@type":"ImageObject","inLanguage":"de","@id":"https:\/\/www.enzo-und-ferdinand.de\/#\/schema\/logo\/image\/","url":"https:\/\/www.enzo-und-ferdinand.de\/wp-content\/uploads\/2018\/12\/revvvs-icon.png","contentUrl":"https:\/\/www.enzo-und-ferdinand.de\/wp-content\/uploads\/2018\/12\/revvvs-icon.png","width":512,"height":512,"caption":"enzo & Ferdinand"},"image":{"@id":"https:\/\/www.enzo-und-ferdinand.de\/#\/schema\/logo\/image\/"}},{"@type":"Person","@id":"https:\/\/www.enzo-und-ferdinand.de\/#\/schema\/person\/aff2eb9ff87705987c1b9d21fe10b095","name":"Rainer Ro\u00dfbach","image":{"@type":"ImageObject","inLanguage":"de","@id":"https:\/\/www.enzo-und-ferdinand.de\/wp-content\/uploads\/2026\/01\/Rainer-Rossbach-150x150.jpg","url":"https:\/\/www.enzo-und-ferdinand.de\/wp-content\/uploads\/2026\/01\/Rainer-Rossbach-150x150.jpg","contentUrl":"https:\/\/www.enzo-und-ferdinand.de\/wp-content\/uploads\/2026\/01\/Rainer-Rossbach-150x150.jpg","caption":"Rainer Ro\u00dfbach"},"url":"https:\/\/www.enzo-und-ferdinand.de\/index.php\/author\/redaktion\/"}]}},"_links":{"self":[{"href":"https:\/\/www.enzo-und-ferdinand.de\/index.php\/wp-json\/wp\/v2\/posts\/21039","targetHints":{"allow":["GET"]}}],"collection":[{"href":"https:\/\/www.enzo-und-ferdinand.de\/index.php\/wp-json\/wp\/v2\/posts"}],"about":[{"href":"https:\/\/www.enzo-und-ferdinand.de\/index.php\/wp-json\/wp\/v2\/types\/post"}],"author":[{"embeddable":true,"href":"https:\/\/www.enzo-und-ferdinand.de\/index.php\/wp-json\/wp\/v2\/users\/1"}],"replies":[{"embeddable":true,"href":"https:\/\/www.enzo-und-ferdinand.de\/index.php\/wp-json\/wp\/v2\/comments?post=21039"}],"version-history":[{"count":4,"href":"https:\/\/www.enzo-und-ferdinand.de\/index.php\/wp-json\/wp\/v2\/posts\/21039\/revisions"}],"predecessor-version":[{"id":21069,"href":"https:\/\/www.enzo-und-ferdinand.de\/index.php\/wp-json\/wp\/v2\/posts\/21039\/revisions\/21069"}],"wp:featuredmedia":[{"embeddable":true,"href":"https:\/\/www.enzo-und-ferdinand.de\/index.php\/wp-json\/wp\/v2\/media\/21064"}],"wp:attachment":[{"href":"https:\/\/www.enzo-und-ferdinand.de\/index.php\/wp-json\/wp\/v2\/media?parent=21039"}],"wp:term":[{"taxonomy":"category","embeddable":true,"href":"https:\/\/www.enzo-und-ferdinand.de\/index.php\/wp-json\/wp\/v2\/categories?post=21039"},{"taxonomy":"post_tag","embeddable":true,"href":"https:\/\/www.enzo-und-ferdinand.de\/index.php\/wp-json\/wp\/v2\/tags?post=21039"}],"curies":[{"name":"wp","href":"https:\/\/api.w.org\/{rel}","templated":true}]}}