{"id":21046,"date":"2025-09-16T07:26:33","date_gmt":"2025-09-16T05:26:33","guid":{"rendered":"https:\/\/www.enzo-und-ferdinand.de\/?p=21046"},"modified":"2025-09-16T07:26:34","modified_gmt":"2025-09-16T05:26:34","slug":"hyundai-concept-three","status":"publish","type":"post","link":"https:\/\/www.enzo-und-ferdinand.de\/index.php\/2025\/09\/16\/hyundai-concept-three\/","title":{"rendered":"Hyundai \u201eConcept Three\u201c"},"content":{"rendered":"\n<figure class=\"wp-block-image size-large\"><img loading=\"lazy\" decoding=\"async\" width=\"810\" height=\"454\" src=\"https:\/\/www.enzo-und-ferdinand.de\/wp-content\/uploads\/2025\/09\/Hyundai-Concept-Three-2-810x454.jpg\" alt=\"Hyundai Concept Three\" class=\"wp-image-21050\" srcset=\"https:\/\/www.enzo-und-ferdinand.de\/wp-content\/uploads\/2025\/09\/Hyundai-Concept-Three-2-810x454.jpg 810w, https:\/\/www.enzo-und-ferdinand.de\/wp-content\/uploads\/2025\/09\/Hyundai-Concept-Three-2-300x168.jpg 300w, https:\/\/www.enzo-und-ferdinand.de\/wp-content\/uploads\/2025\/09\/Hyundai-Concept-Three-2-768x431.jpg 768w, https:\/\/www.enzo-und-ferdinand.de\/wp-content\/uploads\/2025\/09\/Hyundai-Concept-Three-2.jpg 1500w\" sizes=\"auto, (max-width: 810px) 100vw, 810px\" \/><\/figure>\n\n\n\n<p class=\"wp-block-paragraph\">Das Konzept verk\u00f6rpert die Designsprache \u201eArt of Steel\u201c und \u00fcbersetzt die inh\u00e4rente St\u00e4rke sowie Flexibilit\u00e4t von Stahl in skulpturale Formen. Das Fahrzeugprofil folgt einem aerodynamischen Aero-Hatch-Konzept mit drei sich \u00fcberschneidenden Fl\u00e4chen, die flie\u00dfende Volumen und pr\u00e4zise Linien erzeugen. Eine vertikale Heckklappe erg\u00e4nzt das moderne Erscheinungsbild. Die parametrische Pixelbeleuchtung an Front und Heck sorgt f\u00fcr einen markanten visuellen Rhythmus. Zitronenfarbene Glasoberfl\u00e4chen und harmonisch passende R\u00e4der schaffen eine Verbindung zwischen Exterieur und Interieur.&nbsp;<\/p>\n\n\n\n<p class=\"wp-block-paragraph\">Im Innenraum dominieren sanfte Gelb- und Graut\u00f6ne, die sich \u00fcber unterschiedliche Texturen ver\u00e4ndern und eine intuitive, beruhigende Umgebung schaffen. Modular aufgebaute Bring Your Own Lifestyle (BYOL)-Widgets erm\u00f6glichen individuelle Anpassungen digitaler Schnittstellen und Funktionselemente. Die symbolische Figur Mr. Pix taucht in interaktiven Designdetails auf und bringt spielerisches Storytelling ins Konzept.&nbsp;<\/p>\n\n\n\n<figure class=\"wp-block-image size-large\"><img loading=\"lazy\" decoding=\"async\" width=\"810\" height=\"454\" src=\"https:\/\/www.enzo-und-ferdinand.de\/wp-content\/uploads\/2025\/09\/Hyundai-Concept-Three-3-810x454.jpg\" alt=\"Hyundai Concept Three\" class=\"wp-image-21051\" srcset=\"https:\/\/www.enzo-und-ferdinand.de\/wp-content\/uploads\/2025\/09\/Hyundai-Concept-Three-3-810x454.jpg 810w, https:\/\/www.enzo-und-ferdinand.de\/wp-content\/uploads\/2025\/09\/Hyundai-Concept-Three-3-300x168.jpg 300w, https:\/\/www.enzo-und-ferdinand.de\/wp-content\/uploads\/2025\/09\/Hyundai-Concept-Three-3-768x431.jpg 768w, https:\/\/www.enzo-und-ferdinand.de\/wp-content\/uploads\/2025\/09\/Hyundai-Concept-Three-3.jpg 1500w\" sizes=\"auto, (max-width: 810px) 100vw, 810px\" \/><\/figure>\n\n\n\n<p class=\"wp-block-paragraph\">Nachhaltigkeit steht im Mittelpunkt: Recycelte Wolle, Textilien aus Meeresabf\u00e4llen und leichter Aluminiumschaum kommen im Innenraum zum Einsatz. Hyundai verfolgt mit der Studie eine umfassende europ\u00e4ische Elektrifizierungsstrategie. Das Unternehmen plant, bis 2027 elektrifizierte Versionen aller Modelle in Europa anzubieten und weltweit bis 2030 insgesamt 21 Elektrofahrzeuge einzuf\u00fchren. Kompakte EVs wie das \u201eConcept Three\u201c sind besonders f\u00fcr den europ\u00e4ischen Markt relevant, wo Urbanisierung, Platzbeschr\u00e4nkungen und versch\u00e4rfte Nachhaltigkeitsanforderungen die Nachfrage nach effizienten, urbanen Elektrofahrzeugen steigern. Das \u201eConcept Three\u201c demonstriert, wie Hyundai Technik, Design und \u00f6kologische Verantwortung in einem kompakten EV vereint und gleichzeitig die Basis f\u00fcr k\u00fcnftige urbane Elektrofahrzeugmodelle legt.<\/p>\n\n\n\n<figure class=\"wp-block-image size-large\"><img loading=\"lazy\" decoding=\"async\" width=\"810\" height=\"456\" src=\"https:\/\/www.enzo-und-ferdinand.de\/wp-content\/uploads\/2025\/09\/Hyundai-Concept-Three-1-810x456.jpg\" alt=\"Hyundai Concept Three\" class=\"wp-image-21049\" srcset=\"https:\/\/www.enzo-und-ferdinand.de\/wp-content\/uploads\/2025\/09\/Hyundai-Concept-Three-1-810x456.jpg 810w, https:\/\/www.enzo-und-ferdinand.de\/wp-content\/uploads\/2025\/09\/Hyundai-Concept-Three-1-300x169.jpg 300w, https:\/\/www.enzo-und-ferdinand.de\/wp-content\/uploads\/2025\/09\/Hyundai-Concept-Three-1-768x432.jpg 768w, https:\/\/www.enzo-und-ferdinand.de\/wp-content\/uploads\/2025\/09\/Hyundai-Concept-Three-1.jpg 1500w\" sizes=\"auto, (max-width: 810px) 100vw, 810px\" \/><\/figure>\n\n\n\n<p class=\"has-text-align-right has-small-font-size wp-block-paragraph\">Fotos: Hyundai\/Text: Rainer Ro\u00dfbach<\/p>\n","protected":false},"excerpt":{"rendered":"<p>Das Konzept verk\u00f6rpert die Designsprache \u201eArt of Steel\u201c und \u00fcbersetzt die inh\u00e4rente St\u00e4rke sowie Flexibilit\u00e4t von Stahl in skulpturale Formen. Das Fahrzeugprofil folgt einem aerodynamischen Aero-Hatch-Konzept mit drei sich \u00fcberschneidenden Fl\u00e4chen, die flie\u00dfende Volumen und pr\u00e4zise Linien erzeugen. Eine vertikale Heckklappe erg\u00e4nzt das moderne Erscheinungsbild. Die parametrische Pixelbeleuchtung an Front und Heck sorgt f\u00fcr einen markanten visuellen Rhythmus. Zitronenfarbene Glasoberfl\u00e4chen und harmonisch passende R\u00e4der schaffen eine Verbindung zwischen Exterieur und Interieur.\u00a0<\/p>\n","protected":false},"author":1,"featured_media":21051,"comment_status":"closed","ping_status":"open","sticky":false,"template":"","format":"standard","meta":{"_crdt_document":"","ngg_post_thumbnail":0,"footnotes":""},"categories":[681,4],"tags":[223],"class_list":["post-21046","post","type-post","status-publish","format-standard","has-post-thumbnail","hentry","category-elektro","category-studien","tag-hyundai"],"yoast_head":"<!-- This site is optimized with the Yoast SEO plugin v27.5 - https:\/\/yoast.com\/product\/yoast-seo-wordpress\/ -->\n<title>Hyundai \u201eConcept Three\u201c<\/title>\n<meta name=\"description\" content=\"Rainer Ro\u00dfbach, Rainer Rossbach, enzo-und-ferdinand, enzo&amp;ferdinand, Enzo, Hyundai Concept Three, Hyundai Elektroauto, kompakte EVs, Art of Steel Design, parametrische Pixelbeleuchtung, BYOL-Widgets, nachhaltige Materialien, recycelte Wolle, Textilien aus Meeresabf\u00e4llen, Aluminiumschaum, europ\u00e4ische Elektrifizierungsstrategie, urbane Elektrofahrzeuge, Hyundai EV Europa, Aero-Hatch-Profil\" \/>\n<meta name=\"robots\" content=\"index, follow, max-snippet:-1, max-image-preview:large, max-video-preview:-1\" \/>\n<link rel=\"canonical\" href=\"https:\/\/www.enzo-und-ferdinand.de\/index.php\/2025\/09\/16\/hyundai-concept-three\/\" \/>\n<meta property=\"og:locale\" content=\"de_DE\" \/>\n<meta property=\"og:type\" content=\"article\" \/>\n<meta property=\"og:title\" content=\"Hyundai \u201eConcept Three\u201c\" \/>\n<meta property=\"og:description\" content=\"Rainer Ro\u00dfbach, Rainer Rossbach, enzo-und-ferdinand, enzo&amp;ferdinand, Enzo, Hyundai Concept Three, Hyundai Elektroauto, kompakte EVs, Art of Steel Design, parametrische Pixelbeleuchtung, BYOL-Widgets, nachhaltige Materialien, recycelte Wolle, Textilien aus Meeresabf\u00e4llen, Aluminiumschaum, europ\u00e4ische Elektrifizierungsstrategie, urbane Elektrofahrzeuge, Hyundai EV Europa, Aero-Hatch-Profil\" \/>\n<meta property=\"og:url\" content=\"https:\/\/www.enzo-und-ferdinand.de\/index.php\/2025\/09\/16\/hyundai-concept-three\/\" \/>\n<meta property=\"og:site_name\" content=\"enzo &amp; Ferdinand\" \/>\n<meta property=\"article:published_time\" content=\"2025-09-16T05:26:33+00:00\" \/>\n<meta property=\"article:modified_time\" content=\"2025-09-16T05:26:34+00:00\" \/>\n<meta property=\"og:image\" content=\"https:\/\/www.enzo-und-ferdinand.de\/wp-content\/uploads\/2025\/09\/Hyundai-Concept-Three-3.jpg\" \/>\n\t<meta property=\"og:image:width\" content=\"1500\" \/>\n\t<meta property=\"og:image:height\" content=\"841\" \/>\n\t<meta property=\"og:image:type\" content=\"image\/jpeg\" \/>\n<meta name=\"author\" content=\"Rainer Ro\u00dfbach\" \/>\n<meta name=\"twitter:card\" content=\"summary_large_image\" \/>\n<meta name=\"twitter:label1\" content=\"Verfasst von\" \/>\n\t<meta name=\"twitter:data1\" content=\"Rainer Ro\u00dfbach\" \/>\n\t<meta name=\"twitter:label2\" content=\"Gesch\u00e4tzte Lesezeit\" \/>\n\t<meta name=\"twitter:data2\" content=\"1\u00a0Minute\" \/>\n<script type=\"application\/ld+json\" class=\"yoast-schema-graph\">{\"@context\":\"https:\\\/\\\/schema.org\",\"@graph\":[{\"@type\":\"Article\",\"@id\":\"https:\\\/\\\/www.enzo-und-ferdinand.de\\\/index.php\\\/2025\\\/09\\\/16\\\/hyundai-concept-three\\\/#article\",\"isPartOf\":{\"@id\":\"https:\\\/\\\/www.enzo-und-ferdinand.de\\\/index.php\\\/2025\\\/09\\\/16\\\/hyundai-concept-three\\\/\"},\"author\":{\"name\":\"Rainer Ro\u00dfbach\",\"@id\":\"https:\\\/\\\/www.enzo-und-ferdinand.de\\\/#\\\/schema\\\/person\\\/aff2eb9ff87705987c1b9d21fe10b095\"},\"headline\":\"Hyundai \u201eConcept Three\u201c\",\"datePublished\":\"2025-09-16T05:26:33+00:00\",\"dateModified\":\"2025-09-16T05:26:34+00:00\",\"mainEntityOfPage\":{\"@id\":\"https:\\\/\\\/www.enzo-und-ferdinand.de\\\/index.php\\\/2025\\\/09\\\/16\\\/hyundai-concept-three\\\/\"},\"wordCount\":249,\"publisher\":{\"@id\":\"https:\\\/\\\/www.enzo-und-ferdinand.de\\\/#organization\"},\"image\":{\"@id\":\"https:\\\/\\\/www.enzo-und-ferdinand.de\\\/index.php\\\/2025\\\/09\\\/16\\\/hyundai-concept-three\\\/#primaryimage\"},\"thumbnailUrl\":\"https:\\\/\\\/www.enzo-und-ferdinand.de\\\/wp-content\\\/uploads\\\/2025\\\/09\\\/Hyundai-Concept-Three-3.jpg\",\"keywords\":[\"Hyundai\"],\"articleSection\":[\"Elektro\",\"Studien\"],\"inLanguage\":\"de\"},{\"@type\":\"WebPage\",\"@id\":\"https:\\\/\\\/www.enzo-und-ferdinand.de\\\/index.php\\\/2025\\\/09\\\/16\\\/hyundai-concept-three\\\/\",\"url\":\"https:\\\/\\\/www.enzo-und-ferdinand.de\\\/index.php\\\/2025\\\/09\\\/16\\\/hyundai-concept-three\\\/\",\"name\":\"Hyundai \u201eConcept Three\u201c\",\"isPartOf\":{\"@id\":\"https:\\\/\\\/www.enzo-und-ferdinand.de\\\/#website\"},\"primaryImageOfPage\":{\"@id\":\"https:\\\/\\\/www.enzo-und-ferdinand.de\\\/index.php\\\/2025\\\/09\\\/16\\\/hyundai-concept-three\\\/#primaryimage\"},\"image\":{\"@id\":\"https:\\\/\\\/www.enzo-und-ferdinand.de\\\/index.php\\\/2025\\\/09\\\/16\\\/hyundai-concept-three\\\/#primaryimage\"},\"thumbnailUrl\":\"https:\\\/\\\/www.enzo-und-ferdinand.de\\\/wp-content\\\/uploads\\\/2025\\\/09\\\/Hyundai-Concept-Three-3.jpg\",\"datePublished\":\"2025-09-16T05:26:33+00:00\",\"dateModified\":\"2025-09-16T05:26:34+00:00\",\"description\":\"Rainer Ro\u00dfbach, Rainer Rossbach, enzo-und-ferdinand, enzo&ferdinand, Enzo, Hyundai Concept Three, Hyundai Elektroauto, kompakte EVs, Art of Steel Design, parametrische Pixelbeleuchtung, BYOL-Widgets, nachhaltige Materialien, recycelte Wolle, Textilien aus Meeresabf\u00e4llen, Aluminiumschaum, europ\u00e4ische Elektrifizierungsstrategie, urbane Elektrofahrzeuge, Hyundai EV Europa, Aero-Hatch-Profil\",\"breadcrumb\":{\"@id\":\"https:\\\/\\\/www.enzo-und-ferdinand.de\\\/index.php\\\/2025\\\/09\\\/16\\\/hyundai-concept-three\\\/#breadcrumb\"},\"inLanguage\":\"de\",\"potentialAction\":[{\"@type\":\"ReadAction\",\"target\":[\"https:\\\/\\\/www.enzo-und-ferdinand.de\\\/index.php\\\/2025\\\/09\\\/16\\\/hyundai-concept-three\\\/\"]}]},{\"@type\":\"ImageObject\",\"inLanguage\":\"de\",\"@id\":\"https:\\\/\\\/www.enzo-und-ferdinand.de\\\/index.php\\\/2025\\\/09\\\/16\\\/hyundai-concept-three\\\/#primaryimage\",\"url\":\"https:\\\/\\\/www.enzo-und-ferdinand.de\\\/wp-content\\\/uploads\\\/2025\\\/09\\\/Hyundai-Concept-Three-3.jpg\",\"contentUrl\":\"https:\\\/\\\/www.enzo-und-ferdinand.de\\\/wp-content\\\/uploads\\\/2025\\\/09\\\/Hyundai-Concept-Three-3.jpg\",\"width\":1500,\"height\":841,\"caption\":\"Hyundai Concept Three\"},{\"@type\":\"BreadcrumbList\",\"@id\":\"https:\\\/\\\/www.enzo-und-ferdinand.de\\\/index.php\\\/2025\\\/09\\\/16\\\/hyundai-concept-three\\\/#breadcrumb\",\"itemListElement\":[{\"@type\":\"ListItem\",\"position\":1,\"name\":\"Startseite\",\"item\":\"https:\\\/\\\/www.enzo-und-ferdinand.de\\\/\"},{\"@type\":\"ListItem\",\"position\":2,\"name\":\"Hyundai \u201eConcept Three\u201c\"}]},{\"@type\":\"WebSite\",\"@id\":\"https:\\\/\\\/www.enzo-und-ferdinand.de\\\/#website\",\"url\":\"https:\\\/\\\/www.enzo-und-ferdinand.de\\\/\",\"name\":\"enzo & Ferdinand\",\"description\":\"\",\"publisher\":{\"@id\":\"https:\\\/\\\/www.enzo-und-ferdinand.de\\\/#organization\"},\"potentialAction\":[{\"@type\":\"SearchAction\",\"target\":{\"@type\":\"EntryPoint\",\"urlTemplate\":\"https:\\\/\\\/www.enzo-und-ferdinand.de\\\/?s={search_term_string}\"},\"query-input\":{\"@type\":\"PropertyValueSpecification\",\"valueRequired\":true,\"valueName\":\"search_term_string\"}}],\"inLanguage\":\"de\"},{\"@type\":\"Organization\",\"@id\":\"https:\\\/\\\/www.enzo-und-ferdinand.de\\\/#organization\",\"name\":\"enzo & Ferdinand\",\"url\":\"https:\\\/\\\/www.enzo-und-ferdinand.de\\\/\",\"logo\":{\"@type\":\"ImageObject\",\"inLanguage\":\"de\",\"@id\":\"https:\\\/\\\/www.enzo-und-ferdinand.de\\\/#\\\/schema\\\/logo\\\/image\\\/\",\"url\":\"https:\\\/\\\/www.enzo-und-ferdinand.de\\\/wp-content\\\/uploads\\\/2018\\\/12\\\/revvvs-icon.png\",\"contentUrl\":\"https:\\\/\\\/www.enzo-und-ferdinand.de\\\/wp-content\\\/uploads\\\/2018\\\/12\\\/revvvs-icon.png\",\"width\":512,\"height\":512,\"caption\":\"enzo & Ferdinand\"},\"image\":{\"@id\":\"https:\\\/\\\/www.enzo-und-ferdinand.de\\\/#\\\/schema\\\/logo\\\/image\\\/\"}},{\"@type\":\"Person\",\"@id\":\"https:\\\/\\\/www.enzo-und-ferdinand.de\\\/#\\\/schema\\\/person\\\/aff2eb9ff87705987c1b9d21fe10b095\",\"name\":\"Rainer Ro\u00dfbach\",\"image\":{\"@type\":\"ImageObject\",\"inLanguage\":\"de\",\"@id\":\"https:\\\/\\\/www.enzo-und-ferdinand.de\\\/wp-content\\\/uploads\\\/2026\\\/01\\\/Rainer-Rossbach-150x150.jpg\",\"url\":\"https:\\\/\\\/www.enzo-und-ferdinand.de\\\/wp-content\\\/uploads\\\/2026\\\/01\\\/Rainer-Rossbach-150x150.jpg\",\"contentUrl\":\"https:\\\/\\\/www.enzo-und-ferdinand.de\\\/wp-content\\\/uploads\\\/2026\\\/01\\\/Rainer-Rossbach-150x150.jpg\",\"caption\":\"Rainer Ro\u00dfbach\"},\"url\":\"https:\\\/\\\/www.enzo-und-ferdinand.de\\\/index.php\\\/author\\\/redaktion\\\/\"}]}<\/script>\n<!-- \/ Yoast SEO plugin. -->","yoast_head_json":{"title":"Hyundai \u201eConcept Three\u201c","description":"Rainer Ro\u00dfbach, Rainer Rossbach, enzo-und-ferdinand, enzo&ferdinand, Enzo, Hyundai Concept Three, Hyundai Elektroauto, kompakte EVs, Art of Steel Design, parametrische Pixelbeleuchtung, BYOL-Widgets, nachhaltige Materialien, recycelte Wolle, Textilien aus Meeresabf\u00e4llen, Aluminiumschaum, europ\u00e4ische Elektrifizierungsstrategie, urbane Elektrofahrzeuge, Hyundai EV Europa, Aero-Hatch-Profil","robots":{"index":"index","follow":"follow","max-snippet":"max-snippet:-1","max-image-preview":"max-image-preview:large","max-video-preview":"max-video-preview:-1"},"canonical":"https:\/\/www.enzo-und-ferdinand.de\/index.php\/2025\/09\/16\/hyundai-concept-three\/","og_locale":"de_DE","og_type":"article","og_title":"Hyundai \u201eConcept Three\u201c","og_description":"Rainer Ro\u00dfbach, Rainer Rossbach, enzo-und-ferdinand, enzo&ferdinand, Enzo, Hyundai Concept Three, Hyundai Elektroauto, kompakte EVs, Art of Steel Design, parametrische Pixelbeleuchtung, BYOL-Widgets, nachhaltige Materialien, recycelte Wolle, Textilien aus Meeresabf\u00e4llen, Aluminiumschaum, europ\u00e4ische Elektrifizierungsstrategie, urbane Elektrofahrzeuge, Hyundai EV Europa, Aero-Hatch-Profil","og_url":"https:\/\/www.enzo-und-ferdinand.de\/index.php\/2025\/09\/16\/hyundai-concept-three\/","og_site_name":"enzo &amp; Ferdinand","article_published_time":"2025-09-16T05:26:33+00:00","article_modified_time":"2025-09-16T05:26:34+00:00","og_image":[{"width":1500,"height":841,"url":"https:\/\/www.enzo-und-ferdinand.de\/wp-content\/uploads\/2025\/09\/Hyundai-Concept-Three-3.jpg","type":"image\/jpeg"}],"author":"Rainer Ro\u00dfbach","twitter_card":"summary_large_image","twitter_misc":{"Verfasst von":"Rainer Ro\u00dfbach","Gesch\u00e4tzte Lesezeit":"1\u00a0Minute"},"schema":{"@context":"https:\/\/schema.org","@graph":[{"@type":"Article","@id":"https:\/\/www.enzo-und-ferdinand.de\/index.php\/2025\/09\/16\/hyundai-concept-three\/#article","isPartOf":{"@id":"https:\/\/www.enzo-und-ferdinand.de\/index.php\/2025\/09\/16\/hyundai-concept-three\/"},"author":{"name":"Rainer Ro\u00dfbach","@id":"https:\/\/www.enzo-und-ferdinand.de\/#\/schema\/person\/aff2eb9ff87705987c1b9d21fe10b095"},"headline":"Hyundai \u201eConcept Three\u201c","datePublished":"2025-09-16T05:26:33+00:00","dateModified":"2025-09-16T05:26:34+00:00","mainEntityOfPage":{"@id":"https:\/\/www.enzo-und-ferdinand.de\/index.php\/2025\/09\/16\/hyundai-concept-three\/"},"wordCount":249,"publisher":{"@id":"https:\/\/www.enzo-und-ferdinand.de\/#organization"},"image":{"@id":"https:\/\/www.enzo-und-ferdinand.de\/index.php\/2025\/09\/16\/hyundai-concept-three\/#primaryimage"},"thumbnailUrl":"https:\/\/www.enzo-und-ferdinand.de\/wp-content\/uploads\/2025\/09\/Hyundai-Concept-Three-3.jpg","keywords":["Hyundai"],"articleSection":["Elektro","Studien"],"inLanguage":"de"},{"@type":"WebPage","@id":"https:\/\/www.enzo-und-ferdinand.de\/index.php\/2025\/09\/16\/hyundai-concept-three\/","url":"https:\/\/www.enzo-und-ferdinand.de\/index.php\/2025\/09\/16\/hyundai-concept-three\/","name":"Hyundai \u201eConcept Three\u201c","isPartOf":{"@id":"https:\/\/www.enzo-und-ferdinand.de\/#website"},"primaryImageOfPage":{"@id":"https:\/\/www.enzo-und-ferdinand.de\/index.php\/2025\/09\/16\/hyundai-concept-three\/#primaryimage"},"image":{"@id":"https:\/\/www.enzo-und-ferdinand.de\/index.php\/2025\/09\/16\/hyundai-concept-three\/#primaryimage"},"thumbnailUrl":"https:\/\/www.enzo-und-ferdinand.de\/wp-content\/uploads\/2025\/09\/Hyundai-Concept-Three-3.jpg","datePublished":"2025-09-16T05:26:33+00:00","dateModified":"2025-09-16T05:26:34+00:00","description":"Rainer Ro\u00dfbach, Rainer Rossbach, enzo-und-ferdinand, enzo&ferdinand, Enzo, Hyundai Concept Three, Hyundai Elektroauto, kompakte EVs, Art of Steel Design, parametrische Pixelbeleuchtung, BYOL-Widgets, nachhaltige Materialien, recycelte Wolle, Textilien aus Meeresabf\u00e4llen, Aluminiumschaum, europ\u00e4ische Elektrifizierungsstrategie, urbane Elektrofahrzeuge, Hyundai EV Europa, Aero-Hatch-Profil","breadcrumb":{"@id":"https:\/\/www.enzo-und-ferdinand.de\/index.php\/2025\/09\/16\/hyundai-concept-three\/#breadcrumb"},"inLanguage":"de","potentialAction":[{"@type":"ReadAction","target":["https:\/\/www.enzo-und-ferdinand.de\/index.php\/2025\/09\/16\/hyundai-concept-three\/"]}]},{"@type":"ImageObject","inLanguage":"de","@id":"https:\/\/www.enzo-und-ferdinand.de\/index.php\/2025\/09\/16\/hyundai-concept-three\/#primaryimage","url":"https:\/\/www.enzo-und-ferdinand.de\/wp-content\/uploads\/2025\/09\/Hyundai-Concept-Three-3.jpg","contentUrl":"https:\/\/www.enzo-und-ferdinand.de\/wp-content\/uploads\/2025\/09\/Hyundai-Concept-Three-3.jpg","width":1500,"height":841,"caption":"Hyundai Concept Three"},{"@type":"BreadcrumbList","@id":"https:\/\/www.enzo-und-ferdinand.de\/index.php\/2025\/09\/16\/hyundai-concept-three\/#breadcrumb","itemListElement":[{"@type":"ListItem","position":1,"name":"Startseite","item":"https:\/\/www.enzo-und-ferdinand.de\/"},{"@type":"ListItem","position":2,"name":"Hyundai \u201eConcept Three\u201c"}]},{"@type":"WebSite","@id":"https:\/\/www.enzo-und-ferdinand.de\/#website","url":"https:\/\/www.enzo-und-ferdinand.de\/","name":"enzo & Ferdinand","description":"","publisher":{"@id":"https:\/\/www.enzo-und-ferdinand.de\/#organization"},"potentialAction":[{"@type":"SearchAction","target":{"@type":"EntryPoint","urlTemplate":"https:\/\/www.enzo-und-ferdinand.de\/?s={search_term_string}"},"query-input":{"@type":"PropertyValueSpecification","valueRequired":true,"valueName":"search_term_string"}}],"inLanguage":"de"},{"@type":"Organization","@id":"https:\/\/www.enzo-und-ferdinand.de\/#organization","name":"enzo & Ferdinand","url":"https:\/\/www.enzo-und-ferdinand.de\/","logo":{"@type":"ImageObject","inLanguage":"de","@id":"https:\/\/www.enzo-und-ferdinand.de\/#\/schema\/logo\/image\/","url":"https:\/\/www.enzo-und-ferdinand.de\/wp-content\/uploads\/2018\/12\/revvvs-icon.png","contentUrl":"https:\/\/www.enzo-und-ferdinand.de\/wp-content\/uploads\/2018\/12\/revvvs-icon.png","width":512,"height":512,"caption":"enzo & Ferdinand"},"image":{"@id":"https:\/\/www.enzo-und-ferdinand.de\/#\/schema\/logo\/image\/"}},{"@type":"Person","@id":"https:\/\/www.enzo-und-ferdinand.de\/#\/schema\/person\/aff2eb9ff87705987c1b9d21fe10b095","name":"Rainer Ro\u00dfbach","image":{"@type":"ImageObject","inLanguage":"de","@id":"https:\/\/www.enzo-und-ferdinand.de\/wp-content\/uploads\/2026\/01\/Rainer-Rossbach-150x150.jpg","url":"https:\/\/www.enzo-und-ferdinand.de\/wp-content\/uploads\/2026\/01\/Rainer-Rossbach-150x150.jpg","contentUrl":"https:\/\/www.enzo-und-ferdinand.de\/wp-content\/uploads\/2026\/01\/Rainer-Rossbach-150x150.jpg","caption":"Rainer Ro\u00dfbach"},"url":"https:\/\/www.enzo-und-ferdinand.de\/index.php\/author\/redaktion\/"}]}},"_links":{"self":[{"href":"https:\/\/www.enzo-und-ferdinand.de\/index.php\/wp-json\/wp\/v2\/posts\/21046","targetHints":{"allow":["GET"]}}],"collection":[{"href":"https:\/\/www.enzo-und-ferdinand.de\/index.php\/wp-json\/wp\/v2\/posts"}],"about":[{"href":"https:\/\/www.enzo-und-ferdinand.de\/index.php\/wp-json\/wp\/v2\/types\/post"}],"author":[{"embeddable":true,"href":"https:\/\/www.enzo-und-ferdinand.de\/index.php\/wp-json\/wp\/v2\/users\/1"}],"replies":[{"embeddable":true,"href":"https:\/\/www.enzo-und-ferdinand.de\/index.php\/wp-json\/wp\/v2\/comments?post=21046"}],"version-history":[{"count":3,"href":"https:\/\/www.enzo-und-ferdinand.de\/index.php\/wp-json\/wp\/v2\/posts\/21046\/revisions"}],"predecessor-version":[{"id":21053,"href":"https:\/\/www.enzo-und-ferdinand.de\/index.php\/wp-json\/wp\/v2\/posts\/21046\/revisions\/21053"}],"wp:featuredmedia":[{"embeddable":true,"href":"https:\/\/www.enzo-und-ferdinand.de\/index.php\/wp-json\/wp\/v2\/media\/21051"}],"wp:attachment":[{"href":"https:\/\/www.enzo-und-ferdinand.de\/index.php\/wp-json\/wp\/v2\/media?parent=21046"}],"wp:term":[{"taxonomy":"category","embeddable":true,"href":"https:\/\/www.enzo-und-ferdinand.de\/index.php\/wp-json\/wp\/v2\/categories?post=21046"},{"taxonomy":"post_tag","embeddable":true,"href":"https:\/\/www.enzo-und-ferdinand.de\/index.php\/wp-json\/wp\/v2\/tags?post=21046"}],"curies":[{"name":"wp","href":"https:\/\/api.w.org\/{rel}","templated":true}]}}