{"id":21080,"date":"2025-09-17T10:07:02","date_gmt":"2025-09-17T08:07:02","guid":{"rendered":"https:\/\/www.enzo-und-ferdinand.de\/?p=21080"},"modified":"2025-09-17T10:07:04","modified_gmt":"2025-09-17T08:07:04","slug":"toyota-e-palette","status":"publish","type":"post","link":"https:\/\/www.enzo-und-ferdinand.de\/index.php\/2025\/09\/17\/toyota-e-palette\/","title":{"rendered":"Toyota e-Palette"},"content":{"rendered":"\n<figure class=\"wp-block-image size-large\"><img loading=\"lazy\" decoding=\"async\" width=\"810\" height=\"540\" src=\"https:\/\/www.enzo-und-ferdinand.de\/wp-content\/uploads\/2025\/09\/Toyota-e-Palette-2-810x540.jpg\" alt=\"Toyota e-Palette\" class=\"wp-image-21084\" srcset=\"https:\/\/www.enzo-und-ferdinand.de\/wp-content\/uploads\/2025\/09\/Toyota-e-Palette-2-810x540.jpg 810w, https:\/\/www.enzo-und-ferdinand.de\/wp-content\/uploads\/2025\/09\/Toyota-e-Palette-2-300x200.jpg 300w, https:\/\/www.enzo-und-ferdinand.de\/wp-content\/uploads\/2025\/09\/Toyota-e-Palette-2-768x512.jpg 768w, https:\/\/www.enzo-und-ferdinand.de\/wp-content\/uploads\/2025\/09\/Toyota-e-Palette-2-120x80.jpg 120w, https:\/\/www.enzo-und-ferdinand.de\/wp-content\/uploads\/2025\/09\/Toyota-e-Palette-2.jpg 1500w\" sizes=\"auto, (max-width: 810px) 100vw, 810px\" \/><\/figure>\n\n\n\n<p class=\"wp-block-paragraph\">Toyota hat in Japan den Verkaufsstart der neuen batterieelektrischen e-Palette verk\u00fcndet. Das Modell ist ein zukunftsweisendes Fahrzeugkonzept, das sich durch flexible Einsatzm\u00f6glichkeiten, hohe technische Standards und die Vorbereitung auf automatisiertes Fahren auszeichnet. Mit dieser Einf\u00fchrung verfolgt Toyota das Ziel, eine vernetzte und barrierefreie Mobilit\u00e4t zu etablieren und bis 2027 Fahrzeuge mit Level-4-Automatisierung auf den Markt zu bringen.<\/p>\n\n\n\n<p class=\"wp-block-paragraph\">Die e-Palette zeichnet sich durch eine gro\u00dfz\u00fcgige Innenraumgestaltung und gro\u00dfe Fensterfl\u00e4chen aus, die ein Gef\u00fchl von Offenheit schaffen und vielf\u00e4ltige Nutzungen erlauben. Das Fahrzeug kann morgens und abends als Shuttlebus dienen, w\u00e4hrend es tags\u00fcber w\u00e4hrend der Ladezeiten als mobile Verkaufs- oder Servicestation betrieben wird. Durch den Einbau spezieller Technik l\u00e4sst sich die Kabine zu einem Entertainment-Fahrzeug umbauen, das immersive Sport\u00fcbertragungen oder virtuelle Sightseeing-Erlebnisse erm\u00f6glicht.<\/p>\n\n\n\n<figure class=\"wp-block-image size-large\"><img loading=\"lazy\" decoding=\"async\" width=\"810\" height=\"476\" src=\"https:\/\/www.enzo-und-ferdinand.de\/wp-content\/uploads\/2025\/09\/Toyota-e-Palette-3-810x476.jpg\" alt=\"Toyota e-Palette\" class=\"wp-image-21085\" srcset=\"https:\/\/www.enzo-und-ferdinand.de\/wp-content\/uploads\/2025\/09\/Toyota-e-Palette-3-810x476.jpg 810w, https:\/\/www.enzo-und-ferdinand.de\/wp-content\/uploads\/2025\/09\/Toyota-e-Palette-3-300x176.jpg 300w, https:\/\/www.enzo-und-ferdinand.de\/wp-content\/uploads\/2025\/09\/Toyota-e-Palette-3-768x452.jpg 768w, https:\/\/www.enzo-und-ferdinand.de\/wp-content\/uploads\/2025\/09\/Toyota-e-Palette-3-850x500.jpg 850w, https:\/\/www.enzo-und-ferdinand.de\/wp-content\/uploads\/2025\/09\/Toyota-e-Palette-3.jpg 1500w\" sizes=\"auto, (max-width: 810px) 100vw, 810px\" \/><\/figure>\n\n\n\n<p class=\"wp-block-paragraph\">Ein zentraler Aspekt ist die Barrierefreiheit. Dank niedrigem Boden, breiten Schiebet\u00fcren und einer elektrisch ausfahrbaren Rampe k\u00f6nnen auch Rollstuhlfahrer unabh\u00e4ngig ein- und aussteigen. F\u00fcr zus\u00e4tzliche Sicherheit ist optional eine Einhand-Rollstuhlbefestigung erh\u00e4ltlich.<\/p>\n\n\n\n<p class=\"wp-block-paragraph\">Technologisch ist die e-Palette bereits f\u00fcr automatisiertes Fahren vorbereitet. Die aktuelle Ausf\u00fchrung unterst\u00fctzt Level-2-Funktionen, w\u00e4hrend Toyota ab dem Gesch\u00e4ftsjahr 2027 Fahrzeuge mit Level-4-Systemen einf\u00fchren will. Grundlage hierf\u00fcr bildet ein Automated Driving Kit (ADK), das Kameras, LiDAR und Steuerungshardware integriert. \u00dcber das standardisierte Vehicle Control Interface (VCI) k\u00f6nnen unterschiedliche Partnerl\u00f6sungen eingebunden werden. Redundante Systeme sollen die Betriebssicherheit erh\u00f6hen, w\u00e4hrend die Anbindung an Flottenmanagementsysteme einen reibungslosen Einsatz gew\u00e4hrleistet.<\/p>\n\n\n\n<figure class=\"wp-block-image size-large\"><img loading=\"lazy\" decoding=\"async\" width=\"810\" height=\"608\" src=\"https:\/\/www.enzo-und-ferdinand.de\/wp-content\/uploads\/2025\/09\/20250915_02_13_en-810x608.jpg\" alt=\"Toyota e-Palette\" class=\"wp-image-21086\" srcset=\"https:\/\/www.enzo-und-ferdinand.de\/wp-content\/uploads\/2025\/09\/20250915_02_13_en-810x608.jpg 810w, https:\/\/www.enzo-und-ferdinand.de\/wp-content\/uploads\/2025\/09\/20250915_02_13_en-300x225.jpg 300w, https:\/\/www.enzo-und-ferdinand.de\/wp-content\/uploads\/2025\/09\/20250915_02_13_en-768x576.jpg 768w, https:\/\/www.enzo-und-ferdinand.de\/wp-content\/uploads\/2025\/09\/20250915_02_13_en.jpg 1500w\" sizes=\"auto, (max-width: 810px) 100vw, 810px\" \/><\/figure>\n\n\n\n<p class=\"wp-block-paragraph\">Auch bei der Fahrdynamik setzt Toyota auf Innovation. Die Steer-by-Wire-Technologie sorgt f\u00fcr ein modernes Lenkgef\u00fchl und reduziert den Lenkaufwand. Ein neu entwickeltes Cockpit mit spezieller Lenkradform entlastet den Fahrer zus\u00e4tzlich. Digitale Anzeigen im Innen- und Au\u00dfenbereich k\u00f6nnen flexibel programmiert werden, um nutzungsabh\u00e4ngige Informationen anzuzeigen. Erg\u00e4nzend \u00fcberwacht ein Kabinenmonitoringsystem die T\u00fcrbereiche und unterst\u00fctzt so die Sicherheit der Passagiere.<\/p>\n\n\n\n<p class=\"wp-block-paragraph\">Die Energieversorgung erfolgt \u00fcber Standard- und Schnellladefunktionen. Zus\u00e4tzlich kann das Fahrzeug im Stand als mobile Energiequelle dienen, was vor allem im Katastrophenfall von Vorteil ist.<\/p>\n\n\n\n<p class=\"wp-block-paragraph\">Toyota setzt die e-Palette zun\u00e4chst in TOYOTA ARENA TOKYO sowie in der Testumgebung Woven City ein. Dort wird das Modell sowohl im Personentransport als auch als mobile Verkaufsfl\u00e4che erprobt. Parallel dazu laufen Tests mit Kommunen und Partnern f\u00fcr den Einsatz automatisierter Fahrfunktionen.<\/p>\n\n\n\n<p class=\"wp-block-paragraph\">Mit der neuen e-Palette zeigt Toyota ein technisch fortschrittliches Konzept, das Flexibilit\u00e4t, Barrierefreiheit und automatisiertes Fahren verbindet und damit den Weg in eine nachhaltige Mobilit\u00e4tszukunft weist.<\/p>\n\n\n\n<figure class=\"wp-block-image size-large\"><img loading=\"lazy\" decoding=\"async\" width=\"810\" height=\"460\" src=\"https:\/\/www.enzo-und-ferdinand.de\/wp-content\/uploads\/2025\/09\/Toyota-e-Palette-4-810x460.jpg\" alt=\"Toyota e-Palette\" class=\"wp-image-21087\" srcset=\"https:\/\/www.enzo-und-ferdinand.de\/wp-content\/uploads\/2025\/09\/Toyota-e-Palette-4-810x460.jpg 810w, https:\/\/www.enzo-und-ferdinand.de\/wp-content\/uploads\/2025\/09\/Toyota-e-Palette-4-300x170.jpg 300w, https:\/\/www.enzo-und-ferdinand.de\/wp-content\/uploads\/2025\/09\/Toyota-e-Palette-4-768x436.jpg 768w, https:\/\/www.enzo-und-ferdinand.de\/wp-content\/uploads\/2025\/09\/Toyota-e-Palette-4.jpg 1500w\" sizes=\"auto, (max-width: 810px) 100vw, 810px\" \/><\/figure>\n\n\n\n<p class=\"has-text-align-right has-small-font-size wp-block-paragraph\">Fotos: Toyota\/Text: Rainer Ro\u00dfbach<\/p>\n\n\n\n<p class=\"wp-block-paragraph\"><\/p>\n","protected":false},"excerpt":{"rendered":"<p>Toyota hat in Japan den Verkaufsstart der neuen batterieelektrischen e-Palette verk\u00fcndet. Das Modell ist ein zukunftsweisendes Fahrzeugkonzept, das sich durch flexible Einsatzm\u00f6glichkeiten, hohe technische Standards und die Vorbereitung auf automatisiertes Fahren auszeichnet. Mit dieser Einf\u00fchrung verfolgt Toyota das Ziel, eine vernetzte und barrierefreie Mobilit\u00e4t zu etablieren und bis 2027 Fahrzeuge mit Level-4-Automatisierung auf den Markt zu bringen. Die e-Palette zeichnet sich durch eine gro\u00dfz\u00fcgige Innenraumgestaltung und gro\u00dfe Fensterfl\u00e4chen aus, die ein Gef\u00fchl von Offenheit schaffen und vielf\u00e4ltige Nutzungen erlauben. Das Fahrzeug kann morgens und abends als Shuttlebus dienen, w\u00e4hrend es tags\u00fcber w\u00e4hrend der Ladezeiten als mobile Verkaufs- oder Servicestation betrieben<\/p>\n","protected":false},"author":1,"featured_media":21083,"comment_status":"closed","ping_status":"open","sticky":false,"template":"","format":"standard","meta":{"_crdt_document":"","ngg_post_thumbnail":0,"footnotes":""},"categories":[681,586],"tags":[248],"class_list":["post-21080","post","type-post","status-publish","format-standard","has-post-thumbnail","hentry","category-elektro","category-technologie","tag-toyota"],"yoast_head":"<!-- This site is optimized with the Yoast SEO plugin v27.5 - https:\/\/yoast.com\/product\/yoast-seo-wordpress\/ -->\n<title>Toyota e-Palette<\/title>\n<meta name=\"description\" content=\"Enzo Rainer Ro\u00dfbach Rainer Rossbach enzo-und-ferdinand enzo&amp;ferdinand Toyota e-Palette Toyota Elektroauto Toyota automatisiertes Fahren Toyota Level 4 Autonomie Toyota Shuttlebus Toyota Woven City Toyota Arena Tokyo Steer-by-Wire Toyota Mobilit\u00e4tskonzept Toyota BEV\" \/>\n<meta name=\"robots\" content=\"index, follow, max-snippet:-1, max-image-preview:large, max-video-preview:-1\" \/>\n<link rel=\"canonical\" href=\"https:\/\/www.enzo-und-ferdinand.de\/index.php\/2025\/09\/17\/toyota-e-palette\/\" \/>\n<meta property=\"og:locale\" content=\"de_DE\" \/>\n<meta property=\"og:type\" content=\"article\" \/>\n<meta property=\"og:title\" content=\"Toyota e-Palette\" \/>\n<meta property=\"og:description\" content=\"Enzo Rainer Ro\u00dfbach Rainer Rossbach enzo-und-ferdinand enzo&amp;ferdinand Toyota e-Palette Toyota Elektroauto Toyota automatisiertes Fahren Toyota Level 4 Autonomie Toyota Shuttlebus Toyota Woven City Toyota Arena Tokyo Steer-by-Wire Toyota Mobilit\u00e4tskonzept Toyota BEV\" \/>\n<meta property=\"og:url\" content=\"https:\/\/www.enzo-und-ferdinand.de\/index.php\/2025\/09\/17\/toyota-e-palette\/\" \/>\n<meta property=\"og:site_name\" content=\"enzo &amp; Ferdinand\" \/>\n<meta property=\"article:published_time\" content=\"2025-09-17T08:07:02+00:00\" \/>\n<meta property=\"article:modified_time\" content=\"2025-09-17T08:07:04+00:00\" \/>\n<meta property=\"og:image\" content=\"https:\/\/www.enzo-und-ferdinand.de\/wp-content\/uploads\/2025\/09\/Toyota-e-Palette-1.jpg\" \/>\n\t<meta property=\"og:image:width\" content=\"1500\" \/>\n\t<meta property=\"og:image:height\" content=\"1000\" \/>\n\t<meta property=\"og:image:type\" content=\"image\/jpeg\" \/>\n<meta name=\"author\" content=\"Rainer Ro\u00dfbach\" \/>\n<meta name=\"twitter:card\" content=\"summary_large_image\" \/>\n<meta name=\"twitter:label1\" content=\"Verfasst von\" \/>\n\t<meta name=\"twitter:data1\" content=\"Rainer Ro\u00dfbach\" \/>\n\t<meta name=\"twitter:label2\" content=\"Gesch\u00e4tzte Lesezeit\" \/>\n\t<meta name=\"twitter:data2\" content=\"4\u00a0Minuten\" \/>\n<script type=\"application\/ld+json\" class=\"yoast-schema-graph\">{\"@context\":\"https:\\\/\\\/schema.org\",\"@graph\":[{\"@type\":\"Article\",\"@id\":\"https:\\\/\\\/www.enzo-und-ferdinand.de\\\/index.php\\\/2025\\\/09\\\/17\\\/toyota-e-palette\\\/#article\",\"isPartOf\":{\"@id\":\"https:\\\/\\\/www.enzo-und-ferdinand.de\\\/index.php\\\/2025\\\/09\\\/17\\\/toyota-e-palette\\\/\"},\"author\":{\"name\":\"Rainer Ro\u00dfbach\",\"@id\":\"https:\\\/\\\/www.enzo-und-ferdinand.de\\\/#\\\/schema\\\/person\\\/aff2eb9ff87705987c1b9d21fe10b095\"},\"headline\":\"Toyota e-Palette\",\"datePublished\":\"2025-09-17T08:07:02+00:00\",\"dateModified\":\"2025-09-17T08:07:04+00:00\",\"mainEntityOfPage\":{\"@id\":\"https:\\\/\\\/www.enzo-und-ferdinand.de\\\/index.php\\\/2025\\\/09\\\/17\\\/toyota-e-palette\\\/\"},\"wordCount\":426,\"publisher\":{\"@id\":\"https:\\\/\\\/www.enzo-und-ferdinand.de\\\/#organization\"},\"image\":{\"@id\":\"https:\\\/\\\/www.enzo-und-ferdinand.de\\\/index.php\\\/2025\\\/09\\\/17\\\/toyota-e-palette\\\/#primaryimage\"},\"thumbnailUrl\":\"https:\\\/\\\/www.enzo-und-ferdinand.de\\\/wp-content\\\/uploads\\\/2025\\\/09\\\/Toyota-e-Palette-1.jpg\",\"keywords\":[\"Toyota\"],\"articleSection\":[\"Elektro\",\"Technologie\"],\"inLanguage\":\"de\"},{\"@type\":\"WebPage\",\"@id\":\"https:\\\/\\\/www.enzo-und-ferdinand.de\\\/index.php\\\/2025\\\/09\\\/17\\\/toyota-e-palette\\\/\",\"url\":\"https:\\\/\\\/www.enzo-und-ferdinand.de\\\/index.php\\\/2025\\\/09\\\/17\\\/toyota-e-palette\\\/\",\"name\":\"Toyota e-Palette\",\"isPartOf\":{\"@id\":\"https:\\\/\\\/www.enzo-und-ferdinand.de\\\/#website\"},\"primaryImageOfPage\":{\"@id\":\"https:\\\/\\\/www.enzo-und-ferdinand.de\\\/index.php\\\/2025\\\/09\\\/17\\\/toyota-e-palette\\\/#primaryimage\"},\"image\":{\"@id\":\"https:\\\/\\\/www.enzo-und-ferdinand.de\\\/index.php\\\/2025\\\/09\\\/17\\\/toyota-e-palette\\\/#primaryimage\"},\"thumbnailUrl\":\"https:\\\/\\\/www.enzo-und-ferdinand.de\\\/wp-content\\\/uploads\\\/2025\\\/09\\\/Toyota-e-Palette-1.jpg\",\"datePublished\":\"2025-09-17T08:07:02+00:00\",\"dateModified\":\"2025-09-17T08:07:04+00:00\",\"description\":\"Enzo Rainer Ro\u00dfbach Rainer Rossbach enzo-und-ferdinand enzo&ferdinand Toyota e-Palette Toyota Elektroauto Toyota automatisiertes Fahren Toyota Level 4 Autonomie Toyota Shuttlebus Toyota Woven City Toyota Arena Tokyo Steer-by-Wire Toyota Mobilit\u00e4tskonzept Toyota BEV\",\"breadcrumb\":{\"@id\":\"https:\\\/\\\/www.enzo-und-ferdinand.de\\\/index.php\\\/2025\\\/09\\\/17\\\/toyota-e-palette\\\/#breadcrumb\"},\"inLanguage\":\"de\",\"potentialAction\":[{\"@type\":\"ReadAction\",\"target\":[\"https:\\\/\\\/www.enzo-und-ferdinand.de\\\/index.php\\\/2025\\\/09\\\/17\\\/toyota-e-palette\\\/\"]}]},{\"@type\":\"ImageObject\",\"inLanguage\":\"de\",\"@id\":\"https:\\\/\\\/www.enzo-und-ferdinand.de\\\/index.php\\\/2025\\\/09\\\/17\\\/toyota-e-palette\\\/#primaryimage\",\"url\":\"https:\\\/\\\/www.enzo-und-ferdinand.de\\\/wp-content\\\/uploads\\\/2025\\\/09\\\/Toyota-e-Palette-1.jpg\",\"contentUrl\":\"https:\\\/\\\/www.enzo-und-ferdinand.de\\\/wp-content\\\/uploads\\\/2025\\\/09\\\/Toyota-e-Palette-1.jpg\",\"width\":1500,\"height\":1000,\"caption\":\"Toyota e-Palette\"},{\"@type\":\"BreadcrumbList\",\"@id\":\"https:\\\/\\\/www.enzo-und-ferdinand.de\\\/index.php\\\/2025\\\/09\\\/17\\\/toyota-e-palette\\\/#breadcrumb\",\"itemListElement\":[{\"@type\":\"ListItem\",\"position\":1,\"name\":\"Startseite\",\"item\":\"https:\\\/\\\/www.enzo-und-ferdinand.de\\\/\"},{\"@type\":\"ListItem\",\"position\":2,\"name\":\"Toyota e-Palette\"}]},{\"@type\":\"WebSite\",\"@id\":\"https:\\\/\\\/www.enzo-und-ferdinand.de\\\/#website\",\"url\":\"https:\\\/\\\/www.enzo-und-ferdinand.de\\\/\",\"name\":\"enzo & Ferdinand\",\"description\":\"\",\"publisher\":{\"@id\":\"https:\\\/\\\/www.enzo-und-ferdinand.de\\\/#organization\"},\"potentialAction\":[{\"@type\":\"SearchAction\",\"target\":{\"@type\":\"EntryPoint\",\"urlTemplate\":\"https:\\\/\\\/www.enzo-und-ferdinand.de\\\/?s={search_term_string}\"},\"query-input\":{\"@type\":\"PropertyValueSpecification\",\"valueRequired\":true,\"valueName\":\"search_term_string\"}}],\"inLanguage\":\"de\"},{\"@type\":\"Organization\",\"@id\":\"https:\\\/\\\/www.enzo-und-ferdinand.de\\\/#organization\",\"name\":\"enzo & Ferdinand\",\"url\":\"https:\\\/\\\/www.enzo-und-ferdinand.de\\\/\",\"logo\":{\"@type\":\"ImageObject\",\"inLanguage\":\"de\",\"@id\":\"https:\\\/\\\/www.enzo-und-ferdinand.de\\\/#\\\/schema\\\/logo\\\/image\\\/\",\"url\":\"https:\\\/\\\/www.enzo-und-ferdinand.de\\\/wp-content\\\/uploads\\\/2018\\\/12\\\/revvvs-icon.png\",\"contentUrl\":\"https:\\\/\\\/www.enzo-und-ferdinand.de\\\/wp-content\\\/uploads\\\/2018\\\/12\\\/revvvs-icon.png\",\"width\":512,\"height\":512,\"caption\":\"enzo & Ferdinand\"},\"image\":{\"@id\":\"https:\\\/\\\/www.enzo-und-ferdinand.de\\\/#\\\/schema\\\/logo\\\/image\\\/\"}},{\"@type\":\"Person\",\"@id\":\"https:\\\/\\\/www.enzo-und-ferdinand.de\\\/#\\\/schema\\\/person\\\/aff2eb9ff87705987c1b9d21fe10b095\",\"name\":\"Rainer Ro\u00dfbach\",\"image\":{\"@type\":\"ImageObject\",\"inLanguage\":\"de\",\"@id\":\"https:\\\/\\\/www.enzo-und-ferdinand.de\\\/wp-content\\\/uploads\\\/2026\\\/01\\\/Rainer-Rossbach-150x150.jpg\",\"url\":\"https:\\\/\\\/www.enzo-und-ferdinand.de\\\/wp-content\\\/uploads\\\/2026\\\/01\\\/Rainer-Rossbach-150x150.jpg\",\"contentUrl\":\"https:\\\/\\\/www.enzo-und-ferdinand.de\\\/wp-content\\\/uploads\\\/2026\\\/01\\\/Rainer-Rossbach-150x150.jpg\",\"caption\":\"Rainer Ro\u00dfbach\"},\"url\":\"https:\\\/\\\/www.enzo-und-ferdinand.de\\\/index.php\\\/author\\\/redaktion\\\/\"}]}<\/script>\n<!-- \/ Yoast SEO plugin. -->","yoast_head_json":{"title":"Toyota e-Palette","description":"Enzo Rainer Ro\u00dfbach Rainer Rossbach enzo-und-ferdinand enzo&ferdinand Toyota e-Palette Toyota Elektroauto Toyota automatisiertes Fahren Toyota Level 4 Autonomie Toyota Shuttlebus Toyota Woven City Toyota Arena Tokyo Steer-by-Wire Toyota Mobilit\u00e4tskonzept Toyota BEV","robots":{"index":"index","follow":"follow","max-snippet":"max-snippet:-1","max-image-preview":"max-image-preview:large","max-video-preview":"max-video-preview:-1"},"canonical":"https:\/\/www.enzo-und-ferdinand.de\/index.php\/2025\/09\/17\/toyota-e-palette\/","og_locale":"de_DE","og_type":"article","og_title":"Toyota e-Palette","og_description":"Enzo Rainer Ro\u00dfbach Rainer Rossbach enzo-und-ferdinand enzo&ferdinand Toyota e-Palette Toyota Elektroauto Toyota automatisiertes Fahren Toyota Level 4 Autonomie Toyota Shuttlebus Toyota Woven City Toyota Arena Tokyo Steer-by-Wire Toyota Mobilit\u00e4tskonzept Toyota BEV","og_url":"https:\/\/www.enzo-und-ferdinand.de\/index.php\/2025\/09\/17\/toyota-e-palette\/","og_site_name":"enzo &amp; Ferdinand","article_published_time":"2025-09-17T08:07:02+00:00","article_modified_time":"2025-09-17T08:07:04+00:00","og_image":[{"width":1500,"height":1000,"url":"https:\/\/www.enzo-und-ferdinand.de\/wp-content\/uploads\/2025\/09\/Toyota-e-Palette-1.jpg","type":"image\/jpeg"}],"author":"Rainer Ro\u00dfbach","twitter_card":"summary_large_image","twitter_misc":{"Verfasst von":"Rainer Ro\u00dfbach","Gesch\u00e4tzte Lesezeit":"4\u00a0Minuten"},"schema":{"@context":"https:\/\/schema.org","@graph":[{"@type":"Article","@id":"https:\/\/www.enzo-und-ferdinand.de\/index.php\/2025\/09\/17\/toyota-e-palette\/#article","isPartOf":{"@id":"https:\/\/www.enzo-und-ferdinand.de\/index.php\/2025\/09\/17\/toyota-e-palette\/"},"author":{"name":"Rainer Ro\u00dfbach","@id":"https:\/\/www.enzo-und-ferdinand.de\/#\/schema\/person\/aff2eb9ff87705987c1b9d21fe10b095"},"headline":"Toyota e-Palette","datePublished":"2025-09-17T08:07:02+00:00","dateModified":"2025-09-17T08:07:04+00:00","mainEntityOfPage":{"@id":"https:\/\/www.enzo-und-ferdinand.de\/index.php\/2025\/09\/17\/toyota-e-palette\/"},"wordCount":426,"publisher":{"@id":"https:\/\/www.enzo-und-ferdinand.de\/#organization"},"image":{"@id":"https:\/\/www.enzo-und-ferdinand.de\/index.php\/2025\/09\/17\/toyota-e-palette\/#primaryimage"},"thumbnailUrl":"https:\/\/www.enzo-und-ferdinand.de\/wp-content\/uploads\/2025\/09\/Toyota-e-Palette-1.jpg","keywords":["Toyota"],"articleSection":["Elektro","Technologie"],"inLanguage":"de"},{"@type":"WebPage","@id":"https:\/\/www.enzo-und-ferdinand.de\/index.php\/2025\/09\/17\/toyota-e-palette\/","url":"https:\/\/www.enzo-und-ferdinand.de\/index.php\/2025\/09\/17\/toyota-e-palette\/","name":"Toyota e-Palette","isPartOf":{"@id":"https:\/\/www.enzo-und-ferdinand.de\/#website"},"primaryImageOfPage":{"@id":"https:\/\/www.enzo-und-ferdinand.de\/index.php\/2025\/09\/17\/toyota-e-palette\/#primaryimage"},"image":{"@id":"https:\/\/www.enzo-und-ferdinand.de\/index.php\/2025\/09\/17\/toyota-e-palette\/#primaryimage"},"thumbnailUrl":"https:\/\/www.enzo-und-ferdinand.de\/wp-content\/uploads\/2025\/09\/Toyota-e-Palette-1.jpg","datePublished":"2025-09-17T08:07:02+00:00","dateModified":"2025-09-17T08:07:04+00:00","description":"Enzo Rainer Ro\u00dfbach Rainer Rossbach enzo-und-ferdinand enzo&ferdinand Toyota e-Palette Toyota Elektroauto Toyota automatisiertes Fahren Toyota Level 4 Autonomie Toyota Shuttlebus Toyota Woven City Toyota Arena Tokyo Steer-by-Wire Toyota Mobilit\u00e4tskonzept Toyota BEV","breadcrumb":{"@id":"https:\/\/www.enzo-und-ferdinand.de\/index.php\/2025\/09\/17\/toyota-e-palette\/#breadcrumb"},"inLanguage":"de","potentialAction":[{"@type":"ReadAction","target":["https:\/\/www.enzo-und-ferdinand.de\/index.php\/2025\/09\/17\/toyota-e-palette\/"]}]},{"@type":"ImageObject","inLanguage":"de","@id":"https:\/\/www.enzo-und-ferdinand.de\/index.php\/2025\/09\/17\/toyota-e-palette\/#primaryimage","url":"https:\/\/www.enzo-und-ferdinand.de\/wp-content\/uploads\/2025\/09\/Toyota-e-Palette-1.jpg","contentUrl":"https:\/\/www.enzo-und-ferdinand.de\/wp-content\/uploads\/2025\/09\/Toyota-e-Palette-1.jpg","width":1500,"height":1000,"caption":"Toyota e-Palette"},{"@type":"BreadcrumbList","@id":"https:\/\/www.enzo-und-ferdinand.de\/index.php\/2025\/09\/17\/toyota-e-palette\/#breadcrumb","itemListElement":[{"@type":"ListItem","position":1,"name":"Startseite","item":"https:\/\/www.enzo-und-ferdinand.de\/"},{"@type":"ListItem","position":2,"name":"Toyota e-Palette"}]},{"@type":"WebSite","@id":"https:\/\/www.enzo-und-ferdinand.de\/#website","url":"https:\/\/www.enzo-und-ferdinand.de\/","name":"enzo & Ferdinand","description":"","publisher":{"@id":"https:\/\/www.enzo-und-ferdinand.de\/#organization"},"potentialAction":[{"@type":"SearchAction","target":{"@type":"EntryPoint","urlTemplate":"https:\/\/www.enzo-und-ferdinand.de\/?s={search_term_string}"},"query-input":{"@type":"PropertyValueSpecification","valueRequired":true,"valueName":"search_term_string"}}],"inLanguage":"de"},{"@type":"Organization","@id":"https:\/\/www.enzo-und-ferdinand.de\/#organization","name":"enzo & Ferdinand","url":"https:\/\/www.enzo-und-ferdinand.de\/","logo":{"@type":"ImageObject","inLanguage":"de","@id":"https:\/\/www.enzo-und-ferdinand.de\/#\/schema\/logo\/image\/","url":"https:\/\/www.enzo-und-ferdinand.de\/wp-content\/uploads\/2018\/12\/revvvs-icon.png","contentUrl":"https:\/\/www.enzo-und-ferdinand.de\/wp-content\/uploads\/2018\/12\/revvvs-icon.png","width":512,"height":512,"caption":"enzo & Ferdinand"},"image":{"@id":"https:\/\/www.enzo-und-ferdinand.de\/#\/schema\/logo\/image\/"}},{"@type":"Person","@id":"https:\/\/www.enzo-und-ferdinand.de\/#\/schema\/person\/aff2eb9ff87705987c1b9d21fe10b095","name":"Rainer Ro\u00dfbach","image":{"@type":"ImageObject","inLanguage":"de","@id":"https:\/\/www.enzo-und-ferdinand.de\/wp-content\/uploads\/2026\/01\/Rainer-Rossbach-150x150.jpg","url":"https:\/\/www.enzo-und-ferdinand.de\/wp-content\/uploads\/2026\/01\/Rainer-Rossbach-150x150.jpg","contentUrl":"https:\/\/www.enzo-und-ferdinand.de\/wp-content\/uploads\/2026\/01\/Rainer-Rossbach-150x150.jpg","caption":"Rainer Ro\u00dfbach"},"url":"https:\/\/www.enzo-und-ferdinand.de\/index.php\/author\/redaktion\/"}]}},"_links":{"self":[{"href":"https:\/\/www.enzo-und-ferdinand.de\/index.php\/wp-json\/wp\/v2\/posts\/21080","targetHints":{"allow":["GET"]}}],"collection":[{"href":"https:\/\/www.enzo-und-ferdinand.de\/index.php\/wp-json\/wp\/v2\/posts"}],"about":[{"href":"https:\/\/www.enzo-und-ferdinand.de\/index.php\/wp-json\/wp\/v2\/types\/post"}],"author":[{"embeddable":true,"href":"https:\/\/www.enzo-und-ferdinand.de\/index.php\/wp-json\/wp\/v2\/users\/1"}],"replies":[{"embeddable":true,"href":"https:\/\/www.enzo-und-ferdinand.de\/index.php\/wp-json\/wp\/v2\/comments?post=21080"}],"version-history":[{"count":3,"href":"https:\/\/www.enzo-und-ferdinand.de\/index.php\/wp-json\/wp\/v2\/posts\/21080\/revisions"}],"predecessor-version":[{"id":21088,"href":"https:\/\/www.enzo-und-ferdinand.de\/index.php\/wp-json\/wp\/v2\/posts\/21080\/revisions\/21088"}],"wp:featuredmedia":[{"embeddable":true,"href":"https:\/\/www.enzo-und-ferdinand.de\/index.php\/wp-json\/wp\/v2\/media\/21083"}],"wp:attachment":[{"href":"https:\/\/www.enzo-und-ferdinand.de\/index.php\/wp-json\/wp\/v2\/media?parent=21080"}],"wp:term":[{"taxonomy":"category","embeddable":true,"href":"https:\/\/www.enzo-und-ferdinand.de\/index.php\/wp-json\/wp\/v2\/categories?post=21080"},{"taxonomy":"post_tag","embeddable":true,"href":"https:\/\/www.enzo-und-ferdinand.de\/index.php\/wp-json\/wp\/v2\/tags?post=21080"}],"curies":[{"name":"wp","href":"https:\/\/api.w.org\/{rel}","templated":true}]}}