{"id":21114,"date":"2025-09-23T06:59:58","date_gmt":"2025-09-23T04:59:58","guid":{"rendered":"https:\/\/www.enzo-und-ferdinand.de\/?p=21114"},"modified":"2025-09-23T06:59:59","modified_gmt":"2025-09-23T04:59:59","slug":"bmw-ix5-hydrogen-in-serie","status":"publish","type":"post","link":"https:\/\/www.enzo-und-ferdinand.de\/index.php\/2025\/09\/23\/bmw-ix5-hydrogen-in-serie\/","title":{"rendered":"BMW iX5 Hydrogen in Serie"},"content":{"rendered":"\n<figure class=\"wp-block-image size-large\"><img loading=\"lazy\" decoding=\"async\" width=\"810\" height=\"540\" src=\"https:\/\/www.enzo-und-ferdinand.de\/wp-content\/uploads\/2025\/09\/BMW-iX5-Hydrogen-3-810x540.jpg\" alt=\"BMW iX5 Hydrogen\" class=\"wp-image-21118\" srcset=\"https:\/\/www.enzo-und-ferdinand.de\/wp-content\/uploads\/2025\/09\/BMW-iX5-Hydrogen-3-810x540.jpg 810w, https:\/\/www.enzo-und-ferdinand.de\/wp-content\/uploads\/2025\/09\/BMW-iX5-Hydrogen-3-300x200.jpg 300w, https:\/\/www.enzo-und-ferdinand.de\/wp-content\/uploads\/2025\/09\/BMW-iX5-Hydrogen-3-768x512.jpg 768w, https:\/\/www.enzo-und-ferdinand.de\/wp-content\/uploads\/2025\/09\/BMW-iX5-Hydrogen-3-120x80.jpg 120w, https:\/\/www.enzo-und-ferdinand.de\/wp-content\/uploads\/2025\/09\/BMW-iX5-Hydrogen-3.jpg 1500w\" sizes=\"auto, (max-width: 810px) 100vw, 810px\" \/><\/figure>\n\n\n\n<p class=\"wp-block-paragraph\">BMW betont seit Jahren die Bedeutung von Technologieoffenheit, um Kundenbed\u00fcrfnisse weltweit erf\u00fcllen zu k\u00f6nnen. Mit dem neuen X5 erweitert der Konzern sein Portfolio entscheidend. W\u00e4hrend Verbrenner und Plug-in-Hybride weiterhin eine wichtige Rolle in M\u00e4rkten mit unzureichender Ladeinfrastruktur spielen, baut BMW sein Engagement bei nachhaltigen Antrieben massiv aus. Ab 2028 erg\u00e4nzt der neue BMW iX5 Hydrogen das Serienangebot und bringt erstmals ein wasserstoffbetriebenes Modell in Gro\u00dfserie auf die Stra\u00dfe. Diese strategische Weichenstellung zeigt, dass BMW bewusst auf Vielfalt setzt, um den global unterschiedlichen regulatorischen Rahmenbedingungen und Marktanforderungen gerecht zu werden.<\/p>\n\n\n\n<p class=\"wp-block-paragraph\">Technisch basiert der BMW iX5 Hydrogen auf der dritten Generation des Brennstoffzellensystems, das in Kooperation mit Toyota entwickelt wurde. Die Weiterentwicklung erm\u00f6glicht eine kompaktere Bauweise, mehr Leistung und h\u00f6here Effizienz. Durch die Kombination von Brennstoffzelle und modernem Energiemanagement steigt Reichweite und Alltagstauglichkeit, w\u00e4hrend der Energieverbrauch sinkt. Erste Prototypen werden bereits im BMW Group Werk Steyr gefertigt, w\u00e4hrend in Landshut weitere Schl\u00fcsselkomponenten entstehen. Mit diesem hohen Grad an Eigenfertigung unterstreicht BMW seine Kompetenz in der Systemintegration.<\/p>\n\n\n\n<figure class=\"wp-block-image size-large\"><img loading=\"lazy\" decoding=\"async\" width=\"810\" height=\"540\" src=\"https:\/\/www.enzo-und-ferdinand.de\/wp-content\/uploads\/2025\/09\/BMW-iX5-Hydrogen-1-1-810x540.jpg\" alt=\"BMW iX5 Hydrogen\" class=\"wp-image-21119\" srcset=\"https:\/\/www.enzo-und-ferdinand.de\/wp-content\/uploads\/2025\/09\/BMW-iX5-Hydrogen-1-1-810x540.jpg 810w, https:\/\/www.enzo-und-ferdinand.de\/wp-content\/uploads\/2025\/09\/BMW-iX5-Hydrogen-1-1-300x200.jpg 300w, https:\/\/www.enzo-und-ferdinand.de\/wp-content\/uploads\/2025\/09\/BMW-iX5-Hydrogen-1-1-768x512.jpg 768w, https:\/\/www.enzo-und-ferdinand.de\/wp-content\/uploads\/2025\/09\/BMW-iX5-Hydrogen-1-1-120x80.jpg 120w, https:\/\/www.enzo-und-ferdinand.de\/wp-content\/uploads\/2025\/09\/BMW-iX5-Hydrogen-1-1.jpg 1500w\" sizes=\"auto, (max-width: 810px) 100vw, 810px\" \/><\/figure>\n\n\n\n<p class=\"wp-block-paragraph\">Die Vorteile der Wasserstofftechnologie liegen klar auf der Hand: Sie erg\u00e4nzt batterieelektrische Fahrzeuge sinnvoll, erm\u00f6glicht kurze Tankzeiten und hohe Reichweiten. Zudem fungiert Wasserstoff als flexibles Speichermedium f\u00fcr erneuerbare Energien und kann entscheidend zur Stabilisierung von Stromnetzen beitragen. Damit stellt die Brennstoffzelle ein zweites technologisches Standbein f\u00fcr die Dekarbonisierung des Verkehrs dar.<\/p>\n\n\n\n<p class=\"wp-block-paragraph\">Parallel dazu engagiert sich BMW beim Aufbau einer tragf\u00e4higen Wasserstoff-Infrastruktur. Gemeinsam mit Partnern aus Industrie und Wissenschaft wurde die Initiative HyMoS (\u201eHydrogen Mobility at Scale\u201c) ins Leben gerufen. Ziel ist es, Tankstellen- und Versorgungsnetze in Metropolregionen zu entwickeln und die Nachfrage von Pkw, Lkw und Bussen zu b\u00fcndeln. Die Pilotphase l\u00e4uft bereits in Deutschland und Frankreich, mit Potenzial f\u00fcr eine sp\u00e4tere internationale Skalierung.<\/p>\n\n\n\n<p class=\"wp-block-paragraph\">BMW positioniert sich mit dem neuen X5 als Treiber einer flexiblen, zukunftsorientierten Antriebsstrategie. Die Kombination aus klassischem Verbrenner, elektrischen Varianten und Wasserstoff demonstriert nicht nur Ingenieurskunst, sondern auch strategische Weitsicht: Technologieoffenheit bleibt der Schl\u00fcssel f\u00fcr globale Wettbewerbsf\u00e4higkeit und nachhaltige Mobilit\u00e4t.<\/p>\n\n\n\n<p class=\"wp-block-paragraph\">BMW setzt hier mit dem neuen BMW X5 ein starkes Signal f\u00fcr Technologieoffenheit. Erstmals wird ein Fahrzeug mit f\u00fcnf verschiedenen Antriebstechnologien angeboten: Batterieelektrisch, Plug-in-Hybrid, Benzin, Diesel sowie Wasserstoff-Brennstoffzelle. Damit positioniert sich die Marke als Pionier in der Mobilit\u00e4tswende und baut ihre Rolle als Innovationstreiber in der Automobilindustrie konsequent aus.<\/p>\n\n\n\n<figure class=\"wp-block-image size-large\"><img loading=\"lazy\" decoding=\"async\" width=\"810\" height=\"540\" src=\"https:\/\/www.enzo-und-ferdinand.de\/wp-content\/uploads\/2025\/09\/BMW-iX5-Hydrogen-2-1-810x540.jpg\" alt=\"BMW iX5 Hydrogen\" class=\"wp-image-21120\" srcset=\"https:\/\/www.enzo-und-ferdinand.de\/wp-content\/uploads\/2025\/09\/BMW-iX5-Hydrogen-2-1-810x540.jpg 810w, https:\/\/www.enzo-und-ferdinand.de\/wp-content\/uploads\/2025\/09\/BMW-iX5-Hydrogen-2-1-300x200.jpg 300w, https:\/\/www.enzo-und-ferdinand.de\/wp-content\/uploads\/2025\/09\/BMW-iX5-Hydrogen-2-1-768x512.jpg 768w, https:\/\/www.enzo-und-ferdinand.de\/wp-content\/uploads\/2025\/09\/BMW-iX5-Hydrogen-2-1-120x80.jpg 120w, https:\/\/www.enzo-und-ferdinand.de\/wp-content\/uploads\/2025\/09\/BMW-iX5-Hydrogen-2-1.jpg 1500w\" sizes=\"auto, (max-width: 810px) 100vw, 810px\" \/><\/figure>\n\n\n\n<p class=\"has-text-align-right has-small-font-size wp-block-paragraph\">Fotos: BMW Group\/Text: Rainer Ro\u00dfbach<\/p>\n","protected":false},"excerpt":{"rendered":"<p>BMW betont seit Jahren die Bedeutung von Technologieoffenheit, um Kundenbed\u00fcrfnisse weltweit erf\u00fcllen zu k\u00f6nnen. Mit dem neuen X5 erweitert der Konzern sein Portfolio entscheidend. W\u00e4hrend Verbrenner und Plug-in-Hybride weiterhin eine wichtige Rolle in M\u00e4rkten mit unzureichender Ladeinfrastruktur spielen, baut BMW sein Engagement bei nachhaltigen Antrieben massiv aus. Ab 2028 erg\u00e4nzt der neue BMW iX5 Hydrogen das Serienangebot und bringt erstmals ein wasserstoffbetriebenes Modell in Gro\u00dfserie auf die Stra\u00dfe. Diese strategische Weichenstellung zeigt, dass BMW bewusst auf Vielfalt setzt, um den global unterschiedlichen regulatorischen Rahmenbedingungen und Marktanforderungen gerecht zu werden. Technisch basiert der BMW iX5 Hydrogen auf der dritten Generation des<\/p>\n","protected":false},"author":1,"featured_media":21117,"comment_status":"closed","ping_status":"open","sticky":false,"template":"","format":"standard","meta":{"_crdt_document":"","ngg_post_thumbnail":0,"footnotes":""},"categories":[586,1237],"tags":[202,533],"class_list":["post-21114","post","type-post","status-publish","format-standard","has-post-thumbnail","hentry","category-technologie","category-wasserstoff","tag-bmw","tag-wasserstoff"],"yoast_head":"<!-- This site is optimized with the Yoast SEO plugin v27.5 - https:\/\/yoast.com\/product\/yoast-seo-wordpress\/ -->\n<title>BMW iX5 Hydrogen in Serie<\/title>\n<meta name=\"description\" content=\"Rainer Ro\u00dfbach Rainer Rossbach enzo-und-ferdinand enzo&amp;ferdinand Enzo BMW X5 BMW iX5 Hydrogen BMW Wasserstoffauto BMW Brennstoffzellenauto Wasserstoffmobilit\u00e4t HyMoS Initiative BMW Plug-in-Hybrid BMW Elektro-SUV Wasserstoff Tankstellen Deutschland Technologieoffenheit BMW BMW Antriebsvielfalt Wasserstoff Infrastruktur Dekarbonisierung Mobilit\u00e4t BMW Group M\u00fcnchen BMW Toyota Kooperation\" \/>\n<meta name=\"robots\" content=\"index, follow, max-snippet:-1, max-image-preview:large, max-video-preview:-1\" \/>\n<link rel=\"canonical\" href=\"https:\/\/www.enzo-und-ferdinand.de\/index.php\/2025\/09\/23\/bmw-ix5-hydrogen-in-serie\/\" \/>\n<meta property=\"og:locale\" content=\"de_DE\" \/>\n<meta property=\"og:type\" content=\"article\" \/>\n<meta property=\"og:title\" content=\"BMW iX5 Hydrogen in Serie\" \/>\n<meta property=\"og:description\" content=\"Rainer Ro\u00dfbach Rainer Rossbach enzo-und-ferdinand enzo&amp;ferdinand Enzo BMW X5 BMW iX5 Hydrogen BMW Wasserstoffauto BMW Brennstoffzellenauto Wasserstoffmobilit\u00e4t HyMoS Initiative BMW Plug-in-Hybrid BMW Elektro-SUV Wasserstoff Tankstellen Deutschland Technologieoffenheit BMW BMW Antriebsvielfalt Wasserstoff Infrastruktur Dekarbonisierung Mobilit\u00e4t BMW Group M\u00fcnchen BMW Toyota Kooperation\" \/>\n<meta property=\"og:url\" content=\"https:\/\/www.enzo-und-ferdinand.de\/index.php\/2025\/09\/23\/bmw-ix5-hydrogen-in-serie\/\" \/>\n<meta property=\"og:site_name\" content=\"enzo &amp; Ferdinand\" \/>\n<meta property=\"article:published_time\" content=\"2025-09-23T04:59:58+00:00\" \/>\n<meta property=\"article:modified_time\" content=\"2025-09-23T04:59:59+00:00\" \/>\n<meta property=\"og:image\" content=\"https:\/\/www.enzo-und-ferdinand.de\/wp-content\/uploads\/2025\/09\/BMW-iX5-Hydrogen4.jpg\" \/>\n\t<meta property=\"og:image:width\" content=\"1500\" \/>\n\t<meta property=\"og:image:height\" content=\"1000\" \/>\n\t<meta property=\"og:image:type\" content=\"image\/jpeg\" \/>\n<meta name=\"author\" content=\"Rainer Ro\u00dfbach\" \/>\n<meta name=\"twitter:card\" content=\"summary_large_image\" \/>\n<meta name=\"twitter:label1\" content=\"Verfasst von\" \/>\n\t<meta name=\"twitter:data1\" content=\"Rainer Ro\u00dfbach\" \/>\n\t<meta name=\"twitter:label2\" content=\"Gesch\u00e4tzte Lesezeit\" \/>\n\t<meta name=\"twitter:data2\" content=\"1\u00a0Minute\" \/>\n<script type=\"application\/ld+json\" class=\"yoast-schema-graph\">{\"@context\":\"https:\\\/\\\/schema.org\",\"@graph\":[{\"@type\":\"Article\",\"@id\":\"https:\\\/\\\/www.enzo-und-ferdinand.de\\\/index.php\\\/2025\\\/09\\\/23\\\/bmw-ix5-hydrogen-in-serie\\\/#article\",\"isPartOf\":{\"@id\":\"https:\\\/\\\/www.enzo-und-ferdinand.de\\\/index.php\\\/2025\\\/09\\\/23\\\/bmw-ix5-hydrogen-in-serie\\\/\"},\"author\":{\"name\":\"Rainer Ro\u00dfbach\",\"@id\":\"https:\\\/\\\/www.enzo-und-ferdinand.de\\\/#\\\/schema\\\/person\\\/aff2eb9ff87705987c1b9d21fe10b095\"},\"headline\":\"BMW iX5 Hydrogen in Serie\",\"datePublished\":\"2025-09-23T04:59:58+00:00\",\"dateModified\":\"2025-09-23T04:59:59+00:00\",\"mainEntityOfPage\":{\"@id\":\"https:\\\/\\\/www.enzo-und-ferdinand.de\\\/index.php\\\/2025\\\/09\\\/23\\\/bmw-ix5-hydrogen-in-serie\\\/\"},\"wordCount\":407,\"publisher\":{\"@id\":\"https:\\\/\\\/www.enzo-und-ferdinand.de\\\/#organization\"},\"image\":{\"@id\":\"https:\\\/\\\/www.enzo-und-ferdinand.de\\\/index.php\\\/2025\\\/09\\\/23\\\/bmw-ix5-hydrogen-in-serie\\\/#primaryimage\"},\"thumbnailUrl\":\"https:\\\/\\\/www.enzo-und-ferdinand.de\\\/wp-content\\\/uploads\\\/2025\\\/09\\\/BMW-iX5-Hydrogen4.jpg\",\"keywords\":[\"BMW\",\"Wasserstoff\"],\"articleSection\":[\"Technologie\",\"Wasserstoff\"],\"inLanguage\":\"de\"},{\"@type\":\"WebPage\",\"@id\":\"https:\\\/\\\/www.enzo-und-ferdinand.de\\\/index.php\\\/2025\\\/09\\\/23\\\/bmw-ix5-hydrogen-in-serie\\\/\",\"url\":\"https:\\\/\\\/www.enzo-und-ferdinand.de\\\/index.php\\\/2025\\\/09\\\/23\\\/bmw-ix5-hydrogen-in-serie\\\/\",\"name\":\"BMW iX5 Hydrogen in Serie\",\"isPartOf\":{\"@id\":\"https:\\\/\\\/www.enzo-und-ferdinand.de\\\/#website\"},\"primaryImageOfPage\":{\"@id\":\"https:\\\/\\\/www.enzo-und-ferdinand.de\\\/index.php\\\/2025\\\/09\\\/23\\\/bmw-ix5-hydrogen-in-serie\\\/#primaryimage\"},\"image\":{\"@id\":\"https:\\\/\\\/www.enzo-und-ferdinand.de\\\/index.php\\\/2025\\\/09\\\/23\\\/bmw-ix5-hydrogen-in-serie\\\/#primaryimage\"},\"thumbnailUrl\":\"https:\\\/\\\/www.enzo-und-ferdinand.de\\\/wp-content\\\/uploads\\\/2025\\\/09\\\/BMW-iX5-Hydrogen4.jpg\",\"datePublished\":\"2025-09-23T04:59:58+00:00\",\"dateModified\":\"2025-09-23T04:59:59+00:00\",\"description\":\"Rainer Ro\u00dfbach Rainer Rossbach enzo-und-ferdinand enzo&ferdinand Enzo BMW X5 BMW iX5 Hydrogen BMW Wasserstoffauto BMW Brennstoffzellenauto Wasserstoffmobilit\u00e4t HyMoS Initiative BMW Plug-in-Hybrid BMW Elektro-SUV Wasserstoff Tankstellen Deutschland Technologieoffenheit BMW BMW Antriebsvielfalt Wasserstoff Infrastruktur Dekarbonisierung Mobilit\u00e4t BMW Group M\u00fcnchen BMW Toyota Kooperation\",\"breadcrumb\":{\"@id\":\"https:\\\/\\\/www.enzo-und-ferdinand.de\\\/index.php\\\/2025\\\/09\\\/23\\\/bmw-ix5-hydrogen-in-serie\\\/#breadcrumb\"},\"inLanguage\":\"de\",\"potentialAction\":[{\"@type\":\"ReadAction\",\"target\":[\"https:\\\/\\\/www.enzo-und-ferdinand.de\\\/index.php\\\/2025\\\/09\\\/23\\\/bmw-ix5-hydrogen-in-serie\\\/\"]}]},{\"@type\":\"ImageObject\",\"inLanguage\":\"de\",\"@id\":\"https:\\\/\\\/www.enzo-und-ferdinand.de\\\/index.php\\\/2025\\\/09\\\/23\\\/bmw-ix5-hydrogen-in-serie\\\/#primaryimage\",\"url\":\"https:\\\/\\\/www.enzo-und-ferdinand.de\\\/wp-content\\\/uploads\\\/2025\\\/09\\\/BMW-iX5-Hydrogen4.jpg\",\"contentUrl\":\"https:\\\/\\\/www.enzo-und-ferdinand.de\\\/wp-content\\\/uploads\\\/2025\\\/09\\\/BMW-iX5-Hydrogen4.jpg\",\"width\":1500,\"height\":1000,\"caption\":\"BMW iX5 Hydrogen\"},{\"@type\":\"BreadcrumbList\",\"@id\":\"https:\\\/\\\/www.enzo-und-ferdinand.de\\\/index.php\\\/2025\\\/09\\\/23\\\/bmw-ix5-hydrogen-in-serie\\\/#breadcrumb\",\"itemListElement\":[{\"@type\":\"ListItem\",\"position\":1,\"name\":\"Startseite\",\"item\":\"https:\\\/\\\/www.enzo-und-ferdinand.de\\\/\"},{\"@type\":\"ListItem\",\"position\":2,\"name\":\"BMW iX5 Hydrogen in Serie\"}]},{\"@type\":\"WebSite\",\"@id\":\"https:\\\/\\\/www.enzo-und-ferdinand.de\\\/#website\",\"url\":\"https:\\\/\\\/www.enzo-und-ferdinand.de\\\/\",\"name\":\"enzo & Ferdinand\",\"description\":\"\",\"publisher\":{\"@id\":\"https:\\\/\\\/www.enzo-und-ferdinand.de\\\/#organization\"},\"potentialAction\":[{\"@type\":\"SearchAction\",\"target\":{\"@type\":\"EntryPoint\",\"urlTemplate\":\"https:\\\/\\\/www.enzo-und-ferdinand.de\\\/?s={search_term_string}\"},\"query-input\":{\"@type\":\"PropertyValueSpecification\",\"valueRequired\":true,\"valueName\":\"search_term_string\"}}],\"inLanguage\":\"de\"},{\"@type\":\"Organization\",\"@id\":\"https:\\\/\\\/www.enzo-und-ferdinand.de\\\/#organization\",\"name\":\"enzo & Ferdinand\",\"url\":\"https:\\\/\\\/www.enzo-und-ferdinand.de\\\/\",\"logo\":{\"@type\":\"ImageObject\",\"inLanguage\":\"de\",\"@id\":\"https:\\\/\\\/www.enzo-und-ferdinand.de\\\/#\\\/schema\\\/logo\\\/image\\\/\",\"url\":\"https:\\\/\\\/www.enzo-und-ferdinand.de\\\/wp-content\\\/uploads\\\/2018\\\/12\\\/revvvs-icon.png\",\"contentUrl\":\"https:\\\/\\\/www.enzo-und-ferdinand.de\\\/wp-content\\\/uploads\\\/2018\\\/12\\\/revvvs-icon.png\",\"width\":512,\"height\":512,\"caption\":\"enzo & Ferdinand\"},\"image\":{\"@id\":\"https:\\\/\\\/www.enzo-und-ferdinand.de\\\/#\\\/schema\\\/logo\\\/image\\\/\"}},{\"@type\":\"Person\",\"@id\":\"https:\\\/\\\/www.enzo-und-ferdinand.de\\\/#\\\/schema\\\/person\\\/aff2eb9ff87705987c1b9d21fe10b095\",\"name\":\"Rainer Ro\u00dfbach\",\"image\":{\"@type\":\"ImageObject\",\"inLanguage\":\"de\",\"@id\":\"https:\\\/\\\/www.enzo-und-ferdinand.de\\\/wp-content\\\/uploads\\\/2026\\\/01\\\/Rainer-Rossbach-150x150.jpg\",\"url\":\"https:\\\/\\\/www.enzo-und-ferdinand.de\\\/wp-content\\\/uploads\\\/2026\\\/01\\\/Rainer-Rossbach-150x150.jpg\",\"contentUrl\":\"https:\\\/\\\/www.enzo-und-ferdinand.de\\\/wp-content\\\/uploads\\\/2026\\\/01\\\/Rainer-Rossbach-150x150.jpg\",\"caption\":\"Rainer Ro\u00dfbach\"},\"url\":\"https:\\\/\\\/www.enzo-und-ferdinand.de\\\/index.php\\\/author\\\/redaktion\\\/\"}]}<\/script>\n<!-- \/ Yoast SEO plugin. -->","yoast_head_json":{"title":"BMW iX5 Hydrogen in Serie","description":"Rainer Ro\u00dfbach Rainer Rossbach enzo-und-ferdinand enzo&ferdinand Enzo BMW X5 BMW iX5 Hydrogen BMW Wasserstoffauto BMW Brennstoffzellenauto Wasserstoffmobilit\u00e4t HyMoS Initiative BMW Plug-in-Hybrid BMW Elektro-SUV Wasserstoff Tankstellen Deutschland Technologieoffenheit BMW BMW Antriebsvielfalt Wasserstoff Infrastruktur Dekarbonisierung Mobilit\u00e4t BMW Group M\u00fcnchen BMW Toyota Kooperation","robots":{"index":"index","follow":"follow","max-snippet":"max-snippet:-1","max-image-preview":"max-image-preview:large","max-video-preview":"max-video-preview:-1"},"canonical":"https:\/\/www.enzo-und-ferdinand.de\/index.php\/2025\/09\/23\/bmw-ix5-hydrogen-in-serie\/","og_locale":"de_DE","og_type":"article","og_title":"BMW iX5 Hydrogen in Serie","og_description":"Rainer Ro\u00dfbach Rainer Rossbach enzo-und-ferdinand enzo&ferdinand Enzo BMW X5 BMW iX5 Hydrogen BMW Wasserstoffauto BMW Brennstoffzellenauto Wasserstoffmobilit\u00e4t HyMoS Initiative BMW Plug-in-Hybrid BMW Elektro-SUV Wasserstoff Tankstellen Deutschland Technologieoffenheit BMW BMW Antriebsvielfalt Wasserstoff Infrastruktur Dekarbonisierung Mobilit\u00e4t BMW Group M\u00fcnchen BMW Toyota Kooperation","og_url":"https:\/\/www.enzo-und-ferdinand.de\/index.php\/2025\/09\/23\/bmw-ix5-hydrogen-in-serie\/","og_site_name":"enzo &amp; Ferdinand","article_published_time":"2025-09-23T04:59:58+00:00","article_modified_time":"2025-09-23T04:59:59+00:00","og_image":[{"width":1500,"height":1000,"url":"https:\/\/www.enzo-und-ferdinand.de\/wp-content\/uploads\/2025\/09\/BMW-iX5-Hydrogen4.jpg","type":"image\/jpeg"}],"author":"Rainer Ro\u00dfbach","twitter_card":"summary_large_image","twitter_misc":{"Verfasst von":"Rainer Ro\u00dfbach","Gesch\u00e4tzte Lesezeit":"1\u00a0Minute"},"schema":{"@context":"https:\/\/schema.org","@graph":[{"@type":"Article","@id":"https:\/\/www.enzo-und-ferdinand.de\/index.php\/2025\/09\/23\/bmw-ix5-hydrogen-in-serie\/#article","isPartOf":{"@id":"https:\/\/www.enzo-und-ferdinand.de\/index.php\/2025\/09\/23\/bmw-ix5-hydrogen-in-serie\/"},"author":{"name":"Rainer Ro\u00dfbach","@id":"https:\/\/www.enzo-und-ferdinand.de\/#\/schema\/person\/aff2eb9ff87705987c1b9d21fe10b095"},"headline":"BMW iX5 Hydrogen in Serie","datePublished":"2025-09-23T04:59:58+00:00","dateModified":"2025-09-23T04:59:59+00:00","mainEntityOfPage":{"@id":"https:\/\/www.enzo-und-ferdinand.de\/index.php\/2025\/09\/23\/bmw-ix5-hydrogen-in-serie\/"},"wordCount":407,"publisher":{"@id":"https:\/\/www.enzo-und-ferdinand.de\/#organization"},"image":{"@id":"https:\/\/www.enzo-und-ferdinand.de\/index.php\/2025\/09\/23\/bmw-ix5-hydrogen-in-serie\/#primaryimage"},"thumbnailUrl":"https:\/\/www.enzo-und-ferdinand.de\/wp-content\/uploads\/2025\/09\/BMW-iX5-Hydrogen4.jpg","keywords":["BMW","Wasserstoff"],"articleSection":["Technologie","Wasserstoff"],"inLanguage":"de"},{"@type":"WebPage","@id":"https:\/\/www.enzo-und-ferdinand.de\/index.php\/2025\/09\/23\/bmw-ix5-hydrogen-in-serie\/","url":"https:\/\/www.enzo-und-ferdinand.de\/index.php\/2025\/09\/23\/bmw-ix5-hydrogen-in-serie\/","name":"BMW iX5 Hydrogen in Serie","isPartOf":{"@id":"https:\/\/www.enzo-und-ferdinand.de\/#website"},"primaryImageOfPage":{"@id":"https:\/\/www.enzo-und-ferdinand.de\/index.php\/2025\/09\/23\/bmw-ix5-hydrogen-in-serie\/#primaryimage"},"image":{"@id":"https:\/\/www.enzo-und-ferdinand.de\/index.php\/2025\/09\/23\/bmw-ix5-hydrogen-in-serie\/#primaryimage"},"thumbnailUrl":"https:\/\/www.enzo-und-ferdinand.de\/wp-content\/uploads\/2025\/09\/BMW-iX5-Hydrogen4.jpg","datePublished":"2025-09-23T04:59:58+00:00","dateModified":"2025-09-23T04:59:59+00:00","description":"Rainer Ro\u00dfbach Rainer Rossbach enzo-und-ferdinand enzo&ferdinand Enzo BMW X5 BMW iX5 Hydrogen BMW Wasserstoffauto BMW Brennstoffzellenauto Wasserstoffmobilit\u00e4t HyMoS Initiative BMW Plug-in-Hybrid BMW Elektro-SUV Wasserstoff Tankstellen Deutschland Technologieoffenheit BMW BMW Antriebsvielfalt Wasserstoff Infrastruktur Dekarbonisierung Mobilit\u00e4t BMW Group M\u00fcnchen BMW Toyota Kooperation","breadcrumb":{"@id":"https:\/\/www.enzo-und-ferdinand.de\/index.php\/2025\/09\/23\/bmw-ix5-hydrogen-in-serie\/#breadcrumb"},"inLanguage":"de","potentialAction":[{"@type":"ReadAction","target":["https:\/\/www.enzo-und-ferdinand.de\/index.php\/2025\/09\/23\/bmw-ix5-hydrogen-in-serie\/"]}]},{"@type":"ImageObject","inLanguage":"de","@id":"https:\/\/www.enzo-und-ferdinand.de\/index.php\/2025\/09\/23\/bmw-ix5-hydrogen-in-serie\/#primaryimage","url":"https:\/\/www.enzo-und-ferdinand.de\/wp-content\/uploads\/2025\/09\/BMW-iX5-Hydrogen4.jpg","contentUrl":"https:\/\/www.enzo-und-ferdinand.de\/wp-content\/uploads\/2025\/09\/BMW-iX5-Hydrogen4.jpg","width":1500,"height":1000,"caption":"BMW iX5 Hydrogen"},{"@type":"BreadcrumbList","@id":"https:\/\/www.enzo-und-ferdinand.de\/index.php\/2025\/09\/23\/bmw-ix5-hydrogen-in-serie\/#breadcrumb","itemListElement":[{"@type":"ListItem","position":1,"name":"Startseite","item":"https:\/\/www.enzo-und-ferdinand.de\/"},{"@type":"ListItem","position":2,"name":"BMW iX5 Hydrogen in Serie"}]},{"@type":"WebSite","@id":"https:\/\/www.enzo-und-ferdinand.de\/#website","url":"https:\/\/www.enzo-und-ferdinand.de\/","name":"enzo & Ferdinand","description":"","publisher":{"@id":"https:\/\/www.enzo-und-ferdinand.de\/#organization"},"potentialAction":[{"@type":"SearchAction","target":{"@type":"EntryPoint","urlTemplate":"https:\/\/www.enzo-und-ferdinand.de\/?s={search_term_string}"},"query-input":{"@type":"PropertyValueSpecification","valueRequired":true,"valueName":"search_term_string"}}],"inLanguage":"de"},{"@type":"Organization","@id":"https:\/\/www.enzo-und-ferdinand.de\/#organization","name":"enzo & Ferdinand","url":"https:\/\/www.enzo-und-ferdinand.de\/","logo":{"@type":"ImageObject","inLanguage":"de","@id":"https:\/\/www.enzo-und-ferdinand.de\/#\/schema\/logo\/image\/","url":"https:\/\/www.enzo-und-ferdinand.de\/wp-content\/uploads\/2018\/12\/revvvs-icon.png","contentUrl":"https:\/\/www.enzo-und-ferdinand.de\/wp-content\/uploads\/2018\/12\/revvvs-icon.png","width":512,"height":512,"caption":"enzo & Ferdinand"},"image":{"@id":"https:\/\/www.enzo-und-ferdinand.de\/#\/schema\/logo\/image\/"}},{"@type":"Person","@id":"https:\/\/www.enzo-und-ferdinand.de\/#\/schema\/person\/aff2eb9ff87705987c1b9d21fe10b095","name":"Rainer Ro\u00dfbach","image":{"@type":"ImageObject","inLanguage":"de","@id":"https:\/\/www.enzo-und-ferdinand.de\/wp-content\/uploads\/2026\/01\/Rainer-Rossbach-150x150.jpg","url":"https:\/\/www.enzo-und-ferdinand.de\/wp-content\/uploads\/2026\/01\/Rainer-Rossbach-150x150.jpg","contentUrl":"https:\/\/www.enzo-und-ferdinand.de\/wp-content\/uploads\/2026\/01\/Rainer-Rossbach-150x150.jpg","caption":"Rainer Ro\u00dfbach"},"url":"https:\/\/www.enzo-und-ferdinand.de\/index.php\/author\/redaktion\/"}]}},"_links":{"self":[{"href":"https:\/\/www.enzo-und-ferdinand.de\/index.php\/wp-json\/wp\/v2\/posts\/21114","targetHints":{"allow":["GET"]}}],"collection":[{"href":"https:\/\/www.enzo-und-ferdinand.de\/index.php\/wp-json\/wp\/v2\/posts"}],"about":[{"href":"https:\/\/www.enzo-und-ferdinand.de\/index.php\/wp-json\/wp\/v2\/types\/post"}],"author":[{"embeddable":true,"href":"https:\/\/www.enzo-und-ferdinand.de\/index.php\/wp-json\/wp\/v2\/users\/1"}],"replies":[{"embeddable":true,"href":"https:\/\/www.enzo-und-ferdinand.de\/index.php\/wp-json\/wp\/v2\/comments?post=21114"}],"version-history":[{"count":3,"href":"https:\/\/www.enzo-und-ferdinand.de\/index.php\/wp-json\/wp\/v2\/posts\/21114\/revisions"}],"predecessor-version":[{"id":21121,"href":"https:\/\/www.enzo-und-ferdinand.de\/index.php\/wp-json\/wp\/v2\/posts\/21114\/revisions\/21121"}],"wp:featuredmedia":[{"embeddable":true,"href":"https:\/\/www.enzo-und-ferdinand.de\/index.php\/wp-json\/wp\/v2\/media\/21117"}],"wp:attachment":[{"href":"https:\/\/www.enzo-und-ferdinand.de\/index.php\/wp-json\/wp\/v2\/media?parent=21114"}],"wp:term":[{"taxonomy":"category","embeddable":true,"href":"https:\/\/www.enzo-und-ferdinand.de\/index.php\/wp-json\/wp\/v2\/categories?post=21114"},{"taxonomy":"post_tag","embeddable":true,"href":"https:\/\/www.enzo-und-ferdinand.de\/index.php\/wp-json\/wp\/v2\/tags?post=21114"}],"curies":[{"name":"wp","href":"https:\/\/api.w.org\/{rel}","templated":true}]}}