{"id":21140,"date":"2025-09-29T07:24:19","date_gmt":"2025-09-29T05:24:19","guid":{"rendered":"https:\/\/www.enzo-und-ferdinand.de\/?p=21140"},"modified":"2025-09-29T07:24:20","modified_gmt":"2025-09-29T05:24:20","slug":"audi-a2-aluminium-und-effizienz","status":"publish","type":"post","link":"https:\/\/www.enzo-und-ferdinand.de\/index.php\/2025\/09\/29\/audi-a2-aluminium-und-effizienz\/","title":{"rendered":"Audi A2: Aluminium und Effizienz"},"content":{"rendered":"\n<figure class=\"wp-block-image size-large\"><img loading=\"lazy\" decoding=\"async\" width=\"810\" height=\"578\" src=\"https:\/\/www.enzo-und-ferdinand.de\/wp-content\/uploads\/2025\/09\/Audi-A2-3-810x578.jpg\" alt=\"Audi A2\" class=\"wp-image-21144\" srcset=\"https:\/\/www.enzo-und-ferdinand.de\/wp-content\/uploads\/2025\/09\/Audi-A2-3-810x578.jpg 810w, https:\/\/www.enzo-und-ferdinand.de\/wp-content\/uploads\/2025\/09\/Audi-A2-3-300x214.jpg 300w, https:\/\/www.enzo-und-ferdinand.de\/wp-content\/uploads\/2025\/09\/Audi-A2-3-768x548.jpg 768w, https:\/\/www.enzo-und-ferdinand.de\/wp-content\/uploads\/2025\/09\/Audi-A2-3.jpg 1500w\" sizes=\"auto, (max-width: 810px) 100vw, 810px\" \/><\/figure>\n\n\n\n<p class=\"wp-block-paragraph\">Als Audi 1999 den A2 vorstellte, wagte die Marke mit den vier Ringen ein technisches Experiment, das seiner Zeit weit voraus war. Der kompakte Viersitzer war der erste Serien-Pkw seiner Klasse, dessen Karosserie vollst\u00e4ndig aus Aluminium gefertigt wurde. Grundlage war der Audi Space Frame (ASF), eine innovative Leichtbaustruktur, die urspr\u00fcnglich im Audi A8 deb\u00fctiert hatte. F\u00fcr den A2 entwickelten Ingenieure und Designer eine weniger komplexe, aber nicht minder effiziente Variante, die das Gewicht der Rohkarosserie auf nur 153 Kilogramm reduzierte \u2013 rund 60 Prozent eines vergleichbaren Stahlaufbaus. <\/p>\n\n\n\n<p class=\"wp-block-paragraph\">Mit 3,83 Metern L\u00e4nge, 1,67 Metern Breite und 1,55 Metern H\u00f6he bot der A2 trotz kompakter Abmessungen ein gro\u00dfz\u00fcgiges Raumangebot. Produziert wurde er in Neckarsulm, wo eigens neue Fertigungsanlagen entstanden. Die Motorenpalette umfasste zwei Benziner und drei Dieselmotoren. Besonders im Fokus stand der Audi A2 1.2 TDI, der als erstes viert\u00fcriges Drei-Liter-Auto der Welt in Serie ging. Sein Dreizylinder-Turbodiesel leistete 61 PS, war vollst\u00e4ndig aus Aluminium gefertigt und erreichte einen Normverbrauch von nur 2,99 Litern auf 100 Kilometer. Mit einem Leergewicht von 855 Kilogramm, einem cw-Wert von 0,25 und str\u00f6mungsoptimierten Details wie verkleideten Unterb\u00f6den, schmaleren Reifen und speziellen Radlaufblenden setzte er neue Ma\u00dfst\u00e4be in der Aerodynamik. <\/p>\n\n\n\n<p class=\"wp-block-paragraph\">Neben dem 1.2 TDI standen zwei Benziner mit bis zu 110 PS sowie weitere TDI-Varianten mit 75 PS zur Wahl. 2002 erg\u00e4nzte Audi das Programm um den 1.6 FSI, der erstmals im Konzern die Benzindirekteinspritzung in dieser Klasse einf\u00fchrte und den A2 auf \u00fcber 200 km\/h beschleunigte. Auch optisch polarisierte der A2. Ab 2003 brachte Audi das Sondermodell \u201ecolour.storm\u201c mit auff\u00e4lligen Farben wie Imolagelb oder Papayaorange auf den Markt, kombiniert mit mattschwarzen Kontrastelementen und individuellen Interieurs. Zwischen 1999 und 2005 entstanden insgesamt 176.377 Exemplare. <\/p>\n\n\n\n<p class=\"wp-block-paragraph\">Trotz seiner Qualit\u00e4ten blieb der kommerzielle Erfolg hinter den Erwartungen zur\u00fcck, was zur Einstellung der Produktion f\u00fchrte. R\u00fcckblickend zeigt sich jedoch die Weitsicht der Audi-Ingenieure: Der A2 vereinte Leichtbau, Aerodynamik und Effizienz auf eine Weise, die viele Jahre sp\u00e4ter erst zur Norm im Automobilbau wurde. Heute gilt er als wertstabiler Youngtimer, der mit Alltagstauglichkeit, Zuverl\u00e4ssigkeit und seiner innovativen Technik eine treue Fangemeinde hat. Damit erweist sich der Audi A2 auch ein Vierteljahrhundert nach seiner Premiere als vision\u00e4rer Vorreiter.<\/p>\n\n\n\n<figure class=\"wp-block-image size-large\"><img loading=\"lazy\" decoding=\"async\" width=\"810\" height=\"578\" src=\"https:\/\/www.enzo-und-ferdinand.de\/wp-content\/uploads\/2025\/09\/Audi-A2-4-810x578.jpg\" alt=\"Audi A2\" class=\"wp-image-21142\" srcset=\"https:\/\/www.enzo-und-ferdinand.de\/wp-content\/uploads\/2025\/09\/Audi-A2-4-810x578.jpg 810w, https:\/\/www.enzo-und-ferdinand.de\/wp-content\/uploads\/2025\/09\/Audi-A2-4-300x214.jpg 300w, https:\/\/www.enzo-und-ferdinand.de\/wp-content\/uploads\/2025\/09\/Audi-A2-4-768x548.jpg 768w, https:\/\/www.enzo-und-ferdinand.de\/wp-content\/uploads\/2025\/09\/Audi-A2-4.jpg 1500w\" sizes=\"auto, (max-width: 810px) 100vw, 810px\" \/><\/figure>\n\n\n\n<p class=\"has-text-align-right has-small-font-size wp-block-paragraph\">Fotos: Audi\/Text: Rainer Ro\u00dfbach<\/p>\n","protected":false},"excerpt":{"rendered":"<p>Als Audi 1999 den A2 vorstellte, wagte die Marke mit den vier Ringen ein technisches Experiment, das seiner Zeit weit voraus war. Der kompakte Viersitzer war der erste Serien-Pkw seiner Klasse, dessen Karosserie vollst\u00e4ndig aus Aluminium gefertigt wurde. Grundlage war der Audi Space Frame (ASF), eine innovative Leichtbaustruktur, die urspr\u00fcnglich im Audi A8 deb\u00fctiert hatte. F\u00fcr den A2 entwickelten Ingenieure und Designer eine weniger komplexe, aber nicht minder effiziente Variante, die das Gewicht der Rohkarosserie auf nur 153 Kilogramm reduzierte \u2013 rund 60 Prozent eines vergleichbaren Stahlaufbaus. <\/p>\n","protected":false},"author":1,"featured_media":21143,"comment_status":"closed","ping_status":"open","sticky":false,"template":"","format":"standard","meta":{"_crdt_document":"","ngg_post_thumbnail":0,"footnotes":""},"categories":[13,586],"tags":[255],"class_list":["post-21140","post","type-post","status-publish","format-standard","has-post-thumbnail","hentry","category-ikonen","category-technologie","tag-audi"],"yoast_head":"<!-- This site is optimized with the Yoast SEO plugin v27.5 - https:\/\/yoast.com\/product\/yoast-seo-wordpress\/ -->\n<title>Audi A2: Aluminium und Effizienz<\/title>\n<meta name=\"description\" content=\"Rainer Ro\u00dfbach, Rainer Rossbach, enzo-und-ferdinand, enzo&amp;ferdinand, Enzo, Audi A2, Audi A2 Technik, Audi A2 Aluminium, Audi A2 Space Frame, Audi A2 Verbrauch, Audi A2 1.2 TDI, Audi A2 colour.storm, Audi A2 Aerodynamik, Audi A2 cw-Wert, Audi A2 Motoren, Audi A2 Produktion, Audi A2 Youngtimer, Audi A2 Geschichte, Audi A2 Neckarsulm\" \/>\n<meta name=\"robots\" content=\"index, follow, max-snippet:-1, max-image-preview:large, max-video-preview:-1\" \/>\n<link rel=\"canonical\" href=\"https:\/\/www.enzo-und-ferdinand.de\/index.php\/2025\/09\/29\/audi-a2-aluminium-und-effizienz\/\" \/>\n<meta property=\"og:locale\" content=\"de_DE\" \/>\n<meta property=\"og:type\" content=\"article\" \/>\n<meta property=\"og:title\" content=\"Audi A2: Aluminium und Effizienz\" \/>\n<meta property=\"og:description\" content=\"Rainer Ro\u00dfbach, Rainer Rossbach, enzo-und-ferdinand, enzo&amp;ferdinand, Enzo, Audi A2, Audi A2 Technik, Audi A2 Aluminium, Audi A2 Space Frame, Audi A2 Verbrauch, Audi A2 1.2 TDI, Audi A2 colour.storm, Audi A2 Aerodynamik, Audi A2 cw-Wert, Audi A2 Motoren, Audi A2 Produktion, Audi A2 Youngtimer, Audi A2 Geschichte, Audi A2 Neckarsulm\" \/>\n<meta property=\"og:url\" content=\"https:\/\/www.enzo-und-ferdinand.de\/index.php\/2025\/09\/29\/audi-a2-aluminium-und-effizienz\/\" \/>\n<meta property=\"og:site_name\" content=\"enzo &amp; Ferdinand\" \/>\n<meta property=\"article:published_time\" content=\"2025-09-29T05:24:19+00:00\" \/>\n<meta property=\"article:modified_time\" content=\"2025-09-29T05:24:20+00:00\" \/>\n<meta property=\"og:image\" content=\"https:\/\/www.enzo-und-ferdinand.de\/wp-content\/uploads\/2025\/09\/Audi-A2-1.jpg\" \/>\n\t<meta property=\"og:image:width\" content=\"1500\" \/>\n\t<meta property=\"og:image:height\" content=\"1000\" \/>\n\t<meta property=\"og:image:type\" content=\"image\/jpeg\" \/>\n<meta name=\"author\" content=\"Rainer Ro\u00dfbach\" \/>\n<meta name=\"twitter:card\" content=\"summary_large_image\" \/>\n<meta name=\"twitter:label1\" content=\"Verfasst von\" \/>\n\t<meta name=\"twitter:data1\" content=\"Rainer Ro\u00dfbach\" \/>\n\t<meta name=\"twitter:label2\" content=\"Gesch\u00e4tzte Lesezeit\" \/>\n\t<meta name=\"twitter:data2\" content=\"1\u00a0Minute\" \/>\n<script type=\"application\/ld+json\" class=\"yoast-schema-graph\">{\"@context\":\"https:\\\/\\\/schema.org\",\"@graph\":[{\"@type\":\"Article\",\"@id\":\"https:\\\/\\\/www.enzo-und-ferdinand.de\\\/index.php\\\/2025\\\/09\\\/29\\\/audi-a2-aluminium-und-effizienz\\\/#article\",\"isPartOf\":{\"@id\":\"https:\\\/\\\/www.enzo-und-ferdinand.de\\\/index.php\\\/2025\\\/09\\\/29\\\/audi-a2-aluminium-und-effizienz\\\/\"},\"author\":{\"name\":\"Rainer Ro\u00dfbach\",\"@id\":\"https:\\\/\\\/www.enzo-und-ferdinand.de\\\/#\\\/schema\\\/person\\\/aff2eb9ff87705987c1b9d21fe10b095\"},\"headline\":\"Audi A2: Aluminium und Effizienz\",\"datePublished\":\"2025-09-29T05:24:19+00:00\",\"dateModified\":\"2025-09-29T05:24:20+00:00\",\"mainEntityOfPage\":{\"@id\":\"https:\\\/\\\/www.enzo-und-ferdinand.de\\\/index.php\\\/2025\\\/09\\\/29\\\/audi-a2-aluminium-und-effizienz\\\/\"},\"wordCount\":369,\"publisher\":{\"@id\":\"https:\\\/\\\/www.enzo-und-ferdinand.de\\\/#organization\"},\"image\":{\"@id\":\"https:\\\/\\\/www.enzo-und-ferdinand.de\\\/index.php\\\/2025\\\/09\\\/29\\\/audi-a2-aluminium-und-effizienz\\\/#primaryimage\"},\"thumbnailUrl\":\"https:\\\/\\\/www.enzo-und-ferdinand.de\\\/wp-content\\\/uploads\\\/2025\\\/09\\\/Audi-A2-1.jpg\",\"keywords\":[\"Audi\"],\"articleSection\":[\"Ikonen\",\"Technologie\"],\"inLanguage\":\"de\"},{\"@type\":\"WebPage\",\"@id\":\"https:\\\/\\\/www.enzo-und-ferdinand.de\\\/index.php\\\/2025\\\/09\\\/29\\\/audi-a2-aluminium-und-effizienz\\\/\",\"url\":\"https:\\\/\\\/www.enzo-und-ferdinand.de\\\/index.php\\\/2025\\\/09\\\/29\\\/audi-a2-aluminium-und-effizienz\\\/\",\"name\":\"Audi A2: Aluminium und Effizienz\",\"isPartOf\":{\"@id\":\"https:\\\/\\\/www.enzo-und-ferdinand.de\\\/#website\"},\"primaryImageOfPage\":{\"@id\":\"https:\\\/\\\/www.enzo-und-ferdinand.de\\\/index.php\\\/2025\\\/09\\\/29\\\/audi-a2-aluminium-und-effizienz\\\/#primaryimage\"},\"image\":{\"@id\":\"https:\\\/\\\/www.enzo-und-ferdinand.de\\\/index.php\\\/2025\\\/09\\\/29\\\/audi-a2-aluminium-und-effizienz\\\/#primaryimage\"},\"thumbnailUrl\":\"https:\\\/\\\/www.enzo-und-ferdinand.de\\\/wp-content\\\/uploads\\\/2025\\\/09\\\/Audi-A2-1.jpg\",\"datePublished\":\"2025-09-29T05:24:19+00:00\",\"dateModified\":\"2025-09-29T05:24:20+00:00\",\"description\":\"Rainer Ro\u00dfbach, Rainer Rossbach, enzo-und-ferdinand, enzo&ferdinand, Enzo, Audi A2, Audi A2 Technik, Audi A2 Aluminium, Audi A2 Space Frame, Audi A2 Verbrauch, Audi A2 1.2 TDI, Audi A2 colour.storm, Audi A2 Aerodynamik, Audi A2 cw-Wert, Audi A2 Motoren, Audi A2 Produktion, Audi A2 Youngtimer, Audi A2 Geschichte, Audi A2 Neckarsulm\",\"breadcrumb\":{\"@id\":\"https:\\\/\\\/www.enzo-und-ferdinand.de\\\/index.php\\\/2025\\\/09\\\/29\\\/audi-a2-aluminium-und-effizienz\\\/#breadcrumb\"},\"inLanguage\":\"de\",\"potentialAction\":[{\"@type\":\"ReadAction\",\"target\":[\"https:\\\/\\\/www.enzo-und-ferdinand.de\\\/index.php\\\/2025\\\/09\\\/29\\\/audi-a2-aluminium-und-effizienz\\\/\"]}]},{\"@type\":\"ImageObject\",\"inLanguage\":\"de\",\"@id\":\"https:\\\/\\\/www.enzo-und-ferdinand.de\\\/index.php\\\/2025\\\/09\\\/29\\\/audi-a2-aluminium-und-effizienz\\\/#primaryimage\",\"url\":\"https:\\\/\\\/www.enzo-und-ferdinand.de\\\/wp-content\\\/uploads\\\/2025\\\/09\\\/Audi-A2-1.jpg\",\"contentUrl\":\"https:\\\/\\\/www.enzo-und-ferdinand.de\\\/wp-content\\\/uploads\\\/2025\\\/09\\\/Audi-A2-1.jpg\",\"width\":1500,\"height\":1000,\"caption\":\"The Audi A2 was launched in 2000 \u2013 25 years ago. The picture shows the special \u201ccolour.storm\u201d edition in Papayaorange.\"},{\"@type\":\"BreadcrumbList\",\"@id\":\"https:\\\/\\\/www.enzo-und-ferdinand.de\\\/index.php\\\/2025\\\/09\\\/29\\\/audi-a2-aluminium-und-effizienz\\\/#breadcrumb\",\"itemListElement\":[{\"@type\":\"ListItem\",\"position\":1,\"name\":\"Startseite\",\"item\":\"https:\\\/\\\/www.enzo-und-ferdinand.de\\\/\"},{\"@type\":\"ListItem\",\"position\":2,\"name\":\"Audi A2: Aluminium und Effizienz\"}]},{\"@type\":\"WebSite\",\"@id\":\"https:\\\/\\\/www.enzo-und-ferdinand.de\\\/#website\",\"url\":\"https:\\\/\\\/www.enzo-und-ferdinand.de\\\/\",\"name\":\"enzo & Ferdinand\",\"description\":\"\",\"publisher\":{\"@id\":\"https:\\\/\\\/www.enzo-und-ferdinand.de\\\/#organization\"},\"potentialAction\":[{\"@type\":\"SearchAction\",\"target\":{\"@type\":\"EntryPoint\",\"urlTemplate\":\"https:\\\/\\\/www.enzo-und-ferdinand.de\\\/?s={search_term_string}\"},\"query-input\":{\"@type\":\"PropertyValueSpecification\",\"valueRequired\":true,\"valueName\":\"search_term_string\"}}],\"inLanguage\":\"de\"},{\"@type\":\"Organization\",\"@id\":\"https:\\\/\\\/www.enzo-und-ferdinand.de\\\/#organization\",\"name\":\"enzo & Ferdinand\",\"url\":\"https:\\\/\\\/www.enzo-und-ferdinand.de\\\/\",\"logo\":{\"@type\":\"ImageObject\",\"inLanguage\":\"de\",\"@id\":\"https:\\\/\\\/www.enzo-und-ferdinand.de\\\/#\\\/schema\\\/logo\\\/image\\\/\",\"url\":\"https:\\\/\\\/www.enzo-und-ferdinand.de\\\/wp-content\\\/uploads\\\/2018\\\/12\\\/revvvs-icon.png\",\"contentUrl\":\"https:\\\/\\\/www.enzo-und-ferdinand.de\\\/wp-content\\\/uploads\\\/2018\\\/12\\\/revvvs-icon.png\",\"width\":512,\"height\":512,\"caption\":\"enzo & Ferdinand\"},\"image\":{\"@id\":\"https:\\\/\\\/www.enzo-und-ferdinand.de\\\/#\\\/schema\\\/logo\\\/image\\\/\"}},{\"@type\":\"Person\",\"@id\":\"https:\\\/\\\/www.enzo-und-ferdinand.de\\\/#\\\/schema\\\/person\\\/aff2eb9ff87705987c1b9d21fe10b095\",\"name\":\"Rainer Ro\u00dfbach\",\"image\":{\"@type\":\"ImageObject\",\"inLanguage\":\"de\",\"@id\":\"https:\\\/\\\/www.enzo-und-ferdinand.de\\\/wp-content\\\/uploads\\\/2026\\\/01\\\/Rainer-Rossbach-150x150.jpg\",\"url\":\"https:\\\/\\\/www.enzo-und-ferdinand.de\\\/wp-content\\\/uploads\\\/2026\\\/01\\\/Rainer-Rossbach-150x150.jpg\",\"contentUrl\":\"https:\\\/\\\/www.enzo-und-ferdinand.de\\\/wp-content\\\/uploads\\\/2026\\\/01\\\/Rainer-Rossbach-150x150.jpg\",\"caption\":\"Rainer Ro\u00dfbach\"},\"url\":\"https:\\\/\\\/www.enzo-und-ferdinand.de\\\/index.php\\\/author\\\/redaktion\\\/\"}]}<\/script>\n<!-- \/ Yoast SEO plugin. -->","yoast_head_json":{"title":"Audi A2: Aluminium und Effizienz","description":"Rainer Ro\u00dfbach, Rainer Rossbach, enzo-und-ferdinand, enzo&ferdinand, Enzo, Audi A2, Audi A2 Technik, Audi A2 Aluminium, Audi A2 Space Frame, Audi A2 Verbrauch, Audi A2 1.2 TDI, Audi A2 colour.storm, Audi A2 Aerodynamik, Audi A2 cw-Wert, Audi A2 Motoren, Audi A2 Produktion, Audi A2 Youngtimer, Audi A2 Geschichte, Audi A2 Neckarsulm","robots":{"index":"index","follow":"follow","max-snippet":"max-snippet:-1","max-image-preview":"max-image-preview:large","max-video-preview":"max-video-preview:-1"},"canonical":"https:\/\/www.enzo-und-ferdinand.de\/index.php\/2025\/09\/29\/audi-a2-aluminium-und-effizienz\/","og_locale":"de_DE","og_type":"article","og_title":"Audi A2: Aluminium und Effizienz","og_description":"Rainer Ro\u00dfbach, Rainer Rossbach, enzo-und-ferdinand, enzo&ferdinand, Enzo, Audi A2, Audi A2 Technik, Audi A2 Aluminium, Audi A2 Space Frame, Audi A2 Verbrauch, Audi A2 1.2 TDI, Audi A2 colour.storm, Audi A2 Aerodynamik, Audi A2 cw-Wert, Audi A2 Motoren, Audi A2 Produktion, Audi A2 Youngtimer, Audi A2 Geschichte, Audi A2 Neckarsulm","og_url":"https:\/\/www.enzo-und-ferdinand.de\/index.php\/2025\/09\/29\/audi-a2-aluminium-und-effizienz\/","og_site_name":"enzo &amp; Ferdinand","article_published_time":"2025-09-29T05:24:19+00:00","article_modified_time":"2025-09-29T05:24:20+00:00","og_image":[{"width":1500,"height":1000,"url":"https:\/\/www.enzo-und-ferdinand.de\/wp-content\/uploads\/2025\/09\/Audi-A2-1.jpg","type":"image\/jpeg"}],"author":"Rainer Ro\u00dfbach","twitter_card":"summary_large_image","twitter_misc":{"Verfasst von":"Rainer Ro\u00dfbach","Gesch\u00e4tzte Lesezeit":"1\u00a0Minute"},"schema":{"@context":"https:\/\/schema.org","@graph":[{"@type":"Article","@id":"https:\/\/www.enzo-und-ferdinand.de\/index.php\/2025\/09\/29\/audi-a2-aluminium-und-effizienz\/#article","isPartOf":{"@id":"https:\/\/www.enzo-und-ferdinand.de\/index.php\/2025\/09\/29\/audi-a2-aluminium-und-effizienz\/"},"author":{"name":"Rainer Ro\u00dfbach","@id":"https:\/\/www.enzo-und-ferdinand.de\/#\/schema\/person\/aff2eb9ff87705987c1b9d21fe10b095"},"headline":"Audi A2: Aluminium und Effizienz","datePublished":"2025-09-29T05:24:19+00:00","dateModified":"2025-09-29T05:24:20+00:00","mainEntityOfPage":{"@id":"https:\/\/www.enzo-und-ferdinand.de\/index.php\/2025\/09\/29\/audi-a2-aluminium-und-effizienz\/"},"wordCount":369,"publisher":{"@id":"https:\/\/www.enzo-und-ferdinand.de\/#organization"},"image":{"@id":"https:\/\/www.enzo-und-ferdinand.de\/index.php\/2025\/09\/29\/audi-a2-aluminium-und-effizienz\/#primaryimage"},"thumbnailUrl":"https:\/\/www.enzo-und-ferdinand.de\/wp-content\/uploads\/2025\/09\/Audi-A2-1.jpg","keywords":["Audi"],"articleSection":["Ikonen","Technologie"],"inLanguage":"de"},{"@type":"WebPage","@id":"https:\/\/www.enzo-und-ferdinand.de\/index.php\/2025\/09\/29\/audi-a2-aluminium-und-effizienz\/","url":"https:\/\/www.enzo-und-ferdinand.de\/index.php\/2025\/09\/29\/audi-a2-aluminium-und-effizienz\/","name":"Audi A2: Aluminium und Effizienz","isPartOf":{"@id":"https:\/\/www.enzo-und-ferdinand.de\/#website"},"primaryImageOfPage":{"@id":"https:\/\/www.enzo-und-ferdinand.de\/index.php\/2025\/09\/29\/audi-a2-aluminium-und-effizienz\/#primaryimage"},"image":{"@id":"https:\/\/www.enzo-und-ferdinand.de\/index.php\/2025\/09\/29\/audi-a2-aluminium-und-effizienz\/#primaryimage"},"thumbnailUrl":"https:\/\/www.enzo-und-ferdinand.de\/wp-content\/uploads\/2025\/09\/Audi-A2-1.jpg","datePublished":"2025-09-29T05:24:19+00:00","dateModified":"2025-09-29T05:24:20+00:00","description":"Rainer Ro\u00dfbach, Rainer Rossbach, enzo-und-ferdinand, enzo&ferdinand, Enzo, Audi A2, Audi A2 Technik, Audi A2 Aluminium, Audi A2 Space Frame, Audi A2 Verbrauch, Audi A2 1.2 TDI, Audi A2 colour.storm, Audi A2 Aerodynamik, Audi A2 cw-Wert, Audi A2 Motoren, Audi A2 Produktion, Audi A2 Youngtimer, Audi A2 Geschichte, Audi A2 Neckarsulm","breadcrumb":{"@id":"https:\/\/www.enzo-und-ferdinand.de\/index.php\/2025\/09\/29\/audi-a2-aluminium-und-effizienz\/#breadcrumb"},"inLanguage":"de","potentialAction":[{"@type":"ReadAction","target":["https:\/\/www.enzo-und-ferdinand.de\/index.php\/2025\/09\/29\/audi-a2-aluminium-und-effizienz\/"]}]},{"@type":"ImageObject","inLanguage":"de","@id":"https:\/\/www.enzo-und-ferdinand.de\/index.php\/2025\/09\/29\/audi-a2-aluminium-und-effizienz\/#primaryimage","url":"https:\/\/www.enzo-und-ferdinand.de\/wp-content\/uploads\/2025\/09\/Audi-A2-1.jpg","contentUrl":"https:\/\/www.enzo-und-ferdinand.de\/wp-content\/uploads\/2025\/09\/Audi-A2-1.jpg","width":1500,"height":1000,"caption":"The Audi A2 was launched in 2000 \u2013 25 years ago. The picture shows the special \u201ccolour.storm\u201d edition in Papayaorange."},{"@type":"BreadcrumbList","@id":"https:\/\/www.enzo-und-ferdinand.de\/index.php\/2025\/09\/29\/audi-a2-aluminium-und-effizienz\/#breadcrumb","itemListElement":[{"@type":"ListItem","position":1,"name":"Startseite","item":"https:\/\/www.enzo-und-ferdinand.de\/"},{"@type":"ListItem","position":2,"name":"Audi A2: Aluminium und Effizienz"}]},{"@type":"WebSite","@id":"https:\/\/www.enzo-und-ferdinand.de\/#website","url":"https:\/\/www.enzo-und-ferdinand.de\/","name":"enzo & Ferdinand","description":"","publisher":{"@id":"https:\/\/www.enzo-und-ferdinand.de\/#organization"},"potentialAction":[{"@type":"SearchAction","target":{"@type":"EntryPoint","urlTemplate":"https:\/\/www.enzo-und-ferdinand.de\/?s={search_term_string}"},"query-input":{"@type":"PropertyValueSpecification","valueRequired":true,"valueName":"search_term_string"}}],"inLanguage":"de"},{"@type":"Organization","@id":"https:\/\/www.enzo-und-ferdinand.de\/#organization","name":"enzo & Ferdinand","url":"https:\/\/www.enzo-und-ferdinand.de\/","logo":{"@type":"ImageObject","inLanguage":"de","@id":"https:\/\/www.enzo-und-ferdinand.de\/#\/schema\/logo\/image\/","url":"https:\/\/www.enzo-und-ferdinand.de\/wp-content\/uploads\/2018\/12\/revvvs-icon.png","contentUrl":"https:\/\/www.enzo-und-ferdinand.de\/wp-content\/uploads\/2018\/12\/revvvs-icon.png","width":512,"height":512,"caption":"enzo & Ferdinand"},"image":{"@id":"https:\/\/www.enzo-und-ferdinand.de\/#\/schema\/logo\/image\/"}},{"@type":"Person","@id":"https:\/\/www.enzo-und-ferdinand.de\/#\/schema\/person\/aff2eb9ff87705987c1b9d21fe10b095","name":"Rainer Ro\u00dfbach","image":{"@type":"ImageObject","inLanguage":"de","@id":"https:\/\/www.enzo-und-ferdinand.de\/wp-content\/uploads\/2026\/01\/Rainer-Rossbach-150x150.jpg","url":"https:\/\/www.enzo-und-ferdinand.de\/wp-content\/uploads\/2026\/01\/Rainer-Rossbach-150x150.jpg","contentUrl":"https:\/\/www.enzo-und-ferdinand.de\/wp-content\/uploads\/2026\/01\/Rainer-Rossbach-150x150.jpg","caption":"Rainer Ro\u00dfbach"},"url":"https:\/\/www.enzo-und-ferdinand.de\/index.php\/author\/redaktion\/"}]}},"_links":{"self":[{"href":"https:\/\/www.enzo-und-ferdinand.de\/index.php\/wp-json\/wp\/v2\/posts\/21140","targetHints":{"allow":["GET"]}}],"collection":[{"href":"https:\/\/www.enzo-und-ferdinand.de\/index.php\/wp-json\/wp\/v2\/posts"}],"about":[{"href":"https:\/\/www.enzo-und-ferdinand.de\/index.php\/wp-json\/wp\/v2\/types\/post"}],"author":[{"embeddable":true,"href":"https:\/\/www.enzo-und-ferdinand.de\/index.php\/wp-json\/wp\/v2\/users\/1"}],"replies":[{"embeddable":true,"href":"https:\/\/www.enzo-und-ferdinand.de\/index.php\/wp-json\/wp\/v2\/comments?post=21140"}],"version-history":[{"count":2,"href":"https:\/\/www.enzo-und-ferdinand.de\/index.php\/wp-json\/wp\/v2\/posts\/21140\/revisions"}],"predecessor-version":[{"id":21145,"href":"https:\/\/www.enzo-und-ferdinand.de\/index.php\/wp-json\/wp\/v2\/posts\/21140\/revisions\/21145"}],"wp:featuredmedia":[{"embeddable":true,"href":"https:\/\/www.enzo-und-ferdinand.de\/index.php\/wp-json\/wp\/v2\/media\/21143"}],"wp:attachment":[{"href":"https:\/\/www.enzo-und-ferdinand.de\/index.php\/wp-json\/wp\/v2\/media?parent=21140"}],"wp:term":[{"taxonomy":"category","embeddable":true,"href":"https:\/\/www.enzo-und-ferdinand.de\/index.php\/wp-json\/wp\/v2\/categories?post=21140"},{"taxonomy":"post_tag","embeddable":true,"href":"https:\/\/www.enzo-und-ferdinand.de\/index.php\/wp-json\/wp\/v2\/tags?post=21140"}],"curies":[{"name":"wp","href":"https:\/\/api.w.org\/{rel}","templated":true}]}}