{"id":21185,"date":"2025-10-06T10:39:31","date_gmt":"2025-10-06T08:39:31","guid":{"rendered":"https:\/\/www.enzo-und-ferdinand.de\/?p=21185"},"modified":"2025-10-06T15:07:00","modified_gmt":"2025-10-06T13:07:00","slug":"hispano-suiza-no-manifesto","status":"publish","type":"post","link":"https:\/\/www.enzo-und-ferdinand.de\/index.php\/2025\/10\/06\/hispano-suiza-no-manifesto\/","title":{"rendered":"Hispano Suiza \u201eNo Manifesto\u201c"},"content":{"rendered":"\n<figure class=\"wp-block-image size-large\"><img loading=\"lazy\" decoding=\"async\" width=\"810\" height=\"540\" src=\"https:\/\/www.enzo-und-ferdinand.de\/wp-content\/uploads\/2025\/10\/Hispano-Suiza-No-Manifesto-3-810x540.jpg\" alt=\"Hispano Suiza No Manifesto\" class=\"wp-image-21188\" srcset=\"https:\/\/www.enzo-und-ferdinand.de\/wp-content\/uploads\/2025\/10\/Hispano-Suiza-No-Manifesto-3-810x540.jpg 810w, https:\/\/www.enzo-und-ferdinand.de\/wp-content\/uploads\/2025\/10\/Hispano-Suiza-No-Manifesto-3-300x200.jpg 300w, https:\/\/www.enzo-und-ferdinand.de\/wp-content\/uploads\/2025\/10\/Hispano-Suiza-No-Manifesto-3-768x512.jpg 768w, https:\/\/www.enzo-und-ferdinand.de\/wp-content\/uploads\/2025\/10\/Hispano-Suiza-No-Manifesto-3-120x80.jpg 120w, https:\/\/www.enzo-und-ferdinand.de\/wp-content\/uploads\/2025\/10\/Hispano-Suiza-No-Manifesto-3.jpg 1500w\" sizes=\"auto, (max-width: 810px) 100vw, 810px\" \/><\/figure>\n\n\n\n<p class=\"wp-block-paragraph\">Mit dem \u201eNo Manifesto\u201c bekr\u00e4ftigt die spanische Luxusmarke ihre Philosophie des kontinuierlichen Fortschritts. Die j\u00fcngsten Modelle Carmen, Carmen Boulogne und Carmen Sagrera zeigen, wie Tradition, technologische Innovation und Motorsport-DNA in einem elektrischen Hypercar-Segment vereint werden. Hispano Suiza geh\u00f6rt zu den legend\u00e4ren Namen der Automobilgeschichte. 1904 in Barcelona von Dami\u00e1n Mateu und dem Ingenieur Marc Birkigt gegr\u00fcndet, zeichnete sich die Marke schon fr\u00fch durch technische Exzellenz und au\u00dfergew\u00f6hnliches Design aus. Zwischen 1904 und 1946 entstanden mehr als 12.000 Luxusfahrzeuge und 50.000 Flugmotoren, die das Prestige von Hispano Suiza begr\u00fcndeten. Heute lebt diese Tradition in modernster Form weiter \u2013 elektrifiziert, hochperformant und exklusiv.<\/p>\n\n\n\n<p class=\"wp-block-paragraph\">Der entscheidende Wendepunkt kam 2019, als Miguel Suqu\u00e9 Mateu, Urenkel des Gr\u00fcnders, die Marke mit der Pr\u00e4sentation des vollelektrischen Hypercars Carmen neu belebte. Das Fahrzeug wurde vollst\u00e4ndig in Spanien gefertigt, setzt auf Rennsport-Technologien und kombiniert Handwerkskunst mit hochmoderner Antriebstechnik. 2020 folgte die Carmen Boulogne, eine Hommage an die Motorsportgeschichte der Marke, und 2024 die Carmen Sagrera, die den 120. Geburtstag Hispano Suizas markierte. Die Sagrera zeigt die k\u00fcnftige Designrichtung des Unternehmens.<\/p>\n\n\n\n<p class=\"wp-block-paragraph\">Die technische Ausrichtung der Fahrzeuge ist konsequent auf Leistung und Individualit\u00e4t fokussiert. Jedes Hypercar wird von Ingenieuren mit Rennsporterfahrung entwickelt, wobei elektrische Hochleistungsantriebe, Leichtbauweise und unlimitierte Personalisierungsm\u00f6glichkeiten zentrale Bausteine darstellen. So stehen nicht nur Exklusivit\u00e4t und Eleganz im Vordergrund, sondern auch die Wettbewerbsf\u00e4higkeit auf h\u00f6chstem internationalen Niveau.<\/p>\n\n\n\n<figure class=\"wp-block-image size-large\"><img loading=\"lazy\" decoding=\"async\" width=\"810\" height=\"540\" src=\"https:\/\/www.enzo-und-ferdinand.de\/wp-content\/uploads\/2025\/10\/Hispano-Suiza-No-Manifesto-2-810x540.jpg\" alt=\"Hispano Suiza No Manifesto\" class=\"wp-image-21190\" srcset=\"https:\/\/www.enzo-und-ferdinand.de\/wp-content\/uploads\/2025\/10\/Hispano-Suiza-No-Manifesto-2-810x540.jpg 810w, https:\/\/www.enzo-und-ferdinand.de\/wp-content\/uploads\/2025\/10\/Hispano-Suiza-No-Manifesto-2-300x200.jpg 300w, https:\/\/www.enzo-und-ferdinand.de\/wp-content\/uploads\/2025\/10\/Hispano-Suiza-No-Manifesto-2-768x512.jpg 768w, https:\/\/www.enzo-und-ferdinand.de\/wp-content\/uploads\/2025\/10\/Hispano-Suiza-No-Manifesto-2-120x80.jpg 120w, https:\/\/www.enzo-und-ferdinand.de\/wp-content\/uploads\/2025\/10\/Hispano-Suiza-No-Manifesto-2.jpg 1500w\" sizes=\"auto, (max-width: 810px) 100vw, 810px\" \/><\/figure>\n\n\n\n<p class=\"has-text-align-right has-small-font-size wp-block-paragraph\">Fotos: Hispano Suiza\/Text: Rainer Ro\u00dfbach<\/p>\n\n\n\n<p class=\"wp-block-paragraph\"><\/p>\n","protected":false},"excerpt":{"rendered":"<p>Mit dem \u201eNo Manifesto\u201c bekr\u00e4ftigt die spanische Luxusmarke ihre Philosophie des kontinuierlichen Fortschritts. Die j\u00fcngsten Modelle Carmen, Carmen Boulogne und Carmen Sagrera zeigen, wie Tradition, technologische Innovation und Motorsport-DNA in einem elektrischen Hypercar-Segment vereint werden. Hispano Suiza geh\u00f6rt zu den legend\u00e4ren Namen der Automobilgeschichte. 1904 in Barcelona von Dami\u00e1n Mateu und dem Ingenieur Marc Birkigt gegr\u00fcndet, zeichnete sich die Marke schon fr\u00fch durch technische Exzellenz und au\u00dfergew\u00f6hnliches Design aus. Zwischen 1904 und 1946 entstanden mehr als 12.000 Luxusfahrzeuge und 50.000 Flugmotoren, die das Prestige von Hispano Suiza begr\u00fcndeten. Heute lebt diese Tradition in modernster Form weiter \u2013 elektrifiziert, hochperformant und exklusiv.<\/p>\n","protected":false},"author":1,"featured_media":21189,"comment_status":"open","ping_status":"open","sticky":false,"template":"","format":"standard","meta":{"_crdt_document":"","ngg_post_thumbnail":0,"footnotes":""},"categories":[681,703],"tags":[1420],"class_list":["post-21185","post","type-post","status-publish","format-standard","has-post-thumbnail","hentry","category-elektro","category-hypercar","tag-hispano-suiza"],"yoast_head":"<!-- This site is optimized with the Yoast SEO plugin v27.5 - https:\/\/yoast.com\/product\/yoast-seo-wordpress\/ -->\n<title>Hispano Suiza \u201eNo Manifesto\u201c<\/title>\n<meta name=\"description\" content=\"Enzo, Rainer Ro\u00dfbach, Rainer Rossbach, enzo-und-ferdinand, enzo&amp;ferdinand, Enzo, Hispano Suiza, Hispano Suiza Carmen, Hispano Suiza Carmen Boulogne, Hispano Suiza Carmen Sagrera, No Manifesto, Hypercar, Elektro-Hypercar, Luxusauto Spanien, Automobiltradition Barcelona, Miguel Suqu\u00e9 Mateu, Marc Birkigt, Gentleman Driver, exklusive Fahrzeuge, elektrische Performance, Hypercars Handarbeit, Motorsport-DNA\" \/>\n<meta name=\"robots\" content=\"index, follow, max-snippet:-1, max-image-preview:large, max-video-preview:-1\" \/>\n<link rel=\"canonical\" href=\"https:\/\/www.enzo-und-ferdinand.de\/index.php\/2025\/10\/06\/hispano-suiza-no-manifesto\/\" \/>\n<meta property=\"og:locale\" content=\"de_DE\" \/>\n<meta property=\"og:type\" content=\"article\" \/>\n<meta property=\"og:title\" content=\"Hispano Suiza \u201eNo Manifesto\u201c\" \/>\n<meta property=\"og:description\" content=\"Enzo, Rainer Ro\u00dfbach, Rainer Rossbach, enzo-und-ferdinand, enzo&amp;ferdinand, Enzo, Hispano Suiza, Hispano Suiza Carmen, Hispano Suiza Carmen Boulogne, Hispano Suiza Carmen Sagrera, No Manifesto, Hypercar, Elektro-Hypercar, Luxusauto Spanien, Automobiltradition Barcelona, Miguel Suqu\u00e9 Mateu, Marc Birkigt, Gentleman Driver, exklusive Fahrzeuge, elektrische Performance, Hypercars Handarbeit, Motorsport-DNA\" \/>\n<meta property=\"og:url\" content=\"https:\/\/www.enzo-und-ferdinand.de\/index.php\/2025\/10\/06\/hispano-suiza-no-manifesto\/\" \/>\n<meta property=\"og:site_name\" content=\"enzo &amp; Ferdinand\" \/>\n<meta property=\"article:published_time\" content=\"2025-10-06T08:39:31+00:00\" \/>\n<meta property=\"article:modified_time\" content=\"2025-10-06T13:07:00+00:00\" \/>\n<meta property=\"og:image\" content=\"https:\/\/www.enzo-und-ferdinand.de\/wp-content\/uploads\/2025\/10\/Hispano-Suiza-No-Manifesto-1.jpg\" \/>\n\t<meta property=\"og:image:width\" content=\"1500\" \/>\n\t<meta property=\"og:image:height\" content=\"1000\" \/>\n\t<meta property=\"og:image:type\" content=\"image\/jpeg\" \/>\n<meta name=\"author\" content=\"Rainer Ro\u00dfbach\" \/>\n<meta name=\"twitter:card\" content=\"summary_large_image\" \/>\n<meta name=\"twitter:label1\" content=\"Verfasst von\" \/>\n\t<meta name=\"twitter:data1\" content=\"Rainer Ro\u00dfbach\" \/>\n\t<meta name=\"twitter:label2\" content=\"Gesch\u00e4tzte Lesezeit\" \/>\n\t<meta name=\"twitter:data2\" content=\"2\u00a0Minuten\" \/>\n<script type=\"application\/ld+json\" class=\"yoast-schema-graph\">{\"@context\":\"https:\\\/\\\/schema.org\",\"@graph\":[{\"@type\":\"Article\",\"@id\":\"https:\\\/\\\/www.enzo-und-ferdinand.de\\\/index.php\\\/2025\\\/10\\\/06\\\/hispano-suiza-no-manifesto\\\/#article\",\"isPartOf\":{\"@id\":\"https:\\\/\\\/www.enzo-und-ferdinand.de\\\/index.php\\\/2025\\\/10\\\/06\\\/hispano-suiza-no-manifesto\\\/\"},\"author\":{\"name\":\"Rainer Ro\u00dfbach\",\"@id\":\"https:\\\/\\\/www.enzo-und-ferdinand.de\\\/#\\\/schema\\\/person\\\/aff2eb9ff87705987c1b9d21fe10b095\"},\"headline\":\"Hispano Suiza \u201eNo Manifesto\u201c\",\"datePublished\":\"2025-10-06T08:39:31+00:00\",\"dateModified\":\"2025-10-06T13:07:00+00:00\",\"mainEntityOfPage\":{\"@id\":\"https:\\\/\\\/www.enzo-und-ferdinand.de\\\/index.php\\\/2025\\\/10\\\/06\\\/hispano-suiza-no-manifesto\\\/\"},\"wordCount\":239,\"commentCount\":0,\"publisher\":{\"@id\":\"https:\\\/\\\/www.enzo-und-ferdinand.de\\\/#organization\"},\"image\":{\"@id\":\"https:\\\/\\\/www.enzo-und-ferdinand.de\\\/index.php\\\/2025\\\/10\\\/06\\\/hispano-suiza-no-manifesto\\\/#primaryimage\"},\"thumbnailUrl\":\"https:\\\/\\\/www.enzo-und-ferdinand.de\\\/wp-content\\\/uploads\\\/2025\\\/10\\\/Hispano-Suiza-No-Manifesto-1.jpg\",\"keywords\":[\"Hispano Suiza\"],\"articleSection\":[\"Elektro\",\"Hypercar\"],\"inLanguage\":\"de\",\"potentialAction\":[{\"@type\":\"CommentAction\",\"name\":\"Comment\",\"target\":[\"https:\\\/\\\/www.enzo-und-ferdinand.de\\\/index.php\\\/2025\\\/10\\\/06\\\/hispano-suiza-no-manifesto\\\/#respond\"]}]},{\"@type\":\"WebPage\",\"@id\":\"https:\\\/\\\/www.enzo-und-ferdinand.de\\\/index.php\\\/2025\\\/10\\\/06\\\/hispano-suiza-no-manifesto\\\/\",\"url\":\"https:\\\/\\\/www.enzo-und-ferdinand.de\\\/index.php\\\/2025\\\/10\\\/06\\\/hispano-suiza-no-manifesto\\\/\",\"name\":\"Hispano Suiza \u201eNo Manifesto\u201c\",\"isPartOf\":{\"@id\":\"https:\\\/\\\/www.enzo-und-ferdinand.de\\\/#website\"},\"primaryImageOfPage\":{\"@id\":\"https:\\\/\\\/www.enzo-und-ferdinand.de\\\/index.php\\\/2025\\\/10\\\/06\\\/hispano-suiza-no-manifesto\\\/#primaryimage\"},\"image\":{\"@id\":\"https:\\\/\\\/www.enzo-und-ferdinand.de\\\/index.php\\\/2025\\\/10\\\/06\\\/hispano-suiza-no-manifesto\\\/#primaryimage\"},\"thumbnailUrl\":\"https:\\\/\\\/www.enzo-und-ferdinand.de\\\/wp-content\\\/uploads\\\/2025\\\/10\\\/Hispano-Suiza-No-Manifesto-1.jpg\",\"datePublished\":\"2025-10-06T08:39:31+00:00\",\"dateModified\":\"2025-10-06T13:07:00+00:00\",\"description\":\"Enzo, Rainer Ro\u00dfbach, Rainer Rossbach, enzo-und-ferdinand, enzo&ferdinand, Enzo, Hispano Suiza, Hispano Suiza Carmen, Hispano Suiza Carmen Boulogne, Hispano Suiza Carmen Sagrera, No Manifesto, Hypercar, Elektro-Hypercar, Luxusauto Spanien, Automobiltradition Barcelona, Miguel Suqu\u00e9 Mateu, Marc Birkigt, Gentleman Driver, exklusive Fahrzeuge, elektrische Performance, Hypercars Handarbeit, Motorsport-DNA\",\"breadcrumb\":{\"@id\":\"https:\\\/\\\/www.enzo-und-ferdinand.de\\\/index.php\\\/2025\\\/10\\\/06\\\/hispano-suiza-no-manifesto\\\/#breadcrumb\"},\"inLanguage\":\"de\",\"potentialAction\":[{\"@type\":\"ReadAction\",\"target\":[\"https:\\\/\\\/www.enzo-und-ferdinand.de\\\/index.php\\\/2025\\\/10\\\/06\\\/hispano-suiza-no-manifesto\\\/\"]}]},{\"@type\":\"ImageObject\",\"inLanguage\":\"de\",\"@id\":\"https:\\\/\\\/www.enzo-und-ferdinand.de\\\/index.php\\\/2025\\\/10\\\/06\\\/hispano-suiza-no-manifesto\\\/#primaryimage\",\"url\":\"https:\\\/\\\/www.enzo-und-ferdinand.de\\\/wp-content\\\/uploads\\\/2025\\\/10\\\/Hispano-Suiza-No-Manifesto-1.jpg\",\"contentUrl\":\"https:\\\/\\\/www.enzo-und-ferdinand.de\\\/wp-content\\\/uploads\\\/2025\\\/10\\\/Hispano-Suiza-No-Manifesto-1.jpg\",\"width\":1500,\"height\":1000,\"caption\":\"Hispano Suiza No Manifesto\"},{\"@type\":\"BreadcrumbList\",\"@id\":\"https:\\\/\\\/www.enzo-und-ferdinand.de\\\/index.php\\\/2025\\\/10\\\/06\\\/hispano-suiza-no-manifesto\\\/#breadcrumb\",\"itemListElement\":[{\"@type\":\"ListItem\",\"position\":1,\"name\":\"Startseite\",\"item\":\"https:\\\/\\\/www.enzo-und-ferdinand.de\\\/\"},{\"@type\":\"ListItem\",\"position\":2,\"name\":\"Hispano Suiza \u201eNo Manifesto\u201c\"}]},{\"@type\":\"WebSite\",\"@id\":\"https:\\\/\\\/www.enzo-und-ferdinand.de\\\/#website\",\"url\":\"https:\\\/\\\/www.enzo-und-ferdinand.de\\\/\",\"name\":\"enzo & Ferdinand\",\"description\":\"\",\"publisher\":{\"@id\":\"https:\\\/\\\/www.enzo-und-ferdinand.de\\\/#organization\"},\"potentialAction\":[{\"@type\":\"SearchAction\",\"target\":{\"@type\":\"EntryPoint\",\"urlTemplate\":\"https:\\\/\\\/www.enzo-und-ferdinand.de\\\/?s={search_term_string}\"},\"query-input\":{\"@type\":\"PropertyValueSpecification\",\"valueRequired\":true,\"valueName\":\"search_term_string\"}}],\"inLanguage\":\"de\"},{\"@type\":\"Organization\",\"@id\":\"https:\\\/\\\/www.enzo-und-ferdinand.de\\\/#organization\",\"name\":\"enzo & Ferdinand\",\"url\":\"https:\\\/\\\/www.enzo-und-ferdinand.de\\\/\",\"logo\":{\"@type\":\"ImageObject\",\"inLanguage\":\"de\",\"@id\":\"https:\\\/\\\/www.enzo-und-ferdinand.de\\\/#\\\/schema\\\/logo\\\/image\\\/\",\"url\":\"https:\\\/\\\/www.enzo-und-ferdinand.de\\\/wp-content\\\/uploads\\\/2018\\\/12\\\/revvvs-icon.png\",\"contentUrl\":\"https:\\\/\\\/www.enzo-und-ferdinand.de\\\/wp-content\\\/uploads\\\/2018\\\/12\\\/revvvs-icon.png\",\"width\":512,\"height\":512,\"caption\":\"enzo & Ferdinand\"},\"image\":{\"@id\":\"https:\\\/\\\/www.enzo-und-ferdinand.de\\\/#\\\/schema\\\/logo\\\/image\\\/\"}},{\"@type\":\"Person\",\"@id\":\"https:\\\/\\\/www.enzo-und-ferdinand.de\\\/#\\\/schema\\\/person\\\/aff2eb9ff87705987c1b9d21fe10b095\",\"name\":\"Rainer Ro\u00dfbach\",\"image\":{\"@type\":\"ImageObject\",\"inLanguage\":\"de\",\"@id\":\"https:\\\/\\\/www.enzo-und-ferdinand.de\\\/wp-content\\\/uploads\\\/2026\\\/01\\\/Rainer-Rossbach-150x150.jpg\",\"url\":\"https:\\\/\\\/www.enzo-und-ferdinand.de\\\/wp-content\\\/uploads\\\/2026\\\/01\\\/Rainer-Rossbach-150x150.jpg\",\"contentUrl\":\"https:\\\/\\\/www.enzo-und-ferdinand.de\\\/wp-content\\\/uploads\\\/2026\\\/01\\\/Rainer-Rossbach-150x150.jpg\",\"caption\":\"Rainer Ro\u00dfbach\"},\"url\":\"https:\\\/\\\/www.enzo-und-ferdinand.de\\\/index.php\\\/author\\\/redaktion\\\/\"}]}<\/script>\n<!-- \/ Yoast SEO plugin. -->","yoast_head_json":{"title":"Hispano Suiza \u201eNo Manifesto\u201c","description":"Enzo, Rainer Ro\u00dfbach, Rainer Rossbach, enzo-und-ferdinand, enzo&ferdinand, Enzo, Hispano Suiza, Hispano Suiza Carmen, Hispano Suiza Carmen Boulogne, Hispano Suiza Carmen Sagrera, No Manifesto, Hypercar, Elektro-Hypercar, Luxusauto Spanien, Automobiltradition Barcelona, Miguel Suqu\u00e9 Mateu, Marc Birkigt, Gentleman Driver, exklusive Fahrzeuge, elektrische Performance, Hypercars Handarbeit, Motorsport-DNA","robots":{"index":"index","follow":"follow","max-snippet":"max-snippet:-1","max-image-preview":"max-image-preview:large","max-video-preview":"max-video-preview:-1"},"canonical":"https:\/\/www.enzo-und-ferdinand.de\/index.php\/2025\/10\/06\/hispano-suiza-no-manifesto\/","og_locale":"de_DE","og_type":"article","og_title":"Hispano Suiza \u201eNo Manifesto\u201c","og_description":"Enzo, Rainer Ro\u00dfbach, Rainer Rossbach, enzo-und-ferdinand, enzo&ferdinand, Enzo, Hispano Suiza, Hispano Suiza Carmen, Hispano Suiza Carmen Boulogne, Hispano Suiza Carmen Sagrera, No Manifesto, Hypercar, Elektro-Hypercar, Luxusauto Spanien, Automobiltradition Barcelona, Miguel Suqu\u00e9 Mateu, Marc Birkigt, Gentleman Driver, exklusive Fahrzeuge, elektrische Performance, Hypercars Handarbeit, Motorsport-DNA","og_url":"https:\/\/www.enzo-und-ferdinand.de\/index.php\/2025\/10\/06\/hispano-suiza-no-manifesto\/","og_site_name":"enzo &amp; Ferdinand","article_published_time":"2025-10-06T08:39:31+00:00","article_modified_time":"2025-10-06T13:07:00+00:00","og_image":[{"width":1500,"height":1000,"url":"https:\/\/www.enzo-und-ferdinand.de\/wp-content\/uploads\/2025\/10\/Hispano-Suiza-No-Manifesto-1.jpg","type":"image\/jpeg"}],"author":"Rainer Ro\u00dfbach","twitter_card":"summary_large_image","twitter_misc":{"Verfasst von":"Rainer Ro\u00dfbach","Gesch\u00e4tzte Lesezeit":"2\u00a0Minuten"},"schema":{"@context":"https:\/\/schema.org","@graph":[{"@type":"Article","@id":"https:\/\/www.enzo-und-ferdinand.de\/index.php\/2025\/10\/06\/hispano-suiza-no-manifesto\/#article","isPartOf":{"@id":"https:\/\/www.enzo-und-ferdinand.de\/index.php\/2025\/10\/06\/hispano-suiza-no-manifesto\/"},"author":{"name":"Rainer Ro\u00dfbach","@id":"https:\/\/www.enzo-und-ferdinand.de\/#\/schema\/person\/aff2eb9ff87705987c1b9d21fe10b095"},"headline":"Hispano Suiza \u201eNo Manifesto\u201c","datePublished":"2025-10-06T08:39:31+00:00","dateModified":"2025-10-06T13:07:00+00:00","mainEntityOfPage":{"@id":"https:\/\/www.enzo-und-ferdinand.de\/index.php\/2025\/10\/06\/hispano-suiza-no-manifesto\/"},"wordCount":239,"commentCount":0,"publisher":{"@id":"https:\/\/www.enzo-und-ferdinand.de\/#organization"},"image":{"@id":"https:\/\/www.enzo-und-ferdinand.de\/index.php\/2025\/10\/06\/hispano-suiza-no-manifesto\/#primaryimage"},"thumbnailUrl":"https:\/\/www.enzo-und-ferdinand.de\/wp-content\/uploads\/2025\/10\/Hispano-Suiza-No-Manifesto-1.jpg","keywords":["Hispano Suiza"],"articleSection":["Elektro","Hypercar"],"inLanguage":"de","potentialAction":[{"@type":"CommentAction","name":"Comment","target":["https:\/\/www.enzo-und-ferdinand.de\/index.php\/2025\/10\/06\/hispano-suiza-no-manifesto\/#respond"]}]},{"@type":"WebPage","@id":"https:\/\/www.enzo-und-ferdinand.de\/index.php\/2025\/10\/06\/hispano-suiza-no-manifesto\/","url":"https:\/\/www.enzo-und-ferdinand.de\/index.php\/2025\/10\/06\/hispano-suiza-no-manifesto\/","name":"Hispano Suiza \u201eNo Manifesto\u201c","isPartOf":{"@id":"https:\/\/www.enzo-und-ferdinand.de\/#website"},"primaryImageOfPage":{"@id":"https:\/\/www.enzo-und-ferdinand.de\/index.php\/2025\/10\/06\/hispano-suiza-no-manifesto\/#primaryimage"},"image":{"@id":"https:\/\/www.enzo-und-ferdinand.de\/index.php\/2025\/10\/06\/hispano-suiza-no-manifesto\/#primaryimage"},"thumbnailUrl":"https:\/\/www.enzo-und-ferdinand.de\/wp-content\/uploads\/2025\/10\/Hispano-Suiza-No-Manifesto-1.jpg","datePublished":"2025-10-06T08:39:31+00:00","dateModified":"2025-10-06T13:07:00+00:00","description":"Enzo, Rainer Ro\u00dfbach, Rainer Rossbach, enzo-und-ferdinand, enzo&ferdinand, Enzo, Hispano Suiza, Hispano Suiza Carmen, Hispano Suiza Carmen Boulogne, Hispano Suiza Carmen Sagrera, No Manifesto, Hypercar, Elektro-Hypercar, Luxusauto Spanien, Automobiltradition Barcelona, Miguel Suqu\u00e9 Mateu, Marc Birkigt, Gentleman Driver, exklusive Fahrzeuge, elektrische Performance, Hypercars Handarbeit, Motorsport-DNA","breadcrumb":{"@id":"https:\/\/www.enzo-und-ferdinand.de\/index.php\/2025\/10\/06\/hispano-suiza-no-manifesto\/#breadcrumb"},"inLanguage":"de","potentialAction":[{"@type":"ReadAction","target":["https:\/\/www.enzo-und-ferdinand.de\/index.php\/2025\/10\/06\/hispano-suiza-no-manifesto\/"]}]},{"@type":"ImageObject","inLanguage":"de","@id":"https:\/\/www.enzo-und-ferdinand.de\/index.php\/2025\/10\/06\/hispano-suiza-no-manifesto\/#primaryimage","url":"https:\/\/www.enzo-und-ferdinand.de\/wp-content\/uploads\/2025\/10\/Hispano-Suiza-No-Manifesto-1.jpg","contentUrl":"https:\/\/www.enzo-und-ferdinand.de\/wp-content\/uploads\/2025\/10\/Hispano-Suiza-No-Manifesto-1.jpg","width":1500,"height":1000,"caption":"Hispano Suiza No Manifesto"},{"@type":"BreadcrumbList","@id":"https:\/\/www.enzo-und-ferdinand.de\/index.php\/2025\/10\/06\/hispano-suiza-no-manifesto\/#breadcrumb","itemListElement":[{"@type":"ListItem","position":1,"name":"Startseite","item":"https:\/\/www.enzo-und-ferdinand.de\/"},{"@type":"ListItem","position":2,"name":"Hispano Suiza \u201eNo Manifesto\u201c"}]},{"@type":"WebSite","@id":"https:\/\/www.enzo-und-ferdinand.de\/#website","url":"https:\/\/www.enzo-und-ferdinand.de\/","name":"enzo & Ferdinand","description":"","publisher":{"@id":"https:\/\/www.enzo-und-ferdinand.de\/#organization"},"potentialAction":[{"@type":"SearchAction","target":{"@type":"EntryPoint","urlTemplate":"https:\/\/www.enzo-und-ferdinand.de\/?s={search_term_string}"},"query-input":{"@type":"PropertyValueSpecification","valueRequired":true,"valueName":"search_term_string"}}],"inLanguage":"de"},{"@type":"Organization","@id":"https:\/\/www.enzo-und-ferdinand.de\/#organization","name":"enzo & Ferdinand","url":"https:\/\/www.enzo-und-ferdinand.de\/","logo":{"@type":"ImageObject","inLanguage":"de","@id":"https:\/\/www.enzo-und-ferdinand.de\/#\/schema\/logo\/image\/","url":"https:\/\/www.enzo-und-ferdinand.de\/wp-content\/uploads\/2018\/12\/revvvs-icon.png","contentUrl":"https:\/\/www.enzo-und-ferdinand.de\/wp-content\/uploads\/2018\/12\/revvvs-icon.png","width":512,"height":512,"caption":"enzo & Ferdinand"},"image":{"@id":"https:\/\/www.enzo-und-ferdinand.de\/#\/schema\/logo\/image\/"}},{"@type":"Person","@id":"https:\/\/www.enzo-und-ferdinand.de\/#\/schema\/person\/aff2eb9ff87705987c1b9d21fe10b095","name":"Rainer Ro\u00dfbach","image":{"@type":"ImageObject","inLanguage":"de","@id":"https:\/\/www.enzo-und-ferdinand.de\/wp-content\/uploads\/2026\/01\/Rainer-Rossbach-150x150.jpg","url":"https:\/\/www.enzo-und-ferdinand.de\/wp-content\/uploads\/2026\/01\/Rainer-Rossbach-150x150.jpg","contentUrl":"https:\/\/www.enzo-und-ferdinand.de\/wp-content\/uploads\/2026\/01\/Rainer-Rossbach-150x150.jpg","caption":"Rainer Ro\u00dfbach"},"url":"https:\/\/www.enzo-und-ferdinand.de\/index.php\/author\/redaktion\/"}]}},"_links":{"self":[{"href":"https:\/\/www.enzo-und-ferdinand.de\/index.php\/wp-json\/wp\/v2\/posts\/21185","targetHints":{"allow":["GET"]}}],"collection":[{"href":"https:\/\/www.enzo-und-ferdinand.de\/index.php\/wp-json\/wp\/v2\/posts"}],"about":[{"href":"https:\/\/www.enzo-und-ferdinand.de\/index.php\/wp-json\/wp\/v2\/types\/post"}],"author":[{"embeddable":true,"href":"https:\/\/www.enzo-und-ferdinand.de\/index.php\/wp-json\/wp\/v2\/users\/1"}],"replies":[{"embeddable":true,"href":"https:\/\/www.enzo-und-ferdinand.de\/index.php\/wp-json\/wp\/v2\/comments?post=21185"}],"version-history":[{"count":4,"href":"https:\/\/www.enzo-und-ferdinand.de\/index.php\/wp-json\/wp\/v2\/posts\/21185\/revisions"}],"predecessor-version":[{"id":21200,"href":"https:\/\/www.enzo-und-ferdinand.de\/index.php\/wp-json\/wp\/v2\/posts\/21185\/revisions\/21200"}],"wp:featuredmedia":[{"embeddable":true,"href":"https:\/\/www.enzo-und-ferdinand.de\/index.php\/wp-json\/wp\/v2\/media\/21189"}],"wp:attachment":[{"href":"https:\/\/www.enzo-und-ferdinand.de\/index.php\/wp-json\/wp\/v2\/media?parent=21185"}],"wp:term":[{"taxonomy":"category","embeddable":true,"href":"https:\/\/www.enzo-und-ferdinand.de\/index.php\/wp-json\/wp\/v2\/categories?post=21185"},{"taxonomy":"post_tag","embeddable":true,"href":"https:\/\/www.enzo-und-ferdinand.de\/index.php\/wp-json\/wp\/v2\/tags?post=21185"}],"curies":[{"name":"wp","href":"https:\/\/api.w.org\/{rel}","templated":true}]}}