{"id":21257,"date":"2025-10-15T08:39:37","date_gmt":"2025-10-15T06:39:37","guid":{"rendered":"https:\/\/www.enzo-und-ferdinand.de\/?p=21257"},"modified":"2025-10-15T08:39:39","modified_gmt":"2025-10-15T06:39:39","slug":"mercedes-benz-vision-iconic-eine-neue-designaera","status":"publish","type":"post","link":"https:\/\/www.enzo-und-ferdinand.de\/index.php\/2025\/10\/15\/mercedes-benz-vision-iconic-eine-neue-designaera\/","title":{"rendered":"Mercedes-Benz \u201eVision Iconic\u201c: Eine neue Design\u00e4ra"},"content":{"rendered":"\n<figure class=\"wp-block-image size-large\"><img loading=\"lazy\" decoding=\"async\" width=\"810\" height=\"540\" src=\"https:\/\/www.enzo-und-ferdinand.de\/wp-content\/uploads\/2025\/10\/Mercedes-Benz-Vision-Iconic-4-810x540.jpg\" alt=\"Mercedes-Benz Vision Iconic\" class=\"wp-image-21253\" srcset=\"https:\/\/www.enzo-und-ferdinand.de\/wp-content\/uploads\/2025\/10\/Mercedes-Benz-Vision-Iconic-4-810x540.jpg 810w, https:\/\/www.enzo-und-ferdinand.de\/wp-content\/uploads\/2025\/10\/Mercedes-Benz-Vision-Iconic-4-300x200.jpg 300w, https:\/\/www.enzo-und-ferdinand.de\/wp-content\/uploads\/2025\/10\/Mercedes-Benz-Vision-Iconic-4-768x512.jpg 768w, https:\/\/www.enzo-und-ferdinand.de\/wp-content\/uploads\/2025\/10\/Mercedes-Benz-Vision-Iconic-4-120x80.jpg 120w, https:\/\/www.enzo-und-ferdinand.de\/wp-content\/uploads\/2025\/10\/Mercedes-Benz-Vision-Iconic-4.jpg 1500w\" sizes=\"auto, (max-width: 810px) 100vw, 810px\" \/><\/figure>\n\n\n\n<p class=\"wp-block-paragraph\">Design, Innovation und Vision&nbsp; sind die Zutaten, aus denen Mercedes-Benz die Studie kombiniert hat. Dieses Konzeptfahrzeug verbindet neueste Technologien wie Solarlack, Level-4-Autonomie und neuromorphes Computing mit hyper-analoger Luxus\u00e4sthetik und markantem Chromgrill. Der Vision Iconic markiert den Schritt in eine neue Designsprache und er\u00f6ffnet Perspektiven f\u00fcr die Zukunft der Marke. Dabei ist das Showcar inspiriert von der Marken\u00adtradition und zugleich auf die Zukunft ausgerichtet: eine Synthese aus \u00e4sthetischem Anspruch und hochentwickelter Technik.&nbsp;<\/p>\n\n\n\n<p class=\"wp-block-paragraph\">Als zentrales \u00e4u\u00dferes Merkmal pr\u00e4sentiert sich der ikonische Chromgrill \u2013 neu interpretiert f\u00fcr das digitale Zeitalter. Er ist eine Hommage an klassische Mercedes-Grills (W 108, W 111, 600 Pullman) und verbindet einen breiten Chromrahmen mit Rauchglas-Gitterstruktur und integrierter Konturbeleuchtung. Mit dem vollelektrischen GLC wurde diese Designsprache erstmals eingef\u00fchrt, der Vision Iconic f\u00fchrt sie fort: ein leuchtender Stern auf der Motorhaube und eine strahlende Grillfront verleihen dem Fahrzeug einen starken Ausdruck. Die lackierte Karosserie in tiefschwarzem Hochglanz unterstreicht das skulpturale Design, w\u00e4hrend schlanke, moderne Scheinwerfer die Front abrunden.<\/p>\n\n\n\n<figure class=\"wp-block-image size-large\"><img loading=\"lazy\" decoding=\"async\" width=\"810\" height=\"540\" src=\"https:\/\/www.enzo-und-ferdinand.de\/wp-content\/uploads\/2025\/10\/Mercedes-Benz-Vision-Iconic-2-810x540.jpg\" alt=\"Mercedes-Benz Vision Iconic\" class=\"wp-image-21251\" srcset=\"https:\/\/www.enzo-und-ferdinand.de\/wp-content\/uploads\/2025\/10\/Mercedes-Benz-Vision-Iconic-2-810x540.jpg 810w, https:\/\/www.enzo-und-ferdinand.de\/wp-content\/uploads\/2025\/10\/Mercedes-Benz-Vision-Iconic-2-300x200.jpg 300w, https:\/\/www.enzo-und-ferdinand.de\/wp-content\/uploads\/2025\/10\/Mercedes-Benz-Vision-Iconic-2-768x512.jpg 768w, https:\/\/www.enzo-und-ferdinand.de\/wp-content\/uploads\/2025\/10\/Mercedes-Benz-Vision-Iconic-2-120x80.jpg 120w, https:\/\/www.enzo-und-ferdinand.de\/wp-content\/uploads\/2025\/10\/Mercedes-Benz-Vision-Iconic-2.jpg 1500w\" sizes=\"auto, (max-width: 810px) 100vw, 810px\" \/><\/figure>\n\n\n\n<p class=\"wp-block-paragraph\">Im Innenraum treffen klassische Luxusmaterialien auf digitale Intelligenz in einer Lounge-Atmosph\u00e4re, die sich vom Art Deco inspiriert ist. Im Zentrum steht die schwebende Glaskonstruktion namens \u201eZeppelin\u201c, die als skulpturales Element eine Bewegung initiiert, wenn die T\u00fcr ge\u00f6ffnet wird. Mit Animationen, analogen Instrumenten und einem KI-Begleiter \u2013 integriert in eine der vier Uhren \u2013 vereint das Interieur Stil und Technik.&nbsp;<\/p>\n\n\n\n<p class=\"wp-block-paragraph\">Intarsien in Perlmuttoptik, polierte Messingt\u00fcrgriffe und ein Sternmuster, das die R\u00fcckbank ziert, pr\u00e4gen das Ambiente. Der Sitzbereich besteht aus tiefblauem Samt, w\u00e4hrend das Lenkrad lediglich zwei Funktionen bietet: Start und Moduswahl. Der Fahrzeugboden ist mit handgefertigter Strohmarketerie gestaltet.<\/p>\n\n\n\n<p class=\"wp-block-paragraph\">Technologisch steht der Vision Iconic f\u00fcr Zukunftstechnik: Eine Solarbeschichtung in Form d\u00fcnner, nahtlos aufgetragener Photovoltaikmodule soll auf der gesamten Karosseriefl\u00e4che einsetzbar sein. Bei idealen Bedingungen k\u00f6nnten so \u2013 basierend auf einer Fl\u00e4che von etwa 11 m\u00b2 \u2013 bis zu 12.000 km Reichweite j\u00e4hrlich generiert werden. Der Lack verzichtet dabei auf Seltene Erden und Silizium und ist recycelbar. Der Wirkungsgrad der Solarzellen soll rund 20&nbsp; Prozent betragen und kontinuierlich Energie liefern, selbst im Stillstand.<\/p>\n\n\n\n<figure class=\"wp-block-image size-large\"><img loading=\"lazy\" decoding=\"async\" width=\"810\" height=\"540\" src=\"https:\/\/www.enzo-und-ferdinand.de\/wp-content\/uploads\/2025\/10\/Mercedes-Benz-Vision-Iconic-3-810x540.jpg\" alt=\"Mercedes-Benz Vision Iconic\" class=\"wp-image-21252\" srcset=\"https:\/\/www.enzo-und-ferdinand.de\/wp-content\/uploads\/2025\/10\/Mercedes-Benz-Vision-Iconic-3-810x540.jpg 810w, https:\/\/www.enzo-und-ferdinand.de\/wp-content\/uploads\/2025\/10\/Mercedes-Benz-Vision-Iconic-3-300x200.jpg 300w, https:\/\/www.enzo-und-ferdinand.de\/wp-content\/uploads\/2025\/10\/Mercedes-Benz-Vision-Iconic-3-768x512.jpg 768w, https:\/\/www.enzo-und-ferdinand.de\/wp-content\/uploads\/2025\/10\/Mercedes-Benz-Vision-Iconic-3-120x80.jpg 120w, https:\/\/www.enzo-und-ferdinand.de\/wp-content\/uploads\/2025\/10\/Mercedes-Benz-Vision-Iconic-3.jpg 1500w\" sizes=\"auto, (max-width: 810px) 100vw, 810px\" \/><\/figure>\n\n\n\n<p class=\"wp-block-paragraph\">Ein weiteres zentrales Element der Technik ist das neuromorphe Computing. Mercedes-Benz forscht gemeinsam mit Partnern an Rechnerarchitekturen, die das menschliche Gehirn nachahmen: Diese Systeme k\u00f6nnten KI-Berechnungen energieeffizienter, schneller und latenz\u00e4rmer gestalten. F\u00fcr autonomes Fahren und assistierte Systeme bedeutet dies eine m\u00f6gliche Reduktion des Energiebedarfs um bis zu 90 Prozent im Vergleich zu heutigen Architekturen. Im Vision Iconic w\u00fcrde diese Technologie das autonome Fahren der Stufe 4 erm\u00f6glichen: Der Fahrer kann nach dem Auffahren auf die Autobahn entspannen, schlafen oder Medien konsumieren, w\u00e4hrend das Fahrzeug vollst\u00e4ndig autonom f\u00e4hrt. Dank einer ausgefeilten Sensorarchitektur kann das Auto nach Ankunft selbst\u00e4ndig einparken.<\/p>\n\n\n\n<p class=\"wp-block-paragraph\">Steer-by-Wire erm\u00f6glicht eine rein elektrische Lenkansteuerung ohne mechanische Verbindung. In Kombination mit Hinterachslenkung soll dies Handling und Rangierf\u00e4higkeit verbessern. Das System senkt den Kraftaufwand beim Lenken, eliminiert das Umgreifen beim Parken und schafft mehr Freiheit im Innenraumdesign \u2013 etwa in Verbindung mit autonomen Systemen, wenn der Fahrer in entspannter Position sitzen kann.<\/p>\n\n\n\n<figure class=\"wp-block-image size-large\"><img loading=\"lazy\" decoding=\"async\" width=\"810\" height=\"541\" src=\"https:\/\/www.enzo-und-ferdinand.de\/wp-content\/uploads\/2025\/10\/Mercedes-Benz-Vision-Iconic-5-810x541.jpg\" alt=\"Mercedes-Benz Vision Iconic\" class=\"wp-image-21254\" srcset=\"https:\/\/www.enzo-und-ferdinand.de\/wp-content\/uploads\/2025\/10\/Mercedes-Benz-Vision-Iconic-5-810x541.jpg 810w, https:\/\/www.enzo-und-ferdinand.de\/wp-content\/uploads\/2025\/10\/Mercedes-Benz-Vision-Iconic-5-300x200.jpg 300w, https:\/\/www.enzo-und-ferdinand.de\/wp-content\/uploads\/2025\/10\/Mercedes-Benz-Vision-Iconic-5-768x513.jpg 768w, https:\/\/www.enzo-und-ferdinand.de\/wp-content\/uploads\/2025\/10\/Mercedes-Benz-Vision-Iconic-5-120x80.jpg 120w, https:\/\/www.enzo-und-ferdinand.de\/wp-content\/uploads\/2025\/10\/Mercedes-Benz-Vision-Iconic-5.jpg 1500w\" sizes=\"auto, (max-width: 810px) 100vw, 810px\" \/><\/figure>\n\n\n\n<p class=\"wp-block-paragraph\">Mercedes-Benz verfolgt mit dem Vision Iconic auch eine neue Rolle des Fahrzeuginnenraums: Er wird zur Lounge, zum R\u00fcckzugsraum, zu einem Ort, der Komfort und Technologie vereint. Technik ist dezent integriert, nicht dominierend. In Kombination mit autonomer Technologie und luxuri\u00f6ser Ausstattung markiert der Vision Iconic eine Vision, wie wir in k\u00fcnftigen Fahrzeugen reisen werden.<\/p>\n\n\n\n<p class=\"wp-block-paragraph\">Der Mercedes Vision Iconic dient als Symbol f\u00fcr die Vision einer automobilen \u00c4ra, in der Design, Technik und Luxus zu einer neuen in Verbindung finden.<\/p>\n\n\n\n<figure class=\"wp-block-gallery has-nested-images columns-default is-cropped wp-block-gallery-1 is-layout-flex wp-block-gallery-is-layout-flex\">\n<figure class=\"wp-block-image size-large\"><img loading=\"lazy\" decoding=\"async\" width=\"810\" height=\"541\" data-id=\"21248\" src=\"https:\/\/www.enzo-und-ferdinand.de\/wp-content\/uploads\/2025\/10\/Mercedes-Benz-Vision-Iconic-8-810x541.jpg\" alt=\"Mercedes-Benz Vision Iconic\" class=\"wp-image-21248\" srcset=\"https:\/\/www.enzo-und-ferdinand.de\/wp-content\/uploads\/2025\/10\/Mercedes-Benz-Vision-Iconic-8-810x541.jpg 810w, https:\/\/www.enzo-und-ferdinand.de\/wp-content\/uploads\/2025\/10\/Mercedes-Benz-Vision-Iconic-8-300x200.jpg 300w, https:\/\/www.enzo-und-ferdinand.de\/wp-content\/uploads\/2025\/10\/Mercedes-Benz-Vision-Iconic-8-768x513.jpg 768w, https:\/\/www.enzo-und-ferdinand.de\/wp-content\/uploads\/2025\/10\/Mercedes-Benz-Vision-Iconic-8-120x80.jpg 120w, https:\/\/www.enzo-und-ferdinand.de\/wp-content\/uploads\/2025\/10\/Mercedes-Benz-Vision-Iconic-8.jpg 1500w\" sizes=\"auto, (max-width: 810px) 100vw, 810px\" \/><\/figure>\n\n\n\n<figure class=\"wp-block-image size-large\"><img loading=\"lazy\" decoding=\"async\" width=\"810\" height=\"541\" data-id=\"21256\" src=\"https:\/\/www.enzo-und-ferdinand.de\/wp-content\/uploads\/2025\/10\/Mercedes-Benz-Vision-Iconic-7-810x541.jpg\" alt=\"Mercedes-Benz Vision Iconic\" class=\"wp-image-21256\" srcset=\"https:\/\/www.enzo-und-ferdinand.de\/wp-content\/uploads\/2025\/10\/Mercedes-Benz-Vision-Iconic-7-810x541.jpg 810w, https:\/\/www.enzo-und-ferdinand.de\/wp-content\/uploads\/2025\/10\/Mercedes-Benz-Vision-Iconic-7-300x200.jpg 300w, https:\/\/www.enzo-und-ferdinand.de\/wp-content\/uploads\/2025\/10\/Mercedes-Benz-Vision-Iconic-7-768x513.jpg 768w, https:\/\/www.enzo-und-ferdinand.de\/wp-content\/uploads\/2025\/10\/Mercedes-Benz-Vision-Iconic-7-120x80.jpg 120w, https:\/\/www.enzo-und-ferdinand.de\/wp-content\/uploads\/2025\/10\/Mercedes-Benz-Vision-Iconic-7.jpg 1500w\" sizes=\"auto, (max-width: 810px) 100vw, 810px\" \/><\/figure>\n\n\n\n<figure class=\"wp-block-image size-large\"><img loading=\"lazy\" decoding=\"async\" width=\"810\" height=\"541\" data-id=\"21249\" src=\"https:\/\/www.enzo-und-ferdinand.de\/wp-content\/uploads\/2025\/10\/Mercedes-Benz-Vision-Iconic-9-810x541.jpg\" alt=\"Mercedes-Benz Vision Iconic\" class=\"wp-image-21249\" srcset=\"https:\/\/www.enzo-und-ferdinand.de\/wp-content\/uploads\/2025\/10\/Mercedes-Benz-Vision-Iconic-9-810x541.jpg 810w, https:\/\/www.enzo-und-ferdinand.de\/wp-content\/uploads\/2025\/10\/Mercedes-Benz-Vision-Iconic-9-300x200.jpg 300w, https:\/\/www.enzo-und-ferdinand.de\/wp-content\/uploads\/2025\/10\/Mercedes-Benz-Vision-Iconic-9-768x513.jpg 768w, https:\/\/www.enzo-und-ferdinand.de\/wp-content\/uploads\/2025\/10\/Mercedes-Benz-Vision-Iconic-9-120x80.jpg 120w, https:\/\/www.enzo-und-ferdinand.de\/wp-content\/uploads\/2025\/10\/Mercedes-Benz-Vision-Iconic-9.jpg 1500w\" sizes=\"auto, (max-width: 810px) 100vw, 810px\" \/><\/figure>\n\n\n\n<figure class=\"wp-block-image size-large\"><img loading=\"lazy\" decoding=\"async\" width=\"683\" height=\"1024\" data-id=\"21255\" src=\"https:\/\/www.enzo-und-ferdinand.de\/wp-content\/uploads\/2025\/10\/Mercedes-Benz-Vision-Iconic-6-683x1024.jpg\" alt=\"Mercedes-Benz Vision Iconic\" class=\"wp-image-21255\" srcset=\"https:\/\/www.enzo-und-ferdinand.de\/wp-content\/uploads\/2025\/10\/Mercedes-Benz-Vision-Iconic-6-683x1024.jpg 683w, https:\/\/www.enzo-und-ferdinand.de\/wp-content\/uploads\/2025\/10\/Mercedes-Benz-Vision-Iconic-6-200x300.jpg 200w, https:\/\/www.enzo-und-ferdinand.de\/wp-content\/uploads\/2025\/10\/Mercedes-Benz-Vision-Iconic-6-768x1151.jpg 768w, https:\/\/www.enzo-und-ferdinand.de\/wp-content\/uploads\/2025\/10\/Mercedes-Benz-Vision-Iconic-6-1024x1536.jpg 1024w, https:\/\/www.enzo-und-ferdinand.de\/wp-content\/uploads\/2025\/10\/Mercedes-Benz-Vision-Iconic-6-1366x2048.jpg 1366w, https:\/\/www.enzo-und-ferdinand.de\/wp-content\/uploads\/2025\/10\/Mercedes-Benz-Vision-Iconic-6.jpg 1500w\" sizes=\"auto, (max-width: 683px) 100vw, 683px\" \/><\/figure>\n<\/figure>\n\n\n\n<p class=\"has-text-align-right has-small-font-size wp-block-paragraph\">Fotos: Mercedes-Benz\/Text: Rainer Ro\u00dfbach<\/p>\n","protected":false},"excerpt":{"rendered":"<p>Design, Innovation und Vision\u00a0 sind die Zutaten, aus denen Mercedes-Benz die Studie kombiniert hat. Dieses Konzeptfahrzeug verbindet neueste Technologien wie Solarlack, Level-4-Autonomie und neuromorphes Computing mit hyper-analoger Luxus\u00e4sthetik und markantem Chromgrill. Der Vision Iconic markiert den Schritt in eine neue Designsprache und er\u00f6ffnet Perspektiven f\u00fcr die Zukunft der Marke. Dabei ist das Showcar inspiriert von der Marken\u00adtradition und zugleich auf die Zukunft ausgerichtet: eine Synthese aus \u00e4sthetischem Anspruch und hochentwickelter Technik.\u00a0<\/p>\n","protected":false},"author":1,"featured_media":21250,"comment_status":"closed","ping_status":"open","sticky":false,"template":"","format":"standard","meta":{"_crdt_document":"","ngg_post_thumbnail":0,"footnotes":""},"categories":[4,586,24],"tags":[203],"class_list":["post-21257","post","type-post","status-publish","format-standard","has-post-thumbnail","hentry","category-studien","category-technologie","category-unikate","tag-mercedes"],"yoast_head":"<!-- This site is optimized with the Yoast SEO plugin v27.5 - https:\/\/yoast.com\/product\/yoast-seo-wordpress\/ -->\n<title>Mercedes-Benz \u201eVision Iconic\u201c: Eine neue Design\u00e4ra<\/title>\n<meta name=\"description\" content=\"Rainer Ro\u00dfbach, Rainer Rossbach, enzo-und-ferdinand, enzo&amp;ferdinand, Enzo, Mercedes Vision Iconic, Iconic Showcar, Mercedes-Benz Iconic, Solarlack, automatiertes Fahren Level 4, neuromorphes Computing, Mercedes ikonischer Grill, hyper-analoger Innenraum, Lounge-Komfort, Steer-by-Wire, autonome Parkfunktion, Capsule Collection, ICONIC DESIGN Buch, Art Deco Interieur, Hochglanzlack, Chromgrill, Leuchtender Stern, Design-Philosophie, Zukunftsvision Mercedes, Elektromobilit\u00e4t, Autonomes Fahren, KI im Auto, Fahrzeugdesign, Luxusinterieur, Sensorarchitektur Mercedes\" \/>\n<meta name=\"robots\" content=\"index, follow, max-snippet:-1, max-image-preview:large, max-video-preview:-1\" \/>\n<link rel=\"canonical\" href=\"https:\/\/www.enzo-und-ferdinand.de\/index.php\/2025\/10\/15\/mercedes-benz-vision-iconic-eine-neue-designaera\/\" \/>\n<meta property=\"og:locale\" content=\"de_DE\" \/>\n<meta property=\"og:type\" content=\"article\" \/>\n<meta property=\"og:title\" content=\"Mercedes-Benz \u201eVision Iconic\u201c: Eine neue Design\u00e4ra\" \/>\n<meta property=\"og:description\" content=\"Rainer Ro\u00dfbach, Rainer Rossbach, enzo-und-ferdinand, enzo&amp;ferdinand, Enzo, Mercedes Vision Iconic, Iconic Showcar, Mercedes-Benz Iconic, Solarlack, automatiertes Fahren Level 4, neuromorphes Computing, Mercedes ikonischer Grill, hyper-analoger Innenraum, Lounge-Komfort, Steer-by-Wire, autonome Parkfunktion, Capsule Collection, ICONIC DESIGN Buch, Art Deco Interieur, Hochglanzlack, Chromgrill, Leuchtender Stern, Design-Philosophie, Zukunftsvision Mercedes, Elektromobilit\u00e4t, Autonomes Fahren, KI im Auto, Fahrzeugdesign, Luxusinterieur, Sensorarchitektur Mercedes\" \/>\n<meta property=\"og:url\" content=\"https:\/\/www.enzo-und-ferdinand.de\/index.php\/2025\/10\/15\/mercedes-benz-vision-iconic-eine-neue-designaera\/\" \/>\n<meta property=\"og:site_name\" content=\"enzo &amp; Ferdinand\" \/>\n<meta property=\"article:published_time\" content=\"2025-10-15T06:39:37+00:00\" \/>\n<meta property=\"article:modified_time\" content=\"2025-10-15T06:39:39+00:00\" \/>\n<meta property=\"og:image\" content=\"https:\/\/www.enzo-und-ferdinand.de\/wp-content\/uploads\/2025\/10\/Mercedes-Benz-Vision-Iconic-1.jpg\" \/>\n\t<meta property=\"og:image:width\" content=\"1500\" \/>\n\t<meta property=\"og:image:height\" content=\"1000\" \/>\n\t<meta property=\"og:image:type\" content=\"image\/jpeg\" \/>\n<meta name=\"author\" content=\"Rainer Ro\u00dfbach\" \/>\n<meta name=\"twitter:card\" content=\"summary_large_image\" \/>\n<meta name=\"twitter:label1\" content=\"Verfasst von\" \/>\n\t<meta name=\"twitter:data1\" content=\"Rainer Ro\u00dfbach\" \/>\n\t<meta name=\"twitter:label2\" content=\"Gesch\u00e4tzte Lesezeit\" \/>\n\t<meta name=\"twitter:data2\" content=\"1\u00a0Minute\" \/>\n<script type=\"application\/ld+json\" class=\"yoast-schema-graph\">{\"@context\":\"https:\\\/\\\/schema.org\",\"@graph\":[{\"@type\":\"Article\",\"@id\":\"https:\\\/\\\/www.enzo-und-ferdinand.de\\\/index.php\\\/2025\\\/10\\\/15\\\/mercedes-benz-vision-iconic-eine-neue-designaera\\\/#article\",\"isPartOf\":{\"@id\":\"https:\\\/\\\/www.enzo-und-ferdinand.de\\\/index.php\\\/2025\\\/10\\\/15\\\/mercedes-benz-vision-iconic-eine-neue-designaera\\\/\"},\"author\":{\"name\":\"Rainer Ro\u00dfbach\",\"@id\":\"https:\\\/\\\/www.enzo-und-ferdinand.de\\\/#\\\/schema\\\/person\\\/aff2eb9ff87705987c1b9d21fe10b095\"},\"headline\":\"Mercedes-Benz \u201eVision Iconic\u201c: Eine neue Design\u00e4ra\",\"datePublished\":\"2025-10-15T06:39:37+00:00\",\"dateModified\":\"2025-10-15T06:39:39+00:00\",\"mainEntityOfPage\":{\"@id\":\"https:\\\/\\\/www.enzo-und-ferdinand.de\\\/index.php\\\/2025\\\/10\\\/15\\\/mercedes-benz-vision-iconic-eine-neue-designaera\\\/\"},\"wordCount\":599,\"publisher\":{\"@id\":\"https:\\\/\\\/www.enzo-und-ferdinand.de\\\/#organization\"},\"image\":{\"@id\":\"https:\\\/\\\/www.enzo-und-ferdinand.de\\\/index.php\\\/2025\\\/10\\\/15\\\/mercedes-benz-vision-iconic-eine-neue-designaera\\\/#primaryimage\"},\"thumbnailUrl\":\"https:\\\/\\\/www.enzo-und-ferdinand.de\\\/wp-content\\\/uploads\\\/2025\\\/10\\\/Mercedes-Benz-Vision-Iconic-1.jpg\",\"keywords\":[\"Mercedes\"],\"articleSection\":[\"Studien\",\"Technologie\",\"Unikate\"],\"inLanguage\":\"de\"},{\"@type\":\"WebPage\",\"@id\":\"https:\\\/\\\/www.enzo-und-ferdinand.de\\\/index.php\\\/2025\\\/10\\\/15\\\/mercedes-benz-vision-iconic-eine-neue-designaera\\\/\",\"url\":\"https:\\\/\\\/www.enzo-und-ferdinand.de\\\/index.php\\\/2025\\\/10\\\/15\\\/mercedes-benz-vision-iconic-eine-neue-designaera\\\/\",\"name\":\"Mercedes-Benz \u201eVision Iconic\u201c: Eine neue Design\u00e4ra\",\"isPartOf\":{\"@id\":\"https:\\\/\\\/www.enzo-und-ferdinand.de\\\/#website\"},\"primaryImageOfPage\":{\"@id\":\"https:\\\/\\\/www.enzo-und-ferdinand.de\\\/index.php\\\/2025\\\/10\\\/15\\\/mercedes-benz-vision-iconic-eine-neue-designaera\\\/#primaryimage\"},\"image\":{\"@id\":\"https:\\\/\\\/www.enzo-und-ferdinand.de\\\/index.php\\\/2025\\\/10\\\/15\\\/mercedes-benz-vision-iconic-eine-neue-designaera\\\/#primaryimage\"},\"thumbnailUrl\":\"https:\\\/\\\/www.enzo-und-ferdinand.de\\\/wp-content\\\/uploads\\\/2025\\\/10\\\/Mercedes-Benz-Vision-Iconic-1.jpg\",\"datePublished\":\"2025-10-15T06:39:37+00:00\",\"dateModified\":\"2025-10-15T06:39:39+00:00\",\"description\":\"Rainer Ro\u00dfbach, Rainer Rossbach, enzo-und-ferdinand, enzo&ferdinand, Enzo, Mercedes Vision Iconic, Iconic Showcar, Mercedes-Benz Iconic, Solarlack, automatiertes Fahren Level 4, neuromorphes Computing, Mercedes ikonischer Grill, hyper-analoger Innenraum, Lounge-Komfort, Steer-by-Wire, autonome Parkfunktion, Capsule Collection, ICONIC DESIGN Buch, Art Deco Interieur, Hochglanzlack, Chromgrill, Leuchtender Stern, Design-Philosophie, Zukunftsvision Mercedes, Elektromobilit\u00e4t, Autonomes Fahren, KI im Auto, Fahrzeugdesign, Luxusinterieur, Sensorarchitektur Mercedes\",\"breadcrumb\":{\"@id\":\"https:\\\/\\\/www.enzo-und-ferdinand.de\\\/index.php\\\/2025\\\/10\\\/15\\\/mercedes-benz-vision-iconic-eine-neue-designaera\\\/#breadcrumb\"},\"inLanguage\":\"de\",\"potentialAction\":[{\"@type\":\"ReadAction\",\"target\":[\"https:\\\/\\\/www.enzo-und-ferdinand.de\\\/index.php\\\/2025\\\/10\\\/15\\\/mercedes-benz-vision-iconic-eine-neue-designaera\\\/\"]}]},{\"@type\":\"ImageObject\",\"inLanguage\":\"de\",\"@id\":\"https:\\\/\\\/www.enzo-und-ferdinand.de\\\/index.php\\\/2025\\\/10\\\/15\\\/mercedes-benz-vision-iconic-eine-neue-designaera\\\/#primaryimage\",\"url\":\"https:\\\/\\\/www.enzo-und-ferdinand.de\\\/wp-content\\\/uploads\\\/2025\\\/10\\\/Mercedes-Benz-Vision-Iconic-1.jpg\",\"contentUrl\":\"https:\\\/\\\/www.enzo-und-ferdinand.de\\\/wp-content\\\/uploads\\\/2025\\\/10\\\/Mercedes-Benz-Vision-Iconic-1.jpg\",\"width\":1500,\"height\":1000,\"caption\":\"Mercedes-Benz Vision Iconic: Das skulpturale Exterieur in tiefschwarzer Hochglanzlackierung. Mercedes-Benz Vision Iconic: The sculptural exterior in deep black high-gloss finish.\"},{\"@type\":\"BreadcrumbList\",\"@id\":\"https:\\\/\\\/www.enzo-und-ferdinand.de\\\/index.php\\\/2025\\\/10\\\/15\\\/mercedes-benz-vision-iconic-eine-neue-designaera\\\/#breadcrumb\",\"itemListElement\":[{\"@type\":\"ListItem\",\"position\":1,\"name\":\"Startseite\",\"item\":\"https:\\\/\\\/www.enzo-und-ferdinand.de\\\/\"},{\"@type\":\"ListItem\",\"position\":2,\"name\":\"Mercedes-Benz \u201eVision Iconic\u201c: Eine neue Design\u00e4ra\"}]},{\"@type\":\"WebSite\",\"@id\":\"https:\\\/\\\/www.enzo-und-ferdinand.de\\\/#website\",\"url\":\"https:\\\/\\\/www.enzo-und-ferdinand.de\\\/\",\"name\":\"enzo & Ferdinand\",\"description\":\"\",\"publisher\":{\"@id\":\"https:\\\/\\\/www.enzo-und-ferdinand.de\\\/#organization\"},\"potentialAction\":[{\"@type\":\"SearchAction\",\"target\":{\"@type\":\"EntryPoint\",\"urlTemplate\":\"https:\\\/\\\/www.enzo-und-ferdinand.de\\\/?s={search_term_string}\"},\"query-input\":{\"@type\":\"PropertyValueSpecification\",\"valueRequired\":true,\"valueName\":\"search_term_string\"}}],\"inLanguage\":\"de\"},{\"@type\":\"Organization\",\"@id\":\"https:\\\/\\\/www.enzo-und-ferdinand.de\\\/#organization\",\"name\":\"enzo & Ferdinand\",\"url\":\"https:\\\/\\\/www.enzo-und-ferdinand.de\\\/\",\"logo\":{\"@type\":\"ImageObject\",\"inLanguage\":\"de\",\"@id\":\"https:\\\/\\\/www.enzo-und-ferdinand.de\\\/#\\\/schema\\\/logo\\\/image\\\/\",\"url\":\"https:\\\/\\\/www.enzo-und-ferdinand.de\\\/wp-content\\\/uploads\\\/2018\\\/12\\\/revvvs-icon.png\",\"contentUrl\":\"https:\\\/\\\/www.enzo-und-ferdinand.de\\\/wp-content\\\/uploads\\\/2018\\\/12\\\/revvvs-icon.png\",\"width\":512,\"height\":512,\"caption\":\"enzo & Ferdinand\"},\"image\":{\"@id\":\"https:\\\/\\\/www.enzo-und-ferdinand.de\\\/#\\\/schema\\\/logo\\\/image\\\/\"}},{\"@type\":\"Person\",\"@id\":\"https:\\\/\\\/www.enzo-und-ferdinand.de\\\/#\\\/schema\\\/person\\\/aff2eb9ff87705987c1b9d21fe10b095\",\"name\":\"Rainer Ro\u00dfbach\",\"image\":{\"@type\":\"ImageObject\",\"inLanguage\":\"de\",\"@id\":\"https:\\\/\\\/www.enzo-und-ferdinand.de\\\/wp-content\\\/uploads\\\/2026\\\/01\\\/Rainer-Rossbach-150x150.jpg\",\"url\":\"https:\\\/\\\/www.enzo-und-ferdinand.de\\\/wp-content\\\/uploads\\\/2026\\\/01\\\/Rainer-Rossbach-150x150.jpg\",\"contentUrl\":\"https:\\\/\\\/www.enzo-und-ferdinand.de\\\/wp-content\\\/uploads\\\/2026\\\/01\\\/Rainer-Rossbach-150x150.jpg\",\"caption\":\"Rainer Ro\u00dfbach\"},\"url\":\"https:\\\/\\\/www.enzo-und-ferdinand.de\\\/index.php\\\/author\\\/redaktion\\\/\"}]}<\/script>\n<!-- \/ Yoast SEO plugin. -->","yoast_head_json":{"title":"Mercedes-Benz \u201eVision Iconic\u201c: Eine neue Design\u00e4ra","description":"Rainer Ro\u00dfbach, Rainer Rossbach, enzo-und-ferdinand, enzo&ferdinand, Enzo, Mercedes Vision Iconic, Iconic Showcar, Mercedes-Benz Iconic, Solarlack, automatiertes Fahren Level 4, neuromorphes Computing, Mercedes ikonischer Grill, hyper-analoger Innenraum, Lounge-Komfort, Steer-by-Wire, autonome Parkfunktion, Capsule Collection, ICONIC DESIGN Buch, Art Deco Interieur, Hochglanzlack, Chromgrill, Leuchtender Stern, Design-Philosophie, Zukunftsvision Mercedes, Elektromobilit\u00e4t, Autonomes Fahren, KI im Auto, Fahrzeugdesign, Luxusinterieur, Sensorarchitektur Mercedes","robots":{"index":"index","follow":"follow","max-snippet":"max-snippet:-1","max-image-preview":"max-image-preview:large","max-video-preview":"max-video-preview:-1"},"canonical":"https:\/\/www.enzo-und-ferdinand.de\/index.php\/2025\/10\/15\/mercedes-benz-vision-iconic-eine-neue-designaera\/","og_locale":"de_DE","og_type":"article","og_title":"Mercedes-Benz \u201eVision Iconic\u201c: Eine neue Design\u00e4ra","og_description":"Rainer Ro\u00dfbach, Rainer Rossbach, enzo-und-ferdinand, enzo&ferdinand, Enzo, Mercedes Vision Iconic, Iconic Showcar, Mercedes-Benz Iconic, Solarlack, automatiertes Fahren Level 4, neuromorphes Computing, Mercedes ikonischer Grill, hyper-analoger Innenraum, Lounge-Komfort, Steer-by-Wire, autonome Parkfunktion, Capsule Collection, ICONIC DESIGN Buch, Art Deco Interieur, Hochglanzlack, Chromgrill, Leuchtender Stern, Design-Philosophie, Zukunftsvision Mercedes, Elektromobilit\u00e4t, Autonomes Fahren, KI im Auto, Fahrzeugdesign, Luxusinterieur, Sensorarchitektur Mercedes","og_url":"https:\/\/www.enzo-und-ferdinand.de\/index.php\/2025\/10\/15\/mercedes-benz-vision-iconic-eine-neue-designaera\/","og_site_name":"enzo &amp; Ferdinand","article_published_time":"2025-10-15T06:39:37+00:00","article_modified_time":"2025-10-15T06:39:39+00:00","og_image":[{"width":1500,"height":1000,"url":"https:\/\/www.enzo-und-ferdinand.de\/wp-content\/uploads\/2025\/10\/Mercedes-Benz-Vision-Iconic-1.jpg","type":"image\/jpeg"}],"author":"Rainer Ro\u00dfbach","twitter_card":"summary_large_image","twitter_misc":{"Verfasst von":"Rainer Ro\u00dfbach","Gesch\u00e4tzte Lesezeit":"1\u00a0Minute"},"schema":{"@context":"https:\/\/schema.org","@graph":[{"@type":"Article","@id":"https:\/\/www.enzo-und-ferdinand.de\/index.php\/2025\/10\/15\/mercedes-benz-vision-iconic-eine-neue-designaera\/#article","isPartOf":{"@id":"https:\/\/www.enzo-und-ferdinand.de\/index.php\/2025\/10\/15\/mercedes-benz-vision-iconic-eine-neue-designaera\/"},"author":{"name":"Rainer Ro\u00dfbach","@id":"https:\/\/www.enzo-und-ferdinand.de\/#\/schema\/person\/aff2eb9ff87705987c1b9d21fe10b095"},"headline":"Mercedes-Benz \u201eVision Iconic\u201c: Eine neue Design\u00e4ra","datePublished":"2025-10-15T06:39:37+00:00","dateModified":"2025-10-15T06:39:39+00:00","mainEntityOfPage":{"@id":"https:\/\/www.enzo-und-ferdinand.de\/index.php\/2025\/10\/15\/mercedes-benz-vision-iconic-eine-neue-designaera\/"},"wordCount":599,"publisher":{"@id":"https:\/\/www.enzo-und-ferdinand.de\/#organization"},"image":{"@id":"https:\/\/www.enzo-und-ferdinand.de\/index.php\/2025\/10\/15\/mercedes-benz-vision-iconic-eine-neue-designaera\/#primaryimage"},"thumbnailUrl":"https:\/\/www.enzo-und-ferdinand.de\/wp-content\/uploads\/2025\/10\/Mercedes-Benz-Vision-Iconic-1.jpg","keywords":["Mercedes"],"articleSection":["Studien","Technologie","Unikate"],"inLanguage":"de"},{"@type":"WebPage","@id":"https:\/\/www.enzo-und-ferdinand.de\/index.php\/2025\/10\/15\/mercedes-benz-vision-iconic-eine-neue-designaera\/","url":"https:\/\/www.enzo-und-ferdinand.de\/index.php\/2025\/10\/15\/mercedes-benz-vision-iconic-eine-neue-designaera\/","name":"Mercedes-Benz \u201eVision Iconic\u201c: Eine neue Design\u00e4ra","isPartOf":{"@id":"https:\/\/www.enzo-und-ferdinand.de\/#website"},"primaryImageOfPage":{"@id":"https:\/\/www.enzo-und-ferdinand.de\/index.php\/2025\/10\/15\/mercedes-benz-vision-iconic-eine-neue-designaera\/#primaryimage"},"image":{"@id":"https:\/\/www.enzo-und-ferdinand.de\/index.php\/2025\/10\/15\/mercedes-benz-vision-iconic-eine-neue-designaera\/#primaryimage"},"thumbnailUrl":"https:\/\/www.enzo-und-ferdinand.de\/wp-content\/uploads\/2025\/10\/Mercedes-Benz-Vision-Iconic-1.jpg","datePublished":"2025-10-15T06:39:37+00:00","dateModified":"2025-10-15T06:39:39+00:00","description":"Rainer Ro\u00dfbach, Rainer Rossbach, enzo-und-ferdinand, enzo&ferdinand, Enzo, Mercedes Vision Iconic, Iconic Showcar, Mercedes-Benz Iconic, Solarlack, automatiertes Fahren Level 4, neuromorphes Computing, Mercedes ikonischer Grill, hyper-analoger Innenraum, Lounge-Komfort, Steer-by-Wire, autonome Parkfunktion, Capsule Collection, ICONIC DESIGN Buch, Art Deco Interieur, Hochglanzlack, Chromgrill, Leuchtender Stern, Design-Philosophie, Zukunftsvision Mercedes, Elektromobilit\u00e4t, Autonomes Fahren, KI im Auto, Fahrzeugdesign, Luxusinterieur, Sensorarchitektur Mercedes","breadcrumb":{"@id":"https:\/\/www.enzo-und-ferdinand.de\/index.php\/2025\/10\/15\/mercedes-benz-vision-iconic-eine-neue-designaera\/#breadcrumb"},"inLanguage":"de","potentialAction":[{"@type":"ReadAction","target":["https:\/\/www.enzo-und-ferdinand.de\/index.php\/2025\/10\/15\/mercedes-benz-vision-iconic-eine-neue-designaera\/"]}]},{"@type":"ImageObject","inLanguage":"de","@id":"https:\/\/www.enzo-und-ferdinand.de\/index.php\/2025\/10\/15\/mercedes-benz-vision-iconic-eine-neue-designaera\/#primaryimage","url":"https:\/\/www.enzo-und-ferdinand.de\/wp-content\/uploads\/2025\/10\/Mercedes-Benz-Vision-Iconic-1.jpg","contentUrl":"https:\/\/www.enzo-und-ferdinand.de\/wp-content\/uploads\/2025\/10\/Mercedes-Benz-Vision-Iconic-1.jpg","width":1500,"height":1000,"caption":"Mercedes-Benz Vision Iconic: Das skulpturale Exterieur in tiefschwarzer Hochglanzlackierung. Mercedes-Benz Vision Iconic: The sculptural exterior in deep black high-gloss finish."},{"@type":"BreadcrumbList","@id":"https:\/\/www.enzo-und-ferdinand.de\/index.php\/2025\/10\/15\/mercedes-benz-vision-iconic-eine-neue-designaera\/#breadcrumb","itemListElement":[{"@type":"ListItem","position":1,"name":"Startseite","item":"https:\/\/www.enzo-und-ferdinand.de\/"},{"@type":"ListItem","position":2,"name":"Mercedes-Benz \u201eVision Iconic\u201c: Eine neue Design\u00e4ra"}]},{"@type":"WebSite","@id":"https:\/\/www.enzo-und-ferdinand.de\/#website","url":"https:\/\/www.enzo-und-ferdinand.de\/","name":"enzo & Ferdinand","description":"","publisher":{"@id":"https:\/\/www.enzo-und-ferdinand.de\/#organization"},"potentialAction":[{"@type":"SearchAction","target":{"@type":"EntryPoint","urlTemplate":"https:\/\/www.enzo-und-ferdinand.de\/?s={search_term_string}"},"query-input":{"@type":"PropertyValueSpecification","valueRequired":true,"valueName":"search_term_string"}}],"inLanguage":"de"},{"@type":"Organization","@id":"https:\/\/www.enzo-und-ferdinand.de\/#organization","name":"enzo & Ferdinand","url":"https:\/\/www.enzo-und-ferdinand.de\/","logo":{"@type":"ImageObject","inLanguage":"de","@id":"https:\/\/www.enzo-und-ferdinand.de\/#\/schema\/logo\/image\/","url":"https:\/\/www.enzo-und-ferdinand.de\/wp-content\/uploads\/2018\/12\/revvvs-icon.png","contentUrl":"https:\/\/www.enzo-und-ferdinand.de\/wp-content\/uploads\/2018\/12\/revvvs-icon.png","width":512,"height":512,"caption":"enzo & Ferdinand"},"image":{"@id":"https:\/\/www.enzo-und-ferdinand.de\/#\/schema\/logo\/image\/"}},{"@type":"Person","@id":"https:\/\/www.enzo-und-ferdinand.de\/#\/schema\/person\/aff2eb9ff87705987c1b9d21fe10b095","name":"Rainer Ro\u00dfbach","image":{"@type":"ImageObject","inLanguage":"de","@id":"https:\/\/www.enzo-und-ferdinand.de\/wp-content\/uploads\/2026\/01\/Rainer-Rossbach-150x150.jpg","url":"https:\/\/www.enzo-und-ferdinand.de\/wp-content\/uploads\/2026\/01\/Rainer-Rossbach-150x150.jpg","contentUrl":"https:\/\/www.enzo-und-ferdinand.de\/wp-content\/uploads\/2026\/01\/Rainer-Rossbach-150x150.jpg","caption":"Rainer Ro\u00dfbach"},"url":"https:\/\/www.enzo-und-ferdinand.de\/index.php\/author\/redaktion\/"}]}},"_links":{"self":[{"href":"https:\/\/www.enzo-und-ferdinand.de\/index.php\/wp-json\/wp\/v2\/posts\/21257","targetHints":{"allow":["GET"]}}],"collection":[{"href":"https:\/\/www.enzo-und-ferdinand.de\/index.php\/wp-json\/wp\/v2\/posts"}],"about":[{"href":"https:\/\/www.enzo-und-ferdinand.de\/index.php\/wp-json\/wp\/v2\/types\/post"}],"author":[{"embeddable":true,"href":"https:\/\/www.enzo-und-ferdinand.de\/index.php\/wp-json\/wp\/v2\/users\/1"}],"replies":[{"embeddable":true,"href":"https:\/\/www.enzo-und-ferdinand.de\/index.php\/wp-json\/wp\/v2\/comments?post=21257"}],"version-history":[{"count":3,"href":"https:\/\/www.enzo-und-ferdinand.de\/index.php\/wp-json\/wp\/v2\/posts\/21257\/revisions"}],"predecessor-version":[{"id":21260,"href":"https:\/\/www.enzo-und-ferdinand.de\/index.php\/wp-json\/wp\/v2\/posts\/21257\/revisions\/21260"}],"wp:featuredmedia":[{"embeddable":true,"href":"https:\/\/www.enzo-und-ferdinand.de\/index.php\/wp-json\/wp\/v2\/media\/21250"}],"wp:attachment":[{"href":"https:\/\/www.enzo-und-ferdinand.de\/index.php\/wp-json\/wp\/v2\/media?parent=21257"}],"wp:term":[{"taxonomy":"category","embeddable":true,"href":"https:\/\/www.enzo-und-ferdinand.de\/index.php\/wp-json\/wp\/v2\/categories?post=21257"},{"taxonomy":"post_tag","embeddable":true,"href":"https:\/\/www.enzo-und-ferdinand.de\/index.php\/wp-json\/wp\/v2\/tags?post=21257"}],"curies":[{"name":"wp","href":"https:\/\/api.w.org\/{rel}","templated":true}]}}