{"id":21409,"date":"2025-10-27T06:14:06","date_gmt":"2025-10-27T05:14:06","guid":{"rendered":"https:\/\/www.enzo-und-ferdinand.de\/?p=21409"},"modified":"2026-02-19T09:32:24","modified_gmt":"2026-02-19T08:32:24","slug":"alpine-a290-rallye-elektro-rallye-fuer-kunden","status":"publish","type":"post","link":"https:\/\/www.enzo-und-ferdinand.de\/index.php\/2025\/10\/27\/alpine-a290-rallye-elektro-rallye-fuer-kunden\/","title":{"rendered":"Alpine A290 Rallye: Elektro-Rallye f\u00fcr Kunden"},"content":{"rendered":"\n<figure class=\"wp-block-image size-large\"><img loading=\"lazy\" decoding=\"async\" width=\"810\" height=\"540\" src=\"https:\/\/www.enzo-und-ferdinand.de\/wp-content\/uploads\/2025\/10\/Alpine-A290-Rallye-6-810x540.jpg\" alt=\"Alpine A290 Rallye \u00a9 DPPI Media\" class=\"wp-image-21407\" srcset=\"https:\/\/www.enzo-und-ferdinand.de\/wp-content\/uploads\/2025\/10\/Alpine-A290-Rallye-6-810x540.jpg 810w, https:\/\/www.enzo-und-ferdinand.de\/wp-content\/uploads\/2025\/10\/Alpine-A290-Rallye-6-300x200.jpg 300w, https:\/\/www.enzo-und-ferdinand.de\/wp-content\/uploads\/2025\/10\/Alpine-A290-Rallye-6-768x512.jpg 768w, https:\/\/www.enzo-und-ferdinand.de\/wp-content\/uploads\/2025\/10\/Alpine-A290-Rallye-6-120x80.jpg 120w, https:\/\/www.enzo-und-ferdinand.de\/wp-content\/uploads\/2025\/10\/Alpine-A290-Rallye-6.jpg 1500w\" sizes=\"auto, (max-width: 810px) 100vw, 810px\" \/><figcaption class=\"wp-element-caption\"><br><\/figcaption><\/figure>\n\n\n\n<p class=\"wp-block-paragraph\">Die Marke Alpine nutzt ihre im Motorsport verwurzelte DNA, um mit der neuen A290 Rallye den Einstieg in eine vollelektrische Kundensport\u00ad\u00e4ra zu markieren \u2013 ein Rennwagen, der technisch auf h\u00f6chstem Niveau arbeitet und gleichzeitig den Einstieg ins Rallye\u00adgeschehen erm\u00f6glicht. Die Alpine A290 Rallye entstand im Dezember 2023 mit dem Ziel, das erste vollelektrische Fahrzeug der Renault Group f\u00fcr den Kundensport zu entwickeln. Dabei arbeiteten die Ingenieurinnen und Ingenieure des Technik\u00adzentrums in Viry-Ch\u00e2tillon gemeinsam mit den Spezialisten der Werkstatt der Manufacture Alpine Dieppe Jean R\u00e9d\u00e9l\u00e9 in Dieppe. Die Idee war klar: Elektrofahrzeuge k\u00f6nnen auf verschiedenen Untergr\u00fcnden ebenso spannend sein wie herk\u00f6mmliche Rallye\u00adautos.<\/p>\n\n\n\n<p class=\"wp-block-paragraph\">Der Entwicklungs\u00adprozess war intensiv: Zun\u00e4chst wurden fahrdynamische Prognosen und das W\u00e4rmemanagement der Batterie simuliert. Darauf folgten Prototypen\u00adtests auf verschiedenen Untergr\u00fcnden \u2013 um Fahrwerk, Energier\u00fcckgewinnung und das ABS-System unter harten Bedingungen abzustimmen. Danach wurden \u00fcber 3.000 Kilometer reale Fahrbedingungen absolviert, um alle Details zu verfeinern und die Architektur auf ihre Robustheit zu pr\u00fcfen, bevor mit der Montage der ersten Kunden\u00admodelle begonnen wurde.<\/p>\n\n\n\n<p class=\"wp-block-paragraph\">Die A290 Rallye basiert auf dem Chassis der Serien-A290 und wurde von Alpine Racing spezifisch f\u00fcr Wettkampf\u00adeins\u00e4tze umgebaut. Beim Fahrwerk sorgen ALP Racing Suspension-D\u00e4mpfer f\u00fcr eine einstellbare H\u00f6he und gew\u00e4hrleisten optimale Fahrzeug\u00adkontrolle auf wechselnden Untergr\u00fcnden. Spezielle Achsschenkel erm\u00f6glichen die Einstellung des Sturzes, die Spur ist wie beim Serienmodell einstellbar. Federung und Stabilisatoren sind verst\u00e4rkt \u2013 ihre erh\u00f6hte Steifigkeit sichert auch bei extremen Rallye\u00adbedingungen eine stabile Fahrwerkslage.<\/p>\n\n\n\n<figure class=\"wp-block-image size-large\"><img loading=\"lazy\" decoding=\"async\" width=\"810\" height=\"540\" src=\"https:\/\/www.enzo-und-ferdinand.de\/wp-content\/uploads\/2025\/10\/Alpine-A290-Rallye-1-810x540.jpg\" alt=\"Alpine A290 Rallye \u00a9 DPPI Media\" class=\"wp-image-21403\" srcset=\"https:\/\/www.enzo-und-ferdinand.de\/wp-content\/uploads\/2025\/10\/Alpine-A290-Rallye-1-810x540.jpg 810w, https:\/\/www.enzo-und-ferdinand.de\/wp-content\/uploads\/2025\/10\/Alpine-A290-Rallye-1-300x200.jpg 300w, https:\/\/www.enzo-und-ferdinand.de\/wp-content\/uploads\/2025\/10\/Alpine-A290-Rallye-1-768x512.jpg 768w, https:\/\/www.enzo-und-ferdinand.de\/wp-content\/uploads\/2025\/10\/Alpine-A290-Rallye-1-120x80.jpg 120w, https:\/\/www.enzo-und-ferdinand.de\/wp-content\/uploads\/2025\/10\/Alpine-A290-Rallye-1.jpg 1500w\" sizes=\"auto, (max-width: 810px) 100vw, 810px\" \/><\/figure>\n\n\n\n<p class=\"wp-block-paragraph\">Beim Brems\u00adsystem wurde vorne eine Sechs-Kolben-Monoblock-Bremsanlage mit 350 mm Bremsscheiben verbaut, hinten Ein-Kolben-S\u00e4ttel mit 280 mm Scheiben \u2013 s\u00e4mtliche Komponenten arbeiten mit einer eigens von Alpine Racing entwickelten ABS-Steuerung. Eine hydraulische Hand\u00adbremse rundet das fahrerorientierte Handling ab.<\/p>\n\n\n\n<p class=\"wp-block-paragraph\">Der Antrieb liefert 220 PS (160 kW) und 300 Nm Drehmoment \u2013 die Kraft wird \u00fcber ein Sperr\u00addifferenzial von ZF an die Vorder\u00adachse geleitet. Getriebe und das elektronische Antriebs\u00admanagement wurden f\u00fcr die Renn\u00adversion aktualisiert, w\u00e4hrend die Energier\u00fcckgewinnung standardisiert bleibt, um das Sperr\u00addifferenzial optimal nutzen zu k\u00f6nnen. Die Batterie bietet eine Lade\u00adleistung von bis zu 100 kW \u2013 von 20 % auf 80 % soll sie in unter 28 Minuten geladen sein, weniger Zeit als eine Fahrt zum Service\u00adpark. <\/p>\n\n\n\n<p class=\"wp-block-paragraph\">Mit Abmessungen, die f\u00fcr Rallye-Eins\u00e4tze im Stil von Rally2 geeignet sind, f\u00e4hrt die A290 Rallye auf 8\u00d718\u2033 EVO Corse-Felgen in Wei\u00df, best\u00fcckt mit Michelin Pilot Sport A-Reifen.\u00a0<\/p>\n\n\n\n<figure class=\"wp-block-image size-large\"><img loading=\"lazy\" decoding=\"async\" width=\"810\" height=\"540\" src=\"https:\/\/www.enzo-und-ferdinand.de\/wp-content\/uploads\/2025\/10\/Alpine-A290-Rallye-5-810x540.jpg\" alt=\"Alpine A290 Rallye \u00a9 DPPI Media\" class=\"wp-image-21406\" srcset=\"https:\/\/www.enzo-und-ferdinand.de\/wp-content\/uploads\/2025\/10\/Alpine-A290-Rallye-5-810x540.jpg 810w, https:\/\/www.enzo-und-ferdinand.de\/wp-content\/uploads\/2025\/10\/Alpine-A290-Rallye-5-300x200.jpg 300w, https:\/\/www.enzo-und-ferdinand.de\/wp-content\/uploads\/2025\/10\/Alpine-A290-Rallye-5-768x512.jpg 768w, https:\/\/www.enzo-und-ferdinand.de\/wp-content\/uploads\/2025\/10\/Alpine-A290-Rallye-5-120x80.jpg 120w, https:\/\/www.enzo-und-ferdinand.de\/wp-content\/uploads\/2025\/10\/Alpine-A290-Rallye-5.jpg 1500w\" sizes=\"auto, (max-width: 810px) 100vw, 810px\" \/><\/figure>\n\n\n\n<p class=\"wp-block-paragraph\">Sicherheit wird nach den aktuellen eRally5-FIA-Vorschriften gro\u00dfgeschrieben: Beim Produktions\u00adstart wird in der Manufacture Alpine Dieppe Jean R\u00e9d\u00e9l\u00e9 ein \u00dcberrollk\u00e4fig eingeschwei\u00dft, die Struktur ist verst\u00e4rkt und bietet Ankerpunkte vergleichbar mit einem Rally3-Fahrzeug. Ausgestattet ist das Rennfertige Modell mit einem Sabelt Spine-Schalensitz mit zehnj\u00e4hriger Homologation, einem Sechs\u00adpunkt\u00adgurt, automatischem Feuer\u00adl\u00f6scher und externen Licht\u00adsignalen, die im Falle eines Unfalls Strecken\u00adposten und Zuschauer warnen. Zus\u00e4tzlich sorgt ein spezielles Soundsystem daf\u00fcr, dass das Ger\u00e4usch mit Geschwindigkeit und Gaspedalstellung korreliert.<\/p>\n\n\n\n<p class=\"wp-block-paragraph\">Der Innenraum ist auf Performance und Fahrer\u00adspa\u00df ausgelegt. Vom Sabelt-Schalensitz aus blickt der Fahrer auf ein digitales Display und alle wesentlichen Bedienelemente. Pedale und Lenks\u00e4ule sind verstellbar, sodass Fahrerinnen und Fahrer aller Gr\u00f6\u00dfen eine optimale Fahrposition einnehmen k\u00f6nnen. Die Klimaanlage bleibt erhalten und k\u00fchlt nicht nur das Cockpit, sondern auch Batterie und Antrieb \u2013 mit klarer Priorit\u00e4t f\u00fcr letztere.<\/p>\n\n\n\n<p class=\"wp-block-paragraph\">Die neue A290 Rallye ist damit nicht nur ein Sonder\u00admodell, sondern ein vollwertiger Rallye\u00adwagen und ein attraktives Einstiegs\u00admodell f\u00fcr den Kundensport falls es in Zukunft die passenden Wettbewerbe gibt. Mit einem Einstiegspreis von 59.990 Euro netto wird sie als erschwingliche Wettbewerbs\u00admaschine angeboten.<\/p>\n\n\n\n<figure class=\"wp-block-gallery has-nested-images columns-default is-cropped wp-block-gallery-1 is-layout-flex wp-block-gallery-is-layout-flex\">\n<figure class=\"wp-block-image size-large\"><img loading=\"lazy\" decoding=\"async\" width=\"810\" height=\"540\" data-id=\"21405\" src=\"https:\/\/www.enzo-und-ferdinand.de\/wp-content\/uploads\/2025\/10\/Alpine-A290-Rallye-4-810x540.jpg\" alt=\"Alpine A290 Rallye \u00a9 DPPI Media\" class=\"wp-image-21405\" srcset=\"https:\/\/www.enzo-und-ferdinand.de\/wp-content\/uploads\/2025\/10\/Alpine-A290-Rallye-4-810x540.jpg 810w, https:\/\/www.enzo-und-ferdinand.de\/wp-content\/uploads\/2025\/10\/Alpine-A290-Rallye-4-300x200.jpg 300w, https:\/\/www.enzo-und-ferdinand.de\/wp-content\/uploads\/2025\/10\/Alpine-A290-Rallye-4-768x512.jpg 768w, https:\/\/www.enzo-und-ferdinand.de\/wp-content\/uploads\/2025\/10\/Alpine-A290-Rallye-4-120x80.jpg 120w, https:\/\/www.enzo-und-ferdinand.de\/wp-content\/uploads\/2025\/10\/Alpine-A290-Rallye-4.jpg 1500w\" sizes=\"auto, (max-width: 810px) 100vw, 810px\" \/><\/figure>\n\n\n\n<figure class=\"wp-block-image size-large\"><img loading=\"lazy\" decoding=\"async\" width=\"810\" height=\"540\" data-id=\"21404\" src=\"https:\/\/www.enzo-und-ferdinand.de\/wp-content\/uploads\/2025\/10\/Alpine-A290-Rallye-3-810x540.jpg\" alt=\"Alpine A290 Rallye \u00a9 DPPI Media\" class=\"wp-image-21404\" srcset=\"https:\/\/www.enzo-und-ferdinand.de\/wp-content\/uploads\/2025\/10\/Alpine-A290-Rallye-3-810x540.jpg 810w, https:\/\/www.enzo-und-ferdinand.de\/wp-content\/uploads\/2025\/10\/Alpine-A290-Rallye-3-300x200.jpg 300w, https:\/\/www.enzo-und-ferdinand.de\/wp-content\/uploads\/2025\/10\/Alpine-A290-Rallye-3-768x512.jpg 768w, https:\/\/www.enzo-und-ferdinand.de\/wp-content\/uploads\/2025\/10\/Alpine-A290-Rallye-3-120x80.jpg 120w, https:\/\/www.enzo-und-ferdinand.de\/wp-content\/uploads\/2025\/10\/Alpine-A290-Rallye-3.jpg 1500w\" sizes=\"auto, (max-width: 810px) 100vw, 810px\" \/><\/figure>\n<\/figure>\n\n\n\n<p class=\"has-text-align-right has-small-font-size wp-block-paragraph\">Fotos: Alpine, \u00a9 DPPI Media\/Text: Rainer Ro\u00dfbach<\/p>\n\n\n\n<p class=\"wp-block-paragraph\"><\/p>\n","protected":false},"excerpt":{"rendered":"<p>Die Marke Alpine nutzt ihre im Motorsport verwurzelte DNA, um mit der neuen A290 Rallye den Einstieg in eine vollelektrische Kundensport\u00ad\u00e4ra zu markieren \u2013 ein Rennwagen, der technisch auf h\u00f6chstem Niveau arbeitet und gleichzeitig den Einstieg ins Rallye\u00adgeschehen erm\u00f6glicht. Die Alpine A290 Rallye entstand im Dezember 2023 mit dem Ziel, das erste vollelektrische Fahrzeug der Renault Group f\u00fcr den Kundensport zu entwickeln. Dabei arbeiteten die Ingenieurinnen und Ingenieure des Technik\u00adzentrums in Viry-Ch\u00e2tillon gemeinsam mit den Spezialisten der Werkstatt der Manufacture Alpine Dieppe Jean R\u00e9d\u00e9l\u00e9 in Dieppe. Die Idee war klar: Elektrofahrzeuge k\u00f6nnen auf verschiedenen Untergr\u00fcnden ebenso spannend sein wie herk\u00f6mmliche Rallye\u00adautos.<\/p>\n","protected":false},"author":1,"featured_media":21408,"comment_status":"closed","ping_status":"open","sticky":false,"template":"","format":"standard","meta":{"_crdt_document":"","ngg_post_thumbnail":0,"footnotes":""},"categories":[681,5,586],"tags":[252,1557,1242],"class_list":["post-21409","post","type-post","status-publish","format-standard","has-post-thumbnail","hentry","category-elektro","category-rennsport","category-technologie","tag-alpine","tag-alpine-a290-rallye","tag-renault-5-turbo-3e"],"yoast_head":"<!-- This site is optimized with the Yoast SEO plugin v27.5 - https:\/\/yoast.com\/product\/yoast-seo-wordpress\/ -->\n<title>Alpine A290 Rallye: Elektro-Rallye f\u00fcr Kunden<\/title>\n<meta name=\"description\" content=\"Rainer Ro\u00dfbach, Rainer Rossbach, enzo-und-ferdinand, enzo&amp;ferdinand, Enzo, Alpine A290 Rallye, Alpine A290 Rallye 2025, Alpine A290 Rallye technische Daten, Alpine A290 Rallye Elektro, Alpine A290 Rallye Preis, Alpine A290 Rallye Kundensport, Alpine A290 Rallye Viry-Ch\u00e2tillon, Alpine A290 Rallye Dieppe, Alpine A290 Rallye Motorsport, Alpine A290 Elektromotor, Alpine A290 220 PS, Alpine A290 300 Nm, Alpine A290 ZF-Sperrdifferenzial, Alpine A290 Batterie 100 kW, Alpine A290 Ladezeit 20\u201380 %, Alpine A290 Fahrwerk, ALP Racing Suspension, Alpine A290 ABS-System, Alpine A290 Bremsanlage, 350 mm Bremsscheiben vorn, 280 mm Bremsscheiben hinten, hydraulische Handbremse, Michelin Pilot Sport A Reifen, EVO Corse Felgen 8x18, Alpine A290 Chassis\" \/>\n<meta name=\"robots\" content=\"index, follow, max-snippet:-1, max-image-preview:large, max-video-preview:-1\" \/>\n<link rel=\"canonical\" href=\"https:\/\/www.enzo-und-ferdinand.de\/index.php\/2025\/10\/27\/alpine-a290-rallye-elektro-rallye-fuer-kunden\/\" \/>\n<meta property=\"og:locale\" content=\"de_DE\" \/>\n<meta property=\"og:type\" content=\"article\" \/>\n<meta property=\"og:title\" content=\"Alpine A290 Rallye: Elektro-Rallye f\u00fcr Kunden\" \/>\n<meta property=\"og:description\" content=\"Rainer Ro\u00dfbach, Rainer Rossbach, enzo-und-ferdinand, enzo&amp;ferdinand, Enzo, Alpine A290 Rallye, Alpine A290 Rallye 2025, Alpine A290 Rallye technische Daten, Alpine A290 Rallye Elektro, Alpine A290 Rallye Preis, Alpine A290 Rallye Kundensport, Alpine A290 Rallye Viry-Ch\u00e2tillon, Alpine A290 Rallye Dieppe, Alpine A290 Rallye Motorsport, Alpine A290 Elektromotor, Alpine A290 220 PS, Alpine A290 300 Nm, Alpine A290 ZF-Sperrdifferenzial, Alpine A290 Batterie 100 kW, Alpine A290 Ladezeit 20\u201380 %, Alpine A290 Fahrwerk, ALP Racing Suspension, Alpine A290 ABS-System, Alpine A290 Bremsanlage, 350 mm Bremsscheiben vorn, 280 mm Bremsscheiben hinten, hydraulische Handbremse, Michelin Pilot Sport A Reifen, EVO Corse Felgen 8x18, Alpine A290 Chassis\" \/>\n<meta property=\"og:url\" content=\"https:\/\/www.enzo-und-ferdinand.de\/index.php\/2025\/10\/27\/alpine-a290-rallye-elektro-rallye-fuer-kunden\/\" \/>\n<meta property=\"og:site_name\" content=\"enzo &amp; Ferdinand\" \/>\n<meta property=\"article:published_time\" content=\"2025-10-27T05:14:06+00:00\" \/>\n<meta property=\"article:modified_time\" content=\"2026-02-19T08:32:24+00:00\" \/>\n<meta property=\"og:image\" content=\"https:\/\/www.enzo-und-ferdinand.de\/wp-content\/uploads\/2025\/10\/Alpine-A290-Rallye.jpg\" \/>\n\t<meta property=\"og:image:width\" content=\"1500\" \/>\n\t<meta property=\"og:image:height\" content=\"1000\" \/>\n\t<meta property=\"og:image:type\" content=\"image\/jpeg\" \/>\n<meta name=\"author\" content=\"Rainer Ro\u00dfbach\" \/>\n<meta name=\"twitter:card\" content=\"summary_large_image\" \/>\n<meta name=\"twitter:label1\" content=\"Verfasst von\" \/>\n\t<meta name=\"twitter:data1\" content=\"Rainer Ro\u00dfbach\" \/>\n\t<meta name=\"twitter:label2\" content=\"Gesch\u00e4tzte Lesezeit\" \/>\n\t<meta name=\"twitter:data2\" content=\"5\u00a0Minuten\" \/>\n<script type=\"application\/ld+json\" class=\"yoast-schema-graph\">{\"@context\":\"https:\\\/\\\/schema.org\",\"@graph\":[{\"@type\":\"Article\",\"@id\":\"https:\\\/\\\/www.enzo-und-ferdinand.de\\\/index.php\\\/2025\\\/10\\\/27\\\/alpine-a290-rallye-elektro-rallye-fuer-kunden\\\/#article\",\"isPartOf\":{\"@id\":\"https:\\\/\\\/www.enzo-und-ferdinand.de\\\/index.php\\\/2025\\\/10\\\/27\\\/alpine-a290-rallye-elektro-rallye-fuer-kunden\\\/\"},\"author\":{\"name\":\"Rainer Ro\u00dfbach\",\"@id\":\"https:\\\/\\\/www.enzo-und-ferdinand.de\\\/#\\\/schema\\\/person\\\/aff2eb9ff87705987c1b9d21fe10b095\"},\"headline\":\"Alpine A290 Rallye: Elektro-Rallye f\u00fcr Kunden\",\"datePublished\":\"2025-10-27T05:14:06+00:00\",\"dateModified\":\"2026-02-19T08:32:24+00:00\",\"mainEntityOfPage\":{\"@id\":\"https:\\\/\\\/www.enzo-und-ferdinand.de\\\/index.php\\\/2025\\\/10\\\/27\\\/alpine-a290-rallye-elektro-rallye-fuer-kunden\\\/\"},\"wordCount\":621,\"publisher\":{\"@id\":\"https:\\\/\\\/www.enzo-und-ferdinand.de\\\/#organization\"},\"image\":{\"@id\":\"https:\\\/\\\/www.enzo-und-ferdinand.de\\\/index.php\\\/2025\\\/10\\\/27\\\/alpine-a290-rallye-elektro-rallye-fuer-kunden\\\/#primaryimage\"},\"thumbnailUrl\":\"https:\\\/\\\/www.enzo-und-ferdinand.de\\\/wp-content\\\/uploads\\\/2025\\\/10\\\/Alpine-A290-Rallye.jpg\",\"keywords\":[\"Alpine\",\"Alpine A290 Rallye\",\"Renault 5 Turbo 3E\"],\"articleSection\":[\"Elektro\",\"Rennsport\",\"Technologie\"],\"inLanguage\":\"de\"},{\"@type\":\"WebPage\",\"@id\":\"https:\\\/\\\/www.enzo-und-ferdinand.de\\\/index.php\\\/2025\\\/10\\\/27\\\/alpine-a290-rallye-elektro-rallye-fuer-kunden\\\/\",\"url\":\"https:\\\/\\\/www.enzo-und-ferdinand.de\\\/index.php\\\/2025\\\/10\\\/27\\\/alpine-a290-rallye-elektro-rallye-fuer-kunden\\\/\",\"name\":\"Alpine A290 Rallye: Elektro-Rallye f\u00fcr Kunden\",\"isPartOf\":{\"@id\":\"https:\\\/\\\/www.enzo-und-ferdinand.de\\\/#website\"},\"primaryImageOfPage\":{\"@id\":\"https:\\\/\\\/www.enzo-und-ferdinand.de\\\/index.php\\\/2025\\\/10\\\/27\\\/alpine-a290-rallye-elektro-rallye-fuer-kunden\\\/#primaryimage\"},\"image\":{\"@id\":\"https:\\\/\\\/www.enzo-und-ferdinand.de\\\/index.php\\\/2025\\\/10\\\/27\\\/alpine-a290-rallye-elektro-rallye-fuer-kunden\\\/#primaryimage\"},\"thumbnailUrl\":\"https:\\\/\\\/www.enzo-und-ferdinand.de\\\/wp-content\\\/uploads\\\/2025\\\/10\\\/Alpine-A290-Rallye.jpg\",\"datePublished\":\"2025-10-27T05:14:06+00:00\",\"dateModified\":\"2026-02-19T08:32:24+00:00\",\"description\":\"Rainer Ro\u00dfbach, Rainer Rossbach, enzo-und-ferdinand, enzo&ferdinand, Enzo, Alpine A290 Rallye, Alpine A290 Rallye 2025, Alpine A290 Rallye technische Daten, Alpine A290 Rallye Elektro, Alpine A290 Rallye Preis, Alpine A290 Rallye Kundensport, Alpine A290 Rallye Viry-Ch\u00e2tillon, Alpine A290 Rallye Dieppe, Alpine A290 Rallye Motorsport, Alpine A290 Elektromotor, Alpine A290 220 PS, Alpine A290 300 Nm, Alpine A290 ZF-Sperrdifferenzial, Alpine A290 Batterie 100 kW, Alpine A290 Ladezeit 20\u201380 %, Alpine A290 Fahrwerk, ALP Racing Suspension, Alpine A290 ABS-System, Alpine A290 Bremsanlage, 350 mm Bremsscheiben vorn, 280 mm Bremsscheiben hinten, hydraulische Handbremse, Michelin Pilot Sport A Reifen, EVO Corse Felgen 8x18, Alpine A290 Chassis\",\"breadcrumb\":{\"@id\":\"https:\\\/\\\/www.enzo-und-ferdinand.de\\\/index.php\\\/2025\\\/10\\\/27\\\/alpine-a290-rallye-elektro-rallye-fuer-kunden\\\/#breadcrumb\"},\"inLanguage\":\"de\",\"potentialAction\":[{\"@type\":\"ReadAction\",\"target\":[\"https:\\\/\\\/www.enzo-und-ferdinand.de\\\/index.php\\\/2025\\\/10\\\/27\\\/alpine-a290-rallye-elektro-rallye-fuer-kunden\\\/\"]}]},{\"@type\":\"ImageObject\",\"inLanguage\":\"de\",\"@id\":\"https:\\\/\\\/www.enzo-und-ferdinand.de\\\/index.php\\\/2025\\\/10\\\/27\\\/alpine-a290-rallye-elektro-rallye-fuer-kunden\\\/#primaryimage\",\"url\":\"https:\\\/\\\/www.enzo-und-ferdinand.de\\\/wp-content\\\/uploads\\\/2025\\\/10\\\/Alpine-A290-Rallye.jpg\",\"contentUrl\":\"https:\\\/\\\/www.enzo-und-ferdinand.de\\\/wp-content\\\/uploads\\\/2025\\\/10\\\/Alpine-A290-Rallye.jpg\",\"width\":1500,\"height\":1000,\"caption\":\"Alpine A290 Rallye \u00a9 DPPI Media\"},{\"@type\":\"BreadcrumbList\",\"@id\":\"https:\\\/\\\/www.enzo-und-ferdinand.de\\\/index.php\\\/2025\\\/10\\\/27\\\/alpine-a290-rallye-elektro-rallye-fuer-kunden\\\/#breadcrumb\",\"itemListElement\":[{\"@type\":\"ListItem\",\"position\":1,\"name\":\"Startseite\",\"item\":\"https:\\\/\\\/www.enzo-und-ferdinand.de\\\/\"},{\"@type\":\"ListItem\",\"position\":2,\"name\":\"Alpine A290 Rallye: Elektro-Rallye f\u00fcr Kunden\"}]},{\"@type\":\"WebSite\",\"@id\":\"https:\\\/\\\/www.enzo-und-ferdinand.de\\\/#website\",\"url\":\"https:\\\/\\\/www.enzo-und-ferdinand.de\\\/\",\"name\":\"enzo & Ferdinand\",\"description\":\"\",\"publisher\":{\"@id\":\"https:\\\/\\\/www.enzo-und-ferdinand.de\\\/#organization\"},\"potentialAction\":[{\"@type\":\"SearchAction\",\"target\":{\"@type\":\"EntryPoint\",\"urlTemplate\":\"https:\\\/\\\/www.enzo-und-ferdinand.de\\\/?s={search_term_string}\"},\"query-input\":{\"@type\":\"PropertyValueSpecification\",\"valueRequired\":true,\"valueName\":\"search_term_string\"}}],\"inLanguage\":\"de\"},{\"@type\":\"Organization\",\"@id\":\"https:\\\/\\\/www.enzo-und-ferdinand.de\\\/#organization\",\"name\":\"enzo & Ferdinand\",\"url\":\"https:\\\/\\\/www.enzo-und-ferdinand.de\\\/\",\"logo\":{\"@type\":\"ImageObject\",\"inLanguage\":\"de\",\"@id\":\"https:\\\/\\\/www.enzo-und-ferdinand.de\\\/#\\\/schema\\\/logo\\\/image\\\/\",\"url\":\"https:\\\/\\\/www.enzo-und-ferdinand.de\\\/wp-content\\\/uploads\\\/2018\\\/12\\\/revvvs-icon.png\",\"contentUrl\":\"https:\\\/\\\/www.enzo-und-ferdinand.de\\\/wp-content\\\/uploads\\\/2018\\\/12\\\/revvvs-icon.png\",\"width\":512,\"height\":512,\"caption\":\"enzo & Ferdinand\"},\"image\":{\"@id\":\"https:\\\/\\\/www.enzo-und-ferdinand.de\\\/#\\\/schema\\\/logo\\\/image\\\/\"}},{\"@type\":\"Person\",\"@id\":\"https:\\\/\\\/www.enzo-und-ferdinand.de\\\/#\\\/schema\\\/person\\\/aff2eb9ff87705987c1b9d21fe10b095\",\"name\":\"Rainer Ro\u00dfbach\",\"image\":{\"@type\":\"ImageObject\",\"inLanguage\":\"de\",\"@id\":\"https:\\\/\\\/www.enzo-und-ferdinand.de\\\/wp-content\\\/uploads\\\/2026\\\/01\\\/Rainer-Rossbach-150x150.jpg\",\"url\":\"https:\\\/\\\/www.enzo-und-ferdinand.de\\\/wp-content\\\/uploads\\\/2026\\\/01\\\/Rainer-Rossbach-150x150.jpg\",\"contentUrl\":\"https:\\\/\\\/www.enzo-und-ferdinand.de\\\/wp-content\\\/uploads\\\/2026\\\/01\\\/Rainer-Rossbach-150x150.jpg\",\"caption\":\"Rainer Ro\u00dfbach\"},\"url\":\"https:\\\/\\\/www.enzo-und-ferdinand.de\\\/index.php\\\/author\\\/redaktion\\\/\"}]}<\/script>\n<!-- \/ Yoast SEO plugin. -->","yoast_head_json":{"title":"Alpine A290 Rallye: Elektro-Rallye f\u00fcr Kunden","description":"Rainer Ro\u00dfbach, Rainer Rossbach, enzo-und-ferdinand, enzo&ferdinand, Enzo, Alpine A290 Rallye, Alpine A290 Rallye 2025, Alpine A290 Rallye technische Daten, Alpine A290 Rallye Elektro, Alpine A290 Rallye Preis, Alpine A290 Rallye Kundensport, Alpine A290 Rallye Viry-Ch\u00e2tillon, Alpine A290 Rallye Dieppe, Alpine A290 Rallye Motorsport, Alpine A290 Elektromotor, Alpine A290 220 PS, Alpine A290 300 Nm, Alpine A290 ZF-Sperrdifferenzial, Alpine A290 Batterie 100 kW, Alpine A290 Ladezeit 20\u201380 %, Alpine A290 Fahrwerk, ALP Racing Suspension, Alpine A290 ABS-System, Alpine A290 Bremsanlage, 350 mm Bremsscheiben vorn, 280 mm Bremsscheiben hinten, hydraulische Handbremse, Michelin Pilot Sport A Reifen, EVO Corse Felgen 8x18, Alpine A290 Chassis","robots":{"index":"index","follow":"follow","max-snippet":"max-snippet:-1","max-image-preview":"max-image-preview:large","max-video-preview":"max-video-preview:-1"},"canonical":"https:\/\/www.enzo-und-ferdinand.de\/index.php\/2025\/10\/27\/alpine-a290-rallye-elektro-rallye-fuer-kunden\/","og_locale":"de_DE","og_type":"article","og_title":"Alpine A290 Rallye: Elektro-Rallye f\u00fcr Kunden","og_description":"Rainer Ro\u00dfbach, Rainer Rossbach, enzo-und-ferdinand, enzo&ferdinand, Enzo, Alpine A290 Rallye, Alpine A290 Rallye 2025, Alpine A290 Rallye technische Daten, Alpine A290 Rallye Elektro, Alpine A290 Rallye Preis, Alpine A290 Rallye Kundensport, Alpine A290 Rallye Viry-Ch\u00e2tillon, Alpine A290 Rallye Dieppe, Alpine A290 Rallye Motorsport, Alpine A290 Elektromotor, Alpine A290 220 PS, Alpine A290 300 Nm, Alpine A290 ZF-Sperrdifferenzial, Alpine A290 Batterie 100 kW, Alpine A290 Ladezeit 20\u201380 %, Alpine A290 Fahrwerk, ALP Racing Suspension, Alpine A290 ABS-System, Alpine A290 Bremsanlage, 350 mm Bremsscheiben vorn, 280 mm Bremsscheiben hinten, hydraulische Handbremse, Michelin Pilot Sport A Reifen, EVO Corse Felgen 8x18, Alpine A290 Chassis","og_url":"https:\/\/www.enzo-und-ferdinand.de\/index.php\/2025\/10\/27\/alpine-a290-rallye-elektro-rallye-fuer-kunden\/","og_site_name":"enzo &amp; Ferdinand","article_published_time":"2025-10-27T05:14:06+00:00","article_modified_time":"2026-02-19T08:32:24+00:00","og_image":[{"width":1500,"height":1000,"url":"https:\/\/www.enzo-und-ferdinand.de\/wp-content\/uploads\/2025\/10\/Alpine-A290-Rallye.jpg","type":"image\/jpeg"}],"author":"Rainer Ro\u00dfbach","twitter_card":"summary_large_image","twitter_misc":{"Verfasst von":"Rainer Ro\u00dfbach","Gesch\u00e4tzte Lesezeit":"5\u00a0Minuten"},"schema":{"@context":"https:\/\/schema.org","@graph":[{"@type":"Article","@id":"https:\/\/www.enzo-und-ferdinand.de\/index.php\/2025\/10\/27\/alpine-a290-rallye-elektro-rallye-fuer-kunden\/#article","isPartOf":{"@id":"https:\/\/www.enzo-und-ferdinand.de\/index.php\/2025\/10\/27\/alpine-a290-rallye-elektro-rallye-fuer-kunden\/"},"author":{"name":"Rainer Ro\u00dfbach","@id":"https:\/\/www.enzo-und-ferdinand.de\/#\/schema\/person\/aff2eb9ff87705987c1b9d21fe10b095"},"headline":"Alpine A290 Rallye: Elektro-Rallye f\u00fcr Kunden","datePublished":"2025-10-27T05:14:06+00:00","dateModified":"2026-02-19T08:32:24+00:00","mainEntityOfPage":{"@id":"https:\/\/www.enzo-und-ferdinand.de\/index.php\/2025\/10\/27\/alpine-a290-rallye-elektro-rallye-fuer-kunden\/"},"wordCount":621,"publisher":{"@id":"https:\/\/www.enzo-und-ferdinand.de\/#organization"},"image":{"@id":"https:\/\/www.enzo-und-ferdinand.de\/index.php\/2025\/10\/27\/alpine-a290-rallye-elektro-rallye-fuer-kunden\/#primaryimage"},"thumbnailUrl":"https:\/\/www.enzo-und-ferdinand.de\/wp-content\/uploads\/2025\/10\/Alpine-A290-Rallye.jpg","keywords":["Alpine","Alpine A290 Rallye","Renault 5 Turbo 3E"],"articleSection":["Elektro","Rennsport","Technologie"],"inLanguage":"de"},{"@type":"WebPage","@id":"https:\/\/www.enzo-und-ferdinand.de\/index.php\/2025\/10\/27\/alpine-a290-rallye-elektro-rallye-fuer-kunden\/","url":"https:\/\/www.enzo-und-ferdinand.de\/index.php\/2025\/10\/27\/alpine-a290-rallye-elektro-rallye-fuer-kunden\/","name":"Alpine A290 Rallye: Elektro-Rallye f\u00fcr Kunden","isPartOf":{"@id":"https:\/\/www.enzo-und-ferdinand.de\/#website"},"primaryImageOfPage":{"@id":"https:\/\/www.enzo-und-ferdinand.de\/index.php\/2025\/10\/27\/alpine-a290-rallye-elektro-rallye-fuer-kunden\/#primaryimage"},"image":{"@id":"https:\/\/www.enzo-und-ferdinand.de\/index.php\/2025\/10\/27\/alpine-a290-rallye-elektro-rallye-fuer-kunden\/#primaryimage"},"thumbnailUrl":"https:\/\/www.enzo-und-ferdinand.de\/wp-content\/uploads\/2025\/10\/Alpine-A290-Rallye.jpg","datePublished":"2025-10-27T05:14:06+00:00","dateModified":"2026-02-19T08:32:24+00:00","description":"Rainer Ro\u00dfbach, Rainer Rossbach, enzo-und-ferdinand, enzo&ferdinand, Enzo, Alpine A290 Rallye, Alpine A290 Rallye 2025, Alpine A290 Rallye technische Daten, Alpine A290 Rallye Elektro, Alpine A290 Rallye Preis, Alpine A290 Rallye Kundensport, Alpine A290 Rallye Viry-Ch\u00e2tillon, Alpine A290 Rallye Dieppe, Alpine A290 Rallye Motorsport, Alpine A290 Elektromotor, Alpine A290 220 PS, Alpine A290 300 Nm, Alpine A290 ZF-Sperrdifferenzial, Alpine A290 Batterie 100 kW, Alpine A290 Ladezeit 20\u201380 %, Alpine A290 Fahrwerk, ALP Racing Suspension, Alpine A290 ABS-System, Alpine A290 Bremsanlage, 350 mm Bremsscheiben vorn, 280 mm Bremsscheiben hinten, hydraulische Handbremse, Michelin Pilot Sport A Reifen, EVO Corse Felgen 8x18, Alpine A290 Chassis","breadcrumb":{"@id":"https:\/\/www.enzo-und-ferdinand.de\/index.php\/2025\/10\/27\/alpine-a290-rallye-elektro-rallye-fuer-kunden\/#breadcrumb"},"inLanguage":"de","potentialAction":[{"@type":"ReadAction","target":["https:\/\/www.enzo-und-ferdinand.de\/index.php\/2025\/10\/27\/alpine-a290-rallye-elektro-rallye-fuer-kunden\/"]}]},{"@type":"ImageObject","inLanguage":"de","@id":"https:\/\/www.enzo-und-ferdinand.de\/index.php\/2025\/10\/27\/alpine-a290-rallye-elektro-rallye-fuer-kunden\/#primaryimage","url":"https:\/\/www.enzo-und-ferdinand.de\/wp-content\/uploads\/2025\/10\/Alpine-A290-Rallye.jpg","contentUrl":"https:\/\/www.enzo-und-ferdinand.de\/wp-content\/uploads\/2025\/10\/Alpine-A290-Rallye.jpg","width":1500,"height":1000,"caption":"Alpine A290 Rallye \u00a9 DPPI Media"},{"@type":"BreadcrumbList","@id":"https:\/\/www.enzo-und-ferdinand.de\/index.php\/2025\/10\/27\/alpine-a290-rallye-elektro-rallye-fuer-kunden\/#breadcrumb","itemListElement":[{"@type":"ListItem","position":1,"name":"Startseite","item":"https:\/\/www.enzo-und-ferdinand.de\/"},{"@type":"ListItem","position":2,"name":"Alpine A290 Rallye: Elektro-Rallye f\u00fcr Kunden"}]},{"@type":"WebSite","@id":"https:\/\/www.enzo-und-ferdinand.de\/#website","url":"https:\/\/www.enzo-und-ferdinand.de\/","name":"enzo & Ferdinand","description":"","publisher":{"@id":"https:\/\/www.enzo-und-ferdinand.de\/#organization"},"potentialAction":[{"@type":"SearchAction","target":{"@type":"EntryPoint","urlTemplate":"https:\/\/www.enzo-und-ferdinand.de\/?s={search_term_string}"},"query-input":{"@type":"PropertyValueSpecification","valueRequired":true,"valueName":"search_term_string"}}],"inLanguage":"de"},{"@type":"Organization","@id":"https:\/\/www.enzo-und-ferdinand.de\/#organization","name":"enzo & Ferdinand","url":"https:\/\/www.enzo-und-ferdinand.de\/","logo":{"@type":"ImageObject","inLanguage":"de","@id":"https:\/\/www.enzo-und-ferdinand.de\/#\/schema\/logo\/image\/","url":"https:\/\/www.enzo-und-ferdinand.de\/wp-content\/uploads\/2018\/12\/revvvs-icon.png","contentUrl":"https:\/\/www.enzo-und-ferdinand.de\/wp-content\/uploads\/2018\/12\/revvvs-icon.png","width":512,"height":512,"caption":"enzo & Ferdinand"},"image":{"@id":"https:\/\/www.enzo-und-ferdinand.de\/#\/schema\/logo\/image\/"}},{"@type":"Person","@id":"https:\/\/www.enzo-und-ferdinand.de\/#\/schema\/person\/aff2eb9ff87705987c1b9d21fe10b095","name":"Rainer Ro\u00dfbach","image":{"@type":"ImageObject","inLanguage":"de","@id":"https:\/\/www.enzo-und-ferdinand.de\/wp-content\/uploads\/2026\/01\/Rainer-Rossbach-150x150.jpg","url":"https:\/\/www.enzo-und-ferdinand.de\/wp-content\/uploads\/2026\/01\/Rainer-Rossbach-150x150.jpg","contentUrl":"https:\/\/www.enzo-und-ferdinand.de\/wp-content\/uploads\/2026\/01\/Rainer-Rossbach-150x150.jpg","caption":"Rainer Ro\u00dfbach"},"url":"https:\/\/www.enzo-und-ferdinand.de\/index.php\/author\/redaktion\/"}]}},"_links":{"self":[{"href":"https:\/\/www.enzo-und-ferdinand.de\/index.php\/wp-json\/wp\/v2\/posts\/21409","targetHints":{"allow":["GET"]}}],"collection":[{"href":"https:\/\/www.enzo-und-ferdinand.de\/index.php\/wp-json\/wp\/v2\/posts"}],"about":[{"href":"https:\/\/www.enzo-und-ferdinand.de\/index.php\/wp-json\/wp\/v2\/types\/post"}],"author":[{"embeddable":true,"href":"https:\/\/www.enzo-und-ferdinand.de\/index.php\/wp-json\/wp\/v2\/users\/1"}],"replies":[{"embeddable":true,"href":"https:\/\/www.enzo-und-ferdinand.de\/index.php\/wp-json\/wp\/v2\/comments?post=21409"}],"version-history":[{"count":4,"href":"https:\/\/www.enzo-und-ferdinand.de\/index.php\/wp-json\/wp\/v2\/posts\/21409\/revisions"}],"predecessor-version":[{"id":21413,"href":"https:\/\/www.enzo-und-ferdinand.de\/index.php\/wp-json\/wp\/v2\/posts\/21409\/revisions\/21413"}],"wp:featuredmedia":[{"embeddable":true,"href":"https:\/\/www.enzo-und-ferdinand.de\/index.php\/wp-json\/wp\/v2\/media\/21408"}],"wp:attachment":[{"href":"https:\/\/www.enzo-und-ferdinand.de\/index.php\/wp-json\/wp\/v2\/media?parent=21409"}],"wp:term":[{"taxonomy":"category","embeddable":true,"href":"https:\/\/www.enzo-und-ferdinand.de\/index.php\/wp-json\/wp\/v2\/categories?post=21409"},{"taxonomy":"post_tag","embeddable":true,"href":"https:\/\/www.enzo-und-ferdinand.de\/index.php\/wp-json\/wp\/v2\/tags?post=21409"}],"curies":[{"name":"wp","href":"https:\/\/api.w.org\/{rel}","templated":true}]}}