{"id":21604,"date":"2025-11-24T06:34:44","date_gmt":"2025-11-24T05:34:44","guid":{"rendered":"https:\/\/www.enzo-und-ferdinand.de\/?p=21604"},"modified":"2025-11-24T06:34:46","modified_gmt":"2025-11-24T05:34:46","slug":"porsche-schaerft-den-gt3","status":"publish","type":"post","link":"https:\/\/www.enzo-und-ferdinand.de\/index.php\/2025\/11\/24\/porsche-schaerft-den-gt3\/","title":{"rendered":"Porsche sch\u00e4rft den GT3"},"content":{"rendered":"\n<figure class=\"wp-block-image size-large is-resized\"><img loading=\"lazy\" decoding=\"async\" width=\"810\" height=\"540\" src=\"https:\/\/www.enzo-und-ferdinand.de\/wp-content\/uploads\/2025\/11\/Porsche-GT3-Manthey-Kit-6-810x540.jpg\" alt=\"Porsche GT3 Manthey Kit\" class=\"wp-image-21598\" style=\"width:810px;height:auto\" srcset=\"https:\/\/www.enzo-und-ferdinand.de\/wp-content\/uploads\/2025\/11\/Porsche-GT3-Manthey-Kit-6-810x540.jpg 810w, https:\/\/www.enzo-und-ferdinand.de\/wp-content\/uploads\/2025\/11\/Porsche-GT3-Manthey-Kit-6-300x200.jpg 300w, https:\/\/www.enzo-und-ferdinand.de\/wp-content\/uploads\/2025\/11\/Porsche-GT3-Manthey-Kit-6-768x512.jpg 768w, https:\/\/www.enzo-und-ferdinand.de\/wp-content\/uploads\/2025\/11\/Porsche-GT3-Manthey-Kit-6-120x80.jpg 120w, https:\/\/www.enzo-und-ferdinand.de\/wp-content\/uploads\/2025\/11\/Porsche-GT3-Manthey-Kit-6.jpg 1500w\" sizes=\"auto, (max-width: 810px) 100vw, 810px\" \/><\/figure>\n\n\n\n<p class=\"wp-block-paragraph\">Mit dem neuen Manthey Kit hebt Porsche die Track-Performance des 911 GT3 (992.2) auf ein neues Niveau. Die in Weissach und Meuspath gemeinsam entwickelte L\u00f6sung richtet sich an Fahrer, die ihren GT3 regelm\u00e4\u00dfig auf Rennstrecken bewegen und maximale Pr\u00e4zision erwarten. Im Mittelpunkt steht eine deutlich \u00fcberarbeitete Aerodynamik, die den Gesamtabtrieb bei 285 km\/h auf bis zu 540 Kilogramm steigert. Verantwortlich daf\u00fcr sind ein vollst\u00e4ndig gegl\u00e4tteter Unterboden, verl\u00e4ngerte Turning Vanes, ein neu gestalteter Frontbereich sowie ein verbreiterter Heckfl\u00fcgel mit Gurney und vergr\u00f6\u00dferten Endplatten. Zusammen mit l\u00e4ngeren Diffusorfinnen und CFK-Aerodiscs an der Hinterachse entsteht ein besonders effizienter Luftstrom, der h\u00f6here Kurvengeschwindigkeiten ohne zus\u00e4tzlichen Luftwiderstand erm\u00f6glicht.<\/p>\n\n\n\n<figure class=\"wp-block-image size-large\"><img loading=\"lazy\" decoding=\"async\" width=\"810\" height=\"540\" src=\"https:\/\/www.enzo-und-ferdinand.de\/wp-content\/uploads\/2025\/11\/Porsche-GT3-Manthey-Kit-5-810x540.jpg\" alt=\"Porsche GT3 Manthey Kit\" class=\"wp-image-21599\" srcset=\"https:\/\/www.enzo-und-ferdinand.de\/wp-content\/uploads\/2025\/11\/Porsche-GT3-Manthey-Kit-5-810x540.jpg 810w, https:\/\/www.enzo-und-ferdinand.de\/wp-content\/uploads\/2025\/11\/Porsche-GT3-Manthey-Kit-5-300x200.jpg 300w, https:\/\/www.enzo-und-ferdinand.de\/wp-content\/uploads\/2025\/11\/Porsche-GT3-Manthey-Kit-5-768x512.jpg 768w, https:\/\/www.enzo-und-ferdinand.de\/wp-content\/uploads\/2025\/11\/Porsche-GT3-Manthey-Kit-5-120x80.jpg 120w, https:\/\/www.enzo-und-ferdinand.de\/wp-content\/uploads\/2025\/11\/Porsche-GT3-Manthey-Kit-5.jpg 1500w\" sizes=\"auto, (max-width: 810px) 100vw, 810px\" \/><\/figure>\n\n\n\n<p class=\"wp-block-paragraph\">Erg\u00e4nzend zur Aero-Optimierung erh\u00e4lt der 911 GT3 ein speziell entwickeltes Vier-Wege-Gewindefahrwerk. Es erlaubt eine werkzeuglose Einstellung von Zug- und Druckstufe und wurde mit leicht erh\u00f6hten Federraten an die h\u00f6heren Abtriebswerte angepasst. Das Resultat ist ein stabileres Fahrzeugverhalten im Grenzbereich, insbesondere beim \u00dcberfahren von Kerbs. Optional stehen neue Leichtbau-Schmieder\u00e4der zur Verf\u00fcgung, die das ungefederte Gewicht um sechs Kilogramm reduzieren. F\u00fcr noch pr\u00e4zisere Bremsmomente liefert das Kit einen Stahlflex-Bremsleitungssatz, optional erg\u00e4nzt durch spezielle Rennbremsbel\u00e4ge f\u00fcr PCCB-Systeme.&nbsp;<\/p>\n\n\n\n<p class=\"wp-block-paragraph\">Auf der N\u00fcrburgring-Nordschleife demonstrierte das Gesamtpaket sein Potenzial: DTM-Champion Ayhancan G\u00fcven fuhr eine offiziell beglaubigte Rundenzeit von 6:52,981 Minuten und war damit 2,76 Sekunden schneller als der 992.1 GT3 mit Manthey Kit \u2013 trotz teils feuchter Streckenabschnitte. Das Kit wird ab M\u00e4rz 2026 ab 41.911 Euro erh\u00e4ltlich sein, inklusive voller Werksgarantie.&nbsp;<\/p>\n\n\n\n<figure class=\"wp-block-gallery has-nested-images columns-2 is-cropped wp-block-gallery-1 is-layout-flex wp-block-gallery-is-layout-flex\">\n<figure class=\"wp-block-image size-large\"><img loading=\"lazy\" decoding=\"async\" width=\"810\" height=\"456\" data-id=\"21603\" src=\"https:\/\/www.enzo-und-ferdinand.de\/wp-content\/uploads\/2025\/11\/Porsche-GT3-Manthey-Kit-1-810x456.jpg\" alt=\"Porsche GT3 Manthey Kit\" class=\"wp-image-21603\" srcset=\"https:\/\/www.enzo-und-ferdinand.de\/wp-content\/uploads\/2025\/11\/Porsche-GT3-Manthey-Kit-1-810x456.jpg 810w, https:\/\/www.enzo-und-ferdinand.de\/wp-content\/uploads\/2025\/11\/Porsche-GT3-Manthey-Kit-1-300x169.jpg 300w, https:\/\/www.enzo-und-ferdinand.de\/wp-content\/uploads\/2025\/11\/Porsche-GT3-Manthey-Kit-1-768x432.jpg 768w, https:\/\/www.enzo-und-ferdinand.de\/wp-content\/uploads\/2025\/11\/Porsche-GT3-Manthey-Kit-1.jpg 1500w\" sizes=\"auto, (max-width: 810px) 100vw, 810px\" \/><\/figure>\n\n\n\n<figure class=\"wp-block-image size-large\"><img loading=\"lazy\" decoding=\"async\" width=\"810\" height=\"456\" data-id=\"21602\" src=\"https:\/\/www.enzo-und-ferdinand.de\/wp-content\/uploads\/2025\/11\/Porsche-GT3-Manthey-Kit-2-810x456.jpg\" alt=\"Porsche GT3 Manthey Kit\" class=\"wp-image-21602\" srcset=\"https:\/\/www.enzo-und-ferdinand.de\/wp-content\/uploads\/2025\/11\/Porsche-GT3-Manthey-Kit-2-810x456.jpg 810w, https:\/\/www.enzo-und-ferdinand.de\/wp-content\/uploads\/2025\/11\/Porsche-GT3-Manthey-Kit-2-300x169.jpg 300w, https:\/\/www.enzo-und-ferdinand.de\/wp-content\/uploads\/2025\/11\/Porsche-GT3-Manthey-Kit-2-768x432.jpg 768w, https:\/\/www.enzo-und-ferdinand.de\/wp-content\/uploads\/2025\/11\/Porsche-GT3-Manthey-Kit-2.jpg 1500w\" sizes=\"auto, (max-width: 810px) 100vw, 810px\" \/><\/figure>\n\n\n\n<figure class=\"wp-block-image size-large\"><img loading=\"lazy\" decoding=\"async\" width=\"810\" height=\"456\" data-id=\"21601\" src=\"https:\/\/www.enzo-und-ferdinand.de\/wp-content\/uploads\/2025\/11\/Porsche-GT3-Manthey-Kit-3-810x456.jpg\" alt=\"Porsche GT3 Manthey Kit\" class=\"wp-image-21601\" srcset=\"https:\/\/www.enzo-und-ferdinand.de\/wp-content\/uploads\/2025\/11\/Porsche-GT3-Manthey-Kit-3-810x456.jpg 810w, https:\/\/www.enzo-und-ferdinand.de\/wp-content\/uploads\/2025\/11\/Porsche-GT3-Manthey-Kit-3-300x169.jpg 300w, https:\/\/www.enzo-und-ferdinand.de\/wp-content\/uploads\/2025\/11\/Porsche-GT3-Manthey-Kit-3-768x433.jpg 768w, https:\/\/www.enzo-und-ferdinand.de\/wp-content\/uploads\/2025\/11\/Porsche-GT3-Manthey-Kit-3.jpg 1500w\" sizes=\"auto, (max-width: 810px) 100vw, 810px\" \/><\/figure>\n<\/figure>\n\n\n\n<p class=\"has-text-align-right wp-block-paragraph\">Fotos: Porsche\/Text: Rainer Ro\u00dfbach<\/p>\n","protected":false},"excerpt":{"rendered":"<p>Mit dem neuen Manthey Kit hebt Porsche die Track-Performance des 911 GT3 (992.2) auf ein neues Niveau. Die in Weissach und Meuspath gemeinsam entwickelte L\u00f6sung richtet sich an Fahrer, die ihren GT3 regelm\u00e4\u00dfig auf Rennstrecken bewegen und maximale Pr\u00e4zision erwarten. Im Mittelpunkt steht eine deutlich \u00fcberarbeitete Aerodynamik, die den Gesamtabtrieb bei 285 km\/h auf bis zu 540 Kilogramm steigert. Verantwortlich daf\u00fcr sind ein vollst\u00e4ndig gegl\u00e4tteter Unterboden, verl\u00e4ngerte Turning Vanes, ein neu gestalteter Frontbereich sowie ein verbreiterter Heckfl\u00fcgel mit Gurney und vergr\u00f6\u00dferten Endplatten. Zusammen mit l\u00e4ngeren Diffusorfinnen und CFK-Aerodiscs an der Hinterachse entsteht ein besonders effizienter Luftstrom, der h\u00f6here Kurvengeschwindigkeiten ohne zus\u00e4tzlichen Luftwiderstand erm\u00f6glicht.\u00a0<\/p>\n","protected":false},"author":1,"featured_media":21600,"comment_status":"closed","ping_status":"open","sticky":false,"template":"","format":"standard","meta":{"_crdt_document":"","ngg_post_thumbnail":0,"footnotes":""},"categories":[23,586],"tags":[1475,201],"class_list":["post-21604","post","type-post","status-publish","format-standard","has-post-thumbnail","hentry","category-performance","category-technologie","tag-manthey","tag-porsche"],"yoast_head":"<!-- This site is optimized with the Yoast SEO plugin v27.5 - https:\/\/yoast.com\/product\/yoast-seo-wordpress\/ -->\n<title>Porsche sch\u00e4rft den GT3<\/title>\n<meta name=\"description\" content=\"Rainer Ro\u00dfbach, Rainer Rossbach, enzo-und-ferdinand, enzo&amp;ferdinand, Enzo, Porsche 911 GT3 Manthey Kit, Porsche GT3 992.2, Manthey Racing, Porsche Aerodynamik, GT3 Trackday, Porsche Gewindefahrwerk, Porsche Nordschleife Zeit, Porsche Track Performance, 540 kg Abtrieb, CFK Aerodiscs, Porsche Weissach\" \/>\n<meta name=\"robots\" content=\"index, follow, max-snippet:-1, max-image-preview:large, max-video-preview:-1\" \/>\n<link rel=\"canonical\" href=\"https:\/\/www.enzo-und-ferdinand.de\/index.php\/2025\/11\/24\/porsche-schaerft-den-gt3\/\" \/>\n<meta property=\"og:locale\" content=\"de_DE\" \/>\n<meta property=\"og:type\" content=\"article\" \/>\n<meta property=\"og:title\" content=\"Porsche sch\u00e4rft den GT3\" \/>\n<meta property=\"og:description\" content=\"Rainer Ro\u00dfbach, Rainer Rossbach, enzo-und-ferdinand, enzo&amp;ferdinand, Enzo, Porsche 911 GT3 Manthey Kit, Porsche GT3 992.2, Manthey Racing, Porsche Aerodynamik, GT3 Trackday, Porsche Gewindefahrwerk, Porsche Nordschleife Zeit, Porsche Track Performance, 540 kg Abtrieb, CFK Aerodiscs, Porsche Weissach\" \/>\n<meta property=\"og:url\" content=\"https:\/\/www.enzo-und-ferdinand.de\/index.php\/2025\/11\/24\/porsche-schaerft-den-gt3\/\" \/>\n<meta property=\"og:site_name\" content=\"enzo &amp; Ferdinand\" \/>\n<meta property=\"article:published_time\" content=\"2025-11-24T05:34:44+00:00\" \/>\n<meta property=\"article:modified_time\" content=\"2025-11-24T05:34:46+00:00\" \/>\n<meta property=\"og:image\" content=\"https:\/\/www.enzo-und-ferdinand.de\/wp-content\/uploads\/2025\/11\/Porsche-GT3-Manthey-Kit-4.jpg\" \/>\n\t<meta property=\"og:image:width\" content=\"1500\" \/>\n\t<meta property=\"og:image:height\" content=\"1000\" \/>\n\t<meta property=\"og:image:type\" content=\"image\/jpeg\" \/>\n<meta name=\"author\" content=\"Rainer Ro\u00dfbach\" \/>\n<meta name=\"twitter:card\" content=\"summary_large_image\" \/>\n<meta name=\"twitter:label1\" content=\"Verfasst von\" \/>\n\t<meta name=\"twitter:data1\" content=\"Rainer Ro\u00dfbach\" \/>\n\t<meta name=\"twitter:label2\" content=\"Gesch\u00e4tzte Lesezeit\" \/>\n\t<meta name=\"twitter:data2\" content=\"1\u00a0Minute\" \/>\n<script type=\"application\/ld+json\" class=\"yoast-schema-graph\">{\"@context\":\"https:\\\/\\\/schema.org\",\"@graph\":[{\"@type\":\"Article\",\"@id\":\"https:\\\/\\\/www.enzo-und-ferdinand.de\\\/index.php\\\/2025\\\/11\\\/24\\\/porsche-schaerft-den-gt3\\\/#article\",\"isPartOf\":{\"@id\":\"https:\\\/\\\/www.enzo-und-ferdinand.de\\\/index.php\\\/2025\\\/11\\\/24\\\/porsche-schaerft-den-gt3\\\/\"},\"author\":{\"name\":\"Rainer Ro\u00dfbach\",\"@id\":\"https:\\\/\\\/www.enzo-und-ferdinand.de\\\/#\\\/schema\\\/person\\\/aff2eb9ff87705987c1b9d21fe10b095\"},\"headline\":\"Porsche sch\u00e4rft den GT3\",\"datePublished\":\"2025-11-24T05:34:44+00:00\",\"dateModified\":\"2025-11-24T05:34:46+00:00\",\"mainEntityOfPage\":{\"@id\":\"https:\\\/\\\/www.enzo-und-ferdinand.de\\\/index.php\\\/2025\\\/11\\\/24\\\/porsche-schaerft-den-gt3\\\/\"},\"wordCount\":259,\"publisher\":{\"@id\":\"https:\\\/\\\/www.enzo-und-ferdinand.de\\\/#organization\"},\"image\":{\"@id\":\"https:\\\/\\\/www.enzo-und-ferdinand.de\\\/index.php\\\/2025\\\/11\\\/24\\\/porsche-schaerft-den-gt3\\\/#primaryimage\"},\"thumbnailUrl\":\"https:\\\/\\\/www.enzo-und-ferdinand.de\\\/wp-content\\\/uploads\\\/2025\\\/11\\\/Porsche-GT3-Manthey-Kit-4.jpg\",\"keywords\":[\"Manthey\",\"Porsche\"],\"articleSection\":[\"Performance\",\"Technologie\"],\"inLanguage\":\"de\"},{\"@type\":\"WebPage\",\"@id\":\"https:\\\/\\\/www.enzo-und-ferdinand.de\\\/index.php\\\/2025\\\/11\\\/24\\\/porsche-schaerft-den-gt3\\\/\",\"url\":\"https:\\\/\\\/www.enzo-und-ferdinand.de\\\/index.php\\\/2025\\\/11\\\/24\\\/porsche-schaerft-den-gt3\\\/\",\"name\":\"Porsche sch\u00e4rft den GT3\",\"isPartOf\":{\"@id\":\"https:\\\/\\\/www.enzo-und-ferdinand.de\\\/#website\"},\"primaryImageOfPage\":{\"@id\":\"https:\\\/\\\/www.enzo-und-ferdinand.de\\\/index.php\\\/2025\\\/11\\\/24\\\/porsche-schaerft-den-gt3\\\/#primaryimage\"},\"image\":{\"@id\":\"https:\\\/\\\/www.enzo-und-ferdinand.de\\\/index.php\\\/2025\\\/11\\\/24\\\/porsche-schaerft-den-gt3\\\/#primaryimage\"},\"thumbnailUrl\":\"https:\\\/\\\/www.enzo-und-ferdinand.de\\\/wp-content\\\/uploads\\\/2025\\\/11\\\/Porsche-GT3-Manthey-Kit-4.jpg\",\"datePublished\":\"2025-11-24T05:34:44+00:00\",\"dateModified\":\"2025-11-24T05:34:46+00:00\",\"description\":\"Rainer Ro\u00dfbach, Rainer Rossbach, enzo-und-ferdinand, enzo&ferdinand, Enzo, Porsche 911 GT3 Manthey Kit, Porsche GT3 992.2, Manthey Racing, Porsche Aerodynamik, GT3 Trackday, Porsche Gewindefahrwerk, Porsche Nordschleife Zeit, Porsche Track Performance, 540 kg Abtrieb, CFK Aerodiscs, Porsche Weissach\",\"breadcrumb\":{\"@id\":\"https:\\\/\\\/www.enzo-und-ferdinand.de\\\/index.php\\\/2025\\\/11\\\/24\\\/porsche-schaerft-den-gt3\\\/#breadcrumb\"},\"inLanguage\":\"de\",\"potentialAction\":[{\"@type\":\"ReadAction\",\"target\":[\"https:\\\/\\\/www.enzo-und-ferdinand.de\\\/index.php\\\/2025\\\/11\\\/24\\\/porsche-schaerft-den-gt3\\\/\"]}]},{\"@type\":\"ImageObject\",\"inLanguage\":\"de\",\"@id\":\"https:\\\/\\\/www.enzo-und-ferdinand.de\\\/index.php\\\/2025\\\/11\\\/24\\\/porsche-schaerft-den-gt3\\\/#primaryimage\",\"url\":\"https:\\\/\\\/www.enzo-und-ferdinand.de\\\/wp-content\\\/uploads\\\/2025\\\/11\\\/Porsche-GT3-Manthey-Kit-4.jpg\",\"contentUrl\":\"https:\\\/\\\/www.enzo-und-ferdinand.de\\\/wp-content\\\/uploads\\\/2025\\\/11\\\/Porsche-GT3-Manthey-Kit-4.jpg\",\"width\":1500,\"height\":1000,\"caption\":\"Porsche GT3 Manthey Kit\"},{\"@type\":\"BreadcrumbList\",\"@id\":\"https:\\\/\\\/www.enzo-und-ferdinand.de\\\/index.php\\\/2025\\\/11\\\/24\\\/porsche-schaerft-den-gt3\\\/#breadcrumb\",\"itemListElement\":[{\"@type\":\"ListItem\",\"position\":1,\"name\":\"Startseite\",\"item\":\"https:\\\/\\\/www.enzo-und-ferdinand.de\\\/\"},{\"@type\":\"ListItem\",\"position\":2,\"name\":\"Porsche sch\u00e4rft den GT3\"}]},{\"@type\":\"WebSite\",\"@id\":\"https:\\\/\\\/www.enzo-und-ferdinand.de\\\/#website\",\"url\":\"https:\\\/\\\/www.enzo-und-ferdinand.de\\\/\",\"name\":\"enzo & Ferdinand\",\"description\":\"\",\"publisher\":{\"@id\":\"https:\\\/\\\/www.enzo-und-ferdinand.de\\\/#organization\"},\"potentialAction\":[{\"@type\":\"SearchAction\",\"target\":{\"@type\":\"EntryPoint\",\"urlTemplate\":\"https:\\\/\\\/www.enzo-und-ferdinand.de\\\/?s={search_term_string}\"},\"query-input\":{\"@type\":\"PropertyValueSpecification\",\"valueRequired\":true,\"valueName\":\"search_term_string\"}}],\"inLanguage\":\"de\"},{\"@type\":\"Organization\",\"@id\":\"https:\\\/\\\/www.enzo-und-ferdinand.de\\\/#organization\",\"name\":\"enzo & Ferdinand\",\"url\":\"https:\\\/\\\/www.enzo-und-ferdinand.de\\\/\",\"logo\":{\"@type\":\"ImageObject\",\"inLanguage\":\"de\",\"@id\":\"https:\\\/\\\/www.enzo-und-ferdinand.de\\\/#\\\/schema\\\/logo\\\/image\\\/\",\"url\":\"https:\\\/\\\/www.enzo-und-ferdinand.de\\\/wp-content\\\/uploads\\\/2018\\\/12\\\/revvvs-icon.png\",\"contentUrl\":\"https:\\\/\\\/www.enzo-und-ferdinand.de\\\/wp-content\\\/uploads\\\/2018\\\/12\\\/revvvs-icon.png\",\"width\":512,\"height\":512,\"caption\":\"enzo & Ferdinand\"},\"image\":{\"@id\":\"https:\\\/\\\/www.enzo-und-ferdinand.de\\\/#\\\/schema\\\/logo\\\/image\\\/\"}},{\"@type\":\"Person\",\"@id\":\"https:\\\/\\\/www.enzo-und-ferdinand.de\\\/#\\\/schema\\\/person\\\/aff2eb9ff87705987c1b9d21fe10b095\",\"name\":\"Rainer Ro\u00dfbach\",\"image\":{\"@type\":\"ImageObject\",\"inLanguage\":\"de\",\"@id\":\"https:\\\/\\\/www.enzo-und-ferdinand.de\\\/wp-content\\\/uploads\\\/2026\\\/01\\\/Rainer-Rossbach-150x150.jpg\",\"url\":\"https:\\\/\\\/www.enzo-und-ferdinand.de\\\/wp-content\\\/uploads\\\/2026\\\/01\\\/Rainer-Rossbach-150x150.jpg\",\"contentUrl\":\"https:\\\/\\\/www.enzo-und-ferdinand.de\\\/wp-content\\\/uploads\\\/2026\\\/01\\\/Rainer-Rossbach-150x150.jpg\",\"caption\":\"Rainer Ro\u00dfbach\"},\"url\":\"https:\\\/\\\/www.enzo-und-ferdinand.de\\\/index.php\\\/author\\\/redaktion\\\/\"}]}<\/script>\n<!-- \/ Yoast SEO plugin. -->","yoast_head_json":{"title":"Porsche sch\u00e4rft den GT3","description":"Rainer Ro\u00dfbach, Rainer Rossbach, enzo-und-ferdinand, enzo&ferdinand, Enzo, Porsche 911 GT3 Manthey Kit, Porsche GT3 992.2, Manthey Racing, Porsche Aerodynamik, GT3 Trackday, Porsche Gewindefahrwerk, Porsche Nordschleife Zeit, Porsche Track Performance, 540 kg Abtrieb, CFK Aerodiscs, Porsche Weissach","robots":{"index":"index","follow":"follow","max-snippet":"max-snippet:-1","max-image-preview":"max-image-preview:large","max-video-preview":"max-video-preview:-1"},"canonical":"https:\/\/www.enzo-und-ferdinand.de\/index.php\/2025\/11\/24\/porsche-schaerft-den-gt3\/","og_locale":"de_DE","og_type":"article","og_title":"Porsche sch\u00e4rft den GT3","og_description":"Rainer Ro\u00dfbach, Rainer Rossbach, enzo-und-ferdinand, enzo&ferdinand, Enzo, Porsche 911 GT3 Manthey Kit, Porsche GT3 992.2, Manthey Racing, Porsche Aerodynamik, GT3 Trackday, Porsche Gewindefahrwerk, Porsche Nordschleife Zeit, Porsche Track Performance, 540 kg Abtrieb, CFK Aerodiscs, Porsche Weissach","og_url":"https:\/\/www.enzo-und-ferdinand.de\/index.php\/2025\/11\/24\/porsche-schaerft-den-gt3\/","og_site_name":"enzo &amp; Ferdinand","article_published_time":"2025-11-24T05:34:44+00:00","article_modified_time":"2025-11-24T05:34:46+00:00","og_image":[{"width":1500,"height":1000,"url":"https:\/\/www.enzo-und-ferdinand.de\/wp-content\/uploads\/2025\/11\/Porsche-GT3-Manthey-Kit-4.jpg","type":"image\/jpeg"}],"author":"Rainer Ro\u00dfbach","twitter_card":"summary_large_image","twitter_misc":{"Verfasst von":"Rainer Ro\u00dfbach","Gesch\u00e4tzte Lesezeit":"1\u00a0Minute"},"schema":{"@context":"https:\/\/schema.org","@graph":[{"@type":"Article","@id":"https:\/\/www.enzo-und-ferdinand.de\/index.php\/2025\/11\/24\/porsche-schaerft-den-gt3\/#article","isPartOf":{"@id":"https:\/\/www.enzo-und-ferdinand.de\/index.php\/2025\/11\/24\/porsche-schaerft-den-gt3\/"},"author":{"name":"Rainer Ro\u00dfbach","@id":"https:\/\/www.enzo-und-ferdinand.de\/#\/schema\/person\/aff2eb9ff87705987c1b9d21fe10b095"},"headline":"Porsche sch\u00e4rft den GT3","datePublished":"2025-11-24T05:34:44+00:00","dateModified":"2025-11-24T05:34:46+00:00","mainEntityOfPage":{"@id":"https:\/\/www.enzo-und-ferdinand.de\/index.php\/2025\/11\/24\/porsche-schaerft-den-gt3\/"},"wordCount":259,"publisher":{"@id":"https:\/\/www.enzo-und-ferdinand.de\/#organization"},"image":{"@id":"https:\/\/www.enzo-und-ferdinand.de\/index.php\/2025\/11\/24\/porsche-schaerft-den-gt3\/#primaryimage"},"thumbnailUrl":"https:\/\/www.enzo-und-ferdinand.de\/wp-content\/uploads\/2025\/11\/Porsche-GT3-Manthey-Kit-4.jpg","keywords":["Manthey","Porsche"],"articleSection":["Performance","Technologie"],"inLanguage":"de"},{"@type":"WebPage","@id":"https:\/\/www.enzo-und-ferdinand.de\/index.php\/2025\/11\/24\/porsche-schaerft-den-gt3\/","url":"https:\/\/www.enzo-und-ferdinand.de\/index.php\/2025\/11\/24\/porsche-schaerft-den-gt3\/","name":"Porsche sch\u00e4rft den GT3","isPartOf":{"@id":"https:\/\/www.enzo-und-ferdinand.de\/#website"},"primaryImageOfPage":{"@id":"https:\/\/www.enzo-und-ferdinand.de\/index.php\/2025\/11\/24\/porsche-schaerft-den-gt3\/#primaryimage"},"image":{"@id":"https:\/\/www.enzo-und-ferdinand.de\/index.php\/2025\/11\/24\/porsche-schaerft-den-gt3\/#primaryimage"},"thumbnailUrl":"https:\/\/www.enzo-und-ferdinand.de\/wp-content\/uploads\/2025\/11\/Porsche-GT3-Manthey-Kit-4.jpg","datePublished":"2025-11-24T05:34:44+00:00","dateModified":"2025-11-24T05:34:46+00:00","description":"Rainer Ro\u00dfbach, Rainer Rossbach, enzo-und-ferdinand, enzo&ferdinand, Enzo, Porsche 911 GT3 Manthey Kit, Porsche GT3 992.2, Manthey Racing, Porsche Aerodynamik, GT3 Trackday, Porsche Gewindefahrwerk, Porsche Nordschleife Zeit, Porsche Track Performance, 540 kg Abtrieb, CFK Aerodiscs, Porsche Weissach","breadcrumb":{"@id":"https:\/\/www.enzo-und-ferdinand.de\/index.php\/2025\/11\/24\/porsche-schaerft-den-gt3\/#breadcrumb"},"inLanguage":"de","potentialAction":[{"@type":"ReadAction","target":["https:\/\/www.enzo-und-ferdinand.de\/index.php\/2025\/11\/24\/porsche-schaerft-den-gt3\/"]}]},{"@type":"ImageObject","inLanguage":"de","@id":"https:\/\/www.enzo-und-ferdinand.de\/index.php\/2025\/11\/24\/porsche-schaerft-den-gt3\/#primaryimage","url":"https:\/\/www.enzo-und-ferdinand.de\/wp-content\/uploads\/2025\/11\/Porsche-GT3-Manthey-Kit-4.jpg","contentUrl":"https:\/\/www.enzo-und-ferdinand.de\/wp-content\/uploads\/2025\/11\/Porsche-GT3-Manthey-Kit-4.jpg","width":1500,"height":1000,"caption":"Porsche GT3 Manthey Kit"},{"@type":"BreadcrumbList","@id":"https:\/\/www.enzo-und-ferdinand.de\/index.php\/2025\/11\/24\/porsche-schaerft-den-gt3\/#breadcrumb","itemListElement":[{"@type":"ListItem","position":1,"name":"Startseite","item":"https:\/\/www.enzo-und-ferdinand.de\/"},{"@type":"ListItem","position":2,"name":"Porsche sch\u00e4rft den GT3"}]},{"@type":"WebSite","@id":"https:\/\/www.enzo-und-ferdinand.de\/#website","url":"https:\/\/www.enzo-und-ferdinand.de\/","name":"enzo & Ferdinand","description":"","publisher":{"@id":"https:\/\/www.enzo-und-ferdinand.de\/#organization"},"potentialAction":[{"@type":"SearchAction","target":{"@type":"EntryPoint","urlTemplate":"https:\/\/www.enzo-und-ferdinand.de\/?s={search_term_string}"},"query-input":{"@type":"PropertyValueSpecification","valueRequired":true,"valueName":"search_term_string"}}],"inLanguage":"de"},{"@type":"Organization","@id":"https:\/\/www.enzo-und-ferdinand.de\/#organization","name":"enzo & Ferdinand","url":"https:\/\/www.enzo-und-ferdinand.de\/","logo":{"@type":"ImageObject","inLanguage":"de","@id":"https:\/\/www.enzo-und-ferdinand.de\/#\/schema\/logo\/image\/","url":"https:\/\/www.enzo-und-ferdinand.de\/wp-content\/uploads\/2018\/12\/revvvs-icon.png","contentUrl":"https:\/\/www.enzo-und-ferdinand.de\/wp-content\/uploads\/2018\/12\/revvvs-icon.png","width":512,"height":512,"caption":"enzo & Ferdinand"},"image":{"@id":"https:\/\/www.enzo-und-ferdinand.de\/#\/schema\/logo\/image\/"}},{"@type":"Person","@id":"https:\/\/www.enzo-und-ferdinand.de\/#\/schema\/person\/aff2eb9ff87705987c1b9d21fe10b095","name":"Rainer Ro\u00dfbach","image":{"@type":"ImageObject","inLanguage":"de","@id":"https:\/\/www.enzo-und-ferdinand.de\/wp-content\/uploads\/2026\/01\/Rainer-Rossbach-150x150.jpg","url":"https:\/\/www.enzo-und-ferdinand.de\/wp-content\/uploads\/2026\/01\/Rainer-Rossbach-150x150.jpg","contentUrl":"https:\/\/www.enzo-und-ferdinand.de\/wp-content\/uploads\/2026\/01\/Rainer-Rossbach-150x150.jpg","caption":"Rainer Ro\u00dfbach"},"url":"https:\/\/www.enzo-und-ferdinand.de\/index.php\/author\/redaktion\/"}]}},"_links":{"self":[{"href":"https:\/\/www.enzo-und-ferdinand.de\/index.php\/wp-json\/wp\/v2\/posts\/21604","targetHints":{"allow":["GET"]}}],"collection":[{"href":"https:\/\/www.enzo-und-ferdinand.de\/index.php\/wp-json\/wp\/v2\/posts"}],"about":[{"href":"https:\/\/www.enzo-und-ferdinand.de\/index.php\/wp-json\/wp\/v2\/types\/post"}],"author":[{"embeddable":true,"href":"https:\/\/www.enzo-und-ferdinand.de\/index.php\/wp-json\/wp\/v2\/users\/1"}],"replies":[{"embeddable":true,"href":"https:\/\/www.enzo-und-ferdinand.de\/index.php\/wp-json\/wp\/v2\/comments?post=21604"}],"version-history":[{"count":2,"href":"https:\/\/www.enzo-und-ferdinand.de\/index.php\/wp-json\/wp\/v2\/posts\/21604\/revisions"}],"predecessor-version":[{"id":21606,"href":"https:\/\/www.enzo-und-ferdinand.de\/index.php\/wp-json\/wp\/v2\/posts\/21604\/revisions\/21606"}],"wp:featuredmedia":[{"embeddable":true,"href":"https:\/\/www.enzo-und-ferdinand.de\/index.php\/wp-json\/wp\/v2\/media\/21600"}],"wp:attachment":[{"href":"https:\/\/www.enzo-und-ferdinand.de\/index.php\/wp-json\/wp\/v2\/media?parent=21604"}],"wp:term":[{"taxonomy":"category","embeddable":true,"href":"https:\/\/www.enzo-und-ferdinand.de\/index.php\/wp-json\/wp\/v2\/categories?post=21604"},{"taxonomy":"post_tag","embeddable":true,"href":"https:\/\/www.enzo-und-ferdinand.de\/index.php\/wp-json\/wp\/v2\/tags?post=21604"}],"curies":[{"name":"wp","href":"https:\/\/api.w.org\/{rel}","templated":true}]}}