{"id":2162,"date":"2019-01-24T11:27:31","date_gmt":"2019-01-24T10:27:31","guid":{"rendered":"http:\/\/www.enzo-und-ferdinand.de\/?p=2162"},"modified":"2025-12-27T15:20:49","modified_gmt":"2025-12-27T14:20:49","slug":"50-jahre-porsche-917","status":"publish","type":"post","link":"https:\/\/www.enzo-und-ferdinand.de\/index.php\/2019\/01\/24\/50-jahre-porsche-917\/","title":{"rendered":"50 Jahre Porsche 917"},"content":{"rendered":"\n<figure class=\"wp-block-image\"><img loading=\"lazy\" decoding=\"async\" width=\"810\" height=\"541\" src=\"https:\/\/www.enzo-und-ferdinand.de\/wp-content\/uploads\/2019\/01\/S17_0501.jpg\" alt=\"\" class=\"wp-image-2165\" srcset=\"https:\/\/www.enzo-und-ferdinand.de\/wp-content\/uploads\/2019\/01\/S17_0501.jpg 810w, https:\/\/www.enzo-und-ferdinand.de\/wp-content\/uploads\/2019\/01\/S17_0501-300x200.jpg 300w, https:\/\/www.enzo-und-ferdinand.de\/wp-content\/uploads\/2019\/01\/S17_0501-768x513.jpg 768w, https:\/\/www.enzo-und-ferdinand.de\/wp-content\/uploads\/2019\/01\/S17_0501-120x80.jpg 120w\" sizes=\"auto, (max-width: 810px) 100vw, 810px\" \/><\/figure>\n\n\n\n<p class=\"wp-block-paragraph\" style=\"font-size:15px\"><strong><em>Rodriguez\/Kinnunnen f\u00fchren 1970 in Spa vor ihren Teamkollegen Siffert\/Bell.<\/em><\/strong><\/p>\n\n\n\n<p class=\"wp-block-paragraph\">Der Porsche 917, einer der ber\u00fchmtesten Rennwagen aller Zeiten, wurde der Welt\u00f6ffentlichkeit erstmals 1969 auf dem Automobilsalon in Genf pr\u00e4sentiert. Bereits ein Jahr sp\u00e4ter holte Porsche den ersten von insgesamt 19 Gesamtsiegen bei den 24 Stunden von Le Mans nach Zuffenhausen. Im Rahmen einer der umfangreichsten Sonderausstellungen \u201eColours of Speed \u2013 50 Jahre 917\u201c zeigt das Porsche Museum vom 14. Mai bis 15. September zehn 917-Modelle.&nbsp;<\/p>\n\n\n\n<figure class=\"wp-block-image\"><img loading=\"lazy\" decoding=\"async\" width=\"810\" height=\"540\" src=\"https:\/\/www.enzo-und-ferdinand.de\/wp-content\/uploads\/2019\/01\/M13_3227.jpg\" alt=\"\" class=\"wp-image-2167\" srcset=\"https:\/\/www.enzo-und-ferdinand.de\/wp-content\/uploads\/2019\/01\/M13_3227.jpg 810w, https:\/\/www.enzo-und-ferdinand.de\/wp-content\/uploads\/2019\/01\/M13_3227-300x200.jpg 300w, https:\/\/www.enzo-und-ferdinand.de\/wp-content\/uploads\/2019\/01\/M13_3227-768x512.jpg 768w, https:\/\/www.enzo-und-ferdinand.de\/wp-content\/uploads\/2019\/01\/M13_3227-120x80.jpg 120w\" sizes=\"auto, (max-width: 810px) 100vw, 810px\" \/><\/figure>\n\n\n\n<p class=\"wp-block-paragraph\" style=\"font-size:15px\"><strong><em>Hans Herrman und Richard Attwood vor ihrem 1970er Le-Mans-Siegerwagen.<\/em><\/strong><\/p>\n\n\n\n<p class=\"wp-block-paragraph\">Darunter erwartet die Besucher ein herausragender und innerhalb der Porsche-Rennsportgeschichte entscheidender Meilenstein: Der allererste gebaute Porsche 917 mit der Chassis-Nummer 001 wird zu sehen sein, den das Team der Museumswerkstatt nach mehrj\u00e4hriger Arbeit in den Ursprungszustand seiner Weltpremiere von 1969 zur\u00fcckgef\u00fchrt hat.<\/p>\n\n\n\n<figure class=\"wp-block-image\"><img loading=\"lazy\" decoding=\"async\" width=\"810\" height=\"540\" src=\"https:\/\/www.enzo-und-ferdinand.de\/wp-content\/uploads\/2019\/01\/M13_3231.jpg\" alt=\"\" class=\"wp-image-2168\" srcset=\"https:\/\/www.enzo-und-ferdinand.de\/wp-content\/uploads\/2019\/01\/M13_3231.jpg 810w, https:\/\/www.enzo-und-ferdinand.de\/wp-content\/uploads\/2019\/01\/M13_3231-300x200.jpg 300w, https:\/\/www.enzo-und-ferdinand.de\/wp-content\/uploads\/2019\/01\/M13_3231-768x512.jpg 768w, https:\/\/www.enzo-und-ferdinand.de\/wp-content\/uploads\/2019\/01\/M13_3231-120x80.jpg 120w\" sizes=\"auto, (max-width: 810px) 100vw, 810px\" \/><\/figure>\n\n\n\n<p class=\"wp-block-paragraph\" style=\"font-size:15px\"><strong><em>Auch 1971 siegt Porsche in Le Mans. Gijs van Lennep und Helmut Marko stellen einen neuen Distanzrekord auf.<\/em><\/strong><\/p>\n\n\n\n<p style=\"text-align:center\" class=\"has-small-font-size wp-block-paragraph\">Text\/Fotos: Porsche<\/p>\n","protected":false},"excerpt":{"rendered":"<p>Der Porsche 917, einer der ber\u00fchmtesten Rennwagen aller Zeiten, wurde der Welt\u00f6ffentlichkeit erstmals 1969 auf dem Automobilsalon in Genf pr\u00e4sentiert. Bereits ein Jahr sp\u00e4ter holte Porsche den ersten von insgesamt 19 Gesamtsiegen bei den 24 Stunden von Le Mans nach Zuffenhausen. Im Rahmen einer der umfangreichsten Sonderausstellungen \u201eColours of Speed \u2013 50 Jahre 917\u201c zeigt das Porsche Museum vom 14. Mai bis 15. September zehn 917-Modelle. <\/p>\n","protected":false},"author":1,"featured_media":2163,"comment_status":"closed","ping_status":"closed","sticky":false,"template":"","format":"standard","meta":{"_crdt_document":"","ngg_post_thumbnail":0,"footnotes":""},"categories":[13,5],"tags":[201,8],"class_list":["post-2162","post","type-post","status-publish","format-standard","has-post-thumbnail","hentry","category-ikonen","category-rennsport","tag-porsche","tag-porsche-917"],"yoast_head":"<!-- This site is optimized with the Yoast SEO plugin v27.5 - https:\/\/yoast.com\/product\/yoast-seo-wordpress\/ -->\n<title>50 Jahre Porsche 917<\/title>\n<meta name=\"description\" content=\"Porsche 917 LH 1969 Porsche 917 LH 1969 1970 1971 Hans Hermann Richard Attwood Gijs van Lennep Helmut Marko\" \/>\n<meta name=\"robots\" content=\"index, follow, max-snippet:-1, max-image-preview:large, max-video-preview:-1\" \/>\n<link rel=\"canonical\" href=\"https:\/\/www.enzo-und-ferdinand.de\/index.php\/2019\/01\/24\/50-jahre-porsche-917\/\" \/>\n<meta property=\"og:locale\" content=\"de_DE\" \/>\n<meta property=\"og:type\" content=\"article\" \/>\n<meta property=\"og:title\" content=\"50 Jahre Porsche 917\" \/>\n<meta property=\"og:description\" content=\"Porsche 917 LH 1969 Porsche 917 LH 1969 1970 1971 Hans Hermann Richard Attwood Gijs van Lennep Helmut Marko\" \/>\n<meta property=\"og:url\" content=\"https:\/\/www.enzo-und-ferdinand.de\/index.php\/2019\/01\/24\/50-jahre-porsche-917\/\" \/>\n<meta property=\"og:site_name\" content=\"enzo &amp; Ferdinand\" \/>\n<meta property=\"article:published_time\" content=\"2019-01-24T10:27:31+00:00\" \/>\n<meta property=\"article:modified_time\" content=\"2025-12-27T14:20:49+00:00\" \/>\n<meta property=\"og:image\" content=\"https:\/\/www.enzo-und-ferdinand.de\/wp-content\/uploads\/2019\/01\/S19_0701.jpg\" \/>\n\t<meta property=\"og:image:width\" content=\"810\" \/>\n\t<meta property=\"og:image:height\" content=\"588\" \/>\n\t<meta property=\"og:image:type\" content=\"image\/jpeg\" \/>\n<meta name=\"author\" content=\"Rainer Ro\u00dfbach\" \/>\n<meta name=\"twitter:card\" content=\"summary_large_image\" \/>\n<meta name=\"twitter:label1\" content=\"Verfasst von\" \/>\n\t<meta name=\"twitter:data1\" content=\"Rainer Ro\u00dfbach\" \/>\n\t<meta name=\"twitter:label2\" content=\"Gesch\u00e4tzte Lesezeit\" \/>\n\t<meta name=\"twitter:data2\" content=\"2\u00a0Minuten\" \/>\n<script type=\"application\/ld+json\" class=\"yoast-schema-graph\">{\"@context\":\"https:\\\/\\\/schema.org\",\"@graph\":[{\"@type\":\"Article\",\"@id\":\"https:\\\/\\\/www.enzo-und-ferdinand.de\\\/index.php\\\/2019\\\/01\\\/24\\\/50-jahre-porsche-917\\\/#article\",\"isPartOf\":{\"@id\":\"https:\\\/\\\/www.enzo-und-ferdinand.de\\\/index.php\\\/2019\\\/01\\\/24\\\/50-jahre-porsche-917\\\/\"},\"author\":{\"name\":\"Rainer Ro\u00dfbach\",\"@id\":\"https:\\\/\\\/www.enzo-und-ferdinand.de\\\/#\\\/schema\\\/person\\\/aff2eb9ff87705987c1b9d21fe10b095\"},\"headline\":\"50 Jahre Porsche 917\",\"datePublished\":\"2019-01-24T10:27:31+00:00\",\"dateModified\":\"2025-12-27T14:20:49+00:00\",\"mainEntityOfPage\":{\"@id\":\"https:\\\/\\\/www.enzo-und-ferdinand.de\\\/index.php\\\/2019\\\/01\\\/24\\\/50-jahre-porsche-917\\\/\"},\"wordCount\":146,\"publisher\":{\"@id\":\"https:\\\/\\\/www.enzo-und-ferdinand.de\\\/#organization\"},\"image\":{\"@id\":\"https:\\\/\\\/www.enzo-und-ferdinand.de\\\/index.php\\\/2019\\\/01\\\/24\\\/50-jahre-porsche-917\\\/#primaryimage\"},\"thumbnailUrl\":\"https:\\\/\\\/www.enzo-und-ferdinand.de\\\/wp-content\\\/uploads\\\/2019\\\/01\\\/S19_0701.jpg\",\"keywords\":[\"Porsche\",\"Porsche 917\"],\"articleSection\":[\"Ikonen\",\"Rennsport\"],\"inLanguage\":\"de\"},{\"@type\":\"WebPage\",\"@id\":\"https:\\\/\\\/www.enzo-und-ferdinand.de\\\/index.php\\\/2019\\\/01\\\/24\\\/50-jahre-porsche-917\\\/\",\"url\":\"https:\\\/\\\/www.enzo-und-ferdinand.de\\\/index.php\\\/2019\\\/01\\\/24\\\/50-jahre-porsche-917\\\/\",\"name\":\"50 Jahre Porsche 917\",\"isPartOf\":{\"@id\":\"https:\\\/\\\/www.enzo-und-ferdinand.de\\\/#website\"},\"primaryImageOfPage\":{\"@id\":\"https:\\\/\\\/www.enzo-und-ferdinand.de\\\/index.php\\\/2019\\\/01\\\/24\\\/50-jahre-porsche-917\\\/#primaryimage\"},\"image\":{\"@id\":\"https:\\\/\\\/www.enzo-und-ferdinand.de\\\/index.php\\\/2019\\\/01\\\/24\\\/50-jahre-porsche-917\\\/#primaryimage\"},\"thumbnailUrl\":\"https:\\\/\\\/www.enzo-und-ferdinand.de\\\/wp-content\\\/uploads\\\/2019\\\/01\\\/S19_0701.jpg\",\"datePublished\":\"2019-01-24T10:27:31+00:00\",\"dateModified\":\"2025-12-27T14:20:49+00:00\",\"description\":\"Porsche 917 LH 1969 Porsche 917 LH 1969 1970 1971 Hans Hermann Richard Attwood Gijs van Lennep Helmut Marko\",\"breadcrumb\":{\"@id\":\"https:\\\/\\\/www.enzo-und-ferdinand.de\\\/index.php\\\/2019\\\/01\\\/24\\\/50-jahre-porsche-917\\\/#breadcrumb\"},\"inLanguage\":\"de\",\"potentialAction\":[{\"@type\":\"ReadAction\",\"target\":[\"https:\\\/\\\/www.enzo-und-ferdinand.de\\\/index.php\\\/2019\\\/01\\\/24\\\/50-jahre-porsche-917\\\/\"]}]},{\"@type\":\"ImageObject\",\"inLanguage\":\"de\",\"@id\":\"https:\\\/\\\/www.enzo-und-ferdinand.de\\\/index.php\\\/2019\\\/01\\\/24\\\/50-jahre-porsche-917\\\/#primaryimage\",\"url\":\"https:\\\/\\\/www.enzo-und-ferdinand.de\\\/wp-content\\\/uploads\\\/2019\\\/01\\\/S19_0701.jpg\",\"contentUrl\":\"https:\\\/\\\/www.enzo-und-ferdinand.de\\\/wp-content\\\/uploads\\\/2019\\\/01\\\/S19_0701.jpg\",\"width\":810,\"height\":588,\"caption\":\"Porsche 917 LH 1969\"},{\"@type\":\"BreadcrumbList\",\"@id\":\"https:\\\/\\\/www.enzo-und-ferdinand.de\\\/index.php\\\/2019\\\/01\\\/24\\\/50-jahre-porsche-917\\\/#breadcrumb\",\"itemListElement\":[{\"@type\":\"ListItem\",\"position\":1,\"name\":\"Startseite\",\"item\":\"https:\\\/\\\/www.enzo-und-ferdinand.de\\\/\"},{\"@type\":\"ListItem\",\"position\":2,\"name\":\"50 Jahre Porsche 917\"}]},{\"@type\":\"WebSite\",\"@id\":\"https:\\\/\\\/www.enzo-und-ferdinand.de\\\/#website\",\"url\":\"https:\\\/\\\/www.enzo-und-ferdinand.de\\\/\",\"name\":\"enzo & Ferdinand\",\"description\":\"\",\"publisher\":{\"@id\":\"https:\\\/\\\/www.enzo-und-ferdinand.de\\\/#organization\"},\"potentialAction\":[{\"@type\":\"SearchAction\",\"target\":{\"@type\":\"EntryPoint\",\"urlTemplate\":\"https:\\\/\\\/www.enzo-und-ferdinand.de\\\/?s={search_term_string}\"},\"query-input\":{\"@type\":\"PropertyValueSpecification\",\"valueRequired\":true,\"valueName\":\"search_term_string\"}}],\"inLanguage\":\"de\"},{\"@type\":\"Organization\",\"@id\":\"https:\\\/\\\/www.enzo-und-ferdinand.de\\\/#organization\",\"name\":\"enzo & Ferdinand\",\"url\":\"https:\\\/\\\/www.enzo-und-ferdinand.de\\\/\",\"logo\":{\"@type\":\"ImageObject\",\"inLanguage\":\"de\",\"@id\":\"https:\\\/\\\/www.enzo-und-ferdinand.de\\\/#\\\/schema\\\/logo\\\/image\\\/\",\"url\":\"https:\\\/\\\/www.enzo-und-ferdinand.de\\\/wp-content\\\/uploads\\\/2018\\\/12\\\/revvvs-icon.png\",\"contentUrl\":\"https:\\\/\\\/www.enzo-und-ferdinand.de\\\/wp-content\\\/uploads\\\/2018\\\/12\\\/revvvs-icon.png\",\"width\":512,\"height\":512,\"caption\":\"enzo & Ferdinand\"},\"image\":{\"@id\":\"https:\\\/\\\/www.enzo-und-ferdinand.de\\\/#\\\/schema\\\/logo\\\/image\\\/\"}},{\"@type\":\"Person\",\"@id\":\"https:\\\/\\\/www.enzo-und-ferdinand.de\\\/#\\\/schema\\\/person\\\/aff2eb9ff87705987c1b9d21fe10b095\",\"name\":\"Rainer Ro\u00dfbach\",\"image\":{\"@type\":\"ImageObject\",\"inLanguage\":\"de\",\"@id\":\"https:\\\/\\\/www.enzo-und-ferdinand.de\\\/wp-content\\\/uploads\\\/2026\\\/01\\\/Rainer-Rossbach-150x150.jpg\",\"url\":\"https:\\\/\\\/www.enzo-und-ferdinand.de\\\/wp-content\\\/uploads\\\/2026\\\/01\\\/Rainer-Rossbach-150x150.jpg\",\"contentUrl\":\"https:\\\/\\\/www.enzo-und-ferdinand.de\\\/wp-content\\\/uploads\\\/2026\\\/01\\\/Rainer-Rossbach-150x150.jpg\",\"caption\":\"Rainer Ro\u00dfbach\"},\"url\":\"https:\\\/\\\/www.enzo-und-ferdinand.de\\\/index.php\\\/author\\\/redaktion\\\/\"}]}<\/script>\n<!-- \/ Yoast SEO plugin. -->","yoast_head_json":{"title":"50 Jahre Porsche 917","description":"Porsche 917 LH 1969 Porsche 917 LH 1969 1970 1971 Hans Hermann Richard Attwood Gijs van Lennep Helmut Marko","robots":{"index":"index","follow":"follow","max-snippet":"max-snippet:-1","max-image-preview":"max-image-preview:large","max-video-preview":"max-video-preview:-1"},"canonical":"https:\/\/www.enzo-und-ferdinand.de\/index.php\/2019\/01\/24\/50-jahre-porsche-917\/","og_locale":"de_DE","og_type":"article","og_title":"50 Jahre Porsche 917","og_description":"Porsche 917 LH 1969 Porsche 917 LH 1969 1970 1971 Hans Hermann Richard Attwood Gijs van Lennep Helmut Marko","og_url":"https:\/\/www.enzo-und-ferdinand.de\/index.php\/2019\/01\/24\/50-jahre-porsche-917\/","og_site_name":"enzo &amp; Ferdinand","article_published_time":"2019-01-24T10:27:31+00:00","article_modified_time":"2025-12-27T14:20:49+00:00","og_image":[{"width":810,"height":588,"url":"https:\/\/www.enzo-und-ferdinand.de\/wp-content\/uploads\/2019\/01\/S19_0701.jpg","type":"image\/jpeg"}],"author":"Rainer Ro\u00dfbach","twitter_card":"summary_large_image","twitter_misc":{"Verfasst von":"Rainer Ro\u00dfbach","Gesch\u00e4tzte Lesezeit":"2\u00a0Minuten"},"schema":{"@context":"https:\/\/schema.org","@graph":[{"@type":"Article","@id":"https:\/\/www.enzo-und-ferdinand.de\/index.php\/2019\/01\/24\/50-jahre-porsche-917\/#article","isPartOf":{"@id":"https:\/\/www.enzo-und-ferdinand.de\/index.php\/2019\/01\/24\/50-jahre-porsche-917\/"},"author":{"name":"Rainer Ro\u00dfbach","@id":"https:\/\/www.enzo-und-ferdinand.de\/#\/schema\/person\/aff2eb9ff87705987c1b9d21fe10b095"},"headline":"50 Jahre Porsche 917","datePublished":"2019-01-24T10:27:31+00:00","dateModified":"2025-12-27T14:20:49+00:00","mainEntityOfPage":{"@id":"https:\/\/www.enzo-und-ferdinand.de\/index.php\/2019\/01\/24\/50-jahre-porsche-917\/"},"wordCount":146,"publisher":{"@id":"https:\/\/www.enzo-und-ferdinand.de\/#organization"},"image":{"@id":"https:\/\/www.enzo-und-ferdinand.de\/index.php\/2019\/01\/24\/50-jahre-porsche-917\/#primaryimage"},"thumbnailUrl":"https:\/\/www.enzo-und-ferdinand.de\/wp-content\/uploads\/2019\/01\/S19_0701.jpg","keywords":["Porsche","Porsche 917"],"articleSection":["Ikonen","Rennsport"],"inLanguage":"de"},{"@type":"WebPage","@id":"https:\/\/www.enzo-und-ferdinand.de\/index.php\/2019\/01\/24\/50-jahre-porsche-917\/","url":"https:\/\/www.enzo-und-ferdinand.de\/index.php\/2019\/01\/24\/50-jahre-porsche-917\/","name":"50 Jahre Porsche 917","isPartOf":{"@id":"https:\/\/www.enzo-und-ferdinand.de\/#website"},"primaryImageOfPage":{"@id":"https:\/\/www.enzo-und-ferdinand.de\/index.php\/2019\/01\/24\/50-jahre-porsche-917\/#primaryimage"},"image":{"@id":"https:\/\/www.enzo-und-ferdinand.de\/index.php\/2019\/01\/24\/50-jahre-porsche-917\/#primaryimage"},"thumbnailUrl":"https:\/\/www.enzo-und-ferdinand.de\/wp-content\/uploads\/2019\/01\/S19_0701.jpg","datePublished":"2019-01-24T10:27:31+00:00","dateModified":"2025-12-27T14:20:49+00:00","description":"Porsche 917 LH 1969 Porsche 917 LH 1969 1970 1971 Hans Hermann Richard Attwood Gijs van Lennep Helmut Marko","breadcrumb":{"@id":"https:\/\/www.enzo-und-ferdinand.de\/index.php\/2019\/01\/24\/50-jahre-porsche-917\/#breadcrumb"},"inLanguage":"de","potentialAction":[{"@type":"ReadAction","target":["https:\/\/www.enzo-und-ferdinand.de\/index.php\/2019\/01\/24\/50-jahre-porsche-917\/"]}]},{"@type":"ImageObject","inLanguage":"de","@id":"https:\/\/www.enzo-und-ferdinand.de\/index.php\/2019\/01\/24\/50-jahre-porsche-917\/#primaryimage","url":"https:\/\/www.enzo-und-ferdinand.de\/wp-content\/uploads\/2019\/01\/S19_0701.jpg","contentUrl":"https:\/\/www.enzo-und-ferdinand.de\/wp-content\/uploads\/2019\/01\/S19_0701.jpg","width":810,"height":588,"caption":"Porsche 917 LH 1969"},{"@type":"BreadcrumbList","@id":"https:\/\/www.enzo-und-ferdinand.de\/index.php\/2019\/01\/24\/50-jahre-porsche-917\/#breadcrumb","itemListElement":[{"@type":"ListItem","position":1,"name":"Startseite","item":"https:\/\/www.enzo-und-ferdinand.de\/"},{"@type":"ListItem","position":2,"name":"50 Jahre Porsche 917"}]},{"@type":"WebSite","@id":"https:\/\/www.enzo-und-ferdinand.de\/#website","url":"https:\/\/www.enzo-und-ferdinand.de\/","name":"enzo & Ferdinand","description":"","publisher":{"@id":"https:\/\/www.enzo-und-ferdinand.de\/#organization"},"potentialAction":[{"@type":"SearchAction","target":{"@type":"EntryPoint","urlTemplate":"https:\/\/www.enzo-und-ferdinand.de\/?s={search_term_string}"},"query-input":{"@type":"PropertyValueSpecification","valueRequired":true,"valueName":"search_term_string"}}],"inLanguage":"de"},{"@type":"Organization","@id":"https:\/\/www.enzo-und-ferdinand.de\/#organization","name":"enzo & Ferdinand","url":"https:\/\/www.enzo-und-ferdinand.de\/","logo":{"@type":"ImageObject","inLanguage":"de","@id":"https:\/\/www.enzo-und-ferdinand.de\/#\/schema\/logo\/image\/","url":"https:\/\/www.enzo-und-ferdinand.de\/wp-content\/uploads\/2018\/12\/revvvs-icon.png","contentUrl":"https:\/\/www.enzo-und-ferdinand.de\/wp-content\/uploads\/2018\/12\/revvvs-icon.png","width":512,"height":512,"caption":"enzo & Ferdinand"},"image":{"@id":"https:\/\/www.enzo-und-ferdinand.de\/#\/schema\/logo\/image\/"}},{"@type":"Person","@id":"https:\/\/www.enzo-und-ferdinand.de\/#\/schema\/person\/aff2eb9ff87705987c1b9d21fe10b095","name":"Rainer Ro\u00dfbach","image":{"@type":"ImageObject","inLanguage":"de","@id":"https:\/\/www.enzo-und-ferdinand.de\/wp-content\/uploads\/2026\/01\/Rainer-Rossbach-150x150.jpg","url":"https:\/\/www.enzo-und-ferdinand.de\/wp-content\/uploads\/2026\/01\/Rainer-Rossbach-150x150.jpg","contentUrl":"https:\/\/www.enzo-und-ferdinand.de\/wp-content\/uploads\/2026\/01\/Rainer-Rossbach-150x150.jpg","caption":"Rainer Ro\u00dfbach"},"url":"https:\/\/www.enzo-und-ferdinand.de\/index.php\/author\/redaktion\/"}]}},"_links":{"self":[{"href":"https:\/\/www.enzo-und-ferdinand.de\/index.php\/wp-json\/wp\/v2\/posts\/2162","targetHints":{"allow":["GET"]}}],"collection":[{"href":"https:\/\/www.enzo-und-ferdinand.de\/index.php\/wp-json\/wp\/v2\/posts"}],"about":[{"href":"https:\/\/www.enzo-und-ferdinand.de\/index.php\/wp-json\/wp\/v2\/types\/post"}],"author":[{"embeddable":true,"href":"https:\/\/www.enzo-und-ferdinand.de\/index.php\/wp-json\/wp\/v2\/users\/1"}],"replies":[{"embeddable":true,"href":"https:\/\/www.enzo-und-ferdinand.de\/index.php\/wp-json\/wp\/v2\/comments?post=2162"}],"version-history":[{"count":7,"href":"https:\/\/www.enzo-und-ferdinand.de\/index.php\/wp-json\/wp\/v2\/posts\/2162\/revisions"}],"predecessor-version":[{"id":4487,"href":"https:\/\/www.enzo-und-ferdinand.de\/index.php\/wp-json\/wp\/v2\/posts\/2162\/revisions\/4487"}],"wp:featuredmedia":[{"embeddable":true,"href":"https:\/\/www.enzo-und-ferdinand.de\/index.php\/wp-json\/wp\/v2\/media\/2163"}],"wp:attachment":[{"href":"https:\/\/www.enzo-und-ferdinand.de\/index.php\/wp-json\/wp\/v2\/media?parent=2162"}],"wp:term":[{"taxonomy":"category","embeddable":true,"href":"https:\/\/www.enzo-und-ferdinand.de\/index.php\/wp-json\/wp\/v2\/categories?post=2162"},{"taxonomy":"post_tag","embeddable":true,"href":"https:\/\/www.enzo-und-ferdinand.de\/index.php\/wp-json\/wp\/v2\/tags?post=2162"}],"curies":[{"name":"wp","href":"https:\/\/api.w.org\/{rel}","templated":true}]}}