{"id":21656,"date":"2025-12-02T13:09:44","date_gmt":"2025-12-02T12:09:44","guid":{"rendered":"https:\/\/www.enzo-und-ferdinand.de\/?p=21656"},"modified":"2025-12-02T13:09:45","modified_gmt":"2025-12-02T12:09:45","slug":"lexus-ls-concept-luxusvan-mit-sechs-raedern","status":"publish","type":"post","link":"https:\/\/www.enzo-und-ferdinand.de\/index.php\/2025\/12\/02\/lexus-ls-concept-luxusvan-mit-sechs-raedern\/","title":{"rendered":"Lexus LS Concept: Luxusvan mit sechs R\u00e4dern"},"content":{"rendered":"\n<figure class=\"wp-block-image size-large\"><img loading=\"lazy\" decoding=\"async\" width=\"810\" height=\"542\" src=\"https:\/\/www.enzo-und-ferdinand.de\/wp-content\/uploads\/2025\/12\/2025-Lexus-LS-Concept-02-810x542.jpg\" alt=\"2025 Lexus LS Concept\" class=\"wp-image-21651\" srcset=\"https:\/\/www.enzo-und-ferdinand.de\/wp-content\/uploads\/2025\/12\/2025-Lexus-LS-Concept-02-810x542.jpg 810w, https:\/\/www.enzo-und-ferdinand.de\/wp-content\/uploads\/2025\/12\/2025-Lexus-LS-Concept-02-300x201.jpg 300w, https:\/\/www.enzo-und-ferdinand.de\/wp-content\/uploads\/2025\/12\/2025-Lexus-LS-Concept-02-768x514.jpg 768w, https:\/\/www.enzo-und-ferdinand.de\/wp-content\/uploads\/2025\/12\/2025-Lexus-LS-Concept-02-120x80.jpg 120w, https:\/\/www.enzo-und-ferdinand.de\/wp-content\/uploads\/2025\/12\/2025-Lexus-LS-Concept-02.jpg 1500w\" sizes=\"auto, (max-width: 810px) 100vw, 810px\" \/><\/figure>\n\n\n\n<p class=\"wp-block-paragraph\">Der sechsr\u00e4driger Ultra-Luxusvan wurde auf der Japan Mobility Show in Tokio als Hauptattraktion von drei gezeigten LS-Studien pr\u00e4sentiert wurde. Lexus nennt bewusst keine Angaben zu einer m\u00f6glichen Serienfertigung, denn das Konzeptfahrzeug dient vor allem der Erforschung der Zukunft des Premiumsegments. Optisch setzt der LS Concept auf ein kantiges, skulpturales Karosseriedesign. Auff\u00e4llig sind die besonders gro\u00dfen Vorderr\u00e4der und zwei Hinterachsen, die laut einer verbreiteten Annahme dem Fahrkomfort dienen sollen.&nbsp;<\/p>\n\n\n\n<figure class=\"wp-block-image size-large\"><img loading=\"lazy\" decoding=\"async\" width=\"810\" height=\"512\" src=\"https:\/\/www.enzo-und-ferdinand.de\/wp-content\/uploads\/2025\/12\/2025-Lexus-LS-Concept-15-810x512.jpg\" alt=\"2025 Lexus LS Concept\" class=\"wp-image-21652\" srcset=\"https:\/\/www.enzo-und-ferdinand.de\/wp-content\/uploads\/2025\/12\/2025-Lexus-LS-Concept-15-810x512.jpg 810w, https:\/\/www.enzo-und-ferdinand.de\/wp-content\/uploads\/2025\/12\/2025-Lexus-LS-Concept-15-300x190.jpg 300w, https:\/\/www.enzo-und-ferdinand.de\/wp-content\/uploads\/2025\/12\/2025-Lexus-LS-Concept-15-768x485.jpg 768w, https:\/\/www.enzo-und-ferdinand.de\/wp-content\/uploads\/2025\/12\/2025-Lexus-LS-Concept-15-600x380.jpg 600w, https:\/\/www.enzo-und-ferdinand.de\/wp-content\/uploads\/2025\/12\/2025-Lexus-LS-Concept-15.jpg 1500w\" sizes=\"auto, (max-width: 810px) 100vw, 810px\" \/><\/figure>\n\n\n\n<p class=\"wp-block-paragraph\">Die vordere Partie wird von markanten, diagonal gef\u00fchrten LED-Lichtsignaturen gepr\u00e4gt, w\u00e4hrend das Heck nahezu senkrecht steht, um das maximale Raumvolumen zu erzielen. Anstelle einer klassischen Panorama-Dachverglasung besitzt das Fahrzeug zwei l\u00e4ngs verlaufende transparente Dachsegmente mit konturierter Beleuchtung, die dem Innenraum ein futuristisches Ambiente verleihen. Auch das Cockpit folgt einer klaren Tech-Orientierung: ein kompaktes Steuerhorn ersetzt das traditionelle Lenkrad, erg\u00e4nzend dazu sorgt eine Anzahl gro\u00dfer Displays f\u00fcr alle fahrrelevanten Informationen und Komfortfunktionen. Trotz des vision\u00e4ren Auftritts bleiben wichtige physische Bedienelemente erhalten \u2013 ein bewusstes Zugest\u00e4ndnis an ergonomische Praxistauglichkeit.&nbsp;<\/p>\n\n\n\n<figure class=\"wp-block-image size-large\"><img loading=\"lazy\" decoding=\"async\" width=\"810\" height=\"456\" src=\"https:\/\/www.enzo-und-ferdinand.de\/wp-content\/uploads\/2025\/12\/2025-Lexus-LS-Concept-Interior-01-810x456.jpg\" alt=\"\" class=\"wp-image-21657\" srcset=\"https:\/\/www.enzo-und-ferdinand.de\/wp-content\/uploads\/2025\/12\/2025-Lexus-LS-Concept-Interior-01-810x456.jpg 810w, https:\/\/www.enzo-und-ferdinand.de\/wp-content\/uploads\/2025\/12\/2025-Lexus-LS-Concept-Interior-01-300x169.jpg 300w, https:\/\/www.enzo-und-ferdinand.de\/wp-content\/uploads\/2025\/12\/2025-Lexus-LS-Concept-Interior-01-768x432.jpg 768w, https:\/\/www.enzo-und-ferdinand.de\/wp-content\/uploads\/2025\/12\/2025-Lexus-LS-Concept-Interior-01.jpg 1500w\" sizes=\"auto, (max-width: 810px) 100vw, 810px\" \/><\/figure>\n\n\n\n<p class=\"wp-block-paragraph\">Der Innenraum mit drei Sitzreihen zeigt das Kernziel des Konzepts: Flexibilit\u00e4t und Luxus auf h\u00f6chstem Niveau. Die Sitze im Mittelbereich lassen sich komplett zur Liegefl\u00e4che umklappen oder r\u00fcckw\u00e4rts ausrichten. Die hintere Reihe kann von einer durchgehenden Bank zu zwei komfortablen Einzelsesseln mit separaten Armlehnen transformiert werden. Die Kombination aus ungew\u00f6hnlichem Achskonzept, maximal nutzbarem Platz und modernster Licht- und Displaytechnik macht den Lexus LS Concept zu einem technologisch ambitionierten Versuchstr\u00e4ger. Er steht f\u00fcr die Frage, wie Premium-Automobilit\u00e4t in einer \u00c4ra aussehen k\u00f6nnte, in der Reisekomfort und intelligente Raumgestaltung immer wichtiger werden.<\/p>\n\n\n\n<figure class=\"wp-block-image size-large\"><img loading=\"lazy\" decoding=\"async\" width=\"810\" height=\"456\" src=\"https:\/\/www.enzo-und-ferdinand.de\/wp-content\/uploads\/2025\/12\/2025-Lexus-LS-Concept-Interior-08-810x456.jpg\" alt=\"2025 Lexus LS Concept\" class=\"wp-image-21655\" srcset=\"https:\/\/www.enzo-und-ferdinand.de\/wp-content\/uploads\/2025\/12\/2025-Lexus-LS-Concept-Interior-08-810x456.jpg 810w, https:\/\/www.enzo-und-ferdinand.de\/wp-content\/uploads\/2025\/12\/2025-Lexus-LS-Concept-Interior-08-300x169.jpg 300w, https:\/\/www.enzo-und-ferdinand.de\/wp-content\/uploads\/2025\/12\/2025-Lexus-LS-Concept-Interior-08-768x432.jpg 768w, https:\/\/www.enzo-und-ferdinand.de\/wp-content\/uploads\/2025\/12\/2025-Lexus-LS-Concept-Interior-08.jpg 1500w\" sizes=\"auto, (max-width: 810px) 100vw, 810px\" \/><figcaption class=\"wp-element-caption\">2025 Lexus LS Concept<\/figcaption><\/figure>\n\n\n\n<p class=\"has-text-align-right wp-block-paragraph\">Fotos: Lexus\/Text: Rainer Ro\u00dfbach<\/p>\n","protected":false},"excerpt":{"rendered":"<p>Der sechsr\u00e4driger Ultra-Luxusvan wurde auf der Japan Mobility Show in Tokio als Hauptattraktion von drei gezeigten LS-Studien pr\u00e4sentiert wurde. Lexus nennt bewusst keine Angaben zu einer m\u00f6glichen Serienfertigung, denn das Konzeptfahrzeug dient vor allem der Erforschung der Zukunft des Premiumsegments. Optisch setzt der LS Concept auf ein kantiges, skulpturales Karosseriedesign. Auff\u00e4llig sind die besonders gro\u00dfen Vorderr\u00e4der und zwei Hinterachsen, die laut einer verbreiteten Annahme dem Fahrkomfort dienen sollen.\u00a0<\/p>\n","protected":false},"author":1,"featured_media":21650,"comment_status":"closed","ping_status":"open","sticky":false,"template":"","format":"standard","meta":{"_crdt_document":"","ngg_post_thumbnail":0,"footnotes":""},"categories":[281,4,586],"tags":[251],"class_list":["post-21656","post","type-post","status-publish","format-standard","has-post-thumbnail","hentry","category-japan","category-studien","category-technologie","tag-lexus"],"yoast_head":"<!-- This site is optimized with the Yoast SEO plugin v27.5 - https:\/\/yoast.com\/product\/yoast-seo-wordpress\/ -->\n<title>Lexus LS Concept: Luxusvan mit sechs R\u00e4dern<\/title>\n<meta name=\"description\" content=\"Rainer Ro\u00dfbach, Rainer Rossbach, enzo-und-ferdinand, enzo&amp;ferdinand, Enzo, Lexus LS Concept, Lexus, Japan Mobility Show, Luxusvan, Sechsrad-Konzept, Premiumfahrzeug, futuristischer Innenraum, LED-Lichtdesign, drei Sitzreihen, Fahrzeugstudie, Luxusmobilit\u00e4t, Automobilkonzept, technologische Zukunft, Premiumsegment\" \/>\n<meta name=\"robots\" content=\"index, follow, max-snippet:-1, max-image-preview:large, max-video-preview:-1\" \/>\n<link rel=\"canonical\" href=\"https:\/\/www.enzo-und-ferdinand.de\/index.php\/2025\/12\/02\/lexus-ls-concept-luxusvan-mit-sechs-raedern\/\" \/>\n<meta property=\"og:locale\" content=\"de_DE\" \/>\n<meta property=\"og:type\" content=\"article\" \/>\n<meta property=\"og:title\" content=\"Lexus LS Concept: Luxusvan mit sechs R\u00e4dern\" \/>\n<meta property=\"og:description\" content=\"Rainer Ro\u00dfbach, Rainer Rossbach, enzo-und-ferdinand, enzo&amp;ferdinand, Enzo, Lexus LS Concept, Lexus, Japan Mobility Show, Luxusvan, Sechsrad-Konzept, Premiumfahrzeug, futuristischer Innenraum, LED-Lichtdesign, drei Sitzreihen, Fahrzeugstudie, Luxusmobilit\u00e4t, Automobilkonzept, technologische Zukunft, Premiumsegment\" \/>\n<meta property=\"og:url\" content=\"https:\/\/www.enzo-und-ferdinand.de\/index.php\/2025\/12\/02\/lexus-ls-concept-luxusvan-mit-sechs-raedern\/\" \/>\n<meta property=\"og:site_name\" content=\"enzo &amp; Ferdinand\" \/>\n<meta property=\"article:published_time\" content=\"2025-12-02T12:09:44+00:00\" \/>\n<meta property=\"article:modified_time\" content=\"2025-12-02T12:09:45+00:00\" \/>\n<meta property=\"og:image\" content=\"https:\/\/www.enzo-und-ferdinand.de\/wp-content\/uploads\/2025\/12\/2025-Lexus-LS-Concept-01.jpg\" \/>\n\t<meta property=\"og:image:width\" content=\"1500\" \/>\n\t<meta property=\"og:image:height\" content=\"1000\" \/>\n\t<meta property=\"og:image:type\" content=\"image\/jpeg\" \/>\n<meta name=\"author\" content=\"Rainer Ro\u00dfbach\" \/>\n<meta name=\"twitter:card\" content=\"summary_large_image\" \/>\n<meta name=\"twitter:label1\" content=\"Verfasst von\" \/>\n\t<meta name=\"twitter:data1\" content=\"Rainer Ro\u00dfbach\" \/>\n\t<meta name=\"twitter:label2\" content=\"Gesch\u00e4tzte Lesezeit\" \/>\n\t<meta name=\"twitter:data2\" content=\"3\u00a0Minuten\" \/>\n<script type=\"application\/ld+json\" class=\"yoast-schema-graph\">{\"@context\":\"https:\\\/\\\/schema.org\",\"@graph\":[{\"@type\":\"Article\",\"@id\":\"https:\\\/\\\/www.enzo-und-ferdinand.de\\\/index.php\\\/2025\\\/12\\\/02\\\/lexus-ls-concept-luxusvan-mit-sechs-raedern\\\/#article\",\"isPartOf\":{\"@id\":\"https:\\\/\\\/www.enzo-und-ferdinand.de\\\/index.php\\\/2025\\\/12\\\/02\\\/lexus-ls-concept-luxusvan-mit-sechs-raedern\\\/\"},\"author\":{\"name\":\"Rainer Ro\u00dfbach\",\"@id\":\"https:\\\/\\\/www.enzo-und-ferdinand.de\\\/#\\\/schema\\\/person\\\/aff2eb9ff87705987c1b9d21fe10b095\"},\"headline\":\"Lexus LS Concept: Luxusvan mit sechs R\u00e4dern\",\"datePublished\":\"2025-12-02T12:09:44+00:00\",\"dateModified\":\"2025-12-02T12:09:45+00:00\",\"mainEntityOfPage\":{\"@id\":\"https:\\\/\\\/www.enzo-und-ferdinand.de\\\/index.php\\\/2025\\\/12\\\/02\\\/lexus-ls-concept-luxusvan-mit-sechs-raedern\\\/\"},\"wordCount\":288,\"publisher\":{\"@id\":\"https:\\\/\\\/www.enzo-und-ferdinand.de\\\/#organization\"},\"image\":{\"@id\":\"https:\\\/\\\/www.enzo-und-ferdinand.de\\\/index.php\\\/2025\\\/12\\\/02\\\/lexus-ls-concept-luxusvan-mit-sechs-raedern\\\/#primaryimage\"},\"thumbnailUrl\":\"https:\\\/\\\/www.enzo-und-ferdinand.de\\\/wp-content\\\/uploads\\\/2025\\\/12\\\/2025-Lexus-LS-Concept-01.jpg\",\"keywords\":[\"Lexus\"],\"articleSection\":[\"Japan Design\",\"Studien\",\"Technologie\"],\"inLanguage\":\"de\"},{\"@type\":\"WebPage\",\"@id\":\"https:\\\/\\\/www.enzo-und-ferdinand.de\\\/index.php\\\/2025\\\/12\\\/02\\\/lexus-ls-concept-luxusvan-mit-sechs-raedern\\\/\",\"url\":\"https:\\\/\\\/www.enzo-und-ferdinand.de\\\/index.php\\\/2025\\\/12\\\/02\\\/lexus-ls-concept-luxusvan-mit-sechs-raedern\\\/\",\"name\":\"Lexus LS Concept: Luxusvan mit sechs R\u00e4dern\",\"isPartOf\":{\"@id\":\"https:\\\/\\\/www.enzo-und-ferdinand.de\\\/#website\"},\"primaryImageOfPage\":{\"@id\":\"https:\\\/\\\/www.enzo-und-ferdinand.de\\\/index.php\\\/2025\\\/12\\\/02\\\/lexus-ls-concept-luxusvan-mit-sechs-raedern\\\/#primaryimage\"},\"image\":{\"@id\":\"https:\\\/\\\/www.enzo-und-ferdinand.de\\\/index.php\\\/2025\\\/12\\\/02\\\/lexus-ls-concept-luxusvan-mit-sechs-raedern\\\/#primaryimage\"},\"thumbnailUrl\":\"https:\\\/\\\/www.enzo-und-ferdinand.de\\\/wp-content\\\/uploads\\\/2025\\\/12\\\/2025-Lexus-LS-Concept-01.jpg\",\"datePublished\":\"2025-12-02T12:09:44+00:00\",\"dateModified\":\"2025-12-02T12:09:45+00:00\",\"description\":\"Rainer Ro\u00dfbach, Rainer Rossbach, enzo-und-ferdinand, enzo&ferdinand, Enzo, Lexus LS Concept, Lexus, Japan Mobility Show, Luxusvan, Sechsrad-Konzept, Premiumfahrzeug, futuristischer Innenraum, LED-Lichtdesign, drei Sitzreihen, Fahrzeugstudie, Luxusmobilit\u00e4t, Automobilkonzept, technologische Zukunft, Premiumsegment\",\"breadcrumb\":{\"@id\":\"https:\\\/\\\/www.enzo-und-ferdinand.de\\\/index.php\\\/2025\\\/12\\\/02\\\/lexus-ls-concept-luxusvan-mit-sechs-raedern\\\/#breadcrumb\"},\"inLanguage\":\"de\",\"potentialAction\":[{\"@type\":\"ReadAction\",\"target\":[\"https:\\\/\\\/www.enzo-und-ferdinand.de\\\/index.php\\\/2025\\\/12\\\/02\\\/lexus-ls-concept-luxusvan-mit-sechs-raedern\\\/\"]}]},{\"@type\":\"ImageObject\",\"inLanguage\":\"de\",\"@id\":\"https:\\\/\\\/www.enzo-und-ferdinand.de\\\/index.php\\\/2025\\\/12\\\/02\\\/lexus-ls-concept-luxusvan-mit-sechs-raedern\\\/#primaryimage\",\"url\":\"https:\\\/\\\/www.enzo-und-ferdinand.de\\\/wp-content\\\/uploads\\\/2025\\\/12\\\/2025-Lexus-LS-Concept-01.jpg\",\"contentUrl\":\"https:\\\/\\\/www.enzo-und-ferdinand.de\\\/wp-content\\\/uploads\\\/2025\\\/12\\\/2025-Lexus-LS-Concept-01.jpg\",\"width\":1500,\"height\":1000,\"caption\":\"2025 Lexus LS Concept\"},{\"@type\":\"BreadcrumbList\",\"@id\":\"https:\\\/\\\/www.enzo-und-ferdinand.de\\\/index.php\\\/2025\\\/12\\\/02\\\/lexus-ls-concept-luxusvan-mit-sechs-raedern\\\/#breadcrumb\",\"itemListElement\":[{\"@type\":\"ListItem\",\"position\":1,\"name\":\"Startseite\",\"item\":\"https:\\\/\\\/www.enzo-und-ferdinand.de\\\/\"},{\"@type\":\"ListItem\",\"position\":2,\"name\":\"Lexus LS Concept: Luxusvan mit sechs R\u00e4dern\"}]},{\"@type\":\"WebSite\",\"@id\":\"https:\\\/\\\/www.enzo-und-ferdinand.de\\\/#website\",\"url\":\"https:\\\/\\\/www.enzo-und-ferdinand.de\\\/\",\"name\":\"enzo & Ferdinand\",\"description\":\"\",\"publisher\":{\"@id\":\"https:\\\/\\\/www.enzo-und-ferdinand.de\\\/#organization\"},\"potentialAction\":[{\"@type\":\"SearchAction\",\"target\":{\"@type\":\"EntryPoint\",\"urlTemplate\":\"https:\\\/\\\/www.enzo-und-ferdinand.de\\\/?s={search_term_string}\"},\"query-input\":{\"@type\":\"PropertyValueSpecification\",\"valueRequired\":true,\"valueName\":\"search_term_string\"}}],\"inLanguage\":\"de\"},{\"@type\":\"Organization\",\"@id\":\"https:\\\/\\\/www.enzo-und-ferdinand.de\\\/#organization\",\"name\":\"enzo & Ferdinand\",\"url\":\"https:\\\/\\\/www.enzo-und-ferdinand.de\\\/\",\"logo\":{\"@type\":\"ImageObject\",\"inLanguage\":\"de\",\"@id\":\"https:\\\/\\\/www.enzo-und-ferdinand.de\\\/#\\\/schema\\\/logo\\\/image\\\/\",\"url\":\"https:\\\/\\\/www.enzo-und-ferdinand.de\\\/wp-content\\\/uploads\\\/2018\\\/12\\\/revvvs-icon.png\",\"contentUrl\":\"https:\\\/\\\/www.enzo-und-ferdinand.de\\\/wp-content\\\/uploads\\\/2018\\\/12\\\/revvvs-icon.png\",\"width\":512,\"height\":512,\"caption\":\"enzo & Ferdinand\"},\"image\":{\"@id\":\"https:\\\/\\\/www.enzo-und-ferdinand.de\\\/#\\\/schema\\\/logo\\\/image\\\/\"}},{\"@type\":\"Person\",\"@id\":\"https:\\\/\\\/www.enzo-und-ferdinand.de\\\/#\\\/schema\\\/person\\\/aff2eb9ff87705987c1b9d21fe10b095\",\"name\":\"Rainer Ro\u00dfbach\",\"image\":{\"@type\":\"ImageObject\",\"inLanguage\":\"de\",\"@id\":\"https:\\\/\\\/www.enzo-und-ferdinand.de\\\/wp-content\\\/uploads\\\/2026\\\/01\\\/Rainer-Rossbach-150x150.jpg\",\"url\":\"https:\\\/\\\/www.enzo-und-ferdinand.de\\\/wp-content\\\/uploads\\\/2026\\\/01\\\/Rainer-Rossbach-150x150.jpg\",\"contentUrl\":\"https:\\\/\\\/www.enzo-und-ferdinand.de\\\/wp-content\\\/uploads\\\/2026\\\/01\\\/Rainer-Rossbach-150x150.jpg\",\"caption\":\"Rainer Ro\u00dfbach\"},\"url\":\"https:\\\/\\\/www.enzo-und-ferdinand.de\\\/index.php\\\/author\\\/redaktion\\\/\"}]}<\/script>\n<!-- \/ Yoast SEO plugin. -->","yoast_head_json":{"title":"Lexus LS Concept: Luxusvan mit sechs R\u00e4dern","description":"Rainer Ro\u00dfbach, Rainer Rossbach, enzo-und-ferdinand, enzo&ferdinand, Enzo, Lexus LS Concept, Lexus, Japan Mobility Show, Luxusvan, Sechsrad-Konzept, Premiumfahrzeug, futuristischer Innenraum, LED-Lichtdesign, drei Sitzreihen, Fahrzeugstudie, Luxusmobilit\u00e4t, Automobilkonzept, technologische Zukunft, Premiumsegment","robots":{"index":"index","follow":"follow","max-snippet":"max-snippet:-1","max-image-preview":"max-image-preview:large","max-video-preview":"max-video-preview:-1"},"canonical":"https:\/\/www.enzo-und-ferdinand.de\/index.php\/2025\/12\/02\/lexus-ls-concept-luxusvan-mit-sechs-raedern\/","og_locale":"de_DE","og_type":"article","og_title":"Lexus LS Concept: Luxusvan mit sechs R\u00e4dern","og_description":"Rainer Ro\u00dfbach, Rainer Rossbach, enzo-und-ferdinand, enzo&ferdinand, Enzo, Lexus LS Concept, Lexus, Japan Mobility Show, Luxusvan, Sechsrad-Konzept, Premiumfahrzeug, futuristischer Innenraum, LED-Lichtdesign, drei Sitzreihen, Fahrzeugstudie, Luxusmobilit\u00e4t, Automobilkonzept, technologische Zukunft, Premiumsegment","og_url":"https:\/\/www.enzo-und-ferdinand.de\/index.php\/2025\/12\/02\/lexus-ls-concept-luxusvan-mit-sechs-raedern\/","og_site_name":"enzo &amp; Ferdinand","article_published_time":"2025-12-02T12:09:44+00:00","article_modified_time":"2025-12-02T12:09:45+00:00","og_image":[{"width":1500,"height":1000,"url":"https:\/\/www.enzo-und-ferdinand.de\/wp-content\/uploads\/2025\/12\/2025-Lexus-LS-Concept-01.jpg","type":"image\/jpeg"}],"author":"Rainer Ro\u00dfbach","twitter_card":"summary_large_image","twitter_misc":{"Verfasst von":"Rainer Ro\u00dfbach","Gesch\u00e4tzte Lesezeit":"3\u00a0Minuten"},"schema":{"@context":"https:\/\/schema.org","@graph":[{"@type":"Article","@id":"https:\/\/www.enzo-und-ferdinand.de\/index.php\/2025\/12\/02\/lexus-ls-concept-luxusvan-mit-sechs-raedern\/#article","isPartOf":{"@id":"https:\/\/www.enzo-und-ferdinand.de\/index.php\/2025\/12\/02\/lexus-ls-concept-luxusvan-mit-sechs-raedern\/"},"author":{"name":"Rainer Ro\u00dfbach","@id":"https:\/\/www.enzo-und-ferdinand.de\/#\/schema\/person\/aff2eb9ff87705987c1b9d21fe10b095"},"headline":"Lexus LS Concept: Luxusvan mit sechs R\u00e4dern","datePublished":"2025-12-02T12:09:44+00:00","dateModified":"2025-12-02T12:09:45+00:00","mainEntityOfPage":{"@id":"https:\/\/www.enzo-und-ferdinand.de\/index.php\/2025\/12\/02\/lexus-ls-concept-luxusvan-mit-sechs-raedern\/"},"wordCount":288,"publisher":{"@id":"https:\/\/www.enzo-und-ferdinand.de\/#organization"},"image":{"@id":"https:\/\/www.enzo-und-ferdinand.de\/index.php\/2025\/12\/02\/lexus-ls-concept-luxusvan-mit-sechs-raedern\/#primaryimage"},"thumbnailUrl":"https:\/\/www.enzo-und-ferdinand.de\/wp-content\/uploads\/2025\/12\/2025-Lexus-LS-Concept-01.jpg","keywords":["Lexus"],"articleSection":["Japan Design","Studien","Technologie"],"inLanguage":"de"},{"@type":"WebPage","@id":"https:\/\/www.enzo-und-ferdinand.de\/index.php\/2025\/12\/02\/lexus-ls-concept-luxusvan-mit-sechs-raedern\/","url":"https:\/\/www.enzo-und-ferdinand.de\/index.php\/2025\/12\/02\/lexus-ls-concept-luxusvan-mit-sechs-raedern\/","name":"Lexus LS Concept: Luxusvan mit sechs R\u00e4dern","isPartOf":{"@id":"https:\/\/www.enzo-und-ferdinand.de\/#website"},"primaryImageOfPage":{"@id":"https:\/\/www.enzo-und-ferdinand.de\/index.php\/2025\/12\/02\/lexus-ls-concept-luxusvan-mit-sechs-raedern\/#primaryimage"},"image":{"@id":"https:\/\/www.enzo-und-ferdinand.de\/index.php\/2025\/12\/02\/lexus-ls-concept-luxusvan-mit-sechs-raedern\/#primaryimage"},"thumbnailUrl":"https:\/\/www.enzo-und-ferdinand.de\/wp-content\/uploads\/2025\/12\/2025-Lexus-LS-Concept-01.jpg","datePublished":"2025-12-02T12:09:44+00:00","dateModified":"2025-12-02T12:09:45+00:00","description":"Rainer Ro\u00dfbach, Rainer Rossbach, enzo-und-ferdinand, enzo&ferdinand, Enzo, Lexus LS Concept, Lexus, Japan Mobility Show, Luxusvan, Sechsrad-Konzept, Premiumfahrzeug, futuristischer Innenraum, LED-Lichtdesign, drei Sitzreihen, Fahrzeugstudie, Luxusmobilit\u00e4t, Automobilkonzept, technologische Zukunft, Premiumsegment","breadcrumb":{"@id":"https:\/\/www.enzo-und-ferdinand.de\/index.php\/2025\/12\/02\/lexus-ls-concept-luxusvan-mit-sechs-raedern\/#breadcrumb"},"inLanguage":"de","potentialAction":[{"@type":"ReadAction","target":["https:\/\/www.enzo-und-ferdinand.de\/index.php\/2025\/12\/02\/lexus-ls-concept-luxusvan-mit-sechs-raedern\/"]}]},{"@type":"ImageObject","inLanguage":"de","@id":"https:\/\/www.enzo-und-ferdinand.de\/index.php\/2025\/12\/02\/lexus-ls-concept-luxusvan-mit-sechs-raedern\/#primaryimage","url":"https:\/\/www.enzo-und-ferdinand.de\/wp-content\/uploads\/2025\/12\/2025-Lexus-LS-Concept-01.jpg","contentUrl":"https:\/\/www.enzo-und-ferdinand.de\/wp-content\/uploads\/2025\/12\/2025-Lexus-LS-Concept-01.jpg","width":1500,"height":1000,"caption":"2025 Lexus LS Concept"},{"@type":"BreadcrumbList","@id":"https:\/\/www.enzo-und-ferdinand.de\/index.php\/2025\/12\/02\/lexus-ls-concept-luxusvan-mit-sechs-raedern\/#breadcrumb","itemListElement":[{"@type":"ListItem","position":1,"name":"Startseite","item":"https:\/\/www.enzo-und-ferdinand.de\/"},{"@type":"ListItem","position":2,"name":"Lexus LS Concept: Luxusvan mit sechs R\u00e4dern"}]},{"@type":"WebSite","@id":"https:\/\/www.enzo-und-ferdinand.de\/#website","url":"https:\/\/www.enzo-und-ferdinand.de\/","name":"enzo & Ferdinand","description":"","publisher":{"@id":"https:\/\/www.enzo-und-ferdinand.de\/#organization"},"potentialAction":[{"@type":"SearchAction","target":{"@type":"EntryPoint","urlTemplate":"https:\/\/www.enzo-und-ferdinand.de\/?s={search_term_string}"},"query-input":{"@type":"PropertyValueSpecification","valueRequired":true,"valueName":"search_term_string"}}],"inLanguage":"de"},{"@type":"Organization","@id":"https:\/\/www.enzo-und-ferdinand.de\/#organization","name":"enzo & Ferdinand","url":"https:\/\/www.enzo-und-ferdinand.de\/","logo":{"@type":"ImageObject","inLanguage":"de","@id":"https:\/\/www.enzo-und-ferdinand.de\/#\/schema\/logo\/image\/","url":"https:\/\/www.enzo-und-ferdinand.de\/wp-content\/uploads\/2018\/12\/revvvs-icon.png","contentUrl":"https:\/\/www.enzo-und-ferdinand.de\/wp-content\/uploads\/2018\/12\/revvvs-icon.png","width":512,"height":512,"caption":"enzo & Ferdinand"},"image":{"@id":"https:\/\/www.enzo-und-ferdinand.de\/#\/schema\/logo\/image\/"}},{"@type":"Person","@id":"https:\/\/www.enzo-und-ferdinand.de\/#\/schema\/person\/aff2eb9ff87705987c1b9d21fe10b095","name":"Rainer Ro\u00dfbach","image":{"@type":"ImageObject","inLanguage":"de","@id":"https:\/\/www.enzo-und-ferdinand.de\/wp-content\/uploads\/2026\/01\/Rainer-Rossbach-150x150.jpg","url":"https:\/\/www.enzo-und-ferdinand.de\/wp-content\/uploads\/2026\/01\/Rainer-Rossbach-150x150.jpg","contentUrl":"https:\/\/www.enzo-und-ferdinand.de\/wp-content\/uploads\/2026\/01\/Rainer-Rossbach-150x150.jpg","caption":"Rainer Ro\u00dfbach"},"url":"https:\/\/www.enzo-und-ferdinand.de\/index.php\/author\/redaktion\/"}]}},"_links":{"self":[{"href":"https:\/\/www.enzo-und-ferdinand.de\/index.php\/wp-json\/wp\/v2\/posts\/21656","targetHints":{"allow":["GET"]}}],"collection":[{"href":"https:\/\/www.enzo-und-ferdinand.de\/index.php\/wp-json\/wp\/v2\/posts"}],"about":[{"href":"https:\/\/www.enzo-und-ferdinand.de\/index.php\/wp-json\/wp\/v2\/types\/post"}],"author":[{"embeddable":true,"href":"https:\/\/www.enzo-und-ferdinand.de\/index.php\/wp-json\/wp\/v2\/users\/1"}],"replies":[{"embeddable":true,"href":"https:\/\/www.enzo-und-ferdinand.de\/index.php\/wp-json\/wp\/v2\/comments?post=21656"}],"version-history":[{"count":1,"href":"https:\/\/www.enzo-und-ferdinand.de\/index.php\/wp-json\/wp\/v2\/posts\/21656\/revisions"}],"predecessor-version":[{"id":21658,"href":"https:\/\/www.enzo-und-ferdinand.de\/index.php\/wp-json\/wp\/v2\/posts\/21656\/revisions\/21658"}],"wp:featuredmedia":[{"embeddable":true,"href":"https:\/\/www.enzo-und-ferdinand.de\/index.php\/wp-json\/wp\/v2\/media\/21650"}],"wp:attachment":[{"href":"https:\/\/www.enzo-und-ferdinand.de\/index.php\/wp-json\/wp\/v2\/media?parent=21656"}],"wp:term":[{"taxonomy":"category","embeddable":true,"href":"https:\/\/www.enzo-und-ferdinand.de\/index.php\/wp-json\/wp\/v2\/categories?post=21656"},{"taxonomy":"post_tag","embeddable":true,"href":"https:\/\/www.enzo-und-ferdinand.de\/index.php\/wp-json\/wp\/v2\/tags?post=21656"}],"curies":[{"name":"wp","href":"https:\/\/api.w.org\/{rel}","templated":true}]}}