{"id":2174,"date":"2019-01-26T15:03:23","date_gmt":"2019-01-26T14:03:23","guid":{"rendered":"http:\/\/www.enzo-und-ferdinand.de\/?p=2174"},"modified":"2025-12-27T15:20:16","modified_gmt":"2025-12-27T14:20:16","slug":"porsche-cayman-gt4-rallye","status":"publish","type":"post","link":"https:\/\/www.enzo-und-ferdinand.de\/index.php\/2019\/01\/26\/porsche-cayman-gt4-rallye\/","title":{"rendered":"Porsche Cayman GT4 Rallye"},"content":{"rendered":"\n<figure class=\"wp-block-image\"><img loading=\"lazy\" decoding=\"async\" width=\"810\" height=\"540\" src=\"https:\/\/www.enzo-und-ferdinand.de\/wp-content\/uploads\/2019\/01\/gt4-rallye-5.jpg\" alt=\"Porsche Cayman GT4 Rallye\" class=\"wp-image-2179\" srcset=\"https:\/\/www.enzo-und-ferdinand.de\/wp-content\/uploads\/2019\/01\/gt4-rallye-5.jpg 810w, https:\/\/www.enzo-und-ferdinand.de\/wp-content\/uploads\/2019\/01\/gt4-rallye-5-300x200.jpg 300w, https:\/\/www.enzo-und-ferdinand.de\/wp-content\/uploads\/2019\/01\/gt4-rallye-5-768x512.jpg 768w, https:\/\/www.enzo-und-ferdinand.de\/wp-content\/uploads\/2019\/01\/gt4-rallye-5-120x80.jpg 120w\" sizes=\"auto, (max-width: 810px) 100vw, 810px\" \/><\/figure>\n\n\n\n<p class=\"wp-block-paragraph\">Wer den Cayman schon immer f\u00fcr den wahren 911er-Erben gehalten hat, kann sich jetzt best\u00e4tigt f\u00fchlen. Mit potenten Sportlern wie dem 718 Cayman GT4 Clubsport oder dem P\u00e4rchen Cayman T\/Boxster T besetzen die Zuffenhauser immer mehr Nischen, die bis dato dem Elfer vorbehalten waren.<\/p>\n\n\n\n<p class=\"wp-block-paragraph\">Das gilt auch f\u00fcr den GT4 Rallye, der gleichfalls im 911-Erbhof wildert. 1968 gewannen Elford\/Stone auf dem 911 die Rallye Monte Carlo und in diese Fu\u00dfstapfen tritt nun die Rallye-Version des Cayman.<\/p>\n\n\n\n<p class=\"wp-block-paragraph\">Diese baut technisch auf dem Anfang Januar vorgestellten 718 Cayman GT4 Clubsport auf, der als Kundensport-Fahrzeug f\u00fcr den Einsatz in GT4-Rennserien sowie bei Club-Events vorgesehen ist und von einen 425 PS starken 3,8-Liter-Sechszylinder-Boxermotor befeuert wird. <br>\n<br>\nDer Cayman GT4 Rallye passt exakt ins R-GT-Reglement, das vom Automobil-Weltverband FIA zur Saison 2011 etabliert wurde und das 2014 noch einmal eine umfassende \u00dcberarbeitung erfahren hat. Mit R-GT-homologierten Fahrzeugen kann man weltweit an Veranstaltungen wie etwa der ber\u00fchmten Rallye Monte Carlo oder etwa der Rallye Korsika mitfahren.<\/p>\n\n\n\n<p class=\"wp-block-paragraph\">Die erste Demofahrt auf Schnee und Eis absolvierte das Konzept beim GP Ice Race in Zell am See vom 19. bis zum 20. Januar.<\/p>\n\n\n\n<figure class=\"wp-block-image\"><img loading=\"lazy\" decoding=\"async\" width=\"810\" height=\"540\" src=\"https:\/\/www.enzo-und-ferdinand.de\/wp-content\/uploads\/2019\/01\/gt4-rallye-4.jpg\" alt=\"Porsche Cayman GT4 Rallye\" class=\"wp-image-2180\" srcset=\"https:\/\/www.enzo-und-ferdinand.de\/wp-content\/uploads\/2019\/01\/gt4-rallye-4.jpg 810w, https:\/\/www.enzo-und-ferdinand.de\/wp-content\/uploads\/2019\/01\/gt4-rallye-4-300x200.jpg 300w, https:\/\/www.enzo-und-ferdinand.de\/wp-content\/uploads\/2019\/01\/gt4-rallye-4-768x512.jpg 768w, https:\/\/www.enzo-und-ferdinand.de\/wp-content\/uploads\/2019\/01\/gt4-rallye-4-120x80.jpg 120w\" sizes=\"auto, (max-width: 810px) 100vw, 810px\" \/><\/figure>\n\n\n\n<p style=\"text-align:center\" class=\"has-small-font-size wp-block-paragraph\">Fotos: Porsche\/Text: Rainer Ro\u00dfbach<\/p>\n","protected":false},"excerpt":{"rendered":"<p>Wer den Cayman schon immer f\u00fcr den wahren 911er-Erben gehalten hat, kann sich jetzt best\u00e4tigt f\u00fchlen. Mit potenten Sportlern wie dem 718 Cayman GT4 Clubsport oder dem P\u00e4rchen Cayman T\/Boxster T besetzen die Zuffenhauser immer mehr Nischen, die bis dato dem Elfer vorbehalten waren.<br \/>\nDas gilt auch f\u00fcr den GT4 Rallye, der gleichfalls im 911-Erbhof wildert. 1968 gewannen Elford\/Stone auf dem 911 die Rallye Monte Carlo und in diese Fu\u00dfstapfen tritt nun die Rallye-Version des Cayman.<\/p>\n","protected":false},"author":1,"featured_media":2178,"comment_status":"closed","ping_status":"closed","sticky":false,"template":"","format":"standard","meta":{"_crdt_document":"","ngg_post_thumbnail":0,"footnotes":""},"categories":[23,5],"tags":[57],"class_list":["post-2174","post","type-post","status-publish","format-standard","has-post-thumbnail","hentry","category-performance","category-rennsport","tag-porsche-cayman-gt4-rallye"],"yoast_head":"<!-- This site is optimized with the Yoast SEO plugin v27.5 - https:\/\/yoast.com\/product\/yoast-seo-wordpress\/ -->\n<title>Porsche Cayman GT4 Rallye<\/title>\n<meta name=\"description\" content=\"Porsche Cayman GT4 Rallye\" \/>\n<meta name=\"robots\" content=\"index, follow, max-snippet:-1, max-image-preview:large, max-video-preview:-1\" \/>\n<link rel=\"canonical\" href=\"https:\/\/www.enzo-und-ferdinand.de\/index.php\/2019\/01\/26\/porsche-cayman-gt4-rallye\/\" \/>\n<meta property=\"og:locale\" content=\"de_DE\" \/>\n<meta property=\"og:type\" content=\"article\" \/>\n<meta property=\"og:title\" content=\"Porsche Cayman GT4 Rallye\" \/>\n<meta property=\"og:description\" content=\"Porsche Cayman GT4 Rallye\" \/>\n<meta property=\"og:url\" content=\"https:\/\/www.enzo-und-ferdinand.de\/index.php\/2019\/01\/26\/porsche-cayman-gt4-rallye\/\" \/>\n<meta property=\"og:site_name\" content=\"enzo &amp; Ferdinand\" \/>\n<meta property=\"article:published_time\" content=\"2019-01-26T14:03:23+00:00\" \/>\n<meta property=\"article:modified_time\" content=\"2025-12-27T14:20:16+00:00\" \/>\n<meta property=\"og:image\" content=\"https:\/\/www.enzo-und-ferdinand.de\/wp-content\/uploads\/2019\/01\/gt4-rallye-1.jpg\" \/>\n\t<meta property=\"og:image:width\" content=\"810\" \/>\n\t<meta property=\"og:image:height\" content=\"540\" \/>\n\t<meta property=\"og:image:type\" content=\"image\/jpeg\" \/>\n<meta name=\"author\" content=\"Rainer Ro\u00dfbach\" \/>\n<meta name=\"twitter:card\" content=\"summary_large_image\" \/>\n<meta name=\"twitter:label1\" content=\"Verfasst von\" \/>\n\t<meta name=\"twitter:data1\" content=\"Rainer Ro\u00dfbach\" \/>\n\t<meta name=\"twitter:label2\" content=\"Gesch\u00e4tzte Lesezeit\" \/>\n\t<meta name=\"twitter:data2\" content=\"2\u00a0Minuten\" \/>\n<script type=\"application\/ld+json\" class=\"yoast-schema-graph\">{\"@context\":\"https:\\\/\\\/schema.org\",\"@graph\":[{\"@type\":\"Article\",\"@id\":\"https:\\\/\\\/www.enzo-und-ferdinand.de\\\/index.php\\\/2019\\\/01\\\/26\\\/porsche-cayman-gt4-rallye\\\/#article\",\"isPartOf\":{\"@id\":\"https:\\\/\\\/www.enzo-und-ferdinand.de\\\/index.php\\\/2019\\\/01\\\/26\\\/porsche-cayman-gt4-rallye\\\/\"},\"author\":{\"name\":\"Rainer Ro\u00dfbach\",\"@id\":\"https:\\\/\\\/www.enzo-und-ferdinand.de\\\/#\\\/schema\\\/person\\\/aff2eb9ff87705987c1b9d21fe10b095\"},\"headline\":\"Porsche Cayman GT4 Rallye\",\"datePublished\":\"2019-01-26T14:03:23+00:00\",\"dateModified\":\"2025-12-27T14:20:16+00:00\",\"mainEntityOfPage\":{\"@id\":\"https:\\\/\\\/www.enzo-und-ferdinand.de\\\/index.php\\\/2019\\\/01\\\/26\\\/porsche-cayman-gt4-rallye\\\/\"},\"wordCount\":195,\"publisher\":{\"@id\":\"https:\\\/\\\/www.enzo-und-ferdinand.de\\\/#organization\"},\"image\":{\"@id\":\"https:\\\/\\\/www.enzo-und-ferdinand.de\\\/index.php\\\/2019\\\/01\\\/26\\\/porsche-cayman-gt4-rallye\\\/#primaryimage\"},\"thumbnailUrl\":\"https:\\\/\\\/www.enzo-und-ferdinand.de\\\/wp-content\\\/uploads\\\/2019\\\/01\\\/gt4-rallye-1.jpg\",\"keywords\":[\"Porsche Cayman GT4 Rallye\"],\"articleSection\":[\"Performance\",\"Rennsport\"],\"inLanguage\":\"de\"},{\"@type\":\"WebPage\",\"@id\":\"https:\\\/\\\/www.enzo-und-ferdinand.de\\\/index.php\\\/2019\\\/01\\\/26\\\/porsche-cayman-gt4-rallye\\\/\",\"url\":\"https:\\\/\\\/www.enzo-und-ferdinand.de\\\/index.php\\\/2019\\\/01\\\/26\\\/porsche-cayman-gt4-rallye\\\/\",\"name\":\"Porsche Cayman GT4 Rallye\",\"isPartOf\":{\"@id\":\"https:\\\/\\\/www.enzo-und-ferdinand.de\\\/#website\"},\"primaryImageOfPage\":{\"@id\":\"https:\\\/\\\/www.enzo-und-ferdinand.de\\\/index.php\\\/2019\\\/01\\\/26\\\/porsche-cayman-gt4-rallye\\\/#primaryimage\"},\"image\":{\"@id\":\"https:\\\/\\\/www.enzo-und-ferdinand.de\\\/index.php\\\/2019\\\/01\\\/26\\\/porsche-cayman-gt4-rallye\\\/#primaryimage\"},\"thumbnailUrl\":\"https:\\\/\\\/www.enzo-und-ferdinand.de\\\/wp-content\\\/uploads\\\/2019\\\/01\\\/gt4-rallye-1.jpg\",\"datePublished\":\"2019-01-26T14:03:23+00:00\",\"dateModified\":\"2025-12-27T14:20:16+00:00\",\"description\":\"Porsche Cayman GT4 Rallye\",\"breadcrumb\":{\"@id\":\"https:\\\/\\\/www.enzo-und-ferdinand.de\\\/index.php\\\/2019\\\/01\\\/26\\\/porsche-cayman-gt4-rallye\\\/#breadcrumb\"},\"inLanguage\":\"de\",\"potentialAction\":[{\"@type\":\"ReadAction\",\"target\":[\"https:\\\/\\\/www.enzo-und-ferdinand.de\\\/index.php\\\/2019\\\/01\\\/26\\\/porsche-cayman-gt4-rallye\\\/\"]}]},{\"@type\":\"ImageObject\",\"inLanguage\":\"de\",\"@id\":\"https:\\\/\\\/www.enzo-und-ferdinand.de\\\/index.php\\\/2019\\\/01\\\/26\\\/porsche-cayman-gt4-rallye\\\/#primaryimage\",\"url\":\"https:\\\/\\\/www.enzo-und-ferdinand.de\\\/wp-content\\\/uploads\\\/2019\\\/01\\\/gt4-rallye-1.jpg\",\"contentUrl\":\"https:\\\/\\\/www.enzo-und-ferdinand.de\\\/wp-content\\\/uploads\\\/2019\\\/01\\\/gt4-rallye-1.jpg\",\"width\":810,\"height\":540,\"caption\":\"Porsche Cayman GT4 Rallye\"},{\"@type\":\"BreadcrumbList\",\"@id\":\"https:\\\/\\\/www.enzo-und-ferdinand.de\\\/index.php\\\/2019\\\/01\\\/26\\\/porsche-cayman-gt4-rallye\\\/#breadcrumb\",\"itemListElement\":[{\"@type\":\"ListItem\",\"position\":1,\"name\":\"Startseite\",\"item\":\"https:\\\/\\\/www.enzo-und-ferdinand.de\\\/\"},{\"@type\":\"ListItem\",\"position\":2,\"name\":\"Porsche Cayman GT4 Rallye\"}]},{\"@type\":\"WebSite\",\"@id\":\"https:\\\/\\\/www.enzo-und-ferdinand.de\\\/#website\",\"url\":\"https:\\\/\\\/www.enzo-und-ferdinand.de\\\/\",\"name\":\"enzo & Ferdinand\",\"description\":\"\",\"publisher\":{\"@id\":\"https:\\\/\\\/www.enzo-und-ferdinand.de\\\/#organization\"},\"potentialAction\":[{\"@type\":\"SearchAction\",\"target\":{\"@type\":\"EntryPoint\",\"urlTemplate\":\"https:\\\/\\\/www.enzo-und-ferdinand.de\\\/?s={search_term_string}\"},\"query-input\":{\"@type\":\"PropertyValueSpecification\",\"valueRequired\":true,\"valueName\":\"search_term_string\"}}],\"inLanguage\":\"de\"},{\"@type\":\"Organization\",\"@id\":\"https:\\\/\\\/www.enzo-und-ferdinand.de\\\/#organization\",\"name\":\"enzo & Ferdinand\",\"url\":\"https:\\\/\\\/www.enzo-und-ferdinand.de\\\/\",\"logo\":{\"@type\":\"ImageObject\",\"inLanguage\":\"de\",\"@id\":\"https:\\\/\\\/www.enzo-und-ferdinand.de\\\/#\\\/schema\\\/logo\\\/image\\\/\",\"url\":\"https:\\\/\\\/www.enzo-und-ferdinand.de\\\/wp-content\\\/uploads\\\/2018\\\/12\\\/revvvs-icon.png\",\"contentUrl\":\"https:\\\/\\\/www.enzo-und-ferdinand.de\\\/wp-content\\\/uploads\\\/2018\\\/12\\\/revvvs-icon.png\",\"width\":512,\"height\":512,\"caption\":\"enzo & Ferdinand\"},\"image\":{\"@id\":\"https:\\\/\\\/www.enzo-und-ferdinand.de\\\/#\\\/schema\\\/logo\\\/image\\\/\"}},{\"@type\":\"Person\",\"@id\":\"https:\\\/\\\/www.enzo-und-ferdinand.de\\\/#\\\/schema\\\/person\\\/aff2eb9ff87705987c1b9d21fe10b095\",\"name\":\"Rainer Ro\u00dfbach\",\"image\":{\"@type\":\"ImageObject\",\"inLanguage\":\"de\",\"@id\":\"https:\\\/\\\/www.enzo-und-ferdinand.de\\\/wp-content\\\/uploads\\\/2026\\\/01\\\/Rainer-Rossbach-150x150.jpg\",\"url\":\"https:\\\/\\\/www.enzo-und-ferdinand.de\\\/wp-content\\\/uploads\\\/2026\\\/01\\\/Rainer-Rossbach-150x150.jpg\",\"contentUrl\":\"https:\\\/\\\/www.enzo-und-ferdinand.de\\\/wp-content\\\/uploads\\\/2026\\\/01\\\/Rainer-Rossbach-150x150.jpg\",\"caption\":\"Rainer Ro\u00dfbach\"},\"url\":\"https:\\\/\\\/www.enzo-und-ferdinand.de\\\/index.php\\\/author\\\/redaktion\\\/\"}]}<\/script>\n<!-- \/ Yoast SEO plugin. -->","yoast_head_json":{"title":"Porsche Cayman GT4 Rallye","description":"Porsche Cayman GT4 Rallye","robots":{"index":"index","follow":"follow","max-snippet":"max-snippet:-1","max-image-preview":"max-image-preview:large","max-video-preview":"max-video-preview:-1"},"canonical":"https:\/\/www.enzo-und-ferdinand.de\/index.php\/2019\/01\/26\/porsche-cayman-gt4-rallye\/","og_locale":"de_DE","og_type":"article","og_title":"Porsche Cayman GT4 Rallye","og_description":"Porsche Cayman GT4 Rallye","og_url":"https:\/\/www.enzo-und-ferdinand.de\/index.php\/2019\/01\/26\/porsche-cayman-gt4-rallye\/","og_site_name":"enzo &amp; Ferdinand","article_published_time":"2019-01-26T14:03:23+00:00","article_modified_time":"2025-12-27T14:20:16+00:00","og_image":[{"width":810,"height":540,"url":"https:\/\/www.enzo-und-ferdinand.de\/wp-content\/uploads\/2019\/01\/gt4-rallye-1.jpg","type":"image\/jpeg"}],"author":"Rainer Ro\u00dfbach","twitter_card":"summary_large_image","twitter_misc":{"Verfasst von":"Rainer Ro\u00dfbach","Gesch\u00e4tzte Lesezeit":"2\u00a0Minuten"},"schema":{"@context":"https:\/\/schema.org","@graph":[{"@type":"Article","@id":"https:\/\/www.enzo-und-ferdinand.de\/index.php\/2019\/01\/26\/porsche-cayman-gt4-rallye\/#article","isPartOf":{"@id":"https:\/\/www.enzo-und-ferdinand.de\/index.php\/2019\/01\/26\/porsche-cayman-gt4-rallye\/"},"author":{"name":"Rainer Ro\u00dfbach","@id":"https:\/\/www.enzo-und-ferdinand.de\/#\/schema\/person\/aff2eb9ff87705987c1b9d21fe10b095"},"headline":"Porsche Cayman GT4 Rallye","datePublished":"2019-01-26T14:03:23+00:00","dateModified":"2025-12-27T14:20:16+00:00","mainEntityOfPage":{"@id":"https:\/\/www.enzo-und-ferdinand.de\/index.php\/2019\/01\/26\/porsche-cayman-gt4-rallye\/"},"wordCount":195,"publisher":{"@id":"https:\/\/www.enzo-und-ferdinand.de\/#organization"},"image":{"@id":"https:\/\/www.enzo-und-ferdinand.de\/index.php\/2019\/01\/26\/porsche-cayman-gt4-rallye\/#primaryimage"},"thumbnailUrl":"https:\/\/www.enzo-und-ferdinand.de\/wp-content\/uploads\/2019\/01\/gt4-rallye-1.jpg","keywords":["Porsche Cayman GT4 Rallye"],"articleSection":["Performance","Rennsport"],"inLanguage":"de"},{"@type":"WebPage","@id":"https:\/\/www.enzo-und-ferdinand.de\/index.php\/2019\/01\/26\/porsche-cayman-gt4-rallye\/","url":"https:\/\/www.enzo-und-ferdinand.de\/index.php\/2019\/01\/26\/porsche-cayman-gt4-rallye\/","name":"Porsche Cayman GT4 Rallye","isPartOf":{"@id":"https:\/\/www.enzo-und-ferdinand.de\/#website"},"primaryImageOfPage":{"@id":"https:\/\/www.enzo-und-ferdinand.de\/index.php\/2019\/01\/26\/porsche-cayman-gt4-rallye\/#primaryimage"},"image":{"@id":"https:\/\/www.enzo-und-ferdinand.de\/index.php\/2019\/01\/26\/porsche-cayman-gt4-rallye\/#primaryimage"},"thumbnailUrl":"https:\/\/www.enzo-und-ferdinand.de\/wp-content\/uploads\/2019\/01\/gt4-rallye-1.jpg","datePublished":"2019-01-26T14:03:23+00:00","dateModified":"2025-12-27T14:20:16+00:00","description":"Porsche Cayman GT4 Rallye","breadcrumb":{"@id":"https:\/\/www.enzo-und-ferdinand.de\/index.php\/2019\/01\/26\/porsche-cayman-gt4-rallye\/#breadcrumb"},"inLanguage":"de","potentialAction":[{"@type":"ReadAction","target":["https:\/\/www.enzo-und-ferdinand.de\/index.php\/2019\/01\/26\/porsche-cayman-gt4-rallye\/"]}]},{"@type":"ImageObject","inLanguage":"de","@id":"https:\/\/www.enzo-und-ferdinand.de\/index.php\/2019\/01\/26\/porsche-cayman-gt4-rallye\/#primaryimage","url":"https:\/\/www.enzo-und-ferdinand.de\/wp-content\/uploads\/2019\/01\/gt4-rallye-1.jpg","contentUrl":"https:\/\/www.enzo-und-ferdinand.de\/wp-content\/uploads\/2019\/01\/gt4-rallye-1.jpg","width":810,"height":540,"caption":"Porsche Cayman GT4 Rallye"},{"@type":"BreadcrumbList","@id":"https:\/\/www.enzo-und-ferdinand.de\/index.php\/2019\/01\/26\/porsche-cayman-gt4-rallye\/#breadcrumb","itemListElement":[{"@type":"ListItem","position":1,"name":"Startseite","item":"https:\/\/www.enzo-und-ferdinand.de\/"},{"@type":"ListItem","position":2,"name":"Porsche Cayman GT4 Rallye"}]},{"@type":"WebSite","@id":"https:\/\/www.enzo-und-ferdinand.de\/#website","url":"https:\/\/www.enzo-und-ferdinand.de\/","name":"enzo & Ferdinand","description":"","publisher":{"@id":"https:\/\/www.enzo-und-ferdinand.de\/#organization"},"potentialAction":[{"@type":"SearchAction","target":{"@type":"EntryPoint","urlTemplate":"https:\/\/www.enzo-und-ferdinand.de\/?s={search_term_string}"},"query-input":{"@type":"PropertyValueSpecification","valueRequired":true,"valueName":"search_term_string"}}],"inLanguage":"de"},{"@type":"Organization","@id":"https:\/\/www.enzo-und-ferdinand.de\/#organization","name":"enzo & Ferdinand","url":"https:\/\/www.enzo-und-ferdinand.de\/","logo":{"@type":"ImageObject","inLanguage":"de","@id":"https:\/\/www.enzo-und-ferdinand.de\/#\/schema\/logo\/image\/","url":"https:\/\/www.enzo-und-ferdinand.de\/wp-content\/uploads\/2018\/12\/revvvs-icon.png","contentUrl":"https:\/\/www.enzo-und-ferdinand.de\/wp-content\/uploads\/2018\/12\/revvvs-icon.png","width":512,"height":512,"caption":"enzo & Ferdinand"},"image":{"@id":"https:\/\/www.enzo-und-ferdinand.de\/#\/schema\/logo\/image\/"}},{"@type":"Person","@id":"https:\/\/www.enzo-und-ferdinand.de\/#\/schema\/person\/aff2eb9ff87705987c1b9d21fe10b095","name":"Rainer Ro\u00dfbach","image":{"@type":"ImageObject","inLanguage":"de","@id":"https:\/\/www.enzo-und-ferdinand.de\/wp-content\/uploads\/2026\/01\/Rainer-Rossbach-150x150.jpg","url":"https:\/\/www.enzo-und-ferdinand.de\/wp-content\/uploads\/2026\/01\/Rainer-Rossbach-150x150.jpg","contentUrl":"https:\/\/www.enzo-und-ferdinand.de\/wp-content\/uploads\/2026\/01\/Rainer-Rossbach-150x150.jpg","caption":"Rainer Ro\u00dfbach"},"url":"https:\/\/www.enzo-und-ferdinand.de\/index.php\/author\/redaktion\/"}]}},"_links":{"self":[{"href":"https:\/\/www.enzo-und-ferdinand.de\/index.php\/wp-json\/wp\/v2\/posts\/2174","targetHints":{"allow":["GET"]}}],"collection":[{"href":"https:\/\/www.enzo-und-ferdinand.de\/index.php\/wp-json\/wp\/v2\/posts"}],"about":[{"href":"https:\/\/www.enzo-und-ferdinand.de\/index.php\/wp-json\/wp\/v2\/types\/post"}],"author":[{"embeddable":true,"href":"https:\/\/www.enzo-und-ferdinand.de\/index.php\/wp-json\/wp\/v2\/users\/1"}],"replies":[{"embeddable":true,"href":"https:\/\/www.enzo-und-ferdinand.de\/index.php\/wp-json\/wp\/v2\/comments?post=2174"}],"version-history":[{"count":8,"href":"https:\/\/www.enzo-und-ferdinand.de\/index.php\/wp-json\/wp\/v2\/posts\/2174\/revisions"}],"predecessor-version":[{"id":2185,"href":"https:\/\/www.enzo-und-ferdinand.de\/index.php\/wp-json\/wp\/v2\/posts\/2174\/revisions\/2185"}],"wp:featuredmedia":[{"embeddable":true,"href":"https:\/\/www.enzo-und-ferdinand.de\/index.php\/wp-json\/wp\/v2\/media\/2178"}],"wp:attachment":[{"href":"https:\/\/www.enzo-und-ferdinand.de\/index.php\/wp-json\/wp\/v2\/media?parent=2174"}],"wp:term":[{"taxonomy":"category","embeddable":true,"href":"https:\/\/www.enzo-und-ferdinand.de\/index.php\/wp-json\/wp\/v2\/categories?post=2174"},{"taxonomy":"post_tag","embeddable":true,"href":"https:\/\/www.enzo-und-ferdinand.de\/index.php\/wp-json\/wp\/v2\/tags?post=2174"}],"curies":[{"name":"wp","href":"https:\/\/api.w.org\/{rel}","templated":true}]}}