{"id":21746,"date":"2025-12-15T06:59:44","date_gmt":"2025-12-15T05:59:44","guid":{"rendered":"https:\/\/www.enzo-und-ferdinand.de\/?p=21746"},"modified":"2025-12-15T06:59:45","modified_gmt":"2025-12-15T05:59:45","slug":"porsche-911-gt3-90-f-a-porsche-limitierte-hommage","status":"publish","type":"post","link":"https:\/\/www.enzo-und-ferdinand.de\/index.php\/2025\/12\/15\/porsche-911-gt3-90-f-a-porsche-limitierte-hommage\/","title":{"rendered":"911 GT3 90 F. A. Porsche"},"content":{"rendered":"\n<figure class=\"wp-block-image size-large\"><img loading=\"lazy\" decoding=\"async\" width=\"810\" height=\"540\" src=\"https:\/\/www.enzo-und-ferdinand.de\/wp-content\/uploads\/2025\/12\/911-GT3-90-F-A-Porsche-2-810x540.jpg\" alt=\"911 GT3 90 F. A. Porsche\" class=\"wp-image-21744\" srcset=\"https:\/\/www.enzo-und-ferdinand.de\/wp-content\/uploads\/2025\/12\/911-GT3-90-F-A-Porsche-2-810x540.jpg 810w, https:\/\/www.enzo-und-ferdinand.de\/wp-content\/uploads\/2025\/12\/911-GT3-90-F-A-Porsche-2-300x200.jpg 300w, https:\/\/www.enzo-und-ferdinand.de\/wp-content\/uploads\/2025\/12\/911-GT3-90-F-A-Porsche-2-768x512.jpg 768w, https:\/\/www.enzo-und-ferdinand.de\/wp-content\/uploads\/2025\/12\/911-GT3-90-F-A-Porsche-2-120x80.jpg 120w, https:\/\/www.enzo-und-ferdinand.de\/wp-content\/uploads\/2025\/12\/911-GT3-90-F-A-Porsche-2.jpg 1500w\" sizes=\"auto, (max-width: 810px) 100vw, 810px\" \/><\/figure>\n\n\n\n<p class=\"wp-block-paragraph\">Der 911 GT3 90 F. A. Porsche ist ein limitiertes Sammlerst\u00fcck zu Ehren des legend\u00e4ren Designers Ferdinand Alexander Porsche. Die Sonderedition verbindet modernste GT3-Technik mit exklusiven Heritage-Details und h\u00f6chster Individualisierungskompetenz aus der Sonderwunsch Manufaktur. Die auf 90 Exemplare limitierte Edition basiert technisch auf dem aktuellen 911 GT3 mit Touring-Paket und kombiniert kompromisslose Fahrdynamik mit dezenter Optik. Angetrieben wird das Sammlerst\u00fcck von einem frei saugenden 4,0-Liter-Sechszylinder-Boxermotor, der 375 kW (510 PS) und 450 Nm Drehmoment leistet. Die Kraft\u00fcbertragung erfolgt \u00fcber ein manuelles Schaltgetriebe, erg\u00e4nzt durch ein fahrdynamisch pr\u00e4zise abgestimmtes Fahrwerk und einen ausfahrbaren Heckspoiler.<\/p>\n\n\n\n<figure class=\"wp-block-image size-large\"><img loading=\"lazy\" decoding=\"async\" width=\"810\" height=\"540\" src=\"https:\/\/www.enzo-und-ferdinand.de\/wp-content\/uploads\/2025\/12\/911-GT3-90-F-A-Porsche-5-810x540.jpg\" alt=\"911 GT3 90 F. A. Porsche\" class=\"wp-image-21745\" srcset=\"https:\/\/www.enzo-und-ferdinand.de\/wp-content\/uploads\/2025\/12\/911-GT3-90-F-A-Porsche-5-810x540.jpg 810w, https:\/\/www.enzo-und-ferdinand.de\/wp-content\/uploads\/2025\/12\/911-GT3-90-F-A-Porsche-5-300x200.jpg 300w, https:\/\/www.enzo-und-ferdinand.de\/wp-content\/uploads\/2025\/12\/911-GT3-90-F-A-Porsche-5-768x512.jpg 768w, https:\/\/www.enzo-und-ferdinand.de\/wp-content\/uploads\/2025\/12\/911-GT3-90-F-A-Porsche-5-120x80.jpg 120w, https:\/\/www.enzo-und-ferdinand.de\/wp-content\/uploads\/2025\/12\/911-GT3-90-F-A-Porsche-5.jpg 1500w\" sizes=\"auto, (max-width: 810px) 100vw, 810px\" \/><\/figure>\n\n\n\n<p class=\"wp-block-paragraph\">Exklusiv f\u00fcr dieses Modell entwickelte Porsche die Lackierung F. A. Gr\u00fcnmetallic, eine moderne Interpretation des Oakgr\u00fcnmetallic aus dem pers\u00f6nlichen 911 von F. A. Porsche. Weitere technische und gestalterische Besonderheiten sind die erstmals f\u00fcr den GT3 Touring verf\u00fcgbaren Sport Classic R\u00e4der mit Zentralverschluss, historischem Porsche-Wappen und schwarzer Seidenglanz-Lackierung. Im Innenraum trifft Clubleder in Tr\u00fcffelbraun auf kalkbeige Ziern\u00e4hte und den eigens entwickelten Stoff F. A. Grid-Weave, der nicht nur auf den Sitzmittelbahnen, sondern auch im Handschuhfach und auf der Kofferraumwendematte verwendet wird.<\/p>\n\n\n\n<p class=\"wp-block-paragraph\">Ein zentrales Highlight ist der handgefertigte Schalthebel mit einem Knauf aus offenporigem Nussbaum-Schichtholz sowie mehreren vergoldeten Plaketten, die jedes Fahrzeug als \u201eOne of 90\u201c kennzeichnen. K\u00e4ufer erhalten zudem eine exklusive Edition des Porsche Design Chronograph 1 mit COSC-Zertifizierung, Titan-Geh\u00e4use und individuellen Gravuren. Der Preis betr\u00e4gt 351.211 Euro, die Bestellphase startet im April 2026, die Produktion folgt ab Mitte 2026.\u00a0<\/p>\n\n\n\n<figure class=\"wp-block-gallery has-nested-images columns-default is-cropped wp-block-gallery-1 is-layout-flex wp-block-gallery-is-layout-flex\">\n<figure class=\"wp-block-image size-large\"><img loading=\"lazy\" decoding=\"async\" width=\"810\" height=\"456\" data-id=\"21743\" src=\"https:\/\/www.enzo-und-ferdinand.de\/wp-content\/uploads\/2025\/12\/911-GT3-90-F-A-Porsche-1-810x456.jpg\" alt=\"911 GT3 90 F. A. Porsche\" class=\"wp-image-21743\" srcset=\"https:\/\/www.enzo-und-ferdinand.de\/wp-content\/uploads\/2025\/12\/911-GT3-90-F-A-Porsche-1-810x456.jpg 810w, https:\/\/www.enzo-und-ferdinand.de\/wp-content\/uploads\/2025\/12\/911-GT3-90-F-A-Porsche-1-300x169.jpg 300w, https:\/\/www.enzo-und-ferdinand.de\/wp-content\/uploads\/2025\/12\/911-GT3-90-F-A-Porsche-1-768x432.jpg 768w, https:\/\/www.enzo-und-ferdinand.de\/wp-content\/uploads\/2025\/12\/911-GT3-90-F-A-Porsche-1.jpg 1500w\" sizes=\"auto, (max-width: 810px) 100vw, 810px\" \/><\/figure>\n\n\n\n<figure class=\"wp-block-image size-large\"><img loading=\"lazy\" decoding=\"async\" width=\"810\" height=\"456\" data-id=\"21742\" src=\"https:\/\/www.enzo-und-ferdinand.de\/wp-content\/uploads\/2025\/12\/911-GT3-90-F-A-Porsche-4-810x456.jpg\" alt=\"911 GT3 90 F. A. Porsche\" class=\"wp-image-21742\" srcset=\"https:\/\/www.enzo-und-ferdinand.de\/wp-content\/uploads\/2025\/12\/911-GT3-90-F-A-Porsche-4-810x456.jpg 810w, https:\/\/www.enzo-und-ferdinand.de\/wp-content\/uploads\/2025\/12\/911-GT3-90-F-A-Porsche-4-300x169.jpg 300w, https:\/\/www.enzo-und-ferdinand.de\/wp-content\/uploads\/2025\/12\/911-GT3-90-F-A-Porsche-4-768x432.jpg 768w, https:\/\/www.enzo-und-ferdinand.de\/wp-content\/uploads\/2025\/12\/911-GT3-90-F-A-Porsche-4.jpg 1500w\" sizes=\"auto, (max-width: 810px) 100vw, 810px\" \/><\/figure>\n<\/figure>\n\n\n\n<p class=\"has-text-align-right wp-block-paragraph\">Fotos: Porsche\/Text: Rainer Ro\u00dfbach<\/p>\n","protected":false},"excerpt":{"rendered":"<p>Der 911 GT3 90 F. A. Porsche ist ein limitiertes Sammlerst\u00fcck zu Ehren des legend\u00e4ren Designers Ferdinand Alexander Porsche. Die Sonderedition verbindet modernste GT3-Technik mit exklusiven Heritage-Details und h\u00f6chster Individualisierungskompetenz aus der Sonderwunsch Manufaktur. Die auf 90 Exemplare limitierte Edition basiert technisch auf dem aktuellen 911 GT3 mit Touring-Paket und kombiniert kompromisslose Fahrdynamik mit dezenter Optik. Angetrieben wird das Sammlerst\u00fcck von einem frei saugenden 4,0-Liter-Sechszylinder-Boxermotor, der 375 kW (510 PS) und 450 Nm Drehmoment leistet. Die Kraft\u00fcbertragung erfolgt \u00fcber ein manuelles Schaltgetriebe, erg\u00e4nzt durch ein fahrdynamisch pr\u00e4zise abgestimmtes Fahrwerk und einen ausfahrbaren Heckspoiler.<\/p>\n","protected":false},"author":1,"featured_media":21741,"comment_status":"closed","ping_status":"open","sticky":false,"template":"","format":"standard","meta":{"_crdt_document":"","ngg_post_thumbnail":0,"footnotes":""},"categories":[665],"tags":[552,201],"class_list":["post-21746","post","type-post","status-publish","format-standard","has-post-thumbnail","hentry","category-editionen","tag-heritage-design-edition","tag-porsche"],"yoast_head":"<!-- This site is optimized with the Yoast SEO plugin v27.5 - https:\/\/yoast.com\/product\/yoast-seo-wordpress\/ -->\n<title>911 GT3 90 F. A. Porsche<\/title>\n<meta name=\"description\" content=\"Rainer Ro\u00dfbach, Rainer Rossbach, enzo-und-ferdinand, enzo&amp;ferdinand, Enzo, Porsche 911 GT3, 911 GT3 90 F. A. Porsche, Sonderwunsch Manufaktur, Ferdinand Alexander Porsche, Porsche Design, Chronograph 1, GT3 Touring, Sammlerst\u00fcck, Limited Edition, Sportwagen, Boxermotor, Heritage Design\" \/>\n<meta name=\"robots\" content=\"index, follow, max-snippet:-1, max-image-preview:large, max-video-preview:-1\" \/>\n<link rel=\"canonical\" href=\"https:\/\/www.enzo-und-ferdinand.de\/index.php\/2025\/12\/15\/porsche-911-gt3-90-f-a-porsche-limitierte-hommage\/\" \/>\n<meta property=\"og:locale\" content=\"de_DE\" \/>\n<meta property=\"og:type\" content=\"article\" \/>\n<meta property=\"og:title\" content=\"911 GT3 90 F. A. Porsche\" \/>\n<meta property=\"og:description\" content=\"Rainer Ro\u00dfbach, Rainer Rossbach, enzo-und-ferdinand, enzo&amp;ferdinand, Enzo, Porsche 911 GT3, 911 GT3 90 F. A. Porsche, Sonderwunsch Manufaktur, Ferdinand Alexander Porsche, Porsche Design, Chronograph 1, GT3 Touring, Sammlerst\u00fcck, Limited Edition, Sportwagen, Boxermotor, Heritage Design\" \/>\n<meta property=\"og:url\" content=\"https:\/\/www.enzo-und-ferdinand.de\/index.php\/2025\/12\/15\/porsche-911-gt3-90-f-a-porsche-limitierte-hommage\/\" \/>\n<meta property=\"og:site_name\" content=\"enzo &amp; Ferdinand\" \/>\n<meta property=\"article:published_time\" content=\"2025-12-15T05:59:44+00:00\" \/>\n<meta property=\"article:modified_time\" content=\"2025-12-15T05:59:45+00:00\" \/>\n<meta property=\"og:image\" content=\"https:\/\/www.enzo-und-ferdinand.de\/wp-content\/uploads\/2025\/12\/911-GT3-90-F-A-Porsche-3.jpg\" \/>\n\t<meta property=\"og:image:width\" content=\"1500\" \/>\n\t<meta property=\"og:image:height\" content=\"1000\" \/>\n\t<meta property=\"og:image:type\" content=\"image\/jpeg\" \/>\n<meta name=\"author\" content=\"Rainer Ro\u00dfbach\" \/>\n<meta name=\"twitter:card\" content=\"summary_large_image\" \/>\n<meta name=\"twitter:label1\" content=\"Verfasst von\" \/>\n\t<meta name=\"twitter:data1\" content=\"Rainer Ro\u00dfbach\" \/>\n\t<meta name=\"twitter:label2\" content=\"Gesch\u00e4tzte Lesezeit\" \/>\n\t<meta name=\"twitter:data2\" content=\"3\u00a0Minuten\" \/>\n<script type=\"application\/ld+json\" class=\"yoast-schema-graph\">{\"@context\":\"https:\\\/\\\/schema.org\",\"@graph\":[{\"@type\":\"Article\",\"@id\":\"https:\\\/\\\/www.enzo-und-ferdinand.de\\\/index.php\\\/2025\\\/12\\\/15\\\/porsche-911-gt3-90-f-a-porsche-limitierte-hommage\\\/#article\",\"isPartOf\":{\"@id\":\"https:\\\/\\\/www.enzo-und-ferdinand.de\\\/index.php\\\/2025\\\/12\\\/15\\\/porsche-911-gt3-90-f-a-porsche-limitierte-hommage\\\/\"},\"author\":{\"name\":\"Rainer Ro\u00dfbach\",\"@id\":\"https:\\\/\\\/www.enzo-und-ferdinand.de\\\/#\\\/schema\\\/person\\\/aff2eb9ff87705987c1b9d21fe10b095\"},\"headline\":\"911 GT3 90 F. A. Porsche\",\"datePublished\":\"2025-12-15T05:59:44+00:00\",\"dateModified\":\"2025-12-15T05:59:45+00:00\",\"mainEntityOfPage\":{\"@id\":\"https:\\\/\\\/www.enzo-und-ferdinand.de\\\/index.php\\\/2025\\\/12\\\/15\\\/porsche-911-gt3-90-f-a-porsche-limitierte-hommage\\\/\"},\"wordCount\":249,\"publisher\":{\"@id\":\"https:\\\/\\\/www.enzo-und-ferdinand.de\\\/#organization\"},\"image\":{\"@id\":\"https:\\\/\\\/www.enzo-und-ferdinand.de\\\/index.php\\\/2025\\\/12\\\/15\\\/porsche-911-gt3-90-f-a-porsche-limitierte-hommage\\\/#primaryimage\"},\"thumbnailUrl\":\"https:\\\/\\\/www.enzo-und-ferdinand.de\\\/wp-content\\\/uploads\\\/2025\\\/12\\\/911-GT3-90-F-A-Porsche-3.jpg\",\"keywords\":[\"Heritage Design Edition\",\"Porsche\"],\"articleSection\":[\"Editionen\"],\"inLanguage\":\"de\"},{\"@type\":\"WebPage\",\"@id\":\"https:\\\/\\\/www.enzo-und-ferdinand.de\\\/index.php\\\/2025\\\/12\\\/15\\\/porsche-911-gt3-90-f-a-porsche-limitierte-hommage\\\/\",\"url\":\"https:\\\/\\\/www.enzo-und-ferdinand.de\\\/index.php\\\/2025\\\/12\\\/15\\\/porsche-911-gt3-90-f-a-porsche-limitierte-hommage\\\/\",\"name\":\"911 GT3 90 F. A. Porsche\",\"isPartOf\":{\"@id\":\"https:\\\/\\\/www.enzo-und-ferdinand.de\\\/#website\"},\"primaryImageOfPage\":{\"@id\":\"https:\\\/\\\/www.enzo-und-ferdinand.de\\\/index.php\\\/2025\\\/12\\\/15\\\/porsche-911-gt3-90-f-a-porsche-limitierte-hommage\\\/#primaryimage\"},\"image\":{\"@id\":\"https:\\\/\\\/www.enzo-und-ferdinand.de\\\/index.php\\\/2025\\\/12\\\/15\\\/porsche-911-gt3-90-f-a-porsche-limitierte-hommage\\\/#primaryimage\"},\"thumbnailUrl\":\"https:\\\/\\\/www.enzo-und-ferdinand.de\\\/wp-content\\\/uploads\\\/2025\\\/12\\\/911-GT3-90-F-A-Porsche-3.jpg\",\"datePublished\":\"2025-12-15T05:59:44+00:00\",\"dateModified\":\"2025-12-15T05:59:45+00:00\",\"description\":\"Rainer Ro\u00dfbach, Rainer Rossbach, enzo-und-ferdinand, enzo&ferdinand, Enzo, Porsche 911 GT3, 911 GT3 90 F. A. Porsche, Sonderwunsch Manufaktur, Ferdinand Alexander Porsche, Porsche Design, Chronograph 1, GT3 Touring, Sammlerst\u00fcck, Limited Edition, Sportwagen, Boxermotor, Heritage Design\",\"breadcrumb\":{\"@id\":\"https:\\\/\\\/www.enzo-und-ferdinand.de\\\/index.php\\\/2025\\\/12\\\/15\\\/porsche-911-gt3-90-f-a-porsche-limitierte-hommage\\\/#breadcrumb\"},\"inLanguage\":\"de\",\"potentialAction\":[{\"@type\":\"ReadAction\",\"target\":[\"https:\\\/\\\/www.enzo-und-ferdinand.de\\\/index.php\\\/2025\\\/12\\\/15\\\/porsche-911-gt3-90-f-a-porsche-limitierte-hommage\\\/\"]}]},{\"@type\":\"ImageObject\",\"inLanguage\":\"de\",\"@id\":\"https:\\\/\\\/www.enzo-und-ferdinand.de\\\/index.php\\\/2025\\\/12\\\/15\\\/porsche-911-gt3-90-f-a-porsche-limitierte-hommage\\\/#primaryimage\",\"url\":\"https:\\\/\\\/www.enzo-und-ferdinand.de\\\/wp-content\\\/uploads\\\/2025\\\/12\\\/911-GT3-90-F-A-Porsche-3.jpg\",\"contentUrl\":\"https:\\\/\\\/www.enzo-und-ferdinand.de\\\/wp-content\\\/uploads\\\/2025\\\/12\\\/911-GT3-90-F-A-Porsche-3.jpg\",\"width\":1500,\"height\":1000,\"caption\":\"911 GT3 90 F. A. Porsche\"},{\"@type\":\"BreadcrumbList\",\"@id\":\"https:\\\/\\\/www.enzo-und-ferdinand.de\\\/index.php\\\/2025\\\/12\\\/15\\\/porsche-911-gt3-90-f-a-porsche-limitierte-hommage\\\/#breadcrumb\",\"itemListElement\":[{\"@type\":\"ListItem\",\"position\":1,\"name\":\"Startseite\",\"item\":\"https:\\\/\\\/www.enzo-und-ferdinand.de\\\/\"},{\"@type\":\"ListItem\",\"position\":2,\"name\":\"911 GT3 90 F. A. Porsche\"}]},{\"@type\":\"WebSite\",\"@id\":\"https:\\\/\\\/www.enzo-und-ferdinand.de\\\/#website\",\"url\":\"https:\\\/\\\/www.enzo-und-ferdinand.de\\\/\",\"name\":\"enzo & Ferdinand\",\"description\":\"\",\"publisher\":{\"@id\":\"https:\\\/\\\/www.enzo-und-ferdinand.de\\\/#organization\"},\"potentialAction\":[{\"@type\":\"SearchAction\",\"target\":{\"@type\":\"EntryPoint\",\"urlTemplate\":\"https:\\\/\\\/www.enzo-und-ferdinand.de\\\/?s={search_term_string}\"},\"query-input\":{\"@type\":\"PropertyValueSpecification\",\"valueRequired\":true,\"valueName\":\"search_term_string\"}}],\"inLanguage\":\"de\"},{\"@type\":\"Organization\",\"@id\":\"https:\\\/\\\/www.enzo-und-ferdinand.de\\\/#organization\",\"name\":\"enzo & Ferdinand\",\"url\":\"https:\\\/\\\/www.enzo-und-ferdinand.de\\\/\",\"logo\":{\"@type\":\"ImageObject\",\"inLanguage\":\"de\",\"@id\":\"https:\\\/\\\/www.enzo-und-ferdinand.de\\\/#\\\/schema\\\/logo\\\/image\\\/\",\"url\":\"https:\\\/\\\/www.enzo-und-ferdinand.de\\\/wp-content\\\/uploads\\\/2018\\\/12\\\/revvvs-icon.png\",\"contentUrl\":\"https:\\\/\\\/www.enzo-und-ferdinand.de\\\/wp-content\\\/uploads\\\/2018\\\/12\\\/revvvs-icon.png\",\"width\":512,\"height\":512,\"caption\":\"enzo & Ferdinand\"},\"image\":{\"@id\":\"https:\\\/\\\/www.enzo-und-ferdinand.de\\\/#\\\/schema\\\/logo\\\/image\\\/\"}},{\"@type\":\"Person\",\"@id\":\"https:\\\/\\\/www.enzo-und-ferdinand.de\\\/#\\\/schema\\\/person\\\/aff2eb9ff87705987c1b9d21fe10b095\",\"name\":\"Rainer Ro\u00dfbach\",\"image\":{\"@type\":\"ImageObject\",\"inLanguage\":\"de\",\"@id\":\"https:\\\/\\\/www.enzo-und-ferdinand.de\\\/wp-content\\\/uploads\\\/2026\\\/01\\\/Rainer-Rossbach-150x150.jpg\",\"url\":\"https:\\\/\\\/www.enzo-und-ferdinand.de\\\/wp-content\\\/uploads\\\/2026\\\/01\\\/Rainer-Rossbach-150x150.jpg\",\"contentUrl\":\"https:\\\/\\\/www.enzo-und-ferdinand.de\\\/wp-content\\\/uploads\\\/2026\\\/01\\\/Rainer-Rossbach-150x150.jpg\",\"caption\":\"Rainer Ro\u00dfbach\"},\"url\":\"https:\\\/\\\/www.enzo-und-ferdinand.de\\\/index.php\\\/author\\\/redaktion\\\/\"}]}<\/script>\n<!-- \/ Yoast SEO plugin. -->","yoast_head_json":{"title":"911 GT3 90 F. A. Porsche","description":"Rainer Ro\u00dfbach, Rainer Rossbach, enzo-und-ferdinand, enzo&ferdinand, Enzo, Porsche 911 GT3, 911 GT3 90 F. A. Porsche, Sonderwunsch Manufaktur, Ferdinand Alexander Porsche, Porsche Design, Chronograph 1, GT3 Touring, Sammlerst\u00fcck, Limited Edition, Sportwagen, Boxermotor, Heritage Design","robots":{"index":"index","follow":"follow","max-snippet":"max-snippet:-1","max-image-preview":"max-image-preview:large","max-video-preview":"max-video-preview:-1"},"canonical":"https:\/\/www.enzo-und-ferdinand.de\/index.php\/2025\/12\/15\/porsche-911-gt3-90-f-a-porsche-limitierte-hommage\/","og_locale":"de_DE","og_type":"article","og_title":"911 GT3 90 F. A. Porsche","og_description":"Rainer Ro\u00dfbach, Rainer Rossbach, enzo-und-ferdinand, enzo&ferdinand, Enzo, Porsche 911 GT3, 911 GT3 90 F. A. Porsche, Sonderwunsch Manufaktur, Ferdinand Alexander Porsche, Porsche Design, Chronograph 1, GT3 Touring, Sammlerst\u00fcck, Limited Edition, Sportwagen, Boxermotor, Heritage Design","og_url":"https:\/\/www.enzo-und-ferdinand.de\/index.php\/2025\/12\/15\/porsche-911-gt3-90-f-a-porsche-limitierte-hommage\/","og_site_name":"enzo &amp; Ferdinand","article_published_time":"2025-12-15T05:59:44+00:00","article_modified_time":"2025-12-15T05:59:45+00:00","og_image":[{"width":1500,"height":1000,"url":"https:\/\/www.enzo-und-ferdinand.de\/wp-content\/uploads\/2025\/12\/911-GT3-90-F-A-Porsche-3.jpg","type":"image\/jpeg"}],"author":"Rainer Ro\u00dfbach","twitter_card":"summary_large_image","twitter_misc":{"Verfasst von":"Rainer Ro\u00dfbach","Gesch\u00e4tzte Lesezeit":"3\u00a0Minuten"},"schema":{"@context":"https:\/\/schema.org","@graph":[{"@type":"Article","@id":"https:\/\/www.enzo-und-ferdinand.de\/index.php\/2025\/12\/15\/porsche-911-gt3-90-f-a-porsche-limitierte-hommage\/#article","isPartOf":{"@id":"https:\/\/www.enzo-und-ferdinand.de\/index.php\/2025\/12\/15\/porsche-911-gt3-90-f-a-porsche-limitierte-hommage\/"},"author":{"name":"Rainer Ro\u00dfbach","@id":"https:\/\/www.enzo-und-ferdinand.de\/#\/schema\/person\/aff2eb9ff87705987c1b9d21fe10b095"},"headline":"911 GT3 90 F. A. Porsche","datePublished":"2025-12-15T05:59:44+00:00","dateModified":"2025-12-15T05:59:45+00:00","mainEntityOfPage":{"@id":"https:\/\/www.enzo-und-ferdinand.de\/index.php\/2025\/12\/15\/porsche-911-gt3-90-f-a-porsche-limitierte-hommage\/"},"wordCount":249,"publisher":{"@id":"https:\/\/www.enzo-und-ferdinand.de\/#organization"},"image":{"@id":"https:\/\/www.enzo-und-ferdinand.de\/index.php\/2025\/12\/15\/porsche-911-gt3-90-f-a-porsche-limitierte-hommage\/#primaryimage"},"thumbnailUrl":"https:\/\/www.enzo-und-ferdinand.de\/wp-content\/uploads\/2025\/12\/911-GT3-90-F-A-Porsche-3.jpg","keywords":["Heritage Design Edition","Porsche"],"articleSection":["Editionen"],"inLanguage":"de"},{"@type":"WebPage","@id":"https:\/\/www.enzo-und-ferdinand.de\/index.php\/2025\/12\/15\/porsche-911-gt3-90-f-a-porsche-limitierte-hommage\/","url":"https:\/\/www.enzo-und-ferdinand.de\/index.php\/2025\/12\/15\/porsche-911-gt3-90-f-a-porsche-limitierte-hommage\/","name":"911 GT3 90 F. A. Porsche","isPartOf":{"@id":"https:\/\/www.enzo-und-ferdinand.de\/#website"},"primaryImageOfPage":{"@id":"https:\/\/www.enzo-und-ferdinand.de\/index.php\/2025\/12\/15\/porsche-911-gt3-90-f-a-porsche-limitierte-hommage\/#primaryimage"},"image":{"@id":"https:\/\/www.enzo-und-ferdinand.de\/index.php\/2025\/12\/15\/porsche-911-gt3-90-f-a-porsche-limitierte-hommage\/#primaryimage"},"thumbnailUrl":"https:\/\/www.enzo-und-ferdinand.de\/wp-content\/uploads\/2025\/12\/911-GT3-90-F-A-Porsche-3.jpg","datePublished":"2025-12-15T05:59:44+00:00","dateModified":"2025-12-15T05:59:45+00:00","description":"Rainer Ro\u00dfbach, Rainer Rossbach, enzo-und-ferdinand, enzo&ferdinand, Enzo, Porsche 911 GT3, 911 GT3 90 F. A. Porsche, Sonderwunsch Manufaktur, Ferdinand Alexander Porsche, Porsche Design, Chronograph 1, GT3 Touring, Sammlerst\u00fcck, Limited Edition, Sportwagen, Boxermotor, Heritage Design","breadcrumb":{"@id":"https:\/\/www.enzo-und-ferdinand.de\/index.php\/2025\/12\/15\/porsche-911-gt3-90-f-a-porsche-limitierte-hommage\/#breadcrumb"},"inLanguage":"de","potentialAction":[{"@type":"ReadAction","target":["https:\/\/www.enzo-und-ferdinand.de\/index.php\/2025\/12\/15\/porsche-911-gt3-90-f-a-porsche-limitierte-hommage\/"]}]},{"@type":"ImageObject","inLanguage":"de","@id":"https:\/\/www.enzo-und-ferdinand.de\/index.php\/2025\/12\/15\/porsche-911-gt3-90-f-a-porsche-limitierte-hommage\/#primaryimage","url":"https:\/\/www.enzo-und-ferdinand.de\/wp-content\/uploads\/2025\/12\/911-GT3-90-F-A-Porsche-3.jpg","contentUrl":"https:\/\/www.enzo-und-ferdinand.de\/wp-content\/uploads\/2025\/12\/911-GT3-90-F-A-Porsche-3.jpg","width":1500,"height":1000,"caption":"911 GT3 90 F. A. Porsche"},{"@type":"BreadcrumbList","@id":"https:\/\/www.enzo-und-ferdinand.de\/index.php\/2025\/12\/15\/porsche-911-gt3-90-f-a-porsche-limitierte-hommage\/#breadcrumb","itemListElement":[{"@type":"ListItem","position":1,"name":"Startseite","item":"https:\/\/www.enzo-und-ferdinand.de\/"},{"@type":"ListItem","position":2,"name":"911 GT3 90 F. A. Porsche"}]},{"@type":"WebSite","@id":"https:\/\/www.enzo-und-ferdinand.de\/#website","url":"https:\/\/www.enzo-und-ferdinand.de\/","name":"enzo & Ferdinand","description":"","publisher":{"@id":"https:\/\/www.enzo-und-ferdinand.de\/#organization"},"potentialAction":[{"@type":"SearchAction","target":{"@type":"EntryPoint","urlTemplate":"https:\/\/www.enzo-und-ferdinand.de\/?s={search_term_string}"},"query-input":{"@type":"PropertyValueSpecification","valueRequired":true,"valueName":"search_term_string"}}],"inLanguage":"de"},{"@type":"Organization","@id":"https:\/\/www.enzo-und-ferdinand.de\/#organization","name":"enzo & Ferdinand","url":"https:\/\/www.enzo-und-ferdinand.de\/","logo":{"@type":"ImageObject","inLanguage":"de","@id":"https:\/\/www.enzo-und-ferdinand.de\/#\/schema\/logo\/image\/","url":"https:\/\/www.enzo-und-ferdinand.de\/wp-content\/uploads\/2018\/12\/revvvs-icon.png","contentUrl":"https:\/\/www.enzo-und-ferdinand.de\/wp-content\/uploads\/2018\/12\/revvvs-icon.png","width":512,"height":512,"caption":"enzo & Ferdinand"},"image":{"@id":"https:\/\/www.enzo-und-ferdinand.de\/#\/schema\/logo\/image\/"}},{"@type":"Person","@id":"https:\/\/www.enzo-und-ferdinand.de\/#\/schema\/person\/aff2eb9ff87705987c1b9d21fe10b095","name":"Rainer Ro\u00dfbach","image":{"@type":"ImageObject","inLanguage":"de","@id":"https:\/\/www.enzo-und-ferdinand.de\/wp-content\/uploads\/2026\/01\/Rainer-Rossbach-150x150.jpg","url":"https:\/\/www.enzo-und-ferdinand.de\/wp-content\/uploads\/2026\/01\/Rainer-Rossbach-150x150.jpg","contentUrl":"https:\/\/www.enzo-und-ferdinand.de\/wp-content\/uploads\/2026\/01\/Rainer-Rossbach-150x150.jpg","caption":"Rainer Ro\u00dfbach"},"url":"https:\/\/www.enzo-und-ferdinand.de\/index.php\/author\/redaktion\/"}]}},"_links":{"self":[{"href":"https:\/\/www.enzo-und-ferdinand.de\/index.php\/wp-json\/wp\/v2\/posts\/21746","targetHints":{"allow":["GET"]}}],"collection":[{"href":"https:\/\/www.enzo-und-ferdinand.de\/index.php\/wp-json\/wp\/v2\/posts"}],"about":[{"href":"https:\/\/www.enzo-und-ferdinand.de\/index.php\/wp-json\/wp\/v2\/types\/post"}],"author":[{"embeddable":true,"href":"https:\/\/www.enzo-und-ferdinand.de\/index.php\/wp-json\/wp\/v2\/users\/1"}],"replies":[{"embeddable":true,"href":"https:\/\/www.enzo-und-ferdinand.de\/index.php\/wp-json\/wp\/v2\/comments?post=21746"}],"version-history":[{"count":2,"href":"https:\/\/www.enzo-und-ferdinand.de\/index.php\/wp-json\/wp\/v2\/posts\/21746\/revisions"}],"predecessor-version":[{"id":21748,"href":"https:\/\/www.enzo-und-ferdinand.de\/index.php\/wp-json\/wp\/v2\/posts\/21746\/revisions\/21748"}],"wp:featuredmedia":[{"embeddable":true,"href":"https:\/\/www.enzo-und-ferdinand.de\/index.php\/wp-json\/wp\/v2\/media\/21741"}],"wp:attachment":[{"href":"https:\/\/www.enzo-und-ferdinand.de\/index.php\/wp-json\/wp\/v2\/media?parent=21746"}],"wp:term":[{"taxonomy":"category","embeddable":true,"href":"https:\/\/www.enzo-und-ferdinand.de\/index.php\/wp-json\/wp\/v2\/categories?post=21746"},{"taxonomy":"post_tag","embeddable":true,"href":"https:\/\/www.enzo-und-ferdinand.de\/index.php\/wp-json\/wp\/v2\/tags?post=21746"}],"curies":[{"name":"wp","href":"https:\/\/api.w.org\/{rel}","templated":true}]}}