{"id":2187,"date":"2019-01-29T15:39:52","date_gmt":"2019-01-29T14:39:52","guid":{"rendered":"http:\/\/www.enzo-und-ferdinand.de\/?p=2187"},"modified":"2025-12-27T15:43:04","modified_gmt":"2025-12-27T14:43:04","slug":"bmw-x2city","status":"publish","type":"post","link":"https:\/\/www.enzo-und-ferdinand.de\/index.php\/2019\/01\/29\/bmw-x2city\/","title":{"rendered":"BMW X2City"},"content":{"rendered":"\n<figure class=\"wp-block-image\"><img loading=\"lazy\" decoding=\"async\" width=\"810\" height=\"540\" src=\"https:\/\/www.enzo-und-ferdinand.de\/wp-content\/uploads\/2019\/01\/P90276744_highRes_x2city-lissabon-09-2.jpg\" alt=\"BMW X2City\" class=\"wp-image-2192\" srcset=\"https:\/\/www.enzo-und-ferdinand.de\/wp-content\/uploads\/2019\/01\/P90276744_highRes_x2city-lissabon-09-2.jpg 810w, https:\/\/www.enzo-und-ferdinand.de\/wp-content\/uploads\/2019\/01\/P90276744_highRes_x2city-lissabon-09-2-300x200.jpg 300w, https:\/\/www.enzo-und-ferdinand.de\/wp-content\/uploads\/2019\/01\/P90276744_highRes_x2city-lissabon-09-2-768x512.jpg 768w, https:\/\/www.enzo-und-ferdinand.de\/wp-content\/uploads\/2019\/01\/P90276744_highRes_x2city-lissabon-09-2-120x80.jpg 120w\" sizes=\"auto, (max-width: 810px) 100vw, 810px\" \/><\/figure>\n\n\n\n<p class=\"wp-block-paragraph\">Sogar die b\u00fcrokratiebegeisterten \u00c4mter und Politiker in Deutschland, die den B\u00fcrger gerne mit Dieselfahrerenteignung oder durch Unterst\u00fctzung der dubiosen Deutschen Umwelthilfe drangsalieren, sind manchmal offen im Kopf. Statt die denkw\u00fcrdige Posse um die Zulassung des innovativen Segway zu wiederholen, ist man nun einsichtig und bereit, \u201eElektrokleinstfahrzeuge\u201c nicht nur zu legalisieren \u2013 sie d\u00fcrfen sogar das Heiligste des Stra\u00dfenverkehr befahren: den deutschen Radweg.<\/p>\n\n\n\n<p class=\"wp-block-paragraph\">Auch BMW ist optimistisch und bietet (wenn auch&nbsp;die Verordnung noch nicht in trockenen T\u00fcchern ist) ab Februar den elektrischen Kick-Scooter X2City an. Der bietet feine Technik. So verf\u00fcgt er \u00fcber eine neue Fu\u00dfpedal-Funktion mit zus\u00e4tzlichem Komfort. Hierbei kann nach erstemm Anschieben&nbsp; und mindestens sechs Stundenkilometern mit jedem Pedaltritt etwas mehr beschleunigt werden, bis die gew\u00fcnschte Geschwindigkeit erreicht ist. Wird das Pedal gedr\u00fcckt gehalten, f\u00e4hrt der Scooter mit der aktuell erreichten Geschwindigkeit solange weiter, bis er nach erneutem Treten des Pedals weiter beschleunigt wird. Ein H\u00f6chstma\u00df an Sicherheit garantieren hochwertige Komponenten bei Bremsen, Bereifung und Beleuchtung.<\/p>\n\n\n\n<p class=\"wp-block-paragraph\">Der Antrieb ist ein Getriebenabenmotor mit Freilauf. Die Energieversorgung des Elektromotors \u00fcbernimmt ein regen- und spritzwassergesch\u00fctzter Lithium-Ionen-Akku mit 408 Wh, der in das Trittbrett integriert ist. Damit sind \u2013 je nach Fahrweise \u2013 Reichweiten zwischen 20 und 30 km m\u00f6glich. Der BMW Motorrad X2City beschleunigt auf bis zu 20 km\/h, oder auf die vorgew\u00e4hlte Geschwindigkeitsstufe. \u00dcber das Bedienteil am Lenker stehen f\u00fcnf voreinstellbare Geschwindigkeitsstufen (8, 12, 16, 18 und 20 km\/h) zur Auswahl.<\/p>\n\n\n\n<p class=\"wp-block-paragraph\">Das Aufladen gestaltet sich komfortabel wahlweise \u00fcber eine Au\u00dfenladebuchse oder direkt am handlichen und leichten Akku, der mit in die Wohnung oder das B\u00fcro genommen werden kann. \u00dcber eine herk\u00f6mmliche Steckdose wieder aufgeladen, verf\u00fcgt er bereits nach etwa 2,5 Stunden wieder \u00fcber die volle Leistung. Schnittstellen ins Digitale hat der Roller auch: Ein USB-Anschluss l\u00e4dt das Smartphone bei Bedarf w\u00e4hrend der Fahrt&nbsp; und eine Bluetooth-Schnittstelle gibt es auch.<\/p>\n\n\n\n<p class=\"wp-block-paragraph\">Gefahren werden darf der X2City mit dem Mofa-F\u00fchrerschein schon ab 15 Jahren. Der in den Farben Grau, Blau, Rot und Schwarz lieferbare Roller kostet 2.399 Euro.<\/p>\n\n\n\n<figure class=\"wp-block-image\"><img loading=\"lazy\" decoding=\"async\" width=\"810\" height=\"540\" src=\"https:\/\/www.enzo-und-ferdinand.de\/wp-content\/uploads\/2019\/01\/P90276752_highRes_x2city-lissabon-09-2.jpg\" alt=\"BMW X2City\" class=\"wp-image-2193\" srcset=\"https:\/\/www.enzo-und-ferdinand.de\/wp-content\/uploads\/2019\/01\/P90276752_highRes_x2city-lissabon-09-2.jpg 810w, https:\/\/www.enzo-und-ferdinand.de\/wp-content\/uploads\/2019\/01\/P90276752_highRes_x2city-lissabon-09-2-300x200.jpg 300w, https:\/\/www.enzo-und-ferdinand.de\/wp-content\/uploads\/2019\/01\/P90276752_highRes_x2city-lissabon-09-2-768x512.jpg 768w, https:\/\/www.enzo-und-ferdinand.de\/wp-content\/uploads\/2019\/01\/P90276752_highRes_x2city-lissabon-09-2-120x80.jpg 120w\" sizes=\"auto, (max-width: 810px) 100vw, 810px\" \/><\/figure>\n\n\n\n<p style=\"text-align:center\" class=\"has-small-font-size wp-block-paragraph\">Fotos: BMW\/Text: Rainer Ro\u00dfbach<\/p>\n","protected":false},"excerpt":{"rendered":"<p>Sogar die b\u00fcrokratiebegeisterten \u00c4mter und Politiker in Deutschland, die den B\u00fcrger gerne mit Dieselfahrerenteignung oder durch Unterst\u00fctzung der dubiosen Deutschen Umwelthilfe drangsalieren, sind manchmal offen im Kopf. Statt die denkw\u00fcrdige Posse um die Zulassung des innovativen Segway zu wiederholen, ist man nun einsichtig und bereit, \u201eElektrokleinstfahrzeuge\u201c nicht nur zu legalisieren \u2013 sie d\u00fcrfen sogar das Heiligste des Stra\u00dfenverkehr befahren: den deutschen Radweg. Auch BMW ist optimistisch und bietet (wenn auch die Verordnung noch nicht in trockenen T\u00fcchern ist) ab Februar den elektrischen Kick-Scooter X2City an..<\/p>\n","protected":false},"author":1,"featured_media":2191,"comment_status":"closed","ping_status":"closed","sticky":false,"template":"","format":"standard","meta":{"_crdt_document":"","ngg_post_thumbnail":0,"footnotes":""},"categories":[45,1370],"tags":[202,55,705],"class_list":["post-2187","post","type-post","status-publish","format-standard","has-post-thumbnail","hentry","category-neues","category-zweirad","tag-bmw","tag-bmw-x2city","tag-e-scooter"],"yoast_head":"<!-- This site is optimized with the Yoast SEO plugin v27.5 - https:\/\/yoast.com\/product\/yoast-seo-wordpress\/ -->\n<title>BMW X2City<\/title>\n<meta name=\"description\" content=\"BMW X2City Elektroroller\" \/>\n<meta name=\"robots\" content=\"index, follow, max-snippet:-1, max-image-preview:large, max-video-preview:-1\" \/>\n<link rel=\"canonical\" href=\"https:\/\/www.enzo-und-ferdinand.de\/index.php\/2019\/01\/29\/bmw-x2city\/\" \/>\n<meta property=\"og:locale\" content=\"de_DE\" \/>\n<meta property=\"og:type\" content=\"article\" \/>\n<meta property=\"og:title\" content=\"BMW X2City\" \/>\n<meta property=\"og:description\" content=\"BMW X2City Elektroroller\" \/>\n<meta property=\"og:url\" content=\"https:\/\/www.enzo-und-ferdinand.de\/index.php\/2019\/01\/29\/bmw-x2city\/\" \/>\n<meta property=\"og:site_name\" content=\"enzo &amp; Ferdinand\" \/>\n<meta property=\"article:published_time\" content=\"2019-01-29T14:39:52+00:00\" \/>\n<meta property=\"article:modified_time\" content=\"2025-12-27T14:43:04+00:00\" \/>\n<meta property=\"og:image\" content=\"https:\/\/www.enzo-und-ferdinand.de\/wp-content\/uploads\/2019\/01\/P90276745_highRes_x2city-lissabon-09-2.jpg\" \/>\n\t<meta property=\"og:image:width\" content=\"810\" \/>\n\t<meta property=\"og:image:height\" content=\"540\" \/>\n\t<meta property=\"og:image:type\" content=\"image\/jpeg\" \/>\n<meta name=\"author\" content=\"Rainer Ro\u00dfbach\" \/>\n<meta name=\"twitter:card\" content=\"summary_large_image\" \/>\n<meta name=\"twitter:label1\" content=\"Verfasst von\" \/>\n\t<meta name=\"twitter:data1\" content=\"Rainer Ro\u00dfbach\" \/>\n\t<meta name=\"twitter:label2\" content=\"Gesch\u00e4tzte Lesezeit\" \/>\n\t<meta name=\"twitter:data2\" content=\"3\u00a0Minuten\" \/>\n<script type=\"application\/ld+json\" class=\"yoast-schema-graph\">{\"@context\":\"https:\\\/\\\/schema.org\",\"@graph\":[{\"@type\":\"Article\",\"@id\":\"https:\\\/\\\/www.enzo-und-ferdinand.de\\\/index.php\\\/2019\\\/01\\\/29\\\/bmw-x2city\\\/#article\",\"isPartOf\":{\"@id\":\"https:\\\/\\\/www.enzo-und-ferdinand.de\\\/index.php\\\/2019\\\/01\\\/29\\\/bmw-x2city\\\/\"},\"author\":{\"name\":\"Rainer Ro\u00dfbach\",\"@id\":\"https:\\\/\\\/www.enzo-und-ferdinand.de\\\/#\\\/schema\\\/person\\\/aff2eb9ff87705987c1b9d21fe10b095\"},\"headline\":\"BMW X2City\",\"datePublished\":\"2019-01-29T14:39:52+00:00\",\"dateModified\":\"2025-12-27T14:43:04+00:00\",\"mainEntityOfPage\":{\"@id\":\"https:\\\/\\\/www.enzo-und-ferdinand.de\\\/index.php\\\/2019\\\/01\\\/29\\\/bmw-x2city\\\/\"},\"wordCount\":352,\"publisher\":{\"@id\":\"https:\\\/\\\/www.enzo-und-ferdinand.de\\\/#organization\"},\"image\":{\"@id\":\"https:\\\/\\\/www.enzo-und-ferdinand.de\\\/index.php\\\/2019\\\/01\\\/29\\\/bmw-x2city\\\/#primaryimage\"},\"thumbnailUrl\":\"https:\\\/\\\/www.enzo-und-ferdinand.de\\\/wp-content\\\/uploads\\\/2019\\\/01\\\/P90276745_highRes_x2city-lissabon-09-2.jpg\",\"keywords\":[\"BMW\",\"BMW X2City\",\"E-Scooter\"],\"articleSection\":[\"Neues\",\"Zweirad\"],\"inLanguage\":\"de\"},{\"@type\":\"WebPage\",\"@id\":\"https:\\\/\\\/www.enzo-und-ferdinand.de\\\/index.php\\\/2019\\\/01\\\/29\\\/bmw-x2city\\\/\",\"url\":\"https:\\\/\\\/www.enzo-und-ferdinand.de\\\/index.php\\\/2019\\\/01\\\/29\\\/bmw-x2city\\\/\",\"name\":\"BMW X2City\",\"isPartOf\":{\"@id\":\"https:\\\/\\\/www.enzo-und-ferdinand.de\\\/#website\"},\"primaryImageOfPage\":{\"@id\":\"https:\\\/\\\/www.enzo-und-ferdinand.de\\\/index.php\\\/2019\\\/01\\\/29\\\/bmw-x2city\\\/#primaryimage\"},\"image\":{\"@id\":\"https:\\\/\\\/www.enzo-und-ferdinand.de\\\/index.php\\\/2019\\\/01\\\/29\\\/bmw-x2city\\\/#primaryimage\"},\"thumbnailUrl\":\"https:\\\/\\\/www.enzo-und-ferdinand.de\\\/wp-content\\\/uploads\\\/2019\\\/01\\\/P90276745_highRes_x2city-lissabon-09-2.jpg\",\"datePublished\":\"2019-01-29T14:39:52+00:00\",\"dateModified\":\"2025-12-27T14:43:04+00:00\",\"description\":\"BMW X2City Elektroroller\",\"breadcrumb\":{\"@id\":\"https:\\\/\\\/www.enzo-und-ferdinand.de\\\/index.php\\\/2019\\\/01\\\/29\\\/bmw-x2city\\\/#breadcrumb\"},\"inLanguage\":\"de\",\"potentialAction\":[{\"@type\":\"ReadAction\",\"target\":[\"https:\\\/\\\/www.enzo-und-ferdinand.de\\\/index.php\\\/2019\\\/01\\\/29\\\/bmw-x2city\\\/\"]}]},{\"@type\":\"ImageObject\",\"inLanguage\":\"de\",\"@id\":\"https:\\\/\\\/www.enzo-und-ferdinand.de\\\/index.php\\\/2019\\\/01\\\/29\\\/bmw-x2city\\\/#primaryimage\",\"url\":\"https:\\\/\\\/www.enzo-und-ferdinand.de\\\/wp-content\\\/uploads\\\/2019\\\/01\\\/P90276745_highRes_x2city-lissabon-09-2.jpg\",\"contentUrl\":\"https:\\\/\\\/www.enzo-und-ferdinand.de\\\/wp-content\\\/uploads\\\/2019\\\/01\\\/P90276745_highRes_x2city-lissabon-09-2.jpg\",\"width\":810,\"height\":540,\"caption\":\"BMW X2City\"},{\"@type\":\"BreadcrumbList\",\"@id\":\"https:\\\/\\\/www.enzo-und-ferdinand.de\\\/index.php\\\/2019\\\/01\\\/29\\\/bmw-x2city\\\/#breadcrumb\",\"itemListElement\":[{\"@type\":\"ListItem\",\"position\":1,\"name\":\"Startseite\",\"item\":\"https:\\\/\\\/www.enzo-und-ferdinand.de\\\/\"},{\"@type\":\"ListItem\",\"position\":2,\"name\":\"BMW X2City\"}]},{\"@type\":\"WebSite\",\"@id\":\"https:\\\/\\\/www.enzo-und-ferdinand.de\\\/#website\",\"url\":\"https:\\\/\\\/www.enzo-und-ferdinand.de\\\/\",\"name\":\"enzo & Ferdinand\",\"description\":\"\",\"publisher\":{\"@id\":\"https:\\\/\\\/www.enzo-und-ferdinand.de\\\/#organization\"},\"potentialAction\":[{\"@type\":\"SearchAction\",\"target\":{\"@type\":\"EntryPoint\",\"urlTemplate\":\"https:\\\/\\\/www.enzo-und-ferdinand.de\\\/?s={search_term_string}\"},\"query-input\":{\"@type\":\"PropertyValueSpecification\",\"valueRequired\":true,\"valueName\":\"search_term_string\"}}],\"inLanguage\":\"de\"},{\"@type\":\"Organization\",\"@id\":\"https:\\\/\\\/www.enzo-und-ferdinand.de\\\/#organization\",\"name\":\"enzo & Ferdinand\",\"url\":\"https:\\\/\\\/www.enzo-und-ferdinand.de\\\/\",\"logo\":{\"@type\":\"ImageObject\",\"inLanguage\":\"de\",\"@id\":\"https:\\\/\\\/www.enzo-und-ferdinand.de\\\/#\\\/schema\\\/logo\\\/image\\\/\",\"url\":\"https:\\\/\\\/www.enzo-und-ferdinand.de\\\/wp-content\\\/uploads\\\/2018\\\/12\\\/revvvs-icon.png\",\"contentUrl\":\"https:\\\/\\\/www.enzo-und-ferdinand.de\\\/wp-content\\\/uploads\\\/2018\\\/12\\\/revvvs-icon.png\",\"width\":512,\"height\":512,\"caption\":\"enzo & Ferdinand\"},\"image\":{\"@id\":\"https:\\\/\\\/www.enzo-und-ferdinand.de\\\/#\\\/schema\\\/logo\\\/image\\\/\"}},{\"@type\":\"Person\",\"@id\":\"https:\\\/\\\/www.enzo-und-ferdinand.de\\\/#\\\/schema\\\/person\\\/aff2eb9ff87705987c1b9d21fe10b095\",\"name\":\"Rainer Ro\u00dfbach\",\"image\":{\"@type\":\"ImageObject\",\"inLanguage\":\"de\",\"@id\":\"https:\\\/\\\/www.enzo-und-ferdinand.de\\\/wp-content\\\/uploads\\\/2026\\\/01\\\/Rainer-Rossbach-150x150.jpg\",\"url\":\"https:\\\/\\\/www.enzo-und-ferdinand.de\\\/wp-content\\\/uploads\\\/2026\\\/01\\\/Rainer-Rossbach-150x150.jpg\",\"contentUrl\":\"https:\\\/\\\/www.enzo-und-ferdinand.de\\\/wp-content\\\/uploads\\\/2026\\\/01\\\/Rainer-Rossbach-150x150.jpg\",\"caption\":\"Rainer Ro\u00dfbach\"},\"url\":\"https:\\\/\\\/www.enzo-und-ferdinand.de\\\/index.php\\\/author\\\/redaktion\\\/\"}]}<\/script>\n<!-- \/ Yoast SEO plugin. -->","yoast_head_json":{"title":"BMW X2City","description":"BMW X2City Elektroroller","robots":{"index":"index","follow":"follow","max-snippet":"max-snippet:-1","max-image-preview":"max-image-preview:large","max-video-preview":"max-video-preview:-1"},"canonical":"https:\/\/www.enzo-und-ferdinand.de\/index.php\/2019\/01\/29\/bmw-x2city\/","og_locale":"de_DE","og_type":"article","og_title":"BMW X2City","og_description":"BMW X2City Elektroroller","og_url":"https:\/\/www.enzo-und-ferdinand.de\/index.php\/2019\/01\/29\/bmw-x2city\/","og_site_name":"enzo &amp; Ferdinand","article_published_time":"2019-01-29T14:39:52+00:00","article_modified_time":"2025-12-27T14:43:04+00:00","og_image":[{"width":810,"height":540,"url":"https:\/\/www.enzo-und-ferdinand.de\/wp-content\/uploads\/2019\/01\/P90276745_highRes_x2city-lissabon-09-2.jpg","type":"image\/jpeg"}],"author":"Rainer Ro\u00dfbach","twitter_card":"summary_large_image","twitter_misc":{"Verfasst von":"Rainer Ro\u00dfbach","Gesch\u00e4tzte Lesezeit":"3\u00a0Minuten"},"schema":{"@context":"https:\/\/schema.org","@graph":[{"@type":"Article","@id":"https:\/\/www.enzo-und-ferdinand.de\/index.php\/2019\/01\/29\/bmw-x2city\/#article","isPartOf":{"@id":"https:\/\/www.enzo-und-ferdinand.de\/index.php\/2019\/01\/29\/bmw-x2city\/"},"author":{"name":"Rainer Ro\u00dfbach","@id":"https:\/\/www.enzo-und-ferdinand.de\/#\/schema\/person\/aff2eb9ff87705987c1b9d21fe10b095"},"headline":"BMW X2City","datePublished":"2019-01-29T14:39:52+00:00","dateModified":"2025-12-27T14:43:04+00:00","mainEntityOfPage":{"@id":"https:\/\/www.enzo-und-ferdinand.de\/index.php\/2019\/01\/29\/bmw-x2city\/"},"wordCount":352,"publisher":{"@id":"https:\/\/www.enzo-und-ferdinand.de\/#organization"},"image":{"@id":"https:\/\/www.enzo-und-ferdinand.de\/index.php\/2019\/01\/29\/bmw-x2city\/#primaryimage"},"thumbnailUrl":"https:\/\/www.enzo-und-ferdinand.de\/wp-content\/uploads\/2019\/01\/P90276745_highRes_x2city-lissabon-09-2.jpg","keywords":["BMW","BMW X2City","E-Scooter"],"articleSection":["Neues","Zweirad"],"inLanguage":"de"},{"@type":"WebPage","@id":"https:\/\/www.enzo-und-ferdinand.de\/index.php\/2019\/01\/29\/bmw-x2city\/","url":"https:\/\/www.enzo-und-ferdinand.de\/index.php\/2019\/01\/29\/bmw-x2city\/","name":"BMW X2City","isPartOf":{"@id":"https:\/\/www.enzo-und-ferdinand.de\/#website"},"primaryImageOfPage":{"@id":"https:\/\/www.enzo-und-ferdinand.de\/index.php\/2019\/01\/29\/bmw-x2city\/#primaryimage"},"image":{"@id":"https:\/\/www.enzo-und-ferdinand.de\/index.php\/2019\/01\/29\/bmw-x2city\/#primaryimage"},"thumbnailUrl":"https:\/\/www.enzo-und-ferdinand.de\/wp-content\/uploads\/2019\/01\/P90276745_highRes_x2city-lissabon-09-2.jpg","datePublished":"2019-01-29T14:39:52+00:00","dateModified":"2025-12-27T14:43:04+00:00","description":"BMW X2City Elektroroller","breadcrumb":{"@id":"https:\/\/www.enzo-und-ferdinand.de\/index.php\/2019\/01\/29\/bmw-x2city\/#breadcrumb"},"inLanguage":"de","potentialAction":[{"@type":"ReadAction","target":["https:\/\/www.enzo-und-ferdinand.de\/index.php\/2019\/01\/29\/bmw-x2city\/"]}]},{"@type":"ImageObject","inLanguage":"de","@id":"https:\/\/www.enzo-und-ferdinand.de\/index.php\/2019\/01\/29\/bmw-x2city\/#primaryimage","url":"https:\/\/www.enzo-und-ferdinand.de\/wp-content\/uploads\/2019\/01\/P90276745_highRes_x2city-lissabon-09-2.jpg","contentUrl":"https:\/\/www.enzo-und-ferdinand.de\/wp-content\/uploads\/2019\/01\/P90276745_highRes_x2city-lissabon-09-2.jpg","width":810,"height":540,"caption":"BMW X2City"},{"@type":"BreadcrumbList","@id":"https:\/\/www.enzo-und-ferdinand.de\/index.php\/2019\/01\/29\/bmw-x2city\/#breadcrumb","itemListElement":[{"@type":"ListItem","position":1,"name":"Startseite","item":"https:\/\/www.enzo-und-ferdinand.de\/"},{"@type":"ListItem","position":2,"name":"BMW X2City"}]},{"@type":"WebSite","@id":"https:\/\/www.enzo-und-ferdinand.de\/#website","url":"https:\/\/www.enzo-und-ferdinand.de\/","name":"enzo & Ferdinand","description":"","publisher":{"@id":"https:\/\/www.enzo-und-ferdinand.de\/#organization"},"potentialAction":[{"@type":"SearchAction","target":{"@type":"EntryPoint","urlTemplate":"https:\/\/www.enzo-und-ferdinand.de\/?s={search_term_string}"},"query-input":{"@type":"PropertyValueSpecification","valueRequired":true,"valueName":"search_term_string"}}],"inLanguage":"de"},{"@type":"Organization","@id":"https:\/\/www.enzo-und-ferdinand.de\/#organization","name":"enzo & Ferdinand","url":"https:\/\/www.enzo-und-ferdinand.de\/","logo":{"@type":"ImageObject","inLanguage":"de","@id":"https:\/\/www.enzo-und-ferdinand.de\/#\/schema\/logo\/image\/","url":"https:\/\/www.enzo-und-ferdinand.de\/wp-content\/uploads\/2018\/12\/revvvs-icon.png","contentUrl":"https:\/\/www.enzo-und-ferdinand.de\/wp-content\/uploads\/2018\/12\/revvvs-icon.png","width":512,"height":512,"caption":"enzo & Ferdinand"},"image":{"@id":"https:\/\/www.enzo-und-ferdinand.de\/#\/schema\/logo\/image\/"}},{"@type":"Person","@id":"https:\/\/www.enzo-und-ferdinand.de\/#\/schema\/person\/aff2eb9ff87705987c1b9d21fe10b095","name":"Rainer Ro\u00dfbach","image":{"@type":"ImageObject","inLanguage":"de","@id":"https:\/\/www.enzo-und-ferdinand.de\/wp-content\/uploads\/2026\/01\/Rainer-Rossbach-150x150.jpg","url":"https:\/\/www.enzo-und-ferdinand.de\/wp-content\/uploads\/2026\/01\/Rainer-Rossbach-150x150.jpg","contentUrl":"https:\/\/www.enzo-und-ferdinand.de\/wp-content\/uploads\/2026\/01\/Rainer-Rossbach-150x150.jpg","caption":"Rainer Ro\u00dfbach"},"url":"https:\/\/www.enzo-und-ferdinand.de\/index.php\/author\/redaktion\/"}]}},"_links":{"self":[{"href":"https:\/\/www.enzo-und-ferdinand.de\/index.php\/wp-json\/wp\/v2\/posts\/2187","targetHints":{"allow":["GET"]}}],"collection":[{"href":"https:\/\/www.enzo-und-ferdinand.de\/index.php\/wp-json\/wp\/v2\/posts"}],"about":[{"href":"https:\/\/www.enzo-und-ferdinand.de\/index.php\/wp-json\/wp\/v2\/types\/post"}],"author":[{"embeddable":true,"href":"https:\/\/www.enzo-und-ferdinand.de\/index.php\/wp-json\/wp\/v2\/users\/1"}],"replies":[{"embeddable":true,"href":"https:\/\/www.enzo-und-ferdinand.de\/index.php\/wp-json\/wp\/v2\/comments?post=2187"}],"version-history":[{"count":7,"href":"https:\/\/www.enzo-und-ferdinand.de\/index.php\/wp-json\/wp\/v2\/posts\/2187\/revisions"}],"predecessor-version":[{"id":2246,"href":"https:\/\/www.enzo-und-ferdinand.de\/index.php\/wp-json\/wp\/v2\/posts\/2187\/revisions\/2246"}],"wp:featuredmedia":[{"embeddable":true,"href":"https:\/\/www.enzo-und-ferdinand.de\/index.php\/wp-json\/wp\/v2\/media\/2191"}],"wp:attachment":[{"href":"https:\/\/www.enzo-und-ferdinand.de\/index.php\/wp-json\/wp\/v2\/media?parent=2187"}],"wp:term":[{"taxonomy":"category","embeddable":true,"href":"https:\/\/www.enzo-und-ferdinand.de\/index.php\/wp-json\/wp\/v2\/categories?post=2187"},{"taxonomy":"post_tag","embeddable":true,"href":"https:\/\/www.enzo-und-ferdinand.de\/index.php\/wp-json\/wp\/v2\/tags?post=2187"}],"curies":[{"name":"wp","href":"https:\/\/api.w.org\/{rel}","templated":true}]}}