{"id":21920,"date":"2026-01-02T11:39:50","date_gmt":"2026-01-02T10:39:50","guid":{"rendered":"https:\/\/www.enzo-und-ferdinand.de\/?p=21920"},"modified":"2026-01-02T11:39:52","modified_gmt":"2026-01-02T10:39:52","slug":"toyota-tmg-ev-p002-2012","status":"publish","type":"post","link":"https:\/\/www.enzo-und-ferdinand.de\/index.php\/2026\/01\/02\/toyota-tmg-ev-p002-2012\/","title":{"rendered":"Toyota TMG EV P002 (2012)"},"content":{"rendered":"\n<figure class=\"wp-block-image size-large\"><img loading=\"lazy\" decoding=\"async\" width=\"810\" height=\"540\" src=\"https:\/\/www.enzo-und-ferdinand.de\/wp-content\/uploads\/2026\/01\/Toyota-TMG-EV-P002-1-810x540.jpg\" alt=\"Toyota TMG EV P002\" class=\"wp-image-21917\" srcset=\"https:\/\/www.enzo-und-ferdinand.de\/wp-content\/uploads\/2026\/01\/Toyota-TMG-EV-P002-1-810x540.jpg 810w, https:\/\/www.enzo-und-ferdinand.de\/wp-content\/uploads\/2026\/01\/Toyota-TMG-EV-P002-1-300x200.jpg 300w, https:\/\/www.enzo-und-ferdinand.de\/wp-content\/uploads\/2026\/01\/Toyota-TMG-EV-P002-1-768x512.jpg 768w, https:\/\/www.enzo-und-ferdinand.de\/wp-content\/uploads\/2026\/01\/Toyota-TMG-EV-P002-1-120x80.jpg 120w, https:\/\/www.enzo-und-ferdinand.de\/wp-content\/uploads\/2026\/01\/Toyota-TMG-EV-P002-1.jpg 1500w\" sizes=\"auto, (max-width: 810px) 100vw, 810px\" \/><\/figure>\n\n\n\n<p class=\"wp-block-paragraph\">Der Toyota TMG EV P002 markierte einen Meilenstein in der Entwicklung leistungsstarker Elektro-Rennfahrzeuge und demonstrierte, welches Potenzial elektrische Antriebskonzepte bereits Anfang der 2010er-Jahre im internationalen Motorsport erreichten. Am 13. August des Jahres pilotierte der japanische Pilot Fumio Nutahara den vollelektrischen Toyota TMG EV P002 \u00fcber die rund 20 Kilometer lange Bergstrecke in Colorado Springs. Das Konzeptfahrzeug basiert auf einem Chassis des britischen Rennwagenherstellers Radical und wurde speziell f\u00fcr die extremen Anforderungen des Bergrennens ausgelegt. In der Pikes-Peak-Spezifikation erreicht der EV P002 eine H\u00f6chstgeschwindigkeit von 240 km\/h.\u00a0<\/p>\n\n\n\n<figure class=\"wp-block-image size-large\"><img loading=\"lazy\" decoding=\"async\" width=\"810\" height=\"847\" src=\"https:\/\/www.enzo-und-ferdinand.de\/wp-content\/uploads\/2026\/01\/Toyota-TMG-EV-P002-5-810x847.jpg\" alt=\"Toyota TMG EV P002\" class=\"wp-image-21916\" srcset=\"https:\/\/www.enzo-und-ferdinand.de\/wp-content\/uploads\/2026\/01\/Toyota-TMG-EV-P002-5-810x847.jpg 810w, https:\/\/www.enzo-und-ferdinand.de\/wp-content\/uploads\/2026\/01\/Toyota-TMG-EV-P002-5-287x300.jpg 287w, https:\/\/www.enzo-und-ferdinand.de\/wp-content\/uploads\/2026\/01\/Toyota-TMG-EV-P002-5-768x803.jpg 768w, https:\/\/www.enzo-und-ferdinand.de\/wp-content\/uploads\/2026\/01\/Toyota-TMG-EV-P002-5-1469x1536.jpg 1469w, https:\/\/www.enzo-und-ferdinand.de\/wp-content\/uploads\/2026\/01\/Toyota-TMG-EV-P002-5.jpg 1500w\" sizes=\"auto, (max-width: 810px) 100vw, 810px\" \/><\/figure>\n\n\n\n<p class=\"wp-block-paragraph\">Zwei Elektromotoren liefern gemeinsam 475 PS und ein maximales Drehmoment von 900 Newtonmetern. Die ben\u00f6tigte Energie stammt aus einer Lithium-Keramik-Batterie mit einer Kapazit\u00e4t von 42 Kilowattstunden. Trotz d\u00fcnner Luft, gro\u00dfer H\u00f6henunterschiede und 156 Kurven bew\u00e4ltigte Nutahara den Kurs in 10:15,380 Minuten. Die Strecke f\u00fchrt vom Start auf rund 2.800 Metern H\u00f6he bis zur Ziellinie auf 4.300 Metern und verlangt Mensch und Maschine alles ab. Mit einer Durchschnittsgeschwindigkeit von 113 km\/h erreichte der Toyota TMG EV P002 den vierten Platz im Gesamtklassement unter knapp 100 Startern.&nbsp;<\/p>\n\n\n\n<figure class=\"wp-block-image size-large\"><img loading=\"lazy\" decoding=\"async\" width=\"810\" height=\"538\" src=\"https:\/\/www.enzo-und-ferdinand.de\/wp-content\/uploads\/2026\/01\/Toyota-TMG-EV-P002-2-810x538.jpg\" alt=\"Toyota TMG EV P002\" class=\"wp-image-21918\" srcset=\"https:\/\/www.enzo-und-ferdinand.de\/wp-content\/uploads\/2026\/01\/Toyota-TMG-EV-P002-2-810x538.jpg 810w, https:\/\/www.enzo-und-ferdinand.de\/wp-content\/uploads\/2026\/01\/Toyota-TMG-EV-P002-2-300x199.jpg 300w, https:\/\/www.enzo-und-ferdinand.de\/wp-content\/uploads\/2026\/01\/Toyota-TMG-EV-P002-2-768x510.jpg 768w, https:\/\/www.enzo-und-ferdinand.de\/wp-content\/uploads\/2026\/01\/Toyota-TMG-EV-P002-2-120x80.jpg 120w, https:\/\/www.enzo-und-ferdinand.de\/wp-content\/uploads\/2026\/01\/Toyota-TMG-EV-P002-2.jpg 1500w\" sizes=\"auto, (max-width: 810px) 100vw, 810px\" \/><\/figure>\n\n\n\n<p class=\"wp-block-paragraph\">Bereits 2011 hatte das Konzeptfahrzeug seine Leistungsf\u00e4higkeit eindrucksvoll unter Beweis gestellt, als es auf der N\u00fcrburgring-Nordschleife einen Rundenrekord f\u00fcr Elektrofahrzeuge aufstellte und damit die Wettbewerbsf\u00e4higkeit elektrischer Renntechnik nachhaltig dokumentierte.<\/p>\n\n\n\n<figure class=\"wp-block-image size-large\"><img loading=\"lazy\" decoding=\"async\" width=\"810\" height=\"759\" src=\"https:\/\/www.enzo-und-ferdinand.de\/wp-content\/uploads\/2026\/01\/Toyota-TMG-EV-P002-3-2-810x759.jpg\" alt=\"Toyota TMG EV P002\" class=\"wp-image-21919\" srcset=\"https:\/\/www.enzo-und-ferdinand.de\/wp-content\/uploads\/2026\/01\/Toyota-TMG-EV-P002-3-2-810x759.jpg 810w, https:\/\/www.enzo-und-ferdinand.de\/wp-content\/uploads\/2026\/01\/Toyota-TMG-EV-P002-3-2-300x281.jpg 300w, https:\/\/www.enzo-und-ferdinand.de\/wp-content\/uploads\/2026\/01\/Toyota-TMG-EV-P002-3-2-768x720.jpg 768w, https:\/\/www.enzo-und-ferdinand.de\/wp-content\/uploads\/2026\/01\/Toyota-TMG-EV-P002-3-2.jpg 1500w\" sizes=\"auto, (max-width: 810px) 100vw, 810px\" \/><\/figure>\n\n\n\n<p class=\"has-text-align-right wp-block-paragraph\">Fotos: Toyota\/Text: Rainer Ro\u00dfbach<\/p>\n","protected":false},"excerpt":{"rendered":"<p>Der Toyota TMG EV P002 markierte einen Meilenstein in der Entwicklung leistungsstarker Elektro-Rennfahrzeuge und demonstrierte, welches Potenzial elektrische Antriebskonzepte bereits Anfang der 2010er-Jahre im internationalen Motorsport erreichten. Am 13. August des Jahres pilotierte der japanische Pilot Fumio Nutahara den vollelektrischen Toyota TMG EV P002 \u00fcber die rund 20 Kilometer lange Bergstrecke in Colorado Springs. Das Konzeptfahrzeug basiert auf einem Chassis des britischen Rennwagenherstellers Radical und wurde speziell f\u00fcr die extremen Anforderungen des Bergrennens ausgelegt. <\/p>\n","protected":false},"author":1,"featured_media":21915,"comment_status":"closed","ping_status":"open","sticky":false,"template":"","format":"standard","meta":{"_crdt_document":"","ngg_post_thumbnail":0,"footnotes":""},"categories":[681,23],"tags":[629,384,248],"class_list":["post-21920","post","type-post","status-publish","format-standard","has-post-thumbnail","hentry","category-elektro","category-performance","tag-pikes-peak","tag-radical","tag-toyota"],"yoast_head":"<!-- This site is optimized with the Yoast SEO plugin v27.5 - https:\/\/yoast.com\/product\/yoast-seo-wordpress\/ -->\n<title>Toyota TMG EV P002 (2012)<\/title>\n<meta name=\"description\" content=\"Rainer Ro\u00dfbach, Rainer Rossbach, enzo-und-ferdinand, enzo&amp;ferdinand, Enzo, Toyota TMG EV P002, Elektro Rennwagen, Pikes Peak Hill Climb, Elektrofahrzeug Rekord, Toyota Motorsport GmbH, Elektromotor Rennsport, N\u00fcrburgring Elektro Rekord, Lithium-Keramik-Batterie, Radical Chassis, Fumio Nutahara\" \/>\n<meta name=\"robots\" content=\"index, follow, max-snippet:-1, max-image-preview:large, max-video-preview:-1\" \/>\n<link rel=\"canonical\" href=\"https:\/\/www.enzo-und-ferdinand.de\/index.php\/2026\/01\/02\/toyota-tmg-ev-p002-2012\/\" \/>\n<meta property=\"og:locale\" content=\"de_DE\" \/>\n<meta property=\"og:type\" content=\"article\" \/>\n<meta property=\"og:title\" content=\"Toyota TMG EV P002 (2012)\" \/>\n<meta property=\"og:description\" content=\"Rainer Ro\u00dfbach, Rainer Rossbach, enzo-und-ferdinand, enzo&amp;ferdinand, Enzo, Toyota TMG EV P002, Elektro Rennwagen, Pikes Peak Hill Climb, Elektrofahrzeug Rekord, Toyota Motorsport GmbH, Elektromotor Rennsport, N\u00fcrburgring Elektro Rekord, Lithium-Keramik-Batterie, Radical Chassis, Fumio Nutahara\" \/>\n<meta property=\"og:url\" content=\"https:\/\/www.enzo-und-ferdinand.de\/index.php\/2026\/01\/02\/toyota-tmg-ev-p002-2012\/\" \/>\n<meta property=\"og:site_name\" content=\"enzo &amp; Ferdinand\" \/>\n<meta property=\"article:published_time\" content=\"2026-01-02T10:39:50+00:00\" \/>\n<meta property=\"article:modified_time\" content=\"2026-01-02T10:39:52+00:00\" \/>\n<meta property=\"og:image\" content=\"https:\/\/www.enzo-und-ferdinand.de\/wp-content\/uploads\/2026\/01\/Toyota-TMG-EV-P002-4.jpg\" \/>\n\t<meta property=\"og:image:width\" content=\"1500\" \/>\n\t<meta property=\"og:image:height\" content=\"1000\" \/>\n\t<meta property=\"og:image:type\" content=\"image\/jpeg\" \/>\n<meta name=\"author\" content=\"Rainer Ro\u00dfbach\" \/>\n<meta name=\"twitter:card\" content=\"summary_large_image\" \/>\n<meta name=\"twitter:label1\" content=\"Verfasst von\" \/>\n\t<meta name=\"twitter:data1\" content=\"Rainer Ro\u00dfbach\" \/>\n\t<meta name=\"twitter:label2\" content=\"Gesch\u00e4tzte Lesezeit\" \/>\n\t<meta name=\"twitter:data2\" content=\"3\u00a0Minuten\" \/>\n<script type=\"application\/ld+json\" class=\"yoast-schema-graph\">{\"@context\":\"https:\\\/\\\/schema.org\",\"@graph\":[{\"@type\":\"Article\",\"@id\":\"https:\\\/\\\/www.enzo-und-ferdinand.de\\\/index.php\\\/2026\\\/01\\\/02\\\/toyota-tmg-ev-p002-2012\\\/#article\",\"isPartOf\":{\"@id\":\"https:\\\/\\\/www.enzo-und-ferdinand.de\\\/index.php\\\/2026\\\/01\\\/02\\\/toyota-tmg-ev-p002-2012\\\/\"},\"author\":{\"name\":\"Rainer Ro\u00dfbach\",\"@id\":\"https:\\\/\\\/www.enzo-und-ferdinand.de\\\/#\\\/schema\\\/person\\\/aff2eb9ff87705987c1b9d21fe10b095\"},\"headline\":\"Toyota TMG EV P002 (2012)\",\"datePublished\":\"2026-01-02T10:39:50+00:00\",\"dateModified\":\"2026-01-02T10:39:52+00:00\",\"mainEntityOfPage\":{\"@id\":\"https:\\\/\\\/www.enzo-und-ferdinand.de\\\/index.php\\\/2026\\\/01\\\/02\\\/toyota-tmg-ev-p002-2012\\\/\"},\"wordCount\":214,\"publisher\":{\"@id\":\"https:\\\/\\\/www.enzo-und-ferdinand.de\\\/#organization\"},\"image\":{\"@id\":\"https:\\\/\\\/www.enzo-und-ferdinand.de\\\/index.php\\\/2026\\\/01\\\/02\\\/toyota-tmg-ev-p002-2012\\\/#primaryimage\"},\"thumbnailUrl\":\"https:\\\/\\\/www.enzo-und-ferdinand.de\\\/wp-content\\\/uploads\\\/2026\\\/01\\\/Toyota-TMG-EV-P002-4.jpg\",\"keywords\":[\"Pikes Peak\",\"Radical\",\"Toyota\"],\"articleSection\":[\"Elektro\",\"Performance\"],\"inLanguage\":\"de\"},{\"@type\":\"WebPage\",\"@id\":\"https:\\\/\\\/www.enzo-und-ferdinand.de\\\/index.php\\\/2026\\\/01\\\/02\\\/toyota-tmg-ev-p002-2012\\\/\",\"url\":\"https:\\\/\\\/www.enzo-und-ferdinand.de\\\/index.php\\\/2026\\\/01\\\/02\\\/toyota-tmg-ev-p002-2012\\\/\",\"name\":\"Toyota TMG EV P002 (2012)\",\"isPartOf\":{\"@id\":\"https:\\\/\\\/www.enzo-und-ferdinand.de\\\/#website\"},\"primaryImageOfPage\":{\"@id\":\"https:\\\/\\\/www.enzo-und-ferdinand.de\\\/index.php\\\/2026\\\/01\\\/02\\\/toyota-tmg-ev-p002-2012\\\/#primaryimage\"},\"image\":{\"@id\":\"https:\\\/\\\/www.enzo-und-ferdinand.de\\\/index.php\\\/2026\\\/01\\\/02\\\/toyota-tmg-ev-p002-2012\\\/#primaryimage\"},\"thumbnailUrl\":\"https:\\\/\\\/www.enzo-und-ferdinand.de\\\/wp-content\\\/uploads\\\/2026\\\/01\\\/Toyota-TMG-EV-P002-4.jpg\",\"datePublished\":\"2026-01-02T10:39:50+00:00\",\"dateModified\":\"2026-01-02T10:39:52+00:00\",\"description\":\"Rainer Ro\u00dfbach, Rainer Rossbach, enzo-und-ferdinand, enzo&ferdinand, Enzo, Toyota TMG EV P002, Elektro Rennwagen, Pikes Peak Hill Climb, Elektrofahrzeug Rekord, Toyota Motorsport GmbH, Elektromotor Rennsport, N\u00fcrburgring Elektro Rekord, Lithium-Keramik-Batterie, Radical Chassis, Fumio Nutahara\",\"breadcrumb\":{\"@id\":\"https:\\\/\\\/www.enzo-und-ferdinand.de\\\/index.php\\\/2026\\\/01\\\/02\\\/toyota-tmg-ev-p002-2012\\\/#breadcrumb\"},\"inLanguage\":\"de\",\"potentialAction\":[{\"@type\":\"ReadAction\",\"target\":[\"https:\\\/\\\/www.enzo-und-ferdinand.de\\\/index.php\\\/2026\\\/01\\\/02\\\/toyota-tmg-ev-p002-2012\\\/\"]}]},{\"@type\":\"ImageObject\",\"inLanguage\":\"de\",\"@id\":\"https:\\\/\\\/www.enzo-und-ferdinand.de\\\/index.php\\\/2026\\\/01\\\/02\\\/toyota-tmg-ev-p002-2012\\\/#primaryimage\",\"url\":\"https:\\\/\\\/www.enzo-und-ferdinand.de\\\/wp-content\\\/uploads\\\/2026\\\/01\\\/Toyota-TMG-EV-P002-4.jpg\",\"contentUrl\":\"https:\\\/\\\/www.enzo-und-ferdinand.de\\\/wp-content\\\/uploads\\\/2026\\\/01\\\/Toyota-TMG-EV-P002-4.jpg\",\"width\":1500,\"height\":1000,\"caption\":\"Toyota TMG EV P002\"},{\"@type\":\"BreadcrumbList\",\"@id\":\"https:\\\/\\\/www.enzo-und-ferdinand.de\\\/index.php\\\/2026\\\/01\\\/02\\\/toyota-tmg-ev-p002-2012\\\/#breadcrumb\",\"itemListElement\":[{\"@type\":\"ListItem\",\"position\":1,\"name\":\"Startseite\",\"item\":\"https:\\\/\\\/www.enzo-und-ferdinand.de\\\/\"},{\"@type\":\"ListItem\",\"position\":2,\"name\":\"Toyota TMG EV P002 (2012)\"}]},{\"@type\":\"WebSite\",\"@id\":\"https:\\\/\\\/www.enzo-und-ferdinand.de\\\/#website\",\"url\":\"https:\\\/\\\/www.enzo-und-ferdinand.de\\\/\",\"name\":\"enzo & Ferdinand\",\"description\":\"\",\"publisher\":{\"@id\":\"https:\\\/\\\/www.enzo-und-ferdinand.de\\\/#organization\"},\"potentialAction\":[{\"@type\":\"SearchAction\",\"target\":{\"@type\":\"EntryPoint\",\"urlTemplate\":\"https:\\\/\\\/www.enzo-und-ferdinand.de\\\/?s={search_term_string}\"},\"query-input\":{\"@type\":\"PropertyValueSpecification\",\"valueRequired\":true,\"valueName\":\"search_term_string\"}}],\"inLanguage\":\"de\"},{\"@type\":\"Organization\",\"@id\":\"https:\\\/\\\/www.enzo-und-ferdinand.de\\\/#organization\",\"name\":\"enzo & Ferdinand\",\"url\":\"https:\\\/\\\/www.enzo-und-ferdinand.de\\\/\",\"logo\":{\"@type\":\"ImageObject\",\"inLanguage\":\"de\",\"@id\":\"https:\\\/\\\/www.enzo-und-ferdinand.de\\\/#\\\/schema\\\/logo\\\/image\\\/\",\"url\":\"https:\\\/\\\/www.enzo-und-ferdinand.de\\\/wp-content\\\/uploads\\\/2018\\\/12\\\/revvvs-icon.png\",\"contentUrl\":\"https:\\\/\\\/www.enzo-und-ferdinand.de\\\/wp-content\\\/uploads\\\/2018\\\/12\\\/revvvs-icon.png\",\"width\":512,\"height\":512,\"caption\":\"enzo & Ferdinand\"},\"image\":{\"@id\":\"https:\\\/\\\/www.enzo-und-ferdinand.de\\\/#\\\/schema\\\/logo\\\/image\\\/\"}},{\"@type\":\"Person\",\"@id\":\"https:\\\/\\\/www.enzo-und-ferdinand.de\\\/#\\\/schema\\\/person\\\/aff2eb9ff87705987c1b9d21fe10b095\",\"name\":\"Rainer Ro\u00dfbach\",\"image\":{\"@type\":\"ImageObject\",\"inLanguage\":\"de\",\"@id\":\"https:\\\/\\\/www.enzo-und-ferdinand.de\\\/wp-content\\\/uploads\\\/2026\\\/01\\\/Rainer-Rossbach-150x150.jpg\",\"url\":\"https:\\\/\\\/www.enzo-und-ferdinand.de\\\/wp-content\\\/uploads\\\/2026\\\/01\\\/Rainer-Rossbach-150x150.jpg\",\"contentUrl\":\"https:\\\/\\\/www.enzo-und-ferdinand.de\\\/wp-content\\\/uploads\\\/2026\\\/01\\\/Rainer-Rossbach-150x150.jpg\",\"caption\":\"Rainer Ro\u00dfbach\"},\"url\":\"https:\\\/\\\/www.enzo-und-ferdinand.de\\\/index.php\\\/author\\\/redaktion\\\/\"}]}<\/script>\n<!-- \/ Yoast SEO plugin. -->","yoast_head_json":{"title":"Toyota TMG EV P002 (2012)","description":"Rainer Ro\u00dfbach, Rainer Rossbach, enzo-und-ferdinand, enzo&ferdinand, Enzo, Toyota TMG EV P002, Elektro Rennwagen, Pikes Peak Hill Climb, Elektrofahrzeug Rekord, Toyota Motorsport GmbH, Elektromotor Rennsport, N\u00fcrburgring Elektro Rekord, Lithium-Keramik-Batterie, Radical Chassis, Fumio Nutahara","robots":{"index":"index","follow":"follow","max-snippet":"max-snippet:-1","max-image-preview":"max-image-preview:large","max-video-preview":"max-video-preview:-1"},"canonical":"https:\/\/www.enzo-und-ferdinand.de\/index.php\/2026\/01\/02\/toyota-tmg-ev-p002-2012\/","og_locale":"de_DE","og_type":"article","og_title":"Toyota TMG EV P002 (2012)","og_description":"Rainer Ro\u00dfbach, Rainer Rossbach, enzo-und-ferdinand, enzo&ferdinand, Enzo, Toyota TMG EV P002, Elektro Rennwagen, Pikes Peak Hill Climb, Elektrofahrzeug Rekord, Toyota Motorsport GmbH, Elektromotor Rennsport, N\u00fcrburgring Elektro Rekord, Lithium-Keramik-Batterie, Radical Chassis, Fumio Nutahara","og_url":"https:\/\/www.enzo-und-ferdinand.de\/index.php\/2026\/01\/02\/toyota-tmg-ev-p002-2012\/","og_site_name":"enzo &amp; Ferdinand","article_published_time":"2026-01-02T10:39:50+00:00","article_modified_time":"2026-01-02T10:39:52+00:00","og_image":[{"width":1500,"height":1000,"url":"https:\/\/www.enzo-und-ferdinand.de\/wp-content\/uploads\/2026\/01\/Toyota-TMG-EV-P002-4.jpg","type":"image\/jpeg"}],"author":"Rainer Ro\u00dfbach","twitter_card":"summary_large_image","twitter_misc":{"Verfasst von":"Rainer Ro\u00dfbach","Gesch\u00e4tzte Lesezeit":"3\u00a0Minuten"},"schema":{"@context":"https:\/\/schema.org","@graph":[{"@type":"Article","@id":"https:\/\/www.enzo-und-ferdinand.de\/index.php\/2026\/01\/02\/toyota-tmg-ev-p002-2012\/#article","isPartOf":{"@id":"https:\/\/www.enzo-und-ferdinand.de\/index.php\/2026\/01\/02\/toyota-tmg-ev-p002-2012\/"},"author":{"name":"Rainer Ro\u00dfbach","@id":"https:\/\/www.enzo-und-ferdinand.de\/#\/schema\/person\/aff2eb9ff87705987c1b9d21fe10b095"},"headline":"Toyota TMG EV P002 (2012)","datePublished":"2026-01-02T10:39:50+00:00","dateModified":"2026-01-02T10:39:52+00:00","mainEntityOfPage":{"@id":"https:\/\/www.enzo-und-ferdinand.de\/index.php\/2026\/01\/02\/toyota-tmg-ev-p002-2012\/"},"wordCount":214,"publisher":{"@id":"https:\/\/www.enzo-und-ferdinand.de\/#organization"},"image":{"@id":"https:\/\/www.enzo-und-ferdinand.de\/index.php\/2026\/01\/02\/toyota-tmg-ev-p002-2012\/#primaryimage"},"thumbnailUrl":"https:\/\/www.enzo-und-ferdinand.de\/wp-content\/uploads\/2026\/01\/Toyota-TMG-EV-P002-4.jpg","keywords":["Pikes Peak","Radical","Toyota"],"articleSection":["Elektro","Performance"],"inLanguage":"de"},{"@type":"WebPage","@id":"https:\/\/www.enzo-und-ferdinand.de\/index.php\/2026\/01\/02\/toyota-tmg-ev-p002-2012\/","url":"https:\/\/www.enzo-und-ferdinand.de\/index.php\/2026\/01\/02\/toyota-tmg-ev-p002-2012\/","name":"Toyota TMG EV P002 (2012)","isPartOf":{"@id":"https:\/\/www.enzo-und-ferdinand.de\/#website"},"primaryImageOfPage":{"@id":"https:\/\/www.enzo-und-ferdinand.de\/index.php\/2026\/01\/02\/toyota-tmg-ev-p002-2012\/#primaryimage"},"image":{"@id":"https:\/\/www.enzo-und-ferdinand.de\/index.php\/2026\/01\/02\/toyota-tmg-ev-p002-2012\/#primaryimage"},"thumbnailUrl":"https:\/\/www.enzo-und-ferdinand.de\/wp-content\/uploads\/2026\/01\/Toyota-TMG-EV-P002-4.jpg","datePublished":"2026-01-02T10:39:50+00:00","dateModified":"2026-01-02T10:39:52+00:00","description":"Rainer Ro\u00dfbach, Rainer Rossbach, enzo-und-ferdinand, enzo&ferdinand, Enzo, Toyota TMG EV P002, Elektro Rennwagen, Pikes Peak Hill Climb, Elektrofahrzeug Rekord, Toyota Motorsport GmbH, Elektromotor Rennsport, N\u00fcrburgring Elektro Rekord, Lithium-Keramik-Batterie, Radical Chassis, Fumio Nutahara","breadcrumb":{"@id":"https:\/\/www.enzo-und-ferdinand.de\/index.php\/2026\/01\/02\/toyota-tmg-ev-p002-2012\/#breadcrumb"},"inLanguage":"de","potentialAction":[{"@type":"ReadAction","target":["https:\/\/www.enzo-und-ferdinand.de\/index.php\/2026\/01\/02\/toyota-tmg-ev-p002-2012\/"]}]},{"@type":"ImageObject","inLanguage":"de","@id":"https:\/\/www.enzo-und-ferdinand.de\/index.php\/2026\/01\/02\/toyota-tmg-ev-p002-2012\/#primaryimage","url":"https:\/\/www.enzo-und-ferdinand.de\/wp-content\/uploads\/2026\/01\/Toyota-TMG-EV-P002-4.jpg","contentUrl":"https:\/\/www.enzo-und-ferdinand.de\/wp-content\/uploads\/2026\/01\/Toyota-TMG-EV-P002-4.jpg","width":1500,"height":1000,"caption":"Toyota TMG EV P002"},{"@type":"BreadcrumbList","@id":"https:\/\/www.enzo-und-ferdinand.de\/index.php\/2026\/01\/02\/toyota-tmg-ev-p002-2012\/#breadcrumb","itemListElement":[{"@type":"ListItem","position":1,"name":"Startseite","item":"https:\/\/www.enzo-und-ferdinand.de\/"},{"@type":"ListItem","position":2,"name":"Toyota TMG EV P002 (2012)"}]},{"@type":"WebSite","@id":"https:\/\/www.enzo-und-ferdinand.de\/#website","url":"https:\/\/www.enzo-und-ferdinand.de\/","name":"enzo & Ferdinand","description":"","publisher":{"@id":"https:\/\/www.enzo-und-ferdinand.de\/#organization"},"potentialAction":[{"@type":"SearchAction","target":{"@type":"EntryPoint","urlTemplate":"https:\/\/www.enzo-und-ferdinand.de\/?s={search_term_string}"},"query-input":{"@type":"PropertyValueSpecification","valueRequired":true,"valueName":"search_term_string"}}],"inLanguage":"de"},{"@type":"Organization","@id":"https:\/\/www.enzo-und-ferdinand.de\/#organization","name":"enzo & Ferdinand","url":"https:\/\/www.enzo-und-ferdinand.de\/","logo":{"@type":"ImageObject","inLanguage":"de","@id":"https:\/\/www.enzo-und-ferdinand.de\/#\/schema\/logo\/image\/","url":"https:\/\/www.enzo-und-ferdinand.de\/wp-content\/uploads\/2018\/12\/revvvs-icon.png","contentUrl":"https:\/\/www.enzo-und-ferdinand.de\/wp-content\/uploads\/2018\/12\/revvvs-icon.png","width":512,"height":512,"caption":"enzo & Ferdinand"},"image":{"@id":"https:\/\/www.enzo-und-ferdinand.de\/#\/schema\/logo\/image\/"}},{"@type":"Person","@id":"https:\/\/www.enzo-und-ferdinand.de\/#\/schema\/person\/aff2eb9ff87705987c1b9d21fe10b095","name":"Rainer Ro\u00dfbach","image":{"@type":"ImageObject","inLanguage":"de","@id":"https:\/\/www.enzo-und-ferdinand.de\/wp-content\/uploads\/2026\/01\/Rainer-Rossbach-150x150.jpg","url":"https:\/\/www.enzo-und-ferdinand.de\/wp-content\/uploads\/2026\/01\/Rainer-Rossbach-150x150.jpg","contentUrl":"https:\/\/www.enzo-und-ferdinand.de\/wp-content\/uploads\/2026\/01\/Rainer-Rossbach-150x150.jpg","caption":"Rainer Ro\u00dfbach"},"url":"https:\/\/www.enzo-und-ferdinand.de\/index.php\/author\/redaktion\/"}]}},"_links":{"self":[{"href":"https:\/\/www.enzo-und-ferdinand.de\/index.php\/wp-json\/wp\/v2\/posts\/21920","targetHints":{"allow":["GET"]}}],"collection":[{"href":"https:\/\/www.enzo-und-ferdinand.de\/index.php\/wp-json\/wp\/v2\/posts"}],"about":[{"href":"https:\/\/www.enzo-und-ferdinand.de\/index.php\/wp-json\/wp\/v2\/types\/post"}],"author":[{"embeddable":true,"href":"https:\/\/www.enzo-und-ferdinand.de\/index.php\/wp-json\/wp\/v2\/users\/1"}],"replies":[{"embeddable":true,"href":"https:\/\/www.enzo-und-ferdinand.de\/index.php\/wp-json\/wp\/v2\/comments?post=21920"}],"version-history":[{"count":3,"href":"https:\/\/www.enzo-und-ferdinand.de\/index.php\/wp-json\/wp\/v2\/posts\/21920\/revisions"}],"predecessor-version":[{"id":21923,"href":"https:\/\/www.enzo-und-ferdinand.de\/index.php\/wp-json\/wp\/v2\/posts\/21920\/revisions\/21923"}],"wp:featuredmedia":[{"embeddable":true,"href":"https:\/\/www.enzo-und-ferdinand.de\/index.php\/wp-json\/wp\/v2\/media\/21915"}],"wp:attachment":[{"href":"https:\/\/www.enzo-und-ferdinand.de\/index.php\/wp-json\/wp\/v2\/media?parent=21920"}],"wp:term":[{"taxonomy":"category","embeddable":true,"href":"https:\/\/www.enzo-und-ferdinand.de\/index.php\/wp-json\/wp\/v2\/categories?post=21920"},{"taxonomy":"post_tag","embeddable":true,"href":"https:\/\/www.enzo-und-ferdinand.de\/index.php\/wp-json\/wp\/v2\/tags?post=21920"}],"curies":[{"name":"wp","href":"https:\/\/api.w.org\/{rel}","templated":true}]}}