{"id":21971,"date":"2026-01-09T09:40:43","date_gmt":"2026-01-09T08:40:43","guid":{"rendered":"https:\/\/www.enzo-und-ferdinand.de\/?p=21971"},"modified":"2026-01-09T09:40:44","modified_gmt":"2026-01-09T08:40:44","slug":"toyota-gr-yaris-morizo-rr","status":"publish","type":"post","link":"https:\/\/www.enzo-und-ferdinand.de\/index.php\/2026\/01\/09\/toyota-gr-yaris-morizo-rr\/","title":{"rendered":"Toyota GR Yaris \u201eMorizo RR\u201c"},"content":{"rendered":"\n<figure class=\"wp-block-image size-large\"><img loading=\"lazy\" decoding=\"async\" width=\"810\" height=\"540\" src=\"https:\/\/www.enzo-und-ferdinand.de\/wp-content\/uploads\/2026\/01\/Toyota-GR-Yaris-Morizo-RR-1-810x540.jpg\" alt=\"Toyota GR Yaris Morizo RR\" class=\"wp-image-21963\" srcset=\"https:\/\/www.enzo-und-ferdinand.de\/wp-content\/uploads\/2026\/01\/Toyota-GR-Yaris-Morizo-RR-1-810x540.jpg 810w, https:\/\/www.enzo-und-ferdinand.de\/wp-content\/uploads\/2026\/01\/Toyota-GR-Yaris-Morizo-RR-1-300x200.jpg 300w, https:\/\/www.enzo-und-ferdinand.de\/wp-content\/uploads\/2026\/01\/Toyota-GR-Yaris-Morizo-RR-1-768x512.jpg 768w, https:\/\/www.enzo-und-ferdinand.de\/wp-content\/uploads\/2026\/01\/Toyota-GR-Yaris-Morizo-RR-1-120x80.jpg 120w, https:\/\/www.enzo-und-ferdinand.de\/wp-content\/uploads\/2026\/01\/Toyota-GR-Yaris-Morizo-RR-1.jpg 1500w\" sizes=\"auto, (max-width: 810px) 100vw, 810px\" \/><\/figure>\n\n\n\n<p class=\"wp-block-paragraph\">Das limitiertes Hochleistungsmodell ist direkt aus dem Langstreckensport hervorgegangen. Auf dem Tokyo Auto Salon 2026 gibt Toyota damit ein weiteres klares Statement f\u00fcr motorsportbasierte Serienentwicklung ab.\u00a0Das Sondermodell entstand in enger Zusammenarbeit mit Akio Toyoda, dem Konzernchef und begeistertem Rennfahrer, und basiert unmittelbar auf den Erkenntnissen aus dem Einsatz beim N\u00fcrburgring 24-Stunden-Rennen 2025. Dort pilotierte Toyoda selbst einen GR Yaris mit GAZOO Racing Direct Automatic Transmission und sammelte wertvolle Daten zur Haltbarkeit, Fahrbarkeit und Performance.<\/p>\n\n\n\n<p class=\"wp-block-paragraph\">Technisch hebt sich der GR Yaris \u201eMorizo RR\u201c durch ein speziell abgestimmtes Fahrwerk hervor, dessen D\u00e4mpferkennlinien auf die hohen Unebenheiten der Nordschleife ausgelegt sind. In Verbindung mit einem exklusiven Carbon-Heckfl\u00fcgel, der messbaren Abtrieb erzeugt, ergibt sich ein Setup, das sowohl pr\u00e4zise R\u00fcckmeldung als auch Alltagstauglichkeit bietet. Parallel wurde die elektrische Servolenkung neu kalibriert, um eine direktere Verbindung zwischen Fahrer und Fahrzeug zu schaffen.<\/p>\n\n\n\n<figure class=\"wp-block-image size-large\"><img loading=\"lazy\" decoding=\"async\" width=\"810\" height=\"540\" src=\"https:\/\/www.enzo-und-ferdinand.de\/wp-content\/uploads\/2026\/01\/Toyota-GR-Yaris-Morizo-RR-5-810x540.jpg\" alt=\"Toyota GR Yaris Morizo RR\" class=\"wp-image-21967\" srcset=\"https:\/\/www.enzo-und-ferdinand.de\/wp-content\/uploads\/2026\/01\/Toyota-GR-Yaris-Morizo-RR-5-810x540.jpg 810w, https:\/\/www.enzo-und-ferdinand.de\/wp-content\/uploads\/2026\/01\/Toyota-GR-Yaris-Morizo-RR-5-300x200.jpg 300w, https:\/\/www.enzo-und-ferdinand.de\/wp-content\/uploads\/2026\/01\/Toyota-GR-Yaris-Morizo-RR-5-768x512.jpg 768w, https:\/\/www.enzo-und-ferdinand.de\/wp-content\/uploads\/2026\/01\/Toyota-GR-Yaris-Morizo-RR-5-120x80.jpg 120w, https:\/\/www.enzo-und-ferdinand.de\/wp-content\/uploads\/2026\/01\/Toyota-GR-Yaris-Morizo-RR-5.jpg 1500w\" sizes=\"auto, (max-width: 810px) 100vw, 810px\" \/><\/figure>\n\n\n\n<p class=\"wp-block-paragraph\">Ein zentrales Merkmal ist der neu entwickelte Allradmodus \u201eMorizo\u201c, der den bisherigen Gravel-Modus ersetzt. Die Kraftverteilung wird dabei auf ein fixes Verh\u00e4ltnis von 50:50 zwischen Vorder- und Hinterachse gelegt, was insbesondere auf anspruchsvollen Strecken f\u00fcr hohe Stabilit\u00e4t und berechenbares Eigenlenkverhalten sorgt.<\/p>\n\n\n\n<p class=\"wp-block-paragraph\">Aerodynamisch erg\u00e4nzt Toyota das Paket durch Frontspoiler, Seitenschweller und eine Carbon-Motorhaube. Die exklusive Lackierung in \u201eGravel Khaki\u201c wird mit mattschwarzen und bronzefarbenen Akzenten kombiniert. Gelbe Bremss\u00e4ttel und Interieur-Details greifen Morizos pers\u00f6nliche Farbpr\u00e4ferenz auf. Innen unterstreichen ein verkleinerter Wildlederlenkradkranz, modifizierte Schaltpaddles, motorsporterprobte Lenkradtasten sowie exklusive Sitze den fahraktiven Anspruch.<\/p>\n\n\n\n<p class=\"wp-block-paragraph\">Der GR Yaris \u201eMorizo RR\u201c wird ab Fr\u00fchjahr 2026 in einer auf 100 Exemplare begrenzten Serie in Japan angeboten, erg\u00e4nzt durch eine ebenfalls limitierte Auflage f\u00fcr ausgew\u00e4hlte europ\u00e4ische M\u00e4rkte. Damit bleibt er ein rares, konsequent auf Fahrdynamik und Technik fokussiertes Sammlerst\u00fcck.<\/p>\n\n\n\n<figure class=\"wp-block-gallery has-nested-images columns-2 is-cropped wp-block-gallery-1 is-layout-flex wp-block-gallery-is-layout-flex\">\n<figure class=\"wp-block-image size-large\"><img loading=\"lazy\" decoding=\"async\" width=\"810\" height=\"540\" data-id=\"21969\" src=\"https:\/\/www.enzo-und-ferdinand.de\/wp-content\/uploads\/2026\/01\/Toyota-GR-Yaris-Morizo-RR-7-810x540.jpg\" alt=\"Toyota GR Yaris Morizo RR\" class=\"wp-image-21969\" srcset=\"https:\/\/www.enzo-und-ferdinand.de\/wp-content\/uploads\/2026\/01\/Toyota-GR-Yaris-Morizo-RR-7-810x540.jpg 810w, https:\/\/www.enzo-und-ferdinand.de\/wp-content\/uploads\/2026\/01\/Toyota-GR-Yaris-Morizo-RR-7-300x200.jpg 300w, https:\/\/www.enzo-und-ferdinand.de\/wp-content\/uploads\/2026\/01\/Toyota-GR-Yaris-Morizo-RR-7-768x512.jpg 768w, https:\/\/www.enzo-und-ferdinand.de\/wp-content\/uploads\/2026\/01\/Toyota-GR-Yaris-Morizo-RR-7-120x80.jpg 120w, https:\/\/www.enzo-und-ferdinand.de\/wp-content\/uploads\/2026\/01\/Toyota-GR-Yaris-Morizo-RR-7.jpg 1500w\" sizes=\"auto, (max-width: 810px) 100vw, 810px\" \/><\/figure>\n\n\n\n<figure class=\"wp-block-image size-large\"><img loading=\"lazy\" decoding=\"async\" width=\"810\" height=\"540\" data-id=\"21966\" src=\"https:\/\/www.enzo-und-ferdinand.de\/wp-content\/uploads\/2026\/01\/Toyota-GR-Yaris-Morizo-RR-4-810x540.jpg\" alt=\"Toyota GR Yaris Morizo RR\" class=\"wp-image-21966\" srcset=\"https:\/\/www.enzo-und-ferdinand.de\/wp-content\/uploads\/2026\/01\/Toyota-GR-Yaris-Morizo-RR-4-810x540.jpg 810w, https:\/\/www.enzo-und-ferdinand.de\/wp-content\/uploads\/2026\/01\/Toyota-GR-Yaris-Morizo-RR-4-300x200.jpg 300w, https:\/\/www.enzo-und-ferdinand.de\/wp-content\/uploads\/2026\/01\/Toyota-GR-Yaris-Morizo-RR-4-768x512.jpg 768w, https:\/\/www.enzo-und-ferdinand.de\/wp-content\/uploads\/2026\/01\/Toyota-GR-Yaris-Morizo-RR-4-120x80.jpg 120w, https:\/\/www.enzo-und-ferdinand.de\/wp-content\/uploads\/2026\/01\/Toyota-GR-Yaris-Morizo-RR-4.jpg 1500w\" sizes=\"auto, (max-width: 810px) 100vw, 810px\" \/><\/figure>\n\n\n\n<figure class=\"wp-block-image size-large\"><img loading=\"lazy\" decoding=\"async\" width=\"810\" height=\"540\" data-id=\"21965\" src=\"https:\/\/www.enzo-und-ferdinand.de\/wp-content\/uploads\/2026\/01\/Toyota-GR-Yaris-Morizo-RR-3-810x540.jpg\" alt=\"Toyota GR Yaris Morizo RR\" class=\"wp-image-21965\" srcset=\"https:\/\/www.enzo-und-ferdinand.de\/wp-content\/uploads\/2026\/01\/Toyota-GR-Yaris-Morizo-RR-3-810x540.jpg 810w, https:\/\/www.enzo-und-ferdinand.de\/wp-content\/uploads\/2026\/01\/Toyota-GR-Yaris-Morizo-RR-3-300x200.jpg 300w, https:\/\/www.enzo-und-ferdinand.de\/wp-content\/uploads\/2026\/01\/Toyota-GR-Yaris-Morizo-RR-3-768x512.jpg 768w, https:\/\/www.enzo-und-ferdinand.de\/wp-content\/uploads\/2026\/01\/Toyota-GR-Yaris-Morizo-RR-3-120x80.jpg 120w, https:\/\/www.enzo-und-ferdinand.de\/wp-content\/uploads\/2026\/01\/Toyota-GR-Yaris-Morizo-RR-3.jpg 1500w\" sizes=\"auto, (max-width: 810px) 100vw, 810px\" \/><\/figure>\n\n\n\n<figure class=\"wp-block-image size-large\"><img loading=\"lazy\" decoding=\"async\" width=\"810\" height=\"540\" data-id=\"21970\" src=\"https:\/\/www.enzo-und-ferdinand.de\/wp-content\/uploads\/2026\/01\/Toyota-GR-Yaris-Morizo-RR-8-810x540.jpg\" alt=\"Toyota GR Yaris Morizo RR\" class=\"wp-image-21970\" srcset=\"https:\/\/www.enzo-und-ferdinand.de\/wp-content\/uploads\/2026\/01\/Toyota-GR-Yaris-Morizo-RR-8-810x540.jpg 810w, https:\/\/www.enzo-und-ferdinand.de\/wp-content\/uploads\/2026\/01\/Toyota-GR-Yaris-Morizo-RR-8-300x200.jpg 300w, https:\/\/www.enzo-und-ferdinand.de\/wp-content\/uploads\/2026\/01\/Toyota-GR-Yaris-Morizo-RR-8-768x512.jpg 768w, https:\/\/www.enzo-und-ferdinand.de\/wp-content\/uploads\/2026\/01\/Toyota-GR-Yaris-Morizo-RR-8-120x80.jpg 120w, https:\/\/www.enzo-und-ferdinand.de\/wp-content\/uploads\/2026\/01\/Toyota-GR-Yaris-Morizo-RR-8.jpg 1500w\" sizes=\"auto, (max-width: 810px) 100vw, 810px\" \/><\/figure>\n<\/figure>\n\n\n\n<p class=\"has-text-align-right wp-block-paragraph\">Fotos: Toyota\/Text: Rainer Ro\u00dfbach<\/p>\n","protected":false},"excerpt":{"rendered":"<p>Das limitiertes Hochleistungsmodell ist direkt aus dem Langstreckensport hervorgegangen. Auf dem Tokyo Auto Salon 2026 gibt Toyota damit ein weiteres klares Statement f\u00fcr motorsportbasierte Serienentwicklung ab.\u00a0Das Sondermodell entstand in enger Zusammenarbeit mit Akio Toyoda, dem Konzernchef und begeistertem Rennfahrer, und basiert unmittelbar auf den Erkenntnissen aus dem Einsatz beim N\u00fcrburgring 24-Stunden-Rennen 2025. Dort pilotierte Toyoda selbst einen GR Yaris mit GAZOO Racing Direct Automatic Transmission und sammelte wertvolle Daten zur Haltbarkeit, Fahrbarkeit und Performance.<\/p>\n","protected":false},"author":1,"featured_media":21964,"comment_status":"closed","ping_status":"open","sticky":false,"template":"","format":"standard","meta":{"_crdt_document":"","ngg_post_thumbnail":0,"footnotes":""},"categories":[281,23],"tags":[248],"class_list":["post-21971","post","type-post","status-publish","format-standard","has-post-thumbnail","hentry","category-japan","category-performance","tag-toyota"],"yoast_head":"<!-- This site is optimized with the Yoast SEO plugin v27.5 - https:\/\/yoast.com\/product\/yoast-seo-wordpress\/ -->\n<title>Toyota GR Yaris \u201eMorizo RR\u201c<\/title>\n<meta name=\"description\" content=\"Rainer Ro\u00dfbach, Rainer Rossbach, enzo-und-ferdinand, enzo&amp;ferdinand, Enzo, GR Yaris MORIZO RR, Toyota Gazoo Racing, Akio Toyoda Morizo, N\u00fcrburgring 24 Stunden, GR Yaris Sondermodell, Allrad Sportwagen, Gazoo Racing Direct Automatic Transmission, Toyota Motorsport, Carbon Heckfl\u00fcgel, limitierte Sportwagen\" \/>\n<meta name=\"robots\" content=\"index, follow, max-snippet:-1, max-image-preview:large, max-video-preview:-1\" \/>\n<link rel=\"canonical\" href=\"https:\/\/www.enzo-und-ferdinand.de\/index.php\/2026\/01\/09\/toyota-gr-yaris-morizo-rr\/\" \/>\n<meta property=\"og:locale\" content=\"de_DE\" \/>\n<meta property=\"og:type\" content=\"article\" \/>\n<meta property=\"og:title\" content=\"Toyota GR Yaris \u201eMorizo RR\u201c\" \/>\n<meta property=\"og:description\" content=\"Rainer Ro\u00dfbach, Rainer Rossbach, enzo-und-ferdinand, enzo&amp;ferdinand, Enzo, GR Yaris MORIZO RR, Toyota Gazoo Racing, Akio Toyoda Morizo, N\u00fcrburgring 24 Stunden, GR Yaris Sondermodell, Allrad Sportwagen, Gazoo Racing Direct Automatic Transmission, Toyota Motorsport, Carbon Heckfl\u00fcgel, limitierte Sportwagen\" \/>\n<meta property=\"og:url\" content=\"https:\/\/www.enzo-und-ferdinand.de\/index.php\/2026\/01\/09\/toyota-gr-yaris-morizo-rr\/\" \/>\n<meta property=\"og:site_name\" content=\"enzo &amp; Ferdinand\" \/>\n<meta property=\"article:published_time\" content=\"2026-01-09T08:40:43+00:00\" \/>\n<meta property=\"article:modified_time\" content=\"2026-01-09T08:40:44+00:00\" \/>\n<meta property=\"og:image\" content=\"https:\/\/www.enzo-und-ferdinand.de\/wp-content\/uploads\/2026\/01\/Toyota-GR-Yaris-Morizo-RR-2.jpg\" \/>\n\t<meta property=\"og:image:width\" content=\"1500\" \/>\n\t<meta property=\"og:image:height\" content=\"1000\" \/>\n\t<meta property=\"og:image:type\" content=\"image\/jpeg\" \/>\n<meta name=\"author\" content=\"Rainer Ro\u00dfbach\" \/>\n<meta name=\"twitter:card\" content=\"summary_large_image\" \/>\n<meta name=\"twitter:label1\" content=\"Verfasst von\" \/>\n\t<meta name=\"twitter:data1\" content=\"Rainer Ro\u00dfbach\" \/>\n\t<meta name=\"twitter:label2\" content=\"Gesch\u00e4tzte Lesezeit\" \/>\n\t<meta name=\"twitter:data2\" content=\"3\u00a0Minuten\" \/>\n<script type=\"application\/ld+json\" class=\"yoast-schema-graph\">{\"@context\":\"https:\\\/\\\/schema.org\",\"@graph\":[{\"@type\":\"Article\",\"@id\":\"https:\\\/\\\/www.enzo-und-ferdinand.de\\\/index.php\\\/2026\\\/01\\\/09\\\/toyota-gr-yaris-morizo-rr\\\/#article\",\"isPartOf\":{\"@id\":\"https:\\\/\\\/www.enzo-und-ferdinand.de\\\/index.php\\\/2026\\\/01\\\/09\\\/toyota-gr-yaris-morizo-rr\\\/\"},\"author\":{\"name\":\"Rainer Ro\u00dfbach\",\"@id\":\"https:\\\/\\\/www.enzo-und-ferdinand.de\\\/#\\\/schema\\\/person\\\/aff2eb9ff87705987c1b9d21fe10b095\"},\"headline\":\"Toyota GR Yaris \u201eMorizo RR\u201c\",\"datePublished\":\"2026-01-09T08:40:43+00:00\",\"dateModified\":\"2026-01-09T08:40:44+00:00\",\"mainEntityOfPage\":{\"@id\":\"https:\\\/\\\/www.enzo-und-ferdinand.de\\\/index.php\\\/2026\\\/01\\\/09\\\/toyota-gr-yaris-morizo-rr\\\/\"},\"wordCount\":294,\"publisher\":{\"@id\":\"https:\\\/\\\/www.enzo-und-ferdinand.de\\\/#organization\"},\"image\":{\"@id\":\"https:\\\/\\\/www.enzo-und-ferdinand.de\\\/index.php\\\/2026\\\/01\\\/09\\\/toyota-gr-yaris-morizo-rr\\\/#primaryimage\"},\"thumbnailUrl\":\"https:\\\/\\\/www.enzo-und-ferdinand.de\\\/wp-content\\\/uploads\\\/2026\\\/01\\\/Toyota-GR-Yaris-Morizo-RR-2.jpg\",\"keywords\":[\"Toyota\"],\"articleSection\":[\"Japan Design\",\"Performance\"],\"inLanguage\":\"de\"},{\"@type\":\"WebPage\",\"@id\":\"https:\\\/\\\/www.enzo-und-ferdinand.de\\\/index.php\\\/2026\\\/01\\\/09\\\/toyota-gr-yaris-morizo-rr\\\/\",\"url\":\"https:\\\/\\\/www.enzo-und-ferdinand.de\\\/index.php\\\/2026\\\/01\\\/09\\\/toyota-gr-yaris-morizo-rr\\\/\",\"name\":\"Toyota GR Yaris \u201eMorizo RR\u201c\",\"isPartOf\":{\"@id\":\"https:\\\/\\\/www.enzo-und-ferdinand.de\\\/#website\"},\"primaryImageOfPage\":{\"@id\":\"https:\\\/\\\/www.enzo-und-ferdinand.de\\\/index.php\\\/2026\\\/01\\\/09\\\/toyota-gr-yaris-morizo-rr\\\/#primaryimage\"},\"image\":{\"@id\":\"https:\\\/\\\/www.enzo-und-ferdinand.de\\\/index.php\\\/2026\\\/01\\\/09\\\/toyota-gr-yaris-morizo-rr\\\/#primaryimage\"},\"thumbnailUrl\":\"https:\\\/\\\/www.enzo-und-ferdinand.de\\\/wp-content\\\/uploads\\\/2026\\\/01\\\/Toyota-GR-Yaris-Morizo-RR-2.jpg\",\"datePublished\":\"2026-01-09T08:40:43+00:00\",\"dateModified\":\"2026-01-09T08:40:44+00:00\",\"description\":\"Rainer Ro\u00dfbach, Rainer Rossbach, enzo-und-ferdinand, enzo&ferdinand, Enzo, GR Yaris MORIZO RR, Toyota Gazoo Racing, Akio Toyoda Morizo, N\u00fcrburgring 24 Stunden, GR Yaris Sondermodell, Allrad Sportwagen, Gazoo Racing Direct Automatic Transmission, Toyota Motorsport, Carbon Heckfl\u00fcgel, limitierte Sportwagen\",\"breadcrumb\":{\"@id\":\"https:\\\/\\\/www.enzo-und-ferdinand.de\\\/index.php\\\/2026\\\/01\\\/09\\\/toyota-gr-yaris-morizo-rr\\\/#breadcrumb\"},\"inLanguage\":\"de\",\"potentialAction\":[{\"@type\":\"ReadAction\",\"target\":[\"https:\\\/\\\/www.enzo-und-ferdinand.de\\\/index.php\\\/2026\\\/01\\\/09\\\/toyota-gr-yaris-morizo-rr\\\/\"]}]},{\"@type\":\"ImageObject\",\"inLanguage\":\"de\",\"@id\":\"https:\\\/\\\/www.enzo-und-ferdinand.de\\\/index.php\\\/2026\\\/01\\\/09\\\/toyota-gr-yaris-morizo-rr\\\/#primaryimage\",\"url\":\"https:\\\/\\\/www.enzo-und-ferdinand.de\\\/wp-content\\\/uploads\\\/2026\\\/01\\\/Toyota-GR-Yaris-Morizo-RR-2.jpg\",\"contentUrl\":\"https:\\\/\\\/www.enzo-und-ferdinand.de\\\/wp-content\\\/uploads\\\/2026\\\/01\\\/Toyota-GR-Yaris-Morizo-RR-2.jpg\",\"width\":1500,\"height\":1000,\"caption\":\"Toyota GR Yaris Morizo RR\"},{\"@type\":\"BreadcrumbList\",\"@id\":\"https:\\\/\\\/www.enzo-und-ferdinand.de\\\/index.php\\\/2026\\\/01\\\/09\\\/toyota-gr-yaris-morizo-rr\\\/#breadcrumb\",\"itemListElement\":[{\"@type\":\"ListItem\",\"position\":1,\"name\":\"Startseite\",\"item\":\"https:\\\/\\\/www.enzo-und-ferdinand.de\\\/\"},{\"@type\":\"ListItem\",\"position\":2,\"name\":\"Toyota GR Yaris \u201eMorizo RR\u201c\"}]},{\"@type\":\"WebSite\",\"@id\":\"https:\\\/\\\/www.enzo-und-ferdinand.de\\\/#website\",\"url\":\"https:\\\/\\\/www.enzo-und-ferdinand.de\\\/\",\"name\":\"enzo & Ferdinand\",\"description\":\"\",\"publisher\":{\"@id\":\"https:\\\/\\\/www.enzo-und-ferdinand.de\\\/#organization\"},\"potentialAction\":[{\"@type\":\"SearchAction\",\"target\":{\"@type\":\"EntryPoint\",\"urlTemplate\":\"https:\\\/\\\/www.enzo-und-ferdinand.de\\\/?s={search_term_string}\"},\"query-input\":{\"@type\":\"PropertyValueSpecification\",\"valueRequired\":true,\"valueName\":\"search_term_string\"}}],\"inLanguage\":\"de\"},{\"@type\":\"Organization\",\"@id\":\"https:\\\/\\\/www.enzo-und-ferdinand.de\\\/#organization\",\"name\":\"enzo & Ferdinand\",\"url\":\"https:\\\/\\\/www.enzo-und-ferdinand.de\\\/\",\"logo\":{\"@type\":\"ImageObject\",\"inLanguage\":\"de\",\"@id\":\"https:\\\/\\\/www.enzo-und-ferdinand.de\\\/#\\\/schema\\\/logo\\\/image\\\/\",\"url\":\"https:\\\/\\\/www.enzo-und-ferdinand.de\\\/wp-content\\\/uploads\\\/2018\\\/12\\\/revvvs-icon.png\",\"contentUrl\":\"https:\\\/\\\/www.enzo-und-ferdinand.de\\\/wp-content\\\/uploads\\\/2018\\\/12\\\/revvvs-icon.png\",\"width\":512,\"height\":512,\"caption\":\"enzo & Ferdinand\"},\"image\":{\"@id\":\"https:\\\/\\\/www.enzo-und-ferdinand.de\\\/#\\\/schema\\\/logo\\\/image\\\/\"}},{\"@type\":\"Person\",\"@id\":\"https:\\\/\\\/www.enzo-und-ferdinand.de\\\/#\\\/schema\\\/person\\\/aff2eb9ff87705987c1b9d21fe10b095\",\"name\":\"Rainer Ro\u00dfbach\",\"image\":{\"@type\":\"ImageObject\",\"inLanguage\":\"de\",\"@id\":\"https:\\\/\\\/www.enzo-und-ferdinand.de\\\/wp-content\\\/uploads\\\/2026\\\/01\\\/Rainer-Rossbach-150x150.jpg\",\"url\":\"https:\\\/\\\/www.enzo-und-ferdinand.de\\\/wp-content\\\/uploads\\\/2026\\\/01\\\/Rainer-Rossbach-150x150.jpg\",\"contentUrl\":\"https:\\\/\\\/www.enzo-und-ferdinand.de\\\/wp-content\\\/uploads\\\/2026\\\/01\\\/Rainer-Rossbach-150x150.jpg\",\"caption\":\"Rainer Ro\u00dfbach\"},\"url\":\"https:\\\/\\\/www.enzo-und-ferdinand.de\\\/index.php\\\/author\\\/redaktion\\\/\"}]}<\/script>\n<!-- \/ Yoast SEO plugin. -->","yoast_head_json":{"title":"Toyota GR Yaris \u201eMorizo RR\u201c","description":"Rainer Ro\u00dfbach, Rainer Rossbach, enzo-und-ferdinand, enzo&ferdinand, Enzo, GR Yaris MORIZO RR, Toyota Gazoo Racing, Akio Toyoda Morizo, N\u00fcrburgring 24 Stunden, GR Yaris Sondermodell, Allrad Sportwagen, Gazoo Racing Direct Automatic Transmission, Toyota Motorsport, Carbon Heckfl\u00fcgel, limitierte Sportwagen","robots":{"index":"index","follow":"follow","max-snippet":"max-snippet:-1","max-image-preview":"max-image-preview:large","max-video-preview":"max-video-preview:-1"},"canonical":"https:\/\/www.enzo-und-ferdinand.de\/index.php\/2026\/01\/09\/toyota-gr-yaris-morizo-rr\/","og_locale":"de_DE","og_type":"article","og_title":"Toyota GR Yaris \u201eMorizo RR\u201c","og_description":"Rainer Ro\u00dfbach, Rainer Rossbach, enzo-und-ferdinand, enzo&ferdinand, Enzo, GR Yaris MORIZO RR, Toyota Gazoo Racing, Akio Toyoda Morizo, N\u00fcrburgring 24 Stunden, GR Yaris Sondermodell, Allrad Sportwagen, Gazoo Racing Direct Automatic Transmission, Toyota Motorsport, Carbon Heckfl\u00fcgel, limitierte Sportwagen","og_url":"https:\/\/www.enzo-und-ferdinand.de\/index.php\/2026\/01\/09\/toyota-gr-yaris-morizo-rr\/","og_site_name":"enzo &amp; Ferdinand","article_published_time":"2026-01-09T08:40:43+00:00","article_modified_time":"2026-01-09T08:40:44+00:00","og_image":[{"width":1500,"height":1000,"url":"https:\/\/www.enzo-und-ferdinand.de\/wp-content\/uploads\/2026\/01\/Toyota-GR-Yaris-Morizo-RR-2.jpg","type":"image\/jpeg"}],"author":"Rainer Ro\u00dfbach","twitter_card":"summary_large_image","twitter_misc":{"Verfasst von":"Rainer Ro\u00dfbach","Gesch\u00e4tzte Lesezeit":"3\u00a0Minuten"},"schema":{"@context":"https:\/\/schema.org","@graph":[{"@type":"Article","@id":"https:\/\/www.enzo-und-ferdinand.de\/index.php\/2026\/01\/09\/toyota-gr-yaris-morizo-rr\/#article","isPartOf":{"@id":"https:\/\/www.enzo-und-ferdinand.de\/index.php\/2026\/01\/09\/toyota-gr-yaris-morizo-rr\/"},"author":{"name":"Rainer Ro\u00dfbach","@id":"https:\/\/www.enzo-und-ferdinand.de\/#\/schema\/person\/aff2eb9ff87705987c1b9d21fe10b095"},"headline":"Toyota GR Yaris \u201eMorizo RR\u201c","datePublished":"2026-01-09T08:40:43+00:00","dateModified":"2026-01-09T08:40:44+00:00","mainEntityOfPage":{"@id":"https:\/\/www.enzo-und-ferdinand.de\/index.php\/2026\/01\/09\/toyota-gr-yaris-morizo-rr\/"},"wordCount":294,"publisher":{"@id":"https:\/\/www.enzo-und-ferdinand.de\/#organization"},"image":{"@id":"https:\/\/www.enzo-und-ferdinand.de\/index.php\/2026\/01\/09\/toyota-gr-yaris-morizo-rr\/#primaryimage"},"thumbnailUrl":"https:\/\/www.enzo-und-ferdinand.de\/wp-content\/uploads\/2026\/01\/Toyota-GR-Yaris-Morizo-RR-2.jpg","keywords":["Toyota"],"articleSection":["Japan Design","Performance"],"inLanguage":"de"},{"@type":"WebPage","@id":"https:\/\/www.enzo-und-ferdinand.de\/index.php\/2026\/01\/09\/toyota-gr-yaris-morizo-rr\/","url":"https:\/\/www.enzo-und-ferdinand.de\/index.php\/2026\/01\/09\/toyota-gr-yaris-morizo-rr\/","name":"Toyota GR Yaris \u201eMorizo RR\u201c","isPartOf":{"@id":"https:\/\/www.enzo-und-ferdinand.de\/#website"},"primaryImageOfPage":{"@id":"https:\/\/www.enzo-und-ferdinand.de\/index.php\/2026\/01\/09\/toyota-gr-yaris-morizo-rr\/#primaryimage"},"image":{"@id":"https:\/\/www.enzo-und-ferdinand.de\/index.php\/2026\/01\/09\/toyota-gr-yaris-morizo-rr\/#primaryimage"},"thumbnailUrl":"https:\/\/www.enzo-und-ferdinand.de\/wp-content\/uploads\/2026\/01\/Toyota-GR-Yaris-Morizo-RR-2.jpg","datePublished":"2026-01-09T08:40:43+00:00","dateModified":"2026-01-09T08:40:44+00:00","description":"Rainer Ro\u00dfbach, Rainer Rossbach, enzo-und-ferdinand, enzo&ferdinand, Enzo, GR Yaris MORIZO RR, Toyota Gazoo Racing, Akio Toyoda Morizo, N\u00fcrburgring 24 Stunden, GR Yaris Sondermodell, Allrad Sportwagen, Gazoo Racing Direct Automatic Transmission, Toyota Motorsport, Carbon Heckfl\u00fcgel, limitierte Sportwagen","breadcrumb":{"@id":"https:\/\/www.enzo-und-ferdinand.de\/index.php\/2026\/01\/09\/toyota-gr-yaris-morizo-rr\/#breadcrumb"},"inLanguage":"de","potentialAction":[{"@type":"ReadAction","target":["https:\/\/www.enzo-und-ferdinand.de\/index.php\/2026\/01\/09\/toyota-gr-yaris-morizo-rr\/"]}]},{"@type":"ImageObject","inLanguage":"de","@id":"https:\/\/www.enzo-und-ferdinand.de\/index.php\/2026\/01\/09\/toyota-gr-yaris-morizo-rr\/#primaryimage","url":"https:\/\/www.enzo-und-ferdinand.de\/wp-content\/uploads\/2026\/01\/Toyota-GR-Yaris-Morizo-RR-2.jpg","contentUrl":"https:\/\/www.enzo-und-ferdinand.de\/wp-content\/uploads\/2026\/01\/Toyota-GR-Yaris-Morizo-RR-2.jpg","width":1500,"height":1000,"caption":"Toyota GR Yaris Morizo RR"},{"@type":"BreadcrumbList","@id":"https:\/\/www.enzo-und-ferdinand.de\/index.php\/2026\/01\/09\/toyota-gr-yaris-morizo-rr\/#breadcrumb","itemListElement":[{"@type":"ListItem","position":1,"name":"Startseite","item":"https:\/\/www.enzo-und-ferdinand.de\/"},{"@type":"ListItem","position":2,"name":"Toyota GR Yaris \u201eMorizo RR\u201c"}]},{"@type":"WebSite","@id":"https:\/\/www.enzo-und-ferdinand.de\/#website","url":"https:\/\/www.enzo-und-ferdinand.de\/","name":"enzo & Ferdinand","description":"","publisher":{"@id":"https:\/\/www.enzo-und-ferdinand.de\/#organization"},"potentialAction":[{"@type":"SearchAction","target":{"@type":"EntryPoint","urlTemplate":"https:\/\/www.enzo-und-ferdinand.de\/?s={search_term_string}"},"query-input":{"@type":"PropertyValueSpecification","valueRequired":true,"valueName":"search_term_string"}}],"inLanguage":"de"},{"@type":"Organization","@id":"https:\/\/www.enzo-und-ferdinand.de\/#organization","name":"enzo & Ferdinand","url":"https:\/\/www.enzo-und-ferdinand.de\/","logo":{"@type":"ImageObject","inLanguage":"de","@id":"https:\/\/www.enzo-und-ferdinand.de\/#\/schema\/logo\/image\/","url":"https:\/\/www.enzo-und-ferdinand.de\/wp-content\/uploads\/2018\/12\/revvvs-icon.png","contentUrl":"https:\/\/www.enzo-und-ferdinand.de\/wp-content\/uploads\/2018\/12\/revvvs-icon.png","width":512,"height":512,"caption":"enzo & Ferdinand"},"image":{"@id":"https:\/\/www.enzo-und-ferdinand.de\/#\/schema\/logo\/image\/"}},{"@type":"Person","@id":"https:\/\/www.enzo-und-ferdinand.de\/#\/schema\/person\/aff2eb9ff87705987c1b9d21fe10b095","name":"Rainer Ro\u00dfbach","image":{"@type":"ImageObject","inLanguage":"de","@id":"https:\/\/www.enzo-und-ferdinand.de\/wp-content\/uploads\/2026\/01\/Rainer-Rossbach-150x150.jpg","url":"https:\/\/www.enzo-und-ferdinand.de\/wp-content\/uploads\/2026\/01\/Rainer-Rossbach-150x150.jpg","contentUrl":"https:\/\/www.enzo-und-ferdinand.de\/wp-content\/uploads\/2026\/01\/Rainer-Rossbach-150x150.jpg","caption":"Rainer Ro\u00dfbach"},"url":"https:\/\/www.enzo-und-ferdinand.de\/index.php\/author\/redaktion\/"}]}},"_links":{"self":[{"href":"https:\/\/www.enzo-und-ferdinand.de\/index.php\/wp-json\/wp\/v2\/posts\/21971","targetHints":{"allow":["GET"]}}],"collection":[{"href":"https:\/\/www.enzo-und-ferdinand.de\/index.php\/wp-json\/wp\/v2\/posts"}],"about":[{"href":"https:\/\/www.enzo-und-ferdinand.de\/index.php\/wp-json\/wp\/v2\/types\/post"}],"author":[{"embeddable":true,"href":"https:\/\/www.enzo-und-ferdinand.de\/index.php\/wp-json\/wp\/v2\/users\/1"}],"replies":[{"embeddable":true,"href":"https:\/\/www.enzo-und-ferdinand.de\/index.php\/wp-json\/wp\/v2\/comments?post=21971"}],"version-history":[{"count":2,"href":"https:\/\/www.enzo-und-ferdinand.de\/index.php\/wp-json\/wp\/v2\/posts\/21971\/revisions"}],"predecessor-version":[{"id":21973,"href":"https:\/\/www.enzo-und-ferdinand.de\/index.php\/wp-json\/wp\/v2\/posts\/21971\/revisions\/21973"}],"wp:featuredmedia":[{"embeddable":true,"href":"https:\/\/www.enzo-und-ferdinand.de\/index.php\/wp-json\/wp\/v2\/media\/21964"}],"wp:attachment":[{"href":"https:\/\/www.enzo-und-ferdinand.de\/index.php\/wp-json\/wp\/v2\/media?parent=21971"}],"wp:term":[{"taxonomy":"category","embeddable":true,"href":"https:\/\/www.enzo-und-ferdinand.de\/index.php\/wp-json\/wp\/v2\/categories?post=21971"},{"taxonomy":"post_tag","embeddable":true,"href":"https:\/\/www.enzo-und-ferdinand.de\/index.php\/wp-json\/wp\/v2\/tags?post=21971"}],"curies":[{"name":"wp","href":"https:\/\/api.w.org\/{rel}","templated":true}]}}