{"id":21983,"date":"2026-01-13T05:59:41","date_gmt":"2026-01-13T04:59:41","guid":{"rendered":"https:\/\/www.enzo-und-ferdinand.de\/?p=21983"},"modified":"2026-01-13T05:59:42","modified_gmt":"2026-01-13T04:59:42","slug":"nissan-aura-nismo-rs-concept","status":"publish","type":"post","link":"https:\/\/www.enzo-und-ferdinand.de\/index.php\/2026\/01\/13\/nissan-aura-nismo-rs-concept\/","title":{"rendered":"Nissan Aura NISMO RS Concept"},"content":{"rendered":"\n<figure class=\"wp-block-image size-large\"><img loading=\"lazy\" decoding=\"async\" width=\"810\" height=\"540\" src=\"https:\/\/www.enzo-und-ferdinand.de\/wp-content\/uploads\/2026\/01\/Nissan-Aura-NISMO-RS-Concept-1-810x540.jpg\" alt=\"Nissan Aura NISMO RS Concept\" class=\"wp-image-21982\" srcset=\"https:\/\/www.enzo-und-ferdinand.de\/wp-content\/uploads\/2026\/01\/Nissan-Aura-NISMO-RS-Concept-1-810x540.jpg 810w, https:\/\/www.enzo-und-ferdinand.de\/wp-content\/uploads\/2026\/01\/Nissan-Aura-NISMO-RS-Concept-1-300x200.jpg 300w, https:\/\/www.enzo-und-ferdinand.de\/wp-content\/uploads\/2026\/01\/Nissan-Aura-NISMO-RS-Concept-1-768x512.jpg 768w, https:\/\/www.enzo-und-ferdinand.de\/wp-content\/uploads\/2026\/01\/Nissan-Aura-NISMO-RS-Concept-1-120x80.jpg 120w, https:\/\/www.enzo-und-ferdinand.de\/wp-content\/uploads\/2026\/01\/Nissan-Aura-NISMO-RS-Concept-1.jpg 1500w\" sizes=\"auto, (max-width: 810px) 100vw, 810px\" \/><\/figure>\n\n\n\n<p class=\"wp-block-paragraph\">Mit dem Aura NISMO RS Concept zeigt Nissan auf dem Tokyo Auto Salon 2026, wie sich elektrifizierte Performance, Motorsport-Know-how und Serienn\u00e4he verbinden lassen. Das Konzeptfahrzeug basiert auf dem Aura NISMO, geht technisch jedoch deutlich weiter und dient als Machbarkeitsstudie f\u00fcr ein m\u00f6gliches Serienmodell. Der kompakte Hot Hatch versteht sich als technische Validierungsstudie und kombiniert die agile Grundarchitektur des Aura NISMO mit dem leistungsst\u00e4rkeren e-POWER-Antrieb aus dem X-Trail NISMO. Ziel ist es, Motorsport-Erfahrung und Gro\u00dfserientechnik in einem emotionalen, zugleich alltagstauglichen Performance-Fahrzeug zu vereinen.<\/p>\n\n\n\n<p class=\"wp-block-paragraph\">Optisch entwickelt das Konzept die Designidee des \u201eAgile Electric City Racer\u201c weiter. Breitere Kotfl\u00fcgel mit einem Plus von 145 Millimetern, eine um 20 Millimeter reduzierte Fahrzeugh\u00f6he sowie ein markant ausgeformtes Aero-Paket mit Frontspoiler, Seitenschwellern, Diffusor und festem Heckfl\u00fcgel sorgen f\u00fcr einen niedrigen Schwerpunkt und eine klar motorsportliche Pr\u00e4senz. Die matte Sonderlackierung \u201eDark Matte NISMO Stealth Gray\u201c wurde gezielt gew\u00e4hlt, um unabh\u00e4ngig von Lichtverh\u00e4ltnissen eine homogene Oberfl\u00e4che zu gew\u00e4hrleisten.<\/p>\n\n\n\n<figure class=\"wp-block-image size-large\"><img loading=\"lazy\" decoding=\"async\" width=\"810\" height=\"540\" src=\"https:\/\/www.enzo-und-ferdinand.de\/wp-content\/uploads\/2026\/01\/Nissan-Aura-NISMO-RS-Concept-2-810x540.jpg\" alt=\"Nissan Aura NISMO RS Concept\" class=\"wp-image-21980\" srcset=\"https:\/\/www.enzo-und-ferdinand.de\/wp-content\/uploads\/2026\/01\/Nissan-Aura-NISMO-RS-Concept-2-810x540.jpg 810w, https:\/\/www.enzo-und-ferdinand.de\/wp-content\/uploads\/2026\/01\/Nissan-Aura-NISMO-RS-Concept-2-300x200.jpg 300w, https:\/\/www.enzo-und-ferdinand.de\/wp-content\/uploads\/2026\/01\/Nissan-Aura-NISMO-RS-Concept-2-768x512.jpg 768w, https:\/\/www.enzo-und-ferdinand.de\/wp-content\/uploads\/2026\/01\/Nissan-Aura-NISMO-RS-Concept-2-120x80.jpg 120w, https:\/\/www.enzo-und-ferdinand.de\/wp-content\/uploads\/2026\/01\/Nissan-Aura-NISMO-RS-Concept-2.jpg 1500w\" sizes=\"auto, (max-width: 810px) 100vw, 810px\" \/><\/figure>\n\n\n\n<p class=\"wp-block-paragraph\">Technisch steht der e-POWER-Antrieb im Fokus. Das serielle Hybridsystem kombiniert einen 1,5-Liter-Turbo-Dreizylinder (KR15DDT) als Stromerzeuger mit zwei Elektromotoren. An der Vorderachse leistet der BM46-Motor 150 kW und 330 Nm, hinten steuert der MM48-Motor 100 kW und 195 Nm bei. Die Kraft wird \u00fcber das NISMO-abgestimmte e-4ORCE-Allradsystem verteilt, was Traktion und Kurvenstabilit\u00e4t sp\u00fcrbar verbessert.<\/p>\n\n\n\n<p class=\"wp-block-paragraph\">Fahrdynamisch profitiert das Konzept von der verbreiterten Spur, 18-Zoll-NISMO-LM-GT4-R\u00e4dern mit Michelin Pilot Sport 4 in 245\/45 R18 sowie einer standfesten Bremsanlage mit Vierkolben-S\u00e4tteln vorn und Zweikolben-S\u00e4tteln hinten. Trotz eines Gewichtszuwachses von rund 100 Kilogramm gegen\u00fcber dem Aura NISMO verspricht Nissan eine deutlich gesteigerte Beschleunigungs-, Handling- und Bremsperformance.<\/p>\n\n\n\n<p class=\"wp-block-paragraph\">Nissan und NMC pr\u00fcfen derzeit sowohl motorsportliche Einsatzm\u00f6glichkeiten als auch eine m\u00f6gliche Serienumsetzung. Das Aura NISMO RS Concept markiert damit einen wichtigen Baustein der Re:Nissan-Strategie, mit der die Marke k\u00fcnftig st\u00e4rker emotional aufgeladene Performance-Modelle anbieten will.<\/p>\n\n\n\n<p class=\"has-text-align-right wp-block-paragraph\">Fotos: Nissan\/Text: Rainer Ro\u00dfbach<\/p>\n","protected":false},"excerpt":{"rendered":"<p>Mit dem Aura NISMO RS Concept zeigt Nissan auf dem Tokyo Auto Salon 2026, wie sich elektrifizierte Performance, Motorsport-Know-how und Serienn\u00e4he verbinden lassen. Das Konzeptfahrzeug basiert auf dem Aura NISMO, geht technisch jedoch deutlich weiter und dient als Machbarkeitsstudie f\u00fcr ein m\u00f6gliches Serienmodell. Der kompakte Hot Hatch versteht sich als technische Validierungsstudie und kombiniert die agile Grundarchitektur des Aura NISMO mit dem leistungsst\u00e4rkeren e-POWER-Antrieb aus dem X-Trail NISMO. <\/p>\n","protected":false},"author":1,"featured_media":21981,"comment_status":"open","ping_status":"open","sticky":false,"template":"","format":"standard","meta":{"_crdt_document":"","ngg_post_thumbnail":0,"footnotes":""},"categories":[681,281,23],"tags":[200],"class_list":["post-21983","post","type-post","status-publish","format-standard","has-post-thumbnail","hentry","category-elektro","category-japan","category-performance","tag-nissan"],"yoast_head":"<!-- This site is optimized with the Yoast SEO plugin v27.5 - https:\/\/yoast.com\/product\/yoast-seo-wordpress\/ -->\n<title>Nissan Aura NISMO RS Concept<\/title>\n<meta name=\"description\" content=\"Rainer Ro\u00dfbach, Rainer Rossbach, enzo-und-ferdinand, enzo&amp;ferdinand, Enzo, Nissan Aura NISMO RS Concept, Nissan NISMO, Tokyo Auto Salon 2026, e-POWER Hybrid, e-4ORCE Allrad, Hot Hatch Konzept, Nissan Motorsport, NMC, Performance Hybrid, elektrifizierter Sportkompakter, NISMO RS Technik, Seriennahes Konzept, Automobiljournalismus, technische Daten Nissan Aura NISMO RS\" \/>\n<meta name=\"robots\" content=\"index, follow, max-snippet:-1, max-image-preview:large, max-video-preview:-1\" \/>\n<link rel=\"canonical\" href=\"https:\/\/www.enzo-und-ferdinand.de\/index.php\/2026\/01\/13\/nissan-aura-nismo-rs-concept\/\" \/>\n<meta property=\"og:locale\" content=\"de_DE\" \/>\n<meta property=\"og:type\" content=\"article\" \/>\n<meta property=\"og:title\" content=\"Nissan Aura NISMO RS Concept\" \/>\n<meta property=\"og:description\" content=\"Rainer Ro\u00dfbach, Rainer Rossbach, enzo-und-ferdinand, enzo&amp;ferdinand, Enzo, Nissan Aura NISMO RS Concept, Nissan NISMO, Tokyo Auto Salon 2026, e-POWER Hybrid, e-4ORCE Allrad, Hot Hatch Konzept, Nissan Motorsport, NMC, Performance Hybrid, elektrifizierter Sportkompakter, NISMO RS Technik, Seriennahes Konzept, Automobiljournalismus, technische Daten Nissan Aura NISMO RS\" \/>\n<meta property=\"og:url\" content=\"https:\/\/www.enzo-und-ferdinand.de\/index.php\/2026\/01\/13\/nissan-aura-nismo-rs-concept\/\" \/>\n<meta property=\"og:site_name\" content=\"enzo &amp; Ferdinand\" \/>\n<meta property=\"article:published_time\" content=\"2026-01-13T04:59:41+00:00\" \/>\n<meta property=\"article:modified_time\" content=\"2026-01-13T04:59:42+00:00\" \/>\n<meta property=\"og:image\" content=\"https:\/\/www.enzo-und-ferdinand.de\/wp-content\/uploads\/2026\/01\/Nissan-Aura-NISMO-RS-Concept-3.jpg\" \/>\n\t<meta property=\"og:image:width\" content=\"1500\" \/>\n\t<meta property=\"og:image:height\" content=\"1000\" \/>\n\t<meta property=\"og:image:type\" content=\"image\/jpeg\" \/>\n<meta name=\"author\" content=\"Rainer Ro\u00dfbach\" \/>\n<meta name=\"twitter:card\" content=\"summary_large_image\" \/>\n<meta name=\"twitter:label1\" content=\"Verfasst von\" \/>\n\t<meta name=\"twitter:data1\" content=\"Rainer Ro\u00dfbach\" \/>\n\t<meta name=\"twitter:label2\" content=\"Gesch\u00e4tzte Lesezeit\" \/>\n\t<meta name=\"twitter:data2\" content=\"3\u00a0Minuten\" \/>\n<script type=\"application\/ld+json\" class=\"yoast-schema-graph\">{\"@context\":\"https:\\\/\\\/schema.org\",\"@graph\":[{\"@type\":\"Article\",\"@id\":\"https:\\\/\\\/www.enzo-und-ferdinand.de\\\/index.php\\\/2026\\\/01\\\/13\\\/nissan-aura-nismo-rs-concept\\\/#article\",\"isPartOf\":{\"@id\":\"https:\\\/\\\/www.enzo-und-ferdinand.de\\\/index.php\\\/2026\\\/01\\\/13\\\/nissan-aura-nismo-rs-concept\\\/\"},\"author\":{\"name\":\"Rainer Ro\u00dfbach\",\"@id\":\"https:\\\/\\\/www.enzo-und-ferdinand.de\\\/#\\\/schema\\\/person\\\/aff2eb9ff87705987c1b9d21fe10b095\"},\"headline\":\"Nissan Aura NISMO RS Concept\",\"datePublished\":\"2026-01-13T04:59:41+00:00\",\"dateModified\":\"2026-01-13T04:59:42+00:00\",\"mainEntityOfPage\":{\"@id\":\"https:\\\/\\\/www.enzo-und-ferdinand.de\\\/index.php\\\/2026\\\/01\\\/13\\\/nissan-aura-nismo-rs-concept\\\/\"},\"wordCount\":319,\"commentCount\":0,\"publisher\":{\"@id\":\"https:\\\/\\\/www.enzo-und-ferdinand.de\\\/#organization\"},\"image\":{\"@id\":\"https:\\\/\\\/www.enzo-und-ferdinand.de\\\/index.php\\\/2026\\\/01\\\/13\\\/nissan-aura-nismo-rs-concept\\\/#primaryimage\"},\"thumbnailUrl\":\"https:\\\/\\\/www.enzo-und-ferdinand.de\\\/wp-content\\\/uploads\\\/2026\\\/01\\\/Nissan-Aura-NISMO-RS-Concept-3.jpg\",\"keywords\":[\"Nissan\"],\"articleSection\":[\"Elektro\",\"Japan Design\",\"Performance\"],\"inLanguage\":\"de\",\"potentialAction\":[{\"@type\":\"CommentAction\",\"name\":\"Comment\",\"target\":[\"https:\\\/\\\/www.enzo-und-ferdinand.de\\\/index.php\\\/2026\\\/01\\\/13\\\/nissan-aura-nismo-rs-concept\\\/#respond\"]}]},{\"@type\":\"WebPage\",\"@id\":\"https:\\\/\\\/www.enzo-und-ferdinand.de\\\/index.php\\\/2026\\\/01\\\/13\\\/nissan-aura-nismo-rs-concept\\\/\",\"url\":\"https:\\\/\\\/www.enzo-und-ferdinand.de\\\/index.php\\\/2026\\\/01\\\/13\\\/nissan-aura-nismo-rs-concept\\\/\",\"name\":\"Nissan Aura NISMO RS Concept\",\"isPartOf\":{\"@id\":\"https:\\\/\\\/www.enzo-und-ferdinand.de\\\/#website\"},\"primaryImageOfPage\":{\"@id\":\"https:\\\/\\\/www.enzo-und-ferdinand.de\\\/index.php\\\/2026\\\/01\\\/13\\\/nissan-aura-nismo-rs-concept\\\/#primaryimage\"},\"image\":{\"@id\":\"https:\\\/\\\/www.enzo-und-ferdinand.de\\\/index.php\\\/2026\\\/01\\\/13\\\/nissan-aura-nismo-rs-concept\\\/#primaryimage\"},\"thumbnailUrl\":\"https:\\\/\\\/www.enzo-und-ferdinand.de\\\/wp-content\\\/uploads\\\/2026\\\/01\\\/Nissan-Aura-NISMO-RS-Concept-3.jpg\",\"datePublished\":\"2026-01-13T04:59:41+00:00\",\"dateModified\":\"2026-01-13T04:59:42+00:00\",\"description\":\"Rainer Ro\u00dfbach, Rainer Rossbach, enzo-und-ferdinand, enzo&ferdinand, Enzo, Nissan Aura NISMO RS Concept, Nissan NISMO, Tokyo Auto Salon 2026, e-POWER Hybrid, e-4ORCE Allrad, Hot Hatch Konzept, Nissan Motorsport, NMC, Performance Hybrid, elektrifizierter Sportkompakter, NISMO RS Technik, Seriennahes Konzept, Automobiljournalismus, technische Daten Nissan Aura NISMO RS\",\"breadcrumb\":{\"@id\":\"https:\\\/\\\/www.enzo-und-ferdinand.de\\\/index.php\\\/2026\\\/01\\\/13\\\/nissan-aura-nismo-rs-concept\\\/#breadcrumb\"},\"inLanguage\":\"de\",\"potentialAction\":[{\"@type\":\"ReadAction\",\"target\":[\"https:\\\/\\\/www.enzo-und-ferdinand.de\\\/index.php\\\/2026\\\/01\\\/13\\\/nissan-aura-nismo-rs-concept\\\/\"]}]},{\"@type\":\"ImageObject\",\"inLanguage\":\"de\",\"@id\":\"https:\\\/\\\/www.enzo-und-ferdinand.de\\\/index.php\\\/2026\\\/01\\\/13\\\/nissan-aura-nismo-rs-concept\\\/#primaryimage\",\"url\":\"https:\\\/\\\/www.enzo-und-ferdinand.de\\\/wp-content\\\/uploads\\\/2026\\\/01\\\/Nissan-Aura-NISMO-RS-Concept-3.jpg\",\"contentUrl\":\"https:\\\/\\\/www.enzo-und-ferdinand.de\\\/wp-content\\\/uploads\\\/2026\\\/01\\\/Nissan-Aura-NISMO-RS-Concept-3.jpg\",\"width\":1500,\"height\":1000,\"caption\":\"Nissan Aura NISMO RS Concept\"},{\"@type\":\"BreadcrumbList\",\"@id\":\"https:\\\/\\\/www.enzo-und-ferdinand.de\\\/index.php\\\/2026\\\/01\\\/13\\\/nissan-aura-nismo-rs-concept\\\/#breadcrumb\",\"itemListElement\":[{\"@type\":\"ListItem\",\"position\":1,\"name\":\"Startseite\",\"item\":\"https:\\\/\\\/www.enzo-und-ferdinand.de\\\/\"},{\"@type\":\"ListItem\",\"position\":2,\"name\":\"Nissan Aura NISMO RS Concept\"}]},{\"@type\":\"WebSite\",\"@id\":\"https:\\\/\\\/www.enzo-und-ferdinand.de\\\/#website\",\"url\":\"https:\\\/\\\/www.enzo-und-ferdinand.de\\\/\",\"name\":\"enzo & Ferdinand\",\"description\":\"\",\"publisher\":{\"@id\":\"https:\\\/\\\/www.enzo-und-ferdinand.de\\\/#organization\"},\"potentialAction\":[{\"@type\":\"SearchAction\",\"target\":{\"@type\":\"EntryPoint\",\"urlTemplate\":\"https:\\\/\\\/www.enzo-und-ferdinand.de\\\/?s={search_term_string}\"},\"query-input\":{\"@type\":\"PropertyValueSpecification\",\"valueRequired\":true,\"valueName\":\"search_term_string\"}}],\"inLanguage\":\"de\"},{\"@type\":\"Organization\",\"@id\":\"https:\\\/\\\/www.enzo-und-ferdinand.de\\\/#organization\",\"name\":\"enzo & Ferdinand\",\"url\":\"https:\\\/\\\/www.enzo-und-ferdinand.de\\\/\",\"logo\":{\"@type\":\"ImageObject\",\"inLanguage\":\"de\",\"@id\":\"https:\\\/\\\/www.enzo-und-ferdinand.de\\\/#\\\/schema\\\/logo\\\/image\\\/\",\"url\":\"https:\\\/\\\/www.enzo-und-ferdinand.de\\\/wp-content\\\/uploads\\\/2018\\\/12\\\/revvvs-icon.png\",\"contentUrl\":\"https:\\\/\\\/www.enzo-und-ferdinand.de\\\/wp-content\\\/uploads\\\/2018\\\/12\\\/revvvs-icon.png\",\"width\":512,\"height\":512,\"caption\":\"enzo & Ferdinand\"},\"image\":{\"@id\":\"https:\\\/\\\/www.enzo-und-ferdinand.de\\\/#\\\/schema\\\/logo\\\/image\\\/\"}},{\"@type\":\"Person\",\"@id\":\"https:\\\/\\\/www.enzo-und-ferdinand.de\\\/#\\\/schema\\\/person\\\/aff2eb9ff87705987c1b9d21fe10b095\",\"name\":\"Rainer Ro\u00dfbach\",\"image\":{\"@type\":\"ImageObject\",\"inLanguage\":\"de\",\"@id\":\"https:\\\/\\\/www.enzo-und-ferdinand.de\\\/wp-content\\\/uploads\\\/2026\\\/01\\\/Rainer-Rossbach-150x150.jpg\",\"url\":\"https:\\\/\\\/www.enzo-und-ferdinand.de\\\/wp-content\\\/uploads\\\/2026\\\/01\\\/Rainer-Rossbach-150x150.jpg\",\"contentUrl\":\"https:\\\/\\\/www.enzo-und-ferdinand.de\\\/wp-content\\\/uploads\\\/2026\\\/01\\\/Rainer-Rossbach-150x150.jpg\",\"caption\":\"Rainer Ro\u00dfbach\"},\"url\":\"https:\\\/\\\/www.enzo-und-ferdinand.de\\\/index.php\\\/author\\\/redaktion\\\/\"}]}<\/script>\n<!-- \/ Yoast SEO plugin. -->","yoast_head_json":{"title":"Nissan Aura NISMO RS Concept","description":"Rainer Ro\u00dfbach, Rainer Rossbach, enzo-und-ferdinand, enzo&ferdinand, Enzo, Nissan Aura NISMO RS Concept, Nissan NISMO, Tokyo Auto Salon 2026, e-POWER Hybrid, e-4ORCE Allrad, Hot Hatch Konzept, Nissan Motorsport, NMC, Performance Hybrid, elektrifizierter Sportkompakter, NISMO RS Technik, Seriennahes Konzept, Automobiljournalismus, technische Daten Nissan Aura NISMO RS","robots":{"index":"index","follow":"follow","max-snippet":"max-snippet:-1","max-image-preview":"max-image-preview:large","max-video-preview":"max-video-preview:-1"},"canonical":"https:\/\/www.enzo-und-ferdinand.de\/index.php\/2026\/01\/13\/nissan-aura-nismo-rs-concept\/","og_locale":"de_DE","og_type":"article","og_title":"Nissan Aura NISMO RS Concept","og_description":"Rainer Ro\u00dfbach, Rainer Rossbach, enzo-und-ferdinand, enzo&ferdinand, Enzo, Nissan Aura NISMO RS Concept, Nissan NISMO, Tokyo Auto Salon 2026, e-POWER Hybrid, e-4ORCE Allrad, Hot Hatch Konzept, Nissan Motorsport, NMC, Performance Hybrid, elektrifizierter Sportkompakter, NISMO RS Technik, Seriennahes Konzept, Automobiljournalismus, technische Daten Nissan Aura NISMO RS","og_url":"https:\/\/www.enzo-und-ferdinand.de\/index.php\/2026\/01\/13\/nissan-aura-nismo-rs-concept\/","og_site_name":"enzo &amp; Ferdinand","article_published_time":"2026-01-13T04:59:41+00:00","article_modified_time":"2026-01-13T04:59:42+00:00","og_image":[{"width":1500,"height":1000,"url":"https:\/\/www.enzo-und-ferdinand.de\/wp-content\/uploads\/2026\/01\/Nissan-Aura-NISMO-RS-Concept-3.jpg","type":"image\/jpeg"}],"author":"Rainer Ro\u00dfbach","twitter_card":"summary_large_image","twitter_misc":{"Verfasst von":"Rainer Ro\u00dfbach","Gesch\u00e4tzte Lesezeit":"3\u00a0Minuten"},"schema":{"@context":"https:\/\/schema.org","@graph":[{"@type":"Article","@id":"https:\/\/www.enzo-und-ferdinand.de\/index.php\/2026\/01\/13\/nissan-aura-nismo-rs-concept\/#article","isPartOf":{"@id":"https:\/\/www.enzo-und-ferdinand.de\/index.php\/2026\/01\/13\/nissan-aura-nismo-rs-concept\/"},"author":{"name":"Rainer Ro\u00dfbach","@id":"https:\/\/www.enzo-und-ferdinand.de\/#\/schema\/person\/aff2eb9ff87705987c1b9d21fe10b095"},"headline":"Nissan Aura NISMO RS Concept","datePublished":"2026-01-13T04:59:41+00:00","dateModified":"2026-01-13T04:59:42+00:00","mainEntityOfPage":{"@id":"https:\/\/www.enzo-und-ferdinand.de\/index.php\/2026\/01\/13\/nissan-aura-nismo-rs-concept\/"},"wordCount":319,"commentCount":0,"publisher":{"@id":"https:\/\/www.enzo-und-ferdinand.de\/#organization"},"image":{"@id":"https:\/\/www.enzo-und-ferdinand.de\/index.php\/2026\/01\/13\/nissan-aura-nismo-rs-concept\/#primaryimage"},"thumbnailUrl":"https:\/\/www.enzo-und-ferdinand.de\/wp-content\/uploads\/2026\/01\/Nissan-Aura-NISMO-RS-Concept-3.jpg","keywords":["Nissan"],"articleSection":["Elektro","Japan Design","Performance"],"inLanguage":"de","potentialAction":[{"@type":"CommentAction","name":"Comment","target":["https:\/\/www.enzo-und-ferdinand.de\/index.php\/2026\/01\/13\/nissan-aura-nismo-rs-concept\/#respond"]}]},{"@type":"WebPage","@id":"https:\/\/www.enzo-und-ferdinand.de\/index.php\/2026\/01\/13\/nissan-aura-nismo-rs-concept\/","url":"https:\/\/www.enzo-und-ferdinand.de\/index.php\/2026\/01\/13\/nissan-aura-nismo-rs-concept\/","name":"Nissan Aura NISMO RS Concept","isPartOf":{"@id":"https:\/\/www.enzo-und-ferdinand.de\/#website"},"primaryImageOfPage":{"@id":"https:\/\/www.enzo-und-ferdinand.de\/index.php\/2026\/01\/13\/nissan-aura-nismo-rs-concept\/#primaryimage"},"image":{"@id":"https:\/\/www.enzo-und-ferdinand.de\/index.php\/2026\/01\/13\/nissan-aura-nismo-rs-concept\/#primaryimage"},"thumbnailUrl":"https:\/\/www.enzo-und-ferdinand.de\/wp-content\/uploads\/2026\/01\/Nissan-Aura-NISMO-RS-Concept-3.jpg","datePublished":"2026-01-13T04:59:41+00:00","dateModified":"2026-01-13T04:59:42+00:00","description":"Rainer Ro\u00dfbach, Rainer Rossbach, enzo-und-ferdinand, enzo&ferdinand, Enzo, Nissan Aura NISMO RS Concept, Nissan NISMO, Tokyo Auto Salon 2026, e-POWER Hybrid, e-4ORCE Allrad, Hot Hatch Konzept, Nissan Motorsport, NMC, Performance Hybrid, elektrifizierter Sportkompakter, NISMO RS Technik, Seriennahes Konzept, Automobiljournalismus, technische Daten Nissan Aura NISMO RS","breadcrumb":{"@id":"https:\/\/www.enzo-und-ferdinand.de\/index.php\/2026\/01\/13\/nissan-aura-nismo-rs-concept\/#breadcrumb"},"inLanguage":"de","potentialAction":[{"@type":"ReadAction","target":["https:\/\/www.enzo-und-ferdinand.de\/index.php\/2026\/01\/13\/nissan-aura-nismo-rs-concept\/"]}]},{"@type":"ImageObject","inLanguage":"de","@id":"https:\/\/www.enzo-und-ferdinand.de\/index.php\/2026\/01\/13\/nissan-aura-nismo-rs-concept\/#primaryimage","url":"https:\/\/www.enzo-und-ferdinand.de\/wp-content\/uploads\/2026\/01\/Nissan-Aura-NISMO-RS-Concept-3.jpg","contentUrl":"https:\/\/www.enzo-und-ferdinand.de\/wp-content\/uploads\/2026\/01\/Nissan-Aura-NISMO-RS-Concept-3.jpg","width":1500,"height":1000,"caption":"Nissan Aura NISMO RS Concept"},{"@type":"BreadcrumbList","@id":"https:\/\/www.enzo-und-ferdinand.de\/index.php\/2026\/01\/13\/nissan-aura-nismo-rs-concept\/#breadcrumb","itemListElement":[{"@type":"ListItem","position":1,"name":"Startseite","item":"https:\/\/www.enzo-und-ferdinand.de\/"},{"@type":"ListItem","position":2,"name":"Nissan Aura NISMO RS Concept"}]},{"@type":"WebSite","@id":"https:\/\/www.enzo-und-ferdinand.de\/#website","url":"https:\/\/www.enzo-und-ferdinand.de\/","name":"enzo & Ferdinand","description":"","publisher":{"@id":"https:\/\/www.enzo-und-ferdinand.de\/#organization"},"potentialAction":[{"@type":"SearchAction","target":{"@type":"EntryPoint","urlTemplate":"https:\/\/www.enzo-und-ferdinand.de\/?s={search_term_string}"},"query-input":{"@type":"PropertyValueSpecification","valueRequired":true,"valueName":"search_term_string"}}],"inLanguage":"de"},{"@type":"Organization","@id":"https:\/\/www.enzo-und-ferdinand.de\/#organization","name":"enzo & Ferdinand","url":"https:\/\/www.enzo-und-ferdinand.de\/","logo":{"@type":"ImageObject","inLanguage":"de","@id":"https:\/\/www.enzo-und-ferdinand.de\/#\/schema\/logo\/image\/","url":"https:\/\/www.enzo-und-ferdinand.de\/wp-content\/uploads\/2018\/12\/revvvs-icon.png","contentUrl":"https:\/\/www.enzo-und-ferdinand.de\/wp-content\/uploads\/2018\/12\/revvvs-icon.png","width":512,"height":512,"caption":"enzo & Ferdinand"},"image":{"@id":"https:\/\/www.enzo-und-ferdinand.de\/#\/schema\/logo\/image\/"}},{"@type":"Person","@id":"https:\/\/www.enzo-und-ferdinand.de\/#\/schema\/person\/aff2eb9ff87705987c1b9d21fe10b095","name":"Rainer Ro\u00dfbach","image":{"@type":"ImageObject","inLanguage":"de","@id":"https:\/\/www.enzo-und-ferdinand.de\/wp-content\/uploads\/2026\/01\/Rainer-Rossbach-150x150.jpg","url":"https:\/\/www.enzo-und-ferdinand.de\/wp-content\/uploads\/2026\/01\/Rainer-Rossbach-150x150.jpg","contentUrl":"https:\/\/www.enzo-und-ferdinand.de\/wp-content\/uploads\/2026\/01\/Rainer-Rossbach-150x150.jpg","caption":"Rainer Ro\u00dfbach"},"url":"https:\/\/www.enzo-und-ferdinand.de\/index.php\/author\/redaktion\/"}]}},"_links":{"self":[{"href":"https:\/\/www.enzo-und-ferdinand.de\/index.php\/wp-json\/wp\/v2\/posts\/21983","targetHints":{"allow":["GET"]}}],"collection":[{"href":"https:\/\/www.enzo-und-ferdinand.de\/index.php\/wp-json\/wp\/v2\/posts"}],"about":[{"href":"https:\/\/www.enzo-und-ferdinand.de\/index.php\/wp-json\/wp\/v2\/types\/post"}],"author":[{"embeddable":true,"href":"https:\/\/www.enzo-und-ferdinand.de\/index.php\/wp-json\/wp\/v2\/users\/1"}],"replies":[{"embeddable":true,"href":"https:\/\/www.enzo-und-ferdinand.de\/index.php\/wp-json\/wp\/v2\/comments?post=21983"}],"version-history":[{"count":2,"href":"https:\/\/www.enzo-und-ferdinand.de\/index.php\/wp-json\/wp\/v2\/posts\/21983\/revisions"}],"predecessor-version":[{"id":21985,"href":"https:\/\/www.enzo-und-ferdinand.de\/index.php\/wp-json\/wp\/v2\/posts\/21983\/revisions\/21985"}],"wp:featuredmedia":[{"embeddable":true,"href":"https:\/\/www.enzo-und-ferdinand.de\/index.php\/wp-json\/wp\/v2\/media\/21981"}],"wp:attachment":[{"href":"https:\/\/www.enzo-und-ferdinand.de\/index.php\/wp-json\/wp\/v2\/media?parent=21983"}],"wp:term":[{"taxonomy":"category","embeddable":true,"href":"https:\/\/www.enzo-und-ferdinand.de\/index.php\/wp-json\/wp\/v2\/categories?post=21983"},{"taxonomy":"post_tag","embeddable":true,"href":"https:\/\/www.enzo-und-ferdinand.de\/index.php\/wp-json\/wp\/v2\/tags?post=21983"}],"curies":[{"name":"wp","href":"https:\/\/api.w.org\/{rel}","templated":true}]}}