{"id":21991,"date":"2026-01-14T06:17:23","date_gmt":"2026-01-14T05:17:23","guid":{"rendered":"https:\/\/www.enzo-und-ferdinand.de\/?p=21991"},"modified":"2026-01-14T06:17:24","modified_gmt":"2026-01-14T05:17:24","slug":"die-vollelektrische-bmw-m-aera-beginnt","status":"publish","type":"post","link":"https:\/\/www.enzo-und-ferdinand.de\/index.php\/2026\/01\/14\/die-vollelektrische-bmw-m-aera-beginnt\/","title":{"rendered":"Die vollelektrische BMW M \u00c4ra beginnt"},"content":{"rendered":"\n<figure class=\"wp-block-image size-large\"><img loading=\"lazy\" decoding=\"async\" width=\"810\" height=\"540\" src=\"https:\/\/www.enzo-und-ferdinand.de\/wp-content\/uploads\/2026\/01\/BMW-M-electrified-02-810x540.jpg\" alt=\"BMW M electrified\" class=\"wp-image-21988\" srcset=\"https:\/\/www.enzo-und-ferdinand.de\/wp-content\/uploads\/2026\/01\/BMW-M-electrified-02-810x540.jpg 810w, https:\/\/www.enzo-und-ferdinand.de\/wp-content\/uploads\/2026\/01\/BMW-M-electrified-02-300x200.jpg 300w, https:\/\/www.enzo-und-ferdinand.de\/wp-content\/uploads\/2026\/01\/BMW-M-electrified-02-768x512.jpg 768w, https:\/\/www.enzo-und-ferdinand.de\/wp-content\/uploads\/2026\/01\/BMW-M-electrified-02-120x80.jpg 120w, https:\/\/www.enzo-und-ferdinand.de\/wp-content\/uploads\/2026\/01\/BMW-M-electrified-02.jpg 1500w\" sizes=\"auto, (max-width: 810px) 100vw, 810px\" \/><\/figure>\n\n\n\n<p class=\"wp-block-paragraph\">Ab 2027 macht BMW M sein Leistungsversprechen \u201eBorn on the racetrack. Made for the streets.\u201c erstmals vollelektrisch wahr. Die BMW M Neue Klasse markiert dabei einen tiefgreifenden Technologiesprung im Segment der High-Performance-Fahrzeuge. Ziel der Entwickler war es, das typische BMW-M-Fahrgef\u00fchl nicht nur zu erhalten, sondern durch den Elektroantrieb auf ein neues Niveau zu heben.<\/p>\n\n\n\n<p class=\"wp-block-paragraph\">Zentrales Element ist die neu entwickelte Architektur mit vier einzeln angesteuerten Elektromotoren \u2013 jeweils ein Motor pro Rad. Dieses Konzept erlaubt eine vollst\u00e4ndig variable Drehmomentverteilung und er\u00f6ffnet neue Dimensionen bei Traktion, Agilit\u00e4t und Fahrsicherheit. Je nach Fahrsituation kann die Vorderachse vollst\u00e4ndig entkoppelt werden, wodurch ein klassisch heckbetontes Fahrverhalten mit gesteigerter Effizienz kombiniert wird.<\/p>\n\n\n\n<p class=\"wp-block-paragraph\">Herzst\u00fcck der Fahrdynamik ist das sogenannte \u201eHeart of Joy\u201c, ein Hochleistungsrechner, der gemeinsam mit der BMW M Dynamic Performance Control s\u00e4mtliche fahrrelevanten Funktionen zentral steuert. Erg\u00e4nzt wird diese Architektur durch weitere Superbrains f\u00fcr automatisiertes Fahren, Infotainment sowie Komfort- und Basisfunktionen. Die Folge sind schnellere Reaktionszeiten, pr\u00e4zisere Regelstrategien und die M\u00f6glichkeit, Funktionen \u00fcber Software-Updates weiterzuentwickeln.<\/p>\n\n\n\n<figure class=\"wp-block-image size-large\"><img loading=\"lazy\" decoding=\"async\" width=\"810\" height=\"540\" src=\"https:\/\/www.enzo-und-ferdinand.de\/wp-content\/uploads\/2026\/01\/BMW-M-electrified-03-810x540.jpg\" alt=\"BMW M electrified\" class=\"wp-image-21987\" srcset=\"https:\/\/www.enzo-und-ferdinand.de\/wp-content\/uploads\/2026\/01\/BMW-M-electrified-03-810x540.jpg 810w, https:\/\/www.enzo-und-ferdinand.de\/wp-content\/uploads\/2026\/01\/BMW-M-electrified-03-300x200.jpg 300w, https:\/\/www.enzo-und-ferdinand.de\/wp-content\/uploads\/2026\/01\/BMW-M-electrified-03-768x512.jpg 768w, https:\/\/www.enzo-und-ferdinand.de\/wp-content\/uploads\/2026\/01\/BMW-M-electrified-03-120x80.jpg 120w, https:\/\/www.enzo-und-ferdinand.de\/wp-content\/uploads\/2026\/01\/BMW-M-electrified-03.jpg 1500w\" sizes=\"auto, (max-width: 810px) 100vw, 810px\" \/><\/figure>\n\n\n\n<p class=\"wp-block-paragraph\">Der BMW M eDrive basiert auf der Gen6-Technologie der Neuen Klasse. Die elektrischen Antriebseinheiten zeichnen sich durch eine besonders hohe Leistungsdichte aus und z\u00e4hlen zu den st\u00e4rksten Aggregaten, die BMW M bislang eingesetzt hat. Inverter, Getriebe und \u00d6lversorgung sind vollst\u00e4ndig integriert und erm\u00f6glichen eine Rekuperation bis in den fahrdynamischen Grenzbereich.<\/p>\n\n\n\n<p class=\"wp-block-paragraph\">Ein speziell entwickelter Hochvoltspeicher mit mehr als 100 kWh nutzbarer Energie sorgt f\u00fcr hohe Peakleistungen, schnelle Ladezeiten dank 800-Volt-Technologie und eine hohe Langstreckentauglichkeit. Der Akku ist als strukturelles Bauteil in das Fahrzeug integriert, was die Karosseriesteifigkeit und damit die Fahrpr\u00e4zision zus\u00e4tzlich erh\u00f6ht.<\/p>\n\n\n\n<p class=\"wp-block-paragraph\">Erg\u00e4nzt wird das Technikpaket durch ein innovatives Leichtbaukonzept. Erstmals setzt BMW M in Serienfahrzeugen auf Naturfaser-Elemente, die \u00e4hnliche Eigenschaften wie Carbon bieten, jedoch mit rund 40 Prozent geringeren CO\u2082e-Emissionen hergestellt werden. Die BMW M Neue Klasse verbindet damit Hochleistung, Nachhaltigkeit und Alltagstauglichkeit auf bislang unerreichte Weise.<\/p>\n\n\n\n<figure class=\"wp-block-image size-large\"><img loading=\"lazy\" decoding=\"async\" width=\"810\" height=\"562\" src=\"https:\/\/www.enzo-und-ferdinand.de\/wp-content\/uploads\/2026\/01\/BMW-M-electrified-04-810x562.jpg\" alt=\"BMW M electrified\" class=\"wp-image-21990\" srcset=\"https:\/\/www.enzo-und-ferdinand.de\/wp-content\/uploads\/2026\/01\/BMW-M-electrified-04-810x562.jpg 810w, https:\/\/www.enzo-und-ferdinand.de\/wp-content\/uploads\/2026\/01\/BMW-M-electrified-04-300x208.jpg 300w, https:\/\/www.enzo-und-ferdinand.de\/wp-content\/uploads\/2026\/01\/BMW-M-electrified-04-768x533.jpg 768w, https:\/\/www.enzo-und-ferdinand.de\/wp-content\/uploads\/2026\/01\/BMW-M-electrified-04.jpg 1500w\" sizes=\"auto, (max-width: 810px) 100vw, 810px\" \/><\/figure>\n\n\n\n<p class=\"has-text-align-right wp-block-paragraph\">Fotos: BMW Group\/Text: Rainer Ro\u00dfbach<\/p>\n\n\n\n<p class=\"wp-block-paragraph\"><\/p>\n","protected":false},"excerpt":{"rendered":"<p>Ab 2027 macht BMW M sein Leistungsversprechen \u201eBorn on the racetrack. Made for the streets.\u201c erstmals vollelektrisch wahr. Die BMW M Neue Klasse markiert dabei einen tiefgreifenden Technologiesprung im Segment der High-Performance-Fahrzeuge. Ziel der Entwickler war es, das typische BMW-M-Fahrgef\u00fchl nicht nur zu erhalten, sondern durch den Elektroantrieb auf ein neues Niveau zu heben. Zentrales Element ist die neu entwickelte Architektur mit vier einzeln angesteuerten Elektromotoren \u2013 jeweils ein Motor pro Rad. Dieses Konzept erlaubt eine vollst\u00e4ndig variable Drehmomentverteilung und er\u00f6ffnet neue Dimensionen bei Traktion, Agilit\u00e4t und Fahrsicherheit<\/p>\n","protected":false},"author":1,"featured_media":21989,"comment_status":"closed","ping_status":"open","sticky":false,"template":"","format":"standard","meta":{"_crdt_document":"","ngg_post_thumbnail":0,"footnotes":""},"categories":[681,23],"tags":[202],"class_list":["post-21991","post","type-post","status-publish","format-standard","has-post-thumbnail","hentry","category-elektro","category-performance","tag-bmw"],"yoast_head":"<!-- This site is optimized with the Yoast SEO plugin v27.5 - https:\/\/yoast.com\/product\/yoast-seo-wordpress\/ -->\n<title>Die vollelektrische BMW M \u00c4ra beginnt<\/title>\n<meta name=\"description\" content=\"Rainer Ro\u00dfbach, Rainer Rossbach, enzo-und-ferdinand, enzo&amp;ferdinand, Enzo, BMW M Neue Klasse, BMW M vollelektrisch, BMW M eDrive, elektrische High-Performance, BMW Gen6 Technologie, Heart of Joy, BMW M Dynamic Performance Control, Viermotoren-Allrad, Torque Vectoring, 800-Volt-Technologie, Hochvoltspeicher \u00fcber 100 kWh, Rekuperation BMW M, Naturfaser Leichtbau, BMW M Fahrdynamik, elektrische Sportlimousine, Rennstreckentauglichkeit Elektroauto\" \/>\n<meta name=\"robots\" content=\"index, follow, max-snippet:-1, max-image-preview:large, max-video-preview:-1\" \/>\n<link rel=\"canonical\" href=\"https:\/\/www.enzo-und-ferdinand.de\/index.php\/2026\/01\/14\/die-vollelektrische-bmw-m-aera-beginnt\/\" \/>\n<meta property=\"og:locale\" content=\"de_DE\" \/>\n<meta property=\"og:type\" content=\"article\" \/>\n<meta property=\"og:title\" content=\"Die vollelektrische BMW M \u00c4ra beginnt\" \/>\n<meta property=\"og:description\" content=\"Rainer Ro\u00dfbach, Rainer Rossbach, enzo-und-ferdinand, enzo&amp;ferdinand, Enzo, BMW M Neue Klasse, BMW M vollelektrisch, BMW M eDrive, elektrische High-Performance, BMW Gen6 Technologie, Heart of Joy, BMW M Dynamic Performance Control, Viermotoren-Allrad, Torque Vectoring, 800-Volt-Technologie, Hochvoltspeicher \u00fcber 100 kWh, Rekuperation BMW M, Naturfaser Leichtbau, BMW M Fahrdynamik, elektrische Sportlimousine, Rennstreckentauglichkeit Elektroauto\" \/>\n<meta property=\"og:url\" content=\"https:\/\/www.enzo-und-ferdinand.de\/index.php\/2026\/01\/14\/die-vollelektrische-bmw-m-aera-beginnt\/\" \/>\n<meta property=\"og:site_name\" content=\"enzo &amp; Ferdinand\" \/>\n<meta property=\"article:published_time\" content=\"2026-01-14T05:17:23+00:00\" \/>\n<meta property=\"article:modified_time\" content=\"2026-01-14T05:17:24+00:00\" \/>\n<meta property=\"og:image\" content=\"https:\/\/www.enzo-und-ferdinand.de\/wp-content\/uploads\/2026\/01\/BMW-M-electrified-01.jpg\" \/>\n\t<meta property=\"og:image:width\" content=\"1500\" \/>\n\t<meta property=\"og:image:height\" content=\"1000\" \/>\n\t<meta property=\"og:image:type\" content=\"image\/jpeg\" \/>\n<meta name=\"author\" content=\"Rainer Ro\u00dfbach\" \/>\n<meta name=\"twitter:card\" content=\"summary_large_image\" \/>\n<meta name=\"twitter:label1\" content=\"Verfasst von\" \/>\n\t<meta name=\"twitter:data1\" content=\"Rainer Ro\u00dfbach\" \/>\n\t<meta name=\"twitter:label2\" content=\"Gesch\u00e4tzte Lesezeit\" \/>\n\t<meta name=\"twitter:data2\" content=\"3\u00a0Minuten\" \/>\n<script type=\"application\/ld+json\" class=\"yoast-schema-graph\">{\"@context\":\"https:\\\/\\\/schema.org\",\"@graph\":[{\"@type\":\"Article\",\"@id\":\"https:\\\/\\\/www.enzo-und-ferdinand.de\\\/index.php\\\/2026\\\/01\\\/14\\\/die-vollelektrische-bmw-m-aera-beginnt\\\/#article\",\"isPartOf\":{\"@id\":\"https:\\\/\\\/www.enzo-und-ferdinand.de\\\/index.php\\\/2026\\\/01\\\/14\\\/die-vollelektrische-bmw-m-aera-beginnt\\\/\"},\"author\":{\"name\":\"Rainer Ro\u00dfbach\",\"@id\":\"https:\\\/\\\/www.enzo-und-ferdinand.de\\\/#\\\/schema\\\/person\\\/aff2eb9ff87705987c1b9d21fe10b095\"},\"headline\":\"Die vollelektrische BMW M \u00c4ra beginnt\",\"datePublished\":\"2026-01-14T05:17:23+00:00\",\"dateModified\":\"2026-01-14T05:17:24+00:00\",\"mainEntityOfPage\":{\"@id\":\"https:\\\/\\\/www.enzo-und-ferdinand.de\\\/index.php\\\/2026\\\/01\\\/14\\\/die-vollelektrische-bmw-m-aera-beginnt\\\/\"},\"wordCount\":330,\"publisher\":{\"@id\":\"https:\\\/\\\/www.enzo-und-ferdinand.de\\\/#organization\"},\"image\":{\"@id\":\"https:\\\/\\\/www.enzo-und-ferdinand.de\\\/index.php\\\/2026\\\/01\\\/14\\\/die-vollelektrische-bmw-m-aera-beginnt\\\/#primaryimage\"},\"thumbnailUrl\":\"https:\\\/\\\/www.enzo-und-ferdinand.de\\\/wp-content\\\/uploads\\\/2026\\\/01\\\/BMW-M-electrified-01.jpg\",\"keywords\":[\"BMW\"],\"articleSection\":[\"Elektro\",\"Performance\"],\"inLanguage\":\"de\"},{\"@type\":\"WebPage\",\"@id\":\"https:\\\/\\\/www.enzo-und-ferdinand.de\\\/index.php\\\/2026\\\/01\\\/14\\\/die-vollelektrische-bmw-m-aera-beginnt\\\/\",\"url\":\"https:\\\/\\\/www.enzo-und-ferdinand.de\\\/index.php\\\/2026\\\/01\\\/14\\\/die-vollelektrische-bmw-m-aera-beginnt\\\/\",\"name\":\"Die vollelektrische BMW M \u00c4ra beginnt\",\"isPartOf\":{\"@id\":\"https:\\\/\\\/www.enzo-und-ferdinand.de\\\/#website\"},\"primaryImageOfPage\":{\"@id\":\"https:\\\/\\\/www.enzo-und-ferdinand.de\\\/index.php\\\/2026\\\/01\\\/14\\\/die-vollelektrische-bmw-m-aera-beginnt\\\/#primaryimage\"},\"image\":{\"@id\":\"https:\\\/\\\/www.enzo-und-ferdinand.de\\\/index.php\\\/2026\\\/01\\\/14\\\/die-vollelektrische-bmw-m-aera-beginnt\\\/#primaryimage\"},\"thumbnailUrl\":\"https:\\\/\\\/www.enzo-und-ferdinand.de\\\/wp-content\\\/uploads\\\/2026\\\/01\\\/BMW-M-electrified-01.jpg\",\"datePublished\":\"2026-01-14T05:17:23+00:00\",\"dateModified\":\"2026-01-14T05:17:24+00:00\",\"description\":\"Rainer Ro\u00dfbach, Rainer Rossbach, enzo-und-ferdinand, enzo&ferdinand, Enzo, BMW M Neue Klasse, BMW M vollelektrisch, BMW M eDrive, elektrische High-Performance, BMW Gen6 Technologie, Heart of Joy, BMW M Dynamic Performance Control, Viermotoren-Allrad, Torque Vectoring, 800-Volt-Technologie, Hochvoltspeicher \u00fcber 100 kWh, Rekuperation BMW M, Naturfaser Leichtbau, BMW M Fahrdynamik, elektrische Sportlimousine, Rennstreckentauglichkeit Elektroauto\",\"breadcrumb\":{\"@id\":\"https:\\\/\\\/www.enzo-und-ferdinand.de\\\/index.php\\\/2026\\\/01\\\/14\\\/die-vollelektrische-bmw-m-aera-beginnt\\\/#breadcrumb\"},\"inLanguage\":\"de\",\"potentialAction\":[{\"@type\":\"ReadAction\",\"target\":[\"https:\\\/\\\/www.enzo-und-ferdinand.de\\\/index.php\\\/2026\\\/01\\\/14\\\/die-vollelektrische-bmw-m-aera-beginnt\\\/\"]}]},{\"@type\":\"ImageObject\",\"inLanguage\":\"de\",\"@id\":\"https:\\\/\\\/www.enzo-und-ferdinand.de\\\/index.php\\\/2026\\\/01\\\/14\\\/die-vollelektrische-bmw-m-aera-beginnt\\\/#primaryimage\",\"url\":\"https:\\\/\\\/www.enzo-und-ferdinand.de\\\/wp-content\\\/uploads\\\/2026\\\/01\\\/BMW-M-electrified-01.jpg\",\"contentUrl\":\"https:\\\/\\\/www.enzo-und-ferdinand.de\\\/wp-content\\\/uploads\\\/2026\\\/01\\\/BMW-M-electrified-01.jpg\",\"width\":1500,\"height\":1000,\"caption\":\"BMW M electrified\"},{\"@type\":\"BreadcrumbList\",\"@id\":\"https:\\\/\\\/www.enzo-und-ferdinand.de\\\/index.php\\\/2026\\\/01\\\/14\\\/die-vollelektrische-bmw-m-aera-beginnt\\\/#breadcrumb\",\"itemListElement\":[{\"@type\":\"ListItem\",\"position\":1,\"name\":\"Startseite\",\"item\":\"https:\\\/\\\/www.enzo-und-ferdinand.de\\\/\"},{\"@type\":\"ListItem\",\"position\":2,\"name\":\"Die vollelektrische BMW M \u00c4ra beginnt\"}]},{\"@type\":\"WebSite\",\"@id\":\"https:\\\/\\\/www.enzo-und-ferdinand.de\\\/#website\",\"url\":\"https:\\\/\\\/www.enzo-und-ferdinand.de\\\/\",\"name\":\"enzo & Ferdinand\",\"description\":\"\",\"publisher\":{\"@id\":\"https:\\\/\\\/www.enzo-und-ferdinand.de\\\/#organization\"},\"potentialAction\":[{\"@type\":\"SearchAction\",\"target\":{\"@type\":\"EntryPoint\",\"urlTemplate\":\"https:\\\/\\\/www.enzo-und-ferdinand.de\\\/?s={search_term_string}\"},\"query-input\":{\"@type\":\"PropertyValueSpecification\",\"valueRequired\":true,\"valueName\":\"search_term_string\"}}],\"inLanguage\":\"de\"},{\"@type\":\"Organization\",\"@id\":\"https:\\\/\\\/www.enzo-und-ferdinand.de\\\/#organization\",\"name\":\"enzo & Ferdinand\",\"url\":\"https:\\\/\\\/www.enzo-und-ferdinand.de\\\/\",\"logo\":{\"@type\":\"ImageObject\",\"inLanguage\":\"de\",\"@id\":\"https:\\\/\\\/www.enzo-und-ferdinand.de\\\/#\\\/schema\\\/logo\\\/image\\\/\",\"url\":\"https:\\\/\\\/www.enzo-und-ferdinand.de\\\/wp-content\\\/uploads\\\/2018\\\/12\\\/revvvs-icon.png\",\"contentUrl\":\"https:\\\/\\\/www.enzo-und-ferdinand.de\\\/wp-content\\\/uploads\\\/2018\\\/12\\\/revvvs-icon.png\",\"width\":512,\"height\":512,\"caption\":\"enzo & Ferdinand\"},\"image\":{\"@id\":\"https:\\\/\\\/www.enzo-und-ferdinand.de\\\/#\\\/schema\\\/logo\\\/image\\\/\"}},{\"@type\":\"Person\",\"@id\":\"https:\\\/\\\/www.enzo-und-ferdinand.de\\\/#\\\/schema\\\/person\\\/aff2eb9ff87705987c1b9d21fe10b095\",\"name\":\"Rainer Ro\u00dfbach\",\"image\":{\"@type\":\"ImageObject\",\"inLanguage\":\"de\",\"@id\":\"https:\\\/\\\/www.enzo-und-ferdinand.de\\\/wp-content\\\/uploads\\\/2026\\\/01\\\/Rainer-Rossbach-150x150.jpg\",\"url\":\"https:\\\/\\\/www.enzo-und-ferdinand.de\\\/wp-content\\\/uploads\\\/2026\\\/01\\\/Rainer-Rossbach-150x150.jpg\",\"contentUrl\":\"https:\\\/\\\/www.enzo-und-ferdinand.de\\\/wp-content\\\/uploads\\\/2026\\\/01\\\/Rainer-Rossbach-150x150.jpg\",\"caption\":\"Rainer Ro\u00dfbach\"},\"url\":\"https:\\\/\\\/www.enzo-und-ferdinand.de\\\/index.php\\\/author\\\/redaktion\\\/\"}]}<\/script>\n<!-- \/ Yoast SEO plugin. -->","yoast_head_json":{"title":"Die vollelektrische BMW M \u00c4ra beginnt","description":"Rainer Ro\u00dfbach, Rainer Rossbach, enzo-und-ferdinand, enzo&ferdinand, Enzo, BMW M Neue Klasse, BMW M vollelektrisch, BMW M eDrive, elektrische High-Performance, BMW Gen6 Technologie, Heart of Joy, BMW M Dynamic Performance Control, Viermotoren-Allrad, Torque Vectoring, 800-Volt-Technologie, Hochvoltspeicher \u00fcber 100 kWh, Rekuperation BMW M, Naturfaser Leichtbau, BMW M Fahrdynamik, elektrische Sportlimousine, Rennstreckentauglichkeit Elektroauto","robots":{"index":"index","follow":"follow","max-snippet":"max-snippet:-1","max-image-preview":"max-image-preview:large","max-video-preview":"max-video-preview:-1"},"canonical":"https:\/\/www.enzo-und-ferdinand.de\/index.php\/2026\/01\/14\/die-vollelektrische-bmw-m-aera-beginnt\/","og_locale":"de_DE","og_type":"article","og_title":"Die vollelektrische BMW M \u00c4ra beginnt","og_description":"Rainer Ro\u00dfbach, Rainer Rossbach, enzo-und-ferdinand, enzo&ferdinand, Enzo, BMW M Neue Klasse, BMW M vollelektrisch, BMW M eDrive, elektrische High-Performance, BMW Gen6 Technologie, Heart of Joy, BMW M Dynamic Performance Control, Viermotoren-Allrad, Torque Vectoring, 800-Volt-Technologie, Hochvoltspeicher \u00fcber 100 kWh, Rekuperation BMW M, Naturfaser Leichtbau, BMW M Fahrdynamik, elektrische Sportlimousine, Rennstreckentauglichkeit Elektroauto","og_url":"https:\/\/www.enzo-und-ferdinand.de\/index.php\/2026\/01\/14\/die-vollelektrische-bmw-m-aera-beginnt\/","og_site_name":"enzo &amp; Ferdinand","article_published_time":"2026-01-14T05:17:23+00:00","article_modified_time":"2026-01-14T05:17:24+00:00","og_image":[{"width":1500,"height":1000,"url":"https:\/\/www.enzo-und-ferdinand.de\/wp-content\/uploads\/2026\/01\/BMW-M-electrified-01.jpg","type":"image\/jpeg"}],"author":"Rainer Ro\u00dfbach","twitter_card":"summary_large_image","twitter_misc":{"Verfasst von":"Rainer Ro\u00dfbach","Gesch\u00e4tzte Lesezeit":"3\u00a0Minuten"},"schema":{"@context":"https:\/\/schema.org","@graph":[{"@type":"Article","@id":"https:\/\/www.enzo-und-ferdinand.de\/index.php\/2026\/01\/14\/die-vollelektrische-bmw-m-aera-beginnt\/#article","isPartOf":{"@id":"https:\/\/www.enzo-und-ferdinand.de\/index.php\/2026\/01\/14\/die-vollelektrische-bmw-m-aera-beginnt\/"},"author":{"name":"Rainer Ro\u00dfbach","@id":"https:\/\/www.enzo-und-ferdinand.de\/#\/schema\/person\/aff2eb9ff87705987c1b9d21fe10b095"},"headline":"Die vollelektrische BMW M \u00c4ra beginnt","datePublished":"2026-01-14T05:17:23+00:00","dateModified":"2026-01-14T05:17:24+00:00","mainEntityOfPage":{"@id":"https:\/\/www.enzo-und-ferdinand.de\/index.php\/2026\/01\/14\/die-vollelektrische-bmw-m-aera-beginnt\/"},"wordCount":330,"publisher":{"@id":"https:\/\/www.enzo-und-ferdinand.de\/#organization"},"image":{"@id":"https:\/\/www.enzo-und-ferdinand.de\/index.php\/2026\/01\/14\/die-vollelektrische-bmw-m-aera-beginnt\/#primaryimage"},"thumbnailUrl":"https:\/\/www.enzo-und-ferdinand.de\/wp-content\/uploads\/2026\/01\/BMW-M-electrified-01.jpg","keywords":["BMW"],"articleSection":["Elektro","Performance"],"inLanguage":"de"},{"@type":"WebPage","@id":"https:\/\/www.enzo-und-ferdinand.de\/index.php\/2026\/01\/14\/die-vollelektrische-bmw-m-aera-beginnt\/","url":"https:\/\/www.enzo-und-ferdinand.de\/index.php\/2026\/01\/14\/die-vollelektrische-bmw-m-aera-beginnt\/","name":"Die vollelektrische BMW M \u00c4ra beginnt","isPartOf":{"@id":"https:\/\/www.enzo-und-ferdinand.de\/#website"},"primaryImageOfPage":{"@id":"https:\/\/www.enzo-und-ferdinand.de\/index.php\/2026\/01\/14\/die-vollelektrische-bmw-m-aera-beginnt\/#primaryimage"},"image":{"@id":"https:\/\/www.enzo-und-ferdinand.de\/index.php\/2026\/01\/14\/die-vollelektrische-bmw-m-aera-beginnt\/#primaryimage"},"thumbnailUrl":"https:\/\/www.enzo-und-ferdinand.de\/wp-content\/uploads\/2026\/01\/BMW-M-electrified-01.jpg","datePublished":"2026-01-14T05:17:23+00:00","dateModified":"2026-01-14T05:17:24+00:00","description":"Rainer Ro\u00dfbach, Rainer Rossbach, enzo-und-ferdinand, enzo&ferdinand, Enzo, BMW M Neue Klasse, BMW M vollelektrisch, BMW M eDrive, elektrische High-Performance, BMW Gen6 Technologie, Heart of Joy, BMW M Dynamic Performance Control, Viermotoren-Allrad, Torque Vectoring, 800-Volt-Technologie, Hochvoltspeicher \u00fcber 100 kWh, Rekuperation BMW M, Naturfaser Leichtbau, BMW M Fahrdynamik, elektrische Sportlimousine, Rennstreckentauglichkeit Elektroauto","breadcrumb":{"@id":"https:\/\/www.enzo-und-ferdinand.de\/index.php\/2026\/01\/14\/die-vollelektrische-bmw-m-aera-beginnt\/#breadcrumb"},"inLanguage":"de","potentialAction":[{"@type":"ReadAction","target":["https:\/\/www.enzo-und-ferdinand.de\/index.php\/2026\/01\/14\/die-vollelektrische-bmw-m-aera-beginnt\/"]}]},{"@type":"ImageObject","inLanguage":"de","@id":"https:\/\/www.enzo-und-ferdinand.de\/index.php\/2026\/01\/14\/die-vollelektrische-bmw-m-aera-beginnt\/#primaryimage","url":"https:\/\/www.enzo-und-ferdinand.de\/wp-content\/uploads\/2026\/01\/BMW-M-electrified-01.jpg","contentUrl":"https:\/\/www.enzo-und-ferdinand.de\/wp-content\/uploads\/2026\/01\/BMW-M-electrified-01.jpg","width":1500,"height":1000,"caption":"BMW M electrified"},{"@type":"BreadcrumbList","@id":"https:\/\/www.enzo-und-ferdinand.de\/index.php\/2026\/01\/14\/die-vollelektrische-bmw-m-aera-beginnt\/#breadcrumb","itemListElement":[{"@type":"ListItem","position":1,"name":"Startseite","item":"https:\/\/www.enzo-und-ferdinand.de\/"},{"@type":"ListItem","position":2,"name":"Die vollelektrische BMW M \u00c4ra beginnt"}]},{"@type":"WebSite","@id":"https:\/\/www.enzo-und-ferdinand.de\/#website","url":"https:\/\/www.enzo-und-ferdinand.de\/","name":"enzo & Ferdinand","description":"","publisher":{"@id":"https:\/\/www.enzo-und-ferdinand.de\/#organization"},"potentialAction":[{"@type":"SearchAction","target":{"@type":"EntryPoint","urlTemplate":"https:\/\/www.enzo-und-ferdinand.de\/?s={search_term_string}"},"query-input":{"@type":"PropertyValueSpecification","valueRequired":true,"valueName":"search_term_string"}}],"inLanguage":"de"},{"@type":"Organization","@id":"https:\/\/www.enzo-und-ferdinand.de\/#organization","name":"enzo & Ferdinand","url":"https:\/\/www.enzo-und-ferdinand.de\/","logo":{"@type":"ImageObject","inLanguage":"de","@id":"https:\/\/www.enzo-und-ferdinand.de\/#\/schema\/logo\/image\/","url":"https:\/\/www.enzo-und-ferdinand.de\/wp-content\/uploads\/2018\/12\/revvvs-icon.png","contentUrl":"https:\/\/www.enzo-und-ferdinand.de\/wp-content\/uploads\/2018\/12\/revvvs-icon.png","width":512,"height":512,"caption":"enzo & Ferdinand"},"image":{"@id":"https:\/\/www.enzo-und-ferdinand.de\/#\/schema\/logo\/image\/"}},{"@type":"Person","@id":"https:\/\/www.enzo-und-ferdinand.de\/#\/schema\/person\/aff2eb9ff87705987c1b9d21fe10b095","name":"Rainer Ro\u00dfbach","image":{"@type":"ImageObject","inLanguage":"de","@id":"https:\/\/www.enzo-und-ferdinand.de\/wp-content\/uploads\/2026\/01\/Rainer-Rossbach-150x150.jpg","url":"https:\/\/www.enzo-und-ferdinand.de\/wp-content\/uploads\/2026\/01\/Rainer-Rossbach-150x150.jpg","contentUrl":"https:\/\/www.enzo-und-ferdinand.de\/wp-content\/uploads\/2026\/01\/Rainer-Rossbach-150x150.jpg","caption":"Rainer Ro\u00dfbach"},"url":"https:\/\/www.enzo-und-ferdinand.de\/index.php\/author\/redaktion\/"}]}},"_links":{"self":[{"href":"https:\/\/www.enzo-und-ferdinand.de\/index.php\/wp-json\/wp\/v2\/posts\/21991","targetHints":{"allow":["GET"]}}],"collection":[{"href":"https:\/\/www.enzo-und-ferdinand.de\/index.php\/wp-json\/wp\/v2\/posts"}],"about":[{"href":"https:\/\/www.enzo-und-ferdinand.de\/index.php\/wp-json\/wp\/v2\/types\/post"}],"author":[{"embeddable":true,"href":"https:\/\/www.enzo-und-ferdinand.de\/index.php\/wp-json\/wp\/v2\/users\/1"}],"replies":[{"embeddable":true,"href":"https:\/\/www.enzo-und-ferdinand.de\/index.php\/wp-json\/wp\/v2\/comments?post=21991"}],"version-history":[{"count":2,"href":"https:\/\/www.enzo-und-ferdinand.de\/index.php\/wp-json\/wp\/v2\/posts\/21991\/revisions"}],"predecessor-version":[{"id":21993,"href":"https:\/\/www.enzo-und-ferdinand.de\/index.php\/wp-json\/wp\/v2\/posts\/21991\/revisions\/21993"}],"wp:featuredmedia":[{"embeddable":true,"href":"https:\/\/www.enzo-und-ferdinand.de\/index.php\/wp-json\/wp\/v2\/media\/21989"}],"wp:attachment":[{"href":"https:\/\/www.enzo-und-ferdinand.de\/index.php\/wp-json\/wp\/v2\/media?parent=21991"}],"wp:term":[{"taxonomy":"category","embeddable":true,"href":"https:\/\/www.enzo-und-ferdinand.de\/index.php\/wp-json\/wp\/v2\/categories?post=21991"},{"taxonomy":"post_tag","embeddable":true,"href":"https:\/\/www.enzo-und-ferdinand.de\/index.php\/wp-json\/wp\/v2\/tags?post=21991"}],"curies":[{"name":"wp","href":"https:\/\/api.w.org\/{rel}","templated":true}]}}