{"id":22006,"date":"2026-01-15T08:38:40","date_gmt":"2026-01-15T07:38:40","guid":{"rendered":"https:\/\/www.enzo-und-ferdinand.de\/?p=22006"},"modified":"2026-01-15T08:38:41","modified_gmt":"2026-01-15T07:38:41","slug":"mazda-vision-x-compact","status":"publish","type":"post","link":"https:\/\/www.enzo-und-ferdinand.de\/index.php\/2026\/01\/15\/mazda-vision-x-compact\/","title":{"rendered":"Mazda \u201eVision X-Compact\u201c"},"content":{"rendered":"\n<figure class=\"wp-block-image size-large\"><img loading=\"lazy\" decoding=\"async\" width=\"810\" height=\"421\" src=\"https:\/\/www.enzo-und-ferdinand.de\/wp-content\/uploads\/2026\/01\/Mazda-Vision-X-Compact-3-810x421.jpg\" alt=\"Mazda Vision X-Compact\" class=\"wp-image-22003\" srcset=\"https:\/\/www.enzo-und-ferdinand.de\/wp-content\/uploads\/2026\/01\/Mazda-Vision-X-Compact-3-810x421.jpg 810w, https:\/\/www.enzo-und-ferdinand.de\/wp-content\/uploads\/2026\/01\/Mazda-Vision-X-Compact-3-300x156.jpg 300w, https:\/\/www.enzo-und-ferdinand.de\/wp-content\/uploads\/2026\/01\/Mazda-Vision-X-Compact-3-768x399.jpg 768w, https:\/\/www.enzo-und-ferdinand.de\/wp-content\/uploads\/2026\/01\/Mazda-Vision-X-Compact-3.jpg 1500w\" sizes=\"auto, (max-width: 810px) 100vw, 810px\" \/><\/figure>\n\n\n\n<p class=\"wp-block-paragraph\">Die Konzeptstudie zeigt, wie Mazda die Zukunft kompakter Mobilit\u00e4t sieht: technisch intelligent, emotional vernetzt und nachhaltig. Das Konzeptfahrzeug verbindet eine empathische k\u00fcnstliche Intelligenz mit einem Fokus auf Mensch-Maschine-Interaktion und will so ein Zeichen f\u00fcr eine neue Form des automobilen Erlebens setzen.<\/p>\n\n\n\n<p class=\"wp-block-paragraph\">Der \u201eVision X-Compact\u201c ist ein konsequent auf den Menschen ausgerichtetes Konzeptfahrzeug, das die Beziehung zwischen Fahrerin beziehungsweise Fahrer und Automobil neu interpretiert. Herzst\u00fcck ist eine empathische KI, die mit einem digitalen Modell der menschlichen Sinne verschmolzen wurde. Sie kommuniziert in nat\u00fcrlicher Sprache, macht Vorschl\u00e4ge f\u00fcr Routen oder Inhalte und reagiert auf die mentale sowie physiologische Verfassung des Fahrers. Sensoren im Fahrzeug erfassen dazu Gesundheitsdaten und emotionale Zust\u00e4nde. Auf dieser Basis lernt die KI kontinuierlich dazu, antizipiert Bed\u00fcrfnisse und optimiert das Fahrerlebnis, etwa durch die Auswahl passender Musik oder durch situationsgerechte Hinweise. Gleichzeitig \u00fcbernimmt sie sicherheitsrelevante Aufgaben und warnt vor Fahrzeugen oder Personen im toten Winkel.<\/p>\n\n\n\n<figure class=\"wp-block-image size-large\"><img loading=\"lazy\" decoding=\"async\" width=\"810\" height=\"421\" src=\"https:\/\/www.enzo-und-ferdinand.de\/wp-content\/uploads\/2026\/01\/Mazda-Vision-X-Compact-2-810x421.jpg\" alt=\"Mazda Vision X-Compact\" class=\"wp-image-22002\" srcset=\"https:\/\/www.enzo-und-ferdinand.de\/wp-content\/uploads\/2026\/01\/Mazda-Vision-X-Compact-2-810x421.jpg 810w, https:\/\/www.enzo-und-ferdinand.de\/wp-content\/uploads\/2026\/01\/Mazda-Vision-X-Compact-2-300x156.jpg 300w, https:\/\/www.enzo-und-ferdinand.de\/wp-content\/uploads\/2026\/01\/Mazda-Vision-X-Compact-2-768x399.jpg 768w, https:\/\/www.enzo-und-ferdinand.de\/wp-content\/uploads\/2026\/01\/Mazda-Vision-X-Compact-2.jpg 1500w\" sizes=\"auto, (max-width: 810px) 100vw, 810px\" \/><\/figure>\n\n\n\n<p class=\"wp-block-paragraph\">Auch gestalterisch unterstreicht die Studie die Vorstellung von einer emotionalen, intelligenten Mobilit\u00e4t. Die sportliche, durchscheinende Lackierung in \u201eViola Red\u201c interpretiert die Markenfarbe Rot neu und steht f\u00fcr Dynamik und Lebendigkeit. Ein Sensor in der B-S\u00e4ule erm\u00f6glicht das \u00d6ffnen und Schlie\u00dfen der T\u00fcren per Gesichtsscan. Der Innenraum folgt der idealen Form eines kompakten Fahrzeugs: reduziert, funktional und frei von \u00fcberfl\u00fcssigen Elementen. Der Fokus liegt auf Ergonomie, Leichtigkeit und technischer Klarheit.<\/p>\n\n\n\n<p class=\"wp-block-paragraph\">Ein zentrales Thema ist Nachhaltigkeit. Mazda setzt auf Biomaterialien wie recycelten Kohlenstoff, Biofabrics und pflanzenbasierte Werkstoffe ohne erd\u00f6lbasierte Bestandteile. Schwarze Elemente der Instrumententafel und der T\u00fcrverkleidungen bestehen aus diesen Materialien und vermitteln ein sportliches und leichtes Ambiente. Erg\u00e4nzt wird das Materialkonzept durch recyceltes Carbon sowie Bio-Stoffe. Bereits bekannte Ans\u00e4tze wie See Wool aus recycelten Austernschalen, Sandelholz als schnell nachwachsender Rohstoff oder Bio Second Skin aus Pflanzenfasern stehen f\u00fcr den ganzheitlichen Anspruch, den Mazda auch im Vision X-Compact verfolgt.<\/p>\n\n\n\n<p class=\"wp-block-paragraph\">Der Mazda Vision X-Compact steht damit f\u00fcr eine vernetzte, nachhaltige Mobilit\u00e4t, in der Technik nicht Selbstzweck ist, sondern zum empathischen Begleiter wird. Das Konzept zeigt, wie sich emotionale Markenwerte mit fortschrittlicher Sensorik, KI-Systemen und nachhaltigen Materialien zu einem schl\u00fcssigen Gesamtansatz verbinden lassen.<\/p>\n\n\n\n<figure class=\"wp-block-gallery has-nested-images columns-default is-cropped wp-block-gallery-1 is-layout-flex wp-block-gallery-is-layout-flex\">\n<figure class=\"wp-block-image size-large\"><img loading=\"lazy\" decoding=\"async\" width=\"810\" height=\"421\" data-id=\"22005\" src=\"https:\/\/www.enzo-und-ferdinand.de\/wp-content\/uploads\/2026\/01\/Mazda-Vision-X-Compact-5-810x421.jpg\" alt=\"Mazda Vision X-Compact\" class=\"wp-image-22005\" srcset=\"https:\/\/www.enzo-und-ferdinand.de\/wp-content\/uploads\/2026\/01\/Mazda-Vision-X-Compact-5-810x421.jpg 810w, https:\/\/www.enzo-und-ferdinand.de\/wp-content\/uploads\/2026\/01\/Mazda-Vision-X-Compact-5-300x156.jpg 300w, https:\/\/www.enzo-und-ferdinand.de\/wp-content\/uploads\/2026\/01\/Mazda-Vision-X-Compact-5-768x399.jpg 768w, https:\/\/www.enzo-und-ferdinand.de\/wp-content\/uploads\/2026\/01\/Mazda-Vision-X-Compact-5.jpg 1500w\" sizes=\"auto, (max-width: 810px) 100vw, 810px\" \/><\/figure>\n\n\n\n<figure class=\"wp-block-image size-large\"><img loading=\"lazy\" decoding=\"async\" width=\"810\" height=\"456\" data-id=\"22001\" src=\"https:\/\/www.enzo-und-ferdinand.de\/wp-content\/uploads\/2026\/01\/Mazda-Vision-X-Compact-1-810x456.jpg\" alt=\"Mazda Vision X-Compact\" class=\"wp-image-22001\" srcset=\"https:\/\/www.enzo-und-ferdinand.de\/wp-content\/uploads\/2026\/01\/Mazda-Vision-X-Compact-1-810x456.jpg 810w, https:\/\/www.enzo-und-ferdinand.de\/wp-content\/uploads\/2026\/01\/Mazda-Vision-X-Compact-1-300x169.jpg 300w, https:\/\/www.enzo-und-ferdinand.de\/wp-content\/uploads\/2026\/01\/Mazda-Vision-X-Compact-1-768x432.jpg 768w, https:\/\/www.enzo-und-ferdinand.de\/wp-content\/uploads\/2026\/01\/Mazda-Vision-X-Compact-1.jpg 1500w\" sizes=\"auto, (max-width: 810px) 100vw, 810px\" \/><\/figure>\n<\/figure>\n\n\n\n<p class=\"has-text-align-right wp-block-paragraph\">Fotos: Mazda\/Text: Rainer Ro\u00dfbach<\/p>\n","protected":false},"excerpt":{"rendered":"<p>Die Konzeptstudie zeigt, wie Mazda die Zukunft kompakter Mobilit\u00e4t sieht: technisch intelligent, emotional vernetzt und nachhaltig. Das Konzeptfahrzeug verbindet eine empathische k\u00fcnstliche Intelligenz mit einem Fokus auf Mensch-Maschine-Interaktion und will so ein Zeichen f\u00fcr eine neue Form des automobilen Erlebens setzen. Der \u201eVision X-Compact\u201c ist ein konsequent auf den Menschen ausgerichtetes Konzeptfahrzeug, das die Beziehung zwischen Fahrerin beziehungsweise Fahrer und Automobil neu interpretiert. Herzst\u00fcck ist eine empathische KI, die mit einem digitalen Modell der menschlichen Sinne verschmolzen wurde.<\/p>\n","protected":false},"author":1,"featured_media":22004,"comment_status":"closed","ping_status":"open","sticky":false,"template":"","format":"standard","meta":{"_crdt_document":"","ngg_post_thumbnail":0,"footnotes":""},"categories":[281,4,586],"tags":[513],"class_list":["post-22006","post","type-post","status-publish","format-standard","has-post-thumbnail","hentry","category-japan","category-studien","category-technologie","tag-mazda"],"yoast_head":"<!-- This site is optimized with the Yoast SEO plugin v27.5 - https:\/\/yoast.com\/product\/yoast-seo-wordpress\/ -->\n<title>Mazda \u201eVision X-Compact\u201c<\/title>\n<meta name=\"description\" content=\"Rainer Ro\u00dfbach, Rainer Rossbach, enzo-und-ferdinand, enzo&amp;ferdinand, Enzo, Mazda Vision X-Compact, Mazda Konzeptfahrzeug, empathische KI Auto, Mensch-Maschine-Interaktion, nachhaltige Materialien Auto, Biomaterialien Innenraum, Gesichtsscan Auto, k\u00fcnstliche Intelligenz Fahrzeug, vernetzte Mobilit\u00e4t Mazda, kompakter Concept Car\" \/>\n<meta name=\"robots\" content=\"index, follow, max-snippet:-1, max-image-preview:large, max-video-preview:-1\" \/>\n<link rel=\"canonical\" href=\"https:\/\/www.enzo-und-ferdinand.de\/index.php\/2026\/01\/15\/mazda-vision-x-compact\/\" \/>\n<meta property=\"og:locale\" content=\"de_DE\" \/>\n<meta property=\"og:type\" content=\"article\" \/>\n<meta property=\"og:title\" content=\"Mazda \u201eVision X-Compact\u201c\" \/>\n<meta property=\"og:description\" content=\"Rainer Ro\u00dfbach, Rainer Rossbach, enzo-und-ferdinand, enzo&amp;ferdinand, Enzo, Mazda Vision X-Compact, Mazda Konzeptfahrzeug, empathische KI Auto, Mensch-Maschine-Interaktion, nachhaltige Materialien Auto, Biomaterialien Innenraum, Gesichtsscan Auto, k\u00fcnstliche Intelligenz Fahrzeug, vernetzte Mobilit\u00e4t Mazda, kompakter Concept Car\" \/>\n<meta property=\"og:url\" content=\"https:\/\/www.enzo-und-ferdinand.de\/index.php\/2026\/01\/15\/mazda-vision-x-compact\/\" \/>\n<meta property=\"og:site_name\" content=\"enzo &amp; Ferdinand\" \/>\n<meta property=\"article:published_time\" content=\"2026-01-15T07:38:40+00:00\" \/>\n<meta property=\"article:modified_time\" content=\"2026-01-15T07:38:41+00:00\" \/>\n<meta property=\"og:image\" content=\"https:\/\/www.enzo-und-ferdinand.de\/wp-content\/uploads\/2026\/01\/Mazda-Vision-X-Compact-4.jpg\" \/>\n\t<meta property=\"og:image:width\" content=\"1500\" \/>\n\t<meta property=\"og:image:height\" content=\"1000\" \/>\n\t<meta property=\"og:image:type\" content=\"image\/jpeg\" \/>\n<meta name=\"author\" content=\"Rainer Ro\u00dfbach\" \/>\n<meta name=\"twitter:card\" content=\"summary_large_image\" \/>\n<meta name=\"twitter:label1\" content=\"Verfasst von\" \/>\n\t<meta name=\"twitter:data1\" content=\"Rainer Ro\u00dfbach\" \/>\n\t<meta name=\"twitter:label2\" content=\"Gesch\u00e4tzte Lesezeit\" \/>\n\t<meta name=\"twitter:data2\" content=\"3\u00a0Minuten\" \/>\n<script type=\"application\/ld+json\" class=\"yoast-schema-graph\">{\"@context\":\"https:\\\/\\\/schema.org\",\"@graph\":[{\"@type\":\"Article\",\"@id\":\"https:\\\/\\\/www.enzo-und-ferdinand.de\\\/index.php\\\/2026\\\/01\\\/15\\\/mazda-vision-x-compact\\\/#article\",\"isPartOf\":{\"@id\":\"https:\\\/\\\/www.enzo-und-ferdinand.de\\\/index.php\\\/2026\\\/01\\\/15\\\/mazda-vision-x-compact\\\/\"},\"author\":{\"name\":\"Rainer Ro\u00dfbach\",\"@id\":\"https:\\\/\\\/www.enzo-und-ferdinand.de\\\/#\\\/schema\\\/person\\\/aff2eb9ff87705987c1b9d21fe10b095\"},\"headline\":\"Mazda \u201eVision X-Compact\u201c\",\"datePublished\":\"2026-01-15T07:38:40+00:00\",\"dateModified\":\"2026-01-15T07:38:41+00:00\",\"mainEntityOfPage\":{\"@id\":\"https:\\\/\\\/www.enzo-und-ferdinand.de\\\/index.php\\\/2026\\\/01\\\/15\\\/mazda-vision-x-compact\\\/\"},\"wordCount\":368,\"publisher\":{\"@id\":\"https:\\\/\\\/www.enzo-und-ferdinand.de\\\/#organization\"},\"image\":{\"@id\":\"https:\\\/\\\/www.enzo-und-ferdinand.de\\\/index.php\\\/2026\\\/01\\\/15\\\/mazda-vision-x-compact\\\/#primaryimage\"},\"thumbnailUrl\":\"https:\\\/\\\/www.enzo-und-ferdinand.de\\\/wp-content\\\/uploads\\\/2026\\\/01\\\/Mazda-Vision-X-Compact-4.jpg\",\"keywords\":[\"Mazda\"],\"articleSection\":[\"Japan Design\",\"Studien\",\"Technologie\"],\"inLanguage\":\"de\"},{\"@type\":\"WebPage\",\"@id\":\"https:\\\/\\\/www.enzo-und-ferdinand.de\\\/index.php\\\/2026\\\/01\\\/15\\\/mazda-vision-x-compact\\\/\",\"url\":\"https:\\\/\\\/www.enzo-und-ferdinand.de\\\/index.php\\\/2026\\\/01\\\/15\\\/mazda-vision-x-compact\\\/\",\"name\":\"Mazda \u201eVision X-Compact\u201c\",\"isPartOf\":{\"@id\":\"https:\\\/\\\/www.enzo-und-ferdinand.de\\\/#website\"},\"primaryImageOfPage\":{\"@id\":\"https:\\\/\\\/www.enzo-und-ferdinand.de\\\/index.php\\\/2026\\\/01\\\/15\\\/mazda-vision-x-compact\\\/#primaryimage\"},\"image\":{\"@id\":\"https:\\\/\\\/www.enzo-und-ferdinand.de\\\/index.php\\\/2026\\\/01\\\/15\\\/mazda-vision-x-compact\\\/#primaryimage\"},\"thumbnailUrl\":\"https:\\\/\\\/www.enzo-und-ferdinand.de\\\/wp-content\\\/uploads\\\/2026\\\/01\\\/Mazda-Vision-X-Compact-4.jpg\",\"datePublished\":\"2026-01-15T07:38:40+00:00\",\"dateModified\":\"2026-01-15T07:38:41+00:00\",\"description\":\"Rainer Ro\u00dfbach, Rainer Rossbach, enzo-und-ferdinand, enzo&ferdinand, Enzo, Mazda Vision X-Compact, Mazda Konzeptfahrzeug, empathische KI Auto, Mensch-Maschine-Interaktion, nachhaltige Materialien Auto, Biomaterialien Innenraum, Gesichtsscan Auto, k\u00fcnstliche Intelligenz Fahrzeug, vernetzte Mobilit\u00e4t Mazda, kompakter Concept Car\",\"breadcrumb\":{\"@id\":\"https:\\\/\\\/www.enzo-und-ferdinand.de\\\/index.php\\\/2026\\\/01\\\/15\\\/mazda-vision-x-compact\\\/#breadcrumb\"},\"inLanguage\":\"de\",\"potentialAction\":[{\"@type\":\"ReadAction\",\"target\":[\"https:\\\/\\\/www.enzo-und-ferdinand.de\\\/index.php\\\/2026\\\/01\\\/15\\\/mazda-vision-x-compact\\\/\"]}]},{\"@type\":\"ImageObject\",\"inLanguage\":\"de\",\"@id\":\"https:\\\/\\\/www.enzo-und-ferdinand.de\\\/index.php\\\/2026\\\/01\\\/15\\\/mazda-vision-x-compact\\\/#primaryimage\",\"url\":\"https:\\\/\\\/www.enzo-und-ferdinand.de\\\/wp-content\\\/uploads\\\/2026\\\/01\\\/Mazda-Vision-X-Compact-4.jpg\",\"contentUrl\":\"https:\\\/\\\/www.enzo-und-ferdinand.de\\\/wp-content\\\/uploads\\\/2026\\\/01\\\/Mazda-Vision-X-Compact-4.jpg\",\"width\":1500,\"height\":1000,\"caption\":\"Mazda Vision X-Compact\"},{\"@type\":\"BreadcrumbList\",\"@id\":\"https:\\\/\\\/www.enzo-und-ferdinand.de\\\/index.php\\\/2026\\\/01\\\/15\\\/mazda-vision-x-compact\\\/#breadcrumb\",\"itemListElement\":[{\"@type\":\"ListItem\",\"position\":1,\"name\":\"Startseite\",\"item\":\"https:\\\/\\\/www.enzo-und-ferdinand.de\\\/\"},{\"@type\":\"ListItem\",\"position\":2,\"name\":\"Mazda \u201eVision X-Compact\u201c\"}]},{\"@type\":\"WebSite\",\"@id\":\"https:\\\/\\\/www.enzo-und-ferdinand.de\\\/#website\",\"url\":\"https:\\\/\\\/www.enzo-und-ferdinand.de\\\/\",\"name\":\"enzo & Ferdinand\",\"description\":\"\",\"publisher\":{\"@id\":\"https:\\\/\\\/www.enzo-und-ferdinand.de\\\/#organization\"},\"potentialAction\":[{\"@type\":\"SearchAction\",\"target\":{\"@type\":\"EntryPoint\",\"urlTemplate\":\"https:\\\/\\\/www.enzo-und-ferdinand.de\\\/?s={search_term_string}\"},\"query-input\":{\"@type\":\"PropertyValueSpecification\",\"valueRequired\":true,\"valueName\":\"search_term_string\"}}],\"inLanguage\":\"de\"},{\"@type\":\"Organization\",\"@id\":\"https:\\\/\\\/www.enzo-und-ferdinand.de\\\/#organization\",\"name\":\"enzo & Ferdinand\",\"url\":\"https:\\\/\\\/www.enzo-und-ferdinand.de\\\/\",\"logo\":{\"@type\":\"ImageObject\",\"inLanguage\":\"de\",\"@id\":\"https:\\\/\\\/www.enzo-und-ferdinand.de\\\/#\\\/schema\\\/logo\\\/image\\\/\",\"url\":\"https:\\\/\\\/www.enzo-und-ferdinand.de\\\/wp-content\\\/uploads\\\/2018\\\/12\\\/revvvs-icon.png\",\"contentUrl\":\"https:\\\/\\\/www.enzo-und-ferdinand.de\\\/wp-content\\\/uploads\\\/2018\\\/12\\\/revvvs-icon.png\",\"width\":512,\"height\":512,\"caption\":\"enzo & Ferdinand\"},\"image\":{\"@id\":\"https:\\\/\\\/www.enzo-und-ferdinand.de\\\/#\\\/schema\\\/logo\\\/image\\\/\"}},{\"@type\":\"Person\",\"@id\":\"https:\\\/\\\/www.enzo-und-ferdinand.de\\\/#\\\/schema\\\/person\\\/aff2eb9ff87705987c1b9d21fe10b095\",\"name\":\"Rainer Ro\u00dfbach\",\"image\":{\"@type\":\"ImageObject\",\"inLanguage\":\"de\",\"@id\":\"https:\\\/\\\/www.enzo-und-ferdinand.de\\\/wp-content\\\/uploads\\\/2026\\\/01\\\/Rainer-Rossbach-150x150.jpg\",\"url\":\"https:\\\/\\\/www.enzo-und-ferdinand.de\\\/wp-content\\\/uploads\\\/2026\\\/01\\\/Rainer-Rossbach-150x150.jpg\",\"contentUrl\":\"https:\\\/\\\/www.enzo-und-ferdinand.de\\\/wp-content\\\/uploads\\\/2026\\\/01\\\/Rainer-Rossbach-150x150.jpg\",\"caption\":\"Rainer Ro\u00dfbach\"},\"url\":\"https:\\\/\\\/www.enzo-und-ferdinand.de\\\/index.php\\\/author\\\/redaktion\\\/\"}]}<\/script>\n<!-- \/ Yoast SEO plugin. -->","yoast_head_json":{"title":"Mazda \u201eVision X-Compact\u201c","description":"Rainer Ro\u00dfbach, Rainer Rossbach, enzo-und-ferdinand, enzo&ferdinand, Enzo, Mazda Vision X-Compact, Mazda Konzeptfahrzeug, empathische KI Auto, Mensch-Maschine-Interaktion, nachhaltige Materialien Auto, Biomaterialien Innenraum, Gesichtsscan Auto, k\u00fcnstliche Intelligenz Fahrzeug, vernetzte Mobilit\u00e4t Mazda, kompakter Concept Car","robots":{"index":"index","follow":"follow","max-snippet":"max-snippet:-1","max-image-preview":"max-image-preview:large","max-video-preview":"max-video-preview:-1"},"canonical":"https:\/\/www.enzo-und-ferdinand.de\/index.php\/2026\/01\/15\/mazda-vision-x-compact\/","og_locale":"de_DE","og_type":"article","og_title":"Mazda \u201eVision X-Compact\u201c","og_description":"Rainer Ro\u00dfbach, Rainer Rossbach, enzo-und-ferdinand, enzo&ferdinand, Enzo, Mazda Vision X-Compact, Mazda Konzeptfahrzeug, empathische KI Auto, Mensch-Maschine-Interaktion, nachhaltige Materialien Auto, Biomaterialien Innenraum, Gesichtsscan Auto, k\u00fcnstliche Intelligenz Fahrzeug, vernetzte Mobilit\u00e4t Mazda, kompakter Concept Car","og_url":"https:\/\/www.enzo-und-ferdinand.de\/index.php\/2026\/01\/15\/mazda-vision-x-compact\/","og_site_name":"enzo &amp; Ferdinand","article_published_time":"2026-01-15T07:38:40+00:00","article_modified_time":"2026-01-15T07:38:41+00:00","og_image":[{"width":1500,"height":1000,"url":"https:\/\/www.enzo-und-ferdinand.de\/wp-content\/uploads\/2026\/01\/Mazda-Vision-X-Compact-4.jpg","type":"image\/jpeg"}],"author":"Rainer Ro\u00dfbach","twitter_card":"summary_large_image","twitter_misc":{"Verfasst von":"Rainer Ro\u00dfbach","Gesch\u00e4tzte Lesezeit":"3\u00a0Minuten"},"schema":{"@context":"https:\/\/schema.org","@graph":[{"@type":"Article","@id":"https:\/\/www.enzo-und-ferdinand.de\/index.php\/2026\/01\/15\/mazda-vision-x-compact\/#article","isPartOf":{"@id":"https:\/\/www.enzo-und-ferdinand.de\/index.php\/2026\/01\/15\/mazda-vision-x-compact\/"},"author":{"name":"Rainer Ro\u00dfbach","@id":"https:\/\/www.enzo-und-ferdinand.de\/#\/schema\/person\/aff2eb9ff87705987c1b9d21fe10b095"},"headline":"Mazda \u201eVision X-Compact\u201c","datePublished":"2026-01-15T07:38:40+00:00","dateModified":"2026-01-15T07:38:41+00:00","mainEntityOfPage":{"@id":"https:\/\/www.enzo-und-ferdinand.de\/index.php\/2026\/01\/15\/mazda-vision-x-compact\/"},"wordCount":368,"publisher":{"@id":"https:\/\/www.enzo-und-ferdinand.de\/#organization"},"image":{"@id":"https:\/\/www.enzo-und-ferdinand.de\/index.php\/2026\/01\/15\/mazda-vision-x-compact\/#primaryimage"},"thumbnailUrl":"https:\/\/www.enzo-und-ferdinand.de\/wp-content\/uploads\/2026\/01\/Mazda-Vision-X-Compact-4.jpg","keywords":["Mazda"],"articleSection":["Japan Design","Studien","Technologie"],"inLanguage":"de"},{"@type":"WebPage","@id":"https:\/\/www.enzo-und-ferdinand.de\/index.php\/2026\/01\/15\/mazda-vision-x-compact\/","url":"https:\/\/www.enzo-und-ferdinand.de\/index.php\/2026\/01\/15\/mazda-vision-x-compact\/","name":"Mazda \u201eVision X-Compact\u201c","isPartOf":{"@id":"https:\/\/www.enzo-und-ferdinand.de\/#website"},"primaryImageOfPage":{"@id":"https:\/\/www.enzo-und-ferdinand.de\/index.php\/2026\/01\/15\/mazda-vision-x-compact\/#primaryimage"},"image":{"@id":"https:\/\/www.enzo-und-ferdinand.de\/index.php\/2026\/01\/15\/mazda-vision-x-compact\/#primaryimage"},"thumbnailUrl":"https:\/\/www.enzo-und-ferdinand.de\/wp-content\/uploads\/2026\/01\/Mazda-Vision-X-Compact-4.jpg","datePublished":"2026-01-15T07:38:40+00:00","dateModified":"2026-01-15T07:38:41+00:00","description":"Rainer Ro\u00dfbach, Rainer Rossbach, enzo-und-ferdinand, enzo&ferdinand, Enzo, Mazda Vision X-Compact, Mazda Konzeptfahrzeug, empathische KI Auto, Mensch-Maschine-Interaktion, nachhaltige Materialien Auto, Biomaterialien Innenraum, Gesichtsscan Auto, k\u00fcnstliche Intelligenz Fahrzeug, vernetzte Mobilit\u00e4t Mazda, kompakter Concept Car","breadcrumb":{"@id":"https:\/\/www.enzo-und-ferdinand.de\/index.php\/2026\/01\/15\/mazda-vision-x-compact\/#breadcrumb"},"inLanguage":"de","potentialAction":[{"@type":"ReadAction","target":["https:\/\/www.enzo-und-ferdinand.de\/index.php\/2026\/01\/15\/mazda-vision-x-compact\/"]}]},{"@type":"ImageObject","inLanguage":"de","@id":"https:\/\/www.enzo-und-ferdinand.de\/index.php\/2026\/01\/15\/mazda-vision-x-compact\/#primaryimage","url":"https:\/\/www.enzo-und-ferdinand.de\/wp-content\/uploads\/2026\/01\/Mazda-Vision-X-Compact-4.jpg","contentUrl":"https:\/\/www.enzo-und-ferdinand.de\/wp-content\/uploads\/2026\/01\/Mazda-Vision-X-Compact-4.jpg","width":1500,"height":1000,"caption":"Mazda Vision X-Compact"},{"@type":"BreadcrumbList","@id":"https:\/\/www.enzo-und-ferdinand.de\/index.php\/2026\/01\/15\/mazda-vision-x-compact\/#breadcrumb","itemListElement":[{"@type":"ListItem","position":1,"name":"Startseite","item":"https:\/\/www.enzo-und-ferdinand.de\/"},{"@type":"ListItem","position":2,"name":"Mazda \u201eVision X-Compact\u201c"}]},{"@type":"WebSite","@id":"https:\/\/www.enzo-und-ferdinand.de\/#website","url":"https:\/\/www.enzo-und-ferdinand.de\/","name":"enzo & Ferdinand","description":"","publisher":{"@id":"https:\/\/www.enzo-und-ferdinand.de\/#organization"},"potentialAction":[{"@type":"SearchAction","target":{"@type":"EntryPoint","urlTemplate":"https:\/\/www.enzo-und-ferdinand.de\/?s={search_term_string}"},"query-input":{"@type":"PropertyValueSpecification","valueRequired":true,"valueName":"search_term_string"}}],"inLanguage":"de"},{"@type":"Organization","@id":"https:\/\/www.enzo-und-ferdinand.de\/#organization","name":"enzo & Ferdinand","url":"https:\/\/www.enzo-und-ferdinand.de\/","logo":{"@type":"ImageObject","inLanguage":"de","@id":"https:\/\/www.enzo-und-ferdinand.de\/#\/schema\/logo\/image\/","url":"https:\/\/www.enzo-und-ferdinand.de\/wp-content\/uploads\/2018\/12\/revvvs-icon.png","contentUrl":"https:\/\/www.enzo-und-ferdinand.de\/wp-content\/uploads\/2018\/12\/revvvs-icon.png","width":512,"height":512,"caption":"enzo & Ferdinand"},"image":{"@id":"https:\/\/www.enzo-und-ferdinand.de\/#\/schema\/logo\/image\/"}},{"@type":"Person","@id":"https:\/\/www.enzo-und-ferdinand.de\/#\/schema\/person\/aff2eb9ff87705987c1b9d21fe10b095","name":"Rainer Ro\u00dfbach","image":{"@type":"ImageObject","inLanguage":"de","@id":"https:\/\/www.enzo-und-ferdinand.de\/wp-content\/uploads\/2026\/01\/Rainer-Rossbach-150x150.jpg","url":"https:\/\/www.enzo-und-ferdinand.de\/wp-content\/uploads\/2026\/01\/Rainer-Rossbach-150x150.jpg","contentUrl":"https:\/\/www.enzo-und-ferdinand.de\/wp-content\/uploads\/2026\/01\/Rainer-Rossbach-150x150.jpg","caption":"Rainer Ro\u00dfbach"},"url":"https:\/\/www.enzo-und-ferdinand.de\/index.php\/author\/redaktion\/"}]}},"_links":{"self":[{"href":"https:\/\/www.enzo-und-ferdinand.de\/index.php\/wp-json\/wp\/v2\/posts\/22006","targetHints":{"allow":["GET"]}}],"collection":[{"href":"https:\/\/www.enzo-und-ferdinand.de\/index.php\/wp-json\/wp\/v2\/posts"}],"about":[{"href":"https:\/\/www.enzo-und-ferdinand.de\/index.php\/wp-json\/wp\/v2\/types\/post"}],"author":[{"embeddable":true,"href":"https:\/\/www.enzo-und-ferdinand.de\/index.php\/wp-json\/wp\/v2\/users\/1"}],"replies":[{"embeddable":true,"href":"https:\/\/www.enzo-und-ferdinand.de\/index.php\/wp-json\/wp\/v2\/comments?post=22006"}],"version-history":[{"count":2,"href":"https:\/\/www.enzo-und-ferdinand.de\/index.php\/wp-json\/wp\/v2\/posts\/22006\/revisions"}],"predecessor-version":[{"id":22008,"href":"https:\/\/www.enzo-und-ferdinand.de\/index.php\/wp-json\/wp\/v2\/posts\/22006\/revisions\/22008"}],"wp:featuredmedia":[{"embeddable":true,"href":"https:\/\/www.enzo-und-ferdinand.de\/index.php\/wp-json\/wp\/v2\/media\/22004"}],"wp:attachment":[{"href":"https:\/\/www.enzo-und-ferdinand.de\/index.php\/wp-json\/wp\/v2\/media?parent=22006"}],"wp:term":[{"taxonomy":"category","embeddable":true,"href":"https:\/\/www.enzo-und-ferdinand.de\/index.php\/wp-json\/wp\/v2\/categories?post=22006"},{"taxonomy":"post_tag","embeddable":true,"href":"https:\/\/www.enzo-und-ferdinand.de\/index.php\/wp-json\/wp\/v2\/tags?post=22006"}],"curies":[{"name":"wp","href":"https:\/\/api.w.org\/{rel}","templated":true}]}}