{"id":22028,"date":"2026-01-20T05:50:19","date_gmt":"2026-01-20T04:50:19","guid":{"rendered":"https:\/\/www.enzo-und-ferdinand.de\/?p=22028"},"modified":"2026-01-20T05:50:21","modified_gmt":"2026-01-20T04:50:21","slug":"interclassic-maastricht-2026","status":"publish","type":"post","link":"https:\/\/www.enzo-und-ferdinand.de\/index.php\/2026\/01\/20\/interclassic-maastricht-2026\/","title":{"rendered":"Interclassic Maastricht 2026"},"content":{"rendered":"\n<figure class=\"wp-block-image size-large is-resized\"><img loading=\"lazy\" decoding=\"async\" width=\"810\" height=\"540\" src=\"https:\/\/www.enzo-und-ferdinand.de\/wp-content\/uploads\/2026\/01\/Autozam-Az1-810x540.jpg\" alt=\"\" class=\"wp-image-22030\" style=\"width:810px;height:auto\" srcset=\"https:\/\/www.enzo-und-ferdinand.de\/wp-content\/uploads\/2026\/01\/Autozam-Az1-810x540.jpg 810w, https:\/\/www.enzo-und-ferdinand.de\/wp-content\/uploads\/2026\/01\/Autozam-Az1-300x200.jpg 300w, https:\/\/www.enzo-und-ferdinand.de\/wp-content\/uploads\/2026\/01\/Autozam-Az1-768x512.jpg 768w, https:\/\/www.enzo-und-ferdinand.de\/wp-content\/uploads\/2026\/01\/Autozam-Az1-120x80.jpg 120w, https:\/\/www.enzo-und-ferdinand.de\/wp-content\/uploads\/2026\/01\/Autozam-Az1.jpg 1500w\" sizes=\"auto, (max-width: 810px) 100vw, 810px\" \/><figcaption class=\"wp-element-caption\">Autozam AZ1<\/figcaption><\/figure>\n\n\n\n<p class=\"wp-block-paragraph\">Die niederl\u00e4ndische Klassikermesse unterscheidet sich von vielen europ\u00e4ischen Oldtimer-Messen. Statt reiner Marktorientierung oder spektakul\u00e4rer Auktionen steht hier oft die technische und \u00e4sthetische Entwicklung des Automobils im Mittelpunkt. In diesem Jahr r\u00fcckten japanische Sport- und Rennwagen in den Fokus, die weltweit Ma\u00dfst\u00e4be gesetzt haben. Gezeigt wurde eine Auswahl von Fahrzeugen, die exemplarisch f\u00fcr den japanischen Ansatz stehen, technologische Innovation konsequent in Serien- und Rennfahrzeuge zu \u00fcbertragen.<\/p>\n\n\n\n<p class=\"wp-block-paragraph\">Motorsportliche Ingenieurskunst zeigte etwa der Toyota 94C-V, ein kompromissloser Gruppe-C-Prototyp mit Kohlefaser-Monocoque, Turbomotor und konsequentem Leichtbau, entwickelt f\u00fcr maximale Performance auf Langstrecken genau wie der Mazda 787B mit Vierscheiben-Wankelmotor, der 1991 das 24-Stunden-Rennen von Le Mans mit den Fahrern Volker Weidler, Johnny Herbert und Bertrand Gachot gewann.<\/p>\n\n\n\n<figure class=\"wp-block-image size-large\"><img loading=\"lazy\" decoding=\"async\" width=\"810\" height=\"541\" src=\"https:\/\/www.enzo-und-ferdinand.de\/wp-content\/uploads\/2026\/01\/Dino-Abarth-810x541.jpg\" alt=\"\" class=\"wp-image-22027\" srcset=\"https:\/\/www.enzo-und-ferdinand.de\/wp-content\/uploads\/2026\/01\/Dino-Abarth-810x541.jpg 810w, https:\/\/www.enzo-und-ferdinand.de\/wp-content\/uploads\/2026\/01\/Dino-Abarth-300x200.jpg 300w, https:\/\/www.enzo-und-ferdinand.de\/wp-content\/uploads\/2026\/01\/Dino-Abarth-768x513.jpg 768w, https:\/\/www.enzo-und-ferdinand.de\/wp-content\/uploads\/2026\/01\/Dino-Abarth-120x80.jpg 120w, https:\/\/www.enzo-und-ferdinand.de\/wp-content\/uploads\/2026\/01\/Dino-Abarth.jpg 1500w\" sizes=\"auto, (max-width: 810px) 100vw, 810px\" \/><figcaption class=\"wp-element-caption\">Fiat Dino Spider Abarth<\/figcaption><\/figure>\n\n\n\n<p class=\"wp-block-paragraph\">Erg\u00e4nzt wurde das japanische Technikbild durch Fahrzeuge wie den Mazda RX-7 TWR, der den Wankelmotor im internationalen Tourenwagensport etablierte, sowie den Autozam AZ-1, der mit Mittelmotor-Konzept und Aluminiumstruktur bewies, dass selbst das Kei-Car-Segment Raum f\u00fcr ambitionierte Ingenieursl\u00f6sungen bot. Daneben zeigten europ\u00e4ische Exoten wie Fiat 8V Berlinetta Speciale, Saab Sonett III oder Aston Martin Lagonda Series 2, wie unterschiedlich technische Antworten auf \u00e4hnliche Fragestellungen ausfallen konnten.<\/p>\n\n\n\n<p class=\"wp-block-paragraph\">Charakteristisch f\u00fcr die Interclassics Maastricht war der meist originale Erhaltungszustand der Exponate. Fahrwerkskonstruktionen, Antriebsl\u00f6sungen und Karosseriedetails machten die technische Evolution greifbar. Die Messe zeigte , dass automobile Geschichte auch von mutigen technischen Entscheidungen gepr\u00e4gt ist und dass Japan dabei nicht die schlechtesten Ideen hatte.<\/p>\n\n\n\nngg_shortcode_0_placeholder\n\n\n\n<p class=\"has-text-align-right wp-block-paragraph\">Fotos\/Text: Rainer Ro\u00dfbach<\/p>\n","protected":false},"excerpt":{"rendered":"<p>Die niederl\u00e4ndische Klassikermesse unterscheidet sich von vielen europ\u00e4ischen Oldtimer-Messen. Statt reiner Marktorientierung oder spektakul\u00e4rer Auktionen steht hier oft die technische und \u00e4sthetische Entwicklung des Automobils im Mittelpunkt. In diesem Jahr r\u00fcckten japanische Sport- und Rennwagen in den Fokus, die weltweit Ma\u00dfst\u00e4be gesetzt haben. Gezeigt wurde eine Auswahl von Fahrzeugen, die exemplarisch f\u00fcr den japanischen Ansatz stehen, technologische Innovation konsequent in Serien- und Rennfahrzeuge zu \u00fcbertragen.<\/p>\n","protected":false},"author":1,"featured_media":22026,"comment_status":"closed","ping_status":"open","sticky":false,"template":"","format":"standard","meta":{"_crdt_document":"","ngg_post_thumbnail":0,"footnotes":""},"categories":[14,13],"tags":[405],"class_list":["post-22028","post","type-post","status-publish","format-standard","has-post-thumbnail","hentry","category-events","category-ikonen","tag-interclassics"],"yoast_head":"<!-- This site is optimized with the Yoast SEO plugin v27.5 - https:\/\/yoast.com\/product\/yoast-seo-wordpress\/ -->\n<title>Interclassic Maastricht 2026<\/title>\n<meta name=\"description\" content=\"Rainer Ro\u00dfbach, Rainer Rossbach, enzo-und-ferdinand, enzo&amp;ferdinand, Enzo, Interclassics Maastricht, japanische Sportwagen, Subaru XT 4WD Turbo Technik, Toyota 94C-V Group C, Mazda RX-7 TWR, japanische Rennwagen, Oldtimer Messe Europa, Automobiltechnik Geschichte\" \/>\n<meta name=\"robots\" content=\"index, follow, max-snippet:-1, max-image-preview:large, max-video-preview:-1\" \/>\n<link rel=\"canonical\" href=\"https:\/\/www.enzo-und-ferdinand.de\/index.php\/2026\/01\/20\/interclassic-maastricht-2026\/\" \/>\n<meta property=\"og:locale\" content=\"de_DE\" \/>\n<meta property=\"og:type\" content=\"article\" \/>\n<meta property=\"og:title\" content=\"Interclassic Maastricht 2026\" \/>\n<meta property=\"og:description\" content=\"Rainer Ro\u00dfbach, Rainer Rossbach, enzo-und-ferdinand, enzo&amp;ferdinand, Enzo, Interclassics Maastricht, japanische Sportwagen, Subaru XT 4WD Turbo Technik, Toyota 94C-V Group C, Mazda RX-7 TWR, japanische Rennwagen, Oldtimer Messe Europa, Automobiltechnik Geschichte\" \/>\n<meta property=\"og:url\" content=\"https:\/\/www.enzo-und-ferdinand.de\/index.php\/2026\/01\/20\/interclassic-maastricht-2026\/\" \/>\n<meta property=\"og:site_name\" content=\"enzo &amp; Ferdinand\" \/>\n<meta property=\"article:published_time\" content=\"2026-01-20T04:50:19+00:00\" \/>\n<meta property=\"article:modified_time\" content=\"2026-01-20T04:50:21+00:00\" \/>\n<meta property=\"og:image\" content=\"https:\/\/www.enzo-und-ferdinand.de\/wp-content\/uploads\/2026\/01\/Mazda-787-B.jpg\" \/>\n\t<meta property=\"og:image:width\" content=\"1500\" \/>\n\t<meta property=\"og:image:height\" content=\"1000\" \/>\n\t<meta property=\"og:image:type\" content=\"image\/jpeg\" \/>\n<meta name=\"author\" content=\"Rainer Ro\u00dfbach\" \/>\n<meta name=\"twitter:card\" content=\"summary_large_image\" \/>\n<meta name=\"twitter:label1\" content=\"Verfasst von\" \/>\n\t<meta name=\"twitter:data1\" content=\"Rainer Ro\u00dfbach\" \/>\n\t<meta name=\"twitter:label2\" content=\"Gesch\u00e4tzte Lesezeit\" \/>\n\t<meta name=\"twitter:data2\" content=\"2\u00a0Minuten\" \/>\n<script type=\"application\/ld+json\" class=\"yoast-schema-graph\">{\"@context\":\"https:\\\/\\\/schema.org\",\"@graph\":[{\"@type\":\"Article\",\"@id\":\"https:\\\/\\\/www.enzo-und-ferdinand.de\\\/index.php\\\/2026\\\/01\\\/20\\\/interclassic-maastricht-2026\\\/#article\",\"isPartOf\":{\"@id\":\"https:\\\/\\\/www.enzo-und-ferdinand.de\\\/index.php\\\/2026\\\/01\\\/20\\\/interclassic-maastricht-2026\\\/\"},\"author\":{\"name\":\"Rainer Ro\u00dfbach\",\"@id\":\"https:\\\/\\\/www.enzo-und-ferdinand.de\\\/#\\\/schema\\\/person\\\/aff2eb9ff87705987c1b9d21fe10b095\"},\"headline\":\"Interclassic Maastricht 2026\",\"datePublished\":\"2026-01-20T04:50:19+00:00\",\"dateModified\":\"2026-01-20T04:50:21+00:00\",\"mainEntityOfPage\":{\"@id\":\"https:\\\/\\\/www.enzo-und-ferdinand.de\\\/index.php\\\/2026\\\/01\\\/20\\\/interclassic-maastricht-2026\\\/\"},\"wordCount\":256,\"publisher\":{\"@id\":\"https:\\\/\\\/www.enzo-und-ferdinand.de\\\/#organization\"},\"image\":{\"@id\":\"https:\\\/\\\/www.enzo-und-ferdinand.de\\\/index.php\\\/2026\\\/01\\\/20\\\/interclassic-maastricht-2026\\\/#primaryimage\"},\"thumbnailUrl\":\"https:\\\/\\\/www.enzo-und-ferdinand.de\\\/wp-content\\\/uploads\\\/2026\\\/01\\\/Mazda-787-B.jpg\",\"keywords\":[\"Interclassics\"],\"articleSection\":[\"Events\",\"Ikonen\"],\"inLanguage\":\"de\"},{\"@type\":\"WebPage\",\"@id\":\"https:\\\/\\\/www.enzo-und-ferdinand.de\\\/index.php\\\/2026\\\/01\\\/20\\\/interclassic-maastricht-2026\\\/\",\"url\":\"https:\\\/\\\/www.enzo-und-ferdinand.de\\\/index.php\\\/2026\\\/01\\\/20\\\/interclassic-maastricht-2026\\\/\",\"name\":\"Interclassic Maastricht 2026\",\"isPartOf\":{\"@id\":\"https:\\\/\\\/www.enzo-und-ferdinand.de\\\/#website\"},\"primaryImageOfPage\":{\"@id\":\"https:\\\/\\\/www.enzo-und-ferdinand.de\\\/index.php\\\/2026\\\/01\\\/20\\\/interclassic-maastricht-2026\\\/#primaryimage\"},\"image\":{\"@id\":\"https:\\\/\\\/www.enzo-und-ferdinand.de\\\/index.php\\\/2026\\\/01\\\/20\\\/interclassic-maastricht-2026\\\/#primaryimage\"},\"thumbnailUrl\":\"https:\\\/\\\/www.enzo-und-ferdinand.de\\\/wp-content\\\/uploads\\\/2026\\\/01\\\/Mazda-787-B.jpg\",\"datePublished\":\"2026-01-20T04:50:19+00:00\",\"dateModified\":\"2026-01-20T04:50:21+00:00\",\"description\":\"Rainer Ro\u00dfbach, Rainer Rossbach, enzo-und-ferdinand, enzo&ferdinand, Enzo, Interclassics Maastricht, japanische Sportwagen, Subaru XT 4WD Turbo Technik, Toyota 94C-V Group C, Mazda RX-7 TWR, japanische Rennwagen, Oldtimer Messe Europa, Automobiltechnik Geschichte\",\"breadcrumb\":{\"@id\":\"https:\\\/\\\/www.enzo-und-ferdinand.de\\\/index.php\\\/2026\\\/01\\\/20\\\/interclassic-maastricht-2026\\\/#breadcrumb\"},\"inLanguage\":\"de\",\"potentialAction\":[{\"@type\":\"ReadAction\",\"target\":[\"https:\\\/\\\/www.enzo-und-ferdinand.de\\\/index.php\\\/2026\\\/01\\\/20\\\/interclassic-maastricht-2026\\\/\"]}]},{\"@type\":\"ImageObject\",\"inLanguage\":\"de\",\"@id\":\"https:\\\/\\\/www.enzo-und-ferdinand.de\\\/index.php\\\/2026\\\/01\\\/20\\\/interclassic-maastricht-2026\\\/#primaryimage\",\"url\":\"https:\\\/\\\/www.enzo-und-ferdinand.de\\\/wp-content\\\/uploads\\\/2026\\\/01\\\/Mazda-787-B.jpg\",\"contentUrl\":\"https:\\\/\\\/www.enzo-und-ferdinand.de\\\/wp-content\\\/uploads\\\/2026\\\/01\\\/Mazda-787-B.jpg\",\"width\":1500,\"height\":1000,\"caption\":\"Interclassics Maastricht 2026, Mazda 787 B\"},{\"@type\":\"BreadcrumbList\",\"@id\":\"https:\\\/\\\/www.enzo-und-ferdinand.de\\\/index.php\\\/2026\\\/01\\\/20\\\/interclassic-maastricht-2026\\\/#breadcrumb\",\"itemListElement\":[{\"@type\":\"ListItem\",\"position\":1,\"name\":\"Startseite\",\"item\":\"https:\\\/\\\/www.enzo-und-ferdinand.de\\\/\"},{\"@type\":\"ListItem\",\"position\":2,\"name\":\"Interclassic Maastricht 2026\"}]},{\"@type\":\"WebSite\",\"@id\":\"https:\\\/\\\/www.enzo-und-ferdinand.de\\\/#website\",\"url\":\"https:\\\/\\\/www.enzo-und-ferdinand.de\\\/\",\"name\":\"enzo & Ferdinand\",\"description\":\"\",\"publisher\":{\"@id\":\"https:\\\/\\\/www.enzo-und-ferdinand.de\\\/#organization\"},\"potentialAction\":[{\"@type\":\"SearchAction\",\"target\":{\"@type\":\"EntryPoint\",\"urlTemplate\":\"https:\\\/\\\/www.enzo-und-ferdinand.de\\\/?s={search_term_string}\"},\"query-input\":{\"@type\":\"PropertyValueSpecification\",\"valueRequired\":true,\"valueName\":\"search_term_string\"}}],\"inLanguage\":\"de\"},{\"@type\":\"Organization\",\"@id\":\"https:\\\/\\\/www.enzo-und-ferdinand.de\\\/#organization\",\"name\":\"enzo & Ferdinand\",\"url\":\"https:\\\/\\\/www.enzo-und-ferdinand.de\\\/\",\"logo\":{\"@type\":\"ImageObject\",\"inLanguage\":\"de\",\"@id\":\"https:\\\/\\\/www.enzo-und-ferdinand.de\\\/#\\\/schema\\\/logo\\\/image\\\/\",\"url\":\"https:\\\/\\\/www.enzo-und-ferdinand.de\\\/wp-content\\\/uploads\\\/2018\\\/12\\\/revvvs-icon.png\",\"contentUrl\":\"https:\\\/\\\/www.enzo-und-ferdinand.de\\\/wp-content\\\/uploads\\\/2018\\\/12\\\/revvvs-icon.png\",\"width\":512,\"height\":512,\"caption\":\"enzo & Ferdinand\"},\"image\":{\"@id\":\"https:\\\/\\\/www.enzo-und-ferdinand.de\\\/#\\\/schema\\\/logo\\\/image\\\/\"}},{\"@type\":\"Person\",\"@id\":\"https:\\\/\\\/www.enzo-und-ferdinand.de\\\/#\\\/schema\\\/person\\\/aff2eb9ff87705987c1b9d21fe10b095\",\"name\":\"Rainer Ro\u00dfbach\",\"image\":{\"@type\":\"ImageObject\",\"inLanguage\":\"de\",\"@id\":\"https:\\\/\\\/www.enzo-und-ferdinand.de\\\/wp-content\\\/uploads\\\/2026\\\/01\\\/Rainer-Rossbach-150x150.jpg\",\"url\":\"https:\\\/\\\/www.enzo-und-ferdinand.de\\\/wp-content\\\/uploads\\\/2026\\\/01\\\/Rainer-Rossbach-150x150.jpg\",\"contentUrl\":\"https:\\\/\\\/www.enzo-und-ferdinand.de\\\/wp-content\\\/uploads\\\/2026\\\/01\\\/Rainer-Rossbach-150x150.jpg\",\"caption\":\"Rainer Ro\u00dfbach\"},\"url\":\"https:\\\/\\\/www.enzo-und-ferdinand.de\\\/index.php\\\/author\\\/redaktion\\\/\"}]}<\/script>\n<!-- \/ Yoast SEO plugin. -->","yoast_head_json":{"title":"Interclassic Maastricht 2026","description":"Rainer Ro\u00dfbach, Rainer Rossbach, enzo-und-ferdinand, enzo&ferdinand, Enzo, Interclassics Maastricht, japanische Sportwagen, Subaru XT 4WD Turbo Technik, Toyota 94C-V Group C, Mazda RX-7 TWR, japanische Rennwagen, Oldtimer Messe Europa, Automobiltechnik Geschichte","robots":{"index":"index","follow":"follow","max-snippet":"max-snippet:-1","max-image-preview":"max-image-preview:large","max-video-preview":"max-video-preview:-1"},"canonical":"https:\/\/www.enzo-und-ferdinand.de\/index.php\/2026\/01\/20\/interclassic-maastricht-2026\/","og_locale":"de_DE","og_type":"article","og_title":"Interclassic Maastricht 2026","og_description":"Rainer Ro\u00dfbach, Rainer Rossbach, enzo-und-ferdinand, enzo&ferdinand, Enzo, Interclassics Maastricht, japanische Sportwagen, Subaru XT 4WD Turbo Technik, Toyota 94C-V Group C, Mazda RX-7 TWR, japanische Rennwagen, Oldtimer Messe Europa, Automobiltechnik Geschichte","og_url":"https:\/\/www.enzo-und-ferdinand.de\/index.php\/2026\/01\/20\/interclassic-maastricht-2026\/","og_site_name":"enzo &amp; Ferdinand","article_published_time":"2026-01-20T04:50:19+00:00","article_modified_time":"2026-01-20T04:50:21+00:00","og_image":[{"width":1500,"height":1000,"url":"https:\/\/www.enzo-und-ferdinand.de\/wp-content\/uploads\/2026\/01\/Mazda-787-B.jpg","type":"image\/jpeg"}],"author":"Rainer Ro\u00dfbach","twitter_card":"summary_large_image","twitter_misc":{"Verfasst von":"Rainer Ro\u00dfbach","Gesch\u00e4tzte Lesezeit":"2\u00a0Minuten"},"schema":{"@context":"https:\/\/schema.org","@graph":[{"@type":"Article","@id":"https:\/\/www.enzo-und-ferdinand.de\/index.php\/2026\/01\/20\/interclassic-maastricht-2026\/#article","isPartOf":{"@id":"https:\/\/www.enzo-und-ferdinand.de\/index.php\/2026\/01\/20\/interclassic-maastricht-2026\/"},"author":{"name":"Rainer Ro\u00dfbach","@id":"https:\/\/www.enzo-und-ferdinand.de\/#\/schema\/person\/aff2eb9ff87705987c1b9d21fe10b095"},"headline":"Interclassic Maastricht 2026","datePublished":"2026-01-20T04:50:19+00:00","dateModified":"2026-01-20T04:50:21+00:00","mainEntityOfPage":{"@id":"https:\/\/www.enzo-und-ferdinand.de\/index.php\/2026\/01\/20\/interclassic-maastricht-2026\/"},"wordCount":256,"publisher":{"@id":"https:\/\/www.enzo-und-ferdinand.de\/#organization"},"image":{"@id":"https:\/\/www.enzo-und-ferdinand.de\/index.php\/2026\/01\/20\/interclassic-maastricht-2026\/#primaryimage"},"thumbnailUrl":"https:\/\/www.enzo-und-ferdinand.de\/wp-content\/uploads\/2026\/01\/Mazda-787-B.jpg","keywords":["Interclassics"],"articleSection":["Events","Ikonen"],"inLanguage":"de"},{"@type":"WebPage","@id":"https:\/\/www.enzo-und-ferdinand.de\/index.php\/2026\/01\/20\/interclassic-maastricht-2026\/","url":"https:\/\/www.enzo-und-ferdinand.de\/index.php\/2026\/01\/20\/interclassic-maastricht-2026\/","name":"Interclassic Maastricht 2026","isPartOf":{"@id":"https:\/\/www.enzo-und-ferdinand.de\/#website"},"primaryImageOfPage":{"@id":"https:\/\/www.enzo-und-ferdinand.de\/index.php\/2026\/01\/20\/interclassic-maastricht-2026\/#primaryimage"},"image":{"@id":"https:\/\/www.enzo-und-ferdinand.de\/index.php\/2026\/01\/20\/interclassic-maastricht-2026\/#primaryimage"},"thumbnailUrl":"https:\/\/www.enzo-und-ferdinand.de\/wp-content\/uploads\/2026\/01\/Mazda-787-B.jpg","datePublished":"2026-01-20T04:50:19+00:00","dateModified":"2026-01-20T04:50:21+00:00","description":"Rainer Ro\u00dfbach, Rainer Rossbach, enzo-und-ferdinand, enzo&ferdinand, Enzo, Interclassics Maastricht, japanische Sportwagen, Subaru XT 4WD Turbo Technik, Toyota 94C-V Group C, Mazda RX-7 TWR, japanische Rennwagen, Oldtimer Messe Europa, Automobiltechnik Geschichte","breadcrumb":{"@id":"https:\/\/www.enzo-und-ferdinand.de\/index.php\/2026\/01\/20\/interclassic-maastricht-2026\/#breadcrumb"},"inLanguage":"de","potentialAction":[{"@type":"ReadAction","target":["https:\/\/www.enzo-und-ferdinand.de\/index.php\/2026\/01\/20\/interclassic-maastricht-2026\/"]}]},{"@type":"ImageObject","inLanguage":"de","@id":"https:\/\/www.enzo-und-ferdinand.de\/index.php\/2026\/01\/20\/interclassic-maastricht-2026\/#primaryimage","url":"https:\/\/www.enzo-und-ferdinand.de\/wp-content\/uploads\/2026\/01\/Mazda-787-B.jpg","contentUrl":"https:\/\/www.enzo-und-ferdinand.de\/wp-content\/uploads\/2026\/01\/Mazda-787-B.jpg","width":1500,"height":1000,"caption":"Interclassics Maastricht 2026, Mazda 787 B"},{"@type":"BreadcrumbList","@id":"https:\/\/www.enzo-und-ferdinand.de\/index.php\/2026\/01\/20\/interclassic-maastricht-2026\/#breadcrumb","itemListElement":[{"@type":"ListItem","position":1,"name":"Startseite","item":"https:\/\/www.enzo-und-ferdinand.de\/"},{"@type":"ListItem","position":2,"name":"Interclassic Maastricht 2026"}]},{"@type":"WebSite","@id":"https:\/\/www.enzo-und-ferdinand.de\/#website","url":"https:\/\/www.enzo-und-ferdinand.de\/","name":"enzo & Ferdinand","description":"","publisher":{"@id":"https:\/\/www.enzo-und-ferdinand.de\/#organization"},"potentialAction":[{"@type":"SearchAction","target":{"@type":"EntryPoint","urlTemplate":"https:\/\/www.enzo-und-ferdinand.de\/?s={search_term_string}"},"query-input":{"@type":"PropertyValueSpecification","valueRequired":true,"valueName":"search_term_string"}}],"inLanguage":"de"},{"@type":"Organization","@id":"https:\/\/www.enzo-und-ferdinand.de\/#organization","name":"enzo & Ferdinand","url":"https:\/\/www.enzo-und-ferdinand.de\/","logo":{"@type":"ImageObject","inLanguage":"de","@id":"https:\/\/www.enzo-und-ferdinand.de\/#\/schema\/logo\/image\/","url":"https:\/\/www.enzo-und-ferdinand.de\/wp-content\/uploads\/2018\/12\/revvvs-icon.png","contentUrl":"https:\/\/www.enzo-und-ferdinand.de\/wp-content\/uploads\/2018\/12\/revvvs-icon.png","width":512,"height":512,"caption":"enzo & Ferdinand"},"image":{"@id":"https:\/\/www.enzo-und-ferdinand.de\/#\/schema\/logo\/image\/"}},{"@type":"Person","@id":"https:\/\/www.enzo-und-ferdinand.de\/#\/schema\/person\/aff2eb9ff87705987c1b9d21fe10b095","name":"Rainer Ro\u00dfbach","image":{"@type":"ImageObject","inLanguage":"de","@id":"https:\/\/www.enzo-und-ferdinand.de\/wp-content\/uploads\/2026\/01\/Rainer-Rossbach-150x150.jpg","url":"https:\/\/www.enzo-und-ferdinand.de\/wp-content\/uploads\/2026\/01\/Rainer-Rossbach-150x150.jpg","contentUrl":"https:\/\/www.enzo-und-ferdinand.de\/wp-content\/uploads\/2026\/01\/Rainer-Rossbach-150x150.jpg","caption":"Rainer Ro\u00dfbach"},"url":"https:\/\/www.enzo-und-ferdinand.de\/index.php\/author\/redaktion\/"}]}},"_links":{"self":[{"href":"https:\/\/www.enzo-und-ferdinand.de\/index.php\/wp-json\/wp\/v2\/posts\/22028","targetHints":{"allow":["GET"]}}],"collection":[{"href":"https:\/\/www.enzo-und-ferdinand.de\/index.php\/wp-json\/wp\/v2\/posts"}],"about":[{"href":"https:\/\/www.enzo-und-ferdinand.de\/index.php\/wp-json\/wp\/v2\/types\/post"}],"author":[{"embeddable":true,"href":"https:\/\/www.enzo-und-ferdinand.de\/index.php\/wp-json\/wp\/v2\/users\/1"}],"replies":[{"embeddable":true,"href":"https:\/\/www.enzo-und-ferdinand.de\/index.php\/wp-json\/wp\/v2\/comments?post=22028"}],"version-history":[{"count":7,"href":"https:\/\/www.enzo-und-ferdinand.de\/index.php\/wp-json\/wp\/v2\/posts\/22028\/revisions"}],"predecessor-version":[{"id":22056,"href":"https:\/\/www.enzo-und-ferdinand.de\/index.php\/wp-json\/wp\/v2\/posts\/22028\/revisions\/22056"}],"wp:featuredmedia":[{"embeddable":true,"href":"https:\/\/www.enzo-und-ferdinand.de\/index.php\/wp-json\/wp\/v2\/media\/22026"}],"wp:attachment":[{"href":"https:\/\/www.enzo-und-ferdinand.de\/index.php\/wp-json\/wp\/v2\/media?parent=22028"}],"wp:term":[{"taxonomy":"category","embeddable":true,"href":"https:\/\/www.enzo-und-ferdinand.de\/index.php\/wp-json\/wp\/v2\/categories?post=22028"},{"taxonomy":"post_tag","embeddable":true,"href":"https:\/\/www.enzo-und-ferdinand.de\/index.php\/wp-json\/wp\/v2\/tags?post=22028"}],"curies":[{"name":"wp","href":"https:\/\/api.w.org\/{rel}","templated":true}]}}