{"id":22086,"date":"2026-01-27T08:00:00","date_gmt":"2026-01-27T07:00:00","guid":{"rendered":"https:\/\/www.enzo-und-ferdinand.de\/?p=22086"},"modified":"2026-01-23T09:45:17","modified_gmt":"2026-01-23T08:45:17","slug":"citroen-zeigt-konzeptfahrzeuge-auf-der-retromobile","status":"publish","type":"post","link":"https:\/\/www.enzo-und-ferdinand.de\/index.php\/2026\/01\/27\/citroen-zeigt-konzeptfahrzeuge-auf-der-retromobile\/","title":{"rendered":"Citro\u00ebn zeigt Konzeptfahrzeuge auf der R\u00e9tromobile"},"content":{"rendered":"\n<figure class=\"wp-block-image size-large is-resized\"><img loading=\"lazy\" decoding=\"async\" width=\"810\" height=\"540\" src=\"https:\/\/www.enzo-und-ferdinand.de\/wp-content\/uploads\/2026\/01\/C_Cactus\u00a9ArchivesCitroenOriginsJean-BriceLEMAL-810x540.jpg\" alt=\"C_Cactus\u00a9ArchivesCitroe\u0308nOriginsJean-BriceLEMAL\" class=\"wp-image-22080\" style=\"width:810px;height:auto\" srcset=\"https:\/\/www.enzo-und-ferdinand.de\/wp-content\/uploads\/2026\/01\/C_Cactus\u00a9ArchivesCitroenOriginsJean-BriceLEMAL-810x540.jpg 810w, https:\/\/www.enzo-und-ferdinand.de\/wp-content\/uploads\/2026\/01\/C_Cactus\u00a9ArchivesCitroenOriginsJean-BriceLEMAL-300x200.jpg 300w, https:\/\/www.enzo-und-ferdinand.de\/wp-content\/uploads\/2026\/01\/C_Cactus\u00a9ArchivesCitroenOriginsJean-BriceLEMAL-768x512.jpg 768w, https:\/\/www.enzo-und-ferdinand.de\/wp-content\/uploads\/2026\/01\/C_Cactus\u00a9ArchivesCitroenOriginsJean-BriceLEMAL-120x80.jpg 120w, https:\/\/www.enzo-und-ferdinand.de\/wp-content\/uploads\/2026\/01\/C_Cactus\u00a9ArchivesCitroenOriginsJean-BriceLEMAL.jpg 1500w\" sizes=\"auto, (max-width: 810px) 100vw, 810px\" \/><figcaption class=\"wp-element-caption\">C_Cactus, \u00a9 ArchivesCitroe\u0308n, Origins, Jean-Brice Lemal<\/figcaption><\/figure>\n\n\n\n<p class=\"wp-block-paragraph\">Zur 50. Ausgabe der R\u00e9tromobile, die vom 28. Januar bis zum 1. Februar 2026 im Parc des Expositions an der Pariser Porte de Versailles stattfindet, spannt die Marke auf einem 512 Quadratmeter gro\u00dfen Stand den technischen Bogen von 1939 bis heute und pr\u00e4sentiert sechs Konzeptfahrzeuge, die jeweils Meilensteine in Design, Architektur und Fahrzeugtechnik markieren. Herzst\u00fcck ist die Frankreich-Premiere des neuen Konzeptfahrzeugs ELO, das als vollelektrisches Ideenlabor konzipiert wurde.\u00a0<\/p>\n\n\n\n<figure class=\"wp-block-image size-large is-resized\"><img loading=\"lazy\" decoding=\"async\" width=\"810\" height=\"500\" src=\"https:\/\/www.enzo-und-ferdinand.de\/wp-content\/uploads\/2026\/01\/KARIN\u00a9ArchivesCitroenOriginsJean-BriceLEMAL-810x500.jpg\" alt=\"TractionAV_1387\u00a9cre\u0301dits_Re\u0301mi Dargegen_Aguttes\" class=\"wp-image-22082\" style=\"width:810px;height:auto\" srcset=\"https:\/\/www.enzo-und-ferdinand.de\/wp-content\/uploads\/2026\/01\/KARIN\u00a9ArchivesCitroenOriginsJean-BriceLEMAL-810x500.jpg 810w, https:\/\/www.enzo-und-ferdinand.de\/wp-content\/uploads\/2026\/01\/KARIN\u00a9ArchivesCitroenOriginsJean-BriceLEMAL-300x185.jpg 300w, https:\/\/www.enzo-und-ferdinand.de\/wp-content\/uploads\/2026\/01\/KARIN\u00a9ArchivesCitroenOriginsJean-BriceLEMAL-768x474.jpg 768w, https:\/\/www.enzo-und-ferdinand.de\/wp-content\/uploads\/2026\/01\/KARIN\u00a9ArchivesCitroenOriginsJean-BriceLEMAL.jpg 1500w\" sizes=\"auto, (max-width: 810px) 100vw, 810px\" \/><figcaption class=\"wp-element-caption\">Karin, \u00a9Re\u0301mi Dargegen Aguttes<\/figcaption><\/figure>\n\n\n\n<p class=\"wp-block-paragraph\">ELO basiert auf einer rein elektrischen Architektur, die konsequent zur Maximierung des Innenraums genutzt wird. Mit 4,10 Metern L\u00e4nge, modularer Struktur und Platz f\u00fcr bis zu sechs Personen interpretiert Citro\u00ebn das Monovolumen neu. Der zentral positionierte Fahrersitz und die 180-Grad-Panorama-Windschutzscheibe zitieren den radikalen Ansatz des Karin von 1980. Die drehbare Sitzposition f\u00f6rdert Interaktion und macht das Fahrzeug zum mobilen Arbeits- und Lebensraum. Nachhaltigkeit spielt ebenfalls eine zentrale Rolle: Recycelte Materialien und reduzierte Bauteilkomplexit\u00e4t folgen der Philosophie des C-Cactus von 2007.<\/p>\n\n\n\n<figure class=\"wp-block-gallery has-nested-images columns-2 is-cropped wp-block-gallery-1 is-layout-flex wp-block-gallery-is-layout-flex\">\n<figure class=\"wp-block-image size-large\"><img loading=\"lazy\" decoding=\"async\" width=\"810\" height=\"540\" data-id=\"22078\" src=\"https:\/\/www.enzo-und-ferdinand.de\/wp-content\/uploads\/2026\/01\/2CV1939\u00a9ArchivesTerreBlanche_Georges_Guyot-Kopie-810x540.jpg\" alt=\"2CV1939\u00a9ArchivesTerreBlanche_Georges_Guyot\" class=\"wp-image-22078\" srcset=\"https:\/\/www.enzo-und-ferdinand.de\/wp-content\/uploads\/2026\/01\/2CV1939\u00a9ArchivesTerreBlanche_Georges_Guyot-Kopie-810x540.jpg 810w, https:\/\/www.enzo-und-ferdinand.de\/wp-content\/uploads\/2026\/01\/2CV1939\u00a9ArchivesTerreBlanche_Georges_Guyot-Kopie-300x200.jpg 300w, https:\/\/www.enzo-und-ferdinand.de\/wp-content\/uploads\/2026\/01\/2CV1939\u00a9ArchivesTerreBlanche_Georges_Guyot-Kopie-768x512.jpg 768w, https:\/\/www.enzo-und-ferdinand.de\/wp-content\/uploads\/2026\/01\/2CV1939\u00a9ArchivesTerreBlanche_Georges_Guyot-Kopie-120x80.jpg 120w, https:\/\/www.enzo-und-ferdinand.de\/wp-content\/uploads\/2026\/01\/2CV1939\u00a9ArchivesTerreBlanche_Georges_Guyot-Kopie.jpg 1500w\" sizes=\"auto, (max-width: 810px) 100vw, 810px\" \/><figcaption class=\"wp-element-caption\">2CV 1939, \u00a9 Archives Terre Blanche, Georges Guyot<\/figcaption><\/figure>\n\n\n\n<figure class=\"wp-block-image size-large\"><img loading=\"lazy\" decoding=\"async\" width=\"810\" height=\"529\" data-id=\"22085\" src=\"https:\/\/www.enzo-und-ferdinand.de\/wp-content\/uploads\/2026\/01\/Xanae_@ArchivesTerreBlanche_Patrick_LEGROS-810x529.jpg\" alt=\"Xanae_@ArchivesTerreBlanche_Patrick_LEGROS\" class=\"wp-image-22085\" srcset=\"https:\/\/www.enzo-und-ferdinand.de\/wp-content\/uploads\/2026\/01\/Xanae_@ArchivesTerreBlanche_Patrick_LEGROS-810x529.jpg 810w, https:\/\/www.enzo-und-ferdinand.de\/wp-content\/uploads\/2026\/01\/Xanae_@ArchivesTerreBlanche_Patrick_LEGROS-300x196.jpg 300w, https:\/\/www.enzo-und-ferdinand.de\/wp-content\/uploads\/2026\/01\/Xanae_@ArchivesTerreBlanche_Patrick_LEGROS-768x501.jpg 768w, https:\/\/www.enzo-und-ferdinand.de\/wp-content\/uploads\/2026\/01\/Xanae_@ArchivesTerreBlanche_Patrick_LEGROS.jpg 1500w\" sizes=\"auto, (max-width: 810px) 100vw, 810px\" \/><figcaption class=\"wp-element-caption\">Xanae, @ Archives Terre Blanche, Patrick Legros<\/figcaption><\/figure>\n\n\n\n<figure class=\"wp-block-image size-large\"><img loading=\"lazy\" decoding=\"async\" width=\"810\" height=\"540\" data-id=\"22083\" src=\"https:\/\/www.enzo-und-ferdinand.de\/wp-content\/uploads\/2026\/01\/Proto_C10\u00a9ArchivesCitroenOriginsJean-BriceLEMAL-810x540.jpg\" alt=\"Proto_C10\u00a9ArchivesCitroe\u0308nOriginsJean-BriceLEMAL\" class=\"wp-image-22083\" srcset=\"https:\/\/www.enzo-und-ferdinand.de\/wp-content\/uploads\/2026\/01\/Proto_C10\u00a9ArchivesCitroenOriginsJean-BriceLEMAL-810x540.jpg 810w, https:\/\/www.enzo-und-ferdinand.de\/wp-content\/uploads\/2026\/01\/Proto_C10\u00a9ArchivesCitroenOriginsJean-BriceLEMAL-300x200.jpg 300w, https:\/\/www.enzo-und-ferdinand.de\/wp-content\/uploads\/2026\/01\/Proto_C10\u00a9ArchivesCitroenOriginsJean-BriceLEMAL-768x512.jpg 768w, https:\/\/www.enzo-und-ferdinand.de\/wp-content\/uploads\/2026\/01\/Proto_C10\u00a9ArchivesCitroenOriginsJean-BriceLEMAL-120x80.jpg 120w, https:\/\/www.enzo-und-ferdinand.de\/wp-content\/uploads\/2026\/01\/Proto_C10\u00a9ArchivesCitroenOriginsJean-BriceLEMAL.jpg 1500w\" sizes=\"auto, (max-width: 810px) 100vw, 810px\" \/><figcaption class=\"wp-element-caption\">Proto_C10, \u00a9 Archives Citroe\u0308n, Origins Jean-Brice Lemal<\/figcaption><\/figure>\n\n\n\n<figure class=\"wp-block-image size-large\"><img loading=\"lazy\" decoding=\"async\" width=\"810\" height=\"540\" data-id=\"22079\" src=\"https:\/\/www.enzo-und-ferdinand.de\/wp-content\/uploads\/2026\/01\/Activa50\u00a9ArchivesCitroenOriginsJean-BriceLEMAL-810x540.jpg\" alt=\"Activa50\u00a9ArchivesCitroe\u0308nOriginsJean-BriceLEMAL\" class=\"wp-image-22079\" srcset=\"https:\/\/www.enzo-und-ferdinand.de\/wp-content\/uploads\/2026\/01\/Activa50\u00a9ArchivesCitroenOriginsJean-BriceLEMAL-810x540.jpg 810w, https:\/\/www.enzo-und-ferdinand.de\/wp-content\/uploads\/2026\/01\/Activa50\u00a9ArchivesCitroenOriginsJean-BriceLEMAL-300x200.jpg 300w, https:\/\/www.enzo-und-ferdinand.de\/wp-content\/uploads\/2026\/01\/Activa50\u00a9ArchivesCitroenOriginsJean-BriceLEMAL-768x512.jpg 768w, https:\/\/www.enzo-und-ferdinand.de\/wp-content\/uploads\/2026\/01\/Activa50\u00a9ArchivesCitroenOriginsJean-BriceLEMAL-120x80.jpg 120w, https:\/\/www.enzo-und-ferdinand.de\/wp-content\/uploads\/2026\/01\/Activa50\u00a9ArchivesCitroenOriginsJean-BriceLEMAL.jpg 1500w\" sizes=\"auto, (max-width: 810px) 100vw, 810px\" \/><figcaption class=\"wp-element-caption\">Activa 50, \u00a9 Archives Citroe\u0308n, Origins Jean-BriceLemal<\/figcaption><\/figure>\n<\/figure>\n\n\n\n<p class=\"wp-block-paragraph\">Die historische Linie beginnt mit dem 2CV A von 1939, dem Prototyp des sp\u00e4teren Volksautos, dessen technische Zielsetzung \u2013 maximale Funktion bei minimalem Aufwand \u2013 bis heute nachwirkt. Der C10 von 1956 demonstrierte bereits aerodynamisches Denken nach luftfahrttechnischen Prinzipien. Mit dem Karin testete Citro\u00ebn fr\u00fch elektronische Anzeigen und eine zentrale Fahrerposition. Der Activa 1 von 1988 kombinierte erstmals Hydropneumatik mit elektronischer Regelung und f\u00fchrte Head-up-Displays in ein Konzeptfahrzeug ein. Der Xanae von 1994 revolutionierte den Innenraum mit drehbaren Sitzen und wohnlicher Architektur.<\/p>\n\n\n\n<p class=\"wp-block-paragraph\">Ein besonderer Blickfang ist das Traction Avant 15-6 Cabriolet von 1939, eines von weltweit nur drei erhaltenen Prototypen. Das Fahrzeug war bereits 1976 auf der ersten R\u00e9tromobile zu sehen und symbolisiert wie kaum ein anderes Citro\u00ebns technischen Pioniergeist. Mit dieser Ausstellung unterstreicht Citro\u00ebn eindrucksvoll seine Rolle als Impulsgeber f\u00fcr innovative Mobilit\u00e4tskonzepte \u2013 gestern, heute und morgen.<\/p>\n\n\n\n<figure class=\"wp-block-image size-large is-resized\"><img loading=\"lazy\" decoding=\"async\" width=\"810\" height=\"540\" src=\"https:\/\/www.enzo-und-ferdinand.de\/wp-content\/uploads\/2026\/01\/TractionAV_1387\u00a9credits_Remi-Dargegen_Aguttes-810x540.jpg\" alt=\"TractionAV_1387\u00a9cre\u0301dits_Re\u0301mi Dargegen_Aguttes\" class=\"wp-image-22084\" style=\"width:810px;height:auto\" srcset=\"https:\/\/www.enzo-und-ferdinand.de\/wp-content\/uploads\/2026\/01\/TractionAV_1387\u00a9credits_Remi-Dargegen_Aguttes-810x540.jpg 810w, https:\/\/www.enzo-und-ferdinand.de\/wp-content\/uploads\/2026\/01\/TractionAV_1387\u00a9credits_Remi-Dargegen_Aguttes-300x200.jpg 300w, https:\/\/www.enzo-und-ferdinand.de\/wp-content\/uploads\/2026\/01\/TractionAV_1387\u00a9credits_Remi-Dargegen_Aguttes-768x512.jpg 768w, https:\/\/www.enzo-und-ferdinand.de\/wp-content\/uploads\/2026\/01\/TractionAV_1387\u00a9credits_Remi-Dargegen_Aguttes-120x80.jpg 120w, https:\/\/www.enzo-und-ferdinand.de\/wp-content\/uploads\/2026\/01\/TractionAV_1387\u00a9credits_Remi-Dargegen_Aguttes.jpg 1500w\" sizes=\"auto, (max-width: 810px) 100vw, 810px\" \/><figcaption class=\"wp-element-caption\">Traction Avant 15-6, \u00a9Re\u0301mi Dargegen Aguttes<\/figcaption><\/figure>\n\n\n\n<p class=\"has-text-align-right wp-block-paragraph\">Fotos: Citro\u00ebn\/Text: Rainer Ro\u00dfbach<\/p>\n","protected":false},"excerpt":{"rendered":"<p>Zur 50. Ausgabe der R\u00e9tromobile, die vom 28. Januar bis zum 1. Februar 2026 im Parc des Expositions an der Pariser Porte de Versailles stattfindet, spannt die Marke auf einem 512 Quadratmeter gro\u00dfen Stand den technischen Bogen von 1939 bis heute und pr\u00e4sentiert sechs Konzeptfahrzeuge, die jeweils Meilensteine in Design, Architektur und Fahrzeugtechnik markieren. Herzst\u00fcck ist die Frankreich-Premiere des neuen Konzeptfahrzeugs ELO, das als vollelektrisches Ideenlabor konzipiert wurde.\u00a0<\/p>\n","protected":false},"author":1,"featured_media":22081,"comment_status":"closed","ping_status":"open","sticky":false,"template":"","format":"standard","meta":{"_crdt_document":"","ngg_post_thumbnail":0,"footnotes":""},"categories":[14,4],"tags":[217,1481],"class_list":["post-22086","post","type-post","status-publish","format-standard","has-post-thumbnail","hentry","category-events","category-studien","tag-citroen","tag-postmoderne"],"yoast_head":"<!-- This site is optimized with the Yoast SEO plugin v27.5 - https:\/\/yoast.com\/product\/yoast-seo-wordpress\/ -->\n<title>Citro\u00ebn zeigt Konzeptfahrzeuge auf der R\u00e9tromobile<\/title>\n<meta name=\"description\" content=\"Rainer Ro\u00dfbach, Rainer Rossbach, enzo-und-ferdinand, enzo&amp;ferdinand, Enzo, Citro\u00ebn, R\u00e9tromobile 2026, Citro\u00ebn ELO, Citro\u00ebn Konzeptfahrzeuge, Citro\u00ebn 2CV A, Citro\u00ebn Karin, Citro\u00ebn Activa 1, Citro\u00ebn Xanae, Citro\u00ebn C-Cactus, Traction Avant 15-6 Cabriolet, Elektroauto Konzept, Fahrzeuginnovation, Automobilgeschichte, franz\u00f6sische Automarke\" \/>\n<meta name=\"robots\" content=\"index, follow, max-snippet:-1, max-image-preview:large, max-video-preview:-1\" \/>\n<link rel=\"canonical\" href=\"https:\/\/www.enzo-und-ferdinand.de\/index.php\/2026\/01\/27\/citroen-zeigt-konzeptfahrzeuge-auf-der-retromobile\/\" \/>\n<meta property=\"og:locale\" content=\"de_DE\" \/>\n<meta property=\"og:type\" content=\"article\" \/>\n<meta property=\"og:title\" content=\"Citro\u00ebn zeigt Konzeptfahrzeuge auf der R\u00e9tromobile\" \/>\n<meta property=\"og:description\" content=\"Rainer Ro\u00dfbach, Rainer Rossbach, enzo-und-ferdinand, enzo&amp;ferdinand, Enzo, Citro\u00ebn, R\u00e9tromobile 2026, Citro\u00ebn ELO, Citro\u00ebn Konzeptfahrzeuge, Citro\u00ebn 2CV A, Citro\u00ebn Karin, Citro\u00ebn Activa 1, Citro\u00ebn Xanae, Citro\u00ebn C-Cactus, Traction Avant 15-6 Cabriolet, Elektroauto Konzept, Fahrzeuginnovation, Automobilgeschichte, franz\u00f6sische Automarke\" \/>\n<meta property=\"og:url\" content=\"https:\/\/www.enzo-und-ferdinand.de\/index.php\/2026\/01\/27\/citroen-zeigt-konzeptfahrzeuge-auf-der-retromobile\/\" \/>\n<meta property=\"og:site_name\" content=\"enzo &amp; Ferdinand\" \/>\n<meta property=\"article:published_time\" content=\"2026-01-27T07:00:00+00:00\" \/>\n<meta property=\"og:image\" content=\"https:\/\/www.enzo-und-ferdinand.de\/wp-content\/uploads\/2026\/01\/ELO_Citroen-2.jpg\" \/>\n\t<meta property=\"og:image:width\" content=\"1500\" \/>\n\t<meta property=\"og:image:height\" content=\"844\" \/>\n\t<meta property=\"og:image:type\" content=\"image\/jpeg\" \/>\n<meta name=\"author\" content=\"Rainer Ro\u00dfbach\" \/>\n<meta name=\"twitter:card\" content=\"summary_large_image\" \/>\n<meta name=\"twitter:label1\" content=\"Verfasst von\" \/>\n\t<meta name=\"twitter:data1\" content=\"Rainer Ro\u00dfbach\" \/>\n\t<meta name=\"twitter:label2\" content=\"Gesch\u00e4tzte Lesezeit\" \/>\n\t<meta name=\"twitter:data2\" content=\"4\u00a0Minuten\" \/>\n<script type=\"application\/ld+json\" class=\"yoast-schema-graph\">{\"@context\":\"https:\\\/\\\/schema.org\",\"@graph\":[{\"@type\":\"Article\",\"@id\":\"https:\\\/\\\/www.enzo-und-ferdinand.de\\\/index.php\\\/2026\\\/01\\\/27\\\/citroen-zeigt-konzeptfahrzeuge-auf-der-retromobile\\\/#article\",\"isPartOf\":{\"@id\":\"https:\\\/\\\/www.enzo-und-ferdinand.de\\\/index.php\\\/2026\\\/01\\\/27\\\/citroen-zeigt-konzeptfahrzeuge-auf-der-retromobile\\\/\"},\"author\":{\"name\":\"Rainer Ro\u00dfbach\",\"@id\":\"https:\\\/\\\/www.enzo-und-ferdinand.de\\\/#\\\/schema\\\/person\\\/aff2eb9ff87705987c1b9d21fe10b095\"},\"headline\":\"Citro\u00ebn zeigt Konzeptfahrzeuge auf der R\u00e9tromobile\",\"datePublished\":\"2026-01-27T07:00:00+00:00\",\"mainEntityOfPage\":{\"@id\":\"https:\\\/\\\/www.enzo-und-ferdinand.de\\\/index.php\\\/2026\\\/01\\\/27\\\/citroen-zeigt-konzeptfahrzeuge-auf-der-retromobile\\\/\"},\"wordCount\":345,\"publisher\":{\"@id\":\"https:\\\/\\\/www.enzo-und-ferdinand.de\\\/#organization\"},\"image\":{\"@id\":\"https:\\\/\\\/www.enzo-und-ferdinand.de\\\/index.php\\\/2026\\\/01\\\/27\\\/citroen-zeigt-konzeptfahrzeuge-auf-der-retromobile\\\/#primaryimage\"},\"thumbnailUrl\":\"https:\\\/\\\/www.enzo-und-ferdinand.de\\\/wp-content\\\/uploads\\\/2026\\\/01\\\/ELO_Citroen-2.jpg\",\"keywords\":[\"Citro\u00ebn\",\"Postmoderne\"],\"articleSection\":[\"Events\",\"Studien\"],\"inLanguage\":\"de\"},{\"@type\":\"WebPage\",\"@id\":\"https:\\\/\\\/www.enzo-und-ferdinand.de\\\/index.php\\\/2026\\\/01\\\/27\\\/citroen-zeigt-konzeptfahrzeuge-auf-der-retromobile\\\/\",\"url\":\"https:\\\/\\\/www.enzo-und-ferdinand.de\\\/index.php\\\/2026\\\/01\\\/27\\\/citroen-zeigt-konzeptfahrzeuge-auf-der-retromobile\\\/\",\"name\":\"Citro\u00ebn zeigt Konzeptfahrzeuge auf der R\u00e9tromobile\",\"isPartOf\":{\"@id\":\"https:\\\/\\\/www.enzo-und-ferdinand.de\\\/#website\"},\"primaryImageOfPage\":{\"@id\":\"https:\\\/\\\/www.enzo-und-ferdinand.de\\\/index.php\\\/2026\\\/01\\\/27\\\/citroen-zeigt-konzeptfahrzeuge-auf-der-retromobile\\\/#primaryimage\"},\"image\":{\"@id\":\"https:\\\/\\\/www.enzo-und-ferdinand.de\\\/index.php\\\/2026\\\/01\\\/27\\\/citroen-zeigt-konzeptfahrzeuge-auf-der-retromobile\\\/#primaryimage\"},\"thumbnailUrl\":\"https:\\\/\\\/www.enzo-und-ferdinand.de\\\/wp-content\\\/uploads\\\/2026\\\/01\\\/ELO_Citroen-2.jpg\",\"datePublished\":\"2026-01-27T07:00:00+00:00\",\"description\":\"Rainer Ro\u00dfbach, Rainer Rossbach, enzo-und-ferdinand, enzo&ferdinand, Enzo, Citro\u00ebn, R\u00e9tromobile 2026, Citro\u00ebn ELO, Citro\u00ebn Konzeptfahrzeuge, Citro\u00ebn 2CV A, Citro\u00ebn Karin, Citro\u00ebn Activa 1, Citro\u00ebn Xanae, Citro\u00ebn C-Cactus, Traction Avant 15-6 Cabriolet, Elektroauto Konzept, Fahrzeuginnovation, Automobilgeschichte, franz\u00f6sische Automarke\",\"breadcrumb\":{\"@id\":\"https:\\\/\\\/www.enzo-und-ferdinand.de\\\/index.php\\\/2026\\\/01\\\/27\\\/citroen-zeigt-konzeptfahrzeuge-auf-der-retromobile\\\/#breadcrumb\"},\"inLanguage\":\"de\",\"potentialAction\":[{\"@type\":\"ReadAction\",\"target\":[\"https:\\\/\\\/www.enzo-und-ferdinand.de\\\/index.php\\\/2026\\\/01\\\/27\\\/citroen-zeigt-konzeptfahrzeuge-auf-der-retromobile\\\/\"]}]},{\"@type\":\"ImageObject\",\"inLanguage\":\"de\",\"@id\":\"https:\\\/\\\/www.enzo-und-ferdinand.de\\\/index.php\\\/2026\\\/01\\\/27\\\/citroen-zeigt-konzeptfahrzeuge-auf-der-retromobile\\\/#primaryimage\",\"url\":\"https:\\\/\\\/www.enzo-und-ferdinand.de\\\/wp-content\\\/uploads\\\/2026\\\/01\\\/ELO_Citroen-2.jpg\",\"contentUrl\":\"https:\\\/\\\/www.enzo-und-ferdinand.de\\\/wp-content\\\/uploads\\\/2026\\\/01\\\/ELO_Citroen-2.jpg\",\"width\":1500,\"height\":844,\"caption\":\"ELO_Citroen-2\"},{\"@type\":\"BreadcrumbList\",\"@id\":\"https:\\\/\\\/www.enzo-und-ferdinand.de\\\/index.php\\\/2026\\\/01\\\/27\\\/citroen-zeigt-konzeptfahrzeuge-auf-der-retromobile\\\/#breadcrumb\",\"itemListElement\":[{\"@type\":\"ListItem\",\"position\":1,\"name\":\"Startseite\",\"item\":\"https:\\\/\\\/www.enzo-und-ferdinand.de\\\/\"},{\"@type\":\"ListItem\",\"position\":2,\"name\":\"Citro\u00ebn zeigt Konzeptfahrzeuge auf der R\u00e9tromobile\"}]},{\"@type\":\"WebSite\",\"@id\":\"https:\\\/\\\/www.enzo-und-ferdinand.de\\\/#website\",\"url\":\"https:\\\/\\\/www.enzo-und-ferdinand.de\\\/\",\"name\":\"enzo & Ferdinand\",\"description\":\"\",\"publisher\":{\"@id\":\"https:\\\/\\\/www.enzo-und-ferdinand.de\\\/#organization\"},\"potentialAction\":[{\"@type\":\"SearchAction\",\"target\":{\"@type\":\"EntryPoint\",\"urlTemplate\":\"https:\\\/\\\/www.enzo-und-ferdinand.de\\\/?s={search_term_string}\"},\"query-input\":{\"@type\":\"PropertyValueSpecification\",\"valueRequired\":true,\"valueName\":\"search_term_string\"}}],\"inLanguage\":\"de\"},{\"@type\":\"Organization\",\"@id\":\"https:\\\/\\\/www.enzo-und-ferdinand.de\\\/#organization\",\"name\":\"enzo & Ferdinand\",\"url\":\"https:\\\/\\\/www.enzo-und-ferdinand.de\\\/\",\"logo\":{\"@type\":\"ImageObject\",\"inLanguage\":\"de\",\"@id\":\"https:\\\/\\\/www.enzo-und-ferdinand.de\\\/#\\\/schema\\\/logo\\\/image\\\/\",\"url\":\"https:\\\/\\\/www.enzo-und-ferdinand.de\\\/wp-content\\\/uploads\\\/2018\\\/12\\\/revvvs-icon.png\",\"contentUrl\":\"https:\\\/\\\/www.enzo-und-ferdinand.de\\\/wp-content\\\/uploads\\\/2018\\\/12\\\/revvvs-icon.png\",\"width\":512,\"height\":512,\"caption\":\"enzo & Ferdinand\"},\"image\":{\"@id\":\"https:\\\/\\\/www.enzo-und-ferdinand.de\\\/#\\\/schema\\\/logo\\\/image\\\/\"}},{\"@type\":\"Person\",\"@id\":\"https:\\\/\\\/www.enzo-und-ferdinand.de\\\/#\\\/schema\\\/person\\\/aff2eb9ff87705987c1b9d21fe10b095\",\"name\":\"Rainer Ro\u00dfbach\",\"image\":{\"@type\":\"ImageObject\",\"inLanguage\":\"de\",\"@id\":\"https:\\\/\\\/www.enzo-und-ferdinand.de\\\/wp-content\\\/uploads\\\/2026\\\/01\\\/Rainer-Rossbach-150x150.jpg\",\"url\":\"https:\\\/\\\/www.enzo-und-ferdinand.de\\\/wp-content\\\/uploads\\\/2026\\\/01\\\/Rainer-Rossbach-150x150.jpg\",\"contentUrl\":\"https:\\\/\\\/www.enzo-und-ferdinand.de\\\/wp-content\\\/uploads\\\/2026\\\/01\\\/Rainer-Rossbach-150x150.jpg\",\"caption\":\"Rainer Ro\u00dfbach\"},\"url\":\"https:\\\/\\\/www.enzo-und-ferdinand.de\\\/index.php\\\/author\\\/redaktion\\\/\"}]}<\/script>\n<!-- \/ Yoast SEO plugin. -->","yoast_head_json":{"title":"Citro\u00ebn zeigt Konzeptfahrzeuge auf der R\u00e9tromobile","description":"Rainer Ro\u00dfbach, Rainer Rossbach, enzo-und-ferdinand, enzo&ferdinand, Enzo, Citro\u00ebn, R\u00e9tromobile 2026, Citro\u00ebn ELO, Citro\u00ebn Konzeptfahrzeuge, Citro\u00ebn 2CV A, Citro\u00ebn Karin, Citro\u00ebn Activa 1, Citro\u00ebn Xanae, Citro\u00ebn C-Cactus, Traction Avant 15-6 Cabriolet, Elektroauto Konzept, Fahrzeuginnovation, Automobilgeschichte, franz\u00f6sische Automarke","robots":{"index":"index","follow":"follow","max-snippet":"max-snippet:-1","max-image-preview":"max-image-preview:large","max-video-preview":"max-video-preview:-1"},"canonical":"https:\/\/www.enzo-und-ferdinand.de\/index.php\/2026\/01\/27\/citroen-zeigt-konzeptfahrzeuge-auf-der-retromobile\/","og_locale":"de_DE","og_type":"article","og_title":"Citro\u00ebn zeigt Konzeptfahrzeuge auf der R\u00e9tromobile","og_description":"Rainer Ro\u00dfbach, Rainer Rossbach, enzo-und-ferdinand, enzo&ferdinand, Enzo, Citro\u00ebn, R\u00e9tromobile 2026, Citro\u00ebn ELO, Citro\u00ebn Konzeptfahrzeuge, Citro\u00ebn 2CV A, Citro\u00ebn Karin, Citro\u00ebn Activa 1, Citro\u00ebn Xanae, Citro\u00ebn C-Cactus, Traction Avant 15-6 Cabriolet, Elektroauto Konzept, Fahrzeuginnovation, Automobilgeschichte, franz\u00f6sische Automarke","og_url":"https:\/\/www.enzo-und-ferdinand.de\/index.php\/2026\/01\/27\/citroen-zeigt-konzeptfahrzeuge-auf-der-retromobile\/","og_site_name":"enzo &amp; Ferdinand","article_published_time":"2026-01-27T07:00:00+00:00","og_image":[{"width":1500,"height":844,"url":"https:\/\/www.enzo-und-ferdinand.de\/wp-content\/uploads\/2026\/01\/ELO_Citroen-2.jpg","type":"image\/jpeg"}],"author":"Rainer Ro\u00dfbach","twitter_card":"summary_large_image","twitter_misc":{"Verfasst von":"Rainer Ro\u00dfbach","Gesch\u00e4tzte Lesezeit":"4\u00a0Minuten"},"schema":{"@context":"https:\/\/schema.org","@graph":[{"@type":"Article","@id":"https:\/\/www.enzo-und-ferdinand.de\/index.php\/2026\/01\/27\/citroen-zeigt-konzeptfahrzeuge-auf-der-retromobile\/#article","isPartOf":{"@id":"https:\/\/www.enzo-und-ferdinand.de\/index.php\/2026\/01\/27\/citroen-zeigt-konzeptfahrzeuge-auf-der-retromobile\/"},"author":{"name":"Rainer Ro\u00dfbach","@id":"https:\/\/www.enzo-und-ferdinand.de\/#\/schema\/person\/aff2eb9ff87705987c1b9d21fe10b095"},"headline":"Citro\u00ebn zeigt Konzeptfahrzeuge auf der R\u00e9tromobile","datePublished":"2026-01-27T07:00:00+00:00","mainEntityOfPage":{"@id":"https:\/\/www.enzo-und-ferdinand.de\/index.php\/2026\/01\/27\/citroen-zeigt-konzeptfahrzeuge-auf-der-retromobile\/"},"wordCount":345,"publisher":{"@id":"https:\/\/www.enzo-und-ferdinand.de\/#organization"},"image":{"@id":"https:\/\/www.enzo-und-ferdinand.de\/index.php\/2026\/01\/27\/citroen-zeigt-konzeptfahrzeuge-auf-der-retromobile\/#primaryimage"},"thumbnailUrl":"https:\/\/www.enzo-und-ferdinand.de\/wp-content\/uploads\/2026\/01\/ELO_Citroen-2.jpg","keywords":["Citro\u00ebn","Postmoderne"],"articleSection":["Events","Studien"],"inLanguage":"de"},{"@type":"WebPage","@id":"https:\/\/www.enzo-und-ferdinand.de\/index.php\/2026\/01\/27\/citroen-zeigt-konzeptfahrzeuge-auf-der-retromobile\/","url":"https:\/\/www.enzo-und-ferdinand.de\/index.php\/2026\/01\/27\/citroen-zeigt-konzeptfahrzeuge-auf-der-retromobile\/","name":"Citro\u00ebn zeigt Konzeptfahrzeuge auf der R\u00e9tromobile","isPartOf":{"@id":"https:\/\/www.enzo-und-ferdinand.de\/#website"},"primaryImageOfPage":{"@id":"https:\/\/www.enzo-und-ferdinand.de\/index.php\/2026\/01\/27\/citroen-zeigt-konzeptfahrzeuge-auf-der-retromobile\/#primaryimage"},"image":{"@id":"https:\/\/www.enzo-und-ferdinand.de\/index.php\/2026\/01\/27\/citroen-zeigt-konzeptfahrzeuge-auf-der-retromobile\/#primaryimage"},"thumbnailUrl":"https:\/\/www.enzo-und-ferdinand.de\/wp-content\/uploads\/2026\/01\/ELO_Citroen-2.jpg","datePublished":"2026-01-27T07:00:00+00:00","description":"Rainer Ro\u00dfbach, Rainer Rossbach, enzo-und-ferdinand, enzo&ferdinand, Enzo, Citro\u00ebn, R\u00e9tromobile 2026, Citro\u00ebn ELO, Citro\u00ebn Konzeptfahrzeuge, Citro\u00ebn 2CV A, Citro\u00ebn Karin, Citro\u00ebn Activa 1, Citro\u00ebn Xanae, Citro\u00ebn C-Cactus, Traction Avant 15-6 Cabriolet, Elektroauto Konzept, Fahrzeuginnovation, Automobilgeschichte, franz\u00f6sische Automarke","breadcrumb":{"@id":"https:\/\/www.enzo-und-ferdinand.de\/index.php\/2026\/01\/27\/citroen-zeigt-konzeptfahrzeuge-auf-der-retromobile\/#breadcrumb"},"inLanguage":"de","potentialAction":[{"@type":"ReadAction","target":["https:\/\/www.enzo-und-ferdinand.de\/index.php\/2026\/01\/27\/citroen-zeigt-konzeptfahrzeuge-auf-der-retromobile\/"]}]},{"@type":"ImageObject","inLanguage":"de","@id":"https:\/\/www.enzo-und-ferdinand.de\/index.php\/2026\/01\/27\/citroen-zeigt-konzeptfahrzeuge-auf-der-retromobile\/#primaryimage","url":"https:\/\/www.enzo-und-ferdinand.de\/wp-content\/uploads\/2026\/01\/ELO_Citroen-2.jpg","contentUrl":"https:\/\/www.enzo-und-ferdinand.de\/wp-content\/uploads\/2026\/01\/ELO_Citroen-2.jpg","width":1500,"height":844,"caption":"ELO_Citroen-2"},{"@type":"BreadcrumbList","@id":"https:\/\/www.enzo-und-ferdinand.de\/index.php\/2026\/01\/27\/citroen-zeigt-konzeptfahrzeuge-auf-der-retromobile\/#breadcrumb","itemListElement":[{"@type":"ListItem","position":1,"name":"Startseite","item":"https:\/\/www.enzo-und-ferdinand.de\/"},{"@type":"ListItem","position":2,"name":"Citro\u00ebn zeigt Konzeptfahrzeuge auf der R\u00e9tromobile"}]},{"@type":"WebSite","@id":"https:\/\/www.enzo-und-ferdinand.de\/#website","url":"https:\/\/www.enzo-und-ferdinand.de\/","name":"enzo & Ferdinand","description":"","publisher":{"@id":"https:\/\/www.enzo-und-ferdinand.de\/#organization"},"potentialAction":[{"@type":"SearchAction","target":{"@type":"EntryPoint","urlTemplate":"https:\/\/www.enzo-und-ferdinand.de\/?s={search_term_string}"},"query-input":{"@type":"PropertyValueSpecification","valueRequired":true,"valueName":"search_term_string"}}],"inLanguage":"de"},{"@type":"Organization","@id":"https:\/\/www.enzo-und-ferdinand.de\/#organization","name":"enzo & Ferdinand","url":"https:\/\/www.enzo-und-ferdinand.de\/","logo":{"@type":"ImageObject","inLanguage":"de","@id":"https:\/\/www.enzo-und-ferdinand.de\/#\/schema\/logo\/image\/","url":"https:\/\/www.enzo-und-ferdinand.de\/wp-content\/uploads\/2018\/12\/revvvs-icon.png","contentUrl":"https:\/\/www.enzo-und-ferdinand.de\/wp-content\/uploads\/2018\/12\/revvvs-icon.png","width":512,"height":512,"caption":"enzo & Ferdinand"},"image":{"@id":"https:\/\/www.enzo-und-ferdinand.de\/#\/schema\/logo\/image\/"}},{"@type":"Person","@id":"https:\/\/www.enzo-und-ferdinand.de\/#\/schema\/person\/aff2eb9ff87705987c1b9d21fe10b095","name":"Rainer Ro\u00dfbach","image":{"@type":"ImageObject","inLanguage":"de","@id":"https:\/\/www.enzo-und-ferdinand.de\/wp-content\/uploads\/2026\/01\/Rainer-Rossbach-150x150.jpg","url":"https:\/\/www.enzo-und-ferdinand.de\/wp-content\/uploads\/2026\/01\/Rainer-Rossbach-150x150.jpg","contentUrl":"https:\/\/www.enzo-und-ferdinand.de\/wp-content\/uploads\/2026\/01\/Rainer-Rossbach-150x150.jpg","caption":"Rainer Ro\u00dfbach"},"url":"https:\/\/www.enzo-und-ferdinand.de\/index.php\/author\/redaktion\/"}]}},"_links":{"self":[{"href":"https:\/\/www.enzo-und-ferdinand.de\/index.php\/wp-json\/wp\/v2\/posts\/22086","targetHints":{"allow":["GET"]}}],"collection":[{"href":"https:\/\/www.enzo-und-ferdinand.de\/index.php\/wp-json\/wp\/v2\/posts"}],"about":[{"href":"https:\/\/www.enzo-und-ferdinand.de\/index.php\/wp-json\/wp\/v2\/types\/post"}],"author":[{"embeddable":true,"href":"https:\/\/www.enzo-und-ferdinand.de\/index.php\/wp-json\/wp\/v2\/users\/1"}],"replies":[{"embeddable":true,"href":"https:\/\/www.enzo-und-ferdinand.de\/index.php\/wp-json\/wp\/v2\/comments?post=22086"}],"version-history":[{"count":6,"href":"https:\/\/www.enzo-und-ferdinand.de\/index.php\/wp-json\/wp\/v2\/posts\/22086\/revisions"}],"predecessor-version":[{"id":22092,"href":"https:\/\/www.enzo-und-ferdinand.de\/index.php\/wp-json\/wp\/v2\/posts\/22086\/revisions\/22092"}],"wp:featuredmedia":[{"embeddable":true,"href":"https:\/\/www.enzo-und-ferdinand.de\/index.php\/wp-json\/wp\/v2\/media\/22081"}],"wp:attachment":[{"href":"https:\/\/www.enzo-und-ferdinand.de\/index.php\/wp-json\/wp\/v2\/media?parent=22086"}],"wp:term":[{"taxonomy":"category","embeddable":true,"href":"https:\/\/www.enzo-und-ferdinand.de\/index.php\/wp-json\/wp\/v2\/categories?post=22086"},{"taxonomy":"post_tag","embeddable":true,"href":"https:\/\/www.enzo-und-ferdinand.de\/index.php\/wp-json\/wp\/v2\/tags?post=22086"}],"curies":[{"name":"wp","href":"https:\/\/api.w.org\/{rel}","templated":true}]}}