{"id":22117,"date":"2026-01-23T08:00:45","date_gmt":"2026-01-23T07:00:45","guid":{"rendered":"https:\/\/www.enzo-und-ferdinand.de\/?p=22117"},"modified":"2026-01-23T08:00:46","modified_gmt":"2026-01-23T07:00:46","slug":"toyota-gr-yaris-ogier-edition","status":"publish","type":"post","link":"https:\/\/www.enzo-und-ferdinand.de\/index.php\/2026\/01\/23\/toyota-gr-yaris-ogier-edition\/","title":{"rendered":"Toyota GR Yaris \u201eOgier Edition\u201c"},"content":{"rendered":"\n<figure class=\"wp-block-image size-large\"><img loading=\"lazy\" decoding=\"async\" width=\"810\" height=\"540\" src=\"https:\/\/www.enzo-und-ferdinand.de\/wp-content\/uploads\/2026\/01\/Toyota-GR-Yaris-Sebastien-Ogier-2-810x540.jpg\" alt=\"Toyota GR Yaris Se\u0301bastien Ogier\" class=\"wp-image-22110\" srcset=\"https:\/\/www.enzo-und-ferdinand.de\/wp-content\/uploads\/2026\/01\/Toyota-GR-Yaris-Sebastien-Ogier-2-810x540.jpg 810w, https:\/\/www.enzo-und-ferdinand.de\/wp-content\/uploads\/2026\/01\/Toyota-GR-Yaris-Sebastien-Ogier-2-300x200.jpg 300w, https:\/\/www.enzo-und-ferdinand.de\/wp-content\/uploads\/2026\/01\/Toyota-GR-Yaris-Sebastien-Ogier-2-768x512.jpg 768w, https:\/\/www.enzo-und-ferdinand.de\/wp-content\/uploads\/2026\/01\/Toyota-GR-Yaris-Sebastien-Ogier-2-120x80.jpg 120w, https:\/\/www.enzo-und-ferdinand.de\/wp-content\/uploads\/2026\/01\/Toyota-GR-Yaris-Sebastien-Ogier-2.jpg 1500w\" sizes=\"auto, (max-width: 810px) 100vw, 810px\" \/><\/figure>\n\n\n\n<p class=\"wp-block-paragraph\">Mit der \u201eWorld Champion Edition\u201c feiert Toyota Gazoo Racing den neunten Rallye-Weltmeistertitel von S\u00e9bastien Ogier, den er sich in der Saison 2025 nach einem bis zum letzten Lauf spannenden Titelkampf sicherte. Die Entscheidung fiel erst bei der Rallye Saudi-Arabien, wo Ogier seine au\u00dfergew\u00f6hnliche Konstanz unterstrich: In elf Eins\u00e4tzen fuhr er zehn Podestpl\u00e4tze und gewann sechs Rallyes. Mit dem Titel egalisierte er den Rekord der WRC-Geschichte.<\/p>\n\n\n\n<p class=\"wp-block-paragraph\">Das Sondermodell basiert auf dem 2025 eingef\u00fchrten Aero Performance Package des Toyota GR Yaris und wurde in enger Zusammenarbeit mit Ogier entwickelt. Technisches Herzst\u00fcck ist ein exklusiver Allradantriebsmodus. Der neue \u201eSEB.\u201c-Mode ersetzt den bisherigen Track-Modus und setzt auf eine feste Drehmomentverteilung von 40:60 zwischen Vorder- und Hinterachse. Ziel ist eine st\u00e4rker heckbetonte Fahrdynamik bei gleichzeitig pr\u00e4ziser Lenkansprache an der Vorderachse, um insbesondere bei hohem Tempo die Fahrzeugkontrolle und die Verbindung zwischen Fahrer und Fahrzeug zu verbessern.<\/p>\n\n\n\n<figure class=\"wp-block-image size-large\"><img loading=\"lazy\" decoding=\"async\" width=\"810\" height=\"540\" src=\"https:\/\/www.enzo-und-ferdinand.de\/wp-content\/uploads\/2026\/01\/Toyota-GR-Yaris-Sebastien-Ogier-5-810x540.jpg\" alt=\"Toyota GR Yaris Se\u0301bastien Ogier\" class=\"wp-image-22113\" srcset=\"https:\/\/www.enzo-und-ferdinand.de\/wp-content\/uploads\/2026\/01\/Toyota-GR-Yaris-Sebastien-Ogier-5-810x540.jpg 810w, https:\/\/www.enzo-und-ferdinand.de\/wp-content\/uploads\/2026\/01\/Toyota-GR-Yaris-Sebastien-Ogier-5-300x200.jpg 300w, https:\/\/www.enzo-und-ferdinand.de\/wp-content\/uploads\/2026\/01\/Toyota-GR-Yaris-Sebastien-Ogier-5-768x512.jpg 768w, https:\/\/www.enzo-und-ferdinand.de\/wp-content\/uploads\/2026\/01\/Toyota-GR-Yaris-Sebastien-Ogier-5-120x80.jpg 120w, https:\/\/www.enzo-und-ferdinand.de\/wp-content\/uploads\/2026\/01\/Toyota-GR-Yaris-Sebastien-Ogier-5.jpg 1500w\" sizes=\"auto, (max-width: 810px) 100vw, 810px\" \/><\/figure>\n\n\n\n<p class=\"wp-block-paragraph\">Erg\u00e4nzt wird dies durch den ebenfalls exklusiven \u201eMorizo\u201c-Mode, der den Gravel-Modus abl\u00f6st. Dieser Modus maximiert beim Beschleunigen die starre Kopplung von Vorder- und Hinterachse und l\u00f6st sie beim Bremsen nur so weit wie n\u00f6tig. Das Ergebnis ist ein besonders hohes Traktionsniveau bei gleichzeitig gesteigerter Kurvenstabilit\u00e4t \u2013 eine Abstimmung, die auf den pers\u00f6nlichen Erfahrungen von Akio Toyoda im Rallyesport basiert und von Ogier ausdr\u00fccklich bevorzugt wurde.<\/p>\n\n\n\n<p class=\"wp-block-paragraph\">Auch optisch und ergonomisch setzt die Sonderedition eigenst\u00e4ndige Akzente. Die neue Au\u00dfenfarbe Black Gravite steht sinnbildlich f\u00fcr die Motorsportaktivit\u00e4ten von Toyota Gazoo Racing im Jahr 2025. Matte schwarze R\u00e4der, blaue Bremss\u00e4ttel in Ogiers Signaturfarbe sowie ein Trikolore-Detail im K\u00fchlergrill verweisen subtil auf seine franz\u00f6sische Herkunft. Im Innenraum unterstreichen ein verkleinerter Motorsport-Lenkradkranz mit neu angeordneten Bedienelementen, ein vertikaler Handbremshebel mit Ledergriff und eine Seriennummernplakette den kompromisslosen Performance-Anspruch dieses Modells.<\/p>\n\n\n\n<p class=\"wp-block-paragraph\">F\u00fcr den japanischen Markt sind 100 Exemplare vorgesehen, die ab Fr\u00fchjahr 2026 per Losverfahren erh\u00e4ltlich sind. Zus\u00e4tzlich werden 100 Fahrzeuge in ausgew\u00e4hlten europ\u00e4ischen M\u00e4rkten angeboten.<\/p>\n\n\n\n<figure class=\"wp-block-gallery has-nested-images columns-2 is-cropped wp-block-gallery-1 is-layout-flex wp-block-gallery-is-layout-flex\">\n<figure class=\"wp-block-image size-large\"><img loading=\"lazy\" decoding=\"async\" width=\"810\" height=\"540\" data-id=\"22112\" src=\"https:\/\/www.enzo-und-ferdinand.de\/wp-content\/uploads\/2026\/01\/Toyota-GR-Yaris-Sebastien-Ogier-4-810x540.jpg\" alt=\"Toyota GR Yaris Se\u0301bastien Ogier\" class=\"wp-image-22112\" srcset=\"https:\/\/www.enzo-und-ferdinand.de\/wp-content\/uploads\/2026\/01\/Toyota-GR-Yaris-Sebastien-Ogier-4-810x540.jpg 810w, https:\/\/www.enzo-und-ferdinand.de\/wp-content\/uploads\/2026\/01\/Toyota-GR-Yaris-Sebastien-Ogier-4-300x200.jpg 300w, https:\/\/www.enzo-und-ferdinand.de\/wp-content\/uploads\/2026\/01\/Toyota-GR-Yaris-Sebastien-Ogier-4-768x512.jpg 768w, https:\/\/www.enzo-und-ferdinand.de\/wp-content\/uploads\/2026\/01\/Toyota-GR-Yaris-Sebastien-Ogier-4-120x80.jpg 120w, https:\/\/www.enzo-und-ferdinand.de\/wp-content\/uploads\/2026\/01\/Toyota-GR-Yaris-Sebastien-Ogier-4.jpg 1500w\" sizes=\"auto, (max-width: 810px) 100vw, 810px\" \/><\/figure>\n\n\n\n<figure class=\"wp-block-image size-large\"><img loading=\"lazy\" decoding=\"async\" width=\"810\" height=\"540\" data-id=\"22115\" src=\"https:\/\/www.enzo-und-ferdinand.de\/wp-content\/uploads\/2026\/01\/Toyota-GR-Yaris-Sebastien-Ogier-7-810x540.jpg\" alt=\"Toyota GR Yaris Se\u0301bastien Ogier\" class=\"wp-image-22115\" srcset=\"https:\/\/www.enzo-und-ferdinand.de\/wp-content\/uploads\/2026\/01\/Toyota-GR-Yaris-Sebastien-Ogier-7-810x540.jpg 810w, https:\/\/www.enzo-und-ferdinand.de\/wp-content\/uploads\/2026\/01\/Toyota-GR-Yaris-Sebastien-Ogier-7-300x200.jpg 300w, https:\/\/www.enzo-und-ferdinand.de\/wp-content\/uploads\/2026\/01\/Toyota-GR-Yaris-Sebastien-Ogier-7-768x512.jpg 768w, https:\/\/www.enzo-und-ferdinand.de\/wp-content\/uploads\/2026\/01\/Toyota-GR-Yaris-Sebastien-Ogier-7-120x80.jpg 120w, https:\/\/www.enzo-und-ferdinand.de\/wp-content\/uploads\/2026\/01\/Toyota-GR-Yaris-Sebastien-Ogier-7.jpg 1500w\" sizes=\"auto, (max-width: 810px) 100vw, 810px\" \/><\/figure>\n\n\n\n<figure class=\"wp-block-image size-large\"><img loading=\"lazy\" decoding=\"async\" width=\"810\" height=\"473\" data-id=\"22114\" src=\"https:\/\/www.enzo-und-ferdinand.de\/wp-content\/uploads\/2026\/01\/Toyota-GR-Yaris-Sebastien-Ogier-6-810x473.jpg\" alt=\"Toyota GR Yaris Se\u0301bastien Ogier\" class=\"wp-image-22114\" srcset=\"https:\/\/www.enzo-und-ferdinand.de\/wp-content\/uploads\/2026\/01\/Toyota-GR-Yaris-Sebastien-Ogier-6-810x473.jpg 810w, https:\/\/www.enzo-und-ferdinand.de\/wp-content\/uploads\/2026\/01\/Toyota-GR-Yaris-Sebastien-Ogier-6-300x175.jpg 300w, https:\/\/www.enzo-und-ferdinand.de\/wp-content\/uploads\/2026\/01\/Toyota-GR-Yaris-Sebastien-Ogier-6-768x449.jpg 768w, https:\/\/www.enzo-und-ferdinand.de\/wp-content\/uploads\/2026\/01\/Toyota-GR-Yaris-Sebastien-Ogier-6.jpg 1500w\" sizes=\"auto, (max-width: 810px) 100vw, 810px\" \/><\/figure>\n\n\n\n<figure class=\"wp-block-image size-large\"><img loading=\"lazy\" decoding=\"async\" width=\"810\" height=\"540\" data-id=\"22111\" src=\"https:\/\/www.enzo-und-ferdinand.de\/wp-content\/uploads\/2026\/01\/Toyota-GR-Yaris-Sebastien-Ogier-3-810x540.jpg\" alt=\"Toyota GR Yaris Se\u0301bastien Ogier\" class=\"wp-image-22111\" srcset=\"https:\/\/www.enzo-und-ferdinand.de\/wp-content\/uploads\/2026\/01\/Toyota-GR-Yaris-Sebastien-Ogier-3-810x540.jpg 810w, https:\/\/www.enzo-und-ferdinand.de\/wp-content\/uploads\/2026\/01\/Toyota-GR-Yaris-Sebastien-Ogier-3-300x200.jpg 300w, https:\/\/www.enzo-und-ferdinand.de\/wp-content\/uploads\/2026\/01\/Toyota-GR-Yaris-Sebastien-Ogier-3-768x512.jpg 768w, https:\/\/www.enzo-und-ferdinand.de\/wp-content\/uploads\/2026\/01\/Toyota-GR-Yaris-Sebastien-Ogier-3-120x80.jpg 120w, https:\/\/www.enzo-und-ferdinand.de\/wp-content\/uploads\/2026\/01\/Toyota-GR-Yaris-Sebastien-Ogier-3.jpg 1500w\" sizes=\"auto, (max-width: 810px) 100vw, 810px\" \/><\/figure>\n\n\n\n<figure class=\"wp-block-image size-large\"><img loading=\"lazy\" decoding=\"async\" width=\"810\" height=\"540\" data-id=\"22116\" src=\"https:\/\/www.enzo-und-ferdinand.de\/wp-content\/uploads\/2026\/01\/Toyota-GR-Yaris-Sebastien-Ogier-8-810x540.jpg\" alt=\"Toyota GR Yaris Se\u0301bastien Ogier\" class=\"wp-image-22116\" srcset=\"https:\/\/www.enzo-und-ferdinand.de\/wp-content\/uploads\/2026\/01\/Toyota-GR-Yaris-Sebastien-Ogier-8-810x540.jpg 810w, https:\/\/www.enzo-und-ferdinand.de\/wp-content\/uploads\/2026\/01\/Toyota-GR-Yaris-Sebastien-Ogier-8-300x200.jpg 300w, https:\/\/www.enzo-und-ferdinand.de\/wp-content\/uploads\/2026\/01\/Toyota-GR-Yaris-Sebastien-Ogier-8-768x512.jpg 768w, https:\/\/www.enzo-und-ferdinand.de\/wp-content\/uploads\/2026\/01\/Toyota-GR-Yaris-Sebastien-Ogier-8-120x80.jpg 120w, https:\/\/www.enzo-und-ferdinand.de\/wp-content\/uploads\/2026\/01\/Toyota-GR-Yaris-Sebastien-Ogier-8.jpg 1500w\" sizes=\"auto, (max-width: 810px) 100vw, 810px\" \/><\/figure>\n<\/figure>\n\n\n\n<p class=\"has-text-align-right wp-block-paragraph\">Fotos: Toyota, Toyota Gazoo Racing\/Text: Rainer Ro\u00dfbach<\/p>\n","protected":false},"excerpt":{"rendered":"<p>Mit der \u201eWorld Champion Edition\u201c feiert Toyota Gazoo Racing den neunten Rallye-Weltmeistertitel von S\u00e9bastien Ogier, den er sich in der Saison 2025 nach einem bis zum letzten Lauf spannenden Titelkampf sicherte. Die Entscheidung fiel erst bei der Rallye Saudi-Arabien, wo Ogier seine au\u00dfergew\u00f6hnliche Konstanz unterstrich: In elf Eins\u00e4tzen fuhr er zehn Podestpl\u00e4tze und gewann sechs Rallyes. Mit dem Titel egalisierte er den Rekord der WRC-Geschichte.<\/p>\n","protected":false},"author":1,"featured_media":22109,"comment_status":"closed","ping_status":"open","sticky":false,"template":"","format":"standard","meta":{"_crdt_document":"","ngg_post_thumbnail":0,"footnotes":""},"categories":[665,23],"tags":[248],"class_list":["post-22117","post","type-post","status-publish","format-standard","has-post-thumbnail","hentry","category-editionen","category-performance","tag-toyota"],"yoast_head":"<!-- This site is optimized with the Yoast SEO plugin v27.5 - https:\/\/yoast.com\/product\/yoast-seo-wordpress\/ -->\n<title>Toyota GR Yaris \u201eOgier Edition\u201c<\/title>\n<meta name=\"description\" content=\"Rainer Ro\u00dfbach, Rainer Rossbach, enzo-und-ferdinand, enzo&amp;ferdinand, Enzo, Toyota GR Yaris, S\u00e9bastien Ogier, 9-facher Rallye-Weltmeister, WRC 2025, Toyota Gazoo Racing, GR Yaris Sondermodell, Allradantrieb, SEB Mode, MORIZO Mode, Rallye Technik, Performance Hatchback, limitierte Edition, Motorsport Technologie\" \/>\n<meta name=\"robots\" content=\"index, follow, max-snippet:-1, max-image-preview:large, max-video-preview:-1\" \/>\n<link rel=\"canonical\" href=\"https:\/\/www.enzo-und-ferdinand.de\/index.php\/2026\/01\/23\/toyota-gr-yaris-ogier-edition\/\" \/>\n<meta property=\"og:locale\" content=\"de_DE\" \/>\n<meta property=\"og:type\" content=\"article\" \/>\n<meta property=\"og:title\" content=\"Toyota GR Yaris \u201eOgier Edition\u201c\" \/>\n<meta property=\"og:description\" content=\"Rainer Ro\u00dfbach, Rainer Rossbach, enzo-und-ferdinand, enzo&amp;ferdinand, Enzo, Toyota GR Yaris, S\u00e9bastien Ogier, 9-facher Rallye-Weltmeister, WRC 2025, Toyota Gazoo Racing, GR Yaris Sondermodell, Allradantrieb, SEB Mode, MORIZO Mode, Rallye Technik, Performance Hatchback, limitierte Edition, Motorsport Technologie\" \/>\n<meta property=\"og:url\" content=\"https:\/\/www.enzo-und-ferdinand.de\/index.php\/2026\/01\/23\/toyota-gr-yaris-ogier-edition\/\" \/>\n<meta property=\"og:site_name\" content=\"enzo &amp; Ferdinand\" \/>\n<meta property=\"article:published_time\" content=\"2026-01-23T07:00:45+00:00\" \/>\n<meta property=\"article:modified_time\" content=\"2026-01-23T07:00:46+00:00\" \/>\n<meta property=\"og:image\" content=\"https:\/\/www.enzo-und-ferdinand.de\/wp-content\/uploads\/2026\/01\/Toyota-GR-Yaris-Sebastien-Ogier-1.jpg\" \/>\n\t<meta property=\"og:image:width\" content=\"1500\" \/>\n\t<meta property=\"og:image:height\" content=\"1000\" \/>\n\t<meta property=\"og:image:type\" content=\"image\/jpeg\" \/>\n<meta name=\"author\" content=\"Rainer Ro\u00dfbach\" \/>\n<meta name=\"twitter:card\" content=\"summary_large_image\" \/>\n<meta name=\"twitter:label1\" content=\"Verfasst von\" \/>\n\t<meta name=\"twitter:data1\" content=\"Rainer Ro\u00dfbach\" \/>\n\t<meta name=\"twitter:label2\" content=\"Gesch\u00e4tzte Lesezeit\" \/>\n\t<meta name=\"twitter:data2\" content=\"4\u00a0Minuten\" \/>\n<script type=\"application\/ld+json\" class=\"yoast-schema-graph\">{\"@context\":\"https:\\\/\\\/schema.org\",\"@graph\":[{\"@type\":\"Article\",\"@id\":\"https:\\\/\\\/www.enzo-und-ferdinand.de\\\/index.php\\\/2026\\\/01\\\/23\\\/toyota-gr-yaris-ogier-edition\\\/#article\",\"isPartOf\":{\"@id\":\"https:\\\/\\\/www.enzo-und-ferdinand.de\\\/index.php\\\/2026\\\/01\\\/23\\\/toyota-gr-yaris-ogier-edition\\\/\"},\"author\":{\"name\":\"Rainer Ro\u00dfbach\",\"@id\":\"https:\\\/\\\/www.enzo-und-ferdinand.de\\\/#\\\/schema\\\/person\\\/aff2eb9ff87705987c1b9d21fe10b095\"},\"headline\":\"Toyota GR Yaris \u201eOgier Edition\u201c\",\"datePublished\":\"2026-01-23T07:00:45+00:00\",\"dateModified\":\"2026-01-23T07:00:46+00:00\",\"mainEntityOfPage\":{\"@id\":\"https:\\\/\\\/www.enzo-und-ferdinand.de\\\/index.php\\\/2026\\\/01\\\/23\\\/toyota-gr-yaris-ogier-edition\\\/\"},\"wordCount\":338,\"publisher\":{\"@id\":\"https:\\\/\\\/www.enzo-und-ferdinand.de\\\/#organization\"},\"image\":{\"@id\":\"https:\\\/\\\/www.enzo-und-ferdinand.de\\\/index.php\\\/2026\\\/01\\\/23\\\/toyota-gr-yaris-ogier-edition\\\/#primaryimage\"},\"thumbnailUrl\":\"https:\\\/\\\/www.enzo-und-ferdinand.de\\\/wp-content\\\/uploads\\\/2026\\\/01\\\/Toyota-GR-Yaris-Sebastien-Ogier-1.jpg\",\"keywords\":[\"Toyota\"],\"articleSection\":[\"Editionen\",\"Performance\"],\"inLanguage\":\"de\"},{\"@type\":\"WebPage\",\"@id\":\"https:\\\/\\\/www.enzo-und-ferdinand.de\\\/index.php\\\/2026\\\/01\\\/23\\\/toyota-gr-yaris-ogier-edition\\\/\",\"url\":\"https:\\\/\\\/www.enzo-und-ferdinand.de\\\/index.php\\\/2026\\\/01\\\/23\\\/toyota-gr-yaris-ogier-edition\\\/\",\"name\":\"Toyota GR Yaris \u201eOgier Edition\u201c\",\"isPartOf\":{\"@id\":\"https:\\\/\\\/www.enzo-und-ferdinand.de\\\/#website\"},\"primaryImageOfPage\":{\"@id\":\"https:\\\/\\\/www.enzo-und-ferdinand.de\\\/index.php\\\/2026\\\/01\\\/23\\\/toyota-gr-yaris-ogier-edition\\\/#primaryimage\"},\"image\":{\"@id\":\"https:\\\/\\\/www.enzo-und-ferdinand.de\\\/index.php\\\/2026\\\/01\\\/23\\\/toyota-gr-yaris-ogier-edition\\\/#primaryimage\"},\"thumbnailUrl\":\"https:\\\/\\\/www.enzo-und-ferdinand.de\\\/wp-content\\\/uploads\\\/2026\\\/01\\\/Toyota-GR-Yaris-Sebastien-Ogier-1.jpg\",\"datePublished\":\"2026-01-23T07:00:45+00:00\",\"dateModified\":\"2026-01-23T07:00:46+00:00\",\"description\":\"Rainer Ro\u00dfbach, Rainer Rossbach, enzo-und-ferdinand, enzo&ferdinand, Enzo, Toyota GR Yaris, S\u00e9bastien Ogier, 9-facher Rallye-Weltmeister, WRC 2025, Toyota Gazoo Racing, GR Yaris Sondermodell, Allradantrieb, SEB Mode, MORIZO Mode, Rallye Technik, Performance Hatchback, limitierte Edition, Motorsport Technologie\",\"breadcrumb\":{\"@id\":\"https:\\\/\\\/www.enzo-und-ferdinand.de\\\/index.php\\\/2026\\\/01\\\/23\\\/toyota-gr-yaris-ogier-edition\\\/#breadcrumb\"},\"inLanguage\":\"de\",\"potentialAction\":[{\"@type\":\"ReadAction\",\"target\":[\"https:\\\/\\\/www.enzo-und-ferdinand.de\\\/index.php\\\/2026\\\/01\\\/23\\\/toyota-gr-yaris-ogier-edition\\\/\"]}]},{\"@type\":\"ImageObject\",\"inLanguage\":\"de\",\"@id\":\"https:\\\/\\\/www.enzo-und-ferdinand.de\\\/index.php\\\/2026\\\/01\\\/23\\\/toyota-gr-yaris-ogier-edition\\\/#primaryimage\",\"url\":\"https:\\\/\\\/www.enzo-und-ferdinand.de\\\/wp-content\\\/uploads\\\/2026\\\/01\\\/Toyota-GR-Yaris-Sebastien-Ogier-1.jpg\",\"contentUrl\":\"https:\\\/\\\/www.enzo-und-ferdinand.de\\\/wp-content\\\/uploads\\\/2026\\\/01\\\/Toyota-GR-Yaris-Sebastien-Ogier-1.jpg\",\"width\":1500,\"height\":1000,\"caption\":\"Toyota GR Yaris Se\u0301bastien Ogier\"},{\"@type\":\"BreadcrumbList\",\"@id\":\"https:\\\/\\\/www.enzo-und-ferdinand.de\\\/index.php\\\/2026\\\/01\\\/23\\\/toyota-gr-yaris-ogier-edition\\\/#breadcrumb\",\"itemListElement\":[{\"@type\":\"ListItem\",\"position\":1,\"name\":\"Startseite\",\"item\":\"https:\\\/\\\/www.enzo-und-ferdinand.de\\\/\"},{\"@type\":\"ListItem\",\"position\":2,\"name\":\"Toyota GR Yaris \u201eOgier Edition\u201c\"}]},{\"@type\":\"WebSite\",\"@id\":\"https:\\\/\\\/www.enzo-und-ferdinand.de\\\/#website\",\"url\":\"https:\\\/\\\/www.enzo-und-ferdinand.de\\\/\",\"name\":\"enzo & Ferdinand\",\"description\":\"\",\"publisher\":{\"@id\":\"https:\\\/\\\/www.enzo-und-ferdinand.de\\\/#organization\"},\"potentialAction\":[{\"@type\":\"SearchAction\",\"target\":{\"@type\":\"EntryPoint\",\"urlTemplate\":\"https:\\\/\\\/www.enzo-und-ferdinand.de\\\/?s={search_term_string}\"},\"query-input\":{\"@type\":\"PropertyValueSpecification\",\"valueRequired\":true,\"valueName\":\"search_term_string\"}}],\"inLanguage\":\"de\"},{\"@type\":\"Organization\",\"@id\":\"https:\\\/\\\/www.enzo-und-ferdinand.de\\\/#organization\",\"name\":\"enzo & Ferdinand\",\"url\":\"https:\\\/\\\/www.enzo-und-ferdinand.de\\\/\",\"logo\":{\"@type\":\"ImageObject\",\"inLanguage\":\"de\",\"@id\":\"https:\\\/\\\/www.enzo-und-ferdinand.de\\\/#\\\/schema\\\/logo\\\/image\\\/\",\"url\":\"https:\\\/\\\/www.enzo-und-ferdinand.de\\\/wp-content\\\/uploads\\\/2018\\\/12\\\/revvvs-icon.png\",\"contentUrl\":\"https:\\\/\\\/www.enzo-und-ferdinand.de\\\/wp-content\\\/uploads\\\/2018\\\/12\\\/revvvs-icon.png\",\"width\":512,\"height\":512,\"caption\":\"enzo & Ferdinand\"},\"image\":{\"@id\":\"https:\\\/\\\/www.enzo-und-ferdinand.de\\\/#\\\/schema\\\/logo\\\/image\\\/\"}},{\"@type\":\"Person\",\"@id\":\"https:\\\/\\\/www.enzo-und-ferdinand.de\\\/#\\\/schema\\\/person\\\/aff2eb9ff87705987c1b9d21fe10b095\",\"name\":\"Rainer Ro\u00dfbach\",\"image\":{\"@type\":\"ImageObject\",\"inLanguage\":\"de\",\"@id\":\"https:\\\/\\\/www.enzo-und-ferdinand.de\\\/wp-content\\\/uploads\\\/2026\\\/01\\\/Rainer-Rossbach-150x150.jpg\",\"url\":\"https:\\\/\\\/www.enzo-und-ferdinand.de\\\/wp-content\\\/uploads\\\/2026\\\/01\\\/Rainer-Rossbach-150x150.jpg\",\"contentUrl\":\"https:\\\/\\\/www.enzo-und-ferdinand.de\\\/wp-content\\\/uploads\\\/2026\\\/01\\\/Rainer-Rossbach-150x150.jpg\",\"caption\":\"Rainer Ro\u00dfbach\"},\"url\":\"https:\\\/\\\/www.enzo-und-ferdinand.de\\\/index.php\\\/author\\\/redaktion\\\/\"}]}<\/script>\n<!-- \/ Yoast SEO plugin. -->","yoast_head_json":{"title":"Toyota GR Yaris \u201eOgier Edition\u201c","description":"Rainer Ro\u00dfbach, Rainer Rossbach, enzo-und-ferdinand, enzo&ferdinand, Enzo, Toyota GR Yaris, S\u00e9bastien Ogier, 9-facher Rallye-Weltmeister, WRC 2025, Toyota Gazoo Racing, GR Yaris Sondermodell, Allradantrieb, SEB Mode, MORIZO Mode, Rallye Technik, Performance Hatchback, limitierte Edition, Motorsport Technologie","robots":{"index":"index","follow":"follow","max-snippet":"max-snippet:-1","max-image-preview":"max-image-preview:large","max-video-preview":"max-video-preview:-1"},"canonical":"https:\/\/www.enzo-und-ferdinand.de\/index.php\/2026\/01\/23\/toyota-gr-yaris-ogier-edition\/","og_locale":"de_DE","og_type":"article","og_title":"Toyota GR Yaris \u201eOgier Edition\u201c","og_description":"Rainer Ro\u00dfbach, Rainer Rossbach, enzo-und-ferdinand, enzo&ferdinand, Enzo, Toyota GR Yaris, S\u00e9bastien Ogier, 9-facher Rallye-Weltmeister, WRC 2025, Toyota Gazoo Racing, GR Yaris Sondermodell, Allradantrieb, SEB Mode, MORIZO Mode, Rallye Technik, Performance Hatchback, limitierte Edition, Motorsport Technologie","og_url":"https:\/\/www.enzo-und-ferdinand.de\/index.php\/2026\/01\/23\/toyota-gr-yaris-ogier-edition\/","og_site_name":"enzo &amp; Ferdinand","article_published_time":"2026-01-23T07:00:45+00:00","article_modified_time":"2026-01-23T07:00:46+00:00","og_image":[{"width":1500,"height":1000,"url":"https:\/\/www.enzo-und-ferdinand.de\/wp-content\/uploads\/2026\/01\/Toyota-GR-Yaris-Sebastien-Ogier-1.jpg","type":"image\/jpeg"}],"author":"Rainer Ro\u00dfbach","twitter_card":"summary_large_image","twitter_misc":{"Verfasst von":"Rainer Ro\u00dfbach","Gesch\u00e4tzte Lesezeit":"4\u00a0Minuten"},"schema":{"@context":"https:\/\/schema.org","@graph":[{"@type":"Article","@id":"https:\/\/www.enzo-und-ferdinand.de\/index.php\/2026\/01\/23\/toyota-gr-yaris-ogier-edition\/#article","isPartOf":{"@id":"https:\/\/www.enzo-und-ferdinand.de\/index.php\/2026\/01\/23\/toyota-gr-yaris-ogier-edition\/"},"author":{"name":"Rainer Ro\u00dfbach","@id":"https:\/\/www.enzo-und-ferdinand.de\/#\/schema\/person\/aff2eb9ff87705987c1b9d21fe10b095"},"headline":"Toyota GR Yaris \u201eOgier Edition\u201c","datePublished":"2026-01-23T07:00:45+00:00","dateModified":"2026-01-23T07:00:46+00:00","mainEntityOfPage":{"@id":"https:\/\/www.enzo-und-ferdinand.de\/index.php\/2026\/01\/23\/toyota-gr-yaris-ogier-edition\/"},"wordCount":338,"publisher":{"@id":"https:\/\/www.enzo-und-ferdinand.de\/#organization"},"image":{"@id":"https:\/\/www.enzo-und-ferdinand.de\/index.php\/2026\/01\/23\/toyota-gr-yaris-ogier-edition\/#primaryimage"},"thumbnailUrl":"https:\/\/www.enzo-und-ferdinand.de\/wp-content\/uploads\/2026\/01\/Toyota-GR-Yaris-Sebastien-Ogier-1.jpg","keywords":["Toyota"],"articleSection":["Editionen","Performance"],"inLanguage":"de"},{"@type":"WebPage","@id":"https:\/\/www.enzo-und-ferdinand.de\/index.php\/2026\/01\/23\/toyota-gr-yaris-ogier-edition\/","url":"https:\/\/www.enzo-und-ferdinand.de\/index.php\/2026\/01\/23\/toyota-gr-yaris-ogier-edition\/","name":"Toyota GR Yaris \u201eOgier Edition\u201c","isPartOf":{"@id":"https:\/\/www.enzo-und-ferdinand.de\/#website"},"primaryImageOfPage":{"@id":"https:\/\/www.enzo-und-ferdinand.de\/index.php\/2026\/01\/23\/toyota-gr-yaris-ogier-edition\/#primaryimage"},"image":{"@id":"https:\/\/www.enzo-und-ferdinand.de\/index.php\/2026\/01\/23\/toyota-gr-yaris-ogier-edition\/#primaryimage"},"thumbnailUrl":"https:\/\/www.enzo-und-ferdinand.de\/wp-content\/uploads\/2026\/01\/Toyota-GR-Yaris-Sebastien-Ogier-1.jpg","datePublished":"2026-01-23T07:00:45+00:00","dateModified":"2026-01-23T07:00:46+00:00","description":"Rainer Ro\u00dfbach, Rainer Rossbach, enzo-und-ferdinand, enzo&ferdinand, Enzo, Toyota GR Yaris, S\u00e9bastien Ogier, 9-facher Rallye-Weltmeister, WRC 2025, Toyota Gazoo Racing, GR Yaris Sondermodell, Allradantrieb, SEB Mode, MORIZO Mode, Rallye Technik, Performance Hatchback, limitierte Edition, Motorsport Technologie","breadcrumb":{"@id":"https:\/\/www.enzo-und-ferdinand.de\/index.php\/2026\/01\/23\/toyota-gr-yaris-ogier-edition\/#breadcrumb"},"inLanguage":"de","potentialAction":[{"@type":"ReadAction","target":["https:\/\/www.enzo-und-ferdinand.de\/index.php\/2026\/01\/23\/toyota-gr-yaris-ogier-edition\/"]}]},{"@type":"ImageObject","inLanguage":"de","@id":"https:\/\/www.enzo-und-ferdinand.de\/index.php\/2026\/01\/23\/toyota-gr-yaris-ogier-edition\/#primaryimage","url":"https:\/\/www.enzo-und-ferdinand.de\/wp-content\/uploads\/2026\/01\/Toyota-GR-Yaris-Sebastien-Ogier-1.jpg","contentUrl":"https:\/\/www.enzo-und-ferdinand.de\/wp-content\/uploads\/2026\/01\/Toyota-GR-Yaris-Sebastien-Ogier-1.jpg","width":1500,"height":1000,"caption":"Toyota GR Yaris Se\u0301bastien Ogier"},{"@type":"BreadcrumbList","@id":"https:\/\/www.enzo-und-ferdinand.de\/index.php\/2026\/01\/23\/toyota-gr-yaris-ogier-edition\/#breadcrumb","itemListElement":[{"@type":"ListItem","position":1,"name":"Startseite","item":"https:\/\/www.enzo-und-ferdinand.de\/"},{"@type":"ListItem","position":2,"name":"Toyota GR Yaris \u201eOgier Edition\u201c"}]},{"@type":"WebSite","@id":"https:\/\/www.enzo-und-ferdinand.de\/#website","url":"https:\/\/www.enzo-und-ferdinand.de\/","name":"enzo & Ferdinand","description":"","publisher":{"@id":"https:\/\/www.enzo-und-ferdinand.de\/#organization"},"potentialAction":[{"@type":"SearchAction","target":{"@type":"EntryPoint","urlTemplate":"https:\/\/www.enzo-und-ferdinand.de\/?s={search_term_string}"},"query-input":{"@type":"PropertyValueSpecification","valueRequired":true,"valueName":"search_term_string"}}],"inLanguage":"de"},{"@type":"Organization","@id":"https:\/\/www.enzo-und-ferdinand.de\/#organization","name":"enzo & Ferdinand","url":"https:\/\/www.enzo-und-ferdinand.de\/","logo":{"@type":"ImageObject","inLanguage":"de","@id":"https:\/\/www.enzo-und-ferdinand.de\/#\/schema\/logo\/image\/","url":"https:\/\/www.enzo-und-ferdinand.de\/wp-content\/uploads\/2018\/12\/revvvs-icon.png","contentUrl":"https:\/\/www.enzo-und-ferdinand.de\/wp-content\/uploads\/2018\/12\/revvvs-icon.png","width":512,"height":512,"caption":"enzo & Ferdinand"},"image":{"@id":"https:\/\/www.enzo-und-ferdinand.de\/#\/schema\/logo\/image\/"}},{"@type":"Person","@id":"https:\/\/www.enzo-und-ferdinand.de\/#\/schema\/person\/aff2eb9ff87705987c1b9d21fe10b095","name":"Rainer Ro\u00dfbach","image":{"@type":"ImageObject","inLanguage":"de","@id":"https:\/\/www.enzo-und-ferdinand.de\/wp-content\/uploads\/2026\/01\/Rainer-Rossbach-150x150.jpg","url":"https:\/\/www.enzo-und-ferdinand.de\/wp-content\/uploads\/2026\/01\/Rainer-Rossbach-150x150.jpg","contentUrl":"https:\/\/www.enzo-und-ferdinand.de\/wp-content\/uploads\/2026\/01\/Rainer-Rossbach-150x150.jpg","caption":"Rainer Ro\u00dfbach"},"url":"https:\/\/www.enzo-und-ferdinand.de\/index.php\/author\/redaktion\/"}]}},"_links":{"self":[{"href":"https:\/\/www.enzo-und-ferdinand.de\/index.php\/wp-json\/wp\/v2\/posts\/22117","targetHints":{"allow":["GET"]}}],"collection":[{"href":"https:\/\/www.enzo-und-ferdinand.de\/index.php\/wp-json\/wp\/v2\/posts"}],"about":[{"href":"https:\/\/www.enzo-und-ferdinand.de\/index.php\/wp-json\/wp\/v2\/types\/post"}],"author":[{"embeddable":true,"href":"https:\/\/www.enzo-und-ferdinand.de\/index.php\/wp-json\/wp\/v2\/users\/1"}],"replies":[{"embeddable":true,"href":"https:\/\/www.enzo-und-ferdinand.de\/index.php\/wp-json\/wp\/v2\/comments?post=22117"}],"version-history":[{"count":3,"href":"https:\/\/www.enzo-und-ferdinand.de\/index.php\/wp-json\/wp\/v2\/posts\/22117\/revisions"}],"predecessor-version":[{"id":22120,"href":"https:\/\/www.enzo-und-ferdinand.de\/index.php\/wp-json\/wp\/v2\/posts\/22117\/revisions\/22120"}],"wp:featuredmedia":[{"embeddable":true,"href":"https:\/\/www.enzo-und-ferdinand.de\/index.php\/wp-json\/wp\/v2\/media\/22109"}],"wp:attachment":[{"href":"https:\/\/www.enzo-und-ferdinand.de\/index.php\/wp-json\/wp\/v2\/media?parent=22117"}],"wp:term":[{"taxonomy":"category","embeddable":true,"href":"https:\/\/www.enzo-und-ferdinand.de\/index.php\/wp-json\/wp\/v2\/categories?post=22117"},{"taxonomy":"post_tag","embeddable":true,"href":"https:\/\/www.enzo-und-ferdinand.de\/index.php\/wp-json\/wp\/v2\/tags?post=22117"}],"curies":[{"name":"wp","href":"https:\/\/api.w.org\/{rel}","templated":true}]}}