{"id":22212,"date":"2026-03-13T08:00:00","date_gmt":"2026-03-13T07:00:00","guid":{"rendered":"https:\/\/www.enzo-und-ferdinand.de\/?p=22212"},"modified":"2026-02-22T13:49:45","modified_gmt":"2026-02-22T12:49:45","slug":"renault-dezir-elektrokonzept-2011","status":"publish","type":"post","link":"https:\/\/www.enzo-und-ferdinand.de\/index.php\/2026\/03\/13\/renault-dezir-elektrokonzept-2011\/","title":{"rendered":"Renault DeZir Elektrokonzept (2011)"},"content":{"rendered":"\n<figure class=\"wp-block-image size-large\"><img loading=\"lazy\" decoding=\"async\" width=\"810\" height=\"540\" src=\"https:\/\/www.enzo-und-ferdinand.de\/wp-content\/uploads\/2026\/01\/Renault-DeZir-2-810x540.jpg\" alt=\"Renault DeZir\" class=\"wp-image-22210\" srcset=\"https:\/\/www.enzo-und-ferdinand.de\/wp-content\/uploads\/2026\/01\/Renault-DeZir-2-810x540.jpg 810w, https:\/\/www.enzo-und-ferdinand.de\/wp-content\/uploads\/2026\/01\/Renault-DeZir-2-300x200.jpg 300w, https:\/\/www.enzo-und-ferdinand.de\/wp-content\/uploads\/2026\/01\/Renault-DeZir-2-768x512.jpg 768w, https:\/\/www.enzo-und-ferdinand.de\/wp-content\/uploads\/2026\/01\/Renault-DeZir-2-120x80.jpg 120w, https:\/\/www.enzo-und-ferdinand.de\/wp-content\/uploads\/2026\/01\/Renault-DeZir-2.jpg 1500w\" sizes=\"auto, (max-width: 810px) 100vw, 810px\" \/><\/figure>\n\n\n\n<p class=\"wp-block-paragraph\">Die rein elektrische Coup\u00e9-Studie r\u00fcckte Design und Technik gleicherma\u00dfen in den Mittelpunkt . Der Zweisitzer zeigte, wie emotionales Automobildesign, konsequenter Leichtbau und ein leistungsf\u00e4higer Elektroantrieb miteinander kombiniert werden konnten. Der Renault DeZir war als klare Design- und Technikansage f\u00fcr die elektrische Zukunft der Marke konzipiert. Bereits der Name verband die Z.E.-Elektrosignatur mit dem franz\u00f6sischen Begriff f\u00fcr Begierde und verdeutlichte den Anspruch, Elektromobilit\u00e4t mit Emotionalit\u00e4t zu verkn\u00fcpfen. Die zweisitzige Coup\u00e9-Studie setzte auf betont sinnliche Linien, eine leuchtend rote Lackierung, gro\u00df dimensionierte R\u00e4der und markante Fl\u00fcgelt\u00fcren.<\/p>\n\n\n\n<p class=\"wp-block-paragraph\">Die Karosserie zeigte ein ausdrucksstarkes Wechselspiel aus konkaven und konvexen Fl\u00e4chen. Charakteristisch waren die gelochten Aluminiumpaneele in den Flanken, die schwingende Schulterlinie und das glatt geschnittene K-Heck mit b\u00fcgelf\u00f6rmigem LED-Leuchtband. Aerodynamisch optimierte Details wie der geschlossene Unterboden und ein integrierter Diffusor f\u00fchrten zu einem bemerkenswert niedrigen cw-Wert von 0,25.<\/p>\n\n\n\n<p class=\"wp-block-paragraph\">Im Innenraum verfolgte Renault ein bewusst asymmetrisches Konzept. Fahrer- und Beifahrerbereich unterschieden sich gestalterisch deutlich. W\u00e4hrend der Fahrerplatz technisch wie ein Cockpit ausgelegt war, orientierte sich die Beifahrerseite am sogenannten Boudoirstil. Wei\u00dfes Leder f\u00fcr Sitze, Armaturentafel und Boden bildete einen starken Kontrast zu roten Instrumenten und Zierelementen. Ein zentrales Display informierte \u00fcber Navigation, Reichweite und Ladeinfrastruktur, die grafische Darstellung orientierte sich an Videospielen.<\/p>\n\n\n\n<p class=\"wp-block-paragraph\">Technisch setzte der DeZir auf einen im Heck platzierten Synchron-Elektromotor mit 110 kW (150 PS) Leistung und 226 Nm Drehmoment. Diese Konfiguration sorgte f\u00fcr eine ausgewogene Gewichtsverteilung und sportliche Fahrleistungen. Der Sprint von 0 auf 100 km\/h gelang in f\u00fcnf Sekunden, 50 km\/h wurden bereits nach zwei Sekunden erreicht. Die austauschbare Lithium-Ionen-Batterie mit 24 kWh Kapazit\u00e4t war senkrecht hinter den Sitzen angeordnet und erm\u00f6glichte eine Reichweite von bis zu 160 Kilometern. Die K\u00fchlung erfolgte \u00fcber gezielt gef\u00fchrte Luftstr\u00f6me und seitliche Lufteinl\u00e4sse.<\/p>\n\n\n\n<p class=\"wp-block-paragraph\">Mit einem Leergewicht von nur 830 Kilogramm profitierte die Studie von einer leichten Kevlar-Karosserie und einem verwindungssteifen Rohrrahmen aus dem M\u00e9gane Trophy. Auch die Radaufh\u00e4ngung mit doppelten Dreieckslenkern stammte aus dem Motorsport. Erg\u00e4nzt wurde das Konzept durch Rekuperation, bei der Bremsenergie zur\u00fcck in die Batterie gespeist wurde. Der Renault DeZir demonstrierte damit eindrucksvoll, wie konsequent gedachte Elektrotechnik und sportliche Auslegung bereits 2011 realisierbar waren.<\/p>\n\n\n\n<figure class=\"wp-block-image size-large\"><img loading=\"lazy\" decoding=\"async\" width=\"810\" height=\"540\" src=\"https:\/\/www.enzo-und-ferdinand.de\/wp-content\/uploads\/2026\/01\/Renault-DeZir-3-810x540.jpg\" alt=\"Renault DeZir\" class=\"wp-image-22211\" srcset=\"https:\/\/www.enzo-und-ferdinand.de\/wp-content\/uploads\/2026\/01\/Renault-DeZir-3-810x540.jpg 810w, https:\/\/www.enzo-und-ferdinand.de\/wp-content\/uploads\/2026\/01\/Renault-DeZir-3-300x200.jpg 300w, https:\/\/www.enzo-und-ferdinand.de\/wp-content\/uploads\/2026\/01\/Renault-DeZir-3-768x512.jpg 768w, https:\/\/www.enzo-und-ferdinand.de\/wp-content\/uploads\/2026\/01\/Renault-DeZir-3-120x80.jpg 120w, https:\/\/www.enzo-und-ferdinand.de\/wp-content\/uploads\/2026\/01\/Renault-DeZir-3.jpg 1500w\" sizes=\"auto, (max-width: 810px) 100vw, 810px\" \/><\/figure>\n\n\n\n<p class=\"has-text-align-right wp-block-paragraph\">Fotos: Renault\/Text: Rainer Ro\u00dfbach<\/p>\n","protected":false},"excerpt":{"rendered":"<p>Die rein elektrische Coup\u00e9-Studie r\u00fcckte Design und Technik gleicherma\u00dfen in den Mittelpunkt . Der Zweisitzer zeigte, wie emotionales Automobildesign, konsequenter Leichtbau und ein leistungsf\u00e4higer Elektroantrieb miteinander kombiniert werden konnten. Der Renault DeZir war als klare Design- und Technikansage f\u00fcr die elektrische Zukunft der Marke konzipiert. Bereits der Name verband die Z.E.-Elektrosignatur mit dem franz\u00f6sischen Begriff f\u00fcr Begierde und verdeutlichte den Anspruch, Elektromobilit\u00e4t mit Emotionalit\u00e4t zu verkn\u00fcpfen.<\/p>\n","protected":false},"author":1,"featured_media":22209,"comment_status":"closed","ping_status":"open","sticky":false,"template":"","format":"standard","meta":{"_crdt_document":"","ngg_post_thumbnail":0,"footnotes":""},"categories":[681,4],"tags":[190],"class_list":["post-22212","post","type-post","status-publish","format-standard","has-post-thumbnail","hentry","category-elektro","category-studien","tag-renault"],"yoast_head":"<!-- This site is optimized with the Yoast SEO plugin v27.5 - https:\/\/yoast.com\/product\/yoast-seo-wordpress\/ -->\n<title>Renault DeZir Elektrokonzept (2011)<\/title>\n<meta name=\"description\" content=\"Rainer Ro\u00dfbach, Rainer Rossbach, enzo-und-ferdinand, enzo&amp;ferdinand, Enzo, Renault DeZir, Renault DeZir 2011, Renault Elektrostudie, Elektroauto Studie, Elektro Coup\u00e9, Elektromotor 110 kW, Lithium-Ionen-Batterie 24 kWh, Reichweite 160 km, Leichtbau Elektroauto, Kevlar Karosserie, M\u00e9gane Trophy Technik, Rekuperation, cw-Wert 0,25\" \/>\n<meta name=\"robots\" content=\"index, follow, max-snippet:-1, max-image-preview:large, max-video-preview:-1\" \/>\n<link rel=\"canonical\" href=\"https:\/\/www.enzo-und-ferdinand.de\/index.php\/2026\/03\/13\/renault-dezir-elektrokonzept-2011\/\" \/>\n<meta property=\"og:locale\" content=\"de_DE\" \/>\n<meta property=\"og:type\" content=\"article\" \/>\n<meta property=\"og:title\" content=\"Renault DeZir Elektrokonzept (2011)\" \/>\n<meta property=\"og:description\" content=\"Rainer Ro\u00dfbach, Rainer Rossbach, enzo-und-ferdinand, enzo&amp;ferdinand, Enzo, Renault DeZir, Renault DeZir 2011, Renault Elektrostudie, Elektroauto Studie, Elektro Coup\u00e9, Elektromotor 110 kW, Lithium-Ionen-Batterie 24 kWh, Reichweite 160 km, Leichtbau Elektroauto, Kevlar Karosserie, M\u00e9gane Trophy Technik, Rekuperation, cw-Wert 0,25\" \/>\n<meta property=\"og:url\" content=\"https:\/\/www.enzo-und-ferdinand.de\/index.php\/2026\/03\/13\/renault-dezir-elektrokonzept-2011\/\" \/>\n<meta property=\"og:site_name\" content=\"enzo &amp; Ferdinand\" \/>\n<meta property=\"article:published_time\" content=\"2026-03-13T07:00:00+00:00\" \/>\n<meta property=\"og:image\" content=\"https:\/\/www.enzo-und-ferdinand.de\/wp-content\/uploads\/2026\/01\/Renault-DeZir-1.jpg\" \/>\n\t<meta property=\"og:image:width\" content=\"1500\" \/>\n\t<meta property=\"og:image:height\" content=\"1000\" \/>\n\t<meta property=\"og:image:type\" content=\"image\/jpeg\" \/>\n<meta name=\"author\" content=\"Rainer Ro\u00dfbach\" \/>\n<meta name=\"twitter:card\" content=\"summary_large_image\" \/>\n<meta name=\"twitter:label1\" content=\"Verfasst von\" \/>\n\t<meta name=\"twitter:data1\" content=\"Rainer Ro\u00dfbach\" \/>\n\t<meta name=\"twitter:label2\" content=\"Gesch\u00e4tzte Lesezeit\" \/>\n\t<meta name=\"twitter:data2\" content=\"3\u00a0Minuten\" \/>\n<script type=\"application\/ld+json\" class=\"yoast-schema-graph\">{\"@context\":\"https:\\\/\\\/schema.org\",\"@graph\":[{\"@type\":\"Article\",\"@id\":\"https:\\\/\\\/www.enzo-und-ferdinand.de\\\/index.php\\\/2026\\\/03\\\/13\\\/renault-dezir-elektrokonzept-2011\\\/#article\",\"isPartOf\":{\"@id\":\"https:\\\/\\\/www.enzo-und-ferdinand.de\\\/index.php\\\/2026\\\/03\\\/13\\\/renault-dezir-elektrokonzept-2011\\\/\"},\"author\":{\"name\":\"Rainer Ro\u00dfbach\",\"@id\":\"https:\\\/\\\/www.enzo-und-ferdinand.de\\\/#\\\/schema\\\/person\\\/aff2eb9ff87705987c1b9d21fe10b095\"},\"headline\":\"Renault DeZir Elektrokonzept (2011)\",\"datePublished\":\"2026-03-13T07:00:00+00:00\",\"mainEntityOfPage\":{\"@id\":\"https:\\\/\\\/www.enzo-und-ferdinand.de\\\/index.php\\\/2026\\\/03\\\/13\\\/renault-dezir-elektrokonzept-2011\\\/\"},\"wordCount\":375,\"publisher\":{\"@id\":\"https:\\\/\\\/www.enzo-und-ferdinand.de\\\/#organization\"},\"image\":{\"@id\":\"https:\\\/\\\/www.enzo-und-ferdinand.de\\\/index.php\\\/2026\\\/03\\\/13\\\/renault-dezir-elektrokonzept-2011\\\/#primaryimage\"},\"thumbnailUrl\":\"https:\\\/\\\/www.enzo-und-ferdinand.de\\\/wp-content\\\/uploads\\\/2026\\\/01\\\/Renault-DeZir-1.jpg\",\"keywords\":[\"Renault\"],\"articleSection\":[\"Elektro\",\"Studien\"],\"inLanguage\":\"de\"},{\"@type\":\"WebPage\",\"@id\":\"https:\\\/\\\/www.enzo-und-ferdinand.de\\\/index.php\\\/2026\\\/03\\\/13\\\/renault-dezir-elektrokonzept-2011\\\/\",\"url\":\"https:\\\/\\\/www.enzo-und-ferdinand.de\\\/index.php\\\/2026\\\/03\\\/13\\\/renault-dezir-elektrokonzept-2011\\\/\",\"name\":\"Renault DeZir Elektrokonzept (2011)\",\"isPartOf\":{\"@id\":\"https:\\\/\\\/www.enzo-und-ferdinand.de\\\/#website\"},\"primaryImageOfPage\":{\"@id\":\"https:\\\/\\\/www.enzo-und-ferdinand.de\\\/index.php\\\/2026\\\/03\\\/13\\\/renault-dezir-elektrokonzept-2011\\\/#primaryimage\"},\"image\":{\"@id\":\"https:\\\/\\\/www.enzo-und-ferdinand.de\\\/index.php\\\/2026\\\/03\\\/13\\\/renault-dezir-elektrokonzept-2011\\\/#primaryimage\"},\"thumbnailUrl\":\"https:\\\/\\\/www.enzo-und-ferdinand.de\\\/wp-content\\\/uploads\\\/2026\\\/01\\\/Renault-DeZir-1.jpg\",\"datePublished\":\"2026-03-13T07:00:00+00:00\",\"description\":\"Rainer Ro\u00dfbach, Rainer Rossbach, enzo-und-ferdinand, enzo&ferdinand, Enzo, Renault DeZir, Renault DeZir 2011, Renault Elektrostudie, Elektroauto Studie, Elektro Coup\u00e9, Elektromotor 110 kW, Lithium-Ionen-Batterie 24 kWh, Reichweite 160 km, Leichtbau Elektroauto, Kevlar Karosserie, M\u00e9gane Trophy Technik, Rekuperation, cw-Wert 0,25\",\"breadcrumb\":{\"@id\":\"https:\\\/\\\/www.enzo-und-ferdinand.de\\\/index.php\\\/2026\\\/03\\\/13\\\/renault-dezir-elektrokonzept-2011\\\/#breadcrumb\"},\"inLanguage\":\"de\",\"potentialAction\":[{\"@type\":\"ReadAction\",\"target\":[\"https:\\\/\\\/www.enzo-und-ferdinand.de\\\/index.php\\\/2026\\\/03\\\/13\\\/renault-dezir-elektrokonzept-2011\\\/\"]}]},{\"@type\":\"ImageObject\",\"inLanguage\":\"de\",\"@id\":\"https:\\\/\\\/www.enzo-und-ferdinand.de\\\/index.php\\\/2026\\\/03\\\/13\\\/renault-dezir-elektrokonzept-2011\\\/#primaryimage\",\"url\":\"https:\\\/\\\/www.enzo-und-ferdinand.de\\\/wp-content\\\/uploads\\\/2026\\\/01\\\/Renault-DeZir-1.jpg\",\"contentUrl\":\"https:\\\/\\\/www.enzo-und-ferdinand.de\\\/wp-content\\\/uploads\\\/2026\\\/01\\\/Renault-DeZir-1.jpg\",\"width\":1500,\"height\":1000,\"caption\":\"Renault DeZir\"},{\"@type\":\"BreadcrumbList\",\"@id\":\"https:\\\/\\\/www.enzo-und-ferdinand.de\\\/index.php\\\/2026\\\/03\\\/13\\\/renault-dezir-elektrokonzept-2011\\\/#breadcrumb\",\"itemListElement\":[{\"@type\":\"ListItem\",\"position\":1,\"name\":\"Startseite\",\"item\":\"https:\\\/\\\/www.enzo-und-ferdinand.de\\\/\"},{\"@type\":\"ListItem\",\"position\":2,\"name\":\"Renault DeZir Elektrokonzept (2011)\"}]},{\"@type\":\"WebSite\",\"@id\":\"https:\\\/\\\/www.enzo-und-ferdinand.de\\\/#website\",\"url\":\"https:\\\/\\\/www.enzo-und-ferdinand.de\\\/\",\"name\":\"enzo & Ferdinand\",\"description\":\"\",\"publisher\":{\"@id\":\"https:\\\/\\\/www.enzo-und-ferdinand.de\\\/#organization\"},\"potentialAction\":[{\"@type\":\"SearchAction\",\"target\":{\"@type\":\"EntryPoint\",\"urlTemplate\":\"https:\\\/\\\/www.enzo-und-ferdinand.de\\\/?s={search_term_string}\"},\"query-input\":{\"@type\":\"PropertyValueSpecification\",\"valueRequired\":true,\"valueName\":\"search_term_string\"}}],\"inLanguage\":\"de\"},{\"@type\":\"Organization\",\"@id\":\"https:\\\/\\\/www.enzo-und-ferdinand.de\\\/#organization\",\"name\":\"enzo & Ferdinand\",\"url\":\"https:\\\/\\\/www.enzo-und-ferdinand.de\\\/\",\"logo\":{\"@type\":\"ImageObject\",\"inLanguage\":\"de\",\"@id\":\"https:\\\/\\\/www.enzo-und-ferdinand.de\\\/#\\\/schema\\\/logo\\\/image\\\/\",\"url\":\"https:\\\/\\\/www.enzo-und-ferdinand.de\\\/wp-content\\\/uploads\\\/2018\\\/12\\\/revvvs-icon.png\",\"contentUrl\":\"https:\\\/\\\/www.enzo-und-ferdinand.de\\\/wp-content\\\/uploads\\\/2018\\\/12\\\/revvvs-icon.png\",\"width\":512,\"height\":512,\"caption\":\"enzo & Ferdinand\"},\"image\":{\"@id\":\"https:\\\/\\\/www.enzo-und-ferdinand.de\\\/#\\\/schema\\\/logo\\\/image\\\/\"}},{\"@type\":\"Person\",\"@id\":\"https:\\\/\\\/www.enzo-und-ferdinand.de\\\/#\\\/schema\\\/person\\\/aff2eb9ff87705987c1b9d21fe10b095\",\"name\":\"Rainer Ro\u00dfbach\",\"image\":{\"@type\":\"ImageObject\",\"inLanguage\":\"de\",\"@id\":\"https:\\\/\\\/www.enzo-und-ferdinand.de\\\/wp-content\\\/uploads\\\/2026\\\/01\\\/Rainer-Rossbach-150x150.jpg\",\"url\":\"https:\\\/\\\/www.enzo-und-ferdinand.de\\\/wp-content\\\/uploads\\\/2026\\\/01\\\/Rainer-Rossbach-150x150.jpg\",\"contentUrl\":\"https:\\\/\\\/www.enzo-und-ferdinand.de\\\/wp-content\\\/uploads\\\/2026\\\/01\\\/Rainer-Rossbach-150x150.jpg\",\"caption\":\"Rainer Ro\u00dfbach\"},\"url\":\"https:\\\/\\\/www.enzo-und-ferdinand.de\\\/index.php\\\/author\\\/redaktion\\\/\"}]}<\/script>\n<!-- \/ Yoast SEO plugin. -->","yoast_head_json":{"title":"Renault DeZir Elektrokonzept (2011)","description":"Rainer Ro\u00dfbach, Rainer Rossbach, enzo-und-ferdinand, enzo&ferdinand, Enzo, Renault DeZir, Renault DeZir 2011, Renault Elektrostudie, Elektroauto Studie, Elektro Coup\u00e9, Elektromotor 110 kW, Lithium-Ionen-Batterie 24 kWh, Reichweite 160 km, Leichtbau Elektroauto, Kevlar Karosserie, M\u00e9gane Trophy Technik, Rekuperation, cw-Wert 0,25","robots":{"index":"index","follow":"follow","max-snippet":"max-snippet:-1","max-image-preview":"max-image-preview:large","max-video-preview":"max-video-preview:-1"},"canonical":"https:\/\/www.enzo-und-ferdinand.de\/index.php\/2026\/03\/13\/renault-dezir-elektrokonzept-2011\/","og_locale":"de_DE","og_type":"article","og_title":"Renault DeZir Elektrokonzept (2011)","og_description":"Rainer Ro\u00dfbach, Rainer Rossbach, enzo-und-ferdinand, enzo&ferdinand, Enzo, Renault DeZir, Renault DeZir 2011, Renault Elektrostudie, Elektroauto Studie, Elektro Coup\u00e9, Elektromotor 110 kW, Lithium-Ionen-Batterie 24 kWh, Reichweite 160 km, Leichtbau Elektroauto, Kevlar Karosserie, M\u00e9gane Trophy Technik, Rekuperation, cw-Wert 0,25","og_url":"https:\/\/www.enzo-und-ferdinand.de\/index.php\/2026\/03\/13\/renault-dezir-elektrokonzept-2011\/","og_site_name":"enzo &amp; Ferdinand","article_published_time":"2026-03-13T07:00:00+00:00","og_image":[{"width":1500,"height":1000,"url":"https:\/\/www.enzo-und-ferdinand.de\/wp-content\/uploads\/2026\/01\/Renault-DeZir-1.jpg","type":"image\/jpeg"}],"author":"Rainer Ro\u00dfbach","twitter_card":"summary_large_image","twitter_misc":{"Verfasst von":"Rainer Ro\u00dfbach","Gesch\u00e4tzte Lesezeit":"3\u00a0Minuten"},"schema":{"@context":"https:\/\/schema.org","@graph":[{"@type":"Article","@id":"https:\/\/www.enzo-und-ferdinand.de\/index.php\/2026\/03\/13\/renault-dezir-elektrokonzept-2011\/#article","isPartOf":{"@id":"https:\/\/www.enzo-und-ferdinand.de\/index.php\/2026\/03\/13\/renault-dezir-elektrokonzept-2011\/"},"author":{"name":"Rainer Ro\u00dfbach","@id":"https:\/\/www.enzo-und-ferdinand.de\/#\/schema\/person\/aff2eb9ff87705987c1b9d21fe10b095"},"headline":"Renault DeZir Elektrokonzept (2011)","datePublished":"2026-03-13T07:00:00+00:00","mainEntityOfPage":{"@id":"https:\/\/www.enzo-und-ferdinand.de\/index.php\/2026\/03\/13\/renault-dezir-elektrokonzept-2011\/"},"wordCount":375,"publisher":{"@id":"https:\/\/www.enzo-und-ferdinand.de\/#organization"},"image":{"@id":"https:\/\/www.enzo-und-ferdinand.de\/index.php\/2026\/03\/13\/renault-dezir-elektrokonzept-2011\/#primaryimage"},"thumbnailUrl":"https:\/\/www.enzo-und-ferdinand.de\/wp-content\/uploads\/2026\/01\/Renault-DeZir-1.jpg","keywords":["Renault"],"articleSection":["Elektro","Studien"],"inLanguage":"de"},{"@type":"WebPage","@id":"https:\/\/www.enzo-und-ferdinand.de\/index.php\/2026\/03\/13\/renault-dezir-elektrokonzept-2011\/","url":"https:\/\/www.enzo-und-ferdinand.de\/index.php\/2026\/03\/13\/renault-dezir-elektrokonzept-2011\/","name":"Renault DeZir Elektrokonzept (2011)","isPartOf":{"@id":"https:\/\/www.enzo-und-ferdinand.de\/#website"},"primaryImageOfPage":{"@id":"https:\/\/www.enzo-und-ferdinand.de\/index.php\/2026\/03\/13\/renault-dezir-elektrokonzept-2011\/#primaryimage"},"image":{"@id":"https:\/\/www.enzo-und-ferdinand.de\/index.php\/2026\/03\/13\/renault-dezir-elektrokonzept-2011\/#primaryimage"},"thumbnailUrl":"https:\/\/www.enzo-und-ferdinand.de\/wp-content\/uploads\/2026\/01\/Renault-DeZir-1.jpg","datePublished":"2026-03-13T07:00:00+00:00","description":"Rainer Ro\u00dfbach, Rainer Rossbach, enzo-und-ferdinand, enzo&ferdinand, Enzo, Renault DeZir, Renault DeZir 2011, Renault Elektrostudie, Elektroauto Studie, Elektro Coup\u00e9, Elektromotor 110 kW, Lithium-Ionen-Batterie 24 kWh, Reichweite 160 km, Leichtbau Elektroauto, Kevlar Karosserie, M\u00e9gane Trophy Technik, Rekuperation, cw-Wert 0,25","breadcrumb":{"@id":"https:\/\/www.enzo-und-ferdinand.de\/index.php\/2026\/03\/13\/renault-dezir-elektrokonzept-2011\/#breadcrumb"},"inLanguage":"de","potentialAction":[{"@type":"ReadAction","target":["https:\/\/www.enzo-und-ferdinand.de\/index.php\/2026\/03\/13\/renault-dezir-elektrokonzept-2011\/"]}]},{"@type":"ImageObject","inLanguage":"de","@id":"https:\/\/www.enzo-und-ferdinand.de\/index.php\/2026\/03\/13\/renault-dezir-elektrokonzept-2011\/#primaryimage","url":"https:\/\/www.enzo-und-ferdinand.de\/wp-content\/uploads\/2026\/01\/Renault-DeZir-1.jpg","contentUrl":"https:\/\/www.enzo-und-ferdinand.de\/wp-content\/uploads\/2026\/01\/Renault-DeZir-1.jpg","width":1500,"height":1000,"caption":"Renault DeZir"},{"@type":"BreadcrumbList","@id":"https:\/\/www.enzo-und-ferdinand.de\/index.php\/2026\/03\/13\/renault-dezir-elektrokonzept-2011\/#breadcrumb","itemListElement":[{"@type":"ListItem","position":1,"name":"Startseite","item":"https:\/\/www.enzo-und-ferdinand.de\/"},{"@type":"ListItem","position":2,"name":"Renault DeZir Elektrokonzept (2011)"}]},{"@type":"WebSite","@id":"https:\/\/www.enzo-und-ferdinand.de\/#website","url":"https:\/\/www.enzo-und-ferdinand.de\/","name":"enzo & Ferdinand","description":"","publisher":{"@id":"https:\/\/www.enzo-und-ferdinand.de\/#organization"},"potentialAction":[{"@type":"SearchAction","target":{"@type":"EntryPoint","urlTemplate":"https:\/\/www.enzo-und-ferdinand.de\/?s={search_term_string}"},"query-input":{"@type":"PropertyValueSpecification","valueRequired":true,"valueName":"search_term_string"}}],"inLanguage":"de"},{"@type":"Organization","@id":"https:\/\/www.enzo-und-ferdinand.de\/#organization","name":"enzo & Ferdinand","url":"https:\/\/www.enzo-und-ferdinand.de\/","logo":{"@type":"ImageObject","inLanguage":"de","@id":"https:\/\/www.enzo-und-ferdinand.de\/#\/schema\/logo\/image\/","url":"https:\/\/www.enzo-und-ferdinand.de\/wp-content\/uploads\/2018\/12\/revvvs-icon.png","contentUrl":"https:\/\/www.enzo-und-ferdinand.de\/wp-content\/uploads\/2018\/12\/revvvs-icon.png","width":512,"height":512,"caption":"enzo & Ferdinand"},"image":{"@id":"https:\/\/www.enzo-und-ferdinand.de\/#\/schema\/logo\/image\/"}},{"@type":"Person","@id":"https:\/\/www.enzo-und-ferdinand.de\/#\/schema\/person\/aff2eb9ff87705987c1b9d21fe10b095","name":"Rainer Ro\u00dfbach","image":{"@type":"ImageObject","inLanguage":"de","@id":"https:\/\/www.enzo-und-ferdinand.de\/wp-content\/uploads\/2026\/01\/Rainer-Rossbach-150x150.jpg","url":"https:\/\/www.enzo-und-ferdinand.de\/wp-content\/uploads\/2026\/01\/Rainer-Rossbach-150x150.jpg","contentUrl":"https:\/\/www.enzo-und-ferdinand.de\/wp-content\/uploads\/2026\/01\/Rainer-Rossbach-150x150.jpg","caption":"Rainer Ro\u00dfbach"},"url":"https:\/\/www.enzo-und-ferdinand.de\/index.php\/author\/redaktion\/"}]}},"_links":{"self":[{"href":"https:\/\/www.enzo-und-ferdinand.de\/index.php\/wp-json\/wp\/v2\/posts\/22212","targetHints":{"allow":["GET"]}}],"collection":[{"href":"https:\/\/www.enzo-und-ferdinand.de\/index.php\/wp-json\/wp\/v2\/posts"}],"about":[{"href":"https:\/\/www.enzo-und-ferdinand.de\/index.php\/wp-json\/wp\/v2\/types\/post"}],"author":[{"embeddable":true,"href":"https:\/\/www.enzo-und-ferdinand.de\/index.php\/wp-json\/wp\/v2\/users\/1"}],"replies":[{"embeddable":true,"href":"https:\/\/www.enzo-und-ferdinand.de\/index.php\/wp-json\/wp\/v2\/comments?post=22212"}],"version-history":[{"count":2,"href":"https:\/\/www.enzo-und-ferdinand.de\/index.php\/wp-json\/wp\/v2\/posts\/22212\/revisions"}],"predecessor-version":[{"id":22214,"href":"https:\/\/www.enzo-und-ferdinand.de\/index.php\/wp-json\/wp\/v2\/posts\/22212\/revisions\/22214"}],"wp:featuredmedia":[{"embeddable":true,"href":"https:\/\/www.enzo-und-ferdinand.de\/index.php\/wp-json\/wp\/v2\/media\/22209"}],"wp:attachment":[{"href":"https:\/\/www.enzo-und-ferdinand.de\/index.php\/wp-json\/wp\/v2\/media?parent=22212"}],"wp:term":[{"taxonomy":"category","embeddable":true,"href":"https:\/\/www.enzo-und-ferdinand.de\/index.php\/wp-json\/wp\/v2\/categories?post=22212"},{"taxonomy":"post_tag","embeddable":true,"href":"https:\/\/www.enzo-und-ferdinand.de\/index.php\/wp-json\/wp\/v2\/tags?post=22212"}],"curies":[{"name":"wp","href":"https:\/\/api.w.org\/{rel}","templated":true}]}}