{"id":22264,"date":"2026-03-05T08:00:00","date_gmt":"2026-03-05T07:00:00","guid":{"rendered":"https:\/\/www.enzo-und-ferdinand.de\/?p=22264"},"modified":"2026-02-22T13:44:53","modified_gmt":"2026-02-22T12:44:53","slug":"ferrari-laferrari-hybrid-2013","status":"publish","type":"post","link":"https:\/\/www.enzo-und-ferdinand.de\/index.php\/2026\/03\/05\/ferrari-laferrari-hybrid-2013\/","title":{"rendered":"Ferrari LaFerrari Hybrid (2013)"},"content":{"rendered":"\n<figure class=\"wp-block-image size-large\"><img loading=\"lazy\" decoding=\"async\" width=\"810\" height=\"424\" src=\"https:\/\/www.enzo-und-ferdinand.de\/wp-content\/uploads\/2026\/01\/LaFerrari-Ferrrari-810x424.jpg\" alt=\"Ferrari LaFerrari Hybrid\" class=\"wp-image-22261\" srcset=\"https:\/\/www.enzo-und-ferdinand.de\/wp-content\/uploads\/2026\/01\/LaFerrari-Ferrrari-810x424.jpg 810w, https:\/\/www.enzo-und-ferdinand.de\/wp-content\/uploads\/2026\/01\/LaFerrari-Ferrrari-300x157.jpg 300w, https:\/\/www.enzo-und-ferdinand.de\/wp-content\/uploads\/2026\/01\/LaFerrari-Ferrrari-768x402.jpg 768w, https:\/\/www.enzo-und-ferdinand.de\/wp-content\/uploads\/2026\/01\/LaFerrari-Ferrrari.jpg 1080w\" sizes=\"auto, (max-width: 810px) 100vw, 810px\" \/><\/figure>\n\n\n\n<p class=\"wp-block-paragraph\">Das neue technologische Flaggschiff der Marke als direkter Nachfolger des Ferrari Enzo verband der Zweisitzer modernste Formel-1-Technologie mit einem Hochdrehzahl-V12 und markierte den Einstieg Ferraris in die Hybrid\u00e4ra der Supersportwagen. Der Ferrari LaFerrari war als streng limitiertes Hypercar konzipiert und stellte das leistungsst\u00e4rkste Serienmodell der Unternehmensgeschichte dar. <\/p>\n\n\n\n<p class=\"wp-block-paragraph\">Karosserie und Chassis bestanden vollst\u00e4ndig aus kohlefaserverst\u00e4rktem Kunststoff und stammten direkt aus Ferraris Formel-1-Entwicklung. Ziel war eine maximale Verwindungssteifigkeit bei gleichzeitig minimalem Gewicht. Das aerodynamische Konzept setzte auf aktive Elemente, die je nach Fahrsituation den Abtrieb optimierten.<\/p>\n\n\n\n<p class=\"wp-block-paragraph\">Herzst\u00fcck des Antriebs war ein frei saugender 6,3-Liter-V12, der allein 800 PS leistete. Erg\u00e4nzt wurde er durch ein aus der Formel 1 abgeleitetes KERS-Hybridsystem. Der Elektromotor steuerte weitere 163 PS bei, womit sich eine Systemleistung von 963 PS ergab. Anders als bei vielen anderen Hybridfahrzeugen diente das System nicht dem rein elektrischen Fahren, sondern ausschlie\u00dflich der Leistungssteigerung und Effizienzoptimierung. Eine rein elektrische Fortbewegung war daher nicht m\u00f6glich.<\/p>\n\n\n\n<figure class=\"wp-block-image size-large\"><img loading=\"lazy\" decoding=\"async\" width=\"810\" height=\"531\" src=\"https:\/\/www.enzo-und-ferdinand.de\/wp-content\/uploads\/2026\/01\/laferrari-heck-810x531.jpg\" alt=\"Ferrari LaFerrari Hybrid\" class=\"wp-image-22263\" srcset=\"https:\/\/www.enzo-und-ferdinand.de\/wp-content\/uploads\/2026\/01\/laferrari-heck-810x531.jpg 810w, https:\/\/www.enzo-und-ferdinand.de\/wp-content\/uploads\/2026\/01\/laferrari-heck-300x197.jpg 300w, https:\/\/www.enzo-und-ferdinand.de\/wp-content\/uploads\/2026\/01\/laferrari-heck-768x504.jpg 768w, https:\/\/www.enzo-und-ferdinand.de\/wp-content\/uploads\/2026\/01\/laferrari-heck-120x80.jpg 120w, https:\/\/www.enzo-und-ferdinand.de\/wp-content\/uploads\/2026\/01\/laferrari-heck.jpg 1500w\" sizes=\"auto, (max-width: 810px) 100vw, 810px\" \/><\/figure>\n\n\n\n<p class=\"wp-block-paragraph\">Die enorme Leistung spiegelte sich in den Fahrleistungen wider. Der Sprint von null auf 100 km\/h gelang in deutlich unter drei Sekunden, die H\u00f6chstgeschwindigkeit lag bei \u00fcber 340 km\/h. Trotz dieser Werte gab Ferrari f\u00fcr den LaFerrari einen kombinierten Normverbrauch von 13,9 Litern auf 100 Kilometer an. Der CO\u2082-Aussto\u00df wurde mit 330 Gramm pro Kilometer beziffert, was f\u00fcr ein Fahrzeug dieser Leistungsklasse als vergleichsweise niedrig galt.<\/p>\n\n\n\n<p class=\"wp-block-paragraph\">Das Hybridsystem arbeitete dabei eng mit dem Siebengang-Doppelkupplungsgetriebe zusammen. Die Energier\u00fcckgewinnung erfolgte beim Bremsen sowie \u00fcber den Verbrennungsmotor, \u00e4hnlich wie im Formel-1-Rennbetrieb. Die elektrische Zusatzleistung stand stets situationsabh\u00e4ngig zur Verf\u00fcgung und unterst\u00fctzte den V12 insbesondere beim Beschleunigen.<\/p>\n\n\n\n<p class=\"wp-block-paragraph\">Der LaFerrari war auf 499 Exemplare limitiert und ausschlie\u00dflich ausgew\u00e4hlten Kunden vorbehalten. Preislich bewegte sich das Modell in Regionen von deutlich \u00fcber einer Million Euro pro Fahrzeug. Damit unterstrich Ferrari den exklusiven Charakter seines Spitzenmodells, das weniger als reines Sammlerobjekt, sondern vielmehr als technologische Machbarkeitsstudie gedacht war.<\/p>\n\n\n\n<p class=\"wp-block-paragraph\">Der Ferrari LaFerrari stand 2013 sinnbildlich f\u00fcr den Technologietransfer aus dem Motorsport in ein stra\u00dfenzugelassenes Serienfahrzeug. Mit seinem Hybridantrieb, der konsequent auf Performance ausgelegt war, definierte er die Ausrichtung zuk\u00fcnftiger Supersportwagen aus Maranello neu.<\/p>\n\n\n\n<figure class=\"wp-block-image size-large is-resized\"><img loading=\"lazy\" decoding=\"async\" width=\"810\" height=\"501\" src=\"https:\/\/www.enzo-und-ferdinand.de\/wp-content\/uploads\/2026\/01\/LaFerrari_front-commons-810x501.jpg\" alt=\"Ferrari LaFerrari Hybrid\" class=\"wp-image-22260\" style=\"width:810px;height:auto\" srcset=\"https:\/\/www.enzo-und-ferdinand.de\/wp-content\/uploads\/2026\/01\/LaFerrari_front-commons-810x501.jpg 810w, https:\/\/www.enzo-und-ferdinand.de\/wp-content\/uploads\/2026\/01\/LaFerrari_front-commons-300x185.jpg 300w, https:\/\/www.enzo-und-ferdinand.de\/wp-content\/uploads\/2026\/01\/LaFerrari_front-commons-768x475.jpg 768w, https:\/\/www.enzo-und-ferdinand.de\/wp-content\/uploads\/2026\/01\/LaFerrari_front-commons-1536x949.jpg 1536w, https:\/\/www.enzo-und-ferdinand.de\/wp-content\/uploads\/2026\/01\/LaFerrari_front-commons-2048x1266.jpg 2048w\" sizes=\"auto, (max-width: 810px) 100vw, 810px\" \/><\/figure>\n\n\n\n<p class=\"has-text-align-right wp-block-paragraph\">Fotos: Rainer Ro\u00dfbach (2), Ferrari (1),  Yanko Malinov (1)\/Text: Rainer Ro\u00dfbach<\/p>\n","protected":false},"excerpt":{"rendered":"<p>Das neue technologische Flaggschiff der Marke als direkter Nachfolger des Ferrari Enzo verband der Zweisitzer modernste Formel-1-Technologie mit einem Hochdrehzahl-V12 und markierte den Einstieg Ferraris in die Hybrid\u00e4ra der Supersportwagen. Der Ferrari LaFerrari war als streng limitiertes Hypercar konzipiert und stellte das leistungsst\u00e4rkste Serienmodell der Unternehmensgeschichte dar.<\/p>\n","protected":false},"author":1,"featured_media":22262,"comment_status":"closed","ping_status":"open","sticky":false,"template":"","format":"standard","meta":{"_crdt_document":"","ngg_post_thumbnail":0,"footnotes":""},"categories":[681,703],"tags":[184],"class_list":["post-22264","post","type-post","status-publish","format-standard","has-post-thumbnail","hentry","category-elektro","category-hypercar","tag-ferrari"],"yoast_head":"<!-- This site is optimized with the Yoast SEO plugin v27.5 - https:\/\/yoast.com\/product\/yoast-seo-wordpress\/ -->\n<title>Ferrari LaFerrari Hybrid (2013)<\/title>\n<meta name=\"description\" content=\"Rainer Ro\u00dfbach, Rainer Rossbach, enzo-und-ferdinand, enzo&amp;ferdinand, Enzo, Ferrari LaFerrari, LaFerrari 2013, Ferrari Hypercar, Ferrari Hybrid Supersportwagen, V12 Hybrid Ferrari, KERS System Ferrari, Ferrari Formel 1 Technik, Ferrari Flaggschiff\" \/>\n<meta name=\"robots\" content=\"index, follow, max-snippet:-1, max-image-preview:large, max-video-preview:-1\" \/>\n<link rel=\"canonical\" href=\"https:\/\/www.enzo-und-ferdinand.de\/index.php\/2026\/03\/05\/ferrari-laferrari-hybrid-2013\/\" \/>\n<meta property=\"og:locale\" content=\"de_DE\" \/>\n<meta property=\"og:type\" content=\"article\" \/>\n<meta property=\"og:title\" content=\"Ferrari LaFerrari Hybrid (2013)\" \/>\n<meta property=\"og:description\" content=\"Rainer Ro\u00dfbach, Rainer Rossbach, enzo-und-ferdinand, enzo&amp;ferdinand, Enzo, Ferrari LaFerrari, LaFerrari 2013, Ferrari Hypercar, Ferrari Hybrid Supersportwagen, V12 Hybrid Ferrari, KERS System Ferrari, Ferrari Formel 1 Technik, Ferrari Flaggschiff\" \/>\n<meta property=\"og:url\" content=\"https:\/\/www.enzo-und-ferdinand.de\/index.php\/2026\/03\/05\/ferrari-laferrari-hybrid-2013\/\" \/>\n<meta property=\"og:site_name\" content=\"enzo &amp; Ferdinand\" \/>\n<meta property=\"article:published_time\" content=\"2026-03-05T07:00:00+00:00\" \/>\n<meta property=\"og:image\" content=\"https:\/\/www.enzo-und-ferdinand.de\/wp-content\/uploads\/2026\/01\/laferrari-front.jpg\" \/>\n\t<meta property=\"og:image:width\" content=\"1500\" \/>\n\t<meta property=\"og:image:height\" content=\"984\" \/>\n\t<meta property=\"og:image:type\" content=\"image\/jpeg\" \/>\n<meta name=\"author\" content=\"Rainer Ro\u00dfbach\" \/>\n<meta name=\"twitter:card\" content=\"summary_large_image\" \/>\n<meta name=\"twitter:label1\" content=\"Verfasst von\" \/>\n\t<meta name=\"twitter:data1\" content=\"Rainer Ro\u00dfbach\" \/>\n\t<meta name=\"twitter:label2\" content=\"Gesch\u00e4tzte Lesezeit\" \/>\n\t<meta name=\"twitter:data2\" content=\"3\u00a0Minuten\" \/>\n<script type=\"application\/ld+json\" class=\"yoast-schema-graph\">{\"@context\":\"https:\\\/\\\/schema.org\",\"@graph\":[{\"@type\":\"Article\",\"@id\":\"https:\\\/\\\/www.enzo-und-ferdinand.de\\\/index.php\\\/2026\\\/03\\\/05\\\/ferrari-laferrari-hybrid-2013\\\/#article\",\"isPartOf\":{\"@id\":\"https:\\\/\\\/www.enzo-und-ferdinand.de\\\/index.php\\\/2026\\\/03\\\/05\\\/ferrari-laferrari-hybrid-2013\\\/\"},\"author\":{\"name\":\"Rainer Ro\u00dfbach\",\"@id\":\"https:\\\/\\\/www.enzo-und-ferdinand.de\\\/#\\\/schema\\\/person\\\/aff2eb9ff87705987c1b9d21fe10b095\"},\"headline\":\"Ferrari LaFerrari Hybrid (2013)\",\"datePublished\":\"2026-03-05T07:00:00+00:00\",\"mainEntityOfPage\":{\"@id\":\"https:\\\/\\\/www.enzo-und-ferdinand.de\\\/index.php\\\/2026\\\/03\\\/05\\\/ferrari-laferrari-hybrid-2013\\\/\"},\"wordCount\":364,\"publisher\":{\"@id\":\"https:\\\/\\\/www.enzo-und-ferdinand.de\\\/#organization\"},\"image\":{\"@id\":\"https:\\\/\\\/www.enzo-und-ferdinand.de\\\/index.php\\\/2026\\\/03\\\/05\\\/ferrari-laferrari-hybrid-2013\\\/#primaryimage\"},\"thumbnailUrl\":\"https:\\\/\\\/www.enzo-und-ferdinand.de\\\/wp-content\\\/uploads\\\/2026\\\/01\\\/laferrari-front.jpg\",\"keywords\":[\"Ferrari\"],\"articleSection\":[\"Elektro\",\"Hypercar\"],\"inLanguage\":\"de\"},{\"@type\":\"WebPage\",\"@id\":\"https:\\\/\\\/www.enzo-und-ferdinand.de\\\/index.php\\\/2026\\\/03\\\/05\\\/ferrari-laferrari-hybrid-2013\\\/\",\"url\":\"https:\\\/\\\/www.enzo-und-ferdinand.de\\\/index.php\\\/2026\\\/03\\\/05\\\/ferrari-laferrari-hybrid-2013\\\/\",\"name\":\"Ferrari LaFerrari Hybrid (2013)\",\"isPartOf\":{\"@id\":\"https:\\\/\\\/www.enzo-und-ferdinand.de\\\/#website\"},\"primaryImageOfPage\":{\"@id\":\"https:\\\/\\\/www.enzo-und-ferdinand.de\\\/index.php\\\/2026\\\/03\\\/05\\\/ferrari-laferrari-hybrid-2013\\\/#primaryimage\"},\"image\":{\"@id\":\"https:\\\/\\\/www.enzo-und-ferdinand.de\\\/index.php\\\/2026\\\/03\\\/05\\\/ferrari-laferrari-hybrid-2013\\\/#primaryimage\"},\"thumbnailUrl\":\"https:\\\/\\\/www.enzo-und-ferdinand.de\\\/wp-content\\\/uploads\\\/2026\\\/01\\\/laferrari-front.jpg\",\"datePublished\":\"2026-03-05T07:00:00+00:00\",\"description\":\"Rainer Ro\u00dfbach, Rainer Rossbach, enzo-und-ferdinand, enzo&ferdinand, Enzo, Ferrari LaFerrari, LaFerrari 2013, Ferrari Hypercar, Ferrari Hybrid Supersportwagen, V12 Hybrid Ferrari, KERS System Ferrari, Ferrari Formel 1 Technik, Ferrari Flaggschiff\",\"breadcrumb\":{\"@id\":\"https:\\\/\\\/www.enzo-und-ferdinand.de\\\/index.php\\\/2026\\\/03\\\/05\\\/ferrari-laferrari-hybrid-2013\\\/#breadcrumb\"},\"inLanguage\":\"de\",\"potentialAction\":[{\"@type\":\"ReadAction\",\"target\":[\"https:\\\/\\\/www.enzo-und-ferdinand.de\\\/index.php\\\/2026\\\/03\\\/05\\\/ferrari-laferrari-hybrid-2013\\\/\"]}]},{\"@type\":\"ImageObject\",\"inLanguage\":\"de\",\"@id\":\"https:\\\/\\\/www.enzo-und-ferdinand.de\\\/index.php\\\/2026\\\/03\\\/05\\\/ferrari-laferrari-hybrid-2013\\\/#primaryimage\",\"url\":\"https:\\\/\\\/www.enzo-und-ferdinand.de\\\/wp-content\\\/uploads\\\/2026\\\/01\\\/laferrari-front.jpg\",\"contentUrl\":\"https:\\\/\\\/www.enzo-und-ferdinand.de\\\/wp-content\\\/uploads\\\/2026\\\/01\\\/laferrari-front.jpg\",\"width\":1500,\"height\":984,\"caption\":\"Ferrari LaFerrari Hybrid\"},{\"@type\":\"BreadcrumbList\",\"@id\":\"https:\\\/\\\/www.enzo-und-ferdinand.de\\\/index.php\\\/2026\\\/03\\\/05\\\/ferrari-laferrari-hybrid-2013\\\/#breadcrumb\",\"itemListElement\":[{\"@type\":\"ListItem\",\"position\":1,\"name\":\"Startseite\",\"item\":\"https:\\\/\\\/www.enzo-und-ferdinand.de\\\/\"},{\"@type\":\"ListItem\",\"position\":2,\"name\":\"Ferrari LaFerrari Hybrid (2013)\"}]},{\"@type\":\"WebSite\",\"@id\":\"https:\\\/\\\/www.enzo-und-ferdinand.de\\\/#website\",\"url\":\"https:\\\/\\\/www.enzo-und-ferdinand.de\\\/\",\"name\":\"enzo & Ferdinand\",\"description\":\"\",\"publisher\":{\"@id\":\"https:\\\/\\\/www.enzo-und-ferdinand.de\\\/#organization\"},\"potentialAction\":[{\"@type\":\"SearchAction\",\"target\":{\"@type\":\"EntryPoint\",\"urlTemplate\":\"https:\\\/\\\/www.enzo-und-ferdinand.de\\\/?s={search_term_string}\"},\"query-input\":{\"@type\":\"PropertyValueSpecification\",\"valueRequired\":true,\"valueName\":\"search_term_string\"}}],\"inLanguage\":\"de\"},{\"@type\":\"Organization\",\"@id\":\"https:\\\/\\\/www.enzo-und-ferdinand.de\\\/#organization\",\"name\":\"enzo & Ferdinand\",\"url\":\"https:\\\/\\\/www.enzo-und-ferdinand.de\\\/\",\"logo\":{\"@type\":\"ImageObject\",\"inLanguage\":\"de\",\"@id\":\"https:\\\/\\\/www.enzo-und-ferdinand.de\\\/#\\\/schema\\\/logo\\\/image\\\/\",\"url\":\"https:\\\/\\\/www.enzo-und-ferdinand.de\\\/wp-content\\\/uploads\\\/2018\\\/12\\\/revvvs-icon.png\",\"contentUrl\":\"https:\\\/\\\/www.enzo-und-ferdinand.de\\\/wp-content\\\/uploads\\\/2018\\\/12\\\/revvvs-icon.png\",\"width\":512,\"height\":512,\"caption\":\"enzo & Ferdinand\"},\"image\":{\"@id\":\"https:\\\/\\\/www.enzo-und-ferdinand.de\\\/#\\\/schema\\\/logo\\\/image\\\/\"}},{\"@type\":\"Person\",\"@id\":\"https:\\\/\\\/www.enzo-und-ferdinand.de\\\/#\\\/schema\\\/person\\\/aff2eb9ff87705987c1b9d21fe10b095\",\"name\":\"Rainer Ro\u00dfbach\",\"image\":{\"@type\":\"ImageObject\",\"inLanguage\":\"de\",\"@id\":\"https:\\\/\\\/www.enzo-und-ferdinand.de\\\/wp-content\\\/uploads\\\/2026\\\/01\\\/Rainer-Rossbach-150x150.jpg\",\"url\":\"https:\\\/\\\/www.enzo-und-ferdinand.de\\\/wp-content\\\/uploads\\\/2026\\\/01\\\/Rainer-Rossbach-150x150.jpg\",\"contentUrl\":\"https:\\\/\\\/www.enzo-und-ferdinand.de\\\/wp-content\\\/uploads\\\/2026\\\/01\\\/Rainer-Rossbach-150x150.jpg\",\"caption\":\"Rainer Ro\u00dfbach\"},\"url\":\"https:\\\/\\\/www.enzo-und-ferdinand.de\\\/index.php\\\/author\\\/redaktion\\\/\"}]}<\/script>\n<!-- \/ Yoast SEO plugin. -->","yoast_head_json":{"title":"Ferrari LaFerrari Hybrid (2013)","description":"Rainer Ro\u00dfbach, Rainer Rossbach, enzo-und-ferdinand, enzo&ferdinand, Enzo, Ferrari LaFerrari, LaFerrari 2013, Ferrari Hypercar, Ferrari Hybrid Supersportwagen, V12 Hybrid Ferrari, KERS System Ferrari, Ferrari Formel 1 Technik, Ferrari Flaggschiff","robots":{"index":"index","follow":"follow","max-snippet":"max-snippet:-1","max-image-preview":"max-image-preview:large","max-video-preview":"max-video-preview:-1"},"canonical":"https:\/\/www.enzo-und-ferdinand.de\/index.php\/2026\/03\/05\/ferrari-laferrari-hybrid-2013\/","og_locale":"de_DE","og_type":"article","og_title":"Ferrari LaFerrari Hybrid (2013)","og_description":"Rainer Ro\u00dfbach, Rainer Rossbach, enzo-und-ferdinand, enzo&ferdinand, Enzo, Ferrari LaFerrari, LaFerrari 2013, Ferrari Hypercar, Ferrari Hybrid Supersportwagen, V12 Hybrid Ferrari, KERS System Ferrari, Ferrari Formel 1 Technik, Ferrari Flaggschiff","og_url":"https:\/\/www.enzo-und-ferdinand.de\/index.php\/2026\/03\/05\/ferrari-laferrari-hybrid-2013\/","og_site_name":"enzo &amp; Ferdinand","article_published_time":"2026-03-05T07:00:00+00:00","og_image":[{"width":1500,"height":984,"url":"https:\/\/www.enzo-und-ferdinand.de\/wp-content\/uploads\/2026\/01\/laferrari-front.jpg","type":"image\/jpeg"}],"author":"Rainer Ro\u00dfbach","twitter_card":"summary_large_image","twitter_misc":{"Verfasst von":"Rainer Ro\u00dfbach","Gesch\u00e4tzte Lesezeit":"3\u00a0Minuten"},"schema":{"@context":"https:\/\/schema.org","@graph":[{"@type":"Article","@id":"https:\/\/www.enzo-und-ferdinand.de\/index.php\/2026\/03\/05\/ferrari-laferrari-hybrid-2013\/#article","isPartOf":{"@id":"https:\/\/www.enzo-und-ferdinand.de\/index.php\/2026\/03\/05\/ferrari-laferrari-hybrid-2013\/"},"author":{"name":"Rainer Ro\u00dfbach","@id":"https:\/\/www.enzo-und-ferdinand.de\/#\/schema\/person\/aff2eb9ff87705987c1b9d21fe10b095"},"headline":"Ferrari LaFerrari Hybrid (2013)","datePublished":"2026-03-05T07:00:00+00:00","mainEntityOfPage":{"@id":"https:\/\/www.enzo-und-ferdinand.de\/index.php\/2026\/03\/05\/ferrari-laferrari-hybrid-2013\/"},"wordCount":364,"publisher":{"@id":"https:\/\/www.enzo-und-ferdinand.de\/#organization"},"image":{"@id":"https:\/\/www.enzo-und-ferdinand.de\/index.php\/2026\/03\/05\/ferrari-laferrari-hybrid-2013\/#primaryimage"},"thumbnailUrl":"https:\/\/www.enzo-und-ferdinand.de\/wp-content\/uploads\/2026\/01\/laferrari-front.jpg","keywords":["Ferrari"],"articleSection":["Elektro","Hypercar"],"inLanguage":"de"},{"@type":"WebPage","@id":"https:\/\/www.enzo-und-ferdinand.de\/index.php\/2026\/03\/05\/ferrari-laferrari-hybrid-2013\/","url":"https:\/\/www.enzo-und-ferdinand.de\/index.php\/2026\/03\/05\/ferrari-laferrari-hybrid-2013\/","name":"Ferrari LaFerrari Hybrid (2013)","isPartOf":{"@id":"https:\/\/www.enzo-und-ferdinand.de\/#website"},"primaryImageOfPage":{"@id":"https:\/\/www.enzo-und-ferdinand.de\/index.php\/2026\/03\/05\/ferrari-laferrari-hybrid-2013\/#primaryimage"},"image":{"@id":"https:\/\/www.enzo-und-ferdinand.de\/index.php\/2026\/03\/05\/ferrari-laferrari-hybrid-2013\/#primaryimage"},"thumbnailUrl":"https:\/\/www.enzo-und-ferdinand.de\/wp-content\/uploads\/2026\/01\/laferrari-front.jpg","datePublished":"2026-03-05T07:00:00+00:00","description":"Rainer Ro\u00dfbach, Rainer Rossbach, enzo-und-ferdinand, enzo&ferdinand, Enzo, Ferrari LaFerrari, LaFerrari 2013, Ferrari Hypercar, Ferrari Hybrid Supersportwagen, V12 Hybrid Ferrari, KERS System Ferrari, Ferrari Formel 1 Technik, Ferrari Flaggschiff","breadcrumb":{"@id":"https:\/\/www.enzo-und-ferdinand.de\/index.php\/2026\/03\/05\/ferrari-laferrari-hybrid-2013\/#breadcrumb"},"inLanguage":"de","potentialAction":[{"@type":"ReadAction","target":["https:\/\/www.enzo-und-ferdinand.de\/index.php\/2026\/03\/05\/ferrari-laferrari-hybrid-2013\/"]}]},{"@type":"ImageObject","inLanguage":"de","@id":"https:\/\/www.enzo-und-ferdinand.de\/index.php\/2026\/03\/05\/ferrari-laferrari-hybrid-2013\/#primaryimage","url":"https:\/\/www.enzo-und-ferdinand.de\/wp-content\/uploads\/2026\/01\/laferrari-front.jpg","contentUrl":"https:\/\/www.enzo-und-ferdinand.de\/wp-content\/uploads\/2026\/01\/laferrari-front.jpg","width":1500,"height":984,"caption":"Ferrari LaFerrari Hybrid"},{"@type":"BreadcrumbList","@id":"https:\/\/www.enzo-und-ferdinand.de\/index.php\/2026\/03\/05\/ferrari-laferrari-hybrid-2013\/#breadcrumb","itemListElement":[{"@type":"ListItem","position":1,"name":"Startseite","item":"https:\/\/www.enzo-und-ferdinand.de\/"},{"@type":"ListItem","position":2,"name":"Ferrari LaFerrari Hybrid (2013)"}]},{"@type":"WebSite","@id":"https:\/\/www.enzo-und-ferdinand.de\/#website","url":"https:\/\/www.enzo-und-ferdinand.de\/","name":"enzo & Ferdinand","description":"","publisher":{"@id":"https:\/\/www.enzo-und-ferdinand.de\/#organization"},"potentialAction":[{"@type":"SearchAction","target":{"@type":"EntryPoint","urlTemplate":"https:\/\/www.enzo-und-ferdinand.de\/?s={search_term_string}"},"query-input":{"@type":"PropertyValueSpecification","valueRequired":true,"valueName":"search_term_string"}}],"inLanguage":"de"},{"@type":"Organization","@id":"https:\/\/www.enzo-und-ferdinand.de\/#organization","name":"enzo & Ferdinand","url":"https:\/\/www.enzo-und-ferdinand.de\/","logo":{"@type":"ImageObject","inLanguage":"de","@id":"https:\/\/www.enzo-und-ferdinand.de\/#\/schema\/logo\/image\/","url":"https:\/\/www.enzo-und-ferdinand.de\/wp-content\/uploads\/2018\/12\/revvvs-icon.png","contentUrl":"https:\/\/www.enzo-und-ferdinand.de\/wp-content\/uploads\/2018\/12\/revvvs-icon.png","width":512,"height":512,"caption":"enzo & Ferdinand"},"image":{"@id":"https:\/\/www.enzo-und-ferdinand.de\/#\/schema\/logo\/image\/"}},{"@type":"Person","@id":"https:\/\/www.enzo-und-ferdinand.de\/#\/schema\/person\/aff2eb9ff87705987c1b9d21fe10b095","name":"Rainer Ro\u00dfbach","image":{"@type":"ImageObject","inLanguage":"de","@id":"https:\/\/www.enzo-und-ferdinand.de\/wp-content\/uploads\/2026\/01\/Rainer-Rossbach-150x150.jpg","url":"https:\/\/www.enzo-und-ferdinand.de\/wp-content\/uploads\/2026\/01\/Rainer-Rossbach-150x150.jpg","contentUrl":"https:\/\/www.enzo-und-ferdinand.de\/wp-content\/uploads\/2026\/01\/Rainer-Rossbach-150x150.jpg","caption":"Rainer Ro\u00dfbach"},"url":"https:\/\/www.enzo-und-ferdinand.de\/index.php\/author\/redaktion\/"}]}},"_links":{"self":[{"href":"https:\/\/www.enzo-und-ferdinand.de\/index.php\/wp-json\/wp\/v2\/posts\/22264","targetHints":{"allow":["GET"]}}],"collection":[{"href":"https:\/\/www.enzo-und-ferdinand.de\/index.php\/wp-json\/wp\/v2\/posts"}],"about":[{"href":"https:\/\/www.enzo-und-ferdinand.de\/index.php\/wp-json\/wp\/v2\/types\/post"}],"author":[{"embeddable":true,"href":"https:\/\/www.enzo-und-ferdinand.de\/index.php\/wp-json\/wp\/v2\/users\/1"}],"replies":[{"embeddable":true,"href":"https:\/\/www.enzo-und-ferdinand.de\/index.php\/wp-json\/wp\/v2\/comments?post=22264"}],"version-history":[{"count":6,"href":"https:\/\/www.enzo-und-ferdinand.de\/index.php\/wp-json\/wp\/v2\/posts\/22264\/revisions"}],"predecessor-version":[{"id":22270,"href":"https:\/\/www.enzo-und-ferdinand.de\/index.php\/wp-json\/wp\/v2\/posts\/22264\/revisions\/22270"}],"wp:featuredmedia":[{"embeddable":true,"href":"https:\/\/www.enzo-und-ferdinand.de\/index.php\/wp-json\/wp\/v2\/media\/22262"}],"wp:attachment":[{"href":"https:\/\/www.enzo-und-ferdinand.de\/index.php\/wp-json\/wp\/v2\/media?parent=22264"}],"wp:term":[{"taxonomy":"category","embeddable":true,"href":"https:\/\/www.enzo-und-ferdinand.de\/index.php\/wp-json\/wp\/v2\/categories?post=22264"},{"taxonomy":"post_tag","embeddable":true,"href":"https:\/\/www.enzo-und-ferdinand.de\/index.php\/wp-json\/wp\/v2\/tags?post=22264"}],"curies":[{"name":"wp","href":"https:\/\/api.w.org\/{rel}","templated":true}]}}