{"id":22293,"date":"2026-01-26T17:13:05","date_gmt":"2026-01-26T16:13:05","guid":{"rendered":"https:\/\/www.enzo-und-ferdinand.de\/?p=22293"},"modified":"2026-01-26T17:14:57","modified_gmt":"2026-01-26T16:14:57","slug":"r-i-p-peter-falk","status":"publish","type":"post","link":"https:\/\/www.enzo-und-ferdinand.de\/index.php\/2026\/01\/26\/r-i-p-peter-falk\/","title":{"rendered":"R.I.P. Peter Falk"},"content":{"rendered":"\n<figure class=\"wp-block-image size-large\"><img loading=\"lazy\" decoding=\"async\" width=\"810\" height=\"456\" src=\"https:\/\/www.enzo-und-ferdinand.de\/wp-content\/uploads\/2026\/01\/Peter-Falk_2-810x456.jpg\" alt=\"Peter Falk\" class=\"wp-image-22286\" srcset=\"https:\/\/www.enzo-und-ferdinand.de\/wp-content\/uploads\/2026\/01\/Peter-Falk_2-810x456.jpg 810w, https:\/\/www.enzo-und-ferdinand.de\/wp-content\/uploads\/2026\/01\/Peter-Falk_2-300x169.jpg 300w, https:\/\/www.enzo-und-ferdinand.de\/wp-content\/uploads\/2026\/01\/Peter-Falk_2-768x432.jpg 768w, https:\/\/www.enzo-und-ferdinand.de\/wp-content\/uploads\/2026\/01\/Peter-Falk_2.jpg 1500w\" sizes=\"auto, (max-width: 810px) 100vw, 810px\" \/><\/figure>\n\n\n\n<p class=\"wp-block-paragraph\">Am 23. Januar 2026 ist Peter Falk im Alter von 93 Jahren gestorben. Mehr als 30 Jahre lang pr\u00e4gte er als Ingenieur, Versuchsleiter und Rennleiter die Motorsportgeschichte von Porsche und beeinflusste zugleich die Serienentwicklung entscheidend. Falk wurde 1932 in Athen geboren, absolvierte eine Lehre als Autoschlosser und studierte anschlie\u00dfend Maschinenbau mit Schwerpunkt Kraftfahrzeugtechnik in Stuttgart. Bereits fr\u00fch verband er theoretisches Wissen mit praktischer Erfahrung im Wettbewerb.<\/p>\n\n\n\n<figure class=\"wp-block-image size-large\"><img loading=\"lazy\" decoding=\"async\" width=\"810\" height=\"456\" src=\"https:\/\/www.enzo-und-ferdinand.de\/wp-content\/uploads\/2026\/01\/Peter-Falk_6-810x456.jpg\" alt=\"Peter Falk\" class=\"wp-image-22287\" srcset=\"https:\/\/www.enzo-und-ferdinand.de\/wp-content\/uploads\/2026\/01\/Peter-Falk_6-810x456.jpg 810w, https:\/\/www.enzo-und-ferdinand.de\/wp-content\/uploads\/2026\/01\/Peter-Falk_6-300x169.jpg 300w, https:\/\/www.enzo-und-ferdinand.de\/wp-content\/uploads\/2026\/01\/Peter-Falk_6-768x432.jpg 768w, https:\/\/www.enzo-und-ferdinand.de\/wp-content\/uploads\/2026\/01\/Peter-Falk_6.jpg 1500w\" sizes=\"auto, (max-width: 810px) 100vw, 810px\" \/><\/figure>\n\n\n\n<p class=\"wp-block-paragraph\">1959 begann Falk im Fahrversuch bei Porsche, wechselte sp\u00e4ter in die Vorentwicklung und Rennbetreuung und war 1965 als Co-Pilot beim ersten internationalen Rallye-Einsatz des Porsche 911 bei der Rallye Monte Carlo beteiligt. In den folgenden Jahren trieb er die technische Entwicklung legend\u00e4rer Rennfahrzeuge voran, darunter der Porsche 904 sowie der 917 f\u00fcr Rundstrecken- und Bergrennen.<\/p>\n\n\n\n<figure class=\"wp-block-image size-large\"><img loading=\"lazy\" decoding=\"async\" width=\"810\" height=\"456\" src=\"https:\/\/www.enzo-und-ferdinand.de\/wp-content\/uploads\/2026\/01\/Peter-Falk_20-810x456.jpg\" alt=\"Peter Falk\" class=\"wp-image-22291\" srcset=\"https:\/\/www.enzo-und-ferdinand.de\/wp-content\/uploads\/2026\/01\/Peter-Falk_20-810x456.jpg 810w, https:\/\/www.enzo-und-ferdinand.de\/wp-content\/uploads\/2026\/01\/Peter-Falk_20-300x169.jpg 300w, https:\/\/www.enzo-und-ferdinand.de\/wp-content\/uploads\/2026\/01\/Peter-Falk_20-768x432.jpg 768w, https:\/\/www.enzo-und-ferdinand.de\/wp-content\/uploads\/2026\/01\/Peter-Falk_20.jpg 1500w\" sizes=\"auto, (max-width: 810px) 100vw, 810px\" \/><\/figure>\n\n\n\n<p class=\"wp-block-paragraph\">Von 1973 bis 1981 verantwortete Falk als Versuchsleiter die Serienentwicklung der Baureihen 911, 924 und 928 und pr\u00e4gte damit die technische DNA der Marke auch abseits des Motorsports. Als Rennleiter f\u00fchrte er in den 1980er-Jahren die Programme des Porsche 956 und 962 in der Gruppe C zu au\u00dfergew\u00f6hnlichen Erfolgen: sieben Gesamtsiege bei den 24 Stunden von Le Mans, elf Weltmeistertitel sowie Gesamtsiege in Daytona und bei der Rallye Paris-Dakar 1984 und 1986.<\/p>\n\n\n\n<p class=\"wp-block-paragraph\">Ende der 1980er-Jahre leitete Falk die Fahrwerkentwicklung und war ma\u00dfgeblich an der Entwicklung des Porsche 911 der Generation 993 beteiligt. Seine Arbeitsweise war gepr\u00e4gt von technischer Pr\u00e4zision, strategischer Ruhe und starkem Teamgeist. Auch nach seinem Ruhestand blieb Falk Porsche als Zeitzeuge, Berater und engagierter Motorsport-Enthusiast eng verbunden. Er hinterl\u00e4sst seine Frau Ruth und eine Tochter.<\/p>\n\n\n\n<figure class=\"wp-block-image size-large\"><img loading=\"lazy\" decoding=\"async\" width=\"810\" height=\"456\" src=\"https:\/\/www.enzo-und-ferdinand.de\/wp-content\/uploads\/2026\/01\/Peter-Falk_7-810x456.jpg\" alt=\"Peter Falk\" class=\"wp-image-22288\" srcset=\"https:\/\/www.enzo-und-ferdinand.de\/wp-content\/uploads\/2026\/01\/Peter-Falk_7-810x456.jpg 810w, https:\/\/www.enzo-und-ferdinand.de\/wp-content\/uploads\/2026\/01\/Peter-Falk_7-300x169.jpg 300w, https:\/\/www.enzo-und-ferdinand.de\/wp-content\/uploads\/2026\/01\/Peter-Falk_7-768x433.jpg 768w, https:\/\/www.enzo-und-ferdinand.de\/wp-content\/uploads\/2026\/01\/Peter-Falk_7.jpg 1500w\" sizes=\"auto, (max-width: 810px) 100vw, 810px\" \/><\/figure>\n\n\n\n<p class=\"has-text-align-right wp-block-paragraph\">Fotos: Porsche\/Text: Rainer Ro\u00dfbach<\/p>\n","protected":false},"excerpt":{"rendered":"<p>Am 23. Januar 2026 ist Peter Falk im Alter von 93 Jahren gestorben. Mehr als 30 Jahre lang pr\u00e4gte er als Ingenieur, Versuchsleiter und Rennleiter die Motorsportgeschichte von Porsche und beeinflusste zugleich die Serienentwicklung entscheidend. Falk wurde 1932 in Athen geboren, absolvierte eine Lehre als Autoschlosser und studierte anschlie\u00dfend Maschinenbau mit Schwerpunkt Kraftfahrzeugtechnik in Stuttgart. Bereits fr\u00fch verband er theoretisches Wissen mit praktischer Erfahrung im Wettbewerb.<\/p>\n","protected":false},"author":1,"featured_media":22290,"comment_status":"closed","ping_status":"open","sticky":false,"template":"","format":"standard","meta":{"_crdt_document":"","ngg_post_thumbnail":0,"footnotes":""},"categories":[613],"tags":[623],"class_list":["post-22293","post","type-post","status-publish","format-standard","has-post-thumbnail","hentry","category-car-guys","tag-car-guys"],"yoast_head":"<!-- This site is optimized with the Yoast SEO plugin v27.5 - https:\/\/yoast.com\/product\/yoast-seo-wordpress\/ -->\n<title>R.I.P. Peter Falk<\/title>\n<meta name=\"description\" content=\"Rainer Ro\u00dfbach, Rainer Rossbach, enzo-und-ferdinand, enzo&amp;ferdinand, Enzo, Peter Falk, Porsche Motorsport, Porsche Rennleiter, Porsche Ingenieur, Porsche 911 Motorsport, Porsche Le Mans Siege, Porsche Gruppe C, Porsche 917, Porsche 956 962, Porsche Technikgeschichte, Porsche Serienentwicklung, Porsche 993 Fahrwerk\" \/>\n<meta name=\"robots\" content=\"index, follow, max-snippet:-1, max-image-preview:large, max-video-preview:-1\" \/>\n<link rel=\"canonical\" href=\"https:\/\/www.enzo-und-ferdinand.de\/index.php\/2026\/01\/26\/r-i-p-peter-falk\/\" \/>\n<meta property=\"og:locale\" content=\"de_DE\" \/>\n<meta property=\"og:type\" content=\"article\" \/>\n<meta property=\"og:title\" content=\"R.I.P. Peter Falk\" \/>\n<meta property=\"og:description\" content=\"Rainer Ro\u00dfbach, Rainer Rossbach, enzo-und-ferdinand, enzo&amp;ferdinand, Enzo, Peter Falk, Porsche Motorsport, Porsche Rennleiter, Porsche Ingenieur, Porsche 911 Motorsport, Porsche Le Mans Siege, Porsche Gruppe C, Porsche 917, Porsche 956 962, Porsche Technikgeschichte, Porsche Serienentwicklung, Porsche 993 Fahrwerk\" \/>\n<meta property=\"og:url\" content=\"https:\/\/www.enzo-und-ferdinand.de\/index.php\/2026\/01\/26\/r-i-p-peter-falk\/\" \/>\n<meta property=\"og:site_name\" content=\"enzo &amp; Ferdinand\" \/>\n<meta property=\"article:published_time\" content=\"2026-01-26T16:13:05+00:00\" \/>\n<meta property=\"article:modified_time\" content=\"2026-01-26T16:14:57+00:00\" \/>\n<meta property=\"og:image\" content=\"https:\/\/www.enzo-und-ferdinand.de\/wp-content\/uploads\/2026\/01\/Peter-Falk_12.jpg\" \/>\n\t<meta property=\"og:image:width\" content=\"1500\" \/>\n\t<meta property=\"og:image:height\" content=\"844\" \/>\n\t<meta property=\"og:image:type\" content=\"image\/jpeg\" \/>\n<meta name=\"author\" content=\"Rainer Ro\u00dfbach\" \/>\n<meta name=\"twitter:card\" content=\"summary_large_image\" \/>\n<meta name=\"twitter:label1\" content=\"Verfasst von\" \/>\n\t<meta name=\"twitter:data1\" content=\"Rainer Ro\u00dfbach\" \/>\n\t<meta name=\"twitter:label2\" content=\"Gesch\u00e4tzte Lesezeit\" \/>\n\t<meta name=\"twitter:data2\" content=\"1\u00a0Minute\" \/>\n<script type=\"application\/ld+json\" class=\"yoast-schema-graph\">{\"@context\":\"https:\\\/\\\/schema.org\",\"@graph\":[{\"@type\":\"Article\",\"@id\":\"https:\\\/\\\/www.enzo-und-ferdinand.de\\\/index.php\\\/2026\\\/01\\\/26\\\/r-i-p-peter-falk\\\/#article\",\"isPartOf\":{\"@id\":\"https:\\\/\\\/www.enzo-und-ferdinand.de\\\/index.php\\\/2026\\\/01\\\/26\\\/r-i-p-peter-falk\\\/\"},\"author\":{\"name\":\"Rainer Ro\u00dfbach\",\"@id\":\"https:\\\/\\\/www.enzo-und-ferdinand.de\\\/#\\\/schema\\\/person\\\/aff2eb9ff87705987c1b9d21fe10b095\"},\"headline\":\"R.I.P. Peter Falk\",\"datePublished\":\"2026-01-26T16:13:05+00:00\",\"dateModified\":\"2026-01-26T16:14:57+00:00\",\"mainEntityOfPage\":{\"@id\":\"https:\\\/\\\/www.enzo-und-ferdinand.de\\\/index.php\\\/2026\\\/01\\\/26\\\/r-i-p-peter-falk\\\/\"},\"wordCount\":251,\"publisher\":{\"@id\":\"https:\\\/\\\/www.enzo-und-ferdinand.de\\\/#organization\"},\"image\":{\"@id\":\"https:\\\/\\\/www.enzo-und-ferdinand.de\\\/index.php\\\/2026\\\/01\\\/26\\\/r-i-p-peter-falk\\\/#primaryimage\"},\"thumbnailUrl\":\"https:\\\/\\\/www.enzo-und-ferdinand.de\\\/wp-content\\\/uploads\\\/2026\\\/01\\\/Peter-Falk_12.jpg\",\"keywords\":[\"Car Guys\"],\"articleSection\":[\"Car Guys\"],\"inLanguage\":\"de\"},{\"@type\":\"WebPage\",\"@id\":\"https:\\\/\\\/www.enzo-und-ferdinand.de\\\/index.php\\\/2026\\\/01\\\/26\\\/r-i-p-peter-falk\\\/\",\"url\":\"https:\\\/\\\/www.enzo-und-ferdinand.de\\\/index.php\\\/2026\\\/01\\\/26\\\/r-i-p-peter-falk\\\/\",\"name\":\"R.I.P. Peter Falk\",\"isPartOf\":{\"@id\":\"https:\\\/\\\/www.enzo-und-ferdinand.de\\\/#website\"},\"primaryImageOfPage\":{\"@id\":\"https:\\\/\\\/www.enzo-und-ferdinand.de\\\/index.php\\\/2026\\\/01\\\/26\\\/r-i-p-peter-falk\\\/#primaryimage\"},\"image\":{\"@id\":\"https:\\\/\\\/www.enzo-und-ferdinand.de\\\/index.php\\\/2026\\\/01\\\/26\\\/r-i-p-peter-falk\\\/#primaryimage\"},\"thumbnailUrl\":\"https:\\\/\\\/www.enzo-und-ferdinand.de\\\/wp-content\\\/uploads\\\/2026\\\/01\\\/Peter-Falk_12.jpg\",\"datePublished\":\"2026-01-26T16:13:05+00:00\",\"dateModified\":\"2026-01-26T16:14:57+00:00\",\"description\":\"Rainer Ro\u00dfbach, Rainer Rossbach, enzo-und-ferdinand, enzo&ferdinand, Enzo, Peter Falk, Porsche Motorsport, Porsche Rennleiter, Porsche Ingenieur, Porsche 911 Motorsport, Porsche Le Mans Siege, Porsche Gruppe C, Porsche 917, Porsche 956 962, Porsche Technikgeschichte, Porsche Serienentwicklung, Porsche 993 Fahrwerk\",\"breadcrumb\":{\"@id\":\"https:\\\/\\\/www.enzo-und-ferdinand.de\\\/index.php\\\/2026\\\/01\\\/26\\\/r-i-p-peter-falk\\\/#breadcrumb\"},\"inLanguage\":\"de\",\"potentialAction\":[{\"@type\":\"ReadAction\",\"target\":[\"https:\\\/\\\/www.enzo-und-ferdinand.de\\\/index.php\\\/2026\\\/01\\\/26\\\/r-i-p-peter-falk\\\/\"]}]},{\"@type\":\"ImageObject\",\"inLanguage\":\"de\",\"@id\":\"https:\\\/\\\/www.enzo-und-ferdinand.de\\\/index.php\\\/2026\\\/01\\\/26\\\/r-i-p-peter-falk\\\/#primaryimage\",\"url\":\"https:\\\/\\\/www.enzo-und-ferdinand.de\\\/wp-content\\\/uploads\\\/2026\\\/01\\\/Peter-Falk_12.jpg\",\"contentUrl\":\"https:\\\/\\\/www.enzo-und-ferdinand.de\\\/wp-content\\\/uploads\\\/2026\\\/01\\\/Peter-Falk_12.jpg\",\"width\":1500,\"height\":844,\"caption\":\"Peter Falk\"},{\"@type\":\"BreadcrumbList\",\"@id\":\"https:\\\/\\\/www.enzo-und-ferdinand.de\\\/index.php\\\/2026\\\/01\\\/26\\\/r-i-p-peter-falk\\\/#breadcrumb\",\"itemListElement\":[{\"@type\":\"ListItem\",\"position\":1,\"name\":\"Startseite\",\"item\":\"https:\\\/\\\/www.enzo-und-ferdinand.de\\\/\"},{\"@type\":\"ListItem\",\"position\":2,\"name\":\"R.I.P. Peter Falk\"}]},{\"@type\":\"WebSite\",\"@id\":\"https:\\\/\\\/www.enzo-und-ferdinand.de\\\/#website\",\"url\":\"https:\\\/\\\/www.enzo-und-ferdinand.de\\\/\",\"name\":\"enzo & Ferdinand\",\"description\":\"\",\"publisher\":{\"@id\":\"https:\\\/\\\/www.enzo-und-ferdinand.de\\\/#organization\"},\"potentialAction\":[{\"@type\":\"SearchAction\",\"target\":{\"@type\":\"EntryPoint\",\"urlTemplate\":\"https:\\\/\\\/www.enzo-und-ferdinand.de\\\/?s={search_term_string}\"},\"query-input\":{\"@type\":\"PropertyValueSpecification\",\"valueRequired\":true,\"valueName\":\"search_term_string\"}}],\"inLanguage\":\"de\"},{\"@type\":\"Organization\",\"@id\":\"https:\\\/\\\/www.enzo-und-ferdinand.de\\\/#organization\",\"name\":\"enzo & Ferdinand\",\"url\":\"https:\\\/\\\/www.enzo-und-ferdinand.de\\\/\",\"logo\":{\"@type\":\"ImageObject\",\"inLanguage\":\"de\",\"@id\":\"https:\\\/\\\/www.enzo-und-ferdinand.de\\\/#\\\/schema\\\/logo\\\/image\\\/\",\"url\":\"https:\\\/\\\/www.enzo-und-ferdinand.de\\\/wp-content\\\/uploads\\\/2018\\\/12\\\/revvvs-icon.png\",\"contentUrl\":\"https:\\\/\\\/www.enzo-und-ferdinand.de\\\/wp-content\\\/uploads\\\/2018\\\/12\\\/revvvs-icon.png\",\"width\":512,\"height\":512,\"caption\":\"enzo & Ferdinand\"},\"image\":{\"@id\":\"https:\\\/\\\/www.enzo-und-ferdinand.de\\\/#\\\/schema\\\/logo\\\/image\\\/\"}},{\"@type\":\"Person\",\"@id\":\"https:\\\/\\\/www.enzo-und-ferdinand.de\\\/#\\\/schema\\\/person\\\/aff2eb9ff87705987c1b9d21fe10b095\",\"name\":\"Rainer Ro\u00dfbach\",\"image\":{\"@type\":\"ImageObject\",\"inLanguage\":\"de\",\"@id\":\"https:\\\/\\\/www.enzo-und-ferdinand.de\\\/wp-content\\\/uploads\\\/2026\\\/01\\\/Rainer-Rossbach-150x150.jpg\",\"url\":\"https:\\\/\\\/www.enzo-und-ferdinand.de\\\/wp-content\\\/uploads\\\/2026\\\/01\\\/Rainer-Rossbach-150x150.jpg\",\"contentUrl\":\"https:\\\/\\\/www.enzo-und-ferdinand.de\\\/wp-content\\\/uploads\\\/2026\\\/01\\\/Rainer-Rossbach-150x150.jpg\",\"caption\":\"Rainer Ro\u00dfbach\"},\"url\":\"https:\\\/\\\/www.enzo-und-ferdinand.de\\\/index.php\\\/author\\\/redaktion\\\/\"}]}<\/script>\n<!-- \/ Yoast SEO plugin. -->","yoast_head_json":{"title":"R.I.P. Peter Falk","description":"Rainer Ro\u00dfbach, Rainer Rossbach, enzo-und-ferdinand, enzo&ferdinand, Enzo, Peter Falk, Porsche Motorsport, Porsche Rennleiter, Porsche Ingenieur, Porsche 911 Motorsport, Porsche Le Mans Siege, Porsche Gruppe C, Porsche 917, Porsche 956 962, Porsche Technikgeschichte, Porsche Serienentwicklung, Porsche 993 Fahrwerk","robots":{"index":"index","follow":"follow","max-snippet":"max-snippet:-1","max-image-preview":"max-image-preview:large","max-video-preview":"max-video-preview:-1"},"canonical":"https:\/\/www.enzo-und-ferdinand.de\/index.php\/2026\/01\/26\/r-i-p-peter-falk\/","og_locale":"de_DE","og_type":"article","og_title":"R.I.P. Peter Falk","og_description":"Rainer Ro\u00dfbach, Rainer Rossbach, enzo-und-ferdinand, enzo&ferdinand, Enzo, Peter Falk, Porsche Motorsport, Porsche Rennleiter, Porsche Ingenieur, Porsche 911 Motorsport, Porsche Le Mans Siege, Porsche Gruppe C, Porsche 917, Porsche 956 962, Porsche Technikgeschichte, Porsche Serienentwicklung, Porsche 993 Fahrwerk","og_url":"https:\/\/www.enzo-und-ferdinand.de\/index.php\/2026\/01\/26\/r-i-p-peter-falk\/","og_site_name":"enzo &amp; Ferdinand","article_published_time":"2026-01-26T16:13:05+00:00","article_modified_time":"2026-01-26T16:14:57+00:00","og_image":[{"width":1500,"height":844,"url":"https:\/\/www.enzo-und-ferdinand.de\/wp-content\/uploads\/2026\/01\/Peter-Falk_12.jpg","type":"image\/jpeg"}],"author":"Rainer Ro\u00dfbach","twitter_card":"summary_large_image","twitter_misc":{"Verfasst von":"Rainer Ro\u00dfbach","Gesch\u00e4tzte Lesezeit":"1\u00a0Minute"},"schema":{"@context":"https:\/\/schema.org","@graph":[{"@type":"Article","@id":"https:\/\/www.enzo-und-ferdinand.de\/index.php\/2026\/01\/26\/r-i-p-peter-falk\/#article","isPartOf":{"@id":"https:\/\/www.enzo-und-ferdinand.de\/index.php\/2026\/01\/26\/r-i-p-peter-falk\/"},"author":{"name":"Rainer Ro\u00dfbach","@id":"https:\/\/www.enzo-und-ferdinand.de\/#\/schema\/person\/aff2eb9ff87705987c1b9d21fe10b095"},"headline":"R.I.P. Peter Falk","datePublished":"2026-01-26T16:13:05+00:00","dateModified":"2026-01-26T16:14:57+00:00","mainEntityOfPage":{"@id":"https:\/\/www.enzo-und-ferdinand.de\/index.php\/2026\/01\/26\/r-i-p-peter-falk\/"},"wordCount":251,"publisher":{"@id":"https:\/\/www.enzo-und-ferdinand.de\/#organization"},"image":{"@id":"https:\/\/www.enzo-und-ferdinand.de\/index.php\/2026\/01\/26\/r-i-p-peter-falk\/#primaryimage"},"thumbnailUrl":"https:\/\/www.enzo-und-ferdinand.de\/wp-content\/uploads\/2026\/01\/Peter-Falk_12.jpg","keywords":["Car Guys"],"articleSection":["Car Guys"],"inLanguage":"de"},{"@type":"WebPage","@id":"https:\/\/www.enzo-und-ferdinand.de\/index.php\/2026\/01\/26\/r-i-p-peter-falk\/","url":"https:\/\/www.enzo-und-ferdinand.de\/index.php\/2026\/01\/26\/r-i-p-peter-falk\/","name":"R.I.P. Peter Falk","isPartOf":{"@id":"https:\/\/www.enzo-und-ferdinand.de\/#website"},"primaryImageOfPage":{"@id":"https:\/\/www.enzo-und-ferdinand.de\/index.php\/2026\/01\/26\/r-i-p-peter-falk\/#primaryimage"},"image":{"@id":"https:\/\/www.enzo-und-ferdinand.de\/index.php\/2026\/01\/26\/r-i-p-peter-falk\/#primaryimage"},"thumbnailUrl":"https:\/\/www.enzo-und-ferdinand.de\/wp-content\/uploads\/2026\/01\/Peter-Falk_12.jpg","datePublished":"2026-01-26T16:13:05+00:00","dateModified":"2026-01-26T16:14:57+00:00","description":"Rainer Ro\u00dfbach, Rainer Rossbach, enzo-und-ferdinand, enzo&ferdinand, Enzo, Peter Falk, Porsche Motorsport, Porsche Rennleiter, Porsche Ingenieur, Porsche 911 Motorsport, Porsche Le Mans Siege, Porsche Gruppe C, Porsche 917, Porsche 956 962, Porsche Technikgeschichte, Porsche Serienentwicklung, Porsche 993 Fahrwerk","breadcrumb":{"@id":"https:\/\/www.enzo-und-ferdinand.de\/index.php\/2026\/01\/26\/r-i-p-peter-falk\/#breadcrumb"},"inLanguage":"de","potentialAction":[{"@type":"ReadAction","target":["https:\/\/www.enzo-und-ferdinand.de\/index.php\/2026\/01\/26\/r-i-p-peter-falk\/"]}]},{"@type":"ImageObject","inLanguage":"de","@id":"https:\/\/www.enzo-und-ferdinand.de\/index.php\/2026\/01\/26\/r-i-p-peter-falk\/#primaryimage","url":"https:\/\/www.enzo-und-ferdinand.de\/wp-content\/uploads\/2026\/01\/Peter-Falk_12.jpg","contentUrl":"https:\/\/www.enzo-und-ferdinand.de\/wp-content\/uploads\/2026\/01\/Peter-Falk_12.jpg","width":1500,"height":844,"caption":"Peter Falk"},{"@type":"BreadcrumbList","@id":"https:\/\/www.enzo-und-ferdinand.de\/index.php\/2026\/01\/26\/r-i-p-peter-falk\/#breadcrumb","itemListElement":[{"@type":"ListItem","position":1,"name":"Startseite","item":"https:\/\/www.enzo-und-ferdinand.de\/"},{"@type":"ListItem","position":2,"name":"R.I.P. Peter Falk"}]},{"@type":"WebSite","@id":"https:\/\/www.enzo-und-ferdinand.de\/#website","url":"https:\/\/www.enzo-und-ferdinand.de\/","name":"enzo & Ferdinand","description":"","publisher":{"@id":"https:\/\/www.enzo-und-ferdinand.de\/#organization"},"potentialAction":[{"@type":"SearchAction","target":{"@type":"EntryPoint","urlTemplate":"https:\/\/www.enzo-und-ferdinand.de\/?s={search_term_string}"},"query-input":{"@type":"PropertyValueSpecification","valueRequired":true,"valueName":"search_term_string"}}],"inLanguage":"de"},{"@type":"Organization","@id":"https:\/\/www.enzo-und-ferdinand.de\/#organization","name":"enzo & Ferdinand","url":"https:\/\/www.enzo-und-ferdinand.de\/","logo":{"@type":"ImageObject","inLanguage":"de","@id":"https:\/\/www.enzo-und-ferdinand.de\/#\/schema\/logo\/image\/","url":"https:\/\/www.enzo-und-ferdinand.de\/wp-content\/uploads\/2018\/12\/revvvs-icon.png","contentUrl":"https:\/\/www.enzo-und-ferdinand.de\/wp-content\/uploads\/2018\/12\/revvvs-icon.png","width":512,"height":512,"caption":"enzo & Ferdinand"},"image":{"@id":"https:\/\/www.enzo-und-ferdinand.de\/#\/schema\/logo\/image\/"}},{"@type":"Person","@id":"https:\/\/www.enzo-und-ferdinand.de\/#\/schema\/person\/aff2eb9ff87705987c1b9d21fe10b095","name":"Rainer Ro\u00dfbach","image":{"@type":"ImageObject","inLanguage":"de","@id":"https:\/\/www.enzo-und-ferdinand.de\/wp-content\/uploads\/2026\/01\/Rainer-Rossbach-150x150.jpg","url":"https:\/\/www.enzo-und-ferdinand.de\/wp-content\/uploads\/2026\/01\/Rainer-Rossbach-150x150.jpg","contentUrl":"https:\/\/www.enzo-und-ferdinand.de\/wp-content\/uploads\/2026\/01\/Rainer-Rossbach-150x150.jpg","caption":"Rainer Ro\u00dfbach"},"url":"https:\/\/www.enzo-und-ferdinand.de\/index.php\/author\/redaktion\/"}]}},"_links":{"self":[{"href":"https:\/\/www.enzo-und-ferdinand.de\/index.php\/wp-json\/wp\/v2\/posts\/22293","targetHints":{"allow":["GET"]}}],"collection":[{"href":"https:\/\/www.enzo-und-ferdinand.de\/index.php\/wp-json\/wp\/v2\/posts"}],"about":[{"href":"https:\/\/www.enzo-und-ferdinand.de\/index.php\/wp-json\/wp\/v2\/types\/post"}],"author":[{"embeddable":true,"href":"https:\/\/www.enzo-und-ferdinand.de\/index.php\/wp-json\/wp\/v2\/users\/1"}],"replies":[{"embeddable":true,"href":"https:\/\/www.enzo-und-ferdinand.de\/index.php\/wp-json\/wp\/v2\/comments?post=22293"}],"version-history":[{"count":2,"href":"https:\/\/www.enzo-und-ferdinand.de\/index.php\/wp-json\/wp\/v2\/posts\/22293\/revisions"}],"predecessor-version":[{"id":22295,"href":"https:\/\/www.enzo-und-ferdinand.de\/index.php\/wp-json\/wp\/v2\/posts\/22293\/revisions\/22295"}],"wp:featuredmedia":[{"embeddable":true,"href":"https:\/\/www.enzo-und-ferdinand.de\/index.php\/wp-json\/wp\/v2\/media\/22290"}],"wp:attachment":[{"href":"https:\/\/www.enzo-und-ferdinand.de\/index.php\/wp-json\/wp\/v2\/media?parent=22293"}],"wp:term":[{"taxonomy":"category","embeddable":true,"href":"https:\/\/www.enzo-und-ferdinand.de\/index.php\/wp-json\/wp\/v2\/categories?post=22293"},{"taxonomy":"post_tag","embeddable":true,"href":"https:\/\/www.enzo-und-ferdinand.de\/index.php\/wp-json\/wp\/v2\/tags?post=22293"}],"curies":[{"name":"wp","href":"https:\/\/api.w.org\/{rel}","templated":true}]}}