{"id":24180,"date":"2026-08-31T07:05:09","date_gmt":"2026-08-31T05:05:09","guid":{"rendered":"https:\/\/www.enzo-und-ferdinand.de\/?p=24180"},"modified":"2026-08-31T07:05:10","modified_gmt":"2026-08-31T05:05:10","slug":"acura-nexera-vision","status":"publish","type":"post","link":"https:\/\/www.enzo-und-ferdinand.de\/index.php\/2026\/08\/31\/acura-nexera-vision\/","title":{"rendered":"Acura \u201eNexera Vision\u201c"},"content":{"rendered":"\n<figure class=\"wp-block-image size-large\"><img loading=\"lazy\" decoding=\"async\" width=\"810\" height=\"531\" src=\"https:\/\/www.enzo-und-ferdinand.de\/wp-content\/uploads\/2026\/08\/2026-Acura-Nexera-Vision-Concept-03-810x531.jpg\" alt=\"2026 Acura Nexera Vision Concept\" class=\"wp-image-24175\" srcset=\"https:\/\/www.enzo-und-ferdinand.de\/wp-content\/uploads\/2026\/08\/2026-Acura-Nexera-Vision-Concept-03-810x531.jpg 810w, https:\/\/www.enzo-und-ferdinand.de\/wp-content\/uploads\/2026\/08\/2026-Acura-Nexera-Vision-Concept-03-300x197.jpg 300w, https:\/\/www.enzo-und-ferdinand.de\/wp-content\/uploads\/2026\/08\/2026-Acura-Nexera-Vision-Concept-03-768x504.jpg 768w, https:\/\/www.enzo-und-ferdinand.de\/wp-content\/uploads\/2026\/08\/2026-Acura-Nexera-Vision-Concept-03-120x80.jpg 120w, https:\/\/www.enzo-und-ferdinand.de\/wp-content\/uploads\/2026\/08\/2026-Acura-Nexera-Vision-Concept-03.jpg 1500w\" sizes=\"auto, (max-width: 810px) 100vw, 810px\" \/><\/figure>\n\n\n\n<p class=\"wp-block-paragraph\">Die\u00a0 Design- und Technologiestudie ist auf maximale visuelle und technische Wirkung ausgelegt. Acura kombiniert bei dem Sportwagenkonzept eine breite, kraftvolle Karosserie mit einem langen Dash-to-Axle-Verh\u00e4ltnis und einer flie\u00dfenden, als \u201eOne-Motion Cabin\u201c beschriebenen Kabinenform. Die Karosserie tr\u00e4gt den Farbton Matte Titanium, dessen metallische Tiefe die skulptural ausgeformten Fl\u00e4chen zus\u00e4tzlich betont.\u00a0Technisch setzt Acura bei der \u201eNexera Vision\u201c auf aktive Aerodynamik. Ein beweglicher Heckspoiler beeinflusst die Luftstr\u00f6mung \u00fcber dem hinteren Deckel. Nach Angaben von Acura dient das System dazu, die aerodynamische Effizienz, die Stabilit\u00e4t bei hohen Geschwindigkeiten und die Bremsleistung zu verbessern. <\/p>\n\n\n\n<p class=\"wp-block-paragraph\">Erg\u00e4nzt wird das Konzept durch eine Aero-Channel-Front, einen Heckdiffusor und Seitenschweller aus geschmiedetem Carbon. Auch die inneren T\u00fcrstrukturen und weitere Performance-Komponenten verwenden das leichte Verbundmaterial. Einen besonderen Akzent setzen die 22-Zoll-Zentralverschlussr\u00e4der. Sie sind eine Premiere f\u00fcr Acura und besitzen ein dreidimensionales, richtungsgebundenes Design mit matt eloxierter Oberfl\u00e4che und Eins\u00e4tzen aus geschmiedetem Carbon. Dahinter sitzen Carbon-Keramik-Bremsen von Brembo, die den Hochleistungsanspruch des Konzeptfahrzeugs unterstreichen.\u00a0<\/p>\n\n\n\n<figure class=\"wp-block-image size-large\"><img loading=\"lazy\" decoding=\"async\" width=\"810\" height=\"541\" src=\"https:\/\/www.enzo-und-ferdinand.de\/wp-content\/uploads\/2026\/08\/2026-Acura-Nexera-Vision-Concept-04-810x541.jpg\" alt=\"2026 Acura Nexera Vision Concept\" class=\"wp-image-24176\" srcset=\"https:\/\/www.enzo-und-ferdinand.de\/wp-content\/uploads\/2026\/08\/2026-Acura-Nexera-Vision-Concept-04-810x541.jpg 810w, https:\/\/www.enzo-und-ferdinand.de\/wp-content\/uploads\/2026\/08\/2026-Acura-Nexera-Vision-Concept-04-300x200.jpg 300w, https:\/\/www.enzo-und-ferdinand.de\/wp-content\/uploads\/2026\/08\/2026-Acura-Nexera-Vision-Concept-04-768x513.jpg 768w, https:\/\/www.enzo-und-ferdinand.de\/wp-content\/uploads\/2026\/08\/2026-Acura-Nexera-Vision-Concept-04-120x80.jpg 120w, https:\/\/www.enzo-und-ferdinand.de\/wp-content\/uploads\/2026\/08\/2026-Acura-Nexera-Vision-Concept-04.jpg 1500w\" sizes=\"auto, (max-width: 810px) 100vw, 810px\" \/><\/figure>\n\n\n\n<p class=\"wp-block-paragraph\">Einen eigenst\u00e4ndigen technischen und gestalterischen Schwerpunkt bildet die neue Acura-Lichtsignatur. Die extrem schmalen Scheinwerfer und R\u00fcckleuchten sind von dem \u201eA\u201c-Markenzeichen der Marke inspiriert. Bei der sogenannten \u201ePhantom Lighting\u201c-Technik bleiben die Leuchtelemente hinter der Karosserie verborgen und werden erst bei Aktivierung sichtbar. Dadurch soll die skulpturale Wirkung der Karosseriefl\u00e4chen erhalten bleiben. Acura k\u00fcndigt an, diese neue Lichtsignatur k\u00fcnftig auch bei Serienfahrzeugen einzusetzen. Den Anfang soll die n\u00e4chste Generation des Acura RDX Hybrid machen.&nbsp;<\/p>\n\n\n\n<p class=\"wp-block-paragraph\">F\u00fcr den Einstieg in das Fahrzeug setzt die \u201eNexera Vision\u201c auf dramatische Doppelscharnier-Fl\u00fcgelt\u00fcren. Sie sind Bestandteil des Gesamtkonzepts und sollen die Performance-Ausrichtung bereits beim \u00d6ffnen des Fahrzeugs sichtbar machen. Im Innenraum verfolgt Acura einen konsequent fahrerorientierten Ansatz. Die fest im Fahrzeugboden integrierten Vordersitze reduzieren die Sitzh\u00f6he und schaffen eine besonders tiefe Fahrerposition. Lenkrad und Pedale lassen sich an den Fahrer anpassen. Das Cockpit verbindet eine pr\u00e4zise Anordnung mit einem reduzierten Umfeld, das Ablenkungen minimieren und den Fokus auf das Fahrerlebnis lenken soll. Bei den Materialien kombiniert Acura Schwarz und Wei\u00df mit geschmiedetem Carbon, gl\u00e4nzend schwarzen Oberfl\u00e4chen und pinkfarbenen Akzenten. Gleichzeitig setzt die Marke auf nachhaltigere Materialien. Dazu geh\u00f6ren recyceltes Aluminium, Alcantara mit zertifiziertem Post-Consumer-Recycling-Polyester und CircuLeather. Das verwendete Echtleder wurde mit Blick auf einen st\u00e4rker kreislauforientierten Materiallebenszyklus entwickelt.&nbsp;<\/p>\n\n\n\n<p class=\"wp-block-paragraph\">Die Acura \u201eNexera Vision\u201c verbindet Design, Aerodynamik, Leichtbau und Materialtechnologie zu einem Ausblick auf die k\u00fcnftige Gestaltung der Marke. Im Mittelpunkt stehen dabei nicht allein spektakul\u00e4re Formen, sondern konkrete technische L\u00f6sungen wie aktive Aerodynamik, Carbon-Keramik-Bremsen, Zentralverschlussr\u00e4der und eine neue Lichtarchitektur.<\/p>\n\n\n\n<figure class=\"wp-block-gallery has-nested-images columns-default is-cropped wp-block-gallery-1 is-layout-flex wp-block-gallery-is-layout-flex\">\n<figure class=\"wp-block-image size-large\"><img loading=\"lazy\" decoding=\"async\" width=\"810\" height=\"540\" data-id=\"24179\" src=\"https:\/\/www.enzo-und-ferdinand.de\/wp-content\/uploads\/2026\/08\/2026-Acura-Nexera-Vision-Concept-Interior-02-810x540.jpg\" alt=\"2026 Acura Nexera Vision Concept\" class=\"wp-image-24179\" srcset=\"https:\/\/www.enzo-und-ferdinand.de\/wp-content\/uploads\/2026\/08\/2026-Acura-Nexera-Vision-Concept-Interior-02-810x540.jpg 810w, https:\/\/www.enzo-und-ferdinand.de\/wp-content\/uploads\/2026\/08\/2026-Acura-Nexera-Vision-Concept-Interior-02-300x200.jpg 300w, https:\/\/www.enzo-und-ferdinand.de\/wp-content\/uploads\/2026\/08\/2026-Acura-Nexera-Vision-Concept-Interior-02-768x512.jpg 768w, https:\/\/www.enzo-und-ferdinand.de\/wp-content\/uploads\/2026\/08\/2026-Acura-Nexera-Vision-Concept-Interior-02-120x80.jpg 120w, https:\/\/www.enzo-und-ferdinand.de\/wp-content\/uploads\/2026\/08\/2026-Acura-Nexera-Vision-Concept-Interior-02.jpg 1500w\" sizes=\"auto, (max-width: 810px) 100vw, 810px\" \/><\/figure>\n\n\n\n<figure class=\"wp-block-image size-large\"><img loading=\"lazy\" decoding=\"async\" width=\"810\" height=\"540\" data-id=\"24178\" src=\"https:\/\/www.enzo-und-ferdinand.de\/wp-content\/uploads\/2026\/08\/2026-Acura-Nexera-Vision-Concept-Interior-01-810x540.jpg\" alt=\"2026 Acura Nexera Vision Concept\" class=\"wp-image-24178\" srcset=\"https:\/\/www.enzo-und-ferdinand.de\/wp-content\/uploads\/2026\/08\/2026-Acura-Nexera-Vision-Concept-Interior-01-810x540.jpg 810w, https:\/\/www.enzo-und-ferdinand.de\/wp-content\/uploads\/2026\/08\/2026-Acura-Nexera-Vision-Concept-Interior-01-300x200.jpg 300w, https:\/\/www.enzo-und-ferdinand.de\/wp-content\/uploads\/2026\/08\/2026-Acura-Nexera-Vision-Concept-Interior-01-768x512.jpg 768w, https:\/\/www.enzo-und-ferdinand.de\/wp-content\/uploads\/2026\/08\/2026-Acura-Nexera-Vision-Concept-Interior-01-120x80.jpg 120w, https:\/\/www.enzo-und-ferdinand.de\/wp-content\/uploads\/2026\/08\/2026-Acura-Nexera-Vision-Concept-Interior-01.jpg 1500w\" sizes=\"auto, (max-width: 810px) 100vw, 810px\" \/><\/figure>\n<\/figure>\n\n\n\n<p class=\"has-text-align-right wp-block-paragraph\">Fotos: Acura\/Text: Rainer Ro\u00dfbach<\/p>\n","protected":false},"excerpt":{"rendered":"<p>Die\u00a0 Design- und Technologiestudie ist auf maximale visuelle und technische Wirkung ausgelegt. Acura kombiniert bei dem Sportwagenkonzept eine breite, kraftvolle Karosserie mit einem langen Dash-to-Axle-Verh\u00e4ltnis und einer flie\u00dfenden, als \u201eOne-Motion Cabin\u201c beschriebenen Kabinenform. Die Karosserie tr\u00e4gt den Farbton Matte Titanium, dessen metallische Tiefe die skulptural ausgeformten Fl\u00e4chen zus\u00e4tzlich betont.\u00a0Technisch setzt Acura bei der \u201eNexera Vision\u201c auf aktive Aerodynamik. Ein beweglicher Heckspoiler beeinflusst die Luftstr\u00f6mung \u00fcber dem hinteren Deckel. Nach Angaben von Acura dient das System dazu, die aerodynamische Effizienz, die Stabilit\u00e4t bei hohen Geschwindigkeiten und die Bremsleistung zu verbessern.<\/p>\n","protected":false},"author":1,"featured_media":24177,"comment_status":"closed","ping_status":"open","sticky":false,"template":"","format":"standard","meta":{"ngg_post_thumbnail":0,"footnotes":""},"categories":[1586,4,586],"tags":[1601,247],"class_list":["post-24180","post","type-post","status-publish","format-standard","has-post-thumbnail","hentry","category-design","category-studien","category-technologie","tag-acura","tag-honda"],"yoast_head":"<!-- This site is optimized with the Yoast SEO plugin v28.3 - https:\/\/yoast.com\/product\/yoast-seo-wordpress\/ -->\n<title>Acura NEXERA Vision: Sportwagen mit Technik der n\u00e4chsten Generation<\/title>\n<meta name=\"description\" content=\"Das Sportwagen-Konzept verbindet eine breite Karosserie, aktive Aerodynamik, 22-Zoll-Zentralverschlussr\u00e4der mit Carbon-Keramik-Brembo-Bremsen, eine neue Lichtsignatur und ein konsequent fahrerorientiertes Cockpit.\" \/>\n<meta name=\"robots\" content=\"index, follow, max-snippet:-1, max-image-preview:large, max-video-preview:-1\" \/>\n<link rel=\"canonical\" href=\"https:\/\/www.enzo-und-ferdinand.de\/index.php\/2026\/08\/31\/acura-nexera-vision\/\" \/>\n<meta property=\"og:locale\" content=\"de_DE\" \/>\n<meta property=\"og:type\" content=\"article\" \/>\n<meta property=\"og:title\" content=\"Acura NEXERA Vision: Sportwagen mit Technik der n\u00e4chsten Generation\" \/>\n<meta property=\"og:description\" content=\"Das Sportwagen-Konzept verbindet eine breite Karosserie, aktive Aerodynamik, 22-Zoll-Zentralverschlussr\u00e4der mit Carbon-Keramik-Brembo-Bremsen, eine neue Lichtsignatur und ein konsequent fahrerorientiertes Cockpit.\" \/>\n<meta property=\"og:url\" content=\"https:\/\/www.enzo-und-ferdinand.de\/index.php\/2026\/08\/31\/acura-nexera-vision\/\" \/>\n<meta property=\"og:site_name\" content=\"enzo &amp; Ferdinand\" \/>\n<meta property=\"article:published_time\" content=\"2026-08-31T05:05:09+00:00\" \/>\n<meta property=\"article:modified_time\" content=\"2026-08-31T05:05:10+00:00\" \/>\n<meta property=\"og:image\" content=\"https:\/\/www.enzo-und-ferdinand.de\/wp-content\/uploads\/2026\/08\/2026-Acura-Nexera-Vision-Concept-06.jpg\" \/>\n\t<meta property=\"og:image:width\" content=\"1500\" \/>\n\t<meta property=\"og:image:height\" content=\"1001\" \/>\n\t<meta property=\"og:image:type\" content=\"image\/jpeg\" \/>\n<meta name=\"author\" content=\"Rainer Ro\u00dfbach\" \/>\n<meta name=\"twitter:card\" content=\"summary_large_image\" \/>\n<meta name=\"twitter:label1\" content=\"Verfasst von\" \/>\n\t<meta name=\"twitter:data1\" content=\"Rainer Ro\u00dfbach\" \/>\n\t<meta name=\"twitter:label2\" content=\"Gesch\u00e4tzte Lesezeit\" \/>\n\t<meta name=\"twitter:data2\" content=\"4\u00a0Minuten\" \/>\n<script type=\"application\/ld+json\" class=\"yoast-schema-graph\">{\"@context\":\"https:\\\/\\\/schema.org\",\"@graph\":[{\"@type\":\"Article\",\"@id\":\"https:\\\/\\\/www.enzo-und-ferdinand.de\\\/index.php\\\/2026\\\/08\\\/31\\\/acura-nexera-vision\\\/#article\",\"isPartOf\":{\"@id\":\"https:\\\/\\\/www.enzo-und-ferdinand.de\\\/index.php\\\/2026\\\/08\\\/31\\\/acura-nexera-vision\\\/\"},\"author\":{\"name\":\"Rainer Ro\u00dfbach\",\"@id\":\"https:\\\/\\\/www.enzo-und-ferdinand.de\\\/#\\\/schema\\\/person\\\/aff2eb9ff87705987c1b9d21fe10b095\"},\"headline\":\"Acura \u201eNexera Vision\u201c\",\"datePublished\":\"2026-08-31T05:05:09+00:00\",\"dateModified\":\"2026-08-31T05:05:10+00:00\",\"mainEntityOfPage\":{\"@id\":\"https:\\\/\\\/www.enzo-und-ferdinand.de\\\/index.php\\\/2026\\\/08\\\/31\\\/acura-nexera-vision\\\/\"},\"wordCount\":438,\"publisher\":{\"@id\":\"https:\\\/\\\/www.enzo-und-ferdinand.de\\\/#organization\"},\"image\":{\"@id\":\"https:\\\/\\\/www.enzo-und-ferdinand.de\\\/index.php\\\/2026\\\/08\\\/31\\\/acura-nexera-vision\\\/#primaryimage\"},\"thumbnailUrl\":\"https:\\\/\\\/www.enzo-und-ferdinand.de\\\/wp-content\\\/uploads\\\/2026\\\/08\\\/2026-Acura-Nexera-Vision-Concept-06.jpg\",\"keywords\":[\"Acura\",\"Honda\"],\"articleSection\":[\"Design\",\"Studien\",\"Technologie\"],\"inLanguage\":\"de\"},{\"@type\":\"WebPage\",\"@id\":\"https:\\\/\\\/www.enzo-und-ferdinand.de\\\/index.php\\\/2026\\\/08\\\/31\\\/acura-nexera-vision\\\/\",\"url\":\"https:\\\/\\\/www.enzo-und-ferdinand.de\\\/index.php\\\/2026\\\/08\\\/31\\\/acura-nexera-vision\\\/\",\"name\":\"Acura NEXERA Vision: Sportwagen mit Technik der n\u00e4chsten Generation\",\"isPartOf\":{\"@id\":\"https:\\\/\\\/www.enzo-und-ferdinand.de\\\/#website\"},\"primaryImageOfPage\":{\"@id\":\"https:\\\/\\\/www.enzo-und-ferdinand.de\\\/index.php\\\/2026\\\/08\\\/31\\\/acura-nexera-vision\\\/#primaryimage\"},\"image\":{\"@id\":\"https:\\\/\\\/www.enzo-und-ferdinand.de\\\/index.php\\\/2026\\\/08\\\/31\\\/acura-nexera-vision\\\/#primaryimage\"},\"thumbnailUrl\":\"https:\\\/\\\/www.enzo-und-ferdinand.de\\\/wp-content\\\/uploads\\\/2026\\\/08\\\/2026-Acura-Nexera-Vision-Concept-06.jpg\",\"datePublished\":\"2026-08-31T05:05:09+00:00\",\"dateModified\":\"2026-08-31T05:05:10+00:00\",\"description\":\"Das Sportwagen-Konzept verbindet eine breite Karosserie, aktive Aerodynamik, 22-Zoll-Zentralverschlussr\u00e4der mit Carbon-Keramik-Brembo-Bremsen, eine neue Lichtsignatur und ein konsequent fahrerorientiertes Cockpit.\",\"breadcrumb\":{\"@id\":\"https:\\\/\\\/www.enzo-und-ferdinand.de\\\/index.php\\\/2026\\\/08\\\/31\\\/acura-nexera-vision\\\/#breadcrumb\"},\"inLanguage\":\"de\",\"potentialAction\":[{\"@type\":\"ReadAction\",\"target\":[\"https:\\\/\\\/www.enzo-und-ferdinand.de\\\/index.php\\\/2026\\\/08\\\/31\\\/acura-nexera-vision\\\/\"]}]},{\"@type\":\"ImageObject\",\"inLanguage\":\"de\",\"@id\":\"https:\\\/\\\/www.enzo-und-ferdinand.de\\\/index.php\\\/2026\\\/08\\\/31\\\/acura-nexera-vision\\\/#primaryimage\",\"url\":\"https:\\\/\\\/www.enzo-und-ferdinand.de\\\/wp-content\\\/uploads\\\/2026\\\/08\\\/2026-Acura-Nexera-Vision-Concept-06.jpg\",\"contentUrl\":\"https:\\\/\\\/www.enzo-und-ferdinand.de\\\/wp-content\\\/uploads\\\/2026\\\/08\\\/2026-Acura-Nexera-Vision-Concept-06.jpg\",\"width\":1500,\"height\":1001,\"caption\":\"2026 Acura Nexera Vision Concept\"},{\"@type\":\"BreadcrumbList\",\"@id\":\"https:\\\/\\\/www.enzo-und-ferdinand.de\\\/index.php\\\/2026\\\/08\\\/31\\\/acura-nexera-vision\\\/#breadcrumb\",\"itemListElement\":[{\"@type\":\"ListItem\",\"position\":1,\"name\":\"Startseite\",\"item\":\"https:\\\/\\\/www.enzo-und-ferdinand.de\\\/\"},{\"@type\":\"ListItem\",\"position\":2,\"name\":\"Acura \u201eNexera Vision\u201c\"}]},{\"@type\":\"WebSite\",\"@id\":\"https:\\\/\\\/www.enzo-und-ferdinand.de\\\/#website\",\"url\":\"https:\\\/\\\/www.enzo-und-ferdinand.de\\\/\",\"name\":\"enzo & Ferdinand\",\"description\":\"\",\"publisher\":{\"@id\":\"https:\\\/\\\/www.enzo-und-ferdinand.de\\\/#organization\"},\"potentialAction\":[{\"@type\":\"SearchAction\",\"target\":{\"@type\":\"EntryPoint\",\"urlTemplate\":\"https:\\\/\\\/www.enzo-und-ferdinand.de\\\/?s={search_term_string}\"},\"query-input\":{\"@type\":\"PropertyValueSpecification\",\"valueRequired\":true,\"valueName\":\"search_term_string\"}}],\"inLanguage\":\"de\"},{\"@type\":\"Organization\",\"@id\":\"https:\\\/\\\/www.enzo-und-ferdinand.de\\\/#organization\",\"name\":\"enzo & Ferdinand\",\"url\":\"https:\\\/\\\/www.enzo-und-ferdinand.de\\\/\",\"logo\":{\"@type\":\"ImageObject\",\"inLanguage\":\"de\",\"@id\":\"https:\\\/\\\/www.enzo-und-ferdinand.de\\\/#\\\/schema\\\/logo\\\/image\\\/\",\"url\":\"https:\\\/\\\/www.enzo-und-ferdinand.de\\\/wp-content\\\/uploads\\\/2018\\\/12\\\/revvvs-icon.png\",\"contentUrl\":\"https:\\\/\\\/www.enzo-und-ferdinand.de\\\/wp-content\\\/uploads\\\/2018\\\/12\\\/revvvs-icon.png\",\"width\":512,\"height\":512,\"caption\":\"enzo & Ferdinand\"},\"image\":{\"@id\":\"https:\\\/\\\/www.enzo-und-ferdinand.de\\\/#\\\/schema\\\/logo\\\/image\\\/\"}},{\"@type\":\"Person\",\"@id\":\"https:\\\/\\\/www.enzo-und-ferdinand.de\\\/#\\\/schema\\\/person\\\/aff2eb9ff87705987c1b9d21fe10b095\",\"name\":\"Rainer Ro\u00dfbach\",\"image\":{\"@type\":\"ImageObject\",\"inLanguage\":\"de\",\"@id\":\"https:\\\/\\\/www.enzo-und-ferdinand.de\\\/wp-content\\\/uploads\\\/2026\\\/07\\\/selbstportraet.jpg-150x150.png\",\"url\":\"https:\\\/\\\/www.enzo-und-ferdinand.de\\\/wp-content\\\/uploads\\\/2026\\\/07\\\/selbstportraet.jpg-150x150.png\",\"contentUrl\":\"https:\\\/\\\/www.enzo-und-ferdinand.de\\\/wp-content\\\/uploads\\\/2026\\\/07\\\/selbstportraet.jpg-150x150.png\",\"caption\":\"Rainer Ro\u00dfbach\"},\"url\":\"https:\\\/\\\/www.enzo-und-ferdinand.de\\\/index.php\\\/author\\\/redaktion\\\/\"}]}<\/script>\n<!-- \/ Yoast SEO plugin. -->","yoast_head_json":{"title":"Acura NEXERA Vision: Sportwagen mit Technik der n\u00e4chsten Generation","description":"Das Sportwagen-Konzept verbindet eine breite Karosserie, aktive Aerodynamik, 22-Zoll-Zentralverschlussr\u00e4der mit Carbon-Keramik-Brembo-Bremsen, eine neue Lichtsignatur und ein konsequent fahrerorientiertes Cockpit.","robots":{"index":"index","follow":"follow","max-snippet":"max-snippet:-1","max-image-preview":"max-image-preview:large","max-video-preview":"max-video-preview:-1"},"canonical":"https:\/\/www.enzo-und-ferdinand.de\/index.php\/2026\/08\/31\/acura-nexera-vision\/","og_locale":"de_DE","og_type":"article","og_title":"Acura NEXERA Vision: Sportwagen mit Technik der n\u00e4chsten Generation","og_description":"Das Sportwagen-Konzept verbindet eine breite Karosserie, aktive Aerodynamik, 22-Zoll-Zentralverschlussr\u00e4der mit Carbon-Keramik-Brembo-Bremsen, eine neue Lichtsignatur und ein konsequent fahrerorientiertes Cockpit.","og_url":"https:\/\/www.enzo-und-ferdinand.de\/index.php\/2026\/08\/31\/acura-nexera-vision\/","og_site_name":"enzo &amp; Ferdinand","article_published_time":"2026-08-31T05:05:09+00:00","article_modified_time":"2026-08-31T05:05:10+00:00","og_image":[{"width":1500,"height":1001,"url":"https:\/\/www.enzo-und-ferdinand.de\/wp-content\/uploads\/2026\/08\/2026-Acura-Nexera-Vision-Concept-06.jpg","type":"image\/jpeg"}],"author":"Rainer Ro\u00dfbach","twitter_card":"summary_large_image","twitter_misc":{"Verfasst von":"Rainer Ro\u00dfbach","Gesch\u00e4tzte Lesezeit":"4\u00a0Minuten"},"schema":{"@context":"https:\/\/schema.org","@graph":[{"@type":"Article","@id":"https:\/\/www.enzo-und-ferdinand.de\/index.php\/2026\/08\/31\/acura-nexera-vision\/#article","isPartOf":{"@id":"https:\/\/www.enzo-und-ferdinand.de\/index.php\/2026\/08\/31\/acura-nexera-vision\/"},"author":{"name":"Rainer Ro\u00dfbach","@id":"https:\/\/www.enzo-und-ferdinand.de\/#\/schema\/person\/aff2eb9ff87705987c1b9d21fe10b095"},"headline":"Acura \u201eNexera Vision\u201c","datePublished":"2026-08-31T05:05:09+00:00","dateModified":"2026-08-31T05:05:10+00:00","mainEntityOfPage":{"@id":"https:\/\/www.enzo-und-ferdinand.de\/index.php\/2026\/08\/31\/acura-nexera-vision\/"},"wordCount":438,"publisher":{"@id":"https:\/\/www.enzo-und-ferdinand.de\/#organization"},"image":{"@id":"https:\/\/www.enzo-und-ferdinand.de\/index.php\/2026\/08\/31\/acura-nexera-vision\/#primaryimage"},"thumbnailUrl":"https:\/\/www.enzo-und-ferdinand.de\/wp-content\/uploads\/2026\/08\/2026-Acura-Nexera-Vision-Concept-06.jpg","keywords":["Acura","Honda"],"articleSection":["Design","Studien","Technologie"],"inLanguage":"de"},{"@type":"WebPage","@id":"https:\/\/www.enzo-und-ferdinand.de\/index.php\/2026\/08\/31\/acura-nexera-vision\/","url":"https:\/\/www.enzo-und-ferdinand.de\/index.php\/2026\/08\/31\/acura-nexera-vision\/","name":"Acura NEXERA Vision: Sportwagen mit Technik der n\u00e4chsten Generation","isPartOf":{"@id":"https:\/\/www.enzo-und-ferdinand.de\/#website"},"primaryImageOfPage":{"@id":"https:\/\/www.enzo-und-ferdinand.de\/index.php\/2026\/08\/31\/acura-nexera-vision\/#primaryimage"},"image":{"@id":"https:\/\/www.enzo-und-ferdinand.de\/index.php\/2026\/08\/31\/acura-nexera-vision\/#primaryimage"},"thumbnailUrl":"https:\/\/www.enzo-und-ferdinand.de\/wp-content\/uploads\/2026\/08\/2026-Acura-Nexera-Vision-Concept-06.jpg","datePublished":"2026-08-31T05:05:09+00:00","dateModified":"2026-08-31T05:05:10+00:00","description":"Das Sportwagen-Konzept verbindet eine breite Karosserie, aktive Aerodynamik, 22-Zoll-Zentralverschlussr\u00e4der mit Carbon-Keramik-Brembo-Bremsen, eine neue Lichtsignatur und ein konsequent fahrerorientiertes Cockpit.","breadcrumb":{"@id":"https:\/\/www.enzo-und-ferdinand.de\/index.php\/2026\/08\/31\/acura-nexera-vision\/#breadcrumb"},"inLanguage":"de","potentialAction":[{"@type":"ReadAction","target":["https:\/\/www.enzo-und-ferdinand.de\/index.php\/2026\/08\/31\/acura-nexera-vision\/"]}]},{"@type":"ImageObject","inLanguage":"de","@id":"https:\/\/www.enzo-und-ferdinand.de\/index.php\/2026\/08\/31\/acura-nexera-vision\/#primaryimage","url":"https:\/\/www.enzo-und-ferdinand.de\/wp-content\/uploads\/2026\/08\/2026-Acura-Nexera-Vision-Concept-06.jpg","contentUrl":"https:\/\/www.enzo-und-ferdinand.de\/wp-content\/uploads\/2026\/08\/2026-Acura-Nexera-Vision-Concept-06.jpg","width":1500,"height":1001,"caption":"2026 Acura Nexera Vision Concept"},{"@type":"BreadcrumbList","@id":"https:\/\/www.enzo-und-ferdinand.de\/index.php\/2026\/08\/31\/acura-nexera-vision\/#breadcrumb","itemListElement":[{"@type":"ListItem","position":1,"name":"Startseite","item":"https:\/\/www.enzo-und-ferdinand.de\/"},{"@type":"ListItem","position":2,"name":"Acura \u201eNexera Vision\u201c"}]},{"@type":"WebSite","@id":"https:\/\/www.enzo-und-ferdinand.de\/#website","url":"https:\/\/www.enzo-und-ferdinand.de\/","name":"enzo & Ferdinand","description":"","publisher":{"@id":"https:\/\/www.enzo-und-ferdinand.de\/#organization"},"potentialAction":[{"@type":"SearchAction","target":{"@type":"EntryPoint","urlTemplate":"https:\/\/www.enzo-und-ferdinand.de\/?s={search_term_string}"},"query-input":{"@type":"PropertyValueSpecification","valueRequired":true,"valueName":"search_term_string"}}],"inLanguage":"de"},{"@type":"Organization","@id":"https:\/\/www.enzo-und-ferdinand.de\/#organization","name":"enzo & Ferdinand","url":"https:\/\/www.enzo-und-ferdinand.de\/","logo":{"@type":"ImageObject","inLanguage":"de","@id":"https:\/\/www.enzo-und-ferdinand.de\/#\/schema\/logo\/image\/","url":"https:\/\/www.enzo-und-ferdinand.de\/wp-content\/uploads\/2018\/12\/revvvs-icon.png","contentUrl":"https:\/\/www.enzo-und-ferdinand.de\/wp-content\/uploads\/2018\/12\/revvvs-icon.png","width":512,"height":512,"caption":"enzo & Ferdinand"},"image":{"@id":"https:\/\/www.enzo-und-ferdinand.de\/#\/schema\/logo\/image\/"}},{"@type":"Person","@id":"https:\/\/www.enzo-und-ferdinand.de\/#\/schema\/person\/aff2eb9ff87705987c1b9d21fe10b095","name":"Rainer Ro\u00dfbach","image":{"@type":"ImageObject","inLanguage":"de","@id":"https:\/\/www.enzo-und-ferdinand.de\/wp-content\/uploads\/2026\/07\/selbstportraet.jpg-150x150.png","url":"https:\/\/www.enzo-und-ferdinand.de\/wp-content\/uploads\/2026\/07\/selbstportraet.jpg-150x150.png","contentUrl":"https:\/\/www.enzo-und-ferdinand.de\/wp-content\/uploads\/2026\/07\/selbstportraet.jpg-150x150.png","caption":"Rainer Ro\u00dfbach"},"url":"https:\/\/www.enzo-und-ferdinand.de\/index.php\/author\/redaktion\/"}]}},"_links":{"self":[{"href":"https:\/\/www.enzo-und-ferdinand.de\/index.php\/wp-json\/wp\/v2\/posts\/24180","targetHints":{"allow":["GET"]}}],"collection":[{"href":"https:\/\/www.enzo-und-ferdinand.de\/index.php\/wp-json\/wp\/v2\/posts"}],"about":[{"href":"https:\/\/www.enzo-und-ferdinand.de\/index.php\/wp-json\/wp\/v2\/types\/post"}],"author":[{"embeddable":true,"href":"https:\/\/www.enzo-und-ferdinand.de\/index.php\/wp-json\/wp\/v2\/users\/1"}],"replies":[{"embeddable":true,"href":"https:\/\/www.enzo-und-ferdinand.de\/index.php\/wp-json\/wp\/v2\/comments?post=24180"}],"version-history":[{"count":3,"href":"https:\/\/www.enzo-und-ferdinand.de\/index.php\/wp-json\/wp\/v2\/posts\/24180\/revisions"}],"predecessor-version":[{"id":24183,"href":"https:\/\/www.enzo-und-ferdinand.de\/index.php\/wp-json\/wp\/v2\/posts\/24180\/revisions\/24183"}],"wp:featuredmedia":[{"embeddable":true,"href":"https:\/\/www.enzo-und-ferdinand.de\/index.php\/wp-json\/wp\/v2\/media\/24177"}],"wp:attachment":[{"href":"https:\/\/www.enzo-und-ferdinand.de\/index.php\/wp-json\/wp\/v2\/media?parent=24180"}],"wp:term":[{"taxonomy":"category","embeddable":true,"href":"https:\/\/www.enzo-und-ferdinand.de\/index.php\/wp-json\/wp\/v2\/categories?post=24180"},{"taxonomy":"post_tag","embeddable":true,"href":"https:\/\/www.enzo-und-ferdinand.de\/index.php\/wp-json\/wp\/v2\/tags?post=24180"}],"curies":[{"name":"wp","href":"https:\/\/api.w.org\/{rel}","templated":true}]}}