{"id":24214,"date":"2026-09-04T06:19:23","date_gmt":"2026-09-04T04:19:23","guid":{"rendered":"https:\/\/www.enzo-und-ferdinand.de\/?p=24214"},"modified":"2026-09-04T06:19:24","modified_gmt":"2026-09-04T04:19:24","slug":"bristol-fighter-kehrt-zurueck","status":"publish","type":"post","link":"https:\/\/www.enzo-und-ferdinand.de\/index.php\/2026\/09\/04\/bristol-fighter-kehrt-zurueck\/","title":{"rendered":"Bristol Fighter kehrt zur\u00fcck"},"content":{"rendered":"\n<figure class=\"wp-block-image size-large\"><img loading=\"lazy\" decoding=\"async\" width=\"810\" height=\"541\" src=\"https:\/\/www.enzo-und-ferdinand.de\/wp-content\/uploads\/2026\/09\/Bristol-Fighter-\u2013-3-810x541.jpg\" alt=\"Bristol Fighter\" class=\"wp-image-24208\" srcset=\"https:\/\/www.enzo-und-ferdinand.de\/wp-content\/uploads\/2026\/09\/Bristol-Fighter-\u2013-3-810x541.jpg 810w, https:\/\/www.enzo-und-ferdinand.de\/wp-content\/uploads\/2026\/09\/Bristol-Fighter-\u2013-3-300x200.jpg 300w, https:\/\/www.enzo-und-ferdinand.de\/wp-content\/uploads\/2026\/09\/Bristol-Fighter-\u2013-3-768x513.jpg 768w, https:\/\/www.enzo-und-ferdinand.de\/wp-content\/uploads\/2026\/09\/Bristol-Fighter-\u2013-3-120x80.jpg 120w, https:\/\/www.enzo-und-ferdinand.de\/wp-content\/uploads\/2026\/09\/Bristol-Fighter-\u2013-3.jpg 1500w\" sizes=\"auto, (max-width: 810px) 100vw, 810px\" \/><\/figure>\n\n\n\n<p class=\"wp-block-paragraph\">Der Zweisitzer basiert auf einem originalen, bislang ungenutzten Chassis und setzt technisch wie konzeptionell auf jene Eigenst\u00e4ndigkeit, die Bristol seit Jahrzehnten auszeichnet. Der Neustart der britischen Marke beginnt damit nicht mit einem v\u00f6llig neuen Modell, sondern mit der Vollendung eines unvollendeten Kapitels ihrer j\u00fcngeren Geschichte. Der Bristol Fighter entstand urspr\u00fcnglich Anfang der 2000er-Jahre und war das letzte Produktionsmodell der Marke, bevor die Fertigung 2011 endete.\u00a0<\/p>\n\n\n\n<p class=\"wp-block-paragraph\">Im Zentrum steht ein 8,0-Liter-V10, der serienm\u00e4\u00dfig 525 PS entwickelt. Optional werden 600 PS angeboten. Die H\u00f6chstgeschwindigkeit wird mit bis zu 338 km\/h angegeben. Damit positioniert sich der Fighter klar als Hochleistungsautomobil, ist konzeptionell aber mehr als ein reiner Supersportwagen. Bristol verbindet die Fahrleistungen des Zweisitzers mit dem Anspruch eines Gran Turismo, der auch durch seine Individualit\u00e4t, Eleganz und Langstreckentauglichkeit \u00fcberzeugen soll.\u00a0<\/p>\n\n\n\n<figure class=\"wp-block-image size-large\"><img loading=\"lazy\" decoding=\"async\" width=\"810\" height=\"541\" src=\"https:\/\/www.enzo-und-ferdinand.de\/wp-content\/uploads\/2026\/09\/Bristol-Fighter-\u2013-4-810x541.jpg\" alt=\"Bristol Fighter\" class=\"wp-image-24209\" srcset=\"https:\/\/www.enzo-und-ferdinand.de\/wp-content\/uploads\/2026\/09\/Bristol-Fighter-\u2013-4-810x541.jpg 810w, https:\/\/www.enzo-und-ferdinand.de\/wp-content\/uploads\/2026\/09\/Bristol-Fighter-\u2013-4-300x200.jpg 300w, https:\/\/www.enzo-und-ferdinand.de\/wp-content\/uploads\/2026\/09\/Bristol-Fighter-\u2013-4-768x513.jpg 768w, https:\/\/www.enzo-und-ferdinand.de\/wp-content\/uploads\/2026\/09\/Bristol-Fighter-\u2013-4-120x80.jpg 120w, https:\/\/www.enzo-und-ferdinand.de\/wp-content\/uploads\/2026\/09\/Bristol-Fighter-\u2013-4.jpg 1500w\" sizes=\"auto, (max-width: 810px) 100vw, 810px\" \/><\/figure>\n\n\n\n<p class=\"wp-block-paragraph\">Optisch zeigt der Fighter eine lange, flache Karosserie und markante Fl\u00fcgelt\u00fcren. Die Gestaltung verweist zugleich auf die Luftfahrttradition der Marke. Bristol Cars entstand 1945 als Ableger der Bristol Aeroplane Company und stellte 1946 den Bristol 400 fertig. Technische Eigenst\u00e4ndigkeit und die Verbindung von Ingenieurskunst, Luxus und Individualit\u00e4t wurden zu charakteristischen Merkmalen der Marke. Der jetzt pr\u00e4sentierte Fighter kn\u00fcpft unmittelbar an diese Tradition an.\u00a0<\/p>\n\n\n\n<p class=\"wp-block-paragraph\">F\u00fcr die Wiederbelebung verantwortlich ist Bristol-Cars-Eigent\u00fcmer und Direktor Paul King. Er lie\u00df den ersten neuen Fighter auf Basis eines originalen Chassis und vorhandener Zeichnungen fertigstellen. Insgesamt existieren nach Angaben des Unternehmens f\u00fcnf ungenutzte Fighter-Chassis. Eines davon ist nun fertiggestellt, vier weitere Fahrzeuge sollen in den kommenden Monaten angeboten werden. Auch diese Exemplare werden auf den originalen Chassis in Handarbeit aufgebaut. Kunden k\u00f6nnen die Fahrzeuge nach ihren Vorstellungen konfigurieren. M\u00f6glich sind Rechts- oder Linkslenker, zudem ist ein Export in wichtige M\u00e4rkte wie die USA vorgesehen. Dort kommt f\u00fcr die seltenen Fahrzeuge die sogenannte Show-or-Display-Einfuhrerlaubnis infrage, die ihre besondere historische und sammlerische Bedeutung ber\u00fccksichtigt.\u00a0<\/p>\n\n\n\n<figure class=\"wp-block-image size-large\"><img loading=\"lazy\" decoding=\"async\" width=\"810\" height=\"541\" src=\"https:\/\/www.enzo-und-ferdinand.de\/wp-content\/uploads\/2026\/09\/Bristol-Fighter-\u2013-5-810x541.jpg\" alt=\"Bristol Fighter\" class=\"wp-image-24210\" srcset=\"https:\/\/www.enzo-und-ferdinand.de\/wp-content\/uploads\/2026\/09\/Bristol-Fighter-\u2013-5-810x541.jpg 810w, https:\/\/www.enzo-und-ferdinand.de\/wp-content\/uploads\/2026\/09\/Bristol-Fighter-\u2013-5-300x200.jpg 300w, https:\/\/www.enzo-und-ferdinand.de\/wp-content\/uploads\/2026\/09\/Bristol-Fighter-\u2013-5-768x513.jpg 768w, https:\/\/www.enzo-und-ferdinand.de\/wp-content\/uploads\/2026\/09\/Bristol-Fighter-\u2013-5-120x80.jpg 120w, https:\/\/www.enzo-und-ferdinand.de\/wp-content\/uploads\/2026\/09\/Bristol-Fighter-\u2013-5.jpg 1500w\" sizes=\"auto, (max-width: 810px) 100vw, 810px\" \/><\/figure>\n\n\n\n<p class=\"wp-block-paragraph\">Die Fertigung soll in Gro\u00dfbritannien gemeinsam mit einem renommierten Partner erfolgen. Dabei stehen technische Kompetenz, handwerkliche Qualit\u00e4t und Erfahrung im Kleinserienbau im Mittelpunkt. Bristol Cars setzt bewusst auf Exklusivit\u00e4t und geringe St\u00fcckzahlen. Eine wichtige Verbindungsglied zur Vergangenheit ist Richard Hackett, der als Chairman zu Bristol Cars zur\u00fcckkehrt. W\u00e4hrend der urspr\u00fcnglichen Fighter-\u00c4ra war Hackett enger Berater und Vertrauter des fr\u00fcheren Bristol-Chefs Tony Crook. Seine R\u00fcckkehr soll Wissen \u00fcber die Marke, ihre Fahrzeuge und ihre Kundschaft mit den Zukunftspl\u00e4nen verbinden.\u00a0<\/p>\n\n\n\n<p class=\"wp-block-paragraph\">Historisch steht der Neustart zudem im Zeichen des 80-j\u00e4hrigen Jubil\u00e4ums des ersten Bristol-Automobils. Nach dem Ende der Produktion 2011 hatte Kamkorp Autokraft Ltd. das geistige Eigentum und den Firmenwert \u00fcbernommen und anschlie\u00dfend an Bristol Cars lizenziert. Der 2016 vorgestellte Bristol Bullet erreichte nie die Serienproduktion. Mit der Fertigstellung der letzten Fighter-Chassis beendet Bristol Cars  das letzte unvollendete Fertigungsprogramm. Der Fighter ist nicht nur ein historisches Modell, das wieder aufgelegt wird. Er bildet die technische und konzeptionelle Br\u00fccke zwischen dem fr\u00fcheren Bristol Cars und der Zukunft der Marke. <\/p>\n\n\n\n<figure class=\"wp-block-gallery has-nested-images columns-2 is-cropped wp-block-gallery-1 is-layout-flex wp-block-gallery-is-layout-flex\">\n<figure class=\"wp-block-image size-large\"><img loading=\"lazy\" decoding=\"async\" width=\"810\" height=\"541\" data-id=\"24211\" src=\"https:\/\/www.enzo-und-ferdinand.de\/wp-content\/uploads\/2026\/09\/Bristol-Fighter-\u2013-6-810x541.jpg\" alt=\"Bristol Fighter\" class=\"wp-image-24211\" srcset=\"https:\/\/www.enzo-und-ferdinand.de\/wp-content\/uploads\/2026\/09\/Bristol-Fighter-\u2013-6-810x541.jpg 810w, https:\/\/www.enzo-und-ferdinand.de\/wp-content\/uploads\/2026\/09\/Bristol-Fighter-\u2013-6-300x200.jpg 300w, https:\/\/www.enzo-und-ferdinand.de\/wp-content\/uploads\/2026\/09\/Bristol-Fighter-\u2013-6-768x513.jpg 768w, https:\/\/www.enzo-und-ferdinand.de\/wp-content\/uploads\/2026\/09\/Bristol-Fighter-\u2013-6-120x80.jpg 120w, https:\/\/www.enzo-und-ferdinand.de\/wp-content\/uploads\/2026\/09\/Bristol-Fighter-\u2013-6.jpg 1500w\" sizes=\"auto, (max-width: 810px) 100vw, 810px\" \/><\/figure>\n\n\n\n<figure class=\"wp-block-image size-large\"><img loading=\"lazy\" decoding=\"async\" width=\"810\" height=\"541\" data-id=\"24212\" src=\"https:\/\/www.enzo-und-ferdinand.de\/wp-content\/uploads\/2026\/09\/Bristol-Fighter-\u2013-7-810x541.jpg\" alt=\"Bristol Fighter\" class=\"wp-image-24212\" srcset=\"https:\/\/www.enzo-und-ferdinand.de\/wp-content\/uploads\/2026\/09\/Bristol-Fighter-\u2013-7-810x541.jpg 810w, https:\/\/www.enzo-und-ferdinand.de\/wp-content\/uploads\/2026\/09\/Bristol-Fighter-\u2013-7-300x200.jpg 300w, https:\/\/www.enzo-und-ferdinand.de\/wp-content\/uploads\/2026\/09\/Bristol-Fighter-\u2013-7-768x513.jpg 768w, https:\/\/www.enzo-und-ferdinand.de\/wp-content\/uploads\/2026\/09\/Bristol-Fighter-\u2013-7-120x80.jpg 120w, https:\/\/www.enzo-und-ferdinand.de\/wp-content\/uploads\/2026\/09\/Bristol-Fighter-\u2013-7.jpg 1500w\" sizes=\"auto, (max-width: 810px) 100vw, 810px\" \/><\/figure>\n\n\n\n<figure class=\"wp-block-image size-large\"><img loading=\"lazy\" decoding=\"async\" width=\"810\" height=\"541\" data-id=\"24213\" src=\"https:\/\/www.enzo-und-ferdinand.de\/wp-content\/uploads\/2026\/09\/Bristol-Fighter-\u2013-8-810x541.jpg\" alt=\"Bristol Fighter\" class=\"wp-image-24213\" srcset=\"https:\/\/www.enzo-und-ferdinand.de\/wp-content\/uploads\/2026\/09\/Bristol-Fighter-\u2013-8-810x541.jpg 810w, https:\/\/www.enzo-und-ferdinand.de\/wp-content\/uploads\/2026\/09\/Bristol-Fighter-\u2013-8-300x200.jpg 300w, https:\/\/www.enzo-und-ferdinand.de\/wp-content\/uploads\/2026\/09\/Bristol-Fighter-\u2013-8-768x513.jpg 768w, https:\/\/www.enzo-und-ferdinand.de\/wp-content\/uploads\/2026\/09\/Bristol-Fighter-\u2013-8-120x80.jpg 120w, https:\/\/www.enzo-und-ferdinand.de\/wp-content\/uploads\/2026\/09\/Bristol-Fighter-\u2013-8.jpg 1500w\" sizes=\"auto, (max-width: 810px) 100vw, 810px\" \/><\/figure>\n<\/figure>\n\n\n\n<p class=\"has-text-align-right wp-block-paragraph\">Fotos: Bristol, Photographs by Sam Frost \u00a92026 &#8211; www.samfrostphotos.com\/Text: Rainer Ro\u00dfbach<\/p>\n\n\n\n<p class=\"wp-block-paragraph\"><\/p>\n","protected":false},"excerpt":{"rendered":"<p>Der Zweisitzer basiert auf einem originalen, bislang ungenutzten Chassis und setzt technisch wie konzeptionell auf jene Eigenst\u00e4ndigkeit, die Bristol seit Jahrzehnten auszeichnet. Der Neustart der britischen Marke beginnt damit nicht mit einem v\u00f6llig neuen Modell, sondern mit der Vollendung eines unvollendeten Kapitels ihrer j\u00fcngeren Geschichte. Der Bristol Fighter entstand urspr\u00fcnglich Anfang der 2000er-Jahre und war das letzte Produktionsmodell der Marke, bevor die Fertigung 2011 endete.<\/p>\n","protected":false},"author":1,"featured_media":24207,"comment_status":"closed","ping_status":"open","sticky":false,"template":"","format":"standard","meta":{"ngg_post_thumbnail":0,"footnotes":""},"categories":[665,13,23],"tags":[614],"class_list":["post-24214","post","type-post","status-publish","format-standard","has-post-thumbnail","hentry","category-editionen","category-ikonen","category-performance","tag-bristol"],"yoast_head":"<!-- This site is optimized with the Yoast SEO plugin v28.4 - https:\/\/yoast.com\/product\/yoast-seo-wordpress\/ -->\n<title>Bristol Fighter: 8,0-Liter-V10 kehrt zur\u00fcck<\/title>\n<meta name=\"description\" content=\"Bristol Cars komplettiert f\u00fcnf originale Chassis und startet neu.\" \/>\n<meta name=\"robots\" content=\"index, follow, max-snippet:-1, max-image-preview:large, max-video-preview:-1\" \/>\n<link rel=\"canonical\" href=\"https:\/\/www.enzo-und-ferdinand.de\/index.php\/2026\/09\/04\/bristol-fighter-kehrt-zurueck\/\" \/>\n<meta property=\"og:locale\" content=\"de_DE\" \/>\n<meta property=\"og:type\" content=\"article\" \/>\n<meta property=\"og:title\" content=\"Bristol Fighter: 8,0-Liter-V10 kehrt zur\u00fcck\" \/>\n<meta property=\"og:description\" content=\"Bristol Cars komplettiert f\u00fcnf originale Chassis und startet neu.\" \/>\n<meta property=\"og:url\" content=\"https:\/\/www.enzo-und-ferdinand.de\/index.php\/2026\/09\/04\/bristol-fighter-kehrt-zurueck\/\" \/>\n<meta property=\"og:site_name\" content=\"enzo &amp; Ferdinand\" \/>\n<meta property=\"article:published_time\" content=\"2026-09-04T04:19:23+00:00\" \/>\n<meta property=\"article:modified_time\" content=\"2026-09-04T04:19:24+00:00\" \/>\n<meta property=\"og:image\" content=\"https:\/\/www.enzo-und-ferdinand.de\/wp-content\/uploads\/2026\/09\/Bristol-Fighter-\u2013-2.jpg\" \/>\n\t<meta property=\"og:image:width\" content=\"1500\" \/>\n\t<meta property=\"og:image:height\" content=\"1001\" \/>\n\t<meta property=\"og:image:type\" content=\"image\/jpeg\" \/>\n<meta name=\"author\" content=\"Rainer Ro\u00dfbach\" \/>\n<meta name=\"twitter:card\" content=\"summary_large_image\" \/>\n<meta name=\"twitter:label1\" content=\"Verfasst von\" \/>\n\t<meta name=\"twitter:data1\" content=\"Rainer Ro\u00dfbach\" \/>\n\t<meta name=\"twitter:label2\" content=\"Gesch\u00e4tzte Lesezeit\" \/>\n\t<meta name=\"twitter:data2\" content=\"5\u00a0Minuten\" \/>\n<script type=\"application\/ld+json\" class=\"yoast-schema-graph\">{\"@context\":\"https:\\\/\\\/schema.org\",\"@graph\":[{\"@type\":\"Article\",\"@id\":\"https:\\\/\\\/www.enzo-und-ferdinand.de\\\/index.php\\\/2026\\\/09\\\/04\\\/bristol-fighter-kehrt-zurueck\\\/#article\",\"isPartOf\":{\"@id\":\"https:\\\/\\\/www.enzo-und-ferdinand.de\\\/index.php\\\/2026\\\/09\\\/04\\\/bristol-fighter-kehrt-zurueck\\\/\"},\"author\":{\"name\":\"Rainer Ro\u00dfbach\",\"@id\":\"https:\\\/\\\/www.enzo-und-ferdinand.de\\\/#\\\/schema\\\/person\\\/aff2eb9ff87705987c1b9d21fe10b095\"},\"headline\":\"Bristol Fighter kehrt zur\u00fcck\",\"datePublished\":\"2026-09-04T04:19:23+00:00\",\"dateModified\":\"2026-09-04T04:19:24+00:00\",\"mainEntityOfPage\":{\"@id\":\"https:\\\/\\\/www.enzo-und-ferdinand.de\\\/index.php\\\/2026\\\/09\\\/04\\\/bristol-fighter-kehrt-zurueck\\\/\"},\"wordCount\":505,\"publisher\":{\"@id\":\"https:\\\/\\\/www.enzo-und-ferdinand.de\\\/#organization\"},\"image\":{\"@id\":\"https:\\\/\\\/www.enzo-und-ferdinand.de\\\/index.php\\\/2026\\\/09\\\/04\\\/bristol-fighter-kehrt-zurueck\\\/#primaryimage\"},\"thumbnailUrl\":\"https:\\\/\\\/www.enzo-und-ferdinand.de\\\/wp-content\\\/uploads\\\/2026\\\/09\\\/Bristol-Fighter-\u2013-2.jpg\",\"keywords\":[\"Bristol\"],\"articleSection\":[\"Editionen\",\"Ikonen\",\"Performance\"],\"inLanguage\":\"de\"},{\"@type\":\"WebPage\",\"@id\":\"https:\\\/\\\/www.enzo-und-ferdinand.de\\\/index.php\\\/2026\\\/09\\\/04\\\/bristol-fighter-kehrt-zurueck\\\/\",\"url\":\"https:\\\/\\\/www.enzo-und-ferdinand.de\\\/index.php\\\/2026\\\/09\\\/04\\\/bristol-fighter-kehrt-zurueck\\\/\",\"name\":\"Bristol Fighter: 8,0-Liter-V10 kehrt zur\u00fcck\",\"isPartOf\":{\"@id\":\"https:\\\/\\\/www.enzo-und-ferdinand.de\\\/#website\"},\"primaryImageOfPage\":{\"@id\":\"https:\\\/\\\/www.enzo-und-ferdinand.de\\\/index.php\\\/2026\\\/09\\\/04\\\/bristol-fighter-kehrt-zurueck\\\/#primaryimage\"},\"image\":{\"@id\":\"https:\\\/\\\/www.enzo-und-ferdinand.de\\\/index.php\\\/2026\\\/09\\\/04\\\/bristol-fighter-kehrt-zurueck\\\/#primaryimage\"},\"thumbnailUrl\":\"https:\\\/\\\/www.enzo-und-ferdinand.de\\\/wp-content\\\/uploads\\\/2026\\\/09\\\/Bristol-Fighter-\u2013-2.jpg\",\"datePublished\":\"2026-09-04T04:19:23+00:00\",\"dateModified\":\"2026-09-04T04:19:24+00:00\",\"description\":\"Bristol Cars komplettiert f\u00fcnf originale Chassis und startet neu.\",\"breadcrumb\":{\"@id\":\"https:\\\/\\\/www.enzo-und-ferdinand.de\\\/index.php\\\/2026\\\/09\\\/04\\\/bristol-fighter-kehrt-zurueck\\\/#breadcrumb\"},\"inLanguage\":\"de\",\"potentialAction\":[{\"@type\":\"ReadAction\",\"target\":[\"https:\\\/\\\/www.enzo-und-ferdinand.de\\\/index.php\\\/2026\\\/09\\\/04\\\/bristol-fighter-kehrt-zurueck\\\/\"]}]},{\"@type\":\"ImageObject\",\"inLanguage\":\"de\",\"@id\":\"https:\\\/\\\/www.enzo-und-ferdinand.de\\\/index.php\\\/2026\\\/09\\\/04\\\/bristol-fighter-kehrt-zurueck\\\/#primaryimage\",\"url\":\"https:\\\/\\\/www.enzo-und-ferdinand.de\\\/wp-content\\\/uploads\\\/2026\\\/09\\\/Bristol-Fighter-\u2013-2.jpg\",\"contentUrl\":\"https:\\\/\\\/www.enzo-und-ferdinand.de\\\/wp-content\\\/uploads\\\/2026\\\/09\\\/Bristol-Fighter-\u2013-2.jpg\",\"width\":1500,\"height\":1001,\"caption\":\"Bristol Fighter. 10\\\/08\\\/2026 - Photograph by Sam Frost \u00a92026 - www.samfrostphotos.com\"},{\"@type\":\"BreadcrumbList\",\"@id\":\"https:\\\/\\\/www.enzo-und-ferdinand.de\\\/index.php\\\/2026\\\/09\\\/04\\\/bristol-fighter-kehrt-zurueck\\\/#breadcrumb\",\"itemListElement\":[{\"@type\":\"ListItem\",\"position\":1,\"name\":\"Startseite\",\"item\":\"https:\\\/\\\/www.enzo-und-ferdinand.de\\\/\"},{\"@type\":\"ListItem\",\"position\":2,\"name\":\"Bristol Fighter kehrt zur\u00fcck\"}]},{\"@type\":\"WebSite\",\"@id\":\"https:\\\/\\\/www.enzo-und-ferdinand.de\\\/#website\",\"url\":\"https:\\\/\\\/www.enzo-und-ferdinand.de\\\/\",\"name\":\"enzo & Ferdinand\",\"description\":\"\",\"publisher\":{\"@id\":\"https:\\\/\\\/www.enzo-und-ferdinand.de\\\/#organization\"},\"potentialAction\":[{\"@type\":\"SearchAction\",\"target\":{\"@type\":\"EntryPoint\",\"urlTemplate\":\"https:\\\/\\\/www.enzo-und-ferdinand.de\\\/?s={search_term_string}\"},\"query-input\":{\"@type\":\"PropertyValueSpecification\",\"valueRequired\":true,\"valueName\":\"search_term_string\"}}],\"inLanguage\":\"de\"},{\"@type\":\"Organization\",\"@id\":\"https:\\\/\\\/www.enzo-und-ferdinand.de\\\/#organization\",\"name\":\"enzo & Ferdinand\",\"url\":\"https:\\\/\\\/www.enzo-und-ferdinand.de\\\/\",\"logo\":{\"@type\":\"ImageObject\",\"inLanguage\":\"de\",\"@id\":\"https:\\\/\\\/www.enzo-und-ferdinand.de\\\/#\\\/schema\\\/logo\\\/image\\\/\",\"url\":\"https:\\\/\\\/www.enzo-und-ferdinand.de\\\/wp-content\\\/uploads\\\/2018\\\/12\\\/revvvs-icon.png\",\"contentUrl\":\"https:\\\/\\\/www.enzo-und-ferdinand.de\\\/wp-content\\\/uploads\\\/2018\\\/12\\\/revvvs-icon.png\",\"width\":512,\"height\":512,\"caption\":\"enzo & Ferdinand\"},\"image\":{\"@id\":\"https:\\\/\\\/www.enzo-und-ferdinand.de\\\/#\\\/schema\\\/logo\\\/image\\\/\"}},{\"@type\":\"Person\",\"@id\":\"https:\\\/\\\/www.enzo-und-ferdinand.de\\\/#\\\/schema\\\/person\\\/aff2eb9ff87705987c1b9d21fe10b095\",\"name\":\"Rainer Ro\u00dfbach\",\"image\":{\"@type\":\"ImageObject\",\"inLanguage\":\"de\",\"@id\":\"https:\\\/\\\/www.enzo-und-ferdinand.de\\\/wp-content\\\/uploads\\\/2026\\\/07\\\/selbstportraet.jpg-150x150.png\",\"url\":\"https:\\\/\\\/www.enzo-und-ferdinand.de\\\/wp-content\\\/uploads\\\/2026\\\/07\\\/selbstportraet.jpg-150x150.png\",\"contentUrl\":\"https:\\\/\\\/www.enzo-und-ferdinand.de\\\/wp-content\\\/uploads\\\/2026\\\/07\\\/selbstportraet.jpg-150x150.png\",\"caption\":\"Rainer Ro\u00dfbach\"},\"url\":\"https:\\\/\\\/www.enzo-und-ferdinand.de\\\/index.php\\\/author\\\/redaktion\\\/\"}]}<\/script>\n<!-- \/ Yoast SEO plugin. -->","yoast_head_json":{"title":"Bristol Fighter: 8,0-Liter-V10 kehrt zur\u00fcck","description":"Bristol Cars komplettiert f\u00fcnf originale Chassis und startet neu.","robots":{"index":"index","follow":"follow","max-snippet":"max-snippet:-1","max-image-preview":"max-image-preview:large","max-video-preview":"max-video-preview:-1"},"canonical":"https:\/\/www.enzo-und-ferdinand.de\/index.php\/2026\/09\/04\/bristol-fighter-kehrt-zurueck\/","og_locale":"de_DE","og_type":"article","og_title":"Bristol Fighter: 8,0-Liter-V10 kehrt zur\u00fcck","og_description":"Bristol Cars komplettiert f\u00fcnf originale Chassis und startet neu.","og_url":"https:\/\/www.enzo-und-ferdinand.de\/index.php\/2026\/09\/04\/bristol-fighter-kehrt-zurueck\/","og_site_name":"enzo &amp; Ferdinand","article_published_time":"2026-09-04T04:19:23+00:00","article_modified_time":"2026-09-04T04:19:24+00:00","og_image":[{"width":1500,"height":1001,"url":"https:\/\/www.enzo-und-ferdinand.de\/wp-content\/uploads\/2026\/09\/Bristol-Fighter-\u2013-2.jpg","type":"image\/jpeg"}],"author":"Rainer Ro\u00dfbach","twitter_card":"summary_large_image","twitter_misc":{"Verfasst von":"Rainer Ro\u00dfbach","Gesch\u00e4tzte Lesezeit":"5\u00a0Minuten"},"schema":{"@context":"https:\/\/schema.org","@graph":[{"@type":"Article","@id":"https:\/\/www.enzo-und-ferdinand.de\/index.php\/2026\/09\/04\/bristol-fighter-kehrt-zurueck\/#article","isPartOf":{"@id":"https:\/\/www.enzo-und-ferdinand.de\/index.php\/2026\/09\/04\/bristol-fighter-kehrt-zurueck\/"},"author":{"name":"Rainer Ro\u00dfbach","@id":"https:\/\/www.enzo-und-ferdinand.de\/#\/schema\/person\/aff2eb9ff87705987c1b9d21fe10b095"},"headline":"Bristol Fighter kehrt zur\u00fcck","datePublished":"2026-09-04T04:19:23+00:00","dateModified":"2026-09-04T04:19:24+00:00","mainEntityOfPage":{"@id":"https:\/\/www.enzo-und-ferdinand.de\/index.php\/2026\/09\/04\/bristol-fighter-kehrt-zurueck\/"},"wordCount":505,"publisher":{"@id":"https:\/\/www.enzo-und-ferdinand.de\/#organization"},"image":{"@id":"https:\/\/www.enzo-und-ferdinand.de\/index.php\/2026\/09\/04\/bristol-fighter-kehrt-zurueck\/#primaryimage"},"thumbnailUrl":"https:\/\/www.enzo-und-ferdinand.de\/wp-content\/uploads\/2026\/09\/Bristol-Fighter-\u2013-2.jpg","keywords":["Bristol"],"articleSection":["Editionen","Ikonen","Performance"],"inLanguage":"de"},{"@type":"WebPage","@id":"https:\/\/www.enzo-und-ferdinand.de\/index.php\/2026\/09\/04\/bristol-fighter-kehrt-zurueck\/","url":"https:\/\/www.enzo-und-ferdinand.de\/index.php\/2026\/09\/04\/bristol-fighter-kehrt-zurueck\/","name":"Bristol Fighter: 8,0-Liter-V10 kehrt zur\u00fcck","isPartOf":{"@id":"https:\/\/www.enzo-und-ferdinand.de\/#website"},"primaryImageOfPage":{"@id":"https:\/\/www.enzo-und-ferdinand.de\/index.php\/2026\/09\/04\/bristol-fighter-kehrt-zurueck\/#primaryimage"},"image":{"@id":"https:\/\/www.enzo-und-ferdinand.de\/index.php\/2026\/09\/04\/bristol-fighter-kehrt-zurueck\/#primaryimage"},"thumbnailUrl":"https:\/\/www.enzo-und-ferdinand.de\/wp-content\/uploads\/2026\/09\/Bristol-Fighter-\u2013-2.jpg","datePublished":"2026-09-04T04:19:23+00:00","dateModified":"2026-09-04T04:19:24+00:00","description":"Bristol Cars komplettiert f\u00fcnf originale Chassis und startet neu.","breadcrumb":{"@id":"https:\/\/www.enzo-und-ferdinand.de\/index.php\/2026\/09\/04\/bristol-fighter-kehrt-zurueck\/#breadcrumb"},"inLanguage":"de","potentialAction":[{"@type":"ReadAction","target":["https:\/\/www.enzo-und-ferdinand.de\/index.php\/2026\/09\/04\/bristol-fighter-kehrt-zurueck\/"]}]},{"@type":"ImageObject","inLanguage":"de","@id":"https:\/\/www.enzo-und-ferdinand.de\/index.php\/2026\/09\/04\/bristol-fighter-kehrt-zurueck\/#primaryimage","url":"https:\/\/www.enzo-und-ferdinand.de\/wp-content\/uploads\/2026\/09\/Bristol-Fighter-\u2013-2.jpg","contentUrl":"https:\/\/www.enzo-und-ferdinand.de\/wp-content\/uploads\/2026\/09\/Bristol-Fighter-\u2013-2.jpg","width":1500,"height":1001,"caption":"Bristol Fighter. 10\/08\/2026 - Photograph by Sam Frost \u00a92026 - www.samfrostphotos.com"},{"@type":"BreadcrumbList","@id":"https:\/\/www.enzo-und-ferdinand.de\/index.php\/2026\/09\/04\/bristol-fighter-kehrt-zurueck\/#breadcrumb","itemListElement":[{"@type":"ListItem","position":1,"name":"Startseite","item":"https:\/\/www.enzo-und-ferdinand.de\/"},{"@type":"ListItem","position":2,"name":"Bristol Fighter kehrt zur\u00fcck"}]},{"@type":"WebSite","@id":"https:\/\/www.enzo-und-ferdinand.de\/#website","url":"https:\/\/www.enzo-und-ferdinand.de\/","name":"enzo & Ferdinand","description":"","publisher":{"@id":"https:\/\/www.enzo-und-ferdinand.de\/#organization"},"potentialAction":[{"@type":"SearchAction","target":{"@type":"EntryPoint","urlTemplate":"https:\/\/www.enzo-und-ferdinand.de\/?s={search_term_string}"},"query-input":{"@type":"PropertyValueSpecification","valueRequired":true,"valueName":"search_term_string"}}],"inLanguage":"de"},{"@type":"Organization","@id":"https:\/\/www.enzo-und-ferdinand.de\/#organization","name":"enzo & Ferdinand","url":"https:\/\/www.enzo-und-ferdinand.de\/","logo":{"@type":"ImageObject","inLanguage":"de","@id":"https:\/\/www.enzo-und-ferdinand.de\/#\/schema\/logo\/image\/","url":"https:\/\/www.enzo-und-ferdinand.de\/wp-content\/uploads\/2018\/12\/revvvs-icon.png","contentUrl":"https:\/\/www.enzo-und-ferdinand.de\/wp-content\/uploads\/2018\/12\/revvvs-icon.png","width":512,"height":512,"caption":"enzo & Ferdinand"},"image":{"@id":"https:\/\/www.enzo-und-ferdinand.de\/#\/schema\/logo\/image\/"}},{"@type":"Person","@id":"https:\/\/www.enzo-und-ferdinand.de\/#\/schema\/person\/aff2eb9ff87705987c1b9d21fe10b095","name":"Rainer Ro\u00dfbach","image":{"@type":"ImageObject","inLanguage":"de","@id":"https:\/\/www.enzo-und-ferdinand.de\/wp-content\/uploads\/2026\/07\/selbstportraet.jpg-150x150.png","url":"https:\/\/www.enzo-und-ferdinand.de\/wp-content\/uploads\/2026\/07\/selbstportraet.jpg-150x150.png","contentUrl":"https:\/\/www.enzo-und-ferdinand.de\/wp-content\/uploads\/2026\/07\/selbstportraet.jpg-150x150.png","caption":"Rainer Ro\u00dfbach"},"url":"https:\/\/www.enzo-und-ferdinand.de\/index.php\/author\/redaktion\/"}]}},"_links":{"self":[{"href":"https:\/\/www.enzo-und-ferdinand.de\/index.php\/wp-json\/wp\/v2\/posts\/24214","targetHints":{"allow":["GET"]}}],"collection":[{"href":"https:\/\/www.enzo-und-ferdinand.de\/index.php\/wp-json\/wp\/v2\/posts"}],"about":[{"href":"https:\/\/www.enzo-und-ferdinand.de\/index.php\/wp-json\/wp\/v2\/types\/post"}],"author":[{"embeddable":true,"href":"https:\/\/www.enzo-und-ferdinand.de\/index.php\/wp-json\/wp\/v2\/users\/1"}],"replies":[{"embeddable":true,"href":"https:\/\/www.enzo-und-ferdinand.de\/index.php\/wp-json\/wp\/v2\/comments?post=24214"}],"version-history":[{"count":4,"href":"https:\/\/www.enzo-und-ferdinand.de\/index.php\/wp-json\/wp\/v2\/posts\/24214\/revisions"}],"predecessor-version":[{"id":24218,"href":"https:\/\/www.enzo-und-ferdinand.de\/index.php\/wp-json\/wp\/v2\/posts\/24214\/revisions\/24218"}],"wp:featuredmedia":[{"embeddable":true,"href":"https:\/\/www.enzo-und-ferdinand.de\/index.php\/wp-json\/wp\/v2\/media\/24207"}],"wp:attachment":[{"href":"https:\/\/www.enzo-und-ferdinand.de\/index.php\/wp-json\/wp\/v2\/media?parent=24214"}],"wp:term":[{"taxonomy":"category","embeddable":true,"href":"https:\/\/www.enzo-und-ferdinand.de\/index.php\/wp-json\/wp\/v2\/categories?post=24214"},{"taxonomy":"post_tag","embeddable":true,"href":"https:\/\/www.enzo-und-ferdinand.de\/index.php\/wp-json\/wp\/v2\/tags?post=24214"}],"curies":[{"name":"wp","href":"https:\/\/api.w.org\/{rel}","templated":true}]}}