{"id":2782,"date":"2019-02-19T14:22:17","date_gmt":"2019-02-19T13:22:17","guid":{"rendered":"http:\/\/www.enzo-und-ferdinand.de\/?p=2782"},"modified":"2025-12-27T15:36:49","modified_gmt":"2025-12-27T14:36:49","slug":"citroen-ami-one-concept","status":"publish","type":"post","link":"https:\/\/www.enzo-und-ferdinand.de\/index.php\/2019\/02\/19\/citroen-ami-one-concept\/","title":{"rendered":"Citro\u00ebn Ami One Concept"},"content":{"rendered":"\n<figure class=\"wp-block-image\"><img loading=\"lazy\" decoding=\"async\" width=\"810\" height=\"540\" src=\"https:\/\/www.enzo-und-ferdinand.de\/wp-content\/uploads\/2019\/02\/CL-18.051.004.jpg\" alt=\"Citro\u00ebn Ami One Concept \" class=\"wp-image-2786\" srcset=\"https:\/\/www.enzo-und-ferdinand.de\/wp-content\/uploads\/2019\/02\/CL-18.051.004.jpg 810w, https:\/\/www.enzo-und-ferdinand.de\/wp-content\/uploads\/2019\/02\/CL-18.051.004-300x200.jpg 300w, https:\/\/www.enzo-und-ferdinand.de\/wp-content\/uploads\/2019\/02\/CL-18.051.004-768x512.jpg 768w, https:\/\/www.enzo-und-ferdinand.de\/wp-content\/uploads\/2019\/02\/CL-18.051.004-120x80.jpg 120w\" sizes=\"auto, (max-width: 810px) 100vw, 810px\" \/><\/figure>\n\n\n\n<p class=\"wp-block-paragraph\">Als urbanes und rein elektrisch angetriebenes Mobilit\u00e4tkonzept ist das das Ami One Concept&nbsp; eine emissionsfreie Alternative zu \u00f6ffentlichen Verkehrsmitteln oder Zweir\u00e4dern. Es bietet auf einer kompakten Grundfl\u00e4che Platz f\u00fcr zwei Personen. Dabei ist es so ausgelegt, dass es in vielen L\u00e4ndern schon von 16-j\u00e4hrigen gefahren und per App als Angebot in Carsharing-Anbgebote eingebunden werden kann.<\/p>\n\n\n\n<p class=\"wp-block-paragraph\">Der franz\u00f6sische Hersteller denkt hier an verschiedene L\u00f6sungen: gelegentliche oder regelm\u00e4\u00dfige Fahrten, allein, mit der Familie oder mit Freunden. Als Mindestdauer f\u00fcr die Anmietung sind f\u00fcnf Minuten geplant, die jederzeit und ohne langfristige Verpflichtungen erweitert werden k\u00f6nnen. Langzeitmieten \u00fcber f\u00fcnf Monate oder f\u00fcnf Jahre sollen gleichfalls m\u00f6glich sein.<\/p>\n\n\n\n<p class=\"wp-block-paragraph\">Mit einer Reichweite von 100 Kilometern und einer H\u00f6chstgeschwindigkeit von 45 Stundenkilometern eignet sich der Ami One f\u00fcr Fahrten im urbanen Raum. Die Lithium-Ionen-Batterie, die im Fahrzeugboden untergebracht ist, kann in zwei Stunden&nbsp;leicht \u00fcber ein Kabel an einer Haushalt-Steckdose oder einer \u00f6ffentlichen Ladestation geladen werden.<\/p>\n\n\n\n<p class=\"wp-block-paragraph\">Das Design ist vollkommen symmetrisch. Breite T\u00fcren erleichtern den Einstieg, wobei sich die Fahrert\u00fcr gegenl\u00e4ufig \u00f6ffnet. Dar\u00fcber ist das Leseger\u00e4t angebracht, der das \u00d6ffnen und Schlie\u00dfen der T\u00fcren per Smartphone erm\u00f6glicht.&nbsp;Schlaufen in blauem Kautschuk dienen als T\u00fcrgriffe.&nbsp;<\/p>\n\n\n\n<p class=\"wp-block-paragraph\">Informationen f\u00fcr den Fahrer \u2013&nbsp;etwa zur Geschwindigkeit \u2013&nbsp; liefert ein schlichtes F\u00fcnf-Zoll-Kombiinstrument. Rechts davon befindet sich ein zylinderf\u00f6rmiger Startknopf, der Warnblinker, der W\u00e4hlhebel des Automatikgetriebes und ein Bluetooth-Lautsprecher mit Lautst\u00e4rkeregelung.<\/p>\n\n\n\n<p class=\"wp-block-paragraph\">Die w\u00fcrfelf\u00f6rmige Karosserie ist 2,50 Meter lang, 1,50 Meter breit und 1,50 Meter hoch, ihre Vier-Speichen-Felgen nehmen 18-Zoll-R\u00e4der auf. Mit diesen kompakte Abmessungen ist auch m\u00f6glich, quer zu parken. Frontpartie und Heck sind, wie auch die Sto\u00dff\u00e4nger, identisch. Gleiches gilt f\u00fcr die Kotfl\u00fcgel und auch der untere Karosseriebereich ist einheitlich. Analog zu den europ\u00e4ischen Bestimmungen, die ab dem 1. Januar 2019 in Kraft sind, wurde f\u00fcr den Leerlauf eine eigene Klangsignatur entwickelt.<\/p>\n\n\n\n<figure class=\"wp-block-image\"><img loading=\"lazy\" decoding=\"async\" width=\"810\" height=\"527\" src=\"https:\/\/www.enzo-und-ferdinand.de\/wp-content\/uploads\/2019\/02\/CL-19.006.010.jpg\" alt=\"Citro\u00ebn Ami One Concept \" class=\"wp-image-2788\" srcset=\"https:\/\/www.enzo-und-ferdinand.de\/wp-content\/uploads\/2019\/02\/CL-19.006.010.jpg 810w, https:\/\/www.enzo-und-ferdinand.de\/wp-content\/uploads\/2019\/02\/CL-19.006.010-300x195.jpg 300w, https:\/\/www.enzo-und-ferdinand.de\/wp-content\/uploads\/2019\/02\/CL-19.006.010-768x500.jpg 768w\" sizes=\"auto, (max-width: 810px) 100vw, 810px\" \/><\/figure>\n\n\n\n<p class=\"has-text-align-center has-small-font-size wp-block-paragraph\">Fotos: Citro\u00ebn<strong> <\/strong>\/Text: Rainer Ro\u00dfbach<\/p>\n","protected":false},"excerpt":{"rendered":"<p>Als urbanes und rein elektrisch angetriebenes Mobilit\u00e4tkonzept ist das das Ami One Concept  eine emissionsfreie Alternative zu \u00f6ffentlichen Verkehrsmitteln oder Zweir\u00e4dern. Es bietet auf einer kompakten Grundfl\u00e4che Platz f\u00fcr zwei Personen. Dabei ist es so ausgelegt, dass es in vielen L\u00e4ndern schon von 16-j\u00e4hrigen gefahren und per App als Angebot in Carsharing-Anbgebote eingebunden werden kann.<br \/>\nDer franz\u00f6sische Hersteller denkt hier an verschiedene L\u00f6sungen: gelegentliche oder regelm\u00e4\u00dfige Fahrten, allein, mit der Familie oder mit Freunden. Als Mindestdauer f\u00fcr die Anmietung sind f\u00fcnf Minuten geplant, die jederzeit und ohne langfristige Verpflichtungen erweitert werden k\u00f6nnen.<\/p>\n","protected":false},"author":1,"featured_media":2785,"comment_status":"closed","ping_status":"closed","sticky":false,"template":"","format":"standard","meta":{"_crdt_document":"","ngg_post_thumbnail":0,"footnotes":""},"categories":[4],"tags":[217,1375,1020,148,510],"class_list":["post-2782","post","type-post","status-publish","format-standard","has-post-thumbnail","hentry","category-studien","tag-citroen","tag-citroen-ami","tag-citroen-ami-one","tag-citroen-ami-one-concept","tag-elektro"],"yoast_head":"<!-- This site is optimized with the Yoast SEO plugin v27.5 - https:\/\/yoast.com\/product\/yoast-seo-wordpress\/ -->\n<title>Citro\u00ebn Ami One Concept<\/title>\n<meta name=\"description\" content=\"Citro\u00ebn Ami One Concept\" \/>\n<meta name=\"robots\" content=\"index, follow, max-snippet:-1, max-image-preview:large, max-video-preview:-1\" \/>\n<link rel=\"canonical\" href=\"https:\/\/www.enzo-und-ferdinand.de\/index.php\/2019\/02\/19\/citroen-ami-one-concept\/\" \/>\n<meta property=\"og:locale\" content=\"de_DE\" \/>\n<meta property=\"og:type\" content=\"article\" \/>\n<meta property=\"og:title\" content=\"Citro\u00ebn Ami One Concept\" \/>\n<meta property=\"og:description\" content=\"Citro\u00ebn Ami One Concept\" \/>\n<meta property=\"og:url\" content=\"https:\/\/www.enzo-und-ferdinand.de\/index.php\/2019\/02\/19\/citroen-ami-one-concept\/\" \/>\n<meta property=\"og:site_name\" content=\"enzo &amp; Ferdinand\" \/>\n<meta property=\"article:published_time\" content=\"2019-02-19T13:22:17+00:00\" \/>\n<meta property=\"article:modified_time\" content=\"2025-12-27T14:36:49+00:00\" \/>\n<meta property=\"og:image\" content=\"https:\/\/www.enzo-und-ferdinand.de\/wp-content\/uploads\/2019\/02\/CL-19.006.008.jpg\" \/>\n\t<meta property=\"og:image:width\" content=\"810\" \/>\n\t<meta property=\"og:image:height\" content=\"540\" \/>\n\t<meta property=\"og:image:type\" content=\"image\/jpeg\" \/>\n<meta name=\"author\" content=\"Rainer Ro\u00dfbach\" \/>\n<meta name=\"twitter:card\" content=\"summary_large_image\" \/>\n<meta name=\"twitter:label1\" content=\"Verfasst von\" \/>\n\t<meta name=\"twitter:data1\" content=\"Rainer Ro\u00dfbach\" \/>\n\t<meta name=\"twitter:label2\" content=\"Gesch\u00e4tzte Lesezeit\" \/>\n\t<meta name=\"twitter:data2\" content=\"3\u00a0Minuten\" \/>\n<script type=\"application\/ld+json\" class=\"yoast-schema-graph\">{\"@context\":\"https:\\\/\\\/schema.org\",\"@graph\":[{\"@type\":\"Article\",\"@id\":\"https:\\\/\\\/www.enzo-und-ferdinand.de\\\/index.php\\\/2019\\\/02\\\/19\\\/citroen-ami-one-concept\\\/#article\",\"isPartOf\":{\"@id\":\"https:\\\/\\\/www.enzo-und-ferdinand.de\\\/index.php\\\/2019\\\/02\\\/19\\\/citroen-ami-one-concept\\\/\"},\"author\":{\"name\":\"Rainer Ro\u00dfbach\",\"@id\":\"https:\\\/\\\/www.enzo-und-ferdinand.de\\\/#\\\/schema\\\/person\\\/aff2eb9ff87705987c1b9d21fe10b095\"},\"headline\":\"Citro\u00ebn Ami One Concept\",\"datePublished\":\"2019-02-19T13:22:17+00:00\",\"dateModified\":\"2025-12-27T14:36:49+00:00\",\"mainEntityOfPage\":{\"@id\":\"https:\\\/\\\/www.enzo-und-ferdinand.de\\\/index.php\\\/2019\\\/02\\\/19\\\/citroen-ami-one-concept\\\/\"},\"wordCount\":340,\"publisher\":{\"@id\":\"https:\\\/\\\/www.enzo-und-ferdinand.de\\\/#organization\"},\"image\":{\"@id\":\"https:\\\/\\\/www.enzo-und-ferdinand.de\\\/index.php\\\/2019\\\/02\\\/19\\\/citroen-ami-one-concept\\\/#primaryimage\"},\"thumbnailUrl\":\"https:\\\/\\\/www.enzo-und-ferdinand.de\\\/wp-content\\\/uploads\\\/2019\\\/02\\\/CL-19.006.008.jpg\",\"keywords\":[\"Citro\u00ebn\",\"Citro\u00ebn Ami\",\"Citro\u00ebn Ami One\",\"Citro\u00ebn Ami One Concept\",\"Elektro\"],\"articleSection\":[\"Studien\"],\"inLanguage\":\"de\"},{\"@type\":\"WebPage\",\"@id\":\"https:\\\/\\\/www.enzo-und-ferdinand.de\\\/index.php\\\/2019\\\/02\\\/19\\\/citroen-ami-one-concept\\\/\",\"url\":\"https:\\\/\\\/www.enzo-und-ferdinand.de\\\/index.php\\\/2019\\\/02\\\/19\\\/citroen-ami-one-concept\\\/\",\"name\":\"Citro\u00ebn Ami One Concept\",\"isPartOf\":{\"@id\":\"https:\\\/\\\/www.enzo-und-ferdinand.de\\\/#website\"},\"primaryImageOfPage\":{\"@id\":\"https:\\\/\\\/www.enzo-und-ferdinand.de\\\/index.php\\\/2019\\\/02\\\/19\\\/citroen-ami-one-concept\\\/#primaryimage\"},\"image\":{\"@id\":\"https:\\\/\\\/www.enzo-und-ferdinand.de\\\/index.php\\\/2019\\\/02\\\/19\\\/citroen-ami-one-concept\\\/#primaryimage\"},\"thumbnailUrl\":\"https:\\\/\\\/www.enzo-und-ferdinand.de\\\/wp-content\\\/uploads\\\/2019\\\/02\\\/CL-19.006.008.jpg\",\"datePublished\":\"2019-02-19T13:22:17+00:00\",\"dateModified\":\"2025-12-27T14:36:49+00:00\",\"description\":\"Citro\u00ebn Ami One Concept\",\"breadcrumb\":{\"@id\":\"https:\\\/\\\/www.enzo-und-ferdinand.de\\\/index.php\\\/2019\\\/02\\\/19\\\/citroen-ami-one-concept\\\/#breadcrumb\"},\"inLanguage\":\"de\",\"potentialAction\":[{\"@type\":\"ReadAction\",\"target\":[\"https:\\\/\\\/www.enzo-und-ferdinand.de\\\/index.php\\\/2019\\\/02\\\/19\\\/citroen-ami-one-concept\\\/\"]}]},{\"@type\":\"ImageObject\",\"inLanguage\":\"de\",\"@id\":\"https:\\\/\\\/www.enzo-und-ferdinand.de\\\/index.php\\\/2019\\\/02\\\/19\\\/citroen-ami-one-concept\\\/#primaryimage\",\"url\":\"https:\\\/\\\/www.enzo-und-ferdinand.de\\\/wp-content\\\/uploads\\\/2019\\\/02\\\/CL-19.006.008.jpg\",\"contentUrl\":\"https:\\\/\\\/www.enzo-und-ferdinand.de\\\/wp-content\\\/uploads\\\/2019\\\/02\\\/CL-19.006.008.jpg\",\"width\":810,\"height\":540,\"caption\":\"Citro\u00ebn Ami One Concept\"},{\"@type\":\"BreadcrumbList\",\"@id\":\"https:\\\/\\\/www.enzo-und-ferdinand.de\\\/index.php\\\/2019\\\/02\\\/19\\\/citroen-ami-one-concept\\\/#breadcrumb\",\"itemListElement\":[{\"@type\":\"ListItem\",\"position\":1,\"name\":\"Startseite\",\"item\":\"https:\\\/\\\/www.enzo-und-ferdinand.de\\\/\"},{\"@type\":\"ListItem\",\"position\":2,\"name\":\"Citro\u00ebn Ami One Concept\"}]},{\"@type\":\"WebSite\",\"@id\":\"https:\\\/\\\/www.enzo-und-ferdinand.de\\\/#website\",\"url\":\"https:\\\/\\\/www.enzo-und-ferdinand.de\\\/\",\"name\":\"enzo & Ferdinand\",\"description\":\"\",\"publisher\":{\"@id\":\"https:\\\/\\\/www.enzo-und-ferdinand.de\\\/#organization\"},\"potentialAction\":[{\"@type\":\"SearchAction\",\"target\":{\"@type\":\"EntryPoint\",\"urlTemplate\":\"https:\\\/\\\/www.enzo-und-ferdinand.de\\\/?s={search_term_string}\"},\"query-input\":{\"@type\":\"PropertyValueSpecification\",\"valueRequired\":true,\"valueName\":\"search_term_string\"}}],\"inLanguage\":\"de\"},{\"@type\":\"Organization\",\"@id\":\"https:\\\/\\\/www.enzo-und-ferdinand.de\\\/#organization\",\"name\":\"enzo & Ferdinand\",\"url\":\"https:\\\/\\\/www.enzo-und-ferdinand.de\\\/\",\"logo\":{\"@type\":\"ImageObject\",\"inLanguage\":\"de\",\"@id\":\"https:\\\/\\\/www.enzo-und-ferdinand.de\\\/#\\\/schema\\\/logo\\\/image\\\/\",\"url\":\"https:\\\/\\\/www.enzo-und-ferdinand.de\\\/wp-content\\\/uploads\\\/2018\\\/12\\\/revvvs-icon.png\",\"contentUrl\":\"https:\\\/\\\/www.enzo-und-ferdinand.de\\\/wp-content\\\/uploads\\\/2018\\\/12\\\/revvvs-icon.png\",\"width\":512,\"height\":512,\"caption\":\"enzo & Ferdinand\"},\"image\":{\"@id\":\"https:\\\/\\\/www.enzo-und-ferdinand.de\\\/#\\\/schema\\\/logo\\\/image\\\/\"}},{\"@type\":\"Person\",\"@id\":\"https:\\\/\\\/www.enzo-und-ferdinand.de\\\/#\\\/schema\\\/person\\\/aff2eb9ff87705987c1b9d21fe10b095\",\"name\":\"Rainer Ro\u00dfbach\",\"image\":{\"@type\":\"ImageObject\",\"inLanguage\":\"de\",\"@id\":\"https:\\\/\\\/www.enzo-und-ferdinand.de\\\/wp-content\\\/uploads\\\/2026\\\/01\\\/Rainer-Rossbach-150x150.jpg\",\"url\":\"https:\\\/\\\/www.enzo-und-ferdinand.de\\\/wp-content\\\/uploads\\\/2026\\\/01\\\/Rainer-Rossbach-150x150.jpg\",\"contentUrl\":\"https:\\\/\\\/www.enzo-und-ferdinand.de\\\/wp-content\\\/uploads\\\/2026\\\/01\\\/Rainer-Rossbach-150x150.jpg\",\"caption\":\"Rainer Ro\u00dfbach\"},\"url\":\"https:\\\/\\\/www.enzo-und-ferdinand.de\\\/index.php\\\/author\\\/redaktion\\\/\"}]}<\/script>\n<!-- \/ Yoast SEO plugin. -->","yoast_head_json":{"title":"Citro\u00ebn Ami One Concept","description":"Citro\u00ebn Ami One Concept","robots":{"index":"index","follow":"follow","max-snippet":"max-snippet:-1","max-image-preview":"max-image-preview:large","max-video-preview":"max-video-preview:-1"},"canonical":"https:\/\/www.enzo-und-ferdinand.de\/index.php\/2019\/02\/19\/citroen-ami-one-concept\/","og_locale":"de_DE","og_type":"article","og_title":"Citro\u00ebn Ami One Concept","og_description":"Citro\u00ebn Ami One Concept","og_url":"https:\/\/www.enzo-und-ferdinand.de\/index.php\/2019\/02\/19\/citroen-ami-one-concept\/","og_site_name":"enzo &amp; Ferdinand","article_published_time":"2019-02-19T13:22:17+00:00","article_modified_time":"2025-12-27T14:36:49+00:00","og_image":[{"width":810,"height":540,"url":"https:\/\/www.enzo-und-ferdinand.de\/wp-content\/uploads\/2019\/02\/CL-19.006.008.jpg","type":"image\/jpeg"}],"author":"Rainer Ro\u00dfbach","twitter_card":"summary_large_image","twitter_misc":{"Verfasst von":"Rainer Ro\u00dfbach","Gesch\u00e4tzte Lesezeit":"3\u00a0Minuten"},"schema":{"@context":"https:\/\/schema.org","@graph":[{"@type":"Article","@id":"https:\/\/www.enzo-und-ferdinand.de\/index.php\/2019\/02\/19\/citroen-ami-one-concept\/#article","isPartOf":{"@id":"https:\/\/www.enzo-und-ferdinand.de\/index.php\/2019\/02\/19\/citroen-ami-one-concept\/"},"author":{"name":"Rainer Ro\u00dfbach","@id":"https:\/\/www.enzo-und-ferdinand.de\/#\/schema\/person\/aff2eb9ff87705987c1b9d21fe10b095"},"headline":"Citro\u00ebn Ami One Concept","datePublished":"2019-02-19T13:22:17+00:00","dateModified":"2025-12-27T14:36:49+00:00","mainEntityOfPage":{"@id":"https:\/\/www.enzo-und-ferdinand.de\/index.php\/2019\/02\/19\/citroen-ami-one-concept\/"},"wordCount":340,"publisher":{"@id":"https:\/\/www.enzo-und-ferdinand.de\/#organization"},"image":{"@id":"https:\/\/www.enzo-und-ferdinand.de\/index.php\/2019\/02\/19\/citroen-ami-one-concept\/#primaryimage"},"thumbnailUrl":"https:\/\/www.enzo-und-ferdinand.de\/wp-content\/uploads\/2019\/02\/CL-19.006.008.jpg","keywords":["Citro\u00ebn","Citro\u00ebn Ami","Citro\u00ebn Ami One","Citro\u00ebn Ami One Concept","Elektro"],"articleSection":["Studien"],"inLanguage":"de"},{"@type":"WebPage","@id":"https:\/\/www.enzo-und-ferdinand.de\/index.php\/2019\/02\/19\/citroen-ami-one-concept\/","url":"https:\/\/www.enzo-und-ferdinand.de\/index.php\/2019\/02\/19\/citroen-ami-one-concept\/","name":"Citro\u00ebn Ami One Concept","isPartOf":{"@id":"https:\/\/www.enzo-und-ferdinand.de\/#website"},"primaryImageOfPage":{"@id":"https:\/\/www.enzo-und-ferdinand.de\/index.php\/2019\/02\/19\/citroen-ami-one-concept\/#primaryimage"},"image":{"@id":"https:\/\/www.enzo-und-ferdinand.de\/index.php\/2019\/02\/19\/citroen-ami-one-concept\/#primaryimage"},"thumbnailUrl":"https:\/\/www.enzo-und-ferdinand.de\/wp-content\/uploads\/2019\/02\/CL-19.006.008.jpg","datePublished":"2019-02-19T13:22:17+00:00","dateModified":"2025-12-27T14:36:49+00:00","description":"Citro\u00ebn Ami One Concept","breadcrumb":{"@id":"https:\/\/www.enzo-und-ferdinand.de\/index.php\/2019\/02\/19\/citroen-ami-one-concept\/#breadcrumb"},"inLanguage":"de","potentialAction":[{"@type":"ReadAction","target":["https:\/\/www.enzo-und-ferdinand.de\/index.php\/2019\/02\/19\/citroen-ami-one-concept\/"]}]},{"@type":"ImageObject","inLanguage":"de","@id":"https:\/\/www.enzo-und-ferdinand.de\/index.php\/2019\/02\/19\/citroen-ami-one-concept\/#primaryimage","url":"https:\/\/www.enzo-und-ferdinand.de\/wp-content\/uploads\/2019\/02\/CL-19.006.008.jpg","contentUrl":"https:\/\/www.enzo-und-ferdinand.de\/wp-content\/uploads\/2019\/02\/CL-19.006.008.jpg","width":810,"height":540,"caption":"Citro\u00ebn Ami One Concept"},{"@type":"BreadcrumbList","@id":"https:\/\/www.enzo-und-ferdinand.de\/index.php\/2019\/02\/19\/citroen-ami-one-concept\/#breadcrumb","itemListElement":[{"@type":"ListItem","position":1,"name":"Startseite","item":"https:\/\/www.enzo-und-ferdinand.de\/"},{"@type":"ListItem","position":2,"name":"Citro\u00ebn Ami One Concept"}]},{"@type":"WebSite","@id":"https:\/\/www.enzo-und-ferdinand.de\/#website","url":"https:\/\/www.enzo-und-ferdinand.de\/","name":"enzo & Ferdinand","description":"","publisher":{"@id":"https:\/\/www.enzo-und-ferdinand.de\/#organization"},"potentialAction":[{"@type":"SearchAction","target":{"@type":"EntryPoint","urlTemplate":"https:\/\/www.enzo-und-ferdinand.de\/?s={search_term_string}"},"query-input":{"@type":"PropertyValueSpecification","valueRequired":true,"valueName":"search_term_string"}}],"inLanguage":"de"},{"@type":"Organization","@id":"https:\/\/www.enzo-und-ferdinand.de\/#organization","name":"enzo & Ferdinand","url":"https:\/\/www.enzo-und-ferdinand.de\/","logo":{"@type":"ImageObject","inLanguage":"de","@id":"https:\/\/www.enzo-und-ferdinand.de\/#\/schema\/logo\/image\/","url":"https:\/\/www.enzo-und-ferdinand.de\/wp-content\/uploads\/2018\/12\/revvvs-icon.png","contentUrl":"https:\/\/www.enzo-und-ferdinand.de\/wp-content\/uploads\/2018\/12\/revvvs-icon.png","width":512,"height":512,"caption":"enzo & Ferdinand"},"image":{"@id":"https:\/\/www.enzo-und-ferdinand.de\/#\/schema\/logo\/image\/"}},{"@type":"Person","@id":"https:\/\/www.enzo-und-ferdinand.de\/#\/schema\/person\/aff2eb9ff87705987c1b9d21fe10b095","name":"Rainer Ro\u00dfbach","image":{"@type":"ImageObject","inLanguage":"de","@id":"https:\/\/www.enzo-und-ferdinand.de\/wp-content\/uploads\/2026\/01\/Rainer-Rossbach-150x150.jpg","url":"https:\/\/www.enzo-und-ferdinand.de\/wp-content\/uploads\/2026\/01\/Rainer-Rossbach-150x150.jpg","contentUrl":"https:\/\/www.enzo-und-ferdinand.de\/wp-content\/uploads\/2026\/01\/Rainer-Rossbach-150x150.jpg","caption":"Rainer Ro\u00dfbach"},"url":"https:\/\/www.enzo-und-ferdinand.de\/index.php\/author\/redaktion\/"}]}},"_links":{"self":[{"href":"https:\/\/www.enzo-und-ferdinand.de\/index.php\/wp-json\/wp\/v2\/posts\/2782","targetHints":{"allow":["GET"]}}],"collection":[{"href":"https:\/\/www.enzo-und-ferdinand.de\/index.php\/wp-json\/wp\/v2\/posts"}],"about":[{"href":"https:\/\/www.enzo-und-ferdinand.de\/index.php\/wp-json\/wp\/v2\/types\/post"}],"author":[{"embeddable":true,"href":"https:\/\/www.enzo-und-ferdinand.de\/index.php\/wp-json\/wp\/v2\/users\/1"}],"replies":[{"embeddable":true,"href":"https:\/\/www.enzo-und-ferdinand.de\/index.php\/wp-json\/wp\/v2\/comments?post=2782"}],"version-history":[{"count":33,"href":"https:\/\/www.enzo-und-ferdinand.de\/index.php\/wp-json\/wp\/v2\/posts\/2782\/revisions"}],"predecessor-version":[{"id":12969,"href":"https:\/\/www.enzo-und-ferdinand.de\/index.php\/wp-json\/wp\/v2\/posts\/2782\/revisions\/12969"}],"wp:featuredmedia":[{"embeddable":true,"href":"https:\/\/www.enzo-und-ferdinand.de\/index.php\/wp-json\/wp\/v2\/media\/2785"}],"wp:attachment":[{"href":"https:\/\/www.enzo-und-ferdinand.de\/index.php\/wp-json\/wp\/v2\/media?parent=2782"}],"wp:term":[{"taxonomy":"category","embeddable":true,"href":"https:\/\/www.enzo-und-ferdinand.de\/index.php\/wp-json\/wp\/v2\/categories?post=2782"},{"taxonomy":"post_tag","embeddable":true,"href":"https:\/\/www.enzo-und-ferdinand.de\/index.php\/wp-json\/wp\/v2\/tags?post=2782"}],"curies":[{"name":"wp","href":"https:\/\/api.w.org\/{rel}","templated":true}]}}