{"id":2817,"date":"2019-02-20T12:54:10","date_gmt":"2019-02-20T11:54:10","guid":{"rendered":"http:\/\/www.enzo-und-ferdinand.de\/?p=2817"},"modified":"2025-12-27T15:36:20","modified_gmt":"2025-12-27T14:36:20","slug":"amg-slc-43-final-edition","status":"publish","type":"post","link":"https:\/\/www.enzo-und-ferdinand.de\/index.php\/2019\/02\/20\/amg-slc-43-final-edition\/","title":{"rendered":"AMG SLC 43 Final Edition"},"content":{"rendered":"\n<figure class=\"wp-block-image\"><img loading=\"lazy\" decoding=\"async\" width=\"810\" height=\"540\" src=\"https:\/\/www.enzo-und-ferdinand.de\/wp-content\/uploads\/2019\/02\/19C0133_010.jpg\" alt=\"AMG SLC 43 Final Edition\" class=\"wp-image-2825\" srcset=\"https:\/\/www.enzo-und-ferdinand.de\/wp-content\/uploads\/2019\/02\/19C0133_010.jpg 810w, https:\/\/www.enzo-und-ferdinand.de\/wp-content\/uploads\/2019\/02\/19C0133_010-300x200.jpg 300w, https:\/\/www.enzo-und-ferdinand.de\/wp-content\/uploads\/2019\/02\/19C0133_010-768x512.jpg 768w, https:\/\/www.enzo-und-ferdinand.de\/wp-content\/uploads\/2019\/02\/19C0133_010-120x80.jpg 120w\" sizes=\"auto, (max-width: 810px) 100vw, 810px\" \/><\/figure>\n\n\n\n<p class=\"wp-block-paragraph\">Nachdem Mercedes-Benz 1994 die Studie des SLK in Turin und Paris gezeigt hatte und die Publikumsreaktionen ausgesprochen positiv waren, ging der kompakte Roadster mit dem innovativen Metalldach 1996 in Produktion. Seitdem war der Zweisitzer fester Bestandteil im Modellprogramm der Stuttgarter.<\/p>\n\n\n\n<p class=\"wp-block-paragraph\">Die aktuelle Baureihe, seit April 2016 im Programm, ist die dritte und letzte. Deshalb gibt es nun eine \u201eFinal Edition\u201c, die mit einer umfangreichen Ausstattung und speziellen Interieurs aufwartet. Spitzenmodell ist der \u201eAMG SLC 43 Final Edition\u201c, der exklusiv in \u201eSonnengelb\u201c ausgeliefert wird, einer Farbe \u00fcbrigens, die unter dem Namen &#8222;Yellowstone&#8220; schon 1996 im Programm war. Aufgewertet wird der Roadster mit Zierelementen in gl\u00e4nzendem Schwarz: dem Frontsplitter, den Finnen der Lufteinl\u00e4sse, Teile der Hecksch\u00fcrze sowie Au\u00dfenspiegel und T\u00fcrgriffe. Mattschwarze AMG-Leichtmetallr\u00e4der mit gelbem Felgenhorn im F\u00fcnf-Speichen-Design unterstreichen zus\u00e4tzlich den dynamischen Charakter des SLK.<\/p>\n\n\n\n<p class=\"wp-block-paragraph\">Innen ist die Lederausstattung zweifarbig in Schwarz und Silber gehalten, die Sicherheitsgurte sind Alpakagrau. Das AMG-Lenkrad mit Nappaleder-Segmenten im Griffbereich hat eine Zw\u00f6lf-Uhr-Markierung in kristallgrau sowie eine \u201eAMG EDITION\u201c Plakette in der Lenkradspange.&nbsp; Komfort bieten eine Kopfraumheizung, die Sitzheizung f\u00fcr Fahrer und Beifahrer sowie das Memory-Paket zur Speicherung der Einstellungen von Au\u00dfenspiegel, Sitzen und Lenks\u00e4ule.<\/p>\n\n\n\n<p class=\"wp-block-paragraph\">Der Antriebsstrang besteht aus dem bekannten 390 PS und 520 Nm starken 3,0-Liter-V6-Biturbomotor in Kombination mit dem AMG-Speedshift-MCT-9G-Getriebe, welches die Wahl l\u00e4sst zwischen sanften oder sportlich-schnellen Gangwechseln. Im \u201eSport+\u201c-Modus etwa bietet der Automat \u00fcberragend kurze Reaktionszeiten durch Zwischengas beim Zur\u00fcckschalten.&nbsp;Ein um zehn Millimeter tiefergelegtes Sportfahrwerk&nbsp; (auf das optional verzichtet werden kann) sowie eine gr\u00f6\u00dfere Bremsanlage mit gelochten Bremsscheiben sorgen f\u00fcr die effiziente Kontrolle der Leistung.<\/p>\n\n\n\n<p class=\"wp-block-paragraph\">Ab dem 22. Februar 2019 kann die \u201eFinal Edition\u201c des AMG SLC 43 geordert werden. Der Preis startet bei 65.045,40 Euro.<\/p>\n\n\n\n<figure class=\"wp-block-image\"><img loading=\"lazy\" decoding=\"async\" width=\"810\" height=\"535\" src=\"https:\/\/www.enzo-und-ferdinand.de\/wp-content\/uploads\/2019\/02\/19C0133_002.jpg\" alt=\"AMG SLC 43 Final Edition\" class=\"wp-image-2826\" srcset=\"https:\/\/www.enzo-und-ferdinand.de\/wp-content\/uploads\/2019\/02\/19C0133_002.jpg 810w, https:\/\/www.enzo-und-ferdinand.de\/wp-content\/uploads\/2019\/02\/19C0133_002-300x198.jpg 300w, https:\/\/www.enzo-und-ferdinand.de\/wp-content\/uploads\/2019\/02\/19C0133_002-768x507.jpg 768w, https:\/\/www.enzo-und-ferdinand.de\/wp-content\/uploads\/2019\/02\/19C0133_002-120x80.jpg 120w\" sizes=\"auto, (max-width: 810px) 100vw, 810px\" \/><\/figure>\n\n\n\n<p style=\"text-align:center\" class=\"has-small-font-size wp-block-paragraph\">Fotos Daimler-Benz\/Text: Rainer Ro\u00dfbach<\/p>\n","protected":false},"excerpt":{"rendered":"<p>Nachdem Mercedes-Benz 1994 die Studie des SLK in Turin und Paris gezeigt hatte und die Publikumsreaktionen ausgesprochen positiv waren, ging der kompakte Roadster mit dem innovativen Metalldach 1996 in Produktion. Seitdem ist der Zweisitzer fester Bestandteil im Modellprogramm der Stuttgarter.<br \/>\nDie aktuelle Baureihe, seit April 2016 im Programm, ist die dritte und letzte. Deshalb gibt es nun eine \u201eFinal Edition\u201c, die mit einer umfangreichen Ausstattung und speziellen Interieurs aufwartet. Spitzenmodell ist der \u201eAMG SLC 43 Final Edition\u201c, der exklusiv in \u201eSonnengelb\u201c ausgeliefert wird, einer Farbe \u00fcbrigens, die unter dem Namen &#8222;Yellowstone&#8220; schon 1996 im Programm war. <\/p>\n","protected":false},"author":1,"featured_media":2824,"comment_status":"closed","ping_status":"closed","sticky":false,"template":"","format":"standard","meta":{"_crdt_document":"","ngg_post_thumbnail":0,"footnotes":""},"categories":[45,23],"tags":[206,149,207],"class_list":["post-2817","post","type-post","status-publish","format-standard","has-post-thumbnail","hentry","category-neues","category-performance","tag-amg","tag-amg-slc-43-final-edition","tag-mercedes-benz"],"yoast_head":"<!-- This site is optimized with the Yoast SEO plugin v27.5 - https:\/\/yoast.com\/product\/yoast-seo-wordpress\/ -->\n<title>AMG SLC 43 Final Edition<\/title>\n<meta name=\"description\" content=\"AMG SLC 43 Final Edition\" \/>\n<meta name=\"robots\" content=\"index, follow, max-snippet:-1, max-image-preview:large, max-video-preview:-1\" \/>\n<link rel=\"canonical\" href=\"https:\/\/www.enzo-und-ferdinand.de\/index.php\/2019\/02\/20\/amg-slc-43-final-edition\/\" \/>\n<meta property=\"og:locale\" content=\"de_DE\" \/>\n<meta property=\"og:type\" content=\"article\" \/>\n<meta property=\"og:title\" content=\"AMG SLC 43 Final Edition\" \/>\n<meta property=\"og:description\" content=\"AMG SLC 43 Final Edition\" \/>\n<meta property=\"og:url\" content=\"https:\/\/www.enzo-und-ferdinand.de\/index.php\/2019\/02\/20\/amg-slc-43-final-edition\/\" \/>\n<meta property=\"og:site_name\" content=\"enzo &amp; Ferdinand\" \/>\n<meta property=\"article:published_time\" content=\"2019-02-20T11:54:10+00:00\" \/>\n<meta property=\"article:modified_time\" content=\"2025-12-27T14:36:20+00:00\" \/>\n<meta property=\"og:image\" content=\"https:\/\/www.enzo-und-ferdinand.de\/wp-content\/uploads\/2019\/02\/19C0133_021.jpg\" \/>\n\t<meta property=\"og:image:width\" content=\"810\" \/>\n\t<meta property=\"og:image:height\" content=\"540\" \/>\n\t<meta property=\"og:image:type\" content=\"image\/jpeg\" \/>\n<meta name=\"author\" content=\"Rainer Ro\u00dfbach\" \/>\n<meta name=\"twitter:card\" content=\"summary_large_image\" \/>\n<meta name=\"twitter:label1\" content=\"Verfasst von\" \/>\n\t<meta name=\"twitter:data1\" content=\"Rainer Ro\u00dfbach\" \/>\n\t<meta name=\"twitter:label2\" content=\"Gesch\u00e4tzte Lesezeit\" \/>\n\t<meta name=\"twitter:data2\" content=\"3\u00a0Minuten\" \/>\n<script type=\"application\/ld+json\" class=\"yoast-schema-graph\">{\"@context\":\"https:\\\/\\\/schema.org\",\"@graph\":[{\"@type\":\"Article\",\"@id\":\"https:\\\/\\\/www.enzo-und-ferdinand.de\\\/index.php\\\/2019\\\/02\\\/20\\\/amg-slc-43-final-edition\\\/#article\",\"isPartOf\":{\"@id\":\"https:\\\/\\\/www.enzo-und-ferdinand.de\\\/index.php\\\/2019\\\/02\\\/20\\\/amg-slc-43-final-edition\\\/\"},\"author\":{\"name\":\"Rainer Ro\u00dfbach\",\"@id\":\"https:\\\/\\\/www.enzo-und-ferdinand.de\\\/#\\\/schema\\\/person\\\/aff2eb9ff87705987c1b9d21fe10b095\"},\"headline\":\"AMG SLC 43 Final Edition\",\"datePublished\":\"2019-02-20T11:54:10+00:00\",\"dateModified\":\"2025-12-27T14:36:20+00:00\",\"mainEntityOfPage\":{\"@id\":\"https:\\\/\\\/www.enzo-und-ferdinand.de\\\/index.php\\\/2019\\\/02\\\/20\\\/amg-slc-43-final-edition\\\/\"},\"wordCount\":295,\"publisher\":{\"@id\":\"https:\\\/\\\/www.enzo-und-ferdinand.de\\\/#organization\"},\"image\":{\"@id\":\"https:\\\/\\\/www.enzo-und-ferdinand.de\\\/index.php\\\/2019\\\/02\\\/20\\\/amg-slc-43-final-edition\\\/#primaryimage\"},\"thumbnailUrl\":\"https:\\\/\\\/www.enzo-und-ferdinand.de\\\/wp-content\\\/uploads\\\/2019\\\/02\\\/19C0133_021.jpg\",\"keywords\":[\"AMG\",\"AMG SLC 43 Final Edition\",\"Mercedes-Benz\"],\"articleSection\":[\"Neues\",\"Performance\"],\"inLanguage\":\"de\"},{\"@type\":\"WebPage\",\"@id\":\"https:\\\/\\\/www.enzo-und-ferdinand.de\\\/index.php\\\/2019\\\/02\\\/20\\\/amg-slc-43-final-edition\\\/\",\"url\":\"https:\\\/\\\/www.enzo-und-ferdinand.de\\\/index.php\\\/2019\\\/02\\\/20\\\/amg-slc-43-final-edition\\\/\",\"name\":\"AMG SLC 43 Final Edition\",\"isPartOf\":{\"@id\":\"https:\\\/\\\/www.enzo-und-ferdinand.de\\\/#website\"},\"primaryImageOfPage\":{\"@id\":\"https:\\\/\\\/www.enzo-und-ferdinand.de\\\/index.php\\\/2019\\\/02\\\/20\\\/amg-slc-43-final-edition\\\/#primaryimage\"},\"image\":{\"@id\":\"https:\\\/\\\/www.enzo-und-ferdinand.de\\\/index.php\\\/2019\\\/02\\\/20\\\/amg-slc-43-final-edition\\\/#primaryimage\"},\"thumbnailUrl\":\"https:\\\/\\\/www.enzo-und-ferdinand.de\\\/wp-content\\\/uploads\\\/2019\\\/02\\\/19C0133_021.jpg\",\"datePublished\":\"2019-02-20T11:54:10+00:00\",\"dateModified\":\"2025-12-27T14:36:20+00:00\",\"description\":\"AMG SLC 43 Final Edition\",\"breadcrumb\":{\"@id\":\"https:\\\/\\\/www.enzo-und-ferdinand.de\\\/index.php\\\/2019\\\/02\\\/20\\\/amg-slc-43-final-edition\\\/#breadcrumb\"},\"inLanguage\":\"de\",\"potentialAction\":[{\"@type\":\"ReadAction\",\"target\":[\"https:\\\/\\\/www.enzo-und-ferdinand.de\\\/index.php\\\/2019\\\/02\\\/20\\\/amg-slc-43-final-edition\\\/\"]}]},{\"@type\":\"ImageObject\",\"inLanguage\":\"de\",\"@id\":\"https:\\\/\\\/www.enzo-und-ferdinand.de\\\/index.php\\\/2019\\\/02\\\/20\\\/amg-slc-43-final-edition\\\/#primaryimage\",\"url\":\"https:\\\/\\\/www.enzo-und-ferdinand.de\\\/wp-content\\\/uploads\\\/2019\\\/02\\\/19C0133_021.jpg\",\"contentUrl\":\"https:\\\/\\\/www.enzo-und-ferdinand.de\\\/wp-content\\\/uploads\\\/2019\\\/02\\\/19C0133_021.jpg\",\"width\":810,\"height\":540,\"caption\":\"AMG SLC 43 Final Edition\"},{\"@type\":\"BreadcrumbList\",\"@id\":\"https:\\\/\\\/www.enzo-und-ferdinand.de\\\/index.php\\\/2019\\\/02\\\/20\\\/amg-slc-43-final-edition\\\/#breadcrumb\",\"itemListElement\":[{\"@type\":\"ListItem\",\"position\":1,\"name\":\"Startseite\",\"item\":\"https:\\\/\\\/www.enzo-und-ferdinand.de\\\/\"},{\"@type\":\"ListItem\",\"position\":2,\"name\":\"AMG SLC 43 Final Edition\"}]},{\"@type\":\"WebSite\",\"@id\":\"https:\\\/\\\/www.enzo-und-ferdinand.de\\\/#website\",\"url\":\"https:\\\/\\\/www.enzo-und-ferdinand.de\\\/\",\"name\":\"enzo & Ferdinand\",\"description\":\"\",\"publisher\":{\"@id\":\"https:\\\/\\\/www.enzo-und-ferdinand.de\\\/#organization\"},\"potentialAction\":[{\"@type\":\"SearchAction\",\"target\":{\"@type\":\"EntryPoint\",\"urlTemplate\":\"https:\\\/\\\/www.enzo-und-ferdinand.de\\\/?s={search_term_string}\"},\"query-input\":{\"@type\":\"PropertyValueSpecification\",\"valueRequired\":true,\"valueName\":\"search_term_string\"}}],\"inLanguage\":\"de\"},{\"@type\":\"Organization\",\"@id\":\"https:\\\/\\\/www.enzo-und-ferdinand.de\\\/#organization\",\"name\":\"enzo & Ferdinand\",\"url\":\"https:\\\/\\\/www.enzo-und-ferdinand.de\\\/\",\"logo\":{\"@type\":\"ImageObject\",\"inLanguage\":\"de\",\"@id\":\"https:\\\/\\\/www.enzo-und-ferdinand.de\\\/#\\\/schema\\\/logo\\\/image\\\/\",\"url\":\"https:\\\/\\\/www.enzo-und-ferdinand.de\\\/wp-content\\\/uploads\\\/2018\\\/12\\\/revvvs-icon.png\",\"contentUrl\":\"https:\\\/\\\/www.enzo-und-ferdinand.de\\\/wp-content\\\/uploads\\\/2018\\\/12\\\/revvvs-icon.png\",\"width\":512,\"height\":512,\"caption\":\"enzo & Ferdinand\"},\"image\":{\"@id\":\"https:\\\/\\\/www.enzo-und-ferdinand.de\\\/#\\\/schema\\\/logo\\\/image\\\/\"}},{\"@type\":\"Person\",\"@id\":\"https:\\\/\\\/www.enzo-und-ferdinand.de\\\/#\\\/schema\\\/person\\\/aff2eb9ff87705987c1b9d21fe10b095\",\"name\":\"Rainer Ro\u00dfbach\",\"image\":{\"@type\":\"ImageObject\",\"inLanguage\":\"de\",\"@id\":\"https:\\\/\\\/www.enzo-und-ferdinand.de\\\/wp-content\\\/uploads\\\/2026\\\/01\\\/Rainer-Rossbach-150x150.jpg\",\"url\":\"https:\\\/\\\/www.enzo-und-ferdinand.de\\\/wp-content\\\/uploads\\\/2026\\\/01\\\/Rainer-Rossbach-150x150.jpg\",\"contentUrl\":\"https:\\\/\\\/www.enzo-und-ferdinand.de\\\/wp-content\\\/uploads\\\/2026\\\/01\\\/Rainer-Rossbach-150x150.jpg\",\"caption\":\"Rainer Ro\u00dfbach\"},\"url\":\"https:\\\/\\\/www.enzo-und-ferdinand.de\\\/index.php\\\/author\\\/redaktion\\\/\"}]}<\/script>\n<!-- \/ Yoast SEO plugin. -->","yoast_head_json":{"title":"AMG SLC 43 Final Edition","description":"AMG SLC 43 Final Edition","robots":{"index":"index","follow":"follow","max-snippet":"max-snippet:-1","max-image-preview":"max-image-preview:large","max-video-preview":"max-video-preview:-1"},"canonical":"https:\/\/www.enzo-und-ferdinand.de\/index.php\/2019\/02\/20\/amg-slc-43-final-edition\/","og_locale":"de_DE","og_type":"article","og_title":"AMG SLC 43 Final Edition","og_description":"AMG SLC 43 Final Edition","og_url":"https:\/\/www.enzo-und-ferdinand.de\/index.php\/2019\/02\/20\/amg-slc-43-final-edition\/","og_site_name":"enzo &amp; Ferdinand","article_published_time":"2019-02-20T11:54:10+00:00","article_modified_time":"2025-12-27T14:36:20+00:00","og_image":[{"width":810,"height":540,"url":"https:\/\/www.enzo-und-ferdinand.de\/wp-content\/uploads\/2019\/02\/19C0133_021.jpg","type":"image\/jpeg"}],"author":"Rainer Ro\u00dfbach","twitter_card":"summary_large_image","twitter_misc":{"Verfasst von":"Rainer Ro\u00dfbach","Gesch\u00e4tzte Lesezeit":"3\u00a0Minuten"},"schema":{"@context":"https:\/\/schema.org","@graph":[{"@type":"Article","@id":"https:\/\/www.enzo-und-ferdinand.de\/index.php\/2019\/02\/20\/amg-slc-43-final-edition\/#article","isPartOf":{"@id":"https:\/\/www.enzo-und-ferdinand.de\/index.php\/2019\/02\/20\/amg-slc-43-final-edition\/"},"author":{"name":"Rainer Ro\u00dfbach","@id":"https:\/\/www.enzo-und-ferdinand.de\/#\/schema\/person\/aff2eb9ff87705987c1b9d21fe10b095"},"headline":"AMG SLC 43 Final Edition","datePublished":"2019-02-20T11:54:10+00:00","dateModified":"2025-12-27T14:36:20+00:00","mainEntityOfPage":{"@id":"https:\/\/www.enzo-und-ferdinand.de\/index.php\/2019\/02\/20\/amg-slc-43-final-edition\/"},"wordCount":295,"publisher":{"@id":"https:\/\/www.enzo-und-ferdinand.de\/#organization"},"image":{"@id":"https:\/\/www.enzo-und-ferdinand.de\/index.php\/2019\/02\/20\/amg-slc-43-final-edition\/#primaryimage"},"thumbnailUrl":"https:\/\/www.enzo-und-ferdinand.de\/wp-content\/uploads\/2019\/02\/19C0133_021.jpg","keywords":["AMG","AMG SLC 43 Final Edition","Mercedes-Benz"],"articleSection":["Neues","Performance"],"inLanguage":"de"},{"@type":"WebPage","@id":"https:\/\/www.enzo-und-ferdinand.de\/index.php\/2019\/02\/20\/amg-slc-43-final-edition\/","url":"https:\/\/www.enzo-und-ferdinand.de\/index.php\/2019\/02\/20\/amg-slc-43-final-edition\/","name":"AMG SLC 43 Final Edition","isPartOf":{"@id":"https:\/\/www.enzo-und-ferdinand.de\/#website"},"primaryImageOfPage":{"@id":"https:\/\/www.enzo-und-ferdinand.de\/index.php\/2019\/02\/20\/amg-slc-43-final-edition\/#primaryimage"},"image":{"@id":"https:\/\/www.enzo-und-ferdinand.de\/index.php\/2019\/02\/20\/amg-slc-43-final-edition\/#primaryimage"},"thumbnailUrl":"https:\/\/www.enzo-und-ferdinand.de\/wp-content\/uploads\/2019\/02\/19C0133_021.jpg","datePublished":"2019-02-20T11:54:10+00:00","dateModified":"2025-12-27T14:36:20+00:00","description":"AMG SLC 43 Final Edition","breadcrumb":{"@id":"https:\/\/www.enzo-und-ferdinand.de\/index.php\/2019\/02\/20\/amg-slc-43-final-edition\/#breadcrumb"},"inLanguage":"de","potentialAction":[{"@type":"ReadAction","target":["https:\/\/www.enzo-und-ferdinand.de\/index.php\/2019\/02\/20\/amg-slc-43-final-edition\/"]}]},{"@type":"ImageObject","inLanguage":"de","@id":"https:\/\/www.enzo-und-ferdinand.de\/index.php\/2019\/02\/20\/amg-slc-43-final-edition\/#primaryimage","url":"https:\/\/www.enzo-und-ferdinand.de\/wp-content\/uploads\/2019\/02\/19C0133_021.jpg","contentUrl":"https:\/\/www.enzo-und-ferdinand.de\/wp-content\/uploads\/2019\/02\/19C0133_021.jpg","width":810,"height":540,"caption":"AMG SLC 43 Final Edition"},{"@type":"BreadcrumbList","@id":"https:\/\/www.enzo-und-ferdinand.de\/index.php\/2019\/02\/20\/amg-slc-43-final-edition\/#breadcrumb","itemListElement":[{"@type":"ListItem","position":1,"name":"Startseite","item":"https:\/\/www.enzo-und-ferdinand.de\/"},{"@type":"ListItem","position":2,"name":"AMG SLC 43 Final Edition"}]},{"@type":"WebSite","@id":"https:\/\/www.enzo-und-ferdinand.de\/#website","url":"https:\/\/www.enzo-und-ferdinand.de\/","name":"enzo & Ferdinand","description":"","publisher":{"@id":"https:\/\/www.enzo-und-ferdinand.de\/#organization"},"potentialAction":[{"@type":"SearchAction","target":{"@type":"EntryPoint","urlTemplate":"https:\/\/www.enzo-und-ferdinand.de\/?s={search_term_string}"},"query-input":{"@type":"PropertyValueSpecification","valueRequired":true,"valueName":"search_term_string"}}],"inLanguage":"de"},{"@type":"Organization","@id":"https:\/\/www.enzo-und-ferdinand.de\/#organization","name":"enzo & Ferdinand","url":"https:\/\/www.enzo-und-ferdinand.de\/","logo":{"@type":"ImageObject","inLanguage":"de","@id":"https:\/\/www.enzo-und-ferdinand.de\/#\/schema\/logo\/image\/","url":"https:\/\/www.enzo-und-ferdinand.de\/wp-content\/uploads\/2018\/12\/revvvs-icon.png","contentUrl":"https:\/\/www.enzo-und-ferdinand.de\/wp-content\/uploads\/2018\/12\/revvvs-icon.png","width":512,"height":512,"caption":"enzo & Ferdinand"},"image":{"@id":"https:\/\/www.enzo-und-ferdinand.de\/#\/schema\/logo\/image\/"}},{"@type":"Person","@id":"https:\/\/www.enzo-und-ferdinand.de\/#\/schema\/person\/aff2eb9ff87705987c1b9d21fe10b095","name":"Rainer Ro\u00dfbach","image":{"@type":"ImageObject","inLanguage":"de","@id":"https:\/\/www.enzo-und-ferdinand.de\/wp-content\/uploads\/2026\/01\/Rainer-Rossbach-150x150.jpg","url":"https:\/\/www.enzo-und-ferdinand.de\/wp-content\/uploads\/2026\/01\/Rainer-Rossbach-150x150.jpg","contentUrl":"https:\/\/www.enzo-und-ferdinand.de\/wp-content\/uploads\/2026\/01\/Rainer-Rossbach-150x150.jpg","caption":"Rainer Ro\u00dfbach"},"url":"https:\/\/www.enzo-und-ferdinand.de\/index.php\/author\/redaktion\/"}]}},"_links":{"self":[{"href":"https:\/\/www.enzo-und-ferdinand.de\/index.php\/wp-json\/wp\/v2\/posts\/2817","targetHints":{"allow":["GET"]}}],"collection":[{"href":"https:\/\/www.enzo-und-ferdinand.de\/index.php\/wp-json\/wp\/v2\/posts"}],"about":[{"href":"https:\/\/www.enzo-und-ferdinand.de\/index.php\/wp-json\/wp\/v2\/types\/post"}],"author":[{"embeddable":true,"href":"https:\/\/www.enzo-und-ferdinand.de\/index.php\/wp-json\/wp\/v2\/users\/1"}],"replies":[{"embeddable":true,"href":"https:\/\/www.enzo-und-ferdinand.de\/index.php\/wp-json\/wp\/v2\/comments?post=2817"}],"version-history":[{"count":24,"href":"https:\/\/www.enzo-und-ferdinand.de\/index.php\/wp-json\/wp\/v2\/posts\/2817\/revisions"}],"predecessor-version":[{"id":2847,"href":"https:\/\/www.enzo-und-ferdinand.de\/index.php\/wp-json\/wp\/v2\/posts\/2817\/revisions\/2847"}],"wp:featuredmedia":[{"embeddable":true,"href":"https:\/\/www.enzo-und-ferdinand.de\/index.php\/wp-json\/wp\/v2\/media\/2824"}],"wp:attachment":[{"href":"https:\/\/www.enzo-und-ferdinand.de\/index.php\/wp-json\/wp\/v2\/media?parent=2817"}],"wp:term":[{"taxonomy":"category","embeddable":true,"href":"https:\/\/www.enzo-und-ferdinand.de\/index.php\/wp-json\/wp\/v2\/categories?post=2817"},{"taxonomy":"post_tag","embeddable":true,"href":"https:\/\/www.enzo-und-ferdinand.de\/index.php\/wp-json\/wp\/v2\/tags?post=2817"}],"curies":[{"name":"wp","href":"https:\/\/api.w.org\/{rel}","templated":true}]}}