{"id":2936,"date":"2019-03-07T09:59:31","date_gmt":"2019-03-07T08:59:31","guid":{"rendered":"http:\/\/www.enzo-und-ferdinand.de\/?p=2936"},"modified":"2025-12-28T11:15:30","modified_gmt":"2025-12-28T10:15:30","slug":"genfer-salon-19-die-exoten","status":"publish","type":"post","link":"https:\/\/www.enzo-und-ferdinand.de\/index.php\/2019\/03\/07\/genfer-salon-19-die-exoten\/","title":{"rendered":"Genfer Salon &#8217;19: Die Exoten"},"content":{"rendered":"\n<figure class=\"wp-block-image is-resized\"><img loading=\"lazy\" decoding=\"async\" src=\"https:\/\/www.enzo-und-ferdinand.de\/wp-content\/uploads\/2019\/03\/DSC_9573.jpg\" alt=\"Stratos\" class=\"wp-image-2940\" width=\"810\" height=\"540\" srcset=\"https:\/\/www.enzo-und-ferdinand.de\/wp-content\/uploads\/2019\/03\/DSC_9573.jpg 810w, https:\/\/www.enzo-und-ferdinand.de\/wp-content\/uploads\/2019\/03\/DSC_9573-300x200.jpg 300w, https:\/\/www.enzo-und-ferdinand.de\/wp-content\/uploads\/2019\/03\/DSC_9573-768x512.jpg 768w, https:\/\/www.enzo-und-ferdinand.de\/wp-content\/uploads\/2019\/03\/DSC_9573-120x80.jpg 120w\" sizes=\"auto, (max-width: 810px) 100vw, 810px\" \/><\/figure>\n\n\n\n<p class=\"wp-block-paragraph\" style=\"font-size:15px\"><strong><em>Manifattura Automobili Torino: New Stratos auf Basis des Ferrari 430 Scuderia.<\/em><\/strong><\/p>\n\n\n\n<p class=\"wp-block-paragraph\">Der Genfer Salon im M\u00e4rz ist traditionell der Laufsteg f\u00fcr automobile Exoten aller Couleur. Wer meint, im Zug von Elektromobilit\u00e4t und &nbsp;Markensterben sei die gro\u00dfe Zeit der Manufakturen vorbei, sieht sich get\u00e4uscht. Zahlreich wie selten zeigten die Hersteller exklusiven Kleinserien ihre neuesten Kreationen.<\/p>\n\n\n\n<p class=\"wp-block-paragraph\">Exemplarisch ist hier die Wiederbelebung der Edelmarke Hispano Suiza. Ihr neuer &#8222;Carmen&#8220; ist inspiriert vom1938er&nbsp;Hispano Suiza Dubonnet Xenia. Als Reminiszenz an das avantgardistische Vorbild entwickelten die Spanier einen besonders aerodynamischen Zweisitzer, der dank zweier Elektromotoren an der Hinterachse 1019 PS (750 kW) mobilisiert und &nbsp;in unter drei Sekunden von null auf 100 Stundenkilometer beschleunigt. Der 1,7-Tonner mit Carbon-Monocoque wird 19mal gebaut und soll 1,5 Millionen Euro kosten.<\/p>\n\n\n\n<p class=\"wp-block-paragraph\">Einen Gegenentwurf zeigt die italienische Manifattura Automobili Torino, deren New Stratos Aura und Idee des Lancia-Klassikers \u00fcberzeugend&nbsp;ins Heute \u00fcbersetzt. &nbsp;Dessen technische Basis stammt ganz traditionell wieder von Ferrari: Maschine und Fahrwerk des 2018er 430 Scuderia sorgen f\u00fcr Agilit\u00e4t und Dynamik. Trotz eines Einstandspreis von etwa einer halben Million Euro gibt es offensichtlich K\u00e4ufer, denn die Manufaktur zeigte die ersten zwei Kundenexemplare auf dem Stand.<\/p>\n\n\n\n<p class=\"wp-block-paragraph\">Das Szene ist also quicklebendig \u2026<\/p>\n\n\n\n<pre class=\"wp-block-code\"><code><div id=\"Block_wpape_gallery_69f4fc21be4ed\" style=\"width:100%; display: none;\"><div id=\"wpape_gallery_69f4fc21be4ed\" data-options=\"wpape_gallery_69f4fc21be4ed\" style=\"width:100%;\" class=\"wpape_gallery\"><div class=\"wpape-img category2945\" ><div class=\"wpape-img-image \"  ><div data-thumbnail=\"https:\/\/www.enzo-und-ferdinand.de\/wp-content\/uploads\/2019\/03\/DSC_9932-300x200.jpg\" title=\"Pininfarina Battista\" data-width=\"300\" data-height=\"200\" ><\/div><div data-popup=\"https:\/\/www.enzo-und-ferdinand.de\/wp-content\/uploads\/2019\/03\/DSC_9932.jpg\"  title=\"Pininfarina Battista\"><\/div><div class=\"thumbnail-overlay\"><div class=\"wpapeTitle \">Pininfarina Battista<\/div><div class=\"wpapeIcons\"><i class=\"fa fa-search-plus wpapeZoomIcon  wpape-lightbox\" ><\/i><\/div><div class=\"wpapeDesc \">Elektrisch\/1900 PS<\/div><\/div><\/div><\/div><div class=\"wpape-img category2945\" ><div class=\"wpape-img-image \"  ><div data-thumbnail=\"https:\/\/www.enzo-und-ferdinand.de\/wp-content\/uploads\/2019\/03\/DSC_9592-300x200.jpg\" title=\"SMART FOREASE+\" data-width=\"300\" data-height=\"200\" ><\/div><div data-popup=\"https:\/\/www.enzo-und-ferdinand.de\/wp-content\/uploads\/2019\/03\/DSC_9592.jpg\"  title=\"SMART FOREASE+\"><\/div><div class=\"thumbnail-overlay\"><div class=\"wpapeTitle \">SMART FOREASE+<\/div><div class=\"wpapeIcons\"><i class=\"fa fa-search-plus wpapeZoomIcon  wpape-lightbox\" ><\/i><\/div><div class=\"wpapeDesc \">Speedster Studie<\/div><\/div><\/div><\/div><div class=\"wpape-img category2945\" ><div class=\"wpape-img-image \"  ><div data-thumbnail=\"https:\/\/www.enzo-und-ferdinand.de\/wp-content\/uploads\/2019\/03\/DSC_9752-300x200.jpg\" title=\"Sbarro Renner\" data-width=\"300\" data-height=\"200\" ><\/div><div data-popup=\"https:\/\/www.enzo-und-ferdinand.de\/wp-content\/uploads\/2019\/03\/DSC_9752.jpg\"  title=\"Sbarro Renner\"><\/div><div class=\"thumbnail-overlay\"><div class=\"wpapeTitle \">Sbarro Renner<\/div><div class=\"wpapeIcons\"><i class=\"fa fa-search-plus wpapeZoomIcon  wpape-lightbox\" ><\/i><\/div><div class=\"wpapeDesc \">Sechszylinder-Turbo-Boxer\/300 PS<\/div><\/div><\/div><\/div><div class=\"wpape-img category2945\" ><div class=\"wpape-img-image \"  ><div data-thumbnail=\"https:\/\/www.enzo-und-ferdinand.de\/wp-content\/uploads\/2019\/03\/DSC_9865-300x200.jpg\" title=\"Pi\u00ebch Mark Zero\" data-width=\"300\" data-height=\"200\" ><\/div><div data-popup=\"https:\/\/www.enzo-und-ferdinand.de\/wp-content\/uploads\/2019\/03\/DSC_9865.jpg\"  title=\"Pi\u00ebch Mark Zero\"><\/div><div class=\"thumbnail-overlay\"><div class=\"wpapeTitle \">Pi\u00ebch Mark Zero<\/div><div class=\"wpapeIcons\"><i class=\"fa fa-search-plus wpapeZoomIcon  wpape-lightbox\" ><\/i><\/div><div class=\"wpapeDesc \">Elektrisch\/3x150kW<\/div><\/div><\/div><\/div><div class=\"wpape-img category2945\" ><div class=\"wpape-img-image \"  ><div data-thumbnail=\"https:\/\/www.enzo-und-ferdinand.de\/wp-content\/uploads\/2019\/03\/DSC_9896-1-300x200.jpg\" title=\"Koenigsegg Jesko\" data-width=\"300\" data-height=\"200\" ><\/div><div data-popup=\"https:\/\/www.enzo-und-ferdinand.de\/wp-content\/uploads\/2019\/03\/DSC_9896-1.jpg\"  title=\"Koenigsegg Jesko\"><\/div><div class=\"thumbnail-overlay\"><div class=\"wpapeTitle \">Koenigsegg Jesko<\/div><div class=\"wpapeIcons\"><i class=\"fa fa-search-plus wpapeZoomIcon  wpape-lightbox\" ><\/i><\/div><div class=\"wpapeDesc \">F\u00fcnfliter-V8-Twinturbo\/bis 1600 PS<\/div><\/div><\/div><\/div><div class=\"wpape-img category2945\" ><div class=\"wpape-img-image \"  ><div data-thumbnail=\"https:\/\/www.enzo-und-ferdinand.de\/wp-content\/uploads\/2019\/03\/DSC_9726-300x200.jpg\" title=\"Rimac\" data-width=\"300\" data-height=\"200\" ><\/div><div data-popup=\"https:\/\/www.enzo-und-ferdinand.de\/wp-content\/uploads\/2019\/03\/DSC_9726.jpg\"  title=\"Rimac\"><\/div><div class=\"thumbnail-overlay\"><div class=\"wpapeTitle \">Rimac<\/div><div class=\"wpapeIcons\"><i class=\"fa fa-search-plus wpapeZoomIcon  wpape-lightbox\" ><\/i><\/div><div class=\"wpapeDesc \">1.900 PS\/2.300 Nm<\/div><\/div><\/div><\/div><div class=\"wpape-img category2945\" ><div class=\"wpape-img-image \"  ><div data-thumbnail=\"https:\/\/www.enzo-und-ferdinand.de\/wp-content\/uploads\/2019\/03\/DSC_9741-300x200.jpg\" title=\"Mole Almas\" data-width=\"300\" data-height=\"200\" ><\/div><div data-popup=\"https:\/\/www.enzo-und-ferdinand.de\/wp-content\/uploads\/2019\/03\/DSC_9741.jpg\"  title=\"Mole Almas\"><\/div><div class=\"thumbnail-overlay\"><div class=\"wpapeTitle \">Mole Almas<\/div><div class=\"wpapeIcons\"><i class=\"fa fa-search-plus wpapeZoomIcon  wpape-lightbox\" ><\/i><\/div><div class=\"wpapeDesc \">Mole Costruzione Artigianale<\/div><\/div><\/div><\/div><div class=\"wpape-img category2945\" ><div class=\"wpape-img-image \"  ><div data-thumbnail=\"https:\/\/www.enzo-und-ferdinand.de\/wp-content\/uploads\/2019\/03\/DSC_9762-300x200.jpg\" title=\"ItalDesign DaVinci\" data-width=\"300\" data-height=\"200\" ><\/div><div data-popup=\"https:\/\/www.enzo-und-ferdinand.de\/wp-content\/uploads\/2019\/03\/DSC_9762.jpg\"  title=\"ItalDesign DaVinci\"><\/div><div class=\"thumbnail-overlay\"><div class=\"wpapeTitle \">ItalDesign DaVinci<\/div><div class=\"wpapeIcons\"><i class=\"fa fa-search-plus wpapeZoomIcon  wpape-lightbox\" ><\/i><\/div><div class=\"wpapeDesc \">V8\/Vierliter<\/div><\/div><\/div><\/div><div class=\"wpape-img category2945\" ><div class=\"wpape-img-image \"  ><div data-thumbnail=\"https:\/\/www.enzo-und-ferdinand.de\/wp-content\/uploads\/2019\/03\/DSC_9812-300x200.jpg\" title=\"GFG Style Kangaroo\" data-width=\"300\" data-height=\"200\" ><\/div><div data-popup=\"https:\/\/www.enzo-und-ferdinand.de\/wp-content\/uploads\/2019\/03\/DSC_9812.jpg\"  title=\"GFG Style Kangaroo\"><\/div><div class=\"thumbnail-overlay\"><div class=\"wpapeTitle \">GFG Style Kangaroo<\/div><div class=\"wpapeIcons\"><i class=\"fa fa-search-plus wpapeZoomIcon  wpape-lightbox\" ><\/i><\/div><div class=\"wpapeDesc \">Elektrisches Hyper-SUV<\/div><\/div><\/div><\/div><div class=\"wpape-img category2945\" ><div class=\"wpape-img-image \"  ><div data-thumbnail=\"https:\/\/www.enzo-und-ferdinand.de\/wp-content\/uploads\/2019\/03\/DSC_9819-300x200.jpg\" title=\"Nissan GT-R50 by Italdesign\" data-width=\"300\" data-height=\"200\" ><\/div><div data-popup=\"https:\/\/www.enzo-und-ferdinand.de\/wp-content\/uploads\/2019\/03\/DSC_9819.jpg\"  title=\"Nissan GT-R50 by Italdesign\"><\/div><div class=\"thumbnail-overlay\"><div class=\"wpapeTitle \">Nissan GT-R50 by Italdesign<\/div><div class=\"wpapeIcons\"><i class=\"fa fa-search-plus wpapeZoomIcon  wpape-lightbox\" ><\/i><\/div><div class=\"wpapeDesc \">3,8-Liter-V6-Biturbo\/720 PS<\/div><\/div><\/div><\/div><div class=\"wpape-img category2945\" ><div class=\"wpape-img-image \"  ><div data-thumbnail=\"https:\/\/www.enzo-und-ferdinand.de\/wp-content\/uploads\/2019\/03\/DSC_9872-300x200.jpg\" title=\"Arcfox-GT\" data-width=\"300\" data-height=\"200\" ><\/div><div data-popup=\"https:\/\/www.enzo-und-ferdinand.de\/wp-content\/uploads\/2019\/03\/DSC_9872.jpg\"  title=\"Arcfox-GT\"><\/div><div class=\"thumbnail-overlay\"><div class=\"wpapeTitle \">Arcfox-GT<\/div><div class=\"wpapeIcons\"><i class=\"fa fa-search-plus wpapeZoomIcon  wpape-lightbox\" ><\/i><\/div><div class=\"wpapeDesc \">1632 PS\/1320 Nm<\/div><\/div><\/div><\/div><div class=\"wpape-img category2945\" ><div class=\"wpape-img-image \"  ><div data-thumbnail=\"https:\/\/www.enzo-und-ferdinand.de\/wp-content\/uploads\/2019\/03\/DSC_9898-300x200.jpg\" title=\"Zenvo TSR-S\" data-width=\"300\" data-height=\"200\" ><\/div><div data-popup=\"https:\/\/www.enzo-und-ferdinand.de\/wp-content\/uploads\/2019\/03\/DSC_9898.jpg\"  title=\"Zenvo TSR-S\"><\/div><div class=\"thumbnail-overlay\"><div class=\"wpapeTitle \">Zenvo TSR-S<\/div><div class=\"wpapeIcons\"><i class=\"fa fa-search-plus wpapeZoomIcon  wpape-lightbox\" ><\/i><\/div><div class=\"wpapeDesc \">5,8 Liter-V8\/bis 1.177 PS<\/div><\/div><\/div><\/div><div class=\"wpape-img category2945\" ><div class=\"wpape-img-image \"  ><div data-thumbnail=\"https:\/\/www.enzo-und-ferdinand.de\/wp-content\/uploads\/2019\/03\/DSC_9907-300x200.jpg\" title=\"Golden Sahara II\" data-width=\"300\" data-height=\"200\" ><\/div><div data-popup=\"https:\/\/www.enzo-und-ferdinand.de\/wp-content\/uploads\/2019\/03\/DSC_9907.jpg\"  title=\"Golden Sahara II\"><\/div><div class=\"thumbnail-overlay\"><div class=\"wpapeTitle \">Golden Sahara II<\/div><div class=\"wpapeIcons\"><i class=\"fa fa-search-plus wpapeZoomIcon  wpape-lightbox\" ><\/i><\/div><div class=\"wpapeDesc \">Showcar, 1954<\/div><\/div><\/div><\/div><div class=\"wpape-img category2945\" ><div class=\"wpape-img-image \"  ><div data-thumbnail=\"https:\/\/www.enzo-und-ferdinand.de\/wp-content\/uploads\/2019\/03\/DSC_9925-300x200.jpg\" title=\"Touring Sci\u00e0dipersia\" data-width=\"300\" data-height=\"200\" ><\/div><div data-popup=\"https:\/\/www.enzo-und-ferdinand.de\/wp-content\/uploads\/2019\/03\/DSC_9925.jpg\"  title=\"Touring Sci\u00e0dipersia\"><\/div><div class=\"thumbnail-overlay\"><div class=\"wpapeTitle \">Touring Sci\u00e0dipersia<\/div><div class=\"wpapeIcons\"><i class=\"fa fa-search-plus wpapeZoomIcon  wpape-lightbox\" ><\/i><\/div><div class=\"wpapeDesc \">Carrozzeria Touring Superleggera<\/div><\/div><\/div><\/div><div class=\"wpape-img category2945\" ><div class=\"wpape-img-image \"  ><div data-thumbnail=\"https:\/\/www.enzo-und-ferdinand.de\/wp-content\/uploads\/2019\/03\/DSC_9939-300x200.jpg\" title=\"Puritalia Berlinetta\" data-width=\"300\" data-height=\"200\" ><\/div><div data-popup=\"https:\/\/www.enzo-und-ferdinand.de\/wp-content\/uploads\/2019\/03\/DSC_9939.jpg\"  title=\"Puritalia Berlinetta\"><\/div><div class=\"thumbnail-overlay\"><div class=\"wpapeTitle \">Puritalia Berlinetta<\/div><div class=\"wpapeIcons\"><i class=\"fa fa-search-plus wpapeZoomIcon  wpape-lightbox\" ><\/i><\/div><div class=\"wpapeDesc \">Hybrid\/965 PS<\/div><\/div><\/div><\/div><div class=\"wpape-img category2945\" ><div class=\"wpape-img-image \"  ><div data-thumbnail=\"https:\/\/www.enzo-und-ferdinand.de\/wp-content\/uploads\/2019\/03\/DSC_9948-300x200.jpg\" title=\"Eadon Green Black Cuillin\" data-width=\"300\" data-height=\"200\" ><\/div><div data-popup=\"https:\/\/www.enzo-und-ferdinand.de\/wp-content\/uploads\/2019\/03\/DSC_9948.jpg\"  title=\"Eadon Green Black Cuillin\"><\/div><div class=\"thumbnail-overlay\"><div class=\"wpapeTitle \">Eadon Green Black Cuillin<\/div><div class=\"wpapeIcons\"><i class=\"fa fa-search-plus wpapeZoomIcon  wpape-lightbox\" ><\/i><\/div><div class=\"wpapeDesc \">V12\/270 km\/h<\/div><\/div><\/div><\/div><div class=\"wpape-img category2945\" ><div class=\"wpape-img-image \"  ><div data-thumbnail=\"https:\/\/www.enzo-und-ferdinand.de\/wp-content\/uploads\/2019\/03\/DSC_9986-300x200.jpg\" title=\"Engler FF Superquad\" data-width=\"300\" data-height=\"200\" ><\/div><div data-popup=\"https:\/\/www.enzo-und-ferdinand.de\/wp-content\/uploads\/2019\/03\/DSC_9986.jpg\"  title=\"Engler FF Superquad\"><\/div><div class=\"thumbnail-overlay\"><div class=\"wpapeTitle \">Engler FF Superquad<\/div><div class=\"wpapeIcons\"><i class=\"fa fa-search-plus wpapeZoomIcon  wpape-lightbox\" ><\/i><\/div><div class=\"wpapeDesc \">5,2-Liter-V10\/800 PS<\/div><\/div><\/div><\/div><div class=\"wpape-img category2945\" ><div class=\"wpape-img-image \"  ><div data-thumbnail=\"https:\/\/www.enzo-und-ferdinand.de\/wp-content\/uploads\/2019\/03\/DSC_9685-300x200.jpg\" title=\"Devinci\" data-width=\"300\" data-height=\"200\" ><\/div><div data-popup=\"https:\/\/www.enzo-und-ferdinand.de\/wp-content\/uploads\/2019\/03\/DSC_9685.jpg\"  title=\"Devinci\"><\/div><div class=\"thumbnail-overlay\"><div class=\"wpapeTitle \">Devinci<\/div><div class=\"wpapeIcons\"><i class=\"fa fa-search-plus wpapeZoomIcon  wpape-lightbox\" ><\/i><\/div><div class=\"wpapeDesc \">Elektrisch\/110 km\/h<\/div><\/div><\/div><\/div><\/div><\/div><script>var wpape_gallery_69f4fc21be4ed = {\"filterContainer\": \"#wpape_gallery_69f4fc21be4edfilter\", \"touch\": 1, \"columns\": 2, \"columnWidth\": \"auto\", \"resolutions\": [{\"columnWidth\": \"auto\" , \"columns\":2 , \"maxWidth\": 960} , {\"columnWidth\": \"auto\" , \"columns\":2 , \"maxWidth\": 650} , {\"columnWidth\": \"auto\" , \"columns\":1 , \"maxWidth\": 450}], \"overlayEffect\": \"direction-aware-fade\", \"boxesToLoadStart\": \"12\", \"boxesToLoad\": \"8\", \"lazyLoad\": true, \"LoadingWord\": \"Gallery images loading\", \"loadMoreWord\": \"More images\", \"noMoreEntriesWord\": \"No images\", \"loadMoreClass\": \" apebtn apebtn-flat apebtn-primary \", \"horizontalSpaceBetweenBoxes\": 15, \"verticalSpaceBetweenBoxes\": 15}, wpape_gallery_69f4fc21be4ed_css = \"body .mfp-ready.mfp-bg{background-color: rgba(11, 11, 11, 0.8);}#wpape_gallery_69f4fc21be4ed .wpape-img-container{ -webkit-border-radius: 0px;-moz-border-radius: 0px;border-radius: 0px;}#wpape_gallery_69f4fc21be4ed .wpapeTitle{ font-size:12px; line-height:130%; color:rgb(255, 255, 255); font-weight:bold; font-style:normal; text-decoration:none;}#wpape_gallery_69f4fc21be4ed .wpapeTitle:hover{color:rgb(255, 255, 255);}#wpape_gallery_69f4fc21be4ed .wpapeDesc{ font-size:10px; line-height:130%; color:rgb(255, 255, 255); font-weight:normal; font-style:normal; text-decoration:none;}#wpape_gallery_69f4fc21be4ed .wpapeDesc:hover{color:rgb(255, 255, 255);}#wpape_gallery_69f4fc21be4ed .thumbnail-overlay{background:rgba(7, 7, 7, 0.5);}#wpape_gallery_69f4fc21be4ed .wpapeZoomIcon{ font-size:20px; line-height:88%; color:rgb(255, 255, 255);background:rgba(0, 0, 0, 0);}#wpape_gallery_69f4fc21be4ed .wpapeZoomIcon:hover{color:rgb(255, 255, 255);background:rgba(0, 0, 0, 0);}#wpape_gallery_69f4fc21be4ed .image-with-dimensions{background-color: rgb(255, 255, 255);}body .mfp-title, body .mfp-counter{color: rgb(243, 243, 243);}\",apeGalleryDelay = 0; head = document.head || document.getElementsByTagName(\"head\")[0], style = document.createElement(\"style\"); style.type = \"text\/css\"; if (style.styleSheet) style.styleSheet.cssText = wpape_gallery_69f4fc21be4ed_css; \telse  style.appendChild(document.createTextNode(wpape_gallery_69f4fc21be4ed_css)); head.appendChild(style);<\/script><\/code><\/pre>\n\n\n\n<p style=\"text-align:center\" class=\"has-small-font-size wp-block-paragraph\">Fotos\/Text: Rainer Ro\u00dfbach<\/p>\n","protected":false},"excerpt":{"rendered":"<p>Der Genfer Salon im M\u00e4rz ist traditionell der Laufsteg f\u00fcr automobile Exoten aller Couleur. Wer meint, im Zug von Elektromobilit\u00e4t und  Markensterben sei die gro\u00dfe Zeit der Manufakturen vorbei, sieht sich get\u00e4uscht. Zahlreich wie selten zeigten die Hersteller exklusiven Kleinserien ihre neuesten Kreationen.<br \/>\nExemplarisch ist hier die Wiederbelebung der Edelmarke Hispano Suiza. Ihr neuer &#8222;Carmen&#8220; ist inspiriert vom1938er Hispano Suiza Dubonnet Xenia. Als Reminiszenz an das avantgardistische Vorbild entwickelten die Spanier einen besonders aerodynamischen Zweisitzer, der dank zweier Elektromotoren an der Hinterachse 1019 PS (750 kW) mobilisiert und  in unter drei Sekunden von null auf 100 Stundenkilometer beschleunigt.<\/p>\n","protected":false},"author":1,"featured_media":2942,"comment_status":"closed","ping_status":"closed","sticky":false,"template":"","format":"standard","meta":{"_crdt_document":"","ngg_post_thumbnail":0,"footnotes":""},"categories":[14,4,24],"tags":[156],"class_list":["post-2936","post","type-post","status-publish","format-standard","has-post-thumbnail","hentry","category-events","category-studien","category-unikate","tag-genf-2019"],"yoast_head":"<!-- This site is optimized with the Yoast SEO plugin v27.5 - https:\/\/yoast.com\/product\/yoast-seo-wordpress\/ -->\n<title>Genfer Salon &#039;19: Die Exoten<\/title>\n<meta name=\"description\" content=\"Genf 2019 Pininfarina Battista SMART FOREASE+ Sbarro Renner Pi\u00ebch Mark Zero Koenigsegg Jesko Rimac Mole Almas ItalDesign DaVinci GFG Style Kangaroo Nissan GT-R50 by Italdesign Arcfox-GT Zenvo TSR-S Golden Sahara II Touring Sci\u00e0dipersia Puritalia Berlinetta Eadon Green Black Cuillin Engler FF Superquad Devinci\" \/>\n<meta name=\"robots\" content=\"index, follow, max-snippet:-1, max-image-preview:large, max-video-preview:-1\" \/>\n<link rel=\"canonical\" href=\"https:\/\/www.enzo-und-ferdinand.de\/index.php\/2019\/03\/07\/genfer-salon-19-die-exoten\/\" \/>\n<meta property=\"og:locale\" content=\"de_DE\" \/>\n<meta property=\"og:type\" content=\"article\" \/>\n<meta property=\"og:title\" content=\"Genfer Salon &#039;19: Die Exoten\" \/>\n<meta property=\"og:description\" content=\"Genf 2019 Pininfarina Battista SMART FOREASE+ Sbarro Renner Pi\u00ebch Mark Zero Koenigsegg Jesko Rimac Mole Almas ItalDesign DaVinci GFG Style Kangaroo Nissan GT-R50 by Italdesign Arcfox-GT Zenvo TSR-S Golden Sahara II Touring Sci\u00e0dipersia Puritalia Berlinetta Eadon Green Black Cuillin Engler FF Superquad Devinci\" \/>\n<meta property=\"og:url\" content=\"https:\/\/www.enzo-und-ferdinand.de\/index.php\/2019\/03\/07\/genfer-salon-19-die-exoten\/\" \/>\n<meta property=\"og:site_name\" content=\"enzo &amp; Ferdinand\" \/>\n<meta property=\"article:published_time\" content=\"2019-03-07T08:59:31+00:00\" \/>\n<meta property=\"article:modified_time\" content=\"2025-12-28T10:15:30+00:00\" \/>\n<meta property=\"og:image\" content=\"https:\/\/www.enzo-und-ferdinand.de\/wp-content\/uploads\/2019\/03\/Genf19-1-1.jpg\" \/>\n\t<meta property=\"og:image:width\" content=\"810\" \/>\n\t<meta property=\"og:image:height\" content=\"540\" \/>\n\t<meta property=\"og:image:type\" content=\"image\/jpeg\" \/>\n<meta name=\"author\" content=\"Rainer Ro\u00dfbach\" \/>\n<meta name=\"twitter:card\" content=\"summary_large_image\" \/>\n<meta name=\"twitter:label1\" content=\"Verfasst von\" \/>\n\t<meta name=\"twitter:data1\" content=\"Rainer Ro\u00dfbach\" \/>\n\t<meta name=\"twitter:label2\" content=\"Gesch\u00e4tzte Lesezeit\" \/>\n\t<meta name=\"twitter:data2\" content=\"2\u00a0Minuten\" \/>\n<script type=\"application\/ld+json\" class=\"yoast-schema-graph\">{\"@context\":\"https:\\\/\\\/schema.org\",\"@graph\":[{\"@type\":\"Article\",\"@id\":\"https:\\\/\\\/www.enzo-und-ferdinand.de\\\/index.php\\\/2019\\\/03\\\/07\\\/genfer-salon-19-die-exoten\\\/#article\",\"isPartOf\":{\"@id\":\"https:\\\/\\\/www.enzo-und-ferdinand.de\\\/index.php\\\/2019\\\/03\\\/07\\\/genfer-salon-19-die-exoten\\\/\"},\"author\":{\"name\":\"Rainer Ro\u00dfbach\",\"@id\":\"https:\\\/\\\/www.enzo-und-ferdinand.de\\\/#\\\/schema\\\/person\\\/aff2eb9ff87705987c1b9d21fe10b095\"},\"headline\":\"Genfer Salon &#8217;19: Die Exoten\",\"datePublished\":\"2019-03-07T08:59:31+00:00\",\"dateModified\":\"2025-12-28T10:15:30+00:00\",\"mainEntityOfPage\":{\"@id\":\"https:\\\/\\\/www.enzo-und-ferdinand.de\\\/index.php\\\/2019\\\/03\\\/07\\\/genfer-salon-19-die-exoten\\\/\"},\"wordCount\":209,\"publisher\":{\"@id\":\"https:\\\/\\\/www.enzo-und-ferdinand.de\\\/#organization\"},\"image\":{\"@id\":\"https:\\\/\\\/www.enzo-und-ferdinand.de\\\/index.php\\\/2019\\\/03\\\/07\\\/genfer-salon-19-die-exoten\\\/#primaryimage\"},\"thumbnailUrl\":\"https:\\\/\\\/www.enzo-und-ferdinand.de\\\/wp-content\\\/uploads\\\/2019\\\/03\\\/Genf19-1-1.jpg\",\"keywords\":[\"Genf 2019\"],\"articleSection\":[\"Events\",\"Studien\",\"Unikate\"],\"inLanguage\":\"de\"},{\"@type\":\"WebPage\",\"@id\":\"https:\\\/\\\/www.enzo-und-ferdinand.de\\\/index.php\\\/2019\\\/03\\\/07\\\/genfer-salon-19-die-exoten\\\/\",\"url\":\"https:\\\/\\\/www.enzo-und-ferdinand.de\\\/index.php\\\/2019\\\/03\\\/07\\\/genfer-salon-19-die-exoten\\\/\",\"name\":\"Genfer Salon '19: Die Exoten\",\"isPartOf\":{\"@id\":\"https:\\\/\\\/www.enzo-und-ferdinand.de\\\/#website\"},\"primaryImageOfPage\":{\"@id\":\"https:\\\/\\\/www.enzo-und-ferdinand.de\\\/index.php\\\/2019\\\/03\\\/07\\\/genfer-salon-19-die-exoten\\\/#primaryimage\"},\"image\":{\"@id\":\"https:\\\/\\\/www.enzo-und-ferdinand.de\\\/index.php\\\/2019\\\/03\\\/07\\\/genfer-salon-19-die-exoten\\\/#primaryimage\"},\"thumbnailUrl\":\"https:\\\/\\\/www.enzo-und-ferdinand.de\\\/wp-content\\\/uploads\\\/2019\\\/03\\\/Genf19-1-1.jpg\",\"datePublished\":\"2019-03-07T08:59:31+00:00\",\"dateModified\":\"2025-12-28T10:15:30+00:00\",\"description\":\"Genf 2019 Pininfarina Battista SMART FOREASE+ Sbarro Renner Pi\u00ebch Mark Zero Koenigsegg Jesko Rimac Mole Almas ItalDesign DaVinci GFG Style Kangaroo Nissan GT-R50 by Italdesign Arcfox-GT Zenvo TSR-S Golden Sahara II Touring Sci\u00e0dipersia Puritalia Berlinetta Eadon Green Black Cuillin Engler FF Superquad Devinci\",\"breadcrumb\":{\"@id\":\"https:\\\/\\\/www.enzo-und-ferdinand.de\\\/index.php\\\/2019\\\/03\\\/07\\\/genfer-salon-19-die-exoten\\\/#breadcrumb\"},\"inLanguage\":\"de\",\"potentialAction\":[{\"@type\":\"ReadAction\",\"target\":[\"https:\\\/\\\/www.enzo-und-ferdinand.de\\\/index.php\\\/2019\\\/03\\\/07\\\/genfer-salon-19-die-exoten\\\/\"]}]},{\"@type\":\"ImageObject\",\"inLanguage\":\"de\",\"@id\":\"https:\\\/\\\/www.enzo-und-ferdinand.de\\\/index.php\\\/2019\\\/03\\\/07\\\/genfer-salon-19-die-exoten\\\/#primaryimage\",\"url\":\"https:\\\/\\\/www.enzo-und-ferdinand.de\\\/wp-content\\\/uploads\\\/2019\\\/03\\\/Genf19-1-1.jpg\",\"contentUrl\":\"https:\\\/\\\/www.enzo-und-ferdinand.de\\\/wp-content\\\/uploads\\\/2019\\\/03\\\/Genf19-1-1.jpg\",\"width\":810,\"height\":540,\"caption\":\"Genf 2019 Hispano-Suiza\"},{\"@type\":\"BreadcrumbList\",\"@id\":\"https:\\\/\\\/www.enzo-und-ferdinand.de\\\/index.php\\\/2019\\\/03\\\/07\\\/genfer-salon-19-die-exoten\\\/#breadcrumb\",\"itemListElement\":[{\"@type\":\"ListItem\",\"position\":1,\"name\":\"Startseite\",\"item\":\"https:\\\/\\\/www.enzo-und-ferdinand.de\\\/\"},{\"@type\":\"ListItem\",\"position\":2,\"name\":\"Genfer Salon &#8217;19: Die Exoten\"}]},{\"@type\":\"WebSite\",\"@id\":\"https:\\\/\\\/www.enzo-und-ferdinand.de\\\/#website\",\"url\":\"https:\\\/\\\/www.enzo-und-ferdinand.de\\\/\",\"name\":\"enzo & Ferdinand\",\"description\":\"\",\"publisher\":{\"@id\":\"https:\\\/\\\/www.enzo-und-ferdinand.de\\\/#organization\"},\"potentialAction\":[{\"@type\":\"SearchAction\",\"target\":{\"@type\":\"EntryPoint\",\"urlTemplate\":\"https:\\\/\\\/www.enzo-und-ferdinand.de\\\/?s={search_term_string}\"},\"query-input\":{\"@type\":\"PropertyValueSpecification\",\"valueRequired\":true,\"valueName\":\"search_term_string\"}}],\"inLanguage\":\"de\"},{\"@type\":\"Organization\",\"@id\":\"https:\\\/\\\/www.enzo-und-ferdinand.de\\\/#organization\",\"name\":\"enzo & Ferdinand\",\"url\":\"https:\\\/\\\/www.enzo-und-ferdinand.de\\\/\",\"logo\":{\"@type\":\"ImageObject\",\"inLanguage\":\"de\",\"@id\":\"https:\\\/\\\/www.enzo-und-ferdinand.de\\\/#\\\/schema\\\/logo\\\/image\\\/\",\"url\":\"https:\\\/\\\/www.enzo-und-ferdinand.de\\\/wp-content\\\/uploads\\\/2018\\\/12\\\/revvvs-icon.png\",\"contentUrl\":\"https:\\\/\\\/www.enzo-und-ferdinand.de\\\/wp-content\\\/uploads\\\/2018\\\/12\\\/revvvs-icon.png\",\"width\":512,\"height\":512,\"caption\":\"enzo & Ferdinand\"},\"image\":{\"@id\":\"https:\\\/\\\/www.enzo-und-ferdinand.de\\\/#\\\/schema\\\/logo\\\/image\\\/\"}},{\"@type\":\"Person\",\"@id\":\"https:\\\/\\\/www.enzo-und-ferdinand.de\\\/#\\\/schema\\\/person\\\/aff2eb9ff87705987c1b9d21fe10b095\",\"name\":\"Rainer Ro\u00dfbach\",\"image\":{\"@type\":\"ImageObject\",\"inLanguage\":\"de\",\"@id\":\"https:\\\/\\\/www.enzo-und-ferdinand.de\\\/wp-content\\\/uploads\\\/2026\\\/01\\\/Rainer-Rossbach-150x150.jpg\",\"url\":\"https:\\\/\\\/www.enzo-und-ferdinand.de\\\/wp-content\\\/uploads\\\/2026\\\/01\\\/Rainer-Rossbach-150x150.jpg\",\"contentUrl\":\"https:\\\/\\\/www.enzo-und-ferdinand.de\\\/wp-content\\\/uploads\\\/2026\\\/01\\\/Rainer-Rossbach-150x150.jpg\",\"caption\":\"Rainer Ro\u00dfbach\"},\"url\":\"https:\\\/\\\/www.enzo-und-ferdinand.de\\\/index.php\\\/author\\\/redaktion\\\/\"}]}<\/script>\n<!-- \/ Yoast SEO plugin. -->","yoast_head_json":{"title":"Genfer Salon '19: Die Exoten","description":"Genf 2019 Pininfarina Battista SMART FOREASE+ Sbarro Renner Pi\u00ebch Mark Zero Koenigsegg Jesko Rimac Mole Almas ItalDesign DaVinci GFG Style Kangaroo Nissan GT-R50 by Italdesign Arcfox-GT Zenvo TSR-S Golden Sahara II Touring Sci\u00e0dipersia Puritalia Berlinetta Eadon Green Black Cuillin Engler FF Superquad Devinci","robots":{"index":"index","follow":"follow","max-snippet":"max-snippet:-1","max-image-preview":"max-image-preview:large","max-video-preview":"max-video-preview:-1"},"canonical":"https:\/\/www.enzo-und-ferdinand.de\/index.php\/2019\/03\/07\/genfer-salon-19-die-exoten\/","og_locale":"de_DE","og_type":"article","og_title":"Genfer Salon '19: Die Exoten","og_description":"Genf 2019 Pininfarina Battista SMART FOREASE+ Sbarro Renner Pi\u00ebch Mark Zero Koenigsegg Jesko Rimac Mole Almas ItalDesign DaVinci GFG Style Kangaroo Nissan GT-R50 by Italdesign Arcfox-GT Zenvo TSR-S Golden Sahara II Touring Sci\u00e0dipersia Puritalia Berlinetta Eadon Green Black Cuillin Engler FF Superquad Devinci","og_url":"https:\/\/www.enzo-und-ferdinand.de\/index.php\/2019\/03\/07\/genfer-salon-19-die-exoten\/","og_site_name":"enzo &amp; Ferdinand","article_published_time":"2019-03-07T08:59:31+00:00","article_modified_time":"2025-12-28T10:15:30+00:00","og_image":[{"width":810,"height":540,"url":"https:\/\/www.enzo-und-ferdinand.de\/wp-content\/uploads\/2019\/03\/Genf19-1-1.jpg","type":"image\/jpeg"}],"author":"Rainer Ro\u00dfbach","twitter_card":"summary_large_image","twitter_misc":{"Verfasst von":"Rainer Ro\u00dfbach","Gesch\u00e4tzte Lesezeit":"2\u00a0Minuten"},"schema":{"@context":"https:\/\/schema.org","@graph":[{"@type":"Article","@id":"https:\/\/www.enzo-und-ferdinand.de\/index.php\/2019\/03\/07\/genfer-salon-19-die-exoten\/#article","isPartOf":{"@id":"https:\/\/www.enzo-und-ferdinand.de\/index.php\/2019\/03\/07\/genfer-salon-19-die-exoten\/"},"author":{"name":"Rainer Ro\u00dfbach","@id":"https:\/\/www.enzo-und-ferdinand.de\/#\/schema\/person\/aff2eb9ff87705987c1b9d21fe10b095"},"headline":"Genfer Salon &#8217;19: Die Exoten","datePublished":"2019-03-07T08:59:31+00:00","dateModified":"2025-12-28T10:15:30+00:00","mainEntityOfPage":{"@id":"https:\/\/www.enzo-und-ferdinand.de\/index.php\/2019\/03\/07\/genfer-salon-19-die-exoten\/"},"wordCount":209,"publisher":{"@id":"https:\/\/www.enzo-und-ferdinand.de\/#organization"},"image":{"@id":"https:\/\/www.enzo-und-ferdinand.de\/index.php\/2019\/03\/07\/genfer-salon-19-die-exoten\/#primaryimage"},"thumbnailUrl":"https:\/\/www.enzo-und-ferdinand.de\/wp-content\/uploads\/2019\/03\/Genf19-1-1.jpg","keywords":["Genf 2019"],"articleSection":["Events","Studien","Unikate"],"inLanguage":"de"},{"@type":"WebPage","@id":"https:\/\/www.enzo-und-ferdinand.de\/index.php\/2019\/03\/07\/genfer-salon-19-die-exoten\/","url":"https:\/\/www.enzo-und-ferdinand.de\/index.php\/2019\/03\/07\/genfer-salon-19-die-exoten\/","name":"Genfer Salon '19: Die Exoten","isPartOf":{"@id":"https:\/\/www.enzo-und-ferdinand.de\/#website"},"primaryImageOfPage":{"@id":"https:\/\/www.enzo-und-ferdinand.de\/index.php\/2019\/03\/07\/genfer-salon-19-die-exoten\/#primaryimage"},"image":{"@id":"https:\/\/www.enzo-und-ferdinand.de\/index.php\/2019\/03\/07\/genfer-salon-19-die-exoten\/#primaryimage"},"thumbnailUrl":"https:\/\/www.enzo-und-ferdinand.de\/wp-content\/uploads\/2019\/03\/Genf19-1-1.jpg","datePublished":"2019-03-07T08:59:31+00:00","dateModified":"2025-12-28T10:15:30+00:00","description":"Genf 2019 Pininfarina Battista SMART FOREASE+ Sbarro Renner Pi\u00ebch Mark Zero Koenigsegg Jesko Rimac Mole Almas ItalDesign DaVinci GFG Style Kangaroo Nissan GT-R50 by Italdesign Arcfox-GT Zenvo TSR-S Golden Sahara II Touring Sci\u00e0dipersia Puritalia Berlinetta Eadon Green Black Cuillin Engler FF Superquad Devinci","breadcrumb":{"@id":"https:\/\/www.enzo-und-ferdinand.de\/index.php\/2019\/03\/07\/genfer-salon-19-die-exoten\/#breadcrumb"},"inLanguage":"de","potentialAction":[{"@type":"ReadAction","target":["https:\/\/www.enzo-und-ferdinand.de\/index.php\/2019\/03\/07\/genfer-salon-19-die-exoten\/"]}]},{"@type":"ImageObject","inLanguage":"de","@id":"https:\/\/www.enzo-und-ferdinand.de\/index.php\/2019\/03\/07\/genfer-salon-19-die-exoten\/#primaryimage","url":"https:\/\/www.enzo-und-ferdinand.de\/wp-content\/uploads\/2019\/03\/Genf19-1-1.jpg","contentUrl":"https:\/\/www.enzo-und-ferdinand.de\/wp-content\/uploads\/2019\/03\/Genf19-1-1.jpg","width":810,"height":540,"caption":"Genf 2019 Hispano-Suiza"},{"@type":"BreadcrumbList","@id":"https:\/\/www.enzo-und-ferdinand.de\/index.php\/2019\/03\/07\/genfer-salon-19-die-exoten\/#breadcrumb","itemListElement":[{"@type":"ListItem","position":1,"name":"Startseite","item":"https:\/\/www.enzo-und-ferdinand.de\/"},{"@type":"ListItem","position":2,"name":"Genfer Salon &#8217;19: Die Exoten"}]},{"@type":"WebSite","@id":"https:\/\/www.enzo-und-ferdinand.de\/#website","url":"https:\/\/www.enzo-und-ferdinand.de\/","name":"enzo & Ferdinand","description":"","publisher":{"@id":"https:\/\/www.enzo-und-ferdinand.de\/#organization"},"potentialAction":[{"@type":"SearchAction","target":{"@type":"EntryPoint","urlTemplate":"https:\/\/www.enzo-und-ferdinand.de\/?s={search_term_string}"},"query-input":{"@type":"PropertyValueSpecification","valueRequired":true,"valueName":"search_term_string"}}],"inLanguage":"de"},{"@type":"Organization","@id":"https:\/\/www.enzo-und-ferdinand.de\/#organization","name":"enzo & Ferdinand","url":"https:\/\/www.enzo-und-ferdinand.de\/","logo":{"@type":"ImageObject","inLanguage":"de","@id":"https:\/\/www.enzo-und-ferdinand.de\/#\/schema\/logo\/image\/","url":"https:\/\/www.enzo-und-ferdinand.de\/wp-content\/uploads\/2018\/12\/revvvs-icon.png","contentUrl":"https:\/\/www.enzo-und-ferdinand.de\/wp-content\/uploads\/2018\/12\/revvvs-icon.png","width":512,"height":512,"caption":"enzo & Ferdinand"},"image":{"@id":"https:\/\/www.enzo-und-ferdinand.de\/#\/schema\/logo\/image\/"}},{"@type":"Person","@id":"https:\/\/www.enzo-und-ferdinand.de\/#\/schema\/person\/aff2eb9ff87705987c1b9d21fe10b095","name":"Rainer Ro\u00dfbach","image":{"@type":"ImageObject","inLanguage":"de","@id":"https:\/\/www.enzo-und-ferdinand.de\/wp-content\/uploads\/2026\/01\/Rainer-Rossbach-150x150.jpg","url":"https:\/\/www.enzo-und-ferdinand.de\/wp-content\/uploads\/2026\/01\/Rainer-Rossbach-150x150.jpg","contentUrl":"https:\/\/www.enzo-und-ferdinand.de\/wp-content\/uploads\/2026\/01\/Rainer-Rossbach-150x150.jpg","caption":"Rainer Ro\u00dfbach"},"url":"https:\/\/www.enzo-und-ferdinand.de\/index.php\/author\/redaktion\/"}]}},"_links":{"self":[{"href":"https:\/\/www.enzo-und-ferdinand.de\/index.php\/wp-json\/wp\/v2\/posts\/2936","targetHints":{"allow":["GET"]}}],"collection":[{"href":"https:\/\/www.enzo-und-ferdinand.de\/index.php\/wp-json\/wp\/v2\/posts"}],"about":[{"href":"https:\/\/www.enzo-und-ferdinand.de\/index.php\/wp-json\/wp\/v2\/types\/post"}],"author":[{"embeddable":true,"href":"https:\/\/www.enzo-und-ferdinand.de\/index.php\/wp-json\/wp\/v2\/users\/1"}],"replies":[{"embeddable":true,"href":"https:\/\/www.enzo-und-ferdinand.de\/index.php\/wp-json\/wp\/v2\/comments?post=2936"}],"version-history":[{"count":29,"href":"https:\/\/www.enzo-und-ferdinand.de\/index.php\/wp-json\/wp\/v2\/posts\/2936\/revisions"}],"predecessor-version":[{"id":4474,"href":"https:\/\/www.enzo-und-ferdinand.de\/index.php\/wp-json\/wp\/v2\/posts\/2936\/revisions\/4474"}],"wp:featuredmedia":[{"embeddable":true,"href":"https:\/\/www.enzo-und-ferdinand.de\/index.php\/wp-json\/wp\/v2\/media\/2942"}],"wp:attachment":[{"href":"https:\/\/www.enzo-und-ferdinand.de\/index.php\/wp-json\/wp\/v2\/media?parent=2936"}],"wp:term":[{"taxonomy":"category","embeddable":true,"href":"https:\/\/www.enzo-und-ferdinand.de\/index.php\/wp-json\/wp\/v2\/categories?post=2936"},{"taxonomy":"post_tag","embeddable":true,"href":"https:\/\/www.enzo-und-ferdinand.de\/index.php\/wp-json\/wp\/v2\/tags?post=2936"}],"curies":[{"name":"wp","href":"https:\/\/api.w.org\/{rel}","templated":true}]}}