{"id":3000,"date":"2019-04-06T22:35:37","date_gmt":"2019-04-06T20:35:37","guid":{"rendered":"http:\/\/www.enzo-und-ferdinand.de\/?p=3000"},"modified":"2025-12-27T15:48:57","modified_gmt":"2025-12-27T14:48:57","slug":"bmw-328-hommage-mille-miglia-2006","status":"publish","type":"post","link":"https:\/\/www.enzo-und-ferdinand.de\/index.php\/2019\/04\/06\/bmw-328-hommage-mille-miglia-2006\/","title":{"rendered":"BMW 328 \u2028\u201eHommage Mille Miglia\u201c (2006)"},"content":{"rendered":"\n<figure class=\"wp-block-image\"><img loading=\"lazy\" decoding=\"async\" width=\"810\" height=\"624\" src=\"https:\/\/www.enzo-und-ferdinand.de\/wp-content\/uploads\/2019\/03\/DSC_8715.jpg\" alt=\"BMW 328 \u2028\u201eHommage Mille Miglia\u201c\" class=\"wp-image-3094\" srcset=\"https:\/\/www.enzo-und-ferdinand.de\/wp-content\/uploads\/2019\/03\/DSC_8715.jpg 810w, https:\/\/www.enzo-und-ferdinand.de\/wp-content\/uploads\/2019\/03\/DSC_8715-300x231.jpg 300w, https:\/\/www.enzo-und-ferdinand.de\/wp-content\/uploads\/2019\/03\/DSC_8715-768x592.jpg 768w\" sizes=\"auto, (max-width: 810px) 100vw, 810px\" \/><\/figure>\n\n\n\n<p class=\"wp-block-paragraph\">BMW gewinnt 1940 zum ersten und einzigen Mal die Mille Miglia. Daran erinnert die Studie \u201e328 Hommage\u201c aus dem Jahr 2006, und zwar mit Stilmitteln, die direkt aus den 1930er Jahren stammen.&nbsp;<\/p>\n\n\n\n<p class=\"wp-block-paragraph\">Der offene Metallrahmen im Innenraum bietet als \u00dcberrollkonstruktion Schutz, die Kopfst\u00fctzen sind direkt an die Rohre geschraubt. Edelstahl, Leder und Lycra-Gewebe sind in puristischer Manier auf die Metalloberfl\u00e4chen gesetzt.&nbsp;<\/p>\n\n\n\n<p class=\"wp-block-paragraph\">Die gro\u00dfe Klapphaube hat eine in der Mitte geteilte Frontscheibe in der Tradition der Drei\u00dfiger, seitlich und hinten geht der Blick durch schmale Fenster sowie ein kleines, hinteres Guckloch. Die Stromlinien-Karosserie l\u00e4uft spitz aus, und die Hinterr\u00e4der sind vollverkleidet. Offensichtliche Tribute an die Neuzeit sind das schmale LED-Band der R\u00fcckleuchten und die aufgesetzten runden LED-Frontlampen.<\/p>\n\n\n\n<p class=\"wp-block-paragraph\">Als technische Basis f\u00fcr die Mille-Miglia-Studie dient der BMW Z4 M Roadster. Auch dessen Fahrwerk ist in die 23 Zentimeter l\u00e4ngere, 14 Zentimeter breitere und vier Zentimeter flachere Studie eingebaut. Die Leistung des Aggregats ist gleich: Aus 3246 Kubikzentimetern Hubraum holt der Reihensechszylinder 343 PS.<\/p>\n\n\n\n<figure class=\"wp-block-image\"><img loading=\"lazy\" decoding=\"async\" width=\"810\" height=\"597\" src=\"https:\/\/www.enzo-und-ferdinand.de\/wp-content\/uploads\/2019\/03\/DSC_8710.jpg\" alt=\"BMW 328 \u2028\u201eHommage Mille Miglia\u201c\" class=\"wp-image-3096\" srcset=\"https:\/\/www.enzo-und-ferdinand.de\/wp-content\/uploads\/2019\/03\/DSC_8710.jpg 810w, https:\/\/www.enzo-und-ferdinand.de\/wp-content\/uploads\/2019\/03\/DSC_8710-300x221.jpg 300w, https:\/\/www.enzo-und-ferdinand.de\/wp-content\/uploads\/2019\/03\/DSC_8710-768x566.jpg 768w\" sizes=\"auto, (max-width: 810px) 100vw, 810px\" \/><\/figure>\n\n\n\n<figure class=\"wp-block-image\"><img loading=\"lazy\" decoding=\"async\" width=\"810\" height=\"528\" src=\"https:\/\/www.enzo-und-ferdinand.de\/wp-content\/uploads\/2019\/03\/DSC_8708.jpg\" alt=\"BMW 328 \u2028\u201eHommage Mille Miglia\u201c\" class=\"wp-image-3097\" srcset=\"https:\/\/www.enzo-und-ferdinand.de\/wp-content\/uploads\/2019\/03\/DSC_8708.jpg 810w, https:\/\/www.enzo-und-ferdinand.de\/wp-content\/uploads\/2019\/03\/DSC_8708-300x196.jpg 300w, https:\/\/www.enzo-und-ferdinand.de\/wp-content\/uploads\/2019\/03\/DSC_8708-768x501.jpg 768w\" sizes=\"auto, (max-width: 810px) 100vw, 810px\" \/><\/figure>\n\n\n\n<p style=\"text-align:center\" class=\"has-small-font-size wp-block-paragraph\">Text\/Fotos: Rainer Ro\u00dfbach<\/p>\n","protected":false},"excerpt":{"rendered":"<p>BMW gewinnt 1940 zum ersten und einzigen Mal die Mille Miglia. Daran erinnert die Studie \u201e328 Hommage\u201c aus dem Jahr 2006, und zwar mit Stilmitteln, die direkt aus den 1930er Jahren stammen.&nbsp; Der offene Metallrahmen im Innenraum bietet als \u00dcberrollkonstruktion Schutz, die Kopfst\u00fctzen sind direkt an die Rohre geschraubt. Edelstahl, Leder und Lycra-Gewebe sind in puristischer Manier auf die Metalloberfl\u00e4chen gesetzt.&nbsp; Die gro\u00dfe Klapphaube hat eine in der Mitte geteilte Frontscheibe in der Tradition der Drei\u00dfiger, seitlich und hinten geht der Blick durch schmale Fenster sowie ein kleines, hinteres Guckloch. Die Stromlinien-Karosserie l\u00e4uft spitz aus, und die Hinterr\u00e4der sind vollverkleidet.<\/p>\n","protected":false},"author":1,"featured_media":3093,"comment_status":"closed","ping_status":"closed","sticky":false,"template":"","format":"standard","meta":{"_crdt_document":"","ngg_post_thumbnail":0,"footnotes":""},"categories":[25,4,24],"tags":[202,159],"class_list":["post-3000","post","type-post","status-publish","format-standard","has-post-thumbnail","hentry","category-rennstrecken","category-studien","category-unikate","tag-bmw","tag-bmw-328-hommage-mille-miglia"],"yoast_head":"<!-- This site is optimized with the Yoast SEO plugin v27.5 - https:\/\/yoast.com\/product\/yoast-seo-wordpress\/ -->\n<title>BMW 328 \u2028\u201eHommage Mille Miglia\u201c (2006)<\/title>\n<meta name=\"description\" content=\"BMW 328 \u2028\u201eHommage Mille Miglia\u201c\" \/>\n<meta name=\"robots\" content=\"index, follow, max-snippet:-1, max-image-preview:large, max-video-preview:-1\" \/>\n<link rel=\"canonical\" href=\"https:\/\/www.enzo-und-ferdinand.de\/index.php\/2019\/04\/06\/bmw-328-hommage-mille-miglia-2006\/\" \/>\n<meta property=\"og:locale\" content=\"de_DE\" \/>\n<meta property=\"og:type\" content=\"article\" \/>\n<meta property=\"og:title\" content=\"BMW 328 \u2028\u201eHommage Mille Miglia\u201c (2006)\" \/>\n<meta property=\"og:description\" content=\"BMW 328 \u2028\u201eHommage Mille Miglia\u201c\" \/>\n<meta property=\"og:url\" content=\"https:\/\/www.enzo-und-ferdinand.de\/index.php\/2019\/04\/06\/bmw-328-hommage-mille-miglia-2006\/\" \/>\n<meta property=\"og:site_name\" content=\"enzo &amp; Ferdinand\" \/>\n<meta property=\"article:published_time\" content=\"2019-04-06T20:35:37+00:00\" \/>\n<meta property=\"article:modified_time\" content=\"2025-12-27T14:48:57+00:00\" \/>\n<meta property=\"og:image\" content=\"https:\/\/www.enzo-und-ferdinand.de\/wp-content\/uploads\/2019\/03\/DSC_9172.jpg\" \/>\n\t<meta property=\"og:image:width\" content=\"810\" \/>\n\t<meta property=\"og:image:height\" content=\"539\" \/>\n\t<meta property=\"og:image:type\" content=\"image\/jpeg\" \/>\n<meta name=\"author\" content=\"Rainer Ro\u00dfbach\" \/>\n<meta name=\"twitter:card\" content=\"summary_large_image\" \/>\n<meta name=\"twitter:label1\" content=\"Verfasst von\" \/>\n\t<meta name=\"twitter:data1\" content=\"Rainer Ro\u00dfbach\" \/>\n\t<meta name=\"twitter:label2\" content=\"Gesch\u00e4tzte Lesezeit\" \/>\n\t<meta name=\"twitter:data2\" content=\"2\u00a0Minuten\" \/>\n<script type=\"application\/ld+json\" class=\"yoast-schema-graph\">{\"@context\":\"https:\\\/\\\/schema.org\",\"@graph\":[{\"@type\":\"Article\",\"@id\":\"https:\\\/\\\/www.enzo-und-ferdinand.de\\\/index.php\\\/2019\\\/04\\\/06\\\/bmw-328-hommage-mille-miglia-2006\\\/#article\",\"isPartOf\":{\"@id\":\"https:\\\/\\\/www.enzo-und-ferdinand.de\\\/index.php\\\/2019\\\/04\\\/06\\\/bmw-328-hommage-mille-miglia-2006\\\/\"},\"author\":{\"name\":\"Rainer Ro\u00dfbach\",\"@id\":\"https:\\\/\\\/www.enzo-und-ferdinand.de\\\/#\\\/schema\\\/person\\\/aff2eb9ff87705987c1b9d21fe10b095\"},\"headline\":\"BMW 328 \\u2028\u201eHommage Mille Miglia\u201c (2006)\",\"datePublished\":\"2019-04-06T20:35:37+00:00\",\"dateModified\":\"2025-12-27T14:48:57+00:00\",\"mainEntityOfPage\":{\"@id\":\"https:\\\/\\\/www.enzo-und-ferdinand.de\\\/index.php\\\/2019\\\/04\\\/06\\\/bmw-328-hommage-mille-miglia-2006\\\/\"},\"wordCount\":174,\"publisher\":{\"@id\":\"https:\\\/\\\/www.enzo-und-ferdinand.de\\\/#organization\"},\"image\":{\"@id\":\"https:\\\/\\\/www.enzo-und-ferdinand.de\\\/index.php\\\/2019\\\/04\\\/06\\\/bmw-328-hommage-mille-miglia-2006\\\/#primaryimage\"},\"thumbnailUrl\":\"https:\\\/\\\/www.enzo-und-ferdinand.de\\\/wp-content\\\/uploads\\\/2019\\\/03\\\/DSC_9172.jpg\",\"keywords\":[\"BMW\",\"BMW 328 \\u2028\u201eHommage Mille Miglia\u201c\"],\"articleSection\":[\"Rennstrecken\",\"Studien\",\"Unikate\"],\"inLanguage\":\"de\"},{\"@type\":\"WebPage\",\"@id\":\"https:\\\/\\\/www.enzo-und-ferdinand.de\\\/index.php\\\/2019\\\/04\\\/06\\\/bmw-328-hommage-mille-miglia-2006\\\/\",\"url\":\"https:\\\/\\\/www.enzo-und-ferdinand.de\\\/index.php\\\/2019\\\/04\\\/06\\\/bmw-328-hommage-mille-miglia-2006\\\/\",\"name\":\"BMW 328 \\u2028\u201eHommage Mille Miglia\u201c (2006)\",\"isPartOf\":{\"@id\":\"https:\\\/\\\/www.enzo-und-ferdinand.de\\\/#website\"},\"primaryImageOfPage\":{\"@id\":\"https:\\\/\\\/www.enzo-und-ferdinand.de\\\/index.php\\\/2019\\\/04\\\/06\\\/bmw-328-hommage-mille-miglia-2006\\\/#primaryimage\"},\"image\":{\"@id\":\"https:\\\/\\\/www.enzo-und-ferdinand.de\\\/index.php\\\/2019\\\/04\\\/06\\\/bmw-328-hommage-mille-miglia-2006\\\/#primaryimage\"},\"thumbnailUrl\":\"https:\\\/\\\/www.enzo-und-ferdinand.de\\\/wp-content\\\/uploads\\\/2019\\\/03\\\/DSC_9172.jpg\",\"datePublished\":\"2019-04-06T20:35:37+00:00\",\"dateModified\":\"2025-12-27T14:48:57+00:00\",\"description\":\"BMW 328 \\u2028\u201eHommage Mille Miglia\u201c\",\"breadcrumb\":{\"@id\":\"https:\\\/\\\/www.enzo-und-ferdinand.de\\\/index.php\\\/2019\\\/04\\\/06\\\/bmw-328-hommage-mille-miglia-2006\\\/#breadcrumb\"},\"inLanguage\":\"de\",\"potentialAction\":[{\"@type\":\"ReadAction\",\"target\":[\"https:\\\/\\\/www.enzo-und-ferdinand.de\\\/index.php\\\/2019\\\/04\\\/06\\\/bmw-328-hommage-mille-miglia-2006\\\/\"]}]},{\"@type\":\"ImageObject\",\"inLanguage\":\"de\",\"@id\":\"https:\\\/\\\/www.enzo-und-ferdinand.de\\\/index.php\\\/2019\\\/04\\\/06\\\/bmw-328-hommage-mille-miglia-2006\\\/#primaryimage\",\"url\":\"https:\\\/\\\/www.enzo-und-ferdinand.de\\\/wp-content\\\/uploads\\\/2019\\\/03\\\/DSC_9172.jpg\",\"contentUrl\":\"https:\\\/\\\/www.enzo-und-ferdinand.de\\\/wp-content\\\/uploads\\\/2019\\\/03\\\/DSC_9172.jpg\",\"width\":810,\"height\":539,\"caption\":\"BMW 328 \\u2028\u201eHommage Mille Miglia\u201c\"},{\"@type\":\"BreadcrumbList\",\"@id\":\"https:\\\/\\\/www.enzo-und-ferdinand.de\\\/index.php\\\/2019\\\/04\\\/06\\\/bmw-328-hommage-mille-miglia-2006\\\/#breadcrumb\",\"itemListElement\":[{\"@type\":\"ListItem\",\"position\":1,\"name\":\"Startseite\",\"item\":\"https:\\\/\\\/www.enzo-und-ferdinand.de\\\/\"},{\"@type\":\"ListItem\",\"position\":2,\"name\":\"BMW 328 \\u2028\u201eHommage Mille Miglia\u201c (2006)\"}]},{\"@type\":\"WebSite\",\"@id\":\"https:\\\/\\\/www.enzo-und-ferdinand.de\\\/#website\",\"url\":\"https:\\\/\\\/www.enzo-und-ferdinand.de\\\/\",\"name\":\"enzo & Ferdinand\",\"description\":\"\",\"publisher\":{\"@id\":\"https:\\\/\\\/www.enzo-und-ferdinand.de\\\/#organization\"},\"potentialAction\":[{\"@type\":\"SearchAction\",\"target\":{\"@type\":\"EntryPoint\",\"urlTemplate\":\"https:\\\/\\\/www.enzo-und-ferdinand.de\\\/?s={search_term_string}\"},\"query-input\":{\"@type\":\"PropertyValueSpecification\",\"valueRequired\":true,\"valueName\":\"search_term_string\"}}],\"inLanguage\":\"de\"},{\"@type\":\"Organization\",\"@id\":\"https:\\\/\\\/www.enzo-und-ferdinand.de\\\/#organization\",\"name\":\"enzo & Ferdinand\",\"url\":\"https:\\\/\\\/www.enzo-und-ferdinand.de\\\/\",\"logo\":{\"@type\":\"ImageObject\",\"inLanguage\":\"de\",\"@id\":\"https:\\\/\\\/www.enzo-und-ferdinand.de\\\/#\\\/schema\\\/logo\\\/image\\\/\",\"url\":\"https:\\\/\\\/www.enzo-und-ferdinand.de\\\/wp-content\\\/uploads\\\/2018\\\/12\\\/revvvs-icon.png\",\"contentUrl\":\"https:\\\/\\\/www.enzo-und-ferdinand.de\\\/wp-content\\\/uploads\\\/2018\\\/12\\\/revvvs-icon.png\",\"width\":512,\"height\":512,\"caption\":\"enzo & Ferdinand\"},\"image\":{\"@id\":\"https:\\\/\\\/www.enzo-und-ferdinand.de\\\/#\\\/schema\\\/logo\\\/image\\\/\"}},{\"@type\":\"Person\",\"@id\":\"https:\\\/\\\/www.enzo-und-ferdinand.de\\\/#\\\/schema\\\/person\\\/aff2eb9ff87705987c1b9d21fe10b095\",\"name\":\"Rainer Ro\u00dfbach\",\"image\":{\"@type\":\"ImageObject\",\"inLanguage\":\"de\",\"@id\":\"https:\\\/\\\/www.enzo-und-ferdinand.de\\\/wp-content\\\/uploads\\\/2026\\\/01\\\/Rainer-Rossbach-150x150.jpg\",\"url\":\"https:\\\/\\\/www.enzo-und-ferdinand.de\\\/wp-content\\\/uploads\\\/2026\\\/01\\\/Rainer-Rossbach-150x150.jpg\",\"contentUrl\":\"https:\\\/\\\/www.enzo-und-ferdinand.de\\\/wp-content\\\/uploads\\\/2026\\\/01\\\/Rainer-Rossbach-150x150.jpg\",\"caption\":\"Rainer Ro\u00dfbach\"},\"url\":\"https:\\\/\\\/www.enzo-und-ferdinand.de\\\/index.php\\\/author\\\/redaktion\\\/\"}]}<\/script>\n<!-- \/ Yoast SEO plugin. -->","yoast_head_json":{"title":"BMW 328 \u2028\u201eHommage Mille Miglia\u201c (2006)","description":"BMW 328 \u2028\u201eHommage Mille Miglia\u201c","robots":{"index":"index","follow":"follow","max-snippet":"max-snippet:-1","max-image-preview":"max-image-preview:large","max-video-preview":"max-video-preview:-1"},"canonical":"https:\/\/www.enzo-und-ferdinand.de\/index.php\/2019\/04\/06\/bmw-328-hommage-mille-miglia-2006\/","og_locale":"de_DE","og_type":"article","og_title":"BMW 328 \u2028\u201eHommage Mille Miglia\u201c (2006)","og_description":"BMW 328 \u2028\u201eHommage Mille Miglia\u201c","og_url":"https:\/\/www.enzo-und-ferdinand.de\/index.php\/2019\/04\/06\/bmw-328-hommage-mille-miglia-2006\/","og_site_name":"enzo &amp; Ferdinand","article_published_time":"2019-04-06T20:35:37+00:00","article_modified_time":"2025-12-27T14:48:57+00:00","og_image":[{"width":810,"height":539,"url":"https:\/\/www.enzo-und-ferdinand.de\/wp-content\/uploads\/2019\/03\/DSC_9172.jpg","type":"image\/jpeg"}],"author":"Rainer Ro\u00dfbach","twitter_card":"summary_large_image","twitter_misc":{"Verfasst von":"Rainer Ro\u00dfbach","Gesch\u00e4tzte Lesezeit":"2\u00a0Minuten"},"schema":{"@context":"https:\/\/schema.org","@graph":[{"@type":"Article","@id":"https:\/\/www.enzo-und-ferdinand.de\/index.php\/2019\/04\/06\/bmw-328-hommage-mille-miglia-2006\/#article","isPartOf":{"@id":"https:\/\/www.enzo-und-ferdinand.de\/index.php\/2019\/04\/06\/bmw-328-hommage-mille-miglia-2006\/"},"author":{"name":"Rainer Ro\u00dfbach","@id":"https:\/\/www.enzo-und-ferdinand.de\/#\/schema\/person\/aff2eb9ff87705987c1b9d21fe10b095"},"headline":"BMW 328 \u2028\u201eHommage Mille Miglia\u201c (2006)","datePublished":"2019-04-06T20:35:37+00:00","dateModified":"2025-12-27T14:48:57+00:00","mainEntityOfPage":{"@id":"https:\/\/www.enzo-und-ferdinand.de\/index.php\/2019\/04\/06\/bmw-328-hommage-mille-miglia-2006\/"},"wordCount":174,"publisher":{"@id":"https:\/\/www.enzo-und-ferdinand.de\/#organization"},"image":{"@id":"https:\/\/www.enzo-und-ferdinand.de\/index.php\/2019\/04\/06\/bmw-328-hommage-mille-miglia-2006\/#primaryimage"},"thumbnailUrl":"https:\/\/www.enzo-und-ferdinand.de\/wp-content\/uploads\/2019\/03\/DSC_9172.jpg","keywords":["BMW","BMW 328 \u2028\u201eHommage Mille Miglia\u201c"],"articleSection":["Rennstrecken","Studien","Unikate"],"inLanguage":"de"},{"@type":"WebPage","@id":"https:\/\/www.enzo-und-ferdinand.de\/index.php\/2019\/04\/06\/bmw-328-hommage-mille-miglia-2006\/","url":"https:\/\/www.enzo-und-ferdinand.de\/index.php\/2019\/04\/06\/bmw-328-hommage-mille-miglia-2006\/","name":"BMW 328 \u2028\u201eHommage Mille Miglia\u201c (2006)","isPartOf":{"@id":"https:\/\/www.enzo-und-ferdinand.de\/#website"},"primaryImageOfPage":{"@id":"https:\/\/www.enzo-und-ferdinand.de\/index.php\/2019\/04\/06\/bmw-328-hommage-mille-miglia-2006\/#primaryimage"},"image":{"@id":"https:\/\/www.enzo-und-ferdinand.de\/index.php\/2019\/04\/06\/bmw-328-hommage-mille-miglia-2006\/#primaryimage"},"thumbnailUrl":"https:\/\/www.enzo-und-ferdinand.de\/wp-content\/uploads\/2019\/03\/DSC_9172.jpg","datePublished":"2019-04-06T20:35:37+00:00","dateModified":"2025-12-27T14:48:57+00:00","description":"BMW 328 \u2028\u201eHommage Mille Miglia\u201c","breadcrumb":{"@id":"https:\/\/www.enzo-und-ferdinand.de\/index.php\/2019\/04\/06\/bmw-328-hommage-mille-miglia-2006\/#breadcrumb"},"inLanguage":"de","potentialAction":[{"@type":"ReadAction","target":["https:\/\/www.enzo-und-ferdinand.de\/index.php\/2019\/04\/06\/bmw-328-hommage-mille-miglia-2006\/"]}]},{"@type":"ImageObject","inLanguage":"de","@id":"https:\/\/www.enzo-und-ferdinand.de\/index.php\/2019\/04\/06\/bmw-328-hommage-mille-miglia-2006\/#primaryimage","url":"https:\/\/www.enzo-und-ferdinand.de\/wp-content\/uploads\/2019\/03\/DSC_9172.jpg","contentUrl":"https:\/\/www.enzo-und-ferdinand.de\/wp-content\/uploads\/2019\/03\/DSC_9172.jpg","width":810,"height":539,"caption":"BMW 328 \u2028\u201eHommage Mille Miglia\u201c"},{"@type":"BreadcrumbList","@id":"https:\/\/www.enzo-und-ferdinand.de\/index.php\/2019\/04\/06\/bmw-328-hommage-mille-miglia-2006\/#breadcrumb","itemListElement":[{"@type":"ListItem","position":1,"name":"Startseite","item":"https:\/\/www.enzo-und-ferdinand.de\/"},{"@type":"ListItem","position":2,"name":"BMW 328 \u2028\u201eHommage Mille Miglia\u201c (2006)"}]},{"@type":"WebSite","@id":"https:\/\/www.enzo-und-ferdinand.de\/#website","url":"https:\/\/www.enzo-und-ferdinand.de\/","name":"enzo & Ferdinand","description":"","publisher":{"@id":"https:\/\/www.enzo-und-ferdinand.de\/#organization"},"potentialAction":[{"@type":"SearchAction","target":{"@type":"EntryPoint","urlTemplate":"https:\/\/www.enzo-und-ferdinand.de\/?s={search_term_string}"},"query-input":{"@type":"PropertyValueSpecification","valueRequired":true,"valueName":"search_term_string"}}],"inLanguage":"de"},{"@type":"Organization","@id":"https:\/\/www.enzo-und-ferdinand.de\/#organization","name":"enzo & Ferdinand","url":"https:\/\/www.enzo-und-ferdinand.de\/","logo":{"@type":"ImageObject","inLanguage":"de","@id":"https:\/\/www.enzo-und-ferdinand.de\/#\/schema\/logo\/image\/","url":"https:\/\/www.enzo-und-ferdinand.de\/wp-content\/uploads\/2018\/12\/revvvs-icon.png","contentUrl":"https:\/\/www.enzo-und-ferdinand.de\/wp-content\/uploads\/2018\/12\/revvvs-icon.png","width":512,"height":512,"caption":"enzo & Ferdinand"},"image":{"@id":"https:\/\/www.enzo-und-ferdinand.de\/#\/schema\/logo\/image\/"}},{"@type":"Person","@id":"https:\/\/www.enzo-und-ferdinand.de\/#\/schema\/person\/aff2eb9ff87705987c1b9d21fe10b095","name":"Rainer Ro\u00dfbach","image":{"@type":"ImageObject","inLanguage":"de","@id":"https:\/\/www.enzo-und-ferdinand.de\/wp-content\/uploads\/2026\/01\/Rainer-Rossbach-150x150.jpg","url":"https:\/\/www.enzo-und-ferdinand.de\/wp-content\/uploads\/2026\/01\/Rainer-Rossbach-150x150.jpg","contentUrl":"https:\/\/www.enzo-und-ferdinand.de\/wp-content\/uploads\/2026\/01\/Rainer-Rossbach-150x150.jpg","caption":"Rainer Ro\u00dfbach"},"url":"https:\/\/www.enzo-und-ferdinand.de\/index.php\/author\/redaktion\/"}]}},"_links":{"self":[{"href":"https:\/\/www.enzo-und-ferdinand.de\/index.php\/wp-json\/wp\/v2\/posts\/3000","targetHints":{"allow":["GET"]}}],"collection":[{"href":"https:\/\/www.enzo-und-ferdinand.de\/index.php\/wp-json\/wp\/v2\/posts"}],"about":[{"href":"https:\/\/www.enzo-und-ferdinand.de\/index.php\/wp-json\/wp\/v2\/types\/post"}],"author":[{"embeddable":true,"href":"https:\/\/www.enzo-und-ferdinand.de\/index.php\/wp-json\/wp\/v2\/users\/1"}],"replies":[{"embeddable":true,"href":"https:\/\/www.enzo-und-ferdinand.de\/index.php\/wp-json\/wp\/v2\/comments?post=3000"}],"version-history":[{"count":7,"href":"https:\/\/www.enzo-und-ferdinand.de\/index.php\/wp-json\/wp\/v2\/posts\/3000\/revisions"}],"predecessor-version":[{"id":3561,"href":"https:\/\/www.enzo-und-ferdinand.de\/index.php\/wp-json\/wp\/v2\/posts\/3000\/revisions\/3561"}],"wp:featuredmedia":[{"embeddable":true,"href":"https:\/\/www.enzo-und-ferdinand.de\/index.php\/wp-json\/wp\/v2\/media\/3093"}],"wp:attachment":[{"href":"https:\/\/www.enzo-und-ferdinand.de\/index.php\/wp-json\/wp\/v2\/media?parent=3000"}],"wp:term":[{"taxonomy":"category","embeddable":true,"href":"https:\/\/www.enzo-und-ferdinand.de\/index.php\/wp-json\/wp\/v2\/categories?post=3000"},{"taxonomy":"post_tag","embeddable":true,"href":"https:\/\/www.enzo-und-ferdinand.de\/index.php\/wp-json\/wp\/v2\/tags?post=3000"}],"curies":[{"name":"wp","href":"https:\/\/api.w.org\/{rel}","templated":true}]}}