{"id":3292,"date":"2019-03-15T11:22:27","date_gmt":"2019-03-15T10:22:27","guid":{"rendered":"http:\/\/www.enzo-und-ferdinand.de\/?p=3292"},"modified":"2025-12-28T11:09:52","modified_gmt":"2025-12-28T10:09:52","slug":"porsche-917-001","status":"publish","type":"post","link":"https:\/\/www.enzo-und-ferdinand.de\/index.php\/2019\/03\/15\/porsche-917-001\/","title":{"rendered":"Porsche 917-001"},"content":{"rendered":"\n<figure class=\"wp-block-image\"><img loading=\"lazy\" decoding=\"async\" width=\"810\" height=\"540\" src=\"https:\/\/www.enzo-und-ferdinand.de\/wp-content\/uploads\/2019\/03\/S19_1481_fine.jpg\" alt=\"Porsche 917-001 Gulf\" class=\"wp-image-3296\" srcset=\"https:\/\/www.enzo-und-ferdinand.de\/wp-content\/uploads\/2019\/03\/S19_1481_fine.jpg 810w, https:\/\/www.enzo-und-ferdinand.de\/wp-content\/uploads\/2019\/03\/S19_1481_fine-300x200.jpg 300w, https:\/\/www.enzo-und-ferdinand.de\/wp-content\/uploads\/2019\/03\/S19_1481_fine-768x512.jpg 768w, https:\/\/www.enzo-und-ferdinand.de\/wp-content\/uploads\/2019\/03\/S19_1481_fine-120x80.jpg 120w\" sizes=\"auto, (max-width: 810px) 100vw, 810px\" \/><\/figure>\n\n\n\n<p class=\"wp-block-paragraph\">Vor 50 Jahren, am 12. M\u00e4rz 1969, deb\u00fctiert der bis dahin gewaltigste Porsche-Rennwagen auf dem Genfer Automobilsalon. Zu diesem Anlass hat Porsche eine wesentliche L\u00fccke im historischen Fahrzeugbestand geschlossen und den allerersten 917 in seinen Ursprungszustand von vor 50 Jahren zur\u00fcckgef\u00fchrt.&nbsp;<\/p>\n\n\n\n<p class=\"wp-block-paragraph\">917-001 hat im Verlauf seines Lebens viele Ver\u00e4nderungen erfahren. Zum erstenmal tritt der 917-001 in gr\u00fcn-wei\u00df und mit der markanten Nummer \u201e917\u201c 1969 in Genf auf. Sp\u00e4ter, zur 1969er Internationalen Automobilausstellung in Frankfurt, wechselt das Farbschema zu Wei\u00df-Orange und nachdem Porsche die Renneins\u00e4tze dann an John Wyers \u201eJ.W. Automotive Engineering\u201c \u00fcbergibt, dient der 917-001 erneut der Pr\u00e4sentation. Beim Pressetermin in London tr\u00e4gt er nun die Farben des Hauptsponsors der Briten, des amerikanischen \u00d6lkonzerns \u201eGulf\u201c, dessen Hausfarben Hellblau und Orange sind.&nbsp;<\/p>\n\n\n\n<p class=\"wp-block-paragraph\">Sp\u00e4ter wechselt er die Farbe erneut und diesmal gleich auch die Karosserieform. Da der originale Siegerwagen des Le-Mans-Rennens von 1970 an einen japanischen Sammler verkauft wurde, ist es wiederum 001, der die Ehre hat, ab nun als klassisches Kurzheck und im \u00fcberlieferten Rot-Weiss des Porsche-Salzburg-Teams den ersten Gesamtsieg von Porsche beim Klassiker an der Sarthe zu feiern.<\/p>\n\n\n\n<figure class=\"wp-block-image\"><img loading=\"lazy\" decoding=\"async\" width=\"810\" height=\"540\" src=\"https:\/\/www.enzo-und-ferdinand.de\/wp-content\/uploads\/2019\/03\/S19_1117_fine.jpg\" alt=\"Porsche 917-001\" class=\"wp-image-3297\" srcset=\"https:\/\/www.enzo-und-ferdinand.de\/wp-content\/uploads\/2019\/03\/S19_1117_fine.jpg 810w, https:\/\/www.enzo-und-ferdinand.de\/wp-content\/uploads\/2019\/03\/S19_1117_fine-300x200.jpg 300w, https:\/\/www.enzo-und-ferdinand.de\/wp-content\/uploads\/2019\/03\/S19_1117_fine-768x512.jpg 768w, https:\/\/www.enzo-und-ferdinand.de\/wp-content\/uploads\/2019\/03\/S19_1117_fine-120x80.jpg 120w\" sizes=\"auto, (max-width: 810px) 100vw, 810px\" \/><\/figure>\n\n\n\n<p class=\"wp-block-paragraph\">Zum 50. Geburtstag des gro\u00dfen Porsche fiel nun die Entscheidung, den ersten 917er wieder auf seinen Urzustand zur\u00fcckzubauen. Mehr als ein Jahr dauerte das anspruchsvolle Projekt. Aufw\u00e4ndige Recherchen sowie der Anspruch, die Originalsubstanz des Wagens, wo immer m\u00f6glich und technisch sinnvoll, zu erhalten, machte das Projekt von Beginn an besonders anspruchsvoll.&nbsp;<\/p>\n\n\n\n<p class=\"wp-block-paragraph\">Neben den originalen Konstruktionszeichnungen und historischen Fotografien kam auch modernstes Know-How zum Einsatz. So wurden Karosserieteile f\u00fcr Bug- und Heckpartie mittels modernster 3D-Technologie gefertigt \u2013 Originalvorlagen hingegen halfen etwa beim Bau des Aluminium-Rohrrahmens im Heckbereich.&nbsp;<\/p>\n\n\n\n<p class=\"wp-block-paragraph\">Vom 14. Mai bis 15. September 2019 feiert das Werks-Museum \u201e50 Jahre Porsche 917\u201c. Allein zehn 917-Exemplare dokumentieren die beispiellose Siegesserie des Zw\u00f6lfzylinders in den Jahren von 1969 bis 1973. Als besondere \u00dcberraschung pr\u00e4sentiert das Museum erstmals eine 917-Studie als Hommage an den ersten Le Mans Sieger von 1970. Aufgrund des Einstiegs in die LMP1-Kategorie der Langstrecken-Weltmeisterschaft blieb es bei einem Einzelst\u00fcck.&nbsp;<\/p>\n\n\n\n<figure class=\"wp-block-image\"><img loading=\"lazy\" decoding=\"async\" width=\"810\" height=\"540\" src=\"https:\/\/www.enzo-und-ferdinand.de\/wp-content\/uploads\/2019\/03\/S19_1116.jpg\" alt=\"Porsche 917 Hommage\" class=\"wp-image-3298\" srcset=\"https:\/\/www.enzo-und-ferdinand.de\/wp-content\/uploads\/2019\/03\/S19_1116.jpg 810w, https:\/\/www.enzo-und-ferdinand.de\/wp-content\/uploads\/2019\/03\/S19_1116-300x200.jpg 300w, https:\/\/www.enzo-und-ferdinand.de\/wp-content\/uploads\/2019\/03\/S19_1116-768x512.jpg 768w, https:\/\/www.enzo-und-ferdinand.de\/wp-content\/uploads\/2019\/03\/S19_1116-120x80.jpg 120w\" sizes=\"auto, (max-width: 810px) 100vw, 810px\" \/><\/figure>\n\n\n\n<p style=\"text-align:center\" class=\"has-small-font-size wp-block-paragraph\">Fotos: Porsche\/Text: Rainer Ro\u00dfbach<\/p>\n","protected":false},"excerpt":{"rendered":"<p>Vor 50 Jahren, am 12. M\u00e4rz 1969, deb\u00fctiert der bis dahin gewaltigste Porsche-Rennwagen auf dem Genfer Automobilsalon. Zu diesem Anlass hat Porsche eine wesentliche L\u00fccke im historischen Fahrzeugbestand geschlossen und den allerersten 917 in seinen Ursprungszustand von vor 50 Jahren zur\u00fcckgef\u00fchrt.<br \/>\n917-001 hat im Verlauf seines Lebens viele Ver\u00e4nderungen erfahren. Zum erstenmal tritt der 917-001 in gr\u00fcn-wei\u00df und mit der markanten Nummer \u201e917\u201c 1969 in Genf auf. Sp\u00e4ter, zur 1969er Internationalen Automobilausstellung in Frankfurt, wechselt das Farbschema zu Wei\u00df-Orange und nachdem Porsche die Renneins\u00e4tze dann an John Wyers \u201eJ.W. Automotive Engineering\u201c \u00fcbergibt, dient der 917-001 erneut der Pr\u00e4sentation.<\/p>\n","protected":false},"author":1,"featured_media":3294,"comment_status":"closed","ping_status":"closed","sticky":false,"template":"","format":"standard","meta":{"_crdt_document":"","ngg_post_thumbnail":0,"footnotes":""},"categories":[13,5],"tags":[201,179],"class_list":["post-3292","post","type-post","status-publish","format-standard","has-post-thumbnail","hentry","category-ikonen","category-rennsport","tag-porsche","tag-porsche-917-001"],"yoast_head":"<!-- This site is optimized with the Yoast SEO plugin v27.4 - https:\/\/yoast.com\/product\/yoast-seo-wordpress\/ -->\n<title>Porsche 917-001<\/title>\n<meta name=\"description\" content=\"Porsche 917-001\" \/>\n<meta name=\"robots\" content=\"index, follow, max-snippet:-1, max-image-preview:large, max-video-preview:-1\" \/>\n<link rel=\"canonical\" href=\"https:\/\/www.enzo-und-ferdinand.de\/index.php\/2019\/03\/15\/porsche-917-001\/\" \/>\n<meta property=\"og:locale\" content=\"de_DE\" \/>\n<meta property=\"og:type\" content=\"article\" \/>\n<meta property=\"og:title\" content=\"Porsche 917-001\" \/>\n<meta property=\"og:description\" content=\"Porsche 917-001\" \/>\n<meta property=\"og:url\" content=\"https:\/\/www.enzo-und-ferdinand.de\/index.php\/2019\/03\/15\/porsche-917-001\/\" \/>\n<meta property=\"og:site_name\" content=\"enzo &amp; Ferdinand\" \/>\n<meta property=\"article:published_time\" content=\"2019-03-15T10:22:27+00:00\" \/>\n<meta property=\"article:modified_time\" content=\"2025-12-28T10:09:52+00:00\" \/>\n<meta property=\"og:image\" content=\"https:\/\/www.enzo-und-ferdinand.de\/wp-content\/uploads\/2019\/03\/S19_1482_fine.jpg\" \/>\n\t<meta property=\"og:image:width\" content=\"810\" \/>\n\t<meta property=\"og:image:height\" content=\"540\" \/>\n\t<meta property=\"og:image:type\" content=\"image\/jpeg\" \/>\n<meta name=\"author\" content=\"Rainer Ro\u00dfbach\" \/>\n<meta name=\"twitter:card\" content=\"summary_large_image\" \/>\n<meta name=\"twitter:label1\" content=\"Verfasst von\" \/>\n\t<meta name=\"twitter:data1\" content=\"Rainer Ro\u00dfbach\" \/>\n\t<meta name=\"twitter:label2\" content=\"Gesch\u00e4tzte Lesezeit\" \/>\n\t<meta name=\"twitter:data2\" content=\"3\u00a0Minuten\" \/>\n<script type=\"application\/ld+json\" class=\"yoast-schema-graph\">{\"@context\":\"https:\\\/\\\/schema.org\",\"@graph\":[{\"@type\":\"Article\",\"@id\":\"https:\\\/\\\/www.enzo-und-ferdinand.de\\\/index.php\\\/2019\\\/03\\\/15\\\/porsche-917-001\\\/#article\",\"isPartOf\":{\"@id\":\"https:\\\/\\\/www.enzo-und-ferdinand.de\\\/index.php\\\/2019\\\/03\\\/15\\\/porsche-917-001\\\/\"},\"author\":{\"name\":\"Rainer Ro\u00dfbach\",\"@id\":\"https:\\\/\\\/www.enzo-und-ferdinand.de\\\/#\\\/schema\\\/person\\\/aff2eb9ff87705987c1b9d21fe10b095\"},\"headline\":\"Porsche 917-001\",\"datePublished\":\"2019-03-15T10:22:27+00:00\",\"dateModified\":\"2025-12-28T10:09:52+00:00\",\"mainEntityOfPage\":{\"@id\":\"https:\\\/\\\/www.enzo-und-ferdinand.de\\\/index.php\\\/2019\\\/03\\\/15\\\/porsche-917-001\\\/\"},\"wordCount\":343,\"publisher\":{\"@id\":\"https:\\\/\\\/www.enzo-und-ferdinand.de\\\/#organization\"},\"image\":{\"@id\":\"https:\\\/\\\/www.enzo-und-ferdinand.de\\\/index.php\\\/2019\\\/03\\\/15\\\/porsche-917-001\\\/#primaryimage\"},\"thumbnailUrl\":\"https:\\\/\\\/www.enzo-und-ferdinand.de\\\/wp-content\\\/uploads\\\/2019\\\/03\\\/S19_1482_fine.jpg\",\"keywords\":[\"Porsche\",\"Porsche 917-001\"],\"articleSection\":[\"Ikonen\",\"Rennsport\"],\"inLanguage\":\"de\"},{\"@type\":\"WebPage\",\"@id\":\"https:\\\/\\\/www.enzo-und-ferdinand.de\\\/index.php\\\/2019\\\/03\\\/15\\\/porsche-917-001\\\/\",\"url\":\"https:\\\/\\\/www.enzo-und-ferdinand.de\\\/index.php\\\/2019\\\/03\\\/15\\\/porsche-917-001\\\/\",\"name\":\"Porsche 917-001\",\"isPartOf\":{\"@id\":\"https:\\\/\\\/www.enzo-und-ferdinand.de\\\/#website\"},\"primaryImageOfPage\":{\"@id\":\"https:\\\/\\\/www.enzo-und-ferdinand.de\\\/index.php\\\/2019\\\/03\\\/15\\\/porsche-917-001\\\/#primaryimage\"},\"image\":{\"@id\":\"https:\\\/\\\/www.enzo-und-ferdinand.de\\\/index.php\\\/2019\\\/03\\\/15\\\/porsche-917-001\\\/#primaryimage\"},\"thumbnailUrl\":\"https:\\\/\\\/www.enzo-und-ferdinand.de\\\/wp-content\\\/uploads\\\/2019\\\/03\\\/S19_1482_fine.jpg\",\"datePublished\":\"2019-03-15T10:22:27+00:00\",\"dateModified\":\"2025-12-28T10:09:52+00:00\",\"description\":\"Porsche 917-001\",\"breadcrumb\":{\"@id\":\"https:\\\/\\\/www.enzo-und-ferdinand.de\\\/index.php\\\/2019\\\/03\\\/15\\\/porsche-917-001\\\/#breadcrumb\"},\"inLanguage\":\"de\",\"potentialAction\":[{\"@type\":\"ReadAction\",\"target\":[\"https:\\\/\\\/www.enzo-und-ferdinand.de\\\/index.php\\\/2019\\\/03\\\/15\\\/porsche-917-001\\\/\"]}]},{\"@type\":\"ImageObject\",\"inLanguage\":\"de\",\"@id\":\"https:\\\/\\\/www.enzo-und-ferdinand.de\\\/index.php\\\/2019\\\/03\\\/15\\\/porsche-917-001\\\/#primaryimage\",\"url\":\"https:\\\/\\\/www.enzo-und-ferdinand.de\\\/wp-content\\\/uploads\\\/2019\\\/03\\\/S19_1482_fine.jpg\",\"contentUrl\":\"https:\\\/\\\/www.enzo-und-ferdinand.de\\\/wp-content\\\/uploads\\\/2019\\\/03\\\/S19_1482_fine.jpg\",\"width\":810,\"height\":540,\"caption\":\"Porsche 917 oo1 IAA 1969\"},{\"@type\":\"BreadcrumbList\",\"@id\":\"https:\\\/\\\/www.enzo-und-ferdinand.de\\\/index.php\\\/2019\\\/03\\\/15\\\/porsche-917-001\\\/#breadcrumb\",\"itemListElement\":[{\"@type\":\"ListItem\",\"position\":1,\"name\":\"Startseite\",\"item\":\"https:\\\/\\\/www.enzo-und-ferdinand.de\\\/\"},{\"@type\":\"ListItem\",\"position\":2,\"name\":\"Porsche 917-001\"}]},{\"@type\":\"WebSite\",\"@id\":\"https:\\\/\\\/www.enzo-und-ferdinand.de\\\/#website\",\"url\":\"https:\\\/\\\/www.enzo-und-ferdinand.de\\\/\",\"name\":\"enzo & Ferdinand\",\"description\":\"\",\"publisher\":{\"@id\":\"https:\\\/\\\/www.enzo-und-ferdinand.de\\\/#organization\"},\"potentialAction\":[{\"@type\":\"SearchAction\",\"target\":{\"@type\":\"EntryPoint\",\"urlTemplate\":\"https:\\\/\\\/www.enzo-und-ferdinand.de\\\/?s={search_term_string}\"},\"query-input\":{\"@type\":\"PropertyValueSpecification\",\"valueRequired\":true,\"valueName\":\"search_term_string\"}}],\"inLanguage\":\"de\"},{\"@type\":\"Organization\",\"@id\":\"https:\\\/\\\/www.enzo-und-ferdinand.de\\\/#organization\",\"name\":\"enzo & Ferdinand\",\"url\":\"https:\\\/\\\/www.enzo-und-ferdinand.de\\\/\",\"logo\":{\"@type\":\"ImageObject\",\"inLanguage\":\"de\",\"@id\":\"https:\\\/\\\/www.enzo-und-ferdinand.de\\\/#\\\/schema\\\/logo\\\/image\\\/\",\"url\":\"https:\\\/\\\/www.enzo-und-ferdinand.de\\\/wp-content\\\/uploads\\\/2018\\\/12\\\/revvvs-icon.png\",\"contentUrl\":\"https:\\\/\\\/www.enzo-und-ferdinand.de\\\/wp-content\\\/uploads\\\/2018\\\/12\\\/revvvs-icon.png\",\"width\":512,\"height\":512,\"caption\":\"enzo & Ferdinand\"},\"image\":{\"@id\":\"https:\\\/\\\/www.enzo-und-ferdinand.de\\\/#\\\/schema\\\/logo\\\/image\\\/\"}},{\"@type\":\"Person\",\"@id\":\"https:\\\/\\\/www.enzo-und-ferdinand.de\\\/#\\\/schema\\\/person\\\/aff2eb9ff87705987c1b9d21fe10b095\",\"name\":\"Rainer Ro\u00dfbach\",\"image\":{\"@type\":\"ImageObject\",\"inLanguage\":\"de\",\"@id\":\"https:\\\/\\\/www.enzo-und-ferdinand.de\\\/wp-content\\\/uploads\\\/2026\\\/01\\\/Rainer-Rossbach-150x150.jpg\",\"url\":\"https:\\\/\\\/www.enzo-und-ferdinand.de\\\/wp-content\\\/uploads\\\/2026\\\/01\\\/Rainer-Rossbach-150x150.jpg\",\"contentUrl\":\"https:\\\/\\\/www.enzo-und-ferdinand.de\\\/wp-content\\\/uploads\\\/2026\\\/01\\\/Rainer-Rossbach-150x150.jpg\",\"caption\":\"Rainer Ro\u00dfbach\"},\"url\":\"https:\\\/\\\/www.enzo-und-ferdinand.de\\\/index.php\\\/author\\\/redaktion\\\/\"}]}<\/script>\n<!-- \/ Yoast SEO plugin. -->","yoast_head_json":{"title":"Porsche 917-001","description":"Porsche 917-001","robots":{"index":"index","follow":"follow","max-snippet":"max-snippet:-1","max-image-preview":"max-image-preview:large","max-video-preview":"max-video-preview:-1"},"canonical":"https:\/\/www.enzo-und-ferdinand.de\/index.php\/2019\/03\/15\/porsche-917-001\/","og_locale":"de_DE","og_type":"article","og_title":"Porsche 917-001","og_description":"Porsche 917-001","og_url":"https:\/\/www.enzo-und-ferdinand.de\/index.php\/2019\/03\/15\/porsche-917-001\/","og_site_name":"enzo &amp; Ferdinand","article_published_time":"2019-03-15T10:22:27+00:00","article_modified_time":"2025-12-28T10:09:52+00:00","og_image":[{"width":810,"height":540,"url":"https:\/\/www.enzo-und-ferdinand.de\/wp-content\/uploads\/2019\/03\/S19_1482_fine.jpg","type":"image\/jpeg"}],"author":"Rainer Ro\u00dfbach","twitter_card":"summary_large_image","twitter_misc":{"Verfasst von":"Rainer Ro\u00dfbach","Gesch\u00e4tzte Lesezeit":"3\u00a0Minuten"},"schema":{"@context":"https:\/\/schema.org","@graph":[{"@type":"Article","@id":"https:\/\/www.enzo-und-ferdinand.de\/index.php\/2019\/03\/15\/porsche-917-001\/#article","isPartOf":{"@id":"https:\/\/www.enzo-und-ferdinand.de\/index.php\/2019\/03\/15\/porsche-917-001\/"},"author":{"name":"Rainer Ro\u00dfbach","@id":"https:\/\/www.enzo-und-ferdinand.de\/#\/schema\/person\/aff2eb9ff87705987c1b9d21fe10b095"},"headline":"Porsche 917-001","datePublished":"2019-03-15T10:22:27+00:00","dateModified":"2025-12-28T10:09:52+00:00","mainEntityOfPage":{"@id":"https:\/\/www.enzo-und-ferdinand.de\/index.php\/2019\/03\/15\/porsche-917-001\/"},"wordCount":343,"publisher":{"@id":"https:\/\/www.enzo-und-ferdinand.de\/#organization"},"image":{"@id":"https:\/\/www.enzo-und-ferdinand.de\/index.php\/2019\/03\/15\/porsche-917-001\/#primaryimage"},"thumbnailUrl":"https:\/\/www.enzo-und-ferdinand.de\/wp-content\/uploads\/2019\/03\/S19_1482_fine.jpg","keywords":["Porsche","Porsche 917-001"],"articleSection":["Ikonen","Rennsport"],"inLanguage":"de"},{"@type":"WebPage","@id":"https:\/\/www.enzo-und-ferdinand.de\/index.php\/2019\/03\/15\/porsche-917-001\/","url":"https:\/\/www.enzo-und-ferdinand.de\/index.php\/2019\/03\/15\/porsche-917-001\/","name":"Porsche 917-001","isPartOf":{"@id":"https:\/\/www.enzo-und-ferdinand.de\/#website"},"primaryImageOfPage":{"@id":"https:\/\/www.enzo-und-ferdinand.de\/index.php\/2019\/03\/15\/porsche-917-001\/#primaryimage"},"image":{"@id":"https:\/\/www.enzo-und-ferdinand.de\/index.php\/2019\/03\/15\/porsche-917-001\/#primaryimage"},"thumbnailUrl":"https:\/\/www.enzo-und-ferdinand.de\/wp-content\/uploads\/2019\/03\/S19_1482_fine.jpg","datePublished":"2019-03-15T10:22:27+00:00","dateModified":"2025-12-28T10:09:52+00:00","description":"Porsche 917-001","breadcrumb":{"@id":"https:\/\/www.enzo-und-ferdinand.de\/index.php\/2019\/03\/15\/porsche-917-001\/#breadcrumb"},"inLanguage":"de","potentialAction":[{"@type":"ReadAction","target":["https:\/\/www.enzo-und-ferdinand.de\/index.php\/2019\/03\/15\/porsche-917-001\/"]}]},{"@type":"ImageObject","inLanguage":"de","@id":"https:\/\/www.enzo-und-ferdinand.de\/index.php\/2019\/03\/15\/porsche-917-001\/#primaryimage","url":"https:\/\/www.enzo-und-ferdinand.de\/wp-content\/uploads\/2019\/03\/S19_1482_fine.jpg","contentUrl":"https:\/\/www.enzo-und-ferdinand.de\/wp-content\/uploads\/2019\/03\/S19_1482_fine.jpg","width":810,"height":540,"caption":"Porsche 917 oo1 IAA 1969"},{"@type":"BreadcrumbList","@id":"https:\/\/www.enzo-und-ferdinand.de\/index.php\/2019\/03\/15\/porsche-917-001\/#breadcrumb","itemListElement":[{"@type":"ListItem","position":1,"name":"Startseite","item":"https:\/\/www.enzo-und-ferdinand.de\/"},{"@type":"ListItem","position":2,"name":"Porsche 917-001"}]},{"@type":"WebSite","@id":"https:\/\/www.enzo-und-ferdinand.de\/#website","url":"https:\/\/www.enzo-und-ferdinand.de\/","name":"enzo & Ferdinand","description":"","publisher":{"@id":"https:\/\/www.enzo-und-ferdinand.de\/#organization"},"potentialAction":[{"@type":"SearchAction","target":{"@type":"EntryPoint","urlTemplate":"https:\/\/www.enzo-und-ferdinand.de\/?s={search_term_string}"},"query-input":{"@type":"PropertyValueSpecification","valueRequired":true,"valueName":"search_term_string"}}],"inLanguage":"de"},{"@type":"Organization","@id":"https:\/\/www.enzo-und-ferdinand.de\/#organization","name":"enzo & Ferdinand","url":"https:\/\/www.enzo-und-ferdinand.de\/","logo":{"@type":"ImageObject","inLanguage":"de","@id":"https:\/\/www.enzo-und-ferdinand.de\/#\/schema\/logo\/image\/","url":"https:\/\/www.enzo-und-ferdinand.de\/wp-content\/uploads\/2018\/12\/revvvs-icon.png","contentUrl":"https:\/\/www.enzo-und-ferdinand.de\/wp-content\/uploads\/2018\/12\/revvvs-icon.png","width":512,"height":512,"caption":"enzo & Ferdinand"},"image":{"@id":"https:\/\/www.enzo-und-ferdinand.de\/#\/schema\/logo\/image\/"}},{"@type":"Person","@id":"https:\/\/www.enzo-und-ferdinand.de\/#\/schema\/person\/aff2eb9ff87705987c1b9d21fe10b095","name":"Rainer Ro\u00dfbach","image":{"@type":"ImageObject","inLanguage":"de","@id":"https:\/\/www.enzo-und-ferdinand.de\/wp-content\/uploads\/2026\/01\/Rainer-Rossbach-150x150.jpg","url":"https:\/\/www.enzo-und-ferdinand.de\/wp-content\/uploads\/2026\/01\/Rainer-Rossbach-150x150.jpg","contentUrl":"https:\/\/www.enzo-und-ferdinand.de\/wp-content\/uploads\/2026\/01\/Rainer-Rossbach-150x150.jpg","caption":"Rainer Ro\u00dfbach"},"url":"https:\/\/www.enzo-und-ferdinand.de\/index.php\/author\/redaktion\/"}]}},"_links":{"self":[{"href":"https:\/\/www.enzo-und-ferdinand.de\/index.php\/wp-json\/wp\/v2\/posts\/3292","targetHints":{"allow":["GET"]}}],"collection":[{"href":"https:\/\/www.enzo-und-ferdinand.de\/index.php\/wp-json\/wp\/v2\/posts"}],"about":[{"href":"https:\/\/www.enzo-und-ferdinand.de\/index.php\/wp-json\/wp\/v2\/types\/post"}],"author":[{"embeddable":true,"href":"https:\/\/www.enzo-und-ferdinand.de\/index.php\/wp-json\/wp\/v2\/users\/1"}],"replies":[{"embeddable":true,"href":"https:\/\/www.enzo-und-ferdinand.de\/index.php\/wp-json\/wp\/v2\/comments?post=3292"}],"version-history":[{"count":22,"href":"https:\/\/www.enzo-und-ferdinand.de\/index.php\/wp-json\/wp\/v2\/posts\/3292\/revisions"}],"predecessor-version":[{"id":3318,"href":"https:\/\/www.enzo-und-ferdinand.de\/index.php\/wp-json\/wp\/v2\/posts\/3292\/revisions\/3318"}],"wp:featuredmedia":[{"embeddable":true,"href":"https:\/\/www.enzo-und-ferdinand.de\/index.php\/wp-json\/wp\/v2\/media\/3294"}],"wp:attachment":[{"href":"https:\/\/www.enzo-und-ferdinand.de\/index.php\/wp-json\/wp\/v2\/media?parent=3292"}],"wp:term":[{"taxonomy":"category","embeddable":true,"href":"https:\/\/www.enzo-und-ferdinand.de\/index.php\/wp-json\/wp\/v2\/categories?post=3292"},{"taxonomy":"post_tag","embeddable":true,"href":"https:\/\/www.enzo-und-ferdinand.de\/index.php\/wp-json\/wp\/v2\/tags?post=3292"}],"curies":[{"name":"wp","href":"https:\/\/api.w.org\/{rel}","templated":true}]}}