{"id":3438,"date":"2019-03-28T11:34:45","date_gmt":"2019-03-28T10:34:45","guid":{"rendered":"http:\/\/www.enzo-und-ferdinand.de\/?p=3438"},"modified":"2025-12-27T15:50:48","modified_gmt":"2025-12-27T14:50:48","slug":"abarth-rally-cup-2019","status":"publish","type":"post","link":"https:\/\/www.enzo-und-ferdinand.de\/index.php\/2019\/03\/28\/abarth-rally-cup-2019\/","title":{"rendered":"Abarth Rally Cup 2019"},"content":{"rendered":"\n<figure class=\"wp-block-image\"><img loading=\"lazy\" decoding=\"async\" width=\"810\" height=\"540\" src=\"https:\/\/www.enzo-und-ferdinand.de\/wp-content\/uploads\/2019\/03\/Abarth_Abarth_124_rally__5.jpg\" alt=\"Abarth 124 Rallye\" class=\"wp-image-3443\" srcset=\"https:\/\/www.enzo-und-ferdinand.de\/wp-content\/uploads\/2019\/03\/Abarth_Abarth_124_rally__5.jpg 810w, https:\/\/www.enzo-und-ferdinand.de\/wp-content\/uploads\/2019\/03\/Abarth_Abarth_124_rally__5-300x200.jpg 300w, https:\/\/www.enzo-und-ferdinand.de\/wp-content\/uploads\/2019\/03\/Abarth_Abarth_124_rally__5-768x512.jpg 768w, https:\/\/www.enzo-und-ferdinand.de\/wp-content\/uploads\/2019\/03\/Abarth_Abarth_124_rally__5-120x80.jpg 120w\" sizes=\"auto, (max-width: 810px) 100vw, 810px\" \/><\/figure>\n\n\n\n<p class=\"wp-block-paragraph\">In der Saison 2018 trat der Abarth 124 Rallye \u00fcberaus erfolgreich im FIA R-GT Cup an, den Raphael Astier und sein Co-Pilot Fr\u00e9d\u00e9ric Vauclaire vorzeitig gewinnen konnten. Auch bei der European Rally Championship und verschiedenen nationalen Meisterschaften \u00fcberzeugte der italienische Zweisitzer durch sein Leistungspotential und konnte mehr als zwanzig Siege einfahren.<\/p>\n\n\n\n<p class=\"wp-block-paragraph\">2019 wird erneut der Abarth Rally Cup f\u00fcr Privatfahrer ausgeschrieben. Der anspruchsvolle Markenpokal findet w\u00e4hrend sechs L\u00e4ufen der FIA Rallye-Europameisterschaft statt. Die jeweiligen Sieger d\u00fcrfen sich \u00fcber \u00fcppige Preisgelder freuen: Bei jeder Rallye werden an die vier bestplatzierten Fahrer 34.000 Euro ausgezahlt. Der Laufsieger bekommt 12.000 Euro, der Zweitplatzierte 10.000 Euro, der Dritte 8.000 Euro und der Vierte 4.000 Euro. Der Gewinner des Abarth Rally Cup 2019 erh\u00e4lt dar\u00fcber hinaus am Ende der Saison den Hauptpreis von 30.000 Euro.<\/p>\n\n\n\n<p class=\"wp-block-paragraph\">Die Teams werden w\u00e4hrend der Rallyes mit einem Hospitality-Bereich und einem Ersatzteilservice im Servicepark unterst\u00fctzt, inklusive des Supports durch Ingenieure und Techniker von Abarth.<br><\/p>\n\n\n\n<p class=\"wp-block-paragraph\">F\u00fcr eine verbesserte Performance ist der Abarth 124 Rally in vielen Details optimiert worden. So erfuhren etwa&nbsp; die mechanischen Hauptkomponenten, die Motorelektronik, das Getriebe, die Kraft\u00fcbertragung und das Fahrwerk deutliche Verbesserungen.<\/p>\n\n\n\n<p class=\"wp-block-paragraph\">Ab sofort sind Einschreibungen in den neuen Markenpokal m\u00f6glich. &nbsp;Die Anmeldegeb\u00fchr&nbsp; betr\u00e4gt f\u00fcr alle sechs Wettbewerbe 3.000 Euro zuz\u00fcglich Mehrwertsteuer. Darin enthalten ist ein komplettes Bekleidungsset. Teams k\u00f6nnen sich auch f\u00fcr Einzelveranstaltungen zum Preis von jeweils 650 Euro zuz\u00fcglich Mehrwertsteuer anmelden.<\/p>\n\n\n\n<p class=\"wp-block-paragraph\">Das vollst\u00e4ndige Reglement des Abarth Rally Cup und die Anmeldeformulare sind zu finden im Internet unter dem Link: <a title=\"Abarth Rally Cup 2019\" href=\"https:\/\/www.abarth.it\/racing\/abarth-rally-cup-2019\">https:\/\/www.abarth.it\/racing\/abarth-rally-cup-2019<\/a><\/p>\n\n\n\n<p class=\"wp-block-paragraph\"><strong>Termine Abarth Rally Cup 2019<\/strong><br>Rally Islas Canarias (Spanien), 2. bis 4. Mai, Asphalt<br>Rally Islas Canarias (Spanien), 2. bis 4. Mai, Asphalt<br>Rally Poland (Polen), 28. bis 30. Juni, Schotter<br>Rally di Roma Capitale (Italien),19. bis 21. Juli, Asphalt&nbsp;<br>Barum Czech Rally Zl\u00edn (Tschechische Republik), 16. bis 18. August, Asphalt<br>Rally Hungary (Ungarn), 8. bis 10. November, Asphalt<\/p>\n\n\n\n<figure class=\"wp-block-image\"><img loading=\"lazy\" decoding=\"async\" width=\"810\" height=\"539\" src=\"https:\/\/www.enzo-und-ferdinand.de\/wp-content\/uploads\/2019\/03\/Abarth_Abarth_124_rally_8.jpg\" alt=\"Abarth 124 Rallye\" class=\"wp-image-3444\" srcset=\"https:\/\/www.enzo-und-ferdinand.de\/wp-content\/uploads\/2019\/03\/Abarth_Abarth_124_rally_8.jpg 810w, https:\/\/www.enzo-und-ferdinand.de\/wp-content\/uploads\/2019\/03\/Abarth_Abarth_124_rally_8-300x200.jpg 300w, https:\/\/www.enzo-und-ferdinand.de\/wp-content\/uploads\/2019\/03\/Abarth_Abarth_124_rally_8-768x511.jpg 768w, https:\/\/www.enzo-und-ferdinand.de\/wp-content\/uploads\/2019\/03\/Abarth_Abarth_124_rally_8-120x80.jpg 120w\" sizes=\"auto, (max-width: 810px) 100vw, 810px\" \/><\/figure>\n\n\n\n<p style=\"text-align:center\" class=\"has-small-font-size wp-block-paragraph\">Fotos: Abarth\/Text: Rainer Ro\u00dfbach<br><br><\/p>\n\n\n\n<p class=\"wp-block-paragraph\"><br><\/p>\n","protected":false},"excerpt":{"rendered":"<p>In der Saison 2018 trat der Abarth 124 Rallye \u00fcberaus erfolgreich im FIA R-GT Cup an, den Raphael Astier und sein Co-Pilot Fr\u00e9d\u00e9ric Vauclaire vorzeitig gewinnen konnten. Auch bei der European Rally Championship und verschiedenen nationalen Meisterschaften \u00fcberzeugte der italienische Zweisitzer durch sein Leistungspotential und konnte mehr als zwanzig Siege einfahren.<br \/>\n2019 wird erneut der Abarth Rally Cup f\u00fcr Privatfahrer ausgeschrieben. Der anspruchsvolle Markenpokal findet w\u00e4hrend sechs L\u00e4ufen der FIA Rallye-Europameisterschaft statt. Die jeweiligen Sieger d\u00fcrfen sich \u00fcber \u00fcppige Preisgelder freuen.<\/p>\n","protected":false},"author":1,"featured_media":3442,"comment_status":"closed","ping_status":"closed","sticky":false,"template":"","format":"standard","meta":{"_crdt_document":"","ngg_post_thumbnail":0,"footnotes":""},"categories":[23,5],"tags":[212,267,211],"class_list":["post-3438","post","type-post","status-publish","format-standard","has-post-thumbnail","hentry","category-performance","category-rennsport","tag-abarth","tag-abarth-rally-cup-2019","tag-fiat"],"yoast_head":"<!-- This site is optimized with the Yoast SEO plugin v27.4 - https:\/\/yoast.com\/product\/yoast-seo-wordpress\/ -->\n<title>Abarth Rally Cup 2019<\/title>\n<meta name=\"description\" content=\"Abarth Rally Cup 2019\" \/>\n<meta name=\"robots\" content=\"index, follow, max-snippet:-1, max-image-preview:large, max-video-preview:-1\" \/>\n<link rel=\"canonical\" href=\"https:\/\/www.enzo-und-ferdinand.de\/index.php\/2019\/03\/28\/abarth-rally-cup-2019\/\" \/>\n<meta property=\"og:locale\" content=\"de_DE\" \/>\n<meta property=\"og:type\" content=\"article\" \/>\n<meta property=\"og:title\" content=\"Abarth Rally Cup 2019\" \/>\n<meta property=\"og:description\" content=\"Abarth Rally Cup 2019\" \/>\n<meta property=\"og:url\" content=\"https:\/\/www.enzo-und-ferdinand.de\/index.php\/2019\/03\/28\/abarth-rally-cup-2019\/\" \/>\n<meta property=\"og:site_name\" content=\"enzo &amp; Ferdinand\" \/>\n<meta property=\"article:published_time\" content=\"2019-03-28T10:34:45+00:00\" \/>\n<meta property=\"article:modified_time\" content=\"2025-12-27T14:50:48+00:00\" \/>\n<meta property=\"og:image\" content=\"https:\/\/www.enzo-und-ferdinand.de\/wp-content\/uploads\/2019\/03\/Abarth_Abarth_124_rally_16.jpg\" \/>\n\t<meta property=\"og:image:width\" content=\"810\" \/>\n\t<meta property=\"og:image:height\" content=\"540\" \/>\n\t<meta property=\"og:image:type\" content=\"image\/jpeg\" \/>\n<meta name=\"author\" content=\"Rainer Ro\u00dfbach\" \/>\n<meta name=\"twitter:card\" content=\"summary_large_image\" \/>\n<meta name=\"twitter:label1\" content=\"Verfasst von\" \/>\n\t<meta name=\"twitter:data1\" content=\"Rainer Ro\u00dfbach\" \/>\n\t<meta name=\"twitter:label2\" content=\"Gesch\u00e4tzte Lesezeit\" \/>\n\t<meta name=\"twitter:data2\" content=\"3\u00a0Minuten\" \/>\n<script type=\"application\/ld+json\" class=\"yoast-schema-graph\">{\"@context\":\"https:\\\/\\\/schema.org\",\"@graph\":[{\"@type\":\"Article\",\"@id\":\"https:\\\/\\\/www.enzo-und-ferdinand.de\\\/index.php\\\/2019\\\/03\\\/28\\\/abarth-rally-cup-2019\\\/#article\",\"isPartOf\":{\"@id\":\"https:\\\/\\\/www.enzo-und-ferdinand.de\\\/index.php\\\/2019\\\/03\\\/28\\\/abarth-rally-cup-2019\\\/\"},\"author\":{\"name\":\"Rainer Ro\u00dfbach\",\"@id\":\"https:\\\/\\\/www.enzo-und-ferdinand.de\\\/#\\\/schema\\\/person\\\/aff2eb9ff87705987c1b9d21fe10b095\"},\"headline\":\"Abarth Rally Cup 2019\",\"datePublished\":\"2019-03-28T10:34:45+00:00\",\"dateModified\":\"2025-12-27T14:50:48+00:00\",\"mainEntityOfPage\":{\"@id\":\"https:\\\/\\\/www.enzo-und-ferdinand.de\\\/index.php\\\/2019\\\/03\\\/28\\\/abarth-rally-cup-2019\\\/\"},\"wordCount\":315,\"publisher\":{\"@id\":\"https:\\\/\\\/www.enzo-und-ferdinand.de\\\/#organization\"},\"image\":{\"@id\":\"https:\\\/\\\/www.enzo-und-ferdinand.de\\\/index.php\\\/2019\\\/03\\\/28\\\/abarth-rally-cup-2019\\\/#primaryimage\"},\"thumbnailUrl\":\"https:\\\/\\\/www.enzo-und-ferdinand.de\\\/wp-content\\\/uploads\\\/2019\\\/03\\\/Abarth_Abarth_124_rally_16.jpg\",\"keywords\":[\"Abarth\",\"Abarth Rally Cup 2019\",\"Fiat\"],\"articleSection\":[\"Performance\",\"Rennsport\"],\"inLanguage\":\"de\"},{\"@type\":\"WebPage\",\"@id\":\"https:\\\/\\\/www.enzo-und-ferdinand.de\\\/index.php\\\/2019\\\/03\\\/28\\\/abarth-rally-cup-2019\\\/\",\"url\":\"https:\\\/\\\/www.enzo-und-ferdinand.de\\\/index.php\\\/2019\\\/03\\\/28\\\/abarth-rally-cup-2019\\\/\",\"name\":\"Abarth Rally Cup 2019\",\"isPartOf\":{\"@id\":\"https:\\\/\\\/www.enzo-und-ferdinand.de\\\/#website\"},\"primaryImageOfPage\":{\"@id\":\"https:\\\/\\\/www.enzo-und-ferdinand.de\\\/index.php\\\/2019\\\/03\\\/28\\\/abarth-rally-cup-2019\\\/#primaryimage\"},\"image\":{\"@id\":\"https:\\\/\\\/www.enzo-und-ferdinand.de\\\/index.php\\\/2019\\\/03\\\/28\\\/abarth-rally-cup-2019\\\/#primaryimage\"},\"thumbnailUrl\":\"https:\\\/\\\/www.enzo-und-ferdinand.de\\\/wp-content\\\/uploads\\\/2019\\\/03\\\/Abarth_Abarth_124_rally_16.jpg\",\"datePublished\":\"2019-03-28T10:34:45+00:00\",\"dateModified\":\"2025-12-27T14:50:48+00:00\",\"description\":\"Abarth Rally Cup 2019\",\"breadcrumb\":{\"@id\":\"https:\\\/\\\/www.enzo-und-ferdinand.de\\\/index.php\\\/2019\\\/03\\\/28\\\/abarth-rally-cup-2019\\\/#breadcrumb\"},\"inLanguage\":\"de\",\"potentialAction\":[{\"@type\":\"ReadAction\",\"target\":[\"https:\\\/\\\/www.enzo-und-ferdinand.de\\\/index.php\\\/2019\\\/03\\\/28\\\/abarth-rally-cup-2019\\\/\"]}]},{\"@type\":\"ImageObject\",\"inLanguage\":\"de\",\"@id\":\"https:\\\/\\\/www.enzo-und-ferdinand.de\\\/index.php\\\/2019\\\/03\\\/28\\\/abarth-rally-cup-2019\\\/#primaryimage\",\"url\":\"https:\\\/\\\/www.enzo-und-ferdinand.de\\\/wp-content\\\/uploads\\\/2019\\\/03\\\/Abarth_Abarth_124_rally_16.jpg\",\"contentUrl\":\"https:\\\/\\\/www.enzo-und-ferdinand.de\\\/wp-content\\\/uploads\\\/2019\\\/03\\\/Abarth_Abarth_124_rally_16.jpg\",\"width\":810,\"height\":540,\"caption\":\"Abarth 124 Rallye\"},{\"@type\":\"BreadcrumbList\",\"@id\":\"https:\\\/\\\/www.enzo-und-ferdinand.de\\\/index.php\\\/2019\\\/03\\\/28\\\/abarth-rally-cup-2019\\\/#breadcrumb\",\"itemListElement\":[{\"@type\":\"ListItem\",\"position\":1,\"name\":\"Startseite\",\"item\":\"https:\\\/\\\/www.enzo-und-ferdinand.de\\\/\"},{\"@type\":\"ListItem\",\"position\":2,\"name\":\"Abarth Rally Cup 2019\"}]},{\"@type\":\"WebSite\",\"@id\":\"https:\\\/\\\/www.enzo-und-ferdinand.de\\\/#website\",\"url\":\"https:\\\/\\\/www.enzo-und-ferdinand.de\\\/\",\"name\":\"enzo & Ferdinand\",\"description\":\"\",\"publisher\":{\"@id\":\"https:\\\/\\\/www.enzo-und-ferdinand.de\\\/#organization\"},\"potentialAction\":[{\"@type\":\"SearchAction\",\"target\":{\"@type\":\"EntryPoint\",\"urlTemplate\":\"https:\\\/\\\/www.enzo-und-ferdinand.de\\\/?s={search_term_string}\"},\"query-input\":{\"@type\":\"PropertyValueSpecification\",\"valueRequired\":true,\"valueName\":\"search_term_string\"}}],\"inLanguage\":\"de\"},{\"@type\":\"Organization\",\"@id\":\"https:\\\/\\\/www.enzo-und-ferdinand.de\\\/#organization\",\"name\":\"enzo & Ferdinand\",\"url\":\"https:\\\/\\\/www.enzo-und-ferdinand.de\\\/\",\"logo\":{\"@type\":\"ImageObject\",\"inLanguage\":\"de\",\"@id\":\"https:\\\/\\\/www.enzo-und-ferdinand.de\\\/#\\\/schema\\\/logo\\\/image\\\/\",\"url\":\"https:\\\/\\\/www.enzo-und-ferdinand.de\\\/wp-content\\\/uploads\\\/2018\\\/12\\\/revvvs-icon.png\",\"contentUrl\":\"https:\\\/\\\/www.enzo-und-ferdinand.de\\\/wp-content\\\/uploads\\\/2018\\\/12\\\/revvvs-icon.png\",\"width\":512,\"height\":512,\"caption\":\"enzo & Ferdinand\"},\"image\":{\"@id\":\"https:\\\/\\\/www.enzo-und-ferdinand.de\\\/#\\\/schema\\\/logo\\\/image\\\/\"}},{\"@type\":\"Person\",\"@id\":\"https:\\\/\\\/www.enzo-und-ferdinand.de\\\/#\\\/schema\\\/person\\\/aff2eb9ff87705987c1b9d21fe10b095\",\"name\":\"Rainer Ro\u00dfbach\",\"image\":{\"@type\":\"ImageObject\",\"inLanguage\":\"de\",\"@id\":\"https:\\\/\\\/www.enzo-und-ferdinand.de\\\/wp-content\\\/uploads\\\/2026\\\/01\\\/Rainer-Rossbach-150x150.jpg\",\"url\":\"https:\\\/\\\/www.enzo-und-ferdinand.de\\\/wp-content\\\/uploads\\\/2026\\\/01\\\/Rainer-Rossbach-150x150.jpg\",\"contentUrl\":\"https:\\\/\\\/www.enzo-und-ferdinand.de\\\/wp-content\\\/uploads\\\/2026\\\/01\\\/Rainer-Rossbach-150x150.jpg\",\"caption\":\"Rainer Ro\u00dfbach\"},\"url\":\"https:\\\/\\\/www.enzo-und-ferdinand.de\\\/index.php\\\/author\\\/redaktion\\\/\"}]}<\/script>\n<!-- \/ Yoast SEO plugin. -->","yoast_head_json":{"title":"Abarth Rally Cup 2019","description":"Abarth Rally Cup 2019","robots":{"index":"index","follow":"follow","max-snippet":"max-snippet:-1","max-image-preview":"max-image-preview:large","max-video-preview":"max-video-preview:-1"},"canonical":"https:\/\/www.enzo-und-ferdinand.de\/index.php\/2019\/03\/28\/abarth-rally-cup-2019\/","og_locale":"de_DE","og_type":"article","og_title":"Abarth Rally Cup 2019","og_description":"Abarth Rally Cup 2019","og_url":"https:\/\/www.enzo-und-ferdinand.de\/index.php\/2019\/03\/28\/abarth-rally-cup-2019\/","og_site_name":"enzo &amp; Ferdinand","article_published_time":"2019-03-28T10:34:45+00:00","article_modified_time":"2025-12-27T14:50:48+00:00","og_image":[{"width":810,"height":540,"url":"https:\/\/www.enzo-und-ferdinand.de\/wp-content\/uploads\/2019\/03\/Abarth_Abarth_124_rally_16.jpg","type":"image\/jpeg"}],"author":"Rainer Ro\u00dfbach","twitter_card":"summary_large_image","twitter_misc":{"Verfasst von":"Rainer Ro\u00dfbach","Gesch\u00e4tzte Lesezeit":"3\u00a0Minuten"},"schema":{"@context":"https:\/\/schema.org","@graph":[{"@type":"Article","@id":"https:\/\/www.enzo-und-ferdinand.de\/index.php\/2019\/03\/28\/abarth-rally-cup-2019\/#article","isPartOf":{"@id":"https:\/\/www.enzo-und-ferdinand.de\/index.php\/2019\/03\/28\/abarth-rally-cup-2019\/"},"author":{"name":"Rainer Ro\u00dfbach","@id":"https:\/\/www.enzo-und-ferdinand.de\/#\/schema\/person\/aff2eb9ff87705987c1b9d21fe10b095"},"headline":"Abarth Rally Cup 2019","datePublished":"2019-03-28T10:34:45+00:00","dateModified":"2025-12-27T14:50:48+00:00","mainEntityOfPage":{"@id":"https:\/\/www.enzo-und-ferdinand.de\/index.php\/2019\/03\/28\/abarth-rally-cup-2019\/"},"wordCount":315,"publisher":{"@id":"https:\/\/www.enzo-und-ferdinand.de\/#organization"},"image":{"@id":"https:\/\/www.enzo-und-ferdinand.de\/index.php\/2019\/03\/28\/abarth-rally-cup-2019\/#primaryimage"},"thumbnailUrl":"https:\/\/www.enzo-und-ferdinand.de\/wp-content\/uploads\/2019\/03\/Abarth_Abarth_124_rally_16.jpg","keywords":["Abarth","Abarth Rally Cup 2019","Fiat"],"articleSection":["Performance","Rennsport"],"inLanguage":"de"},{"@type":"WebPage","@id":"https:\/\/www.enzo-und-ferdinand.de\/index.php\/2019\/03\/28\/abarth-rally-cup-2019\/","url":"https:\/\/www.enzo-und-ferdinand.de\/index.php\/2019\/03\/28\/abarth-rally-cup-2019\/","name":"Abarth Rally Cup 2019","isPartOf":{"@id":"https:\/\/www.enzo-und-ferdinand.de\/#website"},"primaryImageOfPage":{"@id":"https:\/\/www.enzo-und-ferdinand.de\/index.php\/2019\/03\/28\/abarth-rally-cup-2019\/#primaryimage"},"image":{"@id":"https:\/\/www.enzo-und-ferdinand.de\/index.php\/2019\/03\/28\/abarth-rally-cup-2019\/#primaryimage"},"thumbnailUrl":"https:\/\/www.enzo-und-ferdinand.de\/wp-content\/uploads\/2019\/03\/Abarth_Abarth_124_rally_16.jpg","datePublished":"2019-03-28T10:34:45+00:00","dateModified":"2025-12-27T14:50:48+00:00","description":"Abarth Rally Cup 2019","breadcrumb":{"@id":"https:\/\/www.enzo-und-ferdinand.de\/index.php\/2019\/03\/28\/abarth-rally-cup-2019\/#breadcrumb"},"inLanguage":"de","potentialAction":[{"@type":"ReadAction","target":["https:\/\/www.enzo-und-ferdinand.de\/index.php\/2019\/03\/28\/abarth-rally-cup-2019\/"]}]},{"@type":"ImageObject","inLanguage":"de","@id":"https:\/\/www.enzo-und-ferdinand.de\/index.php\/2019\/03\/28\/abarth-rally-cup-2019\/#primaryimage","url":"https:\/\/www.enzo-und-ferdinand.de\/wp-content\/uploads\/2019\/03\/Abarth_Abarth_124_rally_16.jpg","contentUrl":"https:\/\/www.enzo-und-ferdinand.de\/wp-content\/uploads\/2019\/03\/Abarth_Abarth_124_rally_16.jpg","width":810,"height":540,"caption":"Abarth 124 Rallye"},{"@type":"BreadcrumbList","@id":"https:\/\/www.enzo-und-ferdinand.de\/index.php\/2019\/03\/28\/abarth-rally-cup-2019\/#breadcrumb","itemListElement":[{"@type":"ListItem","position":1,"name":"Startseite","item":"https:\/\/www.enzo-und-ferdinand.de\/"},{"@type":"ListItem","position":2,"name":"Abarth Rally Cup 2019"}]},{"@type":"WebSite","@id":"https:\/\/www.enzo-und-ferdinand.de\/#website","url":"https:\/\/www.enzo-und-ferdinand.de\/","name":"enzo & Ferdinand","description":"","publisher":{"@id":"https:\/\/www.enzo-und-ferdinand.de\/#organization"},"potentialAction":[{"@type":"SearchAction","target":{"@type":"EntryPoint","urlTemplate":"https:\/\/www.enzo-und-ferdinand.de\/?s={search_term_string}"},"query-input":{"@type":"PropertyValueSpecification","valueRequired":true,"valueName":"search_term_string"}}],"inLanguage":"de"},{"@type":"Organization","@id":"https:\/\/www.enzo-und-ferdinand.de\/#organization","name":"enzo & Ferdinand","url":"https:\/\/www.enzo-und-ferdinand.de\/","logo":{"@type":"ImageObject","inLanguage":"de","@id":"https:\/\/www.enzo-und-ferdinand.de\/#\/schema\/logo\/image\/","url":"https:\/\/www.enzo-und-ferdinand.de\/wp-content\/uploads\/2018\/12\/revvvs-icon.png","contentUrl":"https:\/\/www.enzo-und-ferdinand.de\/wp-content\/uploads\/2018\/12\/revvvs-icon.png","width":512,"height":512,"caption":"enzo & Ferdinand"},"image":{"@id":"https:\/\/www.enzo-und-ferdinand.de\/#\/schema\/logo\/image\/"}},{"@type":"Person","@id":"https:\/\/www.enzo-und-ferdinand.de\/#\/schema\/person\/aff2eb9ff87705987c1b9d21fe10b095","name":"Rainer Ro\u00dfbach","image":{"@type":"ImageObject","inLanguage":"de","@id":"https:\/\/www.enzo-und-ferdinand.de\/wp-content\/uploads\/2026\/01\/Rainer-Rossbach-150x150.jpg","url":"https:\/\/www.enzo-und-ferdinand.de\/wp-content\/uploads\/2026\/01\/Rainer-Rossbach-150x150.jpg","contentUrl":"https:\/\/www.enzo-und-ferdinand.de\/wp-content\/uploads\/2026\/01\/Rainer-Rossbach-150x150.jpg","caption":"Rainer Ro\u00dfbach"},"url":"https:\/\/www.enzo-und-ferdinand.de\/index.php\/author\/redaktion\/"}]}},"_links":{"self":[{"href":"https:\/\/www.enzo-und-ferdinand.de\/index.php\/wp-json\/wp\/v2\/posts\/3438","targetHints":{"allow":["GET"]}}],"collection":[{"href":"https:\/\/www.enzo-und-ferdinand.de\/index.php\/wp-json\/wp\/v2\/posts"}],"about":[{"href":"https:\/\/www.enzo-und-ferdinand.de\/index.php\/wp-json\/wp\/v2\/types\/post"}],"author":[{"embeddable":true,"href":"https:\/\/www.enzo-und-ferdinand.de\/index.php\/wp-json\/wp\/v2\/users\/1"}],"replies":[{"embeddable":true,"href":"https:\/\/www.enzo-und-ferdinand.de\/index.php\/wp-json\/wp\/v2\/comments?post=3438"}],"version-history":[{"count":7,"href":"https:\/\/www.enzo-und-ferdinand.de\/index.php\/wp-json\/wp\/v2\/posts\/3438\/revisions"}],"predecessor-version":[{"id":19431,"href":"https:\/\/www.enzo-und-ferdinand.de\/index.php\/wp-json\/wp\/v2\/posts\/3438\/revisions\/19431"}],"wp:featuredmedia":[{"embeddable":true,"href":"https:\/\/www.enzo-und-ferdinand.de\/index.php\/wp-json\/wp\/v2\/media\/3442"}],"wp:attachment":[{"href":"https:\/\/www.enzo-und-ferdinand.de\/index.php\/wp-json\/wp\/v2\/media?parent=3438"}],"wp:term":[{"taxonomy":"category","embeddable":true,"href":"https:\/\/www.enzo-und-ferdinand.de\/index.php\/wp-json\/wp\/v2\/categories?post=3438"},{"taxonomy":"post_tag","embeddable":true,"href":"https:\/\/www.enzo-und-ferdinand.de\/index.php\/wp-json\/wp\/v2\/tags?post=3438"}],"curies":[{"name":"wp","href":"https:\/\/api.w.org\/{rel}","templated":true}]}}