{"id":3463,"date":"2019-04-16T11:32:16","date_gmt":"2019-04-16T09:32:16","guid":{"rendered":"http:\/\/www.enzo-und-ferdinand.de\/?p=3463"},"modified":"2025-12-28T11:29:29","modified_gmt":"2025-12-28T10:29:29","slug":"bmw-m1-procar-revival","status":"publish","type":"post","link":"https:\/\/www.enzo-und-ferdinand.de\/index.php\/2019\/04\/16\/bmw-m1-procar-revival\/","title":{"rendered":"BMW M1 Procar Revival"},"content":{"rendered":"\n<figure class=\"wp-block-image\"><img loading=\"lazy\" decoding=\"async\" width=\"810\" height=\"540\" src=\"https:\/\/www.enzo-und-ferdinand.de\/wp-content\/uploads\/2019\/04\/P0047257.jpg\" alt=\"BMW M1\" class=\"wp-image-3467\" srcset=\"https:\/\/www.enzo-und-ferdinand.de\/wp-content\/uploads\/2019\/04\/P0047257.jpg 810w, https:\/\/www.enzo-und-ferdinand.de\/wp-content\/uploads\/2019\/04\/P0047257-300x200.jpg 300w, https:\/\/www.enzo-und-ferdinand.de\/wp-content\/uploads\/2019\/04\/P0047257-768x512.jpg 768w, https:\/\/www.enzo-und-ferdinand.de\/wp-content\/uploads\/2019\/04\/P0047257-120x80.jpg 120w\" sizes=\"auto, (max-width: 810px) 100vw, 810px\" \/><\/figure>\n\n\n\n<p class=\"wp-block-paragraph\">40 Jahre nach dem Start der eigens f\u00fcr den BMW M1 geschaffenen Procar-Serie im Rahmen der Formel-1-Weltmeisterschaft treten die potenten Mittelmotorsportwagen aus Bayern erneut an. Im Rahmen der DTM-L\u00e4ufe auf dem Norisring vom 5. bis zum 7.&nbsp;Juli 2019 feiern gleich 14 Exemplare des nach dem damaligen Reglement der Gruppe 4 aufgebauten und anschlie\u00dfend von Formel-1-Piloten und internationalen Privatfahrern gesteuerten Rennfahrzeugs ein spektakul\u00e4res Comeback auf der Piste.&nbsp;<\/p>\n\n\n\n<p class=\"wp-block-paragraph\">Namhafte Piloten werden auf dem N\u00fcrnberger Stadtkurs an den Start gehen. So greifen mit den ehemaligen Formel-1-Fahrern Jan Lammers aus den Niederlanden und Marc Surer aus der Schweiz zwei Piloten ins Volant, die bereits vor 40 Jahren in der Procar-Serie antraten.<\/p>\n\n\n\n<p class=\"wp-block-paragraph\">Der sowohl f\u00fcr den Renneinsatz als auch f\u00fcr eine Stra\u00dfenzulassung konzipierte Mittelmotor-Sportwagen wurde im Herbst 1978 vorgestellt. Da Verz\u00f6gerungen im Produktionsprozess eine termingerechte Homologation verhinderten, rief der damalige Gesch\u00e4ftsf\u00fchrer der BMW Motorsport GmbH, Jochen Neerpasch, gemeinsam mit den Formel-1-Managern Max Mosley und Bernie Ecclestone eine v\u00f6llig neue Rennserie ins Leben. Die insgesamt 19 in den Jahren 1979 und 1980 ausgetragenen Rennen der Procar-Serie entwickelten sich zum attraktiven Bestandteil des Formel-1-Zirkus.<\/p>\n\n\n\n<p class=\"wp-block-paragraph\">Diese wurden im Vorprogramm der europ\u00e4ischen Grand-Prix-L\u00e4ufe ausgetragen und gab Privatfahrern und Nachwuchstalenten die Gelegenheit, sich in technisch identischen BMW M1 mit den Topstars des Motorsports zu messen. Unter den Formel-1-Fahrern qualifizierten sich jeweils die f\u00fcnf Schnellsten des Freitags-Trainings f\u00fcr einen Einsatz im BMW M1. Prominente Piloten wie Niki Lauda, Nelson Piquet, Alan Jones, Jacques Laffite und Emerson Fittipaldi fanden gro\u00dfes Vergn\u00fcgen an der Kurvenhatz mit dem schnellen und handlichen Mittelmotor-Renner. Im Wettstreit mit den jeweils 470&nbsp;PS starken BMW M1 entschied allein das fahrerische K\u00f6nnen \u00fcber den Sieg \u2013 ein Umstand, der auf jedem Kurs f\u00fcr maximale Spannung sorgte und der Procar Serie schnell zu gro\u00dfer Popularit\u00e4t verhalf.<\/p>\n\n\n\n<p class=\"wp-block-paragraph\">Gesamtsieger der ersten Procar Saison wurde Niki Lauda. Im Jahr darauf sicherte sich Nelson Piquet mit drei Siegen in Folge Rang eins in der Gesamtwertung. Der BMW M1 setzte seine Motorsport-Karriere unter anderem in der Deutschen Automobil-Rennsport-Meisterschaft und in der amerikanischen IMSA GTO Championship fort. Als Gruppe-5-Rennfahrzeug mit Turboaufladung f\u00fcr seinen Reihensechszylinder-Motor, einer Leistung von bis zu 1000&nbsp;PS und imposanten Spoilern geh\u00f6rte er auch dort zu den besonders spektakul\u00e4ren und erfolgreichen Vertretern seiner Zeit.<\/p>\n\n\n\n<p class=\"wp-block-paragraph\">Auf dem Norisring sind die Procar-Renner nicht zum ersten Mal zu Gast. In der zweiten Saison der damaligen Rennserie wurde einer der Procar-L\u00e4ufe auf dem Stadtkurs gestartet. Damals siegte der Deutsche Hans-Joachim Stuck vor Jan Lammers und Marc Surer.<\/p>\n\n\n\n<figure class=\"wp-block-image\"><img loading=\"lazy\" decoding=\"async\" width=\"810\" height=\"540\" src=\"https:\/\/www.enzo-und-ferdinand.de\/wp-content\/uploads\/2019\/04\/P90344469_highRes_bmw-m1-procar-at-nue.jpg\" alt=\"BMW M1\" class=\"wp-image-3469\" srcset=\"https:\/\/www.enzo-und-ferdinand.de\/wp-content\/uploads\/2019\/04\/P90344469_highRes_bmw-m1-procar-at-nue.jpg 810w, https:\/\/www.enzo-und-ferdinand.de\/wp-content\/uploads\/2019\/04\/P90344469_highRes_bmw-m1-procar-at-nue-300x200.jpg 300w, https:\/\/www.enzo-und-ferdinand.de\/wp-content\/uploads\/2019\/04\/P90344469_highRes_bmw-m1-procar-at-nue-768x512.jpg 768w, https:\/\/www.enzo-und-ferdinand.de\/wp-content\/uploads\/2019\/04\/P90344469_highRes_bmw-m1-procar-at-nue-120x80.jpg 120w\" sizes=\"auto, (max-width: 810px) 100vw, 810px\" \/><\/figure>\n\n\n\n<p style=\"text-align:center\" class=\"has-small-font-size wp-block-paragraph\">Fotos: BMW\/Text: rr\/BMW<\/p>\n","protected":false},"excerpt":{"rendered":"<p>40 Jahre nach dem Start der eigens f\u00fcr den BMW M1 geschaffenen Procar-Serie im Rahmen der Formel-1-Weltmeisterschaft treten die potenten Mittelmotorsportwagen aus Bayern erneut an. Im Rahmen der DTM-L\u00e4ufe auf dem Norisring vom 5. bis zum 7. Juli 2019 feiern gleich 14 Exemplare des nach dem damaligen Reglement der Gruppe 4 aufgebauten und anschlie\u00dfend von Formel-1-Piloten und internationalen Privatfahrern gesteuerten Rennfahrzeugs ein spektakul\u00e4res Comeback auf der Piste. <\/p>\n","protected":false},"author":1,"featured_media":3466,"comment_status":"closed","ping_status":"closed","sticky":false,"template":"","format":"standard","meta":{"_crdt_document":"","ngg_post_thumbnail":0,"footnotes":""},"categories":[13,23,5],"tags":[273,108,271,272],"class_list":["post-3463","post","type-post","status-publish","format-standard","has-post-thumbnail","hentry","category-ikonen","category-performance","category-rennsport","tag-bmw-m1","tag-bmw-m1-andy-warhol-1979","tag-bmw-m1-procar-revival","tag-procar"],"yoast_head":"<!-- This site is optimized with the Yoast SEO plugin v27.5 - https:\/\/yoast.com\/product\/yoast-seo-wordpress\/ -->\n<title>BMW M1 Procar Revival<\/title>\n<meta name=\"description\" content=\"BMW M1 Procar Revival\" \/>\n<meta name=\"robots\" content=\"index, follow, max-snippet:-1, max-image-preview:large, max-video-preview:-1\" \/>\n<link rel=\"canonical\" href=\"https:\/\/www.enzo-und-ferdinand.de\/index.php\/2019\/04\/16\/bmw-m1-procar-revival\/\" \/>\n<meta property=\"og:locale\" content=\"de_DE\" \/>\n<meta property=\"og:type\" content=\"article\" \/>\n<meta property=\"og:title\" content=\"BMW M1 Procar Revival\" \/>\n<meta property=\"og:description\" content=\"BMW M1 Procar Revival\" \/>\n<meta property=\"og:url\" content=\"https:\/\/www.enzo-und-ferdinand.de\/index.php\/2019\/04\/16\/bmw-m1-procar-revival\/\" \/>\n<meta property=\"og:site_name\" content=\"enzo &amp; Ferdinand\" \/>\n<meta property=\"article:published_time\" content=\"2019-04-16T09:32:16+00:00\" \/>\n<meta property=\"article:modified_time\" content=\"2025-12-28T10:29:29+00:00\" \/>\n<meta property=\"og:image\" content=\"https:\/\/www.enzo-und-ferdinand.de\/wp-content\/uploads\/2019\/04\/P0047247.jpg\" \/>\n\t<meta property=\"og:image:width\" content=\"810\" \/>\n\t<meta property=\"og:image:height\" content=\"540\" \/>\n\t<meta property=\"og:image:type\" content=\"image\/jpeg\" \/>\n<meta name=\"author\" content=\"Rainer Ro\u00dfbach\" \/>\n<meta name=\"twitter:card\" content=\"summary_large_image\" \/>\n<meta name=\"twitter:label1\" content=\"Verfasst von\" \/>\n\t<meta name=\"twitter:data1\" content=\"Rainer Ro\u00dfbach\" \/>\n\t<meta name=\"twitter:label2\" content=\"Gesch\u00e4tzte Lesezeit\" \/>\n\t<meta name=\"twitter:data2\" content=\"3\u00a0Minuten\" \/>\n<script type=\"application\/ld+json\" class=\"yoast-schema-graph\">{\"@context\":\"https:\\\/\\\/schema.org\",\"@graph\":[{\"@type\":\"Article\",\"@id\":\"https:\\\/\\\/www.enzo-und-ferdinand.de\\\/index.php\\\/2019\\\/04\\\/16\\\/bmw-m1-procar-revival\\\/#article\",\"isPartOf\":{\"@id\":\"https:\\\/\\\/www.enzo-und-ferdinand.de\\\/index.php\\\/2019\\\/04\\\/16\\\/bmw-m1-procar-revival\\\/\"},\"author\":{\"name\":\"Rainer Ro\u00dfbach\",\"@id\":\"https:\\\/\\\/www.enzo-und-ferdinand.de\\\/#\\\/schema\\\/person\\\/aff2eb9ff87705987c1b9d21fe10b095\"},\"headline\":\"BMW M1 Procar Revival\",\"datePublished\":\"2019-04-16T09:32:16+00:00\",\"dateModified\":\"2025-12-28T10:29:29+00:00\",\"mainEntityOfPage\":{\"@id\":\"https:\\\/\\\/www.enzo-und-ferdinand.de\\\/index.php\\\/2019\\\/04\\\/16\\\/bmw-m1-procar-revival\\\/\"},\"wordCount\":433,\"publisher\":{\"@id\":\"https:\\\/\\\/www.enzo-und-ferdinand.de\\\/#organization\"},\"image\":{\"@id\":\"https:\\\/\\\/www.enzo-und-ferdinand.de\\\/index.php\\\/2019\\\/04\\\/16\\\/bmw-m1-procar-revival\\\/#primaryimage\"},\"thumbnailUrl\":\"https:\\\/\\\/www.enzo-und-ferdinand.de\\\/wp-content\\\/uploads\\\/2019\\\/04\\\/P0047247.jpg\",\"keywords\":[\"BMW M1\",\"BMW M1 \u201eAndy Warhol\u201c (1979)\",\"BMW M1 Procar Revival\",\"Procar\"],\"articleSection\":[\"Ikonen\",\"Performance\",\"Rennsport\"],\"inLanguage\":\"de\"},{\"@type\":\"WebPage\",\"@id\":\"https:\\\/\\\/www.enzo-und-ferdinand.de\\\/index.php\\\/2019\\\/04\\\/16\\\/bmw-m1-procar-revival\\\/\",\"url\":\"https:\\\/\\\/www.enzo-und-ferdinand.de\\\/index.php\\\/2019\\\/04\\\/16\\\/bmw-m1-procar-revival\\\/\",\"name\":\"BMW M1 Procar Revival\",\"isPartOf\":{\"@id\":\"https:\\\/\\\/www.enzo-und-ferdinand.de\\\/#website\"},\"primaryImageOfPage\":{\"@id\":\"https:\\\/\\\/www.enzo-und-ferdinand.de\\\/index.php\\\/2019\\\/04\\\/16\\\/bmw-m1-procar-revival\\\/#primaryimage\"},\"image\":{\"@id\":\"https:\\\/\\\/www.enzo-und-ferdinand.de\\\/index.php\\\/2019\\\/04\\\/16\\\/bmw-m1-procar-revival\\\/#primaryimage\"},\"thumbnailUrl\":\"https:\\\/\\\/www.enzo-und-ferdinand.de\\\/wp-content\\\/uploads\\\/2019\\\/04\\\/P0047247.jpg\",\"datePublished\":\"2019-04-16T09:32:16+00:00\",\"dateModified\":\"2025-12-28T10:29:29+00:00\",\"description\":\"BMW M1 Procar Revival\",\"breadcrumb\":{\"@id\":\"https:\\\/\\\/www.enzo-und-ferdinand.de\\\/index.php\\\/2019\\\/04\\\/16\\\/bmw-m1-procar-revival\\\/#breadcrumb\"},\"inLanguage\":\"de\",\"potentialAction\":[{\"@type\":\"ReadAction\",\"target\":[\"https:\\\/\\\/www.enzo-und-ferdinand.de\\\/index.php\\\/2019\\\/04\\\/16\\\/bmw-m1-procar-revival\\\/\"]}]},{\"@type\":\"ImageObject\",\"inLanguage\":\"de\",\"@id\":\"https:\\\/\\\/www.enzo-und-ferdinand.de\\\/index.php\\\/2019\\\/04\\\/16\\\/bmw-m1-procar-revival\\\/#primaryimage\",\"url\":\"https:\\\/\\\/www.enzo-und-ferdinand.de\\\/wp-content\\\/uploads\\\/2019\\\/04\\\/P0047247.jpg\",\"contentUrl\":\"https:\\\/\\\/www.enzo-und-ferdinand.de\\\/wp-content\\\/uploads\\\/2019\\\/04\\\/P0047247.jpg\",\"width\":810,\"height\":540,\"caption\":\"BMW M1\"},{\"@type\":\"BreadcrumbList\",\"@id\":\"https:\\\/\\\/www.enzo-und-ferdinand.de\\\/index.php\\\/2019\\\/04\\\/16\\\/bmw-m1-procar-revival\\\/#breadcrumb\",\"itemListElement\":[{\"@type\":\"ListItem\",\"position\":1,\"name\":\"Startseite\",\"item\":\"https:\\\/\\\/www.enzo-und-ferdinand.de\\\/\"},{\"@type\":\"ListItem\",\"position\":2,\"name\":\"BMW M1 Procar Revival\"}]},{\"@type\":\"WebSite\",\"@id\":\"https:\\\/\\\/www.enzo-und-ferdinand.de\\\/#website\",\"url\":\"https:\\\/\\\/www.enzo-und-ferdinand.de\\\/\",\"name\":\"enzo & Ferdinand\",\"description\":\"\",\"publisher\":{\"@id\":\"https:\\\/\\\/www.enzo-und-ferdinand.de\\\/#organization\"},\"potentialAction\":[{\"@type\":\"SearchAction\",\"target\":{\"@type\":\"EntryPoint\",\"urlTemplate\":\"https:\\\/\\\/www.enzo-und-ferdinand.de\\\/?s={search_term_string}\"},\"query-input\":{\"@type\":\"PropertyValueSpecification\",\"valueRequired\":true,\"valueName\":\"search_term_string\"}}],\"inLanguage\":\"de\"},{\"@type\":\"Organization\",\"@id\":\"https:\\\/\\\/www.enzo-und-ferdinand.de\\\/#organization\",\"name\":\"enzo & Ferdinand\",\"url\":\"https:\\\/\\\/www.enzo-und-ferdinand.de\\\/\",\"logo\":{\"@type\":\"ImageObject\",\"inLanguage\":\"de\",\"@id\":\"https:\\\/\\\/www.enzo-und-ferdinand.de\\\/#\\\/schema\\\/logo\\\/image\\\/\",\"url\":\"https:\\\/\\\/www.enzo-und-ferdinand.de\\\/wp-content\\\/uploads\\\/2018\\\/12\\\/revvvs-icon.png\",\"contentUrl\":\"https:\\\/\\\/www.enzo-und-ferdinand.de\\\/wp-content\\\/uploads\\\/2018\\\/12\\\/revvvs-icon.png\",\"width\":512,\"height\":512,\"caption\":\"enzo & Ferdinand\"},\"image\":{\"@id\":\"https:\\\/\\\/www.enzo-und-ferdinand.de\\\/#\\\/schema\\\/logo\\\/image\\\/\"}},{\"@type\":\"Person\",\"@id\":\"https:\\\/\\\/www.enzo-und-ferdinand.de\\\/#\\\/schema\\\/person\\\/aff2eb9ff87705987c1b9d21fe10b095\",\"name\":\"Rainer Ro\u00dfbach\",\"image\":{\"@type\":\"ImageObject\",\"inLanguage\":\"de\",\"@id\":\"https:\\\/\\\/www.enzo-und-ferdinand.de\\\/wp-content\\\/uploads\\\/2026\\\/01\\\/Rainer-Rossbach-150x150.jpg\",\"url\":\"https:\\\/\\\/www.enzo-und-ferdinand.de\\\/wp-content\\\/uploads\\\/2026\\\/01\\\/Rainer-Rossbach-150x150.jpg\",\"contentUrl\":\"https:\\\/\\\/www.enzo-und-ferdinand.de\\\/wp-content\\\/uploads\\\/2026\\\/01\\\/Rainer-Rossbach-150x150.jpg\",\"caption\":\"Rainer Ro\u00dfbach\"},\"url\":\"https:\\\/\\\/www.enzo-und-ferdinand.de\\\/index.php\\\/author\\\/redaktion\\\/\"}]}<\/script>\n<!-- \/ Yoast SEO plugin. -->","yoast_head_json":{"title":"BMW M1 Procar Revival","description":"BMW M1 Procar Revival","robots":{"index":"index","follow":"follow","max-snippet":"max-snippet:-1","max-image-preview":"max-image-preview:large","max-video-preview":"max-video-preview:-1"},"canonical":"https:\/\/www.enzo-und-ferdinand.de\/index.php\/2019\/04\/16\/bmw-m1-procar-revival\/","og_locale":"de_DE","og_type":"article","og_title":"BMW M1 Procar Revival","og_description":"BMW M1 Procar Revival","og_url":"https:\/\/www.enzo-und-ferdinand.de\/index.php\/2019\/04\/16\/bmw-m1-procar-revival\/","og_site_name":"enzo &amp; Ferdinand","article_published_time":"2019-04-16T09:32:16+00:00","article_modified_time":"2025-12-28T10:29:29+00:00","og_image":[{"width":810,"height":540,"url":"https:\/\/www.enzo-und-ferdinand.de\/wp-content\/uploads\/2019\/04\/P0047247.jpg","type":"image\/jpeg"}],"author":"Rainer Ro\u00dfbach","twitter_card":"summary_large_image","twitter_misc":{"Verfasst von":"Rainer Ro\u00dfbach","Gesch\u00e4tzte Lesezeit":"3\u00a0Minuten"},"schema":{"@context":"https:\/\/schema.org","@graph":[{"@type":"Article","@id":"https:\/\/www.enzo-und-ferdinand.de\/index.php\/2019\/04\/16\/bmw-m1-procar-revival\/#article","isPartOf":{"@id":"https:\/\/www.enzo-und-ferdinand.de\/index.php\/2019\/04\/16\/bmw-m1-procar-revival\/"},"author":{"name":"Rainer Ro\u00dfbach","@id":"https:\/\/www.enzo-und-ferdinand.de\/#\/schema\/person\/aff2eb9ff87705987c1b9d21fe10b095"},"headline":"BMW M1 Procar Revival","datePublished":"2019-04-16T09:32:16+00:00","dateModified":"2025-12-28T10:29:29+00:00","mainEntityOfPage":{"@id":"https:\/\/www.enzo-und-ferdinand.de\/index.php\/2019\/04\/16\/bmw-m1-procar-revival\/"},"wordCount":433,"publisher":{"@id":"https:\/\/www.enzo-und-ferdinand.de\/#organization"},"image":{"@id":"https:\/\/www.enzo-und-ferdinand.de\/index.php\/2019\/04\/16\/bmw-m1-procar-revival\/#primaryimage"},"thumbnailUrl":"https:\/\/www.enzo-und-ferdinand.de\/wp-content\/uploads\/2019\/04\/P0047247.jpg","keywords":["BMW M1","BMW M1 \u201eAndy Warhol\u201c (1979)","BMW M1 Procar Revival","Procar"],"articleSection":["Ikonen","Performance","Rennsport"],"inLanguage":"de"},{"@type":"WebPage","@id":"https:\/\/www.enzo-und-ferdinand.de\/index.php\/2019\/04\/16\/bmw-m1-procar-revival\/","url":"https:\/\/www.enzo-und-ferdinand.de\/index.php\/2019\/04\/16\/bmw-m1-procar-revival\/","name":"BMW M1 Procar Revival","isPartOf":{"@id":"https:\/\/www.enzo-und-ferdinand.de\/#website"},"primaryImageOfPage":{"@id":"https:\/\/www.enzo-und-ferdinand.de\/index.php\/2019\/04\/16\/bmw-m1-procar-revival\/#primaryimage"},"image":{"@id":"https:\/\/www.enzo-und-ferdinand.de\/index.php\/2019\/04\/16\/bmw-m1-procar-revival\/#primaryimage"},"thumbnailUrl":"https:\/\/www.enzo-und-ferdinand.de\/wp-content\/uploads\/2019\/04\/P0047247.jpg","datePublished":"2019-04-16T09:32:16+00:00","dateModified":"2025-12-28T10:29:29+00:00","description":"BMW M1 Procar Revival","breadcrumb":{"@id":"https:\/\/www.enzo-und-ferdinand.de\/index.php\/2019\/04\/16\/bmw-m1-procar-revival\/#breadcrumb"},"inLanguage":"de","potentialAction":[{"@type":"ReadAction","target":["https:\/\/www.enzo-und-ferdinand.de\/index.php\/2019\/04\/16\/bmw-m1-procar-revival\/"]}]},{"@type":"ImageObject","inLanguage":"de","@id":"https:\/\/www.enzo-und-ferdinand.de\/index.php\/2019\/04\/16\/bmw-m1-procar-revival\/#primaryimage","url":"https:\/\/www.enzo-und-ferdinand.de\/wp-content\/uploads\/2019\/04\/P0047247.jpg","contentUrl":"https:\/\/www.enzo-und-ferdinand.de\/wp-content\/uploads\/2019\/04\/P0047247.jpg","width":810,"height":540,"caption":"BMW M1"},{"@type":"BreadcrumbList","@id":"https:\/\/www.enzo-und-ferdinand.de\/index.php\/2019\/04\/16\/bmw-m1-procar-revival\/#breadcrumb","itemListElement":[{"@type":"ListItem","position":1,"name":"Startseite","item":"https:\/\/www.enzo-und-ferdinand.de\/"},{"@type":"ListItem","position":2,"name":"BMW M1 Procar Revival"}]},{"@type":"WebSite","@id":"https:\/\/www.enzo-und-ferdinand.de\/#website","url":"https:\/\/www.enzo-und-ferdinand.de\/","name":"enzo & Ferdinand","description":"","publisher":{"@id":"https:\/\/www.enzo-und-ferdinand.de\/#organization"},"potentialAction":[{"@type":"SearchAction","target":{"@type":"EntryPoint","urlTemplate":"https:\/\/www.enzo-und-ferdinand.de\/?s={search_term_string}"},"query-input":{"@type":"PropertyValueSpecification","valueRequired":true,"valueName":"search_term_string"}}],"inLanguage":"de"},{"@type":"Organization","@id":"https:\/\/www.enzo-und-ferdinand.de\/#organization","name":"enzo & Ferdinand","url":"https:\/\/www.enzo-und-ferdinand.de\/","logo":{"@type":"ImageObject","inLanguage":"de","@id":"https:\/\/www.enzo-und-ferdinand.de\/#\/schema\/logo\/image\/","url":"https:\/\/www.enzo-und-ferdinand.de\/wp-content\/uploads\/2018\/12\/revvvs-icon.png","contentUrl":"https:\/\/www.enzo-und-ferdinand.de\/wp-content\/uploads\/2018\/12\/revvvs-icon.png","width":512,"height":512,"caption":"enzo & Ferdinand"},"image":{"@id":"https:\/\/www.enzo-und-ferdinand.de\/#\/schema\/logo\/image\/"}},{"@type":"Person","@id":"https:\/\/www.enzo-und-ferdinand.de\/#\/schema\/person\/aff2eb9ff87705987c1b9d21fe10b095","name":"Rainer Ro\u00dfbach","image":{"@type":"ImageObject","inLanguage":"de","@id":"https:\/\/www.enzo-und-ferdinand.de\/wp-content\/uploads\/2026\/01\/Rainer-Rossbach-150x150.jpg","url":"https:\/\/www.enzo-und-ferdinand.de\/wp-content\/uploads\/2026\/01\/Rainer-Rossbach-150x150.jpg","contentUrl":"https:\/\/www.enzo-und-ferdinand.de\/wp-content\/uploads\/2026\/01\/Rainer-Rossbach-150x150.jpg","caption":"Rainer Ro\u00dfbach"},"url":"https:\/\/www.enzo-und-ferdinand.de\/index.php\/author\/redaktion\/"}]}},"_links":{"self":[{"href":"https:\/\/www.enzo-und-ferdinand.de\/index.php\/wp-json\/wp\/v2\/posts\/3463","targetHints":{"allow":["GET"]}}],"collection":[{"href":"https:\/\/www.enzo-und-ferdinand.de\/index.php\/wp-json\/wp\/v2\/posts"}],"about":[{"href":"https:\/\/www.enzo-und-ferdinand.de\/index.php\/wp-json\/wp\/v2\/types\/post"}],"author":[{"embeddable":true,"href":"https:\/\/www.enzo-und-ferdinand.de\/index.php\/wp-json\/wp\/v2\/users\/1"}],"replies":[{"embeddable":true,"href":"https:\/\/www.enzo-und-ferdinand.de\/index.php\/wp-json\/wp\/v2\/comments?post=3463"}],"version-history":[{"count":9,"href":"https:\/\/www.enzo-und-ferdinand.de\/index.php\/wp-json\/wp\/v2\/posts\/3463\/revisions"}],"predecessor-version":[{"id":3760,"href":"https:\/\/www.enzo-und-ferdinand.de\/index.php\/wp-json\/wp\/v2\/posts\/3463\/revisions\/3760"}],"wp:featuredmedia":[{"embeddable":true,"href":"https:\/\/www.enzo-und-ferdinand.de\/index.php\/wp-json\/wp\/v2\/media\/3466"}],"wp:attachment":[{"href":"https:\/\/www.enzo-und-ferdinand.de\/index.php\/wp-json\/wp\/v2\/media?parent=3463"}],"wp:term":[{"taxonomy":"category","embeddable":true,"href":"https:\/\/www.enzo-und-ferdinand.de\/index.php\/wp-json\/wp\/v2\/categories?post=3463"},{"taxonomy":"post_tag","embeddable":true,"href":"https:\/\/www.enzo-und-ferdinand.de\/index.php\/wp-json\/wp\/v2\/tags?post=3463"}],"curies":[{"name":"wp","href":"https:\/\/api.w.org\/{rel}","templated":true}]}}