{"id":3583,"date":"2019-05-07T08:14:49","date_gmt":"2019-05-07T06:14:49","guid":{"rendered":"http:\/\/www.enzo-und-ferdinand.de\/?p=3583"},"modified":"2025-12-28T11:26:07","modified_gmt":"2025-12-28T10:26:07","slug":"performance-speedster","status":"publish","type":"post","link":"https:\/\/www.enzo-und-ferdinand.de\/index.php\/2019\/05\/07\/performance-speedster\/","title":{"rendered":"Performance-Speedster"},"content":{"rendered":"\n<figure class=\"wp-block-image\"><img loading=\"lazy\" decoding=\"async\" width=\"810\" height=\"540\" src=\"https:\/\/www.enzo-und-ferdinand.de\/wp-content\/uploads\/2019\/05\/P19_0358.jpg\" alt=\"\" class=\"wp-image-3591\" srcset=\"https:\/\/www.enzo-und-ferdinand.de\/wp-content\/uploads\/2019\/05\/P19_0358.jpg 810w, https:\/\/www.enzo-und-ferdinand.de\/wp-content\/uploads\/2019\/05\/P19_0358-300x200.jpg 300w, https:\/\/www.enzo-und-ferdinand.de\/wp-content\/uploads\/2019\/05\/P19_0358-768x512.jpg 768w, https:\/\/www.enzo-und-ferdinand.de\/wp-content\/uploads\/2019\/05\/P19_0358-120x80.jpg 120w\" sizes=\"auto, (max-width: 810px) 100vw, 810px\" \/><\/figure>\n\n\n\n<p class=\"wp-block-paragraph\">Puristisch und mit alltagstauglicher Motorsporttechnik best\u00fcckt ist Porsches neuer und auf 1.948 Exemplare limitierter 911 Speedster. Die Zahl steht f\u00fcr das Geburtsjahr des 356 \u201eNr. 1\u201c Roadster von 1948. Die technische Basis stammt sowohl vom&nbsp; <a title=\"Porsche 911 R 2016\" href=\"https:\/\/www.enzo-und-ferdinand.de\/index.php\/2018\/12\/01\/porsche-911r\/\">2016er&nbsp; 911 R<\/a> wie vom aktuellen 911 GT3. Kernst\u00fcck sind ein hochdrehender, 510 PS starker Vierliter-Boxer-Saugmotor und eine Sechsgang-Handschaltung.&nbsp;<\/p>\n\n\n\n<p class=\"wp-block-paragraph\">Wie beim ersten Speedster von 1988 dominiert ein gro\u00dfer, aerodynamisch gestalteter Verdeckkasten in Wagenfarbe die Optik. Dieser ist aus einem St\u00fcck karbonfaserverst\u00e4rktem (CFK) Kunststoff gefertigt und nimmt die \u00dcberrollb\u00fcgel auf, die in den zwei Doppelhutzen untergebracht sind. Dar\u00fcber spannt sich ein kompaktes, leichtes Stoffdach. Ein verk\u00fcrzter Scheibenrahmen und die verkleinerte Seitenscheiben machen die Silhouette flach.&nbsp;<\/p>\n\n\n\n<p class=\"wp-block-paragraph\">Leichtbau ist das Credo. Karbonfaser-Fronthaube&nbsp; und -Kotfl\u00fcgel stammen vom 911 R, die Frontsch\u00fcrze vom GT3, w\u00e4hrend der Frontspoiler neu entwickelt wurde. Den ausfahrbaren Heckspoiler und die Hecksch\u00fcrze \u00fcbernimmt der flache, offene Elfer vom 911 GT3 Touring.&nbsp;<\/p>\n\n\n\n<figure class=\"wp-block-image\"><img loading=\"lazy\" decoding=\"async\" width=\"810\" height=\"540\" src=\"https:\/\/www.enzo-und-ferdinand.de\/wp-content\/uploads\/2019\/05\/P19_0349.jpg\" alt=\"Porsche 911 Speedster\" class=\"wp-image-3593\" srcset=\"https:\/\/www.enzo-und-ferdinand.de\/wp-content\/uploads\/2019\/05\/P19_0349.jpg 810w, https:\/\/www.enzo-und-ferdinand.de\/wp-content\/uploads\/2019\/05\/P19_0349-300x200.jpg 300w, https:\/\/www.enzo-und-ferdinand.de\/wp-content\/uploads\/2019\/05\/P19_0349-768x512.jpg 768w, https:\/\/www.enzo-und-ferdinand.de\/wp-content\/uploads\/2019\/05\/P19_0349-120x80.jpg 120w\" sizes=\"auto, (max-width: 810px) 100vw, 810px\" \/><\/figure>\n\n\n\n<p class=\"wp-block-paragraph\">Wiederum vom 911 GT3 stammt der Motor: Die Spitzenleistung von 510 PS liegt bei 8.400\/min an, die H\u00f6chstdrehzahl bei 9.000 Touren &nbsp;und das maximale Drehmoment von 470 Newtonmetern erreicht er bei 6.250\/min. Damit ist der Spurt von Null auf 100 Stundenkilometer in vier Sekunden m\u00f6glich sowie eine H\u00f6chstgeschwindigkeit von 310 km\/h.&nbsp;<\/p>\n\n\n\n<p class=\"wp-block-paragraph\">Der Leistungsaufschlag betr\u00e4gt zehn PS, dank Detailverbesserungen wie etwa Hochdruck-Einspritzinjektoren und einer modifizierten Sauganlage, die ein spontaneres Ansprechen auf Gasbefehle erm\u00f6glicht. Eine neue Edelstahl-Sportabgasanlage bringt zehn Kilogramm weniger auf die Waage, obwohl sie mit zwei Partikelfiltern ausger\u00fcstet ist und die Abgasnorm Euro 6d TEMP-EVAP-ISC (EU6 DG) einh\u00e4lt.&nbsp;<\/p>\n\n\n\n<p class=\"wp-block-paragraph\">Geschaltet wird ausschlie\u00dflich manuell. Das Sechsgang-Sportschaltgetriebe gleicht Drehzahlunterschiede zwischen den G\u00e4ngen beim Herunterschalten mit Zwischengas aus. Eine mechanische Hinterachs-Quersperre mit asymmetrischer Sperrwirkung rundet die Kraft\u00fcbertragung ab.<\/p>\n\n\n\n<p class=\"wp-block-paragraph\">Das Fahrwerk bietet eine sportlich ausgelegten Hinterachslenkung sowie dynamische Motorlager, die wiederum von 911 GT3 und 911 R stammen. Dazu gibt es aus dem Porsche-Regal Regelsysteme wie \u201eTorque Vectoring\u201c und &nbsp;ein \u201eStability Management\u201c (PSM) mit Sportabstimmung samt einer Tieferlegung von 25 Millimetern. Der offene Zweisitzer steht auf geschmiedeten, 20 Zoll gro\u00dfen Leichtmetallern mit Zentralverschluss. Die Verz\u00f6gerung \u00fcbernehmen Porsche-Keramikbremsen mit gelochten und innenbel\u00fcfteten Bremsscheiben.&nbsp;<\/p>\n\n\n\n<figure class=\"wp-block-image\"><img loading=\"lazy\" decoding=\"async\" width=\"810\" height=\"608\" src=\"https:\/\/www.enzo-und-ferdinand.de\/wp-content\/uploads\/2019\/05\/P19_0428.jpg\" alt=\"Porsche 911 Speedster\" class=\"wp-image-3595\" srcset=\"https:\/\/www.enzo-und-ferdinand.de\/wp-content\/uploads\/2019\/05\/P19_0428.jpg 810w, https:\/\/www.enzo-und-ferdinand.de\/wp-content\/uploads\/2019\/05\/P19_0428-300x225.jpg 300w, https:\/\/www.enzo-und-ferdinand.de\/wp-content\/uploads\/2019\/05\/P19_0428-768x576.jpg 768w\" sizes=\"auto, (max-width: 810px) 100vw, 810px\" \/><\/figure>\n\n\n\n<p class=\"wp-block-paragraph\">Mit schwarzem Leder und perforierten Sitzmittelbahnen sind die CFK-Schalensitze bezogen, die T\u00fcren werden mit Schlaufen ge\u00f6ffnet und als Ablage dienen Netze. Die Zifferbl\u00e4tter der Instrumente sind schwarz mit wei\u00dfen Zeigern und gr\u00fcnen Ziffern. Alternativ bieten die Stuttgarter ein Heritage Design-Paket an. Dann ist das Interieur in Schwarz und Cognac ausgef\u00fchrt und zeigt goldene Details. Motorsport-Grafiken im traditionellen Stil zieren T\u00fcren und Frontdeckel, eine bis zu zweistellige Startnummer kann frei gew\u00e4hlt werden.\u00a0<\/p>\n\n\n\n<p class=\"wp-block-paragraph\">Ab Mitte 2019 werden die 1.948 Exemplare im Stammwerk in Zuffenhausen gefertigt.<\/p>\n\n\n\n<figure class=\"wp-block-embed-youtube wp-block-embed is-type-video is-provider-youtube wp-embed-aspect-16-9 wp-has-aspect-ratio\"><div class=\"wp-block-embed__wrapper\">\n<iframe loading=\"lazy\" width=\"810\" height=\"456\" src=\"https:\/\/www.youtube.com\/embed\/KFdTxw92wUs?feature=oembed\" frameborder=\"0\" allow=\"accelerometer; autoplay; encrypted-media; gyroscope; picture-in-picture\" allowfullscreen><\/iframe>\n<\/div><\/figure>\n\n\n\n<p style=\"text-align:right\" class=\"has-small-font-size wp-block-paragraph\">Fotos\/Video: Porsche\/Text: Rainer Ro\u00dfbach<\/p>\n","protected":false},"excerpt":{"rendered":"<p>Puristisch und mit alltagstauglicher Motorsporttechnik best\u00fcckt ist Porsches neuer und auf 1.948 Exemplare limitierter 911 Speedster. Die Zahl steht f\u00fcr das Geburtsjahr des 356 \u201eNr. 1\u201c Roadster von 1948. Die technische Basis stammt sowohl vom  2016er  911 R wie vom aktuellen 911 GT3. Kernst\u00fcck sind ein hochdrehender, 510 PS starker Vierliter-Boxer-Saugmotor und eine Sechsgang-Handschaltung.<br \/>\nWie beim ersten Speedster von 1988 dominiert ein gro\u00dfer, aerodynamisch gestalteter Verdeckkasten in Wagenfarbe die Optik. Dieser ist aus einem St\u00fcck karbonfaserverst\u00e4rktem (CFK) Kunststoff gefertigt und nimmt die \u00dcberrollb\u00fcgel auf, die in den zwei Doppelhutzen untergebracht sind. Dar\u00fcber spannt sich ein kompaktes, leichtes Stoffdach. Ein verk\u00fcrzter Scheibenrahmen und die verkleinerte Seitenscheiben machen die Silhouette flach. <\/p>\n","protected":false},"author":1,"featured_media":3597,"comment_status":"closed","ping_status":"closed","sticky":false,"template":"","format":"standard","meta":{"_crdt_document":"","ngg_post_thumbnail":0,"footnotes":""},"categories":[45,23,29],"tags":[201,284],"class_list":["post-3583","post","type-post","status-publish","format-standard","has-post-thumbnail","hentry","category-neues","category-performance","category-video","tag-porsche","tag-porsche-911-speedster"],"yoast_head":"<!-- This site is optimized with the Yoast SEO plugin v27.5 - https:\/\/yoast.com\/product\/yoast-seo-wordpress\/ -->\n<title>Performance-Speedster<\/title>\n<meta name=\"description\" content=\"Porsche 911 Speedster\" \/>\n<meta name=\"robots\" content=\"index, follow, max-snippet:-1, max-image-preview:large, max-video-preview:-1\" \/>\n<link rel=\"canonical\" href=\"https:\/\/www.enzo-und-ferdinand.de\/index.php\/2019\/05\/07\/performance-speedster\/\" \/>\n<meta property=\"og:locale\" content=\"de_DE\" \/>\n<meta property=\"og:type\" content=\"article\" \/>\n<meta property=\"og:title\" content=\"Performance-Speedster\" \/>\n<meta property=\"og:description\" content=\"Porsche 911 Speedster\" \/>\n<meta property=\"og:url\" content=\"https:\/\/www.enzo-und-ferdinand.de\/index.php\/2019\/05\/07\/performance-speedster\/\" \/>\n<meta property=\"og:site_name\" content=\"enzo &amp; Ferdinand\" \/>\n<meta property=\"article:published_time\" content=\"2019-05-07T06:14:49+00:00\" \/>\n<meta property=\"article:modified_time\" content=\"2025-12-28T10:26:07+00:00\" \/>\n<meta property=\"og:image\" content=\"https:\/\/www.enzo-und-ferdinand.de\/wp-content\/uploads\/2019\/05\/P19_0356.jpg\" \/>\n\t<meta property=\"og:image:width\" content=\"810\" \/>\n\t<meta property=\"og:image:height\" content=\"540\" \/>\n\t<meta property=\"og:image:type\" content=\"image\/jpeg\" \/>\n<meta name=\"author\" content=\"Rainer Ro\u00dfbach\" \/>\n<meta name=\"twitter:card\" content=\"summary_large_image\" \/>\n<meta name=\"twitter:label1\" content=\"Verfasst von\" \/>\n\t<meta name=\"twitter:data1\" content=\"Rainer Ro\u00dfbach\" \/>\n\t<meta name=\"twitter:label2\" content=\"Gesch\u00e4tzte Lesezeit\" \/>\n\t<meta name=\"twitter:data2\" content=\"4\u00a0Minuten\" \/>\n<script type=\"application\/ld+json\" class=\"yoast-schema-graph\">{\"@context\":\"https:\\\/\\\/schema.org\",\"@graph\":[{\"@type\":\"Article\",\"@id\":\"https:\\\/\\\/www.enzo-und-ferdinand.de\\\/index.php\\\/2019\\\/05\\\/07\\\/performance-speedster\\\/#article\",\"isPartOf\":{\"@id\":\"https:\\\/\\\/www.enzo-und-ferdinand.de\\\/index.php\\\/2019\\\/05\\\/07\\\/performance-speedster\\\/\"},\"author\":{\"name\":\"Rainer Ro\u00dfbach\",\"@id\":\"https:\\\/\\\/www.enzo-und-ferdinand.de\\\/#\\\/schema\\\/person\\\/aff2eb9ff87705987c1b9d21fe10b095\"},\"headline\":\"Performance-Speedster\",\"datePublished\":\"2019-05-07T06:14:49+00:00\",\"dateModified\":\"2025-12-28T10:26:07+00:00\",\"mainEntityOfPage\":{\"@id\":\"https:\\\/\\\/www.enzo-und-ferdinand.de\\\/index.php\\\/2019\\\/05\\\/07\\\/performance-speedster\\\/\"},\"wordCount\":451,\"publisher\":{\"@id\":\"https:\\\/\\\/www.enzo-und-ferdinand.de\\\/#organization\"},\"image\":{\"@id\":\"https:\\\/\\\/www.enzo-und-ferdinand.de\\\/index.php\\\/2019\\\/05\\\/07\\\/performance-speedster\\\/#primaryimage\"},\"thumbnailUrl\":\"https:\\\/\\\/www.enzo-und-ferdinand.de\\\/wp-content\\\/uploads\\\/2019\\\/05\\\/P19_0356.jpg\",\"keywords\":[\"Porsche\",\"Porsche 911 Speedster\"],\"articleSection\":[\"Neues\",\"Performance\",\"Video\"],\"inLanguage\":\"de\"},{\"@type\":\"WebPage\",\"@id\":\"https:\\\/\\\/www.enzo-und-ferdinand.de\\\/index.php\\\/2019\\\/05\\\/07\\\/performance-speedster\\\/\",\"url\":\"https:\\\/\\\/www.enzo-und-ferdinand.de\\\/index.php\\\/2019\\\/05\\\/07\\\/performance-speedster\\\/\",\"name\":\"Performance-Speedster\",\"isPartOf\":{\"@id\":\"https:\\\/\\\/www.enzo-und-ferdinand.de\\\/#website\"},\"primaryImageOfPage\":{\"@id\":\"https:\\\/\\\/www.enzo-und-ferdinand.de\\\/index.php\\\/2019\\\/05\\\/07\\\/performance-speedster\\\/#primaryimage\"},\"image\":{\"@id\":\"https:\\\/\\\/www.enzo-und-ferdinand.de\\\/index.php\\\/2019\\\/05\\\/07\\\/performance-speedster\\\/#primaryimage\"},\"thumbnailUrl\":\"https:\\\/\\\/www.enzo-und-ferdinand.de\\\/wp-content\\\/uploads\\\/2019\\\/05\\\/P19_0356.jpg\",\"datePublished\":\"2019-05-07T06:14:49+00:00\",\"dateModified\":\"2025-12-28T10:26:07+00:00\",\"description\":\"Porsche 911 Speedster\",\"breadcrumb\":{\"@id\":\"https:\\\/\\\/www.enzo-und-ferdinand.de\\\/index.php\\\/2019\\\/05\\\/07\\\/performance-speedster\\\/#breadcrumb\"},\"inLanguage\":\"de\",\"potentialAction\":[{\"@type\":\"ReadAction\",\"target\":[\"https:\\\/\\\/www.enzo-und-ferdinand.de\\\/index.php\\\/2019\\\/05\\\/07\\\/performance-speedster\\\/\"]}]},{\"@type\":\"ImageObject\",\"inLanguage\":\"de\",\"@id\":\"https:\\\/\\\/www.enzo-und-ferdinand.de\\\/index.php\\\/2019\\\/05\\\/07\\\/performance-speedster\\\/#primaryimage\",\"url\":\"https:\\\/\\\/www.enzo-und-ferdinand.de\\\/wp-content\\\/uploads\\\/2019\\\/05\\\/P19_0356.jpg\",\"contentUrl\":\"https:\\\/\\\/www.enzo-und-ferdinand.de\\\/wp-content\\\/uploads\\\/2019\\\/05\\\/P19_0356.jpg\",\"width\":810,\"height\":540,\"caption\":\"Porsche 911 Speedster\"},{\"@type\":\"BreadcrumbList\",\"@id\":\"https:\\\/\\\/www.enzo-und-ferdinand.de\\\/index.php\\\/2019\\\/05\\\/07\\\/performance-speedster\\\/#breadcrumb\",\"itemListElement\":[{\"@type\":\"ListItem\",\"position\":1,\"name\":\"Startseite\",\"item\":\"https:\\\/\\\/www.enzo-und-ferdinand.de\\\/\"},{\"@type\":\"ListItem\",\"position\":2,\"name\":\"Performance-Speedster\"}]},{\"@type\":\"WebSite\",\"@id\":\"https:\\\/\\\/www.enzo-und-ferdinand.de\\\/#website\",\"url\":\"https:\\\/\\\/www.enzo-und-ferdinand.de\\\/\",\"name\":\"enzo & Ferdinand\",\"description\":\"\",\"publisher\":{\"@id\":\"https:\\\/\\\/www.enzo-und-ferdinand.de\\\/#organization\"},\"potentialAction\":[{\"@type\":\"SearchAction\",\"target\":{\"@type\":\"EntryPoint\",\"urlTemplate\":\"https:\\\/\\\/www.enzo-und-ferdinand.de\\\/?s={search_term_string}\"},\"query-input\":{\"@type\":\"PropertyValueSpecification\",\"valueRequired\":true,\"valueName\":\"search_term_string\"}}],\"inLanguage\":\"de\"},{\"@type\":\"Organization\",\"@id\":\"https:\\\/\\\/www.enzo-und-ferdinand.de\\\/#organization\",\"name\":\"enzo & Ferdinand\",\"url\":\"https:\\\/\\\/www.enzo-und-ferdinand.de\\\/\",\"logo\":{\"@type\":\"ImageObject\",\"inLanguage\":\"de\",\"@id\":\"https:\\\/\\\/www.enzo-und-ferdinand.de\\\/#\\\/schema\\\/logo\\\/image\\\/\",\"url\":\"https:\\\/\\\/www.enzo-und-ferdinand.de\\\/wp-content\\\/uploads\\\/2018\\\/12\\\/revvvs-icon.png\",\"contentUrl\":\"https:\\\/\\\/www.enzo-und-ferdinand.de\\\/wp-content\\\/uploads\\\/2018\\\/12\\\/revvvs-icon.png\",\"width\":512,\"height\":512,\"caption\":\"enzo & Ferdinand\"},\"image\":{\"@id\":\"https:\\\/\\\/www.enzo-und-ferdinand.de\\\/#\\\/schema\\\/logo\\\/image\\\/\"}},{\"@type\":\"Person\",\"@id\":\"https:\\\/\\\/www.enzo-und-ferdinand.de\\\/#\\\/schema\\\/person\\\/aff2eb9ff87705987c1b9d21fe10b095\",\"name\":\"Rainer Ro\u00dfbach\",\"image\":{\"@type\":\"ImageObject\",\"inLanguage\":\"de\",\"@id\":\"https:\\\/\\\/www.enzo-und-ferdinand.de\\\/wp-content\\\/uploads\\\/2026\\\/01\\\/Rainer-Rossbach-150x150.jpg\",\"url\":\"https:\\\/\\\/www.enzo-und-ferdinand.de\\\/wp-content\\\/uploads\\\/2026\\\/01\\\/Rainer-Rossbach-150x150.jpg\",\"contentUrl\":\"https:\\\/\\\/www.enzo-und-ferdinand.de\\\/wp-content\\\/uploads\\\/2026\\\/01\\\/Rainer-Rossbach-150x150.jpg\",\"caption\":\"Rainer Ro\u00dfbach\"},\"url\":\"https:\\\/\\\/www.enzo-und-ferdinand.de\\\/index.php\\\/author\\\/redaktion\\\/\"}]}<\/script>\n<!-- \/ Yoast SEO plugin. -->","yoast_head_json":{"title":"Performance-Speedster","description":"Porsche 911 Speedster","robots":{"index":"index","follow":"follow","max-snippet":"max-snippet:-1","max-image-preview":"max-image-preview:large","max-video-preview":"max-video-preview:-1"},"canonical":"https:\/\/www.enzo-und-ferdinand.de\/index.php\/2019\/05\/07\/performance-speedster\/","og_locale":"de_DE","og_type":"article","og_title":"Performance-Speedster","og_description":"Porsche 911 Speedster","og_url":"https:\/\/www.enzo-und-ferdinand.de\/index.php\/2019\/05\/07\/performance-speedster\/","og_site_name":"enzo &amp; Ferdinand","article_published_time":"2019-05-07T06:14:49+00:00","article_modified_time":"2025-12-28T10:26:07+00:00","og_image":[{"width":810,"height":540,"url":"https:\/\/www.enzo-und-ferdinand.de\/wp-content\/uploads\/2019\/05\/P19_0356.jpg","type":"image\/jpeg"}],"author":"Rainer Ro\u00dfbach","twitter_card":"summary_large_image","twitter_misc":{"Verfasst von":"Rainer Ro\u00dfbach","Gesch\u00e4tzte Lesezeit":"4\u00a0Minuten"},"schema":{"@context":"https:\/\/schema.org","@graph":[{"@type":"Article","@id":"https:\/\/www.enzo-und-ferdinand.de\/index.php\/2019\/05\/07\/performance-speedster\/#article","isPartOf":{"@id":"https:\/\/www.enzo-und-ferdinand.de\/index.php\/2019\/05\/07\/performance-speedster\/"},"author":{"name":"Rainer Ro\u00dfbach","@id":"https:\/\/www.enzo-und-ferdinand.de\/#\/schema\/person\/aff2eb9ff87705987c1b9d21fe10b095"},"headline":"Performance-Speedster","datePublished":"2019-05-07T06:14:49+00:00","dateModified":"2025-12-28T10:26:07+00:00","mainEntityOfPage":{"@id":"https:\/\/www.enzo-und-ferdinand.de\/index.php\/2019\/05\/07\/performance-speedster\/"},"wordCount":451,"publisher":{"@id":"https:\/\/www.enzo-und-ferdinand.de\/#organization"},"image":{"@id":"https:\/\/www.enzo-und-ferdinand.de\/index.php\/2019\/05\/07\/performance-speedster\/#primaryimage"},"thumbnailUrl":"https:\/\/www.enzo-und-ferdinand.de\/wp-content\/uploads\/2019\/05\/P19_0356.jpg","keywords":["Porsche","Porsche 911 Speedster"],"articleSection":["Neues","Performance","Video"],"inLanguage":"de"},{"@type":"WebPage","@id":"https:\/\/www.enzo-und-ferdinand.de\/index.php\/2019\/05\/07\/performance-speedster\/","url":"https:\/\/www.enzo-und-ferdinand.de\/index.php\/2019\/05\/07\/performance-speedster\/","name":"Performance-Speedster","isPartOf":{"@id":"https:\/\/www.enzo-und-ferdinand.de\/#website"},"primaryImageOfPage":{"@id":"https:\/\/www.enzo-und-ferdinand.de\/index.php\/2019\/05\/07\/performance-speedster\/#primaryimage"},"image":{"@id":"https:\/\/www.enzo-und-ferdinand.de\/index.php\/2019\/05\/07\/performance-speedster\/#primaryimage"},"thumbnailUrl":"https:\/\/www.enzo-und-ferdinand.de\/wp-content\/uploads\/2019\/05\/P19_0356.jpg","datePublished":"2019-05-07T06:14:49+00:00","dateModified":"2025-12-28T10:26:07+00:00","description":"Porsche 911 Speedster","breadcrumb":{"@id":"https:\/\/www.enzo-und-ferdinand.de\/index.php\/2019\/05\/07\/performance-speedster\/#breadcrumb"},"inLanguage":"de","potentialAction":[{"@type":"ReadAction","target":["https:\/\/www.enzo-und-ferdinand.de\/index.php\/2019\/05\/07\/performance-speedster\/"]}]},{"@type":"ImageObject","inLanguage":"de","@id":"https:\/\/www.enzo-und-ferdinand.de\/index.php\/2019\/05\/07\/performance-speedster\/#primaryimage","url":"https:\/\/www.enzo-und-ferdinand.de\/wp-content\/uploads\/2019\/05\/P19_0356.jpg","contentUrl":"https:\/\/www.enzo-und-ferdinand.de\/wp-content\/uploads\/2019\/05\/P19_0356.jpg","width":810,"height":540,"caption":"Porsche 911 Speedster"},{"@type":"BreadcrumbList","@id":"https:\/\/www.enzo-und-ferdinand.de\/index.php\/2019\/05\/07\/performance-speedster\/#breadcrumb","itemListElement":[{"@type":"ListItem","position":1,"name":"Startseite","item":"https:\/\/www.enzo-und-ferdinand.de\/"},{"@type":"ListItem","position":2,"name":"Performance-Speedster"}]},{"@type":"WebSite","@id":"https:\/\/www.enzo-und-ferdinand.de\/#website","url":"https:\/\/www.enzo-und-ferdinand.de\/","name":"enzo & Ferdinand","description":"","publisher":{"@id":"https:\/\/www.enzo-und-ferdinand.de\/#organization"},"potentialAction":[{"@type":"SearchAction","target":{"@type":"EntryPoint","urlTemplate":"https:\/\/www.enzo-und-ferdinand.de\/?s={search_term_string}"},"query-input":{"@type":"PropertyValueSpecification","valueRequired":true,"valueName":"search_term_string"}}],"inLanguage":"de"},{"@type":"Organization","@id":"https:\/\/www.enzo-und-ferdinand.de\/#organization","name":"enzo & Ferdinand","url":"https:\/\/www.enzo-und-ferdinand.de\/","logo":{"@type":"ImageObject","inLanguage":"de","@id":"https:\/\/www.enzo-und-ferdinand.de\/#\/schema\/logo\/image\/","url":"https:\/\/www.enzo-und-ferdinand.de\/wp-content\/uploads\/2018\/12\/revvvs-icon.png","contentUrl":"https:\/\/www.enzo-und-ferdinand.de\/wp-content\/uploads\/2018\/12\/revvvs-icon.png","width":512,"height":512,"caption":"enzo & Ferdinand"},"image":{"@id":"https:\/\/www.enzo-und-ferdinand.de\/#\/schema\/logo\/image\/"}},{"@type":"Person","@id":"https:\/\/www.enzo-und-ferdinand.de\/#\/schema\/person\/aff2eb9ff87705987c1b9d21fe10b095","name":"Rainer Ro\u00dfbach","image":{"@type":"ImageObject","inLanguage":"de","@id":"https:\/\/www.enzo-und-ferdinand.de\/wp-content\/uploads\/2026\/01\/Rainer-Rossbach-150x150.jpg","url":"https:\/\/www.enzo-und-ferdinand.de\/wp-content\/uploads\/2026\/01\/Rainer-Rossbach-150x150.jpg","contentUrl":"https:\/\/www.enzo-und-ferdinand.de\/wp-content\/uploads\/2026\/01\/Rainer-Rossbach-150x150.jpg","caption":"Rainer Ro\u00dfbach"},"url":"https:\/\/www.enzo-und-ferdinand.de\/index.php\/author\/redaktion\/"}]}},"_links":{"self":[{"href":"https:\/\/www.enzo-und-ferdinand.de\/index.php\/wp-json\/wp\/v2\/posts\/3583","targetHints":{"allow":["GET"]}}],"collection":[{"href":"https:\/\/www.enzo-und-ferdinand.de\/index.php\/wp-json\/wp\/v2\/posts"}],"about":[{"href":"https:\/\/www.enzo-und-ferdinand.de\/index.php\/wp-json\/wp\/v2\/types\/post"}],"author":[{"embeddable":true,"href":"https:\/\/www.enzo-und-ferdinand.de\/index.php\/wp-json\/wp\/v2\/users\/1"}],"replies":[{"embeddable":true,"href":"https:\/\/www.enzo-und-ferdinand.de\/index.php\/wp-json\/wp\/v2\/comments?post=3583"}],"version-history":[{"count":20,"href":"https:\/\/www.enzo-und-ferdinand.de\/index.php\/wp-json\/wp\/v2\/posts\/3583\/revisions"}],"predecessor-version":[{"id":19435,"href":"https:\/\/www.enzo-und-ferdinand.de\/index.php\/wp-json\/wp\/v2\/posts\/3583\/revisions\/19435"}],"wp:featuredmedia":[{"embeddable":true,"href":"https:\/\/www.enzo-und-ferdinand.de\/index.php\/wp-json\/wp\/v2\/media\/3597"}],"wp:attachment":[{"href":"https:\/\/www.enzo-und-ferdinand.de\/index.php\/wp-json\/wp\/v2\/media?parent=3583"}],"wp:term":[{"taxonomy":"category","embeddable":true,"href":"https:\/\/www.enzo-und-ferdinand.de\/index.php\/wp-json\/wp\/v2\/categories?post=3583"},{"taxonomy":"post_tag","embeddable":true,"href":"https:\/\/www.enzo-und-ferdinand.de\/index.php\/wp-json\/wp\/v2\/tags?post=3583"}],"curies":[{"name":"wp","href":"https:\/\/api.w.org\/{rel}","templated":true}]}}