{"id":3920,"date":"2019-06-15T09:16:20","date_gmt":"2019-06-15T07:16:20","guid":{"rendered":"http:\/\/www.enzo-und-ferdinand.de\/?p=3920"},"modified":"2025-12-28T11:44:21","modified_gmt":"2025-12-28T10:44:21","slug":"le-mans-2021-aston-martin-valkyrie","status":"publish","type":"post","link":"https:\/\/www.enzo-und-ferdinand.de\/index.php\/2019\/06\/15\/le-mans-2021-aston-martin-valkyrie\/","title":{"rendered":"Le Mans 2021: Aston Martin Valkyrie"},"content":{"rendered":"\n<figure class=\"wp-block-image\"><img loading=\"lazy\" decoding=\"async\" width=\"810\" height=\"540\" src=\"https:\/\/www.enzo-und-ferdinand.de\/wp-content\/uploads\/2019\/06\/Valkyrie_AMR_Pro-2.jpg\" alt=\"Aston Martin Valkyrie AMR\" class=\"wp-image-3926\" srcset=\"https:\/\/www.enzo-und-ferdinand.de\/wp-content\/uploads\/2019\/06\/Valkyrie_AMR_Pro-2.jpg 810w, https:\/\/www.enzo-und-ferdinand.de\/wp-content\/uploads\/2019\/06\/Valkyrie_AMR_Pro-2-300x200.jpg 300w, https:\/\/www.enzo-und-ferdinand.de\/wp-content\/uploads\/2019\/06\/Valkyrie_AMR_Pro-2-768x512.jpg 768w, https:\/\/www.enzo-und-ferdinand.de\/wp-content\/uploads\/2019\/06\/Valkyrie_AMR_Pro-2-120x80.jpg 120w\" sizes=\"auto, (max-width: 810px) 100vw, 810px\" \/><\/figure>\n\n\n\n<p class=\"wp-block-paragraph\" style=\"font-size:15px\"><em><strong>Die Traditionsfirma aus Newport Parnell wird mindestens zwei Werks-Valkyrie-Rennwagen in der FIA-Langstrecken-Weltmeisterschaft 2020\/21 einsetzen.<\/strong><\/em><\/p>\n\n\n\n<p class=\"wp-block-paragraph\">Nach der Entscheidung des Automobilclubs de l&#8217;Ouest, Hypercars als Spitzenkategorie der FIA Langstrecken-Weltmeisterschaft (WEC) einzuf\u00fchren, wird Aston Martin mindestens zwei speziell f\u00fcr die FIA WEC-Saison 2020\/21 entwickelte Valkyrie-Werkswagen einsetzen. 2021 wollen die Briten mit um den Gesamtsieg bei den 24 Stunden von Le Mans k\u00e4mpfen.<\/p>\n\n\n\n<p class=\"wp-block-paragraph\">Die neue \u201cHypercar&#8220;-Regelungen der WEC stellt Derivate der schnellsten Stra\u00dfenfahrzeuge der Welt an die Spitze des Wettbewerbs. Aston Martin wird also neben der Stra\u00dfenvariante auch eine AMR-Version speziell f\u00fcr den Rennsport entwickeln und einsetzen.<\/p>\n\n\n\n<p class=\"wp-block-paragraph\">Dieses neue Auto wird von einer Rennversion des hochdrehenden 6,5-Liter-V12-Saugmotor angetrieben. Er ist in einer leichten Kohlefaserstruktur untergebracht, die \u00fcber eine von der F1 inspirierte Aerodynamik verf\u00fcgt.<\/p>\n\n\n\n<p class=\"wp-block-paragraph\">Der Erfolg von David Browns Team 1959 in Le Mans ist die Inspiration. Wie damals will Aston Martin mit perfekter Vorbereitung und einem Auto, das die M\u00f6glichkeiten des Reglements maximal aussch\u00f6pft, um den Gesamtsieg k\u00e4mpfen. Ein erster Rivale hat sich schon angek\u00fcndigt: <a title=\"Toyota GR Super Sport\" href=\"https:\/\/www.enzo-und-ferdinand.de\/index.php\/2019\/06\/15\/le-mans-2021-toyota-gr-super-sport\/\">Toyota Gazoo Racing<\/a> nimmt die Herausforderung an.<\/p>\n\n\n\n<figure class=\"wp-block-gallery has-nested-images columns-2 is-cropped wp-block-gallery-1 is-layout-flex wp-block-gallery-is-layout-flex\">\n<figure class=\"wp-block-image\"><img loading=\"lazy\" decoding=\"async\" width=\"810\" height=\"540\" data-id=\"3927\" src=\"https:\/\/www.enzo-und-ferdinand.de\/wp-content\/uploads\/2019\/06\/Valkyrie_AMR_Pro-4.jpg\" alt=\"\" class=\"wp-image-3927\" srcset=\"https:\/\/www.enzo-und-ferdinand.de\/wp-content\/uploads\/2019\/06\/Valkyrie_AMR_Pro-4.jpg 810w, https:\/\/www.enzo-und-ferdinand.de\/wp-content\/uploads\/2019\/06\/Valkyrie_AMR_Pro-4-300x200.jpg 300w, https:\/\/www.enzo-und-ferdinand.de\/wp-content\/uploads\/2019\/06\/Valkyrie_AMR_Pro-4-768x512.jpg 768w, https:\/\/www.enzo-und-ferdinand.de\/wp-content\/uploads\/2019\/06\/Valkyrie_AMR_Pro-4-120x80.jpg 120w\" sizes=\"auto, (max-width: 810px) 100vw, 810px\" \/><\/figure>\n\n\n\n<figure class=\"wp-block-image\"><img loading=\"lazy\" decoding=\"async\" width=\"810\" height=\"540\" data-id=\"3929\" src=\"https:\/\/www.enzo-und-ferdinand.de\/wp-content\/uploads\/2019\/06\/Valkyrie_AMR_Pro.jpg\" alt=\"\" class=\"wp-image-3929\" srcset=\"https:\/\/www.enzo-und-ferdinand.de\/wp-content\/uploads\/2019\/06\/Valkyrie_AMR_Pro.jpg 810w, https:\/\/www.enzo-und-ferdinand.de\/wp-content\/uploads\/2019\/06\/Valkyrie_AMR_Pro-300x200.jpg 300w, https:\/\/www.enzo-und-ferdinand.de\/wp-content\/uploads\/2019\/06\/Valkyrie_AMR_Pro-768x512.jpg 768w, https:\/\/www.enzo-und-ferdinand.de\/wp-content\/uploads\/2019\/06\/Valkyrie_AMR_Pro-120x80.jpg 120w\" sizes=\"auto, (max-width: 810px) 100vw, 810px\" \/><\/figure>\n\n\n\n<figure class=\"wp-block-image\"><img loading=\"lazy\" decoding=\"async\" width=\"810\" height=\"540\" data-id=\"3930\" src=\"https:\/\/www.enzo-und-ferdinand.de\/wp-content\/uploads\/2019\/06\/Valkyrie_AMR_Pro-3-1.jpg\" alt=\"\" class=\"wp-image-3930\" srcset=\"https:\/\/www.enzo-und-ferdinand.de\/wp-content\/uploads\/2019\/06\/Valkyrie_AMR_Pro-3-1.jpg 810w, https:\/\/www.enzo-und-ferdinand.de\/wp-content\/uploads\/2019\/06\/Valkyrie_AMR_Pro-3-1-300x200.jpg 300w, https:\/\/www.enzo-und-ferdinand.de\/wp-content\/uploads\/2019\/06\/Valkyrie_AMR_Pro-3-1-768x512.jpg 768w, https:\/\/www.enzo-und-ferdinand.de\/wp-content\/uploads\/2019\/06\/Valkyrie_AMR_Pro-3-1-120x80.jpg 120w\" sizes=\"auto, (max-width: 810px) 100vw, 810px\" \/><\/figure>\n<\/figure>\n\n\n\n<p class=\"has-text-align-right has-small-font-size wp-block-paragraph\">Fotos: Aston Martin\/Text: Rainer R0\u00dfbach<\/p>\n","protected":false},"excerpt":{"rendered":"<p>Die Traditionsfirma aus Newport Parnell wird mindestens zwei Werks-Valkyrie-Rennwagen in der FIA-Langstrecken-Weltmeisterschaft 2020\/21 einsetzen.<br \/>\nNach der Entscheidung des Automobilclubs de l&#8217;Ouest, Hypercars als Spitzenkategorie der FIA Langstrecken-Weltmeisterschaft (WEC) einzuf\u00fchren, wird Aston Martin mindestens zwei speziell f\u00fcr die FIA WEC-Saison 2020\/21 entwickelte Valkyrie-Werkswagen einsetzen. 2021 wollen die Briten mit um den Gesamtsieg bei den 24 Stunden von Le Mans k\u00e4mpfen.<\/p>\n","protected":false},"author":1,"featured_media":3922,"comment_status":"closed","ping_status":"closed","sticky":false,"template":"","format":"standard","meta":{"_crdt_document":"","ngg_post_thumbnail":0,"footnotes":""},"categories":[45,23,5],"tags":[233,155,308],"class_list":["post-3920","post","type-post","status-publish","format-standard","has-post-thumbnail","hentry","category-neues","category-performance","category-rennsport","tag-aston-martin","tag-aston-martin-valkyrie","tag-aston-martin-valkyrie-le-mans"],"yoast_head":"<!-- This site is optimized with the Yoast SEO plugin v27.5 - https:\/\/yoast.com\/product\/yoast-seo-wordpress\/ -->\n<title>Le Mans 2021: Aston Martin Valkyrie<\/title>\n<meta name=\"description\" content=\"Aston Martin Valkyrie Le Mans 2021\" \/>\n<meta name=\"robots\" content=\"index, follow, max-snippet:-1, max-image-preview:large, max-video-preview:-1\" \/>\n<link rel=\"canonical\" href=\"https:\/\/www.enzo-und-ferdinand.de\/index.php\/2019\/06\/15\/le-mans-2021-aston-martin-valkyrie\/\" \/>\n<meta property=\"og:locale\" content=\"de_DE\" \/>\n<meta property=\"og:type\" content=\"article\" \/>\n<meta property=\"og:title\" content=\"Le Mans 2021: Aston Martin Valkyrie\" \/>\n<meta property=\"og:description\" content=\"Aston Martin Valkyrie Le Mans 2021\" \/>\n<meta property=\"og:url\" content=\"https:\/\/www.enzo-und-ferdinand.de\/index.php\/2019\/06\/15\/le-mans-2021-aston-martin-valkyrie\/\" \/>\n<meta property=\"og:site_name\" content=\"enzo &amp; Ferdinand\" \/>\n<meta property=\"article:published_time\" content=\"2019-06-15T07:16:20+00:00\" \/>\n<meta property=\"article:modified_time\" content=\"2025-12-28T10:44:21+00:00\" \/>\n<meta property=\"og:image\" content=\"https:\/\/www.enzo-und-ferdinand.de\/wp-content\/uploads\/2019\/06\/Aston_Martin_Valkyrie_Le_Mans_2021.jpg\" \/>\n\t<meta property=\"og:image:width\" content=\"810\" \/>\n\t<meta property=\"og:image:height\" content=\"540\" \/>\n\t<meta property=\"og:image:type\" content=\"image\/jpeg\" \/>\n<meta name=\"author\" content=\"Rainer Ro\u00dfbach\" \/>\n<meta name=\"twitter:card\" content=\"summary_large_image\" \/>\n<meta name=\"twitter:label1\" content=\"Verfasst von\" \/>\n\t<meta name=\"twitter:data1\" content=\"Rainer Ro\u00dfbach\" \/>\n\t<meta name=\"twitter:label2\" content=\"Gesch\u00e4tzte Lesezeit\" \/>\n\t<meta name=\"twitter:data2\" content=\"2\u00a0Minuten\" \/>\n<script type=\"application\/ld+json\" class=\"yoast-schema-graph\">{\"@context\":\"https:\\\/\\\/schema.org\",\"@graph\":[{\"@type\":\"Article\",\"@id\":\"https:\\\/\\\/www.enzo-und-ferdinand.de\\\/index.php\\\/2019\\\/06\\\/15\\\/le-mans-2021-aston-martin-valkyrie\\\/#article\",\"isPartOf\":{\"@id\":\"https:\\\/\\\/www.enzo-und-ferdinand.de\\\/index.php\\\/2019\\\/06\\\/15\\\/le-mans-2021-aston-martin-valkyrie\\\/\"},\"author\":{\"name\":\"Rainer Ro\u00dfbach\",\"@id\":\"https:\\\/\\\/www.enzo-und-ferdinand.de\\\/#\\\/schema\\\/person\\\/aff2eb9ff87705987c1b9d21fe10b095\"},\"headline\":\"Le Mans 2021: Aston Martin Valkyrie\",\"datePublished\":\"2019-06-15T07:16:20+00:00\",\"dateModified\":\"2025-12-28T10:44:21+00:00\",\"mainEntityOfPage\":{\"@id\":\"https:\\\/\\\/www.enzo-und-ferdinand.de\\\/index.php\\\/2019\\\/06\\\/15\\\/le-mans-2021-aston-martin-valkyrie\\\/\"},\"wordCount\":190,\"publisher\":{\"@id\":\"https:\\\/\\\/www.enzo-und-ferdinand.de\\\/#organization\"},\"image\":{\"@id\":\"https:\\\/\\\/www.enzo-und-ferdinand.de\\\/index.php\\\/2019\\\/06\\\/15\\\/le-mans-2021-aston-martin-valkyrie\\\/#primaryimage\"},\"thumbnailUrl\":\"https:\\\/\\\/www.enzo-und-ferdinand.de\\\/wp-content\\\/uploads\\\/2019\\\/06\\\/Aston_Martin_Valkyrie_Le_Mans_2021.jpg\",\"keywords\":[\"Aston Martin\",\"Aston Martin Valkyrie\",\"Aston Martin Valkyrie Le Mans\"],\"articleSection\":[\"Neues\",\"Performance\",\"Rennsport\"],\"inLanguage\":\"de\"},{\"@type\":\"WebPage\",\"@id\":\"https:\\\/\\\/www.enzo-und-ferdinand.de\\\/index.php\\\/2019\\\/06\\\/15\\\/le-mans-2021-aston-martin-valkyrie\\\/\",\"url\":\"https:\\\/\\\/www.enzo-und-ferdinand.de\\\/index.php\\\/2019\\\/06\\\/15\\\/le-mans-2021-aston-martin-valkyrie\\\/\",\"name\":\"Le Mans 2021: Aston Martin Valkyrie\",\"isPartOf\":{\"@id\":\"https:\\\/\\\/www.enzo-und-ferdinand.de\\\/#website\"},\"primaryImageOfPage\":{\"@id\":\"https:\\\/\\\/www.enzo-und-ferdinand.de\\\/index.php\\\/2019\\\/06\\\/15\\\/le-mans-2021-aston-martin-valkyrie\\\/#primaryimage\"},\"image\":{\"@id\":\"https:\\\/\\\/www.enzo-und-ferdinand.de\\\/index.php\\\/2019\\\/06\\\/15\\\/le-mans-2021-aston-martin-valkyrie\\\/#primaryimage\"},\"thumbnailUrl\":\"https:\\\/\\\/www.enzo-und-ferdinand.de\\\/wp-content\\\/uploads\\\/2019\\\/06\\\/Aston_Martin_Valkyrie_Le_Mans_2021.jpg\",\"datePublished\":\"2019-06-15T07:16:20+00:00\",\"dateModified\":\"2025-12-28T10:44:21+00:00\",\"description\":\"Aston Martin Valkyrie Le Mans 2021\",\"breadcrumb\":{\"@id\":\"https:\\\/\\\/www.enzo-und-ferdinand.de\\\/index.php\\\/2019\\\/06\\\/15\\\/le-mans-2021-aston-martin-valkyrie\\\/#breadcrumb\"},\"inLanguage\":\"de\",\"potentialAction\":[{\"@type\":\"ReadAction\",\"target\":[\"https:\\\/\\\/www.enzo-und-ferdinand.de\\\/index.php\\\/2019\\\/06\\\/15\\\/le-mans-2021-aston-martin-valkyrie\\\/\"]}]},{\"@type\":\"ImageObject\",\"inLanguage\":\"de\",\"@id\":\"https:\\\/\\\/www.enzo-und-ferdinand.de\\\/index.php\\\/2019\\\/06\\\/15\\\/le-mans-2021-aston-martin-valkyrie\\\/#primaryimage\",\"url\":\"https:\\\/\\\/www.enzo-und-ferdinand.de\\\/wp-content\\\/uploads\\\/2019\\\/06\\\/Aston_Martin_Valkyrie_Le_Mans_2021.jpg\",\"contentUrl\":\"https:\\\/\\\/www.enzo-und-ferdinand.de\\\/wp-content\\\/uploads\\\/2019\\\/06\\\/Aston_Martin_Valkyrie_Le_Mans_2021.jpg\",\"width\":810,\"height\":540,\"caption\":\"Aston Martin Valkyrie Le Mans 2021\"},{\"@type\":\"BreadcrumbList\",\"@id\":\"https:\\\/\\\/www.enzo-und-ferdinand.de\\\/index.php\\\/2019\\\/06\\\/15\\\/le-mans-2021-aston-martin-valkyrie\\\/#breadcrumb\",\"itemListElement\":[{\"@type\":\"ListItem\",\"position\":1,\"name\":\"Startseite\",\"item\":\"https:\\\/\\\/www.enzo-und-ferdinand.de\\\/\"},{\"@type\":\"ListItem\",\"position\":2,\"name\":\"Le Mans 2021: Aston Martin Valkyrie\"}]},{\"@type\":\"WebSite\",\"@id\":\"https:\\\/\\\/www.enzo-und-ferdinand.de\\\/#website\",\"url\":\"https:\\\/\\\/www.enzo-und-ferdinand.de\\\/\",\"name\":\"enzo & Ferdinand\",\"description\":\"\",\"publisher\":{\"@id\":\"https:\\\/\\\/www.enzo-und-ferdinand.de\\\/#organization\"},\"potentialAction\":[{\"@type\":\"SearchAction\",\"target\":{\"@type\":\"EntryPoint\",\"urlTemplate\":\"https:\\\/\\\/www.enzo-und-ferdinand.de\\\/?s={search_term_string}\"},\"query-input\":{\"@type\":\"PropertyValueSpecification\",\"valueRequired\":true,\"valueName\":\"search_term_string\"}}],\"inLanguage\":\"de\"},{\"@type\":\"Organization\",\"@id\":\"https:\\\/\\\/www.enzo-und-ferdinand.de\\\/#organization\",\"name\":\"enzo & Ferdinand\",\"url\":\"https:\\\/\\\/www.enzo-und-ferdinand.de\\\/\",\"logo\":{\"@type\":\"ImageObject\",\"inLanguage\":\"de\",\"@id\":\"https:\\\/\\\/www.enzo-und-ferdinand.de\\\/#\\\/schema\\\/logo\\\/image\\\/\",\"url\":\"https:\\\/\\\/www.enzo-und-ferdinand.de\\\/wp-content\\\/uploads\\\/2018\\\/12\\\/revvvs-icon.png\",\"contentUrl\":\"https:\\\/\\\/www.enzo-und-ferdinand.de\\\/wp-content\\\/uploads\\\/2018\\\/12\\\/revvvs-icon.png\",\"width\":512,\"height\":512,\"caption\":\"enzo & Ferdinand\"},\"image\":{\"@id\":\"https:\\\/\\\/www.enzo-und-ferdinand.de\\\/#\\\/schema\\\/logo\\\/image\\\/\"}},{\"@type\":\"Person\",\"@id\":\"https:\\\/\\\/www.enzo-und-ferdinand.de\\\/#\\\/schema\\\/person\\\/aff2eb9ff87705987c1b9d21fe10b095\",\"name\":\"Rainer Ro\u00dfbach\",\"image\":{\"@type\":\"ImageObject\",\"inLanguage\":\"de\",\"@id\":\"https:\\\/\\\/www.enzo-und-ferdinand.de\\\/wp-content\\\/uploads\\\/2026\\\/01\\\/Rainer-Rossbach-150x150.jpg\",\"url\":\"https:\\\/\\\/www.enzo-und-ferdinand.de\\\/wp-content\\\/uploads\\\/2026\\\/01\\\/Rainer-Rossbach-150x150.jpg\",\"contentUrl\":\"https:\\\/\\\/www.enzo-und-ferdinand.de\\\/wp-content\\\/uploads\\\/2026\\\/01\\\/Rainer-Rossbach-150x150.jpg\",\"caption\":\"Rainer Ro\u00dfbach\"},\"url\":\"https:\\\/\\\/www.enzo-und-ferdinand.de\\\/index.php\\\/author\\\/redaktion\\\/\"}]}<\/script>\n<!-- \/ Yoast SEO plugin. -->","yoast_head_json":{"title":"Le Mans 2021: Aston Martin Valkyrie","description":"Aston Martin Valkyrie Le Mans 2021","robots":{"index":"index","follow":"follow","max-snippet":"max-snippet:-1","max-image-preview":"max-image-preview:large","max-video-preview":"max-video-preview:-1"},"canonical":"https:\/\/www.enzo-und-ferdinand.de\/index.php\/2019\/06\/15\/le-mans-2021-aston-martin-valkyrie\/","og_locale":"de_DE","og_type":"article","og_title":"Le Mans 2021: Aston Martin Valkyrie","og_description":"Aston Martin Valkyrie Le Mans 2021","og_url":"https:\/\/www.enzo-und-ferdinand.de\/index.php\/2019\/06\/15\/le-mans-2021-aston-martin-valkyrie\/","og_site_name":"enzo &amp; Ferdinand","article_published_time":"2019-06-15T07:16:20+00:00","article_modified_time":"2025-12-28T10:44:21+00:00","og_image":[{"width":810,"height":540,"url":"https:\/\/www.enzo-und-ferdinand.de\/wp-content\/uploads\/2019\/06\/Aston_Martin_Valkyrie_Le_Mans_2021.jpg","type":"image\/jpeg"}],"author":"Rainer Ro\u00dfbach","twitter_card":"summary_large_image","twitter_misc":{"Verfasst von":"Rainer Ro\u00dfbach","Gesch\u00e4tzte Lesezeit":"2\u00a0Minuten"},"schema":{"@context":"https:\/\/schema.org","@graph":[{"@type":"Article","@id":"https:\/\/www.enzo-und-ferdinand.de\/index.php\/2019\/06\/15\/le-mans-2021-aston-martin-valkyrie\/#article","isPartOf":{"@id":"https:\/\/www.enzo-und-ferdinand.de\/index.php\/2019\/06\/15\/le-mans-2021-aston-martin-valkyrie\/"},"author":{"name":"Rainer Ro\u00dfbach","@id":"https:\/\/www.enzo-und-ferdinand.de\/#\/schema\/person\/aff2eb9ff87705987c1b9d21fe10b095"},"headline":"Le Mans 2021: Aston Martin Valkyrie","datePublished":"2019-06-15T07:16:20+00:00","dateModified":"2025-12-28T10:44:21+00:00","mainEntityOfPage":{"@id":"https:\/\/www.enzo-und-ferdinand.de\/index.php\/2019\/06\/15\/le-mans-2021-aston-martin-valkyrie\/"},"wordCount":190,"publisher":{"@id":"https:\/\/www.enzo-und-ferdinand.de\/#organization"},"image":{"@id":"https:\/\/www.enzo-und-ferdinand.de\/index.php\/2019\/06\/15\/le-mans-2021-aston-martin-valkyrie\/#primaryimage"},"thumbnailUrl":"https:\/\/www.enzo-und-ferdinand.de\/wp-content\/uploads\/2019\/06\/Aston_Martin_Valkyrie_Le_Mans_2021.jpg","keywords":["Aston Martin","Aston Martin Valkyrie","Aston Martin Valkyrie Le Mans"],"articleSection":["Neues","Performance","Rennsport"],"inLanguage":"de"},{"@type":"WebPage","@id":"https:\/\/www.enzo-und-ferdinand.de\/index.php\/2019\/06\/15\/le-mans-2021-aston-martin-valkyrie\/","url":"https:\/\/www.enzo-und-ferdinand.de\/index.php\/2019\/06\/15\/le-mans-2021-aston-martin-valkyrie\/","name":"Le Mans 2021: Aston Martin Valkyrie","isPartOf":{"@id":"https:\/\/www.enzo-und-ferdinand.de\/#website"},"primaryImageOfPage":{"@id":"https:\/\/www.enzo-und-ferdinand.de\/index.php\/2019\/06\/15\/le-mans-2021-aston-martin-valkyrie\/#primaryimage"},"image":{"@id":"https:\/\/www.enzo-und-ferdinand.de\/index.php\/2019\/06\/15\/le-mans-2021-aston-martin-valkyrie\/#primaryimage"},"thumbnailUrl":"https:\/\/www.enzo-und-ferdinand.de\/wp-content\/uploads\/2019\/06\/Aston_Martin_Valkyrie_Le_Mans_2021.jpg","datePublished":"2019-06-15T07:16:20+00:00","dateModified":"2025-12-28T10:44:21+00:00","description":"Aston Martin Valkyrie Le Mans 2021","breadcrumb":{"@id":"https:\/\/www.enzo-und-ferdinand.de\/index.php\/2019\/06\/15\/le-mans-2021-aston-martin-valkyrie\/#breadcrumb"},"inLanguage":"de","potentialAction":[{"@type":"ReadAction","target":["https:\/\/www.enzo-und-ferdinand.de\/index.php\/2019\/06\/15\/le-mans-2021-aston-martin-valkyrie\/"]}]},{"@type":"ImageObject","inLanguage":"de","@id":"https:\/\/www.enzo-und-ferdinand.de\/index.php\/2019\/06\/15\/le-mans-2021-aston-martin-valkyrie\/#primaryimage","url":"https:\/\/www.enzo-und-ferdinand.de\/wp-content\/uploads\/2019\/06\/Aston_Martin_Valkyrie_Le_Mans_2021.jpg","contentUrl":"https:\/\/www.enzo-und-ferdinand.de\/wp-content\/uploads\/2019\/06\/Aston_Martin_Valkyrie_Le_Mans_2021.jpg","width":810,"height":540,"caption":"Aston Martin Valkyrie Le Mans 2021"},{"@type":"BreadcrumbList","@id":"https:\/\/www.enzo-und-ferdinand.de\/index.php\/2019\/06\/15\/le-mans-2021-aston-martin-valkyrie\/#breadcrumb","itemListElement":[{"@type":"ListItem","position":1,"name":"Startseite","item":"https:\/\/www.enzo-und-ferdinand.de\/"},{"@type":"ListItem","position":2,"name":"Le Mans 2021: Aston Martin Valkyrie"}]},{"@type":"WebSite","@id":"https:\/\/www.enzo-und-ferdinand.de\/#website","url":"https:\/\/www.enzo-und-ferdinand.de\/","name":"enzo & Ferdinand","description":"","publisher":{"@id":"https:\/\/www.enzo-und-ferdinand.de\/#organization"},"potentialAction":[{"@type":"SearchAction","target":{"@type":"EntryPoint","urlTemplate":"https:\/\/www.enzo-und-ferdinand.de\/?s={search_term_string}"},"query-input":{"@type":"PropertyValueSpecification","valueRequired":true,"valueName":"search_term_string"}}],"inLanguage":"de"},{"@type":"Organization","@id":"https:\/\/www.enzo-und-ferdinand.de\/#organization","name":"enzo & Ferdinand","url":"https:\/\/www.enzo-und-ferdinand.de\/","logo":{"@type":"ImageObject","inLanguage":"de","@id":"https:\/\/www.enzo-und-ferdinand.de\/#\/schema\/logo\/image\/","url":"https:\/\/www.enzo-und-ferdinand.de\/wp-content\/uploads\/2018\/12\/revvvs-icon.png","contentUrl":"https:\/\/www.enzo-und-ferdinand.de\/wp-content\/uploads\/2018\/12\/revvvs-icon.png","width":512,"height":512,"caption":"enzo & Ferdinand"},"image":{"@id":"https:\/\/www.enzo-und-ferdinand.de\/#\/schema\/logo\/image\/"}},{"@type":"Person","@id":"https:\/\/www.enzo-und-ferdinand.de\/#\/schema\/person\/aff2eb9ff87705987c1b9d21fe10b095","name":"Rainer Ro\u00dfbach","image":{"@type":"ImageObject","inLanguage":"de","@id":"https:\/\/www.enzo-und-ferdinand.de\/wp-content\/uploads\/2026\/01\/Rainer-Rossbach-150x150.jpg","url":"https:\/\/www.enzo-und-ferdinand.de\/wp-content\/uploads\/2026\/01\/Rainer-Rossbach-150x150.jpg","contentUrl":"https:\/\/www.enzo-und-ferdinand.de\/wp-content\/uploads\/2026\/01\/Rainer-Rossbach-150x150.jpg","caption":"Rainer Ro\u00dfbach"},"url":"https:\/\/www.enzo-und-ferdinand.de\/index.php\/author\/redaktion\/"}]}},"_links":{"self":[{"href":"https:\/\/www.enzo-und-ferdinand.de\/index.php\/wp-json\/wp\/v2\/posts\/3920","targetHints":{"allow":["GET"]}}],"collection":[{"href":"https:\/\/www.enzo-und-ferdinand.de\/index.php\/wp-json\/wp\/v2\/posts"}],"about":[{"href":"https:\/\/www.enzo-und-ferdinand.de\/index.php\/wp-json\/wp\/v2\/types\/post"}],"author":[{"embeddable":true,"href":"https:\/\/www.enzo-und-ferdinand.de\/index.php\/wp-json\/wp\/v2\/users\/1"}],"replies":[{"embeddable":true,"href":"https:\/\/www.enzo-und-ferdinand.de\/index.php\/wp-json\/wp\/v2\/comments?post=3920"}],"version-history":[{"count":16,"href":"https:\/\/www.enzo-und-ferdinand.de\/index.php\/wp-json\/wp\/v2\/posts\/3920\/revisions"}],"predecessor-version":[{"id":21853,"href":"https:\/\/www.enzo-und-ferdinand.de\/index.php\/wp-json\/wp\/v2\/posts\/3920\/revisions\/21853"}],"wp:featuredmedia":[{"embeddable":true,"href":"https:\/\/www.enzo-und-ferdinand.de\/index.php\/wp-json\/wp\/v2\/media\/3922"}],"wp:attachment":[{"href":"https:\/\/www.enzo-und-ferdinand.de\/index.php\/wp-json\/wp\/v2\/media?parent=3920"}],"wp:term":[{"taxonomy":"category","embeddable":true,"href":"https:\/\/www.enzo-und-ferdinand.de\/index.php\/wp-json\/wp\/v2\/categories?post=3920"},{"taxonomy":"post_tag","embeddable":true,"href":"https:\/\/www.enzo-und-ferdinand.de\/index.php\/wp-json\/wp\/v2\/tags?post=3920"}],"curies":[{"name":"wp","href":"https:\/\/api.w.org\/{rel}","templated":true}]}}