{"id":4110,"date":"2019-06-27T07:07:21","date_gmt":"2019-06-27T05:07:21","guid":{"rendered":"http:\/\/www.enzo-und-ferdinand.de\/?p=4110"},"modified":"2025-12-28T11:38:51","modified_gmt":"2025-12-28T10:38:51","slug":"bmw-vision-m-next","status":"publish","type":"post","link":"https:\/\/www.enzo-und-ferdinand.de\/index.php\/2019\/06\/27\/bmw-vision-m-next\/","title":{"rendered":"BMW Vision M NEXT"},"content":{"rendered":"\n<figure class=\"wp-block-image\"><img loading=\"lazy\" decoding=\"async\" width=\"810\" height=\"540\" src=\"https:\/\/www.enzo-und-ferdinand.de\/wp-content\/uploads\/2019\/06\/P90355670_highRes_bmw-vision-m-next-st.jpg\" alt=\"BMW Vision M NEXT\" class=\"wp-image-4118\" srcset=\"https:\/\/www.enzo-und-ferdinand.de\/wp-content\/uploads\/2019\/06\/P90355670_highRes_bmw-vision-m-next-st.jpg 810w, https:\/\/www.enzo-und-ferdinand.de\/wp-content\/uploads\/2019\/06\/P90355670_highRes_bmw-vision-m-next-st-300x200.jpg 300w, https:\/\/www.enzo-und-ferdinand.de\/wp-content\/uploads\/2019\/06\/P90355670_highRes_bmw-vision-m-next-st-768x512.jpg 768w, https:\/\/www.enzo-und-ferdinand.de\/wp-content\/uploads\/2019\/06\/P90355670_highRes_bmw-vision-m-next-st-120x80.jpg 120w\" sizes=\"auto, (max-width: 810px) 100vw, 810px\" \/><\/figure>\n\n\n\n<p class=\"wp-block-paragraph\">\u201eM\u201c steht seit 1972 bei den Bayern f\u00fcr ultimative Dynamik und diese besondere DNA soll m\u00f6glichst auch in der emissionsarmen Zukunft weiterleben. Nicht zuletzt, weil Sportlichkeit und Leistung besonders profitabel sind. Als rosa Elefant steht das autonome Fahren auch bei Sportwagen im Raum und BMW untersucht bei der Studie, wie sich die vielen Automatismen mit einem klassischen Sportwagen verbinden lassen.<\/p>\n\n\n\n<p class=\"wp-block-paragraph\">BOOST und EASE weisen im <strong>BMW Vision M NEXT<\/strong> den Weg. Zun\u00e4chst ist da der Antrieb: entweder mit elektrischem Allradantrieb oder auch puristisch mit klassischem Hinterradantrieb \u2013 alternativ rein elektrisch oder per aufgeladenem Vier-Zylinder-Ottomotor beschleunigen 600 PS Systemleistung den Vision M NEXT auf eine H\u00f6chstgeschwindigkeit von bis zu 300 Stundenkilometern. Von Null auf hundert gehts in drei Sekunden und der sogenannte BOOST+ Modus mobilisiert per Knopfdruck zus\u00e4tzliche Leistung. Im EASE-Modus hingegen \u00fcbernimmt das Fahrzeug das Fahren selbst. Dann wird der Zweisitzer&nbsp; zum Kokon auf vier R\u00e4dern, der Geborgenheit, Sicherheit, Ruhe und Entspannung bietet. Rein elektrisch kann eine Entfernung von etwa 100 Kilometern zur\u00fcckgelegt werden.<\/p>\n\n\n\n<figure class=\"wp-block-image\"><img loading=\"lazy\" decoding=\"async\" width=\"810\" height=\"540\" src=\"https:\/\/www.enzo-und-ferdinand.de\/wp-content\/uploads\/2019\/06\/P90355656_highRes_bmw-vision-m-next-be.jpg\" alt=\"BMW Vision M NEXT\" class=\"wp-image-4120\" srcset=\"https:\/\/www.enzo-und-ferdinand.de\/wp-content\/uploads\/2019\/06\/P90355656_highRes_bmw-vision-m-next-be.jpg 810w, https:\/\/www.enzo-und-ferdinand.de\/wp-content\/uploads\/2019\/06\/P90355656_highRes_bmw-vision-m-next-be-300x200.jpg 300w, https:\/\/www.enzo-und-ferdinand.de\/wp-content\/uploads\/2019\/06\/P90355656_highRes_bmw-vision-m-next-be-768x512.jpg 768w, https:\/\/www.enzo-und-ferdinand.de\/wp-content\/uploads\/2019\/06\/P90355656_highRes_bmw-vision-m-next-be-120x80.jpg 120w\" sizes=\"auto, (max-width: 810px) 100vw, 810px\" \/><\/figure>\n\n\n\n<p class=\"wp-block-paragraph\">BOOST Pod hei\u00dft das zentrale Instrument, das die Schnittstelle zwischen Fahrer und Fahrzeug bildet. Es fasst Bedienung und Information auf drei Sichtebenen direkt vor dem Fahrer zusammen. Die erste Ebene bildet das horizontal ausgerichtete Lenkrad mit zwei kleinen Displays, als zweite Ebene dient ein Curved-Glass-Display, das sich um das Lenkrad aufspannt und ein vollfl\u00e4chiges Augmented Reality Head-up Display in der Windschutzscheibe bildet die dritte Ebene.<\/p>\n\n\n\n<p class=\"wp-block-paragraph\">Insgesamt nimmt sich die Gestaltung des Cockpits weit zur\u00fcck, so dass sich der Fahrer vollkommen auf das Fahren konzentrieren kann. Die organisch und flie\u00dfend gestalteten Sitzschalen sind mit einem Schaumstoff mit Shape-Memory-Effekt ausgekleidet, der den K\u00f6rper umschlie\u00dft, polstert und st\u00fctzt. \u00dcber beiden Sitzschalen sind Kopfst\u00fctzen schwebend angebracht.<\/p>\n\n\n\n<figure class=\"wp-block-image\"><img loading=\"lazy\" decoding=\"async\" width=\"810\" height=\"540\" src=\"https:\/\/www.enzo-und-ferdinand.de\/wp-content\/uploads\/2019\/06\/P90355668_highRes_bmw-vision-m-next-st.jpg\" alt=\"BMW Vision M NEXT\" class=\"wp-image-4122\" srcset=\"https:\/\/www.enzo-und-ferdinand.de\/wp-content\/uploads\/2019\/06\/P90355668_highRes_bmw-vision-m-next-st.jpg 810w, https:\/\/www.enzo-und-ferdinand.de\/wp-content\/uploads\/2019\/06\/P90355668_highRes_bmw-vision-m-next-st-300x200.jpg 300w, https:\/\/www.enzo-und-ferdinand.de\/wp-content\/uploads\/2019\/06\/P90355668_highRes_bmw-vision-m-next-st-768x512.jpg 768w, https:\/\/www.enzo-und-ferdinand.de\/wp-content\/uploads\/2019\/06\/P90355668_highRes_bmw-vision-m-next-st-120x80.jpg 120w\" sizes=\"auto, (max-width: 810px) 100vw, 810px\" \/><\/figure>\n\n\n\n<p class=\"wp-block-paragraph\">Die Karosserie ist, wenn man von den gro\u00dffl\u00e4chigen orangen Akzenten und der futuristischen Lichttechnik absieht, eher zur\u00fcckhaltend. Elektrisch \u00f6ffnende Fl\u00fcgelt\u00fcren und die gro\u00dfen Schlitze im Heck variieren das, was zur Zeit an High-End-Sportwagen-Design en Vogue ist. Der aktuelle und polarisierende i8 wirkt hier deutlich progressiver. Interessant ist, dass die schlank-geometrische Niere im Vergleich zu den brutalen M\u00e4ulern der aktuellen Serienfahrzeuge elegant verdichtet ist. Dreieckige Elemente in Orange fassen sie ein und lassen die seitlichen Lufteinl\u00e4sse und die zierlichen Frontscheinwerfer in Laser-Wire-Technologie zum stilbildenden Akzent werden. Gleiches gilt f\u00fcr das Heck. Eine gro\u00dfe um die Flanke gef\u00fchrte orange Fl\u00e4che setzt das filigrane Licht raffiniert in Szene.<\/p>\n\n\n\n<p class=\"wp-block-paragraph\">Hier findet sich auch ein Zitat von Paul Bracqs legend\u00e4rem 1972er Turbo sowie vom M1: auf der linken und rechten Seite ist jeweils ein BMW-Emblem zu sehen, das zweidimensional in den transparenten Scheiben der Heckleuchten zu schweben scheint. &nbsp;<\/p>\n\n\n\n<figure class=\"wp-block-gallery has-nested-images columns-default is-cropped wp-block-gallery-1 is-layout-flex wp-block-gallery-is-layout-flex\">\n<figure class=\"wp-block-image\"><img loading=\"lazy\" decoding=\"async\" width=\"810\" height=\"540\" data-id=\"4124\" src=\"https:\/\/www.enzo-und-ferdinand.de\/wp-content\/uploads\/2019\/06\/P90355666_highRes_bmw-vision-m-next-st.jpg\" alt=\"BMW Vision M Next\" class=\"wp-image-4124\" srcset=\"https:\/\/www.enzo-und-ferdinand.de\/wp-content\/uploads\/2019\/06\/P90355666_highRes_bmw-vision-m-next-st.jpg 810w, https:\/\/www.enzo-und-ferdinand.de\/wp-content\/uploads\/2019\/06\/P90355666_highRes_bmw-vision-m-next-st-300x200.jpg 300w, https:\/\/www.enzo-und-ferdinand.de\/wp-content\/uploads\/2019\/06\/P90355666_highRes_bmw-vision-m-next-st-768x512.jpg 768w, https:\/\/www.enzo-und-ferdinand.de\/wp-content\/uploads\/2019\/06\/P90355666_highRes_bmw-vision-m-next-st-120x80.jpg 120w\" sizes=\"auto, (max-width: 810px) 100vw, 810px\" \/><\/figure>\n\n\n\n<figure class=\"wp-block-image\"><img loading=\"lazy\" decoding=\"async\" width=\"810\" height=\"540\" data-id=\"4125\" src=\"https:\/\/www.enzo-und-ferdinand.de\/wp-content\/uploads\/2019\/06\/P90355667_highRes_bmw-vision-m-next-st.jpg\" alt=\"BMW Vision M Next\" class=\"wp-image-4125\" srcset=\"https:\/\/www.enzo-und-ferdinand.de\/wp-content\/uploads\/2019\/06\/P90355667_highRes_bmw-vision-m-next-st.jpg 810w, https:\/\/www.enzo-und-ferdinand.de\/wp-content\/uploads\/2019\/06\/P90355667_highRes_bmw-vision-m-next-st-300x200.jpg 300w, https:\/\/www.enzo-und-ferdinand.de\/wp-content\/uploads\/2019\/06\/P90355667_highRes_bmw-vision-m-next-st-768x512.jpg 768w, https:\/\/www.enzo-und-ferdinand.de\/wp-content\/uploads\/2019\/06\/P90355667_highRes_bmw-vision-m-next-st-120x80.jpg 120w\" sizes=\"auto, (max-width: 810px) 100vw, 810px\" \/><\/figure>\n\n\n\n<figure class=\"wp-block-image\"><img loading=\"lazy\" decoding=\"async\" width=\"810\" height=\"540\" data-id=\"4126\" src=\"https:\/\/www.enzo-und-ferdinand.de\/wp-content\/uploads\/2019\/06\/P90355671_highRes_bmw-vision-m-next-st.jpg\" alt=\"BMW Vision M Next\" class=\"wp-image-4126\" srcset=\"https:\/\/www.enzo-und-ferdinand.de\/wp-content\/uploads\/2019\/06\/P90355671_highRes_bmw-vision-m-next-st.jpg 810w, https:\/\/www.enzo-und-ferdinand.de\/wp-content\/uploads\/2019\/06\/P90355671_highRes_bmw-vision-m-next-st-300x200.jpg 300w, https:\/\/www.enzo-und-ferdinand.de\/wp-content\/uploads\/2019\/06\/P90355671_highRes_bmw-vision-m-next-st-768x512.jpg 768w, https:\/\/www.enzo-und-ferdinand.de\/wp-content\/uploads\/2019\/06\/P90355671_highRes_bmw-vision-m-next-st-120x80.jpg 120w\" sizes=\"auto, (max-width: 810px) 100vw, 810px\" \/><\/figure>\n\n\n\n<figure class=\"wp-block-image\"><img loading=\"lazy\" decoding=\"async\" width=\"810\" height=\"540\" data-id=\"4127\" src=\"https:\/\/www.enzo-und-ferdinand.de\/wp-content\/uploads\/2019\/06\/P90355672_highRes_bmw-vision-m-next-st.jpg\" alt=\"BMW Vision M Next\" class=\"wp-image-4127\" srcset=\"https:\/\/www.enzo-und-ferdinand.de\/wp-content\/uploads\/2019\/06\/P90355672_highRes_bmw-vision-m-next-st.jpg 810w, https:\/\/www.enzo-und-ferdinand.de\/wp-content\/uploads\/2019\/06\/P90355672_highRes_bmw-vision-m-next-st-300x200.jpg 300w, https:\/\/www.enzo-und-ferdinand.de\/wp-content\/uploads\/2019\/06\/P90355672_highRes_bmw-vision-m-next-st-768x512.jpg 768w, https:\/\/www.enzo-und-ferdinand.de\/wp-content\/uploads\/2019\/06\/P90355672_highRes_bmw-vision-m-next-st-120x80.jpg 120w\" sizes=\"auto, (max-width: 810px) 100vw, 810px\" \/><\/figure>\n\n\n\n<figure class=\"wp-block-image\"><img loading=\"lazy\" decoding=\"async\" width=\"810\" height=\"540\" data-id=\"4128\" src=\"https:\/\/www.enzo-und-ferdinand.de\/wp-content\/uploads\/2019\/06\/P90355669_highRes_bmw-vision-m-next-st.jpg\" alt=\"BMW Vision M Next\" class=\"wp-image-4128\" srcset=\"https:\/\/www.enzo-und-ferdinand.de\/wp-content\/uploads\/2019\/06\/P90355669_highRes_bmw-vision-m-next-st.jpg 810w, https:\/\/www.enzo-und-ferdinand.de\/wp-content\/uploads\/2019\/06\/P90355669_highRes_bmw-vision-m-next-st-300x200.jpg 300w, https:\/\/www.enzo-und-ferdinand.de\/wp-content\/uploads\/2019\/06\/P90355669_highRes_bmw-vision-m-next-st-768x512.jpg 768w, https:\/\/www.enzo-und-ferdinand.de\/wp-content\/uploads\/2019\/06\/P90355669_highRes_bmw-vision-m-next-st-120x80.jpg 120w\" sizes=\"auto, (max-width: 810px) 100vw, 810px\" \/><\/figure>\n<\/figure>\n\n\n\n<figure class=\"wp-block-embed is-type-video is-provider-youtube wp-block-embed-youtube wp-embed-aspect-16-9 wp-has-aspect-ratio\"><div class=\"wp-block-embed__wrapper\">\n<iframe loading=\"lazy\" title=\"The BMW Vision M NEXT.\" width=\"810\" height=\"456\" src=\"https:\/\/www.youtube.com\/embed\/Ya_Oc46Kj2Y?feature=oembed\" frameborder=\"0\" allow=\"accelerometer; autoplay; encrypted-media; gyroscope; picture-in-picture\" allowfullscreen><\/iframe>\n<\/div><\/figure>\n\n\n\n<p class=\"has-text-align-right has-small-font-size wp-block-paragraph\">Fotos\/Video: BMW\/Text: Rainer Ro\u00dfbach<\/p>\n","protected":false},"excerpt":{"rendered":"<p>\u201eM\u201c steht seit 1972 bei den Bayern f\u00fcr ultimative Dynamik und diese besondere DNA soll m\u00f6glichst auch in der emissionsarmen Zukunft weiterleben. Nicht zuletzt, weil Sportlichkeit und Leistung besonders profitabel sind. Als rosa Elefant steht das autonome Fahren auch bei Sportwagen im Raum und BMW untersucht bei der Studie, wie sich die vielen Automatismen mit einem klassischen Sportwagen verbinden lassen.<\/p>\n","protected":false},"author":1,"featured_media":4117,"comment_status":"closed","ping_status":"closed","sticky":false,"template":"","format":"standard","meta":{"_crdt_document":"","ngg_post_thumbnail":0,"footnotes":""},"categories":[23,4,24,29],"tags":[202,982],"class_list":["post-4110","post","type-post","status-publish","format-standard","has-post-thumbnail","hentry","category-performance","category-studien","category-unikate","category-video","tag-bmw","tag-bmw-m"],"yoast_head":"<!-- This site is optimized with the Yoast SEO plugin v27.5 - https:\/\/yoast.com\/product\/yoast-seo-wordpress\/ -->\n<title>BMW Vision M NEXT<\/title>\n<meta name=\"description\" content=\"BMW Vision M NEXT\" \/>\n<meta name=\"robots\" content=\"index, follow, max-snippet:-1, max-image-preview:large, max-video-preview:-1\" \/>\n<link rel=\"canonical\" href=\"https:\/\/www.enzo-und-ferdinand.de\/index.php\/2019\/06\/27\/bmw-vision-m-next\/\" \/>\n<meta property=\"og:locale\" content=\"de_DE\" \/>\n<meta property=\"og:type\" content=\"article\" \/>\n<meta property=\"og:title\" content=\"BMW Vision M NEXT\" \/>\n<meta property=\"og:description\" content=\"BMW Vision M NEXT\" \/>\n<meta property=\"og:url\" content=\"https:\/\/www.enzo-und-ferdinand.de\/index.php\/2019\/06\/27\/bmw-vision-m-next\/\" \/>\n<meta property=\"og:site_name\" content=\"enzo &amp; Ferdinand\" \/>\n<meta property=\"article:published_time\" content=\"2019-06-27T05:07:21+00:00\" \/>\n<meta property=\"article:modified_time\" content=\"2025-12-28T10:38:51+00:00\" \/>\n<meta property=\"og:image\" content=\"https:\/\/www.enzo-und-ferdinand.de\/wp-content\/uploads\/2019\/06\/P90355665_highRes_bmw-vision-m-next-st.jpg\" \/>\n\t<meta property=\"og:image:width\" content=\"810\" \/>\n\t<meta property=\"og:image:height\" content=\"540\" \/>\n\t<meta property=\"og:image:type\" content=\"image\/jpeg\" \/>\n<meta name=\"author\" content=\"Rainer Ro\u00dfbach\" \/>\n<meta name=\"twitter:card\" content=\"summary_large_image\" \/>\n<meta name=\"twitter:label1\" content=\"Verfasst von\" \/>\n\t<meta name=\"twitter:data1\" content=\"Rainer Ro\u00dfbach\" \/>\n\t<meta name=\"twitter:label2\" content=\"Gesch\u00e4tzte Lesezeit\" \/>\n\t<meta name=\"twitter:data2\" content=\"5\u00a0Minuten\" \/>\n<script type=\"application\/ld+json\" class=\"yoast-schema-graph\">{\"@context\":\"https:\\\/\\\/schema.org\",\"@graph\":[{\"@type\":\"Article\",\"@id\":\"https:\\\/\\\/www.enzo-und-ferdinand.de\\\/index.php\\\/2019\\\/06\\\/27\\\/bmw-vision-m-next\\\/#article\",\"isPartOf\":{\"@id\":\"https:\\\/\\\/www.enzo-und-ferdinand.de\\\/index.php\\\/2019\\\/06\\\/27\\\/bmw-vision-m-next\\\/\"},\"author\":{\"name\":\"Rainer Ro\u00dfbach\",\"@id\":\"https:\\\/\\\/www.enzo-und-ferdinand.de\\\/#\\\/schema\\\/person\\\/aff2eb9ff87705987c1b9d21fe10b095\"},\"headline\":\"BMW Vision M NEXT\",\"datePublished\":\"2019-06-27T05:07:21+00:00\",\"dateModified\":\"2025-12-28T10:38:51+00:00\",\"mainEntityOfPage\":{\"@id\":\"https:\\\/\\\/www.enzo-und-ferdinand.de\\\/index.php\\\/2019\\\/06\\\/27\\\/bmw-vision-m-next\\\/\"},\"wordCount\":465,\"publisher\":{\"@id\":\"https:\\\/\\\/www.enzo-und-ferdinand.de\\\/#organization\"},\"image\":{\"@id\":\"https:\\\/\\\/www.enzo-und-ferdinand.de\\\/index.php\\\/2019\\\/06\\\/27\\\/bmw-vision-m-next\\\/#primaryimage\"},\"thumbnailUrl\":\"https:\\\/\\\/www.enzo-und-ferdinand.de\\\/wp-content\\\/uploads\\\/2019\\\/06\\\/P90355665_highRes_bmw-vision-m-next-st.jpg\",\"keywords\":[\"BMW\",\"BMW M\"],\"articleSection\":[\"Performance\",\"Studien\",\"Unikate\",\"Video\"],\"inLanguage\":\"de\"},{\"@type\":\"WebPage\",\"@id\":\"https:\\\/\\\/www.enzo-und-ferdinand.de\\\/index.php\\\/2019\\\/06\\\/27\\\/bmw-vision-m-next\\\/\",\"url\":\"https:\\\/\\\/www.enzo-und-ferdinand.de\\\/index.php\\\/2019\\\/06\\\/27\\\/bmw-vision-m-next\\\/\",\"name\":\"BMW Vision M NEXT\",\"isPartOf\":{\"@id\":\"https:\\\/\\\/www.enzo-und-ferdinand.de\\\/#website\"},\"primaryImageOfPage\":{\"@id\":\"https:\\\/\\\/www.enzo-und-ferdinand.de\\\/index.php\\\/2019\\\/06\\\/27\\\/bmw-vision-m-next\\\/#primaryimage\"},\"image\":{\"@id\":\"https:\\\/\\\/www.enzo-und-ferdinand.de\\\/index.php\\\/2019\\\/06\\\/27\\\/bmw-vision-m-next\\\/#primaryimage\"},\"thumbnailUrl\":\"https:\\\/\\\/www.enzo-und-ferdinand.de\\\/wp-content\\\/uploads\\\/2019\\\/06\\\/P90355665_highRes_bmw-vision-m-next-st.jpg\",\"datePublished\":\"2019-06-27T05:07:21+00:00\",\"dateModified\":\"2025-12-28T10:38:51+00:00\",\"description\":\"BMW Vision M NEXT\",\"breadcrumb\":{\"@id\":\"https:\\\/\\\/www.enzo-und-ferdinand.de\\\/index.php\\\/2019\\\/06\\\/27\\\/bmw-vision-m-next\\\/#breadcrumb\"},\"inLanguage\":\"de\",\"potentialAction\":[{\"@type\":\"ReadAction\",\"target\":[\"https:\\\/\\\/www.enzo-und-ferdinand.de\\\/index.php\\\/2019\\\/06\\\/27\\\/bmw-vision-m-next\\\/\"]}]},{\"@type\":\"ImageObject\",\"inLanguage\":\"de\",\"@id\":\"https:\\\/\\\/www.enzo-und-ferdinand.de\\\/index.php\\\/2019\\\/06\\\/27\\\/bmw-vision-m-next\\\/#primaryimage\",\"url\":\"https:\\\/\\\/www.enzo-und-ferdinand.de\\\/wp-content\\\/uploads\\\/2019\\\/06\\\/P90355665_highRes_bmw-vision-m-next-st.jpg\",\"contentUrl\":\"https:\\\/\\\/www.enzo-und-ferdinand.de\\\/wp-content\\\/uploads\\\/2019\\\/06\\\/P90355665_highRes_bmw-vision-m-next-st.jpg\",\"width\":810,\"height\":540,\"caption\":\"BMW Vision M NEXT\"},{\"@type\":\"BreadcrumbList\",\"@id\":\"https:\\\/\\\/www.enzo-und-ferdinand.de\\\/index.php\\\/2019\\\/06\\\/27\\\/bmw-vision-m-next\\\/#breadcrumb\",\"itemListElement\":[{\"@type\":\"ListItem\",\"position\":1,\"name\":\"Startseite\",\"item\":\"https:\\\/\\\/www.enzo-und-ferdinand.de\\\/\"},{\"@type\":\"ListItem\",\"position\":2,\"name\":\"BMW Vision M NEXT\"}]},{\"@type\":\"WebSite\",\"@id\":\"https:\\\/\\\/www.enzo-und-ferdinand.de\\\/#website\",\"url\":\"https:\\\/\\\/www.enzo-und-ferdinand.de\\\/\",\"name\":\"enzo & Ferdinand\",\"description\":\"\",\"publisher\":{\"@id\":\"https:\\\/\\\/www.enzo-und-ferdinand.de\\\/#organization\"},\"potentialAction\":[{\"@type\":\"SearchAction\",\"target\":{\"@type\":\"EntryPoint\",\"urlTemplate\":\"https:\\\/\\\/www.enzo-und-ferdinand.de\\\/?s={search_term_string}\"},\"query-input\":{\"@type\":\"PropertyValueSpecification\",\"valueRequired\":true,\"valueName\":\"search_term_string\"}}],\"inLanguage\":\"de\"},{\"@type\":\"Organization\",\"@id\":\"https:\\\/\\\/www.enzo-und-ferdinand.de\\\/#organization\",\"name\":\"enzo & Ferdinand\",\"url\":\"https:\\\/\\\/www.enzo-und-ferdinand.de\\\/\",\"logo\":{\"@type\":\"ImageObject\",\"inLanguage\":\"de\",\"@id\":\"https:\\\/\\\/www.enzo-und-ferdinand.de\\\/#\\\/schema\\\/logo\\\/image\\\/\",\"url\":\"https:\\\/\\\/www.enzo-und-ferdinand.de\\\/wp-content\\\/uploads\\\/2018\\\/12\\\/revvvs-icon.png\",\"contentUrl\":\"https:\\\/\\\/www.enzo-und-ferdinand.de\\\/wp-content\\\/uploads\\\/2018\\\/12\\\/revvvs-icon.png\",\"width\":512,\"height\":512,\"caption\":\"enzo & Ferdinand\"},\"image\":{\"@id\":\"https:\\\/\\\/www.enzo-und-ferdinand.de\\\/#\\\/schema\\\/logo\\\/image\\\/\"}},{\"@type\":\"Person\",\"@id\":\"https:\\\/\\\/www.enzo-und-ferdinand.de\\\/#\\\/schema\\\/person\\\/aff2eb9ff87705987c1b9d21fe10b095\",\"name\":\"Rainer Ro\u00dfbach\",\"image\":{\"@type\":\"ImageObject\",\"inLanguage\":\"de\",\"@id\":\"https:\\\/\\\/www.enzo-und-ferdinand.de\\\/wp-content\\\/uploads\\\/2026\\\/01\\\/Rainer-Rossbach-150x150.jpg\",\"url\":\"https:\\\/\\\/www.enzo-und-ferdinand.de\\\/wp-content\\\/uploads\\\/2026\\\/01\\\/Rainer-Rossbach-150x150.jpg\",\"contentUrl\":\"https:\\\/\\\/www.enzo-und-ferdinand.de\\\/wp-content\\\/uploads\\\/2026\\\/01\\\/Rainer-Rossbach-150x150.jpg\",\"caption\":\"Rainer Ro\u00dfbach\"},\"url\":\"https:\\\/\\\/www.enzo-und-ferdinand.de\\\/index.php\\\/author\\\/redaktion\\\/\"}]}<\/script>\n<!-- \/ Yoast SEO plugin. -->","yoast_head_json":{"title":"BMW Vision M NEXT","description":"BMW Vision M NEXT","robots":{"index":"index","follow":"follow","max-snippet":"max-snippet:-1","max-image-preview":"max-image-preview:large","max-video-preview":"max-video-preview:-1"},"canonical":"https:\/\/www.enzo-und-ferdinand.de\/index.php\/2019\/06\/27\/bmw-vision-m-next\/","og_locale":"de_DE","og_type":"article","og_title":"BMW Vision M NEXT","og_description":"BMW Vision M NEXT","og_url":"https:\/\/www.enzo-und-ferdinand.de\/index.php\/2019\/06\/27\/bmw-vision-m-next\/","og_site_name":"enzo &amp; Ferdinand","article_published_time":"2019-06-27T05:07:21+00:00","article_modified_time":"2025-12-28T10:38:51+00:00","og_image":[{"width":810,"height":540,"url":"https:\/\/www.enzo-und-ferdinand.de\/wp-content\/uploads\/2019\/06\/P90355665_highRes_bmw-vision-m-next-st.jpg","type":"image\/jpeg"}],"author":"Rainer Ro\u00dfbach","twitter_card":"summary_large_image","twitter_misc":{"Verfasst von":"Rainer Ro\u00dfbach","Gesch\u00e4tzte Lesezeit":"5\u00a0Minuten"},"schema":{"@context":"https:\/\/schema.org","@graph":[{"@type":"Article","@id":"https:\/\/www.enzo-und-ferdinand.de\/index.php\/2019\/06\/27\/bmw-vision-m-next\/#article","isPartOf":{"@id":"https:\/\/www.enzo-und-ferdinand.de\/index.php\/2019\/06\/27\/bmw-vision-m-next\/"},"author":{"name":"Rainer Ro\u00dfbach","@id":"https:\/\/www.enzo-und-ferdinand.de\/#\/schema\/person\/aff2eb9ff87705987c1b9d21fe10b095"},"headline":"BMW Vision M NEXT","datePublished":"2019-06-27T05:07:21+00:00","dateModified":"2025-12-28T10:38:51+00:00","mainEntityOfPage":{"@id":"https:\/\/www.enzo-und-ferdinand.de\/index.php\/2019\/06\/27\/bmw-vision-m-next\/"},"wordCount":465,"publisher":{"@id":"https:\/\/www.enzo-und-ferdinand.de\/#organization"},"image":{"@id":"https:\/\/www.enzo-und-ferdinand.de\/index.php\/2019\/06\/27\/bmw-vision-m-next\/#primaryimage"},"thumbnailUrl":"https:\/\/www.enzo-und-ferdinand.de\/wp-content\/uploads\/2019\/06\/P90355665_highRes_bmw-vision-m-next-st.jpg","keywords":["BMW","BMW M"],"articleSection":["Performance","Studien","Unikate","Video"],"inLanguage":"de"},{"@type":"WebPage","@id":"https:\/\/www.enzo-und-ferdinand.de\/index.php\/2019\/06\/27\/bmw-vision-m-next\/","url":"https:\/\/www.enzo-und-ferdinand.de\/index.php\/2019\/06\/27\/bmw-vision-m-next\/","name":"BMW Vision M NEXT","isPartOf":{"@id":"https:\/\/www.enzo-und-ferdinand.de\/#website"},"primaryImageOfPage":{"@id":"https:\/\/www.enzo-und-ferdinand.de\/index.php\/2019\/06\/27\/bmw-vision-m-next\/#primaryimage"},"image":{"@id":"https:\/\/www.enzo-und-ferdinand.de\/index.php\/2019\/06\/27\/bmw-vision-m-next\/#primaryimage"},"thumbnailUrl":"https:\/\/www.enzo-und-ferdinand.de\/wp-content\/uploads\/2019\/06\/P90355665_highRes_bmw-vision-m-next-st.jpg","datePublished":"2019-06-27T05:07:21+00:00","dateModified":"2025-12-28T10:38:51+00:00","description":"BMW Vision M NEXT","breadcrumb":{"@id":"https:\/\/www.enzo-und-ferdinand.de\/index.php\/2019\/06\/27\/bmw-vision-m-next\/#breadcrumb"},"inLanguage":"de","potentialAction":[{"@type":"ReadAction","target":["https:\/\/www.enzo-und-ferdinand.de\/index.php\/2019\/06\/27\/bmw-vision-m-next\/"]}]},{"@type":"ImageObject","inLanguage":"de","@id":"https:\/\/www.enzo-und-ferdinand.de\/index.php\/2019\/06\/27\/bmw-vision-m-next\/#primaryimage","url":"https:\/\/www.enzo-und-ferdinand.de\/wp-content\/uploads\/2019\/06\/P90355665_highRes_bmw-vision-m-next-st.jpg","contentUrl":"https:\/\/www.enzo-und-ferdinand.de\/wp-content\/uploads\/2019\/06\/P90355665_highRes_bmw-vision-m-next-st.jpg","width":810,"height":540,"caption":"BMW Vision M NEXT"},{"@type":"BreadcrumbList","@id":"https:\/\/www.enzo-und-ferdinand.de\/index.php\/2019\/06\/27\/bmw-vision-m-next\/#breadcrumb","itemListElement":[{"@type":"ListItem","position":1,"name":"Startseite","item":"https:\/\/www.enzo-und-ferdinand.de\/"},{"@type":"ListItem","position":2,"name":"BMW Vision M NEXT"}]},{"@type":"WebSite","@id":"https:\/\/www.enzo-und-ferdinand.de\/#website","url":"https:\/\/www.enzo-und-ferdinand.de\/","name":"enzo & Ferdinand","description":"","publisher":{"@id":"https:\/\/www.enzo-und-ferdinand.de\/#organization"},"potentialAction":[{"@type":"SearchAction","target":{"@type":"EntryPoint","urlTemplate":"https:\/\/www.enzo-und-ferdinand.de\/?s={search_term_string}"},"query-input":{"@type":"PropertyValueSpecification","valueRequired":true,"valueName":"search_term_string"}}],"inLanguage":"de"},{"@type":"Organization","@id":"https:\/\/www.enzo-und-ferdinand.de\/#organization","name":"enzo & Ferdinand","url":"https:\/\/www.enzo-und-ferdinand.de\/","logo":{"@type":"ImageObject","inLanguage":"de","@id":"https:\/\/www.enzo-und-ferdinand.de\/#\/schema\/logo\/image\/","url":"https:\/\/www.enzo-und-ferdinand.de\/wp-content\/uploads\/2018\/12\/revvvs-icon.png","contentUrl":"https:\/\/www.enzo-und-ferdinand.de\/wp-content\/uploads\/2018\/12\/revvvs-icon.png","width":512,"height":512,"caption":"enzo & Ferdinand"},"image":{"@id":"https:\/\/www.enzo-und-ferdinand.de\/#\/schema\/logo\/image\/"}},{"@type":"Person","@id":"https:\/\/www.enzo-und-ferdinand.de\/#\/schema\/person\/aff2eb9ff87705987c1b9d21fe10b095","name":"Rainer Ro\u00dfbach","image":{"@type":"ImageObject","inLanguage":"de","@id":"https:\/\/www.enzo-und-ferdinand.de\/wp-content\/uploads\/2026\/01\/Rainer-Rossbach-150x150.jpg","url":"https:\/\/www.enzo-und-ferdinand.de\/wp-content\/uploads\/2026\/01\/Rainer-Rossbach-150x150.jpg","contentUrl":"https:\/\/www.enzo-und-ferdinand.de\/wp-content\/uploads\/2026\/01\/Rainer-Rossbach-150x150.jpg","caption":"Rainer Ro\u00dfbach"},"url":"https:\/\/www.enzo-und-ferdinand.de\/index.php\/author\/redaktion\/"}]}},"_links":{"self":[{"href":"https:\/\/www.enzo-und-ferdinand.de\/index.php\/wp-json\/wp\/v2\/posts\/4110","targetHints":{"allow":["GET"]}}],"collection":[{"href":"https:\/\/www.enzo-und-ferdinand.de\/index.php\/wp-json\/wp\/v2\/posts"}],"about":[{"href":"https:\/\/www.enzo-und-ferdinand.de\/index.php\/wp-json\/wp\/v2\/types\/post"}],"author":[{"embeddable":true,"href":"https:\/\/www.enzo-und-ferdinand.de\/index.php\/wp-json\/wp\/v2\/users\/1"}],"replies":[{"embeddable":true,"href":"https:\/\/www.enzo-und-ferdinand.de\/index.php\/wp-json\/wp\/v2\/comments?post=4110"}],"version-history":[{"count":15,"href":"https:\/\/www.enzo-und-ferdinand.de\/index.php\/wp-json\/wp\/v2\/posts\/4110\/revisions"}],"predecessor-version":[{"id":17169,"href":"https:\/\/www.enzo-und-ferdinand.de\/index.php\/wp-json\/wp\/v2\/posts\/4110\/revisions\/17169"}],"wp:featuredmedia":[{"embeddable":true,"href":"https:\/\/www.enzo-und-ferdinand.de\/index.php\/wp-json\/wp\/v2\/media\/4117"}],"wp:attachment":[{"href":"https:\/\/www.enzo-und-ferdinand.de\/index.php\/wp-json\/wp\/v2\/media?parent=4110"}],"wp:term":[{"taxonomy":"category","embeddable":true,"href":"https:\/\/www.enzo-und-ferdinand.de\/index.php\/wp-json\/wp\/v2\/categories?post=4110"},{"taxonomy":"post_tag","embeddable":true,"href":"https:\/\/www.enzo-und-ferdinand.de\/index.php\/wp-json\/wp\/v2\/tags?post=4110"}],"curies":[{"name":"wp","href":"https:\/\/api.w.org\/{rel}","templated":true}]}}