{"id":4207,"date":"2019-07-01T07:13:09","date_gmt":"2019-07-01T05:13:09","guid":{"rendered":"http:\/\/www.enzo-und-ferdinand.de\/?p=4207"},"modified":"2025-12-28T11:37:12","modified_gmt":"2025-12-28T10:37:12","slug":"90-anni-ferrari","status":"publish","type":"post","link":"https:\/\/www.enzo-und-ferdinand.de\/index.php\/2019\/07\/01\/90-anni-ferrari\/","title":{"rendered":"\u201e90 Anni Ferrari\u201c"},"content":{"rendered":"\n<figure class=\"wp-block-image\"><img loading=\"lazy\" decoding=\"async\" width=\"810\" height=\"540\" src=\"https:\/\/www.enzo-und-ferdinand.de\/wp-content\/uploads\/2019\/06\/ALFA_8C-810x540.jpg\" alt=\"Alfa Romeo 8C\" class=\"wp-image-4220\" srcset=\"https:\/\/www.enzo-und-ferdinand.de\/wp-content\/uploads\/2019\/06\/ALFA_8C-810x540.jpg 810w, https:\/\/www.enzo-und-ferdinand.de\/wp-content\/uploads\/2019\/06\/ALFA_8C-300x200.jpg 300w, https:\/\/www.enzo-und-ferdinand.de\/wp-content\/uploads\/2019\/06\/ALFA_8C-768x512.jpg 768w, https:\/\/www.enzo-und-ferdinand.de\/wp-content\/uploads\/2019\/06\/ALFA_8C-120x80.jpg 120w, https:\/\/www.enzo-und-ferdinand.de\/wp-content\/uploads\/2019\/06\/ALFA_8C.jpg 1024w\" sizes=\"auto, (max-width: 810px) 100vw, 810px\" \/><\/figure>\n\n\n\n<p class=\"wp-block-paragraph\">Ab 1929 setzte Enzo Ferrari f\u00fcr Alfa Romeo die Werks-Rennwagen unter eigener Nennung ein. Enzo Ferrari \u00fcbernahm die Gesch\u00e4fte des Alfa-Romeo-Werksrennstalls und die Wagen aus Mailand trugen ab da als Logo das \u201ecavallino rampante\u201c. Als der Commendatore 1938 Alfa verlie\u00df und seine Scuderia 1940 in \u201eAuto Avio Costruzioni Ferrari\u201c nahm er das schwarze Pferd auf dem gelben Wappenschild mit und machte es zum Symbol seiner Firma.<\/p>\n\n\n\n<p class=\"wp-block-paragraph\">Vor 90 Jahren also entstand das legend\u00e4re Markenzeichen und schm\u00fcckte auch den ersten Ferrari, der 1947 in Maranello entstand. Der 125 C Sport mit 1,5-Liter-V12-Motor war der erste echte Ferrari, nat\u00fcrlich f\u00fcr den Wettbewerb dem viele weitere folgen sollten. Und auch die Stra\u00dfenrennwagen, die von Touring, Pininfarina, Vignale oder Scaglietti eingekleidet wurden, durften sich mit dem \u201ecavallino\u201c schm\u00fccken.<\/p>\n\n\n\n<p class=\"wp-block-paragraph\">Anl\u00e4\u00dflich des 90-j\u00e4hrigen Jubil\u00e4ums des ikonischen Markensymbol zeigt das Ferrari-Museum in Maranello eine Ausstellung, die dessen gro\u00dfe Geschichte reflektiert.<\/p>\n\n\n\n<p class=\"wp-block-paragraph\">Zu sehen sind eine Reihe Autos &#8211; vom Alfa Romeo 8C 2300 Spider, bei dem 1932 in Le Mans erstmals das \u201ecavallino rampante\u201c auf der Karosserie pleuchtete, bis hin zum Formel-1-Monoposto SF71H, den noch im vergangenen Jahr Sebastian Vettel und Kimi R\u00e4ikk\u00f6nen pilotierten.<\/p>\n\n\n\n<figure class=\"wp-block-gallery has-nested-images columns-2 is-cropped wp-block-gallery-1 is-layout-flex wp-block-gallery-is-layout-flex\">\n<figure class=\"wp-block-image\"><img loading=\"lazy\" decoding=\"async\" width=\"810\" height=\"540\" data-id=\"4222\" src=\"https:\/\/www.enzo-und-ferdinand.de\/wp-content\/uploads\/2019\/06\/Alfa_Romeo-Gran_Premio_Tipo_B_P3-810x540.jpg\" alt=\"Alfa Romeo Gran Premio Tipo B P3\" class=\"wp-image-4222\" srcset=\"https:\/\/www.enzo-und-ferdinand.de\/wp-content\/uploads\/2019\/06\/Alfa_Romeo-Gran_Premio_Tipo_B_P3-810x540.jpg 810w, https:\/\/www.enzo-und-ferdinand.de\/wp-content\/uploads\/2019\/06\/Alfa_Romeo-Gran_Premio_Tipo_B_P3-300x200.jpg 300w, https:\/\/www.enzo-und-ferdinand.de\/wp-content\/uploads\/2019\/06\/Alfa_Romeo-Gran_Premio_Tipo_B_P3-768x512.jpg 768w, https:\/\/www.enzo-und-ferdinand.de\/wp-content\/uploads\/2019\/06\/Alfa_Romeo-Gran_Premio_Tipo_B_P3-120x80.jpg 120w, https:\/\/www.enzo-und-ferdinand.de\/wp-content\/uploads\/2019\/06\/Alfa_Romeo-Gran_Premio_Tipo_B_P3.jpg 1024w\" sizes=\"auto, (max-width: 810px) 100vw, 810px\" \/><figcaption class=\"wp-element-caption\">Alfa Romeo Gran Premio Tipo B P3<\/figcaption><\/figure>\n\n\n\n<figure class=\"wp-block-image\"><img loading=\"lazy\" decoding=\"async\" width=\"810\" height=\"540\" data-id=\"4223\" src=\"https:\/\/www.enzo-und-ferdinand.de\/wp-content\/uploads\/2019\/06\/275_P-810x540.jpg\" alt=\"Ferrari 275 P\" class=\"wp-image-4223\" srcset=\"https:\/\/www.enzo-und-ferdinand.de\/wp-content\/uploads\/2019\/06\/275_P-810x540.jpg 810w, https:\/\/www.enzo-und-ferdinand.de\/wp-content\/uploads\/2019\/06\/275_P-300x200.jpg 300w, https:\/\/www.enzo-und-ferdinand.de\/wp-content\/uploads\/2019\/06\/275_P-768x512.jpg 768w, https:\/\/www.enzo-und-ferdinand.de\/wp-content\/uploads\/2019\/06\/275_P-120x80.jpg 120w, https:\/\/www.enzo-und-ferdinand.de\/wp-content\/uploads\/2019\/06\/275_P.jpg 1024w\" sizes=\"auto, (max-width: 810px) 100vw, 810px\" \/><figcaption class=\"wp-element-caption\">Ferrari 275 P<\/figcaption><\/figure>\n\n\n\n<figure class=\"wp-block-image\"><img loading=\"lazy\" decoding=\"async\" width=\"810\" height=\"540\" data-id=\"4224\" src=\"https:\/\/www.enzo-und-ferdinand.de\/wp-content\/uploads\/2019\/06\/330-810x540.jpg\" alt=\"Ferrari 330\" class=\"wp-image-4224\" srcset=\"https:\/\/www.enzo-und-ferdinand.de\/wp-content\/uploads\/2019\/06\/330-810x540.jpg 810w, https:\/\/www.enzo-und-ferdinand.de\/wp-content\/uploads\/2019\/06\/330-300x200.jpg 300w, https:\/\/www.enzo-und-ferdinand.de\/wp-content\/uploads\/2019\/06\/330-768x512.jpg 768w, https:\/\/www.enzo-und-ferdinand.de\/wp-content\/uploads\/2019\/06\/330-120x80.jpg 120w, https:\/\/www.enzo-und-ferdinand.de\/wp-content\/uploads\/2019\/06\/330.jpg 1024w\" sizes=\"auto, (max-width: 810px) 100vw, 810px\" \/><figcaption class=\"wp-element-caption\">Ferrari 330<\/figcaption><\/figure>\n\n\n\n<figure class=\"wp-block-image\"><img loading=\"lazy\" decoding=\"async\" width=\"810\" height=\"540\" data-id=\"4225\" src=\"https:\/\/www.enzo-und-ferdinand.de\/wp-content\/uploads\/2019\/06\/SF71-H-810x540.jpg\" alt=\"Ferrari SF71-H\" class=\"wp-image-4225\" srcset=\"https:\/\/www.enzo-und-ferdinand.de\/wp-content\/uploads\/2019\/06\/SF71-H-810x540.jpg 810w, https:\/\/www.enzo-und-ferdinand.de\/wp-content\/uploads\/2019\/06\/SF71-H-300x200.jpg 300w, https:\/\/www.enzo-und-ferdinand.de\/wp-content\/uploads\/2019\/06\/SF71-H-768x512.jpg 768w, https:\/\/www.enzo-und-ferdinand.de\/wp-content\/uploads\/2019\/06\/SF71-H-120x80.jpg 120w, https:\/\/www.enzo-und-ferdinand.de\/wp-content\/uploads\/2019\/06\/SF71-H.jpg 1024w\" sizes=\"auto, (max-width: 810px) 100vw, 810px\" \/><figcaption class=\"wp-element-caption\">Ferrari SF71-H<\/figcaption><\/figure>\n<\/figure>\n\n\n\n<p class=\"wp-block-paragraph\">Weitere Exponate sind der Ferrari 500, mit dem Alberto Ascari 1952 und 1953 zwei Weltmeistertitel in Folge holte, und der D 50, mit dem Juan Manuel Fangio 1956 den vierten seiner f\u00fcnf Weltmeistertitel gewann.<\/p>\n\n\n\n<p class=\"wp-block-paragraph\">Auch der Ferrari Dino 246 F1 ist dabei, mit dem Mike Hawthorn mit nur einem Punkt Vorsprung Stirling Moss die Weltmeisterschaft wegschnappte. Weiter geht es mit dem Ferrari 156 F1, mit dem John Surtees, der einzige, der jemals Weltmeisterschaften auf zwei und vier R\u00e4dern f\u00fcr sich entscheiden konnte, 1963 sein erstes Formel 1-Rennen gewann.<\/p>\n\n\n\n<p class=\"wp-block-paragraph\">Ebenfalls gezeigt wird der 312 T von 1975 mit seinem revolution\u00e4ren quer angeordneten Getriebe, mit dem der junge Niki Lauda seinen ersten Weltmeistertitel holte, und der 312 T4, mit dem Jody Scheckter 1979 die Fahrerweltmeisterschaft gewann. Nicht zu vergessen nat\u00fcrlich der F 2004, in dem Michael Schumacher mit 13 Siegen, davon sechs in Folge, 2004 seinen letzten Weltmeistertitel errang. Etwas weiter unten auf dieser langen Liste steht der F 2007, mit dem sich Kimi R\u00e4ikk\u00f6nen beim Gro\u00dfen Preis von Brasilien in einer spannenden Aufholjagd durchsetzte und so mit nur einem Punkt Vorsprung den Fahrertitel nach Maranello zur\u00fcckholte.<\/p>\n\n\n\n<p class=\"wp-block-paragraph\">Neben den Grand-Prix-Rennern fehlen auch Rennsportwagen wie der 166 MM, mit dem Ferrari vor 70 Jahren seinen ersten Sieg in Le Mans errang, und der 275 P von 1964 nicht.<\/p>\n\n\n\n<figure class=\"wp-block-gallery has-nested-images columns-2 is-cropped wp-block-gallery-2 is-layout-flex wp-block-gallery-is-layout-flex\">\n<figure class=\"wp-block-image\"><img loading=\"lazy\" decoding=\"async\" width=\"810\" height=\"540\" data-id=\"4210\" src=\"https:\/\/www.enzo-und-ferdinand.de\/wp-content\/uploads\/2019\/06\/GTO-810x540.jpg\" alt=\"Ferrari 288 GTO\" class=\"wp-image-4210\" srcset=\"https:\/\/www.enzo-und-ferdinand.de\/wp-content\/uploads\/2019\/06\/GTO-810x540.jpg 810w, https:\/\/www.enzo-und-ferdinand.de\/wp-content\/uploads\/2019\/06\/GTO-300x200.jpg 300w, https:\/\/www.enzo-und-ferdinand.de\/wp-content\/uploads\/2019\/06\/GTO-768x512.jpg 768w, https:\/\/www.enzo-und-ferdinand.de\/wp-content\/uploads\/2019\/06\/GTO-120x80.jpg 120w, https:\/\/www.enzo-und-ferdinand.de\/wp-content\/uploads\/2019\/06\/GTO.jpg 1024w\" sizes=\"auto, (max-width: 810px) 100vw, 810px\" \/><figcaption class=\"wp-element-caption\">Ferrari 288 GTO<\/figcaption><\/figure>\n\n\n\n<figure class=\"wp-block-image\"><img loading=\"lazy\" decoding=\"async\" width=\"810\" height=\"540\" data-id=\"4211\" src=\"https:\/\/www.enzo-und-ferdinand.de\/wp-content\/uploads\/2019\/06\/F40-810x540.jpg\" alt=\"Ferrari F40\" class=\"wp-image-4211\" srcset=\"https:\/\/www.enzo-und-ferdinand.de\/wp-content\/uploads\/2019\/06\/F40-810x540.jpg 810w, https:\/\/www.enzo-und-ferdinand.de\/wp-content\/uploads\/2019\/06\/F40-300x200.jpg 300w, https:\/\/www.enzo-und-ferdinand.de\/wp-content\/uploads\/2019\/06\/F40-768x512.jpg 768w, https:\/\/www.enzo-und-ferdinand.de\/wp-content\/uploads\/2019\/06\/F40-120x80.jpg 120w, https:\/\/www.enzo-und-ferdinand.de\/wp-content\/uploads\/2019\/06\/F40.jpg 1024w\" sizes=\"auto, (max-width: 810px) 100vw, 810px\" \/><figcaption class=\"wp-element-caption\">Ferrari F40<\/figcaption><\/figure>\n\n\n\n<figure class=\"wp-block-image\"><img loading=\"lazy\" decoding=\"async\" width=\"810\" height=\"540\" data-id=\"4212\" src=\"https:\/\/www.enzo-und-ferdinand.de\/wp-content\/uploads\/2019\/06\/F50-810x540.jpg\" alt=\"Ferrari F50\" class=\"wp-image-4212\" srcset=\"https:\/\/www.enzo-und-ferdinand.de\/wp-content\/uploads\/2019\/06\/F50-810x540.jpg 810w, https:\/\/www.enzo-und-ferdinand.de\/wp-content\/uploads\/2019\/06\/F50-300x200.jpg 300w, https:\/\/www.enzo-und-ferdinand.de\/wp-content\/uploads\/2019\/06\/F50-768x512.jpg 768w, https:\/\/www.enzo-und-ferdinand.de\/wp-content\/uploads\/2019\/06\/F50-120x80.jpg 120w, https:\/\/www.enzo-und-ferdinand.de\/wp-content\/uploads\/2019\/06\/F50.jpg 1024w\" sizes=\"auto, (max-width: 810px) 100vw, 810px\" \/><figcaption class=\"wp-element-caption\">Ferrari F50<\/figcaption><\/figure>\n\n\n\n<figure class=\"wp-block-image\"><img loading=\"lazy\" decoding=\"async\" width=\"810\" height=\"540\" data-id=\"4213\" src=\"https:\/\/www.enzo-und-ferdinand.de\/wp-content\/uploads\/2019\/06\/Enzo_Ferrari_2-810x540.jpg\" alt=\"Ferrari Enzo Ferrari\" class=\"wp-image-4213\" srcset=\"https:\/\/www.enzo-und-ferdinand.de\/wp-content\/uploads\/2019\/06\/Enzo_Ferrari_2-810x540.jpg 810w, https:\/\/www.enzo-und-ferdinand.de\/wp-content\/uploads\/2019\/06\/Enzo_Ferrari_2-300x200.jpg 300w, https:\/\/www.enzo-und-ferdinand.de\/wp-content\/uploads\/2019\/06\/Enzo_Ferrari_2-768x512.jpg 768w, https:\/\/www.enzo-und-ferdinand.de\/wp-content\/uploads\/2019\/06\/Enzo_Ferrari_2-120x80.jpg 120w, https:\/\/www.enzo-und-ferdinand.de\/wp-content\/uploads\/2019\/06\/Enzo_Ferrari_2.jpg 1024w\" sizes=\"auto, (max-width: 810px) 100vw, 810px\" \/><figcaption class=\"wp-element-caption\">Ferrari &#8222;Enzo Ferrari&#8220;<\/figcaption><\/figure>\n\n\n\n<figure class=\"wp-block-image\"><img loading=\"lazy\" decoding=\"async\" width=\"810\" height=\"540\" data-id=\"4214\" src=\"https:\/\/www.enzo-und-ferdinand.de\/wp-content\/uploads\/2019\/06\/Ferrari_488_Pista-810x540.jpg\" alt=\"Ferrari 488 Pista\" class=\"wp-image-4214\" srcset=\"https:\/\/www.enzo-und-ferdinand.de\/wp-content\/uploads\/2019\/06\/Ferrari_488_Pista-810x540.jpg 810w, https:\/\/www.enzo-und-ferdinand.de\/wp-content\/uploads\/2019\/06\/Ferrari_488_Pista-300x200.jpg 300w, https:\/\/www.enzo-und-ferdinand.de\/wp-content\/uploads\/2019\/06\/Ferrari_488_Pista-768x512.jpg 768w, https:\/\/www.enzo-und-ferdinand.de\/wp-content\/uploads\/2019\/06\/Ferrari_488_Pista-120x80.jpg 120w, https:\/\/www.enzo-und-ferdinand.de\/wp-content\/uploads\/2019\/06\/Ferrari_488_Pista.jpg 1024w\" sizes=\"auto, (max-width: 810px) 100vw, 810px\" \/><figcaption class=\"wp-element-caption\">Ferrari 488 Pista<\/figcaption><\/figure>\n\n\n\n<figure class=\"wp-block-image\"><img loading=\"lazy\" decoding=\"async\" width=\"810\" height=\"540\" data-id=\"4215\" src=\"https:\/\/www.enzo-und-ferdinand.de\/wp-content\/uploads\/2019\/06\/LaFerrari-810x540.jpg\" alt=\"Ferrari La Ferrari\" class=\"wp-image-4215\" srcset=\"https:\/\/www.enzo-und-ferdinand.de\/wp-content\/uploads\/2019\/06\/LaFerrari-810x540.jpg 810w, https:\/\/www.enzo-und-ferdinand.de\/wp-content\/uploads\/2019\/06\/LaFerrari-300x200.jpg 300w, https:\/\/www.enzo-und-ferdinand.de\/wp-content\/uploads\/2019\/06\/LaFerrari-768x512.jpg 768w, https:\/\/www.enzo-und-ferdinand.de\/wp-content\/uploads\/2019\/06\/LaFerrari-120x80.jpg 120w, https:\/\/www.enzo-und-ferdinand.de\/wp-content\/uploads\/2019\/06\/LaFerrari.jpg 1024w\" sizes=\"auto, (max-width: 810px) 100vw, 810px\" \/><figcaption class=\"wp-element-caption\">Ferrari &#8222;LaFerrari&#8220;<\/figcaption><\/figure>\n\n\n\n<figure class=\"wp-block-image\"><img loading=\"lazy\" decoding=\"async\" width=\"810\" height=\"540\" data-id=\"4216\" src=\"https:\/\/www.enzo-und-ferdinand.de\/wp-content\/uploads\/2019\/06\/FXXK-810x540.jpg\" alt=\"Ferrari FXXK\" class=\"wp-image-4216\" srcset=\"https:\/\/www.enzo-und-ferdinand.de\/wp-content\/uploads\/2019\/06\/FXXK-810x540.jpg 810w, https:\/\/www.enzo-und-ferdinand.de\/wp-content\/uploads\/2019\/06\/FXXK-300x200.jpg 300w, https:\/\/www.enzo-und-ferdinand.de\/wp-content\/uploads\/2019\/06\/FXXK-768x512.jpg 768w, https:\/\/www.enzo-und-ferdinand.de\/wp-content\/uploads\/2019\/06\/FXXK-120x80.jpg 120w, https:\/\/www.enzo-und-ferdinand.de\/wp-content\/uploads\/2019\/06\/FXXK.jpg 1024w\" sizes=\"auto, (max-width: 810px) 100vw, 810px\" \/><figcaption class=\"wp-element-caption\">Ferrari FXXK<\/figcaption><\/figure>\n\n\n\n<figure class=\"wp-block-image\"><img loading=\"lazy\" decoding=\"async\" width=\"810\" height=\"540\" data-id=\"4217\" src=\"https:\/\/www.enzo-und-ferdinand.de\/wp-content\/uploads\/2019\/06\/P80C_Design_Static_Model-810x540.jpg\" alt=\"Ferrari P80C\" class=\"wp-image-4217\" srcset=\"https:\/\/www.enzo-und-ferdinand.de\/wp-content\/uploads\/2019\/06\/P80C_Design_Static_Model-810x540.jpg 810w, https:\/\/www.enzo-und-ferdinand.de\/wp-content\/uploads\/2019\/06\/P80C_Design_Static_Model-300x200.jpg 300w, https:\/\/www.enzo-und-ferdinand.de\/wp-content\/uploads\/2019\/06\/P80C_Design_Static_Model-768x512.jpg 768w, https:\/\/www.enzo-und-ferdinand.de\/wp-content\/uploads\/2019\/06\/P80C_Design_Static_Model-120x80.jpg 120w, https:\/\/www.enzo-und-ferdinand.de\/wp-content\/uploads\/2019\/06\/P80C_Design_Static_Model.jpg 1024w\" sizes=\"auto, (max-width: 810px) 100vw, 810px\" \/><figcaption class=\"wp-element-caption\">Ferrari P80C<\/figcaption><\/figure>\n<\/figure>\n\n\n\n<p class=\"wp-block-paragraph\">Zu sehen ist im Museum zudem die Schau &#8222;Hypercars&#8220;. Den Anfang macht der 288 GTO von 1984, dem drei Jahre sp\u00e4ter der F 40 folgte, mit dem Enzo Ferrari das 40. Jubil\u00e4um des Unternehmens feierte. Der 1995 vorgestellte F 50 war dann im Wesentlichen ein als Mittelmootorcoup\u00e9 verkleideter Formel-1. Auch hier wurde der Motor, abgeleitet vom F1-Aggregat von 1990, direkt am Monocoque-Rahmen montiert und \u00fcbernahm eine tragende Funktion.<\/p>\n\n\n\n<p class=\"wp-block-paragraph\">An der Entwicklung des \u201eEnzo Ferrari\u201c von 2002, ein dem Gr\u00fcnder gewidmetes Hypercar, wirkte Michael Schumacher beratend mit. Neben dem La Ferrari zeigt die Ausstellung auch das Konstruktionsmodell des P80\/C, der ausschlie\u00dflich f\u00fcr Rennstrecken zugelassen ist. Er basiert auf dem Ferrari 488 GT3.<\/p>\n\n\n\n<p class=\"wp-block-paragraph\">Die Ausstellungen &#8222;90 anni\u201c und &#8222;Hypercars\u201c laufen bis Mai 2020.<\/p>\n\n\n\n<p class=\"wp-block-paragraph\"><strong>Galleria Ferrari<\/strong><br> Via Alfredo Dino Ferrari, 43, 41053 Maranello MO, Italien<br><\/p>\n\n\n\n<p class=\"wp-block-paragraph\"><strong>\u00d6ffnungszeiten<\/strong><br> T\u00e4glich au\u00dfer dem 25. Dezember und dem 1. Januar <br> November\/M\u00e4rz 9.30 \u2013 18.00 Uhr<br> April\/Oktober 9.30 \u2013 19.00 Uhr<\/p>\n\n\n\n<p class=\"wp-block-paragraph\"><strong>Informationen<\/strong><br> Tel. +39 0536 949713 <br> <a title=\"museo ferrari\" href=\"https:\/\/musei.ferrari.com\/en\/maranello\/current-exhibitions\">museo@ferrari.com <\/a><\/p>\n","protected":false},"excerpt":{"rendered":"<p>Ab 1929 setzte Enzo Ferrari f\u00fcr Alfa Romeo die Werks-Rennwagen unter eigener Nennung ein. Enzo Ferrari \u00fcbernahm die Gesch\u00e4fte des Alfa-Romeo-Werksrennstalls und die Wagen aus Mailand trugen ab da als Logo das \u201ecavallino rampante\u201c. Als der Commendatore 1938 Alfa verlie\u00df und seine Scuderia 1940 in \u201eAuto Avio Costruzioni Ferrari\u201c nahm er das schwarze Pferd auf dem gelben Wappenschild mit und machte es zum Symbol seiner Firma.<br \/>\nVor 90 Jahren also entstand das legend\u00e4re Markenzeichen und schm\u00fcckte auch den ersten Ferrari, der 1947 in Maranello entstand.<\/p>\n","protected":false},"author":1,"featured_media":4219,"comment_status":"closed","ping_status":"closed","sticky":false,"template":"","format":"standard","meta":{"_crdt_document":"","ngg_post_thumbnail":0,"footnotes":""},"categories":[13,23,24],"tags":[191,184],"class_list":["post-4207","post","type-post","status-publish","format-standard","has-post-thumbnail","hentry","category-ikonen","category-performance","category-unikate","tag-alfa-romeo","tag-ferrari"],"yoast_head":"<!-- This site is optimized with the Yoast SEO plugin v27.5 - https:\/\/yoast.com\/product\/yoast-seo-wordpress\/ -->\n<title>\u201e90 Anni Ferrari\u201c<\/title>\n<meta name=\"description\" content=\"Alfa Romeo 8C ran Premio Tipo B P3 Ferrari 275 P 330 SF71-H P80C FXXK a Ferrari 488 Pista Enzo Ferrari F50 F40 288 GTO\" \/>\n<meta name=\"robots\" content=\"index, follow, max-snippet:-1, max-image-preview:large, max-video-preview:-1\" \/>\n<link rel=\"canonical\" href=\"https:\/\/www.enzo-und-ferdinand.de\/index.php\/2019\/07\/01\/90-anni-ferrari\/\" \/>\n<meta property=\"og:locale\" content=\"de_DE\" \/>\n<meta property=\"og:type\" content=\"article\" \/>\n<meta property=\"og:title\" content=\"\u201e90 Anni Ferrari\u201c\" \/>\n<meta property=\"og:description\" content=\"Alfa Romeo 8C ran Premio Tipo B P3 Ferrari 275 P 330 SF71-H P80C FXXK a Ferrari 488 Pista Enzo Ferrari F50 F40 288 GTO\" \/>\n<meta property=\"og:url\" content=\"https:\/\/www.enzo-und-ferdinand.de\/index.php\/2019\/07\/01\/90-anni-ferrari\/\" \/>\n<meta property=\"og:site_name\" content=\"enzo &amp; Ferdinand\" \/>\n<meta property=\"article:published_time\" content=\"2019-07-01T05:13:09+00:00\" \/>\n<meta property=\"article:modified_time\" content=\"2025-12-28T10:37:12+00:00\" \/>\n<meta property=\"og:image\" content=\"https:\/\/www.enzo-und-ferdinand.de\/wp-content\/uploads\/2019\/06\/90_Years_2.jpg\" \/>\n\t<meta property=\"og:image:width\" content=\"1024\" \/>\n\t<meta property=\"og:image:height\" content=\"534\" \/>\n\t<meta property=\"og:image:type\" content=\"image\/jpeg\" \/>\n<meta name=\"author\" content=\"Rainer Ro\u00dfbach\" \/>\n<meta name=\"twitter:card\" content=\"summary_large_image\" \/>\n<meta name=\"twitter:label1\" content=\"Verfasst von\" \/>\n\t<meta name=\"twitter:data1\" content=\"Rainer Ro\u00dfbach\" \/>\n\t<meta name=\"twitter:label2\" content=\"Gesch\u00e4tzte Lesezeit\" \/>\n\t<meta name=\"twitter:data2\" content=\"7\u00a0Minuten\" \/>\n<script type=\"application\/ld+json\" class=\"yoast-schema-graph\">{\"@context\":\"https:\\\/\\\/schema.org\",\"@graph\":[{\"@type\":\"Article\",\"@id\":\"https:\\\/\\\/www.enzo-und-ferdinand.de\\\/index.php\\\/2019\\\/07\\\/01\\\/90-anni-ferrari\\\/#article\",\"isPartOf\":{\"@id\":\"https:\\\/\\\/www.enzo-und-ferdinand.de\\\/index.php\\\/2019\\\/07\\\/01\\\/90-anni-ferrari\\\/\"},\"author\":{\"name\":\"Rainer Ro\u00dfbach\",\"@id\":\"https:\\\/\\\/www.enzo-und-ferdinand.de\\\/#\\\/schema\\\/person\\\/aff2eb9ff87705987c1b9d21fe10b095\"},\"headline\":\"\u201e90 Anni Ferrari\u201c\",\"datePublished\":\"2019-07-01T05:13:09+00:00\",\"dateModified\":\"2025-12-28T10:37:12+00:00\",\"mainEntityOfPage\":{\"@id\":\"https:\\\/\\\/www.enzo-und-ferdinand.de\\\/index.php\\\/2019\\\/07\\\/01\\\/90-anni-ferrari\\\/\"},\"wordCount\":580,\"publisher\":{\"@id\":\"https:\\\/\\\/www.enzo-und-ferdinand.de\\\/#organization\"},\"image\":{\"@id\":\"https:\\\/\\\/www.enzo-und-ferdinand.de\\\/index.php\\\/2019\\\/07\\\/01\\\/90-anni-ferrari\\\/#primaryimage\"},\"thumbnailUrl\":\"https:\\\/\\\/www.enzo-und-ferdinand.de\\\/wp-content\\\/uploads\\\/2019\\\/06\\\/90_Years_2.jpg\",\"keywords\":[\"Alfa Romeo\",\"Ferrari\"],\"articleSection\":[\"Ikonen\",\"Performance\",\"Unikate\"],\"inLanguage\":\"de\"},{\"@type\":\"WebPage\",\"@id\":\"https:\\\/\\\/www.enzo-und-ferdinand.de\\\/index.php\\\/2019\\\/07\\\/01\\\/90-anni-ferrari\\\/\",\"url\":\"https:\\\/\\\/www.enzo-und-ferdinand.de\\\/index.php\\\/2019\\\/07\\\/01\\\/90-anni-ferrari\\\/\",\"name\":\"\u201e90 Anni Ferrari\u201c\",\"isPartOf\":{\"@id\":\"https:\\\/\\\/www.enzo-und-ferdinand.de\\\/#website\"},\"primaryImageOfPage\":{\"@id\":\"https:\\\/\\\/www.enzo-und-ferdinand.de\\\/index.php\\\/2019\\\/07\\\/01\\\/90-anni-ferrari\\\/#primaryimage\"},\"image\":{\"@id\":\"https:\\\/\\\/www.enzo-und-ferdinand.de\\\/index.php\\\/2019\\\/07\\\/01\\\/90-anni-ferrari\\\/#primaryimage\"},\"thumbnailUrl\":\"https:\\\/\\\/www.enzo-und-ferdinand.de\\\/wp-content\\\/uploads\\\/2019\\\/06\\\/90_Years_2.jpg\",\"datePublished\":\"2019-07-01T05:13:09+00:00\",\"dateModified\":\"2025-12-28T10:37:12+00:00\",\"description\":\"Alfa Romeo 8C ran Premio Tipo B P3 Ferrari 275 P 330 SF71-H P80C FXXK a Ferrari 488 Pista Enzo Ferrari F50 F40 288 GTO\",\"breadcrumb\":{\"@id\":\"https:\\\/\\\/www.enzo-und-ferdinand.de\\\/index.php\\\/2019\\\/07\\\/01\\\/90-anni-ferrari\\\/#breadcrumb\"},\"inLanguage\":\"de\",\"potentialAction\":[{\"@type\":\"ReadAction\",\"target\":[\"https:\\\/\\\/www.enzo-und-ferdinand.de\\\/index.php\\\/2019\\\/07\\\/01\\\/90-anni-ferrari\\\/\"]}]},{\"@type\":\"ImageObject\",\"inLanguage\":\"de\",\"@id\":\"https:\\\/\\\/www.enzo-und-ferdinand.de\\\/index.php\\\/2019\\\/07\\\/01\\\/90-anni-ferrari\\\/#primaryimage\",\"url\":\"https:\\\/\\\/www.enzo-und-ferdinand.de\\\/wp-content\\\/uploads\\\/2019\\\/06\\\/90_Years_2.jpg\",\"contentUrl\":\"https:\\\/\\\/www.enzo-und-ferdinand.de\\\/wp-content\\\/uploads\\\/2019\\\/06\\\/90_Years_2.jpg\",\"width\":1024,\"height\":534,\"caption\":\"90 Anni Ferrari\"},{\"@type\":\"BreadcrumbList\",\"@id\":\"https:\\\/\\\/www.enzo-und-ferdinand.de\\\/index.php\\\/2019\\\/07\\\/01\\\/90-anni-ferrari\\\/#breadcrumb\",\"itemListElement\":[{\"@type\":\"ListItem\",\"position\":1,\"name\":\"Startseite\",\"item\":\"https:\\\/\\\/www.enzo-und-ferdinand.de\\\/\"},{\"@type\":\"ListItem\",\"position\":2,\"name\":\"\u201e90 Anni Ferrari\u201c\"}]},{\"@type\":\"WebSite\",\"@id\":\"https:\\\/\\\/www.enzo-und-ferdinand.de\\\/#website\",\"url\":\"https:\\\/\\\/www.enzo-und-ferdinand.de\\\/\",\"name\":\"enzo & Ferdinand\",\"description\":\"\",\"publisher\":{\"@id\":\"https:\\\/\\\/www.enzo-und-ferdinand.de\\\/#organization\"},\"potentialAction\":[{\"@type\":\"SearchAction\",\"target\":{\"@type\":\"EntryPoint\",\"urlTemplate\":\"https:\\\/\\\/www.enzo-und-ferdinand.de\\\/?s={search_term_string}\"},\"query-input\":{\"@type\":\"PropertyValueSpecification\",\"valueRequired\":true,\"valueName\":\"search_term_string\"}}],\"inLanguage\":\"de\"},{\"@type\":\"Organization\",\"@id\":\"https:\\\/\\\/www.enzo-und-ferdinand.de\\\/#organization\",\"name\":\"enzo & Ferdinand\",\"url\":\"https:\\\/\\\/www.enzo-und-ferdinand.de\\\/\",\"logo\":{\"@type\":\"ImageObject\",\"inLanguage\":\"de\",\"@id\":\"https:\\\/\\\/www.enzo-und-ferdinand.de\\\/#\\\/schema\\\/logo\\\/image\\\/\",\"url\":\"https:\\\/\\\/www.enzo-und-ferdinand.de\\\/wp-content\\\/uploads\\\/2018\\\/12\\\/revvvs-icon.png\",\"contentUrl\":\"https:\\\/\\\/www.enzo-und-ferdinand.de\\\/wp-content\\\/uploads\\\/2018\\\/12\\\/revvvs-icon.png\",\"width\":512,\"height\":512,\"caption\":\"enzo & Ferdinand\"},\"image\":{\"@id\":\"https:\\\/\\\/www.enzo-und-ferdinand.de\\\/#\\\/schema\\\/logo\\\/image\\\/\"}},{\"@type\":\"Person\",\"@id\":\"https:\\\/\\\/www.enzo-und-ferdinand.de\\\/#\\\/schema\\\/person\\\/aff2eb9ff87705987c1b9d21fe10b095\",\"name\":\"Rainer Ro\u00dfbach\",\"image\":{\"@type\":\"ImageObject\",\"inLanguage\":\"de\",\"@id\":\"https:\\\/\\\/www.enzo-und-ferdinand.de\\\/wp-content\\\/uploads\\\/2026\\\/01\\\/Rainer-Rossbach-150x150.jpg\",\"url\":\"https:\\\/\\\/www.enzo-und-ferdinand.de\\\/wp-content\\\/uploads\\\/2026\\\/01\\\/Rainer-Rossbach-150x150.jpg\",\"contentUrl\":\"https:\\\/\\\/www.enzo-und-ferdinand.de\\\/wp-content\\\/uploads\\\/2026\\\/01\\\/Rainer-Rossbach-150x150.jpg\",\"caption\":\"Rainer Ro\u00dfbach\"},\"url\":\"https:\\\/\\\/www.enzo-und-ferdinand.de\\\/index.php\\\/author\\\/redaktion\\\/\"}]}<\/script>\n<!-- \/ Yoast SEO plugin. -->","yoast_head_json":{"title":"\u201e90 Anni Ferrari\u201c","description":"Alfa Romeo 8C ran Premio Tipo B P3 Ferrari 275 P 330 SF71-H P80C FXXK a Ferrari 488 Pista Enzo Ferrari F50 F40 288 GTO","robots":{"index":"index","follow":"follow","max-snippet":"max-snippet:-1","max-image-preview":"max-image-preview:large","max-video-preview":"max-video-preview:-1"},"canonical":"https:\/\/www.enzo-und-ferdinand.de\/index.php\/2019\/07\/01\/90-anni-ferrari\/","og_locale":"de_DE","og_type":"article","og_title":"\u201e90 Anni Ferrari\u201c","og_description":"Alfa Romeo 8C ran Premio Tipo B P3 Ferrari 275 P 330 SF71-H P80C FXXK a Ferrari 488 Pista Enzo Ferrari F50 F40 288 GTO","og_url":"https:\/\/www.enzo-und-ferdinand.de\/index.php\/2019\/07\/01\/90-anni-ferrari\/","og_site_name":"enzo &amp; Ferdinand","article_published_time":"2019-07-01T05:13:09+00:00","article_modified_time":"2025-12-28T10:37:12+00:00","og_image":[{"width":1024,"height":534,"url":"https:\/\/www.enzo-und-ferdinand.de\/wp-content\/uploads\/2019\/06\/90_Years_2.jpg","type":"image\/jpeg"}],"author":"Rainer Ro\u00dfbach","twitter_card":"summary_large_image","twitter_misc":{"Verfasst von":"Rainer Ro\u00dfbach","Gesch\u00e4tzte Lesezeit":"7\u00a0Minuten"},"schema":{"@context":"https:\/\/schema.org","@graph":[{"@type":"Article","@id":"https:\/\/www.enzo-und-ferdinand.de\/index.php\/2019\/07\/01\/90-anni-ferrari\/#article","isPartOf":{"@id":"https:\/\/www.enzo-und-ferdinand.de\/index.php\/2019\/07\/01\/90-anni-ferrari\/"},"author":{"name":"Rainer Ro\u00dfbach","@id":"https:\/\/www.enzo-und-ferdinand.de\/#\/schema\/person\/aff2eb9ff87705987c1b9d21fe10b095"},"headline":"\u201e90 Anni Ferrari\u201c","datePublished":"2019-07-01T05:13:09+00:00","dateModified":"2025-12-28T10:37:12+00:00","mainEntityOfPage":{"@id":"https:\/\/www.enzo-und-ferdinand.de\/index.php\/2019\/07\/01\/90-anni-ferrari\/"},"wordCount":580,"publisher":{"@id":"https:\/\/www.enzo-und-ferdinand.de\/#organization"},"image":{"@id":"https:\/\/www.enzo-und-ferdinand.de\/index.php\/2019\/07\/01\/90-anni-ferrari\/#primaryimage"},"thumbnailUrl":"https:\/\/www.enzo-und-ferdinand.de\/wp-content\/uploads\/2019\/06\/90_Years_2.jpg","keywords":["Alfa Romeo","Ferrari"],"articleSection":["Ikonen","Performance","Unikate"],"inLanguage":"de"},{"@type":"WebPage","@id":"https:\/\/www.enzo-und-ferdinand.de\/index.php\/2019\/07\/01\/90-anni-ferrari\/","url":"https:\/\/www.enzo-und-ferdinand.de\/index.php\/2019\/07\/01\/90-anni-ferrari\/","name":"\u201e90 Anni Ferrari\u201c","isPartOf":{"@id":"https:\/\/www.enzo-und-ferdinand.de\/#website"},"primaryImageOfPage":{"@id":"https:\/\/www.enzo-und-ferdinand.de\/index.php\/2019\/07\/01\/90-anni-ferrari\/#primaryimage"},"image":{"@id":"https:\/\/www.enzo-und-ferdinand.de\/index.php\/2019\/07\/01\/90-anni-ferrari\/#primaryimage"},"thumbnailUrl":"https:\/\/www.enzo-und-ferdinand.de\/wp-content\/uploads\/2019\/06\/90_Years_2.jpg","datePublished":"2019-07-01T05:13:09+00:00","dateModified":"2025-12-28T10:37:12+00:00","description":"Alfa Romeo 8C ran Premio Tipo B P3 Ferrari 275 P 330 SF71-H P80C FXXK a Ferrari 488 Pista Enzo Ferrari F50 F40 288 GTO","breadcrumb":{"@id":"https:\/\/www.enzo-und-ferdinand.de\/index.php\/2019\/07\/01\/90-anni-ferrari\/#breadcrumb"},"inLanguage":"de","potentialAction":[{"@type":"ReadAction","target":["https:\/\/www.enzo-und-ferdinand.de\/index.php\/2019\/07\/01\/90-anni-ferrari\/"]}]},{"@type":"ImageObject","inLanguage":"de","@id":"https:\/\/www.enzo-und-ferdinand.de\/index.php\/2019\/07\/01\/90-anni-ferrari\/#primaryimage","url":"https:\/\/www.enzo-und-ferdinand.de\/wp-content\/uploads\/2019\/06\/90_Years_2.jpg","contentUrl":"https:\/\/www.enzo-und-ferdinand.de\/wp-content\/uploads\/2019\/06\/90_Years_2.jpg","width":1024,"height":534,"caption":"90 Anni Ferrari"},{"@type":"BreadcrumbList","@id":"https:\/\/www.enzo-und-ferdinand.de\/index.php\/2019\/07\/01\/90-anni-ferrari\/#breadcrumb","itemListElement":[{"@type":"ListItem","position":1,"name":"Startseite","item":"https:\/\/www.enzo-und-ferdinand.de\/"},{"@type":"ListItem","position":2,"name":"\u201e90 Anni Ferrari\u201c"}]},{"@type":"WebSite","@id":"https:\/\/www.enzo-und-ferdinand.de\/#website","url":"https:\/\/www.enzo-und-ferdinand.de\/","name":"enzo & Ferdinand","description":"","publisher":{"@id":"https:\/\/www.enzo-und-ferdinand.de\/#organization"},"potentialAction":[{"@type":"SearchAction","target":{"@type":"EntryPoint","urlTemplate":"https:\/\/www.enzo-und-ferdinand.de\/?s={search_term_string}"},"query-input":{"@type":"PropertyValueSpecification","valueRequired":true,"valueName":"search_term_string"}}],"inLanguage":"de"},{"@type":"Organization","@id":"https:\/\/www.enzo-und-ferdinand.de\/#organization","name":"enzo & Ferdinand","url":"https:\/\/www.enzo-und-ferdinand.de\/","logo":{"@type":"ImageObject","inLanguage":"de","@id":"https:\/\/www.enzo-und-ferdinand.de\/#\/schema\/logo\/image\/","url":"https:\/\/www.enzo-und-ferdinand.de\/wp-content\/uploads\/2018\/12\/revvvs-icon.png","contentUrl":"https:\/\/www.enzo-und-ferdinand.de\/wp-content\/uploads\/2018\/12\/revvvs-icon.png","width":512,"height":512,"caption":"enzo & Ferdinand"},"image":{"@id":"https:\/\/www.enzo-und-ferdinand.de\/#\/schema\/logo\/image\/"}},{"@type":"Person","@id":"https:\/\/www.enzo-und-ferdinand.de\/#\/schema\/person\/aff2eb9ff87705987c1b9d21fe10b095","name":"Rainer Ro\u00dfbach","image":{"@type":"ImageObject","inLanguage":"de","@id":"https:\/\/www.enzo-und-ferdinand.de\/wp-content\/uploads\/2026\/01\/Rainer-Rossbach-150x150.jpg","url":"https:\/\/www.enzo-und-ferdinand.de\/wp-content\/uploads\/2026\/01\/Rainer-Rossbach-150x150.jpg","contentUrl":"https:\/\/www.enzo-und-ferdinand.de\/wp-content\/uploads\/2026\/01\/Rainer-Rossbach-150x150.jpg","caption":"Rainer Ro\u00dfbach"},"url":"https:\/\/www.enzo-und-ferdinand.de\/index.php\/author\/redaktion\/"}]}},"_links":{"self":[{"href":"https:\/\/www.enzo-und-ferdinand.de\/index.php\/wp-json\/wp\/v2\/posts\/4207","targetHints":{"allow":["GET"]}}],"collection":[{"href":"https:\/\/www.enzo-und-ferdinand.de\/index.php\/wp-json\/wp\/v2\/posts"}],"about":[{"href":"https:\/\/www.enzo-und-ferdinand.de\/index.php\/wp-json\/wp\/v2\/types\/post"}],"author":[{"embeddable":true,"href":"https:\/\/www.enzo-und-ferdinand.de\/index.php\/wp-json\/wp\/v2\/users\/1"}],"replies":[{"embeddable":true,"href":"https:\/\/www.enzo-und-ferdinand.de\/index.php\/wp-json\/wp\/v2\/comments?post=4207"}],"version-history":[{"count":12,"href":"https:\/\/www.enzo-und-ferdinand.de\/index.php\/wp-json\/wp\/v2\/posts\/4207\/revisions"}],"predecessor-version":[{"id":21852,"href":"https:\/\/www.enzo-und-ferdinand.de\/index.php\/wp-json\/wp\/v2\/posts\/4207\/revisions\/21852"}],"wp:featuredmedia":[{"embeddable":true,"href":"https:\/\/www.enzo-und-ferdinand.de\/index.php\/wp-json\/wp\/v2\/media\/4219"}],"wp:attachment":[{"href":"https:\/\/www.enzo-und-ferdinand.de\/index.php\/wp-json\/wp\/v2\/media?parent=4207"}],"wp:term":[{"taxonomy":"category","embeddable":true,"href":"https:\/\/www.enzo-und-ferdinand.de\/index.php\/wp-json\/wp\/v2\/categories?post=4207"},{"taxonomy":"post_tag","embeddable":true,"href":"https:\/\/www.enzo-und-ferdinand.de\/index.php\/wp-json\/wp\/v2\/tags?post=4207"}],"curies":[{"name":"wp","href":"https:\/\/api.w.org\/{rel}","templated":true}]}}