{"id":4961,"date":"2019-08-12T08:32:09","date_gmt":"2019-08-12T06:32:09","guid":{"rendered":"http:\/\/www.enzo-und-ferdinand.de\/?p=4961"},"modified":"2025-12-28T11:51:09","modified_gmt":"2025-12-28T10:51:09","slug":"47-avd-oldtimer-grand-prix","status":"publish","type":"post","link":"https:\/\/www.enzo-und-ferdinand.de\/index.php\/2019\/08\/12\/47-avd-oldtimer-grand-prix\/","title":{"rendered":"47. AvD Oldtimer-Grand-Prix"},"content":{"rendered":"\n<figure class=\"wp-block-image\"><img loading=\"lazy\" decoding=\"async\" width=\"810\" height=\"540\" src=\"https:\/\/www.enzo-und-ferdinand.de\/wp-content\/uploads\/2019\/08\/DSC_4162-810x540.jpg\" alt=\"AvD Oldtimer-Grand-Prix\" class=\"wp-image-4966\" srcset=\"https:\/\/www.enzo-und-ferdinand.de\/wp-content\/uploads\/2019\/08\/DSC_4162-810x540.jpg 810w, https:\/\/www.enzo-und-ferdinand.de\/wp-content\/uploads\/2019\/08\/DSC_4162-300x200.jpg 300w, https:\/\/www.enzo-und-ferdinand.de\/wp-content\/uploads\/2019\/08\/DSC_4162-768x512.jpg 768w, https:\/\/www.enzo-und-ferdinand.de\/wp-content\/uploads\/2019\/08\/DSC_4162-120x80.jpg 120w, https:\/\/www.enzo-und-ferdinand.de\/wp-content\/uploads\/2019\/08\/DSC_4162.jpg 1024w\" sizes=\"auto, (max-width: 810px) 100vw, 810px\" \/><\/figure>\n\n\n\n<p class=\"wp-block-paragraph\">Vom 9. bis zum 11. August fand der traditionsreiche AvD-Oldtimer-Grand-Prix auf dem N\u00fcrburgring statt. Drei Tage lang zelebrierte der feine Frankfurter Club das Auto und besonders auf der Traditionsrennstrecke in der Eifel den Rennsport. Zu den Neuerungen im Programm geh\u00f6rte ein \u00fcberarbeitetes Konzept der Rennen zum Revival der Deutschen Rennsport-Meisterschaft. <\/p>\n\n\n\n<p class=\"wp-block-paragraph\">Dieses Jahr kamen zu diesem popul\u00e4ren Wettbewerb neue Starter hinzu, die bislang um die FHR 100-Meilen-Trophy fuhren, welche f\u00fcr GT, Tourenwagen und zweisitzige Rennsportwagen der Jahre 1972 bis 1981 nach FIA-Anhang K ausgeschrieben war. Zudem waren erstmals auch die CanAm-Fahrzeuge am Start, die auch in der FHR-Serie fahren und die aufgrund ihrer Leistung sowohl Qualifikation sowie Rennen dominierten. Das f\u00fchrte, zum Vergn\u00fcgen der Zuschauer, zu reichlich Action und Spannung quer durch das ganze Feld.<\/p>\n\n\n\n<figure class=\"wp-block-gallery has-nested-images columns-2 is-cropped wp-block-gallery-1 is-layout-flex wp-block-gallery-is-layout-flex\">\n<figure class=\"wp-block-image\"><img loading=\"lazy\" decoding=\"async\" width=\"810\" height=\"517\" data-id=\"4968\" src=\"https:\/\/www.enzo-und-ferdinand.de\/wp-content\/uploads\/2019\/08\/DSC_3758-810x517.jpg\" alt=\"AvD Oldtimer-Grand-Prix\" class=\"wp-image-4968\" srcset=\"https:\/\/www.enzo-und-ferdinand.de\/wp-content\/uploads\/2019\/08\/DSC_3758-810x517.jpg 810w, https:\/\/www.enzo-und-ferdinand.de\/wp-content\/uploads\/2019\/08\/DSC_3758-300x192.jpg 300w, https:\/\/www.enzo-und-ferdinand.de\/wp-content\/uploads\/2019\/08\/DSC_3758-768x491.jpg 768w, https:\/\/www.enzo-und-ferdinand.de\/wp-content\/uploads\/2019\/08\/DSC_3758-360x230.jpg 360w, https:\/\/www.enzo-und-ferdinand.de\/wp-content\/uploads\/2019\/08\/DSC_3758.jpg 1024w\" sizes=\"auto, (max-width: 810px) 100vw, 810px\" \/><\/figure>\n\n\n\n<figure class=\"wp-block-image\"><img loading=\"lazy\" decoding=\"async\" width=\"810\" height=\"536\" data-id=\"4969\" src=\"https:\/\/www.enzo-und-ferdinand.de\/wp-content\/uploads\/2019\/08\/DSC_3760-810x536.jpg\" alt=\"AvD Oldtimer-Grand-Prix\" class=\"wp-image-4969\" srcset=\"https:\/\/www.enzo-und-ferdinand.de\/wp-content\/uploads\/2019\/08\/DSC_3760-810x536.jpg 810w, https:\/\/www.enzo-und-ferdinand.de\/wp-content\/uploads\/2019\/08\/DSC_3760-300x198.jpg 300w, https:\/\/www.enzo-und-ferdinand.de\/wp-content\/uploads\/2019\/08\/DSC_3760-768x508.jpg 768w, https:\/\/www.enzo-und-ferdinand.de\/wp-content\/uploads\/2019\/08\/DSC_3760-120x80.jpg 120w, https:\/\/www.enzo-und-ferdinand.de\/wp-content\/uploads\/2019\/08\/DSC_3760.jpg 1024w\" sizes=\"auto, (max-width: 810px) 100vw, 810px\" \/><\/figure>\n\n\n\n<figure class=\"wp-block-image\"><img loading=\"lazy\" decoding=\"async\" width=\"810\" height=\"540\" data-id=\"4970\" src=\"https:\/\/www.enzo-und-ferdinand.de\/wp-content\/uploads\/2019\/08\/DSC_3742-810x540.jpg\" alt=\"AvD Oldtimer-Grand-Prix\" class=\"wp-image-4970\" srcset=\"https:\/\/www.enzo-und-ferdinand.de\/wp-content\/uploads\/2019\/08\/DSC_3742-810x540.jpg 810w, https:\/\/www.enzo-und-ferdinand.de\/wp-content\/uploads\/2019\/08\/DSC_3742-300x200.jpg 300w, https:\/\/www.enzo-und-ferdinand.de\/wp-content\/uploads\/2019\/08\/DSC_3742-768x512.jpg 768w, https:\/\/www.enzo-und-ferdinand.de\/wp-content\/uploads\/2019\/08\/DSC_3742-120x80.jpg 120w, https:\/\/www.enzo-und-ferdinand.de\/wp-content\/uploads\/2019\/08\/DSC_3742.jpg 1024w\" sizes=\"auto, (max-width: 810px) 100vw, 810px\" \/><\/figure>\n\n\n\n<figure class=\"wp-block-image\"><img loading=\"lazy\" decoding=\"async\" width=\"810\" height=\"540\" data-id=\"4972\" src=\"https:\/\/www.enzo-und-ferdinand.de\/wp-content\/uploads\/2019\/08\/DSC_3718-810x540.jpg\" alt=\"AvD Oldtimer-Grand-Prix\" class=\"wp-image-4972\" srcset=\"https:\/\/www.enzo-und-ferdinand.de\/wp-content\/uploads\/2019\/08\/DSC_3718-810x540.jpg 810w, https:\/\/www.enzo-und-ferdinand.de\/wp-content\/uploads\/2019\/08\/DSC_3718-300x200.jpg 300w, https:\/\/www.enzo-und-ferdinand.de\/wp-content\/uploads\/2019\/08\/DSC_3718-768x512.jpg 768w, https:\/\/www.enzo-und-ferdinand.de\/wp-content\/uploads\/2019\/08\/DSC_3718-120x80.jpg 120w, https:\/\/www.enzo-und-ferdinand.de\/wp-content\/uploads\/2019\/08\/DSC_3718.jpg 1024w\" sizes=\"auto, (max-width: 810px) 100vw, 810px\" \/><\/figure>\n<\/figure>\n\n\n\n<p class=\"wp-block-paragraph\">Spektakel bot auch, wenngleich leider nur 14 Wagen am Start waren, die FIA Masters Historic Formula One Championship. Diese wurde in drei Klassen ab Baujahr 1972 ausgetragen, womit den technischen Unterschieden der Boliden Rechnung getragen wurde. In der Emerson-Fittipaldi-Klasse k\u00e4mpften&nbsp; Fahrzeuge ohne  Ground Effekt, die der Niki-Lauda-Klassse haben lediglich einen flachen Unterboden und die Patrick-Head-Klasse ist f\u00fcr alle Boliden mit Ground-Effekt offen. Neben ehemaligen Siegertypen wie dem Williams FW07\/C&nbsp; aus dem Jahr 1981 oder dem 1979er Ligier JS 11\/15, waren auch Boliden am Start, die seinerzeit totale Flops waren, wie der 1979er Merzario FIA 3. Auf diesem wurde der Italiener Bruno Ferrari ehrenvoller Zehnter, derweil der Sieg an den Engl\u00e4nder Martin Stretton auf Tyrell-Cosworth 012 ging.<\/p>\n\n\n\n<figure class=\"wp-block-embed is-type-video is-provider-youtube wp-block-embed-youtube wp-embed-aspect-16-9 wp-has-aspect-ratio\"><div class=\"wp-block-embed__wrapper\">\n<iframe loading=\"lazy\" title=\"Oldtimer Grand Prix 2019\" width=\"810\" height=\"456\" src=\"https:\/\/www.youtube.com\/embed\/84bMTF36elg?feature=oembed\" frameborder=\"0\" allow=\"accelerometer; autoplay; encrypted-media; gyroscope; picture-in-picture\" allowfullscreen><\/iframe>\n<\/div><\/figure>\n\n\n\n<p class=\"wp-block-paragraph\">Den Zuschauern wurde bei durchweg gutem Wetter von mehr als 500 Fahrzeugen aus der Zeitspanne an den fr\u00fchen 1920er Jahren bis zu den fr\u00fchen 2000er Jahren ein intensiver Wettkampf geboten. Exemplarisch war hier das wie immer besonders gut besetzte Feld der Formel-Junior-Wagen, welches aufgrund seiner ausgewogenen Leistungsdichte wiederholt spannenden Rennsport bot. <\/p>\n\n\n\n<p class=\"wp-block-paragraph\">Von Tourenwagen und GTs \u00fcber Sportprototypen bis hin zu Formel-1-Boliden der 70er und fr\u00fchen 80er Jahre war die ganze Palette motorsportlicher Faszination zu bestaunen, und neben den zahllosen sportlichen Klassikern aus privater Hand trugen auch Automobilmarken wie Ferrari. Alfa Romeo, Maserati  und Porsche mit ihren aufw\u00e4ndig inszenierten Familientreffen zur  Attraktivit\u00e4t des Oldtimer-Grand-Prix bei.&nbsp;<\/p>\n\n\n\n<figure class=\"wp-block-gallery has-nested-images columns-2 is-cropped wp-block-gallery-2 is-layout-flex wp-block-gallery-is-layout-flex\">\n<figure class=\"wp-block-image\"><img loading=\"lazy\" decoding=\"async\" width=\"810\" height=\"540\" data-id=\"4974\" src=\"https:\/\/www.enzo-und-ferdinand.de\/wp-content\/uploads\/2019\/08\/DSC_3721-810x540.jpg\" alt=\"AvD Oldtimer-Grand-Prix\" class=\"wp-image-4974\" srcset=\"https:\/\/www.enzo-und-ferdinand.de\/wp-content\/uploads\/2019\/08\/DSC_3721-810x540.jpg 810w, https:\/\/www.enzo-und-ferdinand.de\/wp-content\/uploads\/2019\/08\/DSC_3721-300x200.jpg 300w, https:\/\/www.enzo-und-ferdinand.de\/wp-content\/uploads\/2019\/08\/DSC_3721-768x512.jpg 768w, https:\/\/www.enzo-und-ferdinand.de\/wp-content\/uploads\/2019\/08\/DSC_3721-120x80.jpg 120w, https:\/\/www.enzo-und-ferdinand.de\/wp-content\/uploads\/2019\/08\/DSC_3721.jpg 1024w\" sizes=\"auto, (max-width: 810px) 100vw, 810px\" \/><\/figure>\n\n\n\n<figure class=\"wp-block-image\"><img loading=\"lazy\" decoding=\"async\" width=\"810\" height=\"566\" data-id=\"4975\" src=\"https:\/\/www.enzo-und-ferdinand.de\/wp-content\/uploads\/2019\/08\/DSC_3748-810x566.jpg\" alt=\"AvD Oldtimer-Grand-Prix\" class=\"wp-image-4975\" srcset=\"https:\/\/www.enzo-und-ferdinand.de\/wp-content\/uploads\/2019\/08\/DSC_3748-810x566.jpg 810w, https:\/\/www.enzo-und-ferdinand.de\/wp-content\/uploads\/2019\/08\/DSC_3748-300x210.jpg 300w, https:\/\/www.enzo-und-ferdinand.de\/wp-content\/uploads\/2019\/08\/DSC_3748-768x537.jpg 768w, https:\/\/www.enzo-und-ferdinand.de\/wp-content\/uploads\/2019\/08\/DSC_3748.jpg 1024w\" sizes=\"auto, (max-width: 810px) 100vw, 810px\" \/><\/figure>\n\n\n\n<figure class=\"wp-block-image\"><img loading=\"lazy\" decoding=\"async\" width=\"810\" height=\"540\" data-id=\"4976\" src=\"https:\/\/www.enzo-und-ferdinand.de\/wp-content\/uploads\/2019\/08\/DSC_3771-810x540.jpg\" alt=\"AvD Oldtimer-Grand-Prix\" class=\"wp-image-4976\" srcset=\"https:\/\/www.enzo-und-ferdinand.de\/wp-content\/uploads\/2019\/08\/DSC_3771-810x540.jpg 810w, https:\/\/www.enzo-und-ferdinand.de\/wp-content\/uploads\/2019\/08\/DSC_3771-300x200.jpg 300w, https:\/\/www.enzo-und-ferdinand.de\/wp-content\/uploads\/2019\/08\/DSC_3771-768x512.jpg 768w, https:\/\/www.enzo-und-ferdinand.de\/wp-content\/uploads\/2019\/08\/DSC_3771-120x80.jpg 120w, https:\/\/www.enzo-und-ferdinand.de\/wp-content\/uploads\/2019\/08\/DSC_3771.jpg 1024w\" sizes=\"auto, (max-width: 810px) 100vw, 810px\" \/><\/figure>\n\n\n\n<figure class=\"wp-block-image\"><img loading=\"lazy\" decoding=\"async\" width=\"810\" height=\"540\" data-id=\"4977\" src=\"https:\/\/www.enzo-und-ferdinand.de\/wp-content\/uploads\/2019\/08\/DSC_3779-810x540.jpg\" alt=\"AvD Oldtimer-Grand-Prix\" class=\"wp-image-4977\" srcset=\"https:\/\/www.enzo-und-ferdinand.de\/wp-content\/uploads\/2019\/08\/DSC_3779-810x540.jpg 810w, https:\/\/www.enzo-und-ferdinand.de\/wp-content\/uploads\/2019\/08\/DSC_3779-300x200.jpg 300w, https:\/\/www.enzo-und-ferdinand.de\/wp-content\/uploads\/2019\/08\/DSC_3779-768x512.jpg 768w, https:\/\/www.enzo-und-ferdinand.de\/wp-content\/uploads\/2019\/08\/DSC_3779-120x80.jpg 120w, https:\/\/www.enzo-und-ferdinand.de\/wp-content\/uploads\/2019\/08\/DSC_3779.jpg 1024w\" sizes=\"auto, (max-width: 810px) 100vw, 810px\" \/><\/figure>\n\n\n\n<figure class=\"wp-block-image\"><img loading=\"lazy\" decoding=\"async\" width=\"810\" height=\"539\" data-id=\"4978\" src=\"https:\/\/www.enzo-und-ferdinand.de\/wp-content\/uploads\/2019\/08\/DSC_3825-810x539.jpg\" alt=\"AvD Oldtimer-Grand-Prix\" class=\"wp-image-4978\" srcset=\"https:\/\/www.enzo-und-ferdinand.de\/wp-content\/uploads\/2019\/08\/DSC_3825-810x539.jpg 810w, https:\/\/www.enzo-und-ferdinand.de\/wp-content\/uploads\/2019\/08\/DSC_3825-300x200.jpg 300w, https:\/\/www.enzo-und-ferdinand.de\/wp-content\/uploads\/2019\/08\/DSC_3825-768x512.jpg 768w, https:\/\/www.enzo-und-ferdinand.de\/wp-content\/uploads\/2019\/08\/DSC_3825-120x80.jpg 120w, https:\/\/www.enzo-und-ferdinand.de\/wp-content\/uploads\/2019\/08\/DSC_3825.jpg 1024w\" sizes=\"auto, (max-width: 810px) 100vw, 810px\" \/><\/figure>\n\n\n\n<figure class=\"wp-block-image\"><img loading=\"lazy\" decoding=\"async\" width=\"810\" height=\"540\" data-id=\"4979\" src=\"https:\/\/www.enzo-und-ferdinand.de\/wp-content\/uploads\/2019\/08\/DSC_3905-810x540.jpg\" alt=\"AvD Oldtimer-Grand-Prix\" class=\"wp-image-4979\" srcset=\"https:\/\/www.enzo-und-ferdinand.de\/wp-content\/uploads\/2019\/08\/DSC_3905-810x540.jpg 810w, https:\/\/www.enzo-und-ferdinand.de\/wp-content\/uploads\/2019\/08\/DSC_3905-300x200.jpg 300w, https:\/\/www.enzo-und-ferdinand.de\/wp-content\/uploads\/2019\/08\/DSC_3905-768x512.jpg 768w, https:\/\/www.enzo-und-ferdinand.de\/wp-content\/uploads\/2019\/08\/DSC_3905-120x80.jpg 120w, https:\/\/www.enzo-und-ferdinand.de\/wp-content\/uploads\/2019\/08\/DSC_3905.jpg 1024w\" sizes=\"auto, (max-width: 810px) 100vw, 810px\" \/><\/figure>\n\n\n\n<figure class=\"wp-block-image\"><img loading=\"lazy\" decoding=\"async\" width=\"810\" height=\"540\" data-id=\"4980\" src=\"https:\/\/www.enzo-und-ferdinand.de\/wp-content\/uploads\/2019\/08\/DSC_3917-810x540.jpg\" alt=\"AvD Oldtimer-Grand-Prix\" class=\"wp-image-4980\" srcset=\"https:\/\/www.enzo-und-ferdinand.de\/wp-content\/uploads\/2019\/08\/DSC_3917-810x540.jpg 810w, https:\/\/www.enzo-und-ferdinand.de\/wp-content\/uploads\/2019\/08\/DSC_3917-300x200.jpg 300w, https:\/\/www.enzo-und-ferdinand.de\/wp-content\/uploads\/2019\/08\/DSC_3917-768x512.jpg 768w, https:\/\/www.enzo-und-ferdinand.de\/wp-content\/uploads\/2019\/08\/DSC_3917-120x80.jpg 120w, https:\/\/www.enzo-und-ferdinand.de\/wp-content\/uploads\/2019\/08\/DSC_3917.jpg 1024w\" sizes=\"auto, (max-width: 810px) 100vw, 810px\" \/><\/figure>\n\n\n\n<figure class=\"wp-block-image\"><img loading=\"lazy\" decoding=\"async\" width=\"810\" height=\"540\" data-id=\"4981\" src=\"https:\/\/www.enzo-und-ferdinand.de\/wp-content\/uploads\/2019\/08\/DSC_3995-810x540.jpg\" alt=\"AvD Oldtimer-Grand-Prix\" class=\"wp-image-4981\" srcset=\"https:\/\/www.enzo-und-ferdinand.de\/wp-content\/uploads\/2019\/08\/DSC_3995-810x540.jpg 810w, https:\/\/www.enzo-und-ferdinand.de\/wp-content\/uploads\/2019\/08\/DSC_3995-300x200.jpg 300w, https:\/\/www.enzo-und-ferdinand.de\/wp-content\/uploads\/2019\/08\/DSC_3995-768x512.jpg 768w, https:\/\/www.enzo-und-ferdinand.de\/wp-content\/uploads\/2019\/08\/DSC_3995-120x80.jpg 120w, https:\/\/www.enzo-und-ferdinand.de\/wp-content\/uploads\/2019\/08\/DSC_3995.jpg 1024w\" sizes=\"auto, (max-width: 810px) 100vw, 810px\" \/><\/figure>\n\n\n\n<figure class=\"wp-block-image\"><img loading=\"lazy\" decoding=\"async\" width=\"810\" height=\"540\" data-id=\"4982\" src=\"https:\/\/www.enzo-und-ferdinand.de\/wp-content\/uploads\/2019\/08\/DSC_4172-810x540.jpg\" alt=\"AvD Oldtimer-Grand-Prix\" class=\"wp-image-4982\" srcset=\"https:\/\/www.enzo-und-ferdinand.de\/wp-content\/uploads\/2019\/08\/DSC_4172-810x540.jpg 810w, https:\/\/www.enzo-und-ferdinand.de\/wp-content\/uploads\/2019\/08\/DSC_4172-300x200.jpg 300w, https:\/\/www.enzo-und-ferdinand.de\/wp-content\/uploads\/2019\/08\/DSC_4172-768x512.jpg 768w, https:\/\/www.enzo-und-ferdinand.de\/wp-content\/uploads\/2019\/08\/DSC_4172-120x80.jpg 120w, https:\/\/www.enzo-und-ferdinand.de\/wp-content\/uploads\/2019\/08\/DSC_4172.jpg 1024w\" sizes=\"auto, (max-width: 810px) 100vw, 810px\" \/><\/figure>\n\n\n\n<figure class=\"wp-block-image\"><img loading=\"lazy\" decoding=\"async\" width=\"810\" height=\"540\" data-id=\"4983\" src=\"https:\/\/www.enzo-und-ferdinand.de\/wp-content\/uploads\/2019\/08\/DSC_3912-810x540.jpg\" alt=\"AvD Oldtimer-Grand-Prix\" class=\"wp-image-4983\" srcset=\"https:\/\/www.enzo-und-ferdinand.de\/wp-content\/uploads\/2019\/08\/DSC_3912-810x540.jpg 810w, https:\/\/www.enzo-und-ferdinand.de\/wp-content\/uploads\/2019\/08\/DSC_3912-300x200.jpg 300w, https:\/\/www.enzo-und-ferdinand.de\/wp-content\/uploads\/2019\/08\/DSC_3912-768x512.jpg 768w, https:\/\/www.enzo-und-ferdinand.de\/wp-content\/uploads\/2019\/08\/DSC_3912-120x80.jpg 120w, https:\/\/www.enzo-und-ferdinand.de\/wp-content\/uploads\/2019\/08\/DSC_3912.jpg 1024w\" sizes=\"auto, (max-width: 810px) 100vw, 810px\" \/><\/figure>\n\n\n\n<figure class=\"wp-block-image\"><img loading=\"lazy\" decoding=\"async\" width=\"810\" height=\"540\" data-id=\"4985\" src=\"https:\/\/www.enzo-und-ferdinand.de\/wp-content\/uploads\/2019\/08\/DSC_3943-810x540.jpg\" alt=\"AvD Oldtimer-Grand-Prix\" class=\"wp-image-4985\" srcset=\"https:\/\/www.enzo-und-ferdinand.de\/wp-content\/uploads\/2019\/08\/DSC_3943-810x540.jpg 810w, https:\/\/www.enzo-und-ferdinand.de\/wp-content\/uploads\/2019\/08\/DSC_3943-300x200.jpg 300w, https:\/\/www.enzo-und-ferdinand.de\/wp-content\/uploads\/2019\/08\/DSC_3943-768x512.jpg 768w, https:\/\/www.enzo-und-ferdinand.de\/wp-content\/uploads\/2019\/08\/DSC_3943-120x80.jpg 120w, https:\/\/www.enzo-und-ferdinand.de\/wp-content\/uploads\/2019\/08\/DSC_3943.jpg 1024w\" sizes=\"auto, (max-width: 810px) 100vw, 810px\" \/><\/figure>\n\n\n\n<figure class=\"wp-block-image\"><img loading=\"lazy\" decoding=\"async\" width=\"810\" height=\"540\" data-id=\"4986\" src=\"https:\/\/www.enzo-und-ferdinand.de\/wp-content\/uploads\/2019\/08\/DSC_3996-810x540.jpg\" alt=\"AvD Oldtimer-Grand-Prix\" class=\"wp-image-4986\" srcset=\"https:\/\/www.enzo-und-ferdinand.de\/wp-content\/uploads\/2019\/08\/DSC_3996-810x540.jpg 810w, https:\/\/www.enzo-und-ferdinand.de\/wp-content\/uploads\/2019\/08\/DSC_3996-300x200.jpg 300w, https:\/\/www.enzo-und-ferdinand.de\/wp-content\/uploads\/2019\/08\/DSC_3996-768x512.jpg 768w, https:\/\/www.enzo-und-ferdinand.de\/wp-content\/uploads\/2019\/08\/DSC_3996-120x80.jpg 120w, https:\/\/www.enzo-und-ferdinand.de\/wp-content\/uploads\/2019\/08\/DSC_3996.jpg 1024w\" sizes=\"auto, (max-width: 810px) 100vw, 810px\" \/><\/figure>\n\n\n\n<figure class=\"wp-block-image\"><img loading=\"lazy\" decoding=\"async\" width=\"810\" height=\"540\" data-id=\"4987\" src=\"https:\/\/www.enzo-und-ferdinand.de\/wp-content\/uploads\/2019\/08\/DSC_4077-810x540.jpg\" alt=\"AvD Oldtimer-Grand-Prix\" class=\"wp-image-4987\" srcset=\"https:\/\/www.enzo-und-ferdinand.de\/wp-content\/uploads\/2019\/08\/DSC_4077-810x540.jpg 810w, https:\/\/www.enzo-und-ferdinand.de\/wp-content\/uploads\/2019\/08\/DSC_4077-300x200.jpg 300w, https:\/\/www.enzo-und-ferdinand.de\/wp-content\/uploads\/2019\/08\/DSC_4077-768x512.jpg 768w, https:\/\/www.enzo-und-ferdinand.de\/wp-content\/uploads\/2019\/08\/DSC_4077-120x80.jpg 120w, https:\/\/www.enzo-und-ferdinand.de\/wp-content\/uploads\/2019\/08\/DSC_4077.jpg 1024w\" sizes=\"auto, (max-width: 810px) 100vw, 810px\" \/><\/figure>\n\n\n\n<figure class=\"wp-block-image\"><img loading=\"lazy\" decoding=\"async\" width=\"810\" height=\"540\" data-id=\"4988\" src=\"https:\/\/www.enzo-und-ferdinand.de\/wp-content\/uploads\/2019\/08\/DSC_4066-810x540.jpg\" alt=\"AvD Oldtimer-Grand-Prix\" class=\"wp-image-4988\" srcset=\"https:\/\/www.enzo-und-ferdinand.de\/wp-content\/uploads\/2019\/08\/DSC_4066-810x540.jpg 810w, https:\/\/www.enzo-und-ferdinand.de\/wp-content\/uploads\/2019\/08\/DSC_4066-300x200.jpg 300w, https:\/\/www.enzo-und-ferdinand.de\/wp-content\/uploads\/2019\/08\/DSC_4066-768x512.jpg 768w, https:\/\/www.enzo-und-ferdinand.de\/wp-content\/uploads\/2019\/08\/DSC_4066-120x80.jpg 120w, https:\/\/www.enzo-und-ferdinand.de\/wp-content\/uploads\/2019\/08\/DSC_4066.jpg 1024w\" sizes=\"auto, (max-width: 810px) 100vw, 810px\" \/><\/figure>\n\n\n\n<figure class=\"wp-block-image\"><img loading=\"lazy\" decoding=\"async\" width=\"810\" height=\"540\" data-id=\"4989\" src=\"https:\/\/www.enzo-und-ferdinand.de\/wp-content\/uploads\/2019\/08\/DSC_4194-810x540.jpg\" alt=\"AvD Oldtimer-Grand-Prix\" class=\"wp-image-4989\" srcset=\"https:\/\/www.enzo-und-ferdinand.de\/wp-content\/uploads\/2019\/08\/DSC_4194-810x540.jpg 810w, https:\/\/www.enzo-und-ferdinand.de\/wp-content\/uploads\/2019\/08\/DSC_4194-300x200.jpg 300w, https:\/\/www.enzo-und-ferdinand.de\/wp-content\/uploads\/2019\/08\/DSC_4194-768x512.jpg 768w, https:\/\/www.enzo-und-ferdinand.de\/wp-content\/uploads\/2019\/08\/DSC_4194-120x80.jpg 120w, https:\/\/www.enzo-und-ferdinand.de\/wp-content\/uploads\/2019\/08\/DSC_4194.jpg 1024w\" sizes=\"auto, (max-width: 810px) 100vw, 810px\" \/><\/figure>\n\n\n\n<figure class=\"wp-block-image\"><img loading=\"lazy\" decoding=\"async\" width=\"810\" height=\"540\" data-id=\"4990\" src=\"https:\/\/www.enzo-und-ferdinand.de\/wp-content\/uploads\/2019\/08\/DSC_4197-810x540.jpg\" alt=\"AvD Oldtimer-Grand-Prix\" class=\"wp-image-4990\" srcset=\"https:\/\/www.enzo-und-ferdinand.de\/wp-content\/uploads\/2019\/08\/DSC_4197-810x540.jpg 810w, https:\/\/www.enzo-und-ferdinand.de\/wp-content\/uploads\/2019\/08\/DSC_4197-300x200.jpg 300w, https:\/\/www.enzo-und-ferdinand.de\/wp-content\/uploads\/2019\/08\/DSC_4197-768x512.jpg 768w, https:\/\/www.enzo-und-ferdinand.de\/wp-content\/uploads\/2019\/08\/DSC_4197-120x80.jpg 120w, https:\/\/www.enzo-und-ferdinand.de\/wp-content\/uploads\/2019\/08\/DSC_4197.jpg 1024w\" sizes=\"auto, (max-width: 810px) 100vw, 810px\" \/><\/figure>\n\n\n\n<figure class=\"wp-block-image\"><img loading=\"lazy\" decoding=\"async\" width=\"810\" height=\"540\" data-id=\"4992\" src=\"https:\/\/www.enzo-und-ferdinand.de\/wp-content\/uploads\/2019\/08\/DSC_3993-810x540.jpg\" alt=\"AvD Oldtimer-Grand-Prix\" class=\"wp-image-4992\" srcset=\"https:\/\/www.enzo-und-ferdinand.de\/wp-content\/uploads\/2019\/08\/DSC_3993-810x540.jpg 810w, https:\/\/www.enzo-und-ferdinand.de\/wp-content\/uploads\/2019\/08\/DSC_3993-300x200.jpg 300w, https:\/\/www.enzo-und-ferdinand.de\/wp-content\/uploads\/2019\/08\/DSC_3993-768x512.jpg 768w, https:\/\/www.enzo-und-ferdinand.de\/wp-content\/uploads\/2019\/08\/DSC_3993-120x80.jpg 120w, https:\/\/www.enzo-und-ferdinand.de\/wp-content\/uploads\/2019\/08\/DSC_3993.jpg 1024w\" sizes=\"auto, (max-width: 810px) 100vw, 810px\" \/><\/figure>\n\n\n\n<figure class=\"wp-block-image\"><img loading=\"lazy\" decoding=\"async\" width=\"810\" height=\"540\" data-id=\"4993\" src=\"https:\/\/www.enzo-und-ferdinand.de\/wp-content\/uploads\/2019\/08\/DSC_3848-810x540.jpg\" alt=\"AvD Oldtimer-Grand-Prix\" class=\"wp-image-4993\" srcset=\"https:\/\/www.enzo-und-ferdinand.de\/wp-content\/uploads\/2019\/08\/DSC_3848-810x540.jpg 810w, https:\/\/www.enzo-und-ferdinand.de\/wp-content\/uploads\/2019\/08\/DSC_3848-300x200.jpg 300w, https:\/\/www.enzo-und-ferdinand.de\/wp-content\/uploads\/2019\/08\/DSC_3848-768x512.jpg 768w, https:\/\/www.enzo-und-ferdinand.de\/wp-content\/uploads\/2019\/08\/DSC_3848-120x80.jpg 120w, https:\/\/www.enzo-und-ferdinand.de\/wp-content\/uploads\/2019\/08\/DSC_3848.jpg 1024w\" sizes=\"auto, (max-width: 810px) 100vw, 810px\" \/><\/figure>\n\n\n\n<figure class=\"wp-block-image\"><img loading=\"lazy\" decoding=\"async\" width=\"810\" height=\"540\" data-id=\"4994\" src=\"https:\/\/www.enzo-und-ferdinand.de\/wp-content\/uploads\/2019\/08\/DSC_3989-810x540.jpg\" alt=\"AvD Oldtimer-Grand-Prix\" class=\"wp-image-4994\" srcset=\"https:\/\/www.enzo-und-ferdinand.de\/wp-content\/uploads\/2019\/08\/DSC_3989-810x540.jpg 810w, https:\/\/www.enzo-und-ferdinand.de\/wp-content\/uploads\/2019\/08\/DSC_3989-300x200.jpg 300w, https:\/\/www.enzo-und-ferdinand.de\/wp-content\/uploads\/2019\/08\/DSC_3989-768x512.jpg 768w, https:\/\/www.enzo-und-ferdinand.de\/wp-content\/uploads\/2019\/08\/DSC_3989-120x80.jpg 120w, https:\/\/www.enzo-und-ferdinand.de\/wp-content\/uploads\/2019\/08\/DSC_3989.jpg 1024w\" sizes=\"auto, (max-width: 810px) 100vw, 810px\" \/><\/figure>\n\n\n\n<figure class=\"wp-block-image\"><img loading=\"lazy\" decoding=\"async\" width=\"810\" height=\"540\" data-id=\"4995\" src=\"https:\/\/www.enzo-und-ferdinand.de\/wp-content\/uploads\/2019\/08\/DSC_3912-1-810x540.jpg\" alt=\"AvD Oldtimer-Grand-Prix\" class=\"wp-image-4995\" srcset=\"https:\/\/www.enzo-und-ferdinand.de\/wp-content\/uploads\/2019\/08\/DSC_3912-1-810x540.jpg 810w, https:\/\/www.enzo-und-ferdinand.de\/wp-content\/uploads\/2019\/08\/DSC_3912-1-300x200.jpg 300w, https:\/\/www.enzo-und-ferdinand.de\/wp-content\/uploads\/2019\/08\/DSC_3912-1-768x512.jpg 768w, https:\/\/www.enzo-und-ferdinand.de\/wp-content\/uploads\/2019\/08\/DSC_3912-1-120x80.jpg 120w, https:\/\/www.enzo-und-ferdinand.de\/wp-content\/uploads\/2019\/08\/DSC_3912-1.jpg 1024w\" sizes=\"auto, (max-width: 810px) 100vw, 810px\" \/><\/figure>\n<\/figure>\n\n\n\n<p class=\"has-text-align-right has-small-font-size wp-block-paragraph\">Video\/Fotos\/Text: Rainer Ro\u00dfbach<\/p>\n","protected":false},"excerpt":{"rendered":"<p>Vom 9. bis zum 11. August fand der traditionsreiche AvD-Oldtimer-Grand-Prix auf dem N\u00fcrburgring statt. Drei Tage lang zelebrierte der feine Frankfurter Club das Auto und besonders auf der Traditionsrennstrecke in der Eifel den Rennsport. Zu den Neuerungen im Programm geh\u00f6rte ein \u00fcberarbeitetes Konzept der Rennen zum Revival der Deutschen Rennsport-Meisterschaft. Dieses Jahr kamen zu diesem popul\u00e4ren Wettbewerb neue Starter hinzu, die bislang um die FHR 100-Meilen-Trophy fuhren, welche f\u00fcr GT, Tourenwagen und zweisitzige Rennsportwagen der Jahre 1972 bis 1981 nach FIA-Anhang K ausgeschrieben war. Zudem waren erstmals auch die CanAm-Fahrzeuge am Start, die auch in der FHR-Serie fahren und die<\/p>\n","protected":false},"author":1,"featured_media":4964,"comment_status":"closed","ping_status":"closed","sticky":false,"template":"","format":"standard","meta":{"_crdt_document":"","ngg_post_thumbnail":0,"footnotes":""},"categories":[14,5,29],"tags":[],"class_list":["post-4961","post","type-post","status-publish","format-standard","has-post-thumbnail","hentry","category-events","category-rennsport","category-video"],"yoast_head":"<!-- This site is optimized with the Yoast SEO plugin v27.4 - https:\/\/yoast.com\/product\/yoast-seo-wordpress\/ -->\n<title>47. AvD Oldtimer-Grand-Prix<\/title>\n<meta name=\"description\" content=\"AvD Oldtimer-Grand-Prix\" \/>\n<meta name=\"robots\" content=\"index, follow, max-snippet:-1, max-image-preview:large, max-video-preview:-1\" \/>\n<link rel=\"canonical\" href=\"https:\/\/www.enzo-und-ferdinand.de\/index.php\/2019\/08\/12\/47-avd-oldtimer-grand-prix\/\" \/>\n<meta property=\"og:locale\" content=\"de_DE\" \/>\n<meta property=\"og:type\" content=\"article\" \/>\n<meta property=\"og:title\" content=\"47. AvD Oldtimer-Grand-Prix\" \/>\n<meta property=\"og:description\" content=\"AvD Oldtimer-Grand-Prix\" \/>\n<meta property=\"og:url\" content=\"https:\/\/www.enzo-und-ferdinand.de\/index.php\/2019\/08\/12\/47-avd-oldtimer-grand-prix\/\" \/>\n<meta property=\"og:site_name\" content=\"enzo &amp; Ferdinand\" \/>\n<meta property=\"article:published_time\" content=\"2019-08-12T06:32:09+00:00\" \/>\n<meta property=\"article:modified_time\" content=\"2025-12-28T10:51:09+00:00\" \/>\n<meta property=\"og:image\" content=\"https:\/\/www.enzo-und-ferdinand.de\/wp-content\/uploads\/2019\/08\/DSC_3831.jpg\" \/>\n\t<meta property=\"og:image:width\" content=\"1024\" \/>\n\t<meta property=\"og:image:height\" content=\"683\" \/>\n\t<meta property=\"og:image:type\" content=\"image\/jpeg\" \/>\n<meta name=\"author\" content=\"Rainer Ro\u00dfbach\" \/>\n<meta name=\"twitter:card\" content=\"summary_large_image\" \/>\n<meta name=\"twitter:label1\" content=\"Verfasst von\" \/>\n\t<meta name=\"twitter:data1\" content=\"Rainer Ro\u00dfbach\" \/>\n\t<meta name=\"twitter:label2\" content=\"Gesch\u00e4tzte Lesezeit\" \/>\n\t<meta name=\"twitter:data2\" content=\"8\u00a0Minuten\" \/>\n<script type=\"application\/ld+json\" class=\"yoast-schema-graph\">{\"@context\":\"https:\\\/\\\/schema.org\",\"@graph\":[{\"@type\":\"Article\",\"@id\":\"https:\\\/\\\/www.enzo-und-ferdinand.de\\\/index.php\\\/2019\\\/08\\\/12\\\/47-avd-oldtimer-grand-prix\\\/#article\",\"isPartOf\":{\"@id\":\"https:\\\/\\\/www.enzo-und-ferdinand.de\\\/index.php\\\/2019\\\/08\\\/12\\\/47-avd-oldtimer-grand-prix\\\/\"},\"author\":{\"name\":\"Rainer Ro\u00dfbach\",\"@id\":\"https:\\\/\\\/www.enzo-und-ferdinand.de\\\/#\\\/schema\\\/person\\\/aff2eb9ff87705987c1b9d21fe10b095\"},\"headline\":\"47. AvD Oldtimer-Grand-Prix\",\"datePublished\":\"2019-08-12T06:32:09+00:00\",\"dateModified\":\"2025-12-28T10:51:09+00:00\",\"mainEntityOfPage\":{\"@id\":\"https:\\\/\\\/www.enzo-und-ferdinand.de\\\/index.php\\\/2019\\\/08\\\/12\\\/47-avd-oldtimer-grand-prix\\\/\"},\"wordCount\":365,\"publisher\":{\"@id\":\"https:\\\/\\\/www.enzo-und-ferdinand.de\\\/#organization\"},\"image\":{\"@id\":\"https:\\\/\\\/www.enzo-und-ferdinand.de\\\/index.php\\\/2019\\\/08\\\/12\\\/47-avd-oldtimer-grand-prix\\\/#primaryimage\"},\"thumbnailUrl\":\"https:\\\/\\\/www.enzo-und-ferdinand.de\\\/wp-content\\\/uploads\\\/2019\\\/08\\\/DSC_3831.jpg\",\"articleSection\":[\"Events\",\"Rennsport\",\"Video\"],\"inLanguage\":\"de\"},{\"@type\":\"WebPage\",\"@id\":\"https:\\\/\\\/www.enzo-und-ferdinand.de\\\/index.php\\\/2019\\\/08\\\/12\\\/47-avd-oldtimer-grand-prix\\\/\",\"url\":\"https:\\\/\\\/www.enzo-und-ferdinand.de\\\/index.php\\\/2019\\\/08\\\/12\\\/47-avd-oldtimer-grand-prix\\\/\",\"name\":\"47. AvD Oldtimer-Grand-Prix\",\"isPartOf\":{\"@id\":\"https:\\\/\\\/www.enzo-und-ferdinand.de\\\/#website\"},\"primaryImageOfPage\":{\"@id\":\"https:\\\/\\\/www.enzo-und-ferdinand.de\\\/index.php\\\/2019\\\/08\\\/12\\\/47-avd-oldtimer-grand-prix\\\/#primaryimage\"},\"image\":{\"@id\":\"https:\\\/\\\/www.enzo-und-ferdinand.de\\\/index.php\\\/2019\\\/08\\\/12\\\/47-avd-oldtimer-grand-prix\\\/#primaryimage\"},\"thumbnailUrl\":\"https:\\\/\\\/www.enzo-und-ferdinand.de\\\/wp-content\\\/uploads\\\/2019\\\/08\\\/DSC_3831.jpg\",\"datePublished\":\"2019-08-12T06:32:09+00:00\",\"dateModified\":\"2025-12-28T10:51:09+00:00\",\"description\":\"AvD Oldtimer-Grand-Prix\",\"breadcrumb\":{\"@id\":\"https:\\\/\\\/www.enzo-und-ferdinand.de\\\/index.php\\\/2019\\\/08\\\/12\\\/47-avd-oldtimer-grand-prix\\\/#breadcrumb\"},\"inLanguage\":\"de\",\"potentialAction\":[{\"@type\":\"ReadAction\",\"target\":[\"https:\\\/\\\/www.enzo-und-ferdinand.de\\\/index.php\\\/2019\\\/08\\\/12\\\/47-avd-oldtimer-grand-prix\\\/\"]}]},{\"@type\":\"ImageObject\",\"inLanguage\":\"de\",\"@id\":\"https:\\\/\\\/www.enzo-und-ferdinand.de\\\/index.php\\\/2019\\\/08\\\/12\\\/47-avd-oldtimer-grand-prix\\\/#primaryimage\",\"url\":\"https:\\\/\\\/www.enzo-und-ferdinand.de\\\/wp-content\\\/uploads\\\/2019\\\/08\\\/DSC_3831.jpg\",\"contentUrl\":\"https:\\\/\\\/www.enzo-und-ferdinand.de\\\/wp-content\\\/uploads\\\/2019\\\/08\\\/DSC_3831.jpg\",\"width\":1024,\"height\":683,\"caption\":\"AvD Oldtimer-Grand-Prix\"},{\"@type\":\"BreadcrumbList\",\"@id\":\"https:\\\/\\\/www.enzo-und-ferdinand.de\\\/index.php\\\/2019\\\/08\\\/12\\\/47-avd-oldtimer-grand-prix\\\/#breadcrumb\",\"itemListElement\":[{\"@type\":\"ListItem\",\"position\":1,\"name\":\"Startseite\",\"item\":\"https:\\\/\\\/www.enzo-und-ferdinand.de\\\/\"},{\"@type\":\"ListItem\",\"position\":2,\"name\":\"47. AvD Oldtimer-Grand-Prix\"}]},{\"@type\":\"WebSite\",\"@id\":\"https:\\\/\\\/www.enzo-und-ferdinand.de\\\/#website\",\"url\":\"https:\\\/\\\/www.enzo-und-ferdinand.de\\\/\",\"name\":\"enzo & Ferdinand\",\"description\":\"\",\"publisher\":{\"@id\":\"https:\\\/\\\/www.enzo-und-ferdinand.de\\\/#organization\"},\"potentialAction\":[{\"@type\":\"SearchAction\",\"target\":{\"@type\":\"EntryPoint\",\"urlTemplate\":\"https:\\\/\\\/www.enzo-und-ferdinand.de\\\/?s={search_term_string}\"},\"query-input\":{\"@type\":\"PropertyValueSpecification\",\"valueRequired\":true,\"valueName\":\"search_term_string\"}}],\"inLanguage\":\"de\"},{\"@type\":\"Organization\",\"@id\":\"https:\\\/\\\/www.enzo-und-ferdinand.de\\\/#organization\",\"name\":\"enzo & Ferdinand\",\"url\":\"https:\\\/\\\/www.enzo-und-ferdinand.de\\\/\",\"logo\":{\"@type\":\"ImageObject\",\"inLanguage\":\"de\",\"@id\":\"https:\\\/\\\/www.enzo-und-ferdinand.de\\\/#\\\/schema\\\/logo\\\/image\\\/\",\"url\":\"https:\\\/\\\/www.enzo-und-ferdinand.de\\\/wp-content\\\/uploads\\\/2018\\\/12\\\/revvvs-icon.png\",\"contentUrl\":\"https:\\\/\\\/www.enzo-und-ferdinand.de\\\/wp-content\\\/uploads\\\/2018\\\/12\\\/revvvs-icon.png\",\"width\":512,\"height\":512,\"caption\":\"enzo & Ferdinand\"},\"image\":{\"@id\":\"https:\\\/\\\/www.enzo-und-ferdinand.de\\\/#\\\/schema\\\/logo\\\/image\\\/\"}},{\"@type\":\"Person\",\"@id\":\"https:\\\/\\\/www.enzo-und-ferdinand.de\\\/#\\\/schema\\\/person\\\/aff2eb9ff87705987c1b9d21fe10b095\",\"name\":\"Rainer Ro\u00dfbach\",\"image\":{\"@type\":\"ImageObject\",\"inLanguage\":\"de\",\"@id\":\"https:\\\/\\\/www.enzo-und-ferdinand.de\\\/wp-content\\\/uploads\\\/2026\\\/01\\\/Rainer-Rossbach-150x150.jpg\",\"url\":\"https:\\\/\\\/www.enzo-und-ferdinand.de\\\/wp-content\\\/uploads\\\/2026\\\/01\\\/Rainer-Rossbach-150x150.jpg\",\"contentUrl\":\"https:\\\/\\\/www.enzo-und-ferdinand.de\\\/wp-content\\\/uploads\\\/2026\\\/01\\\/Rainer-Rossbach-150x150.jpg\",\"caption\":\"Rainer Ro\u00dfbach\"},\"url\":\"https:\\\/\\\/www.enzo-und-ferdinand.de\\\/index.php\\\/author\\\/redaktion\\\/\"}]}<\/script>\n<!-- \/ Yoast SEO plugin. -->","yoast_head_json":{"title":"47. AvD Oldtimer-Grand-Prix","description":"AvD Oldtimer-Grand-Prix","robots":{"index":"index","follow":"follow","max-snippet":"max-snippet:-1","max-image-preview":"max-image-preview:large","max-video-preview":"max-video-preview:-1"},"canonical":"https:\/\/www.enzo-und-ferdinand.de\/index.php\/2019\/08\/12\/47-avd-oldtimer-grand-prix\/","og_locale":"de_DE","og_type":"article","og_title":"47. AvD Oldtimer-Grand-Prix","og_description":"AvD Oldtimer-Grand-Prix","og_url":"https:\/\/www.enzo-und-ferdinand.de\/index.php\/2019\/08\/12\/47-avd-oldtimer-grand-prix\/","og_site_name":"enzo &amp; Ferdinand","article_published_time":"2019-08-12T06:32:09+00:00","article_modified_time":"2025-12-28T10:51:09+00:00","og_image":[{"width":1024,"height":683,"url":"https:\/\/www.enzo-und-ferdinand.de\/wp-content\/uploads\/2019\/08\/DSC_3831.jpg","type":"image\/jpeg"}],"author":"Rainer Ro\u00dfbach","twitter_card":"summary_large_image","twitter_misc":{"Verfasst von":"Rainer Ro\u00dfbach","Gesch\u00e4tzte Lesezeit":"8\u00a0Minuten"},"schema":{"@context":"https:\/\/schema.org","@graph":[{"@type":"Article","@id":"https:\/\/www.enzo-und-ferdinand.de\/index.php\/2019\/08\/12\/47-avd-oldtimer-grand-prix\/#article","isPartOf":{"@id":"https:\/\/www.enzo-und-ferdinand.de\/index.php\/2019\/08\/12\/47-avd-oldtimer-grand-prix\/"},"author":{"name":"Rainer Ro\u00dfbach","@id":"https:\/\/www.enzo-und-ferdinand.de\/#\/schema\/person\/aff2eb9ff87705987c1b9d21fe10b095"},"headline":"47. AvD Oldtimer-Grand-Prix","datePublished":"2019-08-12T06:32:09+00:00","dateModified":"2025-12-28T10:51:09+00:00","mainEntityOfPage":{"@id":"https:\/\/www.enzo-und-ferdinand.de\/index.php\/2019\/08\/12\/47-avd-oldtimer-grand-prix\/"},"wordCount":365,"publisher":{"@id":"https:\/\/www.enzo-und-ferdinand.de\/#organization"},"image":{"@id":"https:\/\/www.enzo-und-ferdinand.de\/index.php\/2019\/08\/12\/47-avd-oldtimer-grand-prix\/#primaryimage"},"thumbnailUrl":"https:\/\/www.enzo-und-ferdinand.de\/wp-content\/uploads\/2019\/08\/DSC_3831.jpg","articleSection":["Events","Rennsport","Video"],"inLanguage":"de"},{"@type":"WebPage","@id":"https:\/\/www.enzo-und-ferdinand.de\/index.php\/2019\/08\/12\/47-avd-oldtimer-grand-prix\/","url":"https:\/\/www.enzo-und-ferdinand.de\/index.php\/2019\/08\/12\/47-avd-oldtimer-grand-prix\/","name":"47. AvD Oldtimer-Grand-Prix","isPartOf":{"@id":"https:\/\/www.enzo-und-ferdinand.de\/#website"},"primaryImageOfPage":{"@id":"https:\/\/www.enzo-und-ferdinand.de\/index.php\/2019\/08\/12\/47-avd-oldtimer-grand-prix\/#primaryimage"},"image":{"@id":"https:\/\/www.enzo-und-ferdinand.de\/index.php\/2019\/08\/12\/47-avd-oldtimer-grand-prix\/#primaryimage"},"thumbnailUrl":"https:\/\/www.enzo-und-ferdinand.de\/wp-content\/uploads\/2019\/08\/DSC_3831.jpg","datePublished":"2019-08-12T06:32:09+00:00","dateModified":"2025-12-28T10:51:09+00:00","description":"AvD Oldtimer-Grand-Prix","breadcrumb":{"@id":"https:\/\/www.enzo-und-ferdinand.de\/index.php\/2019\/08\/12\/47-avd-oldtimer-grand-prix\/#breadcrumb"},"inLanguage":"de","potentialAction":[{"@type":"ReadAction","target":["https:\/\/www.enzo-und-ferdinand.de\/index.php\/2019\/08\/12\/47-avd-oldtimer-grand-prix\/"]}]},{"@type":"ImageObject","inLanguage":"de","@id":"https:\/\/www.enzo-und-ferdinand.de\/index.php\/2019\/08\/12\/47-avd-oldtimer-grand-prix\/#primaryimage","url":"https:\/\/www.enzo-und-ferdinand.de\/wp-content\/uploads\/2019\/08\/DSC_3831.jpg","contentUrl":"https:\/\/www.enzo-und-ferdinand.de\/wp-content\/uploads\/2019\/08\/DSC_3831.jpg","width":1024,"height":683,"caption":"AvD Oldtimer-Grand-Prix"},{"@type":"BreadcrumbList","@id":"https:\/\/www.enzo-und-ferdinand.de\/index.php\/2019\/08\/12\/47-avd-oldtimer-grand-prix\/#breadcrumb","itemListElement":[{"@type":"ListItem","position":1,"name":"Startseite","item":"https:\/\/www.enzo-und-ferdinand.de\/"},{"@type":"ListItem","position":2,"name":"47. AvD Oldtimer-Grand-Prix"}]},{"@type":"WebSite","@id":"https:\/\/www.enzo-und-ferdinand.de\/#website","url":"https:\/\/www.enzo-und-ferdinand.de\/","name":"enzo & Ferdinand","description":"","publisher":{"@id":"https:\/\/www.enzo-und-ferdinand.de\/#organization"},"potentialAction":[{"@type":"SearchAction","target":{"@type":"EntryPoint","urlTemplate":"https:\/\/www.enzo-und-ferdinand.de\/?s={search_term_string}"},"query-input":{"@type":"PropertyValueSpecification","valueRequired":true,"valueName":"search_term_string"}}],"inLanguage":"de"},{"@type":"Organization","@id":"https:\/\/www.enzo-und-ferdinand.de\/#organization","name":"enzo & Ferdinand","url":"https:\/\/www.enzo-und-ferdinand.de\/","logo":{"@type":"ImageObject","inLanguage":"de","@id":"https:\/\/www.enzo-und-ferdinand.de\/#\/schema\/logo\/image\/","url":"https:\/\/www.enzo-und-ferdinand.de\/wp-content\/uploads\/2018\/12\/revvvs-icon.png","contentUrl":"https:\/\/www.enzo-und-ferdinand.de\/wp-content\/uploads\/2018\/12\/revvvs-icon.png","width":512,"height":512,"caption":"enzo & Ferdinand"},"image":{"@id":"https:\/\/www.enzo-und-ferdinand.de\/#\/schema\/logo\/image\/"}},{"@type":"Person","@id":"https:\/\/www.enzo-und-ferdinand.de\/#\/schema\/person\/aff2eb9ff87705987c1b9d21fe10b095","name":"Rainer Ro\u00dfbach","image":{"@type":"ImageObject","inLanguage":"de","@id":"https:\/\/www.enzo-und-ferdinand.de\/wp-content\/uploads\/2026\/01\/Rainer-Rossbach-150x150.jpg","url":"https:\/\/www.enzo-und-ferdinand.de\/wp-content\/uploads\/2026\/01\/Rainer-Rossbach-150x150.jpg","contentUrl":"https:\/\/www.enzo-und-ferdinand.de\/wp-content\/uploads\/2026\/01\/Rainer-Rossbach-150x150.jpg","caption":"Rainer Ro\u00dfbach"},"url":"https:\/\/www.enzo-und-ferdinand.de\/index.php\/author\/redaktion\/"}]}},"_links":{"self":[{"href":"https:\/\/www.enzo-und-ferdinand.de\/index.php\/wp-json\/wp\/v2\/posts\/4961","targetHints":{"allow":["GET"]}}],"collection":[{"href":"https:\/\/www.enzo-und-ferdinand.de\/index.php\/wp-json\/wp\/v2\/posts"}],"about":[{"href":"https:\/\/www.enzo-und-ferdinand.de\/index.php\/wp-json\/wp\/v2\/types\/post"}],"author":[{"embeddable":true,"href":"https:\/\/www.enzo-und-ferdinand.de\/index.php\/wp-json\/wp\/v2\/users\/1"}],"replies":[{"embeddable":true,"href":"https:\/\/www.enzo-und-ferdinand.de\/index.php\/wp-json\/wp\/v2\/comments?post=4961"}],"version-history":[{"count":32,"href":"https:\/\/www.enzo-und-ferdinand.de\/index.php\/wp-json\/wp\/v2\/posts\/4961\/revisions"}],"predecessor-version":[{"id":21855,"href":"https:\/\/www.enzo-und-ferdinand.de\/index.php\/wp-json\/wp\/v2\/posts\/4961\/revisions\/21855"}],"wp:featuredmedia":[{"embeddable":true,"href":"https:\/\/www.enzo-und-ferdinand.de\/index.php\/wp-json\/wp\/v2\/media\/4964"}],"wp:attachment":[{"href":"https:\/\/www.enzo-und-ferdinand.de\/index.php\/wp-json\/wp\/v2\/media?parent=4961"}],"wp:term":[{"taxonomy":"category","embeddable":true,"href":"https:\/\/www.enzo-und-ferdinand.de\/index.php\/wp-json\/wp\/v2\/categories?post=4961"},{"taxonomy":"post_tag","embeddable":true,"href":"https:\/\/www.enzo-und-ferdinand.de\/index.php\/wp-json\/wp\/v2\/tags?post=4961"}],"curies":[{"name":"wp","href":"https:\/\/api.w.org\/{rel}","templated":true}]}}