{"id":5042,"date":"2019-08-17T00:14:45","date_gmt":"2019-08-16T22:14:45","guid":{"rendered":"http:\/\/www.enzo-und-ferdinand.de\/?p=5042"},"modified":"2025-12-28T11:50:01","modified_gmt":"2025-12-28T10:50:01","slug":"bugatti-centodieci","status":"publish","type":"post","link":"https:\/\/www.enzo-und-ferdinand.de\/index.php\/2019\/08\/17\/bugatti-centodieci\/","title":{"rendered":"Bugatti \u201eCentodieci\u201c"},"content":{"rendered":"\n<figure class=\"wp-block-image\"><img loading=\"lazy\" decoding=\"async\" width=\"810\" height=\"540\" src=\"https:\/\/www.enzo-und-ferdinand.de\/wp-content\/uploads\/2019\/08\/02_cd_3i4-front-810x540.jpg\" alt=\"Bugatti Centodieci\" class=\"wp-image-5057\" srcset=\"https:\/\/www.enzo-und-ferdinand.de\/wp-content\/uploads\/2019\/08\/02_cd_3i4-front-810x540.jpg 810w, https:\/\/www.enzo-und-ferdinand.de\/wp-content\/uploads\/2019\/08\/02_cd_3i4-front-300x200.jpg 300w, https:\/\/www.enzo-und-ferdinand.de\/wp-content\/uploads\/2019\/08\/02_cd_3i4-front-768x512.jpg 768w, https:\/\/www.enzo-und-ferdinand.de\/wp-content\/uploads\/2019\/08\/02_cd_3i4-front-120x80.jpg 120w, https:\/\/www.enzo-und-ferdinand.de\/wp-content\/uploads\/2019\/08\/02_cd_3i4-front.jpg 1024w\" sizes=\"auto, (max-width: 810px) 100vw, 810px\" \/><\/figure>\n\n\n\n<p class=\"wp-block-paragraph\">Als Hommage an Romano Artioli, der ab dem 15. September 1990, dem 110ten Geburtstag Ettore Bugattis, mit dem EB 110 die Geschichte der franz\u00f6sischen Luxusmarke zu neuem Leben bringt, hat Bugatti eine exklusive Kleinserie aufgelegt, die Artiolis Sch\u00f6pfung feiert. Der Centodieci zitiert diesen Supersportwagen der 1990er-Jahre aus der Fabrik in Campogalliano, einer Ortschaft in der italienischen Emilia Romagna, in vielf\u00e4ltiger Weise. <\/p>\n\n\n\n<p class=\"wp-block-paragraph\">Der EB110 ist ein sehr flacher, keilf\u00f6rmiger Supersportwagen in der typischen Formensprache der sp\u00e4ten 1980er-Jahre. Dessen puristische Idee soll nun in das neue Jahrtausend transportiert werden, ohne sie zu kopieren. Eine besondere Herausforderung ist, die komplexen aerothermischen Anforderungen der Technik des immerhin 1600 PS starken Chiron mit der tradierten niedrigen Silhouette zu vereinen.<\/p>\n\n\n\n<p class=\"wp-block-paragraph\">So ist der typische hufeisenf\u00f6rmige K\u00fchler wie damals sehr flach. Ein neu entwickelter Frontspoiler, dreigeteilte Lufteinl\u00e4sse sowie besonders schmale Leuchteinheiten interpretieren die Idee des EB 110 in avantgardistische Weise. Die Seitenansicht greift gleichfalls Elemente des Vorg\u00e4ngers auf, wie etwa die f\u00fcnf runden Lufteinl\u00e4sse, die zur Versorgung des 16-Zylinders dienen. Aber statt die tradierten Formkanons italienischer Supersportwagen zu variieren, die sich durch ein muskul\u00f6ses Heck, dass sich nach vorne in einen tiefliegenden Bug verj\u00fcngt, definiert, entwickeltn Bugattis Designer eine kompaktere Form, deren Spannung sich durch ein komplexes Spiel von Grafik und Volumen von Greenhouse, Lufteinl\u00e4ssen sowie den  Radh\u00e4usern definiert.<\/p>\n\n\n\n<figure class=\"wp-block-image\"><img loading=\"lazy\" decoding=\"async\" width=\"810\" height=\"540\" src=\"https:\/\/www.enzo-und-ferdinand.de\/wp-content\/uploads\/2019\/08\/08_cd_elevated-3i4-rear-810x540.jpg\" alt=\"Bugatti Centodieci\" class=\"wp-image-5058\" srcset=\"https:\/\/www.enzo-und-ferdinand.de\/wp-content\/uploads\/2019\/08\/08_cd_elevated-3i4-rear-810x540.jpg 810w, https:\/\/www.enzo-und-ferdinand.de\/wp-content\/uploads\/2019\/08\/08_cd_elevated-3i4-rear-300x200.jpg 300w, https:\/\/www.enzo-und-ferdinand.de\/wp-content\/uploads\/2019\/08\/08_cd_elevated-3i4-rear-768x512.jpg 768w, https:\/\/www.enzo-und-ferdinand.de\/wp-content\/uploads\/2019\/08\/08_cd_elevated-3i4-rear-120x80.jpg 120w, https:\/\/www.enzo-und-ferdinand.de\/wp-content\/uploads\/2019\/08\/08_cd_elevated-3i4-rear.jpg 1024w\" sizes=\"auto, (max-width: 810px) 100vw, 810px\" \/><\/figure>\n\n\n\n<p class=\"wp-block-paragraph\">Anstelle des grafisch eher simpel gehaltenen Hecks des EB110 mit seinen ovalen R\u00fcckleuchten, variiert der Centodieci das Motiv des <a title=\"Bugatti Divo\" href=\"https:\/\/www.enzo-und-ferdinand.de\/index.php\/2019\/03\/25\/bugatti-divo\/\" target=\"_blank\" rel=\"noreferrer noopener\" aria-label=\"Divo (\u00f6ffnet in neuem Tab)\">Divo<\/a> mit einer breiten Luftaustritts\u00f6ffnung, acht R\u00fccklichtelementen, \u00fcbereinander platzierten Doppelauspuffendrohren und Diffusor in einer deutlich runderen Form. Dar\u00fcber spannt sich ein fest montierter Heckfl\u00fcgel, der durch eine aerodynamische ausgeformte Heckklappe sowie einer str\u00f6mungsoptimierten Heckscheibe unterst\u00fctzt wird.<\/p>\n\n\n\n<p class=\"wp-block-paragraph\">Statt eines V12 wie beim EB 110 treibt, typisch f\u00fcr die zeitgen\u00f6ssischen Bugatti, der bekannte Achtliter-W16-Motor mit jetzt 1.600 PS bei 7.000 U\/min den Centodieci an. Das leistungsgesteigerte Aggregat wird erg\u00e4nzend durch einen weiteren Lufteinlass im Bereich des \u00d6lk\u00fchlers gek\u00fchlt. Die Leistungsdaten sind auf einem Niveau, welches man von Molsheim erwartet: Der Spurt von Null auf 0 auf 100 Stundenkilometer ist theoretisch in 2,4 Sekunden m\u00f6glich, die 200-Kilometermarke wird in 6,1 Sekunden passiert und 300 km\/h liegen nach 13,1 Sekunden an. Der Vortrieb endet bei 380 km\/h.&nbsp;<\/p>\n\n\n\n<p class=\"wp-block-paragraph\">Zus\u00e4tzlich zum st\u00e4rkeren Motor tr\u00e4gt ein um 20 Kilogramm reduzierte Gewicht zur besseren Performance bei. So kommen etwa ein leichtere Scheibenwischer und Stabilisatoren aus Carbon zum Einsatz. Das Resultat ist ein hervorragendes Leistungsgewicht von nur 1,13 Kilogramm pro PS.&nbsp;<\/p>\n\n\n\n<p class=\"wp-block-paragraph\">Die Sonderedition ist auf zehn Fahrzeuge limitiert und wird in zwei Jahren ausgeliefert. Trotz eines St\u00fcckpreis von acht Millionen Euro plus Steuer sind alle Centrodieci bereits verkauft.<\/p>\n\n\n\n<figure class=\"wp-block-gallery has-nested-images columns-2 is-cropped wp-block-gallery-1 is-layout-flex wp-block-gallery-is-layout-flex\">\n<figure class=\"wp-block-image\"><img loading=\"lazy\" decoding=\"async\" width=\"810\" height=\"540\" data-id=\"5060\" src=\"https:\/\/www.enzo-und-ferdinand.de\/wp-content\/uploads\/2019\/08\/01_cd_top-810x540.jpg\" alt=\"Bugatti Centodieci\" class=\"wp-image-5060\" srcset=\"https:\/\/www.enzo-und-ferdinand.de\/wp-content\/uploads\/2019\/08\/01_cd_top-810x540.jpg 810w, https:\/\/www.enzo-und-ferdinand.de\/wp-content\/uploads\/2019\/08\/01_cd_top-300x200.jpg 300w, https:\/\/www.enzo-und-ferdinand.de\/wp-content\/uploads\/2019\/08\/01_cd_top-768x512.jpg 768w, https:\/\/www.enzo-und-ferdinand.de\/wp-content\/uploads\/2019\/08\/01_cd_top-120x80.jpg 120w, https:\/\/www.enzo-und-ferdinand.de\/wp-content\/uploads\/2019\/08\/01_cd_top.jpg 1024w\" sizes=\"auto, (max-width: 810px) 100vw, 810px\" \/><\/figure>\n\n\n\n<figure class=\"wp-block-image\"><img loading=\"lazy\" decoding=\"async\" width=\"810\" height=\"540\" data-id=\"5061\" src=\"https:\/\/www.enzo-und-ferdinand.de\/wp-content\/uploads\/2019\/08\/07_cd_elevated-3i4-front-810x540.jpg\" alt=\"Bugatti Centodieci\" class=\"wp-image-5061\" srcset=\"https:\/\/www.enzo-und-ferdinand.de\/wp-content\/uploads\/2019\/08\/07_cd_elevated-3i4-front-810x540.jpg 810w, https:\/\/www.enzo-und-ferdinand.de\/wp-content\/uploads\/2019\/08\/07_cd_elevated-3i4-front-300x200.jpg 300w, https:\/\/www.enzo-und-ferdinand.de\/wp-content\/uploads\/2019\/08\/07_cd_elevated-3i4-front-768x512.jpg 768w, https:\/\/www.enzo-und-ferdinand.de\/wp-content\/uploads\/2019\/08\/07_cd_elevated-3i4-front-120x80.jpg 120w, https:\/\/www.enzo-und-ferdinand.de\/wp-content\/uploads\/2019\/08\/07_cd_elevated-3i4-front.jpg 1024w\" sizes=\"auto, (max-width: 810px) 100vw, 810px\" \/><\/figure>\n\n\n\n<figure class=\"wp-block-image\"><img loading=\"lazy\" decoding=\"async\" width=\"810\" height=\"540\" data-id=\"5062\" src=\"https:\/\/www.enzo-und-ferdinand.de\/wp-content\/uploads\/2019\/08\/03_cd_side-810x540.jpg\" alt=\"Bugatti Centodieci\" class=\"wp-image-5062\" srcset=\"https:\/\/www.enzo-und-ferdinand.de\/wp-content\/uploads\/2019\/08\/03_cd_side-810x540.jpg 810w, https:\/\/www.enzo-und-ferdinand.de\/wp-content\/uploads\/2019\/08\/03_cd_side-300x200.jpg 300w, https:\/\/www.enzo-und-ferdinand.de\/wp-content\/uploads\/2019\/08\/03_cd_side-768x512.jpg 768w, https:\/\/www.enzo-und-ferdinand.de\/wp-content\/uploads\/2019\/08\/03_cd_side-120x80.jpg 120w, https:\/\/www.enzo-und-ferdinand.de\/wp-content\/uploads\/2019\/08\/03_cd_side.jpg 1024w\" sizes=\"auto, (max-width: 810px) 100vw, 810px\" \/><\/figure>\n<\/figure>\n\n\n\n<p class=\"has-text-align-right has-small-font-size wp-block-paragraph\">Fotos: Bugatti\/Text: Rainer Ro\u00dfbach<\/p>\n","protected":false},"excerpt":{"rendered":"<p>Als Hommage an Romano Artioli, der ab dem 15. September 1990, dem 110ten Geburtstag Ettore Bugattis, mit dem EB 110 die Geschichte der franz\u00f6sischen Luxusmarke zu neuem Leben bringt, hat Bugatti eine exklusive Kleinserie aufgelegt, die Artiolis Sch\u00f6pfung feiert. Der Centodieci zitiert diesen Supersportwagen der 1990er-Jahre aus der Fabrik in Campogalliano, einer Ortschaft in der italienischen Emilia Romagna, in vielf\u00e4ltiger Weise. <\/p>\n","protected":false},"author":1,"featured_media":5056,"comment_status":"closed","ping_status":"closed","sticky":false,"template":"","format":"standard","meta":{"_crdt_document":"","ngg_post_thumbnail":0,"footnotes":""},"categories":[665,703,13,23],"tags":[224,363],"class_list":["post-5042","post","type-post","status-publish","format-standard","has-post-thumbnail","hentry","category-editionen","category-hypercar","category-ikonen","category-performance","tag-bugatti","tag-bugatti-centodieci"],"yoast_head":"<!-- This site is optimized with the Yoast SEO plugin v27.4 - https:\/\/yoast.com\/product\/yoast-seo-wordpress\/ -->\n<title>Bugatti \u201eCentodieci\u201c<\/title>\n<meta name=\"description\" content=\"Bugatti Centodieci\" \/>\n<meta name=\"robots\" content=\"index, follow, max-snippet:-1, max-image-preview:large, max-video-preview:-1\" \/>\n<link rel=\"canonical\" href=\"https:\/\/www.enzo-und-ferdinand.de\/index.php\/2019\/08\/17\/bugatti-centodieci\/\" \/>\n<meta property=\"og:locale\" content=\"de_DE\" \/>\n<meta property=\"og:type\" content=\"article\" \/>\n<meta property=\"og:title\" content=\"Bugatti \u201eCentodieci\u201c\" \/>\n<meta property=\"og:description\" content=\"Bugatti Centodieci\" \/>\n<meta property=\"og:url\" content=\"https:\/\/www.enzo-und-ferdinand.de\/index.php\/2019\/08\/17\/bugatti-centodieci\/\" \/>\n<meta property=\"og:site_name\" content=\"enzo &amp; Ferdinand\" \/>\n<meta property=\"article:published_time\" content=\"2019-08-16T22:14:45+00:00\" \/>\n<meta property=\"article:modified_time\" content=\"2025-12-28T10:50:01+00:00\" \/>\n<meta property=\"og:image\" content=\"https:\/\/www.enzo-und-ferdinand.de\/wp-content\/uploads\/2019\/08\/05_cd_front.jpg\" \/>\n\t<meta property=\"og:image:width\" content=\"1024\" \/>\n\t<meta property=\"og:image:height\" content=\"683\" \/>\n\t<meta property=\"og:image:type\" content=\"image\/jpeg\" \/>\n<meta name=\"author\" content=\"Rainer Ro\u00dfbach\" \/>\n<meta name=\"twitter:card\" content=\"summary_large_image\" \/>\n<meta name=\"twitter:label1\" content=\"Verfasst von\" \/>\n\t<meta name=\"twitter:data1\" content=\"Rainer Ro\u00dfbach\" \/>\n\t<meta name=\"twitter:label2\" content=\"Gesch\u00e4tzte Lesezeit\" \/>\n\t<meta name=\"twitter:data2\" content=\"4\u00a0Minuten\" \/>\n<script type=\"application\/ld+json\" class=\"yoast-schema-graph\">{\"@context\":\"https:\\\/\\\/schema.org\",\"@graph\":[{\"@type\":\"Article\",\"@id\":\"https:\\\/\\\/www.enzo-und-ferdinand.de\\\/index.php\\\/2019\\\/08\\\/17\\\/bugatti-centodieci\\\/#article\",\"isPartOf\":{\"@id\":\"https:\\\/\\\/www.enzo-und-ferdinand.de\\\/index.php\\\/2019\\\/08\\\/17\\\/bugatti-centodieci\\\/\"},\"author\":{\"name\":\"Rainer Ro\u00dfbach\",\"@id\":\"https:\\\/\\\/www.enzo-und-ferdinand.de\\\/#\\\/schema\\\/person\\\/aff2eb9ff87705987c1b9d21fe10b095\"},\"headline\":\"Bugatti \u201eCentodieci\u201c\",\"datePublished\":\"2019-08-16T22:14:45+00:00\",\"dateModified\":\"2025-12-28T10:50:01+00:00\",\"mainEntityOfPage\":{\"@id\":\"https:\\\/\\\/www.enzo-und-ferdinand.de\\\/index.php\\\/2019\\\/08\\\/17\\\/bugatti-centodieci\\\/\"},\"wordCount\":449,\"publisher\":{\"@id\":\"https:\\\/\\\/www.enzo-und-ferdinand.de\\\/#organization\"},\"image\":{\"@id\":\"https:\\\/\\\/www.enzo-und-ferdinand.de\\\/index.php\\\/2019\\\/08\\\/17\\\/bugatti-centodieci\\\/#primaryimage\"},\"thumbnailUrl\":\"https:\\\/\\\/www.enzo-und-ferdinand.de\\\/wp-content\\\/uploads\\\/2019\\\/08\\\/05_cd_front.jpg\",\"keywords\":[\"Bugatti\",\"Bugatti Centodieci\"],\"articleSection\":[\"Editionen\",\"Hypercar\",\"Ikonen\",\"Performance\"],\"inLanguage\":\"de\"},{\"@type\":\"WebPage\",\"@id\":\"https:\\\/\\\/www.enzo-und-ferdinand.de\\\/index.php\\\/2019\\\/08\\\/17\\\/bugatti-centodieci\\\/\",\"url\":\"https:\\\/\\\/www.enzo-und-ferdinand.de\\\/index.php\\\/2019\\\/08\\\/17\\\/bugatti-centodieci\\\/\",\"name\":\"Bugatti \u201eCentodieci\u201c\",\"isPartOf\":{\"@id\":\"https:\\\/\\\/www.enzo-und-ferdinand.de\\\/#website\"},\"primaryImageOfPage\":{\"@id\":\"https:\\\/\\\/www.enzo-und-ferdinand.de\\\/index.php\\\/2019\\\/08\\\/17\\\/bugatti-centodieci\\\/#primaryimage\"},\"image\":{\"@id\":\"https:\\\/\\\/www.enzo-und-ferdinand.de\\\/index.php\\\/2019\\\/08\\\/17\\\/bugatti-centodieci\\\/#primaryimage\"},\"thumbnailUrl\":\"https:\\\/\\\/www.enzo-und-ferdinand.de\\\/wp-content\\\/uploads\\\/2019\\\/08\\\/05_cd_front.jpg\",\"datePublished\":\"2019-08-16T22:14:45+00:00\",\"dateModified\":\"2025-12-28T10:50:01+00:00\",\"description\":\"Bugatti Centodieci\",\"breadcrumb\":{\"@id\":\"https:\\\/\\\/www.enzo-und-ferdinand.de\\\/index.php\\\/2019\\\/08\\\/17\\\/bugatti-centodieci\\\/#breadcrumb\"},\"inLanguage\":\"de\",\"potentialAction\":[{\"@type\":\"ReadAction\",\"target\":[\"https:\\\/\\\/www.enzo-und-ferdinand.de\\\/index.php\\\/2019\\\/08\\\/17\\\/bugatti-centodieci\\\/\"]}]},{\"@type\":\"ImageObject\",\"inLanguage\":\"de\",\"@id\":\"https:\\\/\\\/www.enzo-und-ferdinand.de\\\/index.php\\\/2019\\\/08\\\/17\\\/bugatti-centodieci\\\/#primaryimage\",\"url\":\"https:\\\/\\\/www.enzo-und-ferdinand.de\\\/wp-content\\\/uploads\\\/2019\\\/08\\\/05_cd_front.jpg\",\"contentUrl\":\"https:\\\/\\\/www.enzo-und-ferdinand.de\\\/wp-content\\\/uploads\\\/2019\\\/08\\\/05_cd_front.jpg\",\"width\":1024,\"height\":683,\"caption\":\"Bugatti Centodieci\"},{\"@type\":\"BreadcrumbList\",\"@id\":\"https:\\\/\\\/www.enzo-und-ferdinand.de\\\/index.php\\\/2019\\\/08\\\/17\\\/bugatti-centodieci\\\/#breadcrumb\",\"itemListElement\":[{\"@type\":\"ListItem\",\"position\":1,\"name\":\"Startseite\",\"item\":\"https:\\\/\\\/www.enzo-und-ferdinand.de\\\/\"},{\"@type\":\"ListItem\",\"position\":2,\"name\":\"Bugatti \u201eCentodieci\u201c\"}]},{\"@type\":\"WebSite\",\"@id\":\"https:\\\/\\\/www.enzo-und-ferdinand.de\\\/#website\",\"url\":\"https:\\\/\\\/www.enzo-und-ferdinand.de\\\/\",\"name\":\"enzo & Ferdinand\",\"description\":\"\",\"publisher\":{\"@id\":\"https:\\\/\\\/www.enzo-und-ferdinand.de\\\/#organization\"},\"potentialAction\":[{\"@type\":\"SearchAction\",\"target\":{\"@type\":\"EntryPoint\",\"urlTemplate\":\"https:\\\/\\\/www.enzo-und-ferdinand.de\\\/?s={search_term_string}\"},\"query-input\":{\"@type\":\"PropertyValueSpecification\",\"valueRequired\":true,\"valueName\":\"search_term_string\"}}],\"inLanguage\":\"de\"},{\"@type\":\"Organization\",\"@id\":\"https:\\\/\\\/www.enzo-und-ferdinand.de\\\/#organization\",\"name\":\"enzo & Ferdinand\",\"url\":\"https:\\\/\\\/www.enzo-und-ferdinand.de\\\/\",\"logo\":{\"@type\":\"ImageObject\",\"inLanguage\":\"de\",\"@id\":\"https:\\\/\\\/www.enzo-und-ferdinand.de\\\/#\\\/schema\\\/logo\\\/image\\\/\",\"url\":\"https:\\\/\\\/www.enzo-und-ferdinand.de\\\/wp-content\\\/uploads\\\/2018\\\/12\\\/revvvs-icon.png\",\"contentUrl\":\"https:\\\/\\\/www.enzo-und-ferdinand.de\\\/wp-content\\\/uploads\\\/2018\\\/12\\\/revvvs-icon.png\",\"width\":512,\"height\":512,\"caption\":\"enzo & Ferdinand\"},\"image\":{\"@id\":\"https:\\\/\\\/www.enzo-und-ferdinand.de\\\/#\\\/schema\\\/logo\\\/image\\\/\"}},{\"@type\":\"Person\",\"@id\":\"https:\\\/\\\/www.enzo-und-ferdinand.de\\\/#\\\/schema\\\/person\\\/aff2eb9ff87705987c1b9d21fe10b095\",\"name\":\"Rainer Ro\u00dfbach\",\"image\":{\"@type\":\"ImageObject\",\"inLanguage\":\"de\",\"@id\":\"https:\\\/\\\/www.enzo-und-ferdinand.de\\\/wp-content\\\/uploads\\\/2026\\\/01\\\/Rainer-Rossbach-150x150.jpg\",\"url\":\"https:\\\/\\\/www.enzo-und-ferdinand.de\\\/wp-content\\\/uploads\\\/2026\\\/01\\\/Rainer-Rossbach-150x150.jpg\",\"contentUrl\":\"https:\\\/\\\/www.enzo-und-ferdinand.de\\\/wp-content\\\/uploads\\\/2026\\\/01\\\/Rainer-Rossbach-150x150.jpg\",\"caption\":\"Rainer Ro\u00dfbach\"},\"url\":\"https:\\\/\\\/www.enzo-und-ferdinand.de\\\/index.php\\\/author\\\/redaktion\\\/\"}]}<\/script>\n<!-- \/ Yoast SEO plugin. -->","yoast_head_json":{"title":"Bugatti \u201eCentodieci\u201c","description":"Bugatti Centodieci","robots":{"index":"index","follow":"follow","max-snippet":"max-snippet:-1","max-image-preview":"max-image-preview:large","max-video-preview":"max-video-preview:-1"},"canonical":"https:\/\/www.enzo-und-ferdinand.de\/index.php\/2019\/08\/17\/bugatti-centodieci\/","og_locale":"de_DE","og_type":"article","og_title":"Bugatti \u201eCentodieci\u201c","og_description":"Bugatti Centodieci","og_url":"https:\/\/www.enzo-und-ferdinand.de\/index.php\/2019\/08\/17\/bugatti-centodieci\/","og_site_name":"enzo &amp; Ferdinand","article_published_time":"2019-08-16T22:14:45+00:00","article_modified_time":"2025-12-28T10:50:01+00:00","og_image":[{"width":1024,"height":683,"url":"https:\/\/www.enzo-und-ferdinand.de\/wp-content\/uploads\/2019\/08\/05_cd_front.jpg","type":"image\/jpeg"}],"author":"Rainer Ro\u00dfbach","twitter_card":"summary_large_image","twitter_misc":{"Verfasst von":"Rainer Ro\u00dfbach","Gesch\u00e4tzte Lesezeit":"4\u00a0Minuten"},"schema":{"@context":"https:\/\/schema.org","@graph":[{"@type":"Article","@id":"https:\/\/www.enzo-und-ferdinand.de\/index.php\/2019\/08\/17\/bugatti-centodieci\/#article","isPartOf":{"@id":"https:\/\/www.enzo-und-ferdinand.de\/index.php\/2019\/08\/17\/bugatti-centodieci\/"},"author":{"name":"Rainer Ro\u00dfbach","@id":"https:\/\/www.enzo-und-ferdinand.de\/#\/schema\/person\/aff2eb9ff87705987c1b9d21fe10b095"},"headline":"Bugatti \u201eCentodieci\u201c","datePublished":"2019-08-16T22:14:45+00:00","dateModified":"2025-12-28T10:50:01+00:00","mainEntityOfPage":{"@id":"https:\/\/www.enzo-und-ferdinand.de\/index.php\/2019\/08\/17\/bugatti-centodieci\/"},"wordCount":449,"publisher":{"@id":"https:\/\/www.enzo-und-ferdinand.de\/#organization"},"image":{"@id":"https:\/\/www.enzo-und-ferdinand.de\/index.php\/2019\/08\/17\/bugatti-centodieci\/#primaryimage"},"thumbnailUrl":"https:\/\/www.enzo-und-ferdinand.de\/wp-content\/uploads\/2019\/08\/05_cd_front.jpg","keywords":["Bugatti","Bugatti Centodieci"],"articleSection":["Editionen","Hypercar","Ikonen","Performance"],"inLanguage":"de"},{"@type":"WebPage","@id":"https:\/\/www.enzo-und-ferdinand.de\/index.php\/2019\/08\/17\/bugatti-centodieci\/","url":"https:\/\/www.enzo-und-ferdinand.de\/index.php\/2019\/08\/17\/bugatti-centodieci\/","name":"Bugatti \u201eCentodieci\u201c","isPartOf":{"@id":"https:\/\/www.enzo-und-ferdinand.de\/#website"},"primaryImageOfPage":{"@id":"https:\/\/www.enzo-und-ferdinand.de\/index.php\/2019\/08\/17\/bugatti-centodieci\/#primaryimage"},"image":{"@id":"https:\/\/www.enzo-und-ferdinand.de\/index.php\/2019\/08\/17\/bugatti-centodieci\/#primaryimage"},"thumbnailUrl":"https:\/\/www.enzo-und-ferdinand.de\/wp-content\/uploads\/2019\/08\/05_cd_front.jpg","datePublished":"2019-08-16T22:14:45+00:00","dateModified":"2025-12-28T10:50:01+00:00","description":"Bugatti Centodieci","breadcrumb":{"@id":"https:\/\/www.enzo-und-ferdinand.de\/index.php\/2019\/08\/17\/bugatti-centodieci\/#breadcrumb"},"inLanguage":"de","potentialAction":[{"@type":"ReadAction","target":["https:\/\/www.enzo-und-ferdinand.de\/index.php\/2019\/08\/17\/bugatti-centodieci\/"]}]},{"@type":"ImageObject","inLanguage":"de","@id":"https:\/\/www.enzo-und-ferdinand.de\/index.php\/2019\/08\/17\/bugatti-centodieci\/#primaryimage","url":"https:\/\/www.enzo-und-ferdinand.de\/wp-content\/uploads\/2019\/08\/05_cd_front.jpg","contentUrl":"https:\/\/www.enzo-und-ferdinand.de\/wp-content\/uploads\/2019\/08\/05_cd_front.jpg","width":1024,"height":683,"caption":"Bugatti Centodieci"},{"@type":"BreadcrumbList","@id":"https:\/\/www.enzo-und-ferdinand.de\/index.php\/2019\/08\/17\/bugatti-centodieci\/#breadcrumb","itemListElement":[{"@type":"ListItem","position":1,"name":"Startseite","item":"https:\/\/www.enzo-und-ferdinand.de\/"},{"@type":"ListItem","position":2,"name":"Bugatti \u201eCentodieci\u201c"}]},{"@type":"WebSite","@id":"https:\/\/www.enzo-und-ferdinand.de\/#website","url":"https:\/\/www.enzo-und-ferdinand.de\/","name":"enzo & Ferdinand","description":"","publisher":{"@id":"https:\/\/www.enzo-und-ferdinand.de\/#organization"},"potentialAction":[{"@type":"SearchAction","target":{"@type":"EntryPoint","urlTemplate":"https:\/\/www.enzo-und-ferdinand.de\/?s={search_term_string}"},"query-input":{"@type":"PropertyValueSpecification","valueRequired":true,"valueName":"search_term_string"}}],"inLanguage":"de"},{"@type":"Organization","@id":"https:\/\/www.enzo-und-ferdinand.de\/#organization","name":"enzo & Ferdinand","url":"https:\/\/www.enzo-und-ferdinand.de\/","logo":{"@type":"ImageObject","inLanguage":"de","@id":"https:\/\/www.enzo-und-ferdinand.de\/#\/schema\/logo\/image\/","url":"https:\/\/www.enzo-und-ferdinand.de\/wp-content\/uploads\/2018\/12\/revvvs-icon.png","contentUrl":"https:\/\/www.enzo-und-ferdinand.de\/wp-content\/uploads\/2018\/12\/revvvs-icon.png","width":512,"height":512,"caption":"enzo & Ferdinand"},"image":{"@id":"https:\/\/www.enzo-und-ferdinand.de\/#\/schema\/logo\/image\/"}},{"@type":"Person","@id":"https:\/\/www.enzo-und-ferdinand.de\/#\/schema\/person\/aff2eb9ff87705987c1b9d21fe10b095","name":"Rainer Ro\u00dfbach","image":{"@type":"ImageObject","inLanguage":"de","@id":"https:\/\/www.enzo-und-ferdinand.de\/wp-content\/uploads\/2026\/01\/Rainer-Rossbach-150x150.jpg","url":"https:\/\/www.enzo-und-ferdinand.de\/wp-content\/uploads\/2026\/01\/Rainer-Rossbach-150x150.jpg","contentUrl":"https:\/\/www.enzo-und-ferdinand.de\/wp-content\/uploads\/2026\/01\/Rainer-Rossbach-150x150.jpg","caption":"Rainer Ro\u00dfbach"},"url":"https:\/\/www.enzo-und-ferdinand.de\/index.php\/author\/redaktion\/"}]}},"_links":{"self":[{"href":"https:\/\/www.enzo-und-ferdinand.de\/index.php\/wp-json\/wp\/v2\/posts\/5042","targetHints":{"allow":["GET"]}}],"collection":[{"href":"https:\/\/www.enzo-und-ferdinand.de\/index.php\/wp-json\/wp\/v2\/posts"}],"about":[{"href":"https:\/\/www.enzo-und-ferdinand.de\/index.php\/wp-json\/wp\/v2\/types\/post"}],"author":[{"embeddable":true,"href":"https:\/\/www.enzo-und-ferdinand.de\/index.php\/wp-json\/wp\/v2\/users\/1"}],"replies":[{"embeddable":true,"href":"https:\/\/www.enzo-und-ferdinand.de\/index.php\/wp-json\/wp\/v2\/comments?post=5042"}],"version-history":[{"count":28,"href":"https:\/\/www.enzo-und-ferdinand.de\/index.php\/wp-json\/wp\/v2\/posts\/5042\/revisions"}],"predecessor-version":[{"id":19474,"href":"https:\/\/www.enzo-und-ferdinand.de\/index.php\/wp-json\/wp\/v2\/posts\/5042\/revisions\/19474"}],"wp:featuredmedia":[{"embeddable":true,"href":"https:\/\/www.enzo-und-ferdinand.de\/index.php\/wp-json\/wp\/v2\/media\/5056"}],"wp:attachment":[{"href":"https:\/\/www.enzo-und-ferdinand.de\/index.php\/wp-json\/wp\/v2\/media?parent=5042"}],"wp:term":[{"taxonomy":"category","embeddable":true,"href":"https:\/\/www.enzo-und-ferdinand.de\/index.php\/wp-json\/wp\/v2\/categories?post=5042"},{"taxonomy":"post_tag","embeddable":true,"href":"https:\/\/www.enzo-und-ferdinand.de\/index.php\/wp-json\/wp\/v2\/tags?post=5042"}],"curies":[{"name":"wp","href":"https:\/\/api.w.org\/{rel}","templated":true}]}}