{"id":5074,"date":"2019-08-21T09:00:46","date_gmt":"2019-08-21T07:00:46","guid":{"rendered":"http:\/\/www.enzo-und-ferdinand.de\/?p=5074"},"modified":"2025-12-28T11:49:08","modified_gmt":"2025-12-28T10:49:08","slug":"mclaren-speedtail","status":"publish","type":"post","link":"https:\/\/www.enzo-und-ferdinand.de\/index.php\/2019\/08\/21\/mclaren-speedtail\/","title":{"rendered":"McLaren Speedtail"},"content":{"rendered":"\n<figure class=\"wp-block-image\"><img loading=\"lazy\" decoding=\"async\" width=\"810\" height=\"608\" src=\"https:\/\/www.enzo-und-ferdinand.de\/wp-content\/uploads\/2019\/08\/McLaren-Speedtail-07-P-810x608.jpg\" alt=\"McLaren Speedtail\" class=\"wp-image-5079\" srcset=\"https:\/\/www.enzo-und-ferdinand.de\/wp-content\/uploads\/2019\/08\/McLaren-Speedtail-07-P-810x608.jpg 810w, https:\/\/www.enzo-und-ferdinand.de\/wp-content\/uploads\/2019\/08\/McLaren-Speedtail-07-P-300x225.jpg 300w, https:\/\/www.enzo-und-ferdinand.de\/wp-content\/uploads\/2019\/08\/McLaren-Speedtail-07-P-768x576.jpg 768w, https:\/\/www.enzo-und-ferdinand.de\/wp-content\/uploads\/2019\/08\/McLaren-Speedtail-07-P.jpg 1024w\" sizes=\"auto, (max-width: 810px) 100vw, 810px\" \/><\/figure>\n\n\n\n<p class=\"wp-block-paragraph\">McLaren-Sportwagen sind spektakul\u00e4r langweilig: aufregend im Design zwar, aber&nbsp; alle nahezu gleich. Nun also der Speedtail. Plakativ anders als der Rest, und der Tradition des McLaren F1 verpflichtet, der von 1993 bis 1997 gebaut wurde. In den Analen dieses legend\u00e4r fahrerorientierten Dreisitzers mit BMW-V12-Motor steht sogar ein Sieg bei der 1995er Ausgabe der 24 Stunden von Le Mans.<\/p>\n\n\n\n<p class=\"wp-block-paragraph\">Dieser Traditionslinie also folgt der Speedtail, wenngleich auch hier das Design eine Wiederholung ist. Es lohnt der Blick auf den Jaguar-Supersportwagen XJ220 der Jahre 1992 bis 1994 \u2013 alles schon mal dagewesen, einschlie\u00dflich des \u00fcber einen Meter langen Heck\u00fcberhangs.<\/p>\n\n\n\n<p class=\"wp-block-paragraph\">Technisch allerdings ist der neue McLaren ganz vorne dabei. Sein Hybridantrieb leistet 1.050 PS und soll die Aerodynamik-Flunder mehr als 400 Stundenkilometer schnell machen. 12,8 Sekunden reichen, um auf Tempo 300 zu kommen.<\/p>\n\n\n\n<figure class=\"wp-block-image\"><img loading=\"lazy\" decoding=\"async\" width=\"810\" height=\"540\" src=\"https:\/\/www.enzo-und-ferdinand.de\/wp-content\/uploads\/2019\/08\/McLaren-Speedtail-08-P-810x540.jpg\" alt=\"McLaren Speedtail\" class=\"wp-image-5081\" srcset=\"https:\/\/www.enzo-und-ferdinand.de\/wp-content\/uploads\/2019\/08\/McLaren-Speedtail-08-P-810x540.jpg 810w, https:\/\/www.enzo-und-ferdinand.de\/wp-content\/uploads\/2019\/08\/McLaren-Speedtail-08-P-300x200.jpg 300w, https:\/\/www.enzo-und-ferdinand.de\/wp-content\/uploads\/2019\/08\/McLaren-Speedtail-08-P-768x512.jpg 768w, https:\/\/www.enzo-und-ferdinand.de\/wp-content\/uploads\/2019\/08\/McLaren-Speedtail-08-P-120x80.jpg 120w, https:\/\/www.enzo-und-ferdinand.de\/wp-content\/uploads\/2019\/08\/McLaren-Speedtail-08-P.jpg 1024w\" sizes=\"auto, (max-width: 810px) 100vw, 810px\" \/><\/figure>\n\n\n\n<p class=\"wp-block-paragraph\">Zuallererst aber ist der Speedtail ein Technologietr\u00e4ger. Abgedeckte Vorderr\u00e4der, biegsame Karbon-Spoiler am Heck, neue Karbon-Hightech-Materialien und nahtlos versenkbare Au\u00dfenspiegel-Kameras zeigen, was k\u00fcnftig bei Supersportwagen zu erwarten ist. Es geht aber nicht nur um H\u00f6chstleistung. Der Speedtail soll auch problemlos im Alltag funktionieren, wenngleich zwei Staur\u00e4ume mit insgesamt 160 Litern Inhalt das nicht nahelegen. Aber geschenkt, das sind Petitessen.<\/p>\n\n\n\n<p class=\"wp-block-paragraph\">Interessanter ist ein Blick auf die Technologie: wie gesagt sorgen Karbonabdeckungen der Vorderr\u00e4der daf\u00fcr, dass die Luft nicht verwirbelt. Die flexiblen Ruder am Heck sind nicht per Gelenk oder Scharnier fixiert, sondern werden einfach nach oben gebogen und arbeiten vollautomatisch und synchron. Mittels des \u201eVelocity-Modus\u201c kann die Karosserie um 3,5 Zentimeter abgesenkt werden.&nbsp; Auch hat der Speedtail keine Au\u00dfenspiegel, sondern kleine ausfahrbare HD-Kameras. &nbsp;<\/p>\n\n\n\n<p class=\"wp-block-paragraph\">Die Karosserie und das Monocoque des 1.430 Kilogramm leichten Speedtail bestehen vollst\u00e4ndig aus Kohlefaser, unter anderem aus neuartigen Materialien wie \u201eTitanium Deposition Carbon Fibre\u201c und TPT (Thin-Ply Technology Carbon Fibre). Erstes besteht aus einer wenige Mikrometer d\u00fcnnen Titan-Schicht, die mit einer Karbon-Oberfl\u00e4che verschmolzen wird. Neben einer erh\u00f6hten Steifigkeit entsteht auch ein interessanter optischer Effekt, denn das Titan verleiht dem Karbon eine silbrige Oberfl\u00e4che, welche die Struktur des Karbongewebes durchscheinen l\u00e4sst. Bei TPT hingegen werden viele 30 Mikrometer d\u00fcnne Schichten um 45 Grad versetzt \u00fcbereinander gelegt, soda\u00df eine Oberfl\u00e4che entsteht, die ein wenig an flie\u00dfendes Wasser erinnern soll.&nbsp;<\/p>\n\n\n\n<figure class=\"wp-block-image\"><img loading=\"lazy\" decoding=\"async\" width=\"810\" height=\"540\" src=\"https:\/\/www.enzo-und-ferdinand.de\/wp-content\/uploads\/2019\/08\/McLaren-Speedtail-04-P-810x540.jpg\" alt=\"McLaren Speedtail\" class=\"wp-image-5083\" srcset=\"https:\/\/www.enzo-und-ferdinand.de\/wp-content\/uploads\/2019\/08\/McLaren-Speedtail-04-P-810x540.jpg 810w, https:\/\/www.enzo-und-ferdinand.de\/wp-content\/uploads\/2019\/08\/McLaren-Speedtail-04-P-300x200.jpg 300w, https:\/\/www.enzo-und-ferdinand.de\/wp-content\/uploads\/2019\/08\/McLaren-Speedtail-04-P-768x512.jpg 768w, https:\/\/www.enzo-und-ferdinand.de\/wp-content\/uploads\/2019\/08\/McLaren-Speedtail-04-P-120x80.jpg 120w, https:\/\/www.enzo-und-ferdinand.de\/wp-content\/uploads\/2019\/08\/McLaren-Speedtail-04-P.jpg 1024w\" sizes=\"auto, (max-width: 810px) 100vw, 810px\" \/><\/figure>\n\n\n\n<p class=\"wp-block-paragraph\">Unter den schmalen Front-LEDs liegen Lufteinl\u00e4sse, die sich nach hinten verj\u00fcngen und ein Niedrigtemperatur-K\u00fchlsystem mit Luft versorgen. Zus\u00e4tzliche K\u00fchlluft gelangt \u00fcber Einl\u00e4sse oberhalb der hinteren Radh\u00e4user zum Antrieb, um diesen mittels eines Hochtemperatur-K\u00fchlsystems zu bef\u00e4chern. Gro\u00dfe Ausl\u00e4sse unter dem Heck f\u00fchren die Abluft verwirbelungsfrei zur\u00fcck nach drau\u00dfen. In diesen sind, fast unsichtbar, die Endrohre untergebracht.&nbsp;<\/p>\n\n\n\n<p class=\"wp-block-paragraph\">Der Einstieg zur Kabine erfolgt f\u00fcr die drei Insassen \u00fcber gro\u00dfe, nach vorn \u00f6ffnende Schmetterlings-T\u00fcren, die weit ins Dach hineinreichen. Die Dachsegmente der T\u00fcren bestehen aus elektrochromem Glas, dass sich in seiner Lichtdurchl\u00e4ssigkeit den Au\u00dfenbedingungen anpasst. In der Mitte sitzt der Fahrer, rechts und links von ihm nach hinten versetzt sitzen \u2013 \u00e1 la McLaren F1 \u2013&nbsp; beide Beifahrer. Deren Sitze sind ins Monocoque integriert, der aus Kohlefaser gefertigte Fahrersitz l\u00e4\u00dft sich dagegen mechanisch verstellen.&nbsp;<\/p>\n\n\n\n<p class=\"wp-block-paragraph\">Vor dem Fahrer liegt im Zentrum ein Instrumenten-Bildschirm, rechts und links davon zus\u00e4tzliche Anzeigen f\u00fcr die Beifahrer. Es gibt keine Mittelkonsole, die wenigen Bedienkn\u00f6pfe befinden sich vorne im Dach.&nbsp;<\/p>\n\n\n\n<p class=\"wp-block-paragraph\">106 Exemplare werden gebaut und sind schon verkauft. Die Produktion startet 2019 und ab dem n\u00e4chsten Jahr erfolgt die Auslieferung. Als Preis werde 1,75 Millionen britische Pfund zuz\u00fcglich Steuer kolportiert.&nbsp;<\/p>\n\n\n\n<figure class=\"wp-block-gallery has-nested-images columns-2 is-cropped wp-block-gallery-1 is-layout-flex wp-block-gallery-is-layout-flex\">\n<figure class=\"wp-block-image\"><img loading=\"lazy\" decoding=\"async\" width=\"810\" height=\"520\" data-id=\"5084\" src=\"https:\/\/www.enzo-und-ferdinand.de\/wp-content\/uploads\/2019\/08\/McLaren-Speedtail-16-810x520.jpg\" alt=\"McLaren Speedtail\" class=\"wp-image-5084\" srcset=\"https:\/\/www.enzo-und-ferdinand.de\/wp-content\/uploads\/2019\/08\/McLaren-Speedtail-16-810x520.jpg 810w, https:\/\/www.enzo-und-ferdinand.de\/wp-content\/uploads\/2019\/08\/McLaren-Speedtail-16-300x193.jpg 300w, https:\/\/www.enzo-und-ferdinand.de\/wp-content\/uploads\/2019\/08\/McLaren-Speedtail-16-768x494.jpg 768w, https:\/\/www.enzo-und-ferdinand.de\/wp-content\/uploads\/2019\/08\/McLaren-Speedtail-16-360x230.jpg 360w, https:\/\/www.enzo-und-ferdinand.de\/wp-content\/uploads\/2019\/08\/McLaren-Speedtail-16.jpg 1024w\" sizes=\"auto, (max-width: 810px) 100vw, 810px\" \/><\/figure>\n\n\n\n<figure class=\"wp-block-image\"><img loading=\"lazy\" decoding=\"async\" width=\"810\" height=\"520\" data-id=\"5085\" src=\"https:\/\/www.enzo-und-ferdinand.de\/wp-content\/uploads\/2019\/08\/McLaren-Speedtail-17-810x520.jpg\" alt=\"McLaren Speedtail\" class=\"wp-image-5085\" srcset=\"https:\/\/www.enzo-und-ferdinand.de\/wp-content\/uploads\/2019\/08\/McLaren-Speedtail-17-810x520.jpg 810w, https:\/\/www.enzo-und-ferdinand.de\/wp-content\/uploads\/2019\/08\/McLaren-Speedtail-17-300x193.jpg 300w, https:\/\/www.enzo-und-ferdinand.de\/wp-content\/uploads\/2019\/08\/McLaren-Speedtail-17-768x494.jpg 768w, https:\/\/www.enzo-und-ferdinand.de\/wp-content\/uploads\/2019\/08\/McLaren-Speedtail-17-360x230.jpg 360w, https:\/\/www.enzo-und-ferdinand.de\/wp-content\/uploads\/2019\/08\/McLaren-Speedtail-17.jpg 1024w\" sizes=\"auto, (max-width: 810px) 100vw, 810px\" \/><\/figure>\n\n\n\n<figure class=\"wp-block-image\"><img loading=\"lazy\" decoding=\"async\" width=\"810\" height=\"520\" data-id=\"5086\" src=\"https:\/\/www.enzo-und-ferdinand.de\/wp-content\/uploads\/2019\/08\/McLaren-Speedtail-21-810x520.jpg\" alt=\"McLaren Speedtail\" class=\"wp-image-5086\" srcset=\"https:\/\/www.enzo-und-ferdinand.de\/wp-content\/uploads\/2019\/08\/McLaren-Speedtail-21-810x520.jpg 810w, https:\/\/www.enzo-und-ferdinand.de\/wp-content\/uploads\/2019\/08\/McLaren-Speedtail-21-300x193.jpg 300w, https:\/\/www.enzo-und-ferdinand.de\/wp-content\/uploads\/2019\/08\/McLaren-Speedtail-21-768x494.jpg 768w, https:\/\/www.enzo-und-ferdinand.de\/wp-content\/uploads\/2019\/08\/McLaren-Speedtail-21-360x230.jpg 360w, https:\/\/www.enzo-und-ferdinand.de\/wp-content\/uploads\/2019\/08\/McLaren-Speedtail-21.jpg 1024w\" sizes=\"auto, (max-width: 810px) 100vw, 810px\" \/><\/figure>\n\n\n\n<figure class=\"wp-block-image\"><img loading=\"lazy\" decoding=\"async\" width=\"810\" height=\"553\" data-id=\"5088\" src=\"https:\/\/www.enzo-und-ferdinand.de\/wp-content\/uploads\/2019\/08\/McLaren-Speedtail-09-810x553.jpg\" alt=\"\" class=\"wp-image-5088\" srcset=\"https:\/\/www.enzo-und-ferdinand.de\/wp-content\/uploads\/2019\/08\/McLaren-Speedtail-09-810x553.jpg 810w, https:\/\/www.enzo-und-ferdinand.de\/wp-content\/uploads\/2019\/08\/McLaren-Speedtail-09-300x205.jpg 300w, https:\/\/www.enzo-und-ferdinand.de\/wp-content\/uploads\/2019\/08\/McLaren-Speedtail-09-768x524.jpg 768w, https:\/\/www.enzo-und-ferdinand.de\/wp-content\/uploads\/2019\/08\/McLaren-Speedtail-09.jpg 1024w\" sizes=\"auto, (max-width: 810px) 100vw, 810px\" \/><\/figure>\n<\/figure>\n\n\n\n<p class=\"has-text-align-right has-small-font-size wp-block-paragraph\">Fotos: McLaren\/Text: Rainer Ro\u00dfbach<\/p>\n","protected":false},"excerpt":{"rendered":"<p>McLaren-Sportwagen sind spektakul\u00e4r langweilig: aufregend im Design zwar, aber  alle nahezu gleich. Nun also der Speedtail. Plakativ anders als der Rest, und der Tradition des McLaren F1 verpflichtet, der von 1993 bis 1997 gebaut wurde. In den Analen dieses legend\u00e4r fahrerorientierten Dreisitzers mit BMW-V12-Motor steht sogar ein Sieg bei der 1995er Ausgabe der 24 Stunden von Le Mans.<br \/>\nDieser Traditionslinie also folgt der Speedtail  und technisch ist der neue McLaren ganz vorne dabei. Sein Hybridantrieb leistet 1.050 PS und soll die Aerodynamik-Flunder mehr als 400 Stundenkilometer schnell machen. 12,8 Sekunden reichen, um auf Tempo 300 zu kommen.<\/p>\n","protected":false},"author":1,"featured_media":5078,"comment_status":"closed","ping_status":"closed","sticky":false,"template":"","format":"standard","meta":{"_crdt_document":"","ngg_post_thumbnail":0,"footnotes":""},"categories":[703,45,23],"tags":[264,364],"class_list":["post-5074","post","type-post","status-publish","format-standard","has-post-thumbnail","hentry","category-hypercar","category-neues","category-performance","tag-mclaren","tag-mclaren-speedtail"],"yoast_head":"<!-- This site is optimized with the Yoast SEO plugin v27.5 - https:\/\/yoast.com\/product\/yoast-seo-wordpress\/ -->\n<title>McLaren Speedtail<\/title>\n<meta name=\"description\" content=\"McLaren Speedtail\" \/>\n<meta name=\"robots\" content=\"index, follow, max-snippet:-1, max-image-preview:large, max-video-preview:-1\" \/>\n<link rel=\"canonical\" href=\"https:\/\/www.enzo-und-ferdinand.de\/index.php\/2019\/08\/21\/mclaren-speedtail\/\" \/>\n<meta property=\"og:locale\" content=\"de_DE\" \/>\n<meta property=\"og:type\" content=\"article\" \/>\n<meta property=\"og:title\" content=\"McLaren Speedtail\" \/>\n<meta property=\"og:description\" content=\"McLaren Speedtail\" \/>\n<meta property=\"og:url\" content=\"https:\/\/www.enzo-und-ferdinand.de\/index.php\/2019\/08\/21\/mclaren-speedtail\/\" \/>\n<meta property=\"og:site_name\" content=\"enzo &amp; Ferdinand\" \/>\n<meta property=\"article:published_time\" content=\"2019-08-21T07:00:46+00:00\" \/>\n<meta property=\"article:modified_time\" content=\"2025-12-28T10:49:08+00:00\" \/>\n<meta property=\"og:image\" content=\"https:\/\/www.enzo-und-ferdinand.de\/wp-content\/uploads\/2019\/08\/McLaren-Speedtail-05-P.jpg\" \/>\n\t<meta property=\"og:image:width\" content=\"1024\" \/>\n\t<meta property=\"og:image:height\" content=\"768\" \/>\n\t<meta property=\"og:image:type\" content=\"image\/jpeg\" \/>\n<meta name=\"author\" content=\"Rainer Ro\u00dfbach\" \/>\n<meta name=\"twitter:card\" content=\"summary_large_image\" \/>\n<meta name=\"twitter:label1\" content=\"Verfasst von\" \/>\n\t<meta name=\"twitter:data1\" content=\"Rainer Ro\u00dfbach\" \/>\n\t<meta name=\"twitter:label2\" content=\"Gesch\u00e4tzte Lesezeit\" \/>\n\t<meta name=\"twitter:data2\" content=\"5\u00a0Minuten\" \/>\n<script type=\"application\/ld+json\" class=\"yoast-schema-graph\">{\"@context\":\"https:\\\/\\\/schema.org\",\"@graph\":[{\"@type\":\"Article\",\"@id\":\"https:\\\/\\\/www.enzo-und-ferdinand.de\\\/index.php\\\/2019\\\/08\\\/21\\\/mclaren-speedtail\\\/#article\",\"isPartOf\":{\"@id\":\"https:\\\/\\\/www.enzo-und-ferdinand.de\\\/index.php\\\/2019\\\/08\\\/21\\\/mclaren-speedtail\\\/\"},\"author\":{\"name\":\"Rainer Ro\u00dfbach\",\"@id\":\"https:\\\/\\\/www.enzo-und-ferdinand.de\\\/#\\\/schema\\\/person\\\/aff2eb9ff87705987c1b9d21fe10b095\"},\"headline\":\"McLaren Speedtail\",\"datePublished\":\"2019-08-21T07:00:46+00:00\",\"dateModified\":\"2025-12-28T10:49:08+00:00\",\"mainEntityOfPage\":{\"@id\":\"https:\\\/\\\/www.enzo-und-ferdinand.de\\\/index.php\\\/2019\\\/08\\\/21\\\/mclaren-speedtail\\\/\"},\"wordCount\":582,\"publisher\":{\"@id\":\"https:\\\/\\\/www.enzo-und-ferdinand.de\\\/#organization\"},\"image\":{\"@id\":\"https:\\\/\\\/www.enzo-und-ferdinand.de\\\/index.php\\\/2019\\\/08\\\/21\\\/mclaren-speedtail\\\/#primaryimage\"},\"thumbnailUrl\":\"https:\\\/\\\/www.enzo-und-ferdinand.de\\\/wp-content\\\/uploads\\\/2019\\\/08\\\/McLaren-Speedtail-05-P.jpg\",\"keywords\":[\"McLaren\",\"McLaren Speedtail\"],\"articleSection\":[\"Hypercar\",\"Neues\",\"Performance\"],\"inLanguage\":\"de\"},{\"@type\":\"WebPage\",\"@id\":\"https:\\\/\\\/www.enzo-und-ferdinand.de\\\/index.php\\\/2019\\\/08\\\/21\\\/mclaren-speedtail\\\/\",\"url\":\"https:\\\/\\\/www.enzo-und-ferdinand.de\\\/index.php\\\/2019\\\/08\\\/21\\\/mclaren-speedtail\\\/\",\"name\":\"McLaren Speedtail\",\"isPartOf\":{\"@id\":\"https:\\\/\\\/www.enzo-und-ferdinand.de\\\/#website\"},\"primaryImageOfPage\":{\"@id\":\"https:\\\/\\\/www.enzo-und-ferdinand.de\\\/index.php\\\/2019\\\/08\\\/21\\\/mclaren-speedtail\\\/#primaryimage\"},\"image\":{\"@id\":\"https:\\\/\\\/www.enzo-und-ferdinand.de\\\/index.php\\\/2019\\\/08\\\/21\\\/mclaren-speedtail\\\/#primaryimage\"},\"thumbnailUrl\":\"https:\\\/\\\/www.enzo-und-ferdinand.de\\\/wp-content\\\/uploads\\\/2019\\\/08\\\/McLaren-Speedtail-05-P.jpg\",\"datePublished\":\"2019-08-21T07:00:46+00:00\",\"dateModified\":\"2025-12-28T10:49:08+00:00\",\"description\":\"McLaren Speedtail\",\"breadcrumb\":{\"@id\":\"https:\\\/\\\/www.enzo-und-ferdinand.de\\\/index.php\\\/2019\\\/08\\\/21\\\/mclaren-speedtail\\\/#breadcrumb\"},\"inLanguage\":\"de\",\"potentialAction\":[{\"@type\":\"ReadAction\",\"target\":[\"https:\\\/\\\/www.enzo-und-ferdinand.de\\\/index.php\\\/2019\\\/08\\\/21\\\/mclaren-speedtail\\\/\"]}]},{\"@type\":\"ImageObject\",\"inLanguage\":\"de\",\"@id\":\"https:\\\/\\\/www.enzo-und-ferdinand.de\\\/index.php\\\/2019\\\/08\\\/21\\\/mclaren-speedtail\\\/#primaryimage\",\"url\":\"https:\\\/\\\/www.enzo-und-ferdinand.de\\\/wp-content\\\/uploads\\\/2019\\\/08\\\/McLaren-Speedtail-05-P.jpg\",\"contentUrl\":\"https:\\\/\\\/www.enzo-und-ferdinand.de\\\/wp-content\\\/uploads\\\/2019\\\/08\\\/McLaren-Speedtail-05-P.jpg\",\"width\":1024,\"height\":768,\"caption\":\"McLaren Speedtail\"},{\"@type\":\"BreadcrumbList\",\"@id\":\"https:\\\/\\\/www.enzo-und-ferdinand.de\\\/index.php\\\/2019\\\/08\\\/21\\\/mclaren-speedtail\\\/#breadcrumb\",\"itemListElement\":[{\"@type\":\"ListItem\",\"position\":1,\"name\":\"Startseite\",\"item\":\"https:\\\/\\\/www.enzo-und-ferdinand.de\\\/\"},{\"@type\":\"ListItem\",\"position\":2,\"name\":\"McLaren Speedtail\"}]},{\"@type\":\"WebSite\",\"@id\":\"https:\\\/\\\/www.enzo-und-ferdinand.de\\\/#website\",\"url\":\"https:\\\/\\\/www.enzo-und-ferdinand.de\\\/\",\"name\":\"enzo & Ferdinand\",\"description\":\"\",\"publisher\":{\"@id\":\"https:\\\/\\\/www.enzo-und-ferdinand.de\\\/#organization\"},\"potentialAction\":[{\"@type\":\"SearchAction\",\"target\":{\"@type\":\"EntryPoint\",\"urlTemplate\":\"https:\\\/\\\/www.enzo-und-ferdinand.de\\\/?s={search_term_string}\"},\"query-input\":{\"@type\":\"PropertyValueSpecification\",\"valueRequired\":true,\"valueName\":\"search_term_string\"}}],\"inLanguage\":\"de\"},{\"@type\":\"Organization\",\"@id\":\"https:\\\/\\\/www.enzo-und-ferdinand.de\\\/#organization\",\"name\":\"enzo & Ferdinand\",\"url\":\"https:\\\/\\\/www.enzo-und-ferdinand.de\\\/\",\"logo\":{\"@type\":\"ImageObject\",\"inLanguage\":\"de\",\"@id\":\"https:\\\/\\\/www.enzo-und-ferdinand.de\\\/#\\\/schema\\\/logo\\\/image\\\/\",\"url\":\"https:\\\/\\\/www.enzo-und-ferdinand.de\\\/wp-content\\\/uploads\\\/2018\\\/12\\\/revvvs-icon.png\",\"contentUrl\":\"https:\\\/\\\/www.enzo-und-ferdinand.de\\\/wp-content\\\/uploads\\\/2018\\\/12\\\/revvvs-icon.png\",\"width\":512,\"height\":512,\"caption\":\"enzo & Ferdinand\"},\"image\":{\"@id\":\"https:\\\/\\\/www.enzo-und-ferdinand.de\\\/#\\\/schema\\\/logo\\\/image\\\/\"}},{\"@type\":\"Person\",\"@id\":\"https:\\\/\\\/www.enzo-und-ferdinand.de\\\/#\\\/schema\\\/person\\\/aff2eb9ff87705987c1b9d21fe10b095\",\"name\":\"Rainer Ro\u00dfbach\",\"image\":{\"@type\":\"ImageObject\",\"inLanguage\":\"de\",\"@id\":\"https:\\\/\\\/www.enzo-und-ferdinand.de\\\/wp-content\\\/uploads\\\/2026\\\/01\\\/Rainer-Rossbach-150x150.jpg\",\"url\":\"https:\\\/\\\/www.enzo-und-ferdinand.de\\\/wp-content\\\/uploads\\\/2026\\\/01\\\/Rainer-Rossbach-150x150.jpg\",\"contentUrl\":\"https:\\\/\\\/www.enzo-und-ferdinand.de\\\/wp-content\\\/uploads\\\/2026\\\/01\\\/Rainer-Rossbach-150x150.jpg\",\"caption\":\"Rainer Ro\u00dfbach\"},\"url\":\"https:\\\/\\\/www.enzo-und-ferdinand.de\\\/index.php\\\/author\\\/redaktion\\\/\"}]}<\/script>\n<!-- \/ Yoast SEO plugin. -->","yoast_head_json":{"title":"McLaren Speedtail","description":"McLaren Speedtail","robots":{"index":"index","follow":"follow","max-snippet":"max-snippet:-1","max-image-preview":"max-image-preview:large","max-video-preview":"max-video-preview:-1"},"canonical":"https:\/\/www.enzo-und-ferdinand.de\/index.php\/2019\/08\/21\/mclaren-speedtail\/","og_locale":"de_DE","og_type":"article","og_title":"McLaren Speedtail","og_description":"McLaren Speedtail","og_url":"https:\/\/www.enzo-und-ferdinand.de\/index.php\/2019\/08\/21\/mclaren-speedtail\/","og_site_name":"enzo &amp; Ferdinand","article_published_time":"2019-08-21T07:00:46+00:00","article_modified_time":"2025-12-28T10:49:08+00:00","og_image":[{"width":1024,"height":768,"url":"https:\/\/www.enzo-und-ferdinand.de\/wp-content\/uploads\/2019\/08\/McLaren-Speedtail-05-P.jpg","type":"image\/jpeg"}],"author":"Rainer Ro\u00dfbach","twitter_card":"summary_large_image","twitter_misc":{"Verfasst von":"Rainer Ro\u00dfbach","Gesch\u00e4tzte Lesezeit":"5\u00a0Minuten"},"schema":{"@context":"https:\/\/schema.org","@graph":[{"@type":"Article","@id":"https:\/\/www.enzo-und-ferdinand.de\/index.php\/2019\/08\/21\/mclaren-speedtail\/#article","isPartOf":{"@id":"https:\/\/www.enzo-und-ferdinand.de\/index.php\/2019\/08\/21\/mclaren-speedtail\/"},"author":{"name":"Rainer Ro\u00dfbach","@id":"https:\/\/www.enzo-und-ferdinand.de\/#\/schema\/person\/aff2eb9ff87705987c1b9d21fe10b095"},"headline":"McLaren Speedtail","datePublished":"2019-08-21T07:00:46+00:00","dateModified":"2025-12-28T10:49:08+00:00","mainEntityOfPage":{"@id":"https:\/\/www.enzo-und-ferdinand.de\/index.php\/2019\/08\/21\/mclaren-speedtail\/"},"wordCount":582,"publisher":{"@id":"https:\/\/www.enzo-und-ferdinand.de\/#organization"},"image":{"@id":"https:\/\/www.enzo-und-ferdinand.de\/index.php\/2019\/08\/21\/mclaren-speedtail\/#primaryimage"},"thumbnailUrl":"https:\/\/www.enzo-und-ferdinand.de\/wp-content\/uploads\/2019\/08\/McLaren-Speedtail-05-P.jpg","keywords":["McLaren","McLaren Speedtail"],"articleSection":["Hypercar","Neues","Performance"],"inLanguage":"de"},{"@type":"WebPage","@id":"https:\/\/www.enzo-und-ferdinand.de\/index.php\/2019\/08\/21\/mclaren-speedtail\/","url":"https:\/\/www.enzo-und-ferdinand.de\/index.php\/2019\/08\/21\/mclaren-speedtail\/","name":"McLaren Speedtail","isPartOf":{"@id":"https:\/\/www.enzo-und-ferdinand.de\/#website"},"primaryImageOfPage":{"@id":"https:\/\/www.enzo-und-ferdinand.de\/index.php\/2019\/08\/21\/mclaren-speedtail\/#primaryimage"},"image":{"@id":"https:\/\/www.enzo-und-ferdinand.de\/index.php\/2019\/08\/21\/mclaren-speedtail\/#primaryimage"},"thumbnailUrl":"https:\/\/www.enzo-und-ferdinand.de\/wp-content\/uploads\/2019\/08\/McLaren-Speedtail-05-P.jpg","datePublished":"2019-08-21T07:00:46+00:00","dateModified":"2025-12-28T10:49:08+00:00","description":"McLaren Speedtail","breadcrumb":{"@id":"https:\/\/www.enzo-und-ferdinand.de\/index.php\/2019\/08\/21\/mclaren-speedtail\/#breadcrumb"},"inLanguage":"de","potentialAction":[{"@type":"ReadAction","target":["https:\/\/www.enzo-und-ferdinand.de\/index.php\/2019\/08\/21\/mclaren-speedtail\/"]}]},{"@type":"ImageObject","inLanguage":"de","@id":"https:\/\/www.enzo-und-ferdinand.de\/index.php\/2019\/08\/21\/mclaren-speedtail\/#primaryimage","url":"https:\/\/www.enzo-und-ferdinand.de\/wp-content\/uploads\/2019\/08\/McLaren-Speedtail-05-P.jpg","contentUrl":"https:\/\/www.enzo-und-ferdinand.de\/wp-content\/uploads\/2019\/08\/McLaren-Speedtail-05-P.jpg","width":1024,"height":768,"caption":"McLaren Speedtail"},{"@type":"BreadcrumbList","@id":"https:\/\/www.enzo-und-ferdinand.de\/index.php\/2019\/08\/21\/mclaren-speedtail\/#breadcrumb","itemListElement":[{"@type":"ListItem","position":1,"name":"Startseite","item":"https:\/\/www.enzo-und-ferdinand.de\/"},{"@type":"ListItem","position":2,"name":"McLaren Speedtail"}]},{"@type":"WebSite","@id":"https:\/\/www.enzo-und-ferdinand.de\/#website","url":"https:\/\/www.enzo-und-ferdinand.de\/","name":"enzo & Ferdinand","description":"","publisher":{"@id":"https:\/\/www.enzo-und-ferdinand.de\/#organization"},"potentialAction":[{"@type":"SearchAction","target":{"@type":"EntryPoint","urlTemplate":"https:\/\/www.enzo-und-ferdinand.de\/?s={search_term_string}"},"query-input":{"@type":"PropertyValueSpecification","valueRequired":true,"valueName":"search_term_string"}}],"inLanguage":"de"},{"@type":"Organization","@id":"https:\/\/www.enzo-und-ferdinand.de\/#organization","name":"enzo & Ferdinand","url":"https:\/\/www.enzo-und-ferdinand.de\/","logo":{"@type":"ImageObject","inLanguage":"de","@id":"https:\/\/www.enzo-und-ferdinand.de\/#\/schema\/logo\/image\/","url":"https:\/\/www.enzo-und-ferdinand.de\/wp-content\/uploads\/2018\/12\/revvvs-icon.png","contentUrl":"https:\/\/www.enzo-und-ferdinand.de\/wp-content\/uploads\/2018\/12\/revvvs-icon.png","width":512,"height":512,"caption":"enzo & Ferdinand"},"image":{"@id":"https:\/\/www.enzo-und-ferdinand.de\/#\/schema\/logo\/image\/"}},{"@type":"Person","@id":"https:\/\/www.enzo-und-ferdinand.de\/#\/schema\/person\/aff2eb9ff87705987c1b9d21fe10b095","name":"Rainer Ro\u00dfbach","image":{"@type":"ImageObject","inLanguage":"de","@id":"https:\/\/www.enzo-und-ferdinand.de\/wp-content\/uploads\/2026\/01\/Rainer-Rossbach-150x150.jpg","url":"https:\/\/www.enzo-und-ferdinand.de\/wp-content\/uploads\/2026\/01\/Rainer-Rossbach-150x150.jpg","contentUrl":"https:\/\/www.enzo-und-ferdinand.de\/wp-content\/uploads\/2026\/01\/Rainer-Rossbach-150x150.jpg","caption":"Rainer Ro\u00dfbach"},"url":"https:\/\/www.enzo-und-ferdinand.de\/index.php\/author\/redaktion\/"}]}},"_links":{"self":[{"href":"https:\/\/www.enzo-und-ferdinand.de\/index.php\/wp-json\/wp\/v2\/posts\/5074","targetHints":{"allow":["GET"]}}],"collection":[{"href":"https:\/\/www.enzo-und-ferdinand.de\/index.php\/wp-json\/wp\/v2\/posts"}],"about":[{"href":"https:\/\/www.enzo-und-ferdinand.de\/index.php\/wp-json\/wp\/v2\/types\/post"}],"author":[{"embeddable":true,"href":"https:\/\/www.enzo-und-ferdinand.de\/index.php\/wp-json\/wp\/v2\/users\/1"}],"replies":[{"embeddable":true,"href":"https:\/\/www.enzo-und-ferdinand.de\/index.php\/wp-json\/wp\/v2\/comments?post=5074"}],"version-history":[{"count":35,"href":"https:\/\/www.enzo-und-ferdinand.de\/index.php\/wp-json\/wp\/v2\/posts\/5074\/revisions"}],"predecessor-version":[{"id":14936,"href":"https:\/\/www.enzo-und-ferdinand.de\/index.php\/wp-json\/wp\/v2\/posts\/5074\/revisions\/14936"}],"wp:featuredmedia":[{"embeddable":true,"href":"https:\/\/www.enzo-und-ferdinand.de\/index.php\/wp-json\/wp\/v2\/media\/5078"}],"wp:attachment":[{"href":"https:\/\/www.enzo-und-ferdinand.de\/index.php\/wp-json\/wp\/v2\/media?parent=5074"}],"wp:term":[{"taxonomy":"category","embeddable":true,"href":"https:\/\/www.enzo-und-ferdinand.de\/index.php\/wp-json\/wp\/v2\/categories?post=5074"},{"taxonomy":"post_tag","embeddable":true,"href":"https:\/\/www.enzo-und-ferdinand.de\/index.php\/wp-json\/wp\/v2\/tags?post=5074"}],"curies":[{"name":"wp","href":"https:\/\/api.w.org\/{rel}","templated":true}]}}