{"id":5170,"date":"2019-09-26T12:04:32","date_gmt":"2019-09-26T10:04:32","guid":{"rendered":"http:\/\/www.enzo-und-ferdinand.de\/?p=5170"},"modified":"2025-12-28T12:05:07","modified_gmt":"2025-12-28T11:05:07","slug":"bugatti-eb110-1991-1995","status":"publish","type":"post","link":"https:\/\/www.enzo-und-ferdinand.de\/index.php\/2019\/09\/26\/bugatti-eb110-1991-1995\/","title":{"rendered":"Bugatti EB110 (1991\u20131995)"},"content":{"rendered":"\n<figure class=\"wp-block-image\"><img loading=\"lazy\" decoding=\"async\" width=\"810\" height=\"516\" src=\"https:\/\/www.enzo-und-ferdinand.de\/wp-content\/uploads\/2019\/09\/06_bugatti_eb110_imsa-810x516.jpg\" alt=\"Bugatti EB110\" class=\"wp-image-5460\" srcset=\"https:\/\/www.enzo-und-ferdinand.de\/wp-content\/uploads\/2019\/09\/06_bugatti_eb110_imsa-810x516.jpg 810w, https:\/\/www.enzo-und-ferdinand.de\/wp-content\/uploads\/2019\/09\/06_bugatti_eb110_imsa-300x191.jpg 300w, https:\/\/www.enzo-und-ferdinand.de\/wp-content\/uploads\/2019\/09\/06_bugatti_eb110_imsa-768x489.jpg 768w, https:\/\/www.enzo-und-ferdinand.de\/wp-content\/uploads\/2019\/09\/06_bugatti_eb110_imsa-360x230.jpg 360w, https:\/\/www.enzo-und-ferdinand.de\/wp-content\/uploads\/2019\/09\/06_bugatti_eb110_imsa.jpg 1024w\" sizes=\"auto, (max-width: 810px) 100vw, 810px\" \/><\/figure>\n\n\n\n<p class=\"wp-block-paragraph\">Vier Turbolader, Allradantrieb und ein Carbon-Monocoque sind die Eckdaten des EB 110, der ab 1991 im italienischen Campogalliano entsteht. Es ist der italienische Bugatti-Enthusiast Romano Artioli, der versucht, die legend\u00e4re franz\u00f6sische Marke wiederzubeleben. Und was er auf die R\u00e4der stellt, ist nichts weniger als einer der Supersportwagen seiner Zeit.&nbsp;<\/p>\n\n\n\n<p class=\"wp-block-paragraph\">Alles ist neu, so auch der 3,5-Liter-V12-Motor mit vier Turboladern. F\u00fcnf Ventile pro Zylinder sorgen f\u00fcr einen schnellen Gaswechsel. Dazu kommt erstmals in dieser Klasse ein permanenter Allradantrieb zum Einsatz, der die Leistung von 560 PS bis 611 PS auf die Stra\u00dfe bringt. Von Null auf 100  Stundenkilometer kommt der EB110 mit Leichtigkeit in 3,3 Sekunden, die H\u00f6chstgeschwindigkeit liegt bei sensationellen 351 km\/h.<\/p>\n\n\n\n<figure class=\"wp-block-image\"><img loading=\"lazy\" decoding=\"async\" width=\"810\" height=\"553\" src=\"https:\/\/www.enzo-und-ferdinand.de\/wp-content\/uploads\/2019\/09\/02_bugatti_eb110_campogalliano-810x553.jpg\" alt=\"Bugatti EB110\" class=\"wp-image-5462\" srcset=\"https:\/\/www.enzo-und-ferdinand.de\/wp-content\/uploads\/2019\/09\/02_bugatti_eb110_campogalliano-810x553.jpg 810w, https:\/\/www.enzo-und-ferdinand.de\/wp-content\/uploads\/2019\/09\/02_bugatti_eb110_campogalliano-300x205.jpg 300w, https:\/\/www.enzo-und-ferdinand.de\/wp-content\/uploads\/2019\/09\/02_bugatti_eb110_campogalliano-768x524.jpg 768w, https:\/\/www.enzo-und-ferdinand.de\/wp-content\/uploads\/2019\/09\/02_bugatti_eb110_campogalliano.jpg 1024w\" sizes=\"auto, (max-width: 810px) 100vw, 810px\" \/><\/figure>\n\n\n\n<p class=\"wp-block-paragraph\">Bis 1995 entsteht der Mittelmotorsportwagen im, aus praktischen Gr\u00fcnden gew\u00e4hlten italienischen Firmensitz: die N\u00e4he zu anderen Supersportwagenherstellern wie DeTomaso, Ferrari, Maserati und Lamborghini sorgt daf\u00fcr, dass qualifiziertes Personal in Reichweite ist.&nbsp;<\/p>\n\n\n\n<p class=\"wp-block-paragraph\">Am Ende scheitert das ambitionierte Projekt an der sich verschlechternden Wirtschaftslage. Mit nur 128 gebauten Serienfahrzeugen und einem Preis von mindestens 450 Millionen bis zu 550 Millionen italienischer Lire bleiben sowohl EB110 GT sowie EB110 SS einem sehr exklusiven Kundenkreis vorbehalten.<\/p>\n\n\n\n<figure class=\"wp-block-image\"><img loading=\"lazy\" decoding=\"async\" width=\"810\" height=\"540\" src=\"https:\/\/www.enzo-und-ferdinand.de\/wp-content\/uploads\/2019\/08\/eb110s-enginetop-810x540.jpg\" alt=\"Bugatti EB110\" class=\"wp-image-5175\" srcset=\"https:\/\/www.enzo-und-ferdinand.de\/wp-content\/uploads\/2019\/08\/eb110s-enginetop-810x540.jpg 810w, https:\/\/www.enzo-und-ferdinand.de\/wp-content\/uploads\/2019\/08\/eb110s-enginetop-300x200.jpg 300w, https:\/\/www.enzo-und-ferdinand.de\/wp-content\/uploads\/2019\/08\/eb110s-enginetop-768x512.jpg 768w, https:\/\/www.enzo-und-ferdinand.de\/wp-content\/uploads\/2019\/08\/eb110s-enginetop-120x80.jpg 120w, https:\/\/www.enzo-und-ferdinand.de\/wp-content\/uploads\/2019\/08\/eb110s-enginetop.jpg 1024w\" sizes=\"auto, (max-width: 810px) 100vw, 810px\" \/><\/figure>\n\n\n\n<p class=\"wp-block-paragraph\"><strong>Technische Daten Bugatti EB110 GT<\/strong><\/p>\n\n\n\n<figure class=\"wp-block-table\"><table class=\"\"><tbody><tr><td>Motor<\/td><td>3,5-Liter-V12, V60-Grad, wassergek\u00fchlt<\/td><\/tr><tr><td>Aufladung<\/td><td>vier IHI-Turbolader mit Ladeluftk\u00fchlung<\/td><\/tr><tr><td>Leistung<\/td><td> 560 PS\/411 kW bei 8.000 U\/min (EB 110 GT)<br> 611 PS \/ 450 kW bei 8.250 U\/min (EB 110 SS)<\/td><\/tr><tr><td>Drehmoment<\/td><td>611 Nm bei 4.200 U\/min (EB 110 GT)<br>650 Nm bei 4.200 U\/min (EB 110 SS)<\/td><\/tr><tr><td>Getriebe<\/td><td>manuelles Sechsgang-Getriebe<\/td><\/tr><tr><td>Antrieb<\/td><td>permanenter Allradantrieb<\/td><\/tr><tr><td>Beschleunigung<\/td><td>3,5 s von 0 auf 100 km\/h (EB 110 GT)<br>3,3 s von 0 auf 100 km\/h (EB 110 SS)<\/td><\/tr><tr><td>Vmax<\/td><td>342 km\/h (EB 110 GT)<br>351 km\/h (EB 110 SS)<\/td><\/tr><tr><td>Verbrauch<\/td><td>ca. 13,5 l\/100 km<\/td><\/tr><tr><td>Leergewicht<\/td><td>1.570 \u2013 1.735 kg<\/td><\/tr><tr><td>L\u00e4nge<\/td><td>4400 mm<\/td><\/tr><tr><td>Breite<\/td><td>1940 mm<\/td><\/tr><tr><td>H\u00f6he<\/td><td>1125 mm<\/td><\/tr><tr><td>Radstand<\/td><td>2550 mm<\/td><\/tr><tr><td>Reifen<\/td><td>245\/40 ZR 18 vorne \/ 325\/30 ZR 18 hinten<\/td><\/tr><tr><td>Bauzeit<\/td><td>1991-1995<\/td><\/tr><tr><td>St\u00fcckzahl<\/td><td>insgesamt 128 Fahrzeuge, davon ca. 96 EB 110 GT, 32 EB 110 SS<\/td><\/tr><tr><td>Preis<\/td><td>ab 450 Millionen italienische Lire<\/td><\/tr><\/tbody><\/table><\/figure>\n\n\n\n<p class=\"has-text-align-right has-small-font-size wp-block-paragraph\">Fotos: Bugatti\/Text: Rainer Ro\u00dfbach<\/p>\n","protected":false},"excerpt":{"rendered":"<p>Vier Turbolader, Allradantrieb und ein Carbon-Monocoque sind die Eckdaten des EB 110, der ab 1991 im italienischen Campogalliano entsteht. Es ist der italienische Bugatti-Enthusiast Romano Artioli, der versucht, die legend\u00e4re franz\u00f6sische Marke wiederzubeleben. Und was er auf die R\u00e4der gestellt hat, ist nichts weniger als einer der Supersportwagen dieser Zeit. <\/p>\n","protected":false},"author":1,"featured_media":5459,"comment_status":"closed","ping_status":"closed","sticky":false,"template":"","format":"standard","meta":{"_crdt_document":"","ngg_post_thumbnail":0,"footnotes":""},"categories":[703,13,23],"tags":[224,367],"class_list":["post-5170","post","type-post","status-publish","format-standard","has-post-thumbnail","hentry","category-hypercar","category-ikonen","category-performance","tag-bugatti","tag-bugatti-eb110"],"yoast_head":"<!-- This site is optimized with the Yoast SEO plugin v27.5 - https:\/\/yoast.com\/product\/yoast-seo-wordpress\/ -->\n<title>Bugatti EB110 (1991\u20131995)<\/title>\n<meta name=\"description\" content=\"Bugatti EB110\" \/>\n<meta name=\"robots\" content=\"index, follow, max-snippet:-1, max-image-preview:large, max-video-preview:-1\" \/>\n<link rel=\"canonical\" href=\"https:\/\/www.enzo-und-ferdinand.de\/index.php\/2019\/09\/26\/bugatti-eb110-1991-1995\/\" \/>\n<meta property=\"og:locale\" content=\"de_DE\" \/>\n<meta property=\"og:type\" content=\"article\" \/>\n<meta property=\"og:title\" content=\"Bugatti EB110 (1991\u20131995)\" \/>\n<meta property=\"og:description\" content=\"Bugatti EB110\" \/>\n<meta property=\"og:url\" content=\"https:\/\/www.enzo-und-ferdinand.de\/index.php\/2019\/09\/26\/bugatti-eb110-1991-1995\/\" \/>\n<meta property=\"og:site_name\" content=\"enzo &amp; Ferdinand\" \/>\n<meta property=\"article:published_time\" content=\"2019-09-26T10:04:32+00:00\" \/>\n<meta property=\"article:modified_time\" content=\"2025-12-28T11:05:07+00:00\" \/>\n<meta property=\"og:image\" content=\"https:\/\/www.enzo-und-ferdinand.de\/wp-content\/uploads\/2019\/08\/dsf4083.jpg\" \/>\n\t<meta property=\"og:image:width\" content=\"1024\" \/>\n\t<meta property=\"og:image:height\" content=\"768\" \/>\n\t<meta property=\"og:image:type\" content=\"image\/jpeg\" \/>\n<meta name=\"author\" content=\"Rainer Ro\u00dfbach\" \/>\n<meta name=\"twitter:card\" content=\"summary_large_image\" \/>\n<meta name=\"twitter:label1\" content=\"Verfasst von\" \/>\n\t<meta name=\"twitter:data1\" content=\"Rainer Ro\u00dfbach\" \/>\n\t<meta name=\"twitter:label2\" content=\"Gesch\u00e4tzte Lesezeit\" \/>\n\t<meta name=\"twitter:data2\" content=\"3\u00a0Minuten\" \/>\n<script type=\"application\/ld+json\" class=\"yoast-schema-graph\">{\"@context\":\"https:\\\/\\\/schema.org\",\"@graph\":[{\"@type\":\"Article\",\"@id\":\"https:\\\/\\\/www.enzo-und-ferdinand.de\\\/index.php\\\/2019\\\/09\\\/26\\\/bugatti-eb110-1991-1995\\\/#article\",\"isPartOf\":{\"@id\":\"https:\\\/\\\/www.enzo-und-ferdinand.de\\\/index.php\\\/2019\\\/09\\\/26\\\/bugatti-eb110-1991-1995\\\/\"},\"author\":{\"name\":\"Rainer Ro\u00dfbach\",\"@id\":\"https:\\\/\\\/www.enzo-und-ferdinand.de\\\/#\\\/schema\\\/person\\\/aff2eb9ff87705987c1b9d21fe10b095\"},\"headline\":\"Bugatti EB110 (1991\u20131995)\",\"datePublished\":\"2019-09-26T10:04:32+00:00\",\"dateModified\":\"2025-12-28T11:05:07+00:00\",\"mainEntityOfPage\":{\"@id\":\"https:\\\/\\\/www.enzo-und-ferdinand.de\\\/index.php\\\/2019\\\/09\\\/26\\\/bugatti-eb110-1991-1995\\\/\"},\"wordCount\":309,\"publisher\":{\"@id\":\"https:\\\/\\\/www.enzo-und-ferdinand.de\\\/#organization\"},\"image\":{\"@id\":\"https:\\\/\\\/www.enzo-und-ferdinand.de\\\/index.php\\\/2019\\\/09\\\/26\\\/bugatti-eb110-1991-1995\\\/#primaryimage\"},\"thumbnailUrl\":\"https:\\\/\\\/www.enzo-und-ferdinand.de\\\/wp-content\\\/uploads\\\/2019\\\/08\\\/dsf4083.jpg\",\"keywords\":[\"Bugatti\",\"Bugatti EB110\"],\"articleSection\":[\"Hypercar\",\"Ikonen\",\"Performance\"],\"inLanguage\":\"de\"},{\"@type\":\"WebPage\",\"@id\":\"https:\\\/\\\/www.enzo-und-ferdinand.de\\\/index.php\\\/2019\\\/09\\\/26\\\/bugatti-eb110-1991-1995\\\/\",\"url\":\"https:\\\/\\\/www.enzo-und-ferdinand.de\\\/index.php\\\/2019\\\/09\\\/26\\\/bugatti-eb110-1991-1995\\\/\",\"name\":\"Bugatti EB110 (1991\u20131995)\",\"isPartOf\":{\"@id\":\"https:\\\/\\\/www.enzo-und-ferdinand.de\\\/#website\"},\"primaryImageOfPage\":{\"@id\":\"https:\\\/\\\/www.enzo-und-ferdinand.de\\\/index.php\\\/2019\\\/09\\\/26\\\/bugatti-eb110-1991-1995\\\/#primaryimage\"},\"image\":{\"@id\":\"https:\\\/\\\/www.enzo-und-ferdinand.de\\\/index.php\\\/2019\\\/09\\\/26\\\/bugatti-eb110-1991-1995\\\/#primaryimage\"},\"thumbnailUrl\":\"https:\\\/\\\/www.enzo-und-ferdinand.de\\\/wp-content\\\/uploads\\\/2019\\\/08\\\/dsf4083.jpg\",\"datePublished\":\"2019-09-26T10:04:32+00:00\",\"dateModified\":\"2025-12-28T11:05:07+00:00\",\"description\":\"Bugatti EB110\",\"breadcrumb\":{\"@id\":\"https:\\\/\\\/www.enzo-und-ferdinand.de\\\/index.php\\\/2019\\\/09\\\/26\\\/bugatti-eb110-1991-1995\\\/#breadcrumb\"},\"inLanguage\":\"de\",\"potentialAction\":[{\"@type\":\"ReadAction\",\"target\":[\"https:\\\/\\\/www.enzo-und-ferdinand.de\\\/index.php\\\/2019\\\/09\\\/26\\\/bugatti-eb110-1991-1995\\\/\"]}]},{\"@type\":\"ImageObject\",\"inLanguage\":\"de\",\"@id\":\"https:\\\/\\\/www.enzo-und-ferdinand.de\\\/index.php\\\/2019\\\/09\\\/26\\\/bugatti-eb110-1991-1995\\\/#primaryimage\",\"url\":\"https:\\\/\\\/www.enzo-und-ferdinand.de\\\/wp-content\\\/uploads\\\/2019\\\/08\\\/dsf4083.jpg\",\"contentUrl\":\"https:\\\/\\\/www.enzo-und-ferdinand.de\\\/wp-content\\\/uploads\\\/2019\\\/08\\\/dsf4083.jpg\",\"width\":1024,\"height\":768,\"caption\":\"Bugatti EB110\"},{\"@type\":\"BreadcrumbList\",\"@id\":\"https:\\\/\\\/www.enzo-und-ferdinand.de\\\/index.php\\\/2019\\\/09\\\/26\\\/bugatti-eb110-1991-1995\\\/#breadcrumb\",\"itemListElement\":[{\"@type\":\"ListItem\",\"position\":1,\"name\":\"Startseite\",\"item\":\"https:\\\/\\\/www.enzo-und-ferdinand.de\\\/\"},{\"@type\":\"ListItem\",\"position\":2,\"name\":\"Bugatti EB110 (1991\u20131995)\"}]},{\"@type\":\"WebSite\",\"@id\":\"https:\\\/\\\/www.enzo-und-ferdinand.de\\\/#website\",\"url\":\"https:\\\/\\\/www.enzo-und-ferdinand.de\\\/\",\"name\":\"enzo & Ferdinand\",\"description\":\"\",\"publisher\":{\"@id\":\"https:\\\/\\\/www.enzo-und-ferdinand.de\\\/#organization\"},\"potentialAction\":[{\"@type\":\"SearchAction\",\"target\":{\"@type\":\"EntryPoint\",\"urlTemplate\":\"https:\\\/\\\/www.enzo-und-ferdinand.de\\\/?s={search_term_string}\"},\"query-input\":{\"@type\":\"PropertyValueSpecification\",\"valueRequired\":true,\"valueName\":\"search_term_string\"}}],\"inLanguage\":\"de\"},{\"@type\":\"Organization\",\"@id\":\"https:\\\/\\\/www.enzo-und-ferdinand.de\\\/#organization\",\"name\":\"enzo & Ferdinand\",\"url\":\"https:\\\/\\\/www.enzo-und-ferdinand.de\\\/\",\"logo\":{\"@type\":\"ImageObject\",\"inLanguage\":\"de\",\"@id\":\"https:\\\/\\\/www.enzo-und-ferdinand.de\\\/#\\\/schema\\\/logo\\\/image\\\/\",\"url\":\"https:\\\/\\\/www.enzo-und-ferdinand.de\\\/wp-content\\\/uploads\\\/2018\\\/12\\\/revvvs-icon.png\",\"contentUrl\":\"https:\\\/\\\/www.enzo-und-ferdinand.de\\\/wp-content\\\/uploads\\\/2018\\\/12\\\/revvvs-icon.png\",\"width\":512,\"height\":512,\"caption\":\"enzo & Ferdinand\"},\"image\":{\"@id\":\"https:\\\/\\\/www.enzo-und-ferdinand.de\\\/#\\\/schema\\\/logo\\\/image\\\/\"}},{\"@type\":\"Person\",\"@id\":\"https:\\\/\\\/www.enzo-und-ferdinand.de\\\/#\\\/schema\\\/person\\\/aff2eb9ff87705987c1b9d21fe10b095\",\"name\":\"Rainer Ro\u00dfbach\",\"image\":{\"@type\":\"ImageObject\",\"inLanguage\":\"de\",\"@id\":\"https:\\\/\\\/www.enzo-und-ferdinand.de\\\/wp-content\\\/uploads\\\/2026\\\/01\\\/Rainer-Rossbach-150x150.jpg\",\"url\":\"https:\\\/\\\/www.enzo-und-ferdinand.de\\\/wp-content\\\/uploads\\\/2026\\\/01\\\/Rainer-Rossbach-150x150.jpg\",\"contentUrl\":\"https:\\\/\\\/www.enzo-und-ferdinand.de\\\/wp-content\\\/uploads\\\/2026\\\/01\\\/Rainer-Rossbach-150x150.jpg\",\"caption\":\"Rainer Ro\u00dfbach\"},\"url\":\"https:\\\/\\\/www.enzo-und-ferdinand.de\\\/index.php\\\/author\\\/redaktion\\\/\"}]}<\/script>\n<!-- \/ Yoast SEO plugin. -->","yoast_head_json":{"title":"Bugatti EB110 (1991\u20131995)","description":"Bugatti EB110","robots":{"index":"index","follow":"follow","max-snippet":"max-snippet:-1","max-image-preview":"max-image-preview:large","max-video-preview":"max-video-preview:-1"},"canonical":"https:\/\/www.enzo-und-ferdinand.de\/index.php\/2019\/09\/26\/bugatti-eb110-1991-1995\/","og_locale":"de_DE","og_type":"article","og_title":"Bugatti EB110 (1991\u20131995)","og_description":"Bugatti EB110","og_url":"https:\/\/www.enzo-und-ferdinand.de\/index.php\/2019\/09\/26\/bugatti-eb110-1991-1995\/","og_site_name":"enzo &amp; Ferdinand","article_published_time":"2019-09-26T10:04:32+00:00","article_modified_time":"2025-12-28T11:05:07+00:00","og_image":[{"width":1024,"height":768,"url":"https:\/\/www.enzo-und-ferdinand.de\/wp-content\/uploads\/2019\/08\/dsf4083.jpg","type":"image\/jpeg"}],"author":"Rainer Ro\u00dfbach","twitter_card":"summary_large_image","twitter_misc":{"Verfasst von":"Rainer Ro\u00dfbach","Gesch\u00e4tzte Lesezeit":"3\u00a0Minuten"},"schema":{"@context":"https:\/\/schema.org","@graph":[{"@type":"Article","@id":"https:\/\/www.enzo-und-ferdinand.de\/index.php\/2019\/09\/26\/bugatti-eb110-1991-1995\/#article","isPartOf":{"@id":"https:\/\/www.enzo-und-ferdinand.de\/index.php\/2019\/09\/26\/bugatti-eb110-1991-1995\/"},"author":{"name":"Rainer Ro\u00dfbach","@id":"https:\/\/www.enzo-und-ferdinand.de\/#\/schema\/person\/aff2eb9ff87705987c1b9d21fe10b095"},"headline":"Bugatti EB110 (1991\u20131995)","datePublished":"2019-09-26T10:04:32+00:00","dateModified":"2025-12-28T11:05:07+00:00","mainEntityOfPage":{"@id":"https:\/\/www.enzo-und-ferdinand.de\/index.php\/2019\/09\/26\/bugatti-eb110-1991-1995\/"},"wordCount":309,"publisher":{"@id":"https:\/\/www.enzo-und-ferdinand.de\/#organization"},"image":{"@id":"https:\/\/www.enzo-und-ferdinand.de\/index.php\/2019\/09\/26\/bugatti-eb110-1991-1995\/#primaryimage"},"thumbnailUrl":"https:\/\/www.enzo-und-ferdinand.de\/wp-content\/uploads\/2019\/08\/dsf4083.jpg","keywords":["Bugatti","Bugatti EB110"],"articleSection":["Hypercar","Ikonen","Performance"],"inLanguage":"de"},{"@type":"WebPage","@id":"https:\/\/www.enzo-und-ferdinand.de\/index.php\/2019\/09\/26\/bugatti-eb110-1991-1995\/","url":"https:\/\/www.enzo-und-ferdinand.de\/index.php\/2019\/09\/26\/bugatti-eb110-1991-1995\/","name":"Bugatti EB110 (1991\u20131995)","isPartOf":{"@id":"https:\/\/www.enzo-und-ferdinand.de\/#website"},"primaryImageOfPage":{"@id":"https:\/\/www.enzo-und-ferdinand.de\/index.php\/2019\/09\/26\/bugatti-eb110-1991-1995\/#primaryimage"},"image":{"@id":"https:\/\/www.enzo-und-ferdinand.de\/index.php\/2019\/09\/26\/bugatti-eb110-1991-1995\/#primaryimage"},"thumbnailUrl":"https:\/\/www.enzo-und-ferdinand.de\/wp-content\/uploads\/2019\/08\/dsf4083.jpg","datePublished":"2019-09-26T10:04:32+00:00","dateModified":"2025-12-28T11:05:07+00:00","description":"Bugatti EB110","breadcrumb":{"@id":"https:\/\/www.enzo-und-ferdinand.de\/index.php\/2019\/09\/26\/bugatti-eb110-1991-1995\/#breadcrumb"},"inLanguage":"de","potentialAction":[{"@type":"ReadAction","target":["https:\/\/www.enzo-und-ferdinand.de\/index.php\/2019\/09\/26\/bugatti-eb110-1991-1995\/"]}]},{"@type":"ImageObject","inLanguage":"de","@id":"https:\/\/www.enzo-und-ferdinand.de\/index.php\/2019\/09\/26\/bugatti-eb110-1991-1995\/#primaryimage","url":"https:\/\/www.enzo-und-ferdinand.de\/wp-content\/uploads\/2019\/08\/dsf4083.jpg","contentUrl":"https:\/\/www.enzo-und-ferdinand.de\/wp-content\/uploads\/2019\/08\/dsf4083.jpg","width":1024,"height":768,"caption":"Bugatti EB110"},{"@type":"BreadcrumbList","@id":"https:\/\/www.enzo-und-ferdinand.de\/index.php\/2019\/09\/26\/bugatti-eb110-1991-1995\/#breadcrumb","itemListElement":[{"@type":"ListItem","position":1,"name":"Startseite","item":"https:\/\/www.enzo-und-ferdinand.de\/"},{"@type":"ListItem","position":2,"name":"Bugatti EB110 (1991\u20131995)"}]},{"@type":"WebSite","@id":"https:\/\/www.enzo-und-ferdinand.de\/#website","url":"https:\/\/www.enzo-und-ferdinand.de\/","name":"enzo & Ferdinand","description":"","publisher":{"@id":"https:\/\/www.enzo-und-ferdinand.de\/#organization"},"potentialAction":[{"@type":"SearchAction","target":{"@type":"EntryPoint","urlTemplate":"https:\/\/www.enzo-und-ferdinand.de\/?s={search_term_string}"},"query-input":{"@type":"PropertyValueSpecification","valueRequired":true,"valueName":"search_term_string"}}],"inLanguage":"de"},{"@type":"Organization","@id":"https:\/\/www.enzo-und-ferdinand.de\/#organization","name":"enzo & Ferdinand","url":"https:\/\/www.enzo-und-ferdinand.de\/","logo":{"@type":"ImageObject","inLanguage":"de","@id":"https:\/\/www.enzo-und-ferdinand.de\/#\/schema\/logo\/image\/","url":"https:\/\/www.enzo-und-ferdinand.de\/wp-content\/uploads\/2018\/12\/revvvs-icon.png","contentUrl":"https:\/\/www.enzo-und-ferdinand.de\/wp-content\/uploads\/2018\/12\/revvvs-icon.png","width":512,"height":512,"caption":"enzo & Ferdinand"},"image":{"@id":"https:\/\/www.enzo-und-ferdinand.de\/#\/schema\/logo\/image\/"}},{"@type":"Person","@id":"https:\/\/www.enzo-und-ferdinand.de\/#\/schema\/person\/aff2eb9ff87705987c1b9d21fe10b095","name":"Rainer Ro\u00dfbach","image":{"@type":"ImageObject","inLanguage":"de","@id":"https:\/\/www.enzo-und-ferdinand.de\/wp-content\/uploads\/2026\/01\/Rainer-Rossbach-150x150.jpg","url":"https:\/\/www.enzo-und-ferdinand.de\/wp-content\/uploads\/2026\/01\/Rainer-Rossbach-150x150.jpg","contentUrl":"https:\/\/www.enzo-und-ferdinand.de\/wp-content\/uploads\/2026\/01\/Rainer-Rossbach-150x150.jpg","caption":"Rainer Ro\u00dfbach"},"url":"https:\/\/www.enzo-und-ferdinand.de\/index.php\/author\/redaktion\/"}]}},"_links":{"self":[{"href":"https:\/\/www.enzo-und-ferdinand.de\/index.php\/wp-json\/wp\/v2\/posts\/5170","targetHints":{"allow":["GET"]}}],"collection":[{"href":"https:\/\/www.enzo-und-ferdinand.de\/index.php\/wp-json\/wp\/v2\/posts"}],"about":[{"href":"https:\/\/www.enzo-und-ferdinand.de\/index.php\/wp-json\/wp\/v2\/types\/post"}],"author":[{"embeddable":true,"href":"https:\/\/www.enzo-und-ferdinand.de\/index.php\/wp-json\/wp\/v2\/users\/1"}],"replies":[{"embeddable":true,"href":"https:\/\/www.enzo-und-ferdinand.de\/index.php\/wp-json\/wp\/v2\/comments?post=5170"}],"version-history":[{"count":20,"href":"https:\/\/www.enzo-und-ferdinand.de\/index.php\/wp-json\/wp\/v2\/posts\/5170\/revisions"}],"predecessor-version":[{"id":5653,"href":"https:\/\/www.enzo-und-ferdinand.de\/index.php\/wp-json\/wp\/v2\/posts\/5170\/revisions\/5653"}],"wp:featuredmedia":[{"embeddable":true,"href":"https:\/\/www.enzo-und-ferdinand.de\/index.php\/wp-json\/wp\/v2\/media\/5459"}],"wp:attachment":[{"href":"https:\/\/www.enzo-und-ferdinand.de\/index.php\/wp-json\/wp\/v2\/media?parent=5170"}],"wp:term":[{"taxonomy":"category","embeddable":true,"href":"https:\/\/www.enzo-und-ferdinand.de\/index.php\/wp-json\/wp\/v2\/categories?post=5170"},{"taxonomy":"post_tag","embeddable":true,"href":"https:\/\/www.enzo-und-ferdinand.de\/index.php\/wp-json\/wp\/v2\/tags?post=5170"}],"curies":[{"name":"wp","href":"https:\/\/api.w.org\/{rel}","templated":true}]}}