{"id":5194,"date":"2019-08-29T00:08:20","date_gmt":"2019-08-28T22:08:20","guid":{"rendered":"http:\/\/www.enzo-und-ferdinand.de\/?p=5194"},"modified":"2025-12-28T11:47:44","modified_gmt":"2025-12-28T10:47:44","slug":"porsche-99x-electric-formel-e","status":"publish","type":"post","link":"https:\/\/www.enzo-und-ferdinand.de\/index.php\/2019\/08\/29\/porsche-99x-electric-formel-e\/","title":{"rendered":"Porsche 99X Electric Formel-E"},"content":{"rendered":"\n<figure class=\"wp-block-image\"><img loading=\"lazy\" decoding=\"async\" width=\"810\" height=\"543\" src=\"https:\/\/www.enzo-und-ferdinand.de\/wp-content\/uploads\/2019\/08\/M19_4397_fine-810x543.jpg\" alt=\"\" class=\"wp-image-5201\" srcset=\"https:\/\/www.enzo-und-ferdinand.de\/wp-content\/uploads\/2019\/08\/M19_4397_fine-810x543.jpg 810w, https:\/\/www.enzo-und-ferdinand.de\/wp-content\/uploads\/2019\/08\/M19_4397_fine-300x201.jpg 300w, https:\/\/www.enzo-und-ferdinand.de\/wp-content\/uploads\/2019\/08\/M19_4397_fine-768x515.jpg 768w, https:\/\/www.enzo-und-ferdinand.de\/wp-content\/uploads\/2019\/08\/M19_4397_fine-120x80.jpg 120w, https:\/\/www.enzo-und-ferdinand.de\/wp-content\/uploads\/2019\/08\/M19_4397_fine.jpg 1024w\" sizes=\"auto, (max-width: 810px) 100vw, 810px\" \/><\/figure>\n\n\n\n<p class=\"wp-block-paragraph\">Nach mehr als 30 Jahren kehrt Porsche in den Formelsport zur\u00fcck. Die Zuffenhauser werden mit dem neuentwickelten 99X Electric in die FIA Formel-E-Meisterschaft 2019\/2020 einsteigen. Pascal Zurlinden, seit 2018 Gesamtprojektleiter GT-Werksmotorsport, \u00fcbernimmt als Gesamtprojektleiter Werksmotorsport neben seiner Rolle im GT-Werkssport nun auch das Formel-E-Team. Als Piloten wurden&nbsp; Neel Jani und Andr\u00e9 Lotterer verpflichtet.<\/p>\n\n\n\n<p class=\"wp-block-paragraph\">Die Entwicklung des \u201ePorsche E-Performance Powertrain\u201c genannten Antriebsstrangs stand von Beginn des Projekts im Zentrum.&nbsp; Denn w\u00e4hrend Design von Chassis und Batterie als Standard festgeschrieben sind, k\u00f6nnen die Antriebstechnologien selbst entwickelt werden.&nbsp;<\/p>\n\n\n\n<figure class=\"wp-block-image size-large\"><img loading=\"lazy\" decoding=\"async\" width=\"810\" height=\"540\" src=\"https:\/\/www.enzo-und-ferdinand.de\/wp-content\/uploads\/2019\/08\/M19_4404_fine-1-810x540.jpg\" alt=\"Porsche 99X Electric Formel-E\" class=\"wp-image-5214\" srcset=\"https:\/\/www.enzo-und-ferdinand.de\/wp-content\/uploads\/2019\/08\/M19_4404_fine-1-810x540.jpg 810w, https:\/\/www.enzo-und-ferdinand.de\/wp-content\/uploads\/2019\/08\/M19_4404_fine-1-300x200.jpg 300w, https:\/\/www.enzo-und-ferdinand.de\/wp-content\/uploads\/2019\/08\/M19_4404_fine-1-768x512.jpg 768w, https:\/\/www.enzo-und-ferdinand.de\/wp-content\/uploads\/2019\/08\/M19_4404_fine-1-120x80.jpg 120w, https:\/\/www.enzo-und-ferdinand.de\/wp-content\/uploads\/2019\/08\/M19_4404_fine-1.jpg 1024w\" sizes=\"auto, (max-width: 810px) 100vw, 810px\" \/><\/figure>\n\n\n\n<p class=\"wp-block-paragraph\">Die Ingenieure konnten bei der Entwicklung des Antriebsstrangs auf Erfahrungen mit dem Le-Mans-Gewinner 919 zur\u00fcckgreifen. Dessen Hybridtechnologie bildete den Grundstein f\u00fcr das k\u00fcnftige Engagement der Stuttgarter in der Formel E. Die damit gewonnenen Erkenntnisse f\u00fchrten zu einem hocheffizienten Antriebsstrang mit h\u00f6chstem Wirkungsgrad. Energiemanagement und -effizienz sind sowohl in der Formel E als auch in der Serienentwicklung, etwa beim kommenden vollelektrischen Taycan, wichtige Erfolgsfaktoren. Hier kommt die permanent erregte Synchronmaschine ins Spiel, die bei der Optimierung des Antriebskonzepts eine bedeutende Rolle einnimmt.&nbsp;<\/p>\n\n\n\n<figure class=\"wp-block-image\"><img loading=\"lazy\" decoding=\"async\" width=\"810\" height=\"548\" src=\"https:\/\/www.enzo-und-ferdinand.de\/wp-content\/uploads\/2019\/08\/M19_4402_fine-810x548.jpg\" alt=\"v\" class=\"wp-image-5206\" srcset=\"https:\/\/www.enzo-und-ferdinand.de\/wp-content\/uploads\/2019\/08\/M19_4402_fine-810x548.jpg 810w, https:\/\/www.enzo-und-ferdinand.de\/wp-content\/uploads\/2019\/08\/M19_4402_fine-300x203.jpg 300w, https:\/\/www.enzo-und-ferdinand.de\/wp-content\/uploads\/2019\/08\/M19_4402_fine-768x520.jpg 768w, https:\/\/www.enzo-und-ferdinand.de\/wp-content\/uploads\/2019\/08\/M19_4402_fine-120x80.jpg 120w, https:\/\/www.enzo-und-ferdinand.de\/wp-content\/uploads\/2019\/08\/M19_4402_fine.jpg 1024w\" sizes=\"auto, (max-width: 810px) 100vw, 810px\" \/><\/figure>\n\n\n\n<p class=\"wp-block-paragraph\">F\u00fcr das Design des Formel-E-Rennwagen fiel die Wahl auf die klassischen Porschefarben. Aus der Vogelperspektive ist ein Porsche-Wappen rund um den Halo zu erkennen. Der Name des Monoposto besteht Porsche-typisch aus drei Ziffern. Die h\u00f6chste Zahl, neun, wurde zweimal vergeben, um den Stellenwert des Formel-E-Projekts f\u00fcr Porsche zu unterstreichen, w\u00e4hrend das X f\u00fcr Zukunftsorientierung steht. Der erste Auftritt des Teams ist Mitte Oktober 2019 beim Formel-E-Test im spanischen Valencia, das erste Rennen folgt dann im November.<\/p>\n\n\n\n<p class=\"wp-block-paragraph\">Der Einstieg in die Formel E leitet sich aus der Porsche-Strategie 2025 ab. Neben GT-Stra\u00dfensportwagen wird es in dieser auch vollelektrische Sportwagen geben. Der Porsche 99X Electric dient auch als Entwicklungstr\u00e4ger f\u00fcr k\u00fcnftige vollelektrische Serienfahrzeuge.&nbsp;Denn bei der Hybrid- und der elektrischen Antriebstechnologie befruchten sich Rennsport und Serie bei Porsche schon seit rund einem Jahrzehnt: Der erste Hybrid-Rennwagen, der 911 GT3 R Hybrid von 2010, beeinflu\u00dfte die Entwicklung des 918 Spyder und der wiederum war partiell Basis f\u00fcr den 919 Hybrid. Dieser nahm seinerseits wieder Einfluss auf die Entwicklung des Formel-E-Antriebsstrangs sowie den Taycan-Seriensportwagen.<\/p>\n\n\n\n<figure class=\"wp-block-image\"><img loading=\"lazy\" decoding=\"async\" width=\"810\" height=\"540\" src=\"https:\/\/www.enzo-und-ferdinand.de\/wp-content\/uploads\/2019\/08\/M19_4396_fine-810x540.jpg\" alt=\"Porsche 99X Electric Formel-E\" class=\"wp-image-5208\" srcset=\"https:\/\/www.enzo-und-ferdinand.de\/wp-content\/uploads\/2019\/08\/M19_4396_fine-810x540.jpg 810w, https:\/\/www.enzo-und-ferdinand.de\/wp-content\/uploads\/2019\/08\/M19_4396_fine-300x200.jpg 300w, https:\/\/www.enzo-und-ferdinand.de\/wp-content\/uploads\/2019\/08\/M19_4396_fine-768x512.jpg 768w, https:\/\/www.enzo-und-ferdinand.de\/wp-content\/uploads\/2019\/08\/M19_4396_fine-120x80.jpg 120w, https:\/\/www.enzo-und-ferdinand.de\/wp-content\/uploads\/2019\/08\/M19_4396_fine.jpg 1024w\" sizes=\"auto, (max-width: 810px) 100vw, 810px\" \/><\/figure>\n\n\n\n<p class=\"has-text-align-right has-small-font-size wp-block-paragraph\">Fotos: Porsche\/Text: Rainer Ro\u00dfbach<\/p>\n","protected":false},"excerpt":{"rendered":"<p>Nach mehr als 30 Jahren kehrt Porsche in den Formelsport zur\u00fcck. Die Zuffenhauser werden mit dem neuentwickelten 99X Electric in die FIA Formel-E-Meisterschaft 2019\/2020 einsteigen. Pascal Zurlinden, seit 2018 Gesamtprojektleiter GT-Werksmotorsport, \u00fcbernimmt als Gesamtprojektleiter Werksmotorsport neben seiner Rolle im GT-Werkssport nun auch das Formel-E-Team. Als Piloten wurden  Neel Jani und Andr\u00e9 Lotterer verpflichtet. Die Entwicklung des \u201ePorsche E-Performance Powertrain\u201c genannten Antriebsstrangs stand von Beginn des Projekts im Zentrum.  Denn w\u00e4hrend Design von Chassis und Batterie als Standard festgeschrieben sind, k\u00f6nnen die Antriebstechnologien selbst entwickelt werden.  Die Ingenieure konnten bei der Entwicklung des Antriebsstrangs auf Erfahrungen mit dem Le-Mans-Gewinner 919 zur\u00fcckgreifen.<\/p>\n","protected":false},"author":1,"featured_media":5200,"comment_status":"closed","ping_status":"closed","sticky":false,"template":"","format":"standard","meta":{"_crdt_document":"","ngg_post_thumbnail":0,"footnotes":""},"categories":[23,5],"tags":[510,574,201,370],"class_list":["post-5194","post","type-post","status-publish","format-standard","has-post-thumbnail","hentry","category-performance","category-rennsport","tag-elektro","tag-formel-e","tag-porsche","tag-porsche-99x-electric-formel-e"],"yoast_head":"<!-- This site is optimized with the Yoast SEO plugin v27.5 - https:\/\/yoast.com\/product\/yoast-seo-wordpress\/ -->\n<title>Porsche 99X Electric Formel-E<\/title>\n<meta name=\"description\" content=\"Porsche 99X Electric Formel-E\" \/>\n<meta name=\"robots\" content=\"index, follow, max-snippet:-1, max-image-preview:large, max-video-preview:-1\" \/>\n<link rel=\"canonical\" href=\"https:\/\/www.enzo-und-ferdinand.de\/index.php\/2019\/08\/29\/porsche-99x-electric-formel-e\/\" \/>\n<meta property=\"og:locale\" content=\"de_DE\" \/>\n<meta property=\"og:type\" content=\"article\" \/>\n<meta property=\"og:title\" content=\"Porsche 99X Electric Formel-E\" \/>\n<meta property=\"og:description\" content=\"Porsche 99X Electric Formel-E\" \/>\n<meta property=\"og:url\" content=\"https:\/\/www.enzo-und-ferdinand.de\/index.php\/2019\/08\/29\/porsche-99x-electric-formel-e\/\" \/>\n<meta property=\"og:site_name\" content=\"enzo &amp; Ferdinand\" \/>\n<meta property=\"article:published_time\" content=\"2019-08-28T22:08:20+00:00\" \/>\n<meta property=\"article:modified_time\" content=\"2025-12-28T10:47:44+00:00\" \/>\n<meta property=\"og:image\" content=\"https:\/\/www.enzo-und-ferdinand.de\/wp-content\/uploads\/2019\/08\/M19_4400_fine.jpg\" \/>\n\t<meta property=\"og:image:width\" content=\"1024\" \/>\n\t<meta property=\"og:image:height\" content=\"657\" \/>\n\t<meta property=\"og:image:type\" content=\"image\/jpeg\" \/>\n<meta name=\"author\" content=\"Rainer Ro\u00dfbach\" \/>\n<meta name=\"twitter:card\" content=\"summary_large_image\" \/>\n<meta name=\"twitter:label1\" content=\"Verfasst von\" \/>\n\t<meta name=\"twitter:data1\" content=\"Rainer Ro\u00dfbach\" \/>\n\t<meta name=\"twitter:label2\" content=\"Gesch\u00e4tzte Lesezeit\" \/>\n\t<meta name=\"twitter:data2\" content=\"3\u00a0Minuten\" \/>\n<script type=\"application\/ld+json\" class=\"yoast-schema-graph\">{\"@context\":\"https:\\\/\\\/schema.org\",\"@graph\":[{\"@type\":\"Article\",\"@id\":\"https:\\\/\\\/www.enzo-und-ferdinand.de\\\/index.php\\\/2019\\\/08\\\/29\\\/porsche-99x-electric-formel-e\\\/#article\",\"isPartOf\":{\"@id\":\"https:\\\/\\\/www.enzo-und-ferdinand.de\\\/index.php\\\/2019\\\/08\\\/29\\\/porsche-99x-electric-formel-e\\\/\"},\"author\":{\"name\":\"Rainer Ro\u00dfbach\",\"@id\":\"https:\\\/\\\/www.enzo-und-ferdinand.de\\\/#\\\/schema\\\/person\\\/aff2eb9ff87705987c1b9d21fe10b095\"},\"headline\":\"Porsche 99X Electric Formel-E\",\"datePublished\":\"2019-08-28T22:08:20+00:00\",\"dateModified\":\"2025-12-28T10:47:44+00:00\",\"mainEntityOfPage\":{\"@id\":\"https:\\\/\\\/www.enzo-und-ferdinand.de\\\/index.php\\\/2019\\\/08\\\/29\\\/porsche-99x-electric-formel-e\\\/\"},\"wordCount\":360,\"publisher\":{\"@id\":\"https:\\\/\\\/www.enzo-und-ferdinand.de\\\/#organization\"},\"image\":{\"@id\":\"https:\\\/\\\/www.enzo-und-ferdinand.de\\\/index.php\\\/2019\\\/08\\\/29\\\/porsche-99x-electric-formel-e\\\/#primaryimage\"},\"thumbnailUrl\":\"https:\\\/\\\/www.enzo-und-ferdinand.de\\\/wp-content\\\/uploads\\\/2019\\\/08\\\/M19_4400_fine.jpg\",\"keywords\":[\"Elektro\",\"Formel E\",\"Porsche\",\"Porsche 99X Electric Formel-E\"],\"articleSection\":[\"Performance\",\"Rennsport\"],\"inLanguage\":\"de\"},{\"@type\":\"WebPage\",\"@id\":\"https:\\\/\\\/www.enzo-und-ferdinand.de\\\/index.php\\\/2019\\\/08\\\/29\\\/porsche-99x-electric-formel-e\\\/\",\"url\":\"https:\\\/\\\/www.enzo-und-ferdinand.de\\\/index.php\\\/2019\\\/08\\\/29\\\/porsche-99x-electric-formel-e\\\/\",\"name\":\"Porsche 99X Electric Formel-E\",\"isPartOf\":{\"@id\":\"https:\\\/\\\/www.enzo-und-ferdinand.de\\\/#website\"},\"primaryImageOfPage\":{\"@id\":\"https:\\\/\\\/www.enzo-und-ferdinand.de\\\/index.php\\\/2019\\\/08\\\/29\\\/porsche-99x-electric-formel-e\\\/#primaryimage\"},\"image\":{\"@id\":\"https:\\\/\\\/www.enzo-und-ferdinand.de\\\/index.php\\\/2019\\\/08\\\/29\\\/porsche-99x-electric-formel-e\\\/#primaryimage\"},\"thumbnailUrl\":\"https:\\\/\\\/www.enzo-und-ferdinand.de\\\/wp-content\\\/uploads\\\/2019\\\/08\\\/M19_4400_fine.jpg\",\"datePublished\":\"2019-08-28T22:08:20+00:00\",\"dateModified\":\"2025-12-28T10:47:44+00:00\",\"description\":\"Porsche 99X Electric Formel-E\",\"breadcrumb\":{\"@id\":\"https:\\\/\\\/www.enzo-und-ferdinand.de\\\/index.php\\\/2019\\\/08\\\/29\\\/porsche-99x-electric-formel-e\\\/#breadcrumb\"},\"inLanguage\":\"de\",\"potentialAction\":[{\"@type\":\"ReadAction\",\"target\":[\"https:\\\/\\\/www.enzo-und-ferdinand.de\\\/index.php\\\/2019\\\/08\\\/29\\\/porsche-99x-electric-formel-e\\\/\"]}]},{\"@type\":\"ImageObject\",\"inLanguage\":\"de\",\"@id\":\"https:\\\/\\\/www.enzo-und-ferdinand.de\\\/index.php\\\/2019\\\/08\\\/29\\\/porsche-99x-electric-formel-e\\\/#primaryimage\",\"url\":\"https:\\\/\\\/www.enzo-und-ferdinand.de\\\/wp-content\\\/uploads\\\/2019\\\/08\\\/M19_4400_fine.jpg\",\"contentUrl\":\"https:\\\/\\\/www.enzo-und-ferdinand.de\\\/wp-content\\\/uploads\\\/2019\\\/08\\\/M19_4400_fine.jpg\",\"width\":1024,\"height\":657,\"caption\":\"v\"},{\"@type\":\"BreadcrumbList\",\"@id\":\"https:\\\/\\\/www.enzo-und-ferdinand.de\\\/index.php\\\/2019\\\/08\\\/29\\\/porsche-99x-electric-formel-e\\\/#breadcrumb\",\"itemListElement\":[{\"@type\":\"ListItem\",\"position\":1,\"name\":\"Startseite\",\"item\":\"https:\\\/\\\/www.enzo-und-ferdinand.de\\\/\"},{\"@type\":\"ListItem\",\"position\":2,\"name\":\"Porsche 99X Electric Formel-E\"}]},{\"@type\":\"WebSite\",\"@id\":\"https:\\\/\\\/www.enzo-und-ferdinand.de\\\/#website\",\"url\":\"https:\\\/\\\/www.enzo-und-ferdinand.de\\\/\",\"name\":\"enzo & Ferdinand\",\"description\":\"\",\"publisher\":{\"@id\":\"https:\\\/\\\/www.enzo-und-ferdinand.de\\\/#organization\"},\"potentialAction\":[{\"@type\":\"SearchAction\",\"target\":{\"@type\":\"EntryPoint\",\"urlTemplate\":\"https:\\\/\\\/www.enzo-und-ferdinand.de\\\/?s={search_term_string}\"},\"query-input\":{\"@type\":\"PropertyValueSpecification\",\"valueRequired\":true,\"valueName\":\"search_term_string\"}}],\"inLanguage\":\"de\"},{\"@type\":\"Organization\",\"@id\":\"https:\\\/\\\/www.enzo-und-ferdinand.de\\\/#organization\",\"name\":\"enzo & Ferdinand\",\"url\":\"https:\\\/\\\/www.enzo-und-ferdinand.de\\\/\",\"logo\":{\"@type\":\"ImageObject\",\"inLanguage\":\"de\",\"@id\":\"https:\\\/\\\/www.enzo-und-ferdinand.de\\\/#\\\/schema\\\/logo\\\/image\\\/\",\"url\":\"https:\\\/\\\/www.enzo-und-ferdinand.de\\\/wp-content\\\/uploads\\\/2018\\\/12\\\/revvvs-icon.png\",\"contentUrl\":\"https:\\\/\\\/www.enzo-und-ferdinand.de\\\/wp-content\\\/uploads\\\/2018\\\/12\\\/revvvs-icon.png\",\"width\":512,\"height\":512,\"caption\":\"enzo & Ferdinand\"},\"image\":{\"@id\":\"https:\\\/\\\/www.enzo-und-ferdinand.de\\\/#\\\/schema\\\/logo\\\/image\\\/\"}},{\"@type\":\"Person\",\"@id\":\"https:\\\/\\\/www.enzo-und-ferdinand.de\\\/#\\\/schema\\\/person\\\/aff2eb9ff87705987c1b9d21fe10b095\",\"name\":\"Rainer Ro\u00dfbach\",\"image\":{\"@type\":\"ImageObject\",\"inLanguage\":\"de\",\"@id\":\"https:\\\/\\\/www.enzo-und-ferdinand.de\\\/wp-content\\\/uploads\\\/2026\\\/01\\\/Rainer-Rossbach-150x150.jpg\",\"url\":\"https:\\\/\\\/www.enzo-und-ferdinand.de\\\/wp-content\\\/uploads\\\/2026\\\/01\\\/Rainer-Rossbach-150x150.jpg\",\"contentUrl\":\"https:\\\/\\\/www.enzo-und-ferdinand.de\\\/wp-content\\\/uploads\\\/2026\\\/01\\\/Rainer-Rossbach-150x150.jpg\",\"caption\":\"Rainer Ro\u00dfbach\"},\"url\":\"https:\\\/\\\/www.enzo-und-ferdinand.de\\\/index.php\\\/author\\\/redaktion\\\/\"}]}<\/script>\n<!-- \/ Yoast SEO plugin. -->","yoast_head_json":{"title":"Porsche 99X Electric Formel-E","description":"Porsche 99X Electric Formel-E","robots":{"index":"index","follow":"follow","max-snippet":"max-snippet:-1","max-image-preview":"max-image-preview:large","max-video-preview":"max-video-preview:-1"},"canonical":"https:\/\/www.enzo-und-ferdinand.de\/index.php\/2019\/08\/29\/porsche-99x-electric-formel-e\/","og_locale":"de_DE","og_type":"article","og_title":"Porsche 99X Electric Formel-E","og_description":"Porsche 99X Electric Formel-E","og_url":"https:\/\/www.enzo-und-ferdinand.de\/index.php\/2019\/08\/29\/porsche-99x-electric-formel-e\/","og_site_name":"enzo &amp; Ferdinand","article_published_time":"2019-08-28T22:08:20+00:00","article_modified_time":"2025-12-28T10:47:44+00:00","og_image":[{"width":1024,"height":657,"url":"https:\/\/www.enzo-und-ferdinand.de\/wp-content\/uploads\/2019\/08\/M19_4400_fine.jpg","type":"image\/jpeg"}],"author":"Rainer Ro\u00dfbach","twitter_card":"summary_large_image","twitter_misc":{"Verfasst von":"Rainer Ro\u00dfbach","Gesch\u00e4tzte Lesezeit":"3\u00a0Minuten"},"schema":{"@context":"https:\/\/schema.org","@graph":[{"@type":"Article","@id":"https:\/\/www.enzo-und-ferdinand.de\/index.php\/2019\/08\/29\/porsche-99x-electric-formel-e\/#article","isPartOf":{"@id":"https:\/\/www.enzo-und-ferdinand.de\/index.php\/2019\/08\/29\/porsche-99x-electric-formel-e\/"},"author":{"name":"Rainer Ro\u00dfbach","@id":"https:\/\/www.enzo-und-ferdinand.de\/#\/schema\/person\/aff2eb9ff87705987c1b9d21fe10b095"},"headline":"Porsche 99X Electric Formel-E","datePublished":"2019-08-28T22:08:20+00:00","dateModified":"2025-12-28T10:47:44+00:00","mainEntityOfPage":{"@id":"https:\/\/www.enzo-und-ferdinand.de\/index.php\/2019\/08\/29\/porsche-99x-electric-formel-e\/"},"wordCount":360,"publisher":{"@id":"https:\/\/www.enzo-und-ferdinand.de\/#organization"},"image":{"@id":"https:\/\/www.enzo-und-ferdinand.de\/index.php\/2019\/08\/29\/porsche-99x-electric-formel-e\/#primaryimage"},"thumbnailUrl":"https:\/\/www.enzo-und-ferdinand.de\/wp-content\/uploads\/2019\/08\/M19_4400_fine.jpg","keywords":["Elektro","Formel E","Porsche","Porsche 99X Electric Formel-E"],"articleSection":["Performance","Rennsport"],"inLanguage":"de"},{"@type":"WebPage","@id":"https:\/\/www.enzo-und-ferdinand.de\/index.php\/2019\/08\/29\/porsche-99x-electric-formel-e\/","url":"https:\/\/www.enzo-und-ferdinand.de\/index.php\/2019\/08\/29\/porsche-99x-electric-formel-e\/","name":"Porsche 99X Electric Formel-E","isPartOf":{"@id":"https:\/\/www.enzo-und-ferdinand.de\/#website"},"primaryImageOfPage":{"@id":"https:\/\/www.enzo-und-ferdinand.de\/index.php\/2019\/08\/29\/porsche-99x-electric-formel-e\/#primaryimage"},"image":{"@id":"https:\/\/www.enzo-und-ferdinand.de\/index.php\/2019\/08\/29\/porsche-99x-electric-formel-e\/#primaryimage"},"thumbnailUrl":"https:\/\/www.enzo-und-ferdinand.de\/wp-content\/uploads\/2019\/08\/M19_4400_fine.jpg","datePublished":"2019-08-28T22:08:20+00:00","dateModified":"2025-12-28T10:47:44+00:00","description":"Porsche 99X Electric Formel-E","breadcrumb":{"@id":"https:\/\/www.enzo-und-ferdinand.de\/index.php\/2019\/08\/29\/porsche-99x-electric-formel-e\/#breadcrumb"},"inLanguage":"de","potentialAction":[{"@type":"ReadAction","target":["https:\/\/www.enzo-und-ferdinand.de\/index.php\/2019\/08\/29\/porsche-99x-electric-formel-e\/"]}]},{"@type":"ImageObject","inLanguage":"de","@id":"https:\/\/www.enzo-und-ferdinand.de\/index.php\/2019\/08\/29\/porsche-99x-electric-formel-e\/#primaryimage","url":"https:\/\/www.enzo-und-ferdinand.de\/wp-content\/uploads\/2019\/08\/M19_4400_fine.jpg","contentUrl":"https:\/\/www.enzo-und-ferdinand.de\/wp-content\/uploads\/2019\/08\/M19_4400_fine.jpg","width":1024,"height":657,"caption":"v"},{"@type":"BreadcrumbList","@id":"https:\/\/www.enzo-und-ferdinand.de\/index.php\/2019\/08\/29\/porsche-99x-electric-formel-e\/#breadcrumb","itemListElement":[{"@type":"ListItem","position":1,"name":"Startseite","item":"https:\/\/www.enzo-und-ferdinand.de\/"},{"@type":"ListItem","position":2,"name":"Porsche 99X Electric Formel-E"}]},{"@type":"WebSite","@id":"https:\/\/www.enzo-und-ferdinand.de\/#website","url":"https:\/\/www.enzo-und-ferdinand.de\/","name":"enzo & Ferdinand","description":"","publisher":{"@id":"https:\/\/www.enzo-und-ferdinand.de\/#organization"},"potentialAction":[{"@type":"SearchAction","target":{"@type":"EntryPoint","urlTemplate":"https:\/\/www.enzo-und-ferdinand.de\/?s={search_term_string}"},"query-input":{"@type":"PropertyValueSpecification","valueRequired":true,"valueName":"search_term_string"}}],"inLanguage":"de"},{"@type":"Organization","@id":"https:\/\/www.enzo-und-ferdinand.de\/#organization","name":"enzo & Ferdinand","url":"https:\/\/www.enzo-und-ferdinand.de\/","logo":{"@type":"ImageObject","inLanguage":"de","@id":"https:\/\/www.enzo-und-ferdinand.de\/#\/schema\/logo\/image\/","url":"https:\/\/www.enzo-und-ferdinand.de\/wp-content\/uploads\/2018\/12\/revvvs-icon.png","contentUrl":"https:\/\/www.enzo-und-ferdinand.de\/wp-content\/uploads\/2018\/12\/revvvs-icon.png","width":512,"height":512,"caption":"enzo & Ferdinand"},"image":{"@id":"https:\/\/www.enzo-und-ferdinand.de\/#\/schema\/logo\/image\/"}},{"@type":"Person","@id":"https:\/\/www.enzo-und-ferdinand.de\/#\/schema\/person\/aff2eb9ff87705987c1b9d21fe10b095","name":"Rainer Ro\u00dfbach","image":{"@type":"ImageObject","inLanguage":"de","@id":"https:\/\/www.enzo-und-ferdinand.de\/wp-content\/uploads\/2026\/01\/Rainer-Rossbach-150x150.jpg","url":"https:\/\/www.enzo-und-ferdinand.de\/wp-content\/uploads\/2026\/01\/Rainer-Rossbach-150x150.jpg","contentUrl":"https:\/\/www.enzo-und-ferdinand.de\/wp-content\/uploads\/2026\/01\/Rainer-Rossbach-150x150.jpg","caption":"Rainer Ro\u00dfbach"},"url":"https:\/\/www.enzo-und-ferdinand.de\/index.php\/author\/redaktion\/"}]}},"_links":{"self":[{"href":"https:\/\/www.enzo-und-ferdinand.de\/index.php\/wp-json\/wp\/v2\/posts\/5194","targetHints":{"allow":["GET"]}}],"collection":[{"href":"https:\/\/www.enzo-und-ferdinand.de\/index.php\/wp-json\/wp\/v2\/posts"}],"about":[{"href":"https:\/\/www.enzo-und-ferdinand.de\/index.php\/wp-json\/wp\/v2\/types\/post"}],"author":[{"embeddable":true,"href":"https:\/\/www.enzo-und-ferdinand.de\/index.php\/wp-json\/wp\/v2\/users\/1"}],"replies":[{"embeddable":true,"href":"https:\/\/www.enzo-und-ferdinand.de\/index.php\/wp-json\/wp\/v2\/comments?post=5194"}],"version-history":[{"count":16,"href":"https:\/\/www.enzo-und-ferdinand.de\/index.php\/wp-json\/wp\/v2\/posts\/5194\/revisions"}],"predecessor-version":[{"id":8751,"href":"https:\/\/www.enzo-und-ferdinand.de\/index.php\/wp-json\/wp\/v2\/posts\/5194\/revisions\/8751"}],"wp:featuredmedia":[{"embeddable":true,"href":"https:\/\/www.enzo-und-ferdinand.de\/index.php\/wp-json\/wp\/v2\/media\/5200"}],"wp:attachment":[{"href":"https:\/\/www.enzo-und-ferdinand.de\/index.php\/wp-json\/wp\/v2\/media?parent=5194"}],"wp:term":[{"taxonomy":"category","embeddable":true,"href":"https:\/\/www.enzo-und-ferdinand.de\/index.php\/wp-json\/wp\/v2\/categories?post=5194"},{"taxonomy":"post_tag","embeddable":true,"href":"https:\/\/www.enzo-und-ferdinand.de\/index.php\/wp-json\/wp\/v2\/tags?post=5194"}],"curies":[{"name":"wp","href":"https:\/\/api.w.org\/{rel}","templated":true}]}}