{"id":5249,"date":"2019-09-05T00:02:30","date_gmt":"2019-09-04T22:02:30","guid":{"rendered":"http:\/\/www.enzo-und-ferdinand.de\/?p=5249"},"modified":"2025-12-28T11:46:34","modified_gmt":"2025-12-28T10:46:34","slug":"porsche-taycan","status":"publish","type":"post","link":"https:\/\/www.enzo-und-ferdinand.de\/index.php\/2019\/09\/05\/porsche-taycan\/","title":{"rendered":"Porsche Taycan"},"content":{"rendered":"\n<figure class=\"wp-block-image\"><img loading=\"lazy\" decoding=\"async\" width=\"810\" height=\"515\" src=\"https:\/\/www.enzo-und-ferdinand.de\/wp-content\/uploads\/2019\/09\/P19_0577_a4_rgb-810x515.jpg\" alt=\"Porsche Taycan\" class=\"wp-image-5256\" srcset=\"https:\/\/www.enzo-und-ferdinand.de\/wp-content\/uploads\/2019\/09\/P19_0577_a4_rgb-810x515.jpg 810w, https:\/\/www.enzo-und-ferdinand.de\/wp-content\/uploads\/2019\/09\/P19_0577_a4_rgb-300x191.jpg 300w, https:\/\/www.enzo-und-ferdinand.de\/wp-content\/uploads\/2019\/09\/P19_0577_a4_rgb-768x488.jpg 768w, https:\/\/www.enzo-und-ferdinand.de\/wp-content\/uploads\/2019\/09\/P19_0577_a4_rgb-360x230.jpg 360w, https:\/\/www.enzo-und-ferdinand.de\/wp-content\/uploads\/2019\/09\/P19_0577_a4_rgb-600x380.jpg 600w, https:\/\/www.enzo-und-ferdinand.de\/wp-content\/uploads\/2019\/09\/P19_0577_a4_rgb.jpg 1024w\" sizes=\"auto, (max-width: 810px) 100vw, 810px\" \/><\/figure>\n\n\n\n<p class=\"wp-block-paragraph\">Vom ersten vollelektrischen Sportwagen der Stuttgarter wird es von Beginn an zwei Varianten geben: Der Taycan \u201eTurbo\u201c leistet bis zu 500 KW, was 680 PS entspricht, und der st\u00e4rkere&nbsp; Taycan \u201eTurbo S\u201c bringt es auf bis zu 560 KW: das macht 761 PS. Die Beschleunigungswerte sehen so aus:&nbsp; Dem \u201eTurbo S\u201c reichen 2,8 Sekunden, um auf Tempo 100 kommen, der \u201eTurbo\u201c ben\u00f6tigt 3,2 Sekunden. 200 Stundenkilometer sind in 9,8 Sekunden erreicht. Optisch variiert der Taycan wie der Panamera das 911-Motiv.<\/p>\n\n\n\n<figure class=\"wp-block-image\"><img loading=\"lazy\" decoding=\"async\" width=\"810\" height=\"721\" src=\"https:\/\/www.enzo-und-ferdinand.de\/wp-content\/uploads\/2019\/09\/P19_0582_a4_rgb-810x721.jpg\" alt=\"Porsche Taycan\" class=\"wp-image-5257\" srcset=\"https:\/\/www.enzo-und-ferdinand.de\/wp-content\/uploads\/2019\/09\/P19_0582_a4_rgb-810x721.jpg 810w, https:\/\/www.enzo-und-ferdinand.de\/wp-content\/uploads\/2019\/09\/P19_0582_a4_rgb-300x267.jpg 300w, https:\/\/www.enzo-und-ferdinand.de\/wp-content\/uploads\/2019\/09\/P19_0582_a4_rgb-768x683.jpg 768w, https:\/\/www.enzo-und-ferdinand.de\/wp-content\/uploads\/2019\/09\/P19_0582_a4_rgb.jpg 1024w\" sizes=\"auto, (max-width: 810px) 100vw, 810px\" \/><\/figure>\n\n\n\n<p class=\"wp-block-paragraph\">Um der Kritik an lahmen Ladezeiten etwas entgegenzusetzen, arbeitet Porsche mit einer Systemspannung von 800 Volt. Mit bis zu 270 Kilowatt Ladeleistung sollen sich so in f\u00fcnf Minuten Energie f\u00fcr bis zu 100 Kilometer Reichweite auff\u00fcllen lassen und in immer noch recht langen 22,5 Minuten sind die Akkus dann bis zu 80 Prozent voll. Auch \u00fcber l\u00e4ngere Strecken will der Elektro-Porsche mit markentypischen Eigenschaften \u00fcberzeugen. So sollen 260 Stundenkilometer Dauerleistung m\u00f6glich sein.\u00a0<\/p>\n\n\n\n<p class=\"wp-block-paragraph\">Neben dem Old-School-Verbrenner-Namen \u201eTurbo\u201c zelebriert auch das Cockpit die Erinnerung an alte Zeiten. Obwohl voll digital, simulieren die Displays, \u2013 wenn auch mit synthetischem \u201eLook-and-Feel\u201c \u2013, klassische Rundinstrumente.<\/p>\n\n\n\n<p class=\"wp-block-paragraph\">Den Taycan \u201eTurbo\u201c wird es in Deutschland ab rund 152.000 Euro geben, f\u00fcr den \u201eTurbo S\u201c werden mindestens 185.000 Euro verlangt. Ausgeliefert wird in Deutschland ab Anfang 2020. Etwa 30.000 Kunden weltweit sollen f\u00fcr einen neuen Taycan bereits je 2500 Euro angezahlt haben.<\/p>\n\n\n\n<figure class=\"wp-block-image\"><img loading=\"lazy\" decoding=\"async\" width=\"810\" height=\"608\" src=\"https:\/\/www.enzo-und-ferdinand.de\/wp-content\/uploads\/2019\/09\/P19_0575_a4_rgb-810x608.jpg\" alt=\"Porsche Taycan\" class=\"wp-image-5258\" srcset=\"https:\/\/www.enzo-und-ferdinand.de\/wp-content\/uploads\/2019\/09\/P19_0575_a4_rgb-810x608.jpg 810w, https:\/\/www.enzo-und-ferdinand.de\/wp-content\/uploads\/2019\/09\/P19_0575_a4_rgb-300x225.jpg 300w, https:\/\/www.enzo-und-ferdinand.de\/wp-content\/uploads\/2019\/09\/P19_0575_a4_rgb-768x576.jpg 768w, https:\/\/www.enzo-und-ferdinand.de\/wp-content\/uploads\/2019\/09\/P19_0575_a4_rgb.jpg 1024w\" sizes=\"auto, (max-width: 810px) 100vw, 810px\" \/><\/figure>\n\n\n\n<p style=\"text-align:right\" class=\"has-small-font-size wp-block-paragraph\">Fotos: Porsche\/Text: Rainer Ro\u00dfbach<br><\/p>\n","protected":false},"excerpt":{"rendered":"<p>Vom ersten vollelektrischen Sportwagen der Stuttgarter wird es von Beginn an zwei Varianten geben: Der Taycan \u201eTurbo\u201c leistet bis zu 500 KW, was 680 PS entspricht, und der st\u00e4rkere  Taycan \u201eTurbo S\u201c bringt es auf bis zu 560 KW: das macht 761 PS. Die Beschleunigungswerte sehen so aus:  Dem \u201eTurbo S\u201c reichen 2,8 Sekunden, um auf Tempo 100 kommen, der \u201eTurbo\u201c ben\u00f6tigt 3,2 Sekunden. 200 Stundenkilometer sind in 9,8 Sekunden erreicht. Optisch variiert der Taycan wie der Panamera das 911-Motiv.<\/p>\n","protected":false},"author":1,"featured_media":5254,"comment_status":"closed","ping_status":"closed","sticky":false,"template":"","format":"standard","meta":{"_crdt_document":"","ngg_post_thumbnail":0,"footnotes":""},"categories":[45,23],"tags":[201,374],"class_list":["post-5249","post","type-post","status-publish","format-standard","has-post-thumbnail","hentry","category-neues","category-performance","tag-porsche","tag-porsche-taycan"],"yoast_head":"<!-- This site is optimized with the Yoast SEO plugin v27.5 - https:\/\/yoast.com\/product\/yoast-seo-wordpress\/ -->\n<title>Porsche Taycan<\/title>\n<meta name=\"description\" content=\"Porsche Taycan\" \/>\n<meta name=\"robots\" content=\"index, follow, max-snippet:-1, max-image-preview:large, max-video-preview:-1\" \/>\n<link rel=\"canonical\" href=\"https:\/\/www.enzo-und-ferdinand.de\/index.php\/2019\/09\/05\/porsche-taycan\/\" \/>\n<meta property=\"og:locale\" content=\"de_DE\" \/>\n<meta property=\"og:type\" content=\"article\" \/>\n<meta property=\"og:title\" content=\"Porsche Taycan\" \/>\n<meta property=\"og:description\" content=\"Porsche Taycan\" \/>\n<meta property=\"og:url\" content=\"https:\/\/www.enzo-und-ferdinand.de\/index.php\/2019\/09\/05\/porsche-taycan\/\" \/>\n<meta property=\"og:site_name\" content=\"enzo &amp; Ferdinand\" \/>\n<meta property=\"article:published_time\" content=\"2019-09-04T22:02:30+00:00\" \/>\n<meta property=\"article:modified_time\" content=\"2025-12-28T10:46:34+00:00\" \/>\n<meta property=\"og:image\" content=\"https:\/\/www.enzo-und-ferdinand.de\/wp-content\/uploads\/2019\/09\/P19_0633_a4_rgb.jpg\" \/>\n\t<meta property=\"og:image:width\" content=\"1024\" \/>\n\t<meta property=\"og:image:height\" content=\"683\" \/>\n\t<meta property=\"og:image:type\" content=\"image\/jpeg\" \/>\n<meta name=\"author\" content=\"Rainer Ro\u00dfbach\" \/>\n<meta name=\"twitter:card\" content=\"summary_large_image\" \/>\n<meta name=\"twitter:label1\" content=\"Verfasst von\" \/>\n\t<meta name=\"twitter:data1\" content=\"Rainer Ro\u00dfbach\" \/>\n\t<meta name=\"twitter:label2\" content=\"Gesch\u00e4tzte Lesezeit\" \/>\n\t<meta name=\"twitter:data2\" content=\"3\u00a0Minuten\" \/>\n<script type=\"application\/ld+json\" class=\"yoast-schema-graph\">{\"@context\":\"https:\\\/\\\/schema.org\",\"@graph\":[{\"@type\":\"Article\",\"@id\":\"https:\\\/\\\/www.enzo-und-ferdinand.de\\\/index.php\\\/2019\\\/09\\\/05\\\/porsche-taycan\\\/#article\",\"isPartOf\":{\"@id\":\"https:\\\/\\\/www.enzo-und-ferdinand.de\\\/index.php\\\/2019\\\/09\\\/05\\\/porsche-taycan\\\/\"},\"author\":{\"name\":\"Rainer Ro\u00dfbach\",\"@id\":\"https:\\\/\\\/www.enzo-und-ferdinand.de\\\/#\\\/schema\\\/person\\\/aff2eb9ff87705987c1b9d21fe10b095\"},\"headline\":\"Porsche Taycan\",\"datePublished\":\"2019-09-04T22:02:30+00:00\",\"dateModified\":\"2025-12-28T10:46:34+00:00\",\"mainEntityOfPage\":{\"@id\":\"https:\\\/\\\/www.enzo-und-ferdinand.de\\\/index.php\\\/2019\\\/09\\\/05\\\/porsche-taycan\\\/\"},\"wordCount\":220,\"publisher\":{\"@id\":\"https:\\\/\\\/www.enzo-und-ferdinand.de\\\/#organization\"},\"image\":{\"@id\":\"https:\\\/\\\/www.enzo-und-ferdinand.de\\\/index.php\\\/2019\\\/09\\\/05\\\/porsche-taycan\\\/#primaryimage\"},\"thumbnailUrl\":\"https:\\\/\\\/www.enzo-und-ferdinand.de\\\/wp-content\\\/uploads\\\/2019\\\/09\\\/P19_0633_a4_rgb.jpg\",\"keywords\":[\"Porsche\",\"Porsche Taycan\"],\"articleSection\":[\"Neues\",\"Performance\"],\"inLanguage\":\"de\"},{\"@type\":\"WebPage\",\"@id\":\"https:\\\/\\\/www.enzo-und-ferdinand.de\\\/index.php\\\/2019\\\/09\\\/05\\\/porsche-taycan\\\/\",\"url\":\"https:\\\/\\\/www.enzo-und-ferdinand.de\\\/index.php\\\/2019\\\/09\\\/05\\\/porsche-taycan\\\/\",\"name\":\"Porsche Taycan\",\"isPartOf\":{\"@id\":\"https:\\\/\\\/www.enzo-und-ferdinand.de\\\/#website\"},\"primaryImageOfPage\":{\"@id\":\"https:\\\/\\\/www.enzo-und-ferdinand.de\\\/index.php\\\/2019\\\/09\\\/05\\\/porsche-taycan\\\/#primaryimage\"},\"image\":{\"@id\":\"https:\\\/\\\/www.enzo-und-ferdinand.de\\\/index.php\\\/2019\\\/09\\\/05\\\/porsche-taycan\\\/#primaryimage\"},\"thumbnailUrl\":\"https:\\\/\\\/www.enzo-und-ferdinand.de\\\/wp-content\\\/uploads\\\/2019\\\/09\\\/P19_0633_a4_rgb.jpg\",\"datePublished\":\"2019-09-04T22:02:30+00:00\",\"dateModified\":\"2025-12-28T10:46:34+00:00\",\"description\":\"Porsche Taycan\",\"breadcrumb\":{\"@id\":\"https:\\\/\\\/www.enzo-und-ferdinand.de\\\/index.php\\\/2019\\\/09\\\/05\\\/porsche-taycan\\\/#breadcrumb\"},\"inLanguage\":\"de\",\"potentialAction\":[{\"@type\":\"ReadAction\",\"target\":[\"https:\\\/\\\/www.enzo-und-ferdinand.de\\\/index.php\\\/2019\\\/09\\\/05\\\/porsche-taycan\\\/\"]}]},{\"@type\":\"ImageObject\",\"inLanguage\":\"de\",\"@id\":\"https:\\\/\\\/www.enzo-und-ferdinand.de\\\/index.php\\\/2019\\\/09\\\/05\\\/porsche-taycan\\\/#primaryimage\",\"url\":\"https:\\\/\\\/www.enzo-und-ferdinand.de\\\/wp-content\\\/uploads\\\/2019\\\/09\\\/P19_0633_a4_rgb.jpg\",\"contentUrl\":\"https:\\\/\\\/www.enzo-und-ferdinand.de\\\/wp-content\\\/uploads\\\/2019\\\/09\\\/P19_0633_a4_rgb.jpg\",\"width\":1024,\"height\":683,\"caption\":\"Porsche Taycan\"},{\"@type\":\"BreadcrumbList\",\"@id\":\"https:\\\/\\\/www.enzo-und-ferdinand.de\\\/index.php\\\/2019\\\/09\\\/05\\\/porsche-taycan\\\/#breadcrumb\",\"itemListElement\":[{\"@type\":\"ListItem\",\"position\":1,\"name\":\"Startseite\",\"item\":\"https:\\\/\\\/www.enzo-und-ferdinand.de\\\/\"},{\"@type\":\"ListItem\",\"position\":2,\"name\":\"Porsche Taycan\"}]},{\"@type\":\"WebSite\",\"@id\":\"https:\\\/\\\/www.enzo-und-ferdinand.de\\\/#website\",\"url\":\"https:\\\/\\\/www.enzo-und-ferdinand.de\\\/\",\"name\":\"enzo & Ferdinand\",\"description\":\"\",\"publisher\":{\"@id\":\"https:\\\/\\\/www.enzo-und-ferdinand.de\\\/#organization\"},\"potentialAction\":[{\"@type\":\"SearchAction\",\"target\":{\"@type\":\"EntryPoint\",\"urlTemplate\":\"https:\\\/\\\/www.enzo-und-ferdinand.de\\\/?s={search_term_string}\"},\"query-input\":{\"@type\":\"PropertyValueSpecification\",\"valueRequired\":true,\"valueName\":\"search_term_string\"}}],\"inLanguage\":\"de\"},{\"@type\":\"Organization\",\"@id\":\"https:\\\/\\\/www.enzo-und-ferdinand.de\\\/#organization\",\"name\":\"enzo & Ferdinand\",\"url\":\"https:\\\/\\\/www.enzo-und-ferdinand.de\\\/\",\"logo\":{\"@type\":\"ImageObject\",\"inLanguage\":\"de\",\"@id\":\"https:\\\/\\\/www.enzo-und-ferdinand.de\\\/#\\\/schema\\\/logo\\\/image\\\/\",\"url\":\"https:\\\/\\\/www.enzo-und-ferdinand.de\\\/wp-content\\\/uploads\\\/2018\\\/12\\\/revvvs-icon.png\",\"contentUrl\":\"https:\\\/\\\/www.enzo-und-ferdinand.de\\\/wp-content\\\/uploads\\\/2018\\\/12\\\/revvvs-icon.png\",\"width\":512,\"height\":512,\"caption\":\"enzo & Ferdinand\"},\"image\":{\"@id\":\"https:\\\/\\\/www.enzo-und-ferdinand.de\\\/#\\\/schema\\\/logo\\\/image\\\/\"}},{\"@type\":\"Person\",\"@id\":\"https:\\\/\\\/www.enzo-und-ferdinand.de\\\/#\\\/schema\\\/person\\\/aff2eb9ff87705987c1b9d21fe10b095\",\"name\":\"Rainer Ro\u00dfbach\",\"image\":{\"@type\":\"ImageObject\",\"inLanguage\":\"de\",\"@id\":\"https:\\\/\\\/www.enzo-und-ferdinand.de\\\/wp-content\\\/uploads\\\/2026\\\/01\\\/Rainer-Rossbach-150x150.jpg\",\"url\":\"https:\\\/\\\/www.enzo-und-ferdinand.de\\\/wp-content\\\/uploads\\\/2026\\\/01\\\/Rainer-Rossbach-150x150.jpg\",\"contentUrl\":\"https:\\\/\\\/www.enzo-und-ferdinand.de\\\/wp-content\\\/uploads\\\/2026\\\/01\\\/Rainer-Rossbach-150x150.jpg\",\"caption\":\"Rainer Ro\u00dfbach\"},\"url\":\"https:\\\/\\\/www.enzo-und-ferdinand.de\\\/index.php\\\/author\\\/redaktion\\\/\"}]}<\/script>\n<!-- \/ Yoast SEO plugin. -->","yoast_head_json":{"title":"Porsche Taycan","description":"Porsche Taycan","robots":{"index":"index","follow":"follow","max-snippet":"max-snippet:-1","max-image-preview":"max-image-preview:large","max-video-preview":"max-video-preview:-1"},"canonical":"https:\/\/www.enzo-und-ferdinand.de\/index.php\/2019\/09\/05\/porsche-taycan\/","og_locale":"de_DE","og_type":"article","og_title":"Porsche Taycan","og_description":"Porsche Taycan","og_url":"https:\/\/www.enzo-und-ferdinand.de\/index.php\/2019\/09\/05\/porsche-taycan\/","og_site_name":"enzo &amp; Ferdinand","article_published_time":"2019-09-04T22:02:30+00:00","article_modified_time":"2025-12-28T10:46:34+00:00","og_image":[{"width":1024,"height":683,"url":"https:\/\/www.enzo-und-ferdinand.de\/wp-content\/uploads\/2019\/09\/P19_0633_a4_rgb.jpg","type":"image\/jpeg"}],"author":"Rainer Ro\u00dfbach","twitter_card":"summary_large_image","twitter_misc":{"Verfasst von":"Rainer Ro\u00dfbach","Gesch\u00e4tzte Lesezeit":"3\u00a0Minuten"},"schema":{"@context":"https:\/\/schema.org","@graph":[{"@type":"Article","@id":"https:\/\/www.enzo-und-ferdinand.de\/index.php\/2019\/09\/05\/porsche-taycan\/#article","isPartOf":{"@id":"https:\/\/www.enzo-und-ferdinand.de\/index.php\/2019\/09\/05\/porsche-taycan\/"},"author":{"name":"Rainer Ro\u00dfbach","@id":"https:\/\/www.enzo-und-ferdinand.de\/#\/schema\/person\/aff2eb9ff87705987c1b9d21fe10b095"},"headline":"Porsche Taycan","datePublished":"2019-09-04T22:02:30+00:00","dateModified":"2025-12-28T10:46:34+00:00","mainEntityOfPage":{"@id":"https:\/\/www.enzo-und-ferdinand.de\/index.php\/2019\/09\/05\/porsche-taycan\/"},"wordCount":220,"publisher":{"@id":"https:\/\/www.enzo-und-ferdinand.de\/#organization"},"image":{"@id":"https:\/\/www.enzo-und-ferdinand.de\/index.php\/2019\/09\/05\/porsche-taycan\/#primaryimage"},"thumbnailUrl":"https:\/\/www.enzo-und-ferdinand.de\/wp-content\/uploads\/2019\/09\/P19_0633_a4_rgb.jpg","keywords":["Porsche","Porsche Taycan"],"articleSection":["Neues","Performance"],"inLanguage":"de"},{"@type":"WebPage","@id":"https:\/\/www.enzo-und-ferdinand.de\/index.php\/2019\/09\/05\/porsche-taycan\/","url":"https:\/\/www.enzo-und-ferdinand.de\/index.php\/2019\/09\/05\/porsche-taycan\/","name":"Porsche Taycan","isPartOf":{"@id":"https:\/\/www.enzo-und-ferdinand.de\/#website"},"primaryImageOfPage":{"@id":"https:\/\/www.enzo-und-ferdinand.de\/index.php\/2019\/09\/05\/porsche-taycan\/#primaryimage"},"image":{"@id":"https:\/\/www.enzo-und-ferdinand.de\/index.php\/2019\/09\/05\/porsche-taycan\/#primaryimage"},"thumbnailUrl":"https:\/\/www.enzo-und-ferdinand.de\/wp-content\/uploads\/2019\/09\/P19_0633_a4_rgb.jpg","datePublished":"2019-09-04T22:02:30+00:00","dateModified":"2025-12-28T10:46:34+00:00","description":"Porsche Taycan","breadcrumb":{"@id":"https:\/\/www.enzo-und-ferdinand.de\/index.php\/2019\/09\/05\/porsche-taycan\/#breadcrumb"},"inLanguage":"de","potentialAction":[{"@type":"ReadAction","target":["https:\/\/www.enzo-und-ferdinand.de\/index.php\/2019\/09\/05\/porsche-taycan\/"]}]},{"@type":"ImageObject","inLanguage":"de","@id":"https:\/\/www.enzo-und-ferdinand.de\/index.php\/2019\/09\/05\/porsche-taycan\/#primaryimage","url":"https:\/\/www.enzo-und-ferdinand.de\/wp-content\/uploads\/2019\/09\/P19_0633_a4_rgb.jpg","contentUrl":"https:\/\/www.enzo-und-ferdinand.de\/wp-content\/uploads\/2019\/09\/P19_0633_a4_rgb.jpg","width":1024,"height":683,"caption":"Porsche Taycan"},{"@type":"BreadcrumbList","@id":"https:\/\/www.enzo-und-ferdinand.de\/index.php\/2019\/09\/05\/porsche-taycan\/#breadcrumb","itemListElement":[{"@type":"ListItem","position":1,"name":"Startseite","item":"https:\/\/www.enzo-und-ferdinand.de\/"},{"@type":"ListItem","position":2,"name":"Porsche Taycan"}]},{"@type":"WebSite","@id":"https:\/\/www.enzo-und-ferdinand.de\/#website","url":"https:\/\/www.enzo-und-ferdinand.de\/","name":"enzo & Ferdinand","description":"","publisher":{"@id":"https:\/\/www.enzo-und-ferdinand.de\/#organization"},"potentialAction":[{"@type":"SearchAction","target":{"@type":"EntryPoint","urlTemplate":"https:\/\/www.enzo-und-ferdinand.de\/?s={search_term_string}"},"query-input":{"@type":"PropertyValueSpecification","valueRequired":true,"valueName":"search_term_string"}}],"inLanguage":"de"},{"@type":"Organization","@id":"https:\/\/www.enzo-und-ferdinand.de\/#organization","name":"enzo & Ferdinand","url":"https:\/\/www.enzo-und-ferdinand.de\/","logo":{"@type":"ImageObject","inLanguage":"de","@id":"https:\/\/www.enzo-und-ferdinand.de\/#\/schema\/logo\/image\/","url":"https:\/\/www.enzo-und-ferdinand.de\/wp-content\/uploads\/2018\/12\/revvvs-icon.png","contentUrl":"https:\/\/www.enzo-und-ferdinand.de\/wp-content\/uploads\/2018\/12\/revvvs-icon.png","width":512,"height":512,"caption":"enzo & Ferdinand"},"image":{"@id":"https:\/\/www.enzo-und-ferdinand.de\/#\/schema\/logo\/image\/"}},{"@type":"Person","@id":"https:\/\/www.enzo-und-ferdinand.de\/#\/schema\/person\/aff2eb9ff87705987c1b9d21fe10b095","name":"Rainer Ro\u00dfbach","image":{"@type":"ImageObject","inLanguage":"de","@id":"https:\/\/www.enzo-und-ferdinand.de\/wp-content\/uploads\/2026\/01\/Rainer-Rossbach-150x150.jpg","url":"https:\/\/www.enzo-und-ferdinand.de\/wp-content\/uploads\/2026\/01\/Rainer-Rossbach-150x150.jpg","contentUrl":"https:\/\/www.enzo-und-ferdinand.de\/wp-content\/uploads\/2026\/01\/Rainer-Rossbach-150x150.jpg","caption":"Rainer Ro\u00dfbach"},"url":"https:\/\/www.enzo-und-ferdinand.de\/index.php\/author\/redaktion\/"}]}},"_links":{"self":[{"href":"https:\/\/www.enzo-und-ferdinand.de\/index.php\/wp-json\/wp\/v2\/posts\/5249","targetHints":{"allow":["GET"]}}],"collection":[{"href":"https:\/\/www.enzo-und-ferdinand.de\/index.php\/wp-json\/wp\/v2\/posts"}],"about":[{"href":"https:\/\/www.enzo-und-ferdinand.de\/index.php\/wp-json\/wp\/v2\/types\/post"}],"author":[{"embeddable":true,"href":"https:\/\/www.enzo-und-ferdinand.de\/index.php\/wp-json\/wp\/v2\/users\/1"}],"replies":[{"embeddable":true,"href":"https:\/\/www.enzo-und-ferdinand.de\/index.php\/wp-json\/wp\/v2\/comments?post=5249"}],"version-history":[{"count":18,"href":"https:\/\/www.enzo-und-ferdinand.de\/index.php\/wp-json\/wp\/v2\/posts\/5249\/revisions"}],"predecessor-version":[{"id":5374,"href":"https:\/\/www.enzo-und-ferdinand.de\/index.php\/wp-json\/wp\/v2\/posts\/5249\/revisions\/5374"}],"wp:featuredmedia":[{"embeddable":true,"href":"https:\/\/www.enzo-und-ferdinand.de\/index.php\/wp-json\/wp\/v2\/media\/5254"}],"wp:attachment":[{"href":"https:\/\/www.enzo-und-ferdinand.de\/index.php\/wp-json\/wp\/v2\/media?parent=5249"}],"wp:term":[{"taxonomy":"category","embeddable":true,"href":"https:\/\/www.enzo-und-ferdinand.de\/index.php\/wp-json\/wp\/v2\/categories?post=5249"},{"taxonomy":"post_tag","embeddable":true,"href":"https:\/\/www.enzo-und-ferdinand.de\/index.php\/wp-json\/wp\/v2\/tags?post=5249"}],"curies":[{"name":"wp","href":"https:\/\/api.w.org\/{rel}","templated":true}]}}