{"id":5318,"date":"2019-09-12T09:54:21","date_gmt":"2019-09-12T07:54:21","guid":{"rendered":"http:\/\/www.enzo-und-ferdinand.de\/?p=5318"},"modified":"2025-12-28T12:09:33","modified_gmt":"2025-12-28T11:09:33","slug":"mercedes-vision-eqs","status":"publish","type":"post","link":"https:\/\/www.enzo-und-ferdinand.de\/index.php\/2019\/09\/12\/mercedes-vision-eqs\/","title":{"rendered":"Mercedes Vision EQS"},"content":{"rendered":"\n<figure class=\"wp-block-image\"><img loading=\"lazy\" decoding=\"async\" width=\"810\" height=\"540\" src=\"https:\/\/www.enzo-und-ferdinand.de\/wp-content\/uploads\/2019\/09\/19C0690_171-810x540.jpg\" alt=\"Mercedes Vision EQS\" class=\"wp-image-5332\" srcset=\"https:\/\/www.enzo-und-ferdinand.de\/wp-content\/uploads\/2019\/09\/19C0690_171-810x540.jpg 810w, https:\/\/www.enzo-und-ferdinand.de\/wp-content\/uploads\/2019\/09\/19C0690_171-300x200.jpg 300w, https:\/\/www.enzo-und-ferdinand.de\/wp-content\/uploads\/2019\/09\/19C0690_171-768x512.jpg 768w, https:\/\/www.enzo-und-ferdinand.de\/wp-content\/uploads\/2019\/09\/19C0690_171-120x80.jpg 120w, https:\/\/www.enzo-und-ferdinand.de\/wp-content\/uploads\/2019\/09\/19C0690_171.jpg 1024w\" sizes=\"auto, (max-width: 810px) 100vw, 810px\" \/><\/figure>\n\n\n\n<p class=\"wp-block-paragraph\">So k\u00f6nnte sie aussehen, Daimlers kommende elektrische Oberklasse. Die coup\u00e9hafte viert\u00fcrige Studie basiert auf der neuen skalierbaren Plattform der Stuttgarter, die es erlaubt Radstand, Spurweite und Batterien an unterschiedliche Baureihen anzupassen. Wie bei elektrischen Antrieben gewohnt, wird der EQS mit Elektromotoren jeweils an der Vorder- und Hinterachse&nbsp; ausger\u00fcstet. Der Allradantrieb kann Leistung und Momente variabel an die Achsen geben, die Systemleistung betr\u00e4gt 475 PS, und das bei einem Drehmoment von etwa 760 Newtonmeter.<\/p>\n\n\n\n<p class=\"wp-block-paragraph\">Damit wird die Limousine zum Dynamiker: in 4,5 Sekunden sind die 100 Stundenkilometer erreicht, die H\u00f6chstgeschwindigkeit liegt jenseits von 200 km\/h. Bei der Reichweite melden Daimler stolze 700&nbsp; Kilometer, die durch eine neue Generation von Elektromotoren mit hochintegrierter Leistungselektronik und Getriebe zustande kommen sollen. Und auch bei der Energieversorgung wird Fortschritt verk\u00fcndet: in weniger als 20 Minuten soll, bei 350 kW Ladeleistung, die Batterieleistung bei 80 Prozent liegen.<\/p>\n\n\n\n<figure class=\"wp-block-image\"><img loading=\"lazy\" decoding=\"async\" width=\"810\" height=\"540\" src=\"https:\/\/www.enzo-und-ferdinand.de\/wp-content\/uploads\/2019\/09\/19C0690_121-810x540.jpg\" alt=\"Mercedes Vision EQS\" class=\"wp-image-5334\" srcset=\"https:\/\/www.enzo-und-ferdinand.de\/wp-content\/uploads\/2019\/09\/19C0690_121-810x540.jpg 810w, https:\/\/www.enzo-und-ferdinand.de\/wp-content\/uploads\/2019\/09\/19C0690_121-300x200.jpg 300w, https:\/\/www.enzo-und-ferdinand.de\/wp-content\/uploads\/2019\/09\/19C0690_121-768x512.jpg 768w, https:\/\/www.enzo-und-ferdinand.de\/wp-content\/uploads\/2019\/09\/19C0690_121-120x80.jpg 120w, https:\/\/www.enzo-und-ferdinand.de\/wp-content\/uploads\/2019\/09\/19C0690_121.jpg 1024w\" sizes=\"auto, (max-width: 810px) 100vw, 810px\" \/><\/figure>\n\n\n\n<p class=\"wp-block-paragraph\">Das Au\u00dfendesign der Studie thematisiert Licht. Ein umlaufendes Lichtband trennt die silber lackierte Basis der Karosserie vom dunklen gef\u00e4rbten Bereich oberhalb der G\u00fcrtellinie, die Glasfl\u00e4chen sind gleichfalls dunkel get\u00f6nt. In das leuchtende Band sind digitale Scheinwerfer mit je zwei &#8222;Holographic Lens&#8220;-Modulen eingebaut, die \u2013 studientypisch \u2013 eine nahezu unbegrenzte Anzahl an Lichtinszenierungen m\u00f6glich macht.&nbsp;Gleiches gilt f\u00fcr den Grill, der aus einer Leuchtmatrix mit 188 Einzel-LEDs besteht.<\/p>\n\n\n\n<p class=\"wp-block-paragraph\">Innen wird das beliebte Yacht-Thema bem\u00fcht. Das hei\u00dft glatte Fl\u00e4chen und viel Holz, in diesem Fall Ahorn. Aber es kommen auch Materialien wie eine Mikrofaser aus recycelten PET-Flaschen sowie eine Ledernachbildung zum Einsatz. Am Dachhimmel kommt gar Material&nbsp; aus recycelten Plastikabf\u00e4llen zum Einsatz, das aus den Ozeanen gefischt wurde.<\/p>\n\n\n\n<p class=\"wp-block-paragraph\">\u00dcber dem planen Armaturenbrett schwebt dein zentrales Display im Tesla-Hochformat, kleinere Monitore sind in den T\u00fcr-Innenseiten untergebracht.&nbsp;Korrespondierend mit dem \u00e4u\u00dferen Lichtband gibt es ein gleiches im Innenraum, das das Ambiente stimuliert, gleichzeitig aber auch Informationen an die Passagiere gibt.<\/p>\n\n\n\n<p class=\"wp-block-paragraph\">Stellt sich noch die Frage, wie man sich mit solch einem Auto k\u00fcnftig durch den Stra\u00dfenverkehr bewegt und hier ist Mercedes eindeutig Auch solche Fahrzeuge werden in Zukunft meist vom vom Fahrer gelenkt. Aber, etwa auf langen Autobahnfahrten, kann der EQS auch autonom bis hin zum&nbsp; vollautomatisierten Fahren alleine unterwegs sein.<\/p>\n\n\n\n<figure class=\"wp-block-gallery has-nested-images columns-2 is-cropped wp-block-gallery-1 is-layout-flex wp-block-gallery-is-layout-flex\">\n<figure class=\"wp-block-image\"><img loading=\"lazy\" decoding=\"async\" width=\"810\" height=\"537\" data-id=\"5336\" src=\"https:\/\/www.enzo-und-ferdinand.de\/wp-content\/uploads\/2019\/09\/19C0690_163-810x537.jpg\" alt=\"\" class=\"wp-image-5336\" srcset=\"https:\/\/www.enzo-und-ferdinand.de\/wp-content\/uploads\/2019\/09\/19C0690_163-810x537.jpg 810w, https:\/\/www.enzo-und-ferdinand.de\/wp-content\/uploads\/2019\/09\/19C0690_163-300x199.jpg 300w, https:\/\/www.enzo-und-ferdinand.de\/wp-content\/uploads\/2019\/09\/19C0690_163-768x509.jpg 768w, https:\/\/www.enzo-und-ferdinand.de\/wp-content\/uploads\/2019\/09\/19C0690_163-120x80.jpg 120w, https:\/\/www.enzo-und-ferdinand.de\/wp-content\/uploads\/2019\/09\/19C0690_163.jpg 1024w\" sizes=\"auto, (max-width: 810px) 100vw, 810px\" \/><\/figure>\n\n\n\n<figure class=\"wp-block-image\"><img loading=\"lazy\" decoding=\"async\" width=\"810\" height=\"405\" data-id=\"5337\" src=\"https:\/\/www.enzo-und-ferdinand.de\/wp-content\/uploads\/2019\/09\/19C0690_200-810x405.jpg\" alt=\"\" class=\"wp-image-5337\" srcset=\"https:\/\/www.enzo-und-ferdinand.de\/wp-content\/uploads\/2019\/09\/19C0690_200-810x405.jpg 810w, https:\/\/www.enzo-und-ferdinand.de\/wp-content\/uploads\/2019\/09\/19C0690_200-300x150.jpg 300w, https:\/\/www.enzo-und-ferdinand.de\/wp-content\/uploads\/2019\/09\/19C0690_200-768x384.jpg 768w, https:\/\/www.enzo-und-ferdinand.de\/wp-content\/uploads\/2019\/09\/19C0690_200.jpg 1024w\" sizes=\"auto, (max-width: 810px) 100vw, 810px\" \/><\/figure>\n\n\n\n<figure class=\"wp-block-image\"><img loading=\"lazy\" decoding=\"async\" width=\"810\" height=\"405\" data-id=\"5338\" src=\"https:\/\/www.enzo-und-ferdinand.de\/wp-content\/uploads\/2019\/09\/19C0690_201-810x405.jpg\" alt=\"\" class=\"wp-image-5338\" srcset=\"https:\/\/www.enzo-und-ferdinand.de\/wp-content\/uploads\/2019\/09\/19C0690_201-810x405.jpg 810w, https:\/\/www.enzo-und-ferdinand.de\/wp-content\/uploads\/2019\/09\/19C0690_201-300x150.jpg 300w, https:\/\/www.enzo-und-ferdinand.de\/wp-content\/uploads\/2019\/09\/19C0690_201-768x384.jpg 768w, https:\/\/www.enzo-und-ferdinand.de\/wp-content\/uploads\/2019\/09\/19C0690_201.jpg 1024w\" sizes=\"auto, (max-width: 810px) 100vw, 810px\" \/><\/figure>\n<\/figure>\n\n\n\n<p class=\"has-text-align-right has-small-font-size wp-block-paragraph\">Fotos: Daimler\/ Text: Rainer Ro\u00dfbach<\/p>\n","protected":false},"excerpt":{"rendered":"<p>So k\u00f6nnte sie aussehen, Daimlers kommende elektrische Oberklasse. Die coup\u00e9hafte viert\u00fcrige Studie basiert auf der neuen skalierbaren Plattform der Stuttgarter, die es erlaubt Radstand, Spurweite und Batterien an unterschiedliche Baureihen anzupassen. Wie bei elektrischen Antrieben gewohnt, wird der EQS mit Elektromotoren jeweils an der Vorder- und Hinterachse  ausger\u00fcstet. Der Allradantrieb kann Leistung und Momente variabel an die Achsen geben, die Systemleistung betr\u00e4gt 475 PS, und das bei einem Drehmoment von etwa 760 Newtonmeter.<\/p>\n","protected":false},"author":1,"featured_media":5331,"comment_status":"closed","ping_status":"closed","sticky":false,"template":"","format":"standard","meta":{"_crdt_document":"","ngg_post_thumbnail":0,"footnotes":""},"categories":[4,586],"tags":[510,203,377],"class_list":["post-5318","post","type-post","status-publish","format-standard","has-post-thumbnail","hentry","category-studien","category-technologie","tag-elektro","tag-mercedes","tag-mercedes-vision-eqs"],"yoast_head":"<!-- This site is optimized with the Yoast SEO plugin v27.5 - https:\/\/yoast.com\/product\/yoast-seo-wordpress\/ -->\n<title>Mercedes Vision EQS<\/title>\n<meta name=\"description\" content=\"Mercedes Vision EQS\" \/>\n<meta name=\"robots\" content=\"index, follow, max-snippet:-1, max-image-preview:large, max-video-preview:-1\" \/>\n<link rel=\"canonical\" href=\"https:\/\/www.enzo-und-ferdinand.de\/index.php\/2019\/09\/12\/mercedes-vision-eqs\/\" \/>\n<meta property=\"og:locale\" content=\"de_DE\" \/>\n<meta property=\"og:type\" content=\"article\" \/>\n<meta property=\"og:title\" content=\"Mercedes Vision EQS\" \/>\n<meta property=\"og:description\" content=\"Mercedes Vision EQS\" \/>\n<meta property=\"og:url\" content=\"https:\/\/www.enzo-und-ferdinand.de\/index.php\/2019\/09\/12\/mercedes-vision-eqs\/\" \/>\n<meta property=\"og:site_name\" content=\"enzo &amp; Ferdinand\" \/>\n<meta property=\"article:published_time\" content=\"2019-09-12T07:54:21+00:00\" \/>\n<meta property=\"article:modified_time\" content=\"2025-12-28T11:09:33+00:00\" \/>\n<meta property=\"og:image\" content=\"https:\/\/www.enzo-und-ferdinand.de\/wp-content\/uploads\/2019\/09\/19C0690_129.jpg\" \/>\n\t<meta property=\"og:image:width\" content=\"1024\" \/>\n\t<meta property=\"og:image:height\" content=\"683\" \/>\n\t<meta property=\"og:image:type\" content=\"image\/jpeg\" \/>\n<meta name=\"author\" content=\"Rainer Ro\u00dfbach\" \/>\n<meta name=\"twitter:card\" content=\"summary_large_image\" \/>\n<meta name=\"twitter:label1\" content=\"Verfasst von\" \/>\n\t<meta name=\"twitter:data1\" content=\"Rainer Ro\u00dfbach\" \/>\n\t<meta name=\"twitter:label2\" content=\"Gesch\u00e4tzte Lesezeit\" \/>\n\t<meta name=\"twitter:data2\" content=\"4\u00a0Minuten\" \/>\n<script type=\"application\/ld+json\" class=\"yoast-schema-graph\">{\"@context\":\"https:\\\/\\\/schema.org\",\"@graph\":[{\"@type\":\"Article\",\"@id\":\"https:\\\/\\\/www.enzo-und-ferdinand.de\\\/index.php\\\/2019\\\/09\\\/12\\\/mercedes-vision-eqs\\\/#article\",\"isPartOf\":{\"@id\":\"https:\\\/\\\/www.enzo-und-ferdinand.de\\\/index.php\\\/2019\\\/09\\\/12\\\/mercedes-vision-eqs\\\/\"},\"author\":{\"name\":\"Rainer Ro\u00dfbach\",\"@id\":\"https:\\\/\\\/www.enzo-und-ferdinand.de\\\/#\\\/schema\\\/person\\\/aff2eb9ff87705987c1b9d21fe10b095\"},\"headline\":\"Mercedes Vision EQS\",\"datePublished\":\"2019-09-12T07:54:21+00:00\",\"dateModified\":\"2025-12-28T11:09:33+00:00\",\"mainEntityOfPage\":{\"@id\":\"https:\\\/\\\/www.enzo-und-ferdinand.de\\\/index.php\\\/2019\\\/09\\\/12\\\/mercedes-vision-eqs\\\/\"},\"wordCount\":375,\"publisher\":{\"@id\":\"https:\\\/\\\/www.enzo-und-ferdinand.de\\\/#organization\"},\"image\":{\"@id\":\"https:\\\/\\\/www.enzo-und-ferdinand.de\\\/index.php\\\/2019\\\/09\\\/12\\\/mercedes-vision-eqs\\\/#primaryimage\"},\"thumbnailUrl\":\"https:\\\/\\\/www.enzo-und-ferdinand.de\\\/wp-content\\\/uploads\\\/2019\\\/09\\\/19C0690_129.jpg\",\"keywords\":[\"Elektro\",\"Mercedes\",\"Mercedes Vision EQS\"],\"articleSection\":[\"Studien\",\"Technologie\"],\"inLanguage\":\"de\"},{\"@type\":\"WebPage\",\"@id\":\"https:\\\/\\\/www.enzo-und-ferdinand.de\\\/index.php\\\/2019\\\/09\\\/12\\\/mercedes-vision-eqs\\\/\",\"url\":\"https:\\\/\\\/www.enzo-und-ferdinand.de\\\/index.php\\\/2019\\\/09\\\/12\\\/mercedes-vision-eqs\\\/\",\"name\":\"Mercedes Vision EQS\",\"isPartOf\":{\"@id\":\"https:\\\/\\\/www.enzo-und-ferdinand.de\\\/#website\"},\"primaryImageOfPage\":{\"@id\":\"https:\\\/\\\/www.enzo-und-ferdinand.de\\\/index.php\\\/2019\\\/09\\\/12\\\/mercedes-vision-eqs\\\/#primaryimage\"},\"image\":{\"@id\":\"https:\\\/\\\/www.enzo-und-ferdinand.de\\\/index.php\\\/2019\\\/09\\\/12\\\/mercedes-vision-eqs\\\/#primaryimage\"},\"thumbnailUrl\":\"https:\\\/\\\/www.enzo-und-ferdinand.de\\\/wp-content\\\/uploads\\\/2019\\\/09\\\/19C0690_129.jpg\",\"datePublished\":\"2019-09-12T07:54:21+00:00\",\"dateModified\":\"2025-12-28T11:09:33+00:00\",\"description\":\"Mercedes Vision EQS\",\"breadcrumb\":{\"@id\":\"https:\\\/\\\/www.enzo-und-ferdinand.de\\\/index.php\\\/2019\\\/09\\\/12\\\/mercedes-vision-eqs\\\/#breadcrumb\"},\"inLanguage\":\"de\",\"potentialAction\":[{\"@type\":\"ReadAction\",\"target\":[\"https:\\\/\\\/www.enzo-und-ferdinand.de\\\/index.php\\\/2019\\\/09\\\/12\\\/mercedes-vision-eqs\\\/\"]}]},{\"@type\":\"ImageObject\",\"inLanguage\":\"de\",\"@id\":\"https:\\\/\\\/www.enzo-und-ferdinand.de\\\/index.php\\\/2019\\\/09\\\/12\\\/mercedes-vision-eqs\\\/#primaryimage\",\"url\":\"https:\\\/\\\/www.enzo-und-ferdinand.de\\\/wp-content\\\/uploads\\\/2019\\\/09\\\/19C0690_129.jpg\",\"contentUrl\":\"https:\\\/\\\/www.enzo-und-ferdinand.de\\\/wp-content\\\/uploads\\\/2019\\\/09\\\/19C0690_129.jpg\",\"width\":1024,\"height\":683,\"caption\":\"Mercedes-Benz VISION EQS, IAA 2019, der VISION EQS zeigt einen Ausblick auf ein Konzept eines vollelektrischen Fahrzeugs der Luxusklasse. Mercedes-Benz VISION EQS, IAA 2019, the VISION EQS provides an outlook on a concept for a fully-electric vehicle in the luxury class.\"},{\"@type\":\"BreadcrumbList\",\"@id\":\"https:\\\/\\\/www.enzo-und-ferdinand.de\\\/index.php\\\/2019\\\/09\\\/12\\\/mercedes-vision-eqs\\\/#breadcrumb\",\"itemListElement\":[{\"@type\":\"ListItem\",\"position\":1,\"name\":\"Startseite\",\"item\":\"https:\\\/\\\/www.enzo-und-ferdinand.de\\\/\"},{\"@type\":\"ListItem\",\"position\":2,\"name\":\"Mercedes Vision EQS\"}]},{\"@type\":\"WebSite\",\"@id\":\"https:\\\/\\\/www.enzo-und-ferdinand.de\\\/#website\",\"url\":\"https:\\\/\\\/www.enzo-und-ferdinand.de\\\/\",\"name\":\"enzo & Ferdinand\",\"description\":\"\",\"publisher\":{\"@id\":\"https:\\\/\\\/www.enzo-und-ferdinand.de\\\/#organization\"},\"potentialAction\":[{\"@type\":\"SearchAction\",\"target\":{\"@type\":\"EntryPoint\",\"urlTemplate\":\"https:\\\/\\\/www.enzo-und-ferdinand.de\\\/?s={search_term_string}\"},\"query-input\":{\"@type\":\"PropertyValueSpecification\",\"valueRequired\":true,\"valueName\":\"search_term_string\"}}],\"inLanguage\":\"de\"},{\"@type\":\"Organization\",\"@id\":\"https:\\\/\\\/www.enzo-und-ferdinand.de\\\/#organization\",\"name\":\"enzo & Ferdinand\",\"url\":\"https:\\\/\\\/www.enzo-und-ferdinand.de\\\/\",\"logo\":{\"@type\":\"ImageObject\",\"inLanguage\":\"de\",\"@id\":\"https:\\\/\\\/www.enzo-und-ferdinand.de\\\/#\\\/schema\\\/logo\\\/image\\\/\",\"url\":\"https:\\\/\\\/www.enzo-und-ferdinand.de\\\/wp-content\\\/uploads\\\/2018\\\/12\\\/revvvs-icon.png\",\"contentUrl\":\"https:\\\/\\\/www.enzo-und-ferdinand.de\\\/wp-content\\\/uploads\\\/2018\\\/12\\\/revvvs-icon.png\",\"width\":512,\"height\":512,\"caption\":\"enzo & Ferdinand\"},\"image\":{\"@id\":\"https:\\\/\\\/www.enzo-und-ferdinand.de\\\/#\\\/schema\\\/logo\\\/image\\\/\"}},{\"@type\":\"Person\",\"@id\":\"https:\\\/\\\/www.enzo-und-ferdinand.de\\\/#\\\/schema\\\/person\\\/aff2eb9ff87705987c1b9d21fe10b095\",\"name\":\"Rainer Ro\u00dfbach\",\"image\":{\"@type\":\"ImageObject\",\"inLanguage\":\"de\",\"@id\":\"https:\\\/\\\/www.enzo-und-ferdinand.de\\\/wp-content\\\/uploads\\\/2026\\\/01\\\/Rainer-Rossbach-150x150.jpg\",\"url\":\"https:\\\/\\\/www.enzo-und-ferdinand.de\\\/wp-content\\\/uploads\\\/2026\\\/01\\\/Rainer-Rossbach-150x150.jpg\",\"contentUrl\":\"https:\\\/\\\/www.enzo-und-ferdinand.de\\\/wp-content\\\/uploads\\\/2026\\\/01\\\/Rainer-Rossbach-150x150.jpg\",\"caption\":\"Rainer Ro\u00dfbach\"},\"url\":\"https:\\\/\\\/www.enzo-und-ferdinand.de\\\/index.php\\\/author\\\/redaktion\\\/\"}]}<\/script>\n<!-- \/ Yoast SEO plugin. -->","yoast_head_json":{"title":"Mercedes Vision EQS","description":"Mercedes Vision EQS","robots":{"index":"index","follow":"follow","max-snippet":"max-snippet:-1","max-image-preview":"max-image-preview:large","max-video-preview":"max-video-preview:-1"},"canonical":"https:\/\/www.enzo-und-ferdinand.de\/index.php\/2019\/09\/12\/mercedes-vision-eqs\/","og_locale":"de_DE","og_type":"article","og_title":"Mercedes Vision EQS","og_description":"Mercedes Vision EQS","og_url":"https:\/\/www.enzo-und-ferdinand.de\/index.php\/2019\/09\/12\/mercedes-vision-eqs\/","og_site_name":"enzo &amp; Ferdinand","article_published_time":"2019-09-12T07:54:21+00:00","article_modified_time":"2025-12-28T11:09:33+00:00","og_image":[{"width":1024,"height":683,"url":"https:\/\/www.enzo-und-ferdinand.de\/wp-content\/uploads\/2019\/09\/19C0690_129.jpg","type":"image\/jpeg"}],"author":"Rainer Ro\u00dfbach","twitter_card":"summary_large_image","twitter_misc":{"Verfasst von":"Rainer Ro\u00dfbach","Gesch\u00e4tzte Lesezeit":"4\u00a0Minuten"},"schema":{"@context":"https:\/\/schema.org","@graph":[{"@type":"Article","@id":"https:\/\/www.enzo-und-ferdinand.de\/index.php\/2019\/09\/12\/mercedes-vision-eqs\/#article","isPartOf":{"@id":"https:\/\/www.enzo-und-ferdinand.de\/index.php\/2019\/09\/12\/mercedes-vision-eqs\/"},"author":{"name":"Rainer Ro\u00dfbach","@id":"https:\/\/www.enzo-und-ferdinand.de\/#\/schema\/person\/aff2eb9ff87705987c1b9d21fe10b095"},"headline":"Mercedes Vision EQS","datePublished":"2019-09-12T07:54:21+00:00","dateModified":"2025-12-28T11:09:33+00:00","mainEntityOfPage":{"@id":"https:\/\/www.enzo-und-ferdinand.de\/index.php\/2019\/09\/12\/mercedes-vision-eqs\/"},"wordCount":375,"publisher":{"@id":"https:\/\/www.enzo-und-ferdinand.de\/#organization"},"image":{"@id":"https:\/\/www.enzo-und-ferdinand.de\/index.php\/2019\/09\/12\/mercedes-vision-eqs\/#primaryimage"},"thumbnailUrl":"https:\/\/www.enzo-und-ferdinand.de\/wp-content\/uploads\/2019\/09\/19C0690_129.jpg","keywords":["Elektro","Mercedes","Mercedes Vision EQS"],"articleSection":["Studien","Technologie"],"inLanguage":"de"},{"@type":"WebPage","@id":"https:\/\/www.enzo-und-ferdinand.de\/index.php\/2019\/09\/12\/mercedes-vision-eqs\/","url":"https:\/\/www.enzo-und-ferdinand.de\/index.php\/2019\/09\/12\/mercedes-vision-eqs\/","name":"Mercedes Vision EQS","isPartOf":{"@id":"https:\/\/www.enzo-und-ferdinand.de\/#website"},"primaryImageOfPage":{"@id":"https:\/\/www.enzo-und-ferdinand.de\/index.php\/2019\/09\/12\/mercedes-vision-eqs\/#primaryimage"},"image":{"@id":"https:\/\/www.enzo-und-ferdinand.de\/index.php\/2019\/09\/12\/mercedes-vision-eqs\/#primaryimage"},"thumbnailUrl":"https:\/\/www.enzo-und-ferdinand.de\/wp-content\/uploads\/2019\/09\/19C0690_129.jpg","datePublished":"2019-09-12T07:54:21+00:00","dateModified":"2025-12-28T11:09:33+00:00","description":"Mercedes Vision EQS","breadcrumb":{"@id":"https:\/\/www.enzo-und-ferdinand.de\/index.php\/2019\/09\/12\/mercedes-vision-eqs\/#breadcrumb"},"inLanguage":"de","potentialAction":[{"@type":"ReadAction","target":["https:\/\/www.enzo-und-ferdinand.de\/index.php\/2019\/09\/12\/mercedes-vision-eqs\/"]}]},{"@type":"ImageObject","inLanguage":"de","@id":"https:\/\/www.enzo-und-ferdinand.de\/index.php\/2019\/09\/12\/mercedes-vision-eqs\/#primaryimage","url":"https:\/\/www.enzo-und-ferdinand.de\/wp-content\/uploads\/2019\/09\/19C0690_129.jpg","contentUrl":"https:\/\/www.enzo-und-ferdinand.de\/wp-content\/uploads\/2019\/09\/19C0690_129.jpg","width":1024,"height":683,"caption":"Mercedes-Benz VISION EQS, IAA 2019, der VISION EQS zeigt einen Ausblick auf ein Konzept eines vollelektrischen Fahrzeugs der Luxusklasse. Mercedes-Benz VISION EQS, IAA 2019, the VISION EQS provides an outlook on a concept for a fully-electric vehicle in the luxury class."},{"@type":"BreadcrumbList","@id":"https:\/\/www.enzo-und-ferdinand.de\/index.php\/2019\/09\/12\/mercedes-vision-eqs\/#breadcrumb","itemListElement":[{"@type":"ListItem","position":1,"name":"Startseite","item":"https:\/\/www.enzo-und-ferdinand.de\/"},{"@type":"ListItem","position":2,"name":"Mercedes Vision EQS"}]},{"@type":"WebSite","@id":"https:\/\/www.enzo-und-ferdinand.de\/#website","url":"https:\/\/www.enzo-und-ferdinand.de\/","name":"enzo & Ferdinand","description":"","publisher":{"@id":"https:\/\/www.enzo-und-ferdinand.de\/#organization"},"potentialAction":[{"@type":"SearchAction","target":{"@type":"EntryPoint","urlTemplate":"https:\/\/www.enzo-und-ferdinand.de\/?s={search_term_string}"},"query-input":{"@type":"PropertyValueSpecification","valueRequired":true,"valueName":"search_term_string"}}],"inLanguage":"de"},{"@type":"Organization","@id":"https:\/\/www.enzo-und-ferdinand.de\/#organization","name":"enzo & Ferdinand","url":"https:\/\/www.enzo-und-ferdinand.de\/","logo":{"@type":"ImageObject","inLanguage":"de","@id":"https:\/\/www.enzo-und-ferdinand.de\/#\/schema\/logo\/image\/","url":"https:\/\/www.enzo-und-ferdinand.de\/wp-content\/uploads\/2018\/12\/revvvs-icon.png","contentUrl":"https:\/\/www.enzo-und-ferdinand.de\/wp-content\/uploads\/2018\/12\/revvvs-icon.png","width":512,"height":512,"caption":"enzo & Ferdinand"},"image":{"@id":"https:\/\/www.enzo-und-ferdinand.de\/#\/schema\/logo\/image\/"}},{"@type":"Person","@id":"https:\/\/www.enzo-und-ferdinand.de\/#\/schema\/person\/aff2eb9ff87705987c1b9d21fe10b095","name":"Rainer Ro\u00dfbach","image":{"@type":"ImageObject","inLanguage":"de","@id":"https:\/\/www.enzo-und-ferdinand.de\/wp-content\/uploads\/2026\/01\/Rainer-Rossbach-150x150.jpg","url":"https:\/\/www.enzo-und-ferdinand.de\/wp-content\/uploads\/2026\/01\/Rainer-Rossbach-150x150.jpg","contentUrl":"https:\/\/www.enzo-und-ferdinand.de\/wp-content\/uploads\/2026\/01\/Rainer-Rossbach-150x150.jpg","caption":"Rainer Ro\u00dfbach"},"url":"https:\/\/www.enzo-und-ferdinand.de\/index.php\/author\/redaktion\/"}]}},"_links":{"self":[{"href":"https:\/\/www.enzo-und-ferdinand.de\/index.php\/wp-json\/wp\/v2\/posts\/5318","targetHints":{"allow":["GET"]}}],"collection":[{"href":"https:\/\/www.enzo-und-ferdinand.de\/index.php\/wp-json\/wp\/v2\/posts"}],"about":[{"href":"https:\/\/www.enzo-und-ferdinand.de\/index.php\/wp-json\/wp\/v2\/types\/post"}],"author":[{"embeddable":true,"href":"https:\/\/www.enzo-und-ferdinand.de\/index.php\/wp-json\/wp\/v2\/users\/1"}],"replies":[{"embeddable":true,"href":"https:\/\/www.enzo-und-ferdinand.de\/index.php\/wp-json\/wp\/v2\/comments?post=5318"}],"version-history":[{"count":19,"href":"https:\/\/www.enzo-und-ferdinand.de\/index.php\/wp-json\/wp\/v2\/posts\/5318\/revisions"}],"predecessor-version":[{"id":9729,"href":"https:\/\/www.enzo-und-ferdinand.de\/index.php\/wp-json\/wp\/v2\/posts\/5318\/revisions\/9729"}],"wp:featuredmedia":[{"embeddable":true,"href":"https:\/\/www.enzo-und-ferdinand.de\/index.php\/wp-json\/wp\/v2\/media\/5331"}],"wp:attachment":[{"href":"https:\/\/www.enzo-und-ferdinand.de\/index.php\/wp-json\/wp\/v2\/media?parent=5318"}],"wp:term":[{"taxonomy":"category","embeddable":true,"href":"https:\/\/www.enzo-und-ferdinand.de\/index.php\/wp-json\/wp\/v2\/categories?post=5318"},{"taxonomy":"post_tag","embeddable":true,"href":"https:\/\/www.enzo-und-ferdinand.de\/index.php\/wp-json\/wp\/v2\/tags?post=5318"}],"curies":[{"name":"wp","href":"https:\/\/api.w.org\/{rel}","templated":true}]}}