{"id":5377,"date":"2019-09-16T04:18:17","date_gmt":"2019-09-16T02:18:17","guid":{"rendered":"http:\/\/www.enzo-und-ferdinand.de\/?p=5377"},"modified":"2025-12-28T12:08:21","modified_gmt":"2025-12-28T11:08:21","slug":"vision-mercedes-simplex","status":"publish","type":"post","link":"https:\/\/www.enzo-und-ferdinand.de\/index.php\/2019\/09\/16\/vision-mercedes-simplex\/","title":{"rendered":"Vision Mercedes Simplex"},"content":{"rendered":"\n<figure class=\"wp-block-image\"><img loading=\"lazy\" decoding=\"async\" width=\"810\" height=\"405\" src=\"https:\/\/www.enzo-und-ferdinand.de\/wp-content\/uploads\/2019\/09\/19C0762_012-810x405.jpg\" alt=\"Vision Mercedes Simplex\" class=\"wp-image-5386\" srcset=\"https:\/\/www.enzo-und-ferdinand.de\/wp-content\/uploads\/2019\/09\/19C0762_012-810x405.jpg 810w, https:\/\/www.enzo-und-ferdinand.de\/wp-content\/uploads\/2019\/09\/19C0762_012-300x150.jpg 300w, https:\/\/www.enzo-und-ferdinand.de\/wp-content\/uploads\/2019\/09\/19C0762_012-768x384.jpg 768w, https:\/\/www.enzo-und-ferdinand.de\/wp-content\/uploads\/2019\/09\/19C0762_012.jpg 1024w\" sizes=\"auto, (max-width: 810px) 100vw, 810px\" \/><\/figure>\n\n\n\n<p class=\"wp-block-paragraph\">Wilhelm Maybach konstruiert 1902 f\u00fcr die Daimler-Motoren-Gesellschaft einen 35 PS-starken Sportwagen. Emil Jellinek, \u00f6sterreichischer Konsul mit Residenz in Monaco und rennsportverr\u00fcckt, hatte bei den Stuttgartern eine ganze Anzahl dieser Wagen bestellt. Jellinek, mit besten Verbindungen in h\u00f6chste und auch verm\u00f6gende Kreise, war auch als Autoh\u00e4ndler aktiv und verkaufte die schw\u00e4bischen Automobile in ganz S\u00fcdeuropa. Ein Mann mit Einflu\u00df also, weshalb Daimler auch dem Wunsch des Konsuls nachgab, dem Wagen den Namen seiner Tochter Mercedes zu geben. Das war die Geburtsstunde einer der gr\u00f6\u00dften Marken der Welt.<\/p>\n\n\n\n<p class=\"wp-block-paragraph\">Der Mercedes 35 PS war hochentwickelt&nbsp;und dominierte die Wettbewerbe im gleichen Jahr auf der Rennstrecke von Nizza nach La Turbie. Dieser erste Mercedes gilt, mit seiner flachen Silhouette, dem leichten Rahmen und mit dem tief eingebauten Hochleistungsmotor, als erstes modernes Automobil, .<\/p>\n\n\n\n<figure class=\"wp-block-image\"><img loading=\"lazy\" decoding=\"async\" width=\"810\" height=\"405\" src=\"https:\/\/www.enzo-und-ferdinand.de\/wp-content\/uploads\/2019\/09\/19C0762_015-810x405.jpg\" alt=\"Vision Mercedes Simplex\" class=\"wp-image-5387\" srcset=\"https:\/\/www.enzo-und-ferdinand.de\/wp-content\/uploads\/2019\/09\/19C0762_015-810x405.jpg 810w, https:\/\/www.enzo-und-ferdinand.de\/wp-content\/uploads\/2019\/09\/19C0762_015-300x150.jpg 300w, https:\/\/www.enzo-und-ferdinand.de\/wp-content\/uploads\/2019\/09\/19C0762_015-768x384.jpg 768w, https:\/\/www.enzo-und-ferdinand.de\/wp-content\/uploads\/2019\/09\/19C0762_015.jpg 1024w\" sizes=\"auto, (max-width: 810px) 100vw, 810px\" \/><\/figure>\n\n\n\n<p class=\"wp-block-paragraph\">Mit dem \u201eVision Mercedes Simplex\u201c erinnert der Stuttgarter Konzern an dieses historische Ereignis. Die Studie interpretiert den historischen Simplex als Zweisitzer mit freistehenden R\u00e4dern. Diese befinden sich an den maximal \u00e4u\u00dferen Punkten des Wagens. Die Farbgestaltung der Karosserie teilt sich vertikal in einen wei\u00dfen Vorderwagen und ein schwarzes Heck und folgt damit dem historischen Vorbild.&nbsp;<\/p>\n\n\n\n<p class=\"wp-block-paragraph\">Die R\u00e4der sind transparent verkleidet, zwischen den Vorderr\u00e4dern und dem Fahrzeugrumpf sind aerodynamischen Leitfl\u00e4chen angebracht. Die K\u00fchlermaske, ganz traditionell mit einem gro\u00dfen, messinfarbenen Rahmen, nimmt ein 3D-Display auf, in das der \u201eMercedes\u201c-Schriftzug digital eingeblendet wird. Auf eine Windschutzscheibe verzichtet die Studie zugunsten eines kompromisslos-sportlichen Charakters. Schmale, horizontale R\u00fcckleuchten schmiegen sich in einem schmalen Bogen um das gesamte Heck.<\/p>\n\n\n\n<figure class=\"wp-block-image\"><img loading=\"lazy\" decoding=\"async\" width=\"810\" height=\"405\" src=\"https:\/\/www.enzo-und-ferdinand.de\/wp-content\/uploads\/2019\/09\/19C0762_008-810x405.jpg\" alt=\"Vision Mercedes Simplex\" class=\"wp-image-5390\" srcset=\"https:\/\/www.enzo-und-ferdinand.de\/wp-content\/uploads\/2019\/09\/19C0762_008-810x405.jpg 810w, https:\/\/www.enzo-und-ferdinand.de\/wp-content\/uploads\/2019\/09\/19C0762_008-300x150.jpg 300w, https:\/\/www.enzo-und-ferdinand.de\/wp-content\/uploads\/2019\/09\/19C0762_008-768x384.jpg 768w, https:\/\/www.enzo-und-ferdinand.de\/wp-content\/uploads\/2019\/09\/19C0762_008.jpg 1024w\" sizes=\"auto, (max-width: 810px) 100vw, 810px\" \/><\/figure>\n\n\n\n<p class=\"wp-block-paragraph\">Der \u00dcbergang zwischen Au\u00dfen und Innen ist flie\u00dfend, das Design von Lenks\u00e4ule und Schaltern an der Instrumententafel orientiert sich an der Gestaltung von &nbsp;Motorr\u00e4dern und Yachten.&nbsp;<\/p>\n\n\n\n<p class=\"wp-block-paragraph\">Wesentlich sind die hochwertigen Details an der Mensch-Maschinen-Schnittstelle, etwa die Uhr, massive Verschraubungen oder auch die Ausgestaltung des Gurts. Einen optischen Kontrapunkt zum Schwarz-Wei\u00df-Schema des Wagenk\u00f6rpers setzt die azurblaue Polsterung, die nahtlos in den Fu\u00dfraum \u00fcbergeht und in klassischer Chesterfield-Steppung ausgef\u00fchrt ist.<\/p>\n\n\n\n<p class=\"wp-block-paragraph\">Das User-Interface zeigt ausschlie\u00dflich die Informationen an, die der Fahrer aktuell ben\u00f6tigt, etwa Geschwindigkeit, Navigationdaten oder technische Informationen zum Betriebszustand des Fahrzeug. Zus\u00e4tzliche Infos werden je nach Situation auf dem Armaturenbrett eingeblendet. Die Armaturen sind, als Reminiszenz an den Veteranen, goldfarben gefa\u00dft.<\/p>\n\n\n\n<figure class=\"wp-block-image\"><img loading=\"lazy\" decoding=\"async\" width=\"810\" height=\"608\" src=\"https:\/\/www.enzo-und-ferdinand.de\/wp-content\/uploads\/2019\/09\/19C0762_006-810x608.jpg\" alt=\"Vision Mercedes Simplex\" class=\"wp-image-5391\" srcset=\"https:\/\/www.enzo-und-ferdinand.de\/wp-content\/uploads\/2019\/09\/19C0762_006-810x608.jpg 810w, https:\/\/www.enzo-und-ferdinand.de\/wp-content\/uploads\/2019\/09\/19C0762_006-300x225.jpg 300w, https:\/\/www.enzo-und-ferdinand.de\/wp-content\/uploads\/2019\/09\/19C0762_006-768x576.jpg 768w, https:\/\/www.enzo-und-ferdinand.de\/wp-content\/uploads\/2019\/09\/19C0762_006.jpg 1024w\" sizes=\"auto, (max-width: 810px) 100vw, 810px\" \/><\/figure>\n\n\n\n<p style=\"text-align:right\" class=\"has-small-font-size wp-block-paragraph\">Fotos: Daimler\/Text: Rainer Ro\u00dfbach<\/p>\n","protected":false},"excerpt":{"rendered":"<p>Wilhelm Maybach konstruiert 1902 f\u00fcr die Daimler-Motoren-Gesellschaft einen 35 PS-starken Sportwagen. Emil Jellinek, \u00f6sterreichischer Konsul mit Residenz in Monaco und rennsportverr\u00fcckt, hatte bei den Stuttgartern eine ganze Anzahl dieser Wagen bestellt. Jellinek, mit besten Verbindungen in h\u00f6chste und auch verm\u00f6gende Kreise, war auch als Autoh\u00e4ndler aktiv und verkaufte die schw\u00e4bischen Automobile in ganz S\u00fcdeuropa. Ein Mann mit Einflu\u00df also, weshalb Daimler auch dem Wunsch des Konsuls nachgab, dem Wagen den Namen seiner Tochter Mercedes zu geben. Das war die Geburtsstunde einer der gr\u00f6\u00dften Marken der Welt.<br \/>\nMit dem \u201eVision Mercedes Simplex\u201c erinnert der Stuttgarter Konzern an dieses historische Ereignis. <\/p>\n","protected":false},"author":1,"featured_media":5385,"comment_status":"closed","ping_status":"closed","sticky":false,"template":"","format":"standard","meta":{"_crdt_document":"","ngg_post_thumbnail":0,"footnotes":""},"categories":[4,24],"tags":[203,381],"class_list":["post-5377","post","type-post","status-publish","format-standard","has-post-thumbnail","hentry","category-studien","category-unikate","tag-mercedes","tag-vision-mercedes-simplex"],"yoast_head":"<!-- This site is optimized with the Yoast SEO plugin v27.5 - https:\/\/yoast.com\/product\/yoast-seo-wordpress\/ -->\n<title>Vision Mercedes Simplex<\/title>\n<meta name=\"description\" content=\"Vision Mercedes Simplex\" \/>\n<meta name=\"robots\" content=\"index, follow, max-snippet:-1, max-image-preview:large, max-video-preview:-1\" \/>\n<link rel=\"canonical\" href=\"https:\/\/www.enzo-und-ferdinand.de\/index.php\/2019\/09\/16\/vision-mercedes-simplex\/\" \/>\n<meta property=\"og:locale\" content=\"de_DE\" \/>\n<meta property=\"og:type\" content=\"article\" \/>\n<meta property=\"og:title\" content=\"Vision Mercedes Simplex\" \/>\n<meta property=\"og:description\" content=\"Vision Mercedes Simplex\" \/>\n<meta property=\"og:url\" content=\"https:\/\/www.enzo-und-ferdinand.de\/index.php\/2019\/09\/16\/vision-mercedes-simplex\/\" \/>\n<meta property=\"og:site_name\" content=\"enzo &amp; Ferdinand\" \/>\n<meta property=\"article:published_time\" content=\"2019-09-16T02:18:17+00:00\" \/>\n<meta property=\"article:modified_time\" content=\"2025-12-28T11:08:21+00:00\" \/>\n<meta property=\"og:image\" content=\"https:\/\/www.enzo-und-ferdinand.de\/wp-content\/uploads\/2019\/09\/19C0762_013.jpg\" \/>\n\t<meta property=\"og:image:width\" content=\"1024\" \/>\n\t<meta property=\"og:image:height\" content=\"512\" \/>\n\t<meta property=\"og:image:type\" content=\"image\/jpeg\" \/>\n<meta name=\"author\" content=\"Rainer Ro\u00dfbach\" \/>\n<meta name=\"twitter:card\" content=\"summary_large_image\" \/>\n<meta name=\"twitter:label1\" content=\"Verfasst von\" \/>\n\t<meta name=\"twitter:data1\" content=\"Rainer Ro\u00dfbach\" \/>\n\t<meta name=\"twitter:label2\" content=\"Gesch\u00e4tzte Lesezeit\" \/>\n\t<meta name=\"twitter:data2\" content=\"3\u00a0Minuten\" \/>\n<script type=\"application\/ld+json\" class=\"yoast-schema-graph\">{\"@context\":\"https:\\\/\\\/schema.org\",\"@graph\":[{\"@type\":\"Article\",\"@id\":\"https:\\\/\\\/www.enzo-und-ferdinand.de\\\/index.php\\\/2019\\\/09\\\/16\\\/vision-mercedes-simplex\\\/#article\",\"isPartOf\":{\"@id\":\"https:\\\/\\\/www.enzo-und-ferdinand.de\\\/index.php\\\/2019\\\/09\\\/16\\\/vision-mercedes-simplex\\\/\"},\"author\":{\"name\":\"Rainer Ro\u00dfbach\",\"@id\":\"https:\\\/\\\/www.enzo-und-ferdinand.de\\\/#\\\/schema\\\/person\\\/aff2eb9ff87705987c1b9d21fe10b095\"},\"headline\":\"Vision Mercedes Simplex\",\"datePublished\":\"2019-09-16T02:18:17+00:00\",\"dateModified\":\"2025-12-28T11:08:21+00:00\",\"mainEntityOfPage\":{\"@id\":\"https:\\\/\\\/www.enzo-und-ferdinand.de\\\/index.php\\\/2019\\\/09\\\/16\\\/vision-mercedes-simplex\\\/\"},\"wordCount\":391,\"publisher\":{\"@id\":\"https:\\\/\\\/www.enzo-und-ferdinand.de\\\/#organization\"},\"image\":{\"@id\":\"https:\\\/\\\/www.enzo-und-ferdinand.de\\\/index.php\\\/2019\\\/09\\\/16\\\/vision-mercedes-simplex\\\/#primaryimage\"},\"thumbnailUrl\":\"https:\\\/\\\/www.enzo-und-ferdinand.de\\\/wp-content\\\/uploads\\\/2019\\\/09\\\/19C0762_013.jpg\",\"keywords\":[\"Mercedes\",\"Vision Mercedes Simplex\"],\"articleSection\":[\"Studien\",\"Unikate\"],\"inLanguage\":\"de\"},{\"@type\":\"WebPage\",\"@id\":\"https:\\\/\\\/www.enzo-und-ferdinand.de\\\/index.php\\\/2019\\\/09\\\/16\\\/vision-mercedes-simplex\\\/\",\"url\":\"https:\\\/\\\/www.enzo-und-ferdinand.de\\\/index.php\\\/2019\\\/09\\\/16\\\/vision-mercedes-simplex\\\/\",\"name\":\"Vision Mercedes Simplex\",\"isPartOf\":{\"@id\":\"https:\\\/\\\/www.enzo-und-ferdinand.de\\\/#website\"},\"primaryImageOfPage\":{\"@id\":\"https:\\\/\\\/www.enzo-und-ferdinand.de\\\/index.php\\\/2019\\\/09\\\/16\\\/vision-mercedes-simplex\\\/#primaryimage\"},\"image\":{\"@id\":\"https:\\\/\\\/www.enzo-und-ferdinand.de\\\/index.php\\\/2019\\\/09\\\/16\\\/vision-mercedes-simplex\\\/#primaryimage\"},\"thumbnailUrl\":\"https:\\\/\\\/www.enzo-und-ferdinand.de\\\/wp-content\\\/uploads\\\/2019\\\/09\\\/19C0762_013.jpg\",\"datePublished\":\"2019-09-16T02:18:17+00:00\",\"dateModified\":\"2025-12-28T11:08:21+00:00\",\"description\":\"Vision Mercedes Simplex\",\"breadcrumb\":{\"@id\":\"https:\\\/\\\/www.enzo-und-ferdinand.de\\\/index.php\\\/2019\\\/09\\\/16\\\/vision-mercedes-simplex\\\/#breadcrumb\"},\"inLanguage\":\"de\",\"potentialAction\":[{\"@type\":\"ReadAction\",\"target\":[\"https:\\\/\\\/www.enzo-und-ferdinand.de\\\/index.php\\\/2019\\\/09\\\/16\\\/vision-mercedes-simplex\\\/\"]}]},{\"@type\":\"ImageObject\",\"inLanguage\":\"de\",\"@id\":\"https:\\\/\\\/www.enzo-und-ferdinand.de\\\/index.php\\\/2019\\\/09\\\/16\\\/vision-mercedes-simplex\\\/#primaryimage\",\"url\":\"https:\\\/\\\/www.enzo-und-ferdinand.de\\\/wp-content\\\/uploads\\\/2019\\\/09\\\/19C0762_013.jpg\",\"contentUrl\":\"https:\\\/\\\/www.enzo-und-ferdinand.de\\\/wp-content\\\/uploads\\\/2019\\\/09\\\/19C0762_013.jpg\",\"width\":1024,\"height\":512,\"caption\":\"Vision Mercedes Simplex Vision Mercedes Simplex\"},{\"@type\":\"BreadcrumbList\",\"@id\":\"https:\\\/\\\/www.enzo-und-ferdinand.de\\\/index.php\\\/2019\\\/09\\\/16\\\/vision-mercedes-simplex\\\/#breadcrumb\",\"itemListElement\":[{\"@type\":\"ListItem\",\"position\":1,\"name\":\"Startseite\",\"item\":\"https:\\\/\\\/www.enzo-und-ferdinand.de\\\/\"},{\"@type\":\"ListItem\",\"position\":2,\"name\":\"Vision Mercedes Simplex\"}]},{\"@type\":\"WebSite\",\"@id\":\"https:\\\/\\\/www.enzo-und-ferdinand.de\\\/#website\",\"url\":\"https:\\\/\\\/www.enzo-und-ferdinand.de\\\/\",\"name\":\"enzo & Ferdinand\",\"description\":\"\",\"publisher\":{\"@id\":\"https:\\\/\\\/www.enzo-und-ferdinand.de\\\/#organization\"},\"potentialAction\":[{\"@type\":\"SearchAction\",\"target\":{\"@type\":\"EntryPoint\",\"urlTemplate\":\"https:\\\/\\\/www.enzo-und-ferdinand.de\\\/?s={search_term_string}\"},\"query-input\":{\"@type\":\"PropertyValueSpecification\",\"valueRequired\":true,\"valueName\":\"search_term_string\"}}],\"inLanguage\":\"de\"},{\"@type\":\"Organization\",\"@id\":\"https:\\\/\\\/www.enzo-und-ferdinand.de\\\/#organization\",\"name\":\"enzo & Ferdinand\",\"url\":\"https:\\\/\\\/www.enzo-und-ferdinand.de\\\/\",\"logo\":{\"@type\":\"ImageObject\",\"inLanguage\":\"de\",\"@id\":\"https:\\\/\\\/www.enzo-und-ferdinand.de\\\/#\\\/schema\\\/logo\\\/image\\\/\",\"url\":\"https:\\\/\\\/www.enzo-und-ferdinand.de\\\/wp-content\\\/uploads\\\/2018\\\/12\\\/revvvs-icon.png\",\"contentUrl\":\"https:\\\/\\\/www.enzo-und-ferdinand.de\\\/wp-content\\\/uploads\\\/2018\\\/12\\\/revvvs-icon.png\",\"width\":512,\"height\":512,\"caption\":\"enzo & Ferdinand\"},\"image\":{\"@id\":\"https:\\\/\\\/www.enzo-und-ferdinand.de\\\/#\\\/schema\\\/logo\\\/image\\\/\"}},{\"@type\":\"Person\",\"@id\":\"https:\\\/\\\/www.enzo-und-ferdinand.de\\\/#\\\/schema\\\/person\\\/aff2eb9ff87705987c1b9d21fe10b095\",\"name\":\"Rainer Ro\u00dfbach\",\"image\":{\"@type\":\"ImageObject\",\"inLanguage\":\"de\",\"@id\":\"https:\\\/\\\/www.enzo-und-ferdinand.de\\\/wp-content\\\/uploads\\\/2026\\\/01\\\/Rainer-Rossbach-150x150.jpg\",\"url\":\"https:\\\/\\\/www.enzo-und-ferdinand.de\\\/wp-content\\\/uploads\\\/2026\\\/01\\\/Rainer-Rossbach-150x150.jpg\",\"contentUrl\":\"https:\\\/\\\/www.enzo-und-ferdinand.de\\\/wp-content\\\/uploads\\\/2026\\\/01\\\/Rainer-Rossbach-150x150.jpg\",\"caption\":\"Rainer Ro\u00dfbach\"},\"url\":\"https:\\\/\\\/www.enzo-und-ferdinand.de\\\/index.php\\\/author\\\/redaktion\\\/\"}]}<\/script>\n<!-- \/ Yoast SEO plugin. -->","yoast_head_json":{"title":"Vision Mercedes Simplex","description":"Vision Mercedes Simplex","robots":{"index":"index","follow":"follow","max-snippet":"max-snippet:-1","max-image-preview":"max-image-preview:large","max-video-preview":"max-video-preview:-1"},"canonical":"https:\/\/www.enzo-und-ferdinand.de\/index.php\/2019\/09\/16\/vision-mercedes-simplex\/","og_locale":"de_DE","og_type":"article","og_title":"Vision Mercedes Simplex","og_description":"Vision Mercedes Simplex","og_url":"https:\/\/www.enzo-und-ferdinand.de\/index.php\/2019\/09\/16\/vision-mercedes-simplex\/","og_site_name":"enzo &amp; Ferdinand","article_published_time":"2019-09-16T02:18:17+00:00","article_modified_time":"2025-12-28T11:08:21+00:00","og_image":[{"width":1024,"height":512,"url":"https:\/\/www.enzo-und-ferdinand.de\/wp-content\/uploads\/2019\/09\/19C0762_013.jpg","type":"image\/jpeg"}],"author":"Rainer Ro\u00dfbach","twitter_card":"summary_large_image","twitter_misc":{"Verfasst von":"Rainer Ro\u00dfbach","Gesch\u00e4tzte Lesezeit":"3\u00a0Minuten"},"schema":{"@context":"https:\/\/schema.org","@graph":[{"@type":"Article","@id":"https:\/\/www.enzo-und-ferdinand.de\/index.php\/2019\/09\/16\/vision-mercedes-simplex\/#article","isPartOf":{"@id":"https:\/\/www.enzo-und-ferdinand.de\/index.php\/2019\/09\/16\/vision-mercedes-simplex\/"},"author":{"name":"Rainer Ro\u00dfbach","@id":"https:\/\/www.enzo-und-ferdinand.de\/#\/schema\/person\/aff2eb9ff87705987c1b9d21fe10b095"},"headline":"Vision Mercedes Simplex","datePublished":"2019-09-16T02:18:17+00:00","dateModified":"2025-12-28T11:08:21+00:00","mainEntityOfPage":{"@id":"https:\/\/www.enzo-und-ferdinand.de\/index.php\/2019\/09\/16\/vision-mercedes-simplex\/"},"wordCount":391,"publisher":{"@id":"https:\/\/www.enzo-und-ferdinand.de\/#organization"},"image":{"@id":"https:\/\/www.enzo-und-ferdinand.de\/index.php\/2019\/09\/16\/vision-mercedes-simplex\/#primaryimage"},"thumbnailUrl":"https:\/\/www.enzo-und-ferdinand.de\/wp-content\/uploads\/2019\/09\/19C0762_013.jpg","keywords":["Mercedes","Vision Mercedes Simplex"],"articleSection":["Studien","Unikate"],"inLanguage":"de"},{"@type":"WebPage","@id":"https:\/\/www.enzo-und-ferdinand.de\/index.php\/2019\/09\/16\/vision-mercedes-simplex\/","url":"https:\/\/www.enzo-und-ferdinand.de\/index.php\/2019\/09\/16\/vision-mercedes-simplex\/","name":"Vision Mercedes Simplex","isPartOf":{"@id":"https:\/\/www.enzo-und-ferdinand.de\/#website"},"primaryImageOfPage":{"@id":"https:\/\/www.enzo-und-ferdinand.de\/index.php\/2019\/09\/16\/vision-mercedes-simplex\/#primaryimage"},"image":{"@id":"https:\/\/www.enzo-und-ferdinand.de\/index.php\/2019\/09\/16\/vision-mercedes-simplex\/#primaryimage"},"thumbnailUrl":"https:\/\/www.enzo-und-ferdinand.de\/wp-content\/uploads\/2019\/09\/19C0762_013.jpg","datePublished":"2019-09-16T02:18:17+00:00","dateModified":"2025-12-28T11:08:21+00:00","description":"Vision Mercedes Simplex","breadcrumb":{"@id":"https:\/\/www.enzo-und-ferdinand.de\/index.php\/2019\/09\/16\/vision-mercedes-simplex\/#breadcrumb"},"inLanguage":"de","potentialAction":[{"@type":"ReadAction","target":["https:\/\/www.enzo-und-ferdinand.de\/index.php\/2019\/09\/16\/vision-mercedes-simplex\/"]}]},{"@type":"ImageObject","inLanguage":"de","@id":"https:\/\/www.enzo-und-ferdinand.de\/index.php\/2019\/09\/16\/vision-mercedes-simplex\/#primaryimage","url":"https:\/\/www.enzo-und-ferdinand.de\/wp-content\/uploads\/2019\/09\/19C0762_013.jpg","contentUrl":"https:\/\/www.enzo-und-ferdinand.de\/wp-content\/uploads\/2019\/09\/19C0762_013.jpg","width":1024,"height":512,"caption":"Vision Mercedes Simplex Vision Mercedes Simplex"},{"@type":"BreadcrumbList","@id":"https:\/\/www.enzo-und-ferdinand.de\/index.php\/2019\/09\/16\/vision-mercedes-simplex\/#breadcrumb","itemListElement":[{"@type":"ListItem","position":1,"name":"Startseite","item":"https:\/\/www.enzo-und-ferdinand.de\/"},{"@type":"ListItem","position":2,"name":"Vision Mercedes Simplex"}]},{"@type":"WebSite","@id":"https:\/\/www.enzo-und-ferdinand.de\/#website","url":"https:\/\/www.enzo-und-ferdinand.de\/","name":"enzo & Ferdinand","description":"","publisher":{"@id":"https:\/\/www.enzo-und-ferdinand.de\/#organization"},"potentialAction":[{"@type":"SearchAction","target":{"@type":"EntryPoint","urlTemplate":"https:\/\/www.enzo-und-ferdinand.de\/?s={search_term_string}"},"query-input":{"@type":"PropertyValueSpecification","valueRequired":true,"valueName":"search_term_string"}}],"inLanguage":"de"},{"@type":"Organization","@id":"https:\/\/www.enzo-und-ferdinand.de\/#organization","name":"enzo & Ferdinand","url":"https:\/\/www.enzo-und-ferdinand.de\/","logo":{"@type":"ImageObject","inLanguage":"de","@id":"https:\/\/www.enzo-und-ferdinand.de\/#\/schema\/logo\/image\/","url":"https:\/\/www.enzo-und-ferdinand.de\/wp-content\/uploads\/2018\/12\/revvvs-icon.png","contentUrl":"https:\/\/www.enzo-und-ferdinand.de\/wp-content\/uploads\/2018\/12\/revvvs-icon.png","width":512,"height":512,"caption":"enzo & Ferdinand"},"image":{"@id":"https:\/\/www.enzo-und-ferdinand.de\/#\/schema\/logo\/image\/"}},{"@type":"Person","@id":"https:\/\/www.enzo-und-ferdinand.de\/#\/schema\/person\/aff2eb9ff87705987c1b9d21fe10b095","name":"Rainer Ro\u00dfbach","image":{"@type":"ImageObject","inLanguage":"de","@id":"https:\/\/www.enzo-und-ferdinand.de\/wp-content\/uploads\/2026\/01\/Rainer-Rossbach-150x150.jpg","url":"https:\/\/www.enzo-und-ferdinand.de\/wp-content\/uploads\/2026\/01\/Rainer-Rossbach-150x150.jpg","contentUrl":"https:\/\/www.enzo-und-ferdinand.de\/wp-content\/uploads\/2026\/01\/Rainer-Rossbach-150x150.jpg","caption":"Rainer Ro\u00dfbach"},"url":"https:\/\/www.enzo-und-ferdinand.de\/index.php\/author\/redaktion\/"}]}},"_links":{"self":[{"href":"https:\/\/www.enzo-und-ferdinand.de\/index.php\/wp-json\/wp\/v2\/posts\/5377","targetHints":{"allow":["GET"]}}],"collection":[{"href":"https:\/\/www.enzo-und-ferdinand.de\/index.php\/wp-json\/wp\/v2\/posts"}],"about":[{"href":"https:\/\/www.enzo-und-ferdinand.de\/index.php\/wp-json\/wp\/v2\/types\/post"}],"author":[{"embeddable":true,"href":"https:\/\/www.enzo-und-ferdinand.de\/index.php\/wp-json\/wp\/v2\/users\/1"}],"replies":[{"embeddable":true,"href":"https:\/\/www.enzo-und-ferdinand.de\/index.php\/wp-json\/wp\/v2\/comments?post=5377"}],"version-history":[{"count":26,"href":"https:\/\/www.enzo-und-ferdinand.de\/index.php\/wp-json\/wp\/v2\/posts\/5377\/revisions"}],"predecessor-version":[{"id":5472,"href":"https:\/\/www.enzo-und-ferdinand.de\/index.php\/wp-json\/wp\/v2\/posts\/5377\/revisions\/5472"}],"wp:featuredmedia":[{"embeddable":true,"href":"https:\/\/www.enzo-und-ferdinand.de\/index.php\/wp-json\/wp\/v2\/media\/5385"}],"wp:attachment":[{"href":"https:\/\/www.enzo-und-ferdinand.de\/index.php\/wp-json\/wp\/v2\/media?parent=5377"}],"wp:term":[{"taxonomy":"category","embeddable":true,"href":"https:\/\/www.enzo-und-ferdinand.de\/index.php\/wp-json\/wp\/v2\/categories?post=5377"},{"taxonomy":"post_tag","embeddable":true,"href":"https:\/\/www.enzo-und-ferdinand.de\/index.php\/wp-json\/wp\/v2\/tags?post=5377"}],"curies":[{"name":"wp","href":"https:\/\/api.w.org\/{rel}","templated":true}]}}