{"id":5473,"date":"2019-09-17T20:20:33","date_gmt":"2019-09-17T18:20:33","guid":{"rendered":"http:\/\/www.enzo-und-ferdinand.de\/?p=5473"},"modified":"2025-12-28T12:07:38","modified_gmt":"2025-12-28T11:07:38","slug":"abarth-595-pista","status":"publish","type":"post","link":"https:\/\/www.enzo-und-ferdinand.de\/index.php\/2019\/09\/17\/abarth-595-pista\/","title":{"rendered":"Abarth 595 Pista"},"content":{"rendered":"\n<figure class=\"wp-block-image\"><img loading=\"lazy\" decoding=\"async\" width=\"810\" height=\"540\" src=\"https:\/\/www.enzo-und-ferdinand.de\/wp-content\/uploads\/2019\/09\/190911_Abarth_595-Pista_14-810x540.jpg\" alt=\"Abarth 595 Pista\" class=\"wp-image-5478\" srcset=\"https:\/\/www.enzo-und-ferdinand.de\/wp-content\/uploads\/2019\/09\/190911_Abarth_595-Pista_14-810x540.jpg 810w, https:\/\/www.enzo-und-ferdinand.de\/wp-content\/uploads\/2019\/09\/190911_Abarth_595-Pista_14-300x200.jpg 300w, https:\/\/www.enzo-und-ferdinand.de\/wp-content\/uploads\/2019\/09\/190911_Abarth_595-Pista_14-768x512.jpg 768w, https:\/\/www.enzo-und-ferdinand.de\/wp-content\/uploads\/2019\/09\/190911_Abarth_595-Pista_14-120x80.jpg 120w, https:\/\/www.enzo-und-ferdinand.de\/wp-content\/uploads\/2019\/09\/190911_Abarth_595-Pista_14.jpg 1024w\" sizes=\"auto, (max-width: 810px) 100vw, 810px\" \/><\/figure>\n\n\n\n<p class=\"wp-block-paragraph\">Mit dem neuen 595 Pista sch\u00e4rft Abarth seine Produktpalette. Ein neuer Motor und ein eigens entwickelter Garret-Turbolader bringen jetzt 165 PS auf die Stra\u00dfe.&nbsp;<\/p>\n\n\n\n<p class=\"wp-block-paragraph\">Der Lader mit seinem von 9,8:1 auf 9:1 reduzierten Verdichtungsverh\u00e4ltnis optimiert die Temperatur im Brennraum bei gleichem Druck und erm\u00f6glicht so das Erreichen des Spitzendrehmoments von 230 Nm bei nun mehr relativ niedrigen 2250 U\/min. Die volle Leistung liegt bei maximaler Drehzahl an und versprochen werden Vorteile in der Vollgasfestigkeit \u00fcber den gesamten Drehmomentverlauf. Zudem gibt Verbesserungen in der Elastizit\u00e4t des Aggregats. Im f\u00fcnften Gang beschleunigt der schnelle 695er Pista in 7,8 Sekunden von 80 auf 120 km\/h und die H\u00f6chstgeschwindigkeit liegt bei eindrucksvollen 218 Stundenkilometer.<\/p>\n\n\n\n<p class=\"wp-block-paragraph\">Die Hinterradaufh\u00e4ngung vom niederl\u00e4ndischen Spezialisten Koni sorgt mit FSD-Technologie (Frequency Selective Damping) f\u00fcr gutes Handling, bessere Traktion und mehr Stabilit\u00e4t.<\/p>\n\n\n\n<p class=\"wp-block-paragraph\">Der Fahrer nimmt Platz in serienm\u00e4\u00dfigen Sportsitzen oder aber in Rennsportsitzen von Sabelt Racing, die als Extra geordert werden k\u00f6nnen. Vor dem Piloten befindet sich ein unten abgeflachtes Lenkrad mit Zentrierungsmarkierung f\u00fcrs sportliche Anpeilen der Kurven. \u00dcber einen \u201eSport\u201c-Modus, der per Knopf bet\u00e4tigt wird, k\u00f6nnen sowohl die Servolenkung wie auch die Drosselklappe optimal angesteuert werden \u2013 diese sorgt dann f\u00fcr ein maximales Drehmoment. Sportwagentypisch kann das F\u00fcnfgang-Automatikgetriebe auch \u00fcber Schaltwippen bet\u00e4tigt werden. Das Bremssystem wurde der gestiegenen Leistung angepasst: Vorne sind nun Scheiben mit einem Durchmesser von 284 Millimetern montiert, hinten solche mit einem Radius von 240 Millimetern.&nbsp;<\/p>\n\n\n\n<figure class=\"wp-block-image\"><img loading=\"lazy\" decoding=\"async\" width=\"810\" height=\"539\" src=\"https:\/\/www.enzo-und-ferdinand.de\/wp-content\/uploads\/2019\/09\/190911_Abarth_595-Pista_23-810x539.jpg\" alt=\"Abarth 595 Pista\" class=\"wp-image-5479\" srcset=\"https:\/\/www.enzo-und-ferdinand.de\/wp-content\/uploads\/2019\/09\/190911_Abarth_595-Pista_23-810x539.jpg 810w, https:\/\/www.enzo-und-ferdinand.de\/wp-content\/uploads\/2019\/09\/190911_Abarth_595-Pista_23-300x200.jpg 300w, https:\/\/www.enzo-und-ferdinand.de\/wp-content\/uploads\/2019\/09\/190911_Abarth_595-Pista_23-768x512.jpg 768w, https:\/\/www.enzo-und-ferdinand.de\/wp-content\/uploads\/2019\/09\/190911_Abarth_595-Pista_23-120x80.jpg 120w, https:\/\/www.enzo-und-ferdinand.de\/wp-content\/uploads\/2019\/09\/190911_Abarth_595-Pista_23.jpg 1024w\" sizes=\"auto, (max-width: 810px) 100vw, 810px\" \/><\/figure>\n\n\n\n<p class=\"wp-block-paragraph\">Als Farben gibt es Asfalto Grau Matt, Record Grau, Campovolo Grau, Scorpione Schwarz, Podio Blau, Gara Weiss, Abarth Rot, Modena Gelb und Adrenalia Gr\u00fcn zur Auswahl. Leuchtend gr\u00fcne Applikationen an den vorderen und hinteren Sto\u00dff\u00e4ngereins\u00e4tzen und den Seitenspiegeln setzen einen besonderen Akzent. Auch die Nabenkappen leuchten gr\u00fcn.<\/p>\n\n\n\n<p class=\"wp-block-paragraph\">Die Vernetzung mit der digitalen Welt versteht sich von selbst. So ist der 595 Pista standardm\u00e4\u00dfig mit Uconnect7&#8243;-HD-System, Navigator und einem DAB-Digitalradio ausgestattet \u2013 sowohl Apple CarPlay als auch Google Android Auto werden unterst\u00fctzt. Das Infotainmentsystem verf\u00fcgt zudem \u00fcber einen HD-Bildschirm und die Abarth Telemetry. Dieses Tool kann die Messung von Rundenzeiten und das Speichern von Strecken und Routen.<\/p>\n\n\n\n<p style=\"text-align:right\" class=\"has-small-font-size wp-block-paragraph\">Fotos: Abarth\/FCA\/Text: Rainer Ro\u00dfbach<\/p>\n","protected":false},"excerpt":{"rendered":"<p>Mit dem neuen 595 Pista sch\u00e4rft Abarth seine Produktpalette. Ein neuer Motor und ein eigens entwickelter Garret-Turbolader bringen jetzt 165 PS auf die Stra\u00dfe.  Der Turbolader mit seinem von 9,8:1 auf 9:1 reduzierten Verdichtungsverh\u00e4ltnis optimiert die Temperatur im Brennraum bei gleichem Druck und erm\u00f6glicht so das Erreichen eines Spitzendrehmoments von 230 Nm bei nun mehr relativ niedrigen 2250 U\/min. Die volle Leistung liegt bei maximaler Drehzahl an und Abarth verspricht vom neuen Drehmomentverlauf Vorteile in Bezug auf die Vollgasfestigkeit. <\/p>\n","protected":false},"author":1,"featured_media":5477,"comment_status":"closed","ping_status":"closed","sticky":false,"template":"","format":"standard","meta":{"_crdt_document":"","ngg_post_thumbnail":0,"footnotes":""},"categories":[45,23],"tags":[212,385,211],"class_list":["post-5473","post","type-post","status-publish","format-standard","has-post-thumbnail","hentry","category-neues","category-performance","tag-abarth","tag-abarth-595-pista","tag-fiat"],"yoast_head":"<!-- This site is optimized with the Yoast SEO plugin v27.5 - https:\/\/yoast.com\/product\/yoast-seo-wordpress\/ -->\n<title>Abarth 595 Pista<\/title>\n<meta name=\"description\" content=\"Abarth 595 Pista\" \/>\n<meta name=\"robots\" content=\"index, follow, max-snippet:-1, max-image-preview:large, max-video-preview:-1\" \/>\n<link rel=\"canonical\" href=\"https:\/\/www.enzo-und-ferdinand.de\/index.php\/2019\/09\/17\/abarth-595-pista\/\" \/>\n<meta property=\"og:locale\" content=\"de_DE\" \/>\n<meta property=\"og:type\" content=\"article\" \/>\n<meta property=\"og:title\" content=\"Abarth 595 Pista\" \/>\n<meta property=\"og:description\" content=\"Abarth 595 Pista\" \/>\n<meta property=\"og:url\" content=\"https:\/\/www.enzo-und-ferdinand.de\/index.php\/2019\/09\/17\/abarth-595-pista\/\" \/>\n<meta property=\"og:site_name\" content=\"enzo &amp; Ferdinand\" \/>\n<meta property=\"article:published_time\" content=\"2019-09-17T18:20:33+00:00\" \/>\n<meta property=\"article:modified_time\" content=\"2025-12-28T11:07:38+00:00\" \/>\n<meta property=\"og:image\" content=\"https:\/\/www.enzo-und-ferdinand.de\/wp-content\/uploads\/2019\/09\/190911_Abarth_595-Pista_20.jpg\" \/>\n\t<meta property=\"og:image:width\" content=\"1024\" \/>\n\t<meta property=\"og:image:height\" content=\"683\" \/>\n\t<meta property=\"og:image:type\" content=\"image\/jpeg\" \/>\n<meta name=\"author\" content=\"Rainer Ro\u00dfbach\" \/>\n<meta name=\"twitter:card\" content=\"summary_large_image\" \/>\n<meta name=\"twitter:label1\" content=\"Verfasst von\" \/>\n\t<meta name=\"twitter:data1\" content=\"Rainer Ro\u00dfbach\" \/>\n\t<meta name=\"twitter:label2\" content=\"Gesch\u00e4tzte Lesezeit\" \/>\n\t<meta name=\"twitter:data2\" content=\"3\u00a0Minuten\" \/>\n<script type=\"application\/ld+json\" class=\"yoast-schema-graph\">{\"@context\":\"https:\\\/\\\/schema.org\",\"@graph\":[{\"@type\":\"Article\",\"@id\":\"https:\\\/\\\/www.enzo-und-ferdinand.de\\\/index.php\\\/2019\\\/09\\\/17\\\/abarth-595-pista\\\/#article\",\"isPartOf\":{\"@id\":\"https:\\\/\\\/www.enzo-und-ferdinand.de\\\/index.php\\\/2019\\\/09\\\/17\\\/abarth-595-pista\\\/\"},\"author\":{\"name\":\"Rainer Ro\u00dfbach\",\"@id\":\"https:\\\/\\\/www.enzo-und-ferdinand.de\\\/#\\\/schema\\\/person\\\/aff2eb9ff87705987c1b9d21fe10b095\"},\"headline\":\"Abarth 595 Pista\",\"datePublished\":\"2019-09-17T18:20:33+00:00\",\"dateModified\":\"2025-12-28T11:07:38+00:00\",\"mainEntityOfPage\":{\"@id\":\"https:\\\/\\\/www.enzo-und-ferdinand.de\\\/index.php\\\/2019\\\/09\\\/17\\\/abarth-595-pista\\\/\"},\"wordCount\":362,\"publisher\":{\"@id\":\"https:\\\/\\\/www.enzo-und-ferdinand.de\\\/#organization\"},\"image\":{\"@id\":\"https:\\\/\\\/www.enzo-und-ferdinand.de\\\/index.php\\\/2019\\\/09\\\/17\\\/abarth-595-pista\\\/#primaryimage\"},\"thumbnailUrl\":\"https:\\\/\\\/www.enzo-und-ferdinand.de\\\/wp-content\\\/uploads\\\/2019\\\/09\\\/190911_Abarth_595-Pista_20.jpg\",\"keywords\":[\"Abarth\",\"Abarth 595 Pista\",\"Fiat\"],\"articleSection\":[\"Neues\",\"Performance\"],\"inLanguage\":\"de\"},{\"@type\":\"WebPage\",\"@id\":\"https:\\\/\\\/www.enzo-und-ferdinand.de\\\/index.php\\\/2019\\\/09\\\/17\\\/abarth-595-pista\\\/\",\"url\":\"https:\\\/\\\/www.enzo-und-ferdinand.de\\\/index.php\\\/2019\\\/09\\\/17\\\/abarth-595-pista\\\/\",\"name\":\"Abarth 595 Pista\",\"isPartOf\":{\"@id\":\"https:\\\/\\\/www.enzo-und-ferdinand.de\\\/#website\"},\"primaryImageOfPage\":{\"@id\":\"https:\\\/\\\/www.enzo-und-ferdinand.de\\\/index.php\\\/2019\\\/09\\\/17\\\/abarth-595-pista\\\/#primaryimage\"},\"image\":{\"@id\":\"https:\\\/\\\/www.enzo-und-ferdinand.de\\\/index.php\\\/2019\\\/09\\\/17\\\/abarth-595-pista\\\/#primaryimage\"},\"thumbnailUrl\":\"https:\\\/\\\/www.enzo-und-ferdinand.de\\\/wp-content\\\/uploads\\\/2019\\\/09\\\/190911_Abarth_595-Pista_20.jpg\",\"datePublished\":\"2019-09-17T18:20:33+00:00\",\"dateModified\":\"2025-12-28T11:07:38+00:00\",\"description\":\"Abarth 595 Pista\",\"breadcrumb\":{\"@id\":\"https:\\\/\\\/www.enzo-und-ferdinand.de\\\/index.php\\\/2019\\\/09\\\/17\\\/abarth-595-pista\\\/#breadcrumb\"},\"inLanguage\":\"de\",\"potentialAction\":[{\"@type\":\"ReadAction\",\"target\":[\"https:\\\/\\\/www.enzo-und-ferdinand.de\\\/index.php\\\/2019\\\/09\\\/17\\\/abarth-595-pista\\\/\"]}]},{\"@type\":\"ImageObject\",\"inLanguage\":\"de\",\"@id\":\"https:\\\/\\\/www.enzo-und-ferdinand.de\\\/index.php\\\/2019\\\/09\\\/17\\\/abarth-595-pista\\\/#primaryimage\",\"url\":\"https:\\\/\\\/www.enzo-und-ferdinand.de\\\/wp-content\\\/uploads\\\/2019\\\/09\\\/190911_Abarth_595-Pista_20.jpg\",\"contentUrl\":\"https:\\\/\\\/www.enzo-und-ferdinand.de\\\/wp-content\\\/uploads\\\/2019\\\/09\\\/190911_Abarth_595-Pista_20.jpg\",\"width\":1024,\"height\":683,\"caption\":\"Abarth 595 Pista\"},{\"@type\":\"BreadcrumbList\",\"@id\":\"https:\\\/\\\/www.enzo-und-ferdinand.de\\\/index.php\\\/2019\\\/09\\\/17\\\/abarth-595-pista\\\/#breadcrumb\",\"itemListElement\":[{\"@type\":\"ListItem\",\"position\":1,\"name\":\"Startseite\",\"item\":\"https:\\\/\\\/www.enzo-und-ferdinand.de\\\/\"},{\"@type\":\"ListItem\",\"position\":2,\"name\":\"Abarth 595 Pista\"}]},{\"@type\":\"WebSite\",\"@id\":\"https:\\\/\\\/www.enzo-und-ferdinand.de\\\/#website\",\"url\":\"https:\\\/\\\/www.enzo-und-ferdinand.de\\\/\",\"name\":\"enzo & Ferdinand\",\"description\":\"\",\"publisher\":{\"@id\":\"https:\\\/\\\/www.enzo-und-ferdinand.de\\\/#organization\"},\"potentialAction\":[{\"@type\":\"SearchAction\",\"target\":{\"@type\":\"EntryPoint\",\"urlTemplate\":\"https:\\\/\\\/www.enzo-und-ferdinand.de\\\/?s={search_term_string}\"},\"query-input\":{\"@type\":\"PropertyValueSpecification\",\"valueRequired\":true,\"valueName\":\"search_term_string\"}}],\"inLanguage\":\"de\"},{\"@type\":\"Organization\",\"@id\":\"https:\\\/\\\/www.enzo-und-ferdinand.de\\\/#organization\",\"name\":\"enzo & Ferdinand\",\"url\":\"https:\\\/\\\/www.enzo-und-ferdinand.de\\\/\",\"logo\":{\"@type\":\"ImageObject\",\"inLanguage\":\"de\",\"@id\":\"https:\\\/\\\/www.enzo-und-ferdinand.de\\\/#\\\/schema\\\/logo\\\/image\\\/\",\"url\":\"https:\\\/\\\/www.enzo-und-ferdinand.de\\\/wp-content\\\/uploads\\\/2018\\\/12\\\/revvvs-icon.png\",\"contentUrl\":\"https:\\\/\\\/www.enzo-und-ferdinand.de\\\/wp-content\\\/uploads\\\/2018\\\/12\\\/revvvs-icon.png\",\"width\":512,\"height\":512,\"caption\":\"enzo & Ferdinand\"},\"image\":{\"@id\":\"https:\\\/\\\/www.enzo-und-ferdinand.de\\\/#\\\/schema\\\/logo\\\/image\\\/\"}},{\"@type\":\"Person\",\"@id\":\"https:\\\/\\\/www.enzo-und-ferdinand.de\\\/#\\\/schema\\\/person\\\/aff2eb9ff87705987c1b9d21fe10b095\",\"name\":\"Rainer Ro\u00dfbach\",\"image\":{\"@type\":\"ImageObject\",\"inLanguage\":\"de\",\"@id\":\"https:\\\/\\\/www.enzo-und-ferdinand.de\\\/wp-content\\\/uploads\\\/2026\\\/01\\\/Rainer-Rossbach-150x150.jpg\",\"url\":\"https:\\\/\\\/www.enzo-und-ferdinand.de\\\/wp-content\\\/uploads\\\/2026\\\/01\\\/Rainer-Rossbach-150x150.jpg\",\"contentUrl\":\"https:\\\/\\\/www.enzo-und-ferdinand.de\\\/wp-content\\\/uploads\\\/2026\\\/01\\\/Rainer-Rossbach-150x150.jpg\",\"caption\":\"Rainer Ro\u00dfbach\"},\"url\":\"https:\\\/\\\/www.enzo-und-ferdinand.de\\\/index.php\\\/author\\\/redaktion\\\/\"}]}<\/script>\n<!-- \/ Yoast SEO plugin. -->","yoast_head_json":{"title":"Abarth 595 Pista","description":"Abarth 595 Pista","robots":{"index":"index","follow":"follow","max-snippet":"max-snippet:-1","max-image-preview":"max-image-preview:large","max-video-preview":"max-video-preview:-1"},"canonical":"https:\/\/www.enzo-und-ferdinand.de\/index.php\/2019\/09\/17\/abarth-595-pista\/","og_locale":"de_DE","og_type":"article","og_title":"Abarth 595 Pista","og_description":"Abarth 595 Pista","og_url":"https:\/\/www.enzo-und-ferdinand.de\/index.php\/2019\/09\/17\/abarth-595-pista\/","og_site_name":"enzo &amp; Ferdinand","article_published_time":"2019-09-17T18:20:33+00:00","article_modified_time":"2025-12-28T11:07:38+00:00","og_image":[{"width":1024,"height":683,"url":"https:\/\/www.enzo-und-ferdinand.de\/wp-content\/uploads\/2019\/09\/190911_Abarth_595-Pista_20.jpg","type":"image\/jpeg"}],"author":"Rainer Ro\u00dfbach","twitter_card":"summary_large_image","twitter_misc":{"Verfasst von":"Rainer Ro\u00dfbach","Gesch\u00e4tzte Lesezeit":"3\u00a0Minuten"},"schema":{"@context":"https:\/\/schema.org","@graph":[{"@type":"Article","@id":"https:\/\/www.enzo-und-ferdinand.de\/index.php\/2019\/09\/17\/abarth-595-pista\/#article","isPartOf":{"@id":"https:\/\/www.enzo-und-ferdinand.de\/index.php\/2019\/09\/17\/abarth-595-pista\/"},"author":{"name":"Rainer Ro\u00dfbach","@id":"https:\/\/www.enzo-und-ferdinand.de\/#\/schema\/person\/aff2eb9ff87705987c1b9d21fe10b095"},"headline":"Abarth 595 Pista","datePublished":"2019-09-17T18:20:33+00:00","dateModified":"2025-12-28T11:07:38+00:00","mainEntityOfPage":{"@id":"https:\/\/www.enzo-und-ferdinand.de\/index.php\/2019\/09\/17\/abarth-595-pista\/"},"wordCount":362,"publisher":{"@id":"https:\/\/www.enzo-und-ferdinand.de\/#organization"},"image":{"@id":"https:\/\/www.enzo-und-ferdinand.de\/index.php\/2019\/09\/17\/abarth-595-pista\/#primaryimage"},"thumbnailUrl":"https:\/\/www.enzo-und-ferdinand.de\/wp-content\/uploads\/2019\/09\/190911_Abarth_595-Pista_20.jpg","keywords":["Abarth","Abarth 595 Pista","Fiat"],"articleSection":["Neues","Performance"],"inLanguage":"de"},{"@type":"WebPage","@id":"https:\/\/www.enzo-und-ferdinand.de\/index.php\/2019\/09\/17\/abarth-595-pista\/","url":"https:\/\/www.enzo-und-ferdinand.de\/index.php\/2019\/09\/17\/abarth-595-pista\/","name":"Abarth 595 Pista","isPartOf":{"@id":"https:\/\/www.enzo-und-ferdinand.de\/#website"},"primaryImageOfPage":{"@id":"https:\/\/www.enzo-und-ferdinand.de\/index.php\/2019\/09\/17\/abarth-595-pista\/#primaryimage"},"image":{"@id":"https:\/\/www.enzo-und-ferdinand.de\/index.php\/2019\/09\/17\/abarth-595-pista\/#primaryimage"},"thumbnailUrl":"https:\/\/www.enzo-und-ferdinand.de\/wp-content\/uploads\/2019\/09\/190911_Abarth_595-Pista_20.jpg","datePublished":"2019-09-17T18:20:33+00:00","dateModified":"2025-12-28T11:07:38+00:00","description":"Abarth 595 Pista","breadcrumb":{"@id":"https:\/\/www.enzo-und-ferdinand.de\/index.php\/2019\/09\/17\/abarth-595-pista\/#breadcrumb"},"inLanguage":"de","potentialAction":[{"@type":"ReadAction","target":["https:\/\/www.enzo-und-ferdinand.de\/index.php\/2019\/09\/17\/abarth-595-pista\/"]}]},{"@type":"ImageObject","inLanguage":"de","@id":"https:\/\/www.enzo-und-ferdinand.de\/index.php\/2019\/09\/17\/abarth-595-pista\/#primaryimage","url":"https:\/\/www.enzo-und-ferdinand.de\/wp-content\/uploads\/2019\/09\/190911_Abarth_595-Pista_20.jpg","contentUrl":"https:\/\/www.enzo-und-ferdinand.de\/wp-content\/uploads\/2019\/09\/190911_Abarth_595-Pista_20.jpg","width":1024,"height":683,"caption":"Abarth 595 Pista"},{"@type":"BreadcrumbList","@id":"https:\/\/www.enzo-und-ferdinand.de\/index.php\/2019\/09\/17\/abarth-595-pista\/#breadcrumb","itemListElement":[{"@type":"ListItem","position":1,"name":"Startseite","item":"https:\/\/www.enzo-und-ferdinand.de\/"},{"@type":"ListItem","position":2,"name":"Abarth 595 Pista"}]},{"@type":"WebSite","@id":"https:\/\/www.enzo-und-ferdinand.de\/#website","url":"https:\/\/www.enzo-und-ferdinand.de\/","name":"enzo & Ferdinand","description":"","publisher":{"@id":"https:\/\/www.enzo-und-ferdinand.de\/#organization"},"potentialAction":[{"@type":"SearchAction","target":{"@type":"EntryPoint","urlTemplate":"https:\/\/www.enzo-und-ferdinand.de\/?s={search_term_string}"},"query-input":{"@type":"PropertyValueSpecification","valueRequired":true,"valueName":"search_term_string"}}],"inLanguage":"de"},{"@type":"Organization","@id":"https:\/\/www.enzo-und-ferdinand.de\/#organization","name":"enzo & Ferdinand","url":"https:\/\/www.enzo-und-ferdinand.de\/","logo":{"@type":"ImageObject","inLanguage":"de","@id":"https:\/\/www.enzo-und-ferdinand.de\/#\/schema\/logo\/image\/","url":"https:\/\/www.enzo-und-ferdinand.de\/wp-content\/uploads\/2018\/12\/revvvs-icon.png","contentUrl":"https:\/\/www.enzo-und-ferdinand.de\/wp-content\/uploads\/2018\/12\/revvvs-icon.png","width":512,"height":512,"caption":"enzo & Ferdinand"},"image":{"@id":"https:\/\/www.enzo-und-ferdinand.de\/#\/schema\/logo\/image\/"}},{"@type":"Person","@id":"https:\/\/www.enzo-und-ferdinand.de\/#\/schema\/person\/aff2eb9ff87705987c1b9d21fe10b095","name":"Rainer Ro\u00dfbach","image":{"@type":"ImageObject","inLanguage":"de","@id":"https:\/\/www.enzo-und-ferdinand.de\/wp-content\/uploads\/2026\/01\/Rainer-Rossbach-150x150.jpg","url":"https:\/\/www.enzo-und-ferdinand.de\/wp-content\/uploads\/2026\/01\/Rainer-Rossbach-150x150.jpg","contentUrl":"https:\/\/www.enzo-und-ferdinand.de\/wp-content\/uploads\/2026\/01\/Rainer-Rossbach-150x150.jpg","caption":"Rainer Ro\u00dfbach"},"url":"https:\/\/www.enzo-und-ferdinand.de\/index.php\/author\/redaktion\/"}]}},"_links":{"self":[{"href":"https:\/\/www.enzo-und-ferdinand.de\/index.php\/wp-json\/wp\/v2\/posts\/5473","targetHints":{"allow":["GET"]}}],"collection":[{"href":"https:\/\/www.enzo-und-ferdinand.de\/index.php\/wp-json\/wp\/v2\/posts"}],"about":[{"href":"https:\/\/www.enzo-und-ferdinand.de\/index.php\/wp-json\/wp\/v2\/types\/post"}],"author":[{"embeddable":true,"href":"https:\/\/www.enzo-und-ferdinand.de\/index.php\/wp-json\/wp\/v2\/users\/1"}],"replies":[{"embeddable":true,"href":"https:\/\/www.enzo-und-ferdinand.de\/index.php\/wp-json\/wp\/v2\/comments?post=5473"}],"version-history":[{"count":17,"href":"https:\/\/www.enzo-und-ferdinand.de\/index.php\/wp-json\/wp\/v2\/posts\/5473\/revisions"}],"predecessor-version":[{"id":5495,"href":"https:\/\/www.enzo-und-ferdinand.de\/index.php\/wp-json\/wp\/v2\/posts\/5473\/revisions\/5495"}],"wp:featuredmedia":[{"embeddable":true,"href":"https:\/\/www.enzo-und-ferdinand.de\/index.php\/wp-json\/wp\/v2\/media\/5477"}],"wp:attachment":[{"href":"https:\/\/www.enzo-und-ferdinand.de\/index.php\/wp-json\/wp\/v2\/media?parent=5473"}],"wp:term":[{"taxonomy":"category","embeddable":true,"href":"https:\/\/www.enzo-und-ferdinand.de\/index.php\/wp-json\/wp\/v2\/categories?post=5473"},{"taxonomy":"post_tag","embeddable":true,"href":"https:\/\/www.enzo-und-ferdinand.de\/index.php\/wp-json\/wp\/v2\/tags?post=5473"}],"curies":[{"name":"wp","href":"https:\/\/api.w.org\/{rel}","templated":true}]}}